{"id":11385,"date":"2019-02-07T00:01:28","date_gmt":"2019-02-07T00:01:28","guid":{"rendered":"https:\/\/www.humanium.org\/de\/?p=11385"},"modified":"2019-02-06T18:37:49","modified_gmt":"2019-02-06T18:37:49","slug":"internationaler-tag-der-bildung","status":"publish","type":"post","link":"https:\/\/www.humanium.org\/de\/internationaler-tag-der-bildung\/","title":{"rendered":"Internationaler Tag der Bildung"},"content":{"rendered":"<p><strong>Am 24. Januar 2019 kam die Welt erstmals zusammen, um Bildung zu feiern. Bildung bedeutet f\u00fcr die Meisten, zur Schule zu gehen und Unterricht in verschiedenen F\u00e4chern zu erhalten. Betrachten wir einmal Bildung.<\/strong><\/p>\n<p>&nbsp;<\/p>\n<h2>Ohne Bildung gibt es keine Zukunft f\u00fcr Kinder<\/h2>\n<p>F\u00fcr den Jungen, der in einem Land mit niedrigen L\u00f6hnen aufw\u00e4chst, bedeutet Bildung Unabh\u00e4ngigkeit. Indem ihm erm\u00f6glicht wird, seine F\u00e4higkeiten, Talente und seine Pers\u00f6nlichkeit zu entwickeln und &#8211; am Wichtigsten &#8211; ihn diesbez\u00fcglich zu sensibilisieren, erm\u00f6glicht ihm Bildung aus den Klauen der Kinderarbeit zu entkommen und schafft das Vertrauen und das R\u00fcstzeug, das er braucht, um gesellschaftlich aufzusteigen und sich in einem Beruf zu entwickeln, der seinen Talenten entspricht. F\u00fcr das M\u00e4dchen, das in einem gewaltt\u00e4tigen Umfeld aufw\u00e4chst, bedeutet Bildung Freiheit. Die Schule bietet ihr eine andere Erziehung, wo Gewalt verurteilt wird und wo sie lernen wird, durchdachte und rationale Entscheidungen zu treffen, Konfliktsituationen zu verstehen und sich als soziales Wesen zu entwickeln. In den Augen der Gesellschaft bedeutet Bildung Entwicklung. Gebildete Menschen sind die Zukunft von morgen. Mit ihrem Wissen und F\u00e4higkeiten k\u00f6nnen sie die Gesellschaft als Ganzes st\u00e4rken, indem sie das Wirtschaftswachstum beeinflussen und solidarische Institutionen entwickeln. Ende 2018 bedeutet \u201eBildung\u201c jedoch zu oft auch \u201eHerausforderung\u201c.<\/p>\n<p>&nbsp;<\/p>\n<h2>Einige Fortschritte beim Recht auf Bildung in 2018<\/h2>\n<p><img loading=\"lazy\" decoding=\"async\" class=\"alignleft size-medium wp-image-11384\" src=\"https:\/\/www.humanium.org\/de\/wp-content\/uploads\/2019\/02\/IMG_4659-e1549477853477-225x300.jpg\" alt=\"\" width=\"225\" height=\"300\" srcset=\"https:\/\/www.humanium.org\/de\/wp-content\/uploads\/2019\/02\/IMG_4659-e1549477853477-225x300.jpg 225w, https:\/\/www.humanium.org\/de\/wp-content\/uploads\/2019\/02\/IMG_4659-e1549477853477-768x1024.jpg 768w, https:\/\/www.humanium.org\/de\/wp-content\/uploads\/2019\/02\/IMG_4659-e1549477853477-830x1107.jpg 830w, https:\/\/www.humanium.org\/de\/wp-content\/uploads\/2019\/02\/IMG_4659-e1549477853477-230x307.jpg 230w, https:\/\/www.humanium.org\/de\/wp-content\/uploads\/2019\/02\/IMG_4659-e1549477853477-350x467.jpg 350w, https:\/\/www.humanium.org\/de\/wp-content\/uploads\/2019\/02\/IMG_4659-e1549477853477-480x640.jpg 480w\" sizes=\"auto, (max-width: 225px) 100vw, 225px\" \/>Das Jahr 2018 war bez\u00fcglich der Bildung ein ereignisreiches Jahr. Es wurden gro\u00dfe Meilensteine und Fortschritte erzielt. W\u00e4hrend des gesamten Jahres haben wir mit dem Beispiel der tansanischen M\u00e4dchen Bev\u00f6lkerungsgruppen beobachtet, die, unterst\u00fctzt durch ihre Gemeinschaft in dem Bem\u00fchen aufstehen, ihr Grundrecht auf Bildung einzufordern (UNESCO, 2018). Wir haben auch L\u00e4nder und Organisationen gesehen, die zusammenkamen, um einen Aktionsplan zu entwickeln (Sustainable Development Goal 4 Plan), um \u201eumfassende und gerechte, qualitativ hochwertige Bildung\u201c zu f\u00f6rdern und den Fortschritt innerhalb der L\u00e4nder zu \u00fcberwachen (SDG Compass, 2018). Einige wichtige Fragen wurden ebenfalls angesprochen, wie das Recht auf Bildung f\u00fcr Fl\u00fcchtlinge und nicht erfasste Migranten oder die Wichtigkeit der Verantwortlichkeit beim Schutz des Rechts auf Bildung, wie in Brasilien und Kenia angesprochen (UNESCO, 2018, GEM Report UNESCO, 2018).<\/p>\n<p>Diese positiven Ergebnisse werden oft von der Realit\u00e4t der Ereignisse \u00fcberschattet.<\/p>\n<p>&nbsp;<\/p>\n<h2>&#8230; doch: Anfang 2019 sind noch immer eine Milliarde Menschen von Bildung ausgeschlossen.<\/h2>\n<p>Tats\u00e4chlich k\u00f6nnen Anfang 2019 noch fast eine Milliarde Menschen weltweit nicht von ihrem Recht auf Bildung profitieren (K.B. Barry, 2018). Bez\u00fcglich des Zugangs zu Bildung besteht nach wie vor grosse Ungleichheit. Frauen und Kleinkinder sind die ersten, die davon betroffen sind. Ein enormer Unterschied bez\u00fcglich der Quantit\u00e4t und Qualit\u00e4t der Bildung bleibt weltweit bestehen. Nur 1 von 3 Kindern beendet in L\u00e4ndern mit mittlerem und niedrigem Einkommen die Sekund\u00e4rschule (World Bank Group, 2018). In den \u00e4rmsten L\u00e4ndern verf\u00fcgt weniger als 1 von 5 Grundschulkindern \u00fcber Rechen- und Schreibkompetenzen (World Bank Group, 2018). Die Frage der Bildungsqualit\u00e4t ist ein Problem, das ins Jahr 2019 \u00fcbergeht, wo Lehrer unzureichend ausgebildet sind und ihnen wesentliche Supervision und Unterst\u00fctzung fehlt. In Uganda allein kommen 60% der Lehrer durch fehlende Ressourcen nicht mehr zur Schule.<\/p>\n<p>&nbsp;<\/p>\n<h2>Meilensteine f\u00fcr 2019, damit das Recht auf Bildung Realit\u00e4t wird<\/h2>\n<p>Wenn ich an 2019 denke, denke ich an Hoffnung und Fortschritt und ich w\u00fcnsche mir eine Welt, in der jeder Mensch sich des Rechts auf Bildung seiner Mitmenschen bewusst ist und in vollem Umfang davon profitieren kann. Nur durch ein schrittweises, in sich geschlossenes Arbeiten kann dieses Ziel erreicht werden.<br \/>\nDieser internationale Tag der Bildung ist die perfekte M\u00f6glichkeit, uns an die Meilensteine zu erinnern, die wir erreichen m\u00fcssen oder denen wir uns im neuen Jahr ann\u00e4hern m\u00fcssen.<\/p>\n<p>&nbsp;<\/p>\n<h3>Zugang zu Schulen<\/h3>\n<ul>\n<li>Es muss an Kooperationen mit lokalen Gebieten gearbeitet werden, um ad\u00e4quate Schulen aufbauen zu k\u00f6nnen.<\/li>\n<li>Eine umfassende Sensibilisierung bez\u00fcglich des Rechts auf Bildung jedes Einzelnen muss sichergestellt sein. (Sie muss auf Kinder und Erwachsene abzielen.)<\/li>\n<li>Es m\u00fcssen Anstrengungen zur Erstellung von Daten und Indikatoren unternommen werden, um die Gerechtigkeit bei der Bildung zu \u00fcberwachen.<\/li>\n<\/ul>\n<p>&nbsp;<\/p>\n<h3>Sch\u00fcler in der Schule halten<\/h3>\n<ul>\n<li>Neue Ressourcen und Technologien m\u00fcssen implementiert werden, um Lehrer zu unterst\u00fctzen. Die Nutzung von Technologien in der Bildung kann eine wesentliche Rolle zu innovativen Formen des Lernens und zus\u00e4tzliche Unterst\u00fctzung f\u00fcr Lehrer und Sch\u00fcler spielen, wodurch der Lernprozess vereinfacht und f\u00fcr alle zur angenehmen Erfahrung wird.<\/li>\n<li>Ad\u00e4quate Schulungen und Fortbildungen m\u00fcssen zur Vorbereitung von Lehrern entwickelt werden.<\/li>\n<li>Innerhalb von Schulen m\u00fcssen Supervisions-, Beratungs- und Assistenzpl\u00e4ne erstellt werden.<\/li>\n<\/ul>\n<p>&nbsp;<\/p>\n<h3>F\u00f6rderung von Bildung<\/h3>\n<ul>\n<li>als Ausweg aus illegalen Aktivit\u00e4ten, die gegen individuelle Rechte versto\u00dfen (Zwangsarbeit, Menschenhandel, Prostitution, Kindersoldaten, Zwangsehe\/arrangierte Ehe)<\/li>\n<li>als wirtschaftlicher Vorteil<\/li>\n<li>als psychologische, physische und p\u00e4dagogische Entwicklung des Einzelnen<\/li>\n<li>als Mittel zur sozialen Integration<\/li>\n<\/ul>\n<p>&nbsp;<\/p>\n<p><img loading=\"lazy\" decoding=\"async\" class=\"aligncenter wp-image-11383 size-full\" src=\"https:\/\/www.humanium.org\/de\/wp-content\/uploads\/2019\/02\/IMG_4402.jpg\" alt=\"\" width=\"3264\" height=\"2448\" srcset=\"https:\/\/www.humanium.org\/de\/wp-content\/uploads\/2019\/02\/IMG_4402.jpg 3264w, https:\/\/www.humanium.org\/de\/wp-content\/uploads\/2019\/02\/IMG_4402-300x225.jpg 300w, https:\/\/www.humanium.org\/de\/wp-content\/uploads\/2019\/02\/IMG_4402-768x576.jpg 768w, https:\/\/www.humanium.org\/de\/wp-content\/uploads\/2019\/02\/IMG_4402-1024x768.jpg 1024w, https:\/\/www.humanium.org\/de\/wp-content\/uploads\/2019\/02\/IMG_4402-830x623.jpg 830w, https:\/\/www.humanium.org\/de\/wp-content\/uploads\/2019\/02\/IMG_4402-230x173.jpg 230w, https:\/\/www.humanium.org\/de\/wp-content\/uploads\/2019\/02\/IMG_4402-350x263.jpg 350w, https:\/\/www.humanium.org\/de\/wp-content\/uploads\/2019\/02\/IMG_4402-480x360.jpg 480w\" sizes=\"auto, (max-width: 3264px) 100vw, 3264px\" \/><\/p>\n<p>&nbsp;<\/p>\n<h2>Das Programm von Humanium in 2019: durch Bildung Kinderarbeit beenden<\/h2>\n<p>Bei Humanium haben wir uns verpflichtet, zum Erfolgt dieser Resolutionen beizutragen. Dazu starten wir im Juni 2019 ein neues Projekt, das auch das Ziel hat, Kinderarbeit durch Bildung zu beenden. Sein Hauptziel ist es, Kinderarbeitern eine auf sie abgestimmte p\u00e4dagogische, physische, geistige und emotionale Unterst\u00fctzung zu bieten, um diese Kinder letztlich \u00fcber ein Spezialschulungszentrum in \u00f6ffentliche Schulen zu reintegrieren. Die Zentren erm\u00f6glichen den Wiederaufbau von sozialen Bindungen und streben eine Verringerung der psychologischen, intellektuellen und physiologischen Entwicklungsverz\u00f6gerungen an.<\/p>\n<p>Spezifisch entwickelte Strategien und spezielle Unterrichtsmaterialien werden verwendet, um dieses Ziel zu erreichen. Die Zentren bieten ein sicheres, gesundes und angenehmes Umfeld f\u00fcr eine erste Beobachtung, nach der das Kind in den Lernprozess einsteigt. Dabei wird sein Potenzial beurteilt, um ihm individuell abgestimmte Unterrichtsmethoden in Verbindung mit wichtiger Unterst\u00fctzung bez\u00fcglich seiner emotionalen Notlage zu bieten.<\/p>\n<p>&nbsp;<\/p>\n<h2>12,9 Millionen indische Kinder werden zur Arbeit gezwungen<\/h2>\n<p>Unser Projekt wird in Madhya Pradesh in Indien entwickelt, einem Gebiet, in dem wir im letzten Jahrzehnt gearbeitet haben. Indien hat mit 600 Millionen Jugendlichen die weltweit gr\u00f6\u00dfte jugendliche Bev\u00f6lkerung. Ihre Situation bez\u00fcglich der Bildung und Kinderarbeit ist jedoch als kritisch zu bezeichnen. Mit ca. 12,9 Millionen indischen Kindern im Alter von 7 bis 17 Jahren, die Kinderarbeit leisten, nimmt Indien unter den s\u00fcdostasiatischen L\u00e4ndern mit den meisten Kinderarbeitern (International Labour Organisation, 2018) den 5. Platz ein. Au\u00dferdem sind \u201emehr als 27% der Kinder des Landes von Bildung, Besch\u00e4ftigung oder Schulung ausgeschlossen\u201c (S.Trines, 2018). Dadurch leiden die Kinder unter ernsten Entwicklungsverz\u00f6gerungen verbunden mit Traumata, was sich oft durch ein st\u00e4ndiges Gef\u00fchl der Unsicherheit bemerkbar macht.<\/p>\n<p>&nbsp;<\/p>\n<h2>Rehabilitationszentren von Humanium bringen Kinder zur\u00fcck in die Schule<\/h2>\n<p>Deshalb glauben wir fest daran, dass die Schaffung dieses Zentrum Kindern erm\u00f6glicht, diese Schwierigkeiten zu \u00fcberwinden, indem wir ein System entwickeln, das an ihren Bed\u00fcrfnissen ausgerichtet ist und einen einfacheren \u00dcbergang und eine einfachere Reintegration in ein traditionelleres System in der Zukunft erm\u00f6glicht. Ermutigende Ergebnisse aus den bestehenden 12 Rehabilitationszentren, die in Indien ge\u00f6ffnet wurden, motivieren dieses Projekt. Tats\u00e4chlich wurden 100% der Kinder nach 18 bis 24 Monaten in einem solchen Zentrum in \u00f6ffentliche Schulen reintegriert und bis zu 90% beendeten die Sekund\u00e4rschule, wodurch ihnen weitere Bildungsm\u00f6glichkeiten zur Verf\u00fcgung stehen. Zus\u00e4tzlich bietet unser Partner \u201eHand in Hand India\u201c nach der Reintegration bei Problemen Beratung und Supervision an.<\/p>\n<p>Bei Humanium sind wir bestrebt, die Rechte jedes Kindes weltweit zu wahren und wir hoffen, dieses Projekt entwickeln zu k\u00f6nnen. Deshalb hoffen wir, dass Sie diese Kurzbeschreibung des Projekts inspirieren und \u00fcberzeugen wird, mit uns daran zu arbeiten, im Jahr 2019 alle Kinderrechte Realit\u00e4t werden zu lassen.<\/p>\n<p>&nbsp;<\/p>\n<p>Spenden Sie hier:\u00a0<a href=\"https:\/\/www.humanium.org\/de\/spenden\/\" target=\"_blank\" rel=\"noopener\">https:\/\/www.humanium.org\/de\/spenden\/<\/a><\/p>\n<p>&nbsp;<\/p>\n<p>&nbsp;<\/p>\n<p><em>Geschrieben von: Maureen Fauconnier<\/em><\/p>\n<p><em>\u00dcbersetzt von: Katrin Glatzer<\/em><\/p>\n<p>&nbsp;<\/p>\n<p>&nbsp;<\/p>\n<p>Literaturhinweise:<\/p>\n<p>UNESCO, \u201cCommunity members stand together for girls\u2019 right to education in Tanzania\u201d, [Online]\u00a02018, https:\/\/en.unesco.org\/news\/community-members-stand-together-girls-right-education-tanzania<\/p>\n<p>SDG Compass, \u201cSDG 4: Ensure inclusive and equitable quality education and promote lifelong learning opportunities for all\u201d, [Online]\u00a02018, https:\/\/sdgcompass.org\/sdgs\/sdg-4\/<\/p>\n<p>UNESCO, \u201cFulfilling the right to education for refugees and undocumented migrants\u201d, [Online]\u00a02018, https:\/\/en.unesco.org\/news\/fulfilling-right-education-refugees-and-undocumented-migrants<\/p>\n<p>UNESCO, \u201cUsing the judiciary system to enforce the right to education in Brazil\u201d, \u00a0[Online]\u00a02018, https:\/\/en.unesco.org\/news\/using-judiciary-system-enforce-right-education-brazil<\/p>\n<p>GEM Report UNESCO, \u201cUsing international accountability mechanisms: A test case for private education in Kenya\u201d, [Online]\u00a02018 https:\/\/gemreportunesco.wordpress.com\/2018\/05\/15\/using-international-accountability-mechanisms-a-test-case-for-private-education-in-kenya\/<\/p>\n<p>K.B. Barry, \u201c7 questions for the UN Special Rapporteur on the right to education\u201d [Online]\u00a02018 https:\/\/en.unesco.org\/news\/7-questions-special-rapporteur-right-education<\/p>\n<p>World Bank Group, \u201cLearning to realize education\u2019s promise\u201d, World Development Report, [Online]\u00a02018, http:\/\/www.worldbank.org\/en\/publication\/wdr2018<\/p>\n<p>International Labour Organisation, \u201cGlobal Estimates of Modern Slavery: Forced Labour and Forced Marriage\u201d [Online]\u00a02018, http:\/\/www.ilo.org\/global\/publications\/books\/WCMS_575479\/lang&#8211;en\/index.htm<\/p>\n<p>S.Trines, \u201cEducation in India\u201d, World Education News and Reviews, [Online]\u00a02018, https:\/\/wenr.wes.org\/2018\/09\/education-in-india<\/p>\n","protected":false},"excerpt":{"rendered":"<p>Am 24. Januar 2019 kam die Welt erstmals zusammen, um Bildung zu feiern. Bildung bedeutet f\u00fcr die Meisten, zur Schule zu gehen und Unterricht in verschiedenen F\u00e4chern zu erhalten. Betrachten wir einmal Bildung. &nbsp; Ohne Bildung gibt es keine Zukunft f\u00fcr Kinder F\u00fcr den Jungen, der in einem Land mit niedrigen L\u00f6hnen aufw\u00e4chst, bedeutet Bildung [&hellip;]<\/p>\n","protected":false},"author":1,"featured_media":11382,"comment_status":"closed","ping_status":"closed","sticky":false,"template":"","format":"standard","meta":{"footnotes":""},"categories":[13,163],"tags":[],"class_list":["post-11385","post","type-post","status-publish","format-standard","has-post-thumbnail","hentry","category-bildung","category-kinderrechte"],"yoast_head":"<!-- This site is optimized with the Yoast SEO plugin v26.5 - https:\/\/yoast.com\/wordpress\/plugins\/seo\/ -->\n<title>Internationaler Tag der Bildung - Humanium<\/title>\n<meta name=\"description\" content=\"Am 24. Januar 2019 kam die Welt erstmals zusammen, um Bildung zu feiern.\" \/>\n<meta name=\"robots\" content=\"index, follow, max-snippet:-1, max-image-preview:large, max-video-preview:-1\" \/>\n<link rel=\"canonical\" href=\"https:\/\/www.humanium.org\/de\/internationaler-tag-der-bildung\/\" \/>\n<meta property=\"og:locale\" content=\"de_DE\" \/>\n<meta property=\"og:type\" content=\"article\" \/>\n<meta property=\"og:title\" content=\"Internationaler Tag der Bildung - Humanium\" \/>\n<meta property=\"og:description\" content=\"Am 24. Januar 2019 kam die Welt erstmals zusammen, um Bildung zu feiern.\" \/>\n<meta property=\"og:url\" content=\"https:\/\/www.humanium.org\/de\/internationaler-tag-der-bildung\/\" \/>\n<meta property=\"og:site_name\" content=\"Humanium\" \/>\n<meta property=\"article:published_time\" content=\"2019-02-07T00:01:28+00:00\" \/>\n<meta property=\"og:image\" content=\"https:\/\/www.humanium.org\/de\/wp-content\/uploads\/2019\/02\/IMG_4603.jpg\" \/>\n\t<meta property=\"og:image:width\" content=\"2448\" \/>\n\t<meta property=\"og:image:height\" content=\"2448\" \/>\n\t<meta property=\"og:image:type\" content=\"image\/jpeg\" \/>\n<meta name=\"author\" content=\"Olivier\" \/>\n<meta name=\"twitter:card\" content=\"summary_large_image\" \/>\n<meta name=\"twitter:label1\" content=\"Verfasst von\" \/>\n\t<meta name=\"twitter:data1\" content=\"Olivier\" \/>\n\t<meta name=\"twitter:label2\" content=\"Gesch\u00e4tzte Lesezeit\" \/>\n\t<meta name=\"twitter:data2\" content=\"7\u00a0Minuten\" \/>\n<script type=\"application\/ld+json\" class=\"yoast-schema-graph\">{\"@context\":\"https:\/\/schema.org\",\"@graph\":[{\"@type\":\"WebPage\",\"@id\":\"https:\/\/www.humanium.org\/de\/internationaler-tag-der-bildung\/\",\"url\":\"https:\/\/www.humanium.org\/de\/internationaler-tag-der-bildung\/\",\"name\":\"Internationaler Tag der Bildung - Humanium\",\"isPartOf\":{\"@id\":\"https:\/\/www.humanium.org\/de\/#website\"},\"primaryImageOfPage\":{\"@id\":\"https:\/\/www.humanium.org\/de\/internationaler-tag-der-bildung\/#primaryimage\"},\"image\":{\"@id\":\"https:\/\/www.humanium.org\/de\/internationaler-tag-der-bildung\/#primaryimage\"},\"thumbnailUrl\":\"https:\/\/www.humanium.org\/de\/wp-content\/uploads\/2019\/02\/IMG_4603.jpg\",\"datePublished\":\"2019-02-07T00:01:28+00:00\",\"author\":{\"@id\":\"https:\/\/www.humanium.org\/de\/#\/schema\/person\/69f7dbf111d176ec1840aea9080dee58\"},\"description\":\"Am 24. Januar 2019 kam die Welt erstmals zusammen, um Bildung zu feiern.\",\"breadcrumb\":{\"@id\":\"https:\/\/www.humanium.org\/de\/internationaler-tag-der-bildung\/#breadcrumb\"},\"inLanguage\":\"de\",\"potentialAction\":[{\"@type\":\"ReadAction\",\"target\":[\"https:\/\/www.humanium.org\/de\/internationaler-tag-der-bildung\/\"]}]},{\"@type\":\"ImageObject\",\"inLanguage\":\"de\",\"@id\":\"https:\/\/www.humanium.org\/de\/internationaler-tag-der-bildung\/#primaryimage\",\"url\":\"https:\/\/www.humanium.org\/de\/wp-content\/uploads\/2019\/02\/IMG_4603.jpg\",\"contentUrl\":\"https:\/\/www.humanium.org\/de\/wp-content\/uploads\/2019\/02\/IMG_4603.jpg\",\"width\":2448,\"height\":2448},{\"@type\":\"BreadcrumbList\",\"@id\":\"https:\/\/www.humanium.org\/de\/internationaler-tag-der-bildung\/#breadcrumb\",\"itemListElement\":[{\"@type\":\"ListItem\",\"position\":1,\"name\":\"Home\",\"item\":\"https:\/\/www.humanium.org\/de\/\"},{\"@type\":\"ListItem\",\"position\":2,\"name\":\"Internationaler Tag der Bildung\"}]},{\"@type\":\"WebSite\",\"@id\":\"https:\/\/www.humanium.org\/de\/#website\",\"url\":\"https:\/\/www.humanium.org\/de\/\",\"name\":\"Humanium\",\"description\":\"Kinder zuerst!\",\"potentialAction\":[{\"@type\":\"SearchAction\",\"target\":{\"@type\":\"EntryPoint\",\"urlTemplate\":\"https:\/\/www.humanium.org\/de\/?s={search_term_string}\"},\"query-input\":{\"@type\":\"PropertyValueSpecification\",\"valueRequired\":true,\"valueName\":\"search_term_string\"}}],\"inLanguage\":\"de\"},{\"@type\":\"Person\",\"@id\":\"https:\/\/www.humanium.org\/de\/#\/schema\/person\/69f7dbf111d176ec1840aea9080dee58\",\"name\":\"Olivier\",\"image\":{\"@type\":\"ImageObject\",\"inLanguage\":\"de\",\"@id\":\"https:\/\/www.humanium.org\/de\/#\/schema\/person\/image\/\",\"url\":\"https:\/\/secure.gravatar.com\/avatar\/945a9bb4662b83cabc6e1483b64823d58adf8c47dcbb3a834cd5df54a5f60495?s=96&d=mm&r=g\",\"contentUrl\":\"https:\/\/secure.gravatar.com\/avatar\/945a9bb4662b83cabc6e1483b64823d58adf8c47dcbb3a834cd5df54a5f60495?s=96&d=mm&r=g\",\"caption\":\"Olivier\"},\"url\":\"https:\/\/www.humanium.org\/de\/author\/olivier\/\"}]}<\/script>\n<!-- \/ Yoast SEO plugin. -->","yoast_head_json":{"title":"Internationaler Tag der Bildung - Humanium","description":"Am 24. Januar 2019 kam die Welt erstmals zusammen, um Bildung zu feiern.","robots":{"index":"index","follow":"follow","max-snippet":"max-snippet:-1","max-image-preview":"max-image-preview:large","max-video-preview":"max-video-preview:-1"},"canonical":"https:\/\/www.humanium.org\/de\/internationaler-tag-der-bildung\/","og_locale":"de_DE","og_type":"article","og_title":"Internationaler Tag der Bildung - Humanium","og_description":"Am 24. Januar 2019 kam die Welt erstmals zusammen, um Bildung zu feiern.","og_url":"https:\/\/www.humanium.org\/de\/internationaler-tag-der-bildung\/","og_site_name":"Humanium","article_published_time":"2019-02-07T00:01:28+00:00","og_image":[{"width":2448,"height":2448,"url":"https:\/\/www.humanium.org\/de\/wp-content\/uploads\/2019\/02\/IMG_4603.jpg","type":"image\/jpeg"}],"author":"Olivier","twitter_card":"summary_large_image","twitter_misc":{"Verfasst von":"Olivier","Gesch\u00e4tzte Lesezeit":"7\u00a0Minuten"},"schema":{"@context":"https:\/\/schema.org","@graph":[{"@type":"WebPage","@id":"https:\/\/www.humanium.org\/de\/internationaler-tag-der-bildung\/","url":"https:\/\/www.humanium.org\/de\/internationaler-tag-der-bildung\/","name":"Internationaler Tag der Bildung - Humanium","isPartOf":{"@id":"https:\/\/www.humanium.org\/de\/#website"},"primaryImageOfPage":{"@id":"https:\/\/www.humanium.org\/de\/internationaler-tag-der-bildung\/#primaryimage"},"image":{"@id":"https:\/\/www.humanium.org\/de\/internationaler-tag-der-bildung\/#primaryimage"},"thumbnailUrl":"https:\/\/www.humanium.org\/de\/wp-content\/uploads\/2019\/02\/IMG_4603.jpg","datePublished":"2019-02-07T00:01:28+00:00","author":{"@id":"https:\/\/www.humanium.org\/de\/#\/schema\/person\/69f7dbf111d176ec1840aea9080dee58"},"description":"Am 24. Januar 2019 kam die Welt erstmals zusammen, um Bildung zu feiern.","breadcrumb":{"@id":"https:\/\/www.humanium.org\/de\/internationaler-tag-der-bildung\/#breadcrumb"},"inLanguage":"de","potentialAction":[{"@type":"ReadAction","target":["https:\/\/www.humanium.org\/de\/internationaler-tag-der-bildung\/"]}]},{"@type":"ImageObject","inLanguage":"de","@id":"https:\/\/www.humanium.org\/de\/internationaler-tag-der-bildung\/#primaryimage","url":"https:\/\/www.humanium.org\/de\/wp-content\/uploads\/2019\/02\/IMG_4603.jpg","contentUrl":"https:\/\/www.humanium.org\/de\/wp-content\/uploads\/2019\/02\/IMG_4603.jpg","width":2448,"height":2448},{"@type":"BreadcrumbList","@id":"https:\/\/www.humanium.org\/de\/internationaler-tag-der-bildung\/#breadcrumb","itemListElement":[{"@type":"ListItem","position":1,"name":"Home","item":"https:\/\/www.humanium.org\/de\/"},{"@type":"ListItem","position":2,"name":"Internationaler Tag der Bildung"}]},{"@type":"WebSite","@id":"https:\/\/www.humanium.org\/de\/#website","url":"https:\/\/www.humanium.org\/de\/","name":"Humanium","description":"Kinder zuerst!","potentialAction":[{"@type":"SearchAction","target":{"@type":"EntryPoint","urlTemplate":"https:\/\/www.humanium.org\/de\/?s={search_term_string}"},"query-input":{"@type":"PropertyValueSpecification","valueRequired":true,"valueName":"search_term_string"}}],"inLanguage":"de"},{"@type":"Person","@id":"https:\/\/www.humanium.org\/de\/#\/schema\/person\/69f7dbf111d176ec1840aea9080dee58","name":"Olivier","image":{"@type":"ImageObject","inLanguage":"de","@id":"https:\/\/www.humanium.org\/de\/#\/schema\/person\/image\/","url":"https:\/\/secure.gravatar.com\/avatar\/945a9bb4662b83cabc6e1483b64823d58adf8c47dcbb3a834cd5df54a5f60495?s=96&d=mm&r=g","contentUrl":"https:\/\/secure.gravatar.com\/avatar\/945a9bb4662b83cabc6e1483b64823d58adf8c47dcbb3a834cd5df54a5f60495?s=96&d=mm&r=g","caption":"Olivier"},"url":"https:\/\/www.humanium.org\/de\/author\/olivier\/"}]}},"_links":{"self":[{"href":"https:\/\/www.humanium.org\/de\/wp-json\/wp\/v2\/posts\/11385","targetHints":{"allow":["GET"]}}],"collection":[{"href":"https:\/\/www.humanium.org\/de\/wp-json\/wp\/v2\/posts"}],"about":[{"href":"https:\/\/www.humanium.org\/de\/wp-json\/wp\/v2\/types\/post"}],"author":[{"embeddable":true,"href":"https:\/\/www.humanium.org\/de\/wp-json\/wp\/v2\/users\/1"}],"replies":[{"embeddable":true,"href":"https:\/\/www.humanium.org\/de\/wp-json\/wp\/v2\/comments?post=11385"}],"version-history":[{"count":1,"href":"https:\/\/www.humanium.org\/de\/wp-json\/wp\/v2\/posts\/11385\/revisions"}],"predecessor-version":[{"id":11386,"href":"https:\/\/www.humanium.org\/de\/wp-json\/wp\/v2\/posts\/11385\/revisions\/11386"}],"wp:featuredmedia":[{"embeddable":true,"href":"https:\/\/www.humanium.org\/de\/wp-json\/wp\/v2\/media\/11382"}],"wp:attachment":[{"href":"https:\/\/www.humanium.org\/de\/wp-json\/wp\/v2\/media?parent=11385"}],"wp:term":[{"taxonomy":"category","embeddable":true,"href":"https:\/\/www.humanium.org\/de\/wp-json\/wp\/v2\/categories?post=11385"},{"taxonomy":"post_tag","embeddable":true,"href":"https:\/\/www.humanium.org\/de\/wp-json\/wp\/v2\/tags?post=11385"}],"curies":[{"name":"wp","href":"https:\/\/api.w.org\/{rel}","templated":true}]}}