{"id":12033,"date":"2019-10-22T16:48:39","date_gmt":"2019-10-22T16:48:39","guid":{"rendered":"https:\/\/www.humanium.org\/de\/?p=12033"},"modified":"2025-12-06T06:28:47","modified_gmt":"2025-12-06T06:28:47","slug":"der-tag-der-vereinten-nationen","status":"publish","type":"post","link":"https:\/\/www.humanium.org\/de\/der-tag-der-vereinten-nationen\/","title":{"rendered":"Der Tag der Vereinten Nationen"},"content":{"rendered":"\n<blockquote class=\"wp-block-quote is-layout-flow wp-block-quote-is-layout-flow\"><p>\u201eWir, die V\u00f6lker der Vereinten Nationen, haben beschlossen, in unserem Bem\u00fchen um die Erreichung dieser Ziele zusammenzuwirken. Dementsprechend haben unsere Regierungen durch ihre in der Stadt San Franzisko versammelten Vertreter, deren Vollmachten vorgelegt und in guter und geh\u00f6riger Form befunden wurden, diese Charta der Vereinten Nationen angenommen und errichten hiermit eine internationale Organisation, die den Namen \u201aVereinte Nationen\u2018 f\u00fchren soll.\u201c<\/p><\/blockquote>\n\n\n\n<p><strong>In San Francisco wird am 26. Juni 1945 am Ende der Konferenz der Vereinten Nationen f\u00fcr die Internationale Organisation die UN-Charta unterzeichnet. Dieses namentlich durch die f\u00fcnf st\u00e4ndigen Mitglieder des Sicherheitsrates ratifizierte Gr\u00fcndungsdokument markiert die Geburt der Vereinten Nationen und ihrer zahlreichen Organe (wie z. B. der Internationale Gerichtshof, dessen Statut wesentlicher Bestandteil der Charta ist, aber auch der Sicherheitsrat als Exekutivorgan und die Generalversammlung als Beschlu\u00dforgan).<\/strong><\/p>\n\n\n\n<figure class=\"wp-block-image\"><img loading=\"lazy\" decoding=\"async\" width=\"1000\" height=\"662\" src=\"https:\/\/www.humanium.org\/de\/wp-content\/uploads\/2019\/10\/shutterstock_103350683.jpg\" alt=\"\" class=\"wp-image-12035\" srcset=\"https:\/\/www.humanium.org\/de\/wp-content\/uploads\/2019\/10\/shutterstock_103350683.jpg 1000w, https:\/\/www.humanium.org\/de\/wp-content\/uploads\/2019\/10\/shutterstock_103350683-300x199.jpg 300w, https:\/\/www.humanium.org\/de\/wp-content\/uploads\/2019\/10\/shutterstock_103350683-768x508.jpg 768w, https:\/\/www.humanium.org\/de\/wp-content\/uploads\/2019\/10\/shutterstock_103350683-830x549.jpg 830w, https:\/\/www.humanium.org\/de\/wp-content\/uploads\/2019\/10\/shutterstock_103350683-230x152.jpg 230w, https:\/\/www.humanium.org\/de\/wp-content\/uploads\/2019\/10\/shutterstock_103350683-350x232.jpg 350w, https:\/\/www.humanium.org\/de\/wp-content\/uploads\/2019\/10\/shutterstock_103350683-480x318.jpg 480w\" sizes=\"auto, (max-width: 1000px) 100vw, 1000px\" \/><\/figure>\n\n\n\n<h2 class=\"wp-block-heading\">Der Tag der Vereinten Nationen \u2013 eine notwendige\nErinnerung im Angesicht neuer Herausforderungen<\/h2>\n\n\n\n<p>Die Charta der Vereinten Nationen trat am 24. Oktober 1945 in Kraft und es ist eben dieser Tag, der von der Generalversammlung zum Tag der Vereinten Nationen bestimmt wurde. In ihrer Resolution vertritt die Generalversammlung die folgende Ansicht: \u201eder Jubil\u00e4umstag der Gr\u00fcndung der Organisation der Vereinten Nationen sollte von Regierungen und V\u00f6lkern zum Anlass genommen werden, ihren Glauben an die Ziele und Grunds\u00e4tze der Charta erneut zu bekr\u00e4ftigen\u201c (Generalversammlung der UNO, Resolution 2782(XXVI), 1971 [\u00dcbersetzung aus dem Franz\u00f6sischen]).<\/p>\n\n\n\n<div class=\"wp-block-image\"><figure class=\"alignright is-resized\"><img loading=\"lazy\" decoding=\"async\" src=\"https:\/\/www.humanium.org\/de\/wp-content\/uploads\/2019\/10\/shutterstock_404379430.jpg\" alt=\"\" class=\"wp-image-12036\" width=\"382\" height=\"253\" srcset=\"https:\/\/www.humanium.org\/de\/wp-content\/uploads\/2019\/10\/shutterstock_404379430.jpg 1000w, https:\/\/www.humanium.org\/de\/wp-content\/uploads\/2019\/10\/shutterstock_404379430-300x199.jpg 300w, https:\/\/www.humanium.org\/de\/wp-content\/uploads\/2019\/10\/shutterstock_404379430-768x510.jpg 768w, https:\/\/www.humanium.org\/de\/wp-content\/uploads\/2019\/10\/shutterstock_404379430-830x551.jpg 830w, https:\/\/www.humanium.org\/de\/wp-content\/uploads\/2019\/10\/shutterstock_404379430-230x153.jpg 230w, https:\/\/www.humanium.org\/de\/wp-content\/uploads\/2019\/10\/shutterstock_404379430-350x232.jpg 350w, https:\/\/www.humanium.org\/de\/wp-content\/uploads\/2019\/10\/shutterstock_404379430-480x319.jpg 480w\" sizes=\"auto, (max-width: 382px) 100vw, 382px\" \/><\/figure><\/div>\n\n\n\n<p>Der diesj\u00e4hrige 74. Geburtstag der Charta \u2013 und im weiteren Sinne der\nVereinten Nationen \u2013 bietet somit die Gelegenheit, angesichts neuer\nHerausforderungen des 21. Jahrhunderts, an die Ziele dieser Charta zu erinnern,\ninsbesondere um Frieden und Sicherheit auf internationaler Ebene aufrechtzuerhalten,\naber auch um die Pr\u00e4vention von Konflikten sowie die Mediation und Konsolidierung\ndes Friedens sicherzustellen.<\/p>\n\n\n\n<p>UN-Generalsekret\u00e4r Ant\u00f3nio Guterres hat in diesem Zusammenhang die\nUmsetzung einer Reform der UNO, um sich st\u00e4rker an die neuen Herausforderungen\nanzupassen und sich mehr auf Menschen und weniger auf Prozesse zu\nkonzentrieren, angek\u00fcndigt (Ant\u00f3nio Guterres im UN-Sicherheitsrat, 2018).<\/p>\n\n\n\n<h2 class=\"wp-block-heading\">Welche Herausforderungen sind zu bew\u00e4ltigen?<\/h2>\n\n\n\n<p>Von Amts\nwegen &nbsp;lassen sich drei wesentliche\nHerausforderungen benennen:<\/p>\n\n\n\n<p>&#8211; <strong>Der Klimawandel<\/strong>: Mit Sicherheit die wichtigste Herausforderung unserer Zeit und f\u00fcr die Zukunft. In diesem Zusammenhang fand auch der Klimagipfel am 23. September diesen Jahres statt, um sich den Herausforderungen zu stellen und an die Rolle zu erinnern, die vor allem Staaten und Unternehmen zukommt. <\/p>\n\n\n\n<figure class=\"wp-block-image\"><img loading=\"lazy\" decoding=\"async\" width=\"1000\" height=\"667\" src=\"https:\/\/www.humanium.org\/de\/wp-content\/uploads\/2019\/10\/shutterstock_630429824.jpg\" alt=\"\" class=\"wp-image-12037\" srcset=\"https:\/\/www.humanium.org\/de\/wp-content\/uploads\/2019\/10\/shutterstock_630429824.jpg 1000w, https:\/\/www.humanium.org\/de\/wp-content\/uploads\/2019\/10\/shutterstock_630429824-300x200.jpg 300w, https:\/\/www.humanium.org\/de\/wp-content\/uploads\/2019\/10\/shutterstock_630429824-768x512.jpg 768w, https:\/\/www.humanium.org\/de\/wp-content\/uploads\/2019\/10\/shutterstock_630429824-830x554.jpg 830w, https:\/\/www.humanium.org\/de\/wp-content\/uploads\/2019\/10\/shutterstock_630429824-230x153.jpg 230w, https:\/\/www.humanium.org\/de\/wp-content\/uploads\/2019\/10\/shutterstock_630429824-350x233.jpg 350w, https:\/\/www.humanium.org\/de\/wp-content\/uploads\/2019\/10\/shutterstock_630429824-480x320.jpg 480w, https:\/\/www.humanium.org\/de\/wp-content\/uploads\/2019\/10\/shutterstock_630429824-272x182.jpg 272w\" sizes=\"auto, (max-width: 1000px) 100vw, 1000px\" \/><\/figure>\n\n\n\n<p>&#8211; <strong>Die nachhaltige Entwicklung:<\/strong> Man kann hier nur an die Agenda 2030, das nachhaltige Entwicklungsprogramm mit dem Horizont 2030, erinnern. Dies ist eine Agenda f\u00fcr den Frieden, aber auch f\u00fcr die Bev\u00f6lkerungen, den Planeten und die Gleichberechtigung von Mann und Frau, um den \u00dcbergang hin zu einer nachhaltigen Entwicklung zu gew\u00e4hrleisten. <\/p>\n\n\n\n<p>&#8211; <strong>Technologische Innovationen<\/strong>: Sie &nbsp;nehmen erst seit einigen Jahren unaufh\u00f6rlich Fahrt auf und entwickeln sich in allen Bereichen: Gesundheit, Verwaltung, Milit\u00e4r, Bildung, Landwirtschaft etc. Im Zusammenhang mit Kinderrechten sollte auf die Allgemeine Anmerkung \u00fcber \u201eKinderrechte im Zusammenhang mit der digitalen Umgebung\u201c, die aktuell durch den Kinderrechtsausschuss erarbeitet wird, hingewiesen werden (General Comment on children\u2019s rights in relation to the digital environment, 2019). <\/p>\n\n\n\n<p>Ebenso wichtig sollte dieser Tag des 24. Oktobers jedoch sein, weil er uns daran erinnern soll, dass Frieden nie selbstverst\u00e4ndlich ist und er erhalten werden muss. Auch sollte an die Bedeutung der F\u00f6rderung der <a href=\"https:\/\/www.humanium.org\/de\/konvention-rechte-kindes\/\">UN-Kinderrechtskonvention<\/a><a href=\"https:\/\/www.humanium.org\/fr\/texte-integral-convention-internationale-relative-droits-enfant-1989\/\"> <\/a>erinnert werden \u2013 umso mehr da sie am 20. November dieses Jahres ihr 30-j\u00e4hriges Jubil\u00e4um feiert. Die Herausforderungen im Zusammenhang mit den Kinderrechten haben sich seit der Verabschiedung der Konvention erheblich &nbsp;ver\u00e4ndert \u2013 so zum Beispiel der Klimawandel, der an Bedeutung gewonnen hat. <\/p>\n\n\n\n<p>Im Rahmen der Kinderrechte engagiert sich Humanium Tag f\u00fcr Tag auf internationaler Ebene und vor Ort \u2013 vor allem durch verschiedene Kinderhilfsprojekte in allen Teilen der Welt, aber auch in seinen Sensibilisierungsma\u00dfnahmen zum Thema Kinderrechte, in der Rechtsberatung und \u00fcber seine verschiedenen Partnerschaften. So ist Humanium Mitglied von Child Rights Connect, der Genfer Organisation, die vor 30 Jahren die Kinderrechtskonvention ausgearbeitet hat. Diese NGO ist mit dem Menschenrechtssystem der Vereinten Nationen koordiniert, um die Umsetzung der Kinderrechtskonvention durch alle Akteure effizienter zu gestalten.<\/p>\n\n\n\n<p>Aber vor allen Dingen ist Humanium nichts ohne Sie und Ihre Unterst\u00fctzung. Aus diesem Grund m\u00f6chten wir Ihnen vorschlagen, bei uns mitzumachen und sich verschiedenen Formen der Beteiligung anzuschlie\u00dfen, um die Kinderrechte und die UNO zu st\u00e4rken. <\/p>\n\n\n\n<p><strong><em>Geschrieben von Eddy Malouli<\/em><\/strong><\/p>\n\n\n\n<p><strong><em>\u00dcbersetzt von Rebecca Richter<\/em><\/strong><\/p>\n\n\n\n<p><strong><em>Lektorat Susanne Schr\u00f6der<\/em><\/strong><\/p>\n\n\n\n<h2 class=\"wp-block-heading\"><strong>Literatur<\/strong><\/h2>\n\n\n\n<p>Ant\u00f3nio Guterres im UN-Sicherheitsrat. (27. November 2018). Franz\u00f6sischer\nText abrufbar unter: https:\/\/reform.un.org\/fr<\/p>\n\n\n\n<p>Resolution der Generalversammlung der UNO Nr. 2782(XXVI). (1971). Franz. Version abrufbar unter:\nhttps:\/\/undocs.org\/fr\/A\/RES\/2782(XXVI)<\/p>\n\n\n\n<p>Allgemeine Anmerkung zu Kinderrechten in Zusammenhang mit der digitalen\nUmwelt <em>[General Comment on children\u2019s rights in relation to the digital\nenvironment].<\/em> (M\u00e4rz 2019). Englische Version abrufbar unter: https:\/\/www.ohchr.org\/EN\/HRBodies\/CRC\/Pages\/GCChildrensRightsRelationDigitalEnvironment.aspx<\/p>\n","protected":false},"excerpt":{"rendered":"<p>\u201eWir, die V\u00f6lker der Vereinten Nationen, haben beschlossen, in unserem Bem\u00fchen um die Erreichung dieser Ziele zusammenzuwirken. Dementsprechend haben unsere Regierungen durch ihre in der Stadt San Franzisko versammelten Vertreter, deren Vollmachten vorgelegt und in guter und geh\u00f6riger Form befunden wurden, diese Charta der Vereinten Nationen angenommen und errichten hiermit eine internationale Organisation, die den [&hellip;]<\/p>\n","protected":false},"author":25,"featured_media":12034,"comment_status":"closed","ping_status":"closed","sticky":false,"template":"","format":"standard","meta":{"footnotes":""},"categories":[163,9],"tags":[],"class_list":["post-12033","post","type-post","status-publish","format-standard","has-post-thumbnail","hentry","category-kinderrechte","category-umwelt"],"yoast_head":"<!-- This site is optimized with the Yoast SEO plugin v26.5 - https:\/\/yoast.com\/wordpress\/plugins\/seo\/ -->\n<title>Der Tag der Vereinten Nationen - Humanium<\/title>\n<meta name=\"description\" content=\"In San Francisco wird am 26. Juni 1945 am Ende der Konferenz der Vereinten Nationen f\u00fcr die Internationale Organisation die UN-Charta unterzeichnet. Dieses namentlich durch die f\u00fcnf st\u00e4ndigen Mitglieder des Sicherheitsrates ratifizierte Gr\u00fcndungsdokument markiert die Geburt der Vereinten Nationen und ihrer zahlreichen Organe.\" \/>\n<meta name=\"robots\" content=\"index, follow, max-snippet:-1, max-image-preview:large, max-video-preview:-1\" \/>\n<link rel=\"canonical\" href=\"https:\/\/www.humanium.org\/de\/der-tag-der-vereinten-nationen\/\" \/>\n<meta property=\"og:locale\" content=\"de_DE\" \/>\n<meta property=\"og:type\" content=\"article\" \/>\n<meta property=\"og:title\" content=\"Der Tag der Vereinten Nationen - Humanium\" \/>\n<meta property=\"og:description\" content=\"In San Francisco wird am 26. Juni 1945 am Ende der Konferenz der Vereinten Nationen f\u00fcr die Internationale Organisation die UN-Charta unterzeichnet. Dieses namentlich durch die f\u00fcnf st\u00e4ndigen Mitglieder des Sicherheitsrates ratifizierte Gr\u00fcndungsdokument markiert die Geburt der Vereinten Nationen und ihrer zahlreichen Organe.\" \/>\n<meta property=\"og:url\" content=\"https:\/\/www.humanium.org\/de\/der-tag-der-vereinten-nationen\/\" \/>\n<meta property=\"og:site_name\" content=\"Humanium\" \/>\n<meta property=\"article:published_time\" content=\"2019-10-22T16:48:39+00:00\" \/>\n<meta property=\"article:modified_time\" content=\"2025-12-06T06:28:47+00:00\" \/>\n<meta property=\"og:image\" content=\"https:\/\/www.humanium.org\/de\/wp-content\/uploads\/2019\/10\/shutterstock_1193208634.jpg\" \/>\n\t<meta property=\"og:image:width\" content=\"1000\" \/>\n\t<meta property=\"og:image:height\" content=\"667\" \/>\n\t<meta property=\"og:image:type\" content=\"image\/jpeg\" \/>\n<meta name=\"author\" content=\"Eddy Malouli\" \/>\n<meta name=\"twitter:card\" content=\"summary_large_image\" \/>\n<meta name=\"twitter:label1\" content=\"Verfasst von\" \/>\n\t<meta name=\"twitter:data1\" content=\"Eddy Malouli\" \/>\n\t<meta name=\"twitter:label2\" content=\"Gesch\u00e4tzte Lesezeit\" \/>\n\t<meta name=\"twitter:data2\" content=\"4\u00a0Minuten\" \/>\n<script type=\"application\/ld+json\" class=\"yoast-schema-graph\">{\"@context\":\"https:\/\/schema.org\",\"@graph\":[{\"@type\":\"WebPage\",\"@id\":\"https:\/\/www.humanium.org\/de\/der-tag-der-vereinten-nationen\/\",\"url\":\"https:\/\/www.humanium.org\/de\/der-tag-der-vereinten-nationen\/\",\"name\":\"Der Tag der Vereinten Nationen - Humanium\",\"isPartOf\":{\"@id\":\"https:\/\/www.humanium.org\/de\/#website\"},\"primaryImageOfPage\":{\"@id\":\"https:\/\/www.humanium.org\/de\/der-tag-der-vereinten-nationen\/#primaryimage\"},\"image\":{\"@id\":\"https:\/\/www.humanium.org\/de\/der-tag-der-vereinten-nationen\/#primaryimage\"},\"thumbnailUrl\":\"https:\/\/www.humanium.org\/de\/wp-content\/uploads\/2019\/10\/shutterstock_1193208634.jpg\",\"datePublished\":\"2019-10-22T16:48:39+00:00\",\"dateModified\":\"2025-12-06T06:28:47+00:00\",\"author\":{\"@id\":\"https:\/\/www.humanium.org\/de\/#\/schema\/person\/9f11ce56f9b93bc91006006258cbe75e\"},\"description\":\"In San Francisco wird am 26. Juni 1945 am Ende der Konferenz der Vereinten Nationen f\u00fcr die Internationale Organisation die UN-Charta unterzeichnet. Dieses namentlich durch die f\u00fcnf st\u00e4ndigen Mitglieder des Sicherheitsrates ratifizierte Gr\u00fcndungsdokument markiert die Geburt der Vereinten Nationen und ihrer zahlreichen Organe.\",\"breadcrumb\":{\"@id\":\"https:\/\/www.humanium.org\/de\/der-tag-der-vereinten-nationen\/#breadcrumb\"},\"inLanguage\":\"de\",\"potentialAction\":[{\"@type\":\"ReadAction\",\"target\":[\"https:\/\/www.humanium.org\/de\/der-tag-der-vereinten-nationen\/\"]}]},{\"@type\":\"ImageObject\",\"inLanguage\":\"de\",\"@id\":\"https:\/\/www.humanium.org\/de\/der-tag-der-vereinten-nationen\/#primaryimage\",\"url\":\"https:\/\/www.humanium.org\/de\/wp-content\/uploads\/2019\/10\/shutterstock_1193208634.jpg\",\"contentUrl\":\"https:\/\/www.humanium.org\/de\/wp-content\/uploads\/2019\/10\/shutterstock_1193208634.jpg\",\"width\":1000,\"height\":667},{\"@type\":\"BreadcrumbList\",\"@id\":\"https:\/\/www.humanium.org\/de\/der-tag-der-vereinten-nationen\/#breadcrumb\",\"itemListElement\":[{\"@type\":\"ListItem\",\"position\":1,\"name\":\"Home\",\"item\":\"https:\/\/www.humanium.org\/de\/\"},{\"@type\":\"ListItem\",\"position\":2,\"name\":\"Der Tag der Vereinten Nationen\"}]},{\"@type\":\"WebSite\",\"@id\":\"https:\/\/www.humanium.org\/de\/#website\",\"url\":\"https:\/\/www.humanium.org\/de\/\",\"name\":\"Humanium\",\"description\":\"Kinder zuerst!\",\"potentialAction\":[{\"@type\":\"SearchAction\",\"target\":{\"@type\":\"EntryPoint\",\"urlTemplate\":\"https:\/\/www.humanium.org\/de\/?s={search_term_string}\"},\"query-input\":{\"@type\":\"PropertyValueSpecification\",\"valueRequired\":true,\"valueName\":\"search_term_string\"}}],\"inLanguage\":\"de\"},{\"@type\":\"Person\",\"@id\":\"https:\/\/www.humanium.org\/de\/#\/schema\/person\/9f11ce56f9b93bc91006006258cbe75e\",\"name\":\"Eddy Malouli\",\"image\":{\"@type\":\"ImageObject\",\"inLanguage\":\"de\",\"@id\":\"https:\/\/www.humanium.org\/de\/#\/schema\/person\/image\/\",\"url\":\"https:\/\/secure.gravatar.com\/avatar\/afc83681ede147dbad46db1189f354e0a0260e5d9fe48a575fba7e5c32f6dc9c?s=96&d=mm&r=g\",\"contentUrl\":\"https:\/\/secure.gravatar.com\/avatar\/afc83681ede147dbad46db1189f354e0a0260e5d9fe48a575fba7e5c32f6dc9c?s=96&d=mm&r=g\",\"caption\":\"Eddy Malouli\"},\"sameAs\":[\"https:\/\/www.linkedin.com\/in\/eddy-malouli-6a2063190\/\"],\"url\":\"https:\/\/www.humanium.org\/de\/author\/autor_eddymalouli\/\"}]}<\/script>\n<!-- \/ Yoast SEO plugin. -->","yoast_head_json":{"title":"Der Tag der Vereinten Nationen - Humanium","description":"In San Francisco wird am 26. Juni 1945 am Ende der Konferenz der Vereinten Nationen f\u00fcr die Internationale Organisation die UN-Charta unterzeichnet. Dieses namentlich durch die f\u00fcnf st\u00e4ndigen Mitglieder des Sicherheitsrates ratifizierte Gr\u00fcndungsdokument markiert die Geburt der Vereinten Nationen und ihrer zahlreichen Organe.","robots":{"index":"index","follow":"follow","max-snippet":"max-snippet:-1","max-image-preview":"max-image-preview:large","max-video-preview":"max-video-preview:-1"},"canonical":"https:\/\/www.humanium.org\/de\/der-tag-der-vereinten-nationen\/","og_locale":"de_DE","og_type":"article","og_title":"Der Tag der Vereinten Nationen - Humanium","og_description":"In San Francisco wird am 26. Juni 1945 am Ende der Konferenz der Vereinten Nationen f\u00fcr die Internationale Organisation die UN-Charta unterzeichnet. Dieses namentlich durch die f\u00fcnf st\u00e4ndigen Mitglieder des Sicherheitsrates ratifizierte Gr\u00fcndungsdokument markiert die Geburt der Vereinten Nationen und ihrer zahlreichen Organe.","og_url":"https:\/\/www.humanium.org\/de\/der-tag-der-vereinten-nationen\/","og_site_name":"Humanium","article_published_time":"2019-10-22T16:48:39+00:00","article_modified_time":"2025-12-06T06:28:47+00:00","og_image":[{"width":1000,"height":667,"url":"https:\/\/www.humanium.org\/de\/wp-content\/uploads\/2019\/10\/shutterstock_1193208634.jpg","type":"image\/jpeg"}],"author":"Eddy Malouli","twitter_card":"summary_large_image","twitter_misc":{"Verfasst von":"Eddy Malouli","Gesch\u00e4tzte Lesezeit":"4\u00a0Minuten"},"schema":{"@context":"https:\/\/schema.org","@graph":[{"@type":"WebPage","@id":"https:\/\/www.humanium.org\/de\/der-tag-der-vereinten-nationen\/","url":"https:\/\/www.humanium.org\/de\/der-tag-der-vereinten-nationen\/","name":"Der Tag der Vereinten Nationen - Humanium","isPartOf":{"@id":"https:\/\/www.humanium.org\/de\/#website"},"primaryImageOfPage":{"@id":"https:\/\/www.humanium.org\/de\/der-tag-der-vereinten-nationen\/#primaryimage"},"image":{"@id":"https:\/\/www.humanium.org\/de\/der-tag-der-vereinten-nationen\/#primaryimage"},"thumbnailUrl":"https:\/\/www.humanium.org\/de\/wp-content\/uploads\/2019\/10\/shutterstock_1193208634.jpg","datePublished":"2019-10-22T16:48:39+00:00","dateModified":"2025-12-06T06:28:47+00:00","author":{"@id":"https:\/\/www.humanium.org\/de\/#\/schema\/person\/9f11ce56f9b93bc91006006258cbe75e"},"description":"In San Francisco wird am 26. Juni 1945 am Ende der Konferenz der Vereinten Nationen f\u00fcr die Internationale Organisation die UN-Charta unterzeichnet. Dieses namentlich durch die f\u00fcnf st\u00e4ndigen Mitglieder des Sicherheitsrates ratifizierte Gr\u00fcndungsdokument markiert die Geburt der Vereinten Nationen und ihrer zahlreichen Organe.","breadcrumb":{"@id":"https:\/\/www.humanium.org\/de\/der-tag-der-vereinten-nationen\/#breadcrumb"},"inLanguage":"de","potentialAction":[{"@type":"ReadAction","target":["https:\/\/www.humanium.org\/de\/der-tag-der-vereinten-nationen\/"]}]},{"@type":"ImageObject","inLanguage":"de","@id":"https:\/\/www.humanium.org\/de\/der-tag-der-vereinten-nationen\/#primaryimage","url":"https:\/\/www.humanium.org\/de\/wp-content\/uploads\/2019\/10\/shutterstock_1193208634.jpg","contentUrl":"https:\/\/www.humanium.org\/de\/wp-content\/uploads\/2019\/10\/shutterstock_1193208634.jpg","width":1000,"height":667},{"@type":"BreadcrumbList","@id":"https:\/\/www.humanium.org\/de\/der-tag-der-vereinten-nationen\/#breadcrumb","itemListElement":[{"@type":"ListItem","position":1,"name":"Home","item":"https:\/\/www.humanium.org\/de\/"},{"@type":"ListItem","position":2,"name":"Der Tag der Vereinten Nationen"}]},{"@type":"WebSite","@id":"https:\/\/www.humanium.org\/de\/#website","url":"https:\/\/www.humanium.org\/de\/","name":"Humanium","description":"Kinder zuerst!","potentialAction":[{"@type":"SearchAction","target":{"@type":"EntryPoint","urlTemplate":"https:\/\/www.humanium.org\/de\/?s={search_term_string}"},"query-input":{"@type":"PropertyValueSpecification","valueRequired":true,"valueName":"search_term_string"}}],"inLanguage":"de"},{"@type":"Person","@id":"https:\/\/www.humanium.org\/de\/#\/schema\/person\/9f11ce56f9b93bc91006006258cbe75e","name":"Eddy Malouli","image":{"@type":"ImageObject","inLanguage":"de","@id":"https:\/\/www.humanium.org\/de\/#\/schema\/person\/image\/","url":"https:\/\/secure.gravatar.com\/avatar\/afc83681ede147dbad46db1189f354e0a0260e5d9fe48a575fba7e5c32f6dc9c?s=96&d=mm&r=g","contentUrl":"https:\/\/secure.gravatar.com\/avatar\/afc83681ede147dbad46db1189f354e0a0260e5d9fe48a575fba7e5c32f6dc9c?s=96&d=mm&r=g","caption":"Eddy Malouli"},"sameAs":["https:\/\/www.linkedin.com\/in\/eddy-malouli-6a2063190\/"],"url":"https:\/\/www.humanium.org\/de\/author\/autor_eddymalouli\/"}]}},"_links":{"self":[{"href":"https:\/\/www.humanium.org\/de\/wp-json\/wp\/v2\/posts\/12033","targetHints":{"allow":["GET"]}}],"collection":[{"href":"https:\/\/www.humanium.org\/de\/wp-json\/wp\/v2\/posts"}],"about":[{"href":"https:\/\/www.humanium.org\/de\/wp-json\/wp\/v2\/types\/post"}],"author":[{"embeddable":true,"href":"https:\/\/www.humanium.org\/de\/wp-json\/wp\/v2\/users\/25"}],"replies":[{"embeddable":true,"href":"https:\/\/www.humanium.org\/de\/wp-json\/wp\/v2\/comments?post=12033"}],"version-history":[{"count":8,"href":"https:\/\/www.humanium.org\/de\/wp-json\/wp\/v2\/posts\/12033\/revisions"}],"predecessor-version":[{"id":21025,"href":"https:\/\/www.humanium.org\/de\/wp-json\/wp\/v2\/posts\/12033\/revisions\/21025"}],"wp:featuredmedia":[{"embeddable":true,"href":"https:\/\/www.humanium.org\/de\/wp-json\/wp\/v2\/media\/12034"}],"wp:attachment":[{"href":"https:\/\/www.humanium.org\/de\/wp-json\/wp\/v2\/media?parent=12033"}],"wp:term":[{"taxonomy":"category","embeddable":true,"href":"https:\/\/www.humanium.org\/de\/wp-json\/wp\/v2\/categories?post=12033"},{"taxonomy":"post_tag","embeddable":true,"href":"https:\/\/www.humanium.org\/de\/wp-json\/wp\/v2\/tags?post=12033"}],"curies":[{"name":"wp","href":"https:\/\/api.w.org\/{rel}","templated":true}]}}