{"id":12235,"date":"2019-12-22T21:26:46","date_gmt":"2019-12-22T21:26:46","guid":{"rendered":"https:\/\/www.humanium.org\/de\/?p=12235"},"modified":"2019-12-22T21:26:47","modified_gmt":"2019-12-22T21:26:47","slug":"die-rechte-indigener-voelker-vom-erfolg-zum-privileg","status":"publish","type":"post","link":"https:\/\/www.humanium.org\/de\/die-rechte-indigener-voelker-vom-erfolg-zum-privileg\/","title":{"rendered":"Die Rechte indigener V\u00f6lker: vom Erfolg zum Privileg"},"content":{"rendered":"\n<p><strong><em>Indigene V\u00f6lker <\/em>ist ein kontroverser Begriff. Gem\u00e4\u00df des renommierten Merriam-Webster W\u00f6rterbuches bedeutet <em>indigen<\/em> \u201eeingeboren\u201c, \u201eangeboren\u201c, \u201eeiner Region angeh\u00f6rend\u201c. Synonyme sind \u201eeingeboren\u201d und \u201ceinheimisch\u201d. Es ist ein Adjektiv, das aufgrund seiner Mehrdeutigkeit im Laufe der Geschichte instrumentalisiert wurde. Erinnern Sie sich nur an das Henne-Ei-Dilemma. Was war zuerst da? Wer sind die <em>wirklichen<\/em> Einheimischen, wer die <em>wirklichen<\/em> Eingeborenen? <\/strong><\/p>\n\n\n\n<div class=\"wp-block-image\"><figure class=\"aligncenter size-large\"><img loading=\"lazy\" decoding=\"async\" width=\"1024\" height=\"683\" src=\"https:\/\/www.humanium.org\/de\/wp-content\/uploads\/2019\/12\/shutterstock_1317421445-1-1024x683.jpg\" alt=\"\" class=\"wp-image-12236\" srcset=\"https:\/\/www.humanium.org\/de\/wp-content\/uploads\/2019\/12\/shutterstock_1317421445-1-1024x683.jpg 1024w, https:\/\/www.humanium.org\/de\/wp-content\/uploads\/2019\/12\/shutterstock_1317421445-1-300x200.jpg 300w, https:\/\/www.humanium.org\/de\/wp-content\/uploads\/2019\/12\/shutterstock_1317421445-1-768x512.jpg 768w, https:\/\/www.humanium.org\/de\/wp-content\/uploads\/2019\/12\/shutterstock_1317421445-1-1536x1024.jpg 1536w, https:\/\/www.humanium.org\/de\/wp-content\/uploads\/2019\/12\/shutterstock_1317421445-1-2048x1365.jpg 2048w, https:\/\/www.humanium.org\/de\/wp-content\/uploads\/2019\/12\/shutterstock_1317421445-1-830x553.jpg 830w, https:\/\/www.humanium.org\/de\/wp-content\/uploads\/2019\/12\/shutterstock_1317421445-1-230x153.jpg 230w, https:\/\/www.humanium.org\/de\/wp-content\/uploads\/2019\/12\/shutterstock_1317421445-1-350x233.jpg 350w, https:\/\/www.humanium.org\/de\/wp-content\/uploads\/2019\/12\/shutterstock_1317421445-1-480x320.jpg 480w, https:\/\/www.humanium.org\/de\/wp-content\/uploads\/2019\/12\/shutterstock_1317421445-1-272x182.jpg 272w\" sizes=\"auto, (max-width: 1024px) 100vw, 1024px\" \/><\/figure><\/div>\n\n\n\n<p>Letzten Endes sind Eroberungen und Besatzungen seit Jahrtausenden eine g\u00e4ngige Praxis zur \u00dcberschreitung von Kulturen und Zivilisationen. Fast jede Kultur, die bis heute \u00fcberlebt hat, vernichtete zu einem bestimmten Zeitpunkt in der Geschichte eine andere Kultur. Interessanterweise sind es immer die Privilegierten, die auf diese Weise argumentieren.<\/p>\n\n\n\n<p>In der englischen Sprache gibt es hier ein interessantes Beispiel. Das Wort \u201epeoples\u201c (V\u00f6lker) sieht mit einem an das Wort \u201epeople\u201c (Menschen\/Volk) angeh\u00e4ngten \u2013s harmlos aus. Man sollte sich aber nicht t\u00e4uschen lassen. Dieser eine Konsonant beinhaltet eine erhebliche Brisanz. Das Wort \u201epeoples\u201c im Gegensatz zu \u201epeople\u201c deutet Verwandtschaft, Gemeinschaft und Zugeh\u00f6rigkeit an. F\u00fcr die M\u00e4chtigen, die ihre Macht erhalten indem sie sich an die Maxime des Teilens und Herrschens aus der altgriechischen Kriegsf\u00fchrung halten, verk\u00f6rpert \u201epeoples\u201c den Erzfeind. Macht wird durch Spaltung erhalten.<\/p>\n\n\n\n<div class=\"wp-block-image\"><figure class=\"alignright size-large is-resized\"><img loading=\"lazy\" decoding=\"async\" src=\"https:\/\/www.humanium.org\/de\/wp-content\/uploads\/2019\/12\/shutterstock_1489282430-1024x683.jpg\" alt=\"\" class=\"wp-image-12237\" width=\"323\" height=\"215\" srcset=\"https:\/\/www.humanium.org\/de\/wp-content\/uploads\/2019\/12\/shutterstock_1489282430-1024x683.jpg 1024w, https:\/\/www.humanium.org\/de\/wp-content\/uploads\/2019\/12\/shutterstock_1489282430-300x200.jpg 300w, https:\/\/www.humanium.org\/de\/wp-content\/uploads\/2019\/12\/shutterstock_1489282430-768x512.jpg 768w, https:\/\/www.humanium.org\/de\/wp-content\/uploads\/2019\/12\/shutterstock_1489282430-1536x1024.jpg 1536w, https:\/\/www.humanium.org\/de\/wp-content\/uploads\/2019\/12\/shutterstock_1489282430-2048x1366.jpg 2048w, https:\/\/www.humanium.org\/de\/wp-content\/uploads\/2019\/12\/shutterstock_1489282430-830x553.jpg 830w, https:\/\/www.humanium.org\/de\/wp-content\/uploads\/2019\/12\/shutterstock_1489282430-230x153.jpg 230w, https:\/\/www.humanium.org\/de\/wp-content\/uploads\/2019\/12\/shutterstock_1489282430-350x233.jpg 350w, https:\/\/www.humanium.org\/de\/wp-content\/uploads\/2019\/12\/shutterstock_1489282430-480x320.jpg 480w, https:\/\/www.humanium.org\/de\/wp-content\/uploads\/2019\/12\/shutterstock_1489282430-272x182.jpg 272w\" sizes=\"auto, (max-width: 323px) 100vw, 323px\" \/><\/figure><\/div>\n\n\n\n<p>Seit Anfang September werden wir Konsument*innen der westlichen Medien mit Berichten \u00fcber die Regenwaldbr\u00e4nde im Amazonas bombardiert. W\u00e4hrend die Menge der Nachrichten beinahe einen S\u00e4ttigungspunkt erreicht hat, gibt es nur einige wenige Formate, die sich mit dem Schicksal der indigenen Gemeinschaften des Amazonas auseinandersetzen. W\u00e4hrend sich der franz\u00f6sische und brasilianische Pr\u00e4sident der Mitt\u00e4terschaft an der Katastrophe und des Kolonialismus beschuldigen, werden die Menschenrechte der Menschen, die den Regenwald gez\u00e4hmt haben, vergessen.<\/p>\n\n\n\n<p>Der Internationale Pakt der\nVereinten Nationen \u00fcber b\u00fcrgerliche und politische Rechte von 1966 und der Internationale Pakt \u00fcber wirtschaftliche, soziale und kulturelle Rechte\nbesagt, dass indigene V\u00f6lker das Recht haben \u201efrei \u00fcber ihren politischen Status zu entscheiden und in Freiheit ihre\nwirtschaftliche, soziale und\nkulturelle Entwicklung zu gestalten\u201c.<\/p>\n\n\n\n<p>Um ehrlich zu sein, k\u00f6nnte der franz\u00f6sische Pr\u00e4sident\ngenauso ein Mitt\u00e4ter sein, wie sein brasilianisches Gegen\u00fcber (denken Sie an\ndie franz\u00f6sischen Petroleumriesen und Automobilhersteller, die die globale\nErderw\u00e4rmung durch die Verbrennung immenser Mengen an fossilen Brennstoffen\nanheizen) und der brasilianische Pr\u00e4sident ebenfalls ein Kolonialist, wie sein\nfranz\u00f6sischer Kollege (denken Sie daran, dass es ihm nicht gelingt,\ninternational anerkannte Rechte indigener V\u00f6lker zu implementieren).<\/p>\n\n\n\n<p>Der Spruch <em>man solle erst einmal vor der eigenen Haust\u00fcr kehren<\/em> k\u00f6nnte uns an die Beziehungen der m\u00e4chtigen Eliten zu indigenen Gemeinschaften weltweit erinnern: der Eingriff von Dritten (Staaten) wird kaum toleriert und Selbstkritik wird nur wenig ge\u00fcbt. Schuldzuweisungen sind weit verbreitet, aber Schuldzuweisungen von Seiten indigener V\u00f6lker werden meistens ausgelassen. <\/p>\n\n\n\n<p>Indigene Stimmen werden oft auf ein Niveau reduziert, Schreie einiger bedrohter Primaten, die nicht f\u00fcr sich selbst sprechen k\u00f6nnen, zu sein, um Eingeborene darzustellen, als seien sie von Natur aus verletzlich und ausgenutzt von ihren so genannten zivilisierten Herrscher*innen. Kontrovers ist, dass bedrohte Tierarten im \u201eBereich Gef\u00e4hrdung\u201c viel gemeinsam haben mit indigenen V\u00f6lkern. <\/p>\n\n\n\n<div class=\"wp-block-image\"><figure class=\"alignleft size-large is-resized\"><img loading=\"lazy\" decoding=\"async\" src=\"https:\/\/www.humanium.org\/de\/wp-content\/uploads\/2019\/12\/shutterstock_1274894116-1024x682.jpg\" alt=\"\" class=\"wp-image-12238\" width=\"325\" height=\"216\" srcset=\"https:\/\/www.humanium.org\/de\/wp-content\/uploads\/2019\/12\/shutterstock_1274894116-1024x682.jpg 1024w, https:\/\/www.humanium.org\/de\/wp-content\/uploads\/2019\/12\/shutterstock_1274894116-300x200.jpg 300w, https:\/\/www.humanium.org\/de\/wp-content\/uploads\/2019\/12\/shutterstock_1274894116-768x512.jpg 768w, https:\/\/www.humanium.org\/de\/wp-content\/uploads\/2019\/12\/shutterstock_1274894116-1536x1023.jpg 1536w, https:\/\/www.humanium.org\/de\/wp-content\/uploads\/2019\/12\/shutterstock_1274894116-2048x1364.jpg 2048w, https:\/\/www.humanium.org\/de\/wp-content\/uploads\/2019\/12\/shutterstock_1274894116-830x553.jpg 830w, https:\/\/www.humanium.org\/de\/wp-content\/uploads\/2019\/12\/shutterstock_1274894116-230x153.jpg 230w, https:\/\/www.humanium.org\/de\/wp-content\/uploads\/2019\/12\/shutterstock_1274894116-350x233.jpg 350w, https:\/\/www.humanium.org\/de\/wp-content\/uploads\/2019\/12\/shutterstock_1274894116-480x320.jpg 480w, https:\/\/www.humanium.org\/de\/wp-content\/uploads\/2019\/12\/shutterstock_1274894116-272x182.jpg 272w\" sizes=\"auto, (max-width: 325px) 100vw, 325px\" \/><\/figure><\/div>\n\n\n\n<p>Abholzung und der Verlust des Lebensraums werden vorrangig als Aspekte des Naturschutzes verstanden, obwohl sie sich genauso negativ auf die eingeborenen Gemeinschaften, die als J\u00e4ger*innen, Sammler*innen und Subsistenzlandwirt*innen in den immer weiter schrumpfenden Ecken dieses Planeten leben, auswirken. Es scheint an der Zeit zu sein noch einmal zu \u00fcberpr\u00fcfen, wo uns unsere kapitalistische und gr\u00f6\u00dfenwahnsinnige Weltsicht hinf\u00fchrt. Ob wir uns in Richtung universellem Wohlstands oder an den Rand des Abgrunds bewegen. Und ob wir wirklich die Bedeutung des Wortes <em>Wohlstand<\/em> verstehen. <\/p>\n\n\n\n<p><strong>Zehn einfache Dinge, die Sie f\u00fcr indigene V\u00f6lker tun k\u00f6nnen \u2013 und vielleicht auch wollen:<\/strong><\/p>\n\n\n\n<ol class=\"wp-block-list\"><li>Seien Sie neugierig und h\u00f6ren Sie auf ihre Stimmen, zum Beispiel indem Sie zugeh\u00f6rigen Facebook-Gruppen beitreten.<\/li><li>Teilen Sie indigene Geschichten und sprechen Sie in den sozialen Medien \u00fcber indigene Themen.<\/li><li>Unterschreiben Sie Petitionen, die von indigenen Aktivist*innen initiiert worden sind.<\/li><li>Erz\u00e4hlen Sie Ihren Kindern \u00fcber indigene V\u00f6lker, ihre Rechte und ihre K\u00e4mpfe.<\/li><li>Spenden Sie f\u00fcr und\/oder engagieren Sie sich ehrenamtlich f\u00fcr indigene Organisationen und NGOs.<\/li><li>Kaufen Sie lokale Produkte solange Transportunternehmen sich nicht umweltbewusst verhalten. Vielleicht sogar noch danach.<\/li><li>Meiden Sie es die Versuche der Tourismusbranche zu unterst\u00fctzen, einheimische Menschen als Ware zu pr\u00e4sentieren. <\/li><li>Boykottieren Sie Produkte, die aus vom Aussterben bedrohten tropischen Baumarten hergestellt werden. <\/li><li>Kaufen Sie \u201cfair trade\u201d und, wenn m\u00f6glich, biologisch angebaut.<\/li><li>Kaufen Sie keine exotischen Haustiere, die in der Wildnis gefangen wurden.<\/li><\/ol>\n\n\n\n<p>Dieser Artikel wurde f\u00fcr <a href=\"https:\/\/www.humanium.org\/de\/\">Humanium <\/a>geschrieben. Bei Humanium f\u00f6rdern wir das Recht auf Leben f\u00fcr jeden Menschen und die Konservierung der Natur mit allem und jeder\/m, der\/die Teil von ihr ist. Das Jahr 2019 markiert das 30. Jubil\u00e4um der <a href=\"https:\/\/www.ohchr.org\/EN\/HRBodies\/CRC\/Pages\/CRC30.aspx\">Kinderrechtskonvention<\/a> mit Veranstaltungen in Genf und New York. Wir hoffen, dass auch Sie Teil dieser wichtigen Feierlichkeiten waren, indem Sie teilgenommen, geteilt und diskutiert haben. <\/p>\n\n\n\n<p><em><strong>Geschrieben von Matyas Baan<\/strong><\/em><\/p>\n\n\n\n<p><strong> <em>\u00dcbersetzt von Andrea Quaden <\/em><\/strong><\/p>\n","protected":false},"excerpt":{"rendered":"<p>Indigene V\u00f6lker ist ein kontroverser Begriff. Gem\u00e4\u00df des renommierten Merriam-Webster W\u00f6rterbuches bedeutet indigen \u201eeingeboren\u201c, \u201eangeboren\u201c, \u201eeiner Region angeh\u00f6rend\u201c. Synonyme sind \u201eeingeboren\u201d und \u201ceinheimisch\u201d. Es ist ein Adjektiv, das aufgrund seiner Mehrdeutigkeit im Laufe der Geschichte instrumentalisiert wurde. Erinnern Sie sich nur an das Henne-Ei-Dilemma. Was war zuerst da? Wer sind die wirklichen Einheimischen, wer die [&hellip;]<\/p>\n","protected":false},"author":31,"featured_media":12239,"comment_status":"closed","ping_status":"closed","sticky":false,"template":"","format":"standard","meta":{"footnotes":""},"categories":[5,163,9],"tags":[],"class_list":["post-12235","post","type-post","status-publish","format-standard","has-post-thumbnail","hentry","category-gesundheit","category-kinderrechte","category-umwelt"],"yoast_head":"<!-- This site is optimized with the Yoast SEO plugin v26.5 - https:\/\/yoast.com\/wordpress\/plugins\/seo\/ -->\n<title>Die Rechte indigener V\u00f6lker: vom Erfolg zum Privileg - Humanium<\/title>\n<meta name=\"description\" content=\"Indigene V\u00f6lker ist ein kontroverser Begriff. Gem\u00e4\u00df des renommierten Merriam-Webster W\u00f6rterbuches bedeutet indigen \u201eeingeboren\u201c, \u201eangeboren\u201c, \u201eeiner Region angeh\u00f6rend\u201c. Synonyme sind \u201eeingeboren\u201d und \u201ceinheimisch\u201d. Es ist ein Adjektiv, das aufgrund seiner Mehrdeutigkeit im Laufe der Geschichte instrumentalisiert wurde. Wer sind die wirklichen Einheimischen, wer die wirklichen Eingeborenen?\" \/>\n<meta name=\"robots\" content=\"index, follow, max-snippet:-1, max-image-preview:large, max-video-preview:-1\" \/>\n<link rel=\"canonical\" href=\"https:\/\/www.humanium.org\/de\/die-rechte-indigener-voelker-vom-erfolg-zum-privileg\/\" \/>\n<meta property=\"og:locale\" content=\"de_DE\" \/>\n<meta property=\"og:type\" content=\"article\" \/>\n<meta property=\"og:title\" content=\"Die Rechte indigener V\u00f6lker: vom Erfolg zum Privileg - Humanium\" \/>\n<meta property=\"og:description\" content=\"Indigene V\u00f6lker ist ein kontroverser Begriff. Gem\u00e4\u00df des renommierten Merriam-Webster W\u00f6rterbuches bedeutet indigen \u201eeingeboren\u201c, \u201eangeboren\u201c, \u201eeiner Region angeh\u00f6rend\u201c. Synonyme sind \u201eeingeboren\u201d und \u201ceinheimisch\u201d. Es ist ein Adjektiv, das aufgrund seiner Mehrdeutigkeit im Laufe der Geschichte instrumentalisiert wurde. Wer sind die wirklichen Einheimischen, wer die wirklichen Eingeborenen?\" \/>\n<meta property=\"og:url\" content=\"https:\/\/www.humanium.org\/de\/die-rechte-indigener-voelker-vom-erfolg-zum-privileg\/\" \/>\n<meta property=\"og:site_name\" content=\"Humanium\" \/>\n<meta property=\"article:published_time\" content=\"2019-12-22T21:26:46+00:00\" \/>\n<meta property=\"article:modified_time\" content=\"2019-12-22T21:26:47+00:00\" \/>\n<meta property=\"og:image\" content=\"https:\/\/www.humanium.org\/de\/wp-content\/uploads\/2019\/12\/shutterstock_316135883-scaled.jpg\" \/>\n\t<meta property=\"og:image:width\" content=\"2560\" \/>\n\t<meta property=\"og:image:height\" content=\"1707\" \/>\n\t<meta property=\"og:image:type\" content=\"image\/jpeg\" \/>\n<meta name=\"author\" content=\"Matyas Baan\" \/>\n<meta name=\"twitter:card\" content=\"summary_large_image\" \/>\n<meta name=\"twitter:label1\" content=\"Verfasst von\" \/>\n\t<meta name=\"twitter:data1\" content=\"Matyas Baan\" \/>\n\t<meta name=\"twitter:label2\" content=\"Gesch\u00e4tzte Lesezeit\" \/>\n\t<meta name=\"twitter:data2\" content=\"4\u00a0Minuten\" \/>\n<script type=\"application\/ld+json\" class=\"yoast-schema-graph\">{\"@context\":\"https:\/\/schema.org\",\"@graph\":[{\"@type\":\"WebPage\",\"@id\":\"https:\/\/www.humanium.org\/de\/die-rechte-indigener-voelker-vom-erfolg-zum-privileg\/\",\"url\":\"https:\/\/www.humanium.org\/de\/die-rechte-indigener-voelker-vom-erfolg-zum-privileg\/\",\"name\":\"Die Rechte indigener V\u00f6lker: vom Erfolg zum Privileg - Humanium\",\"isPartOf\":{\"@id\":\"https:\/\/www.humanium.org\/de\/#website\"},\"primaryImageOfPage\":{\"@id\":\"https:\/\/www.humanium.org\/de\/die-rechte-indigener-voelker-vom-erfolg-zum-privileg\/#primaryimage\"},\"image\":{\"@id\":\"https:\/\/www.humanium.org\/de\/die-rechte-indigener-voelker-vom-erfolg-zum-privileg\/#primaryimage\"},\"thumbnailUrl\":\"https:\/\/www.humanium.org\/de\/wp-content\/uploads\/2019\/12\/shutterstock_316135883-scaled.jpg\",\"datePublished\":\"2019-12-22T21:26:46+00:00\",\"dateModified\":\"2019-12-22T21:26:47+00:00\",\"author\":{\"@id\":\"https:\/\/www.humanium.org\/de\/#\/schema\/person\/ea9b5df74a0136402f09b94094dc2394\"},\"description\":\"Indigene V\u00f6lker ist ein kontroverser Begriff. Gem\u00e4\u00df des renommierten Merriam-Webster W\u00f6rterbuches bedeutet indigen \u201eeingeboren\u201c, \u201eangeboren\u201c, \u201eeiner Region angeh\u00f6rend\u201c. Synonyme sind \u201eeingeboren\u201d und \u201ceinheimisch\u201d. Es ist ein Adjektiv, das aufgrund seiner Mehrdeutigkeit im Laufe der Geschichte instrumentalisiert wurde. Wer sind die wirklichen Einheimischen, wer die wirklichen Eingeborenen?\",\"breadcrumb\":{\"@id\":\"https:\/\/www.humanium.org\/de\/die-rechte-indigener-voelker-vom-erfolg-zum-privileg\/#breadcrumb\"},\"inLanguage\":\"de\",\"potentialAction\":[{\"@type\":\"ReadAction\",\"target\":[\"https:\/\/www.humanium.org\/de\/die-rechte-indigener-voelker-vom-erfolg-zum-privileg\/\"]}]},{\"@type\":\"ImageObject\",\"inLanguage\":\"de\",\"@id\":\"https:\/\/www.humanium.org\/de\/die-rechte-indigener-voelker-vom-erfolg-zum-privileg\/#primaryimage\",\"url\":\"https:\/\/www.humanium.org\/de\/wp-content\/uploads\/2019\/12\/shutterstock_316135883-scaled.jpg\",\"contentUrl\":\"https:\/\/www.humanium.org\/de\/wp-content\/uploads\/2019\/12\/shutterstock_316135883-scaled.jpg\",\"width\":2560,\"height\":1707},{\"@type\":\"BreadcrumbList\",\"@id\":\"https:\/\/www.humanium.org\/de\/die-rechte-indigener-voelker-vom-erfolg-zum-privileg\/#breadcrumb\",\"itemListElement\":[{\"@type\":\"ListItem\",\"position\":1,\"name\":\"Home\",\"item\":\"https:\/\/www.humanium.org\/de\/\"},{\"@type\":\"ListItem\",\"position\":2,\"name\":\"Die Rechte indigener V\u00f6lker: vom Erfolg zum Privileg\"}]},{\"@type\":\"WebSite\",\"@id\":\"https:\/\/www.humanium.org\/de\/#website\",\"url\":\"https:\/\/www.humanium.org\/de\/\",\"name\":\"Humanium\",\"description\":\"Kinder zuerst!\",\"potentialAction\":[{\"@type\":\"SearchAction\",\"target\":{\"@type\":\"EntryPoint\",\"urlTemplate\":\"https:\/\/www.humanium.org\/de\/?s={search_term_string}\"},\"query-input\":{\"@type\":\"PropertyValueSpecification\",\"valueRequired\":true,\"valueName\":\"search_term_string\"}}],\"inLanguage\":\"de\"},{\"@type\":\"Person\",\"@id\":\"https:\/\/www.humanium.org\/de\/#\/schema\/person\/ea9b5df74a0136402f09b94094dc2394\",\"name\":\"Matyas Baan\",\"image\":{\"@type\":\"ImageObject\",\"inLanguage\":\"de\",\"@id\":\"https:\/\/www.humanium.org\/de\/#\/schema\/person\/image\/\",\"url\":\"https:\/\/secure.gravatar.com\/avatar\/67313acf5e81496e7f87974fd575772bbab83d5912d482295d6e1af97b1d40df?s=96&d=mm&r=g\",\"contentUrl\":\"https:\/\/secure.gravatar.com\/avatar\/67313acf5e81496e7f87974fd575772bbab83d5912d482295d6e1af97b1d40df?s=96&d=mm&r=g\",\"caption\":\"Matyas Baan\"},\"sameAs\":[\"https:\/\/www.linkedin.com\/in\/matyas-baan-aa043a124\/\"],\"url\":\"https:\/\/www.humanium.org\/de\/author\/autor_matyasbaan\/\"}]}<\/script>\n<!-- \/ Yoast SEO plugin. -->","yoast_head_json":{"title":"Die Rechte indigener V\u00f6lker: vom Erfolg zum Privileg - Humanium","description":"Indigene V\u00f6lker ist ein kontroverser Begriff. Gem\u00e4\u00df des renommierten Merriam-Webster W\u00f6rterbuches bedeutet indigen \u201eeingeboren\u201c, \u201eangeboren\u201c, \u201eeiner Region angeh\u00f6rend\u201c. Synonyme sind \u201eeingeboren\u201d und \u201ceinheimisch\u201d. Es ist ein Adjektiv, das aufgrund seiner Mehrdeutigkeit im Laufe der Geschichte instrumentalisiert wurde. Wer sind die wirklichen Einheimischen, wer die wirklichen Eingeborenen?","robots":{"index":"index","follow":"follow","max-snippet":"max-snippet:-1","max-image-preview":"max-image-preview:large","max-video-preview":"max-video-preview:-1"},"canonical":"https:\/\/www.humanium.org\/de\/die-rechte-indigener-voelker-vom-erfolg-zum-privileg\/","og_locale":"de_DE","og_type":"article","og_title":"Die Rechte indigener V\u00f6lker: vom Erfolg zum Privileg - Humanium","og_description":"Indigene V\u00f6lker ist ein kontroverser Begriff. Gem\u00e4\u00df des renommierten Merriam-Webster W\u00f6rterbuches bedeutet indigen \u201eeingeboren\u201c, \u201eangeboren\u201c, \u201eeiner Region angeh\u00f6rend\u201c. Synonyme sind \u201eeingeboren\u201d und \u201ceinheimisch\u201d. Es ist ein Adjektiv, das aufgrund seiner Mehrdeutigkeit im Laufe der Geschichte instrumentalisiert wurde. Wer sind die wirklichen Einheimischen, wer die wirklichen Eingeborenen?","og_url":"https:\/\/www.humanium.org\/de\/die-rechte-indigener-voelker-vom-erfolg-zum-privileg\/","og_site_name":"Humanium","article_published_time":"2019-12-22T21:26:46+00:00","article_modified_time":"2019-12-22T21:26:47+00:00","og_image":[{"width":2560,"height":1707,"url":"https:\/\/www.humanium.org\/de\/wp-content\/uploads\/2019\/12\/shutterstock_316135883-scaled.jpg","type":"image\/jpeg"}],"author":"Matyas Baan","twitter_card":"summary_large_image","twitter_misc":{"Verfasst von":"Matyas Baan","Gesch\u00e4tzte Lesezeit":"4\u00a0Minuten"},"schema":{"@context":"https:\/\/schema.org","@graph":[{"@type":"WebPage","@id":"https:\/\/www.humanium.org\/de\/die-rechte-indigener-voelker-vom-erfolg-zum-privileg\/","url":"https:\/\/www.humanium.org\/de\/die-rechte-indigener-voelker-vom-erfolg-zum-privileg\/","name":"Die Rechte indigener V\u00f6lker: vom Erfolg zum Privileg - Humanium","isPartOf":{"@id":"https:\/\/www.humanium.org\/de\/#website"},"primaryImageOfPage":{"@id":"https:\/\/www.humanium.org\/de\/die-rechte-indigener-voelker-vom-erfolg-zum-privileg\/#primaryimage"},"image":{"@id":"https:\/\/www.humanium.org\/de\/die-rechte-indigener-voelker-vom-erfolg-zum-privileg\/#primaryimage"},"thumbnailUrl":"https:\/\/www.humanium.org\/de\/wp-content\/uploads\/2019\/12\/shutterstock_316135883-scaled.jpg","datePublished":"2019-12-22T21:26:46+00:00","dateModified":"2019-12-22T21:26:47+00:00","author":{"@id":"https:\/\/www.humanium.org\/de\/#\/schema\/person\/ea9b5df74a0136402f09b94094dc2394"},"description":"Indigene V\u00f6lker ist ein kontroverser Begriff. Gem\u00e4\u00df des renommierten Merriam-Webster W\u00f6rterbuches bedeutet indigen \u201eeingeboren\u201c, \u201eangeboren\u201c, \u201eeiner Region angeh\u00f6rend\u201c. Synonyme sind \u201eeingeboren\u201d und \u201ceinheimisch\u201d. Es ist ein Adjektiv, das aufgrund seiner Mehrdeutigkeit im Laufe der Geschichte instrumentalisiert wurde. Wer sind die wirklichen Einheimischen, wer die wirklichen Eingeborenen?","breadcrumb":{"@id":"https:\/\/www.humanium.org\/de\/die-rechte-indigener-voelker-vom-erfolg-zum-privileg\/#breadcrumb"},"inLanguage":"de","potentialAction":[{"@type":"ReadAction","target":["https:\/\/www.humanium.org\/de\/die-rechte-indigener-voelker-vom-erfolg-zum-privileg\/"]}]},{"@type":"ImageObject","inLanguage":"de","@id":"https:\/\/www.humanium.org\/de\/die-rechte-indigener-voelker-vom-erfolg-zum-privileg\/#primaryimage","url":"https:\/\/www.humanium.org\/de\/wp-content\/uploads\/2019\/12\/shutterstock_316135883-scaled.jpg","contentUrl":"https:\/\/www.humanium.org\/de\/wp-content\/uploads\/2019\/12\/shutterstock_316135883-scaled.jpg","width":2560,"height":1707},{"@type":"BreadcrumbList","@id":"https:\/\/www.humanium.org\/de\/die-rechte-indigener-voelker-vom-erfolg-zum-privileg\/#breadcrumb","itemListElement":[{"@type":"ListItem","position":1,"name":"Home","item":"https:\/\/www.humanium.org\/de\/"},{"@type":"ListItem","position":2,"name":"Die Rechte indigener V\u00f6lker: vom Erfolg zum Privileg"}]},{"@type":"WebSite","@id":"https:\/\/www.humanium.org\/de\/#website","url":"https:\/\/www.humanium.org\/de\/","name":"Humanium","description":"Kinder zuerst!","potentialAction":[{"@type":"SearchAction","target":{"@type":"EntryPoint","urlTemplate":"https:\/\/www.humanium.org\/de\/?s={search_term_string}"},"query-input":{"@type":"PropertyValueSpecification","valueRequired":true,"valueName":"search_term_string"}}],"inLanguage":"de"},{"@type":"Person","@id":"https:\/\/www.humanium.org\/de\/#\/schema\/person\/ea9b5df74a0136402f09b94094dc2394","name":"Matyas Baan","image":{"@type":"ImageObject","inLanguage":"de","@id":"https:\/\/www.humanium.org\/de\/#\/schema\/person\/image\/","url":"https:\/\/secure.gravatar.com\/avatar\/67313acf5e81496e7f87974fd575772bbab83d5912d482295d6e1af97b1d40df?s=96&d=mm&r=g","contentUrl":"https:\/\/secure.gravatar.com\/avatar\/67313acf5e81496e7f87974fd575772bbab83d5912d482295d6e1af97b1d40df?s=96&d=mm&r=g","caption":"Matyas Baan"},"sameAs":["https:\/\/www.linkedin.com\/in\/matyas-baan-aa043a124\/"],"url":"https:\/\/www.humanium.org\/de\/author\/autor_matyasbaan\/"}]}},"_links":{"self":[{"href":"https:\/\/www.humanium.org\/de\/wp-json\/wp\/v2\/posts\/12235","targetHints":{"allow":["GET"]}}],"collection":[{"href":"https:\/\/www.humanium.org\/de\/wp-json\/wp\/v2\/posts"}],"about":[{"href":"https:\/\/www.humanium.org\/de\/wp-json\/wp\/v2\/types\/post"}],"author":[{"embeddable":true,"href":"https:\/\/www.humanium.org\/de\/wp-json\/wp\/v2\/users\/31"}],"replies":[{"embeddable":true,"href":"https:\/\/www.humanium.org\/de\/wp-json\/wp\/v2\/comments?post=12235"}],"version-history":[{"count":2,"href":"https:\/\/www.humanium.org\/de\/wp-json\/wp\/v2\/posts\/12235\/revisions"}],"predecessor-version":[{"id":12241,"href":"https:\/\/www.humanium.org\/de\/wp-json\/wp\/v2\/posts\/12235\/revisions\/12241"}],"wp:featuredmedia":[{"embeddable":true,"href":"https:\/\/www.humanium.org\/de\/wp-json\/wp\/v2\/media\/12239"}],"wp:attachment":[{"href":"https:\/\/www.humanium.org\/de\/wp-json\/wp\/v2\/media?parent=12235"}],"wp:term":[{"taxonomy":"category","embeddable":true,"href":"https:\/\/www.humanium.org\/de\/wp-json\/wp\/v2\/categories?post=12235"},{"taxonomy":"post_tag","embeddable":true,"href":"https:\/\/www.humanium.org\/de\/wp-json\/wp\/v2\/tags?post=12235"}],"curies":[{"name":"wp","href":"https:\/\/api.w.org\/{rel}","templated":true}]}}