{"id":12927,"date":"2020-05-19T14:03:40","date_gmt":"2020-05-19T14:03:40","guid":{"rendered":"https:\/\/www.humanium.org\/de\/?p=12927"},"modified":"2025-12-05T11:40:13","modified_gmt":"2025-12-05T11:40:13","slug":"humanium-veranstaltet-professionelles-ausbildungprogramm-ueber-kinderrechtsansaetze","status":"publish","type":"post","link":"https:\/\/www.humanium.org\/de\/humanium-veranstaltet-professionelles-ausbildungprogramm-ueber-kinderrechtsansaetze\/","title":{"rendered":"Humanium veranstaltet professionelles Ausbildungprogramm \u00fcber Kinderrechtsans\u00e4tze"},"content":{"rendered":"\n<p><strong>Humanium hat seinen allerersten einf\u00fchrenden e-Training-Workshop f\u00fcr Kinderrechtsexperten durchgef\u00fchrt. Der Workshop zielte darauf ab, angesichts der COVID-19 Krise Verbindungen herzustellen und durch den Austausch von F\u00e4higkeiten zusammenarbeiten, um die individuellen und organisatorischen humanit\u00e4ren Kinderrechtsaktivit\u00e4ten zu verbessern.<\/strong><\/p>\n\n\n\n<h2 class=\"wp-block-heading\"><strong>Das Konzept der Kinderrechtsausbildung f\u00fcr Fachleute<\/strong><\/h2>\n\n\n\n<p>Humanium war begeistert, im Rahmen einer neuen Initiative zur Verbreitung des F\u00e4higkeitenaustausches, den Humanium seit 2015 halbj\u00e4hrlich in <a href=\"https:\/\/www.humanium.org\/de\/ruanda\/\">Ruanda<\/a> durch unsere praktischen \u2018Kinderrechts-Workshops\u2019, f\u00fcr (I)NGO Fachleute auf der ganzen Welt durchf\u00fchrt, 15 weiteren Fachleuten kostenlos einen einf\u00fchrenden e-Training-Workshop anzubieten. Das Konzept ist, dass durch die Schaffung von Verbindungen zwischen Kinderrechtsarbeiten eine viel gr\u00f6\u00dfere Zahl von Betroffenen von den einzigartigen humanen <a href=\"https:\/\/www.humanium.org\/de\/rechte-kindes\/\">Kinderrechtshilfsmitteln<\/a> profitieren wird, die Humanium im Laufe der Jahre entwickelt hat.<\/p>\n\n\n\n<blockquote class=\"wp-block-quote is-layout-flow wp-block-quote-is-layout-flow\"><p><em>\u201eNeunzig Minuten kostenloses Kinderrechts-Coaching wurde als Idee geboren, um einen Vorgeschmack auf die von Humanium im Workshop verwendeten Hilfsmittel zu geben, so dass sie in den eigenen Arbeitskontexten der Teilnehmer*innen eingebracht und zur weiteren St\u00e4rkung der Beg\u00fcnstigen eingesetzt werden k\u00f6nnen.\u201c<\/em><\/p><cite>Arndt Soret, Mitbegr\u00fcnder und CEO von Humanium (rechts im obigen Bild).<\/cite><\/blockquote>\n\n\n\n<p>In der Tat hat Humanium in den letzten f\u00fcnf Jahren zusammen mit unseren Coach-Facilitators, Karen Makkes van der Deijl und Donatella Cannella (links bzw. in der Mitte des obigen Bildes) 82 Workshops f\u00fcr 2.586 Menschen in <a href=\"https:\/\/www.humanium.org\/de\/ruanda\/\">Ruanda<\/a> (und in <a href=\"https:\/\/www.humanium.org\/de\/indien\/\">Indien<\/a>) durchgef\u00fchrt. Karen ist ein professioneller Coach mit \u00fcber 15 Jahren Ausbildungserfahrung und Donatella ist ein professioneller Koaktiv-Coach, die seit 2015 die Ausbildung von NATO-F\u00fchrungskr\u00e4ften erleichtert und zu den Workshop-Initiativen von Humanium beigetragen hat. Beide teilten herzlich ihr Wissen und ihre Erfahrung im ersten einf\u00fchrenden Kinderrechts-Workshop von Humanium.<\/p>\n\n\n\n<figure class=\"wp-block-embed-youtube wp-block-embed is-type-video is-provider-youtube wp-embed-aspect-16-9 wp-has-aspect-ratio\"><div class=\"wp-block-embed__wrapper\">\n<iframe loading=\"lazy\" title=\"Umsetzung von Kinderrechten in Ruanda\" width=\"1170\" height=\"658\" src=\"https:\/\/www.youtube.com\/embed\/7ZOX_utVGE0?feature=oembed\" frameborder=\"0\" allow=\"accelerometer; autoplay; encrypted-media; gyroscope; picture-in-picture\" allowfullscreen><\/iframe>\n<\/div><\/figure>\n\n\n\n<h2 class=\"wp-block-heading\"><strong>Der Inhalt unserer ersten Ausbildungssitzung<\/strong><\/h2>\n\n\n\n<p>Im Verlauf unseres privaten Webinars begr\u00fc\u00dfte Arndt Soret, Mitbegr\u00fcnder und CEO von Humanium, die Teilnehmer und gab eine herzliche Er\u00f6ffnungseinf\u00fchrung. Karen und Donatella \u00fcbernahmen dann die Leitung einer Reihe von partizipatorischen \u00dcbungen, die Teilnehmer aus verschiedenen Organisationen und Lebensbereichen engagierten und miteinander verbanden. \u201eDeep-Listening\u201c wurde von den Teilnehmern in Zoom \u201eBreakout R\u00e4umen\u201c praktiziert, um die Bedeutung des Zuh\u00f6rens und des aufrichtigen Engagements zu betonen. Dadurch werden die Praktiker besser in die Lage versetzt, bei Projekten \u201evor Ort\u201c sinnvoll mit dem Beg\u00fcnstigen zu kommunizieren.<\/p>\n\n\n\n<blockquote class=\"wp-block-quote is-layout-flow wp-block-quote-is-layout-flow\"><p><em>\u201eWir konzentrieren uns auf Kinder und alle Interessenvertreter, die am Schutz und an der Weiterentwicklung der Kinderrechte beteiligt sind, damit Kinder nicht nur widerstandsf\u00e4hig werden, sondern sich auch st\u00e4rker in ihren Gemeinschaften engagieren und besser in der Lage sind, ihre Tr\u00e4ume zu verwirklichen.<\/em>\u201c <\/p><cite>&#8211; Arndt Soret, Mitbegr\u00fcnder und CEO von Humanium<\/cite><\/blockquote>\n\n\n\n<p>Unsere tatkr\u00e4ftigen Teilnehmer reichten von Direktoren bis zu Praktikanten und waren weltweit ans\u00e4ssig, unter anderem in <a href=\"https:\/\/www.humanium.org\/de\/schweiz\/\">der Schweiz<\/a>, <a href=\"https:\/\/www.humanium.org\/de\/australien\/\">Australien<\/a>, <a href=\"https:\/\/www.humanium.org\/de\/sierra-leone\/\">Sierra Leone<\/a> und <a href=\"https:\/\/www.humanium.org\/de\/haiti\/\">Haiti<\/a>. Trotz dieser turbulenten Zeit der \u201eDistanzierung\u201c konnten die Teilnehmer miteinander reden und echte Verbindungen kn\u00fcpfen, da die Fachleute offen die wichtigsten Herausforderungen, mit denen sie seit dem Ausbruch der COVID-19-Pandemie konfrontiert waren, austauschten und diskutierten.<\/p>\n\n\n\n<div class=\"wp-block-image\"><figure class=\"alignright size-large is-resized\"><img loading=\"lazy\" decoding=\"async\" src=\"https:\/\/www.humanium.org\/de\/wp-content\/uploads\/2020\/05\/shutterstock_249491983-1-1024x853.jpg\" alt=\"\" class=\"wp-image-12934\" width=\"357\" height=\"298\" srcset=\"https:\/\/www.humanium.org\/de\/wp-content\/uploads\/2020\/05\/shutterstock_249491983-1-1024x853.jpg 1024w, https:\/\/www.humanium.org\/de\/wp-content\/uploads\/2020\/05\/shutterstock_249491983-1-300x250.jpg 300w, https:\/\/www.humanium.org\/de\/wp-content\/uploads\/2020\/05\/shutterstock_249491983-1-768x640.jpg 768w, https:\/\/www.humanium.org\/de\/wp-content\/uploads\/2020\/05\/shutterstock_249491983-1-1536x1280.jpg 1536w, https:\/\/www.humanium.org\/de\/wp-content\/uploads\/2020\/05\/shutterstock_249491983-1-2048x1707.jpg 2048w, https:\/\/www.humanium.org\/de\/wp-content\/uploads\/2020\/05\/shutterstock_249491983-1-830x692.jpg 830w, https:\/\/www.humanium.org\/de\/wp-content\/uploads\/2020\/05\/shutterstock_249491983-1-230x192.jpg 230w, https:\/\/www.humanium.org\/de\/wp-content\/uploads\/2020\/05\/shutterstock_249491983-1-350x292.jpg 350w, https:\/\/www.humanium.org\/de\/wp-content\/uploads\/2020\/05\/shutterstock_249491983-1-480x400.jpg 480w\" sizes=\"auto, (max-width: 357px) 100vw, 357px\" \/><\/figure><\/div>\n\n\n\n<p>Karen hob vor allem hervor, dass die Menschen die Experten ihrer eigenen Situation sind. Aus diesem Grund ist es ein Schl\u00fcsselaspekt jeder wirksamen humanit\u00e4ren Hilfe, auf ihre Stimme und ihre L\u00f6sungen zu h\u00f6ren. Weiter unterstrich sie die Rolle von Fachleuten als Vermittler &#8211; und nicht als Protagonisten &#8211; f\u00fcr die von den Beg\u00fcnstigten geleiteten Aktionen, die sich vor allem auf die Stimmen, Entscheidungen und Handlungen der Betroffenen konzentrieren sollten. Worte, die das Training unter den Teilnehmer*innen hervorriefenwaren \u201eBescheidenheit\u201c, \u201eVerbindung\u201c, \u201eMitwirkung\u201c, \u201eMitgef\u00fchl\u201c und \u201eAnerkennung\u201c; in \u00dcbereinstimmung mit unserer Menschenrechtsphilosophie.<\/p>\n\n\n\n<h2 class=\"wp-block-heading\"><strong>Der Blick in die Zukunft<\/strong><\/h2>\n\n\n\n<p>Da diese erste Ausbildung kurz und einf\u00fchrend war, plant Humanium sich in den Folgesitzungen ausf\u00fchrlicher mit den technischen Aspekten der <a href=\"https:\/\/www.humanium.org\/de\/rechte-kindes\/\">Kinderrechte<\/a> zu befassen. Es war eine Lernerfahrung f\u00fcr uns alle und wir sind gespannt, dieses innovative Projekt auf den Weg zu bringen. Die Teilnehmer gaben ihre kluge und ehrliche R\u00fcckmeldung, die zweifellos die weitere Verbesserung unserer professionellen Workshops in der Zukunft erm\u00f6glichen wird. Humanium ist dankbar f\u00fcr alle, die sich an dieser neuen Initiative beteiligten. Wir freuen uns darauf, bei der Weiterbildung eine Vorreiterrolle zu \u00fcbernehmen und unser Netzwerk von mitf\u00fchlenden Menschen, die sich f\u00fcr die <a href=\"https:\/\/www.humanium.org\/de\/rechte-kindes\/\">Kinderrechte<\/a> einsetzen, zu erweitern und zu st\u00e4rken.<\/p>\n\n\n\n<p>Humanium freut sich mitzuteilen, dass es drei weitere kostenlose Schnupperkurse zum Thema Kinderrechte anbieten wird. Wenn Sie teilnehmen m\u00f6chten, wenden Sie sich bitte an <a href=\"mailto:josie.thum@humanium.org\"><strong>josie.thum@humanium.org<\/strong><\/a>. Wir hoffen, Sie bald zu sehen.<\/p>\n\n\n\n<p><strong><em>Geschrieben vom Josie Thum<\/em><\/strong><\/p>\n\n\n\n<p><strong><em>\u00dcbersetzt von Latika Rodway-Anand<\/em><\/strong><\/p>\n","protected":false},"excerpt":{"rendered":"<p>Humanium hat seinen allerersten einf\u00fchrenden e-Training-Workshop f\u00fcr Kinderrechtsexperten durchgef\u00fchrt. Der Workshop zielte darauf ab, angesichts der COVID-19 Krise Verbindungen herzustellen und durch den Austausch von F\u00e4higkeiten zusammenarbeiten, um die individuellen und organisatorischen humanit\u00e4ren Kinderrechtsaktivit\u00e4ten zu verbessern. Das Konzept der Kinderrechtsausbildung f\u00fcr Fachleute Humanium war begeistert, im Rahmen einer neuen Initiative zur Verbreitung des F\u00e4higkeitenaustausches, den [&hellip;]<\/p>\n","protected":false},"author":1,"featured_media":12929,"comment_status":"closed","ping_status":"closed","sticky":false,"template":"","format":"standard","meta":{"footnotes":""},"categories":[13,163,6],"tags":[],"class_list":["post-12927","post","type-post","status-publish","format-standard","has-post-thumbnail","hentry","category-bildung","category-kinderrechte","category-leben-von-humanium"],"yoast_head":"<!-- This site is optimized with the Yoast SEO plugin v26.5 - https:\/\/yoast.com\/wordpress\/plugins\/seo\/ -->\n<title>Humanium veranstaltet professionelles Ausbildungprogramm \u00fcber Kinderrechtsans\u00e4tze - Humanium<\/title>\n<meta name=\"description\" content=\"Humanium hat seinen allerersten einf\u00fchrenden e-Training-Workshop f\u00fcr Kinderrechtsexperten durchgef\u00fchrt.\" \/>\n<meta name=\"robots\" content=\"index, follow, max-snippet:-1, max-image-preview:large, max-video-preview:-1\" \/>\n<link rel=\"canonical\" href=\"https:\/\/www.humanium.org\/de\/humanium-veranstaltet-professionelles-ausbildungprogramm-ueber-kinderrechtsansaetze\/\" \/>\n<meta property=\"og:locale\" content=\"de_DE\" \/>\n<meta property=\"og:type\" content=\"article\" \/>\n<meta property=\"og:title\" content=\"Humanium veranstaltet professionelles Ausbildungprogramm \u00fcber Kinderrechtsans\u00e4tze - Humanium\" \/>\n<meta property=\"og:description\" content=\"Humanium hat seinen allerersten einf\u00fchrenden e-Training-Workshop f\u00fcr Kinderrechtsexperten durchgef\u00fchrt.\" \/>\n<meta property=\"og:url\" content=\"https:\/\/www.humanium.org\/de\/humanium-veranstaltet-professionelles-ausbildungprogramm-ueber-kinderrechtsansaetze\/\" \/>\n<meta property=\"og:site_name\" content=\"Humanium\" \/>\n<meta property=\"article:published_time\" content=\"2020-05-19T14:03:40+00:00\" \/>\n<meta property=\"article:modified_time\" content=\"2025-12-05T11:40:13+00:00\" \/>\n<meta property=\"og:image\" content=\"https:\/\/www.humanium.org\/de\/wp-content\/uploads\/2020\/05\/Picture-1-2.png\" \/>\n\t<meta property=\"og:image:width\" content=\"822\" \/>\n\t<meta property=\"og:image:height\" content=\"452\" \/>\n\t<meta property=\"og:image:type\" content=\"image\/png\" \/>\n<meta name=\"author\" content=\"Olivier\" \/>\n<meta name=\"twitter:card\" content=\"summary_large_image\" \/>\n<meta name=\"twitter:label1\" content=\"Verfasst von\" \/>\n\t<meta name=\"twitter:data1\" content=\"Olivier\" \/>\n\t<meta name=\"twitter:label2\" content=\"Gesch\u00e4tzte Lesezeit\" \/>\n\t<meta name=\"twitter:data2\" content=\"4\u00a0Minuten\" \/>\n<script type=\"application\/ld+json\" class=\"yoast-schema-graph\">{\"@context\":\"https:\/\/schema.org\",\"@graph\":[{\"@type\":\"WebPage\",\"@id\":\"https:\/\/www.humanium.org\/de\/humanium-veranstaltet-professionelles-ausbildungprogramm-ueber-kinderrechtsansaetze\/\",\"url\":\"https:\/\/www.humanium.org\/de\/humanium-veranstaltet-professionelles-ausbildungprogramm-ueber-kinderrechtsansaetze\/\",\"name\":\"Humanium veranstaltet professionelles Ausbildungprogramm \u00fcber Kinderrechtsans\u00e4tze - Humanium\",\"isPartOf\":{\"@id\":\"https:\/\/www.humanium.org\/de\/#website\"},\"primaryImageOfPage\":{\"@id\":\"https:\/\/www.humanium.org\/de\/humanium-veranstaltet-professionelles-ausbildungprogramm-ueber-kinderrechtsansaetze\/#primaryimage\"},\"image\":{\"@id\":\"https:\/\/www.humanium.org\/de\/humanium-veranstaltet-professionelles-ausbildungprogramm-ueber-kinderrechtsansaetze\/#primaryimage\"},\"thumbnailUrl\":\"https:\/\/www.humanium.org\/de\/wp-content\/uploads\/2020\/05\/Picture-1-2.png\",\"datePublished\":\"2020-05-19T14:03:40+00:00\",\"dateModified\":\"2025-12-05T11:40:13+00:00\",\"author\":{\"@id\":\"https:\/\/www.humanium.org\/de\/#\/schema\/person\/69f7dbf111d176ec1840aea9080dee58\"},\"description\":\"Humanium hat seinen allerersten einf\u00fchrenden e-Training-Workshop f\u00fcr Kinderrechtsexperten durchgef\u00fchrt.\",\"breadcrumb\":{\"@id\":\"https:\/\/www.humanium.org\/de\/humanium-veranstaltet-professionelles-ausbildungprogramm-ueber-kinderrechtsansaetze\/#breadcrumb\"},\"inLanguage\":\"de\",\"potentialAction\":[{\"@type\":\"ReadAction\",\"target\":[\"https:\/\/www.humanium.org\/de\/humanium-veranstaltet-professionelles-ausbildungprogramm-ueber-kinderrechtsansaetze\/\"]}]},{\"@type\":\"ImageObject\",\"inLanguage\":\"de\",\"@id\":\"https:\/\/www.humanium.org\/de\/humanium-veranstaltet-professionelles-ausbildungprogramm-ueber-kinderrechtsansaetze\/#primaryimage\",\"url\":\"https:\/\/www.humanium.org\/de\/wp-content\/uploads\/2020\/05\/Picture-1-2.png\",\"contentUrl\":\"https:\/\/www.humanium.org\/de\/wp-content\/uploads\/2020\/05\/Picture-1-2.png\",\"width\":822,\"height\":452},{\"@type\":\"BreadcrumbList\",\"@id\":\"https:\/\/www.humanium.org\/de\/humanium-veranstaltet-professionelles-ausbildungprogramm-ueber-kinderrechtsansaetze\/#breadcrumb\",\"itemListElement\":[{\"@type\":\"ListItem\",\"position\":1,\"name\":\"Home\",\"item\":\"https:\/\/www.humanium.org\/de\/\"},{\"@type\":\"ListItem\",\"position\":2,\"name\":\"Humanium veranstaltet professionelles Ausbildungprogramm \u00fcber Kinderrechtsans\u00e4tze\"}]},{\"@type\":\"WebSite\",\"@id\":\"https:\/\/www.humanium.org\/de\/#website\",\"url\":\"https:\/\/www.humanium.org\/de\/\",\"name\":\"Humanium\",\"description\":\"Kinder zuerst!\",\"potentialAction\":[{\"@type\":\"SearchAction\",\"target\":{\"@type\":\"EntryPoint\",\"urlTemplate\":\"https:\/\/www.humanium.org\/de\/?s={search_term_string}\"},\"query-input\":{\"@type\":\"PropertyValueSpecification\",\"valueRequired\":true,\"valueName\":\"search_term_string\"}}],\"inLanguage\":\"de\"},{\"@type\":\"Person\",\"@id\":\"https:\/\/www.humanium.org\/de\/#\/schema\/person\/69f7dbf111d176ec1840aea9080dee58\",\"name\":\"Olivier\",\"image\":{\"@type\":\"ImageObject\",\"inLanguage\":\"de\",\"@id\":\"https:\/\/www.humanium.org\/de\/#\/schema\/person\/image\/\",\"url\":\"https:\/\/secure.gravatar.com\/avatar\/945a9bb4662b83cabc6e1483b64823d58adf8c47dcbb3a834cd5df54a5f60495?s=96&d=mm&r=g\",\"contentUrl\":\"https:\/\/secure.gravatar.com\/avatar\/945a9bb4662b83cabc6e1483b64823d58adf8c47dcbb3a834cd5df54a5f60495?s=96&d=mm&r=g\",\"caption\":\"Olivier\"},\"url\":\"https:\/\/www.humanium.org\/de\/author\/olivier\/\"}]}<\/script>\n<!-- \/ Yoast SEO plugin. -->","yoast_head_json":{"title":"Humanium veranstaltet professionelles Ausbildungprogramm \u00fcber Kinderrechtsans\u00e4tze - Humanium","description":"Humanium hat seinen allerersten einf\u00fchrenden e-Training-Workshop f\u00fcr Kinderrechtsexperten durchgef\u00fchrt.","robots":{"index":"index","follow":"follow","max-snippet":"max-snippet:-1","max-image-preview":"max-image-preview:large","max-video-preview":"max-video-preview:-1"},"canonical":"https:\/\/www.humanium.org\/de\/humanium-veranstaltet-professionelles-ausbildungprogramm-ueber-kinderrechtsansaetze\/","og_locale":"de_DE","og_type":"article","og_title":"Humanium veranstaltet professionelles Ausbildungprogramm \u00fcber Kinderrechtsans\u00e4tze - Humanium","og_description":"Humanium hat seinen allerersten einf\u00fchrenden e-Training-Workshop f\u00fcr Kinderrechtsexperten durchgef\u00fchrt.","og_url":"https:\/\/www.humanium.org\/de\/humanium-veranstaltet-professionelles-ausbildungprogramm-ueber-kinderrechtsansaetze\/","og_site_name":"Humanium","article_published_time":"2020-05-19T14:03:40+00:00","article_modified_time":"2025-12-05T11:40:13+00:00","og_image":[{"width":822,"height":452,"url":"https:\/\/www.humanium.org\/de\/wp-content\/uploads\/2020\/05\/Picture-1-2.png","type":"image\/png"}],"author":"Olivier","twitter_card":"summary_large_image","twitter_misc":{"Verfasst von":"Olivier","Gesch\u00e4tzte Lesezeit":"4\u00a0Minuten"},"schema":{"@context":"https:\/\/schema.org","@graph":[{"@type":"WebPage","@id":"https:\/\/www.humanium.org\/de\/humanium-veranstaltet-professionelles-ausbildungprogramm-ueber-kinderrechtsansaetze\/","url":"https:\/\/www.humanium.org\/de\/humanium-veranstaltet-professionelles-ausbildungprogramm-ueber-kinderrechtsansaetze\/","name":"Humanium veranstaltet professionelles Ausbildungprogramm \u00fcber Kinderrechtsans\u00e4tze - Humanium","isPartOf":{"@id":"https:\/\/www.humanium.org\/de\/#website"},"primaryImageOfPage":{"@id":"https:\/\/www.humanium.org\/de\/humanium-veranstaltet-professionelles-ausbildungprogramm-ueber-kinderrechtsansaetze\/#primaryimage"},"image":{"@id":"https:\/\/www.humanium.org\/de\/humanium-veranstaltet-professionelles-ausbildungprogramm-ueber-kinderrechtsansaetze\/#primaryimage"},"thumbnailUrl":"https:\/\/www.humanium.org\/de\/wp-content\/uploads\/2020\/05\/Picture-1-2.png","datePublished":"2020-05-19T14:03:40+00:00","dateModified":"2025-12-05T11:40:13+00:00","author":{"@id":"https:\/\/www.humanium.org\/de\/#\/schema\/person\/69f7dbf111d176ec1840aea9080dee58"},"description":"Humanium hat seinen allerersten einf\u00fchrenden e-Training-Workshop f\u00fcr Kinderrechtsexperten durchgef\u00fchrt.","breadcrumb":{"@id":"https:\/\/www.humanium.org\/de\/humanium-veranstaltet-professionelles-ausbildungprogramm-ueber-kinderrechtsansaetze\/#breadcrumb"},"inLanguage":"de","potentialAction":[{"@type":"ReadAction","target":["https:\/\/www.humanium.org\/de\/humanium-veranstaltet-professionelles-ausbildungprogramm-ueber-kinderrechtsansaetze\/"]}]},{"@type":"ImageObject","inLanguage":"de","@id":"https:\/\/www.humanium.org\/de\/humanium-veranstaltet-professionelles-ausbildungprogramm-ueber-kinderrechtsansaetze\/#primaryimage","url":"https:\/\/www.humanium.org\/de\/wp-content\/uploads\/2020\/05\/Picture-1-2.png","contentUrl":"https:\/\/www.humanium.org\/de\/wp-content\/uploads\/2020\/05\/Picture-1-2.png","width":822,"height":452},{"@type":"BreadcrumbList","@id":"https:\/\/www.humanium.org\/de\/humanium-veranstaltet-professionelles-ausbildungprogramm-ueber-kinderrechtsansaetze\/#breadcrumb","itemListElement":[{"@type":"ListItem","position":1,"name":"Home","item":"https:\/\/www.humanium.org\/de\/"},{"@type":"ListItem","position":2,"name":"Humanium veranstaltet professionelles Ausbildungprogramm \u00fcber Kinderrechtsans\u00e4tze"}]},{"@type":"WebSite","@id":"https:\/\/www.humanium.org\/de\/#website","url":"https:\/\/www.humanium.org\/de\/","name":"Humanium","description":"Kinder zuerst!","potentialAction":[{"@type":"SearchAction","target":{"@type":"EntryPoint","urlTemplate":"https:\/\/www.humanium.org\/de\/?s={search_term_string}"},"query-input":{"@type":"PropertyValueSpecification","valueRequired":true,"valueName":"search_term_string"}}],"inLanguage":"de"},{"@type":"Person","@id":"https:\/\/www.humanium.org\/de\/#\/schema\/person\/69f7dbf111d176ec1840aea9080dee58","name":"Olivier","image":{"@type":"ImageObject","inLanguage":"de","@id":"https:\/\/www.humanium.org\/de\/#\/schema\/person\/image\/","url":"https:\/\/secure.gravatar.com\/avatar\/945a9bb4662b83cabc6e1483b64823d58adf8c47dcbb3a834cd5df54a5f60495?s=96&d=mm&r=g","contentUrl":"https:\/\/secure.gravatar.com\/avatar\/945a9bb4662b83cabc6e1483b64823d58adf8c47dcbb3a834cd5df54a5f60495?s=96&d=mm&r=g","caption":"Olivier"},"url":"https:\/\/www.humanium.org\/de\/author\/olivier\/"}]}},"_links":{"self":[{"href":"https:\/\/www.humanium.org\/de\/wp-json\/wp\/v2\/posts\/12927","targetHints":{"allow":["GET"]}}],"collection":[{"href":"https:\/\/www.humanium.org\/de\/wp-json\/wp\/v2\/posts"}],"about":[{"href":"https:\/\/www.humanium.org\/de\/wp-json\/wp\/v2\/types\/post"}],"author":[{"embeddable":true,"href":"https:\/\/www.humanium.org\/de\/wp-json\/wp\/v2\/users\/1"}],"replies":[{"embeddable":true,"href":"https:\/\/www.humanium.org\/de\/wp-json\/wp\/v2\/comments?post=12927"}],"version-history":[{"count":3,"href":"https:\/\/www.humanium.org\/de\/wp-json\/wp\/v2\/posts\/12927\/revisions"}],"predecessor-version":[{"id":19786,"href":"https:\/\/www.humanium.org\/de\/wp-json\/wp\/v2\/posts\/12927\/revisions\/19786"}],"wp:featuredmedia":[{"embeddable":true,"href":"https:\/\/www.humanium.org\/de\/wp-json\/wp\/v2\/media\/12929"}],"wp:attachment":[{"href":"https:\/\/www.humanium.org\/de\/wp-json\/wp\/v2\/media?parent=12927"}],"wp:term":[{"taxonomy":"category","embeddable":true,"href":"https:\/\/www.humanium.org\/de\/wp-json\/wp\/v2\/categories?post=12927"},{"taxonomy":"post_tag","embeddable":true,"href":"https:\/\/www.humanium.org\/de\/wp-json\/wp\/v2\/tags?post=12927"}],"curies":[{"name":"wp","href":"https:\/\/api.w.org\/{rel}","templated":true}]}}