{"id":13147,"date":"2020-06-23T14:42:50","date_gmt":"2020-06-23T14:42:50","guid":{"rendered":"https:\/\/www.humanium.org\/de\/?p=13147"},"modified":"2025-12-05T11:42:55","modified_gmt":"2025-12-05T11:42:55","slug":"haeusliche-gewalt-und-deren-folgen-fuer-kinder","status":"publish","type":"post","link":"https:\/\/www.humanium.org\/de\/haeusliche-gewalt-und-deren-folgen-fuer-kinder\/","title":{"rendered":"H\u00e4usliche Gewalt und deren Folgen f\u00fcr Kinder"},"content":{"rendered":"\n<p><strong>Im Zuge der Ausgangssperren, welche f\u00fcr Millionen von Familien verh\u00e4ngt wurden, waren viele Kinder zu Hause mit zur <strong><a href=\"https:\/\/www.humanium.org\/de\/gewalt\/\">Gewalt<\/a><\/strong> neigenden Personen eingesperrt. Dabei hatten sie keine M\u00f6glichkeit, um Hilfe zu bitten. Mit der angsteinfl\u00f6\u00dfenden Stimmung, die durch die Pandemie ausgel\u00f6st wurde, waren selbst friedfertige Eltern manchmal dazu geneigt, Gewalt anzuwenden. Dennoch sollte verbale oder k\u00f6rperliche Gewalt gegen\u00fcber einem Kind niemals und unter keinen Umst\u00e4nden erfolgen, zumal diese kurz- oder langfristig negative Auswirkungen zur Folge haben kann.<\/strong><\/p>\n\n\n\n<h2 class=\"wp-block-heading\"><strong>Eine Atmosph\u00e4re, welche h\u00e4usliche Gewalt an Kindern beg\u00fcnstigte<\/strong><\/h2>\n\n\n\n<p><strong>#EntendonsLeurCris <\/strong>(Lasst uns ihre Schreie h\u00f6ren) Dieser Hashtag entstammte einer Kampagne, die von <strong>UNICEF Frankreich<\/strong> und <strong>NoutesToutes,<\/strong> einer franz\u00f6sischen Initiative, ins Leben gerufen wurde, um auf die <a href=\"https:\/\/www.humanium.org\/de\/gewalt\/\">Gewalt<\/a> gegen\u00fcber Kindern w\u00e4hrend der Ausgangssperren, welche der Covid-19 Pandemie geschuldet waren, aufmerksam zu machen. Im Zuge der verschiedenen Ma\u00dfnahmen zur Eind\u00e4mmung der Pandemie, war die Rate h\u00e4uslicher Gewalt weltweit gestiegen.<\/p>\n\n\n\n<p>F\u00fcr viele Kinder, die somit den ganzen Tag zu Hause verbrachten, bedeutete dies, zu Hause eingesperrt zu sein und st\u00e4ndig von ihren Eltern \u00fcberwacht zu werden. Vielen dieser Kinder, die t\u00e4glich unter <a href=\"https:\/\/www.humanium.org\/de\/das-recht-auf-schutz\/\">der h\u00e4uslichen Gewalt<\/a>, welche von einem Familienmitglied ausging, litten, war es fast unm\u00f6glich, um Hilfe zu bitten, da sie mit keinem anderen Erwachsenen sprechen und schon gar nicht unbeschwert telefonieren konnten.<\/p>\n\n\n\n<figure class=\"wp-block-image size-large\"><img loading=\"lazy\" decoding=\"async\" width=\"1024\" height=\"683\" src=\"https:\/\/www.humanium.org\/de\/wp-content\/uploads\/2020\/06\/shutterstock_175158260-1024x683.jpg\" alt=\"\" class=\"wp-image-13152\" srcset=\"https:\/\/www.humanium.org\/de\/wp-content\/uploads\/2020\/06\/shutterstock_175158260-1024x683.jpg 1024w, https:\/\/www.humanium.org\/de\/wp-content\/uploads\/2020\/06\/shutterstock_175158260-300x200.jpg 300w, https:\/\/www.humanium.org\/de\/wp-content\/uploads\/2020\/06\/shutterstock_175158260-768x512.jpg 768w, https:\/\/www.humanium.org\/de\/wp-content\/uploads\/2020\/06\/shutterstock_175158260-1536x1024.jpg 1536w, https:\/\/www.humanium.org\/de\/wp-content\/uploads\/2020\/06\/shutterstock_175158260-2048x1365.jpg 2048w, https:\/\/www.humanium.org\/de\/wp-content\/uploads\/2020\/06\/shutterstock_175158260-830x553.jpg 830w, https:\/\/www.humanium.org\/de\/wp-content\/uploads\/2020\/06\/shutterstock_175158260-230x153.jpg 230w, https:\/\/www.humanium.org\/de\/wp-content\/uploads\/2020\/06\/shutterstock_175158260-350x233.jpg 350w, https:\/\/www.humanium.org\/de\/wp-content\/uploads\/2020\/06\/shutterstock_175158260-480x320.jpg 480w, https:\/\/www.humanium.org\/de\/wp-content\/uploads\/2020\/06\/shutterstock_175158260-272x182.jpg 272w\" sizes=\"auto, (max-width: 1024px) 100vw, 1024px\" \/><\/figure>\n\n\n\n<p>In der Tat erh\u00f6hten die Umst\u00e4nde, die <a href=\"https:\/\/www.humanium.org\/de\/humanium-unterzeichnet-die-gemeinsame-erklaerung-an-die-vereinten-nationen-zur-reaktion-auf-covid-19\/\">die Pandemie mit sich f\u00fchrte<\/a> &#8211; zus\u00e4tzlich zu den sich wiederholenden F\u00e4llen -, die von den Kinderschutzorganisationen bef\u00fcrchtete Gewaltrate. Die angespannte Stimmung, die Angst, die durch den Verlust des Arbeitsplatzes oder durch die Einbu\u00dfen von Einnahmen gesch\u00fcrt wurde;&nbsp; die nicht mehr vorhandene M\u00f6glichkeit eine Pause einzulegen und sich Zeit f\u00fcr sich selbst zu nehmen, sind Beispiele f\u00fcr Faktoren, die die Anwendung von Gewalt gegen\u00fcber Kindern beg\u00fcnstigten, sowohl ausgehend von gewaltt\u00e4tigen als auch von sonst friedfertigen Eltern.<\/p>\n\n\n\n<h2 class=\"wp-block-heading\"><strong>Gewalt in all ihren Formen<\/strong><strong><\/strong><\/h2>\n\n\n\n<p>Aber was ist nun Gewalt? Es kann sich um eine einzelne Handlung handeln oder aber um mehrere, welche einen Missbrauchszyklus erzeugen. Sie kann in allen Altersstufen auftreten. Es gibt <a href=\"https:\/\/www.humanium.org\/de\/gewalt\/\">verschiedene Arten von Gewalt<\/a>, hier aber konzentriere ich mich haupts\u00e4chlich auf die psychische und physische Gewalt zwischen Menschen, welche in allen Haushalten vorkommen kann. Es kann sich um k\u00f6rperliche Z\u00fcchtigung handeln, aber auch um Erniedrigungen, nie enden wollende Kritik etc. Mobbing und <a href=\"https:\/\/www.humanium.org\/de\/misshandlung\/\">Gewalt<\/a> unter jungen Menschen sind hier ausgeschlossen, da diese von einer Person oder einer Gruppe au\u00dferhalb des Heimes ausgehen.<\/p>\n\n\n<div class=\"wp-block-image\">\n<figure class=\"alignright size-large is-resized\"><img loading=\"lazy\" decoding=\"async\" width=\"1024\" height=\"684\" src=\"https:\/\/www.humanium.org\/de\/wp-content\/uploads\/2020\/06\/shutterstock_190572833-1-1024x684.jpg\" alt=\"\" class=\"wp-image-13154\" style=\"width:371px;height:248px\" srcset=\"https:\/\/www.humanium.org\/de\/wp-content\/uploads\/2020\/06\/shutterstock_190572833-1-1024x684.jpg 1024w, https:\/\/www.humanium.org\/de\/wp-content\/uploads\/2020\/06\/shutterstock_190572833-1-300x200.jpg 300w, https:\/\/www.humanium.org\/de\/wp-content\/uploads\/2020\/06\/shutterstock_190572833-1-768x513.jpg 768w, https:\/\/www.humanium.org\/de\/wp-content\/uploads\/2020\/06\/shutterstock_190572833-1-1536x1025.jpg 1536w, https:\/\/www.humanium.org\/de\/wp-content\/uploads\/2020\/06\/shutterstock_190572833-1-2048x1367.jpg 2048w, https:\/\/www.humanium.org\/de\/wp-content\/uploads\/2020\/06\/shutterstock_190572833-1-830x554.jpg 830w, https:\/\/www.humanium.org\/de\/wp-content\/uploads\/2020\/06\/shutterstock_190572833-1-230x154.jpg 230w, https:\/\/www.humanium.org\/de\/wp-content\/uploads\/2020\/06\/shutterstock_190572833-1-350x234.jpg 350w, https:\/\/www.humanium.org\/de\/wp-content\/uploads\/2020\/06\/shutterstock_190572833-1-480x320.jpg 480w, https:\/\/www.humanium.org\/de\/wp-content\/uploads\/2020\/06\/shutterstock_190572833-1-272x182.jpg 272w\" sizes=\"auto, (max-width: 1024px) 100vw, 1024px\" \/><\/figure>\n<\/div>\n\n\n<p>Lange Zeit wurde <a href=\"https:\/\/www.humanium.org\/de\/misshandlung\/\">Gewalt<\/a> als Mittel zur Erziehung von Kindern akzeptiert. Zus\u00e4tzlich zu den wiederkehrenden F\u00e4llen gewaltt\u00e4tiger Eltern gibt es eine diskretere und heimt\u00fcckischere Art von Gewalt, an die man nicht unbedingt denkt: Die psychische und emotionale Gewalt. Das eigene Kind niederzumachen, es zu dem\u00fctigen, auszuschimpfen und ihm gegen\u00fcber laut zu werden anstatt ihm zu erkl\u00e4ren, warum sein Verhalten nicht sozialvertr\u00e4glich ist\u2026 All diese Verhaltensweisen haben negative Auswirkungen zur Folge. <\/p>\n\n\n\n<p>Wenn man alles aus <a href=\"https:\/\/www.humanium.org\/de\/rechte-kindes\/\">der Sichtweise eines Kindes<\/a> betrachtet, welches nicht \u00fcber die gleiche Wahrnehmung der Umwelt und \u00fcber dieselbe Selbstbeherrschung verf\u00fcgt wie Erwachsene, sind dies extreme Reaktionen. Obwohl Initiativen dazu beigetragen haben, Gewalt an Kindern einzud\u00e4mmen und sogar zu verhindern, wird von solchen Praktiken immer noch Gebrauch gemacht, wie die auf der UNICEF-Website ver\u00f6ffentlichen Nachrichten zu diesem Thema zeigen.<\/p>\n\n\n\n<p>Gewalt wird durch viele Faktoren bedingt. Dem Umweltmodell zufolge (d.h. unter Ber\u00fccksichtigung aller Arten von Einfl\u00fcssen: individuelle, zwischenmenschliche, gemeinschaftliche und gesellschaftliche) gibt es mehrere Risikofaktoren, die alle Haushalte betreffen k\u00f6nnen. Ein Erwachsener, der als Kind Gewalt ausgesetzt war, neigt sp\u00e4ter ebenfalls dazu, dieses Verhaltensmuster zu wiederholen. Die sozial Schw\u00e4chsten sind hierbei am st\u00e4rksten von ihr betroffen, da sie vor allem in Problemvierteln leben und h\u00e4ufiger Gewalt ausgesetzt sind. <a href=\"https:\/\/www.humanium.org\/de\/kinder-und-sucht\/\">Alkohol- und Drogenmissbrauch<\/a> kommen zus\u00e4tzlich als erschwerende Faktoren hinzu.<\/p>\n\n\n\n<p>Neben der famili\u00e4ren und der gemeinschaftlichen Situation kann die Gesellschaft auch Sozialnormen f\u00f6rdern, welche die Gewalt normalisieren. Des Weiteren tr\u00e4gt die \u00f6ffentliche Politik nicht dazu bei, Gewaltsituationen in den am st\u00e4rksten betroffenen Haushalten zu verhindern, wenn sie die wirtschaftlichen, sozialen und geschlechtsspezifischen Ungleichheiten nicht verringert.<\/p>\n\n\n\n<h2 class=\"wp-block-heading\"><strong>Sofortige und langfristige Auswirkungen<\/strong><\/h2>\n\n\n\n<p>Ja, <a href=\"https:\/\/www.humanium.org\/de\/gewalt\/\">physische und psychische Gewalt<\/a> muss verboten werden. Aber warum? Warum ist eine Tracht Pr\u00fcgel keine L\u00f6sung? Warum ist es nicht angemessen sein Kind, egal welcher Altersstufe, anzuschreien? Das Gehirn <a href=\"https:\/\/www.humanium.org\/de\/kinderrechte\/\">eines Kindes <\/a>reagiert nicht auf dieselbe Weise wie das eines Erwachsenen. Es ist noch nicht ausgereift. Es wurde wissenschaftlich erwiesen, dass Gewalt eine gro\u00dfe Menge an Stresshormonen, n\u00e4mlich Cortisol, freisetzt. Dies wirkt sich negativ auf die Entwicklung des Gehirns aus. Denn zum Zeitpunkt der Gewaltanwendung muss das Kind mit verschiedenen Emotionen umgehen, vor allem mit Stress, Scham, Traurigkeit &#8230; Hinzu kommen auch die Verletzungen, die ihm durch die Anwendung k\u00f6rperlicher Gewalt zugef\u00fcgt werden.<\/p>\n\n\n<div class=\"wp-block-image\">\n<figure class=\"alignleft size-large is-resized\"><img loading=\"lazy\" decoding=\"async\" width=\"1024\" height=\"678\" src=\"https:\/\/www.humanium.org\/de\/wp-content\/uploads\/2020\/06\/shutterstock_193392650-1-1024x678.jpg\" alt=\"\" class=\"wp-image-13156\" style=\"width:405px;height:267px\" srcset=\"https:\/\/www.humanium.org\/de\/wp-content\/uploads\/2020\/06\/shutterstock_193392650-1-1024x678.jpg 1024w, https:\/\/www.humanium.org\/de\/wp-content\/uploads\/2020\/06\/shutterstock_193392650-1-300x199.jpg 300w, https:\/\/www.humanium.org\/de\/wp-content\/uploads\/2020\/06\/shutterstock_193392650-1-768x509.jpg 768w, https:\/\/www.humanium.org\/de\/wp-content\/uploads\/2020\/06\/shutterstock_193392650-1-1536x1017.jpg 1536w, https:\/\/www.humanium.org\/de\/wp-content\/uploads\/2020\/06\/shutterstock_193392650-1-2048x1356.jpg 2048w, https:\/\/www.humanium.org\/de\/wp-content\/uploads\/2020\/06\/shutterstock_193392650-1-830x550.jpg 830w, https:\/\/www.humanium.org\/de\/wp-content\/uploads\/2020\/06\/shutterstock_193392650-1-230x152.jpg 230w, https:\/\/www.humanium.org\/de\/wp-content\/uploads\/2020\/06\/shutterstock_193392650-1-350x232.jpg 350w, https:\/\/www.humanium.org\/de\/wp-content\/uploads\/2020\/06\/shutterstock_193392650-1-480x318.jpg 480w\" sizes=\"auto, (max-width: 1024px) 100vw, 1024px\" \/><\/figure>\n<\/div>\n\n\n<p>Ja, ein einzelner <a href=\"https:\/\/www.humanium.org\/de\/misshandlung\/\">Missbrauchsfall<\/a> hat zwar nur geringe langfristige Auswirkungen, kann jedoch einen Pr\u00e4zedenzfall schaffen. Je mehr ein Kind Gewalttaten ausgesetzt ist, desto mehr wird es diese Hormone aussch\u00fctten. In zu gro\u00dfer Menge wirken sich diese sch\u00e4dlich auf dessen Entwicklung aus und dies wird sich auch auf den zuk\u00fcnftigen Erwachsenen auswirken. Dar\u00fcber hinaus wurde nachgewiesen, dass ein Kind, welches Zeuge<a href=\"https:\/\/www.humanium.org\/de\/das-recht-auf-schutz\/\"> famili\u00e4rer Gewalt wurde,<\/a> die gleichen Auswirkungen auf seine Entwicklung und Gesundheit erf\u00e4hrt wie ein Kind, das selbst Zielscheibe von Gewalttaten war.<\/p>\n\n\n\n<h2 class=\"wp-block-heading\"><strong>Von der Notwendigkeit die Verhaltensweisen zu ver\u00e4ndern<\/strong><\/h2>\n\n\n\n<p>Die Langzeiteffekte sind je nach Gewaltbetroffenheit nicht gleich, sowohl hinsichtlich ihrer Dauer und Intensit\u00e4t als auch hinsichtlich des Alters des Kindes. Die Auswirkungen von Gewalt d\u00fcrfen jedoch nicht verharmlost werden. <a href=\"https:\/\/www.humanium.org\/de\/recht-bildung\/\">Sich selbst bez\u00fcglich der Kindeserziehung zu hinterfragen<\/a>, ist der beste Weg, um Fortschritte zu erzielen und Situationen zu vermeiden, die f\u00fcr Kinder sch\u00e4dlich sind. Da Gewalt durch viele Faktoren beg\u00fcnstigt wird, verlangt sie eine ebenso starke Gegenreaktion.<\/p>\n\n\n\n<p>Diesbez\u00fcglich muss an dieser Stelle das INSPIRE-Modell der WHO genannt werden. Es sieht n\u00e4mlich vor, f\u00fcr eine Gewaltreduktion alle Gesellschaftsschichten mit einzubeziehen. Dieses Programm mit sieben Ans\u00e4tzen baut auf <a href=\"https:\/\/www.humanium.org\/de\/konvention\/\">der UN-Kinderrechtskonvention<\/a> auf und bietet Initiativen an f\u00fcr eine bessere Umsetzung dieser mitsamt gesetzgeberischen, administrativen, sozialen und p\u00e4dagogischen Ma\u00dfnahmen. <\/p>\n\n\n\n<p>Es bietet unter anderem sowohl Schulungen f\u00fcr Eltern an, damit diese eine positive und gewaltfreie Erziehung umsetzen als auch Schulungen \u00fcber die Wichtigkeit von Austausch. Besonders hervorgehoben wird auch die St\u00e4rkung von Schutzma\u00dfnahmen f\u00fcr Kinder auf kommunaler Ebene. Alle Bereiche und gemeinschaftlichen Ebenen der Gesellschaft werden somit ber\u00fccksichtigt, <a href=\"https:\/\/www.humanium.org\/de\/misshandlung\/\">um Gewalt an Kindern vorzubeugen<\/a>.<\/p>\n\n\n\n<figure class=\"wp-block-image size-large\"><img loading=\"lazy\" decoding=\"async\" width=\"822\" height=\"452\" src=\"https:\/\/www.humanium.org\/de\/wp-content\/uploads\/2020\/06\/Picture-1-1.png\" alt=\"\" class=\"wp-image-13157\" srcset=\"https:\/\/www.humanium.org\/de\/wp-content\/uploads\/2020\/06\/Picture-1-1.png 822w, https:\/\/www.humanium.org\/de\/wp-content\/uploads\/2020\/06\/Picture-1-1-300x165.png 300w, https:\/\/www.humanium.org\/de\/wp-content\/uploads\/2020\/06\/Picture-1-1-768x422.png 768w, https:\/\/www.humanium.org\/de\/wp-content\/uploads\/2020\/06\/Picture-1-1-230x126.png 230w, https:\/\/www.humanium.org\/de\/wp-content\/uploads\/2020\/06\/Picture-1-1-350x192.png 350w, https:\/\/www.humanium.org\/de\/wp-content\/uploads\/2020\/06\/Picture-1-1-480x264.png 480w\" sizes=\"auto, (max-width: 822px) 100vw, 822px\" \/><\/figure>\n\n\n\n<p>Seit 2014 arbeitet <a href=\"https:\/\/www.humanium.org\/de\/prasentation-2\/\">Humanium<\/a> in <a href=\"https:\/\/www.humanium.org\/de\/ruanda\/hilfsprojekte-ruanda\/\">Ruanda<\/a> mit Eltern und lokalen F\u00fchrungskr\u00e4ften zusammen, um das Bewusstsein f\u00fcr die Rechte der Kinder und die Bedeutung ihrer Rolle als Erwachsene zu st\u00e4rken, um diese zu respektieren und sie auf die Gefahren von Gewalt aufmerksam zu machen. Humanium besch\u00e4ftigt sich ausgiebig mit dem Schutz von Kindern und bietet zudem kostenlose Online-Workshops f\u00fcr Fachkr\u00e4fte aus allen L\u00e4ndern und Gemeinschaftsschichten an, die mit Kindern zu tun haben. Wenn Sie an einem <a href=\"https:\/\/www.humanium.org\/de\/humanium-veranstaltet-professionelles-ausbildungprogramm-ueber-kinderrechtsansaetze\/\">dieser Workshops teilnehmen m\u00f6chten<\/a>, wenden Sie sich bitte an <a href=\"mailto:josie.thum@humanium.org.Wir\">josie.thum@humanium.org.<\/a> Wir hei\u00dfen Sie dazu herzlich willkommen!<\/p>\n\n\n\n<p><strong><em>Geschrieben von Juliette Bail<\/em><\/strong><\/p>\n\n\n\n<p><strong><em><em><strong>\u00dcbersetzt<\/strong><\/em> von Humanium-Freiwilligen<\/em><\/strong><\/p>\n\n\n\n<p><em><strong>Korrektur gelesen von Dilan Martyson<\/strong><\/em><\/p>\n\n\n\n<h4 class=\"wp-block-heading\">Quellen :<\/h4>\n\n\n\n<p class=\"has-small-font-size\">Bouzouina, L. (2007, 3). Concentrations spatiales des populations \u00e0 faible revenu, entre polarisation et mixit\u00e9: Une analyse de trois grandes aires urbaines fran\u00e7aises. <em>Pens\u00e9e plurielle<\/em>(16), pp. 59-72.<\/p>\n\n\n\n<p class=\"has-small-font-size\">Chaiyachati, B. H., &amp; Christian, C. W. (2019, Mai). <em>La violence physique \u00e0 l\u2019\u00e9gard des enfants : un tour d\u2019horizon.<\/em> Consult\u00e9 en avril 2020, sur Encyclop\u00e9die sur le d\u00e9veloppement des jeunes enfants.<\/p>\n\n\n\n<p class=\"has-small-font-size\">Fortin, A. (2009). L&#8217;enfant expos\u00e9 \u00e0 la violence conjugale : quelles difficult\u00e9s et quels besoins d&#8217;aide ? <em>Empan, 73<\/em>(1), pp. 119-127.<\/p>\n\n\n\n<p class=\"has-small-font-size\"><a href=\"https:\/\/www.oxbridgeacademy.edu.za\/blog\/how-children-see-the-world-differently-to-adults\/\" target=\"_blank\" rel=\"noreferrer noopener\">Frost, L. (2016, mars 14). <em>How children see the worl differently to adults<\/em>. Consult\u00e9 en avril 2020, sur Oxbridge academy<\/a>.<\/p>\n\n\n\n<p class=\"has-small-font-size\"><a href=\"https:\/\/www.theguardian.com\/society\/2020\/mar\/28\/lockdowns-world-rise-domestic-violence\" target=\"_blank\" rel=\"noreferrer noopener\">Graham-Harrison, E., Giuffrida, A., Smith, H., &amp; Ford, L. (2020, mars 28). <em>Lockdowns around the world bring rise in domestic violence<\/em>. Consult\u00e9 en mai 2020, sur The Guardian<\/a>.<\/p>\n\n\n\n<p class=\"has-small-font-size\">Gunnar, M. R., Herrera, A., &amp; Hostinar, C. E. (2009, juin). <em>Stress et d\u00e9veloppement pr\u00e9coce du cerveau.<\/em> Consult\u00e9 en avril 2020, sur Encyclop\u00e9die sur le d\u00e9veloppement des jeunes enfants.<\/p>\n\n\n\n<p class=\"has-small-font-size\"><a href=\"https:\/\/www.psychologicalscience.org\/observer\/perception-and-play-how-children-view-the-world\" target=\"_blank\" rel=\"noreferrer noopener\">Hewer, M. (2017, avril 28). <em>Perception and Play: How Children View the World<\/em>. Consult\u00e9 en avril 2020, sur Association for Psychological Science<\/a>.<\/p>\n\n\n\n<p class=\"has-small-font-size\"><a href=\"https:\/\/france3-regions.francetvinfo.fr\/paris-ile-de-france\/violences-enfants-entendons-leurs-cris-nouvelle-campagne-sensibilisation-1813104.html\" target=\"_blank\" rel=\"noreferrer noopener\">Hunzinger, E. (2020, avril 8). <em>Violences envers les enfants : #Entendons leurs cris, une nouvelle campagne de sensibilisation<\/em>. Consult\u00e9 en avril 2020, sur france3-regions.francetvinfo<\/a>.<\/p>\n\n\n\n<p class=\"has-small-font-size\">Iamarene-Djerbal, D. (2017). De la violence sur enfants. <em>NAQD<\/em>(53), pp. 27-47.<\/p>\n\n\n\n<p class=\"has-small-font-size\"><a href=\"https:\/\/apps.who.int\/iris\/bitstream\/handle\/10665\/254627\/9789242565355-fre.pdf?sequence=1\" target=\"_blank\" rel=\"noreferrer noopener\"><em>INSPIRE : Sept strat\u00e9gies pour mettre fin \u00e0 la violence \u00e0 l\u2019encontre des enfants.<\/em> (2017). Consult\u00e9 en avril 2020, sur Organisation mondiale de la Sant\u00e9<\/a>.<\/p>\n\n\n\n<p class=\"has-small-font-size\"><a href=\"https:\/\/www.unicef.org\/cwc\/files\/Communicating_with_Children_French.pdf\" target=\"_blank\" rel=\"noreferrer noopener\">Kolucki, B., &amp; Lemish, D. (2013, d\u00e9cembre). <em>Communiquer avec les enfants : Principes et pratiques pour prot\u00e9ger, inspirer, passionner, \u00e9duquer et gu\u00e9rir.<\/em> Consult\u00e9 en avril 2020, sur UNICEF<\/a>.<\/p>\n\n\n\n<p class=\"has-small-font-size\"><a href=\"https:\/\/www.unicef.org\/media\/66271\/file\/FRENCH_Technical%20Note:%20Protection%20of%20Children%20during%20the%20COVID-19%20Pandemic.pdf\" target=\"_blank\" rel=\"noreferrer noopener\">L\u2019Alliance pour la protection de l\u2019enface dans l\u2019action humanitaire. (2019, mars). <em>Fiche technique : Protection des enfants lors de la pand\u00e9mie de coronavirus (v.1).<\/em> Consult\u00e9 en avril 2020, sur UNICEF<\/a>.<\/p>\n\n\n\n<p class=\"has-small-font-size\"><a href=\"https:\/\/www.justice.gc.ca\/fra\/jp-cj\/vf-fv\/apropos-about.html\" target=\"_blank\" rel=\"noreferrer noopener\">Minist\u00e8re de la justice. (2017, juillet 26). <em>La violence familiale<\/em>. Consult\u00e9 en avril 2020, sur Minist\u00e8re de la justice du Gouvernement du Canada<\/a>.<\/p>\n\n\n\n<p class=\"has-small-font-size\"><a href=\"https:\/\/www.endvawnow.org\/fr\/articles\/1509-le-cadre-cologique.html\" target=\"_blank\" rel=\"noreferrer noopener\">ONU Femmes. (2013, juillet 3). <em>Le cadre \u00e9cologique<\/em>. Consult\u00e9 en avril 2020, sur Le Centre de connaissances virtuel pour mettre fin \u00e0 la violence contre les femmes et les filles<\/a>.<\/p>\n\n\n\n<p class=\"has-small-font-size\">ONU info. (2020, avril 7). <em>Covid-19 : des experts appellent \u00e0 une action urgente pour att\u00e9nuer les risques de violence contre les enfants<\/em>. Consult\u00e9 en avril 2020, sur ONU info.<\/p>\n\n\n\n<p class=\"has-small-font-size\">Thielland, J.-P. (2018). Violence \u00e9ducative : quelles cons\u00e9quences sur le d\u00e9veloppement psychologique des enfants ? <em>Le Journal des psychologues, 1<\/em>(353), pp. 73-77. R\u00e9cup\u00e9r\u00e9 sur Le Journal des psychologues.<\/p>\n\n\n\n<p class=\"has-small-font-size\"><a href=\"https:\/\/www.unicef.org\/french\/publications\/files\/UNICEF_Ending_Violence_French_WEB_110315.pdf\" target=\"_blank\" rel=\"noreferrer noopener\">UNICEF. (2014, septembre). <em>Mettre Fin \u00e0 la Violence Envers les Enfants : Six Strat\u00e9gies d\u2019action.<\/em> Consult\u00e9 en avril 2020, sur Unicef<\/a>.<\/p>\n\n\n\n<p class=\"has-small-font-size\"><a href=\"https:\/\/www.unicef.org\/french\/protection\/57929_newsline.html\" target=\"_blank\" rel=\"noreferrer noopener\">UNICEF. (s.d.). <em>Protection de l&#8217;enfant contre la violence, l&#8217;exploitation et les abus : actualit\u00e9s<\/em>. R\u00e9cup\u00e9r\u00e9 sur UNICEF<\/a>.<\/p>\n\n\n\n<p class=\"has-small-font-size\"><a href=\"https:\/\/www.lapresse.ca\/covid-19\/202003\/20\/01-5265757-covid-19-des-experts-sinquietent-pour-les-enfants-maltraites.php\" target=\"_blank\" rel=\"noreferrer noopener\">Ward, M. (2020, mars 20). <em>COVID-19: des experts s\u2019inqui\u00e8tent pour les enfants maltrait\u00e9s<\/em>. Consult\u00e9 en avril 2020, sur La presse canadienne<\/a>.<\/p>\n\n\n\n<p class=\"has-small-font-size\">Wekerle, C., &amp; Smith, S. (2019, ao\u00fbt). <em>La violence psychologique.<\/em> Consult\u00e9 en avril 2020, sur Encyclop\u00e9die sur le d\u00e9veloppement des jeunes enfants.<\/p>\n","protected":false},"excerpt":{"rendered":"<p>Im Zuge der Ausgangssperren, welche f\u00fcr Millionen von Familien verh\u00e4ngt wurden, waren viele Kinder zu Hause mit zur Gewalt neigenden Personen eingesperrt. Dabei hatten sie keine M\u00f6glichkeit, um Hilfe zu bitten. Mit der angsteinfl\u00f6\u00dfenden Stimmung, die durch die Pandemie ausgel\u00f6st wurde, waren selbst friedfertige Eltern manchmal dazu geneigt, Gewalt anzuwenden. Dennoch sollte verbale oder k\u00f6rperliche [&hellip;]<\/p>\n","protected":false},"author":34,"featured_media":13148,"comment_status":"closed","ping_status":"closed","sticky":false,"template":"","format":"standard","meta":{"footnotes":""},"categories":[175,160,163],"tags":[],"class_list":["post-13147","post","type-post","status-publish","format-standard","has-post-thumbnail","hentry","category-ausbeutung","category-gewalt","category-kinderrechte"],"yoast_head":"<!-- This site is optimized with the Yoast SEO plugin v26.5 - https:\/\/yoast.com\/wordpress\/plugins\/seo\/ -->\n<title>H\u00e4usliche Gewalt und deren Folgen f\u00fcr Kinder - Humanium<\/title>\n<meta name=\"description\" content=\"Im Zuge der Ausgangssperren, welche f\u00fcr Millionen von Familien verh\u00e4ngt wurden, waren viele Kinder zu Hause mit zur Gewalt neigenden Personen eingesperrt.\" \/>\n<meta name=\"robots\" content=\"index, follow, max-snippet:-1, max-image-preview:large, max-video-preview:-1\" \/>\n<link rel=\"canonical\" href=\"https:\/\/www.humanium.org\/de\/haeusliche-gewalt-und-deren-folgen-fuer-kinder\/\" \/>\n<meta property=\"og:locale\" content=\"de_DE\" \/>\n<meta property=\"og:type\" content=\"article\" \/>\n<meta property=\"og:title\" content=\"H\u00e4usliche Gewalt und deren Folgen f\u00fcr Kinder - Humanium\" \/>\n<meta property=\"og:description\" content=\"Im Zuge der Ausgangssperren, welche f\u00fcr Millionen von Familien verh\u00e4ngt wurden, waren viele Kinder zu Hause mit zur Gewalt neigenden Personen eingesperrt.\" \/>\n<meta property=\"og:url\" content=\"https:\/\/www.humanium.org\/de\/haeusliche-gewalt-und-deren-folgen-fuer-kinder\/\" \/>\n<meta property=\"og:site_name\" content=\"Humanium\" \/>\n<meta property=\"article:published_time\" content=\"2020-06-23T14:42:50+00:00\" \/>\n<meta property=\"article:modified_time\" content=\"2025-12-05T11:42:55+00:00\" \/>\n<meta property=\"og:image\" content=\"https:\/\/www.humanium.org\/de\/wp-content\/uploads\/2020\/06\/shutterstock_722232589-scaled.jpg\" \/>\n\t<meta property=\"og:image:width\" content=\"2560\" \/>\n\t<meta property=\"og:image:height\" content=\"1706\" \/>\n\t<meta property=\"og:image:type\" content=\"image\/jpeg\" \/>\n<meta name=\"author\" content=\"Juliette Bail\" \/>\n<meta name=\"twitter:card\" content=\"summary_large_image\" \/>\n<meta name=\"twitter:label1\" content=\"Verfasst von\" \/>\n\t<meta name=\"twitter:data1\" content=\"Juliette Bail\" \/>\n\t<meta name=\"twitter:label2\" content=\"Gesch\u00e4tzte Lesezeit\" \/>\n\t<meta name=\"twitter:data2\" content=\"10\u00a0Minuten\" \/>\n<script type=\"application\/ld+json\" class=\"yoast-schema-graph\">{\"@context\":\"https:\/\/schema.org\",\"@graph\":[{\"@type\":\"WebPage\",\"@id\":\"https:\/\/www.humanium.org\/de\/haeusliche-gewalt-und-deren-folgen-fuer-kinder\/\",\"url\":\"https:\/\/www.humanium.org\/de\/haeusliche-gewalt-und-deren-folgen-fuer-kinder\/\",\"name\":\"H\u00e4usliche Gewalt und deren Folgen f\u00fcr Kinder - Humanium\",\"isPartOf\":{\"@id\":\"https:\/\/www.humanium.org\/de\/#website\"},\"primaryImageOfPage\":{\"@id\":\"https:\/\/www.humanium.org\/de\/haeusliche-gewalt-und-deren-folgen-fuer-kinder\/#primaryimage\"},\"image\":{\"@id\":\"https:\/\/www.humanium.org\/de\/haeusliche-gewalt-und-deren-folgen-fuer-kinder\/#primaryimage\"},\"thumbnailUrl\":\"https:\/\/www.humanium.org\/de\/wp-content\/uploads\/2020\/06\/shutterstock_722232589-scaled.jpg\",\"datePublished\":\"2020-06-23T14:42:50+00:00\",\"dateModified\":\"2025-12-05T11:42:55+00:00\",\"author\":{\"@id\":\"https:\/\/www.humanium.org\/de\/#\/schema\/person\/aaa9bebcc270957c8d6a1bb478d1d4c1\"},\"description\":\"Im Zuge der Ausgangssperren, welche f\u00fcr Millionen von Familien verh\u00e4ngt wurden, waren viele Kinder zu Hause mit zur Gewalt neigenden Personen eingesperrt.\",\"breadcrumb\":{\"@id\":\"https:\/\/www.humanium.org\/de\/haeusliche-gewalt-und-deren-folgen-fuer-kinder\/#breadcrumb\"},\"inLanguage\":\"de\",\"potentialAction\":[{\"@type\":\"ReadAction\",\"target\":[\"https:\/\/www.humanium.org\/de\/haeusliche-gewalt-und-deren-folgen-fuer-kinder\/\"]}]},{\"@type\":\"ImageObject\",\"inLanguage\":\"de\",\"@id\":\"https:\/\/www.humanium.org\/de\/haeusliche-gewalt-und-deren-folgen-fuer-kinder\/#primaryimage\",\"url\":\"https:\/\/www.humanium.org\/de\/wp-content\/uploads\/2020\/06\/shutterstock_722232589-scaled.jpg\",\"contentUrl\":\"https:\/\/www.humanium.org\/de\/wp-content\/uploads\/2020\/06\/shutterstock_722232589-scaled.jpg\",\"width\":2560,\"height\":1706},{\"@type\":\"BreadcrumbList\",\"@id\":\"https:\/\/www.humanium.org\/de\/haeusliche-gewalt-und-deren-folgen-fuer-kinder\/#breadcrumb\",\"itemListElement\":[{\"@type\":\"ListItem\",\"position\":1,\"name\":\"Home\",\"item\":\"https:\/\/www.humanium.org\/de\/\"},{\"@type\":\"ListItem\",\"position\":2,\"name\":\"H\u00e4usliche Gewalt und deren Folgen f\u00fcr Kinder\"}]},{\"@type\":\"WebSite\",\"@id\":\"https:\/\/www.humanium.org\/de\/#website\",\"url\":\"https:\/\/www.humanium.org\/de\/\",\"name\":\"Humanium\",\"description\":\"Kinder zuerst!\",\"potentialAction\":[{\"@type\":\"SearchAction\",\"target\":{\"@type\":\"EntryPoint\",\"urlTemplate\":\"https:\/\/www.humanium.org\/de\/?s={search_term_string}\"},\"query-input\":{\"@type\":\"PropertyValueSpecification\",\"valueRequired\":true,\"valueName\":\"search_term_string\"}}],\"inLanguage\":\"de\"},{\"@type\":\"Person\",\"@id\":\"https:\/\/www.humanium.org\/de\/#\/schema\/person\/aaa9bebcc270957c8d6a1bb478d1d4c1\",\"name\":\"Juliette Bail\",\"image\":{\"@type\":\"ImageObject\",\"inLanguage\":\"de\",\"@id\":\"https:\/\/www.humanium.org\/de\/#\/schema\/person\/image\/\",\"url\":\"https:\/\/secure.gravatar.com\/avatar\/26260966db936d01d62e0250da1d4a9db52f2bc2fdc3edb4ff79971dc3d79359?s=96&d=mm&r=g\",\"contentUrl\":\"https:\/\/secure.gravatar.com\/avatar\/26260966db936d01d62e0250da1d4a9db52f2bc2fdc3edb4ff79971dc3d79359?s=96&d=mm&r=g\",\"caption\":\"Juliette Bail\"},\"sameAs\":[\"https:\/\/www.linkedin.com\/in\/juliettebail\/\"],\"url\":\"https:\/\/www.humanium.org\/de\/author\/autor_juliettebail\/\"}]}<\/script>\n<!-- \/ Yoast SEO plugin. -->","yoast_head_json":{"title":"H\u00e4usliche Gewalt und deren Folgen f\u00fcr Kinder - Humanium","description":"Im Zuge der Ausgangssperren, welche f\u00fcr Millionen von Familien verh\u00e4ngt wurden, waren viele Kinder zu Hause mit zur Gewalt neigenden Personen eingesperrt.","robots":{"index":"index","follow":"follow","max-snippet":"max-snippet:-1","max-image-preview":"max-image-preview:large","max-video-preview":"max-video-preview:-1"},"canonical":"https:\/\/www.humanium.org\/de\/haeusliche-gewalt-und-deren-folgen-fuer-kinder\/","og_locale":"de_DE","og_type":"article","og_title":"H\u00e4usliche Gewalt und deren Folgen f\u00fcr Kinder - Humanium","og_description":"Im Zuge der Ausgangssperren, welche f\u00fcr Millionen von Familien verh\u00e4ngt wurden, waren viele Kinder zu Hause mit zur Gewalt neigenden Personen eingesperrt.","og_url":"https:\/\/www.humanium.org\/de\/haeusliche-gewalt-und-deren-folgen-fuer-kinder\/","og_site_name":"Humanium","article_published_time":"2020-06-23T14:42:50+00:00","article_modified_time":"2025-12-05T11:42:55+00:00","og_image":[{"width":2560,"height":1706,"url":"https:\/\/www.humanium.org\/de\/wp-content\/uploads\/2020\/06\/shutterstock_722232589-scaled.jpg","type":"image\/jpeg"}],"author":"Juliette Bail","twitter_card":"summary_large_image","twitter_misc":{"Verfasst von":"Juliette Bail","Gesch\u00e4tzte Lesezeit":"10\u00a0Minuten"},"schema":{"@context":"https:\/\/schema.org","@graph":[{"@type":"WebPage","@id":"https:\/\/www.humanium.org\/de\/haeusliche-gewalt-und-deren-folgen-fuer-kinder\/","url":"https:\/\/www.humanium.org\/de\/haeusliche-gewalt-und-deren-folgen-fuer-kinder\/","name":"H\u00e4usliche Gewalt und deren Folgen f\u00fcr Kinder - Humanium","isPartOf":{"@id":"https:\/\/www.humanium.org\/de\/#website"},"primaryImageOfPage":{"@id":"https:\/\/www.humanium.org\/de\/haeusliche-gewalt-und-deren-folgen-fuer-kinder\/#primaryimage"},"image":{"@id":"https:\/\/www.humanium.org\/de\/haeusliche-gewalt-und-deren-folgen-fuer-kinder\/#primaryimage"},"thumbnailUrl":"https:\/\/www.humanium.org\/de\/wp-content\/uploads\/2020\/06\/shutterstock_722232589-scaled.jpg","datePublished":"2020-06-23T14:42:50+00:00","dateModified":"2025-12-05T11:42:55+00:00","author":{"@id":"https:\/\/www.humanium.org\/de\/#\/schema\/person\/aaa9bebcc270957c8d6a1bb478d1d4c1"},"description":"Im Zuge der Ausgangssperren, welche f\u00fcr Millionen von Familien verh\u00e4ngt wurden, waren viele Kinder zu Hause mit zur Gewalt neigenden Personen eingesperrt.","breadcrumb":{"@id":"https:\/\/www.humanium.org\/de\/haeusliche-gewalt-und-deren-folgen-fuer-kinder\/#breadcrumb"},"inLanguage":"de","potentialAction":[{"@type":"ReadAction","target":["https:\/\/www.humanium.org\/de\/haeusliche-gewalt-und-deren-folgen-fuer-kinder\/"]}]},{"@type":"ImageObject","inLanguage":"de","@id":"https:\/\/www.humanium.org\/de\/haeusliche-gewalt-und-deren-folgen-fuer-kinder\/#primaryimage","url":"https:\/\/www.humanium.org\/de\/wp-content\/uploads\/2020\/06\/shutterstock_722232589-scaled.jpg","contentUrl":"https:\/\/www.humanium.org\/de\/wp-content\/uploads\/2020\/06\/shutterstock_722232589-scaled.jpg","width":2560,"height":1706},{"@type":"BreadcrumbList","@id":"https:\/\/www.humanium.org\/de\/haeusliche-gewalt-und-deren-folgen-fuer-kinder\/#breadcrumb","itemListElement":[{"@type":"ListItem","position":1,"name":"Home","item":"https:\/\/www.humanium.org\/de\/"},{"@type":"ListItem","position":2,"name":"H\u00e4usliche Gewalt und deren Folgen f\u00fcr Kinder"}]},{"@type":"WebSite","@id":"https:\/\/www.humanium.org\/de\/#website","url":"https:\/\/www.humanium.org\/de\/","name":"Humanium","description":"Kinder zuerst!","potentialAction":[{"@type":"SearchAction","target":{"@type":"EntryPoint","urlTemplate":"https:\/\/www.humanium.org\/de\/?s={search_term_string}"},"query-input":{"@type":"PropertyValueSpecification","valueRequired":true,"valueName":"search_term_string"}}],"inLanguage":"de"},{"@type":"Person","@id":"https:\/\/www.humanium.org\/de\/#\/schema\/person\/aaa9bebcc270957c8d6a1bb478d1d4c1","name":"Juliette Bail","image":{"@type":"ImageObject","inLanguage":"de","@id":"https:\/\/www.humanium.org\/de\/#\/schema\/person\/image\/","url":"https:\/\/secure.gravatar.com\/avatar\/26260966db936d01d62e0250da1d4a9db52f2bc2fdc3edb4ff79971dc3d79359?s=96&d=mm&r=g","contentUrl":"https:\/\/secure.gravatar.com\/avatar\/26260966db936d01d62e0250da1d4a9db52f2bc2fdc3edb4ff79971dc3d79359?s=96&d=mm&r=g","caption":"Juliette Bail"},"sameAs":["https:\/\/www.linkedin.com\/in\/juliettebail\/"],"url":"https:\/\/www.humanium.org\/de\/author\/autor_juliettebail\/"}]}},"_links":{"self":[{"href":"https:\/\/www.humanium.org\/de\/wp-json\/wp\/v2\/posts\/13147","targetHints":{"allow":["GET"]}}],"collection":[{"href":"https:\/\/www.humanium.org\/de\/wp-json\/wp\/v2\/posts"}],"about":[{"href":"https:\/\/www.humanium.org\/de\/wp-json\/wp\/v2\/types\/post"}],"author":[{"embeddable":true,"href":"https:\/\/www.humanium.org\/de\/wp-json\/wp\/v2\/users\/34"}],"replies":[{"embeddable":true,"href":"https:\/\/www.humanium.org\/de\/wp-json\/wp\/v2\/comments?post=13147"}],"version-history":[{"count":21,"href":"https:\/\/www.humanium.org\/de\/wp-json\/wp\/v2\/posts\/13147\/revisions"}],"predecessor-version":[{"id":19794,"href":"https:\/\/www.humanium.org\/de\/wp-json\/wp\/v2\/posts\/13147\/revisions\/19794"}],"wp:featuredmedia":[{"embeddable":true,"href":"https:\/\/www.humanium.org\/de\/wp-json\/wp\/v2\/media\/13148"}],"wp:attachment":[{"href":"https:\/\/www.humanium.org\/de\/wp-json\/wp\/v2\/media?parent=13147"}],"wp:term":[{"taxonomy":"category","embeddable":true,"href":"https:\/\/www.humanium.org\/de\/wp-json\/wp\/v2\/categories?post=13147"},{"taxonomy":"post_tag","embeddable":true,"href":"https:\/\/www.humanium.org\/de\/wp-json\/wp\/v2\/tags?post=13147"}],"curies":[{"name":"wp","href":"https:\/\/api.w.org\/{rel}","templated":true}]}}