{"id":13430,"date":"2020-08-25T18:49:34","date_gmt":"2020-08-25T18:49:34","guid":{"rendered":"https:\/\/www.humanium.org\/de\/?p=13430"},"modified":"2025-12-06T06:28:31","modified_gmt":"2025-12-06T06:28:31","slug":"welchen-platz-haben-die-kinderrechte-in-der-welt-der-unternehmen","status":"publish","type":"post","link":"https:\/\/www.humanium.org\/de\/welchen-platz-haben-die-kinderrechte-in-der-welt-der-unternehmen\/","title":{"rendered":"Welchen Platz haben die Kinderrechte in der Welt der Unternehmen?"},"content":{"rendered":"\n<p><strong>Kinder sind Akteure in der Gesch\u00e4ftswelt, vor allem aber sind sie in vielerlei Hinsicht Opfer dieses Umfelds. Unsere \u00fcberwiegend kapitalistischen Gesellschaften machen die Wirtschaft im Leben der Kinder allgegenw\u00e4rtig. Zwischen der <a href=\"https:\/\/www.humanium.org\/de\/ausbeutung\/\">Ausbeutung von Kindern<\/a>, der Gef\u00e4hrdung ihrer Entwicklung und der Ver\u00e4nderung oder gar Zerst\u00f6rung ihrer Umwelt m\u00fcssen die Unternehmen zu Pfeilern bei der F\u00f6rderung der Achtung der <a href=\"https:\/\/www.humanium.org\/de\/rechte-kindes\/\">Kinderrechte <\/a>werden.<\/strong><\/p>\n\n\n\n<h2 class=\"wp-block-heading\"><strong>Die enge Beziehung zwischen Kinderrechten und Wirtschaft<\/strong><\/h2>\n\n\n\n<p><a href=\"https:\/\/www.humanium.org\/de\/kinderarbeit-2\/\">Kinderarbeit<\/a> und verschiedene Formen des <a href=\"https:\/\/www.humanium.org\/de\/kinderhandel\/\">Menschenhandels<\/a> sind bekannte Ursachen f\u00fcr <a href=\"https:\/\/www.humanium.org\/de\/rechte-kindes\/\">Verst\u00f6\u00dfe<\/a>. Der&nbsp;k\u00fcrzlich erschienene <a href=\"https:\/\/www.24heures.ch\/le-monde-des-affaires-et-les-droits-de-lenfant-921243253112\">Artikel<\/a> von Jean Zermatten nimmt jedoch eine ganzheitliche Sichtweise der Beziehung zwischen Kindern und der Gesch\u00e4ftswelt ein. Kinder sind als vollwertige Mitglieder von Gemeinschaften von den Handlungen von Unternehmen betroffen. Sie sind Verbraucher von Waren und Dienstleistungen, so wie es Erwachsene sein k\u00f6nnen. Sie sind auch von den Machenschaften der Unternehmen bei Umweltangelegenheiten betroffen: das Verhalten der Unternehmen in Bezug auf die globale Erw\u00e4rmung, die Deponierung von Giftm\u00fcll in der Natur&#8230; <\/p>\n\n\n\n<figure class=\"wp-block-image size-large\"><img loading=\"lazy\" decoding=\"async\" width=\"1024\" height=\"683\" src=\"https:\/\/www.humanium.org\/de\/wp-content\/uploads\/2020\/08\/shutterstock_1081734278-1024x683.jpg\" alt=\"\" class=\"wp-image-13434\" srcset=\"https:\/\/www.humanium.org\/de\/wp-content\/uploads\/2020\/08\/shutterstock_1081734278-1024x683.jpg 1024w, https:\/\/www.humanium.org\/de\/wp-content\/uploads\/2020\/08\/shutterstock_1081734278-300x200.jpg 300w, https:\/\/www.humanium.org\/de\/wp-content\/uploads\/2020\/08\/shutterstock_1081734278-768x512.jpg 768w, https:\/\/www.humanium.org\/de\/wp-content\/uploads\/2020\/08\/shutterstock_1081734278-1536x1024.jpg 1536w, https:\/\/www.humanium.org\/de\/wp-content\/uploads\/2020\/08\/shutterstock_1081734278-2048x1365.jpg 2048w, https:\/\/www.humanium.org\/de\/wp-content\/uploads\/2020\/08\/shutterstock_1081734278-830x553.jpg 830w, https:\/\/www.humanium.org\/de\/wp-content\/uploads\/2020\/08\/shutterstock_1081734278-230x153.jpg 230w, https:\/\/www.humanium.org\/de\/wp-content\/uploads\/2020\/08\/shutterstock_1081734278-350x233.jpg 350w, https:\/\/www.humanium.org\/de\/wp-content\/uploads\/2020\/08\/shutterstock_1081734278-480x320.jpg 480w, https:\/\/www.humanium.org\/de\/wp-content\/uploads\/2020\/08\/shutterstock_1081734278-272x182.jpg 272w\" sizes=\"auto, (max-width: 1024px) 100vw, 1024px\" \/><\/figure>\n\n\n\n<p>Dieses Vorgehen hat negative Auswirkungen auf die Umgebung der Kinder und gef\u00e4hrdet nicht nur ihre Gesundheit, ihre richtige Entwicklung, sondern auch ihre Zukunft. Der fortschreitende Erwerb von Land durch Unternehmen kann &nbsp;&nbsp;Familien auch \u00fcber das erzwungene Exil aufgrund des Klimawandels hinaus zur Abwanderung zwingen (Zermatten, 2020). Unternehmen sind eine der Hauptursachen f\u00fcr die globale Erw\u00e4rmung und die Beschleunigung des Klimawandels, der bereits jetzt zu Klimafl\u00fcchtlingen f\u00fchrt (Parker, n.d.).<\/p>\n\n\n\n<p>Dar\u00fcber hinaus sind viele Kinder illegale und unsichtbare Akteure in der Produktion und im Betrieb von Unternehmen, werden zu Objekten und als Waren in verschiedenen illegalen Gesch\u00e4ften durchgesch\u00fcttelt: Zwangsarbeit, <a href=\"https:\/\/www.humanium.org\/de\/die-sexuelle-ausbeutung-von-kindern\/\">sexuelle Ausbeutung<\/a>&#8230;<\/p>\n\n\n\n<h2 class=\"wp-block-heading\"><strong>Kinderhandel und die Rolle der Wirtschaft<\/strong><\/h2>\n\n\n\n<p>Menschenhandel, wird durch <strong>das Protokoll zur Vorbeugung, Unterdr\u00fcckung und Bestrafung von Menschenhandel insbesondere von Frauen und Kindern<\/strong> zus\u00e4tzlich zu <strong>der UNO Konvention gegen international organisierte Kriminalit\u00e4t<\/strong> definiert als &#8222;die Anwerbung, Bef\u00f6rderung, Verbringung, Beherbergung oder die Aufnahme von Personen durch die Androhung oder Anwendung von Gewalt oder anderen Formen der N\u00f6tigung, durch Entf\u00fchrung, Betrug, T\u00e4uschung, Missbrauch von Autorit\u00e4t oder einer Situation von Verletzlichkeit oder durch Gew\u00e4hrung oder Entgegennahme von Zahlungen oder Vorteilen zur Erlangung des Einverst\u00e4ndnisses einer Person, die Autorit\u00e4t hat, gegen\u00fcber einer anderen Person zum Zweck der Ausbeutung&#8220;. Ausbeutung umfasst vor allem <a href=\"https:\/\/www.humanium.org\/de\/kinderprostitution\/\">Prostitution<\/a>, <a href=\"https:\/\/www.humanium.org\/de\/kinderarbeit-2\/\">Zwangsarbeit<\/a>, Sklaverei&#8230;<\/p>\n\n\n\n<p>Kinder auf der ganzen Welt werden bei diesen <a href=\"https:\/\/www.humanium.org\/de\/rechte-kindes\/\">Menschenrechtsverletzungen<\/a> nicht au\u00dfen vor gelassen und Unternehmen k\u00f6nnen von diesen Situationen profitieren. Angesichts des inoffiziellen Charakters des <a href=\"https:\/\/www.humanium.org\/de\/kinderhandel\/\">Kinderhandels<\/a> und der Vielzahl der Verst\u00f6\u00dfe sind zuverl\u00e4ssige Zahlen schwer zu erhalten. Dennoch zeigen Zeugenaussagen die Grausamkeit solcher Verst\u00f6\u00dfe, wie in Gabun, wo viele Kinder gekauft oder sogar entf\u00fchrt und ihrer Freiheit beraubt werden, um als Hausangestellte zu arbeiten (AFP, 2018).<\/p>\n\n\n\n<p><a href=\"https:\/\/www.humanium.org\/de\/kinderhandel\/\">Der Kinderhandel <\/a>f\u00fchrt zu einer der schlimmsten Formen der <a href=\"https:\/\/www.humanium.org\/de\/kinderarbeit-2\/\">Kinderarbeit<\/a>. Nach Angaben der IAO waren im Jahr 2005 zwischen 980.000 und 1.225.000 Kinder Opfer von Zwangsarbeit als Folge des Kinderhandels (ILO, k.A.). In ihrem Bericht von 2005 sch\u00e4tzte die IAO, dass der Gro\u00dfteil des Menschenhandels in Asien stattfand, gefolgt von den so genannten f\u00fchrenden Industriestaaten sowie Lateinamerika und der Karibik. Es folgten der Nahe Osten, Nordafrika, die so genannten Reforml\u00e4nder und Subsahara-Afrika (ILO, 2011).<\/p>\n\n\n\n<p>Neben Familien, die Kinder f\u00fcr die Hausarbeit versklaven, wie in dem erw\u00e4hnten Beispiel aus Gabun, werden Kinder auch von Unternehmen ausgebeutet, vor allem im Rohstoffsektor und&nbsp;im produzierenden Gewerbe. M\u00e4dchen sind vom Menschenhandel zum Zwecke der kommerziellen <a href=\"https:\/\/www.humanium.org\/de\/die-sexuelle-ausbeutung-von-kindern\/\">sexuellen Ausbeutung,<\/a> <a href=\"https:\/\/www.humanium.org\/de\/kinderprostitution\/\">Prostitution<\/a> oder Hausarbeit besonders betroffen. Jungen ihrerseits werden haupts\u00e4chlich f\u00fcr Arbeiten in der Landwirtschaft, in Minen und in <a href=\"https:\/\/www.humanium.org\/de\/kinder-in-kriegen\/\">bewaffneten Konflikten<\/a> gehandelt (ILO, 2011).<\/p>\n\n\n\n<h2 class=\"wp-block-heading\"><strong>Schwerpunkt: Die Situation der Kinderarbeit in Unternehmen des produzierenden Gewerbes oder ihren Zulieferern im Rohstoffsektor<\/strong><\/h2>\n\n\n\n<p>Weil sie billige oder sogar kostenlose Arbeitskr\u00e4fte sind, werden Kinder als Bettler, Hausangestellte oder durch bewaffnete Gruppen rekrutiert (UNICEF, 2006) oder zur Arbeit in Minen ausgebeutet. <a href=\"https:\/\/www.humanium.org\/de\/kinderarbeit-2\/\">Kinderarbeit<\/a> ist weitgehend unsichtbar, insbesondere in L\u00e4ndern, die als industrialisiert gelten. <\/p>\n\n\n\n<div class=\"wp-block-image\"><figure class=\"alignright size-large is-resized\"><img loading=\"lazy\" decoding=\"async\" src=\"https:\/\/www.humanium.org\/de\/wp-content\/uploads\/2020\/08\/shutterstock_1188822772-1-1024x683.jpg\" alt=\"\" class=\"wp-image-13436\" width=\"398\" height=\"265\" srcset=\"https:\/\/www.humanium.org\/de\/wp-content\/uploads\/2020\/08\/shutterstock_1188822772-1-1024x683.jpg 1024w, https:\/\/www.humanium.org\/de\/wp-content\/uploads\/2020\/08\/shutterstock_1188822772-1-300x200.jpg 300w, https:\/\/www.humanium.org\/de\/wp-content\/uploads\/2020\/08\/shutterstock_1188822772-1-768x512.jpg 768w, https:\/\/www.humanium.org\/de\/wp-content\/uploads\/2020\/08\/shutterstock_1188822772-1-1536x1024.jpg 1536w, https:\/\/www.humanium.org\/de\/wp-content\/uploads\/2020\/08\/shutterstock_1188822772-1-2048x1365.jpg 2048w, https:\/\/www.humanium.org\/de\/wp-content\/uploads\/2020\/08\/shutterstock_1188822772-1-830x553.jpg 830w, https:\/\/www.humanium.org\/de\/wp-content\/uploads\/2020\/08\/shutterstock_1188822772-1-230x153.jpg 230w, https:\/\/www.humanium.org\/de\/wp-content\/uploads\/2020\/08\/shutterstock_1188822772-1-350x233.jpg 350w, https:\/\/www.humanium.org\/de\/wp-content\/uploads\/2020\/08\/shutterstock_1188822772-1-480x320.jpg 480w, https:\/\/www.humanium.org\/de\/wp-content\/uploads\/2020\/08\/shutterstock_1188822772-1-272x182.jpg 272w\" sizes=\"auto, (max-width: 398px) 100vw, 398px\" \/><\/figure><\/div>\n\n\n\n<p>Beispielsweise verwenden Smartphones Komponenten wie Kobalt. Diese Komponente wird in Minen gewonnen, in denen viele Kinder ausgebeutet werden, insbesondere in <a href=\"https:\/\/www.humanium.org\/de\/afrika\/kongo\/\">der Republik Kongo<\/a> (Faber, Krause, &amp; S\u00e1nchez De La Sierra, 2017). Zwangsarbeit von Kindern ist in globalen Lieferketten sehr bedeutend (ILO, OECD, IOM, UNICEF, 2019). Diese Arbeit ist gef\u00e4hrlich und sch\u00e4dlich f\u00fcr ihre gesunde Entwicklung. Die Unternehmen haben dabei eine Rolle zu spielen, zum Beispiel durch eine bessere Auswahl ihrer Lieferanten.<\/p>\n\n\n\n<p>Kinder gelten seit langem als unentbehrliche Helfer f\u00fcr den reibungslosen Ablauf der wirtschaftlichen T\u00e4tigkeit der Familie, insbesondere durch die Unterst\u00fctzung auf den Feldern. Es wurde sogar als integraler Bestandteil ihrer Erziehung betrachtet (Caron, 2006). Doch obwohl beim Recht auf <a href=\"https:\/\/www.humanium.org\/de\/recht-bildung\/\">Bildung<\/a> und dem Verbot der Kinderarbeit Fortschritte gemacht werden, sind immer noch viele junge Menschen von diesen Verst\u00f6\u00dfen betroffen. Im Jahr 2016 arbeiteten nach Sch\u00e4tzungen der Internationalen Arbeitsorganisation 152 Millionen Kinder, von denen 73 Millionen eine <a href=\"https:\/\/www.humanium.org\/de\/das-recht-auf-gesundheit\/\">gesundheitsgef\u00e4hrdende Arbeit<\/a> verrichteten (ILO, 2017). Angesichts des Mangels an zuverl\u00e4ssigen Daten und der informellen Aktivit\u00e4ten wird diese Zahl vermutlich untersch\u00e4tzt (UNICEF, 2006).<\/p>\n\n\n\n<p>Dennoch sind diese Verst\u00f6\u00dfe in gr\u00f6\u00dferen Zusammenh\u00e4ngen zu sehen. Zus\u00e4tzlich zu den F\u00e4llen von Kindesentf\u00fchrung (Jaffer &amp; Ataullahjan, 2015), die arme und schwache Kinder betreffen, ist Kinderarbeit eine Frage des \u00dcberlebens der Familie (Caron, 2006). In einigen Familien kann Kinderarbeit 25% des Gesamteinkommens ausmachen. Da jegliche gef\u00e4hrliche Arbeit, verboten ist, muss deren Praktik eingestellt werden. Dennoch sollten angesichts der Gefahr, dass bereits ausgeschlossene Familien weiter marginalisiert werden, nicht alle ungef\u00e4hrlichen Formen von Kinderarbeit abgelehnt werden (Dayez, 2010). <\/p>\n\n\n\n<p><a href=\"https:\/\/www.humanium.org\/de\/kinderarbeit-2\/\">Kinderarbeit<\/a> ist kein isoliertes Problem. Es ist notwendig, den Kontext zu ber\u00fccksichtigen, in dem die Familien sich bewegen. Um das Problem der Kinderarbeit zu l\u00f6sen, ist es notwendig, die sozio\u00f6konomische Situation der Menschen in ihrem Umfeld zu verbessern.<\/p>\n\n\n\n<h2 class=\"wp-block-heading\"><strong>Der notwendige Schutz der Kinder vor den Unternehmen, den Schl\u00fcsselakteuren der Gesellschaft<\/strong><\/h2>\n\n\n\n<p>Es ist daher unerl\u00e4sslich, die Kontrolle der Kinderarbeit zu versch\u00e4rfen und alle ihre gef\u00e4hrlichen Formen sowie den Kinderhandel zu bek\u00e4mpfen. Die internationale Gemeinschaft verf\u00fcgt bereits \u00fcber Konventionen, wie z.B. <strong>das \u00dcbereinkommen Nr. 182 \u00fcber das Verbot und unverz\u00fcgliche Ma\u00dfnahmen zur Beseitigung der schlimmsten Formen der Kinderarbeit.<\/strong> <\/p>\n\n\n\n<div class=\"wp-block-image\"><figure class=\"alignleft size-large is-resized\"><img loading=\"lazy\" decoding=\"async\" src=\"https:\/\/www.humanium.org\/de\/wp-content\/uploads\/2020\/08\/shutterstock_661562884-1-1024x1024.jpg\" alt=\"\" class=\"wp-image-13438\" width=\"342\" height=\"342\" srcset=\"https:\/\/www.humanium.org\/de\/wp-content\/uploads\/2020\/08\/shutterstock_661562884-1-1024x1024.jpg 1024w, https:\/\/www.humanium.org\/de\/wp-content\/uploads\/2020\/08\/shutterstock_661562884-1-300x300.jpg 300w, https:\/\/www.humanium.org\/de\/wp-content\/uploads\/2020\/08\/shutterstock_661562884-1-150x150.jpg 150w, https:\/\/www.humanium.org\/de\/wp-content\/uploads\/2020\/08\/shutterstock_661562884-1-768x768.jpg 768w, https:\/\/www.humanium.org\/de\/wp-content\/uploads\/2020\/08\/shutterstock_661562884-1-1536x1536.jpg 1536w, https:\/\/www.humanium.org\/de\/wp-content\/uploads\/2020\/08\/shutterstock_661562884-1-2048x2048.jpg 2048w, https:\/\/www.humanium.org\/de\/wp-content\/uploads\/2020\/08\/shutterstock_661562884-1-830x830.jpg 830w, https:\/\/www.humanium.org\/de\/wp-content\/uploads\/2020\/08\/shutterstock_661562884-1-230x230.jpg 230w, https:\/\/www.humanium.org\/de\/wp-content\/uploads\/2020\/08\/shutterstock_661562884-1-350x350.jpg 350w, https:\/\/www.humanium.org\/de\/wp-content\/uploads\/2020\/08\/shutterstock_661562884-1-480x480.jpg 480w\" sizes=\"auto, (max-width: 342px) 100vw, 342px\" \/><\/figure><\/div>\n\n\n\n<p>Auch innerhalb von Organisationen und Verb\u00e4nden gibt es Programme zur Bek\u00e4mpfung der schlimmsten Formen der <a href=\"https:\/\/www.humanium.org\/de\/kinderarbeit-2\/\">Kinderarbeit<\/a> (ILO, 2017). \u00dcber die Arbeit der verschiedenen Polizeikr\u00e4fte bei der Zerschlagung von <a href=\"https:\/\/www.humanium.org\/de\/kinderhandel\/\">Kinderhandelsnetzwerken<\/a> hinaus ist es notwendig, dass sich auch Unternehmen an diesem Kampf beteiligen. Ohne diese Unterst\u00fctzung wird <a href=\"https:\/\/www.humanium.org\/de\/ausbeutung\/\">die Ausbeutung von Kindern<\/a> f\u00fcr gef\u00e4hrliche Arbeiten weiterhin eine akzeptable Norm sein, ebenso wie der Menschenhandel (Esposito &amp; Tse, 2015). Eine gerechte Entlohnung der Mitarbeiter w\u00e4re beispielsweise eine M\u00f6glichkeit, gef\u00e4hrliche (oder andere) Kinderarbeit zu bek\u00e4mpfen, da sie die finanzielle L\u00fccke schlie\u00dfen w\u00fcrde, um das \u00dcberleben von Kindern und ihren Familien zu sichern.<\/p>\n\n\n\n<p><a href=\"https:\/\/www.humanium.org\/de\/kinderarbeit-2\/\">Kinderarbeit<\/a> war ein wichtiger Teil dieses Artikels. Wie jedoch bereits erw\u00e4hnt, haben Unternehmen auch sonst Auswirkungen auf Kinder und ihre Umgebung. Oftmals stoppen Unternehmen ihre Verantwortung gegen\u00fcber Kindern allein mit dem Thema Kinderarbeit (UNICEF, 2014). Dennoch m\u00fcssen Kinder auch als Verbraucher gesch\u00fctzt werden. Beispielsweise herrscht auf dem Spielzeugmarkt ein harter Wettbewerb, was Unternehmen dazu veranlassen kann, an den Kosten f\u00fcr die Produktqualit\u00e4t zu sparen. Im Jahr 2007 musste die amerikanische Firma Mattel in nur f\u00fcnf Wochen 21 Millionen Spielzeuge vom Markt nehmen (Perron, 2007). Es ist daher notwendig, den Schutz der Rechte von Verbrauchern unter 18 Jahren zu st\u00e4rken. <\/p>\n\n\n\n<p>Auch haben die Unternehmen durch ihre Aktivit\u00e4ten Einfluss auf die Umwelt, und dies betrifft alle Branchen (L&#8217;entreprise comme acteur \u00e9cologique, n.d.). Da Umwelt, globale Erw\u00e4rmung und die Rechte der Kinder untrennbar miteinander verbunden sind (UNICEF Kanada, n.d.), ist es &nbsp;&nbsp;unerl\u00e4sslich, dass die Unternehmen Stellung beziehen, damit ihre Aktivit\u00e4ten und ihr M\u00fcll keine sch\u00e4dlichen Auswirkungen auf die Umwelt mehr haben (L&#8217;entreprise comme acteur \u00e9cologique, n.d.). <\/p>\n\n\n\n<p>Solche negativen Auswirkungen stellen den Schutz der Kinderrechte wie das <a href=\"https:\/\/www.humanium.org\/de\/recht-wasser\/\">Recht auf Wasser<\/a>, das <a href=\"https:\/\/www.humanium.org\/de\/recht-nahrung\/\">Recht auf Nahrung<\/a> oder das <a href=\"https:\/\/www.humanium.org\/de\/das-recht-auf-gesundheit\/\">Recht auf Gesundheit<\/a> in Frage. Um den Unternehmen zu helfen, k\u00f6nnen sie sich auf die <em>Principles on the Rights of the Child and Business<\/em> st\u00fctzen, bei denen es sich um Richtlinien handelt, die von den Vereinten Nationen aufgestellt wurden, um sicherzustellen, dass Unternehmen die Kinderrechte respektieren (UNICEF, 2014). Die GRI-Berichterstattung (zur Nachhaltigkeit) erm\u00f6glicht es Unternehmen, diese Richtlinien zu \u00fcbernehmen und vor allem ihre Verantwortung gegen\u00fcber den Kinderrechten zu evaluieren und zu verstehen (UNICEF, 2014).<\/p>\n\n\n\n<figure class=\"wp-block-image size-large\"><img loading=\"lazy\" decoding=\"async\" width=\"1024\" height=\"678\" src=\"https:\/\/www.humanium.org\/de\/wp-content\/uploads\/2020\/08\/shutterstock_322041212-1024x678.jpg\" alt=\"\" class=\"wp-image-13439\" srcset=\"https:\/\/www.humanium.org\/de\/wp-content\/uploads\/2020\/08\/shutterstock_322041212-1024x678.jpg 1024w, https:\/\/www.humanium.org\/de\/wp-content\/uploads\/2020\/08\/shutterstock_322041212-300x199.jpg 300w, https:\/\/www.humanium.org\/de\/wp-content\/uploads\/2020\/08\/shutterstock_322041212-768x509.jpg 768w, https:\/\/www.humanium.org\/de\/wp-content\/uploads\/2020\/08\/shutterstock_322041212-1536x1017.jpg 1536w, https:\/\/www.humanium.org\/de\/wp-content\/uploads\/2020\/08\/shutterstock_322041212-2048x1356.jpg 2048w, https:\/\/www.humanium.org\/de\/wp-content\/uploads\/2020\/08\/shutterstock_322041212-830x550.jpg 830w, https:\/\/www.humanium.org\/de\/wp-content\/uploads\/2020\/08\/shutterstock_322041212-230x152.jpg 230w, https:\/\/www.humanium.org\/de\/wp-content\/uploads\/2020\/08\/shutterstock_322041212-350x232.jpg 350w, https:\/\/www.humanium.org\/de\/wp-content\/uploads\/2020\/08\/shutterstock_322041212-480x318.jpg 480w\" sizes=\"auto, (max-width: 1024px) 100vw, 1024px\" \/><\/figure>\n\n\n\n<p><strong>Humanium<\/strong> setzt sich t\u00e4glich daf\u00fcr ein, die Achtung der Kinderrechte zu f\u00f6rdern und zu gew\u00e4hrleisten. Mit all unseren Projekten arbeiten wir an vielen hartn\u00e4ckigen Problemen, wie z.B. <a href=\"https:\/\/www.humanium.org\/de\/kinderarbeit-2\/\">Kinderarbeit<\/a> in L\u00e4ndern wie <a href=\"https:\/\/www.humanium.org\/de\/indien\/\">Indien<\/a>, und tragen so zur St\u00e4rkung der Kinderrechte in der ganzen Welt bei. Dies ist m\u00f6glich dank Ihrer Spenden, die zu 100% in die Projekte reinvestiert werden. Bitte z\u00f6gern Sie nicht, aktiv zu werden, um die Rechte der Kinder zu verwirklichen, nicht zuletzt durch Ihre wertvollen Spenden.<\/p>\n\n\n\n<p><strong><em>Geschrieben von Juliette Bail<\/em><\/strong><\/p>\n\n\n\n<p><strong><em>\u00dcbersetzt von M\u00e9laine Athimon<\/em><\/strong><\/p>\n\n\n\n<p><strong><em>Lektoriert von Susanne Schr\u00f6der<\/em><\/strong><\/p>\n\n\n\n<h4 class=\"wp-block-heading\">Zitierte Arbeiten:<\/h4>\n\n\n\n<p class=\"has-small-font-size\"><a href=\"https:\/\/www.journaldemontreal.com\/2018\/06\/30\/au-gabon-la-difficile-lutte-contre-le-trafic-denfants-ouest-africains\" target=\"_blank\" rel=\"noreferrer noopener\">AFP. (2018, juin 30). <em>Au Gabon, la difficile lutte contre le trafic d&#8217;enfants ouest-africains<\/em>. R\u00e9cup\u00e9r\u00e9 sur Journal de Montr\u00e9al<\/a>.<\/p>\n\n\n\n<p class=\"has-small-font-size\"><a href=\"https:\/\/corpus.ulaval.ca\/jspui\/bitstream\/20.500.11794\/33024\/1\/23584.pdf\" target=\"_blank\" rel=\"noreferrer noopener\">Caron, T. (2006). <em>L&#8217;exploitation \u00e9conomique des enfants \u00e0 l&#8217;\u00e8re de la mondialisation: d\u00e9fis, normes et solutions du droit international.<\/em> R\u00e9cup\u00e9r\u00e9 sur Universit\u00e9 de Laval<\/a>.<\/p>\n\n\n\n<p class=\"has-small-font-size\">Dayez, C. (2010, septembre). <em>Travail des enfants. Entre esclavage et n\u00e9cessit\u00e9<\/em>. R\u00e9cup\u00e9r\u00e9 sur Oxfam.<\/p>\n\n\n\n<p class=\"has-small-font-size\"><a href=\"https:\/\/www.hbrfrance.fr\/chroniques-experts\/2015\/02\/6206-les-entreprises-ont-un-role-jouer-dans-lelimination-du-trafic-detres-humains\/\" target=\"_blank\" rel=\"noreferrer noopener\">Esposito, M., &amp; Tse, T. (2015, f\u00e9vrier 10). <em>Les entreprises ont un r\u00f4le \u00e0 jouer dans l\u2019\u00e9limination du trafic d\u2019\u00eatres humains<\/em>. R\u00e9cup\u00e9r\u00e9 sur Harvard Business Review &#8211; France<\/a>.<\/p>\n\n\n\n<p class=\"has-small-font-size\">Faber, B., Krause, B., &amp; S\u00e1nchez De La Sierra, R. (2017, mai 6). <em>Artisanal Mining, Livelihoods, and Child Labor in the Cobalt Supply Chain of the Democratic Republic of Congo.<\/em> R\u00e9cup\u00e9r\u00e9 sur Center for Effective Global Action Policy Report.<\/p>\n\n\n\n<p class=\"has-small-font-size\"><a href=\"https:\/\/sencanada.ca\/Content\/SEN\/Committee\/412\/ridr\/rep\/rep13jul15-f.pdf\" target=\"_blank\" rel=\"noreferrer noopener\">Jaffer, M. S., &amp; Ataullahjan, S. -C. (2015, juillet). <em>Alerte : D\u00e9fis et m\u00e9canismes internationaux pour faire face \u00e0 l\u2019enl\u00e8vement international d\u2019enfants<\/em>. R\u00e9cup\u00e9r\u00e9 sur S\u00e9nat du Canada<\/a>.<\/p>\n\n\n\n<p class=\"has-small-font-size\"><a href=\"https:\/\/www.lapresse.ca\/actualites\/2020-01-21\/la-traite-d-enfants-un-fleau-dans-un-quartier-pres-de-chez-vous\" target=\"_blank\" rel=\"noreferrer noopener\">Leduc, L. (2020, janvier 21). <em>La traite d\u2019enfants, un fl\u00e9au dans un quartier pr\u00e8s de chez vous<\/em>. R\u00e9cup\u00e9r\u00e9 sur La Presse<\/a>.<\/p>\n\n\n\n<p class=\"has-small-font-size\"><a href=\"http:\/\/les.cahiers-developpement-durable.be\/entreprendre\/1-2-lentreprise-en-tant-quacteur-ecologique\/\" target=\"_blank\" rel=\"noreferrer noopener\"><em>L&#8217;entreprise en tant qu&#8217;acteur \u00e9cologique<\/em>. (s.d.). R\u00e9cup\u00e9r\u00e9 sur Les cahiers du d\u00e9veloppement durable<\/a>.<\/p>\n\n\n\n<p class=\"has-small-font-size\"><a href=\"https:\/\/www.banquemondiale.org\/fr\/news\/feature\/2018\/03\/19\/meet-the-human-faces-of-climate-migration\" target=\"_blank\" rel=\"noreferrer noopener\"><em>Les migrants climatiques : visages humains d&#8217;un d\u00e9r\u00e8glement plan\u00e9taire<\/em>. (2018, mars 19). R\u00e9cup\u00e9r\u00e9 sur La Banque mondiale<\/a>.<\/p>\n\n\n\n<p class=\"has-small-font-size\"><a href=\"https:\/\/www.ilo.org\/ipec\/Informationresources\/WCMS_IPEC_PUB_16596\/lang--fr\/index.htm\" target=\"_blank\" rel=\"noreferrer noopener\">OIT. (2011, avril 1er). <em>Traite des enfants &#8211; Points essentiels.<\/em> R\u00e9cup\u00e9r\u00e9 sur Organisation internationale du travail<\/a>.<\/p>\n\n\n\n<p class=\"has-small-font-size\"><a href=\"https:\/\/www.ilo.org\/wcmsp5\/groups\/public\/@ed_norm\/@ipec\/documents\/publication\/wcms_596480.pdf\" target=\"_blank\" rel=\"noreferrer noopener\">OIT. (2017). <em>Estimations mondiales du travail des enfants : R\u00e9sultats et tendances 2012-2016 &#8211; R\u00e9sum\u00e9 analytique.<\/em> R\u00e9cup\u00e9r\u00e9 sur Organisation internationale du travail<\/a>.<\/p>\n\n\n\n<p class=\"has-small-font-size\"><a href=\"https:\/\/www.ilo.org\/ipec\/areas\/Traffickingofchildren\/lang--fr\/index.htm\" target=\"_blank\" rel=\"noreferrer noopener\">OIT. (s.d.). <em>Traite des enfants<\/em>. R\u00e9cup\u00e9r\u00e9 sur Organisation Internaitonale du Travail<\/a>.<\/p>\n\n\n\n<p class=\"has-small-font-size\"><a href=\"https:\/\/www.ilo.org\/wcmsp5\/groups\/public\/---ed_norm\/---ipec\/documents\/publication\/wcms_716931.pdf\" target=\"_blank\" rel=\"noreferrer noopener\">OIT, OCDE, OIM, UNICEF. (2019). <em>Mettre fin au travail des enfants, au travail forc\u00e9 et \u00e0 la traite des \u00eatres humains dans les cha\u00eenes d\u2019approvisionnement mondiales.<\/em> R\u00e9cup\u00e9r\u00e9 sur Organisation internationale du Travail<\/a>.<\/p>\n\n\n\n<p class=\"has-small-font-size\"><a href=\"https:\/\/www.nationalgeographic.fr\/environnement\/143-millions-de-personnes-pourraient-bientot-devenir-des-refugies-climatiques\" target=\"_blank\" rel=\"noreferrer noopener\">Parker, L. (s.d.). <em>143 millions de personnes pourraient bient\u00f4t devenir des r\u00e9fugi\u00e9s climatiques<\/em>. Consult\u00e9 le juillet 16, 2020, sur National Geographic<\/a>.<\/p>\n\n\n\n<p class=\"has-small-font-size\"><a href=\"https:\/\/www.protegez-vous.ca\/loisirs-et-famille\/jouets-danger-sous-le-sapin\" target=\"_blank\" rel=\"noreferrer noopener\">Perron, S. (2007, d\u00e9cembre 1). <em>Ces jouets dangereux pour vos enfants<\/em>. R\u00e9cup\u00e9r\u00e9 sur Prot\u00e9gez-vous<\/a>.<\/p>\n\n\n\n<p class=\"has-small-font-size\"><a href=\"https:\/\/www.unicef.org\/french\/protection\/files\/La_traite_d_enfants.pdf\" target=\"_blank\" rel=\"noreferrer noopener\">UNICEF. (2006, mai). <em>Fiche d&#8217;information sur la protection de l&#8217;enfant : La traite d\u2019enfants.<\/em> R\u00e9cup\u00e9r\u00e9 sur Le Fonds des Nations Unies pour l\u2019enfance<\/a>.<\/p>\n\n\n\n<p class=\"has-small-font-size\"><a href=\"https:\/\/www.unicef.ca\/sites\/default\/files\/imce_uploads\/images\/csr\/childrens_rights_in_sustainability_reporting_second_edition_french_28112014.pdf\" target=\"_blank\" rel=\"noreferrer noopener\">UNICEF. (2014, avril). <em>Les droits de l&#8217;enfant dans les rapports de responsabilit\u00e9 sociale : Un guide pour int\u00e9grer les droits de l\u2019enfant dans les rapports utilisant le r\u00e9f\u00e9rentiel GRI .<\/em> R\u00e9cup\u00e9r\u00e9 sur Fonds des Nations unies pour l\u2019Enfance<\/a>.<\/p>\n\n\n\n<p class=\"has-small-font-size\"><a href=\"https:\/\/www.unicef.ca\/fr\/article\/%C3%A0-propos-de-nous-0\" target=\"_blank\" rel=\"noreferrer noopener\">UNICEF Canada. (s.d.). <em>Les changements climatiques et les droits de l&#8217;enfant<\/em>. R\u00e9cup\u00e9r\u00e9 sur Le Fonds des Nations Unies pour l\u2019enfance<\/a>.<\/p>\n\n\n\n<p class=\"has-small-font-size\"><a href=\"https:\/\/www.unicef.ca\/fr\/proteger-les-enfants-contre-le-trafic-detres-humains\" target=\"_blank\" rel=\"noreferrer noopener\">UNICEF Canada. (s.d.). <em>Prot\u00e9ger les enfants contre le trafic d&#8217;\u00eatres humains<\/em>. R\u00e9cup\u00e9r\u00e9 sur Le Fonds des Nations Unies pour l\u2019enfance<\/a>.<\/p>\n\n\n\n<p class=\"has-small-font-size\"><a href=\"http:\/\/www.unodc.org\/documents\/treaties\/UNTOC\/Publications\/TOC%20Convention\/TOCebook-f.pdf\" target=\"_blank\" rel=\"noreferrer noopener\">UNODC. (2004). <em>Convention des Nations Unies contre la criminalit\u00e9 transnationale organis\u00e9e et protocoless s&#8217;y rapportant.<\/em> R\u00e9cup\u00e9r\u00e9 sur Office des Nations Unies contre la drogue et le crime<\/a>.<\/p>\n\n\n\n<p class=\"has-small-font-size\"><a href=\"https:\/\/www.24heures.ch\/le-monde-des-affaires-et-les-droits-de-lenfant-921243253112\" target=\"_blank\" rel=\"noreferrer noopener\">Zermatten, J. (2020, mai 31). <em>Le monde des affaires et les droits de l\u2019enfant<\/em>. R\u00e9cup\u00e9r\u00e9 sur 24 heures<\/a>.<\/p>\n","protected":false},"excerpt":{"rendered":"<p>Kinder sind Akteure in der Gesch\u00e4ftswelt, vor allem aber sind sie in vielerlei Hinsicht Opfer dieses Umfelds. Unsere \u00fcberwiegend kapitalistischen Gesellschaften machen die Wirtschaft im Leben der Kinder allgegenw\u00e4rtig. Zwischen der Ausbeutung von Kindern, der Gef\u00e4hrdung ihrer Entwicklung und der Ver\u00e4nderung oder gar Zerst\u00f6rung ihrer Umwelt m\u00fcssen die Unternehmen zu Pfeilern bei der F\u00f6rderung der [&hellip;]<\/p>\n","protected":false},"author":34,"featured_media":13433,"comment_status":"closed","ping_status":"closed","sticky":false,"template":"","format":"standard","meta":{"footnotes":""},"categories":[175,177,163],"tags":[],"class_list":["post-13430","post","type-post","status-publish","format-standard","has-post-thumbnail","hentry","category-ausbeutung","category-kinderarbeit","category-kinderrechte"],"yoast_head":"<!-- This site is optimized with the Yoast SEO plugin v26.5 - https:\/\/yoast.com\/wordpress\/plugins\/seo\/ -->\n<title>Welchen Platz haben die Kinderrechte in der Welt der Unternehmen? - Humanium<\/title>\n<meta name=\"description\" content=\"Kinder sind Akteure in der Gesch\u00e4ftswelt, vor allem aber sind sie in vielerlei Hinsicht Opfer dieses Umfelds.\" \/>\n<meta name=\"robots\" content=\"index, follow, max-snippet:-1, max-image-preview:large, max-video-preview:-1\" \/>\n<link rel=\"canonical\" href=\"https:\/\/www.humanium.org\/de\/welchen-platz-haben-die-kinderrechte-in-der-welt-der-unternehmen\/\" \/>\n<meta property=\"og:locale\" content=\"de_DE\" \/>\n<meta property=\"og:type\" content=\"article\" \/>\n<meta property=\"og:title\" content=\"Welchen Platz haben die Kinderrechte in der Welt der Unternehmen? - Humanium\" \/>\n<meta property=\"og:description\" content=\"Kinder sind Akteure in der Gesch\u00e4ftswelt, vor allem aber sind sie in vielerlei Hinsicht Opfer dieses Umfelds.\" \/>\n<meta property=\"og:url\" content=\"https:\/\/www.humanium.org\/de\/welchen-platz-haben-die-kinderrechte-in-der-welt-der-unternehmen\/\" \/>\n<meta property=\"og:site_name\" content=\"Humanium\" \/>\n<meta property=\"article:published_time\" content=\"2020-08-25T18:49:34+00:00\" \/>\n<meta property=\"article:modified_time\" content=\"2025-12-06T06:28:31+00:00\" \/>\n<meta property=\"og:image\" content=\"https:\/\/www.humanium.org\/de\/wp-content\/uploads\/2020\/08\/shutterstock_61787218-scaled.jpg\" \/>\n\t<meta property=\"og:image:width\" content=\"2560\" \/>\n\t<meta property=\"og:image:height\" content=\"1604\" \/>\n\t<meta property=\"og:image:type\" content=\"image\/jpeg\" \/>\n<meta name=\"author\" content=\"Juliette Bail\" \/>\n<meta name=\"twitter:card\" content=\"summary_large_image\" \/>\n<meta name=\"twitter:label1\" content=\"Verfasst von\" \/>\n\t<meta name=\"twitter:data1\" content=\"Juliette Bail\" \/>\n\t<meta name=\"twitter:label2\" content=\"Gesch\u00e4tzte Lesezeit\" \/>\n\t<meta name=\"twitter:data2\" content=\"10\u00a0Minuten\" \/>\n<script type=\"application\/ld+json\" class=\"yoast-schema-graph\">{\"@context\":\"https:\/\/schema.org\",\"@graph\":[{\"@type\":\"WebPage\",\"@id\":\"https:\/\/www.humanium.org\/de\/welchen-platz-haben-die-kinderrechte-in-der-welt-der-unternehmen\/\",\"url\":\"https:\/\/www.humanium.org\/de\/welchen-platz-haben-die-kinderrechte-in-der-welt-der-unternehmen\/\",\"name\":\"Welchen Platz haben die Kinderrechte in der Welt der Unternehmen? - Humanium\",\"isPartOf\":{\"@id\":\"https:\/\/www.humanium.org\/de\/#website\"},\"primaryImageOfPage\":{\"@id\":\"https:\/\/www.humanium.org\/de\/welchen-platz-haben-die-kinderrechte-in-der-welt-der-unternehmen\/#primaryimage\"},\"image\":{\"@id\":\"https:\/\/www.humanium.org\/de\/welchen-platz-haben-die-kinderrechte-in-der-welt-der-unternehmen\/#primaryimage\"},\"thumbnailUrl\":\"https:\/\/www.humanium.org\/de\/wp-content\/uploads\/2020\/08\/shutterstock_61787218-scaled.jpg\",\"datePublished\":\"2020-08-25T18:49:34+00:00\",\"dateModified\":\"2025-12-06T06:28:31+00:00\",\"author\":{\"@id\":\"https:\/\/www.humanium.org\/de\/#\/schema\/person\/aaa9bebcc270957c8d6a1bb478d1d4c1\"},\"description\":\"Kinder sind Akteure in der Gesch\u00e4ftswelt, vor allem aber sind sie in vielerlei Hinsicht Opfer dieses Umfelds.\",\"breadcrumb\":{\"@id\":\"https:\/\/www.humanium.org\/de\/welchen-platz-haben-die-kinderrechte-in-der-welt-der-unternehmen\/#breadcrumb\"},\"inLanguage\":\"de\",\"potentialAction\":[{\"@type\":\"ReadAction\",\"target\":[\"https:\/\/www.humanium.org\/de\/welchen-platz-haben-die-kinderrechte-in-der-welt-der-unternehmen\/\"]}]},{\"@type\":\"ImageObject\",\"inLanguage\":\"de\",\"@id\":\"https:\/\/www.humanium.org\/de\/welchen-platz-haben-die-kinderrechte-in-der-welt-der-unternehmen\/#primaryimage\",\"url\":\"https:\/\/www.humanium.org\/de\/wp-content\/uploads\/2020\/08\/shutterstock_61787218-scaled.jpg\",\"contentUrl\":\"https:\/\/www.humanium.org\/de\/wp-content\/uploads\/2020\/08\/shutterstock_61787218-scaled.jpg\",\"width\":2560,\"height\":1604},{\"@type\":\"BreadcrumbList\",\"@id\":\"https:\/\/www.humanium.org\/de\/welchen-platz-haben-die-kinderrechte-in-der-welt-der-unternehmen\/#breadcrumb\",\"itemListElement\":[{\"@type\":\"ListItem\",\"position\":1,\"name\":\"Home\",\"item\":\"https:\/\/www.humanium.org\/de\/\"},{\"@type\":\"ListItem\",\"position\":2,\"name\":\"Welchen Platz haben die Kinderrechte in der Welt der Unternehmen?\"}]},{\"@type\":\"WebSite\",\"@id\":\"https:\/\/www.humanium.org\/de\/#website\",\"url\":\"https:\/\/www.humanium.org\/de\/\",\"name\":\"Humanium\",\"description\":\"Kinder zuerst!\",\"potentialAction\":[{\"@type\":\"SearchAction\",\"target\":{\"@type\":\"EntryPoint\",\"urlTemplate\":\"https:\/\/www.humanium.org\/de\/?s={search_term_string}\"},\"query-input\":{\"@type\":\"PropertyValueSpecification\",\"valueRequired\":true,\"valueName\":\"search_term_string\"}}],\"inLanguage\":\"de\"},{\"@type\":\"Person\",\"@id\":\"https:\/\/www.humanium.org\/de\/#\/schema\/person\/aaa9bebcc270957c8d6a1bb478d1d4c1\",\"name\":\"Juliette Bail\",\"image\":{\"@type\":\"ImageObject\",\"inLanguage\":\"de\",\"@id\":\"https:\/\/www.humanium.org\/de\/#\/schema\/person\/image\/\",\"url\":\"https:\/\/secure.gravatar.com\/avatar\/26260966db936d01d62e0250da1d4a9db52f2bc2fdc3edb4ff79971dc3d79359?s=96&d=mm&r=g\",\"contentUrl\":\"https:\/\/secure.gravatar.com\/avatar\/26260966db936d01d62e0250da1d4a9db52f2bc2fdc3edb4ff79971dc3d79359?s=96&d=mm&r=g\",\"caption\":\"Juliette Bail\"},\"sameAs\":[\"https:\/\/www.linkedin.com\/in\/juliettebail\/\"],\"url\":\"https:\/\/www.humanium.org\/de\/author\/autor_juliettebail\/\"}]}<\/script>\n<!-- \/ Yoast SEO plugin. -->","yoast_head_json":{"title":"Welchen Platz haben die Kinderrechte in der Welt der Unternehmen? - Humanium","description":"Kinder sind Akteure in der Gesch\u00e4ftswelt, vor allem aber sind sie in vielerlei Hinsicht Opfer dieses Umfelds.","robots":{"index":"index","follow":"follow","max-snippet":"max-snippet:-1","max-image-preview":"max-image-preview:large","max-video-preview":"max-video-preview:-1"},"canonical":"https:\/\/www.humanium.org\/de\/welchen-platz-haben-die-kinderrechte-in-der-welt-der-unternehmen\/","og_locale":"de_DE","og_type":"article","og_title":"Welchen Platz haben die Kinderrechte in der Welt der Unternehmen? - Humanium","og_description":"Kinder sind Akteure in der Gesch\u00e4ftswelt, vor allem aber sind sie in vielerlei Hinsicht Opfer dieses Umfelds.","og_url":"https:\/\/www.humanium.org\/de\/welchen-platz-haben-die-kinderrechte-in-der-welt-der-unternehmen\/","og_site_name":"Humanium","article_published_time":"2020-08-25T18:49:34+00:00","article_modified_time":"2025-12-06T06:28:31+00:00","og_image":[{"width":2560,"height":1604,"url":"https:\/\/www.humanium.org\/de\/wp-content\/uploads\/2020\/08\/shutterstock_61787218-scaled.jpg","type":"image\/jpeg"}],"author":"Juliette Bail","twitter_card":"summary_large_image","twitter_misc":{"Verfasst von":"Juliette Bail","Gesch\u00e4tzte Lesezeit":"10\u00a0Minuten"},"schema":{"@context":"https:\/\/schema.org","@graph":[{"@type":"WebPage","@id":"https:\/\/www.humanium.org\/de\/welchen-platz-haben-die-kinderrechte-in-der-welt-der-unternehmen\/","url":"https:\/\/www.humanium.org\/de\/welchen-platz-haben-die-kinderrechte-in-der-welt-der-unternehmen\/","name":"Welchen Platz haben die Kinderrechte in der Welt der Unternehmen? - Humanium","isPartOf":{"@id":"https:\/\/www.humanium.org\/de\/#website"},"primaryImageOfPage":{"@id":"https:\/\/www.humanium.org\/de\/welchen-platz-haben-die-kinderrechte-in-der-welt-der-unternehmen\/#primaryimage"},"image":{"@id":"https:\/\/www.humanium.org\/de\/welchen-platz-haben-die-kinderrechte-in-der-welt-der-unternehmen\/#primaryimage"},"thumbnailUrl":"https:\/\/www.humanium.org\/de\/wp-content\/uploads\/2020\/08\/shutterstock_61787218-scaled.jpg","datePublished":"2020-08-25T18:49:34+00:00","dateModified":"2025-12-06T06:28:31+00:00","author":{"@id":"https:\/\/www.humanium.org\/de\/#\/schema\/person\/aaa9bebcc270957c8d6a1bb478d1d4c1"},"description":"Kinder sind Akteure in der Gesch\u00e4ftswelt, vor allem aber sind sie in vielerlei Hinsicht Opfer dieses Umfelds.","breadcrumb":{"@id":"https:\/\/www.humanium.org\/de\/welchen-platz-haben-die-kinderrechte-in-der-welt-der-unternehmen\/#breadcrumb"},"inLanguage":"de","potentialAction":[{"@type":"ReadAction","target":["https:\/\/www.humanium.org\/de\/welchen-platz-haben-die-kinderrechte-in-der-welt-der-unternehmen\/"]}]},{"@type":"ImageObject","inLanguage":"de","@id":"https:\/\/www.humanium.org\/de\/welchen-platz-haben-die-kinderrechte-in-der-welt-der-unternehmen\/#primaryimage","url":"https:\/\/www.humanium.org\/de\/wp-content\/uploads\/2020\/08\/shutterstock_61787218-scaled.jpg","contentUrl":"https:\/\/www.humanium.org\/de\/wp-content\/uploads\/2020\/08\/shutterstock_61787218-scaled.jpg","width":2560,"height":1604},{"@type":"BreadcrumbList","@id":"https:\/\/www.humanium.org\/de\/welchen-platz-haben-die-kinderrechte-in-der-welt-der-unternehmen\/#breadcrumb","itemListElement":[{"@type":"ListItem","position":1,"name":"Home","item":"https:\/\/www.humanium.org\/de\/"},{"@type":"ListItem","position":2,"name":"Welchen Platz haben die Kinderrechte in der Welt der Unternehmen?"}]},{"@type":"WebSite","@id":"https:\/\/www.humanium.org\/de\/#website","url":"https:\/\/www.humanium.org\/de\/","name":"Humanium","description":"Kinder zuerst!","potentialAction":[{"@type":"SearchAction","target":{"@type":"EntryPoint","urlTemplate":"https:\/\/www.humanium.org\/de\/?s={search_term_string}"},"query-input":{"@type":"PropertyValueSpecification","valueRequired":true,"valueName":"search_term_string"}}],"inLanguage":"de"},{"@type":"Person","@id":"https:\/\/www.humanium.org\/de\/#\/schema\/person\/aaa9bebcc270957c8d6a1bb478d1d4c1","name":"Juliette Bail","image":{"@type":"ImageObject","inLanguage":"de","@id":"https:\/\/www.humanium.org\/de\/#\/schema\/person\/image\/","url":"https:\/\/secure.gravatar.com\/avatar\/26260966db936d01d62e0250da1d4a9db52f2bc2fdc3edb4ff79971dc3d79359?s=96&d=mm&r=g","contentUrl":"https:\/\/secure.gravatar.com\/avatar\/26260966db936d01d62e0250da1d4a9db52f2bc2fdc3edb4ff79971dc3d79359?s=96&d=mm&r=g","caption":"Juliette Bail"},"sameAs":["https:\/\/www.linkedin.com\/in\/juliettebail\/"],"url":"https:\/\/www.humanium.org\/de\/author\/autor_juliettebail\/"}]}},"_links":{"self":[{"href":"https:\/\/www.humanium.org\/de\/wp-json\/wp\/v2\/posts\/13430","targetHints":{"allow":["GET"]}}],"collection":[{"href":"https:\/\/www.humanium.org\/de\/wp-json\/wp\/v2\/posts"}],"about":[{"href":"https:\/\/www.humanium.org\/de\/wp-json\/wp\/v2\/types\/post"}],"author":[{"embeddable":true,"href":"https:\/\/www.humanium.org\/de\/wp-json\/wp\/v2\/users\/34"}],"replies":[{"embeddable":true,"href":"https:\/\/www.humanium.org\/de\/wp-json\/wp\/v2\/comments?post=13430"}],"version-history":[{"count":14,"href":"https:\/\/www.humanium.org\/de\/wp-json\/wp\/v2\/posts\/13430\/revisions"}],"predecessor-version":[{"id":20935,"href":"https:\/\/www.humanium.org\/de\/wp-json\/wp\/v2\/posts\/13430\/revisions\/20935"}],"wp:featuredmedia":[{"embeddable":true,"href":"https:\/\/www.humanium.org\/de\/wp-json\/wp\/v2\/media\/13433"}],"wp:attachment":[{"href":"https:\/\/www.humanium.org\/de\/wp-json\/wp\/v2\/media?parent=13430"}],"wp:term":[{"taxonomy":"category","embeddable":true,"href":"https:\/\/www.humanium.org\/de\/wp-json\/wp\/v2\/categories?post=13430"},{"taxonomy":"post_tag","embeddable":true,"href":"https:\/\/www.humanium.org\/de\/wp-json\/wp\/v2\/tags?post=13430"}],"curies":[{"name":"wp","href":"https:\/\/api.w.org\/{rel}","templated":true}]}}