{"id":13937,"date":"2020-12-27T16:36:16","date_gmt":"2020-12-27T16:36:16","guid":{"rendered":"https:\/\/www.humanium.org\/de\/?p=13937"},"modified":"2025-12-06T06:28:49","modified_gmt":"2025-12-06T06:28:49","slug":"humanium-unterbreitet-der-un-einen-vorschlag-fuer-eine-allgemeine-bemerkung-ueber-die-rechte-des-kindes-in-bezug-auf-den-digitalen-raum","status":"publish","type":"post","link":"https:\/\/www.humanium.org\/de\/humanium-unterbreitet-der-un-einen-vorschlag-fuer-eine-allgemeine-bemerkung-ueber-die-rechte-des-kindes-in-bezug-auf-den-digitalen-raum\/","title":{"rendered":"Humanium unterbreitet der UN einen Vorschlag f\u00fcr eine allgemeine Bemerkung \u00fcber die Rechte des Kindes in Bezug auf den digitalen Raum"},"content":{"rendered":"\n<p><strong>Wir sind stolz verk\u00fcndigen zu d\u00fcrfen, dass Humanium am 15. November 2020 erstmals der UN einen Vorschlag zu einer <a href=\"https:\/\/www.humanium.org\/de\/rolle-und-zustandigkeiten-allgemeine-bemerkungen-und-diskussionstage_der-ausschuss-fur-die-rechte-des-kindes\/\">allgemeinen Bemerkung<\/a> unterbreitet hat. Humanium ist dem Aufruf der UN zur Beteiligung von NRO\u2019s an einem Entwurf einer allgemeinen Bemerkung zu den <a href=\"https:\/\/www.humanium.org\/de\/rechte-kindes\/\">Rechten der Kinder<\/a> in Bezug auf den digitalen Raum, gefolgt. (Englisch: <em>General Comment on Children\u2019s Rights in Relation to the Digital Environment<\/em>).<\/strong><\/p>\n\n\n\n<blockquote class=\"wp-block-quote is-layout-flow wp-block-quote-is-layout-flow\">\n<p>\u201eKinder sehen digitale Technologien als wesentlichen Bestandteil ihres derzeitigen und zuk\u00fcnftigen Lebens in vielerlei Hinsicht an. Sie finden Vorteile bei der Einsetzung digitaler Technologien: \u201eIch dr\u00fccke (online) das aus, was mir in der Welt wichtig ist\u201c; \u201eIch brauche die Technologie f\u00fcr die Schule und um mich zu unterhalten\u201c; \u201eWenn ihr traurig seit, kann das Internet euch dabei helfen etwas zu finden, was euch Freude bereitet\u201c.\u201c<\/p>\n<cite>Entwurf der&nbsp; <a href=\"https:\/\/www.humanium.org\/de\/rolle-und-zustandigkeiten-allgemeine-bemerkungen-und-diskussionstage_der-ausschuss-fur-die-rechte-des-kindes\/\">allgemeinen Bemerkung<\/a> der UN, <a href=\"https:\/\/www.humanium.org\/de\/rechte-kindes\/\">Rechte der Kinder<\/a> und der digitale Raum, 2020<\/cite><\/blockquote>\n\n\n\n<p>In diesem Entwurf der <a href=\"https:\/\/www.humanium.org\/de\/rolle-und-zustandigkeiten-allgemeine-bemerkungen-und-diskussionstage_der-ausschuss-fur-die-rechte-des-kindes\/\">allgemeinen Bemerkung<\/a>, hat der <a href=\"https:\/\/www.humanium.org\/de\/ausschuss-rolle\/\">Ausschuss f\u00fcr die Rechte des Kindes (CRC)<\/a> eine Umsetzung der Kinderrechtskonvention im Hinblick auf den digitalen Raum ausgearbeitet. Alle bedeutsamen Elemente der<a href=\"https:\/\/www.humanium.org\/de\/rechte-kindes\/\"> Rechte der Kinder<\/a> sind unter dem Aspekt des digitalen Umfelds \u00fcberarbeitet worden; vom Schutz vor allen Formen von <a href=\"https:\/\/www.humanium.org\/de\/themenschwerpunkte\/focusdiskriminierung\/\">Diskriminierung <\/a>(Art.2), vom Wohl des Kindes (Art. 3) bis hin zum Recht auf den Zugang zu den Medien (Art.17) und <a href=\"https:\/\/www.humanium.org\/de\/recht-freiheit\/\">Meinungsfreiheit<\/a> (Art.13), aber auch vom Schutz von Kindern gegen alle Formen von <a href=\"https:\/\/www.humanium.org\/de\/themenschwerpunkte\/gewalt\/\">Gewalt<\/a> (Art.19). (Entwurf der&nbsp; <a href=\"https:\/\/www.humanium.org\/de\/rolle-und-zustandigkeiten-allgemeine-bemerkungen-und-diskussionstage_der-ausschuss-fur-die-rechte-des-kindes\/\">allgemeinen Bemerkung<\/a> der UN, <a href=\"https:\/\/www.humanium.org\/de\/rechte-kindes\/\">Rechte der Kinder<\/a> und der digitale Raum, 2020)<\/p>\n\n\n\n<blockquote class=\"wp-block-quote is-layout-flow wp-block-quote-is-layout-flow\">\n<p>\u201eDas Recht auf Nicht-Diskriminierung fordert, dass die Staaten darauf achten, dass alle Kinder, Kinder aus Familien mit geringem Einkommen und Kinder aus l\u00e4ndlichen und abgelegenen Gebieten mit eingeschlossen, einen gleichwertigen und effektiven Zugang zum digitalen Raum haben [&#8230;].\u201c<\/p>\n<cite>Entwurf <a href=\"https:\/\/www.humanium.org\/de\/rolle-und-zustandigkeiten-allgemeine-bemerkungen-und-diskussionstage_der-ausschuss-fur-die-rechte-des-kindes\/\">allgemeinen Bemerkung<\/a> der UN, <a href=\"https:\/\/www.humanium.org\/de\/rechte-kindes\/\">Rechte der Kinder<\/a> und der digitale Raum, 2020<\/cite><\/blockquote>\n\n\n\n<p>Humanium hat dem <a href=\"https:\/\/www.humanium.org\/de\/ausschuss-rolle\/\">Ausschuss <\/a>f\u00fcr die <a href=\"https:\/\/www.humanium.org\/de\/rechte-kindes\/\">Rechte des Kindes<\/a> seine volle Unterst\u00fctzung angeboten und im Zuge dessen Vorschl\u00e4ge f\u00fcr den Schutz der <a href=\"https:\/\/www.humanium.org\/de\/rechte-kindes\/\">Rechte der Kinder<\/a> gegen <a href=\"https:\/\/www.humanium.org\/de\/das-recht-auf-schutz\/\">Gewalt<\/a> unterbreitet. Humanium schl\u00e4gt beispielsweise vor Erwachsene und Kinder auf verschiedenen Spieleplattformen zu trennen. Dies dient dazu jeglichen Kontakt zwischen Erwachsenen mit schlechten Absichten und Kindern zu vermeiden. Es wird auch empfohlen eine bessere P\u00e4dagogik bez\u00fcglich des digitalen Raumes durch Bildungsma\u00dfnahmen sowie eine verst\u00e4rkte Verantwortung privater Akteure hinsichtlich eines besseren Verst\u00e4ndnisses von schwierigen, aber essentiellen Begriffen wie \u201ePrivatleben\u201c oder aber auch \u201eDaten\u201c und \u201eCookie\u201c in Betracht zu ziehen,<\/p>\n\n\n\n<p>Dar\u00fcber hinaus wird als Neuerung die Ber\u00fccksichtigung der <a href=\"https:\/\/www.humanium.org\/de\/rechte-kindes\/\">Rechte von Kindern<\/a> bei der Erstellung von Online-Inhalten angef\u00fchrt, um deren Kindeswohl zu wahren. Schlussendlich wird auch hervorgehoben, dass die <a href=\"https:\/\/www.humanium.org\/de\/rechte-kindes\/\">Rechte der Kinder<\/a> und ihrem virtuellen Umfeld zusammen mit Umweltrechten sowie dem Recht auf eine <a href=\"https:\/\/www.humanium.org\/de\/themenschwerpunkte\/umwelt\/umweltrechte\/\">gesunde Umwelt<\/a> betrachtet werden m\u00fcssen.<\/p>\n\n\n\n<blockquote class=\"wp-block-quote is-layout-flow wp-block-quote-is-layout-flow\">\n<p>\u201eDie allgemeine Bemerkung kommt zu einem beispiellosen und entscheidenden Zeitpunkt, da die <a href=\"https:\/\/www.humanium.org\/de\/ein-5-punkte-coronavirus-leitfaden-fuer-kinder\/\">Covid-19<\/a>&#8211; Pandemie die Rechte des Kindes bedroht hat und diese auch weiterhin bedroht\u00a0 zumal sie die Onlinepr\u00e4senz von Kindern deutlich angehoben hat, w\u00e4hrend Aktivit\u00e4ten im Bereich Bildung, Freizeit, Soziales, Politik und Beruf auf der Welt massiv in die digitale Sph\u00e4re verschoben worden sind.\u201c<\/p>\n<cite>Auszug aus dem von Humanium dargebrachten Vorschlag an die UN zur <a href=\"https:\/\/www.humanium.org\/de\/rolle-und-zustandigkeiten-allgemeine-bemerkungen-und-diskussionstage_der-ausschuss-fur-die-rechte-des-kindes\/\">allgemeinen Bemerkung<\/a> \u00fcber die Rechte der Kinder und dem digitalen Raum, 2020<\/cite><\/blockquote>\n\n\n\n<p>Kinder brauchen dringend eine neue Umsetzung ihrer Rechte angesichts der aktuellen Probleme, n\u00e4mlich diejenigen, die den digitalen Raum umschlie\u00dfen. Die Online-Diskriminierungen nehmen zu, aber auch der <a href=\"https:\/\/www.humanium.org\/de\/das-recht-auf-schutz\/\">Missbrauch<\/a> von Kindern. Da die <a href=\"https:\/\/www.humanium.org\/de\/ein-5-punkte-coronavirus-leitfaden-fuer-kinder\/\">Covid-19<\/a>-Pandemie weiterhin Kinder auf der ganzen Welt betrifft, war der Internetzugang noch nie so wichtig und risikobehaftet. Daher sind tiefgreifendere und auf Kinder zugeschnittene&nbsp; Schutzma\u00dfnahmen erforderlich. Die <a href=\"https:\/\/www.humanium.org\/de\/rolle-und-zustandigkeiten-allgemeine-bemerkungen-und-diskussionstage_der-ausschuss-fur-die-rechte-des-kindes\/\">allgemeinen Bemerkungen<\/a> des <a href=\"https:\/\/www.humanium.org\/de\/ausschuss-rolle\/\">Ausschusses<\/a> f\u00fcr die <a href=\"https:\/\/www.humanium.org\/de\/rechte-kindes\/\">Rechte der Kinder<\/a> sind daher ein unverzichtbares Instrument f\u00fcr den Schutz von Minderj\u00e4hrigen auf der ganzen Welt.<\/p>\n\n\n\n<p>Falls Sie unsere Aktionen unterst\u00fctzen und m\u00f6chten, dass das internationale Kinderecht auch in Anbetracht des digitalen Zeitalters ber\u00fccksichtigt wird, abonnieren Sie unseren Newsletter und werden Sie Mitglied.<\/p>\n\n\n\n<p><strong>Um die fortlaufende Arbeit von Humanium zu unterst\u00fctzen die <a href=\"https:\/\/www.humanium.org\/de\/rechte-kindes\/\">Rechte der Kinder<\/a> auf der ganzen Welt zu verwirklichen, ziehen Sie eine <a href=\"https:\/\/www.humanium.org\/de\/spenden\/\">Spende<\/a> in Betracht, unterzeichnen Sie unsere <a href=\"https:\/\/www.humanium.org\/en\/stop-the-destruction-of-the-amazon-rainforest\/?utm_source=website&amp;utm_campaign=petition_amazonia&amp;utm_medium=popup\">Petition<\/a>, um gemeinsam mit uns f\u00fcr die <a href=\"https:\/\/www.humanium.org\/de\/rechte-kindes\/\">Rechte der Kinder <\/a>einzutreten.<\/strong><\/p>\n\n\n\n<p><strong><em>Verfasst von Adrian Lakrichi<\/em><\/strong><\/p>\n\n\n\n<p><strong><em>\u00dcbersetzt von Humanium-Freiwilligen<\/em><\/strong><\/p>\n\n\n\n<h4 class=\"wp-block-heading\">Verweise:<\/h4>\n\n\n\n<p class=\"has-small-font-size\"><a href=\"https:\/\/tbinternet.ohchr.org\/_layouts\/15\/treatybodyexternal\/Download.aspx?symbolno=CRC\/C\/GC\/25&amp;Lang=en\" target=\"_blank\" rel=\"noreferrer noopener\">Nations Unies (2020). Brouillon de l\u2019Observation g\u00e9n\u00e9rale des Nations Unis, droits des enfants et l&#8217;environnement num\u00e9rique. R\u00e9cup\u00e9r\u00e9 de OHCHR.org<\/a><\/p>\n","protected":false},"excerpt":{"rendered":"<p>Wir sind stolz verk\u00fcndigen zu d\u00fcrfen, dass Humanium am 15. November 2020 erstmals der UN einen Vorschlag zu einer allgemeinen Bemerkung unterbreitet hat. Humanium ist dem Aufruf der UN zur Beteiligung von NRO\u2019s an einem Entwurf einer allgemeinen Bemerkung zu den Rechten der Kinder in Bezug auf den digitalen Raum, gefolgt. (Englisch: General Comment on [&hellip;]<\/p>\n","protected":false},"author":38,"featured_media":13939,"comment_status":"closed","ping_status":"closed","sticky":false,"template":"","format":"standard","meta":{"footnotes":""},"categories":[163,6],"tags":[],"class_list":["post-13937","post","type-post","status-publish","format-standard","has-post-thumbnail","hentry","category-kinderrechte","category-leben-von-humanium"],"yoast_head":"<!-- This site is optimized with the Yoast SEO plugin v26.5 - https:\/\/yoast.com\/wordpress\/plugins\/seo\/ -->\n<title>Humanium unterbreitet der UN einen Vorschlag f\u00fcr eine allgemeine Bemerkung \u00fcber die Rechte des Kindes in Bezug auf den digitalen Raum - Humanium<\/title>\n<meta name=\"description\" content=\"Am 15. November 2020 Humanium hat erstmals der UN einen Vorschlag zu einer allgemeinen Bemerkung unterbreitet.\" \/>\n<meta name=\"robots\" content=\"index, follow, max-snippet:-1, max-image-preview:large, max-video-preview:-1\" \/>\n<link rel=\"canonical\" href=\"https:\/\/www.humanium.org\/de\/humanium-unterbreitet-der-un-einen-vorschlag-fuer-eine-allgemeine-bemerkung-ueber-die-rechte-des-kindes-in-bezug-auf-den-digitalen-raum\/\" \/>\n<meta property=\"og:locale\" content=\"de_DE\" \/>\n<meta property=\"og:type\" content=\"article\" \/>\n<meta property=\"og:title\" content=\"Humanium unterbreitet der UN einen Vorschlag f\u00fcr eine allgemeine Bemerkung \u00fcber die Rechte des Kindes in Bezug auf den digitalen Raum - Humanium\" \/>\n<meta property=\"og:description\" content=\"Am 15. November 2020 Humanium hat erstmals der UN einen Vorschlag zu einer allgemeinen Bemerkung unterbreitet.\" \/>\n<meta property=\"og:url\" content=\"https:\/\/www.humanium.org\/de\/humanium-unterbreitet-der-un-einen-vorschlag-fuer-eine-allgemeine-bemerkung-ueber-die-rechte-des-kindes-in-bezug-auf-den-digitalen-raum\/\" \/>\n<meta property=\"og:site_name\" content=\"Humanium\" \/>\n<meta property=\"article:published_time\" content=\"2020-12-27T16:36:16+00:00\" \/>\n<meta property=\"article:modified_time\" content=\"2025-12-06T06:28:49+00:00\" \/>\n<meta property=\"og:image\" content=\"https:\/\/www.humanium.org\/de\/wp-content\/uploads\/2020\/12\/Picture-1-1.png\" \/>\n\t<meta property=\"og:image:width\" content=\"839\" \/>\n\t<meta property=\"og:image:height\" content=\"560\" \/>\n\t<meta property=\"og:image:type\" content=\"image\/png\" \/>\n<meta name=\"author\" content=\"Adrian Lakrichi\" \/>\n<meta name=\"twitter:card\" content=\"summary_large_image\" \/>\n<meta name=\"twitter:label1\" content=\"Verfasst von\" \/>\n\t<meta name=\"twitter:data1\" content=\"Adrian Lakrichi\" \/>\n\t<meta name=\"twitter:label2\" content=\"Gesch\u00e4tzte Lesezeit\" \/>\n\t<meta name=\"twitter:data2\" content=\"3\u00a0Minuten\" \/>\n<script type=\"application\/ld+json\" class=\"yoast-schema-graph\">{\"@context\":\"https:\/\/schema.org\",\"@graph\":[{\"@type\":\"WebPage\",\"@id\":\"https:\/\/www.humanium.org\/de\/humanium-unterbreitet-der-un-einen-vorschlag-fuer-eine-allgemeine-bemerkung-ueber-die-rechte-des-kindes-in-bezug-auf-den-digitalen-raum\/\",\"url\":\"https:\/\/www.humanium.org\/de\/humanium-unterbreitet-der-un-einen-vorschlag-fuer-eine-allgemeine-bemerkung-ueber-die-rechte-des-kindes-in-bezug-auf-den-digitalen-raum\/\",\"name\":\"Humanium unterbreitet der UN einen Vorschlag f\u00fcr eine allgemeine Bemerkung \u00fcber die Rechte des Kindes in Bezug auf den digitalen Raum - Humanium\",\"isPartOf\":{\"@id\":\"https:\/\/www.humanium.org\/de\/#website\"},\"primaryImageOfPage\":{\"@id\":\"https:\/\/www.humanium.org\/de\/humanium-unterbreitet-der-un-einen-vorschlag-fuer-eine-allgemeine-bemerkung-ueber-die-rechte-des-kindes-in-bezug-auf-den-digitalen-raum\/#primaryimage\"},\"image\":{\"@id\":\"https:\/\/www.humanium.org\/de\/humanium-unterbreitet-der-un-einen-vorschlag-fuer-eine-allgemeine-bemerkung-ueber-die-rechte-des-kindes-in-bezug-auf-den-digitalen-raum\/#primaryimage\"},\"thumbnailUrl\":\"https:\/\/www.humanium.org\/de\/wp-content\/uploads\/2020\/12\/Picture-1-1.png\",\"datePublished\":\"2020-12-27T16:36:16+00:00\",\"dateModified\":\"2025-12-06T06:28:49+00:00\",\"author\":{\"@id\":\"https:\/\/www.humanium.org\/de\/#\/schema\/person\/b2486c54002db9b5cf432a6c5e362481\"},\"description\":\"Am 15. November 2020 Humanium hat erstmals der UN einen Vorschlag zu einer allgemeinen Bemerkung unterbreitet.\",\"breadcrumb\":{\"@id\":\"https:\/\/www.humanium.org\/de\/humanium-unterbreitet-der-un-einen-vorschlag-fuer-eine-allgemeine-bemerkung-ueber-die-rechte-des-kindes-in-bezug-auf-den-digitalen-raum\/#breadcrumb\"},\"inLanguage\":\"de\",\"potentialAction\":[{\"@type\":\"ReadAction\",\"target\":[\"https:\/\/www.humanium.org\/de\/humanium-unterbreitet-der-un-einen-vorschlag-fuer-eine-allgemeine-bemerkung-ueber-die-rechte-des-kindes-in-bezug-auf-den-digitalen-raum\/\"]}]},{\"@type\":\"ImageObject\",\"inLanguage\":\"de\",\"@id\":\"https:\/\/www.humanium.org\/de\/humanium-unterbreitet-der-un-einen-vorschlag-fuer-eine-allgemeine-bemerkung-ueber-die-rechte-des-kindes-in-bezug-auf-den-digitalen-raum\/#primaryimage\",\"url\":\"https:\/\/www.humanium.org\/de\/wp-content\/uploads\/2020\/12\/Picture-1-1.png\",\"contentUrl\":\"https:\/\/www.humanium.org\/de\/wp-content\/uploads\/2020\/12\/Picture-1-1.png\",\"width\":839,\"height\":560},{\"@type\":\"BreadcrumbList\",\"@id\":\"https:\/\/www.humanium.org\/de\/humanium-unterbreitet-der-un-einen-vorschlag-fuer-eine-allgemeine-bemerkung-ueber-die-rechte-des-kindes-in-bezug-auf-den-digitalen-raum\/#breadcrumb\",\"itemListElement\":[{\"@type\":\"ListItem\",\"position\":1,\"name\":\"Home\",\"item\":\"https:\/\/www.humanium.org\/de\/\"},{\"@type\":\"ListItem\",\"position\":2,\"name\":\"Humanium unterbreitet der UN einen Vorschlag f\u00fcr eine allgemeine Bemerkung \u00fcber die Rechte des Kindes in Bezug auf den digitalen Raum\"}]},{\"@type\":\"WebSite\",\"@id\":\"https:\/\/www.humanium.org\/de\/#website\",\"url\":\"https:\/\/www.humanium.org\/de\/\",\"name\":\"Humanium\",\"description\":\"Kinder zuerst!\",\"potentialAction\":[{\"@type\":\"SearchAction\",\"target\":{\"@type\":\"EntryPoint\",\"urlTemplate\":\"https:\/\/www.humanium.org\/de\/?s={search_term_string}\"},\"query-input\":{\"@type\":\"PropertyValueSpecification\",\"valueRequired\":true,\"valueName\":\"search_term_string\"}}],\"inLanguage\":\"de\"},{\"@type\":\"Person\",\"@id\":\"https:\/\/www.humanium.org\/de\/#\/schema\/person\/b2486c54002db9b5cf432a6c5e362481\",\"name\":\"Adrian Lakrichi\",\"image\":{\"@type\":\"ImageObject\",\"inLanguage\":\"de\",\"@id\":\"https:\/\/www.humanium.org\/de\/#\/schema\/person\/image\/\",\"url\":\"https:\/\/secure.gravatar.com\/avatar\/bffc298c71591582c0303c1fc0f0506562df59d8f8c825a31583a55ef0a65b11?s=96&d=mm&r=g\",\"contentUrl\":\"https:\/\/secure.gravatar.com\/avatar\/bffc298c71591582c0303c1fc0f0506562df59d8f8c825a31583a55ef0a65b11?s=96&d=mm&r=g\",\"caption\":\"Adrian Lakrichi\"},\"sameAs\":[\"https:\/\/www.linkedin.com\/in\/adrian-lakrichi-9220131a1\/\"],\"url\":\"https:\/\/www.humanium.org\/de\/author\/autor_adrianlakrichi\/\"}]}<\/script>\n<!-- \/ Yoast SEO plugin. -->","yoast_head_json":{"title":"Humanium unterbreitet der UN einen Vorschlag f\u00fcr eine allgemeine Bemerkung \u00fcber die Rechte des Kindes in Bezug auf den digitalen Raum - Humanium","description":"Am 15. November 2020 Humanium hat erstmals der UN einen Vorschlag zu einer allgemeinen Bemerkung unterbreitet.","robots":{"index":"index","follow":"follow","max-snippet":"max-snippet:-1","max-image-preview":"max-image-preview:large","max-video-preview":"max-video-preview:-1"},"canonical":"https:\/\/www.humanium.org\/de\/humanium-unterbreitet-der-un-einen-vorschlag-fuer-eine-allgemeine-bemerkung-ueber-die-rechte-des-kindes-in-bezug-auf-den-digitalen-raum\/","og_locale":"de_DE","og_type":"article","og_title":"Humanium unterbreitet der UN einen Vorschlag f\u00fcr eine allgemeine Bemerkung \u00fcber die Rechte des Kindes in Bezug auf den digitalen Raum - Humanium","og_description":"Am 15. November 2020 Humanium hat erstmals der UN einen Vorschlag zu einer allgemeinen Bemerkung unterbreitet.","og_url":"https:\/\/www.humanium.org\/de\/humanium-unterbreitet-der-un-einen-vorschlag-fuer-eine-allgemeine-bemerkung-ueber-die-rechte-des-kindes-in-bezug-auf-den-digitalen-raum\/","og_site_name":"Humanium","article_published_time":"2020-12-27T16:36:16+00:00","article_modified_time":"2025-12-06T06:28:49+00:00","og_image":[{"width":839,"height":560,"url":"https:\/\/www.humanium.org\/de\/wp-content\/uploads\/2020\/12\/Picture-1-1.png","type":"image\/png"}],"author":"Adrian Lakrichi","twitter_card":"summary_large_image","twitter_misc":{"Verfasst von":"Adrian Lakrichi","Gesch\u00e4tzte Lesezeit":"3\u00a0Minuten"},"schema":{"@context":"https:\/\/schema.org","@graph":[{"@type":"WebPage","@id":"https:\/\/www.humanium.org\/de\/humanium-unterbreitet-der-un-einen-vorschlag-fuer-eine-allgemeine-bemerkung-ueber-die-rechte-des-kindes-in-bezug-auf-den-digitalen-raum\/","url":"https:\/\/www.humanium.org\/de\/humanium-unterbreitet-der-un-einen-vorschlag-fuer-eine-allgemeine-bemerkung-ueber-die-rechte-des-kindes-in-bezug-auf-den-digitalen-raum\/","name":"Humanium unterbreitet der UN einen Vorschlag f\u00fcr eine allgemeine Bemerkung \u00fcber die Rechte des Kindes in Bezug auf den digitalen Raum - Humanium","isPartOf":{"@id":"https:\/\/www.humanium.org\/de\/#website"},"primaryImageOfPage":{"@id":"https:\/\/www.humanium.org\/de\/humanium-unterbreitet-der-un-einen-vorschlag-fuer-eine-allgemeine-bemerkung-ueber-die-rechte-des-kindes-in-bezug-auf-den-digitalen-raum\/#primaryimage"},"image":{"@id":"https:\/\/www.humanium.org\/de\/humanium-unterbreitet-der-un-einen-vorschlag-fuer-eine-allgemeine-bemerkung-ueber-die-rechte-des-kindes-in-bezug-auf-den-digitalen-raum\/#primaryimage"},"thumbnailUrl":"https:\/\/www.humanium.org\/de\/wp-content\/uploads\/2020\/12\/Picture-1-1.png","datePublished":"2020-12-27T16:36:16+00:00","dateModified":"2025-12-06T06:28:49+00:00","author":{"@id":"https:\/\/www.humanium.org\/de\/#\/schema\/person\/b2486c54002db9b5cf432a6c5e362481"},"description":"Am 15. November 2020 Humanium hat erstmals der UN einen Vorschlag zu einer allgemeinen Bemerkung unterbreitet.","breadcrumb":{"@id":"https:\/\/www.humanium.org\/de\/humanium-unterbreitet-der-un-einen-vorschlag-fuer-eine-allgemeine-bemerkung-ueber-die-rechte-des-kindes-in-bezug-auf-den-digitalen-raum\/#breadcrumb"},"inLanguage":"de","potentialAction":[{"@type":"ReadAction","target":["https:\/\/www.humanium.org\/de\/humanium-unterbreitet-der-un-einen-vorschlag-fuer-eine-allgemeine-bemerkung-ueber-die-rechte-des-kindes-in-bezug-auf-den-digitalen-raum\/"]}]},{"@type":"ImageObject","inLanguage":"de","@id":"https:\/\/www.humanium.org\/de\/humanium-unterbreitet-der-un-einen-vorschlag-fuer-eine-allgemeine-bemerkung-ueber-die-rechte-des-kindes-in-bezug-auf-den-digitalen-raum\/#primaryimage","url":"https:\/\/www.humanium.org\/de\/wp-content\/uploads\/2020\/12\/Picture-1-1.png","contentUrl":"https:\/\/www.humanium.org\/de\/wp-content\/uploads\/2020\/12\/Picture-1-1.png","width":839,"height":560},{"@type":"BreadcrumbList","@id":"https:\/\/www.humanium.org\/de\/humanium-unterbreitet-der-un-einen-vorschlag-fuer-eine-allgemeine-bemerkung-ueber-die-rechte-des-kindes-in-bezug-auf-den-digitalen-raum\/#breadcrumb","itemListElement":[{"@type":"ListItem","position":1,"name":"Home","item":"https:\/\/www.humanium.org\/de\/"},{"@type":"ListItem","position":2,"name":"Humanium unterbreitet der UN einen Vorschlag f\u00fcr eine allgemeine Bemerkung \u00fcber die Rechte des Kindes in Bezug auf den digitalen Raum"}]},{"@type":"WebSite","@id":"https:\/\/www.humanium.org\/de\/#website","url":"https:\/\/www.humanium.org\/de\/","name":"Humanium","description":"Kinder zuerst!","potentialAction":[{"@type":"SearchAction","target":{"@type":"EntryPoint","urlTemplate":"https:\/\/www.humanium.org\/de\/?s={search_term_string}"},"query-input":{"@type":"PropertyValueSpecification","valueRequired":true,"valueName":"search_term_string"}}],"inLanguage":"de"},{"@type":"Person","@id":"https:\/\/www.humanium.org\/de\/#\/schema\/person\/b2486c54002db9b5cf432a6c5e362481","name":"Adrian Lakrichi","image":{"@type":"ImageObject","inLanguage":"de","@id":"https:\/\/www.humanium.org\/de\/#\/schema\/person\/image\/","url":"https:\/\/secure.gravatar.com\/avatar\/bffc298c71591582c0303c1fc0f0506562df59d8f8c825a31583a55ef0a65b11?s=96&d=mm&r=g","contentUrl":"https:\/\/secure.gravatar.com\/avatar\/bffc298c71591582c0303c1fc0f0506562df59d8f8c825a31583a55ef0a65b11?s=96&d=mm&r=g","caption":"Adrian Lakrichi"},"sameAs":["https:\/\/www.linkedin.com\/in\/adrian-lakrichi-9220131a1\/"],"url":"https:\/\/www.humanium.org\/de\/author\/autor_adrianlakrichi\/"}]}},"_links":{"self":[{"href":"https:\/\/www.humanium.org\/de\/wp-json\/wp\/v2\/posts\/13937","targetHints":{"allow":["GET"]}}],"collection":[{"href":"https:\/\/www.humanium.org\/de\/wp-json\/wp\/v2\/posts"}],"about":[{"href":"https:\/\/www.humanium.org\/de\/wp-json\/wp\/v2\/types\/post"}],"author":[{"embeddable":true,"href":"https:\/\/www.humanium.org\/de\/wp-json\/wp\/v2\/users\/38"}],"replies":[{"embeddable":true,"href":"https:\/\/www.humanium.org\/de\/wp-json\/wp\/v2\/comments?post=13937"}],"version-history":[{"count":7,"href":"https:\/\/www.humanium.org\/de\/wp-json\/wp\/v2\/posts\/13937\/revisions"}],"predecessor-version":[{"id":21037,"href":"https:\/\/www.humanium.org\/de\/wp-json\/wp\/v2\/posts\/13937\/revisions\/21037"}],"wp:featuredmedia":[{"embeddable":true,"href":"https:\/\/www.humanium.org\/de\/wp-json\/wp\/v2\/media\/13939"}],"wp:attachment":[{"href":"https:\/\/www.humanium.org\/de\/wp-json\/wp\/v2\/media?parent=13937"}],"wp:term":[{"taxonomy":"category","embeddable":true,"href":"https:\/\/www.humanium.org\/de\/wp-json\/wp\/v2\/categories?post=13937"},{"taxonomy":"post_tag","embeddable":true,"href":"https:\/\/www.humanium.org\/de\/wp-json\/wp\/v2\/tags?post=13937"}],"curies":[{"name":"wp","href":"https:\/\/api.w.org\/{rel}","templated":true}]}}