{"id":13944,"date":"2020-12-29T17:52:14","date_gmt":"2020-12-29T17:52:14","guid":{"rendered":"https:\/\/www.humanium.org\/de\/?p=13944"},"modified":"2025-12-06T06:32:53","modified_gmt":"2025-12-06T06:32:53","slug":"was-hat-2020-fuer-die-kinderrechte-bedeutet","status":"publish","type":"post","link":"https:\/\/www.humanium.org\/de\/was-hat-2020-fuer-die-kinderrechte-bedeutet\/","title":{"rendered":"Was hat 2020 f\u00fcr die Kinderrechte bedeutet?"},"content":{"rendered":"\n<p><strong>Zu Beginn des Jahres 2020 h\u00e4tte sich niemand vorstellen k\u00f6nnen, wie herausfordernd und beispiellos dieses Jahr in zahlreichen Aspekten unseres t\u00e4glichen Lebens werden w\u00fcrde, einschlie\u00dflich der <\/strong><a href=\"https:\/\/www.humanium.org\/de\/rechte-kindes\/\"><strong>Kinderrechte<\/strong><\/a><strong>. Eines ist sicher &#8211; die Coronavirus-Pandemie (COVID-19) hat das Leben vieler Kinder und Familien schwer und nachteilig\u00a0beeinflusst. W\u00e4hrend die Welt mit dem Kampf gegen diese <\/strong><a href=\"https:\/\/www.humanium.org\/de\/ein-5-punkte-coronavirus-leitfaden-fuer-kinder\/\"><strong>globale Pandemie<\/strong><\/a><strong> zu k\u00e4mpfen hatte, arbeitete Humanium daran, die Auswirkungen der Krise auf die J\u00fcngsten und Gef\u00e4hrdetsten unter uns zu verhindern.<\/strong><\/p>\n\n\n\n<h2 class=\"wp-block-heading\"><strong>COVID-19 und Kinderrechte<\/strong><\/h2>\n\n\n\n<p>Im M\u00e4rz 2020 erkl\u00e4rte die Weltgesundheitsorganisation (WHO) den Ausbruch von COVID-19 zu einer globalen Pandemie, nachdem das neue Virus begann, sich in verschiedenen Teilen der Welt auszubreiten. Zus\u00e4tzlich zu den negativen Auswirkungen auf die menschliche <a href=\"https:\/\/www.humanium.org\/de\/das-recht-auf-gesundheit\/\">Gesundheit<\/a> und die Weltwirtschaft hat das Coronavirus nachweislich auch einen unbestreitbaren negativen Einfluss auf das Leben von Kindern.<\/p>\n\n\n\n<p>Dar\u00fcber hinaus hatte die COVID-19-Pandemie kurz-, mittel- und langfristige verheerende Folgen f\u00fcr <a href=\"https:\/\/www.humanium.org\/de\/rechte-kindes\/\">Kinder und ihre Rechte<\/a>. Sie hatte auch &#8222;schwerwiegende physische, emotionale und psychologische Auswirkungen auf Kinder, insbesondere in L\u00e4ndern, die zwingende &nbsp;Ma\u00dfnahmen zum Verbleib zu Hause, zum Lockdown oder zur Einschr\u00e4nkung sowie f\u00fcr Kinder in Situationen der Gef\u00e4hrdung eingef\u00fchrt haben&#8220; (OHCHR, 2020). Obwohl Kinder weniger schwere Symptome und eine niedrigere Sterblichkeitsrate als andere Altersgruppen zu haben schienen, gab es dennoch viele direkte sozio\u00f6konomische Auswirkungen, die Kinder betrafen, und t\u00e4glich neu auftretende <a href=\"https:\/\/www.humanium.org\/de\/themenschwerpunkte\/\">Risiken f\u00fcr den Kinderschutz<\/a> (OHCHR, 2020).<\/p>\n\n\n\n<p>Bereits im April wurde deutlich, dass die COVID-19-Krise &#8222;verheerende Auswirkungen auf Kinder hat, mit potenziell weitreichenden und langfristigen negativen Folgen&#8220; (Human Rights Watch, 2020). Angesichts von mehr als 1,5 Milliarden Sch\u00fclerinnen und Sch\u00fclern ohne Schule, weit verbreiteten Arbeitsplatz- und Einkommensverlusten und wirtschaftlicher Unsicherheit, die wahrscheinlich zu einem Anstieg der Kinderarbeit, sexueller Ausbeutung, Teenagerschwangerschaften und <a href=\"https:\/\/www.humanium.org\/de\/kinderheirat\/\">Kinderheirat<\/a> f\u00fchren wird, war klar, dass das Coronavirus selbst f\u00fcr die J\u00fcngsten zu einer ernsten Krise geworden ist. Unerwarteter Lockdown, Quarant\u00e4ne und andere Einschr\u00e4nkungen der Bewegungsfreiheit sowie die Unterbrechung der <a href=\"https:\/\/www.humanium.org\/de\/recht-bildung-weltweit\/\">Schulausbildung<\/a> haben die Familien unter gro\u00dfen Druck gesetzt, was zu vermehrten F\u00e4llen von <a href=\"https:\/\/www.humanium.org\/de\/haeusliche-gewalt-und-deren-folgen-fuer-kinder\/\">h\u00e4uslicher Gewalt<\/a> und folglich zu einem Mangel an angemessenem Sozialschutz f\u00fcr Kinder gef\u00fchrt hat.<\/p>\n\n\n\n<h2 class=\"wp-block-heading\"><strong>Bek\u00e4mpfung der Auswirkungen von COVID-19 auf die Kinderrechte<\/strong><\/h2>\n\n\n\n<p>Sobald die Coronavirus-Krise begann, machte sich Humanium als Organisation auf den Weg, um einen positiven Wandel zu bewirken und das Leben der von der Pandemie betroffenen Kinder zu verbessern. Im April 2020 erm\u00f6glichte Humanium in Zusammenarbeit mit unserem Partner, Hand in Hand India, die Lieferung von 500.000 Handdesinfektionsmitteln an einige der \u00e4rmsten Familien <a href=\"https:\/\/www.humanium.org\/de\/indien\/\">Indiens<\/a>.<\/p>\n\n\n\n<p>Leider wurde unsere Sonderschule f\u00fcr ehemalige Kinderarbeiter in Madhya Pradesh (<a href=\"https:\/\/www.humanium.org\/de\/indien\/\">Indien<\/a>), in dem 55 ehemalige Kinderarbeiterinnen untergebracht waren, zusammen mit anderen Zentren und Schulen in Indien, die gegen die Pandemie k\u00e4mpfen, geschlossen. Obwohl dies zu einer steigenden Zahl von arbeitenden Kindern gef\u00fchrt hatte, reagierte unser lokaler Partner rechtzeitig mit der Einrichtung von &#8222;Satellitenzentren&#8220;, in denen sich die Kinder in kleinen Gruppen in der N\u00e4he ihrer D\u00f6rfer versammelten. Sie erhielten regelm\u00e4\u00dfige Besuche von ihren Lehrern und dem lokalen Team, um ihr Bildungsniveau zu halten, ihre Sicherheit und ihr Wohlbefinden zu gew\u00e4hrleisten und sicherzustellen, dass sie gl\u00fccklich und gesund sind.<\/p>\n\n\n\n<p>Bald begann die Zahl der vom Virus betroffenen L\u00e4nder rapide zu steigen. Die Coronavirus-Pandemie hat auch in <a href=\"https:\/\/www.humanium.org\/de\/drigender-aufruf-ruandische-kinder-sind-mit-covid-19-konfrontiert\/\">Ruanda eine akute Kinderrechtskrise<\/a> ausgel\u00f6st, wobei die Rechte der Kinder dort stark beeintr\u00e4chtigt wurden. Mit unserem Partner AVSI f\u00fchrte Humanium ein <a href=\"https:\/\/www.facebook.com\/Humanium.Kinderrechte\/photos\/?tab=album&amp;album_id=3751182918246015\">ma\u00dfgebliches Nothilfeprojekt<\/a> durch, das Familien in f\u00fcnf Regionen <a href=\"https:\/\/www.humanium.org\/de\/ruanda\/\">Ruandas<\/a>, n\u00e4mlich Gatsibo, Gicumbi, Kamonyi, Nyanza und Ruhango, unterst\u00fctzt hat. Das Projekt mit dem Titel &#8222;Unterst\u00fctzung gef\u00e4hrdeter Familien zur Milderung der Auswirkungen von COVID-19&#8220; hat Tausenden von Menschen direkt geholfen, wobei der Schwerpunkt auf den am st\u00e4rksten gef\u00e4hrdeten Gruppen lag, vor allem auf Kindern, Neugeborenen und jungen alleinerziehenden M\u00fcttern.<\/p>\n\n\n\n<p>Im Laufe von zwei Monaten stellte Humanium die zur Bek\u00e4mpfung der Coronavirus-Krise notwendigen Ressourcen, einschlie\u00dflich <a href=\"https:\/\/www.humanium.org\/de\/recht-nahrung\/\">Nahrungsmittel<\/a> und Geldtransfers, zur Verf\u00fcgung. Dar\u00fcber hinaus trug Humanium dazu bei, eine <a href=\"https:\/\/www.humanium.org\/de\/recht-bildung-weltweit\/\">Fernschulbildung<\/a> zu erreichen, und stellte den Kindern Funkger\u00e4te zur Verf\u00fcgung, um den Fernunterricht zu erleichtern, so dass die Kinder trotz des verh\u00e4ngten Lockdowns weiterhin virtuell die Schule besuchen und Zugang zu ihrer Ausbildung haben konnten. Schlie\u00dflich hat das Projekt die Herstellung von Masken und Seifen als notwendige pers\u00f6nliche <a href=\"https:\/\/www.humanium.org\/de\/das-recht-auf-schutz\/\">Schutzausr\u00fcstung<\/a> finanziert, die f\u00fcr den Schutz von Kindern und ihren Familien vor einer Ansteckung mit dem Virus unerl\u00e4sslich sind.<\/p>\n\n\n\n<div class=\"wp-block-image\"><figure class=\"aligncenter size-large\"><img loading=\"lazy\" decoding=\"async\" width=\"940\" height=\"788\" src=\"https:\/\/www.humanium.org\/de\/wp-content\/uploads\/2020\/12\/123077652_3654728791257436_5434675990577719468_n.jpg\" alt=\"\" class=\"wp-image-13947\" srcset=\"https:\/\/www.humanium.org\/de\/wp-content\/uploads\/2020\/12\/123077652_3654728791257436_5434675990577719468_n.jpg 940w, https:\/\/www.humanium.org\/de\/wp-content\/uploads\/2020\/12\/123077652_3654728791257436_5434675990577719468_n-300x251.jpg 300w, https:\/\/www.humanium.org\/de\/wp-content\/uploads\/2020\/12\/123077652_3654728791257436_5434675990577719468_n-768x644.jpg 768w, https:\/\/www.humanium.org\/de\/wp-content\/uploads\/2020\/12\/123077652_3654728791257436_5434675990577719468_n-830x696.jpg 830w, https:\/\/www.humanium.org\/de\/wp-content\/uploads\/2020\/12\/123077652_3654728791257436_5434675990577719468_n-230x193.jpg 230w, https:\/\/www.humanium.org\/de\/wp-content\/uploads\/2020\/12\/123077652_3654728791257436_5434675990577719468_n-350x293.jpg 350w, https:\/\/www.humanium.org\/de\/wp-content\/uploads\/2020\/12\/123077652_3654728791257436_5434675990577719468_n-480x402.jpg 480w\" sizes=\"auto, (max-width: 940px) 100vw, 940px\" \/><figcaption><em><sub>Mit unserem Partner AVSI hat Humanium ein kritisches Nothilfeprojekt zur Unterst\u00fctzung von Familien in f\u00fcnf Regionen Ruandas durchgef\u00fchrt.<\/sub><\/em><\/figcaption><\/figure><\/div>\n\n\n\n<h2 class=\"wp-block-heading\"><strong>Eintreten f\u00fcr die Umweltrechte von Kindern<\/strong><\/h2>\n\n\n\n<p>Obwohl die Coronavirus-Krise viele Pl\u00e4ne und Ziele abrupt zur\u00fcckgestellt hat, stellte sich Humanium weiterhin den Herausforderungen, die sich aus dem Umgang mit der Pandemie und der Wiederaufnahme seiner Arbeit zur Verbesserung des Lebens gef\u00e4hrdeter Kinder weltweit ergeben. Insbesondere 2020 hat sich Humanium sehr daf\u00fcr eingesetzt, dass die <strong>Umweltrechte der Kinder<\/strong> international anerkannt und erf\u00fcllt werden.<\/p>\n\n\n\n<p>Da Humanium die Umweltprobleme als die wichtigsten und schwerwiegendsten Probleme angesehen hat, mit denen der Planet derzeit konfrontiert ist und die besonders Kinder betreffen, hat Humanium gro\u00dfes Interesse und Engagement f\u00fcr umweltbezogene Aktivit\u00e4ten entwickelt. Vor diesem Hintergrund haben wir auf unserer offiziellen Website <a href=\"https:\/\/www.humanium.org\/de\/themenschwerpunkte\/umwelt\/\">f\u00fcnf zus\u00e4tzliche Webseiten<\/a> eingerichtet, um thematische Informationen \u00fcber die <a href=\"https:\/\/www.humanium.org\/de\/themenschwerpunkte\/umwelt\/umweltrechte\/\">Umweltrechte von Kindern<\/a> &nbsp;bereitzustellen und das Bewusstsein f\u00fcr die Art und Weise zu sch\u00e4rfen, in der Kinder von den anhaltenden Klimaherausforderungen besonders betroffen sind.<\/p>\n\n\n\n<p>Als Ergebnis einer weiteren gro\u00dfen Bem\u00fchung unseres Teams hat Humanium eine <a href=\"https:\/\/www.humanium.org\/de\/stoppt-die-zerstoerung-des-amazonas\/\">Online-Petition<\/a> an die <a href=\"https:\/\/www.humanium.org\/de\/brasilien\/\">brasilianische<\/a> Regierung gerichtet, um die Zerst\u00f6rung des <a href=\"https:\/\/www.humanium.org\/de\/amazonas-regenwald-und-bedrohte-rechte\/\">Amazonas-Regenwaldes<\/a> zu stoppen. Angesichts der Tatsache, dass die Waldbr\u00e4nde im Amazonas-Regenwald eine beispiellose Umweltzerst\u00f6rung zu verursachen drohen, gef\u00e4hrdet und verletzt sie zweifellos indirekt und schwerwiegend die <a href=\"https:\/\/www.humanium.org\/de\/rechte-kindes\/\">Rechte der Kinder<\/a>. Wir alle sind daher mit einer globalen <a href=\"https:\/\/www.humanium.org\/de\/themenschwerpunkte\/umwelt\/klimakrise\/\">Klimakrise<\/a> konfrontiert, und es m\u00fcssen Ma\u00dfnahmen ergriffen werden, um nicht nur den Amazonas-Regenwald, sondern auch die Rechte der indigenen Bev\u00f6lkerung und der Kinder zu sch\u00fctzen. Mit Tausenden von Unterschriften liegt das Wohlergehen k\u00fcnftiger Generationen und unseres Planeten in unseren H\u00e4nden!<\/p>\n\n\n\n<p>Abgesehen von diesen beeindruckenden Leistungen im Jahr 2020 nahm Humanium mit Stolz an drei informellen Sitzungen der UNO teil, auf denen Staatsparteien die Annahme der revolution\u00e4ren <a href=\"https:\/\/www.humanium.org\/de\/die-vereinten-nationen-verabschieden-eine-revolutionaere-resolution-ueber-die-verwirklichung-von-kinderrechten-durch-etablierung-einer-gesunden-umwelt\/\">Resolution zur Verwirklichung der Kinderrechte durch eine gesunde Umwelt<\/a> aushandelten. Im Vorfeld dieser Sitzungen schloss sich Humanium mit fast 1000 Organisationen zusammen, die einen weltweiten <a href=\"https:\/\/www.humanium.org\/de\/humanium-schliesst-sich-dem-weltweiten-aufruf-fuer-das-recht-auf-eine-lebenswerte-umwelt-an\/\">Aufruf an die UNO zur Anerkennung des Rechts auf eine gesunde Umwelt<\/a> unterst\u00fctzen, und unterzeichnete einen gemeinsamen &nbsp;<a href=\"https:\/\/www.humanium.org\/de\/humanium-unterzeichnet-gemeinsamen-aufruf-an-un-menschenrechtsrat-zu-umweltrechten-von-kindern\/\">Aufruf an den UN-Menschenrechtsrat (UNHRC) zu den Umweltrechten von Kindern<\/a>. Dar\u00fcber hinaus haben wir dieses Jahr erfolgreich zwei <a href=\"https:\/\/www.humanium.org\/de\/humanium-fuehrt-zweiten-kinderrechtsworkshop-durch\/\">E-Workshops zum Thema Kinderrechts-Coaching<\/a> f\u00fcr eine Gruppe von Kinderrechtsexperten durchgef\u00fchrt, die an einer Reihe von partizipatorischen Diskussionen und Aktivit\u00e4ten rund um die Kinderrechte teilgenommen haben.<\/p>\n\n\n\n<div class=\"wp-block-image\"><figure class=\"aligncenter size-large\"><img loading=\"lazy\" decoding=\"async\" width=\"878\" height=\"548\" src=\"https:\/\/www.humanium.org\/de\/wp-content\/uploads\/2020\/12\/Picture-1-1-1.png\" alt=\"\" class=\"wp-image-13948\" srcset=\"https:\/\/www.humanium.org\/de\/wp-content\/uploads\/2020\/12\/Picture-1-1-1.png 878w, https:\/\/www.humanium.org\/de\/wp-content\/uploads\/2020\/12\/Picture-1-1-1-300x187.png 300w, https:\/\/www.humanium.org\/de\/wp-content\/uploads\/2020\/12\/Picture-1-1-1-768x479.png 768w, https:\/\/www.humanium.org\/de\/wp-content\/uploads\/2020\/12\/Picture-1-1-1-830x518.png 830w, https:\/\/www.humanium.org\/de\/wp-content\/uploads\/2020\/12\/Picture-1-1-1-230x144.png 230w, https:\/\/www.humanium.org\/de\/wp-content\/uploads\/2020\/12\/Picture-1-1-1-350x218.png 350w, https:\/\/www.humanium.org\/de\/wp-content\/uploads\/2020\/12\/Picture-1-1-1-480x300.png 480w\" sizes=\"auto, (max-width: 878px) 100vw, 878px\" \/><figcaption><sub>Der zweite E-Workshop zum Thema Kinderrechts-Coaching war eine interaktive 90-min\u00fctige Sitzung, an der Kinderrechtsexperten aus der ganzen Welt teilnahmen.<\/sub><\/figcaption><\/figure><\/div>\n\n\n\n<blockquote class=\"wp-block-quote is-layout-flow wp-block-quote-is-layout-flow\"><p><em>&#8222;Unser Kinderrechts-Coaching wurde als Idee geboren, um einen Vorgeschmack auf die Mittel &nbsp;zu geben, die Humanium in seinen Workshops verwendet, so dass sie in den eigenen operativen Kontexten der Teilnehmerinnen und Teilnehmer eingebracht und eingesetzt werden k\u00f6nnen, um die Beg\u00fcnstigten weiter zu st\u00e4rken.\u201c <\/em><\/p><cite><em>Arndt Soret, Mitbegr\u00fcnder und CEO von Humanium<\/em><\/cite><\/blockquote>\n\n\n\n<h2 class=\"wp-block-heading\"><strong>Verbesserung der Lebensbedingungen von Kindern im Jahr 2021<\/strong><\/h2>\n\n\n\n<p><a href=\"https:\/\/www.humanium.org\/de\/prasentation-2\/\">Humanium<\/a> setzt sich weiterhin daf\u00fcr ein, das Wohlergehen von Kindern weltweit zu verbessern und den Verletzungen, denen viele Kinder ausgesetzt sind, ein Ende zu setzen. Eine der vielf\u00e4ltigen Dienstleistungen von Humanium ist die <a href=\"https:\/\/www.humanium.org\/de\/die-helpline-fuer-rechtliche-beratung-von-humanium-hilfe-fuer-betroffene-von-kinderrechtsverletzungen\/\">Rechtshilfe-Helpline<\/a>, die den Opfern von Kinderrechtsverletzungen <a href=\"https:\/\/www.humanium.org\/de\/helpline\/\">rechtlichen Beistand<\/a> bietet. W\u00e4hrend eines Jahres erh\u00e4lt Humanium Hunderte von F\u00e4llen von <a href=\"https:\/\/www.humanium.org\/de\/misshandlung\/\">Kinderrechtsverletzungen<\/a> aus der ganzen Welt und investiert all seine Anstrengungen, um den Opfern rechtzeitig und effizient L\u00f6sungen zu bieten.<\/p>\n\n\n\n<p>Auch wenn 2020 ein Jahr war, das niemand h\u00e4tte vorhersagen k\u00f6nnen, hoffen wir, dass 2021 ein Jahr sein wird, in dem die Kinder in den Genuss einer gl\u00fccklichen, gesunden und erfolgreichen Umwelt kommen und ermutigt werden, ihre Rechte zu verwirklichen. Durch unseren ganzheitlichen Ansatz und unser Bekenntnis zu unserer Ethikcharta wird Humanium weiterhin seine Projekte in Zusammenarbeit mit unseren lokalen Partnern umsetzen, die darauf zielen, Kinder auf globaler Ebene zu unterst\u00fctzen. Unsere einzige Priorit\u00e4t war immer und wird immer der <a href=\"https:\/\/www.humanium.org\/de\/das-recht-auf-schutz\/\">Schutz der Kinder<\/a> und ihr Wohlergehen sein. <strong>Wenn Sie zum Schutz der Kinderrechte beitragen m\u00f6chten, indem Sie unsere Projekte unterst\u00fctzen, ermutigen wir Sie, eine <\/strong><a href=\"https:\/\/www.humanium.org\/de\/spenden\/\"><strong>Spende<\/strong><\/a><strong>, eine <\/strong><a href=\"https:\/\/www.humanium.org\/de\/pate-werden-2\/\"><strong>Patenschaft f\u00fcr ein Kind<\/strong><\/a><strong> oder eine <\/strong><a href=\"https:\/\/www.humanium.org\/de\/teilnehmen-2\/volunteer\/\"><strong>Freiwilligenarbeit<\/strong><\/a><strong> zu erw\u00e4gen!<\/strong><\/p>\n\n\n\n<hr class=\"wp-block-separator\"\/>\n\n\n\n<p class=\"has-text-align-center\"><strong><em>Im Namen des gesamten Humanium-Teams w\u00fcnschen wir Ihnen ein sehr gl\u00fcckliches, gesundes und erfolgreiches neues Jahr!<\/em><\/strong><\/p>\n\n\n\n<hr class=\"wp-block-separator\"\/>\n\n\n\n<p><strong><em>Geschrieben vom Ivana Ka\u0107unko<\/em><\/strong><\/p>\n\n\n\n<p><strong><em>\u00dcbersetzt von Beate Dessewffy<\/em><\/strong><\/p>\n\n\n\n<h4 class=\"wp-block-heading\"><strong>Quellenverzeichnis:<\/strong><\/h4>\n\n\n\n<p class=\"has-small-font-size\"><a href=\"https:\/\/www.hrw.org\/news\/2020\/04\/09\/covid-19-and-childrens-rights\" target=\"_blank\" rel=\"noreferrer noopener\">Human Rights Watch (2020). <em>COVID-19 and Children\u2019s Rights<\/em>. Retrieved from Human Rights Watch. Accessed on November 29, 2020.<\/a><\/p>\n\n\n\n<p class=\"has-small-font-size\"><a href=\"https:\/\/ohchr.org\/EN\/Issues\/Children-OHCHR\/Pages\/COVID19Children.aspx\" target=\"_blank\" rel=\"noreferrer noopener\">OHCHR (2020). <em>COVID-19 and children&#8217;s rights.<\/em> United Nations, Human Rights, Office of the High Commissioner. Retrieved from OHCHR. Accessed on November 29, 2020.<\/a><\/p>\n","protected":false},"excerpt":{"rendered":"<p>Zu Beginn des Jahres 2020 h\u00e4tte sich niemand vorstellen k\u00f6nnen, wie herausfordernd und beispiellos dieses Jahr in zahlreichen Aspekten unseres t\u00e4glichen Lebens werden w\u00fcrde, einschlie\u00dflich der Kinderrechte. Eines ist sicher &#8211; die Coronavirus-Pandemie (COVID-19) hat das Leben vieler Kinder und Familien schwer und nachteilig\u00a0beeinflusst. W\u00e4hrend die Welt mit dem Kampf gegen diese globale Pandemie zu [&hellip;]<\/p>\n","protected":false},"author":21,"featured_media":13945,"comment_status":"closed","ping_status":"closed","sticky":false,"template":"","format":"standard","meta":{"footnotes":""},"categories":[13,5,163,6,9],"tags":[],"class_list":["post-13944","post","type-post","status-publish","format-standard","has-post-thumbnail","hentry","category-bildung","category-gesundheit","category-kinderrechte","category-leben-von-humanium","category-umwelt"],"yoast_head":"<!-- This site is optimized with the Yoast SEO plugin v26.5 - https:\/\/yoast.com\/wordpress\/plugins\/seo\/ -->\n<title>Was hat 2020 f\u00fcr die Kinderrechte bedeutet? - Humanium<\/title>\n<meta name=\"description\" content=\"Zu Beginn des Jahres 2020 h\u00e4tte sich niemand vorstellen k\u00f6nnen, wie herausfordernd dieses Jahr in zahlreichen Aspekten werden w\u00fcrde.\" \/>\n<meta name=\"robots\" content=\"index, follow, max-snippet:-1, max-image-preview:large, max-video-preview:-1\" \/>\n<link rel=\"canonical\" href=\"https:\/\/www.humanium.org\/de\/was-hat-2020-fuer-die-kinderrechte-bedeutet\/\" \/>\n<meta property=\"og:locale\" content=\"de_DE\" \/>\n<meta property=\"og:type\" content=\"article\" \/>\n<meta property=\"og:title\" content=\"Was hat 2020 f\u00fcr die Kinderrechte bedeutet? - Humanium\" \/>\n<meta property=\"og:description\" content=\"Zu Beginn des Jahres 2020 h\u00e4tte sich niemand vorstellen k\u00f6nnen, wie herausfordernd dieses Jahr in zahlreichen Aspekten werden w\u00fcrde.\" \/>\n<meta property=\"og:url\" content=\"https:\/\/www.humanium.org\/de\/was-hat-2020-fuer-die-kinderrechte-bedeutet\/\" \/>\n<meta property=\"og:site_name\" content=\"Humanium\" \/>\n<meta property=\"article:published_time\" content=\"2020-12-29T17:52:14+00:00\" \/>\n<meta property=\"article:modified_time\" content=\"2025-12-06T06:32:53+00:00\" \/>\n<meta property=\"og:image\" content=\"https:\/\/www.humanium.org\/de\/wp-content\/uploads\/2020\/12\/shutterstock_1492345829-scaled.jpg\" \/>\n\t<meta property=\"og:image:width\" content=\"2560\" \/>\n\t<meta property=\"og:image:height\" content=\"1707\" \/>\n\t<meta property=\"og:image:type\" content=\"image\/jpeg\" \/>\n<meta name=\"author\" content=\"Ivana Kacunko\" \/>\n<meta name=\"twitter:card\" content=\"summary_large_image\" \/>\n<meta name=\"twitter:label1\" content=\"Verfasst von\" \/>\n\t<meta name=\"twitter:data1\" content=\"Ivana Kacunko\" \/>\n\t<meta name=\"twitter:label2\" content=\"Gesch\u00e4tzte Lesezeit\" \/>\n\t<meta name=\"twitter:data2\" content=\"7\u00a0Minuten\" \/>\n<script type=\"application\/ld+json\" class=\"yoast-schema-graph\">{\"@context\":\"https:\/\/schema.org\",\"@graph\":[{\"@type\":\"WebPage\",\"@id\":\"https:\/\/www.humanium.org\/de\/was-hat-2020-fuer-die-kinderrechte-bedeutet\/\",\"url\":\"https:\/\/www.humanium.org\/de\/was-hat-2020-fuer-die-kinderrechte-bedeutet\/\",\"name\":\"Was hat 2020 f\u00fcr die Kinderrechte bedeutet? - Humanium\",\"isPartOf\":{\"@id\":\"https:\/\/www.humanium.org\/de\/#website\"},\"primaryImageOfPage\":{\"@id\":\"https:\/\/www.humanium.org\/de\/was-hat-2020-fuer-die-kinderrechte-bedeutet\/#primaryimage\"},\"image\":{\"@id\":\"https:\/\/www.humanium.org\/de\/was-hat-2020-fuer-die-kinderrechte-bedeutet\/#primaryimage\"},\"thumbnailUrl\":\"https:\/\/www.humanium.org\/de\/wp-content\/uploads\/2020\/12\/shutterstock_1492345829-scaled.jpg\",\"datePublished\":\"2020-12-29T17:52:14+00:00\",\"dateModified\":\"2025-12-06T06:32:53+00:00\",\"author\":{\"@id\":\"https:\/\/www.humanium.org\/de\/#\/schema\/person\/2a567d6b78df2674947b78b21cdf8019\"},\"description\":\"Zu Beginn des Jahres 2020 h\u00e4tte sich niemand vorstellen k\u00f6nnen, wie herausfordernd dieses Jahr in zahlreichen Aspekten werden w\u00fcrde.\",\"breadcrumb\":{\"@id\":\"https:\/\/www.humanium.org\/de\/was-hat-2020-fuer-die-kinderrechte-bedeutet\/#breadcrumb\"},\"inLanguage\":\"de\",\"potentialAction\":[{\"@type\":\"ReadAction\",\"target\":[\"https:\/\/www.humanium.org\/de\/was-hat-2020-fuer-die-kinderrechte-bedeutet\/\"]}]},{\"@type\":\"ImageObject\",\"inLanguage\":\"de\",\"@id\":\"https:\/\/www.humanium.org\/de\/was-hat-2020-fuer-die-kinderrechte-bedeutet\/#primaryimage\",\"url\":\"https:\/\/www.humanium.org\/de\/wp-content\/uploads\/2020\/12\/shutterstock_1492345829-scaled.jpg\",\"contentUrl\":\"https:\/\/www.humanium.org\/de\/wp-content\/uploads\/2020\/12\/shutterstock_1492345829-scaled.jpg\",\"width\":2560,\"height\":1707},{\"@type\":\"BreadcrumbList\",\"@id\":\"https:\/\/www.humanium.org\/de\/was-hat-2020-fuer-die-kinderrechte-bedeutet\/#breadcrumb\",\"itemListElement\":[{\"@type\":\"ListItem\",\"position\":1,\"name\":\"Home\",\"item\":\"https:\/\/www.humanium.org\/de\/\"},{\"@type\":\"ListItem\",\"position\":2,\"name\":\"Was hat 2020 f\u00fcr die Kinderrechte bedeutet?\"}]},{\"@type\":\"WebSite\",\"@id\":\"https:\/\/www.humanium.org\/de\/#website\",\"url\":\"https:\/\/www.humanium.org\/de\/\",\"name\":\"Humanium\",\"description\":\"Kinder zuerst!\",\"potentialAction\":[{\"@type\":\"SearchAction\",\"target\":{\"@type\":\"EntryPoint\",\"urlTemplate\":\"https:\/\/www.humanium.org\/de\/?s={search_term_string}\"},\"query-input\":{\"@type\":\"PropertyValueSpecification\",\"valueRequired\":true,\"valueName\":\"search_term_string\"}}],\"inLanguage\":\"de\"},{\"@type\":\"Person\",\"@id\":\"https:\/\/www.humanium.org\/de\/#\/schema\/person\/2a567d6b78df2674947b78b21cdf8019\",\"name\":\"Ivana Kacunko\",\"image\":{\"@type\":\"ImageObject\",\"inLanguage\":\"de\",\"@id\":\"https:\/\/www.humanium.org\/de\/#\/schema\/person\/image\/\",\"url\":\"https:\/\/secure.gravatar.com\/avatar\/742fb74b41932fd8f13d04dad50bea47f5e3de2a645c548d1b801c6f3aef77e6?s=96&d=mm&r=g\",\"contentUrl\":\"https:\/\/secure.gravatar.com\/avatar\/742fb74b41932fd8f13d04dad50bea47f5e3de2a645c548d1b801c6f3aef77e6?s=96&d=mm&r=g\",\"caption\":\"Ivana Kacunko\"},\"sameAs\":[\"https:\/\/www.linkedin.com\/in\/ivana-ka%C4%87unko-8934b692\/\"],\"url\":\"https:\/\/www.humanium.org\/de\/author\/ivana\/\"}]}<\/script>\n<!-- \/ Yoast SEO plugin. -->","yoast_head_json":{"title":"Was hat 2020 f\u00fcr die Kinderrechte bedeutet? - Humanium","description":"Zu Beginn des Jahres 2020 h\u00e4tte sich niemand vorstellen k\u00f6nnen, wie herausfordernd dieses Jahr in zahlreichen Aspekten werden w\u00fcrde.","robots":{"index":"index","follow":"follow","max-snippet":"max-snippet:-1","max-image-preview":"max-image-preview:large","max-video-preview":"max-video-preview:-1"},"canonical":"https:\/\/www.humanium.org\/de\/was-hat-2020-fuer-die-kinderrechte-bedeutet\/","og_locale":"de_DE","og_type":"article","og_title":"Was hat 2020 f\u00fcr die Kinderrechte bedeutet? - Humanium","og_description":"Zu Beginn des Jahres 2020 h\u00e4tte sich niemand vorstellen k\u00f6nnen, wie herausfordernd dieses Jahr in zahlreichen Aspekten werden w\u00fcrde.","og_url":"https:\/\/www.humanium.org\/de\/was-hat-2020-fuer-die-kinderrechte-bedeutet\/","og_site_name":"Humanium","article_published_time":"2020-12-29T17:52:14+00:00","article_modified_time":"2025-12-06T06:32:53+00:00","og_image":[{"width":2560,"height":1707,"url":"https:\/\/www.humanium.org\/de\/wp-content\/uploads\/2020\/12\/shutterstock_1492345829-scaled.jpg","type":"image\/jpeg"}],"author":"Ivana Kacunko","twitter_card":"summary_large_image","twitter_misc":{"Verfasst von":"Ivana Kacunko","Gesch\u00e4tzte Lesezeit":"7\u00a0Minuten"},"schema":{"@context":"https:\/\/schema.org","@graph":[{"@type":"WebPage","@id":"https:\/\/www.humanium.org\/de\/was-hat-2020-fuer-die-kinderrechte-bedeutet\/","url":"https:\/\/www.humanium.org\/de\/was-hat-2020-fuer-die-kinderrechte-bedeutet\/","name":"Was hat 2020 f\u00fcr die Kinderrechte bedeutet? - Humanium","isPartOf":{"@id":"https:\/\/www.humanium.org\/de\/#website"},"primaryImageOfPage":{"@id":"https:\/\/www.humanium.org\/de\/was-hat-2020-fuer-die-kinderrechte-bedeutet\/#primaryimage"},"image":{"@id":"https:\/\/www.humanium.org\/de\/was-hat-2020-fuer-die-kinderrechte-bedeutet\/#primaryimage"},"thumbnailUrl":"https:\/\/www.humanium.org\/de\/wp-content\/uploads\/2020\/12\/shutterstock_1492345829-scaled.jpg","datePublished":"2020-12-29T17:52:14+00:00","dateModified":"2025-12-06T06:32:53+00:00","author":{"@id":"https:\/\/www.humanium.org\/de\/#\/schema\/person\/2a567d6b78df2674947b78b21cdf8019"},"description":"Zu Beginn des Jahres 2020 h\u00e4tte sich niemand vorstellen k\u00f6nnen, wie herausfordernd dieses Jahr in zahlreichen Aspekten werden w\u00fcrde.","breadcrumb":{"@id":"https:\/\/www.humanium.org\/de\/was-hat-2020-fuer-die-kinderrechte-bedeutet\/#breadcrumb"},"inLanguage":"de","potentialAction":[{"@type":"ReadAction","target":["https:\/\/www.humanium.org\/de\/was-hat-2020-fuer-die-kinderrechte-bedeutet\/"]}]},{"@type":"ImageObject","inLanguage":"de","@id":"https:\/\/www.humanium.org\/de\/was-hat-2020-fuer-die-kinderrechte-bedeutet\/#primaryimage","url":"https:\/\/www.humanium.org\/de\/wp-content\/uploads\/2020\/12\/shutterstock_1492345829-scaled.jpg","contentUrl":"https:\/\/www.humanium.org\/de\/wp-content\/uploads\/2020\/12\/shutterstock_1492345829-scaled.jpg","width":2560,"height":1707},{"@type":"BreadcrumbList","@id":"https:\/\/www.humanium.org\/de\/was-hat-2020-fuer-die-kinderrechte-bedeutet\/#breadcrumb","itemListElement":[{"@type":"ListItem","position":1,"name":"Home","item":"https:\/\/www.humanium.org\/de\/"},{"@type":"ListItem","position":2,"name":"Was hat 2020 f\u00fcr die Kinderrechte bedeutet?"}]},{"@type":"WebSite","@id":"https:\/\/www.humanium.org\/de\/#website","url":"https:\/\/www.humanium.org\/de\/","name":"Humanium","description":"Kinder zuerst!","potentialAction":[{"@type":"SearchAction","target":{"@type":"EntryPoint","urlTemplate":"https:\/\/www.humanium.org\/de\/?s={search_term_string}"},"query-input":{"@type":"PropertyValueSpecification","valueRequired":true,"valueName":"search_term_string"}}],"inLanguage":"de"},{"@type":"Person","@id":"https:\/\/www.humanium.org\/de\/#\/schema\/person\/2a567d6b78df2674947b78b21cdf8019","name":"Ivana Kacunko","image":{"@type":"ImageObject","inLanguage":"de","@id":"https:\/\/www.humanium.org\/de\/#\/schema\/person\/image\/","url":"https:\/\/secure.gravatar.com\/avatar\/742fb74b41932fd8f13d04dad50bea47f5e3de2a645c548d1b801c6f3aef77e6?s=96&d=mm&r=g","contentUrl":"https:\/\/secure.gravatar.com\/avatar\/742fb74b41932fd8f13d04dad50bea47f5e3de2a645c548d1b801c6f3aef77e6?s=96&d=mm&r=g","caption":"Ivana Kacunko"},"sameAs":["https:\/\/www.linkedin.com\/in\/ivana-ka%C4%87unko-8934b692\/"],"url":"https:\/\/www.humanium.org\/de\/author\/ivana\/"}]}},"_links":{"self":[{"href":"https:\/\/www.humanium.org\/de\/wp-json\/wp\/v2\/posts\/13944","targetHints":{"allow":["GET"]}}],"collection":[{"href":"https:\/\/www.humanium.org\/de\/wp-json\/wp\/v2\/posts"}],"about":[{"href":"https:\/\/www.humanium.org\/de\/wp-json\/wp\/v2\/types\/post"}],"author":[{"embeddable":true,"href":"https:\/\/www.humanium.org\/de\/wp-json\/wp\/v2\/users\/21"}],"replies":[{"embeddable":true,"href":"https:\/\/www.humanium.org\/de\/wp-json\/wp\/v2\/comments?post=13944"}],"version-history":[{"count":9,"href":"https:\/\/www.humanium.org\/de\/wp-json\/wp\/v2\/posts\/13944\/revisions"}],"predecessor-version":[{"id":21190,"href":"https:\/\/www.humanium.org\/de\/wp-json\/wp\/v2\/posts\/13944\/revisions\/21190"}],"wp:featuredmedia":[{"embeddable":true,"href":"https:\/\/www.humanium.org\/de\/wp-json\/wp\/v2\/media\/13945"}],"wp:attachment":[{"href":"https:\/\/www.humanium.org\/de\/wp-json\/wp\/v2\/media?parent=13944"}],"wp:term":[{"taxonomy":"category","embeddable":true,"href":"https:\/\/www.humanium.org\/de\/wp-json\/wp\/v2\/categories?post=13944"},{"taxonomy":"post_tag","embeddable":true,"href":"https:\/\/www.humanium.org\/de\/wp-json\/wp\/v2\/tags?post=13944"}],"curies":[{"name":"wp","href":"https:\/\/api.w.org\/{rel}","templated":true}]}}