{"id":13956,"date":"2021-01-05T16:49:53","date_gmt":"2021-01-05T16:49:53","guid":{"rendered":"https:\/\/www.humanium.org\/de\/?p=13956"},"modified":"2025-12-06T06:28:49","modified_gmt":"2025-12-06T06:28:49","slug":"schutzhaft-von-minderjaehrigen-unbegleiteten-migrantinnen-in-griechenland-eine-langjaehrige-praxis-wird-abgeschafft","status":"publish","type":"post","link":"https:\/\/www.humanium.org\/de\/schutzhaft-von-minderjaehrigen-unbegleiteten-migrantinnen-in-griechenland-eine-langjaehrige-praxis-wird-abgeschafft\/","title":{"rendered":"Schutzhaft von minderj\u00e4hrigen unbegleiteten MigrantInnen in Griechenland: Eine langj\u00e4hrige Praxis wird abgeschafft"},"content":{"rendered":"\n<p><strong>Wie Notis Mitarachi, griechischer Minister f\u00fcr Asyl und Migration, am 18. November 2020 ank\u00fcndigte, schafft <a href=\"https:\/\/www.humanium.org\/de\/griechenland\/\">Griechenland<\/a> das langj\u00e4hrige Vorgehen der Schutzhaft f\u00fcr unbegleitete minderj\u00e4hrige MigrantInnen ab. Diese Praxis gef\u00e4hrdet nicht nur das physische und mentale Wohlbefinden von Kindern, sondern verst\u00f6\u00dft auch gegen internationales, europ\u00e4isches und griechisches Recht in Bezug auf <a href=\"https:\/\/www.humanium.org\/de\/rechte-kindes\/\">Kinderrechte<\/a>.<\/strong><\/p>\n\n\n\n<h2 class=\"wp-block-heading\"><strong>Schutzhaft von Kindern in der Praxis<\/strong><\/h2>\n\n\n\n<p>In <a href=\"https:\/\/www.humanium.org\/de\/griechenland\/\">Griechenland<\/a> werden seit 20 Jahren minderj\u00e4hrige MigrantInnen systematisch von der Polizei in Schutzhaft genommen und f\u00fcr mehrere Wochen bis zu mehreren Monaten in Polizeizellen festgehalten (Hellenic Republic 2020). Artikel 118 des Dekrets 141\/1991 des Pr\u00e4sidenten bildet die innerstaatliche Rechtsgrundlage f\u00fcr die Inhaftierung der Kinder, mit dem Ziel ihres \u201eSchutzes\u201c vor Schaden und kriminellen Organisationen, ohne formale Anforderungen an Befristungen. <\/p>\n\n\n\n<p>Die Haftanstalten \u2013 &nbsp;Polizeizellen \u2013 die f\u00fcr diese \u201eSchutzhaft\u201c genutzt werden, erf\u00fcllen die Anforderungen an eine altersgerechte Form von Gewahrsam nicht, da sie keinen Zugang zu Freizeitm\u00f6glichkeiten, Aktivit\u00e4ten im Freien, oder andere Angebote f\u00fcr die altersspezifischen Bed\u00fcrfnisse von Kindern bieten, die in Artikel 37 (c) der <a href=\"https:\/\/www.humanium.org\/de\/konvention\/\">Kinderrechtskonvention<\/a> festgelegt sind. Die \u201eSchutzhaft\u201c gilt als <em>de facto<\/em> Inhaftierung und Freiheitsentzug, was schwerwiegende Auswirkungen auf das physische und mentale Wohlbefinden eines Kindes hat (Menschenrechtsrat 2015).<\/p>\n\n\n\n<figure class=\"wp-block-image size-large\"><img loading=\"lazy\" decoding=\"async\" width=\"1024\" height=\"683\" src=\"https:\/\/www.humanium.org\/de\/wp-content\/uploads\/2021\/01\/shutterstock_320369555-1024x683.jpg\" alt=\"\" class=\"wp-image-13963\" srcset=\"https:\/\/www.humanium.org\/de\/wp-content\/uploads\/2021\/01\/shutterstock_320369555-1024x683.jpg 1024w, https:\/\/www.humanium.org\/de\/wp-content\/uploads\/2021\/01\/shutterstock_320369555-300x200.jpg 300w, https:\/\/www.humanium.org\/de\/wp-content\/uploads\/2021\/01\/shutterstock_320369555-768x512.jpg 768w, https:\/\/www.humanium.org\/de\/wp-content\/uploads\/2021\/01\/shutterstock_320369555-1536x1024.jpg 1536w, https:\/\/www.humanium.org\/de\/wp-content\/uploads\/2021\/01\/shutterstock_320369555-2048x1365.jpg 2048w, https:\/\/www.humanium.org\/de\/wp-content\/uploads\/2021\/01\/shutterstock_320369555-830x553.jpg 830w, https:\/\/www.humanium.org\/de\/wp-content\/uploads\/2021\/01\/shutterstock_320369555-230x153.jpg 230w, https:\/\/www.humanium.org\/de\/wp-content\/uploads\/2021\/01\/shutterstock_320369555-350x233.jpg 350w, https:\/\/www.humanium.org\/de\/wp-content\/uploads\/2021\/01\/shutterstock_320369555-480x320.jpg 480w, https:\/\/www.humanium.org\/de\/wp-content\/uploads\/2021\/01\/shutterstock_320369555-272x182.jpg 272w\" sizes=\"auto, (max-width: 1024px) 100vw, 1024px\" \/><\/figure>\n\n\n\n<h2 class=\"wp-block-heading\"><strong>Die rechtlichen Aspekte der Thematik<\/strong><\/h2>\n\n\n\n<p>Es ist darauf hinzuweisen, dass Artikel 118 PD 141\/1991 nicht f\u00fcr unbegleitete minderj\u00e4hrige MigrantInnen bestimmt ist, und dass laut der griechischen nationalen Gesetzgebung die Inhaftierung von unbegleiteten Kindern nur in \u201esehr au\u00dfergew\u00f6hnlichen F\u00e4llen\u201c und als \u201eletztes Mittel\u201c nach Pr\u00fcfung und in \u00dcbereinstimmung mit dem Grundsatz des &#8222;<a href=\"https:\/\/www.humanium.org\/de\/themenschwerpunkte\/kinderrechte\/\">Kindeswohls<\/a>&#8220; (Artikel 46 (10A) L 4375\/2016) erlaubt sein soll.<\/p>\n\n\n\n<p>Im Jahr 2019 fasste der Europ\u00e4ische Gerichtshof f\u00fcr Menschenrechte in seiner Rechtssprechung zu <em>H.A. und andere gegen Griechenland<\/em> (engl.: <em>H.A. and others vs. Greece<\/em>) den Beschluss, dass das umgesetzte Konzept der Schutzhaft in Griechenland gegen internationales Recht (CRC), europ\u00e4isches Recht, sowie griechisches innerstaatliches Recht verst\u00f6\u00dft. Im Einzelnen wurde gegen die <a href=\"https:\/\/www.humanium.org\/de\/definition-der-kinderrechtskonvention\/\">Kinderrechtskonvention<\/a> versto\u00dfen, weil im Rahmen des Schutzhaftverfahrens keine R\u00fccksicht auf das Prinzip des \u201eKindeswohls\u201c genommen wurde. <\/p>\n\n\n\n<p>Zus\u00e4tzlich wurde gegen die Europ\u00e4ische Menschenrechtskonvention in Bezug auf die Haftbedingungen (Art. 3) und die Rechtswidrigkeit der Inhaftierung (Art. 5) versto\u00dfen. Au\u00dferdem wurde das <a href=\"https:\/\/www.humanium.org\/de\/griechenland\/\">griechische<\/a> innerstaatliche Recht verletzt, indem Schutzhaft nicht als \u201eletztes Mittel\u201c und in \u201esehr au\u00dfergew\u00f6hnlichen F\u00e4llen\u201c (Artikel 46 (10A) L 4375\/2016), sondern systematisch als Standardvorgehen bei unbegleiteten minderj\u00e4hrigen MigrantInnen eingesetzt wurde (EGMR, <em>H.A. und andere gegen Griechenland<\/em>, 2019).<\/p>\n\n\n\n<h2 class=\"wp-block-heading\"><strong>\u00c4nderungen von Gesetzen und Verfahren<\/strong><\/h2>\n\n\n\n<p>Am 18. November 2020 erkl\u00e4rte das griechische Ministerium f\u00fcr Asyl und Migration, dass sich seit dem 14. November 2020 keine unbegleiteten minderj\u00e4hrigen MigrantInnen mehr in polizeilichem Schutzgewahrsam befinden. Die Bem\u00fchungen, Kinder aus der Schutzhaft in Unterk\u00fcnfte in <a href=\"https:\/\/www.humanium.org\/de\/griechenland\/\">Griechenland<\/a> oder andernorts in Europa umzusiedeln, begannen Anfang 2020 in Zusammenarbeit mit der Europ\u00e4ischen Kommission und als Folge mehrerer Urteile des Europ\u00e4ischen Gerichtshofs f\u00fcr Menschenrechte. <\/p>\n\n\n\n<p>Minister Mitarachi wies darauf hin, dass in Zusammenarbeit mit dem Ministerium f\u00fcr Asyl und Migration, sowie dem Ministerium f\u00fcr B\u00fcrgerschutz dem griechischen Parlament ein Gesetzesentwurf vorgelegt werden soll, \u201eum formell die Praxis zu beenden\u201c Kinder in polizeilicher Schutzhaft zu halten, und dass ein System entwickelt werden soll, dass \u201eeinen umfassenden, wirksamen und rechtzeitigen Schutz unbegleiteter Minderj\u00e4hriger erm\u00f6glicht\u201c (Hellenische Republik 2020).<\/p>\n\n\n\n<div class=\"wp-block-image\"><figure class=\"alignright size-large is-resized\"><img loading=\"lazy\" decoding=\"async\" src=\"https:\/\/www.humanium.org\/de\/wp-content\/uploads\/2021\/01\/shutterstock_1090230485-1024x683.jpg\" alt=\"\" class=\"wp-image-13964\" width=\"438\" height=\"292\" srcset=\"https:\/\/www.humanium.org\/de\/wp-content\/uploads\/2021\/01\/shutterstock_1090230485-1024x683.jpg 1024w, https:\/\/www.humanium.org\/de\/wp-content\/uploads\/2021\/01\/shutterstock_1090230485-300x200.jpg 300w, https:\/\/www.humanium.org\/de\/wp-content\/uploads\/2021\/01\/shutterstock_1090230485-768x512.jpg 768w, https:\/\/www.humanium.org\/de\/wp-content\/uploads\/2021\/01\/shutterstock_1090230485-1536x1024.jpg 1536w, https:\/\/www.humanium.org\/de\/wp-content\/uploads\/2021\/01\/shutterstock_1090230485-2048x1365.jpg 2048w, https:\/\/www.humanium.org\/de\/wp-content\/uploads\/2021\/01\/shutterstock_1090230485-830x553.jpg 830w, https:\/\/www.humanium.org\/de\/wp-content\/uploads\/2021\/01\/shutterstock_1090230485-230x153.jpg 230w, https:\/\/www.humanium.org\/de\/wp-content\/uploads\/2021\/01\/shutterstock_1090230485-350x233.jpg 350w, https:\/\/www.humanium.org\/de\/wp-content\/uploads\/2021\/01\/shutterstock_1090230485-480x320.jpg 480w, https:\/\/www.humanium.org\/de\/wp-content\/uploads\/2021\/01\/shutterstock_1090230485-272x182.jpg 272w\" sizes=\"auto, (max-width: 438px) 100vw, 438px\" \/><\/figure><\/div>\n\n\n\n<p>Als Mitglied von Child Rights Connect (CRC), der Organisation, die die UN-<a href=\"https:\/\/www.humanium.org\/de\/themenschwerpunkte\/kinderrechte\/\">Kinderrechtskonvention<\/a> entworfen hat, setzt sich Humanium nachdr\u00fccklich f\u00fcr den Schutz gef\u00e4hrdeter Kinder weltweit ein und macht sich f\u00fcr eine Welt stark, in der die Kinderrechte universell und effektiv eingehalten, gesch\u00fctzt und durchgesetzt werden. Sie k\u00f6nnen dabei helfen, auf die Belange von Kindern in der Welt aufmerksam zu machen, indem Sie Humanium unterst\u00fctzen \u2013 durch eine <a href=\"https:\/\/www.humanium.org\/de\/pate-werden-2\/\">Patenschaft<\/a> f\u00fcr ein Kind, eine <a href=\"https:\/\/www.humanium.org\/de\/spenden\/\">Spende<\/a>, eine Mitgliedschaft oder Mitarbeit als Freiwilliger..<\/p>\n\n\n\n<p><strong><em>Verfasst von Alexander Weihrauch<\/em><\/strong><\/p>\n\n\n\n<p><strong><em>\u00dcbersetzt von Jana Wegener<\/em><\/strong><\/p>\n\n\n\n<p><strong><em><strong><em>Korrektur gelesen von<\/em><\/strong>&nbsp;Sibylle Daymond<\/em><\/strong><\/p>\n\n\n\n<h4 class=\"wp-block-heading\" id=\"block-5799362f-6240-4c88-9788-d031a19195ca\"><strong>F\u00fcr mehr Informationen:<\/strong><\/h4>\n\n\n\n<p class=\"has-small-font-size\" id=\"block-d6a69034-80a9-4c03-90f2-5b978ff2ec24\"><a href=\"https:\/\/www.asylumineurope.org\/sites\/default\/files\/report-download\/aida_gr_2019update.pdf\" target=\"_blank\" rel=\"noreferrer noopener\">Asylum Information Database, European Council on Refugees and Exiles, Country Report Greece 2019<\/a><\/p>\n\n\n\n<p class=\"has-small-font-size\" id=\"block-2683c04a-ba8e-48c7-bc49-7075150bfb67\"><a href=\"https:\/\/www.google.com\/url?sa=t&amp;source=web&amp;cd=&amp;ved=2ahUKEwibq8TSgpvtAhUE_KQKHT_tDTkQFjAAegQIBhAC&amp;url=https%3A%2F%2Fwww.unicef.org%2Fmedia%2F58351%2Ffile%2FAlternatives%2520to%2520Immigration%2520Detention%2520of%2520Children%2520(ENG).pdf&amp;usg=AOvVaw3nsDl-naNssvTxetAht1j2\" target=\"_blank\" rel=\"noreferrer noopener\">UNICEF, Working paper, Alternatives to Immigration Detention of Children, February 2019<\/a><\/p>\n\n\n\n<h4 class=\"wp-block-heading\" id=\"block-bcc255a7-2755-4226-a833-e4b421388caa\"><strong>Bibliographie<\/strong>:<\/h4>\n\n\n\n<p class=\"has-small-font-size\" id=\"block-4088cb89-27a5-40b3-bef1-be46518f7199\"><a href=\"https:\/\/migration.gov.gr\/en\/telos-sti-filoxenia-anilikon-sta-astynomika-tmimata\/\" target=\"_blank\" rel=\"noreferrer noopener\">Hellenic Republic, Ministry for Migration &amp; Asylum (18 November 2020), retrieved from Hellenic Republic<\/a>.<\/p>\n\n\n\n<p class=\"has-small-font-size\" id=\"block-83bf5c88-a82c-4ea0-97ee-cce012c580c5\"><a href=\"https:\/\/undocs.org\/ch\/A\/HRC\/28\/68\" target=\"_blank\" rel=\"noreferrer noopener\">Human Rights Council (5 March 2015), Report of the Special Rapporteur on torture and other cruel, inhuman or degrading treatment or punishment, A\/HRC\/28\/68, para. 60, 61, retrieved from Human Rights Council.<\/a><\/p>\n\n\n\n<p class=\"has-small-font-size\" id=\"block-c509d1ca-5868-4624-ba97-37e6a133b4c9\"><a href=\"https:\/\/www.refworld.org\/cases,ECHR,5c780a0d7.html\" target=\"_blank\" rel=\"noreferrer noopener\">ECtHR (28 February 2019), H.A. and others v. Greece, No. 19951\/16, retrieved from ECtHR<\/a>.<\/p>\n\n\n\n<p class=\"has-small-font-size\" id=\"block-7263ea00-f1bf-4e2d-aca4-7960af49f782\">Article 46(10A) L 4375\/2016 implementing Article 11(2) of the EU Reception Directive.<\/p>\n","protected":false},"excerpt":{"rendered":"<p>Wie Notis Mitarachi, griechischer Minister f\u00fcr Asyl und Migration, am 18. November 2020 ank\u00fcndigte, schafft Griechenland das langj\u00e4hrige Vorgehen der Schutzhaft f\u00fcr unbegleitete minderj\u00e4hrige MigrantInnen ab. Diese Praxis gef\u00e4hrdet nicht nur das physische und mentale Wohlbefinden von Kindern, sondern verst\u00f6\u00dft auch gegen internationales, europ\u00e4isches und griechisches Recht in Bezug auf Kinderrechte. Schutzhaft von Kindern in [&hellip;]<\/p>\n","protected":false},"author":1,"featured_media":13962,"comment_status":"closed","ping_status":"closed","sticky":false,"template":"","format":"standard","meta":{"footnotes":""},"categories":[175,170,163,178],"tags":[],"class_list":["post-13956","post","type-post","status-publish","format-standard","has-post-thumbnail","hentry","category-ausbeutung","category-freiheit","category-kinderrechte","category-migration"],"yoast_head":"<!-- This site is optimized with the Yoast SEO plugin v26.5 - https:\/\/yoast.com\/wordpress\/plugins\/seo\/ -->\n<title>Schutzhaft von minderj\u00e4hrigen unbegleiteten MigrantInnen in Griechenland: Eine langj\u00e4hrige Praxis wird abgeschafft - Humanium<\/title>\n<meta name=\"description\" content=\"Am 18. November 2020 ank\u00fcndigte, schafft Griechenland das langj\u00e4hrige Vorgehen der Schutzhaft f\u00fcr unbegleitete minderj\u00e4hrige MigrantInnen ab.\" \/>\n<meta name=\"robots\" content=\"index, follow, max-snippet:-1, max-image-preview:large, max-video-preview:-1\" \/>\n<link rel=\"canonical\" href=\"https:\/\/www.humanium.org\/de\/schutzhaft-von-minderjaehrigen-unbegleiteten-migrantinnen-in-griechenland-eine-langjaehrige-praxis-wird-abgeschafft\/\" \/>\n<meta property=\"og:locale\" content=\"de_DE\" \/>\n<meta property=\"og:type\" content=\"article\" \/>\n<meta property=\"og:title\" content=\"Schutzhaft von minderj\u00e4hrigen unbegleiteten MigrantInnen in Griechenland: Eine langj\u00e4hrige Praxis wird abgeschafft - Humanium\" \/>\n<meta property=\"og:description\" content=\"Am 18. November 2020 ank\u00fcndigte, schafft Griechenland das langj\u00e4hrige Vorgehen der Schutzhaft f\u00fcr unbegleitete minderj\u00e4hrige MigrantInnen ab.\" \/>\n<meta property=\"og:url\" content=\"https:\/\/www.humanium.org\/de\/schutzhaft-von-minderjaehrigen-unbegleiteten-migrantinnen-in-griechenland-eine-langjaehrige-praxis-wird-abgeschafft\/\" \/>\n<meta property=\"og:site_name\" content=\"Humanium\" \/>\n<meta property=\"article:published_time\" content=\"2021-01-05T16:49:53+00:00\" \/>\n<meta property=\"article:modified_time\" content=\"2025-12-06T06:28:49+00:00\" \/>\n<meta property=\"og:image\" content=\"https:\/\/www.humanium.org\/de\/wp-content\/uploads\/2021\/01\/shutterstock_320357162-scaled.jpg\" \/>\n\t<meta property=\"og:image:width\" content=\"2560\" \/>\n\t<meta property=\"og:image:height\" content=\"1707\" \/>\n\t<meta property=\"og:image:type\" content=\"image\/jpeg\" \/>\n<meta name=\"author\" content=\"Olivier\" \/>\n<meta name=\"twitter:card\" content=\"summary_large_image\" \/>\n<meta name=\"twitter:label1\" content=\"Verfasst von\" \/>\n\t<meta name=\"twitter:data1\" content=\"Olivier\" \/>\n\t<meta name=\"twitter:label2\" content=\"Gesch\u00e4tzte Lesezeit\" \/>\n\t<meta name=\"twitter:data2\" content=\"4\u00a0Minuten\" \/>\n<script type=\"application\/ld+json\" class=\"yoast-schema-graph\">{\"@context\":\"https:\/\/schema.org\",\"@graph\":[{\"@type\":\"WebPage\",\"@id\":\"https:\/\/www.humanium.org\/de\/schutzhaft-von-minderjaehrigen-unbegleiteten-migrantinnen-in-griechenland-eine-langjaehrige-praxis-wird-abgeschafft\/\",\"url\":\"https:\/\/www.humanium.org\/de\/schutzhaft-von-minderjaehrigen-unbegleiteten-migrantinnen-in-griechenland-eine-langjaehrige-praxis-wird-abgeschafft\/\",\"name\":\"Schutzhaft von minderj\u00e4hrigen unbegleiteten MigrantInnen in Griechenland: Eine langj\u00e4hrige Praxis wird abgeschafft - Humanium\",\"isPartOf\":{\"@id\":\"https:\/\/www.humanium.org\/de\/#website\"},\"primaryImageOfPage\":{\"@id\":\"https:\/\/www.humanium.org\/de\/schutzhaft-von-minderjaehrigen-unbegleiteten-migrantinnen-in-griechenland-eine-langjaehrige-praxis-wird-abgeschafft\/#primaryimage\"},\"image\":{\"@id\":\"https:\/\/www.humanium.org\/de\/schutzhaft-von-minderjaehrigen-unbegleiteten-migrantinnen-in-griechenland-eine-langjaehrige-praxis-wird-abgeschafft\/#primaryimage\"},\"thumbnailUrl\":\"https:\/\/www.humanium.org\/de\/wp-content\/uploads\/2021\/01\/shutterstock_320357162-scaled.jpg\",\"datePublished\":\"2021-01-05T16:49:53+00:00\",\"dateModified\":\"2025-12-06T06:28:49+00:00\",\"author\":{\"@id\":\"https:\/\/www.humanium.org\/de\/#\/schema\/person\/69f7dbf111d176ec1840aea9080dee58\"},\"description\":\"Am 18. November 2020 ank\u00fcndigte, schafft Griechenland das langj\u00e4hrige Vorgehen der Schutzhaft f\u00fcr unbegleitete minderj\u00e4hrige MigrantInnen ab.\",\"breadcrumb\":{\"@id\":\"https:\/\/www.humanium.org\/de\/schutzhaft-von-minderjaehrigen-unbegleiteten-migrantinnen-in-griechenland-eine-langjaehrige-praxis-wird-abgeschafft\/#breadcrumb\"},\"inLanguage\":\"de\",\"potentialAction\":[{\"@type\":\"ReadAction\",\"target\":[\"https:\/\/www.humanium.org\/de\/schutzhaft-von-minderjaehrigen-unbegleiteten-migrantinnen-in-griechenland-eine-langjaehrige-praxis-wird-abgeschafft\/\"]}]},{\"@type\":\"ImageObject\",\"inLanguage\":\"de\",\"@id\":\"https:\/\/www.humanium.org\/de\/schutzhaft-von-minderjaehrigen-unbegleiteten-migrantinnen-in-griechenland-eine-langjaehrige-praxis-wird-abgeschafft\/#primaryimage\",\"url\":\"https:\/\/www.humanium.org\/de\/wp-content\/uploads\/2021\/01\/shutterstock_320357162-scaled.jpg\",\"contentUrl\":\"https:\/\/www.humanium.org\/de\/wp-content\/uploads\/2021\/01\/shutterstock_320357162-scaled.jpg\",\"width\":2560,\"height\":1707},{\"@type\":\"BreadcrumbList\",\"@id\":\"https:\/\/www.humanium.org\/de\/schutzhaft-von-minderjaehrigen-unbegleiteten-migrantinnen-in-griechenland-eine-langjaehrige-praxis-wird-abgeschafft\/#breadcrumb\",\"itemListElement\":[{\"@type\":\"ListItem\",\"position\":1,\"name\":\"Home\",\"item\":\"https:\/\/www.humanium.org\/de\/\"},{\"@type\":\"ListItem\",\"position\":2,\"name\":\"Schutzhaft von minderj\u00e4hrigen unbegleiteten MigrantInnen in Griechenland: Eine langj\u00e4hrige Praxis wird abgeschafft\"}]},{\"@type\":\"WebSite\",\"@id\":\"https:\/\/www.humanium.org\/de\/#website\",\"url\":\"https:\/\/www.humanium.org\/de\/\",\"name\":\"Humanium\",\"description\":\"Kinder zuerst!\",\"potentialAction\":[{\"@type\":\"SearchAction\",\"target\":{\"@type\":\"EntryPoint\",\"urlTemplate\":\"https:\/\/www.humanium.org\/de\/?s={search_term_string}\"},\"query-input\":{\"@type\":\"PropertyValueSpecification\",\"valueRequired\":true,\"valueName\":\"search_term_string\"}}],\"inLanguage\":\"de\"},{\"@type\":\"Person\",\"@id\":\"https:\/\/www.humanium.org\/de\/#\/schema\/person\/69f7dbf111d176ec1840aea9080dee58\",\"name\":\"Olivier\",\"image\":{\"@type\":\"ImageObject\",\"inLanguage\":\"de\",\"@id\":\"https:\/\/www.humanium.org\/de\/#\/schema\/person\/image\/\",\"url\":\"https:\/\/secure.gravatar.com\/avatar\/945a9bb4662b83cabc6e1483b64823d58adf8c47dcbb3a834cd5df54a5f60495?s=96&d=mm&r=g\",\"contentUrl\":\"https:\/\/secure.gravatar.com\/avatar\/945a9bb4662b83cabc6e1483b64823d58adf8c47dcbb3a834cd5df54a5f60495?s=96&d=mm&r=g\",\"caption\":\"Olivier\"},\"url\":\"https:\/\/www.humanium.org\/de\/author\/olivier\/\"}]}<\/script>\n<!-- \/ Yoast SEO plugin. -->","yoast_head_json":{"title":"Schutzhaft von minderj\u00e4hrigen unbegleiteten MigrantInnen in Griechenland: Eine langj\u00e4hrige Praxis wird abgeschafft - Humanium","description":"Am 18. November 2020 ank\u00fcndigte, schafft Griechenland das langj\u00e4hrige Vorgehen der Schutzhaft f\u00fcr unbegleitete minderj\u00e4hrige MigrantInnen ab.","robots":{"index":"index","follow":"follow","max-snippet":"max-snippet:-1","max-image-preview":"max-image-preview:large","max-video-preview":"max-video-preview:-1"},"canonical":"https:\/\/www.humanium.org\/de\/schutzhaft-von-minderjaehrigen-unbegleiteten-migrantinnen-in-griechenland-eine-langjaehrige-praxis-wird-abgeschafft\/","og_locale":"de_DE","og_type":"article","og_title":"Schutzhaft von minderj\u00e4hrigen unbegleiteten MigrantInnen in Griechenland: Eine langj\u00e4hrige Praxis wird abgeschafft - Humanium","og_description":"Am 18. November 2020 ank\u00fcndigte, schafft Griechenland das langj\u00e4hrige Vorgehen der Schutzhaft f\u00fcr unbegleitete minderj\u00e4hrige MigrantInnen ab.","og_url":"https:\/\/www.humanium.org\/de\/schutzhaft-von-minderjaehrigen-unbegleiteten-migrantinnen-in-griechenland-eine-langjaehrige-praxis-wird-abgeschafft\/","og_site_name":"Humanium","article_published_time":"2021-01-05T16:49:53+00:00","article_modified_time":"2025-12-06T06:28:49+00:00","og_image":[{"width":2560,"height":1707,"url":"https:\/\/www.humanium.org\/de\/wp-content\/uploads\/2021\/01\/shutterstock_320357162-scaled.jpg","type":"image\/jpeg"}],"author":"Olivier","twitter_card":"summary_large_image","twitter_misc":{"Verfasst von":"Olivier","Gesch\u00e4tzte Lesezeit":"4\u00a0Minuten"},"schema":{"@context":"https:\/\/schema.org","@graph":[{"@type":"WebPage","@id":"https:\/\/www.humanium.org\/de\/schutzhaft-von-minderjaehrigen-unbegleiteten-migrantinnen-in-griechenland-eine-langjaehrige-praxis-wird-abgeschafft\/","url":"https:\/\/www.humanium.org\/de\/schutzhaft-von-minderjaehrigen-unbegleiteten-migrantinnen-in-griechenland-eine-langjaehrige-praxis-wird-abgeschafft\/","name":"Schutzhaft von minderj\u00e4hrigen unbegleiteten MigrantInnen in Griechenland: Eine langj\u00e4hrige Praxis wird abgeschafft - Humanium","isPartOf":{"@id":"https:\/\/www.humanium.org\/de\/#website"},"primaryImageOfPage":{"@id":"https:\/\/www.humanium.org\/de\/schutzhaft-von-minderjaehrigen-unbegleiteten-migrantinnen-in-griechenland-eine-langjaehrige-praxis-wird-abgeschafft\/#primaryimage"},"image":{"@id":"https:\/\/www.humanium.org\/de\/schutzhaft-von-minderjaehrigen-unbegleiteten-migrantinnen-in-griechenland-eine-langjaehrige-praxis-wird-abgeschafft\/#primaryimage"},"thumbnailUrl":"https:\/\/www.humanium.org\/de\/wp-content\/uploads\/2021\/01\/shutterstock_320357162-scaled.jpg","datePublished":"2021-01-05T16:49:53+00:00","dateModified":"2025-12-06T06:28:49+00:00","author":{"@id":"https:\/\/www.humanium.org\/de\/#\/schema\/person\/69f7dbf111d176ec1840aea9080dee58"},"description":"Am 18. November 2020 ank\u00fcndigte, schafft Griechenland das langj\u00e4hrige Vorgehen der Schutzhaft f\u00fcr unbegleitete minderj\u00e4hrige MigrantInnen ab.","breadcrumb":{"@id":"https:\/\/www.humanium.org\/de\/schutzhaft-von-minderjaehrigen-unbegleiteten-migrantinnen-in-griechenland-eine-langjaehrige-praxis-wird-abgeschafft\/#breadcrumb"},"inLanguage":"de","potentialAction":[{"@type":"ReadAction","target":["https:\/\/www.humanium.org\/de\/schutzhaft-von-minderjaehrigen-unbegleiteten-migrantinnen-in-griechenland-eine-langjaehrige-praxis-wird-abgeschafft\/"]}]},{"@type":"ImageObject","inLanguage":"de","@id":"https:\/\/www.humanium.org\/de\/schutzhaft-von-minderjaehrigen-unbegleiteten-migrantinnen-in-griechenland-eine-langjaehrige-praxis-wird-abgeschafft\/#primaryimage","url":"https:\/\/www.humanium.org\/de\/wp-content\/uploads\/2021\/01\/shutterstock_320357162-scaled.jpg","contentUrl":"https:\/\/www.humanium.org\/de\/wp-content\/uploads\/2021\/01\/shutterstock_320357162-scaled.jpg","width":2560,"height":1707},{"@type":"BreadcrumbList","@id":"https:\/\/www.humanium.org\/de\/schutzhaft-von-minderjaehrigen-unbegleiteten-migrantinnen-in-griechenland-eine-langjaehrige-praxis-wird-abgeschafft\/#breadcrumb","itemListElement":[{"@type":"ListItem","position":1,"name":"Home","item":"https:\/\/www.humanium.org\/de\/"},{"@type":"ListItem","position":2,"name":"Schutzhaft von minderj\u00e4hrigen unbegleiteten MigrantInnen in Griechenland: Eine langj\u00e4hrige Praxis wird abgeschafft"}]},{"@type":"WebSite","@id":"https:\/\/www.humanium.org\/de\/#website","url":"https:\/\/www.humanium.org\/de\/","name":"Humanium","description":"Kinder zuerst!","potentialAction":[{"@type":"SearchAction","target":{"@type":"EntryPoint","urlTemplate":"https:\/\/www.humanium.org\/de\/?s={search_term_string}"},"query-input":{"@type":"PropertyValueSpecification","valueRequired":true,"valueName":"search_term_string"}}],"inLanguage":"de"},{"@type":"Person","@id":"https:\/\/www.humanium.org\/de\/#\/schema\/person\/69f7dbf111d176ec1840aea9080dee58","name":"Olivier","image":{"@type":"ImageObject","inLanguage":"de","@id":"https:\/\/www.humanium.org\/de\/#\/schema\/person\/image\/","url":"https:\/\/secure.gravatar.com\/avatar\/945a9bb4662b83cabc6e1483b64823d58adf8c47dcbb3a834cd5df54a5f60495?s=96&d=mm&r=g","contentUrl":"https:\/\/secure.gravatar.com\/avatar\/945a9bb4662b83cabc6e1483b64823d58adf8c47dcbb3a834cd5df54a5f60495?s=96&d=mm&r=g","caption":"Olivier"},"url":"https:\/\/www.humanium.org\/de\/author\/olivier\/"}]}},"_links":{"self":[{"href":"https:\/\/www.humanium.org\/de\/wp-json\/wp\/v2\/posts\/13956","targetHints":{"allow":["GET"]}}],"collection":[{"href":"https:\/\/www.humanium.org\/de\/wp-json\/wp\/v2\/posts"}],"about":[{"href":"https:\/\/www.humanium.org\/de\/wp-json\/wp\/v2\/types\/post"}],"author":[{"embeddable":true,"href":"https:\/\/www.humanium.org\/de\/wp-json\/wp\/v2\/users\/1"}],"replies":[{"embeddable":true,"href":"https:\/\/www.humanium.org\/de\/wp-json\/wp\/v2\/comments?post=13956"}],"version-history":[{"count":10,"href":"https:\/\/www.humanium.org\/de\/wp-json\/wp\/v2\/posts\/13956\/revisions"}],"predecessor-version":[{"id":21038,"href":"https:\/\/www.humanium.org\/de\/wp-json\/wp\/v2\/posts\/13956\/revisions\/21038"}],"wp:featuredmedia":[{"embeddable":true,"href":"https:\/\/www.humanium.org\/de\/wp-json\/wp\/v2\/media\/13962"}],"wp:attachment":[{"href":"https:\/\/www.humanium.org\/de\/wp-json\/wp\/v2\/media?parent=13956"}],"wp:term":[{"taxonomy":"category","embeddable":true,"href":"https:\/\/www.humanium.org\/de\/wp-json\/wp\/v2\/categories?post=13956"},{"taxonomy":"post_tag","embeddable":true,"href":"https:\/\/www.humanium.org\/de\/wp-json\/wp\/v2\/tags?post=13956"}],"curies":[{"name":"wp","href":"https:\/\/api.w.org\/{rel}","templated":true}]}}