{"id":14547,"date":"2021-05-11T12:31:19","date_gmt":"2021-05-11T12:31:19","guid":{"rendered":"https:\/\/www.humanium.org\/de\/?p=14547"},"modified":"2021-05-11T12:35:03","modified_gmt":"2021-05-11T12:35:03","slug":"vom-tugendkreis-einer-sinnvollen-kinderbeteiligung","status":"publish","type":"post","link":"https:\/\/www.humanium.org\/de\/vom-tugendkreis-einer-sinnvollen-kinderbeteiligung\/","title":{"rendered":"Vom Tugendkreis einer sinnvollen Kinderbeteiligung"},"content":{"rendered":"\n<p><strong>Die Europ\u00e4ische Union und der Europ\u00e4ische Rat initiierten am 1. April 2021 das gemeinsame Projekt \u2018CP4EUROPE\u2019 (Kinderschutz f\u00fcr Europa). Dieses Projekt zielt auf die Verbesserung der Mittel und Chancen f\u00fcr <a href=\"https:\/\/www.humanium.org\/de\/recht-freiheit\/\">Kinderbeteiligung<\/a> ab (Europ\u00e4ischer Rat, 2021). Obwohl Beteiligung eines der <a href=\"https:\/\/www.humanium.org\/de\/verstehen\/\">Grundrechte der Kinder <\/a>ist, gibt es sogar mehr als 30 Jahre nach Inkrafttreten der <a href=\"https:\/\/www.humanium.org\/de\/konvention\/\">Kinderrechtskonvention (KRK)<\/a> einen zunehmenden Bedarf an Projekten, die diesen grundlegenden Wert beinhalten. In Anbetracht der Bedeutung der Beteiligung von Kindern, stellt sich also die Frage, warum dieses Recht noch nicht wirkungsvoll realisiert wurde.<\/strong><\/p>\n\n\n\n<h2 class=\"wp-block-heading\">Definition sinnvoller Beteiligung<\/h2>\n\n\n\n<p>Der Begriff der Beteiligung wird von dem Recht des Kindes abgeleitet, angeh\u00f6rt und ernst genommen zu werden. Allerdings wird dieser Begriff nicht ausdr\u00fccklich in der <a href=\"https:\/\/www.humanium.org\/de\/konvention\/\">KRK<\/a> erw\u00e4hnt <a>(UN-Kinderrechtskonvention, 2009). <\/a>Artikel 12 der KRK beschreibt das Recht zur Beteiligung, das eines der vier Grundprinzipien des KRK ist (UN-Ausschuss f\u00fcr die Rechte des Kindes, 2009). Darunter ist auch zu verstehen, dass Beteiligung kein isoliertes Recht ist, sondern bei der Umsetzung aller <a href=\"https:\/\/www.humanium.org\/de\/themenschwerpunkte\/kinderrechte\/\">Kinderrechte<\/a> angewendet werden muss. Deshalb sollten Kinder an der Ausarbeitung aller Strategien, Programme und Massnahmen, die das Kind betreffen, beteiligt werden (UN-Kinderrechtskonvention, 2009).<\/p>\n\n\n\n<p>Dies mag relativ einfach klingen, allerdings zeigen Projekte wie CP4EUROPE, dass davon keine Rede sein kann. Indem man ein Kind nach seiner Meinung \u00fcber ein bestimmtes Thema befragt, wird man noch lange nicht den Anforderungen an Beteiligung gerecht, denn diese Ansichten m\u00fcssen auch ernst genommen werden. Anders gesagt darf man die Ansichten, die Kinder im Rahmen der <a href=\"https:\/\/www.humanium.org\/de\/recht-freiheit\/\">Beteiligung<\/a> \u00e4ussern, nicht einfach unber\u00fccksichtigt lassen. In einem solchen Fall w\u00e4re die Beteiligung nicht sinnvoll und h\u00e4tte keinen Wert. Beteiligung sollte, um sinnvoll zu sein, drei Kernpunkte beinhalten: Informieren, Anh\u00f6ren und Einbeziehen (Bouma et al., 2018).<\/p>\n\n\n\n<p>Der erste Kernpunkt setzt voraus, <a href=\"https:\/\/www.humanium.org\/de\/recht-freiheit\/\">das Kind \u00fcber sein Recht auf Beteiligung <\/a>, sowie \u00fcber die M\u00f6glichkeiten zur Beteiligung, den Schwerpunkt der Beteiligung und die Auswirkungen, die sein Beitrag haben k\u00f6nnte, zu informieren (UN-<a>Ausschuss f\u00fcr die Rechte des Kindes<\/a>, 2009). Schliesslich sollte das Kind auch \u00fcber die getroffene Entscheidung, sowie dar\u00fcber informiert werden, ob oder inwieweit sein Beitrag auf den Entscheidungsprozess eingewirkt hat. Der zweite Kernpunkt bezieht sich darauf, dass Kindern nicht nur die Gelegenheit zur Anh\u00f6rung gegeben werden sollte, sondern dass sie auch dazu ermutigt werden sollten (UN-Ausschuss f\u00fcr die Rechte des Kindes, 2009).<\/p>\n\n\n\n<p>Es ist wichtig zu ber\u00fccksichtigen, dass Kinder, obwohl sie die Gelegenheit dazu haben, auch wirklich die Wahlfreiheit haben sollten, ob sie ihre Ansichten \u00e4ussern m\u00f6chten (Bouma et al., 2018). Der letzte Kernpunkt verlangt nach der Miteinbeziehung des Kindes in den gesamten Entscheidungsprozess. Dies geht Hand in Hand mit den ersten zwei Schritten und erfordert, dass eine Einbeziehung des Kindes nicht nur einmalig, sondern fortw\u00e4hrend stattfindet (Bouma et al., 2018). Somit sollte ein Kind also, um seine Beteiligung wirklich sinnvoll zu machen, informiert, angeh\u00f6rt und in jeden Schritt des Entscheidungsprozesses miteinbezogen werden.<\/p>\n\n\n\n<h2 class=\"wp-block-heading\">Der Wert der Kinderbeteiligung<\/h2>\n\n\n\n<p>Zwar kostet es einige Anstrengungen, eine fortw\u00e4hrende Einbeziehung zu erm\u00f6glichen, aber die Vorteile \u00fcberwiegen die Nachteile bei weitem (Janta et al., 2021). Indem einem Kind eine ernsthafte Beteiligung erm\u00f6glicht wird, erlebt es positive Folgen f\u00fcr sein Selbstbewusstsein, sein Selbstwertgef\u00fchl, und seine kognitiven und sozialen F\u00e4higkeiten (Garcia-Quiroga &amp; Agoglia, 2020). <\/p>\n\n\n\n<p>Noch wichtiger ist es vielleicht, dass Kinder so lernen, Andere und deren Meinungen zu respektieren (Lansdown, 2011). Je mehr Kindern diese Beteiligungsm\u00f6glichkeiten geboten werden, desto st\u00e4rker erleben sie die positiven Auswirkungen, was wiederum zu vermehrtem Engagement f\u00fchrt (Lansdown, 2011). Anders ausgedr\u00fcckt ist eine aussagekr\u00e4ftige <a href=\"https:\/\/www.humanium.org\/de\/recht-freiheit\/\">Beteiligung<\/a> ein Tugendkreis, der Kinder wahrhaftig erm\u00e4chtigt \u2013 jetzt und in Zukunft.<\/p>\n\n\n\n<figure class=\"wp-block-image size-large\"><img loading=\"lazy\" decoding=\"async\" width=\"1024\" height=\"683\" src=\"https:\/\/www.humanium.org\/de\/wp-content\/uploads\/2021\/05\/shutterstock_683779825-1024x683.jpg\" alt=\"\" class=\"wp-image-14549\" srcset=\"https:\/\/www.humanium.org\/de\/wp-content\/uploads\/2021\/05\/shutterstock_683779825-1024x683.jpg 1024w, https:\/\/www.humanium.org\/de\/wp-content\/uploads\/2021\/05\/shutterstock_683779825-300x200.jpg 300w, https:\/\/www.humanium.org\/de\/wp-content\/uploads\/2021\/05\/shutterstock_683779825-768x512.jpg 768w, https:\/\/www.humanium.org\/de\/wp-content\/uploads\/2021\/05\/shutterstock_683779825-1536x1024.jpg 1536w, https:\/\/www.humanium.org\/de\/wp-content\/uploads\/2021\/05\/shutterstock_683779825-2048x1365.jpg 2048w, https:\/\/www.humanium.org\/de\/wp-content\/uploads\/2021\/05\/shutterstock_683779825-830x553.jpg 830w, https:\/\/www.humanium.org\/de\/wp-content\/uploads\/2021\/05\/shutterstock_683779825-230x153.jpg 230w, https:\/\/www.humanium.org\/de\/wp-content\/uploads\/2021\/05\/shutterstock_683779825-350x233.jpg 350w, https:\/\/www.humanium.org\/de\/wp-content\/uploads\/2021\/05\/shutterstock_683779825-480x320.jpg 480w, https:\/\/www.humanium.org\/de\/wp-content\/uploads\/2021\/05\/shutterstock_683779825-272x182.jpg 272w\" sizes=\"auto, (max-width: 1024px) 100vw, 1024px\" \/><\/figure>\n\n\n\n<p>Es ist kaum \u00fcberraschend, dass eine sinnvolle Beteiligung nicht nur dem Kind zu Gute kommt. Es ist erwiesen, dass sie f\u00fcr die Gesellschaft insgesamt von Vorteil ist (Lansdown, 2011). Verschiedene Fallstudien zeigen, dass sich sinnvolle Beteiligung positiv auf \u00f6rtliche Gemeinschaften auswirkt (Lansdown, 2011). Ein Beispiel dazu gibt es in <a href=\"https:\/\/www.humanium.org\/de\/kolumbien\/\">Kolumbien<\/a>, wo Kinder ein Walderhaltungsprogramm entwickelt haben (Hart, 2013). <\/p>\n\n\n\n<p>Im Verlauf dieses Programms haben die Kinder eng mit den \u00f6rtlichen Gemeinschaften zusammengearbeitet und haben Erwachsene in <a href=\"https:\/\/www.humanium.org\/de\/themenschwerpunkte\/umwelt\/klimakrise\/\">nachhaltiger Waldwirtschaft<\/a> ausgebildet und gleichzeitig eine gro\u00dfe Anzahl einheimischer B\u00e4ume wieder angepflanzt. Die Beteiligung von Kindern hat nicht nur sie selbst erm\u00e4chtigt, sondern hat der ganzen Gemeinschaft Gelegenheit zum Lernen gegeben \u2013 um besser zu werden.<\/p>\n\n\n\n<h2 class=\"wp-block-heading\">Die Hindernisse bei der effektiven Umsetzung<\/h2>\n\n\n\n<h3 class=\"wp-block-heading\">Das Versagen existierender Strukturen<\/h3>\n\n\n\n<p>Warum also werden Projekte wie CP4EUROPE noch ben\u00f6tigt? Tatsache ist, dass viele existierende Strukturen dabei versagen, sinnvolle Beteiligung wirkungsvoll zu realisieren (Janta et al., 2021). Verschiedene Probleme wurden erkannt, aber zwei sind immer wieder zu beobachten: Die Beteiligung von Kindern hat oft nur eine Alibifunktion, und gew\u00f6hnlich bekommt nur eine bestimmte Gruppe von Kindern die Gelegenheit, teilzunehmen.<\/p>\n\n\n\n<p>Beteiligungsstrukturen werden von Kindern als Alibi-Ma\u03b2nahmen wahrgenommen (Lundy, 2007). Anders gesagt ist die <a href=\"https:\/\/www.humanium.org\/de\/recht-freiheit\/\">Beteiligung von Kindern an Entscheidungsprozessen rein symbolisch.<\/a> Sie ist wie eine leere H\u00fclle und hat keine wirkliche Bedeutung f\u00fcr den endg\u00fcltigen Entscheidungsprozess. Einige Strukturen lassen die vorgebrachten Meinungen v\u00f6llig au\u00dfer Acht, w\u00e4hrend andere die Teilnehmenden nicht \u00fcber den Effekt informieren, den ihr Beitrag auf den Entscheidungsprozess hatte (Tisdall &amp; Davis, 2004). <\/p>\n\n\n\n<p>Diese Strukturen schaffen es nicht, die drei Grundvoraussetzungen f\u00fcr eine sinnvolle Beteiligung umzusetzen. Dies k\u00f6nnte die Auffassung verschlimmern, dass die Meinung des Kindes nicht z\u00e4hlt, oder dass sie nicht ernst genommen wird (Lundy, 2007). Das Ergebnis ist, dass Kinder nicht mehr (ernsthaft) an zuk\u00fcnftigen Vorg\u00e4ngen teilnehmen wollen, woraufhin partizipative Strukturen nutzlos werden (Lundy, 2007).<\/p>\n\n\n\n<p>Selbst wenn die Ansichten der Kinder aufrichtig ernst genommen werden, f\u00fchrt doch eine gewisse Voreingenommenheit bei der Auswahl der Teilnehmenden zu einer ungleichgewichtigen Repr\u00e4sentation der betroffenen Kinder (Janta et al., 2021). Diese Tendenz wirkt sich zweifach aus. Erstens sind Randgruppen wie zum Beispiel <a href=\"https:\/\/www.humanium.org\/de\/vertriebene%20kinder\/\">Fl\u00fcchtlingskinder<\/a> oder <a href=\"https:\/\/www.humanium.org\/de\/kinder-mit-behinderungen\/\">Kinder mit Behinderungen<\/a> oft von Beteiligungsm\u00f6glichkeiten ausgeschlossen (Garcia-Quiroga &amp; Agoglia, 2020). <\/p>\n\n\n\n<p>Zweitens sind diese Strukturen meistens auf \u00e4ltere Kinder und Jugendliche ausgerichtet (Janta et al., 2021). Aufgrund der auf Erwachsene ausgerichteten und ausschliessenden Beteiligungsmodalit\u00e4ten k\u00f6nnen zahlreiche Kinder ihre Meinung zu Angelegenheiten, die sie betreffen, nicht zum Ausdruck bringen, was nicht nur die Umsetzung einer sinnvollen Beteiligung behindert, sondern auch dem <a href=\"https:\/\/www.humanium.org\/de\/diskriminierung\/\">Diskriminierungsverbot<\/a> zuwiderl\u00e4uft und schutzbed\u00fcrftige Gruppen weiter ausgrenzt.<\/p>\n\n\n\n<h3 class=\"wp-block-heading\"><strong>Die Haltung Erwachsener gegen\u00fcber Kinderbeteiligung<\/strong><\/h3>\n\n\n\n<p>Es besteht kein Zweifel, dass bestehende Strukturen M\u00e4ngel vorweisen. Trotzdem k\u00f6nnen diese M\u00e4ngel gerade durch die Beteiligung von Kindern aufgezeigt und bew\u00e4ltigt werden (UN-Ausschuss f\u00fcr die Rechte des Kindes, 2009). Kinder brauchen die Bereitschaft und Mitwirkung der Erwachsenen, um eine echte Ver\u00e4nderung und sinnvolle Beteiligung zu verwirklichen. Leider ist es gerade die Haltung vieler Erwachsener, die ein wesentliches Hindernis auf dem Weg zu dieser notwendigen Ver\u00e4nderung darstellt.<\/p>\n\n\n\n<p>Erwachsene sehen Kinder oft als inkompetent, unverl\u00e4sslich und unwissend an (Mayall, 2000). So wird davon ausgegangen, dass Kinder nicht in der Lage sind, konstruktiv an einem Entscheidungsprozess mitzuwirken. Ganz im Gegenteil ist es aber so, dass Kinder oft einzigartige Einsichten zu bieten haben, an denen es den Erwachsenen fehlt. Indem man also Kinder an allen Schritten teilhaben l\u00e4sst, k\u00f6nnte man die Relevanz, die Wirksamkeit und die Tragf\u00e4higkeit der getroffenen Entscheidung verbessern (Lansdown, 2011).<\/p>\n\n\n\n<p>Diese Annahme ist, um es direkt zu sagen, aus verschiedenen Gr\u00fcnden sch\u00e4dlich: Weil sie die effektive Verwirklichung einer sinnvollen Beteiligung behindert und den unsch\u00e4tzbaren Tugendkreis unterbricht (Lundy, 2007). Es gibt immer mehr Beweise daf\u00fcr, dass Kinder wirklich kompetent sind (Mayall, 2000). Von dieser bei Erwachsenen historisch tief verankerten Auffassung sollte man sich also verabschieden. Erwachsene sollten stattdessen davon ausgehen, dass Kinder \u2013 ihre Kinder \u2013 tats\u00e4chlich kompetent sind (UN-Ausschuss f\u00fcr die Rechte des Kindes, 2009).<\/p>\n\n\n\n<p>Es ist nat\u00fcrlich nicht wahr oder gerecht zu behaupten, dass alle bestehenden Strukturen dabei versagen, eine sinnvolle Kinderbeteiligung zu erreichen, allerdings muss mehr unternommen werden, um dieses Grundrecht der Kinder zu verwirklichen. Aus genau diesem Grund brauchen wir mehr Projekte wie CP4EUROPE. Wir brauchen eine komplette Kehrtwende bei den \u00dcberzeugungen vieler Erwachsener.<\/p>\n\n\n\n<figure class=\"wp-block-image size-large\"><img loading=\"lazy\" decoding=\"async\" width=\"1024\" height=\"683\" src=\"https:\/\/www.humanium.org\/de\/wp-content\/uploads\/2021\/05\/shutterstock_1086016097-1024x683.jpg\" alt=\"\" class=\"wp-image-14550\" srcset=\"https:\/\/www.humanium.org\/de\/wp-content\/uploads\/2021\/05\/shutterstock_1086016097-1024x683.jpg 1024w, https:\/\/www.humanium.org\/de\/wp-content\/uploads\/2021\/05\/shutterstock_1086016097-300x200.jpg 300w, https:\/\/www.humanium.org\/de\/wp-content\/uploads\/2021\/05\/shutterstock_1086016097-768x513.jpg 768w, https:\/\/www.humanium.org\/de\/wp-content\/uploads\/2021\/05\/shutterstock_1086016097-1536x1025.jpg 1536w, https:\/\/www.humanium.org\/de\/wp-content\/uploads\/2021\/05\/shutterstock_1086016097-2048x1367.jpg 2048w, https:\/\/www.humanium.org\/de\/wp-content\/uploads\/2021\/05\/shutterstock_1086016097-830x554.jpg 830w, https:\/\/www.humanium.org\/de\/wp-content\/uploads\/2021\/05\/shutterstock_1086016097-230x154.jpg 230w, https:\/\/www.humanium.org\/de\/wp-content\/uploads\/2021\/05\/shutterstock_1086016097-350x234.jpg 350w, https:\/\/www.humanium.org\/de\/wp-content\/uploads\/2021\/05\/shutterstock_1086016097-480x320.jpg 480w, https:\/\/www.humanium.org\/de\/wp-content\/uploads\/2021\/05\/shutterstock_1086016097-272x182.jpg 272w\" sizes=\"auto, (max-width: 1024px) 100vw, 1024px\" \/><\/figure>\n\n\n\n<p>Kinder sind nicht \u2018Werdende\u2019, wie sie von vielen Erwachsenen gesehen werden (Heimer &amp; Palme, 2016). So gesehen ist es besorgniserregend, dass es CP4EUROPE und \u00e4hnliche Projekte nicht schaffen werden, in der Zukunft die notwendige Ver\u00e4nderung f\u00fcr Kinder herbeizuf\u00fchren, wenn Erwachsene nicht \u00fcber diese veraltete Idee hinauskommen. Das Ergebnis? Die <a href=\"https:\/\/www.humanium.org\/de\/recht-freiheit\/\">sinnvolle Beteiligung kompetenter, optimistischer und gut informierter Kinder<\/a> mit ihrem Wert f\u00fcr die gesamte Gesellschaft wird von Alibipolitik erstickt.<\/p>\n\n\n\n<p><strong><em>Geschrieben von Yunus Oppier<\/em><\/strong><\/p>\n\n\n\n<p><strong><em>\u00dcbersetzt von Susanne Russell<\/em><\/strong><\/p>\n\n\n\n<p><strong><em>Korrektur gelesen von Rebecca Richter<\/em><\/strong><\/p>\n\n\n\n<h4 class=\"wp-block-heading\">Literaturverzeichnis:<\/h4>\n\n\n\n<p class=\"has-small-font-size\"><a href=\"https:\/\/doi.org\/10.1016\/j.chiabu.2018.02.016\" target=\"_blank\" rel=\"noreferrer noopener\">Bouma, H., L\u00f3pez L\u00f3pez, M., Knorth, E. J., &amp; Grietens, H. (2018). Meaningful participation for children in the Dutch child protection system: A critical analysis of relevant provisions in policy documents. <em>Child Abuse &amp; Neglect<\/em>, <em>79<\/em>, 279\u2013292. <\/a><\/p>\n\n\n\n<p class=\"has-small-font-size\"><a href=\"https:\/\/www.coe.int\/en\/web\/children\/-\/europe-gets-ready-to-strengthen-national-child-participation-frameworks-and-action\" target=\"_blank\" rel=\"noreferrer noopener\">Council of Europe. (2021, April 1). <em>No Europe gets ready to strengthen national child participation frameworks and actionTitle<\/em>.<\/a><\/p>\n\n\n\n<p class=\"has-small-font-size\"><a href=\"https:\/\/doi.org\/10.1177\/1609406920958965\" target=\"_blank\" rel=\"noreferrer noopener\">Garcia-Quiroga, M., &amp; Agoglia, I. S. (2020). Too Vulnerable to Participate? Challenges for Meaningful Participation in Research With Children in Alternative Care and Adoption. <em>International Journal of Qualitative Methods<\/em>, <em>19<\/em>, 160940692095896. <\/a><\/p>\n\n\n\n<p class=\"has-small-font-size\"><a href=\"https:\/\/doi.org\/10.4324\/9781315070728\" target=\"_blank\" rel=\"noreferrer noopener\">Hart, R. A. (2013). <em>Children\u2019s Participation<\/em>. Routledge.<\/a><\/p>\n\n\n\n<p class=\"has-small-font-size\"><a href=\"https:\/\/doi.org\/10.1017\/S0047279415000744\" target=\"_blank\" rel=\"noreferrer noopener\">Heimer, M., &amp; Palme, J. (2016). Rethinking child policy post-UN convention on the rights of the child: Vulnerable children\u2019s welfare in Sweden. <em>Journal of Social Policy<\/em>, <em>45<\/em>(3), 435\u2013452.<\/a><\/p>\n\n\n\n<p class=\"has-small-font-size\"><a href=\"https:\/\/doi.org\/10.2838\/388737\" target=\"_blank\" rel=\"noreferrer noopener\">Janta, B., Bruckmayer, M., Silva, A. De, Gilder, L., Culora, A., Cole, S., Leenders, E., Schuurman, E. M., &amp; Hagger-vaughan, A. (2021). <em>Study on child participation in EU political and democratic life<\/em> (Issue February).<\/a><\/p>\n\n\n\n<p class=\"has-small-font-size\"><a href=\"http:\/\/www.unicef.org\/french\/adolescence\/files\/Every_Childs_Right_to_be_Heard.pdf\" target=\"_blank\" rel=\"noreferrer noopener\">Lansdown, G. (2011). <em>Every Child\u2019s Right to be Heard<\/em> (Vol. 0, Issue 0). Save the Children UK.<\/a><\/p>\n\n\n\n<p class=\"has-small-font-size\"><a href=\"https:\/\/doi.org\/10.1080\/01411920701657033\" target=\"_blank\" rel=\"noreferrer noopener\">Lundy, L. (2007). \u2018Voice\u2019 is not enough: conceptualising Article 12 of the United Nations Convention on the Rights of the Child. <em>British Educational Research Journal<\/em>, <em>33<\/em>(6), 927\u2013942.<\/a><\/p>\n\n\n\n<p class=\"has-small-font-size\"><a href=\"https:\/\/doi.org\/10.1163\/15718180020494640\" target=\"_blank\" rel=\"noreferrer noopener\">Mayall, B. (2000). The sociology of childhood in relation to children\u2019s rights. <em>The International Journal of Children\u2019s Rights<\/em>, <em>8<\/em>(3), 243\u2013259.<\/a><\/p>\n\n\n\n<p class=\"has-small-font-size\"><a href=\"https:\/\/doi.org\/10.1002\/chi.816\" target=\"_blank\" rel=\"noreferrer noopener\">Tisdall, E. K. M., &amp; Davis, J. (2004). Making a Difference? Bringing Children\u2019s and Young People\u2019s Views, into Policy-Making. <em>Children and Society<\/em>, <em>18<\/em>(2), 131\u2013142.<\/a><\/p>\n\n\n\n<p class=\"has-small-font-size\"><a href=\"https:\/\/www.refworld.org\/docid\/4ae562c52.html\" target=\"_blank\" rel=\"noreferrer noopener\">UN Committee on the Rights of the Child. (2009). <em>General comment No.12 (2009): The right of the child to be heard<\/em> (Vol. 12). <\/a><\/p>\n\n\n\n<p><br><\/p>\n","protected":false},"excerpt":{"rendered":"<p>Die Europ\u00e4ische Union und der Europ\u00e4ische Rat initiierten am 1. April 2021 das gemeinsame Projekt \u2018CP4EUROPE\u2019 (Kinderschutz f\u00fcr Europa). Dieses Projekt zielt auf die Verbesserung der Mittel und Chancen f\u00fcr Kinderbeteiligung ab (Europ\u00e4ischer Rat, 2021). Obwohl Beteiligung eines der Grundrechte der Kinder ist, gibt es sogar mehr als 30 Jahre nach Inkrafttreten der Kinderrechtskonvention (KRK) [&hellip;]<\/p>\n","protected":false},"author":45,"featured_media":14493,"comment_status":"closed","ping_status":"closed","sticky":false,"template":"","format":"standard","meta":{"footnotes":""},"categories":[13,170,163],"tags":[],"class_list":["post-14547","post","type-post","status-publish","format-standard","has-post-thumbnail","hentry","category-bildung","category-freiheit","category-kinderrechte"],"yoast_head":"<!-- This site is optimized with the Yoast SEO plugin v26.5 - https:\/\/yoast.com\/wordpress\/plugins\/seo\/ -->\n<title>Vom Tugendkreis einer sinnvollen Kinderbeteiligung - Humanium<\/title>\n<meta name=\"description\" content=\"Die Europ\u00e4ische Union und der Europ\u00e4ische Rat initiierten am 1. April 2021 das gemeinsame Projekt \u2018CP4EUROPE\u2019 (Kinderschutz f\u00fcr Europa).\" \/>\n<meta name=\"robots\" content=\"index, follow, max-snippet:-1, max-image-preview:large, max-video-preview:-1\" \/>\n<link rel=\"canonical\" href=\"https:\/\/www.humanium.org\/de\/vom-tugendkreis-einer-sinnvollen-kinderbeteiligung\/\" \/>\n<meta property=\"og:locale\" content=\"de_DE\" \/>\n<meta property=\"og:type\" content=\"article\" \/>\n<meta property=\"og:title\" content=\"Vom Tugendkreis einer sinnvollen Kinderbeteiligung - Humanium\" \/>\n<meta property=\"og:description\" content=\"Die Europ\u00e4ische Union und der Europ\u00e4ische Rat initiierten am 1. April 2021 das gemeinsame Projekt \u2018CP4EUROPE\u2019 (Kinderschutz f\u00fcr Europa).\" \/>\n<meta property=\"og:url\" content=\"https:\/\/www.humanium.org\/de\/vom-tugendkreis-einer-sinnvollen-kinderbeteiligung\/\" \/>\n<meta property=\"og:site_name\" content=\"Humanium\" \/>\n<meta property=\"article:published_time\" content=\"2021-05-11T12:31:19+00:00\" \/>\n<meta property=\"article:modified_time\" content=\"2021-05-11T12:35:03+00:00\" \/>\n<meta property=\"og:image\" content=\"https:\/\/www.humanium.org\/de\/wp-content\/uploads\/2021\/05\/shutterstock_1651768768-scaled.jpg\" \/>\n\t<meta property=\"og:image:width\" content=\"2560\" \/>\n\t<meta property=\"og:image:height\" content=\"1706\" \/>\n\t<meta property=\"og:image:type\" content=\"image\/jpeg\" \/>\n<meta name=\"author\" content=\"Yunus Oppier\" \/>\n<meta name=\"twitter:card\" content=\"summary_large_image\" \/>\n<meta name=\"twitter:label1\" content=\"Verfasst von\" \/>\n\t<meta name=\"twitter:data1\" content=\"Yunus Oppier\" \/>\n\t<meta name=\"twitter:label2\" content=\"Gesch\u00e4tzte Lesezeit\" \/>\n\t<meta name=\"twitter:data2\" content=\"8\u00a0Minuten\" \/>\n<script type=\"application\/ld+json\" class=\"yoast-schema-graph\">{\"@context\":\"https:\/\/schema.org\",\"@graph\":[{\"@type\":\"WebPage\",\"@id\":\"https:\/\/www.humanium.org\/de\/vom-tugendkreis-einer-sinnvollen-kinderbeteiligung\/\",\"url\":\"https:\/\/www.humanium.org\/de\/vom-tugendkreis-einer-sinnvollen-kinderbeteiligung\/\",\"name\":\"Vom Tugendkreis einer sinnvollen Kinderbeteiligung - Humanium\",\"isPartOf\":{\"@id\":\"https:\/\/www.humanium.org\/de\/#website\"},\"primaryImageOfPage\":{\"@id\":\"https:\/\/www.humanium.org\/de\/vom-tugendkreis-einer-sinnvollen-kinderbeteiligung\/#primaryimage\"},\"image\":{\"@id\":\"https:\/\/www.humanium.org\/de\/vom-tugendkreis-einer-sinnvollen-kinderbeteiligung\/#primaryimage\"},\"thumbnailUrl\":\"https:\/\/www.humanium.org\/de\/wp-content\/uploads\/2021\/05\/shutterstock_1651768768-scaled.jpg\",\"datePublished\":\"2021-05-11T12:31:19+00:00\",\"dateModified\":\"2021-05-11T12:35:03+00:00\",\"author\":{\"@id\":\"https:\/\/www.humanium.org\/de\/#\/schema\/person\/160e0ec54989123a00c3e5bba207f4a1\"},\"description\":\"Die Europ\u00e4ische Union und der Europ\u00e4ische Rat initiierten am 1. April 2021 das gemeinsame Projekt \u2018CP4EUROPE\u2019 (Kinderschutz f\u00fcr Europa).\",\"breadcrumb\":{\"@id\":\"https:\/\/www.humanium.org\/de\/vom-tugendkreis-einer-sinnvollen-kinderbeteiligung\/#breadcrumb\"},\"inLanguage\":\"de\",\"potentialAction\":[{\"@type\":\"ReadAction\",\"target\":[\"https:\/\/www.humanium.org\/de\/vom-tugendkreis-einer-sinnvollen-kinderbeteiligung\/\"]}]},{\"@type\":\"ImageObject\",\"inLanguage\":\"de\",\"@id\":\"https:\/\/www.humanium.org\/de\/vom-tugendkreis-einer-sinnvollen-kinderbeteiligung\/#primaryimage\",\"url\":\"https:\/\/www.humanium.org\/de\/wp-content\/uploads\/2021\/05\/shutterstock_1651768768-scaled.jpg\",\"contentUrl\":\"https:\/\/www.humanium.org\/de\/wp-content\/uploads\/2021\/05\/shutterstock_1651768768-scaled.jpg\",\"width\":2560,\"height\":1706},{\"@type\":\"BreadcrumbList\",\"@id\":\"https:\/\/www.humanium.org\/de\/vom-tugendkreis-einer-sinnvollen-kinderbeteiligung\/#breadcrumb\",\"itemListElement\":[{\"@type\":\"ListItem\",\"position\":1,\"name\":\"Home\",\"item\":\"https:\/\/www.humanium.org\/de\/\"},{\"@type\":\"ListItem\",\"position\":2,\"name\":\"Vom Tugendkreis einer sinnvollen Kinderbeteiligung\"}]},{\"@type\":\"WebSite\",\"@id\":\"https:\/\/www.humanium.org\/de\/#website\",\"url\":\"https:\/\/www.humanium.org\/de\/\",\"name\":\"Humanium\",\"description\":\"Kinder zuerst!\",\"potentialAction\":[{\"@type\":\"SearchAction\",\"target\":{\"@type\":\"EntryPoint\",\"urlTemplate\":\"https:\/\/www.humanium.org\/de\/?s={search_term_string}\"},\"query-input\":{\"@type\":\"PropertyValueSpecification\",\"valueRequired\":true,\"valueName\":\"search_term_string\"}}],\"inLanguage\":\"de\"},{\"@type\":\"Person\",\"@id\":\"https:\/\/www.humanium.org\/de\/#\/schema\/person\/160e0ec54989123a00c3e5bba207f4a1\",\"name\":\"Yunus Oppier\",\"image\":{\"@type\":\"ImageObject\",\"inLanguage\":\"de\",\"@id\":\"https:\/\/www.humanium.org\/de\/#\/schema\/person\/image\/\",\"url\":\"https:\/\/secure.gravatar.com\/avatar\/5d64090493b100136d200ff1c0511388de8126731a3fdc512e92d491caef1f66?s=96&d=mm&r=g\",\"contentUrl\":\"https:\/\/secure.gravatar.com\/avatar\/5d64090493b100136d200ff1c0511388de8126731a3fdc512e92d491caef1f66?s=96&d=mm&r=g\",\"caption\":\"Yunus Oppier\"},\"sameAs\":[\"https:\/\/www.linkedin.com\/in\/yunus-oppier\/\"],\"url\":\"https:\/\/www.humanium.org\/de\/author\/autor_yunusoppier\/\"}]}<\/script>\n<!-- \/ Yoast SEO plugin. -->","yoast_head_json":{"title":"Vom Tugendkreis einer sinnvollen Kinderbeteiligung - Humanium","description":"Die Europ\u00e4ische Union und der Europ\u00e4ische Rat initiierten am 1. April 2021 das gemeinsame Projekt \u2018CP4EUROPE\u2019 (Kinderschutz f\u00fcr Europa).","robots":{"index":"index","follow":"follow","max-snippet":"max-snippet:-1","max-image-preview":"max-image-preview:large","max-video-preview":"max-video-preview:-1"},"canonical":"https:\/\/www.humanium.org\/de\/vom-tugendkreis-einer-sinnvollen-kinderbeteiligung\/","og_locale":"de_DE","og_type":"article","og_title":"Vom Tugendkreis einer sinnvollen Kinderbeteiligung - Humanium","og_description":"Die Europ\u00e4ische Union und der Europ\u00e4ische Rat initiierten am 1. April 2021 das gemeinsame Projekt \u2018CP4EUROPE\u2019 (Kinderschutz f\u00fcr Europa).","og_url":"https:\/\/www.humanium.org\/de\/vom-tugendkreis-einer-sinnvollen-kinderbeteiligung\/","og_site_name":"Humanium","article_published_time":"2021-05-11T12:31:19+00:00","article_modified_time":"2021-05-11T12:35:03+00:00","og_image":[{"width":2560,"height":1706,"url":"https:\/\/www.humanium.org\/de\/wp-content\/uploads\/2021\/05\/shutterstock_1651768768-scaled.jpg","type":"image\/jpeg"}],"author":"Yunus Oppier","twitter_card":"summary_large_image","twitter_misc":{"Verfasst von":"Yunus Oppier","Gesch\u00e4tzte Lesezeit":"8\u00a0Minuten"},"schema":{"@context":"https:\/\/schema.org","@graph":[{"@type":"WebPage","@id":"https:\/\/www.humanium.org\/de\/vom-tugendkreis-einer-sinnvollen-kinderbeteiligung\/","url":"https:\/\/www.humanium.org\/de\/vom-tugendkreis-einer-sinnvollen-kinderbeteiligung\/","name":"Vom Tugendkreis einer sinnvollen Kinderbeteiligung - Humanium","isPartOf":{"@id":"https:\/\/www.humanium.org\/de\/#website"},"primaryImageOfPage":{"@id":"https:\/\/www.humanium.org\/de\/vom-tugendkreis-einer-sinnvollen-kinderbeteiligung\/#primaryimage"},"image":{"@id":"https:\/\/www.humanium.org\/de\/vom-tugendkreis-einer-sinnvollen-kinderbeteiligung\/#primaryimage"},"thumbnailUrl":"https:\/\/www.humanium.org\/de\/wp-content\/uploads\/2021\/05\/shutterstock_1651768768-scaled.jpg","datePublished":"2021-05-11T12:31:19+00:00","dateModified":"2021-05-11T12:35:03+00:00","author":{"@id":"https:\/\/www.humanium.org\/de\/#\/schema\/person\/160e0ec54989123a00c3e5bba207f4a1"},"description":"Die Europ\u00e4ische Union und der Europ\u00e4ische Rat initiierten am 1. April 2021 das gemeinsame Projekt \u2018CP4EUROPE\u2019 (Kinderschutz f\u00fcr Europa).","breadcrumb":{"@id":"https:\/\/www.humanium.org\/de\/vom-tugendkreis-einer-sinnvollen-kinderbeteiligung\/#breadcrumb"},"inLanguage":"de","potentialAction":[{"@type":"ReadAction","target":["https:\/\/www.humanium.org\/de\/vom-tugendkreis-einer-sinnvollen-kinderbeteiligung\/"]}]},{"@type":"ImageObject","inLanguage":"de","@id":"https:\/\/www.humanium.org\/de\/vom-tugendkreis-einer-sinnvollen-kinderbeteiligung\/#primaryimage","url":"https:\/\/www.humanium.org\/de\/wp-content\/uploads\/2021\/05\/shutterstock_1651768768-scaled.jpg","contentUrl":"https:\/\/www.humanium.org\/de\/wp-content\/uploads\/2021\/05\/shutterstock_1651768768-scaled.jpg","width":2560,"height":1706},{"@type":"BreadcrumbList","@id":"https:\/\/www.humanium.org\/de\/vom-tugendkreis-einer-sinnvollen-kinderbeteiligung\/#breadcrumb","itemListElement":[{"@type":"ListItem","position":1,"name":"Home","item":"https:\/\/www.humanium.org\/de\/"},{"@type":"ListItem","position":2,"name":"Vom Tugendkreis einer sinnvollen Kinderbeteiligung"}]},{"@type":"WebSite","@id":"https:\/\/www.humanium.org\/de\/#website","url":"https:\/\/www.humanium.org\/de\/","name":"Humanium","description":"Kinder zuerst!","potentialAction":[{"@type":"SearchAction","target":{"@type":"EntryPoint","urlTemplate":"https:\/\/www.humanium.org\/de\/?s={search_term_string}"},"query-input":{"@type":"PropertyValueSpecification","valueRequired":true,"valueName":"search_term_string"}}],"inLanguage":"de"},{"@type":"Person","@id":"https:\/\/www.humanium.org\/de\/#\/schema\/person\/160e0ec54989123a00c3e5bba207f4a1","name":"Yunus Oppier","image":{"@type":"ImageObject","inLanguage":"de","@id":"https:\/\/www.humanium.org\/de\/#\/schema\/person\/image\/","url":"https:\/\/secure.gravatar.com\/avatar\/5d64090493b100136d200ff1c0511388de8126731a3fdc512e92d491caef1f66?s=96&d=mm&r=g","contentUrl":"https:\/\/secure.gravatar.com\/avatar\/5d64090493b100136d200ff1c0511388de8126731a3fdc512e92d491caef1f66?s=96&d=mm&r=g","caption":"Yunus Oppier"},"sameAs":["https:\/\/www.linkedin.com\/in\/yunus-oppier\/"],"url":"https:\/\/www.humanium.org\/de\/author\/autor_yunusoppier\/"}]}},"_links":{"self":[{"href":"https:\/\/www.humanium.org\/de\/wp-json\/wp\/v2\/posts\/14547","targetHints":{"allow":["GET"]}}],"collection":[{"href":"https:\/\/www.humanium.org\/de\/wp-json\/wp\/v2\/posts"}],"about":[{"href":"https:\/\/www.humanium.org\/de\/wp-json\/wp\/v2\/types\/post"}],"author":[{"embeddable":true,"href":"https:\/\/www.humanium.org\/de\/wp-json\/wp\/v2\/users\/45"}],"replies":[{"embeddable":true,"href":"https:\/\/www.humanium.org\/de\/wp-json\/wp\/v2\/comments?post=14547"}],"version-history":[{"count":7,"href":"https:\/\/www.humanium.org\/de\/wp-json\/wp\/v2\/posts\/14547\/revisions"}],"predecessor-version":[{"id":14578,"href":"https:\/\/www.humanium.org\/de\/wp-json\/wp\/v2\/posts\/14547\/revisions\/14578"}],"wp:featuredmedia":[{"embeddable":true,"href":"https:\/\/www.humanium.org\/de\/wp-json\/wp\/v2\/media\/14493"}],"wp:attachment":[{"href":"https:\/\/www.humanium.org\/de\/wp-json\/wp\/v2\/media?parent=14547"}],"wp:term":[{"taxonomy":"category","embeddable":true,"href":"https:\/\/www.humanium.org\/de\/wp-json\/wp\/v2\/categories?post=14547"},{"taxonomy":"post_tag","embeddable":true,"href":"https:\/\/www.humanium.org\/de\/wp-json\/wp\/v2\/tags?post=14547"}],"curies":[{"name":"wp","href":"https:\/\/api.w.org\/{rel}","templated":true}]}}