{"id":14822,"date":"2021-07-13T13:56:21","date_gmt":"2021-07-13T13:56:21","guid":{"rendered":"https:\/\/www.humanium.org\/de\/?p=14822"},"modified":"2021-07-13T13:58:25","modified_gmt":"2021-07-13T13:58:25","slug":"die-trennung-von-migrantenkindern-von-ihren-familien-an-der-grenze-usa-mexiko","status":"publish","type":"post","link":"https:\/\/www.humanium.org\/de\/die-trennung-von-migrantenkindern-von-ihren-familien-an-der-grenze-usa-mexiko\/","title":{"rendered":"Die Trennung von Migrantenkindern von ihren Familien an der Grenze USA-Mexiko"},"content":{"rendered":"\n<p><strong>Jedes Kind hat ein Recht auf Sicherheit und <\/strong><a href=\"https:\/\/www.humanium.org\/de\/das-recht-auf-schutz\/\"><strong>Schutz<\/strong><\/a><strong>, unabh\u00e4ngig davon, woher es kommt und wohin es geht. Dieses Recht wird jedoch nicht immer eingehalten, und dies wird besonders deutlich, wenn man die aktuelle Migrantenkrise an der Grenze zwischen den USA und Mexiko betrachtet. Unbegleitete Migrantenkinder werden von ihren Familien getrennt, was verheerende Folgen f\u00fcr sie hat, sowohl psychisch als auch physisch.<\/strong><\/p>\n\n\n\n<h2 class=\"wp-block-heading\"><strong>Warum wandern Kinder und Familien in die USA ein?<\/strong><\/h2>\n\n\n\n<p>Die Inhaftierung von Migranten an der s\u00fcdlichen <a href=\"https:\/\/www.humanium.org\/de\/vereinigten-staaten-von-amerika\/\">US<\/a>-Grenze ist nichts Neues. Unter Pr\u00e4sident Obama gab es 2014 einen Anstieg von unbegleiteten Migrantenkindern, aber unter der Trump-Administration kam es zu einem besonders ersch\u00fctternden Anstieg (BBC News, 2021; Kassie, 2019). Migrantenkinder und ihre Familien, die versuchen, die Grenze zu \u00fcberqueren, suchen aus verschiedenen Gr\u00fcnden Sicherheit, z. B. Schutz vor Bandengewalt, den Auswirkungen der <a href=\"https:\/\/www.humanium.org\/de\/themenschwerpunkte\/umwelt\/\">Klimakrise<\/a> und extremer verfestigter <a href=\"https:\/\/www.humanium.org\/de\/themenschwerpunkte\/armut\/\">Armut<\/a> (Cheatham, 2021).<\/p>\n\n\n\n<figure class=\"wp-block-image size-large\"><img loading=\"lazy\" decoding=\"async\" width=\"1024\" height=\"680\" src=\"https:\/\/www.humanium.org\/de\/wp-content\/uploads\/2021\/07\/shutterstock_1965878434-1-1024x680.jpg\" alt=\"\" class=\"wp-image-14824\" srcset=\"https:\/\/www.humanium.org\/de\/wp-content\/uploads\/2021\/07\/shutterstock_1965878434-1-1024x680.jpg 1024w, https:\/\/www.humanium.org\/de\/wp-content\/uploads\/2021\/07\/shutterstock_1965878434-1-300x199.jpg 300w, https:\/\/www.humanium.org\/de\/wp-content\/uploads\/2021\/07\/shutterstock_1965878434-1-768x510.jpg 768w, https:\/\/www.humanium.org\/de\/wp-content\/uploads\/2021\/07\/shutterstock_1965878434-1-1536x1020.jpg 1536w, https:\/\/www.humanium.org\/de\/wp-content\/uploads\/2021\/07\/shutterstock_1965878434-1-2048x1360.jpg 2048w, https:\/\/www.humanium.org\/de\/wp-content\/uploads\/2021\/07\/shutterstock_1965878434-1-830x551.jpg 830w, https:\/\/www.humanium.org\/de\/wp-content\/uploads\/2021\/07\/shutterstock_1965878434-1-230x153.jpg 230w, https:\/\/www.humanium.org\/de\/wp-content\/uploads\/2021\/07\/shutterstock_1965878434-1-350x232.jpg 350w, https:\/\/www.humanium.org\/de\/wp-content\/uploads\/2021\/07\/shutterstock_1965878434-1-480x319.jpg 480w, https:\/\/www.humanium.org\/de\/wp-content\/uploads\/2021\/07\/shutterstock_1965878434-1-272x182.jpg 272w\" sizes=\"auto, (max-width: 1024px) 100vw, 1024px\" \/><\/figure>\n\n\n\n<p>Zwei Drittel dieser Migranten kommen aus <a href=\"https:\/\/www.humanium.org\/de\/guatemala\/\">Guatemala<\/a>, <a href=\"https:\/\/www.humanium.org\/de\/honduras\/\">Honduras<\/a> und <a href=\"https:\/\/www.humanium.org\/de\/el-Salvador\/\">El Salvador<\/a>, die meisten anderen aus <a href=\"https:\/\/www.humanium.org\/de\/mexico\/\">Mexiko<\/a>, wo die Menschen einer hohen Mordrate sowie dem langj\u00e4hrigen Krieg der Drogenkartelle ausgesetzt sind (Cheatham, 2021). Dar\u00fcber hinaus sind die pandemiebedingten Arbeitsplatzverluste ein wesentlicher Faktor, der die Migration in die USA vorantreibt. Dar\u00fcber hinaus fliehen viele aufgrund der j\u00fcngsten Hurrikans aus Honduras (BBC News, 2021). Seit der Pr\u00e4sidentschaftswahl von Biden im Jahr 2020 besteht die allgemeine Wahrnehmung, dass Migranten willkommener sein k\u00f6nnten als unter Trumps Pr\u00e4sidentschaft, was ein weiterer Grund f\u00fcr den Anstieg sein k\u00f6nnte (Cheatham, 2021).<\/p>\n\n\n\n<h2 class=\"wp-block-heading\"><strong>Die Situation an der Grenze<\/strong><\/h2>\n\n\n\n<p>Bis Anfang Mai 2021 wurden mehr als 22.500 unbegleitete Kinder, die k\u00fcrzlich die S\u00fcdgrenze \u00fcberquert haben, inhaftiert &#8211; ein deutlicher Anstieg gegen\u00fcber dem Vorjahr (Kassie, 2019; BBC News, 2021). Die Zahl der unbegleiteten minderj\u00e4hrigen Migranten hat sich im M\u00e4rz im Vergleich zum Vormonat fast verdreifacht, als die Biden-Administration ank\u00fcndigte, dass die Beamten an der s\u00fcdlichen US-Grenze wahrscheinlich die gr\u00f6\u00dfte Zahl von Migranten in den letzten zwei Jahrzehnten sehen w\u00fcrden (Cheatham, 2021).<\/p>\n\n\n\n<p>Die Mehrheit der Migranten sind Teenager, und etwa 77 % der unbegleiteten Kinder in den Haftanstalten f\u00fcr Einwanderer sind f\u00fcnfzehn Jahre alt oder \u00e4lter, obwohl die Beh\u00f6rden auch S\u00e4uglinge und Kleinkinder festgenommen haben (Cheatham, 2021). W\u00e4hrend die Grenz\u00fcbertritte Anfang 2020 aufgrund der COVID-19-Pandemie zun\u00e4chst zur\u00fcckgingen, steigen sie seither stetig an (Cheatham, 2021). Es ist auch wichtig zu beachten, dass komplette Grenzschlie\u00dfungen als Reaktion auf die Pandemie die Situation verschlimmert haben, da Familien und Kinder abgewiesen werden, ohne die M\u00f6glichkeit, einen Asylantrag zu stellen (Save the Children, o.J.).<\/p>\n\n\n\n<p>Nach dem Grenz\u00fcbertritt werden die unbegleiteten Kinder von den Grenzbeh\u00f6rden in Gewahrsam genommen und in der Regel unter gef\u00e4hrlichen und <a href=\"https:\/\/www.humanium.org\/de\/themenschwerpunkte\/gesundheit\/\">ungesunden Bedingungen<\/a> festgehalten, einschlie\u00dflich der Tatsache, dass sie gezwungen sind, auf dem Boden zu schlafen und keinen Zugang zu Hygiene und Grundversorgung haben (Save the Children, o.J.). Aufgrund der wachsenden Zahl von unbegleiteten minderj\u00e4hrigen Migranten, die von US-Beamten aufgegriffen werden, ist das System zunehmend \u00fcberfordert und \u00fcberf\u00fcllt, wodurch sich die Bedingungen verschlechtern. <\/p>\n\n\n\n<p>Dies ist ein klarer Versto\u00df gegen das Gesetz, das besagt, dass alle Einrichtungen, die unbegleitete Kinder aufnehmen, <a href=\"https:\/\/www.humanium.org\/de\/das-recht-auf-gesundheit\/\">Mindeststandards f\u00fcr die Betreuung<\/a> erf\u00fcllen m\u00fcssen, sowie Zugang zu rechtlichen, sozialen und anderen <a href=\"https:\/\/www.humanium.org\/de\/das-recht-auf-schutz\/\">grundlegenden Unterst\u00fctzungsdiensten<\/a> bieten m\u00fcssen, indem die Kinder innerhalb von 72 Stunden nach dem Grenz\u00fcbertritt in die Obhut der Gesundheitsbeh\u00f6rde \u00fcbergeben werden (Save the Children, o.J.).<\/p>\n\n\n\n<h2 class=\"wp-block-heading\"><strong>US-Gesetze zu unbegleiteten minderj\u00e4hrigen Migranten<\/strong><\/h2>\n\n\n\n<p>Die Ministerien f\u00fcr Heimatschutz (DHS) und Gesundheit (HHS) in den USA teilen sich die Verantwortung f\u00fcr unbegleitete ausl\u00e4ndische Kinder (UAC) unter 18 Jahren gem\u00e4\u00df dem Homeland Security Act von 2002 (Cheatham, 2021). Das US-Gesetz besagt, dass UAC Migranten diejenigen sind, die \u201ekeinen legalen Status in den Vereinigten Staaten haben\u201c und die keinen gesetzlichen Vormund oder Elternteil haben, der f\u00fcr sie sorgt (Cheatham, 2021). UAC kommen jedoch nicht unbedingt unbegleitet in die USA, da viele an der Grenze von ihren Familien getrennt werden.<\/p>\n\n\n\n<figure class=\"wp-block-image size-large\"><img loading=\"lazy\" decoding=\"async\" width=\"1024\" height=\"683\" src=\"https:\/\/www.humanium.org\/de\/wp-content\/uploads\/2021\/07\/shutterstock_1987796162-1024x683.jpg\" alt=\"\" class=\"wp-image-14825\" srcset=\"https:\/\/www.humanium.org\/de\/wp-content\/uploads\/2021\/07\/shutterstock_1987796162-1024x683.jpg 1024w, https:\/\/www.humanium.org\/de\/wp-content\/uploads\/2021\/07\/shutterstock_1987796162-300x200.jpg 300w, https:\/\/www.humanium.org\/de\/wp-content\/uploads\/2021\/07\/shutterstock_1987796162-768x512.jpg 768w, https:\/\/www.humanium.org\/de\/wp-content\/uploads\/2021\/07\/shutterstock_1987796162-1536x1024.jpg 1536w, https:\/\/www.humanium.org\/de\/wp-content\/uploads\/2021\/07\/shutterstock_1987796162-2048x1365.jpg 2048w, https:\/\/www.humanium.org\/de\/wp-content\/uploads\/2021\/07\/shutterstock_1987796162-830x553.jpg 830w, https:\/\/www.humanium.org\/de\/wp-content\/uploads\/2021\/07\/shutterstock_1987796162-230x153.jpg 230w, https:\/\/www.humanium.org\/de\/wp-content\/uploads\/2021\/07\/shutterstock_1987796162-350x233.jpg 350w, https:\/\/www.humanium.org\/de\/wp-content\/uploads\/2021\/07\/shutterstock_1987796162-480x320.jpg 480w, https:\/\/www.humanium.org\/de\/wp-content\/uploads\/2021\/07\/shutterstock_1987796162-272x182.jpg 272w\" sizes=\"auto, (max-width: 1024px) 100vw, 1024px\" \/><\/figure>\n\n\n\n<p>Die Vereinten Nationen sind der Meinung, dass asylsuchende Kinder \u201efast nie inhaftiert werden sollten\u201c, aber trotzdem wurden vor der Pandemie j\u00e4hrlich etwa 330.000 Kinder in mindestens 77 L\u00e4ndern inhaftiert (Cheatham, 2021). Das bemerkenswerteste UN-Abkommen, das einen Rahmen f\u00fcr die Pflichten der L\u00e4nder gegen\u00fcber kindlichen Migranten vorgibt, ist die <a href=\"https:\/\/www.humanium.org\/de\/konvention\/\">Konvention \u00fcber die Rechte des Kindes<\/a> von 1989, die besagt, dass Kinder nicht von ihren Familien getrennt und auch nicht inhaftiert werden sollten, es sei denn, es ist der letzte Ausweg (Cheatham, 2021). Die USA sind jedoch das einzige Land weltweit, das diese Konvention zwar unterzeichnet, aber nicht ratifiziert hat, was bedeutet, dass sie rechtlich nicht an sie gebunden sind.<\/p>\n\n\n\n<p>Der \u00fcberw\u00e4ltigende Einsatz von Einwanderungshaft in den Vereinigten Staaten hat eine \u201eMultimilliarden-Dollar-Industrie\u201c geschaffen, die auf der Inhaftierung von Einwanderern aufgebaut ist\u201c (Kassie, 2019). Trump hat dies besonders stark beeinflusst, aufgrund der sch\u00e4dlichen Gesetze, die er erlassen hat, um Einwanderer und Asylsuchende davon abzuhalten, die Grenze zu \u00fcberqueren (Save the Children, o.J.). Zu diesen harten Ma\u00dfnahmen geh\u00f6rten die Ausweitung der Inhaftierung von Einwanderern und die zunehmende Trennung von Familien, wodurch gef\u00e4hrliche Bedingungen f\u00fcr <a href=\"https:\/\/www.humanium.org\/de\/themenschwerpunkte\/isolation-und-entwurzelung\/\">unbegleitete Kinder<\/a> geschaffen wurden. <\/p>\n\n\n\n<p>Insbesondere k\u00fcndigte das US-Justizministerium im April 2018 seine \u201eNull-Toleranz-Politik\u201c unter der Trump-Administration an, die es den Beh\u00f6rden erm\u00f6glichte, alle Erwachsenen, die versuchten, ohne Genehmigung in die USA einzureisen, zu inhaftieren und strafrechtlich zu verfolgen, anstatt sie freizulassen, w\u00e4hrend sie auf ihren Termin vor dem Einwanderungsgericht warteten (Cheatham, 2021).<\/p>\n\n\n\n<h2 class=\"wp-block-heading\"><strong>Eine ungerechte Praxis, die schon seit Jahren besteht<\/strong><\/h2>\n\n\n\n<p>Es ist wichtig anzumerken, dass nach einigen Nachforschungen bewiesen wurde, dass diese <a href=\"https:\/\/www.humanium.org\/de\/familientrennungen-der-us-grenze\/\">Kindertrennungspolitik<\/a> tats\u00e4chlich informell seit 2017 in Kraft war (Pearle, 2019). Da Minderj\u00e4hrige nicht zusammen mit ihren Vorm\u00fcndern oder Eltern festgehalten werden d\u00fcrfen, w\u00e4hrend sie auf ihren Prozess warten, wurden zwischen Juli 2017 und Juni 2018 mehr als 4.300 Kinder von ihren Familien getrennt und damit zu <a href=\"https:\/\/www.humanium.org\/de\/kindermigration\/\">unbegleiteten Minderj\u00e4hrigen<\/a> (Cheatham, 2021). <\/p>\n\n\n\n<p>Die Strenge und H\u00e4rte der Null-Toleranz-Politik l\u00f6ste einen riesigen Aufschrei aus, der dazu f\u00fchrte, dass Trump im Juni 2018 eine Durchf\u00fchrungsverordnung erlie\u00df, um die Familientrennungen zu stoppen, und ein Bundesrichter die betroffenen Familien wieder zusammenf\u00fchrte (BBC News, 2021). Leider stoppte dies jedoch nicht die informellen Trennungen, die schon vor der Verabschiedung der Null-Toleranz-Politik stattgefunden hatten.<\/p>\n\n\n\n<p>W\u00e4hrend der Pandemie, als Trump noch im Amt war, wurde eine Gesundheitsverordnung namens \u201eTitle 42\u201c erlassen, die besagt, dass jeder, der beim illegalen \u00dcberschreiten der Grenze erwischt wird, automatisch abgeschoben wird (BBC News, 2021). Dies ist besonders hart, wenn man die enormen Auswirkungen bedenkt, die die Pandemie vor allem auf Migranten aus L\u00e4ndern mit niedrigem und mittlerem Einkommen (LMICs) hatte. Die neue Regierung Biden hat jedoch einige Ma\u00dfnahmen ergriffen, um das Problem der Trennung von Kindern von ihren <a href=\"https:\/\/www.humanium.org\/de\/familie-und-rechte-von-kindern\/\">Familien<\/a> zu bek\u00e4mpfen. <\/p>\n\n\n\n<p>Im Februar 2021 unterzeichnete Biden eine Reihe von Durchf\u00fchrungsverordnungen, um die harte Politik zu beenden, die Kinder beim \u00dcberqueren der s\u00fcdlichen Grenze gef\u00e4hrdet, und er richtete eine Arbeitsgruppe ein, um Kinder, die von ihren Familien getrennt wurden, wieder zusammenzuf\u00fchren (Save the Children, o.J.).<\/p>\n\n\n\n<h2 class=\"wp-block-heading\"><strong>Nachteilige Folgen f\u00fcr Kinder<\/strong><\/h2>\n\n\n\n<p>Die Bedingungen w\u00e4hrend der Inhaftierung haben sch\u00e4dliche Auswirkungen auf den physischen und psychischen Zustand der Kinder, nicht nur wegen der fehlenden Betreuung und des fehlenden Zugangs zu Dienstleistungen, sondern auch wegen der endemischen <a href=\"https:\/\/www.humanium.org\/de\/themenschwerpunkte\/gewalt\/\">Gewalt <\/a>und <a href=\"https:\/\/www.humanium.org\/de\/themenschwerpunkte\/ausbeutung\/\">Ausbeutung<\/a>, die besonders in Grenzst\u00e4dten wie Ciudad Juarez, Nogales und Matamoros vorherrscht (Save the Children, o.J.). Kinder von ihren Familien zu trennen ist grausam und hat schwere und lang anhaltende soziale und emotionale Folgen f\u00fcr sie. <\/p>\n\n\n\n<p>Dies wurde von anderen Kinderrechtsorganisationen best\u00e4tigt, die Beweise daf\u00fcr gefunden haben, dass Kinder, die in Einrichtungen weit weg von ihren Familien leben, ein hohes Risiko f\u00fcr emotionalen, physischen und psychologischen Missbrauch haben, was wiederum zu Entwicklungsproblemen, Verletzungen und dauerhaften Traumata f\u00fchren kann.<\/p>\n\n\n\n<p>Auch die \u00dcberbelegung von Haftanstalten f\u00fcr Einwanderer ist ein ernsthaftes Problem, ebenso wie die wochenlange Inhaftierung von Kindern, die besonders w\u00e4hrend der Trump-Administration deutlich wurde. Tats\u00e4chlich starben w\u00e4hrend seiner Pr\u00e4sidentschaft sechs Kinder in der Obhut der Einwanderungsbeh\u00f6rden, nachdem es ein Jahrzehnt lang keine derartigen Todesf\u00e4lle gegeben hatte (Cheatham, 2021). Obwohl die Pandemie die globale Bewegung stark eingeschr\u00e4nkt hat, hat sie auch die Verletzlichkeit von Migranten, insbesondere von Kindern, erh\u00f6ht.<\/p>\n\n\n\n<p>Die Haftanstalten f\u00fcr Einwanderer \u00e4hneln von ihren Bedingungen her Gef\u00e4ngnissen, mit dem Unterschied, dass die Inhaftierten keine Zeit f\u00fcr eine Straftat absitzen, was das System noch unmoralischer macht. Migranten in diesen Zentren warten darauf zu erfahren, ob sie legal in den USA bleiben d\u00fcrfen, was dazu f\u00fchrt, dass sie festgehalten werden, um sicherzustellen, dass sie zu ihren Anh\u00f6rungen erscheinen (Kassie, 2019). <\/p>\n\n\n\n<p>Im Durchschnitt warten inhaftierte Asylbewerber und legale Einwanderer mehr als vier Wochen auf ihre Freilassung, obwohl einige seit Jahren oder sogar Jahrzehnten festgehalten werden. Dar\u00fcber hinaus haben Tausende von Inhaftierten \u00fcber sexuellen und k\u00f6rperlichen Missbrauch berichtet (Kassie, 2019). Daher ist die Inhaftierung, w\u00e4hrend sie fr\u00fcher nur f\u00fcr Menschen galt, die eine Bedrohung f\u00fcr den Rest der Gesellschaft darstellten, heute \u201eallgegenw\u00e4rtig\u201c (Kassie, 2019).<\/p>\n\n\n\n<h2 class=\"wp-block-heading\"><strong>Hat es 2021 eine Verbesserung gegeben?<\/strong><\/h2>\n\n\n\n<p>Es hat einige Verbesserungen gegeben, seit Biden Anfang des Jahres Pr\u00e4sident wurde. Erstens hat seine Regierung angek\u00fcndigt, dass sie mit der Zusammenf\u00fchrung von Familien beginnen wird, die unter Trumps Pr\u00e4sidentschaft getrennt wurden. Au\u00dferdem hat Biden versprochen, Trumps Einwanderungspolitik, die Asylsuchende als Bedrohung der nationalen Sicherheit darstellte, komplett zu \u00fcberarbeiten. Tats\u00e4chlich wurde Trump daf\u00fcr kritisiert, dass er die humanit\u00e4re Krise in <a href=\"https:\/\/www.humanium.org\/de\/amerika\/\">Zentralamerika<\/a> versch\u00e4rft, US-Recht bricht und <a href=\"https:\/\/www.humanium.org\/de\/geschichte-kinderrechte\/\">internationale Menschenrechtsnormen<\/a> verletzt (Cheatham, 2021).<\/p>\n\n\n\n<p>Um dies zu \u00e4ndern, arbeitet Biden daran, die Kapazit\u00e4ten f\u00fcr die Unterbringung von unbegleiteten Kindern zu erweitern und ihre Entlassung aus der staatlichen Obhut zu beschleunigen (Cheatham, 2021). Beamte haben auch damit begonnen, das Programm f\u00fcr mittelamerikanische Minderj\u00e4hrige (CAM) wieder einzuf\u00fchren, das von Trump 2017 eingestellt wurde und es bestimmten Kindern aus den L\u00e4ndern des n\u00f6rdlichen Dreiecks erm\u00f6glichte, den Fl\u00fcchtlingsstatus oder einen vor\u00fcbergehenden legalen Aufenthalt zu erlangen, bevor sie die gef\u00e4hrliche Reise zur US-Mexiko-Grenze antreten (Cheatham, 2021).<\/p>\n\n\n\n<p>Laut BBC News (2021) ist unter der Regierung Biden die Zahl der <a href=\"https:\/\/www.humanium.org\/de\/vertriebene-kinder\/\">unbegleiteten minderj\u00e4hrigen Migranten<\/a>, die unter entsetzlichen Bedingungen an der Grenze festgehalten werden, zwischen Ende M\u00e4rz und Ende April dieses Jahres um 88 % zur\u00fcckgegangen. Allerdings konnten unter Bidens Pr\u00e4sidentschaft nur sieben Kinder zu ihren Familien zur\u00fcckkehren, und 2.127 Kinder warten noch immer auf ihre <a href=\"https:\/\/www.humanium.org\/de\/familie-und-rechte-von-kindern\/\">Familienzusammenf\u00fchrung<\/a> (Soboroff, 2021). Obwohl er also gro\u00dfe Versprechungen gemacht hat, muss er sie noch vollst\u00e4ndig erf\u00fcllen.<\/p>\n\n\n\n<figure class=\"wp-block-image size-large is-style-default\"><img loading=\"lazy\" decoding=\"async\" width=\"1024\" height=\"647\" src=\"https:\/\/www.humanium.org\/de\/wp-content\/uploads\/2021\/07\/shutterstock_1137121634-1024x647.jpg\" alt=\"\" class=\"wp-image-14835\" srcset=\"https:\/\/www.humanium.org\/de\/wp-content\/uploads\/2021\/07\/shutterstock_1137121634-1024x647.jpg 1024w, https:\/\/www.humanium.org\/de\/wp-content\/uploads\/2021\/07\/shutterstock_1137121634-300x189.jpg 300w, https:\/\/www.humanium.org\/de\/wp-content\/uploads\/2021\/07\/shutterstock_1137121634-768x485.jpg 768w, https:\/\/www.humanium.org\/de\/wp-content\/uploads\/2021\/07\/shutterstock_1137121634-1536x970.jpg 1536w, https:\/\/www.humanium.org\/de\/wp-content\/uploads\/2021\/07\/shutterstock_1137121634-2048x1293.jpg 2048w, https:\/\/www.humanium.org\/de\/wp-content\/uploads\/2021\/07\/shutterstock_1137121634-830x524.jpg 830w, https:\/\/www.humanium.org\/de\/wp-content\/uploads\/2021\/07\/shutterstock_1137121634-230x145.jpg 230w, https:\/\/www.humanium.org\/de\/wp-content\/uploads\/2021\/07\/shutterstock_1137121634-350x221.jpg 350w, https:\/\/www.humanium.org\/de\/wp-content\/uploads\/2021\/07\/shutterstock_1137121634-480x303.jpg 480w\" sizes=\"auto, (max-width: 1024px) 100vw, 1024px\" \/><\/figure>\n\n\n\n<p>Unser Ziel bei Humanium ist es, das Bewusstsein f\u00fcr solche Probleme zu sch\u00e4rfen, die die Rechte der Kinder auf der ganzen Welt gef\u00e4hrden. Unsere Arbeit ist dank Ihrer Unterst\u00fctzung m\u00f6glich, und wir w\u00e4ren Ihnen sehr dankbar, wenn Sie uns mit einer <a href=\"https:\/\/www.humanium.org\/de\/spenden\/\">Spende<\/a> dabei helfen k\u00f6nnten, Kinderrechtsverletzungen weltweit zu verhindern.<\/p>\n\n\n\n<p><em><strong>Geschrieben von Margot Thompson-Wells<\/strong><\/em><\/p>\n\n\n\n<p><em><strong>\u00dcbersetzt von Marie Podewski<\/strong><\/em><\/p>\n\n\n\n<p><em><strong>Korrektur gelesen von Katrin Glatzer<\/strong><\/em><\/p>\n\n\n\n<h4 class=\"wp-block-heading\"><strong>Bibliographie:<\/strong><\/h4>\n\n\n\n<p class=\"has-small-font-size\"><a href=\"https:\/\/www.bbc.co.uk\/news\/world-us-canada-56405009\" target=\"_blank\" rel=\"noreferrer noopener\">BBC News. (2021, May 5). <em>Child migrants: Massive drop in children held by border officials<\/em><\/a>. <\/p>\n\n\n\n<p class=\"has-small-font-size\"><a href=\"https:\/\/www.cfr.org\/backgrounder\/us-detention-child-migrants\" target=\"_blank\" rel=\"noreferrer noopener\">Cheatham, A. (2021, May 4). <em>U.S. Detention of Child Migrants<\/em><\/a>. <\/p>\n\n\n\n<p class=\"has-small-font-size\"><a href=\"https:\/\/www.theguardian.com\/us-news\/2019\/sep\/24\/detained-us-largest-immigrant-detention-trump\" target=\"_blank\" rel=\"noreferrer noopener\">Kassie, E. (2019, September 24). <em>Detained: how the US built the world\u2019s largest immigrant detention system<\/em>.<\/a> <\/p>\n\n\n\n<p class=\"has-small-font-size\"><a href=\"https:\/\/abcnews.go.com\/US\/trump-administration-unsure-thousands-migrant-families-separated-originally\/story?id=60797633\" target=\"_blank\" rel=\"noreferrer noopener\">Pearle, L. (2019, February 4). <em>Trump administration admits thousands more migrant families may have been separated than estimated<\/em>. ABC News. <\/a><\/p>\n\n\n\n<p class=\"has-small-font-size\"><a href=\"https:\/\/www.savethechildren.org\/us\/what-we-do\/emergency-response\/us-border-crisis\" target=\"_blank\" rel=\"noreferrer noopener\">Save the Children (n.d.). <em>U.S. Border Crisis<\/em>. <\/a><\/p>\n\n\n\n<p class=\"has-small-font-size\"><a href=\"https:\/\/www.nbcnews.com\/politics\/immigration\/more-2-100-children-separated-border-have-not-yet-been-n1269918\" target=\"_blank\" rel=\"noreferrer noopener\">Soboroff, J. (2021, June 8). <em>More than 2,100 children separated at border \u2018have not yet been reunified,\u2019 Biden task force says<\/em>. NBC News.<\/a> <\/p>\n","protected":false},"excerpt":{"rendered":"<p>Jedes Kind hat ein Recht auf Sicherheit und Schutz, unabh\u00e4ngig davon, woher es kommt und wohin es geht. Dieses Recht wird jedoch nicht immer eingehalten, und dies wird besonders deutlich, wenn man die aktuelle Migrantenkrise an der Grenze zwischen den USA und Mexiko betrachtet. Unbegleitete Migrantenkinder werden von ihren Familien getrennt, was verheerende Folgen f\u00fcr [&hellip;]<\/p>\n","protected":false},"author":46,"featured_media":14826,"comment_status":"closed","ping_status":"closed","sticky":false,"template":"","format":"standard","meta":{"footnotes":""},"categories":[173,170,163,172,178],"tags":[],"class_list":["post-14822","post","type-post","status-publish","format-standard","has-post-thumbnail","hentry","category-armut","category-freiheit","category-kinderrechte","category-migranten","category-migration"],"yoast_head":"<!-- This site is optimized with the Yoast SEO plugin v26.5 - https:\/\/yoast.com\/wordpress\/plugins\/seo\/ -->\n<title>Die Trennung von Migrantenkindern von ihren Familien an der Grenze USA-Mexiko - Humanium<\/title>\n<meta name=\"description\" content=\"An der US-Mexiko-Grenze werden unbegleitete Migrantenkinder von ihren Familien getrennt, was verheerende Folgen hat.\" \/>\n<meta name=\"robots\" content=\"index, follow, max-snippet:-1, max-image-preview:large, max-video-preview:-1\" \/>\n<link rel=\"canonical\" href=\"https:\/\/www.humanium.org\/de\/die-trennung-von-migrantenkindern-von-ihren-familien-an-der-grenze-usa-mexiko\/\" \/>\n<meta property=\"og:locale\" content=\"de_DE\" \/>\n<meta property=\"og:type\" content=\"article\" \/>\n<meta property=\"og:title\" content=\"Die Trennung von Migrantenkindern von ihren Familien an der Grenze USA-Mexiko - Humanium\" \/>\n<meta property=\"og:description\" content=\"An der US-Mexiko-Grenze werden unbegleitete Migrantenkinder von ihren Familien getrennt, was verheerende Folgen hat.\" \/>\n<meta property=\"og:url\" content=\"https:\/\/www.humanium.org\/de\/die-trennung-von-migrantenkindern-von-ihren-familien-an-der-grenze-usa-mexiko\/\" \/>\n<meta property=\"og:site_name\" content=\"Humanium\" \/>\n<meta property=\"article:published_time\" content=\"2021-07-13T13:56:21+00:00\" \/>\n<meta property=\"article:modified_time\" content=\"2021-07-13T13:58:25+00:00\" \/>\n<meta property=\"og:image\" content=\"https:\/\/www.humanium.org\/de\/wp-content\/uploads\/2021\/07\/shutterstock_1539332495-scaled.jpg\" \/>\n\t<meta property=\"og:image:width\" content=\"2560\" \/>\n\t<meta property=\"og:image:height\" content=\"1707\" \/>\n\t<meta property=\"og:image:type\" content=\"image\/jpeg\" \/>\n<meta name=\"author\" content=\"Margot Thompson-Wells\" \/>\n<meta name=\"twitter:card\" content=\"summary_large_image\" \/>\n<meta name=\"twitter:label1\" content=\"Verfasst von\" \/>\n\t<meta name=\"twitter:data1\" content=\"Margot Thompson-Wells\" \/>\n\t<meta name=\"twitter:label2\" content=\"Gesch\u00e4tzte Lesezeit\" \/>\n\t<meta name=\"twitter:data2\" content=\"9\u00a0Minuten\" \/>\n<script type=\"application\/ld+json\" class=\"yoast-schema-graph\">{\"@context\":\"https:\/\/schema.org\",\"@graph\":[{\"@type\":\"WebPage\",\"@id\":\"https:\/\/www.humanium.org\/de\/die-trennung-von-migrantenkindern-von-ihren-familien-an-der-grenze-usa-mexiko\/\",\"url\":\"https:\/\/www.humanium.org\/de\/die-trennung-von-migrantenkindern-von-ihren-familien-an-der-grenze-usa-mexiko\/\",\"name\":\"Die Trennung von Migrantenkindern von ihren Familien an der Grenze USA-Mexiko - Humanium\",\"isPartOf\":{\"@id\":\"https:\/\/www.humanium.org\/de\/#website\"},\"primaryImageOfPage\":{\"@id\":\"https:\/\/www.humanium.org\/de\/die-trennung-von-migrantenkindern-von-ihren-familien-an-der-grenze-usa-mexiko\/#primaryimage\"},\"image\":{\"@id\":\"https:\/\/www.humanium.org\/de\/die-trennung-von-migrantenkindern-von-ihren-familien-an-der-grenze-usa-mexiko\/#primaryimage\"},\"thumbnailUrl\":\"https:\/\/www.humanium.org\/de\/wp-content\/uploads\/2021\/07\/shutterstock_1539332495-scaled.jpg\",\"datePublished\":\"2021-07-13T13:56:21+00:00\",\"dateModified\":\"2021-07-13T13:58:25+00:00\",\"author\":{\"@id\":\"https:\/\/www.humanium.org\/de\/#\/schema\/person\/bd956c3443c72010905aaa6c49c2dd47\"},\"description\":\"An der US-Mexiko-Grenze werden unbegleitete Migrantenkinder von ihren Familien getrennt, was verheerende Folgen hat.\",\"breadcrumb\":{\"@id\":\"https:\/\/www.humanium.org\/de\/die-trennung-von-migrantenkindern-von-ihren-familien-an-der-grenze-usa-mexiko\/#breadcrumb\"},\"inLanguage\":\"de\",\"potentialAction\":[{\"@type\":\"ReadAction\",\"target\":[\"https:\/\/www.humanium.org\/de\/die-trennung-von-migrantenkindern-von-ihren-familien-an-der-grenze-usa-mexiko\/\"]}]},{\"@type\":\"ImageObject\",\"inLanguage\":\"de\",\"@id\":\"https:\/\/www.humanium.org\/de\/die-trennung-von-migrantenkindern-von-ihren-familien-an-der-grenze-usa-mexiko\/#primaryimage\",\"url\":\"https:\/\/www.humanium.org\/de\/wp-content\/uploads\/2021\/07\/shutterstock_1539332495-scaled.jpg\",\"contentUrl\":\"https:\/\/www.humanium.org\/de\/wp-content\/uploads\/2021\/07\/shutterstock_1539332495-scaled.jpg\",\"width\":2560,\"height\":1707},{\"@type\":\"BreadcrumbList\",\"@id\":\"https:\/\/www.humanium.org\/de\/die-trennung-von-migrantenkindern-von-ihren-familien-an-der-grenze-usa-mexiko\/#breadcrumb\",\"itemListElement\":[{\"@type\":\"ListItem\",\"position\":1,\"name\":\"Home\",\"item\":\"https:\/\/www.humanium.org\/de\/\"},{\"@type\":\"ListItem\",\"position\":2,\"name\":\"Die Trennung von Migrantenkindern von ihren Familien an der Grenze USA-Mexiko\"}]},{\"@type\":\"WebSite\",\"@id\":\"https:\/\/www.humanium.org\/de\/#website\",\"url\":\"https:\/\/www.humanium.org\/de\/\",\"name\":\"Humanium\",\"description\":\"Kinder zuerst!\",\"potentialAction\":[{\"@type\":\"SearchAction\",\"target\":{\"@type\":\"EntryPoint\",\"urlTemplate\":\"https:\/\/www.humanium.org\/de\/?s={search_term_string}\"},\"query-input\":{\"@type\":\"PropertyValueSpecification\",\"valueRequired\":true,\"valueName\":\"search_term_string\"}}],\"inLanguage\":\"de\"},{\"@type\":\"Person\",\"@id\":\"https:\/\/www.humanium.org\/de\/#\/schema\/person\/bd956c3443c72010905aaa6c49c2dd47\",\"name\":\"Margot Thompson-Wells\",\"image\":{\"@type\":\"ImageObject\",\"inLanguage\":\"de\",\"@id\":\"https:\/\/www.humanium.org\/de\/#\/schema\/person\/image\/\",\"url\":\"https:\/\/secure.gravatar.com\/avatar\/4bab85660d7e9a172b03294bc791f08b4487a94cffb5636006aa396aff969159?s=96&d=mm&r=g\",\"contentUrl\":\"https:\/\/secure.gravatar.com\/avatar\/4bab85660d7e9a172b03294bc791f08b4487a94cffb5636006aa396aff969159?s=96&d=mm&r=g\",\"caption\":\"Margot Thompson-Wells\"},\"sameAs\":[\"https:\/\/www.linkedin.com\/in\/margotthompsonwells\/\"],\"url\":\"https:\/\/www.humanium.org\/de\/author\/autor_margotthompsonwells\/\"}]}<\/script>\n<!-- \/ Yoast SEO plugin. -->","yoast_head_json":{"title":"Die Trennung von Migrantenkindern von ihren Familien an der Grenze USA-Mexiko - Humanium","description":"An der US-Mexiko-Grenze werden unbegleitete Migrantenkinder von ihren Familien getrennt, was verheerende Folgen hat.","robots":{"index":"index","follow":"follow","max-snippet":"max-snippet:-1","max-image-preview":"max-image-preview:large","max-video-preview":"max-video-preview:-1"},"canonical":"https:\/\/www.humanium.org\/de\/die-trennung-von-migrantenkindern-von-ihren-familien-an-der-grenze-usa-mexiko\/","og_locale":"de_DE","og_type":"article","og_title":"Die Trennung von Migrantenkindern von ihren Familien an der Grenze USA-Mexiko - Humanium","og_description":"An der US-Mexiko-Grenze werden unbegleitete Migrantenkinder von ihren Familien getrennt, was verheerende Folgen hat.","og_url":"https:\/\/www.humanium.org\/de\/die-trennung-von-migrantenkindern-von-ihren-familien-an-der-grenze-usa-mexiko\/","og_site_name":"Humanium","article_published_time":"2021-07-13T13:56:21+00:00","article_modified_time":"2021-07-13T13:58:25+00:00","og_image":[{"width":2560,"height":1707,"url":"https:\/\/www.humanium.org\/de\/wp-content\/uploads\/2021\/07\/shutterstock_1539332495-scaled.jpg","type":"image\/jpeg"}],"author":"Margot Thompson-Wells","twitter_card":"summary_large_image","twitter_misc":{"Verfasst von":"Margot Thompson-Wells","Gesch\u00e4tzte Lesezeit":"9\u00a0Minuten"},"schema":{"@context":"https:\/\/schema.org","@graph":[{"@type":"WebPage","@id":"https:\/\/www.humanium.org\/de\/die-trennung-von-migrantenkindern-von-ihren-familien-an-der-grenze-usa-mexiko\/","url":"https:\/\/www.humanium.org\/de\/die-trennung-von-migrantenkindern-von-ihren-familien-an-der-grenze-usa-mexiko\/","name":"Die Trennung von Migrantenkindern von ihren Familien an der Grenze USA-Mexiko - Humanium","isPartOf":{"@id":"https:\/\/www.humanium.org\/de\/#website"},"primaryImageOfPage":{"@id":"https:\/\/www.humanium.org\/de\/die-trennung-von-migrantenkindern-von-ihren-familien-an-der-grenze-usa-mexiko\/#primaryimage"},"image":{"@id":"https:\/\/www.humanium.org\/de\/die-trennung-von-migrantenkindern-von-ihren-familien-an-der-grenze-usa-mexiko\/#primaryimage"},"thumbnailUrl":"https:\/\/www.humanium.org\/de\/wp-content\/uploads\/2021\/07\/shutterstock_1539332495-scaled.jpg","datePublished":"2021-07-13T13:56:21+00:00","dateModified":"2021-07-13T13:58:25+00:00","author":{"@id":"https:\/\/www.humanium.org\/de\/#\/schema\/person\/bd956c3443c72010905aaa6c49c2dd47"},"description":"An der US-Mexiko-Grenze werden unbegleitete Migrantenkinder von ihren Familien getrennt, was verheerende Folgen hat.","breadcrumb":{"@id":"https:\/\/www.humanium.org\/de\/die-trennung-von-migrantenkindern-von-ihren-familien-an-der-grenze-usa-mexiko\/#breadcrumb"},"inLanguage":"de","potentialAction":[{"@type":"ReadAction","target":["https:\/\/www.humanium.org\/de\/die-trennung-von-migrantenkindern-von-ihren-familien-an-der-grenze-usa-mexiko\/"]}]},{"@type":"ImageObject","inLanguage":"de","@id":"https:\/\/www.humanium.org\/de\/die-trennung-von-migrantenkindern-von-ihren-familien-an-der-grenze-usa-mexiko\/#primaryimage","url":"https:\/\/www.humanium.org\/de\/wp-content\/uploads\/2021\/07\/shutterstock_1539332495-scaled.jpg","contentUrl":"https:\/\/www.humanium.org\/de\/wp-content\/uploads\/2021\/07\/shutterstock_1539332495-scaled.jpg","width":2560,"height":1707},{"@type":"BreadcrumbList","@id":"https:\/\/www.humanium.org\/de\/die-trennung-von-migrantenkindern-von-ihren-familien-an-der-grenze-usa-mexiko\/#breadcrumb","itemListElement":[{"@type":"ListItem","position":1,"name":"Home","item":"https:\/\/www.humanium.org\/de\/"},{"@type":"ListItem","position":2,"name":"Die Trennung von Migrantenkindern von ihren Familien an der Grenze USA-Mexiko"}]},{"@type":"WebSite","@id":"https:\/\/www.humanium.org\/de\/#website","url":"https:\/\/www.humanium.org\/de\/","name":"Humanium","description":"Kinder zuerst!","potentialAction":[{"@type":"SearchAction","target":{"@type":"EntryPoint","urlTemplate":"https:\/\/www.humanium.org\/de\/?s={search_term_string}"},"query-input":{"@type":"PropertyValueSpecification","valueRequired":true,"valueName":"search_term_string"}}],"inLanguage":"de"},{"@type":"Person","@id":"https:\/\/www.humanium.org\/de\/#\/schema\/person\/bd956c3443c72010905aaa6c49c2dd47","name":"Margot Thompson-Wells","image":{"@type":"ImageObject","inLanguage":"de","@id":"https:\/\/www.humanium.org\/de\/#\/schema\/person\/image\/","url":"https:\/\/secure.gravatar.com\/avatar\/4bab85660d7e9a172b03294bc791f08b4487a94cffb5636006aa396aff969159?s=96&d=mm&r=g","contentUrl":"https:\/\/secure.gravatar.com\/avatar\/4bab85660d7e9a172b03294bc791f08b4487a94cffb5636006aa396aff969159?s=96&d=mm&r=g","caption":"Margot Thompson-Wells"},"sameAs":["https:\/\/www.linkedin.com\/in\/margotthompsonwells\/"],"url":"https:\/\/www.humanium.org\/de\/author\/autor_margotthompsonwells\/"}]}},"_links":{"self":[{"href":"https:\/\/www.humanium.org\/de\/wp-json\/wp\/v2\/posts\/14822","targetHints":{"allow":["GET"]}}],"collection":[{"href":"https:\/\/www.humanium.org\/de\/wp-json\/wp\/v2\/posts"}],"about":[{"href":"https:\/\/www.humanium.org\/de\/wp-json\/wp\/v2\/types\/post"}],"author":[{"embeddable":true,"href":"https:\/\/www.humanium.org\/de\/wp-json\/wp\/v2\/users\/46"}],"replies":[{"embeddable":true,"href":"https:\/\/www.humanium.org\/de\/wp-json\/wp\/v2\/comments?post=14822"}],"version-history":[{"count":3,"href":"https:\/\/www.humanium.org\/de\/wp-json\/wp\/v2\/posts\/14822\/revisions"}],"predecessor-version":[{"id":14839,"href":"https:\/\/www.humanium.org\/de\/wp-json\/wp\/v2\/posts\/14822\/revisions\/14839"}],"wp:featuredmedia":[{"embeddable":true,"href":"https:\/\/www.humanium.org\/de\/wp-json\/wp\/v2\/media\/14826"}],"wp:attachment":[{"href":"https:\/\/www.humanium.org\/de\/wp-json\/wp\/v2\/media?parent=14822"}],"wp:term":[{"taxonomy":"category","embeddable":true,"href":"https:\/\/www.humanium.org\/de\/wp-json\/wp\/v2\/categories?post=14822"},{"taxonomy":"post_tag","embeddable":true,"href":"https:\/\/www.humanium.org\/de\/wp-json\/wp\/v2\/tags?post=14822"}],"curies":[{"name":"wp","href":"https:\/\/api.w.org\/{rel}","templated":true}]}}