{"id":14899,"date":"2021-08-03T07:22:10","date_gmt":"2021-08-03T07:22:10","guid":{"rendered":"https:\/\/www.humanium.org\/de\/?p=14899"},"modified":"2025-12-06T06:28:49","modified_gmt":"2025-12-06T06:28:49","slug":"ungarns-neues-anti-lgbtqi-gesetz-verschlechterung-des-geistes-der-verstaendigung-des-friedens-und-der-toleranz","status":"publish","type":"post","link":"https:\/\/www.humanium.org\/de\/ungarns-neues-anti-lgbtqi-gesetz-verschlechterung-des-geistes-der-verstaendigung-des-friedens-und-der-toleranz\/","title":{"rendered":"Ungarns neues Anti-LGBTQI+-Gesetz: Verschlechterung des Geistes der Verst\u00e4ndigung, des Friedens und der Toleranz"},"content":{"rendered":"\n<p><strong>Am 15. Juni 2021 verabschiedete die <\/strong><a href=\"https:\/\/www.humanium.org\/de\/ungarn\/\"><strong>ungarische<\/strong><\/a><strong> Regierung ein neues Gesetz, dem schnell internationale Emp\u00f6rung folgte. Das Gesetz, das urspr\u00fcnglich entworfen wurde, um P\u00e4dophilie weiter zu kriminalisieren, k\u00f6nnte schwerwiegende Folgen f\u00fcr die Rechte von <\/strong><a href=\"https:\/\/www.humanium.org\/de\/lgbtq-kinder\/\"><strong>LGBTQI+-Kindern<\/strong><\/a><strong> haben<\/strong>. <strong>Die <\/strong><a href=\"https:\/\/www.humanium.org\/de\/ungarn\/\"><strong>ungarische <\/strong><\/a><strong>Regierung besteht jedoch darauf, dass das Gesetz zum Schutz der Kinder und ihrer Rechte verabschiedet wurde. Was \u00e4ndert dieses neu erlassene Gesetz und sch\u00fctzt es Kinder wirklich?<\/strong><\/p>\n\n\n\n<h2 class=\"wp-block-heading\"><strong>Ab\u00e4nderung eines antip\u00e4dophilen Gesetzes<\/strong><\/h2>\n\n\n\n<p>Im Fr\u00fchjahr 2019 wurde der ehemalige <a href=\"https:\/\/www.humanium.org\/de\/ungarn\/\">ungarische<\/a> Botschafter in Peru, Gab\u00f3r Kaleta, im Zusammenhang mit fast 20.000 pornografischen Bildern von Minderj\u00e4hrigen, die auf seinem Computer gefunden wurden, festgenommen (Andr\u00e1s &amp; Zolt\u00e1n, 2020). Kaleta wurde eine Geldstrafe von 1500 \u20ac und eine Freiheitsstrafe auf Bew\u00e4hrung auferlegt, was von vielen als Ohrfeige und Beleidigung der Betroffenen empfunden wurde (Zolt\u00e1n, 2021). Im Zuge dieses Skandals hat der <a href=\"https:\/\/www.humanium.org\/de\/ungarn\/\">ungarische<\/a> Gesetzgeber Ma\u00dfnahmen ergriffen, um \u00fcberf\u00fchrte P\u00e4dophile h\u00e4rter zu bestrafen.&nbsp;<\/p>\n\n\n\n<p>Vor der Schlussabstimmung \u00fcber den Gesetzesentwurf wurden jedoch wichtige Gesetzes\u00e4nderungen hinzugef\u00fcgt. Was als Gesetz zur Verurteilung und Bestrafung p\u00e4dophiler Verbrechen begann, wurde verdreht und verbogen, um P\u00e4dophilie und <a href=\"https:\/\/www.humanium.org\/de\/lgbtq-kinder\/\">LGBTQI+<\/a>-Minderheiten zusammenzufassen (Zolt\u00e1n, 2021). Leider ist dies nicht das erste Mal, dass <a href=\"https:\/\/www.humanium.org\/de\/ungarn\/\">Ungarn<\/a> gesetzgeberische Schritte unternimmt, um die Position der <a href=\"https:\/\/www.humanium.org\/de\/lgbtq-kinder\/\">LGBTQI+<\/a>-Gemeinschaft in der <a href=\"https:\/\/www.humanium.org\/de\/ungarn\/\">ungarischen<\/a> Gesellschaft zu untergraben (Attila &amp; Kov\u00e1cs, 2020).<\/p>\n\n\n\n<h2 class=\"wp-block-heading\"><strong>Erl\u00e4uterung des ungarischen Gesetzes<\/strong><\/h2>\n\n\n\n<p>Die erste Rechtsfrage, die intensiv gepr\u00fcft wird, ist, dass \u201eMinderj\u00e4hrigen keine Inhalte mit Darstellungen von Homosexualit\u00e4t oder Geschlechtsumwandlung zug\u00e4nglich gemacht werden d\u00fcrfen\u201c (Zolt\u00e1n, 2021). Dies k\u00f6nnte im Endeffekt dazu f\u00fchren, dass es allen Medien, wie z. B. Fernsehsendungen, Filmen und Musik, die <a href=\"https:\/\/www.humanium.org\/de\/lgbtq-kinder\/\">LGBTQI+<\/a>-bezogene Inhalte enthalten, verboten wird, diese Minderj\u00e4hrigen zu zeigen. Dies k\u00f6nnte bedeuten, dass Sendungen wie Modern Family und Teile der Harry-Potter-Lizenz der \u00d6ffentlichkeit erst nach 23 Uhr zug\u00e4nglich gemacht und in die gleiche Kategorie wie die blutigsten Horrorfilme eingeordnet werden (Zolt\u00e1n, 2021).&nbsp;<\/p>\n\n\n\n<p>Ein (weiteres) Problem ist, dass dieses Gesetz nicht richtig definiert wurde. Nirgendwo regelt das Gesetz, was als \u201eDarstellung\u201c von Homosexualit\u00e4t oder Geschlechtsumwandlung angesehen werden kann. Es bleibt daher unklar, welche Medien unter dieses neu erlassene Verbot fallen. Dar\u00fcber hinaus verbietet das Gesetz Werbung mit <a href=\"https:\/\/www.humanium.org\/de\/lgbtq-kinder\/\">LGBTQI+<\/a>-bezogenen Inhalten. Dies k\u00f6nnte bedeuten, dass Unternehmen mit Werbekampagnen, die <a href=\"https:\/\/www.humanium.org\/de\/lgbtq-kinder\/\">LGBTQI+<\/a>-Menschen feiern und den gegenseitigen Respekt unter allen f\u00f6rdern, von der breiten \u00d6ffentlichkeit ausgeschlossen werden.<\/p>\n\n\n\n<p>Der zweite gesetzliche Aspekt sieht vor, dass schulische Sexualp\u00e4dagogen Homosexualit\u00e4t oder Geschlechtsumwandlung nicht mehr f\u00f6rdern d\u00fcrfen. \u00c4hnlich wie im vorherigen Punkt enth\u00e4lt das Gesetz keine Definition dessen, was als \u201eF\u00f6rderung\u201c von <a href=\"https:\/\/www.humanium.org\/de\/lgbtq-kinder\/\">LGBTQI+<\/a>-Themen angesehen wird. Es k\u00f6nnte jedoch durchaus bedeuten, dass Kinder keine unterschiedlichen Informationen mehr \u00fcber <a href=\"https:\/\/www.humanium.org\/de\/jugendsexualitat\/\">Geschlecht, sexuelle Beziehungen und sexuelle Orientierungen<\/a> erhalten. <\/p>\n\n\n\n<p>Dar\u00fcber hinaus k\u00f6nnen Sexualerziehungskurse nur von registrierten Organisationen abgehalten werden, was die <a href=\"https:\/\/www.humanium.org\/de\/recht-bildung-weltweit\/\">Sexualerziehung<\/a> weiter auf eine durch staatliche Zulassung vereinbarte Wahrnehmung reduziert (Zolt\u00e1n, 2021). Eine Art der Wahrnehmung, die nachweislich alles andere als inklusiv ist (Gyollai &amp; Korkut, 2020).&nbsp;<\/p>\n\n\n\n<p>Diese Wahrnehmung l\u00f6st eine weitere Sorge aus. Im Gesetz nicht definierte Begriffe wie \u201eDarstellung\u201c und \u201eF\u00f6rderung\u201c m\u00fcssen entweder durch staatliche Leitlinien oder durch Gerichtsverfahren ausgelegt werden. In jedem Fall ist es angesichts der aktuellen Rechtsentwicklung in Ungarn wahrscheinlich, dass solche Begriffe weit und zugunsten der aktuellen Wahrnehmung ausgelegt werden.<\/p>\n\n\n\n<p>Verst\u00e4ndlicherweise haben viele Menschenrechtsgruppen und Regierungen ihre Bedenken ge\u00e4u\u00dfert (Siebold &amp; Baczynska, 2021). Inmitten der hitzigen Debatte um den j\u00fcngsten <a href=\"https:\/\/www.humanium.org\/de\/ungarn\/\">ungarischen<\/a> Gesetzesentwurf, ist der Fokus auf den wahren Zweck des Gesetzes jedoch verloren gegangen. Was als bewundernswerte Sache begonnen haben mag, n\u00e4mlich den Schutz von Kindern und deren Rechte zu gew\u00e4hrleisten, wirft nun die Frage auf: Sch\u00fctzt dieses neue Gesetz Kinder wirklich?<\/p>\n\n\n\n<h2 class=\"wp-block-heading\"><strong>Die Gesetze zum Schutz von Kindern<\/strong><\/h2>\n\n\n\n<p><a href=\"https:\/\/www.humanium.org\/de\/konvention\/\">Die Konvention \u00fcber die Rechte des Kindes<\/a> (CRC) gilt als die am weitesten verbreitete und ma\u00dfgeblichste Rechtsquelle f\u00fcr den Schutz von Kindern (Tobin, 2019). Derzeit haben 196 Staaten <a href=\"https:\/\/www.humanium.org\/de\/vertragsstaaten-beteiligte-der-konvention\/\">das Kinderrechtsinstrument \u00fcbernommen<\/a>, darunter auch <a href=\"https:\/\/www.humanium.org\/de\/ungarn\/\">Ungarn<\/a>. Die Staaten, die die <a href=\"https:\/\/www.humanium.org\/de\/konvention\/\">CRC<\/a> \u00fcbernommen haben, sind verpflichtet, ihre Gesetze und Politik von den darin verankerten Rechten leiten zu lassen (UNICEF, 2007). Daher ist es wichtig, die <a href=\"https:\/\/www.humanium.org\/de\/ungarn\/\">ungarischen<\/a> Bestimmungen mit den in der <a href=\"https:\/\/www.humanium.org\/de\/konvention\/\">CRC<\/a> enthaltenen Rechten zu vergleichen und zu schauen, wo diese abweichen.<\/p>\n\n\n\n<figure class=\"wp-block-image size-large\"><img loading=\"lazy\" decoding=\"async\" width=\"1024\" height=\"731\" src=\"https:\/\/www.humanium.org\/de\/wp-content\/uploads\/2021\/08\/shutterstock_178534223-1024x731.jpg\" alt=\"\" class=\"wp-image-14901\" srcset=\"https:\/\/www.humanium.org\/de\/wp-content\/uploads\/2021\/08\/shutterstock_178534223-1024x731.jpg 1024w, https:\/\/www.humanium.org\/de\/wp-content\/uploads\/2021\/08\/shutterstock_178534223-300x214.jpg 300w, https:\/\/www.humanium.org\/de\/wp-content\/uploads\/2021\/08\/shutterstock_178534223-768x548.jpg 768w, https:\/\/www.humanium.org\/de\/wp-content\/uploads\/2021\/08\/shutterstock_178534223-1536x1097.jpg 1536w, https:\/\/www.humanium.org\/de\/wp-content\/uploads\/2021\/08\/shutterstock_178534223-2048x1462.jpg 2048w, https:\/\/www.humanium.org\/de\/wp-content\/uploads\/2021\/08\/shutterstock_178534223-830x593.jpg 830w, https:\/\/www.humanium.org\/de\/wp-content\/uploads\/2021\/08\/shutterstock_178534223-230x164.jpg 230w, https:\/\/www.humanium.org\/de\/wp-content\/uploads\/2021\/08\/shutterstock_178534223-350x250.jpg 350w, https:\/\/www.humanium.org\/de\/wp-content\/uploads\/2021\/08\/shutterstock_178534223-480x343.jpg 480w\" sizes=\"auto, (max-width: 1024px) 100vw, 1024px\" \/><\/figure>\n\n\n\n<p>Artikel 13 der CRC besagt, dass Kinder das <a href=\"https:\/\/www.humanium.org\/de\/recht-freiheit-weltweit\/\">Recht auf freie Meinungs\u00e4u\u00dferung haben<\/a>. Es ist wichtig anzumerken, dass das <a href=\"https:\/\/www.humanium.org\/de\/recht-freiheit-weltweit\/\">Recht auf freie Meinungs\u00e4u\u00dferung<\/a> nicht spezifisch f\u00fcr Kinderrechte ist, sondern in fast allen wichtigen Menschenrechtsinstrumenten ber\u00fccksichtigt wird (Tobin &amp; Parkes, 2019). In der <a href=\"https:\/\/www.humanium.org\/de\/konvention\/\">CRC<\/a> wurde ber\u00fccksichtigt, dieses Recht f\u00fcr Kinder zu verankern, da es ein Recht ist, das oft \u00fcbersehen oder vernachl\u00e4ssigt wird (Tobin &amp; Parkes, 2019). Das <a href=\"https:\/\/www.humanium.org\/de\/recht-freiheit-weltweit\/\">Recht auf freie Meinungs\u00e4u\u00dferung<\/a> musste verankert werden, da es als wesentlicher Bestandteil der Menschenw\u00fcrde und der Entwicklung des Kindes sowie als Eckpfeiler einer demokratischen Gesellschaft gilt (Tobin &amp; Parkes, 2019).<\/p>\n\n\n\n<h2 class=\"wp-block-heading\"><strong>Starke Beeintr\u00e4chtigung der Freiheitsrechte von Kindern<\/strong><\/h2>\n\n\n\n<p>Um es einfach auszudr\u00fccken: Es ist f\u00fcr Erwachsene und Kinder wesentlich, dass das <a href=\"https:\/\/www.humanium.org\/de\/recht-freiheit-weltweit\/\">Recht auf freie Meinungs\u00e4u\u00dferung<\/a> nicht eng ausgelegt wird. Dieses Recht beinhaltet das Recht auf Informationssuche, Informationserhalt und Informationsweitergabe. Der Anwendungsbereich dieses Rechts ist weit gefasst, aber f\u00fcr den Zweck des <a href=\"https:\/\/www.humanium.org\/de\/ungarn\/\">ungarischen<\/a> Gesetzes ist das Recht auf Informationssuche und Informationserhalt von besonderer Bedeutung. Dieses Recht, das oft als Recht auf Zugang zu Informationen bezeichnet wird, stellt zun\u00e4chst sicher, dass Kinder Zugang zu Informationen und Ideen aller Art haben. <\/p>\n\n\n\n<p>Dies umfasst unter anderem Informationen und Ideen in Bezug auf <a href=\"https:\/\/www.humanium.org\/de\/jugendsexualitat\/\">sexuelle Orientierung<\/a> und Geschlechtsidentit\u00e4t (Thoreson, 2015; Tobin &amp; Parkes, 2019). Besser noch werden solche Informationen als wesentlicher Bestandteil des Rechts von Kindern auf Zugang zu Informationen angesehen (Thoreson, 2015). Dies ist von entscheidender Bedeutung, da die sexuelle Entwicklung, wie die <a href=\"https:\/\/www.humanium.org\/de\/jugendsexualitat\/\">sexuelle Orientierung<\/a>, in einem sehr fr\u00fchen Alter beginnt (Cacciatore et al., 2019).<\/p>\n\n\n\n<p>Zweitens sieht das Recht auf Zugang zu Informationen vor, dass das Kind frei w\u00e4hlen kann, welche Medien es nutzt, um Informationen zu suchen und zu erhalten. Dazu geh\u00f6ren Zug\u00e4nge wie das Bildungssystem und die Massenmedien. Daher verpflichtet Artikel 29 der CRC den Staat, Bildungssysteme sicherzustellen, die die notwendigen Informationen \u00fcber die <a href=\"https:\/\/www.humanium.org\/de\/jugendsexualitat\/\">sexuelle Orientierung<\/a> und die Geschlechtsidentit\u00e4t zum Zwecke der pers\u00f6nlichen Entwicklung von Kindern bereitstellen (Tobin &amp; Parkes, 2019).<\/p>\n\n\n\n<p>Dar\u00fcber hinaus betont Artikel 17 der CRC die entscheidende Rolle der Massenmedien bei der Bereitstellung und Verbreitung dieser Inhalte f\u00fcr Kinder (Tobin &amp; Handsley, 2019; Tobin &amp; Parkes, 2019; UNICEF, 2007).&nbsp; Zusammenfassend bedeutet <a href=\"https:\/\/www.humanium.org\/de\/recht-freiheit-weltweit\/\">das Recht auf freie Meinungs\u00e4u\u00dferung<\/a>, dass Kinder \u00fcber eine Vielzahl von Quellen, darunter das Bildungssystem und die Massenmedien, Zugang zu Informationen \u00fcber <a href=\"https:\/\/www.humanium.org\/de\/jugendsexualitat\/\">sexuelle Orientierung<\/a> und Geschlechtsidentit\u00e4t haben sollten.<\/p>\n\n\n\n<h2 class=\"wp-block-heading\"><strong>Im Geiste der Verst\u00e4ndigung<\/strong><\/h2>\n\n\n\n<p>Das <a href=\"https:\/\/www.humanium.org\/de\/ungarn\/\">ungarische<\/a> Gesetz verbietet Massenmedien, Kindern <a href=\"https:\/\/www.humanium.org\/de\/lgbtq-kinder\/\">LGBTQI+<\/a>-bezogene Informationen zur Verf\u00fcgung zu stellen, und verbietet Sexualp\u00e4dagogen, Kinder \u00fcber <a href=\"https:\/\/www.humanium.org\/de\/jugendsexualitat\/\">sexuelle Orientierung<\/a> und Geschlechtsidentit\u00e4t aufzukl\u00e4ren. Angesichts dessen ist es untertrieben zu sagen, dass dies die wirksame Aus\u00fcbung des Rechts auf Zugang zu Informationen ernsthaft behindert. Die Verordnung wird nicht nur den Fluss von <a href=\"https:\/\/www.humanium.org\/de\/lgbtq-kinder\/\">LGBTQI+<\/a>-bezogenen Informationen an Kinder stark einschr\u00e4nken, sondern wird dies auch noch durch Einschr\u00e4nkung einer der beliebtesten und wichtigsten Informationsquellen f\u00fcr Kinder tun \u2013 der Massenmedien.&nbsp;<\/p>\n\n\n\n<p>Verbote wie diese f\u00f6rdern die Stigmatisierung und <a href=\"https:\/\/www.humanium.org\/de\/themenschwerpunkte\/focusdiskriminierung\/\">Diskriminierung<\/a> von <a href=\"https:\/\/www.humanium.org\/de\/lgbtq-kinder\/\">LGBTQI+ -Kindern<\/a> (Sandberg, 2015). Schlimmer noch, Stigmatisierung und <a href=\"https:\/\/www.humanium.org\/de\/themenschwerpunkte\/focusdiskriminierung\/\">Diskriminierung<\/a> von <a href=\"https:\/\/www.humanium.org\/de\/lgbtq-kinder\/\">LGBTQI+-Kindern<\/a><strong> <\/strong>gehen Hand in Hand mit <a href=\"https:\/\/www.humanium.org\/de\/misshandlung\/\">Gewalt<\/a>, die entweder <a href=\"https:\/\/www.humanium.org\/de\/physische-und-virtuelle-gewalt-mobbing-an-schulen-ein-weltweites-problem-das-angegangen-werden-muss\/\">von anderen <\/a>begangen wird oder <a href=\"https:\/\/www.humanium.org\/de\/selbstmord\/\">selbstverletzend<\/a> ist (Gerber &amp; Timoshanko, 2021). Mit anderen Worten sch\u00fctzt dieses <a href=\"https:\/\/www.humanium.org\/de\/ungarn\/\">ungarische<\/a> Gesetz keine Kinder, sondern eine Anti-LGBTQI+-Ideologie.&nbsp;<\/p>\n\n\n\n<p>Wir m\u00fcssen Kinder, alle Kinder, in allen wichtigen Lebensfragen aufkl\u00e4ren, einschlie\u00dflich <a href=\"https:\/\/www.humanium.org\/de\/recht-bildung-weltweit\/\">Sexualerziehung<\/a> und Geschlechtsidentit\u00e4t. Nur durch Bildung k\u00f6nnen wir sie auf ein verantwortungsvolles Leben in einer freien Gesellschaft im Geiste der Verst\u00e4ndigung, des Friedens und der Toleranz vorbereiten.<\/p>\n\n\n\n<figure class=\"wp-block-image size-large\"><img loading=\"lazy\" decoding=\"async\" width=\"1024\" height=\"683\" src=\"https:\/\/www.humanium.org\/de\/wp-content\/uploads\/2021\/08\/shutterstock_1748272427-1024x683.jpg\" alt=\"\" class=\"wp-image-14900\" srcset=\"https:\/\/www.humanium.org\/de\/wp-content\/uploads\/2021\/08\/shutterstock_1748272427-1024x683.jpg 1024w, https:\/\/www.humanium.org\/de\/wp-content\/uploads\/2021\/08\/shutterstock_1748272427-300x200.jpg 300w, https:\/\/www.humanium.org\/de\/wp-content\/uploads\/2021\/08\/shutterstock_1748272427-768x512.jpg 768w, https:\/\/www.humanium.org\/de\/wp-content\/uploads\/2021\/08\/shutterstock_1748272427-1536x1024.jpg 1536w, https:\/\/www.humanium.org\/de\/wp-content\/uploads\/2021\/08\/shutterstock_1748272427-2048x1365.jpg 2048w, https:\/\/www.humanium.org\/de\/wp-content\/uploads\/2021\/08\/shutterstock_1748272427-830x553.jpg 830w, https:\/\/www.humanium.org\/de\/wp-content\/uploads\/2021\/08\/shutterstock_1748272427-230x153.jpg 230w, https:\/\/www.humanium.org\/de\/wp-content\/uploads\/2021\/08\/shutterstock_1748272427-350x233.jpg 350w, https:\/\/www.humanium.org\/de\/wp-content\/uploads\/2021\/08\/shutterstock_1748272427-480x320.jpg 480w, https:\/\/www.humanium.org\/de\/wp-content\/uploads\/2021\/08\/shutterstock_1748272427-272x182.jpg 272w\" sizes=\"auto, (max-width: 1024px) 100vw, 1024px\" \/><\/figure>\n\n\n\n<p>Humanium setzt sich daf\u00fcr ein, die Rechte aller Kinder, einschlie\u00dflich <a href=\"https:\/\/www.humanium.org\/de\/lgbtq-kinder\/\">LGBTQI+<\/a>, zu gew\u00e4hrleisten. Wenn Sie unsere weiteren Aktionen und Projekte zum Schutz und zur Verbesserung der internationalen <a href=\"https:\/\/www.humanium.org\/de\/rechte-kindes\/\">Kinderrechtsgesetze<\/a>&nbsp;unterst\u00fctzen m\u00f6chten, k\u00f6nnen Sie&nbsp;unseren <a href=\"https:\/\/humanium.us6.list-manage.com\/subscribe?u=a73a87b9127de4e8ff90fc276&amp;id=d8ec5f49c7\">Newsletter abonnieren<\/a>&nbsp;oder&nbsp; Mitglied werden. Um die laufende Arbeit von Humanium zu unterst\u00fctzen und zur Umsetzung von <a href=\"https:\/\/www.humanium.org\/de\/rechte-kindes\/\">Kinderrechtsprojekten<\/a> beizutragen, k\u00f6nnen Sie es auch&nbsp;in Betracht ziehen,&nbsp;<a href=\"https:\/\/www.humanium.org\/de\/spenden\/\">eine Spende zu machen<\/a> und sich uns anzuschlie\u00dfen, um weltweit f\u00fcr&nbsp;<a href=\"https:\/\/www.humanium.org\/de\/rechte-kindes\/\">Kinderrechte<\/a>&nbsp;einzustehen.<\/p>\n\n\n\n<p><em><strong>Geschrieben von Yunus Oppier<\/strong><\/em><\/p>\n\n\n\n<p><em><strong>\u00dcbersetzt von Carolyn Deloffre<\/strong><\/em><\/p>\n\n\n\n<p><em><strong>Korrektur gelesen von Rebecca Richter<\/strong><\/em><\/p>\n\n\n\n<h4 class=\"wp-block-heading\"><strong>Bibliographie:<\/strong><\/h4>\n\n\n\n<p class=\"has-small-font-size\"><a href=\"https:\/\/index.hu\/english\/2020\/02\/10\/peru_hungarian_ambassador_child_pornography_gabor_kaleta\/\" target=\"_blank\" rel=\"noreferrer noopener\">Andr\u00e1s, D., &amp; Zolt\u00e1n, K. (2020, February 10). <em>Hungarian ambassador to Peru fired over child pornography charges<\/em>. Index.<\/a> <\/p>\n\n\n\n<p class=\"has-small-font-size\"><a href=\"https:\/\/telex.hu\/english\/2020\/11\/10\/hungary-constitutional-amendment-gender-family-public-funds-special-legal-order\">Attila, R., &amp; Kov\u00e1cs, Z. (2020, No<\/a><a href=\"https:\/\/telex.hu\/english\/2020\/11\/10\/hungary-constitutional-amendment-gender-family-public-funds-special-legal-order\" target=\"_blank\" rel=\"noreferrer noopener\">v<\/a><a href=\"https:\/\/telex.hu\/english\/2020\/11\/10\/hungary-constitutional-amendment-gender-family-public-funds-special-legal-order\">ember 10). <em>Hungarian constitutional amendment to crack down on gender issues, narrow definition of public funds<\/em>. Telex.<\/a> <\/p>\n\n\n\n<p class=\"has-small-font-size\"><a href=\"https:\/\/doi.org\/10.1080\/19317611.2019.1645783\" target=\"_blank\" rel=\"noreferrer noopener\">Cacciatore, R., Korteniemi-Poikela, E., &amp; Kaltiala, &amp; R. (2019). The Steps of Sexuality-A Developmental, Emotion-Focused, Child-Centered Model of Sexual Development and Sexuality Education from Birth to Adulthood. <em>International Journal of Sexual Health<\/em>, <em>31<\/em>(3), 319\u2013338.<\/a> <\/p>\n\n\n\n<p class=\"has-small-font-size\"><a href=\"https:\/\/doi.org\/10.1093\/hrlr\/ngab012\" target=\"_blank\" rel=\"noreferrer noopener\">Gerber, P., &amp; Timoshanko, A. (2021). Is the UN Committee on the Rights of the Child Doing Enough to Protect the Rights of LGBT Children and Children with Same-Sex Parents? <em>Human Rights Law Review<\/em>, <em>March<\/em>, 1\u201351<\/a>. <\/p>\n\n\n\n<p class=\"has-small-font-size\"><a href=\"https:\/\/archive.discoversociety.org\/2020\/03\/04\/lgbtqi-intolerance-the-curtailment-of-academic-freedom-in-hungary\/\" target=\"_blank\" rel=\"noreferrer noopener\">Gyollai, D., &amp; Korkut, U. (2020, March 4). <em>LGBTQI intolerance: the curtailment of academic freedom in Hungary | Discover Society<\/em>. Discover Society.<\/a> <\/p>\n\n\n\n<p class=\"has-small-font-size\"><a href=\"https:\/\/doi.org\/10.1080\/18918131.2015.1128701\" target=\"_blank\" rel=\"noreferrer noopener\">Sandberg, K. (2015). The Rights of LGBTI Children under the Convention on the Rights of the Child. <em>Nordic Journal of Human Rights<\/em>, <em>33<\/em>(4), 337\u2013352.<\/a> <\/p>\n\n\n\n<p class=\"has-small-font-size\"><a href=\"https:\/\/www.reuters.com\/world\/europe\/hungarys-new-lgbt-law-contradicts-eu-values-germany-says-2021-06-22\/\" target=\"_blank\" rel=\"noreferrer noopener\">Siebold, S., &amp; Baczynska, G. (2021, June 22). <em>\u2018Grotesque\u2019: EU countries condemn Hungary over anti-LGBTQ law | Reuters<\/em>. Reuters.<\/a><\/p>\n\n\n\n<p class=\"has-small-font-size\"><a href=\"https:\/\/www.yalelawjournal.org\/comment\/homosexual-propaganda-bans-in-human-rights-law\" target=\"_blank\" rel=\"noreferrer noopener\">Thoreson, R. (2015). From child protection to children\u2019s rights: Rethinking homosexual propaganda bans in human rights law. <em>Yale Law Journal<\/em>, <em>124<\/em>(4), 1327\u20131344.<\/a><\/p>\n\n\n\n<p class=\"has-small-font-size\">Tobin, J. (2019). <em>The UN Convention on the Rights of the Child: A Commentary<\/em>. Oxford University Press.<\/p>\n\n\n\n<p class=\"has-small-font-size\">Tobin, J., &amp; Handsley, E. (2019). Art . 17 The Mass Media and Children: Diversity of Sources, Quality of Content , and Protection against Harm. In J. Tobin (Ed.), <em>The UN Convention on the Rights of the Child: A Commentary<\/em> (Issue June, pp. 600\u2013645). Oxford University Press.<\/p>\n\n\n\n<p class=\"has-small-font-size\">Tobin, J., &amp; Parkes, A. (2019). <em>Art . 13 The Right to Freedom of Expression<\/em> (J. Tobin (ed.); Issue June). Oxford University Press.<\/p>\n\n\n\n<p class=\"has-small-font-size\"><a href=\"https:\/\/www.unicef.org\/reports\/implementation-handbook-convention-rights-child\" target=\"_blank\" rel=\"noreferrer noopener\">UNICEF. (2007). <em>Implementation Handbook for the Convention on the Rights of the Child<\/em> (Third, Vol. 27, Issue 2).<\/a> <\/p>\n\n\n\n<p class=\"has-small-font-size\"><a href=\"https:\/\/telex.hu\/english\/2021\/06\/23\/hungary-anti-lgbt-law-sexual-minorities-portrayal-promotion-paedophilia-viktor-orban-ursula-von-der-leyen\" target=\"_blank\" rel=\"noreferrer noopener\">Zolt\u00e1n, K. (2021). <em>Portrayal and promotion \u2013 Hungary\u2019s latest anti-LGBT law, explained<\/em>. Telex. <\/a><\/p>\n","protected":false},"excerpt":{"rendered":"<p>Am 15. Juni 2021 verabschiedete die ungarische Regierung ein neues Gesetz, dem schnell internationale Emp\u00f6rung folgte. Das Gesetz, das urspr\u00fcnglich entworfen wurde, um P\u00e4dophilie weiter zu kriminalisieren, k\u00f6nnte schwerwiegende Folgen f\u00fcr die Rechte von LGBTQI+-Kindern haben. Die ungarische Regierung besteht jedoch darauf, dass das Gesetz zum Schutz der Kinder und ihrer Rechte verabschiedet wurde. Was [&hellip;]<\/p>\n","protected":false},"author":45,"featured_media":14902,"comment_status":"closed","ping_status":"closed","sticky":false,"template":"","format":"standard","meta":{"footnotes":""},"categories":[170,163,174,19],"tags":[],"class_list":["post-14899","post","type-post","status-publish","format-standard","has-post-thumbnail","hentry","category-freiheit","category-kinderrechte","category-lgbtq","category-menschenrechte"],"yoast_head":"<!-- This site is optimized with the Yoast SEO plugin v26.5 - https:\/\/yoast.com\/wordpress\/plugins\/seo\/ -->\n<title>Ungarns neues Anti-LGBTQI+-Gesetz: Verschlechterung des Geistes der Verst\u00e4ndigung, des Friedens und der Toleranz - Humanium<\/title>\n<meta name=\"description\" content=\"Am 15. Juni 2021 hat die ungarische Regierung ein neues Gesetz mit schwerwiegenden Folgen f\u00fcr die Rechte von LGBTQI+-Kindern verabschiedet.\" \/>\n<meta name=\"robots\" content=\"index, follow, max-snippet:-1, max-image-preview:large, max-video-preview:-1\" \/>\n<link rel=\"canonical\" href=\"https:\/\/www.humanium.org\/de\/ungarns-neues-anti-lgbtqi-gesetz-verschlechterung-des-geistes-der-verstaendigung-des-friedens-und-der-toleranz\/\" \/>\n<meta property=\"og:locale\" content=\"de_DE\" \/>\n<meta property=\"og:type\" content=\"article\" \/>\n<meta property=\"og:title\" content=\"Ungarns neues Anti-LGBTQI+-Gesetz: Verschlechterung des Geistes der Verst\u00e4ndigung, des Friedens und der Toleranz - Humanium\" \/>\n<meta property=\"og:description\" content=\"Am 15. Juni 2021 hat die ungarische Regierung ein neues Gesetz mit schwerwiegenden Folgen f\u00fcr die Rechte von LGBTQI+-Kindern verabschiedet.\" \/>\n<meta property=\"og:url\" content=\"https:\/\/www.humanium.org\/de\/ungarns-neues-anti-lgbtqi-gesetz-verschlechterung-des-geistes-der-verstaendigung-des-friedens-und-der-toleranz\/\" \/>\n<meta property=\"og:site_name\" content=\"Humanium\" \/>\n<meta property=\"article:published_time\" content=\"2021-08-03T07:22:10+00:00\" \/>\n<meta property=\"article:modified_time\" content=\"2025-12-06T06:28:49+00:00\" \/>\n<meta property=\"og:image\" content=\"https:\/\/www.humanium.org\/de\/wp-content\/uploads\/2021\/08\/shutterstock_1726290811-scaled.jpg\" \/>\n\t<meta property=\"og:image:width\" content=\"2560\" \/>\n\t<meta property=\"og:image:height\" content=\"1707\" \/>\n\t<meta property=\"og:image:type\" content=\"image\/jpeg\" \/>\n<meta name=\"author\" content=\"Yunus Oppier\" \/>\n<meta name=\"twitter:card\" content=\"summary_large_image\" \/>\n<meta name=\"twitter:label1\" content=\"Verfasst von\" \/>\n\t<meta name=\"twitter:data1\" content=\"Yunus Oppier\" \/>\n\t<meta name=\"twitter:label2\" content=\"Gesch\u00e4tzte Lesezeit\" \/>\n\t<meta name=\"twitter:data2\" content=\"8\u00a0Minuten\" \/>\n<script type=\"application\/ld+json\" class=\"yoast-schema-graph\">{\"@context\":\"https:\/\/schema.org\",\"@graph\":[{\"@type\":\"WebPage\",\"@id\":\"https:\/\/www.humanium.org\/de\/ungarns-neues-anti-lgbtqi-gesetz-verschlechterung-des-geistes-der-verstaendigung-des-friedens-und-der-toleranz\/\",\"url\":\"https:\/\/www.humanium.org\/de\/ungarns-neues-anti-lgbtqi-gesetz-verschlechterung-des-geistes-der-verstaendigung-des-friedens-und-der-toleranz\/\",\"name\":\"Ungarns neues Anti-LGBTQI+-Gesetz: Verschlechterung des Geistes der Verst\u00e4ndigung, des Friedens und der Toleranz - Humanium\",\"isPartOf\":{\"@id\":\"https:\/\/www.humanium.org\/de\/#website\"},\"primaryImageOfPage\":{\"@id\":\"https:\/\/www.humanium.org\/de\/ungarns-neues-anti-lgbtqi-gesetz-verschlechterung-des-geistes-der-verstaendigung-des-friedens-und-der-toleranz\/#primaryimage\"},\"image\":{\"@id\":\"https:\/\/www.humanium.org\/de\/ungarns-neues-anti-lgbtqi-gesetz-verschlechterung-des-geistes-der-verstaendigung-des-friedens-und-der-toleranz\/#primaryimage\"},\"thumbnailUrl\":\"https:\/\/www.humanium.org\/de\/wp-content\/uploads\/2021\/08\/shutterstock_1726290811-scaled.jpg\",\"datePublished\":\"2021-08-03T07:22:10+00:00\",\"dateModified\":\"2025-12-06T06:28:49+00:00\",\"author\":{\"@id\":\"https:\/\/www.humanium.org\/de\/#\/schema\/person\/160e0ec54989123a00c3e5bba207f4a1\"},\"description\":\"Am 15. Juni 2021 hat die ungarische Regierung ein neues Gesetz mit schwerwiegenden Folgen f\u00fcr die Rechte von LGBTQI+-Kindern verabschiedet.\",\"breadcrumb\":{\"@id\":\"https:\/\/www.humanium.org\/de\/ungarns-neues-anti-lgbtqi-gesetz-verschlechterung-des-geistes-der-verstaendigung-des-friedens-und-der-toleranz\/#breadcrumb\"},\"inLanguage\":\"de\",\"potentialAction\":[{\"@type\":\"ReadAction\",\"target\":[\"https:\/\/www.humanium.org\/de\/ungarns-neues-anti-lgbtqi-gesetz-verschlechterung-des-geistes-der-verstaendigung-des-friedens-und-der-toleranz\/\"]}]},{\"@type\":\"ImageObject\",\"inLanguage\":\"de\",\"@id\":\"https:\/\/www.humanium.org\/de\/ungarns-neues-anti-lgbtqi-gesetz-verschlechterung-des-geistes-der-verstaendigung-des-friedens-und-der-toleranz\/#primaryimage\",\"url\":\"https:\/\/www.humanium.org\/de\/wp-content\/uploads\/2021\/08\/shutterstock_1726290811-scaled.jpg\",\"contentUrl\":\"https:\/\/www.humanium.org\/de\/wp-content\/uploads\/2021\/08\/shutterstock_1726290811-scaled.jpg\",\"width\":2560,\"height\":1707},{\"@type\":\"BreadcrumbList\",\"@id\":\"https:\/\/www.humanium.org\/de\/ungarns-neues-anti-lgbtqi-gesetz-verschlechterung-des-geistes-der-verstaendigung-des-friedens-und-der-toleranz\/#breadcrumb\",\"itemListElement\":[{\"@type\":\"ListItem\",\"position\":1,\"name\":\"Home\",\"item\":\"https:\/\/www.humanium.org\/de\/\"},{\"@type\":\"ListItem\",\"position\":2,\"name\":\"Ungarns neues Anti-LGBTQI+-Gesetz: Verschlechterung des Geistes der Verst\u00e4ndigung, des Friedens und der Toleranz\"}]},{\"@type\":\"WebSite\",\"@id\":\"https:\/\/www.humanium.org\/de\/#website\",\"url\":\"https:\/\/www.humanium.org\/de\/\",\"name\":\"Humanium\",\"description\":\"Kinder zuerst!\",\"potentialAction\":[{\"@type\":\"SearchAction\",\"target\":{\"@type\":\"EntryPoint\",\"urlTemplate\":\"https:\/\/www.humanium.org\/de\/?s={search_term_string}\"},\"query-input\":{\"@type\":\"PropertyValueSpecification\",\"valueRequired\":true,\"valueName\":\"search_term_string\"}}],\"inLanguage\":\"de\"},{\"@type\":\"Person\",\"@id\":\"https:\/\/www.humanium.org\/de\/#\/schema\/person\/160e0ec54989123a00c3e5bba207f4a1\",\"name\":\"Yunus Oppier\",\"image\":{\"@type\":\"ImageObject\",\"inLanguage\":\"de\",\"@id\":\"https:\/\/www.humanium.org\/de\/#\/schema\/person\/image\/\",\"url\":\"https:\/\/secure.gravatar.com\/avatar\/5d64090493b100136d200ff1c0511388de8126731a3fdc512e92d491caef1f66?s=96&d=mm&r=g\",\"contentUrl\":\"https:\/\/secure.gravatar.com\/avatar\/5d64090493b100136d200ff1c0511388de8126731a3fdc512e92d491caef1f66?s=96&d=mm&r=g\",\"caption\":\"Yunus Oppier\"},\"sameAs\":[\"https:\/\/www.linkedin.com\/in\/yunus-oppier\/\"],\"url\":\"https:\/\/www.humanium.org\/de\/author\/autor_yunusoppier\/\"}]}<\/script>\n<!-- \/ Yoast SEO plugin. -->","yoast_head_json":{"title":"Ungarns neues Anti-LGBTQI+-Gesetz: Verschlechterung des Geistes der Verst\u00e4ndigung, des Friedens und der Toleranz - Humanium","description":"Am 15. Juni 2021 hat die ungarische Regierung ein neues Gesetz mit schwerwiegenden Folgen f\u00fcr die Rechte von LGBTQI+-Kindern verabschiedet.","robots":{"index":"index","follow":"follow","max-snippet":"max-snippet:-1","max-image-preview":"max-image-preview:large","max-video-preview":"max-video-preview:-1"},"canonical":"https:\/\/www.humanium.org\/de\/ungarns-neues-anti-lgbtqi-gesetz-verschlechterung-des-geistes-der-verstaendigung-des-friedens-und-der-toleranz\/","og_locale":"de_DE","og_type":"article","og_title":"Ungarns neues Anti-LGBTQI+-Gesetz: Verschlechterung des Geistes der Verst\u00e4ndigung, des Friedens und der Toleranz - Humanium","og_description":"Am 15. Juni 2021 hat die ungarische Regierung ein neues Gesetz mit schwerwiegenden Folgen f\u00fcr die Rechte von LGBTQI+-Kindern verabschiedet.","og_url":"https:\/\/www.humanium.org\/de\/ungarns-neues-anti-lgbtqi-gesetz-verschlechterung-des-geistes-der-verstaendigung-des-friedens-und-der-toleranz\/","og_site_name":"Humanium","article_published_time":"2021-08-03T07:22:10+00:00","article_modified_time":"2025-12-06T06:28:49+00:00","og_image":[{"width":2560,"height":1707,"url":"https:\/\/www.humanium.org\/de\/wp-content\/uploads\/2021\/08\/shutterstock_1726290811-scaled.jpg","type":"image\/jpeg"}],"author":"Yunus Oppier","twitter_card":"summary_large_image","twitter_misc":{"Verfasst von":"Yunus Oppier","Gesch\u00e4tzte Lesezeit":"8\u00a0Minuten"},"schema":{"@context":"https:\/\/schema.org","@graph":[{"@type":"WebPage","@id":"https:\/\/www.humanium.org\/de\/ungarns-neues-anti-lgbtqi-gesetz-verschlechterung-des-geistes-der-verstaendigung-des-friedens-und-der-toleranz\/","url":"https:\/\/www.humanium.org\/de\/ungarns-neues-anti-lgbtqi-gesetz-verschlechterung-des-geistes-der-verstaendigung-des-friedens-und-der-toleranz\/","name":"Ungarns neues Anti-LGBTQI+-Gesetz: Verschlechterung des Geistes der Verst\u00e4ndigung, des Friedens und der Toleranz - Humanium","isPartOf":{"@id":"https:\/\/www.humanium.org\/de\/#website"},"primaryImageOfPage":{"@id":"https:\/\/www.humanium.org\/de\/ungarns-neues-anti-lgbtqi-gesetz-verschlechterung-des-geistes-der-verstaendigung-des-friedens-und-der-toleranz\/#primaryimage"},"image":{"@id":"https:\/\/www.humanium.org\/de\/ungarns-neues-anti-lgbtqi-gesetz-verschlechterung-des-geistes-der-verstaendigung-des-friedens-und-der-toleranz\/#primaryimage"},"thumbnailUrl":"https:\/\/www.humanium.org\/de\/wp-content\/uploads\/2021\/08\/shutterstock_1726290811-scaled.jpg","datePublished":"2021-08-03T07:22:10+00:00","dateModified":"2025-12-06T06:28:49+00:00","author":{"@id":"https:\/\/www.humanium.org\/de\/#\/schema\/person\/160e0ec54989123a00c3e5bba207f4a1"},"description":"Am 15. Juni 2021 hat die ungarische Regierung ein neues Gesetz mit schwerwiegenden Folgen f\u00fcr die Rechte von LGBTQI+-Kindern verabschiedet.","breadcrumb":{"@id":"https:\/\/www.humanium.org\/de\/ungarns-neues-anti-lgbtqi-gesetz-verschlechterung-des-geistes-der-verstaendigung-des-friedens-und-der-toleranz\/#breadcrumb"},"inLanguage":"de","potentialAction":[{"@type":"ReadAction","target":["https:\/\/www.humanium.org\/de\/ungarns-neues-anti-lgbtqi-gesetz-verschlechterung-des-geistes-der-verstaendigung-des-friedens-und-der-toleranz\/"]}]},{"@type":"ImageObject","inLanguage":"de","@id":"https:\/\/www.humanium.org\/de\/ungarns-neues-anti-lgbtqi-gesetz-verschlechterung-des-geistes-der-verstaendigung-des-friedens-und-der-toleranz\/#primaryimage","url":"https:\/\/www.humanium.org\/de\/wp-content\/uploads\/2021\/08\/shutterstock_1726290811-scaled.jpg","contentUrl":"https:\/\/www.humanium.org\/de\/wp-content\/uploads\/2021\/08\/shutterstock_1726290811-scaled.jpg","width":2560,"height":1707},{"@type":"BreadcrumbList","@id":"https:\/\/www.humanium.org\/de\/ungarns-neues-anti-lgbtqi-gesetz-verschlechterung-des-geistes-der-verstaendigung-des-friedens-und-der-toleranz\/#breadcrumb","itemListElement":[{"@type":"ListItem","position":1,"name":"Home","item":"https:\/\/www.humanium.org\/de\/"},{"@type":"ListItem","position":2,"name":"Ungarns neues Anti-LGBTQI+-Gesetz: Verschlechterung des Geistes der Verst\u00e4ndigung, des Friedens und der Toleranz"}]},{"@type":"WebSite","@id":"https:\/\/www.humanium.org\/de\/#website","url":"https:\/\/www.humanium.org\/de\/","name":"Humanium","description":"Kinder zuerst!","potentialAction":[{"@type":"SearchAction","target":{"@type":"EntryPoint","urlTemplate":"https:\/\/www.humanium.org\/de\/?s={search_term_string}"},"query-input":{"@type":"PropertyValueSpecification","valueRequired":true,"valueName":"search_term_string"}}],"inLanguage":"de"},{"@type":"Person","@id":"https:\/\/www.humanium.org\/de\/#\/schema\/person\/160e0ec54989123a00c3e5bba207f4a1","name":"Yunus Oppier","image":{"@type":"ImageObject","inLanguage":"de","@id":"https:\/\/www.humanium.org\/de\/#\/schema\/person\/image\/","url":"https:\/\/secure.gravatar.com\/avatar\/5d64090493b100136d200ff1c0511388de8126731a3fdc512e92d491caef1f66?s=96&d=mm&r=g","contentUrl":"https:\/\/secure.gravatar.com\/avatar\/5d64090493b100136d200ff1c0511388de8126731a3fdc512e92d491caef1f66?s=96&d=mm&r=g","caption":"Yunus Oppier"},"sameAs":["https:\/\/www.linkedin.com\/in\/yunus-oppier\/"],"url":"https:\/\/www.humanium.org\/de\/author\/autor_yunusoppier\/"}]}},"_links":{"self":[{"href":"https:\/\/www.humanium.org\/de\/wp-json\/wp\/v2\/posts\/14899","targetHints":{"allow":["GET"]}}],"collection":[{"href":"https:\/\/www.humanium.org\/de\/wp-json\/wp\/v2\/posts"}],"about":[{"href":"https:\/\/www.humanium.org\/de\/wp-json\/wp\/v2\/types\/post"}],"author":[{"embeddable":true,"href":"https:\/\/www.humanium.org\/de\/wp-json\/wp\/v2\/users\/45"}],"replies":[{"embeddable":true,"href":"https:\/\/www.humanium.org\/de\/wp-json\/wp\/v2\/comments?post=14899"}],"version-history":[{"count":4,"href":"https:\/\/www.humanium.org\/de\/wp-json\/wp\/v2\/posts\/14899\/revisions"}],"predecessor-version":[{"id":21042,"href":"https:\/\/www.humanium.org\/de\/wp-json\/wp\/v2\/posts\/14899\/revisions\/21042"}],"wp:featuredmedia":[{"embeddable":true,"href":"https:\/\/www.humanium.org\/de\/wp-json\/wp\/v2\/media\/14902"}],"wp:attachment":[{"href":"https:\/\/www.humanium.org\/de\/wp-json\/wp\/v2\/media?parent=14899"}],"wp:term":[{"taxonomy":"category","embeddable":true,"href":"https:\/\/www.humanium.org\/de\/wp-json\/wp\/v2\/categories?post=14899"},{"taxonomy":"post_tag","embeddable":true,"href":"https:\/\/www.humanium.org\/de\/wp-json\/wp\/v2\/tags?post=14899"}],"curies":[{"name":"wp","href":"https:\/\/api.w.org\/{rel}","templated":true}]}}