{"id":14936,"date":"2021-08-10T07:32:39","date_gmt":"2021-08-10T07:32:39","guid":{"rendered":"https:\/\/www.humanium.org\/de\/?p=14936"},"modified":"2025-12-06T06:18:56","modified_gmt":"2025-12-06T06:18:56","slug":"covid-19-und-konfliktbedingte-sexuelle-gewalt-gegen-kinder","status":"publish","type":"post","link":"https:\/\/www.humanium.org\/de\/covid-19-und-konfliktbedingte-sexuelle-gewalt-gegen-kinder\/","title":{"rendered":"COVID-19 und konfliktbedingte sexuelle Gewalt gegen Kinder"},"content":{"rendered":"\n<p><strong>Anl\u00e4sslich des siebten offiziellen Tages f\u00fcr die Beseitigung sexueller Gewalt in Konflikten sprach die Sonderbeauftragte des Generalsekret\u00e4rs f\u00fcr Kinder und bewaffnete Konflikte, <a href=\"https:\/\/www.humanium.org\/de\/humanium-im-gespraech-mit-virginia-gamba-ueber-die-situation-der-kinder-in-zeiten-bewaffneter-konflikte\/\">Virginia Gamba<\/a>, das Thema der konfliktbezogenen sexuellen Gewalt gegen Kinder im Zusammenhang mit der <a href=\"https:\/\/www.humanium.org\/de\/ein-5-punkte-coronavirus-leitfaden-fuer-kinder\/\">COVID-19<\/a>-Pandemie an und wies auf die besorgniserregende Situation von Kindern hin, die durch Vergewaltigung geboren wurden. Wie der k\u00fcrzlich ver\u00f6ffentlichte Bericht 2020 zeigt, kam es nach der Coronavirus-Notlage zu einem dramatischen Anstieg der verifizierten F\u00e4lle von sexueller Gewalt gegen Kinder in <a href=\"https:\/\/www.humanium.org\/de\/kinder-in-kriegen\/\">bewaffneten Konflikten<\/a>.<\/strong><\/p>\n\n\n\n<h2 class=\"wp-block-heading\"><strong>Internationaler Tag f\u00fcr die Beseitigung von sexueller Gewalt in Konflikten&nbsp;<\/strong><\/h2>\n\n\n\n<p>Am Samstag, den 19. Juni 2021, haben wir den Internationalen Tag zur Beseitigung sexueller Gewalt in Konflikten begangen. Dieses Datum wurde 2015 gew\u00e4hlt (UNGA, 2015), um an den <a href=\"https:\/\/www.humanium.org\/de\/abschaffung-sexueller-gewalt\/\">Tag<\/a> zu erinnern, an dem der UN-Sicherheitsrat offiziell Vergewaltigung und andere Formen sexueller Gewalt als &#8222;Kriegstaktik und Hindernis f\u00fcr die Friedenskonsolidierung&#8220; (UNSC, 2008) verurteilte. <\/p>\n\n\n\n<p>Das B\u00fcro des Sonderbeauftragten f\u00fcr sexuelle Gewalt in Konflikten, das B\u00fcro des Sonderbeauftragten f\u00fcr Kinder und bewaffnete Konflikte und die St\u00e4ndige Vertretung Argentiniens bei den Vereinten Nationen veranstalteten gemeinsam eine virtuelle Veranstaltung zu Ehren der \u00dcberlebenden sexueller Gewalt in Konflikten und derjenigen, die sich f\u00fcr die Unterst\u00fctzung der Opfer und die Beendigung solcher Gr\u00e4ueltaten einsetzen. <\/p>\n\n\n\n<p>Im Mittelpunkt standen Strategien zur Ber\u00fccksichtigung der spezifischen <a href=\"https:\/\/www.humanium.org\/de\/rechte-kindes\/\">Rechte<\/a> und Bed\u00fcrfnisse der \u00dcberlebenden, insbesondere angesichts der Gesundheitskrise, sowie die Frage, wie das Thema konfliktbezogene Gewalt in die COVID-19-Reaktions- und Wiederaufbaupl\u00e4ne integriert werden kann.&nbsp;<\/p>\n\n\n\n<h2 class=\"wp-block-heading\"><strong>Die missliche Lage im Jahr 2020<\/strong><\/h2>\n\n\n\n<p><a href=\"https:\/\/www.humanium.org\/de\/die-sexuelle-ausbeutung-von-kindern\/\">Vergewaltigung und sexuelle Gewalt <\/a>gegen Kinder geh\u00f6ren zu den sechs schwerwiegenden Verst\u00f6\u00dfen, die von den Vereinten Nationen durch die Country Task Forces on Monitoring and Reporting (CTDMR) im Rahmen des 2005 eingerichteten \u00dcberwachungs- und Berichtsmechanismus (MRM) \u00fcberwacht werden (UNSC, 2005). Im Jahr 2019 gab es 735 F\u00e4lle von sexueller Gewalt in den 19 Situationen, die unter die Agenda des Sonderbeauftragten fallen (OSRSG CAC, 2021). <\/p>\n\n\n\n<p>Im Jahr 2020 stiegen diese Zahlen um 70 %, wobei 98 % der Opfer <a href=\"https:\/\/www.humanium.org\/de\/die-rechte-von-madchen\/\">M\u00e4dchen<\/a> waren (UNSC, 2021). Die COVID-19-Pandemie hatte eine Reihe von <a href=\"https:\/\/www.humanium.org\/de\/was-hat-2020-fuer-die-kinderrechte-bedeutet\/\">Folgen f\u00fcr Kinder<\/a> in bewaffneten Konflikten, die sich in einer Zunahme der tats\u00e4chlichen Verst\u00f6\u00dfe, einer geringeren Rechenschaftspflicht und Bestrafung, einer schw\u00e4cheren \u00dcberwachung und Berichterstattung sowie der Einstellung der Versorgung von \u00dcberlebenden \u00e4u\u00dferte.&nbsp;<\/p>\n\n\n\n<p>Trotz des Aufrufs der internationalen Gemeinschaft zu einem weltweiten Waffenstillstand sind seit Beginn der Pandemie neue Konflikte ausgebrochen und bestehende Konflikte haben sich versch\u00e4rft. Im Jahr 2020 kam es zu 26.500 schweren Verst\u00f6\u00dfen, darunter <a href=\"https:\/\/www.humanium.org\/de\/kindersoldaten\/\">Rekrutierung<\/a> und <a href=\"https:\/\/www.humanium.org\/de\/gegen-kindersoldaten\/\">Einsatz<\/a>, Verst\u00fcmmelung und T\u00f6tung, Vergewaltigung und andere Formen sexueller Gewalt, Angriffe auf Schulen und Krankenh\u00e4user und Verweigerung des humanit\u00e4ren Zugangs (UNSC, 2021). Auch die Entf\u00fchrung, Rekrutierung und der Einsatz von Kindern durch Konfliktparteien nahmen infolge der Schlie\u00dfung von Schulen und der Wirtschaftskrise zu. <\/p>\n\n\n\n<figure class=\"wp-block-image size-large\"><img loading=\"lazy\" decoding=\"async\" width=\"1024\" height=\"683\" src=\"https:\/\/www.humanium.org\/de\/wp-content\/uploads\/2021\/08\/shutterstock_1385973686-1024x683.jpg\" alt=\"\" class=\"wp-image-14943\" srcset=\"https:\/\/www.humanium.org\/de\/wp-content\/uploads\/2021\/08\/shutterstock_1385973686-1024x683.jpg 1024w, https:\/\/www.humanium.org\/de\/wp-content\/uploads\/2021\/08\/shutterstock_1385973686-300x200.jpg 300w, https:\/\/www.humanium.org\/de\/wp-content\/uploads\/2021\/08\/shutterstock_1385973686-768x512.jpg 768w, https:\/\/www.humanium.org\/de\/wp-content\/uploads\/2021\/08\/shutterstock_1385973686-1536x1024.jpg 1536w, https:\/\/www.humanium.org\/de\/wp-content\/uploads\/2021\/08\/shutterstock_1385973686-2048x1365.jpg 2048w, https:\/\/www.humanium.org\/de\/wp-content\/uploads\/2021\/08\/shutterstock_1385973686-830x553.jpg 830w, https:\/\/www.humanium.org\/de\/wp-content\/uploads\/2021\/08\/shutterstock_1385973686-230x153.jpg 230w, https:\/\/www.humanium.org\/de\/wp-content\/uploads\/2021\/08\/shutterstock_1385973686-350x233.jpg 350w, https:\/\/www.humanium.org\/de\/wp-content\/uploads\/2021\/08\/shutterstock_1385973686-480x320.jpg 480w, https:\/\/www.humanium.org\/de\/wp-content\/uploads\/2021\/08\/shutterstock_1385973686-272x182.jpg 272w\" sizes=\"auto, (max-width: 1024px) 100vw, 1024px\" \/><\/figure>\n\n\n\n<p>Der Bericht des Generalsekret\u00e4rs f\u00fcr das Jahr 2020 stellt fest, dass Jungen und M\u00e4dchen von diesen Verst\u00f6\u00dfen nicht in gleicher Weise betroffen sind: W\u00e4hrend Jungen eher rekrutiert und missbraucht werden (85 % der F\u00e4lle), sind M\u00e4dchen anf\u00e4lliger f\u00fcr Vergewaltigungen und andere Formen sexueller Gewalt (UNSC, 2021). Diese Feststellung untermauert die Bemerkung von Gamba, dass geschlechtsspezifische Ma\u00dfnahmen sowohl f\u00fcr die Pr\u00e4vention als auch f\u00fcr die Betreuung der \u00dcberlebenden erforderlich sind.&nbsp;<\/p>\n\n\n\n<h2 class=\"wp-block-heading\"><strong>Sexuelle Gewalt in Konflikten (SVC) im Zusammenhang mit der COVID-19-Pandemie&nbsp;&nbsp;<\/strong><\/h2>\n\n\n\n<p>Laut einer aktuellen UN-Studie haben Faktoren wie die Einstellung medizinischer, psychosozialer und rechtlicher Dienste, eingeschr\u00e4nkte Mobilit\u00e4t und zunehmende Isolation die Anf\u00e4lligkeit von Kindern in bewaffneten Konflikten f\u00fcr Vergewaltigungen und andere Formen sexueller Gewalt erh\u00f6ht (OSRSG CAC, 2021). Aufgrund des Gesundheitsnotstands haben internationale Organisationen ihr Engagement und ihre Aktivit\u00e4ten vor Ort, einschlie\u00dflich Aktionspl\u00e4nen und Vereinbarungen mit Konfliktparteien, zur\u00fcckgestellt. Anlaufstellen wurden geschlossen, Einrichtungen reduzierten ihre Kapazit\u00e4ten und es kam zu Verz\u00f6gerungen bei Untersuchungen und <a href=\"https:\/\/www.humanium.org\/de\/familie-und-rechte-von-kindern\/\">Familienzusammenf\u00fchrungen<\/a>.&nbsp;<\/p>\n\n\n\n<p>Das Fehlen von Diensten sowie Stigmatisierung, kulturelle Normen, Angst vor Bestrafung, Abriegelungsma\u00dfnahmen und Sicherheitsbedenken hinderten die Opfer sexueller Gewalt daran, diese anzuzeigen und Unterst\u00fctzung zu suchen. Was die \u00dcberwachung anbelangt, so waren die meisten CTFMR zwar in der Lage, sich anzupassen und ihre Arbeit nach einigen Monaten der gesundheitlichen Notlage wieder aufzunehmen, aber sensiblere Arten von Verst\u00f6\u00dfen wie sexuelle Gewalt lie\u00dfen sich nur schwer aus der Ferne \u00fcberwachen, so dass die \u00dcberpr\u00fcfung der F\u00e4lle weiterhin r\u00fcckwirkend erfolgt (OSRSG CAC, 2021).<\/p>\n\n\n\n<p>Eine weitere Auswirkung des gesundheitlichen Notstands ist die zunehmende Schwierigkeit, T\u00e4ter von Vergewaltigungen und anderen Formen sexueller Gewalt zur Rechenschaft zu ziehen. Generalsekret\u00e4r Ant\u00f3nio Guterres betonte in der Tat die Notwendigkeit, Ma\u00dfnahmen zu f\u00f6rdern, um \u00dcberlebende zu ermutigen, &#8222;sicher vorzutreten und Wiedergutmachung zu suchen&#8220; (UN News, 2021). <\/p>\n\n\n\n<p>Sexuelle Gewalt in Konflikten ist ein Ph\u00e4nomen, \u00fcber das ohnehin zu wenig berichtet wird. Angesichts der j\u00fcngsten Unterbrechungen von Diensten, \u00dcberwachung und Berichterstattung ist die Gew\u00e4hrleistung eines sicheren Umfelds und eines wirksamen Bestrafungsmechanismus noch wichtiger geworden, um die Schw\u00e4chsten zu sch\u00fctzen und die Kultur der Straflosigkeit zu beenden.&nbsp;<\/p>\n\n\n\n<h2 class=\"wp-block-heading\"><strong>Fehlende Unterst\u00fctzung f\u00fcr Kinder, die nach einer Vergewaltigung geboren wurden&nbsp;<\/strong><\/h2>\n\n\n\n<p>Auf der virtuellen Veranstaltung zum Internationalen Tag f\u00fcr die Beseitigung sexueller Gewalt in Konflikten \u00e4u\u00dferte Virginia Gamba auch ihre besondere Besorgnis \u00fcber die Situation von Kindern, die in bewaffneten Konflikten vergewaltigt wurden (UN News, 2021). Sie best\u00e4tigte auch die Zusage des Generalsekret\u00e4rs, noch in diesem Jahr einen Sonderbericht zu diesem Thema zu erstellen. Obwohl sie von der internationalen Gemeinschaft als Opfer sexueller Gewalt in Konflikten anerkannt werden, gibt es f\u00fcr Kinder, die nach einer Vergewaltigung im Krieg geboren wurden, keinen umfassenden Rechtsrahmen, der sie angemessen sch\u00fctzen k\u00f6nnte.&nbsp;<\/p>\n\n\n\n<p>Dieses Thema wird oft \u00fcbersehen, doch Kinder, die Opfer sexueller Gewalt geworden sind, sind &#8222;doppelt viktimisiert: Sie sind Opfer des Konflikts und ihnen werden die Ma\u00dfnahmen verweigert, die zu ihrer Genesung beitragen k\u00f6nnten&#8220; (OSRSG CAC, 2020), so Gamba auf der 44. Diese Kinder tragen die Folgen des Konflikts von Geburt an bis ins Erwachsenenalter, weil sie stigmatisiert und verfolgt werden. <\/p>\n\n\n\n<p>In vielen afrikanischen L\u00e4ndern wie <a href=\"https:\/\/www.humanium.org\/de\/ruanda\/\">Ruanda<\/a> und der Demokratischen Republik Kongo beispielsweise ist das Konzept der <a href=\"https:\/\/www.humanium.org\/de\/recht-auf-identitat\/\">Identit\u00e4t<\/a> mit dem der Gemeinschaft verwoben (insbesondere im Falle von Minderheiten), und die Staatsb\u00fcrgerschaftsrechte werden \u00fcber den Vater vererbt (Obbo, 2020). Folglich werden <a href=\"https:\/\/www.humanium.org\/de\/recht-leben\/\">Geburten<\/a> von Kindern, die nach einer Vergewaltigung im Krieg geboren wurden, m\u00f6glicherweise nicht registriert; sie k\u00f6nnen aufgrund von Stigmatisierung besch\u00e4mt und von der Gemeinschaft isoliert werden, ihnen wird der Zugang zu <a href=\"https:\/\/www.humanium.org\/de\/recht-bildung\/\">Bildung<\/a> verwehrt und sie k\u00f6nnen sogar k\u00f6rperliche Gewalt erfahren (Hall, 2018).&nbsp;<\/p>\n\n\n\n<p>Dies ist eine weitere schwerwiegende Folge sexueller Gewalt in Konflikten, die oft als Waffe eingesetzt wird und deren Folgen weit \u00fcber das Ende des Konflikts hinausreichen. Zum Schutz von Kindern, insbesondere von Kindern, die in Kriegszeiten vergewaltigt wurden, betonte Virginia Gamba die Notwendigkeit, die Ma\u00dfnahmen zur Rechenschaftspflicht und die wesentlichen Dienste, einschlie\u00dflich \u00dcberwachung und Berichterstattung, durch die Bereitstellung ausreichender personeller und finanzieller Ressourcen zu st\u00e4rken (UN News, 2021).<\/p>\n\n\n\n<h2 class=\"wp-block-heading\"><strong>Eine Gelegenheit, &#8222;wieder besser zu werden&#8220;<\/strong><\/h2>\n\n\n\n<p>Trotz der besorgniserregenden Zahlen, die wir gesehen haben, wurden im letzten Jahr Fortschritte erzielt: Die Dialoge zwischen den Vereinten Nationen und den Konfliktparteien kamen voran, 35 neue Verpflichtungen wurden erreicht, 12 643 Kinder wurden befreit und in Myanmar und im S\u00fcdsudan wurden Aktionspl\u00e4ne unterzeichnet (UN News, 2021). Wie bereits erw\u00e4hnt, ist es den Task Forces f\u00fcr die \u00dcberwachung und Berichterstattung gelungen, sich anzupassen und ihre Aufgabe, den \u00dcberlebenden zu helfen, weiterzuf\u00fchren.<\/p>\n\n\n\n<p>Wie der Titel der Veranstaltung zum Internationalen Tag f\u00fcr die Beseitigung sexueller Gewalt in Konflikten besagt &#8222;Building back better: Unterst\u00fctzung der \u00dcberlebenden von konfliktbezogener sexueller Gewalt im Rahmen der Pandemiebek\u00e4mpfung&#8220;, bieten die Pandemie und die weltweit konzipierten und umgesetzten Wiederaufbaupl\u00e4ne die Gelegenheit, Problemen wie konfliktbezogener sexueller Gewalt, insbesondere gegen Kinder, entschlossen entgegenzuwirken (OSRSG CAC, 2021).&nbsp;<\/p>\n\n\n\n<p>Dazu ist es von zentraler Bedeutung, die \u00dcberlebenden in die Bem\u00fchungen zur Bek\u00e4mpfung der Pandemie einzubeziehen, den Kindern die Suche nach Rechtsmitteln zu erleichtern und umfassende sowie alters- und geschlechtsspezifische Dienste anzubieten. Gleichzeitig sollten die Ressourcen aufgestockt werden, um die Einrichtungen und Organisationen zur \u00dcberwachung und Bereitstellung von Diensten zu st\u00e4rken. Virginia Gamba schloss mit den Worten: &#8222;Dies ist eine Gelegenheit, innezuhalten und \u00fcber das Leid nachzudenken, das wir unseren Kindern, die unsere Zukunft sind, zuf\u00fcgen&#8220; (UN News, 2021).<\/p>\n\n\n\n<figure class=\"wp-block-image size-large\"><img loading=\"lazy\" decoding=\"async\" width=\"1024\" height=\"681\" src=\"https:\/\/www.humanium.org\/de\/wp-content\/uploads\/2021\/08\/shutterstock_160256126-1024x681.jpg\" alt=\"\" class=\"wp-image-14937\" srcset=\"https:\/\/www.humanium.org\/de\/wp-content\/uploads\/2021\/08\/shutterstock_160256126-1024x681.jpg 1024w, https:\/\/www.humanium.org\/de\/wp-content\/uploads\/2021\/08\/shutterstock_160256126-300x200.jpg 300w, https:\/\/www.humanium.org\/de\/wp-content\/uploads\/2021\/08\/shutterstock_160256126-768x511.jpg 768w, https:\/\/www.humanium.org\/de\/wp-content\/uploads\/2021\/08\/shutterstock_160256126-1536x1022.jpg 1536w, https:\/\/www.humanium.org\/de\/wp-content\/uploads\/2021\/08\/shutterstock_160256126-2048x1363.jpg 2048w, https:\/\/www.humanium.org\/de\/wp-content\/uploads\/2021\/08\/shutterstock_160256126-830x552.jpg 830w, https:\/\/www.humanium.org\/de\/wp-content\/uploads\/2021\/08\/shutterstock_160256126-230x153.jpg 230w, https:\/\/www.humanium.org\/de\/wp-content\/uploads\/2021\/08\/shutterstock_160256126-350x233.jpg 350w, https:\/\/www.humanium.org\/de\/wp-content\/uploads\/2021\/08\/shutterstock_160256126-480x319.jpg 480w, https:\/\/www.humanium.org\/de\/wp-content\/uploads\/2021\/08\/shutterstock_160256126-272x182.jpg 272w\" sizes=\"auto, (max-width: 1024px) 100vw, 1024px\" \/><\/figure>\n\n\n\n<p><a href=\"https:\/\/www.humanium.org\/de\/\">Humanium<\/a> setzt sich f\u00fcr den Schutz der <a href=\"https:\/\/www.humanium.org\/de\/rechte-kindes\/\">Kinderrechte<\/a> ein und ist stolz darauf, seine Bem\u00fchungen im Rahmen verschiedener Arbeitsgruppen und gemeinsam mit seinen Partnerorganisationen fortzusetzen, um alle Kinder vor Gewalt, einschlie\u00dflich konfliktbedingtem Missbrauch, zu sch\u00fctzen. Wenn Sie sich an den Bem\u00fchungen von Humanium um die Verwirklichung der Kinderrechte auf der ganzen Welt beteiligen m\u00f6chten, abonnieren Sie unseren <a href=\"https:\/\/www.humanium.org\/de\/\">Newsletter<\/a> und werden Sie Mitglied.<\/p>\n\n\n\n<p><strong><em>Geschriben von Chiara Baruta<\/em><\/strong><\/p>\n\n\n\n<p><strong><em>Ubersetzen von M\u00e9laine Athimon&nbsp;<\/em><\/strong><\/p>\n\n\n\n<p><strong><em>Korektur gelesen von Cordula Altekrueger<\/em><\/strong><\/p>\n\n\n\n<h4 class=\"wp-block-heading\"><strong>Bibliographie:<\/strong><\/h4>\n\n\n\n<p class=\"has-small-font-size\"><a href=\"https:\/\/news.trust.org\/item\/20180618153627-9inu2\/\" target=\"_blank\" rel=\"noreferrer noopener\">Hall, E. (2018, Jun 19). <em>Shamed into silence: The forgotten children born of rape in war<\/em>. From Thomson Reuters Foundation News<\/a><\/p>\n\n\n\n<p class=\"has-small-font-size\"><a href=\"https:\/\/blogs.lse.ac.uk\/wps\/2020\/12\/09\/hidden-survivors-of-conflict-related-sexual-violence-children-born-of-wartime-rape\/\" target=\"_blank\" rel=\"noreferrer noopener\">Obbo, C. (2020, Dec 9). <em>Hidden survivors of conflict related sexual violence: children born of wartime rape<\/em>. From LSE<\/a><\/p>\n\n\n\n<p class=\"has-small-font-size\"><a href=\"https:\/\/childrenandarmedconflict.un.org\/wp-content\/uploads\/2021\/05\/Impact-of-the-COVID-19-pandemic-on-violations-against-children-in-situations-of-armed-conflict-1.pdf\" target=\"_blank\" rel=\"noreferrer noopener\">OSRSG CAC. (2021, Apr). <em>Impact of the COVID-19 pandemic on violations against children in situations of armed conflict.<\/em> Geneva: United Nations.<\/a> <\/p>\n\n\n\n<p class=\"has-small-font-size\"><a href=\"https:\/\/reliefweb.int\/report\/world\/statement-event-commemorate-7th-official-observance-international-day-elimination\" target=\"_blank\" rel=\"noreferrer noopener\">OSRSG CAC. (2021, Jun 17). <em>Statement: Event to commemorate the 7th official observance of the International Day for the Elimination of Sexual Violence in Conflict<\/em>. From Reliefweb<\/a><\/p>\n\n\n\n<p class=\"has-small-font-size\"><a href=\"https:\/\/reliefweb.int\/report\/world\/44th-session-human-rights-council-statement-ms-virginia-gamba-srsg-children-and-armed\" target=\"_blank\" rel=\"noreferrer noopener\">OSRSG CAC. (2020, Jul 2). <em>44th Session of the Human Rights Council: Statement by Ms. Virginia Gamba, SRSG for Children and Armed Conflict<\/em>. From Reliefweb<\/a><\/p>\n\n\n\n<p class=\"has-small-font-size\"><a href=\"https:\/\/www.un.org\/ga\/search\/view_doc.asp?symbol=S\/RES\/1612%20%282005%29&amp;Lang=E&amp;Area=UNDOC\" target=\"_blank\" rel=\"noreferrer noopener\">UNSC. (2005, Jul 26). <em>Res 1612 (2005).<\/em> Geneva: United Nations.<\/a> <\/p>\n\n\n\n<p class=\"has-small-font-size\"><a href=\"https:\/\/undocs.org\/S\/RES\/1820(2008)\" target=\"_blank\" rel=\"noreferrer noopener\">UNSC. (2008, Jun 19). <em>Res 1820 (2008).<\/em> Geneva: United Nations.<\/a> <\/p>\n\n\n\n<p class=\"has-small-font-size\"><a href=\"https:\/\/undocs.org\/A\/RES\/69\/293\" target=\"_blank\" rel=\"noreferrer noopener\">UNGA. (2015, Jul 13). <em>Res 69\/293 International Day for the Elimination of Sexual Violence in Conflict.<\/em> Geneva: United Nations.<\/a> <\/p>\n\n\n\n<p class=\"has-small-font-size\"><a href=\"https:\/\/www.un.org\/ga\/search\/view_doc.asp?symbol=S\/2021\/437&amp;Lang=E&amp;Area=UNDOC\" target=\"_blank\" rel=\"noreferrer noopener\">UNSC. (2021, May 6). <em>Children and armed conflict Report of the Secretary-General.<\/em> Geneva: United Nations.<\/a> <\/p>\n\n\n\n<p class=\"has-small-font-size\"><a href=\"https:\/\/news.un.org\/en\/story\/2021\/06\/1094232\" target=\"_blank\" rel=\"noreferrer noopener\">UN News. (2021, Jun 17). <em>Guterres: Bring crimes of sexual violence in conflict out of \u2018the shadows\u2019, punish perpetrators<\/em>. From UN News<\/a><\/p>\n\n\n\n<p class=\"has-small-font-size\"><a href=\"https:\/\/news.un.org\/en\/story\/2021\/06\/1094392\" target=\"_blank\" rel=\"noreferrer noopener\">UN News. (2021, Jun 21). <em>Grave violations against children in conflict \u2018alarmingly high\u2019, latest UN report reveals<\/em>. From UN News<\/a><\/p>\n","protected":false},"excerpt":{"rendered":"<p>Anl\u00e4sslich des siebten offiziellen Tages f\u00fcr die Beseitigung sexueller Gewalt in Konflikten sprach die Sonderbeauftragte des Generalsekret\u00e4rs f\u00fcr Kinder und bewaffnete Konflikte, Virginia Gamba, das Thema der konfliktbezogenen sexuellen Gewalt gegen Kinder im Zusammenhang mit der COVID-19-Pandemie an und wies auf die besorgniserregende Situation von Kindern hin, die durch Vergewaltigung geboren wurden. Wie der k\u00fcrzlich [&hellip;]<\/p>\n","protected":false},"author":47,"featured_media":14942,"comment_status":"closed","ping_status":"closed","sticky":false,"template":"","format":"standard","meta":{"footnotes":""},"categories":[175,160,163],"tags":[],"class_list":["post-14936","post","type-post","status-publish","format-standard","has-post-thumbnail","hentry","category-ausbeutung","category-gewalt","category-kinderrechte"],"yoast_head":"<!-- This site is optimized with the Yoast SEO plugin v26.5 - https:\/\/yoast.com\/wordpress\/plugins\/seo\/ -->\n<title>COVID-19 und konfliktbedingte sexuelle Gewalt gegen Kinder - Humanium<\/title>\n<meta name=\"description\" content=\"Nach dem Coronavirus-Notfall kam es zu einen Anstieg der best\u00e4tigten F\u00e4lle von sexueller Gewalt gegen Kinder in bewaffneten Konflikten.\" \/>\n<meta name=\"robots\" content=\"index, follow, max-snippet:-1, max-image-preview:large, max-video-preview:-1\" \/>\n<link rel=\"canonical\" href=\"https:\/\/www.humanium.org\/de\/covid-19-und-konfliktbedingte-sexuelle-gewalt-gegen-kinder\/\" \/>\n<meta property=\"og:locale\" content=\"de_DE\" \/>\n<meta property=\"og:type\" content=\"article\" \/>\n<meta property=\"og:title\" content=\"COVID-19 und konfliktbedingte sexuelle Gewalt gegen Kinder - Humanium\" \/>\n<meta property=\"og:description\" content=\"Nach dem Coronavirus-Notfall kam es zu einen Anstieg der best\u00e4tigten F\u00e4lle von sexueller Gewalt gegen Kinder in bewaffneten Konflikten.\" \/>\n<meta property=\"og:url\" content=\"https:\/\/www.humanium.org\/de\/covid-19-und-konfliktbedingte-sexuelle-gewalt-gegen-kinder\/\" \/>\n<meta property=\"og:site_name\" content=\"Humanium\" \/>\n<meta property=\"article:published_time\" content=\"2021-08-10T07:32:39+00:00\" \/>\n<meta property=\"article:modified_time\" content=\"2025-12-06T06:18:56+00:00\" \/>\n<meta property=\"og:image\" content=\"https:\/\/www.humanium.org\/de\/wp-content\/uploads\/2021\/08\/shutterstock_324407744-scaled.jpg\" \/>\n\t<meta property=\"og:image:width\" content=\"2560\" \/>\n\t<meta property=\"og:image:height\" content=\"1707\" \/>\n\t<meta property=\"og:image:type\" content=\"image\/jpeg\" \/>\n<meta name=\"author\" content=\"Chiara Baruta\" \/>\n<meta name=\"twitter:card\" content=\"summary_large_image\" \/>\n<meta name=\"twitter:label1\" content=\"Verfasst von\" \/>\n\t<meta name=\"twitter:data1\" content=\"Chiara Baruta\" \/>\n\t<meta name=\"twitter:label2\" content=\"Gesch\u00e4tzte Lesezeit\" \/>\n\t<meta name=\"twitter:data2\" content=\"8\u00a0Minuten\" \/>\n<script type=\"application\/ld+json\" class=\"yoast-schema-graph\">{\"@context\":\"https:\/\/schema.org\",\"@graph\":[{\"@type\":\"WebPage\",\"@id\":\"https:\/\/www.humanium.org\/de\/covid-19-und-konfliktbedingte-sexuelle-gewalt-gegen-kinder\/\",\"url\":\"https:\/\/www.humanium.org\/de\/covid-19-und-konfliktbedingte-sexuelle-gewalt-gegen-kinder\/\",\"name\":\"COVID-19 und konfliktbedingte sexuelle Gewalt gegen Kinder - Humanium\",\"isPartOf\":{\"@id\":\"https:\/\/www.humanium.org\/de\/#website\"},\"primaryImageOfPage\":{\"@id\":\"https:\/\/www.humanium.org\/de\/covid-19-und-konfliktbedingte-sexuelle-gewalt-gegen-kinder\/#primaryimage\"},\"image\":{\"@id\":\"https:\/\/www.humanium.org\/de\/covid-19-und-konfliktbedingte-sexuelle-gewalt-gegen-kinder\/#primaryimage\"},\"thumbnailUrl\":\"https:\/\/www.humanium.org\/de\/wp-content\/uploads\/2021\/08\/shutterstock_324407744-scaled.jpg\",\"datePublished\":\"2021-08-10T07:32:39+00:00\",\"dateModified\":\"2025-12-06T06:18:56+00:00\",\"author\":{\"@id\":\"https:\/\/www.humanium.org\/de\/#\/schema\/person\/fd35fb1b1b55a9170df3380224cb9835\"},\"description\":\"Nach dem Coronavirus-Notfall kam es zu einen Anstieg der best\u00e4tigten F\u00e4lle von sexueller Gewalt gegen Kinder in bewaffneten Konflikten.\",\"breadcrumb\":{\"@id\":\"https:\/\/www.humanium.org\/de\/covid-19-und-konfliktbedingte-sexuelle-gewalt-gegen-kinder\/#breadcrumb\"},\"inLanguage\":\"de\",\"potentialAction\":[{\"@type\":\"ReadAction\",\"target\":[\"https:\/\/www.humanium.org\/de\/covid-19-und-konfliktbedingte-sexuelle-gewalt-gegen-kinder\/\"]}]},{\"@type\":\"ImageObject\",\"inLanguage\":\"de\",\"@id\":\"https:\/\/www.humanium.org\/de\/covid-19-und-konfliktbedingte-sexuelle-gewalt-gegen-kinder\/#primaryimage\",\"url\":\"https:\/\/www.humanium.org\/de\/wp-content\/uploads\/2021\/08\/shutterstock_324407744-scaled.jpg\",\"contentUrl\":\"https:\/\/www.humanium.org\/de\/wp-content\/uploads\/2021\/08\/shutterstock_324407744-scaled.jpg\",\"width\":2560,\"height\":1707},{\"@type\":\"BreadcrumbList\",\"@id\":\"https:\/\/www.humanium.org\/de\/covid-19-und-konfliktbedingte-sexuelle-gewalt-gegen-kinder\/#breadcrumb\",\"itemListElement\":[{\"@type\":\"ListItem\",\"position\":1,\"name\":\"Home\",\"item\":\"https:\/\/www.humanium.org\/de\/\"},{\"@type\":\"ListItem\",\"position\":2,\"name\":\"COVID-19 und konfliktbedingte sexuelle Gewalt gegen Kinder\"}]},{\"@type\":\"WebSite\",\"@id\":\"https:\/\/www.humanium.org\/de\/#website\",\"url\":\"https:\/\/www.humanium.org\/de\/\",\"name\":\"Humanium\",\"description\":\"Kinder zuerst!\",\"potentialAction\":[{\"@type\":\"SearchAction\",\"target\":{\"@type\":\"EntryPoint\",\"urlTemplate\":\"https:\/\/www.humanium.org\/de\/?s={search_term_string}\"},\"query-input\":{\"@type\":\"PropertyValueSpecification\",\"valueRequired\":true,\"valueName\":\"search_term_string\"}}],\"inLanguage\":\"de\"},{\"@type\":\"Person\",\"@id\":\"https:\/\/www.humanium.org\/de\/#\/schema\/person\/fd35fb1b1b55a9170df3380224cb9835\",\"name\":\"Chiara Baruta\",\"image\":{\"@type\":\"ImageObject\",\"inLanguage\":\"de\",\"@id\":\"https:\/\/www.humanium.org\/de\/#\/schema\/person\/image\/\",\"url\":\"https:\/\/secure.gravatar.com\/avatar\/1bdcc27c0a8a0f74da4446af1a6bd41c16e3b22177c1934ad407b967c9e39d96?s=96&d=mm&r=g\",\"contentUrl\":\"https:\/\/secure.gravatar.com\/avatar\/1bdcc27c0a8a0f74da4446af1a6bd41c16e3b22177c1934ad407b967c9e39d96?s=96&d=mm&r=g\",\"caption\":\"Chiara Baruta\"},\"sameAs\":[\"https:\/\/www.linkedin.com\/in\/chiarabaruta\/\"],\"url\":\"https:\/\/www.humanium.org\/de\/author\/autor_chiarabaruta\/\"}]}<\/script>\n<!-- \/ Yoast SEO plugin. -->","yoast_head_json":{"title":"COVID-19 und konfliktbedingte sexuelle Gewalt gegen Kinder - Humanium","description":"Nach dem Coronavirus-Notfall kam es zu einen Anstieg der best\u00e4tigten F\u00e4lle von sexueller Gewalt gegen Kinder in bewaffneten Konflikten.","robots":{"index":"index","follow":"follow","max-snippet":"max-snippet:-1","max-image-preview":"max-image-preview:large","max-video-preview":"max-video-preview:-1"},"canonical":"https:\/\/www.humanium.org\/de\/covid-19-und-konfliktbedingte-sexuelle-gewalt-gegen-kinder\/","og_locale":"de_DE","og_type":"article","og_title":"COVID-19 und konfliktbedingte sexuelle Gewalt gegen Kinder - Humanium","og_description":"Nach dem Coronavirus-Notfall kam es zu einen Anstieg der best\u00e4tigten F\u00e4lle von sexueller Gewalt gegen Kinder in bewaffneten Konflikten.","og_url":"https:\/\/www.humanium.org\/de\/covid-19-und-konfliktbedingte-sexuelle-gewalt-gegen-kinder\/","og_site_name":"Humanium","article_published_time":"2021-08-10T07:32:39+00:00","article_modified_time":"2025-12-06T06:18:56+00:00","og_image":[{"width":2560,"height":1707,"url":"https:\/\/www.humanium.org\/de\/wp-content\/uploads\/2021\/08\/shutterstock_324407744-scaled.jpg","type":"image\/jpeg"}],"author":"Chiara Baruta","twitter_card":"summary_large_image","twitter_misc":{"Verfasst von":"Chiara Baruta","Gesch\u00e4tzte Lesezeit":"8\u00a0Minuten"},"schema":{"@context":"https:\/\/schema.org","@graph":[{"@type":"WebPage","@id":"https:\/\/www.humanium.org\/de\/covid-19-und-konfliktbedingte-sexuelle-gewalt-gegen-kinder\/","url":"https:\/\/www.humanium.org\/de\/covid-19-und-konfliktbedingte-sexuelle-gewalt-gegen-kinder\/","name":"COVID-19 und konfliktbedingte sexuelle Gewalt gegen Kinder - Humanium","isPartOf":{"@id":"https:\/\/www.humanium.org\/de\/#website"},"primaryImageOfPage":{"@id":"https:\/\/www.humanium.org\/de\/covid-19-und-konfliktbedingte-sexuelle-gewalt-gegen-kinder\/#primaryimage"},"image":{"@id":"https:\/\/www.humanium.org\/de\/covid-19-und-konfliktbedingte-sexuelle-gewalt-gegen-kinder\/#primaryimage"},"thumbnailUrl":"https:\/\/www.humanium.org\/de\/wp-content\/uploads\/2021\/08\/shutterstock_324407744-scaled.jpg","datePublished":"2021-08-10T07:32:39+00:00","dateModified":"2025-12-06T06:18:56+00:00","author":{"@id":"https:\/\/www.humanium.org\/de\/#\/schema\/person\/fd35fb1b1b55a9170df3380224cb9835"},"description":"Nach dem Coronavirus-Notfall kam es zu einen Anstieg der best\u00e4tigten F\u00e4lle von sexueller Gewalt gegen Kinder in bewaffneten Konflikten.","breadcrumb":{"@id":"https:\/\/www.humanium.org\/de\/covid-19-und-konfliktbedingte-sexuelle-gewalt-gegen-kinder\/#breadcrumb"},"inLanguage":"de","potentialAction":[{"@type":"ReadAction","target":["https:\/\/www.humanium.org\/de\/covid-19-und-konfliktbedingte-sexuelle-gewalt-gegen-kinder\/"]}]},{"@type":"ImageObject","inLanguage":"de","@id":"https:\/\/www.humanium.org\/de\/covid-19-und-konfliktbedingte-sexuelle-gewalt-gegen-kinder\/#primaryimage","url":"https:\/\/www.humanium.org\/de\/wp-content\/uploads\/2021\/08\/shutterstock_324407744-scaled.jpg","contentUrl":"https:\/\/www.humanium.org\/de\/wp-content\/uploads\/2021\/08\/shutterstock_324407744-scaled.jpg","width":2560,"height":1707},{"@type":"BreadcrumbList","@id":"https:\/\/www.humanium.org\/de\/covid-19-und-konfliktbedingte-sexuelle-gewalt-gegen-kinder\/#breadcrumb","itemListElement":[{"@type":"ListItem","position":1,"name":"Home","item":"https:\/\/www.humanium.org\/de\/"},{"@type":"ListItem","position":2,"name":"COVID-19 und konfliktbedingte sexuelle Gewalt gegen Kinder"}]},{"@type":"WebSite","@id":"https:\/\/www.humanium.org\/de\/#website","url":"https:\/\/www.humanium.org\/de\/","name":"Humanium","description":"Kinder zuerst!","potentialAction":[{"@type":"SearchAction","target":{"@type":"EntryPoint","urlTemplate":"https:\/\/www.humanium.org\/de\/?s={search_term_string}"},"query-input":{"@type":"PropertyValueSpecification","valueRequired":true,"valueName":"search_term_string"}}],"inLanguage":"de"},{"@type":"Person","@id":"https:\/\/www.humanium.org\/de\/#\/schema\/person\/fd35fb1b1b55a9170df3380224cb9835","name":"Chiara Baruta","image":{"@type":"ImageObject","inLanguage":"de","@id":"https:\/\/www.humanium.org\/de\/#\/schema\/person\/image\/","url":"https:\/\/secure.gravatar.com\/avatar\/1bdcc27c0a8a0f74da4446af1a6bd41c16e3b22177c1934ad407b967c9e39d96?s=96&d=mm&r=g","contentUrl":"https:\/\/secure.gravatar.com\/avatar\/1bdcc27c0a8a0f74da4446af1a6bd41c16e3b22177c1934ad407b967c9e39d96?s=96&d=mm&r=g","caption":"Chiara Baruta"},"sameAs":["https:\/\/www.linkedin.com\/in\/chiarabaruta\/"],"url":"https:\/\/www.humanium.org\/de\/author\/autor_chiarabaruta\/"}]}},"_links":{"self":[{"href":"https:\/\/www.humanium.org\/de\/wp-json\/wp\/v2\/posts\/14936","targetHints":{"allow":["GET"]}}],"collection":[{"href":"https:\/\/www.humanium.org\/de\/wp-json\/wp\/v2\/posts"}],"about":[{"href":"https:\/\/www.humanium.org\/de\/wp-json\/wp\/v2\/types\/post"}],"author":[{"embeddable":true,"href":"https:\/\/www.humanium.org\/de\/wp-json\/wp\/v2\/users\/47"}],"replies":[{"embeddable":true,"href":"https:\/\/www.humanium.org\/de\/wp-json\/wp\/v2\/comments?post=14936"}],"version-history":[{"count":3,"href":"https:\/\/www.humanium.org\/de\/wp-json\/wp\/v2\/posts\/14936\/revisions"}],"predecessor-version":[{"id":20428,"href":"https:\/\/www.humanium.org\/de\/wp-json\/wp\/v2\/posts\/14936\/revisions\/20428"}],"wp:featuredmedia":[{"embeddable":true,"href":"https:\/\/www.humanium.org\/de\/wp-json\/wp\/v2\/media\/14942"}],"wp:attachment":[{"href":"https:\/\/www.humanium.org\/de\/wp-json\/wp\/v2\/media?parent=14936"}],"wp:term":[{"taxonomy":"category","embeddable":true,"href":"https:\/\/www.humanium.org\/de\/wp-json\/wp\/v2\/categories?post=14936"},{"taxonomy":"post_tag","embeddable":true,"href":"https:\/\/www.humanium.org\/de\/wp-json\/wp\/v2\/tags?post=14936"}],"curies":[{"name":"wp","href":"https:\/\/api.w.org\/{rel}","templated":true}]}}