{"id":14954,"date":"2021-08-17T11:26:49","date_gmt":"2021-08-17T11:26:49","guid":{"rendered":"https:\/\/www.humanium.org\/de\/?p=14954"},"modified":"2025-12-06T06:32:52","modified_gmt":"2025-12-06T06:32:52","slug":"globaler-anstieg-von-kinderarbeit-eine-anhaltende-bedrohung-der-kinderrechte","status":"publish","type":"post","link":"https:\/\/www.humanium.org\/de\/globaler-anstieg-von-kinderarbeit-eine-anhaltende-bedrohung-der-kinderrechte\/","title":{"rendered":"Globaler Anstieg von Kinderarbeit \u2013 eine anhaltende Bedrohung der Kinderrechte"},"content":{"rendered":"\n<p><strong>Die Pandemie hatte auf der ganzen Welt schreckliche wirtschaftliche und gesundheitliche Folgen. Aber f\u00fcr die Menschen in L\u00e4ndern mit niedrigem Einkommen ist der Anstieg der Kinderarbeit zu einem wichtigen Thema geworden. Nach Angaben der Internationalen Arbeitsorganisation (ILO) und des Kinderhilfswerks der Vereinten Nationen (UNICEF) ist Kinderarbeit weit verbreitet. In einem Bericht vom Juni 2021 ver\u00f6ffentlichten ILO und UNICEF, dass 160 Millionen Kinder im Jahr 2020 von Kinderarbeit betroffen waren.&nbsp;<\/strong><\/p>\n\n\n\n<p><strong>Obwohl sich der prozentuale Anteil der Kinder in Kinderarbeit zwischen 2016 und 2020 nicht ver\u00e4ndert hat, ist die absolute Zahl der Kinder in Kinderarbeit um 8,3 Millionen gestiegen (ILO und UNICEF 2021). Die Pandemie hat den j\u00fcngsten R\u00fcckgang der <\/strong><a href=\"https:\/\/www.humanium.org\/de\/kinderarbeit-2\/\"><strong>Kinderarbeit<\/strong><\/a><strong> seit 2000 vollst\u00e4ndig umgekehrt. Kinderarbeit und <\/strong><a href=\"https:\/\/www.humanium.org\/de\/recht-bildung-weltweit\/\"><strong>Bildung<\/strong><\/a><strong> gehen Hand in Hand: Mit der Zunahme der Kinderarbeit steigt auch die Zahl der Kinder, die die Schule abbrechen (Diaz 2021).<\/strong><\/p>\n\n\n\n<h2 class=\"wp-block-heading\"><strong>Wie ist die aktuelle Situation?&nbsp;<\/strong><\/h2>\n\n\n\n<p>Weltweit ist das Ausma\u00df der Kinderarbeit erheblich gestiegen. In den <a href=\"https:\/\/www.humanium.org\/de\/afrika\/\">afrikanischen L\u00e4ndern<\/a> s\u00fcdlich der Sahara ist die Kinderarbeit jedoch noch schlimmer: &#8222;Da immer mehr Kinder in arme Haushalte hineingeboren werden und es generell an staatlicher Unterst\u00fctzung mangelt, werden die Kinder [laut Furio Rosati, leitendem Forscher am IZA-Institut f\u00fcr Arbeits\u00f6konomie] zu oft in die Arbeitswelt gedr\u00e4ngt, um ihre Familien zu unterst\u00fctzen&#8220; (Ghaedi, 2021). Dar\u00fcber hinaus ist Afrika s\u00fcdlich der Sahara besonders von &#8222;Bev\u00f6lkerungswachstum, wiederkehrenden Krisen, extremer <a href=\"https:\/\/www.humanium.org\/de\/themenschwerpunkte\/armut\/\">Armut<\/a> und unzureichenden Sozialschutzma\u00dfnahmen&#8220; betroffen, die die Lebensbedingungen seit der Pandemie verschlechtert haben (United Nations, 2021).<\/p>\n\n\n\n<p>In <a href=\"https:\/\/www.humanium.org\/de\/asien-pazifik\/\">Asien<\/a>, im <a href=\"https:\/\/www.humanium.org\/de\/asien-pazifik\/\">pazifischen Raum<\/a>, in <a href=\"https:\/\/www.humanium.org\/de\/amerika\/\">Lateinamerika<\/a> und in der <a href=\"https:\/\/www.humanium.org\/de\/amerika\/\">Karibik<\/a> hingegen ist die Kinderarbeitsquote tendenziell r\u00fcckl\u00e4ufig. Die Statistiken zeigen aber auch Unterschiede zwischen den Geschlechtern und zwischen st\u00e4dtischen und l\u00e4ndlichen Gebieten auf: Die Vereinten Nationen (UN) heben hervor, dass &#8222;Kinderarbeit in jedem Alter bei Jungen h\u00e4ufiger vorkommt als bei <a href=\"https:\/\/www.humanium.org\/de\/die-rechte-von-madchen\/\">M\u00e4dchen<\/a>, aber wenn man 21 Stunden pro Woche f\u00fcr Hausarbeit ber\u00fccksichtigt, verringert sich der geschlechtsspezifische Unterschied bei der Kinderarbeit&#8220; (United Nation, 2021). <\/p>\n\n\n\n<p>In l\u00e4ndlichen Gebieten ist die Kinderarbeit deutlich h\u00f6her im Vergleich zu st\u00e4dtischen Gebieten. In der Regel werden mehr Jungen als M\u00e4dchen an gef\u00e4hrlichen Arbeitspl\u00e4tzen wie dem Bergbau eingesetzt.<\/p>\n\n\n\n<p>Wie kam es zu diesem Anstieg? Vor 2020 hatten L\u00e4nder auf der ganzen Welt beeindruckende Anstrengungen unternommen, um die Kinderarbeitsquote zwischen 2000 und 2016 um 40 % zu senken, aber diese waren nicht ausreichend. Warum also sind die Raten so hoch? Der Grund ist die COVID-19-Pandemie. Jo Becker, Advocacy Director der Abteilung f\u00fcr Kinderrechte bei Human Rights Watch, erkl\u00e4rt allerdings auch, dass es schon vor der Pandemie alarmierende Zahlen bei der Kinderarbeit gab (Becker 2021).<\/p>\n\n\n\n<h2 class=\"wp-block-heading\"><strong>Wie wirkte sich die COVID-19-Pandemie auf die <\/strong><a href=\"https:\/\/www.humanium.org\/de\/kinderarbeit-2\/\"><strong>Kinderarbeit<\/strong><\/a><strong> aus?<\/strong><\/h2>\n\n\n\n<h3 class=\"wp-block-heading\"><strong>Ein n\u00e4herer Blick auf Ghana, Nepal und Uganda<\/strong><\/h3>\n\n\n\n<p>Um diesen Anstieg der Kinderarbeit und die sich daraus ergebenden Folgen zu verstehen, sollten wir uns Ghana, Nepal und Uganda n\u00e4her ansehen. W\u00e4hrend der COVID-19-Pandemie wurden Kinder in <a href=\"https:\/\/www.humanium.org\/de\/ghana\/\">Ghana<\/a>, <a href=\"https:\/\/www.humanium.org\/de\/kinder-in-nepal\/\">Nepal<\/a> und <a href=\"https:\/\/www.humanium.org\/de\/uganda\/\">Uganda<\/a> zu ihren Lebensbedingungen von Organisationen wie Human Rights Watch, Friends of the Nation und Initiative f\u00fcr soziale und wirtschaftliche Rechte befragt.&nbsp; Die Ergebnisse wurden in einem Bericht vom Mai 2021 mit dem Titel &#8222;I Must Work to Eat&#8220; \u2013 Covid-19, Poverty, and Child Labor in Ghana, Nepal, and Uganda&#8220; (\u201eIch muss arbeiten um zu leben\u201c \u2013 Covid-19, Armut und Kinderarbeit) ver\u00f6ffentlicht&nbsp; (Becker 2021). Sie w\u00e4hlten diese L\u00e4nder aus, weil sie keine angemessenen Geldzuwendungen gew\u00e4hren, die zur Verringerung der Kinderarbeit beigetragen h\u00e4tten.<\/p>\n\n\n\n<figure class=\"wp-block-image size-large\"><img loading=\"lazy\" decoding=\"async\" width=\"1024\" height=\"683\" src=\"https:\/\/www.humanium.org\/de\/wp-content\/uploads\/2021\/08\/shutterstock_1742218595-1024x683.jpg\" alt=\"\" class=\"wp-image-14956\" srcset=\"https:\/\/www.humanium.org\/de\/wp-content\/uploads\/2021\/08\/shutterstock_1742218595-1024x683.jpg 1024w, https:\/\/www.humanium.org\/de\/wp-content\/uploads\/2021\/08\/shutterstock_1742218595-300x200.jpg 300w, https:\/\/www.humanium.org\/de\/wp-content\/uploads\/2021\/08\/shutterstock_1742218595-768x512.jpg 768w, https:\/\/www.humanium.org\/de\/wp-content\/uploads\/2021\/08\/shutterstock_1742218595-1536x1025.jpg 1536w, https:\/\/www.humanium.org\/de\/wp-content\/uploads\/2021\/08\/shutterstock_1742218595-2048x1366.jpg 2048w, https:\/\/www.humanium.org\/de\/wp-content\/uploads\/2021\/08\/shutterstock_1742218595-830x554.jpg 830w, https:\/\/www.humanium.org\/de\/wp-content\/uploads\/2021\/08\/shutterstock_1742218595-230x153.jpg 230w, https:\/\/www.humanium.org\/de\/wp-content\/uploads\/2021\/08\/shutterstock_1742218595-350x234.jpg 350w, https:\/\/www.humanium.org\/de\/wp-content\/uploads\/2021\/08\/shutterstock_1742218595-480x320.jpg 480w, https:\/\/www.humanium.org\/de\/wp-content\/uploads\/2021\/08\/shutterstock_1742218595-272x182.jpg 272w\" sizes=\"auto, (max-width: 1024px) 100vw, 1024px\" \/><\/figure>\n\n\n\n<p>Wir gehen n\u00e4her auf die Fallstudien dieser L\u00e4nder ein, um ein umfassenderes Bild der Auswirkungen der Pandemie auf das Ausma\u00df der Kinderarbeit zu vermitteln. Die Kinder arbeiteten in unterschiedlichen Bereichen: &#8222;Ziegel\u00f6fen, Teppichfabriken, im Baugewerbe, als Mechaniker, Rikschafahrer, Schreiner und als Verk\u00e4ufer von Tee, Zuckerwatte, Masken und anderen Artikeln&#8220; (Human Rights Watch 2021).<\/p>\n\n\n\n<p>Kinder wurden oft zu Kinderarbeit herangezogen, nachdem sich die Lebensbedingungen in ihrer Familie verschlechterten, weil ihre Eltern ihre Arbeit verloren hatten: &#8222;Isaac, 15 Jahre, sagte, dass seine Mutter Lebensmittelh\u00e4ndlerin war, aber w\u00e4hrend des Lockdown konnte sie nicht auf den Markt gehen, weil es keinen Transport gab&#8220; (Becker 2021). Die durch die Pandemie verursachten Arbeitsplatzverluste f\u00fchren dazu, dass immer mehr Kinder versuchen, die Ern\u00e4hrer ihrer Familie zu werden.&nbsp;<\/p>\n\n\n\n<p>Die 81 befragten Kinder (im Alter von 8 bis 17 Jahren) sprachen \u00fcber die Folgen der Arbeit w\u00e4hrend der Pandemie: Den Verlust des Arbeitsplatzes, die niedrigen L\u00f6hne, die langen Arbeitszeiten, die Schulschlie\u00dfungen und die Lockdowns. Die Kinder berichteten auch \u00fcber eine Verschlechterung ihres <a href=\"https:\/\/www.humanium.org\/de\/themenschwerpunkte\/gesundheit\/\">Gesundheitszustands<\/a>: &#8222;M\u00fcdigkeit, Schwindel und Schmerzen in R\u00fccken, Beinen, Knien, H\u00e4nden, Fingern und Augen durch sich wiederholende Bewegungen, langes Sitzen oder das Tragen schwerer Lasten&#8220; (Human Rights Watch 2021).&nbsp;<\/p>\n\n\n\n<p>Auch Gewalt kam vor. Angela (15 Jahre) aus Uganda zum Beispiel wurde bei der Arbeit oft von ihrem Arbeitgeber geschlagen: &#8222;Er schl\u00e4gt uns, er kann dich sto\u00dfen, dich schlagen, aber wir halten das aus&#8230; Ich brauche die Arbeit, ich brauche das Geld, egal wie wenig&#8220; (Becker 2021). Trotz der schrecklichen Arbeitsbedingungen sind die Kinder oft verzweifelt bem\u00fcht, Geld zu verdienen. Noch schlimmer ist, dass einige Kinder nicht vorhaben, ihre <a href=\"https:\/\/www.humanium.org\/de\/recht-bildung-weltweit\/\">Ausbildung<\/a> fortzusetzen. <\/p>\n\n\n\n<p>Nachdem sie einen existenzsichernden Lohn erhalten haben, fragen sich die Kinder, ob es sinnvoll ist, wieder zur Schule zu gehen. Weltweit haben seit der Pandemie 24 Millionen Kinder die Schule f\u00fcr immer verlassen (Becker 2021). Abgesehen davon, dass die Kinder in diesen drei L\u00e4ndern <a href=\"https:\/\/www.humanium.org\/de\/recht-bildung-weltweit\/\">nicht zur Schule gehen<\/a>, haben sie keinen angemessenen Zugang zu <a href=\"https:\/\/www.humanium.org\/de\/recht-wasser\/\">Wasser<\/a>, <a href=\"https:\/\/www.humanium.org\/de\/gesundheit\/\">sanit\u00e4ren Einrichtungen<\/a>, <a href=\"https:\/\/www.humanium.org\/de\/recht-nahrung\/\">Nahrung<\/a> und vielem mehr.&nbsp;<\/p>\n\n\n\n<h2 class=\"wp-block-heading\"><strong>Welche L\u00f6sung gibt es?<\/strong><\/h2>\n\n\n\n<p>Als L\u00f6sung r\u00e4t Human Rights Watch, dass &#8222;die nepalesische Regierung und internationale Geber das relativ kleine nepalesische Geldtransferprogramm ausweiten sollten, um Kinder vor ausbeuterischer und gef\u00e4hrlicher Kinderarbeit zu bewahren&#8220; (Human Rights Watch 2021). Human Rights Watch betont jedoch, dass dies nicht h\u00e4tte geschehen m\u00fcssen: Die alarmierende Rate der Kinderarbeit war keine &#8222;unvermeidliche Folge der Pandemie&#8220; (Becker 2021).<\/p>\n\n\n\n<p>In der Tat haben es einige Regierungen vers\u00e4umt, ihre Kinder in dieser schwierigen Zeit ausreichend zu unterst\u00fctzen: &#8222;Viele Regierungen haben die Kinderarbeit in der Vergangenheit erfolgreich reduziert, indem sie regelm\u00e4\u00dfige Geldzuwendungen bereitstellten, um Familien zu helfen, ihre Grundbed\u00fcrfnisse zu decken, ohne ihre Kinder arbeiten zu lassen. Aber 1,3 Milliarden Kinder &#8211; vor allem in <a href=\"https:\/\/www.humanium.org\/de\/afrika\/\">Afrika<\/a> und <a href=\"https:\/\/www.humanium.org\/de\/asien-pazifik\/\">Asien<\/a> &#8211; werden von solchen Programmen nicht erfasst&#8220; (Becker 2021). Diese Programme sind inzwischen zu einer unabdingbaren Notwendigkeit geworden.&nbsp;<\/p>\n\n\n\n<p>Die Schlussfolgerung ist \u00fcberw\u00e4ltigend negativ: Die UNICEF-Exekutivdirektorin Henrietta Fore bef\u00fcrchtet, dass wir den Kampf gegen Kinderarbeit verlieren (Ghaedi 2021). Aber es gibt noch Hoffnung: Mit den richtigen staatlichen Ma\u00dfnahmen, die rechtzeitig durchgef\u00fchrt werden, und einer angemessenen Unterst\u00fctzung von Kindern haben es die L\u00e4nder in der ganzen Welt in der Hand, die hohe Rate der Kinderarbeit zu senken. Die Ursachen m\u00fcssen untersucht werden, damit sich etwas \u00e4ndert. Die Regierungen dieser L\u00e4nder m\u00fcssen sich besser f\u00fcr ihre Bev\u00f6lkerung und ihre Kinder einsetzen.&nbsp;<\/p>\n\n\n\n<p>Und die L\u00f6sung liegt f\u00fcr ILO-Generaldirektor Guy Ryder in der Bildung. &#8222;Ma\u00dfnahmen, die es Kindern erm\u00f6glichen, auch inmitten wirtschaftlicher Not in der Schule zu bleiben, verst\u00e4rkte Investitionen in die l\u00e4ndliche Entwicklung und menschenw\u00fcrdige Arbeit in der Landwirtschaft sind der Schl\u00fcssel, um das Blatt zu wenden&#8220; (ILO und UNICEF 2021). <\/p>\n\n\n\n<p>Die Regierungen m\u00fcssen der Bildung mehr Aufmerksamkeit schenken und ihren Kindern angemessene Bildungsm\u00f6glichkeiten bieten. Der ILO- und UNICEF-Bericht verweist auch auf eine notwendige Aufstockung der Kinderf\u00fcrsorge, die jedoch angesichts der aktuellen nationalen Haushaltslage unwahrscheinlich sein d\u00fcrfte.<\/p>\n\n\n\n<p>Zwar k\u00f6nnen Organisationen berichten und mit humanit\u00e4rer Hilfe so gut wie m\u00f6glich helfen, doch liegt es in der Verantwortung der Regierung, ihre Kinder zu unterst\u00fctzen. Nur durch die Verringerung der Kinderarbeit und die Verbesserung der Bildung werden Kinder frei sein: Jedes Kind hat das Recht auf eine erf\u00fcllte und sichere Kindheit.<\/p>\n\n\n\n<h2 class=\"wp-block-heading\"><strong>Der Kampf von Humanium gegen Kinderarbeit<\/strong><\/h2>\n\n\n\n<p>Wir von Humanium unterst\u00fctzen das Recht der Kinder auf <a href=\"https:\/\/www.humanium.org\/de\/recht-bildung-weltweit\/\">Bildung<\/a>, <a href=\"https:\/\/www.humanium.org\/de\/recht-gesundheit-welt\/\">Gesundheit<\/a> und <a href=\"https:\/\/www.humanium.org\/de\/recht-wasser\/\">Wasser<\/a>. Leider sind mit der Zunahme der Kinderarbeit in der ganzen Welt und insbesondere in Afrika s\u00fcdlich der Sahara die Grundrechte der Kinder in Gefahr. Wir m\u00fcssen die Regierungen zum Handeln dr\u00e4ngen, indem wir \u00fcber diese Probleme berichten. Wenn wir \u00fcber diese Probleme sprechen, k\u00f6nnen wir auch neue L\u00f6sungen finden.<\/p>\n\n\n\n<p>Wir m\u00fcssen auch humanit\u00e4re Soforthilfe leisten, um Kindern in Not zu helfen. In unseren vergangenen Projekten, insbesondere in Indien in Madhya Pradesh, haben wir versucht, das Problem der Kinderarbeit zu beseitigen, indem wir das dortige Sonderschulheim unterst\u00fctzt haben. In diesem Zentrum hatten die Kinder die M\u00f6glichkeit, ihre Bildung zu erweitern und p\u00e4dagogische, physische, mentale und emotionale Unterst\u00fctzung zu erhalten, um sp\u00e4ter wieder in das \u00f6ffentliche Bildungssystem integriert zu werden. Auf diese Weise konnten wir Tausenden von Kindern helfen.<\/p>\n\n\n\n<figure class=\"wp-block-image size-large\"><img loading=\"lazy\" decoding=\"async\" width=\"1024\" height=\"683\" src=\"https:\/\/www.humanium.org\/de\/wp-content\/uploads\/2021\/08\/shutterstock_607110074-1024x683.jpg\" alt=\"\" class=\"wp-image-14955\" srcset=\"https:\/\/www.humanium.org\/de\/wp-content\/uploads\/2021\/08\/shutterstock_607110074-1024x683.jpg 1024w, https:\/\/www.humanium.org\/de\/wp-content\/uploads\/2021\/08\/shutterstock_607110074-300x200.jpg 300w, https:\/\/www.humanium.org\/de\/wp-content\/uploads\/2021\/08\/shutterstock_607110074-768x513.jpg 768w, https:\/\/www.humanium.org\/de\/wp-content\/uploads\/2021\/08\/shutterstock_607110074-1536x1025.jpg 1536w, https:\/\/www.humanium.org\/de\/wp-content\/uploads\/2021\/08\/shutterstock_607110074-2048x1367.jpg 2048w, https:\/\/www.humanium.org\/de\/wp-content\/uploads\/2021\/08\/shutterstock_607110074-830x554.jpg 830w, https:\/\/www.humanium.org\/de\/wp-content\/uploads\/2021\/08\/shutterstock_607110074-230x154.jpg 230w, https:\/\/www.humanium.org\/de\/wp-content\/uploads\/2021\/08\/shutterstock_607110074-350x234.jpg 350w, https:\/\/www.humanium.org\/de\/wp-content\/uploads\/2021\/08\/shutterstock_607110074-480x320.jpg 480w, https:\/\/www.humanium.org\/de\/wp-content\/uploads\/2021\/08\/shutterstock_607110074-272x182.jpg 272w\" sizes=\"auto, (max-width: 1024px) 100vw, 1024px\" \/><\/figure>\n\n\n\n<p>Wenn Sie Humanium im Kampf f\u00fcr die Rechte der Kinder w\u00e4hrend der Pandemie unterst\u00fctzen m\u00f6chten, k\u00f6nnen Sie Mitglied werden, f\u00fcr ein Kind eine <a href=\"https:\/\/www.humanium.org\/de\/pate-werden-2\/\">Patenschaft \u00fcbernehmen<\/a>, <a href=\"https:\/\/www.humanium.org\/de\/teilnehmen-2\/volunteer\/\">ehrenamtlich arbeiten<\/a> oder f\u00fcr unsere <a href=\"https:\/\/www.humanium.org\/de\/spenden\/\">Projekte spenden<\/a>!&nbsp;<\/p>\n\n\n\n<p><em><strong>Geschrieben von Leah Benque<\/strong><\/em><\/p>\n\n\n\n<p><em><strong>\u00dcbersetzt von Jana Wegener<\/strong><\/em><\/p>\n\n\n\n<p><em><strong>Korrektur gelesen von Beate Dessewffy<\/strong><\/em><\/p>\n\n\n\n<h4 class=\"wp-block-heading\"><strong>Quellenverzeichnis:<\/strong><\/h4>\n\n\n\n<p class=\"has-small-font-size\"><a href=\"https:\/\/www.hrw.org\/report\/2021\/05\/26\/i-must-work-eat\/covid-19-poverty-and-child-labor-ghana-nepal-and-uganda\" target=\"_blank\" rel=\"noreferrer noopener\">Becker, Jo (May 2021), \u201c\u201cI Must Work to Eat\u201d &#8211; Covid-19, Poverty, and Child Labor in Ghana, Nepal, and Uganda,\u201d HRW Report, accessed on July 10, 2021.<\/a><\/p>\n\n\n\n<p class=\"has-small-font-size\"><a href=\"https:\/\/www.hrw.org\/news\/2021\/06\/10\/surging-child-labor-demands-government-action\" target=\"_blank\" rel=\"noreferrer noopener\">Becker, Jo (June 2021), \u201cSurging Child Labor Demands Government Action &#8211; New Global Numbers Show Backsliding Even Before Covid-19 Pandemic,\u201d HRW News,  accessed on July 10, 2021.<\/a><\/p>\n\n\n\n<p class=\"has-small-font-size\"><a href=\"https:\/\/www.dol.gov\/agencies\/ilab\/resources\/reports\/child-labor\/nepal\">Bureau of International Labor Affairs<\/a><a href=\"https:\/\/www.dol.gov\/agencies\/ilab\/resources\/reports\/child-labor\/nepal\" target=\"_blank\" rel=\"noreferrer noopener\"> <\/a><a href=\"https:\/\/www.dol.gov\/agencies\/ilab\/resources\/reports\/child-labor\/nepal\">(n.d.), \u201cChild Labor and Forced Labor Reports,\u201d U.S. Department of Labor,  accessed on July 10, 2021.<\/a><\/p>\n\n\n\n<p class=\"has-small-font-size\"><a href=\"https:\/\/www.cbsnews.com\/news\/child-labor-first-rise-worldwide-20-years-un-says\/\" target=\"_blank\" rel=\"noreferrer noopener\">CBS News (June 2021), \u201c&#8220;Wake-up call&#8220;: World sees first rise in child labor in 20 years, U.N. says,\u201d CBS,  accessed on July 10, 2021.<\/a><\/p>\n\n\n\n<p class=\"has-small-font-size\"><a href=\"https:\/\/www.npr.org\/2021\/06\/10\/1005015654\/child-labor-surges-for-the-first-time-in-20-years-the-pandemic-may-make-that-wor\" target=\"_blank\" rel=\"noreferrer noopener\">Diaz, Jaclyn (June 2021), \u201cChild Labor Surges For The First Time In 20 Years. The Pandemic May Make That Worse,\u201d NPR,  accessed on July 10, 2021.<\/a><\/p>\n\n\n\n<p class=\"has-small-font-size\"><a href=\"https:\/\/www.dw.com\/en\/are-we-losing-the-fight-against-child-labor\/a-57860069\" target=\"_blank\" rel=\"noreferrer noopener\">Ghaedi, Monir (June 2021), \u201cAre we losing the fight against child labor?\u201d Deutsche Welle (DW), accessed on July 10, 2021.<\/a><\/p>\n\n\n\n<p class=\"has-small-font-size\"><a href=\"https:\/\/www.hrw.org\/news\/2021\/05\/26\/nepal-covid-19-pandemic-fueling-child-labor\" target=\"_blank\" rel=\"noreferrer noopener\">Human Rights Watch (HRW) (May 2021), \u201cNepal: Covid-19 Pandemic Fueling Child Labor: Meager Government Aid Leaves Children Working Long Hours for Low Pay,\u201d HRW News, accessed on July 10, 2021.<\/a><\/p>\n\n\n\n<p class=\"has-small-font-size\"><a href=\"https:\/\/www.ilo.org\/global\/topics\/child-labour\/lang--en\/index.htm\" target=\"_blank\" rel=\"noreferrer noopener\">International Labour Organization (ILO) (n.d.), \u201cChild Labour,\u201d ILO Organization, accessed on July 10, 2021.<\/a><\/p>\n\n\n\n<p class=\"has-small-font-size\"><a href=\"https:\/\/www.ilo.org\/ipec\/Informationresources\/WCMS_797515\/lang--en\/index.htm\" target=\"_blank\" rel=\"noreferrer noopener\">International Labour Organization (ILO) and United Children\u2019s Fund (UNICEF) (June 2021), \u201cChild Labour: Global estimates 2020, trends and the road forward,\u201d ILO Organization, accessed on July 10, 2021.<\/a><\/p>\n\n\n\n<p class=\"has-small-font-size\"><a href=\"https:\/\/news.un.org\/en\/story\/2021\/06\/1093682\" target=\"_blank\" rel=\"noreferrer noopener\">United Nations (UN) (June 2021), \u201cChild labour figure rises to 160 million, as COVID puts many more at risk,\u201d UN News, accessed on July 10, 2021.<\/a><\/p>\n","protected":false},"excerpt":{"rendered":"<p>Die Pandemie hatte auf der ganzen Welt schreckliche wirtschaftliche und gesundheitliche Folgen. Aber f\u00fcr die Menschen in L\u00e4ndern mit niedrigem Einkommen ist der Anstieg der Kinderarbeit zu einem wichtigen Thema geworden. Nach Angaben der Internationalen Arbeitsorganisation (ILO) und des Kinderhilfswerks der Vereinten Nationen (UNICEF) ist Kinderarbeit weit verbreitet. In einem Bericht vom Juni 2021 ver\u00f6ffentlichten [&hellip;]<\/p>\n","protected":false},"author":22,"featured_media":14957,"comment_status":"closed","ping_status":"closed","sticky":false,"template":"","format":"standard","meta":{"footnotes":""},"categories":[175,177,163],"tags":[],"class_list":["post-14954","post","type-post","status-publish","format-standard","has-post-thumbnail","hentry","category-ausbeutung","category-kinderarbeit","category-kinderrechte"],"yoast_head":"<!-- This site is optimized with the Yoast SEO plugin v26.5 - https:\/\/yoast.com\/wordpress\/plugins\/seo\/ -->\n<title>Globaler Anstieg von Kinderarbeit \u2013 eine anhaltende Bedrohung der Kinderrechte - Humanium<\/title>\n<meta name=\"description\" content=\"Einem Bericht von ILO und UNICEF zufolge werden im Jahr 2020 160 Millionen Kinder von Kinderarbeit betroffen sein.\" \/>\n<meta name=\"robots\" content=\"index, follow, max-snippet:-1, max-image-preview:large, max-video-preview:-1\" \/>\n<link rel=\"canonical\" href=\"https:\/\/www.humanium.org\/de\/globaler-anstieg-von-kinderarbeit-eine-anhaltende-bedrohung-der-kinderrechte\/\" \/>\n<meta property=\"og:locale\" content=\"de_DE\" \/>\n<meta property=\"og:type\" content=\"article\" \/>\n<meta property=\"og:title\" content=\"Globaler Anstieg von Kinderarbeit \u2013 eine anhaltende Bedrohung der Kinderrechte - Humanium\" \/>\n<meta property=\"og:description\" content=\"Einem Bericht von ILO und UNICEF zufolge werden im Jahr 2020 160 Millionen Kinder von Kinderarbeit betroffen sein.\" \/>\n<meta property=\"og:url\" content=\"https:\/\/www.humanium.org\/de\/globaler-anstieg-von-kinderarbeit-eine-anhaltende-bedrohung-der-kinderrechte\/\" \/>\n<meta property=\"og:site_name\" content=\"Humanium\" \/>\n<meta property=\"article:published_time\" content=\"2021-08-17T11:26:49+00:00\" \/>\n<meta property=\"article:modified_time\" content=\"2025-12-06T06:32:52+00:00\" \/>\n<meta property=\"og:image\" content=\"https:\/\/www.humanium.org\/de\/wp-content\/uploads\/2021\/08\/shutterstock_1195647862-scaled.jpg\" \/>\n\t<meta property=\"og:image:width\" content=\"2560\" \/>\n\t<meta property=\"og:image:height\" content=\"1707\" \/>\n\t<meta property=\"og:image:type\" content=\"image\/jpeg\" \/>\n<meta name=\"author\" content=\"Leah Benque\" \/>\n<meta name=\"twitter:card\" content=\"summary_large_image\" \/>\n<meta name=\"twitter:label1\" content=\"Verfasst von\" \/>\n\t<meta name=\"twitter:data1\" content=\"Leah Benque\" \/>\n\t<meta name=\"twitter:label2\" content=\"Gesch\u00e4tzte Lesezeit\" \/>\n\t<meta name=\"twitter:data2\" content=\"8\u00a0Minuten\" \/>\n<script type=\"application\/ld+json\" class=\"yoast-schema-graph\">{\"@context\":\"https:\/\/schema.org\",\"@graph\":[{\"@type\":\"WebPage\",\"@id\":\"https:\/\/www.humanium.org\/de\/globaler-anstieg-von-kinderarbeit-eine-anhaltende-bedrohung-der-kinderrechte\/\",\"url\":\"https:\/\/www.humanium.org\/de\/globaler-anstieg-von-kinderarbeit-eine-anhaltende-bedrohung-der-kinderrechte\/\",\"name\":\"Globaler Anstieg von Kinderarbeit \u2013 eine anhaltende Bedrohung der Kinderrechte - Humanium\",\"isPartOf\":{\"@id\":\"https:\/\/www.humanium.org\/de\/#website\"},\"primaryImageOfPage\":{\"@id\":\"https:\/\/www.humanium.org\/de\/globaler-anstieg-von-kinderarbeit-eine-anhaltende-bedrohung-der-kinderrechte\/#primaryimage\"},\"image\":{\"@id\":\"https:\/\/www.humanium.org\/de\/globaler-anstieg-von-kinderarbeit-eine-anhaltende-bedrohung-der-kinderrechte\/#primaryimage\"},\"thumbnailUrl\":\"https:\/\/www.humanium.org\/de\/wp-content\/uploads\/2021\/08\/shutterstock_1195647862-scaled.jpg\",\"datePublished\":\"2021-08-17T11:26:49+00:00\",\"dateModified\":\"2025-12-06T06:32:52+00:00\",\"author\":{\"@id\":\"https:\/\/www.humanium.org\/de\/#\/schema\/person\/c0951861158ad06bb2a2797e253b642b\"},\"description\":\"Einem Bericht von ILO und UNICEF zufolge werden im Jahr 2020 160 Millionen Kinder von Kinderarbeit betroffen sein.\",\"breadcrumb\":{\"@id\":\"https:\/\/www.humanium.org\/de\/globaler-anstieg-von-kinderarbeit-eine-anhaltende-bedrohung-der-kinderrechte\/#breadcrumb\"},\"inLanguage\":\"de\",\"potentialAction\":[{\"@type\":\"ReadAction\",\"target\":[\"https:\/\/www.humanium.org\/de\/globaler-anstieg-von-kinderarbeit-eine-anhaltende-bedrohung-der-kinderrechte\/\"]}]},{\"@type\":\"ImageObject\",\"inLanguage\":\"de\",\"@id\":\"https:\/\/www.humanium.org\/de\/globaler-anstieg-von-kinderarbeit-eine-anhaltende-bedrohung-der-kinderrechte\/#primaryimage\",\"url\":\"https:\/\/www.humanium.org\/de\/wp-content\/uploads\/2021\/08\/shutterstock_1195647862-scaled.jpg\",\"contentUrl\":\"https:\/\/www.humanium.org\/de\/wp-content\/uploads\/2021\/08\/shutterstock_1195647862-scaled.jpg\",\"width\":2560,\"height\":1707},{\"@type\":\"BreadcrumbList\",\"@id\":\"https:\/\/www.humanium.org\/de\/globaler-anstieg-von-kinderarbeit-eine-anhaltende-bedrohung-der-kinderrechte\/#breadcrumb\",\"itemListElement\":[{\"@type\":\"ListItem\",\"position\":1,\"name\":\"Home\",\"item\":\"https:\/\/www.humanium.org\/de\/\"},{\"@type\":\"ListItem\",\"position\":2,\"name\":\"Globaler Anstieg von Kinderarbeit \u2013 eine anhaltende Bedrohung der Kinderrechte\"}]},{\"@type\":\"WebSite\",\"@id\":\"https:\/\/www.humanium.org\/de\/#website\",\"url\":\"https:\/\/www.humanium.org\/de\/\",\"name\":\"Humanium\",\"description\":\"Kinder zuerst!\",\"potentialAction\":[{\"@type\":\"SearchAction\",\"target\":{\"@type\":\"EntryPoint\",\"urlTemplate\":\"https:\/\/www.humanium.org\/de\/?s={search_term_string}\"},\"query-input\":{\"@type\":\"PropertyValueSpecification\",\"valueRequired\":true,\"valueName\":\"search_term_string\"}}],\"inLanguage\":\"de\"},{\"@type\":\"Person\",\"@id\":\"https:\/\/www.humanium.org\/de\/#\/schema\/person\/c0951861158ad06bb2a2797e253b642b\",\"name\":\"Leah Benque\",\"image\":{\"@type\":\"ImageObject\",\"inLanguage\":\"de\",\"@id\":\"https:\/\/www.humanium.org\/de\/#\/schema\/person\/image\/\",\"url\":\"https:\/\/secure.gravatar.com\/avatar\/421c1d4cf470c86ca3ed445ed217f10e90c9854813b49f6c1d6e842122c12de0?s=96&d=mm&r=g\",\"contentUrl\":\"https:\/\/secure.gravatar.com\/avatar\/421c1d4cf470c86ca3ed445ed217f10e90c9854813b49f6c1d6e842122c12de0?s=96&d=mm&r=g\",\"caption\":\"Leah Benque\"},\"sameAs\":[\"https:\/\/www.linkedin.com\/in\/leah-benque-64875392\/\"],\"url\":\"https:\/\/www.humanium.org\/de\/author\/autor_leahbenque\/\"}]}<\/script>\n<!-- \/ Yoast SEO plugin. -->","yoast_head_json":{"title":"Globaler Anstieg von Kinderarbeit \u2013 eine anhaltende Bedrohung der Kinderrechte - Humanium","description":"Einem Bericht von ILO und UNICEF zufolge werden im Jahr 2020 160 Millionen Kinder von Kinderarbeit betroffen sein.","robots":{"index":"index","follow":"follow","max-snippet":"max-snippet:-1","max-image-preview":"max-image-preview:large","max-video-preview":"max-video-preview:-1"},"canonical":"https:\/\/www.humanium.org\/de\/globaler-anstieg-von-kinderarbeit-eine-anhaltende-bedrohung-der-kinderrechte\/","og_locale":"de_DE","og_type":"article","og_title":"Globaler Anstieg von Kinderarbeit \u2013 eine anhaltende Bedrohung der Kinderrechte - Humanium","og_description":"Einem Bericht von ILO und UNICEF zufolge werden im Jahr 2020 160 Millionen Kinder von Kinderarbeit betroffen sein.","og_url":"https:\/\/www.humanium.org\/de\/globaler-anstieg-von-kinderarbeit-eine-anhaltende-bedrohung-der-kinderrechte\/","og_site_name":"Humanium","article_published_time":"2021-08-17T11:26:49+00:00","article_modified_time":"2025-12-06T06:32:52+00:00","og_image":[{"width":2560,"height":1707,"url":"https:\/\/www.humanium.org\/de\/wp-content\/uploads\/2021\/08\/shutterstock_1195647862-scaled.jpg","type":"image\/jpeg"}],"author":"Leah Benque","twitter_card":"summary_large_image","twitter_misc":{"Verfasst von":"Leah Benque","Gesch\u00e4tzte Lesezeit":"8\u00a0Minuten"},"schema":{"@context":"https:\/\/schema.org","@graph":[{"@type":"WebPage","@id":"https:\/\/www.humanium.org\/de\/globaler-anstieg-von-kinderarbeit-eine-anhaltende-bedrohung-der-kinderrechte\/","url":"https:\/\/www.humanium.org\/de\/globaler-anstieg-von-kinderarbeit-eine-anhaltende-bedrohung-der-kinderrechte\/","name":"Globaler Anstieg von Kinderarbeit \u2013 eine anhaltende Bedrohung der Kinderrechte - Humanium","isPartOf":{"@id":"https:\/\/www.humanium.org\/de\/#website"},"primaryImageOfPage":{"@id":"https:\/\/www.humanium.org\/de\/globaler-anstieg-von-kinderarbeit-eine-anhaltende-bedrohung-der-kinderrechte\/#primaryimage"},"image":{"@id":"https:\/\/www.humanium.org\/de\/globaler-anstieg-von-kinderarbeit-eine-anhaltende-bedrohung-der-kinderrechte\/#primaryimage"},"thumbnailUrl":"https:\/\/www.humanium.org\/de\/wp-content\/uploads\/2021\/08\/shutterstock_1195647862-scaled.jpg","datePublished":"2021-08-17T11:26:49+00:00","dateModified":"2025-12-06T06:32:52+00:00","author":{"@id":"https:\/\/www.humanium.org\/de\/#\/schema\/person\/c0951861158ad06bb2a2797e253b642b"},"description":"Einem Bericht von ILO und UNICEF zufolge werden im Jahr 2020 160 Millionen Kinder von Kinderarbeit betroffen sein.","breadcrumb":{"@id":"https:\/\/www.humanium.org\/de\/globaler-anstieg-von-kinderarbeit-eine-anhaltende-bedrohung-der-kinderrechte\/#breadcrumb"},"inLanguage":"de","potentialAction":[{"@type":"ReadAction","target":["https:\/\/www.humanium.org\/de\/globaler-anstieg-von-kinderarbeit-eine-anhaltende-bedrohung-der-kinderrechte\/"]}]},{"@type":"ImageObject","inLanguage":"de","@id":"https:\/\/www.humanium.org\/de\/globaler-anstieg-von-kinderarbeit-eine-anhaltende-bedrohung-der-kinderrechte\/#primaryimage","url":"https:\/\/www.humanium.org\/de\/wp-content\/uploads\/2021\/08\/shutterstock_1195647862-scaled.jpg","contentUrl":"https:\/\/www.humanium.org\/de\/wp-content\/uploads\/2021\/08\/shutterstock_1195647862-scaled.jpg","width":2560,"height":1707},{"@type":"BreadcrumbList","@id":"https:\/\/www.humanium.org\/de\/globaler-anstieg-von-kinderarbeit-eine-anhaltende-bedrohung-der-kinderrechte\/#breadcrumb","itemListElement":[{"@type":"ListItem","position":1,"name":"Home","item":"https:\/\/www.humanium.org\/de\/"},{"@type":"ListItem","position":2,"name":"Globaler Anstieg von Kinderarbeit \u2013 eine anhaltende Bedrohung der Kinderrechte"}]},{"@type":"WebSite","@id":"https:\/\/www.humanium.org\/de\/#website","url":"https:\/\/www.humanium.org\/de\/","name":"Humanium","description":"Kinder zuerst!","potentialAction":[{"@type":"SearchAction","target":{"@type":"EntryPoint","urlTemplate":"https:\/\/www.humanium.org\/de\/?s={search_term_string}"},"query-input":{"@type":"PropertyValueSpecification","valueRequired":true,"valueName":"search_term_string"}}],"inLanguage":"de"},{"@type":"Person","@id":"https:\/\/www.humanium.org\/de\/#\/schema\/person\/c0951861158ad06bb2a2797e253b642b","name":"Leah Benque","image":{"@type":"ImageObject","inLanguage":"de","@id":"https:\/\/www.humanium.org\/de\/#\/schema\/person\/image\/","url":"https:\/\/secure.gravatar.com\/avatar\/421c1d4cf470c86ca3ed445ed217f10e90c9854813b49f6c1d6e842122c12de0?s=96&d=mm&r=g","contentUrl":"https:\/\/secure.gravatar.com\/avatar\/421c1d4cf470c86ca3ed445ed217f10e90c9854813b49f6c1d6e842122c12de0?s=96&d=mm&r=g","caption":"Leah Benque"},"sameAs":["https:\/\/www.linkedin.com\/in\/leah-benque-64875392\/"],"url":"https:\/\/www.humanium.org\/de\/author\/autor_leahbenque\/"}]}},"_links":{"self":[{"href":"https:\/\/www.humanium.org\/de\/wp-json\/wp\/v2\/posts\/14954","targetHints":{"allow":["GET"]}}],"collection":[{"href":"https:\/\/www.humanium.org\/de\/wp-json\/wp\/v2\/posts"}],"about":[{"href":"https:\/\/www.humanium.org\/de\/wp-json\/wp\/v2\/types\/post"}],"author":[{"embeddable":true,"href":"https:\/\/www.humanium.org\/de\/wp-json\/wp\/v2\/users\/22"}],"replies":[{"embeddable":true,"href":"https:\/\/www.humanium.org\/de\/wp-json\/wp\/v2\/comments?post=14954"}],"version-history":[{"count":9,"href":"https:\/\/www.humanium.org\/de\/wp-json\/wp\/v2\/posts\/14954\/revisions"}],"predecessor-version":[{"id":21185,"href":"https:\/\/www.humanium.org\/de\/wp-json\/wp\/v2\/posts\/14954\/revisions\/21185"}],"wp:featuredmedia":[{"embeddable":true,"href":"https:\/\/www.humanium.org\/de\/wp-json\/wp\/v2\/media\/14957"}],"wp:attachment":[{"href":"https:\/\/www.humanium.org\/de\/wp-json\/wp\/v2\/media?parent=14954"}],"wp:term":[{"taxonomy":"category","embeddable":true,"href":"https:\/\/www.humanium.org\/de\/wp-json\/wp\/v2\/categories?post=14954"},{"taxonomy":"post_tag","embeddable":true,"href":"https:\/\/www.humanium.org\/de\/wp-json\/wp\/v2\/tags?post=14954"}],"curies":[{"name":"wp","href":"https:\/\/api.w.org\/{rel}","templated":true}]}}