{"id":14977,"date":"2021-08-24T11:51:51","date_gmt":"2021-08-24T11:51:51","guid":{"rendered":"https:\/\/www.humanium.org\/de\/?p=14977"},"modified":"2025-12-05T16:18:24","modified_gmt":"2025-12-05T16:18:24","slug":"schutz-von-kinderrechten-in-globalen-lieferketten","status":"publish","type":"post","link":"https:\/\/www.humanium.org\/de\/schutz-von-kinderrechten-in-globalen-lieferketten\/","title":{"rendered":"Schutz von Kinderrechten in globalen Lieferketten"},"content":{"rendered":"\n<blockquote class=\"wp-block-quote is-layout-flow wp-block-quote-is-layout-flow\"><p><em>\u201eVon der Vergiftung durch Pestizide in Brasilien bis hin zur Ausbeutung der Kinder in den Goldminen von Tansania, die Rechte der Kinder werden bereits am Anfang einer jeden globalen Lieferkette verletzt.\u201c<\/em> <\/p><cite>&#8211; Maike R\u00f6ttger, Vorsitzende der Plan International Deutschland<\/cite><\/blockquote>\n\n\n\n<p><strong>W\u00e4hrend die Globalisierung f\u00fcr Wirtschaft und Menschen weltweilt neue M\u00f6glichkeiten und Vorteile geschaffen hat, l\u00e4sst sie doch oft die Schw\u00e4chsten der Gesellschaft zur\u00fcck. Besonders Kinder sind der Gefahr ausgesetzt, dass ihre Rechte im Rahmen oder als Folge des internationalen Handels in den Entwicklungsl\u00e4ndern verletzt werden. L\u00e4ngst sind Wirtschaft und Menschenrechte kein Randthema mehr \u2013 aber k\u00f6nnen Gesetze zu globalen Lieferketten wirksam zum Schutz der Kinder- und Menschenrechte beitragen?<\/strong><\/p>\n\n\n\n<h2 class=\"wp-block-heading\"><strong>Die Covid-19-Pandemie: Kinderarbeit auf dem Vormarsch<\/strong><\/h2>\n\n\n\n<p>Weltweit sind Kinder systematisch in bezahlte und unbezahlte Arbeit eingebunden. <a href=\"https:\/\/www.humanium.org\/de\/kinderarbeit-2\/\">Kinderarbeit <\/a>wird jedoch zum Problem, wenn Kinder zu jung sind, um zu arbeiten oder gef\u00e4hrliche und <a href=\"https:\/\/www.humanium.org\/de\/themenschwerpunkte\/ausbeutung\/\">ausbeutende<\/a> T\u00e4tigkeiten aus\u00fcben. Dies beeintr\u00e4chtigt nicht nur ihre k\u00f6rperliche, geistige, soziale oder schulische <a href=\"https:\/\/www.humanium.org\/de\/die-entwicklung-im-kleinkindalter-grundstein-fuer-eine-durch-nachhaltigkeit-und-wohlstand-gepraegten-gesellschaft\/\">Entwicklung<\/a>, sondern verringert damit auch ihre Zukunftschancen.<\/p>\n\n\n\n<p>Seitdem die <a href=\"https:\/\/www.humanium.org\/de\/ein-5-punkte-coronavirus-leitfaden-fuer-kinder\/\">Corona-Pandemie<\/a> die Welt fest im Griff hat und zu <a href=\"https:\/\/www.humanium.org\/de\/recht-bildung-weltweit\/\">Schulschlie\u00dfungen<\/a> und einem rasanten Anstieg der <a href=\"https:\/\/www.humanium.org\/de\/Kinderarmut\/\">Armut<\/a> f\u00fchrt, werden mehr und mehr Kinder zur Arbeit gezwungen. Den neuesten globalen Sch\u00e4tzungen zufolge ist etwa jedes zehnte Kind im Alter von 5 bis 17 Jahren von Kinderarbeit betroffen, die sich nachteilig auf seine <a href=\"https:\/\/www.humanium.org\/de\/das-recht-auf-gesundheit\/#:~:text=Das%20Recht%20des%20Kindes%20auf%20das%20erreichbare%20H%C3%B6chstma%C3%9F,k%C3%B6rperlichen%20und%20geistigen%20Entwicklung%20spezifische%20Bed%C3%BCrfnisse%20und%20\">Gesundheit<\/a> und Entwicklung auswirkt. Seit Beginn der <a href=\"https:\/\/www.humanium.org\/de\/ein-5-punkte-coronavirus-leitfaden-fuer-kinder\/\">Pandemie<\/a> sind weitere neun Millionen Kinder der Gefahr von <a href=\"https:\/\/www.humanium.org\/de\/kinderarbeit-2\/\">Kinderarbeit<\/a> ausgesetzt (Unicef, 2021).&nbsp;<\/p>\n\n\n\n<p>Es wird als nat\u00fcrliche Pflicht von Regierungen gesehen, die <a href=\"https:\/\/www.humanium.org\/de\/rechte-kindes\/\">Rechte der Kinder <\/a>zu respektieren, zu sch\u00fctzen und zu verwirklichen, um somit der <a href=\"https:\/\/www.humanium.org\/de\/kinderarbeit-2\/\">Kinderarbeit<\/a> weltweit ein Ende zu setzen. Heutzutage liegt der Fokus jedoch mehr und mehr auf der Verantwortung der Unternehmen und ihrer Verpflichtung, Menschen- und <a href=\"https:\/\/www.humanium.org\/de\/rechte-kindes\/\">Kinderrechte<\/a> im Rahmen ihrer globalen Lieferketten zu ber\u00fccksichtigen. <\/p>\n\n\n\n<p>Seit Anfang der 2000er r\u00fcckten Menschenrechte und <a href=\"https:\/\/www.humanium.org\/de\/welchen-platz-haben-die-kinderrechte-in-der-welt-der-unternehmen\/\">Wirtschaft<\/a> immer mehr in den Fokus der Welt\u00f6ffentlichkeit, was dazu f\u00fchrte, dass eine Reihe von freiwilligen Richtlinien, Empfehlungen und Gesetzen verabschiedet wurde. Diese ermunterten Unternehmen dazu, ihre T\u00e4tigkeiten den universellen Menschenrechten anzupassen.&nbsp;<\/p>\n\n\n\n<h2 class=\"wp-block-heading\"><strong>Globale Lieferketten: Den Auswirkungen der Wirtschaft auf Kinderrechte begegnen<\/strong><\/h2>\n\n\n\n<p>Die wirtschaftliche Globalisierung er\u00f6ffnete auf der einen Seite zahlreiche M\u00f6glichkeiten, auf der anderen Seite entwickelten sich aber auch neue Herausforderungen, wie beispielsweise im Bereich des Schutzes von <a href=\"https:\/\/www.humanium.org\/de\/rechte-kindes\/\">Kinderrechten<\/a>. Bevor ein Produkt beim endg\u00fcltigen Abnehmer landet, durchl\u00e4uft es oft zahlreiche Prozesse, L\u00e4nder und Kontinente, um Waren und Dienstleistungen zu beschaffen und zu liefern: Kleidung kommt aus <a href=\"https:\/\/www.humanium.org\/de\/asien-pazifik\/\">Asien<\/a>, Kakao und Obst aus <a href=\"https:\/\/www.humanium.org\/de\/Afrika\/\">Afrika<\/a>, Kaffee kommt aus <a href=\"https:\/\/www.humanium.org\/de\/Amerika\/\">S\u00fcdamerika<\/a>. Dieser Kreislauf wird als globale Lieferkette bezeichnet.<\/p>\n\n\n\n<p>Die neuesten Entwicklungen der globalen Lieferketten machen jedoch eine Vielzahl von Beispielen f\u00fcr Verletzungen von <a href=\"https:\/\/www.humanium.org\/de\/rechte-kindes\/\">Kinderrechten<\/a> deutlich, die entweder direkt durch die multinationalen Unternehmen begangen werden oder als Ergebnis ihrer <a href=\"https:\/\/www.humanium.org\/de\/welchen-platz-haben-die-kinderrechte-in-der-welt-der-unternehmen\/\">wirtschaftlichen T\u00e4tigkeiten<\/a> zu verzeichnen sind. Innerhalb der globalen Lieferketten findet ein erheblicher Teil der <a href=\"https:\/\/www.humanium.org\/de\/kinderarbeit-2\/\">Kinderarbeit<\/a> h\u00e4ufig bereits in den ersten Phasen statt, etwa bei der Rohstoffgewinnung und in der Landwirtschaft. <\/p>\n\n\n\n<p>Viel zu oft nutzen die Unternehmen dabei die lockeren rechtlichen Rahmenbedingungen und einen unzureichenden <a href=\"https:\/\/www.humanium.org\/de\/zugang-zur-justiz-fuer-kinder\/\">Zugang zur Justiz<\/a> in den Entwicklungsl\u00e4ndern aus. In diesem Zusammenhang sind die Jungen und M\u00e4dchen regelm\u00e4\u00dfig <a href=\"https:\/\/www.humanium.org\/de\/kinderarbeit-2\/\">gef\u00e4hrlichen Arbeitsbedingungen<\/a> ausgesetzt, wie beispielsweise der Verschmutzung der <a href=\"https:\/\/www.humanium.org\/de\/themenschwerpunkte\/umwelt\/umweltrechte\/\">Umwelt<\/a> (z. B. illegale Abholzung, Emission von Pestiziden, Wasser- und Luftverschmutzung), fehlenden <a href=\"https:\/\/www.humanium.org\/de\/das-recht-auf-gesundheit\/#:~:text=Das%20Recht%20des%20Kindes%20auf%20das%20erreichbare%20H%C3%B6chstma%C3%9F,k%C3%B6rperlichen%20und%20geistigen%20Entwicklung%20spezifische%20Bed%C3%BCrfnisse%20und%20\">Gesundheits-<\/a> und Sicherheitsma\u00dfnahmen und der Verletzung der grundlegendsten Arbeitnehmerrechte (Much L., 2021).<\/p>\n\n\n\n<h2 class=\"wp-block-heading\"><strong>K\u00f6nnen Gesetze zu internationalen Lieferketten zu einem verantwortungsvollen Gesch\u00e4ftsmodell f\u00fchren?<\/strong><\/h2>\n\n\n\n<p>2011 verabschiedeten die Vereinten Nationen die sogenannten <em>UN-Leitprinzipien f\u00fcr Wirtschaft und Menschenrechte<\/em>, eine Reihe von Richtlinien f\u00fcr Staaten und Unternehmen, um Menschenrechtsverletzungen im Rahmen von Gesch\u00e4ftst\u00e4tigkeiten zu verhindern, anzugehen und zu beheben. Diese Richtlinien sollen au\u00dferdem den Unternehmen klare Schritte vorgeben, wie sie Menschenrechtsstandards in ihre Unternehmenspraxis und ihre Lieferketten aufnehmen k\u00f6nnen (OHCHR, 2011).<\/p>\n\n\n\n<p>Nach der Verabschiedung der UN-Leitprinzipien wird die Verantwortung f\u00fcr die Achtung der Menschenrechte, einschlie\u00dflich der <a href=\"https:\/\/www.humanium.org\/de\/rechte-kindes\/\">Rechte von Kindern<\/a>, als globaler Standard f\u00fcr das erwartete Verhalten aller Unternehmen, unabh\u00e4ngig vom Ort ihrer Gesch\u00e4ftst\u00e4tigkeit, angesehen. Am wichtigsten ist bei dieser Verantwortung, dass sie unabh\u00e4ngig von der F\u00e4higkeit oder Bereitschaft der Staaten besteht, ihre eigenen Menschenrechtsverpflichtungen zu erf\u00fcllen. Die Umsetzung der UN-Leitprinzipien wird von einzelnen Regierungen durch nationale Aktionspl\u00e4ne gef\u00f6rdert (OHCHR, 2011).<\/p>\n\n\n\n<p>Obwohl die Verabschiedung der UN-Leitprinzipien f\u00fcr Wirtschaft und Menschenrechte als ein wichtiger Schritt nach vorne anzusehen ist, indem Prinzipien eingef\u00fchrt wurden, die heutzutage nahezu weltweite Anerkennung genie\u00dfen, stellen Menschenrechtsverletzungen im Rahmen wirtschaftlicher T\u00e4tigkeiten noch immer ein ernsthaftes Problem dar. <\/p>\n\n\n\n<p>Die Unverbindlichkeit der UN-Leitprinzipien und das Fehlen eines zentralen Mechanismus zur Sicherstellung ihrer Umsetzung werden regelm\u00e4\u00dfig durch zivilgesellschaftliche Akteure, internationale Organisationen und Regierungen kritisiert (EU-Parliament, Towards a binding international treaty on business and human rights, 2018).<\/p>\n\n\n\n<h2 class=\"wp-block-heading\"><strong>Europ\u00e4ische Gesetze zu Lieferketten: Wer global handelt, muss auch globale Verantwortung \u00fcbernehmen<\/strong><\/h2>\n\n\n\n<figure class=\"wp-block-image size-large\"><img loading=\"lazy\" decoding=\"async\" width=\"1024\" height=\"683\" src=\"https:\/\/www.humanium.org\/de\/wp-content\/uploads\/2021\/08\/shutterstock_227139094-1024x683.jpg\" alt=\"\" class=\"wp-image-14979\" srcset=\"https:\/\/www.humanium.org\/de\/wp-content\/uploads\/2021\/08\/shutterstock_227139094-1024x683.jpg 1024w, https:\/\/www.humanium.org\/de\/wp-content\/uploads\/2021\/08\/shutterstock_227139094-300x200.jpg 300w, https:\/\/www.humanium.org\/de\/wp-content\/uploads\/2021\/08\/shutterstock_227139094-768x512.jpg 768w, https:\/\/www.humanium.org\/de\/wp-content\/uploads\/2021\/08\/shutterstock_227139094-1536x1024.jpg 1536w, https:\/\/www.humanium.org\/de\/wp-content\/uploads\/2021\/08\/shutterstock_227139094-2048x1365.jpg 2048w, https:\/\/www.humanium.org\/de\/wp-content\/uploads\/2021\/08\/shutterstock_227139094-830x553.jpg 830w, https:\/\/www.humanium.org\/de\/wp-content\/uploads\/2021\/08\/shutterstock_227139094-230x153.jpg 230w, https:\/\/www.humanium.org\/de\/wp-content\/uploads\/2021\/08\/shutterstock_227139094-350x233.jpg 350w, https:\/\/www.humanium.org\/de\/wp-content\/uploads\/2021\/08\/shutterstock_227139094-480x320.jpg 480w, https:\/\/www.humanium.org\/de\/wp-content\/uploads\/2021\/08\/shutterstock_227139094-272x182.jpg 272w\" sizes=\"auto, (max-width: 1024px) 100vw, 1024px\" \/><\/figure>\n\n\n\n<p>Die Unzufriedenheit \u00fcber die Unzul\u00e4nglichkeit der UN-Leitprinzipien und deren langsame und unwirksame Umsetzung haben die Debatte um den Entwurf eines international verbindlichen Vertrages befeuert. Zeitgleich werden regionale und nationale Rechtsinstrumente entwickelt, die das Ziel haben, eine st\u00e4rkere Rechtsgrundlage f\u00fcr den Schutz von Menschen- und <a href=\"https:\/\/www.humanium.org\/de\/rechte-kindes\/\">Kinderrechten<\/a> im Rahmen wirtschaftlicher T\u00e4tigkeiten zu schaffen.&nbsp;<\/p>\n\n\n\n<p>Auf <a href=\"https:\/\/www.humanium.org\/de\/europa-und-kaukasien\/\">europ\u00e4ischer<\/a> Ebene nahmen die 27 EU-Mitgliedsstaaten im Dezember 2020 einstimmig die Schlussfolgerungen des Rates zu <em>\u201eMenschenrechten und guter Arbeit in globalen Lieferketten\u201c<\/em> an. Im M\u00e4rz 2021 verabschiedete das Europ\u00e4ische Parlament einen legislativen Initiativbericht zur Sorgfalts- und Rechenschaftspflicht von Unternehmen. Die Europ\u00e4ische Kommission plant nun, bis Ende 2021 einen konkreten Richtlinienvorschlag f\u00fcr eine nachhaltige Unternehmensf\u00fchrung vorzulegen, der auch Sorgfaltspflichten entlang globaler Lieferketten beinhalten wird (BMAS, Bundesministerium f\u00fcr Arbeit und Soziales, 2021).<\/p>\n\n\n\n<p>Einzelne Rechtsinstrumente existieren bereits jetzt. Dazu geh\u00f6rt beispielsweise die <em>EU-Richtlinie \u00fcber die nichtfinanzielle Berichterstattung<\/em> (Richtlinie 2014\/95\/EU), die 2014 in Kraft trat und Unternehmen, die im Ausland t\u00e4tig sind, dazu verpflichtet, ihre Compliance, u. a. in Bezug auf Menschenrechtsnormen, offenzulegen. Eine weitere Gesetzesinitiative, die europ\u00e4ischen Unternehmen eine Sorgfaltspflicht auferlegt, stellt die k\u00fcrzlich verabschiedete <em>Verordnung \u00fcber Konfliktmineralien<\/em> dar. <\/p>\n\n\n\n<p>Seit dem 01. Januar 2021 sind Importeure von vier Mineralien (Zinn, Tantal, Wolfram und Gold) dazu verpflichtet, die Wahrscheinlichkeit zu pr\u00fcfen, mit der die Rohstoffe der Finanzierung von <a href=\"https:\/\/www.humanium.org\/de\/der-einfluss-von-covid-19-auf-die-kinderarbeit-in-den-kobaltminen-der-dr-kongo\/\">Konflikten<\/a> dienen k\u00f6nnten oder unter Einsatz von Zwangsarbeit gewonnen worden sein k\u00f6nnten (EU-Parliament, Towards a mandatory EU system of due diligence for supply chains, 2021).&nbsp;<\/p>\n\n\n\n<p>Zus\u00e4tzlich zum Fortschritt, der auf europ\u00e4ischer Ebene zu verzeichnen ist, setzen viele EU-Mitgliedsstaaten bereits Gesetze zur Sorgfaltspflicht um. Das in den <a href=\"https:\/\/www.humanium.org\/de\/niederlande\/\">Niederlanden<\/a> seit 2019 existierende Sorgfaltspflichtgesetz (Niederl\u00e4ndisch: \u201e<em>Wet<\/em> <em>Zorgplicht Kinderarbeid\u201c<\/em>) besch\u00e4ftigt sich beispielsweise insbesondere mit der Kinderarbeit im Rahmen globaler Lieferketten. Es verpflichtet Unternehmen, die auf dem niederl\u00e4ndischen Markt verkaufen, einer m\u00f6glichen <a href=\"https:\/\/www.humanium.org\/de\/kinderarbeit-2\/\">Kinderarbeit<\/a> in ihren Lieferketten nachzugehen. Unternehmen, die dies missachten, kann eine Geldstrafe auferlegt werden (BMAS, Bundesministerium f\u00fcr Arbeit und Soziales, 2021).<\/p>\n\n\n\n<p>Ein \u00e4hnliches Prinzip verfolgt <a href=\"https:\/\/www.humanium.org\/de\/Frankreich\/\">Frankreich<\/a>, welches 2017 ein Sorgfaltspflichtgesetz einf\u00fchrte (frz. \u201eloi de la vigilance\u201c). Dies verlangt von franz\u00f6sischen Unternehmen mit mehr als 5000 Mitarbeitenden weltweit, die Umsetzung und Ver\u00f6ffentlichung eines sogenannten Wachsamkeitsplans. Damit soll das Risiko ernster Verst\u00f6\u00dfe gegen die Menschenrechte, die Gesundheit und Sicherheit von Personen sowie das Risiko der Umweltzerst\u00f6rung innerhalb einer Lieferkette aufgedeckt werden. Unternehmen, die sich weigern, ihren Verpflichtungen nachzukommen, haften hierf\u00fcr und m\u00fcssen Abhilfe leisten (BMAS, Bundesministerium f\u00fcr Arbeit und Soziales, 2021).<\/p>\n\n\n\n<p>In <a href=\"https:\/\/www.humanium.org\/de\/deutschland\/\">Deutschland<\/a> wurde k\u00fcrzlich ein Gesetz zu Sorgfaltspflichten in Lieferketten, das sogenannte \u201eLieferkettengesetz\u201c, verabschiedet. Mit seiner Verabschiedung am 11. Juni 2021 ist die Verantwortung deutscher Unternehmen, Menschenrechte in globalen Lieferketten zu achten, erstmals verbindlich geworden. Ab 2023 m\u00fcssen Unternehmen mit mehr als 1000 Mitarbeitenden Gefahren von Menschenrechtsverletzungen analysieren, Pr\u00e4ventiv- und Abhilfema\u00dfnahmen ergreifen, Mechanismen zur Entsch\u00e4digung einf\u00fchren und \u00fcber ihre Aktivit\u00e4ten berichten (Deutsche Bundesregierung, 2021).<\/p>\n\n\n\n<h2 class=\"wp-block-heading\"><strong>Wie k\u00f6nnen wir Kinderrechte in der Welt der Wirtschaft sch\u00fctzen?<\/strong><\/h2>\n\n\n\n<p>Menschenrechtsverletzungen, die im Rahmen oder als Ergebnis von <a href=\"https:\/\/www.humanium.org\/de\/welchen-platz-haben-die-kinderrechte-in-der-welt-der-unternehmen\/\">wirtschaftlicher T\u00e4tigkeit<\/a> begangen werden, gef\u00e4hrden insbesondere Kinder, da diese erst am Anfang ihrer k\u00f6rperlichen und geistigen Entwicklung stehen. Denn tats\u00e4chlich sind die Auswirkungen von <a href=\"https:\/\/www.humanium.org\/de\/kinderarbeit-2\/\">Kinderarbeit<\/a>, die Einwirkungen von <a href=\"https:\/\/www.humanium.org\/de\/humanium-unterzeichnet-gemeinsame-erklaerung-zur-verwirklichung-des-rechts-der-kinder-auf-eine-gesunde-umwelt\/\">Umwelt<\/a>verschmutzung und gef\u00e4hrlichen Substanzen, die harten Arbeitsbedingungen und die fehlende <a href=\"https:\/\/www.humanium.org\/de\/recht-bildung-weltweit\/\">Schulbildung<\/a> f\u00fcr Kinder langfristig und viel zerst\u00f6rerischer (Much L., 2021).<\/p>\n\n\n\n<p>Im Zusammenhang mit der zuvor erw\u00e4hnten Vorbereitung des deutschen Gesetzes zu Sorgfaltspflichten in Lieferketten, wurden die Rufe nach einem Gesetz, welches die <a href=\"https:\/\/www.humanium.org\/de\/rechte-kindes\/\">Rechte von Kindern<\/a> in der globalen Wirtschaft wirksam sch\u00fctzt, lauter. In einem gemeinsamen Positionspapier haben internationale Kinderrechtsorganisationen insbesondere die Wichtigkeit eines Gesetzes hervorgehoben, welches Kinder als eine besonders verletzliche Gruppe mit ihren eigenen Rechten, wie sie in der <a href=\"https:\/\/www.humanium.org\/de\/Konvention\/\">UN-Kinderrechtskonvention<\/a> verankert sind, behandelt. Des Weiteren sollen Beschwerdestellen eingerichtet werden, die f\u00fcr junge Arbeitende zug\u00e4nglich und auf sie angepasst sind (Much L., 2021).<\/p>\n\n\n\n<p>Die nationalen und internationalen Gesetze und Richtlinien im Bereich der Lieferketten, die die Sorgfaltspflichten der Unternehmen regeln, k\u00f6nnen zwar sicherlich als ein wichtiger Schritt in die richtige Richtung angesehen werden. Nichtsdestotrotz wird die Zeit zeigen, ob sie auch den Rahmen f\u00fcr einen wirksameren Kampf um Kinder- und Menschenrechte weltweit bilden k\u00f6nnen.&nbsp;<\/p>\n\n\n\n<figure class=\"wp-block-image size-large\"><img loading=\"lazy\" decoding=\"async\" width=\"1024\" height=\"683\" src=\"https:\/\/www.humanium.org\/de\/wp-content\/uploads\/2021\/08\/shutterstock_1743520520-1024x683.jpg\" alt=\"\" class=\"wp-image-14978\" srcset=\"https:\/\/www.humanium.org\/de\/wp-content\/uploads\/2021\/08\/shutterstock_1743520520-1024x683.jpg 1024w, https:\/\/www.humanium.org\/de\/wp-content\/uploads\/2021\/08\/shutterstock_1743520520-300x200.jpg 300w, https:\/\/www.humanium.org\/de\/wp-content\/uploads\/2021\/08\/shutterstock_1743520520-768x512.jpg 768w, https:\/\/www.humanium.org\/de\/wp-content\/uploads\/2021\/08\/shutterstock_1743520520-1536x1024.jpg 1536w, https:\/\/www.humanium.org\/de\/wp-content\/uploads\/2021\/08\/shutterstock_1743520520-2048x1365.jpg 2048w, https:\/\/www.humanium.org\/de\/wp-content\/uploads\/2021\/08\/shutterstock_1743520520-830x553.jpg 830w, https:\/\/www.humanium.org\/de\/wp-content\/uploads\/2021\/08\/shutterstock_1743520520-230x153.jpg 230w, https:\/\/www.humanium.org\/de\/wp-content\/uploads\/2021\/08\/shutterstock_1743520520-350x233.jpg 350w, https:\/\/www.humanium.org\/de\/wp-content\/uploads\/2021\/08\/shutterstock_1743520520-480x320.jpg 480w, https:\/\/www.humanium.org\/de\/wp-content\/uploads\/2021\/08\/shutterstock_1743520520-272x182.jpg 272w\" sizes=\"auto, (max-width: 1024px) 100vw, 1024px\" \/><\/figure>\n\n\n\n<p>Mit nur wenigen Klicks k\u00f6nnen auch Sie Ihren Beitrag zur Beendigung der Kinderarbeit weltweit leisten. Finden Sie heraus, wie Sie sich f\u00fcr die Rechte der Kinder einsetzen k\u00f6nnen, <a href=\"https:\/\/www.humanium.org\/de\/teilnehmen-2\/volunteer\/\">werden Sie Mitglied<\/a>, <a href=\"https:\/\/www.humanium.org\/de\/kontakt\/\">beteiligen Sie sich an unserer Arbeit<\/a> und verbreiten Sie die Nachricht \u00fcber unsere <a href=\"https:\/\/www.humanium.org\/de\/\">Website<\/a>, <a href=\"https:\/\/www.facebook.com\/Humanium.Childrens.Rights\/\">Facebook-Seite<\/a> oder in unserem Newsletter! Sie m\u00f6chten etwas tun? Ihre <a href=\"https:\/\/www.humanium.org\/de\/spenden\/\">Spende<\/a> wird die wichtige Arbeit von Humanium zur F\u00f6rderung der Rechte von Kindern und zur Verbesserung ihres Wohlergehens weltweilt unterst\u00fctzen.&nbsp;<\/p>\n\n\n\n<p><em><strong>Geschrieben von Anja Finke<\/strong><\/em><\/p>\n\n\n\n<p><em><strong>\u00dcbersetzt von Franziska Theis<\/strong><\/em><\/p>\n\n\n\n<p><em><strong>Korrektur gelesen von Rebecca Richter<\/strong><\/em><\/p>\n\n\n\n<h4 class=\"wp-block-heading\"><strong>Bibliographie:<\/strong><\/h4>\n\n\n\n<p class=\"has-small-font-size\">BMAS, Bundesministerium f\u00fcr Arbeit und Soziales. (2021). Lieferkettengesetze in der EU und weltweit. Abgerufen am 21. July 2021 <\/p>\n\n\n\n<p class=\"has-small-font-size\">CIPS. Global Supply Chains. Abgerufen am 24. July 2021 <\/p>\n\n\n\n<p class=\"has-small-font-size\"><a href=\"https:\/\/www.bundesregierung.de\/breg-de\/suche\/lieferkettengesetz-1872010\" target=\"_blank\" rel=\"noreferrer noopener\">Deutsche Bundesregierung. (2021). Lieferkettengesetz, Mehr Schutz von Menschen und Umwelt in der globalen Wirtschaft. Abgerufen am 21. July 2021<\/a> <\/p>\n\n\n\n<p class=\"has-small-font-size\"><a href=\"https:\/\/www.europarl.europa.eu\/RegData\/etudes\/BRIE\/2018\/620229\/EPRS_BRI(2018)620229_EN.pdf\" target=\"_blank\" rel=\"noreferrer noopener\">EU-Parliament. (April 2018). Towards a binding international treaty on business and human rights. Abgerufen am 21. July 2021<\/a> <\/p>\n\n\n\n<p class=\"has-small-font-size\"><a href=\"https:\/\/www.europarl.europa.eu\/RegData\/etudes\/BRIE\/2020\/659299\/EPRS_BRI(2020)659299_EN.pdf\" target=\"_blank\" rel=\"noreferrer noopener\">EU-Parliament. (2021). Towards a mandatory EU system of due diligence for supply chains. Abgerufen am 21. July 2021<\/a> <\/p>\n\n\n\n<p class=\"has-small-font-size\"><a href=\"https:\/\/www.business-humanrights.org\/en\/blog\/globale-lieferketten-ein-sorgfaltspflichtengesetz-kann-kinderrechte-sch\u00fctzen\/\" target=\"_blank\" rel=\"noreferrer noopener\">Much, L. (. (29. January 2021). Globale Lieferketten: Ein Sorgfaltspflichtengesetz kann Kinderrechte sch\u00fctzen. Abgerufen am 21. July 2021<\/a> <\/p>\n\n\n\n<p class=\"has-small-font-size\">Much, L. (19. February 2021). Warum Kinder ein wirksames Lieferkettengesetz brauchen. Abgerufen am 21. July 2021 <\/p>\n\n\n\n<p class=\"has-small-font-size\"><a href=\"https:\/\/www.ohchr.org\/documents\/publications\/guidingprinciplesbusinesshr_en.pdf\" target=\"_blank\" rel=\"noreferrer noopener\">OHCHR. (2011). Guiding Principles on Business and Human Rights. Abgerufen am 21. July 2021<\/a> <\/p>\n\n\n\n<p class=\"has-small-font-size\"><a href=\"https:\/\/data.unicef.org\/resources\/child-labour-2020-global-estimates-trends-and-the-road-forward\/\" target=\"_blank\" rel=\"noreferrer noopener\">Unicef. (1. June 2021). Child Labour: Global estimates 2020, trends and the road forward. Abgerufen am 20. July 2021<\/a> <\/p>\n","protected":false},"excerpt":{"rendered":"<p>\u201eVon der Vergiftung durch Pestizide in Brasilien bis hin zur Ausbeutung der Kinder in den Goldminen von Tansania, die Rechte der Kinder werden bereits am Anfang einer jeden globalen Lieferkette verletzt.\u201c &#8211; Maike R\u00f6ttger, Vorsitzende der Plan International Deutschland W\u00e4hrend die Globalisierung f\u00fcr Wirtschaft und Menschen weltweilt neue M\u00f6glichkeiten und Vorteile geschaffen hat, l\u00e4sst sie [&hellip;]<\/p>\n","protected":false},"author":48,"featured_media":14980,"comment_status":"closed","ping_status":"closed","sticky":false,"template":"","format":"standard","meta":{"footnotes":""},"categories":[175,177,163],"tags":[],"class_list":["post-14977","post","type-post","status-publish","format-standard","has-post-thumbnail","hentry","category-ausbeutung","category-kinderarbeit","category-kinderrechte"],"yoast_head":"<!-- This site is optimized with the Yoast SEO plugin v26.5 - https:\/\/yoast.com\/wordpress\/plugins\/seo\/ -->\n<title>Schutz von Kinderrechten in globalen Lieferketten - Humanium<\/title>\n<meta name=\"description\" content=\"K\u00f6nnen Gesetze zu globalen Lieferketten wirklich wirksam zum Schutz der Kinder- und Menschenrechte beitragen?\" \/>\n<meta name=\"robots\" content=\"index, follow, max-snippet:-1, max-image-preview:large, max-video-preview:-1\" \/>\n<link rel=\"canonical\" href=\"https:\/\/www.humanium.org\/de\/schutz-von-kinderrechten-in-globalen-lieferketten\/\" \/>\n<meta property=\"og:locale\" content=\"de_DE\" \/>\n<meta property=\"og:type\" content=\"article\" \/>\n<meta property=\"og:title\" content=\"Schutz von Kinderrechten in globalen Lieferketten - Humanium\" \/>\n<meta property=\"og:description\" content=\"K\u00f6nnen Gesetze zu globalen Lieferketten wirklich wirksam zum Schutz der Kinder- und Menschenrechte beitragen?\" \/>\n<meta property=\"og:url\" content=\"https:\/\/www.humanium.org\/de\/schutz-von-kinderrechten-in-globalen-lieferketten\/\" \/>\n<meta property=\"og:site_name\" content=\"Humanium\" \/>\n<meta property=\"article:published_time\" content=\"2021-08-24T11:51:51+00:00\" \/>\n<meta property=\"article:modified_time\" content=\"2025-12-05T16:18:24+00:00\" \/>\n<meta property=\"og:image\" content=\"https:\/\/www.humanium.org\/de\/wp-content\/uploads\/2021\/08\/shutterstock_1803071419-scaled.jpg\" \/>\n\t<meta property=\"og:image:width\" content=\"2560\" \/>\n\t<meta property=\"og:image:height\" content=\"1709\" \/>\n\t<meta property=\"og:image:type\" content=\"image\/jpeg\" \/>\n<meta name=\"author\" content=\"Anja Finke\" \/>\n<meta name=\"twitter:card\" content=\"summary_large_image\" \/>\n<meta name=\"twitter:label1\" content=\"Verfasst von\" \/>\n\t<meta name=\"twitter:data1\" content=\"Anja Finke\" \/>\n\t<meta name=\"twitter:label2\" content=\"Gesch\u00e4tzte Lesezeit\" \/>\n\t<meta name=\"twitter:data2\" content=\"8\u00a0Minuten\" \/>\n<script type=\"application\/ld+json\" class=\"yoast-schema-graph\">{\"@context\":\"https:\/\/schema.org\",\"@graph\":[{\"@type\":\"WebPage\",\"@id\":\"https:\/\/www.humanium.org\/de\/schutz-von-kinderrechten-in-globalen-lieferketten\/\",\"url\":\"https:\/\/www.humanium.org\/de\/schutz-von-kinderrechten-in-globalen-lieferketten\/\",\"name\":\"Schutz von Kinderrechten in globalen Lieferketten - Humanium\",\"isPartOf\":{\"@id\":\"https:\/\/www.humanium.org\/de\/#website\"},\"primaryImageOfPage\":{\"@id\":\"https:\/\/www.humanium.org\/de\/schutz-von-kinderrechten-in-globalen-lieferketten\/#primaryimage\"},\"image\":{\"@id\":\"https:\/\/www.humanium.org\/de\/schutz-von-kinderrechten-in-globalen-lieferketten\/#primaryimage\"},\"thumbnailUrl\":\"https:\/\/www.humanium.org\/de\/wp-content\/uploads\/2021\/08\/shutterstock_1803071419-scaled.jpg\",\"datePublished\":\"2021-08-24T11:51:51+00:00\",\"dateModified\":\"2025-12-05T16:18:24+00:00\",\"author\":{\"@id\":\"https:\/\/www.humanium.org\/de\/#\/schema\/person\/cf91fc3d858ecbc1fc543ebe7bf304da\"},\"description\":\"K\u00f6nnen Gesetze zu globalen Lieferketten wirklich wirksam zum Schutz der Kinder- und Menschenrechte beitragen?\",\"breadcrumb\":{\"@id\":\"https:\/\/www.humanium.org\/de\/schutz-von-kinderrechten-in-globalen-lieferketten\/#breadcrumb\"},\"inLanguage\":\"de\",\"potentialAction\":[{\"@type\":\"ReadAction\",\"target\":[\"https:\/\/www.humanium.org\/de\/schutz-von-kinderrechten-in-globalen-lieferketten\/\"]}]},{\"@type\":\"ImageObject\",\"inLanguage\":\"de\",\"@id\":\"https:\/\/www.humanium.org\/de\/schutz-von-kinderrechten-in-globalen-lieferketten\/#primaryimage\",\"url\":\"https:\/\/www.humanium.org\/de\/wp-content\/uploads\/2021\/08\/shutterstock_1803071419-scaled.jpg\",\"contentUrl\":\"https:\/\/www.humanium.org\/de\/wp-content\/uploads\/2021\/08\/shutterstock_1803071419-scaled.jpg\",\"width\":2560,\"height\":1709},{\"@type\":\"BreadcrumbList\",\"@id\":\"https:\/\/www.humanium.org\/de\/schutz-von-kinderrechten-in-globalen-lieferketten\/#breadcrumb\",\"itemListElement\":[{\"@type\":\"ListItem\",\"position\":1,\"name\":\"Home\",\"item\":\"https:\/\/www.humanium.org\/de\/\"},{\"@type\":\"ListItem\",\"position\":2,\"name\":\"Schutz von Kinderrechten in globalen Lieferketten\"}]},{\"@type\":\"WebSite\",\"@id\":\"https:\/\/www.humanium.org\/de\/#website\",\"url\":\"https:\/\/www.humanium.org\/de\/\",\"name\":\"Humanium\",\"description\":\"Kinder zuerst!\",\"potentialAction\":[{\"@type\":\"SearchAction\",\"target\":{\"@type\":\"EntryPoint\",\"urlTemplate\":\"https:\/\/www.humanium.org\/de\/?s={search_term_string}\"},\"query-input\":{\"@type\":\"PropertyValueSpecification\",\"valueRequired\":true,\"valueName\":\"search_term_string\"}}],\"inLanguage\":\"de\"},{\"@type\":\"Person\",\"@id\":\"https:\/\/www.humanium.org\/de\/#\/schema\/person\/cf91fc3d858ecbc1fc543ebe7bf304da\",\"name\":\"Anja Finke\",\"image\":{\"@type\":\"ImageObject\",\"inLanguage\":\"de\",\"@id\":\"https:\/\/www.humanium.org\/de\/#\/schema\/person\/image\/\",\"url\":\"https:\/\/secure.gravatar.com\/avatar\/bbce17dcb501dc6e818f69bbd5aed7ae6c7120a8ef9d4b1e4455cc2d265088a9?s=96&d=mm&r=g\",\"contentUrl\":\"https:\/\/secure.gravatar.com\/avatar\/bbce17dcb501dc6e818f69bbd5aed7ae6c7120a8ef9d4b1e4455cc2d265088a9?s=96&d=mm&r=g\",\"caption\":\"Anja Finke\"},\"sameAs\":[\"https:\/\/www.linkedin.com\/in\/anja-finke-854264180\/\"],\"url\":\"https:\/\/www.humanium.org\/de\/author\/autor_anjafinke\/\"}]}<\/script>\n<!-- \/ Yoast SEO plugin. -->","yoast_head_json":{"title":"Schutz von Kinderrechten in globalen Lieferketten - Humanium","description":"K\u00f6nnen Gesetze zu globalen Lieferketten wirklich wirksam zum Schutz der Kinder- und Menschenrechte beitragen?","robots":{"index":"index","follow":"follow","max-snippet":"max-snippet:-1","max-image-preview":"max-image-preview:large","max-video-preview":"max-video-preview:-1"},"canonical":"https:\/\/www.humanium.org\/de\/schutz-von-kinderrechten-in-globalen-lieferketten\/","og_locale":"de_DE","og_type":"article","og_title":"Schutz von Kinderrechten in globalen Lieferketten - Humanium","og_description":"K\u00f6nnen Gesetze zu globalen Lieferketten wirklich wirksam zum Schutz der Kinder- und Menschenrechte beitragen?","og_url":"https:\/\/www.humanium.org\/de\/schutz-von-kinderrechten-in-globalen-lieferketten\/","og_site_name":"Humanium","article_published_time":"2021-08-24T11:51:51+00:00","article_modified_time":"2025-12-05T16:18:24+00:00","og_image":[{"width":2560,"height":1709,"url":"https:\/\/www.humanium.org\/de\/wp-content\/uploads\/2021\/08\/shutterstock_1803071419-scaled.jpg","type":"image\/jpeg"}],"author":"Anja Finke","twitter_card":"summary_large_image","twitter_misc":{"Verfasst von":"Anja Finke","Gesch\u00e4tzte Lesezeit":"8\u00a0Minuten"},"schema":{"@context":"https:\/\/schema.org","@graph":[{"@type":"WebPage","@id":"https:\/\/www.humanium.org\/de\/schutz-von-kinderrechten-in-globalen-lieferketten\/","url":"https:\/\/www.humanium.org\/de\/schutz-von-kinderrechten-in-globalen-lieferketten\/","name":"Schutz von Kinderrechten in globalen Lieferketten - Humanium","isPartOf":{"@id":"https:\/\/www.humanium.org\/de\/#website"},"primaryImageOfPage":{"@id":"https:\/\/www.humanium.org\/de\/schutz-von-kinderrechten-in-globalen-lieferketten\/#primaryimage"},"image":{"@id":"https:\/\/www.humanium.org\/de\/schutz-von-kinderrechten-in-globalen-lieferketten\/#primaryimage"},"thumbnailUrl":"https:\/\/www.humanium.org\/de\/wp-content\/uploads\/2021\/08\/shutterstock_1803071419-scaled.jpg","datePublished":"2021-08-24T11:51:51+00:00","dateModified":"2025-12-05T16:18:24+00:00","author":{"@id":"https:\/\/www.humanium.org\/de\/#\/schema\/person\/cf91fc3d858ecbc1fc543ebe7bf304da"},"description":"K\u00f6nnen Gesetze zu globalen Lieferketten wirklich wirksam zum Schutz der Kinder- und Menschenrechte beitragen?","breadcrumb":{"@id":"https:\/\/www.humanium.org\/de\/schutz-von-kinderrechten-in-globalen-lieferketten\/#breadcrumb"},"inLanguage":"de","potentialAction":[{"@type":"ReadAction","target":["https:\/\/www.humanium.org\/de\/schutz-von-kinderrechten-in-globalen-lieferketten\/"]}]},{"@type":"ImageObject","inLanguage":"de","@id":"https:\/\/www.humanium.org\/de\/schutz-von-kinderrechten-in-globalen-lieferketten\/#primaryimage","url":"https:\/\/www.humanium.org\/de\/wp-content\/uploads\/2021\/08\/shutterstock_1803071419-scaled.jpg","contentUrl":"https:\/\/www.humanium.org\/de\/wp-content\/uploads\/2021\/08\/shutterstock_1803071419-scaled.jpg","width":2560,"height":1709},{"@type":"BreadcrumbList","@id":"https:\/\/www.humanium.org\/de\/schutz-von-kinderrechten-in-globalen-lieferketten\/#breadcrumb","itemListElement":[{"@type":"ListItem","position":1,"name":"Home","item":"https:\/\/www.humanium.org\/de\/"},{"@type":"ListItem","position":2,"name":"Schutz von Kinderrechten in globalen Lieferketten"}]},{"@type":"WebSite","@id":"https:\/\/www.humanium.org\/de\/#website","url":"https:\/\/www.humanium.org\/de\/","name":"Humanium","description":"Kinder zuerst!","potentialAction":[{"@type":"SearchAction","target":{"@type":"EntryPoint","urlTemplate":"https:\/\/www.humanium.org\/de\/?s={search_term_string}"},"query-input":{"@type":"PropertyValueSpecification","valueRequired":true,"valueName":"search_term_string"}}],"inLanguage":"de"},{"@type":"Person","@id":"https:\/\/www.humanium.org\/de\/#\/schema\/person\/cf91fc3d858ecbc1fc543ebe7bf304da","name":"Anja Finke","image":{"@type":"ImageObject","inLanguage":"de","@id":"https:\/\/www.humanium.org\/de\/#\/schema\/person\/image\/","url":"https:\/\/secure.gravatar.com\/avatar\/bbce17dcb501dc6e818f69bbd5aed7ae6c7120a8ef9d4b1e4455cc2d265088a9?s=96&d=mm&r=g","contentUrl":"https:\/\/secure.gravatar.com\/avatar\/bbce17dcb501dc6e818f69bbd5aed7ae6c7120a8ef9d4b1e4455cc2d265088a9?s=96&d=mm&r=g","caption":"Anja Finke"},"sameAs":["https:\/\/www.linkedin.com\/in\/anja-finke-854264180\/"],"url":"https:\/\/www.humanium.org\/de\/author\/autor_anjafinke\/"}]}},"_links":{"self":[{"href":"https:\/\/www.humanium.org\/de\/wp-json\/wp\/v2\/posts\/14977","targetHints":{"allow":["GET"]}}],"collection":[{"href":"https:\/\/www.humanium.org\/de\/wp-json\/wp\/v2\/posts"}],"about":[{"href":"https:\/\/www.humanium.org\/de\/wp-json\/wp\/v2\/types\/post"}],"author":[{"embeddable":true,"href":"https:\/\/www.humanium.org\/de\/wp-json\/wp\/v2\/users\/48"}],"replies":[{"embeddable":true,"href":"https:\/\/www.humanium.org\/de\/wp-json\/wp\/v2\/comments?post=14977"}],"version-history":[{"count":6,"href":"https:\/\/www.humanium.org\/de\/wp-json\/wp\/v2\/posts\/14977\/revisions"}],"predecessor-version":[{"id":19886,"href":"https:\/\/www.humanium.org\/de\/wp-json\/wp\/v2\/posts\/14977\/revisions\/19886"}],"wp:featuredmedia":[{"embeddable":true,"href":"https:\/\/www.humanium.org\/de\/wp-json\/wp\/v2\/media\/14980"}],"wp:attachment":[{"href":"https:\/\/www.humanium.org\/de\/wp-json\/wp\/v2\/media?parent=14977"}],"wp:term":[{"taxonomy":"category","embeddable":true,"href":"https:\/\/www.humanium.org\/de\/wp-json\/wp\/v2\/categories?post=14977"},{"taxonomy":"post_tag","embeddable":true,"href":"https:\/\/www.humanium.org\/de\/wp-json\/wp\/v2\/tags?post=14977"}],"curies":[{"name":"wp","href":"https:\/\/api.w.org\/{rel}","templated":true}]}}