{"id":15303,"date":"2021-11-23T08:48:42","date_gmt":"2021-11-23T08:48:42","guid":{"rendered":"https:\/\/www.humanium.org\/de\/?p=15303"},"modified":"2025-12-06T06:29:08","modified_gmt":"2025-12-06T06:29:08","slug":"tag-der-generalberatung-2021-kinderrechte-und-alternative-fuersorge","status":"publish","type":"post","link":"https:\/\/www.humanium.org\/de\/tag-der-generalberatung-2021-kinderrechte-und-alternative-fuersorge\/","title":{"rendered":"Tag der Generalberatung 2021: Kinderrechte und Alternative F\u00fcrsorge"},"content":{"rendered":"\n<p><strong>Am 16. und 17. September richtete der <\/strong><a href=\"https:\/\/www.humanium.org\/de\/ausschuss-rolle\/\"><strong>Ausschuss f\u00fcr die Rechte des Kindes<\/strong><\/a><strong> w\u00e4hrend der 88. Sitzung der Vereinten Nationen einen Tag der Generalberatung f\u00fcr Kinderrechte und Alternative F\u00fcrsorge aus. So haben alle Kinder das Recht, in einem gesch\u00fctzten, sie unterst\u00fctzenden und f\u00fcrsorglichen Zuhause zu leben, das Ihnen eine gesunde Entwicklung erm\u00f6glicht (Council of Europe, 2021). Dieses unver\u00e4u\u00dferliche Recht erstreckt sich nicht nur auf die biologischen Eltern oder die Familie der Kinder, sondern auch auf die Staaten, in deren Verantwortung es liegt, alternative F\u00fcrsorge anzubieten (Council of Europe, 2021).<\/strong><\/p>\n\n\n\n<p><strong>Mit alternativer F\u00fcrsorge aufwachsende Kinder sind gegebenenfalls einem gr\u00f6\u00dferen Risiko von Missbrauch und schlechter Behandlung ausgesetzt, da sie von ihrer Familie isoliert sind. Diese Vernachl\u00e4ssigung kann zu weiteren <\/strong><a href=\"https:\/\/www.humanium.org\/de\/die-entwicklung-im-kleinkindalter-grundstein-fuer-eine-durch-nachhaltigkeit-und-wohlstand-gepraegten-gesellschaft\/\"><strong>entwicklungsbezogenen<\/strong><\/a><strong>\u00a0Herausforderungen f\u00fchren, wie etwa zu instabilen Beziehungen und Gewalt (Council of Europe, 2021). Trotz der Beweislage, die darauf verweist, dass ein famili\u00e4res Umfeld sich als n\u00fctzlich f\u00fcr Kinder in Betreuung erweist, bringen viele L\u00e4nder noch immer Minderj\u00e4hrige zu schnell auf Kosten ihres Wohlergehens in Heimen unter (Council of Europe, 2021). COVID-19 versch\u00e4rfte diese Herausforderung, denn auf der ganzen Welt waren Staaten dazu gezwungen, Reformen von Pflegeeinrichtungen\u00a0 wegen konkurrierender Risiken auszusetzen (Hope and Homes for Children, 2021).\u00a0<\/strong><\/p>\n\n\n\n<h2 class=\"wp-block-heading\"><strong>Die Bedeutung des Tags der Generalberatung<\/strong><\/h2>\n\n\n\n<p>Der <a href=\"https:\/\/www.humanium.org\/de\/ausschuss-rolle\/\">UN-Ausschuss f\u00fcr die Rechte des Kindes<\/a> widmet zwei Tage seiner regul\u00e4ren Sitzungen einer allgemeinen Diskussion zu einem relevanten Thema oder Bereich aus der <a href=\"https:\/\/www.humanium.org\/de\/konvention-rechte-kindes\/\">UN-Kinderrechtskonvention<\/a> (KRK). Jene Tage werden einmal alle zwei Jahre abgehalten. Sie zielen darauf ab, das Wissen \u00fcber ein bestimmtes Thema zu erweitern und \u00f6ffentliche Diskussionen abzuhalten, um dadurch einen Austausch zu stimulieren (UN Committee on the Rights of the Child, 2021). Dieser Tag f\u00fchrte weltweit zu einer vertieften Zustandsuntersuchung der alternativen F\u00fcrsorge sowie spezifischer besorniserregender Trends, wie etwa der unn\u00f6tigen Eltern-Kind-Trennung (UN Committee on the Rights of the Child, 2021).<\/p>\n\n\n\n<figure class=\"wp-block-image size-large is-style-default\"><img loading=\"lazy\" decoding=\"async\" width=\"1024\" height=\"683\" src=\"https:\/\/www.humanium.org\/de\/wp-content\/uploads\/2021\/11\/shutterstock_303194174-1024x683.jpg\" alt=\"\" class=\"wp-image-15312\" srcset=\"https:\/\/www.humanium.org\/de\/wp-content\/uploads\/2021\/11\/shutterstock_303194174-1024x683.jpg 1024w, https:\/\/www.humanium.org\/de\/wp-content\/uploads\/2021\/11\/shutterstock_303194174-300x200.jpg 300w, https:\/\/www.humanium.org\/de\/wp-content\/uploads\/2021\/11\/shutterstock_303194174-768x512.jpg 768w, https:\/\/www.humanium.org\/de\/wp-content\/uploads\/2021\/11\/shutterstock_303194174-1536x1024.jpg 1536w, https:\/\/www.humanium.org\/de\/wp-content\/uploads\/2021\/11\/shutterstock_303194174-2048x1365.jpg 2048w, https:\/\/www.humanium.org\/de\/wp-content\/uploads\/2021\/11\/shutterstock_303194174-830x553.jpg 830w, https:\/\/www.humanium.org\/de\/wp-content\/uploads\/2021\/11\/shutterstock_303194174-230x153.jpg 230w, https:\/\/www.humanium.org\/de\/wp-content\/uploads\/2021\/11\/shutterstock_303194174-350x233.jpg 350w, https:\/\/www.humanium.org\/de\/wp-content\/uploads\/2021\/11\/shutterstock_303194174-480x320.jpg 480w, https:\/\/www.humanium.org\/de\/wp-content\/uploads\/2021\/11\/shutterstock_303194174-272x182.jpg 272w\" sizes=\"auto, (max-width: 1024px) 100vw, 1024px\" \/><\/figure>\n\n\n\n<p>Der Tag betonte erneut den Stellenwert von Nachhaltigen Entwicklungszielen (Sustainable Development Goals, SDG) und insbesondere deren Engagement, \u201eniemanden zur\u00fcckzulassen\u201c (UN Committee on the Rights of the Child, 2021). H\u00e4ufig werden Kindern, denen es an famili\u00e4rer F\u00fcrsorge mangelt, grundlegende Leistungen und M\u00f6glichkeiten vorenthalten (UN Committee on the Rights of the Child, 2021). Diese Herausforderung ist mit anderen SDGs (Nachhaltigen Entwicklungszielen) verbunden, einschlie\u00dflich der Beseitigung von <a href=\"https:\/\/www.humanium.org\/de\/themenschwerpunkte\/armut\/\">Armut<\/a> (SDG 1), F\u00f6rderung von gesundem Leben und Zugang zu hochwertiger <a href=\"https:\/\/www.humanium.org\/de\/recht-bildung-weltweit\/\">Bildung<\/a> (SDG 4) (UN Committee on the Rights of the Child, 2021).<\/p>\n\n\n\n<h2 class=\"wp-block-heading\"><strong>Hintergrund<\/strong><\/h2>\n\n\n\n<p>Der Tag der Generalberatung reagierte auf weltweite Trends, f\u00fcr Kinder die alternative F\u00fcrsorge in Form von Heimunterbringung voranzutreiben. Aus unterschiedlichsten Gr\u00fcnden, welche den Hintergrund und sozialen Kontext betreffen, erfolgen&nbsp; die Unterbringungen von Kindern unter jenen Rahmenbedingungen (UN Committee on the Rights of the Child, 2021). <\/p>\n\n\n\n<p>Deshalb ist es zwingend erforderlich, dass alternative F\u00fcrsorgeumfelder anerkennen, dass <a href=\"https:\/\/www.humanium.org\/de\/rechte-kindes\/\">Kinder<\/a> in Betreuung keine homogene Gruppe verk\u00f6rpern und unterschiedliche einzigartige Herausforderungen pr\u00e4sentieren. Pflegeeinrichtungen m\u00fcssen jedes einzelne Kind mit besonderer W\u00fcrde behandelnund erkennen, dass F\u00fcrsorgel\u00f6sungen die Individualit\u00e4t jedes Kindes und dessen besondere Bed\u00fcrfnisse respektieren m\u00fcssen (UN Committee on the Rights of the Child, 2021).<\/p>\n\n\n\n<h2 class=\"wp-block-heading\"><strong>Die Auswirkungen von COVID-19<\/strong><\/h2>\n\n\n\n<p>COVID-19 versch\u00e4rfte dramatisch die Situation der weltweit schutzbed\u00fcrftigsten Kinder und Familien und setzte die bereits \u00fcberlasteten finanziellen Schutzsysteme unter erh\u00f6hten Druck (Hope and Homes for Children, 2021). Auf der ganzen Welt waren die Pflegeeinrichtungen gezwungen, mehr Kinder aufzunehmen \u2013 und mehr Familien zu zerrei\u00dfen, und zwar als Folge von erh\u00f6hter Armut und der weltweit steigenden Zahl von <a href=\"https:\/\/www.humanium.org\/de\/waisenkinder\/\">Waisen<\/a> (Hope and Homes for Children, 2021). COVID-19 erforderte auch, eine gro\u00dfe Anzahl von Kindern &#8211; ohne angemessene Vorbereitung &#8211; aus den Waisenh\u00e4usern nach Hause zu schicken und zu Hause mit der unmittelbaren Krise fertig zu werden (Hope and Homes for Children, 2021).<\/p>\n\n\n\n<p>Diese zeitweiligen Ma\u00dfnahmen erweisen sich f\u00fcr Kinder mit bestehenden Schwierigkeiten als besonders gef\u00e4hrlich. <a href=\"https:\/\/www.humanium.org\/de\/kinder-mit-behinderungen\/\">Kinder mit Beeintr\u00e4chtigung<\/a>, ethnische Minderheiten und jene, die besondere individuelle Bed\u00fcrfnisse haben, werden in Systeme abgeschoben, die daf\u00fcr nicht aufgestellt waren. Es besteht das Risiko, dass Kinder, die momentan aufgrund von COVID-19 in Gro\u00dfwohneinrichtungen leben, in einen Kreislauf der Ungleichheit geraten k\u00f6nnten. Hierf\u00fcr urs\u00e4chlich ist, dass die Unterbringung in Pflegeeinrichtungen die Minderj\u00e4hrigen von der Gesellschaft und deren Unterst\u00fctzungsnetzwerk trennt, bevor sie wieder in die Welt der Erwachsenen mit begrenzter Unterst\u00fctzung entlassen werden (Hope and Homes for Children, 2021).<\/p>\n\n\n\n<p>W\u00e4hrend der fr\u00fchen Stadien der Pandemie vers\u00e4umten viele L\u00e4nder, Sozialarbeiter und <a href=\"https:\/\/www.humanium.org\/de\/das-recht-auf-schutz\/\">Kinderschutz<\/a>beauftragte als \u201eSchl\u00fcsselfiguren\u201c zu identifizieren, was sowohl zu eingeschr\u00e4nkten Bewegungsm\u00f6glichkeiten und begrenztem Zugang zu bed\u00fcrftigen Kindern f\u00fchrte, als auch weltweit zu einem Abfall des Verh\u00e4ltnisses von Kind zu Betreuungskraft (Hope and Homes for Children, 2021). \u00dcber die Sekund\u00e4reffekte von COVID-19 hinaus hatte die Pandemie selbst direkte Auswirkungen auf Kinder und ihren Werdegang. Berichte aus der ganzen Welt deuten darauf hin, dass die pl\u00f6tzliche von COVID-19 hervorgerufene Schlie\u00dfung von Einrichtungen es erzwang, Kinder aus diesen Umfeldern herauszunehmen, um die Ausbreitung der Pandemie zu verhindern.&nbsp;<\/p>\n\n\n\n<h2 class=\"wp-block-heading\"><strong>Globale Beispiele<\/strong><\/h2>\n\n\n\n<p>Beispiele aus der ganzen Welt verweisen auf gef\u00e4hrdete Kinder, die in prek\u00e4ren Umst\u00e4nden untergebracht werden. Sch\u00e4tzungsweise leben bis zu sechs Millionen Kinder in Pflegeeinrichtungen (Human Rights Watch, 2021). Es sind gerade Kinder mit <a href=\"https:\/\/www.humanium.org\/de\/kinder-mit-behinderungen\/\">Behinderungen<\/a>, die dem Risiko ausgesetzt sind, Schaden zu erleiden; nach Angaben aus etwa <a href=\"https:\/\/www.humanium.org\/de\/brasilien\/\">Brasilien<\/a>, <a href=\"https:\/\/www.humanium.org\/de\/serbien\/\">Serbien<\/a> und <a href=\"https:\/\/www.humanium.org\/de\/kasachstan\/\">Kasachstan<\/a>, ist es f\u00fcr das Gro\u00df von Kindern, die in Pflegeheimen untergebracht sind, nicht ungew\u00f6hnlich, eine <a href=\"https:\/\/www.humanium.org\/de\/kinder-mit-behinderungen\/\">k\u00f6rperliche Einschr\u00e4nkung<\/a> aufzuweisen (Human Rights Watch, 2021).<\/p>\n\n\n\n<div class=\"wp-block-image\"><figure class=\"alignright size-large is-resized\"><img loading=\"lazy\" decoding=\"async\" src=\"https:\/\/www.humanium.org\/de\/wp-content\/uploads\/2021\/11\/shutterstock_410370175-1024x683.jpg\" alt=\"\" class=\"wp-image-15304\" width=\"388\" height=\"259\" srcset=\"https:\/\/www.humanium.org\/de\/wp-content\/uploads\/2021\/11\/shutterstock_410370175-1024x683.jpg 1024w, https:\/\/www.humanium.org\/de\/wp-content\/uploads\/2021\/11\/shutterstock_410370175-300x200.jpg 300w, https:\/\/www.humanium.org\/de\/wp-content\/uploads\/2021\/11\/shutterstock_410370175-768x513.jpg 768w, https:\/\/www.humanium.org\/de\/wp-content\/uploads\/2021\/11\/shutterstock_410370175-1536x1025.jpg 1536w, https:\/\/www.humanium.org\/de\/wp-content\/uploads\/2021\/11\/shutterstock_410370175-2048x1367.jpg 2048w, https:\/\/www.humanium.org\/de\/wp-content\/uploads\/2021\/11\/shutterstock_410370175-830x554.jpg 830w, https:\/\/www.humanium.org\/de\/wp-content\/uploads\/2021\/11\/shutterstock_410370175-230x154.jpg 230w, https:\/\/www.humanium.org\/de\/wp-content\/uploads\/2021\/11\/shutterstock_410370175-350x234.jpg 350w, https:\/\/www.humanium.org\/de\/wp-content\/uploads\/2021\/11\/shutterstock_410370175-480x320.jpg 480w, https:\/\/www.humanium.org\/de\/wp-content\/uploads\/2021\/11\/shutterstock_410370175-272x182.jpg 272w\" sizes=\"auto, (max-width: 388px) 100vw, 388px\" \/><\/figure><\/div>\n\n\n\n<p>H\u00e4ufig wird in <a href=\"https:\/\/www.humanium.org\/de\/griechenland\/\">Griechenland<\/a> zun\u00e4chst eine gro\u00dfe Anzahl von unbegleiteten Migranten in Internierungslagern in Schutzhaft gehalten, bevor sie in Notunterk\u00fcnfte verlegt werden (Human Rights Watch, 2021). Gem\u00e4\u00df internationaler Menschenrechtsnormen und -standards verst\u00f6\u00dft einwanderungsbezogene Inhaftierung aufgrund der damit verbundenen Risiken gegen das Kindeswohl (Human Rights Watch, 2021). Als Reaktion hierauf begannen die L\u00e4nder im Jahr 2020, die f\u00fcr Kinder geltenden Schutzgewahrsamsbestimmungen abzuschaffen. Allerdings ben\u00f6tigt eine derartige Zielverwirklichung Zeit, was dazu f\u00fchrt, dass noch immer einige Kinder innerhalb dieser Systeme gefangen bleiben (Human Rights Watch, 2021).&nbsp;<\/p>\n\n\n\n<p>Gleicherma\u00dfen erfuhren Migrantenkinder in den <a href=\"https:\/\/www.humanium.org\/de\/vereinigten-staaten-von-amerika\/\">Vereinigten Staaten von Amerika<\/a> seitens der staatlichen Beh\u00f6rden Misshandlungen. Ein von COVID-19 verursachte Anordnung des Zentrums f\u00fcr Krankheitskontrolle und -pr\u00e4vention, bevollm\u00e4chtigte Grenzbeamte, kurzerhand Tausende&nbsp; von Migranten ohne ordnungsgem\u00e4\u00dfen Prozess abzuschieben (Human Rights Watch, 2021). Zudem gab es 845.000 Abschiebungen zwischen Oktober 2020 und Mai 2021, die dazu f\u00fchrten, dass eine gro\u00dfe Anzahl unbegleiteter Kinder w\u00e4hrend der gesamten Pandemie in \u00fcberf\u00fcllten Ad-hoc Lagern leben mussten (Human Rights Watch, 2021).<\/p>\n\n\n\n<p>\u00c4hnlich verh\u00e4lt es sich mit der Situation entlang der <a href=\"https:\/\/www.humanium.org\/de\/Kanada\/\">kanadischen<\/a> Grenze. So berichtet Human Rights Watch, dass bei Einwanderungsangelegenheiten Kinder weiterhin unbegrenzt festgehalten werden; und zwar in prek\u00e4ren Einrichtungen, die ihre Rechte verletzen (Human Rights Watch, 2021). Neben den physischen Herausforderungen solcher Rahmenbedingungen kommt hinzu, dass diese Kinder mit schwerwiegenden Verletzungen ihrer Privatsph\u00e4re sowie eingeschr\u00e4nktem Zugang zu medizinischer Versorgung konfrontiert sind, aber auch ihrer Bildungschancen beraubt werden (Human Rights Watch, 2021).&nbsp;<\/p>\n\n\n\n<h2 class=\"wp-block-heading\"><strong>Die Gew\u00e4hrleistung der Kinderrechte: Internationale Richtlinien<\/strong><\/h2>\n\n\n\n<p>Die Pr\u00e4ambel der <a href=\"https:\/\/www.humanium.org\/de\/konvention-rechte-kindes\/\">KRK<\/a> hebt mit gezielten Paragraphen die Bedeutsamkeit von Familie und Gemeinschaft hervor, welche die \u201eharmonische Pers\u00f6nlichkeitsentwicklung\u201c des Kindes sicherstellt (UN Committee on the Rights of the Child, 2021). Die Konvention geht noch weiter, indem sie ausdr\u00fccklich das Kindesrecht auf <a href=\"https:\/\/www.humanium.org\/de\/der-grundsatz-der-nichtdiskriminierung\/\">Nicht-Diskriminierung<\/a> (Artikel 2) und Ber\u00fccksichtigung <a href=\"https:\/\/www.humanium.org\/de\/der-grundsatz-des-wohl-des-kindes\/\">des Kindeswohls<\/a> <a href=\"https:\/\/www.humanium.org\/de\/das-recht-auf-schutz\/\">sch\u00fctzt<\/a> (Artikel 3) (UN Committee on the Rights of the Child, 2021).<\/p>\n\n\n\n<p>Insbesondere bekr\u00e4ftigte nochmals eine Reihe von Artikeln kollektiv, dass Kinderrechten von elterlicher Seite Rechnung getragen werden muss, soweit dies m\u00f6glich ist (<a href=\"https:\/\/www.humanium.org\/de\/konvention-rechte-kindes\/\">Artikel 7<\/a>) und das Recht der Kinder, in einem famili\u00e4ren Umfeld aufzuwachsen, welches die Gemeinschaft von Kindern, Eltern und Gro\u00dffamilie priorisiert (<a href=\"https:\/\/www.humanium.org\/de\/konvention-rechte-kindes\/\">Artikel 18<\/a>). Wo alternative F\u00fcrsorge erforderlich ist, sagen Artikel 20 und 21 unmissverst\u00e4ndlich aus, m\u00fcssen s\u00e4mtliche kindesbezogene Entscheidungen auf der Grundlage des Kindeswohls getroffen werden (UN Committee on the Rights of the Child, 2021).<\/p>\n\n\n\n<p>\u00dcber die&nbsp; <a href=\"https:\/\/www.humanium.org\/de\/konvention-rechte-kindes\/\">KRK<\/a> hinaus bieten die Richtlinien f\u00fcr Alternative F\u00fcrsorge einen Orientierungsrahmen f\u00fcr den Schutz von Kindern in Betreuung. Diese Empfehlungen fu\u00dfen auf der Bedeutung von Notwendigkeit und Eignung und betonen, dass alternative F\u00fcrsorge sowohl der letzte Ausweg als auch ma\u00dfgeschneidert auf jedes einzelne Kind sein sollte (Committee on the Rights of the Child, 2021).<\/p>\n\n\n\n<p>F\u00fcr behinderte Kinder verankert das \u00dcbereinkommen \u00fcber die Rechte von Menschen mit Behinderungen (UN-Behindertenrechtskonvention, BRK) die universalen Prinzipien der Nicht-Diskriminierung (Artikel 3), <a href=\"https:\/\/www.humanium.org\/de\/der-grundsatz-des-wohl-des-kindes\/\">des Wohls des Kindes<\/a> (Artikel 7), des <a href=\"https:\/\/www.humanium.org\/de\/recht-auf-identitat\/\">Rechts auf Identit\u00e4t<\/a> (Artikel 18), des Rechts auf gleichberechtigtes Gemeinschaftsleben und des eigenst\u00e4ndigen Lebens (Artikel 19) sowie des unver\u00e4u\u00dferlichen Rechts auf ein Familienleben (Artikel 23). Zusammengenommen verhindern diese Bestimmungen, dass Kinder mit Behinderungen diskriminiert werden, und sorgen daf\u00fcr, dass sie ein normales Leben f\u00fchren k\u00f6nnen.<\/p>\n\n\n\n<h2 class=\"wp-block-heading\"><strong>Die n\u00e4chsten Schritte zum Nutzen der Kinder<\/strong><\/h2>\n\n\n\n<p>Erg\u00e4nzend zur Implementierung internationaler Rahmenbedingungen und Richtlinien m\u00fcssen L\u00e4nder proaktiv arbeiten, um die Kernursachen anzugehen, die Kinder von ihren Eltern trennen (Hope and Homes for Children, 2021). Zusammen k\u00f6nnen gemeinschaftlich gef\u00fchrte Interventionen, welche lokale Hilfsstrukturen bef\u00fcrworten, und von Menschen angeleitete Interventionen die Anzahl an Kindern verringern, die zu einer Heimunterbringung gezwungen werden. <\/p>\n\n\n\n<p>Bestehende Geldmittel sollten von veralteten Einrichtungen zu einem System famili\u00e4rer Unterst\u00fctzung umgeleitet werden (Hope and Homes for Children, 2021). Dies wird den zweifachen Nutzen hervorbringen, Kinder einerseits in ihren Gemeinschaften verbleiben zu lassen und andererseits Menschen von <a href=\"https:\/\/www.humanium.org\/de\/wie-der-waisenhaus-tourismus-beendet-werden-kann\/\">Waisenhaustourismus<\/a> und Freiwilligenarbeit abzuschrecken (Hope and Homes for Children, 2021).<\/p>\n\n\n\n<p>Die schwache und exponierte Situation von Kindern k\u00f6nnte dazu f\u00fchren, dass sie in Pflegeinstitutionen Opfer von moderner Sklaverei und <a href=\"https:\/\/www.humanium.org\/de\/kinderhandel\/\">Kinderhandel<\/a> werden (Hope and Homes for Children, 2021).&nbsp; Staaten m\u00fcssen speziell daran arbeiten, jegliche immigrationsbezogene Schutzhaft von Kindern zu beendenund sich daf\u00fcr einsetzen, dass&nbsp; unbegleitete Minderj\u00e4hrige vorzugsweise bei Verwandten, anstatt in Pflegeheimen untergebracht werden (Human Rights Watch, 2021). Nur durch Vermeidung von Heimeinweisungen kann das Wohl der Kinder wirklich gewahrt werden.<\/p>\n\n\n\n<figure class=\"wp-block-image size-large\"><img loading=\"lazy\" decoding=\"async\" width=\"1024\" height=\"683\" src=\"https:\/\/www.humanium.org\/de\/wp-content\/uploads\/2021\/11\/shutterstock_1841156296-1024x683.jpg\" alt=\"\" class=\"wp-image-15310\" srcset=\"https:\/\/www.humanium.org\/de\/wp-content\/uploads\/2021\/11\/shutterstock_1841156296-1024x683.jpg 1024w, https:\/\/www.humanium.org\/de\/wp-content\/uploads\/2021\/11\/shutterstock_1841156296-300x200.jpg 300w, https:\/\/www.humanium.org\/de\/wp-content\/uploads\/2021\/11\/shutterstock_1841156296-768x512.jpg 768w, https:\/\/www.humanium.org\/de\/wp-content\/uploads\/2021\/11\/shutterstock_1841156296-1536x1024.jpg 1536w, https:\/\/www.humanium.org\/de\/wp-content\/uploads\/2021\/11\/shutterstock_1841156296-2048x1365.jpg 2048w, https:\/\/www.humanium.org\/de\/wp-content\/uploads\/2021\/11\/shutterstock_1841156296-830x553.jpg 830w, https:\/\/www.humanium.org\/de\/wp-content\/uploads\/2021\/11\/shutterstock_1841156296-230x153.jpg 230w, https:\/\/www.humanium.org\/de\/wp-content\/uploads\/2021\/11\/shutterstock_1841156296-350x233.jpg 350w, https:\/\/www.humanium.org\/de\/wp-content\/uploads\/2021\/11\/shutterstock_1841156296-480x320.jpg 480w, https:\/\/www.humanium.org\/de\/wp-content\/uploads\/2021\/11\/shutterstock_1841156296-272x182.jpg 272w\" sizes=\"auto, (max-width: 1024px) 100vw, 1024px\" \/><\/figure>\n\n\n\n<p>Humanium setzte sich stets f\u00fcr eine Welt ein, in der Kinderrechte respektiert und gesch\u00fctzt werden und in&nbsp; der kein Kind jemals die Konsequenzen einer&nbsp; <a href=\"https:\/\/www.humanium.org\/de\/kinderheirat\/\">Kinderheirat<\/a> erleidet. Entdecken Sie, wie man sich f\u00fcr Kinderrechte einsetzt, schlie\u00dfen Sie sich unsere Community an, <a href=\"https:\/\/www.humanium.org\/de\/teilnehmen-2\/volunteer\/\">interagieren Sie mit unserer Arbeit<\/a>, und verbreiten Sie die Botschaft \u00fcber unsere <a href=\"https:\/\/www.humanium.org\/de\">Webseite<\/a>, <a href=\"https:\/\/www.facebook.com\/Humanium.Kinderrechte\">Facebook-Seite<\/a> oder Newsletter!<\/p>\n\n\n\n<p><em><strong>Verfasst von Vanessa Cezarita Cordeiro<\/strong><\/em><\/p>\n\n\n\n<p><em><strong>\u00dcbersetzt von Patrick R.<\/strong><\/em><\/p>\n\n\n\n<p><em><strong>Korrektur gelesen von Beate Dessewffy<\/strong><\/em><\/p>\n\n\n\n<h4 class=\"wp-block-heading\"><strong>F\u00fcr mehr Information:&nbsp;<\/strong><\/h4>\n\n\n\n<p class=\"has-small-font-size\"><a href=\"https:\/\/rm.coe.int\/CoERMPublicCommonSearchServices\/DisplayDCTMContent?documentId=090000168046ce9a\" target=\"_blank\" rel=\"noreferrer noopener\">Children and young people in care&nbsp;<\/a><\/p>\n\n\n\n<p class=\"has-small-font-size\"><a href=\"https:\/\/rm.coe.int\/CoERMPublicCommonSearchServices\/DisplayDCTMContent?documentId=090000168046ccea\" target=\"_blank\" rel=\"noreferrer noopener\">Council of Europe&#8217;s recommendation on children\u2019s rights and social services friendly to children and families <\/a><a href=\"https:\/\/resourcecentre.savethechildren.net\/node\/5416\/pdf\/5416.pdf\" target=\"_blank\" rel=\"noreferrer noopener\">Guidelines for the alternative care of children&nbsp;<\/a><\/p>\n\n\n\n<p class=\"has-small-font-size\"><a href=\"https:\/\/rm.coe.int\/CoERMPublicCommonSearchServices\/DisplayDCTMContent?documentId=090000168046ce31\" target=\"_blank\" rel=\"noreferrer noopener\">Rights of children in institutions<\/a>&nbsp;<\/p>\n\n\n\n<p class=\"has-small-font-size\"><a href=\"https:\/\/rm.coe.int\/CoERMPublicCommonSearchServices\/DisplayDCTMContent?documentId=090000168046ceaf\" target=\"_blank\" rel=\"noreferrer noopener\">Securing children\u2019s rights: A guide for professionals working in alternative care&nbsp;<\/a><\/p>\n\n\n\n<h4 class=\"wp-block-heading\"><strong>Quellenverzeichnis:&nbsp;<\/strong><\/h4>\n\n\n\n<p class=\"has-small-font-size\"><a href=\"https:\/\/rm.coe.int\/draft-programme-regional-discussion-children-s-rights-and-alternative-\/1680a2917e\" target=\"_blank\" rel=\"noreferrer noopener\">Council of Europe. (2021, June 1). \u201cRegional discussion on children\u2019s rights and alternative care Council of Europe\u2019s contribution to the UNCRC day of general discussion 2021.\u201d Retrieved from Council of Europe, accessed 19 October 2021.&nbsp;<\/a><\/p>\n\n\n\n<p class=\"has-small-font-size\">Hope and Homes for Children. (2021, June 29). \u201cWritten submission from Hope and Homes for Children to the UN Convention on the Rights of the Child Day of General Discussion: &#8222;Children\u2019s Rights and Alternative Care.&#8220; Retrieved from Hope and Homes for Children, accessed 19 October 2021.&nbsp;<\/p>\n\n\n\n<p class=\"has-small-font-size\"><a href=\"https:\/\/www.hrw.org\/news\/2021\/06\/30\/childrens-rights-and-alternative-care\" target=\"_blank\" rel=\"noreferrer noopener\">Human Rights Watch. (2021, June 30). \u201cChildren\u2019s rights and alternative care submission to the Committee on the Rights of the Child regarding children\u2019s rights and alternative care.\u201d Retrieved from Human Rights Watch, accessed 19 October 2021.&nbsp;<\/a><\/p>\n\n\n\n<p class=\"has-small-font-size\"><a href=\"https:\/\/www.ohchr.org\/Documents\/HRBodies\/CRC\/Discussions\/2020\/ConceptNote_EN.docx\" target=\"_blank\" rel=\"noreferrer noopener\">UN Committee on the Rights of the Child. (n.d). \u201cConcept Note: 2021 Day of General Discussion Children\u2019s Rights and Alternative Care.\u201d Retrieved from United Nations Human Rights Office of the High Commissioner, accessed on 19 October 2021.&nbsp;<\/a><\/p>\n","protected":false},"excerpt":{"rendered":"<p>Am 16. und 17. September richtete der Ausschuss f\u00fcr die Rechte des Kindes w\u00e4hrend der 88. Sitzung der Vereinten Nationen einen Tag der Generalberatung f\u00fcr Kinderrechte und Alternative F\u00fcrsorge aus. So haben alle Kinder das Recht, in einem gesch\u00fctzten, sie unterst\u00fctzenden und f\u00fcrsorglichen Zuhause zu leben, das Ihnen eine gesunde Entwicklung erm\u00f6glicht (Council of Europe, [&hellip;]<\/p>\n","protected":false},"author":39,"featured_media":15306,"comment_status":"closed","ping_status":"closed","sticky":false,"template":"","format":"standard","meta":{"footnotes":""},"categories":[163,172,178],"tags":[],"class_list":["post-15303","post","type-post","status-publish","format-standard","has-post-thumbnail","hentry","category-kinderrechte","category-migranten","category-migration"],"yoast_head":"<!-- This site is optimized with the Yoast SEO plugin v26.5 - https:\/\/yoast.com\/wordpress\/plugins\/seo\/ -->\n<title>Tag der Generalberatung 2021: Kinderrechte und Alternative F\u00fcrsorge - Humanium<\/title>\n<meta name=\"description\" content=\"Am 16. und 17. September richtete der Ausschuss f\u00fcr die Rechte des Kindes einen Tag der Generalberatung f\u00fcr Kinderrechte aus.\" \/>\n<meta name=\"robots\" content=\"index, follow, max-snippet:-1, max-image-preview:large, max-video-preview:-1\" \/>\n<link rel=\"canonical\" href=\"https:\/\/www.humanium.org\/de\/tag-der-generalberatung-2021-kinderrechte-und-alternative-fuersorge\/\" \/>\n<meta property=\"og:locale\" content=\"de_DE\" \/>\n<meta property=\"og:type\" content=\"article\" \/>\n<meta property=\"og:title\" content=\"Tag der Generalberatung 2021: Kinderrechte und Alternative F\u00fcrsorge - Humanium\" \/>\n<meta property=\"og:description\" content=\"Am 16. und 17. September richtete der Ausschuss f\u00fcr die Rechte des Kindes einen Tag der Generalberatung f\u00fcr Kinderrechte aus.\" \/>\n<meta property=\"og:url\" content=\"https:\/\/www.humanium.org\/de\/tag-der-generalberatung-2021-kinderrechte-und-alternative-fuersorge\/\" \/>\n<meta property=\"og:site_name\" content=\"Humanium\" \/>\n<meta property=\"article:published_time\" content=\"2021-11-23T08:48:42+00:00\" \/>\n<meta property=\"article:modified_time\" content=\"2025-12-06T06:29:08+00:00\" \/>\n<meta property=\"og:image\" content=\"https:\/\/www.humanium.org\/de\/wp-content\/uploads\/2021\/11\/shutterstock_1884133858-scaled.jpg\" \/>\n\t<meta property=\"og:image:width\" content=\"2560\" \/>\n\t<meta property=\"og:image:height\" content=\"1707\" \/>\n\t<meta property=\"og:image:type\" content=\"image\/jpeg\" \/>\n<meta name=\"author\" content=\"Vanessa Cezarita Cordeiro\" \/>\n<meta name=\"twitter:card\" content=\"summary_large_image\" \/>\n<meta name=\"twitter:label1\" content=\"Verfasst von\" \/>\n\t<meta name=\"twitter:data1\" content=\"Vanessa Cezarita Cordeiro\" \/>\n\t<meta name=\"twitter:label2\" content=\"Gesch\u00e4tzte Lesezeit\" \/>\n\t<meta name=\"twitter:data2\" content=\"9\u00a0Minuten\" \/>\n<script type=\"application\/ld+json\" class=\"yoast-schema-graph\">{\"@context\":\"https:\/\/schema.org\",\"@graph\":[{\"@type\":\"WebPage\",\"@id\":\"https:\/\/www.humanium.org\/de\/tag-der-generalberatung-2021-kinderrechte-und-alternative-fuersorge\/\",\"url\":\"https:\/\/www.humanium.org\/de\/tag-der-generalberatung-2021-kinderrechte-und-alternative-fuersorge\/\",\"name\":\"Tag der Generalberatung 2021: Kinderrechte und Alternative F\u00fcrsorge - Humanium\",\"isPartOf\":{\"@id\":\"https:\/\/www.humanium.org\/de\/#website\"},\"primaryImageOfPage\":{\"@id\":\"https:\/\/www.humanium.org\/de\/tag-der-generalberatung-2021-kinderrechte-und-alternative-fuersorge\/#primaryimage\"},\"image\":{\"@id\":\"https:\/\/www.humanium.org\/de\/tag-der-generalberatung-2021-kinderrechte-und-alternative-fuersorge\/#primaryimage\"},\"thumbnailUrl\":\"https:\/\/www.humanium.org\/de\/wp-content\/uploads\/2021\/11\/shutterstock_1884133858-scaled.jpg\",\"datePublished\":\"2021-11-23T08:48:42+00:00\",\"dateModified\":\"2025-12-06T06:29:08+00:00\",\"author\":{\"@id\":\"https:\/\/www.humanium.org\/de\/#\/schema\/person\/93ecc3e4286f4c7f7632c71aaf1c8078\"},\"description\":\"Am 16. und 17. September richtete der Ausschuss f\u00fcr die Rechte des Kindes einen Tag der Generalberatung f\u00fcr Kinderrechte aus.\",\"breadcrumb\":{\"@id\":\"https:\/\/www.humanium.org\/de\/tag-der-generalberatung-2021-kinderrechte-und-alternative-fuersorge\/#breadcrumb\"},\"inLanguage\":\"de\",\"potentialAction\":[{\"@type\":\"ReadAction\",\"target\":[\"https:\/\/www.humanium.org\/de\/tag-der-generalberatung-2021-kinderrechte-und-alternative-fuersorge\/\"]}]},{\"@type\":\"ImageObject\",\"inLanguage\":\"de\",\"@id\":\"https:\/\/www.humanium.org\/de\/tag-der-generalberatung-2021-kinderrechte-und-alternative-fuersorge\/#primaryimage\",\"url\":\"https:\/\/www.humanium.org\/de\/wp-content\/uploads\/2021\/11\/shutterstock_1884133858-scaled.jpg\",\"contentUrl\":\"https:\/\/www.humanium.org\/de\/wp-content\/uploads\/2021\/11\/shutterstock_1884133858-scaled.jpg\",\"width\":2560,\"height\":1707},{\"@type\":\"BreadcrumbList\",\"@id\":\"https:\/\/www.humanium.org\/de\/tag-der-generalberatung-2021-kinderrechte-und-alternative-fuersorge\/#breadcrumb\",\"itemListElement\":[{\"@type\":\"ListItem\",\"position\":1,\"name\":\"Home\",\"item\":\"https:\/\/www.humanium.org\/de\/\"},{\"@type\":\"ListItem\",\"position\":2,\"name\":\"Tag der Generalberatung 2021: Kinderrechte und Alternative F\u00fcrsorge\"}]},{\"@type\":\"WebSite\",\"@id\":\"https:\/\/www.humanium.org\/de\/#website\",\"url\":\"https:\/\/www.humanium.org\/de\/\",\"name\":\"Humanium\",\"description\":\"Kinder zuerst!\",\"potentialAction\":[{\"@type\":\"SearchAction\",\"target\":{\"@type\":\"EntryPoint\",\"urlTemplate\":\"https:\/\/www.humanium.org\/de\/?s={search_term_string}\"},\"query-input\":{\"@type\":\"PropertyValueSpecification\",\"valueRequired\":true,\"valueName\":\"search_term_string\"}}],\"inLanguage\":\"de\"},{\"@type\":\"Person\",\"@id\":\"https:\/\/www.humanium.org\/de\/#\/schema\/person\/93ecc3e4286f4c7f7632c71aaf1c8078\",\"name\":\"Vanessa Cezarita Cordeiro\",\"image\":{\"@type\":\"ImageObject\",\"inLanguage\":\"de\",\"@id\":\"https:\/\/www.humanium.org\/de\/#\/schema\/person\/image\/\",\"url\":\"https:\/\/secure.gravatar.com\/avatar\/0559163422e9f090cc60171463e5a5933678243c9f96d5af50a11619682439d4?s=96&d=mm&r=g\",\"contentUrl\":\"https:\/\/secure.gravatar.com\/avatar\/0559163422e9f090cc60171463e5a5933678243c9f96d5af50a11619682439d4?s=96&d=mm&r=g\",\"caption\":\"Vanessa Cezarita Cordeiro\"},\"sameAs\":[\"https:\/\/www.linkedin.com\/in\/vanessa-cezarita-cordeiro-5655aa123\/\"],\"url\":\"https:\/\/www.humanium.org\/de\/author\/autor_vanessacezaritacordeiro\/\"}]}<\/script>\n<!-- \/ Yoast SEO plugin. -->","yoast_head_json":{"title":"Tag der Generalberatung 2021: Kinderrechte und Alternative F\u00fcrsorge - Humanium","description":"Am 16. und 17. September richtete der Ausschuss f\u00fcr die Rechte des Kindes einen Tag der Generalberatung f\u00fcr Kinderrechte aus.","robots":{"index":"index","follow":"follow","max-snippet":"max-snippet:-1","max-image-preview":"max-image-preview:large","max-video-preview":"max-video-preview:-1"},"canonical":"https:\/\/www.humanium.org\/de\/tag-der-generalberatung-2021-kinderrechte-und-alternative-fuersorge\/","og_locale":"de_DE","og_type":"article","og_title":"Tag der Generalberatung 2021: Kinderrechte und Alternative F\u00fcrsorge - Humanium","og_description":"Am 16. und 17. September richtete der Ausschuss f\u00fcr die Rechte des Kindes einen Tag der Generalberatung f\u00fcr Kinderrechte aus.","og_url":"https:\/\/www.humanium.org\/de\/tag-der-generalberatung-2021-kinderrechte-und-alternative-fuersorge\/","og_site_name":"Humanium","article_published_time":"2021-11-23T08:48:42+00:00","article_modified_time":"2025-12-06T06:29:08+00:00","og_image":[{"width":2560,"height":1707,"url":"https:\/\/www.humanium.org\/de\/wp-content\/uploads\/2021\/11\/shutterstock_1884133858-scaled.jpg","type":"image\/jpeg"}],"author":"Vanessa Cezarita Cordeiro","twitter_card":"summary_large_image","twitter_misc":{"Verfasst von":"Vanessa Cezarita Cordeiro","Gesch\u00e4tzte Lesezeit":"9\u00a0Minuten"},"schema":{"@context":"https:\/\/schema.org","@graph":[{"@type":"WebPage","@id":"https:\/\/www.humanium.org\/de\/tag-der-generalberatung-2021-kinderrechte-und-alternative-fuersorge\/","url":"https:\/\/www.humanium.org\/de\/tag-der-generalberatung-2021-kinderrechte-und-alternative-fuersorge\/","name":"Tag der Generalberatung 2021: Kinderrechte und Alternative F\u00fcrsorge - Humanium","isPartOf":{"@id":"https:\/\/www.humanium.org\/de\/#website"},"primaryImageOfPage":{"@id":"https:\/\/www.humanium.org\/de\/tag-der-generalberatung-2021-kinderrechte-und-alternative-fuersorge\/#primaryimage"},"image":{"@id":"https:\/\/www.humanium.org\/de\/tag-der-generalberatung-2021-kinderrechte-und-alternative-fuersorge\/#primaryimage"},"thumbnailUrl":"https:\/\/www.humanium.org\/de\/wp-content\/uploads\/2021\/11\/shutterstock_1884133858-scaled.jpg","datePublished":"2021-11-23T08:48:42+00:00","dateModified":"2025-12-06T06:29:08+00:00","author":{"@id":"https:\/\/www.humanium.org\/de\/#\/schema\/person\/93ecc3e4286f4c7f7632c71aaf1c8078"},"description":"Am 16. und 17. September richtete der Ausschuss f\u00fcr die Rechte des Kindes einen Tag der Generalberatung f\u00fcr Kinderrechte aus.","breadcrumb":{"@id":"https:\/\/www.humanium.org\/de\/tag-der-generalberatung-2021-kinderrechte-und-alternative-fuersorge\/#breadcrumb"},"inLanguage":"de","potentialAction":[{"@type":"ReadAction","target":["https:\/\/www.humanium.org\/de\/tag-der-generalberatung-2021-kinderrechte-und-alternative-fuersorge\/"]}]},{"@type":"ImageObject","inLanguage":"de","@id":"https:\/\/www.humanium.org\/de\/tag-der-generalberatung-2021-kinderrechte-und-alternative-fuersorge\/#primaryimage","url":"https:\/\/www.humanium.org\/de\/wp-content\/uploads\/2021\/11\/shutterstock_1884133858-scaled.jpg","contentUrl":"https:\/\/www.humanium.org\/de\/wp-content\/uploads\/2021\/11\/shutterstock_1884133858-scaled.jpg","width":2560,"height":1707},{"@type":"BreadcrumbList","@id":"https:\/\/www.humanium.org\/de\/tag-der-generalberatung-2021-kinderrechte-und-alternative-fuersorge\/#breadcrumb","itemListElement":[{"@type":"ListItem","position":1,"name":"Home","item":"https:\/\/www.humanium.org\/de\/"},{"@type":"ListItem","position":2,"name":"Tag der Generalberatung 2021: Kinderrechte und Alternative F\u00fcrsorge"}]},{"@type":"WebSite","@id":"https:\/\/www.humanium.org\/de\/#website","url":"https:\/\/www.humanium.org\/de\/","name":"Humanium","description":"Kinder zuerst!","potentialAction":[{"@type":"SearchAction","target":{"@type":"EntryPoint","urlTemplate":"https:\/\/www.humanium.org\/de\/?s={search_term_string}"},"query-input":{"@type":"PropertyValueSpecification","valueRequired":true,"valueName":"search_term_string"}}],"inLanguage":"de"},{"@type":"Person","@id":"https:\/\/www.humanium.org\/de\/#\/schema\/person\/93ecc3e4286f4c7f7632c71aaf1c8078","name":"Vanessa Cezarita Cordeiro","image":{"@type":"ImageObject","inLanguage":"de","@id":"https:\/\/www.humanium.org\/de\/#\/schema\/person\/image\/","url":"https:\/\/secure.gravatar.com\/avatar\/0559163422e9f090cc60171463e5a5933678243c9f96d5af50a11619682439d4?s=96&d=mm&r=g","contentUrl":"https:\/\/secure.gravatar.com\/avatar\/0559163422e9f090cc60171463e5a5933678243c9f96d5af50a11619682439d4?s=96&d=mm&r=g","caption":"Vanessa Cezarita Cordeiro"},"sameAs":["https:\/\/www.linkedin.com\/in\/vanessa-cezarita-cordeiro-5655aa123\/"],"url":"https:\/\/www.humanium.org\/de\/author\/autor_vanessacezaritacordeiro\/"}]}},"_links":{"self":[{"href":"https:\/\/www.humanium.org\/de\/wp-json\/wp\/v2\/posts\/15303","targetHints":{"allow":["GET"]}}],"collection":[{"href":"https:\/\/www.humanium.org\/de\/wp-json\/wp\/v2\/posts"}],"about":[{"href":"https:\/\/www.humanium.org\/de\/wp-json\/wp\/v2\/types\/post"}],"author":[{"embeddable":true,"href":"https:\/\/www.humanium.org\/de\/wp-json\/wp\/v2\/users\/39"}],"replies":[{"embeddable":true,"href":"https:\/\/www.humanium.org\/de\/wp-json\/wp\/v2\/comments?post=15303"}],"version-history":[{"count":8,"href":"https:\/\/www.humanium.org\/de\/wp-json\/wp\/v2\/posts\/15303\/revisions"}],"predecessor-version":[{"id":21128,"href":"https:\/\/www.humanium.org\/de\/wp-json\/wp\/v2\/posts\/15303\/revisions\/21128"}],"wp:featuredmedia":[{"embeddable":true,"href":"https:\/\/www.humanium.org\/de\/wp-json\/wp\/v2\/media\/15306"}],"wp:attachment":[{"href":"https:\/\/www.humanium.org\/de\/wp-json\/wp\/v2\/media?parent=15303"}],"wp:term":[{"taxonomy":"category","embeddable":true,"href":"https:\/\/www.humanium.org\/de\/wp-json\/wp\/v2\/categories?post=15303"},{"taxonomy":"post_tag","embeddable":true,"href":"https:\/\/www.humanium.org\/de\/wp-json\/wp\/v2\/tags?post=15303"}],"curies":[{"name":"wp","href":"https:\/\/api.w.org\/{rel}","templated":true}]}}