{"id":15634,"date":"2022-03-22T12:46:51","date_gmt":"2022-03-22T12:46:51","guid":{"rendered":"https:\/\/www.humanium.org\/de\/?p=15634"},"modified":"2025-12-06T06:29:09","modified_gmt":"2025-12-06T06:29:09","slug":"die-wichtigkeit-der-repraesentation-von-kindern-in-literatur-und-medien","status":"publish","type":"post","link":"https:\/\/www.humanium.org\/de\/die-wichtigkeit-der-repraesentation-von-kindern-in-literatur-und-medien\/","title":{"rendered":"Die Wichtigkeit der Repr\u00e4sentation von Kindern in Literatur und Medien"},"content":{"rendered":"\n<p><strong>Die Repr\u00e4sentation von Kindern ist ein zentrales Thema f\u00fcr die Entwicklung und das Wachstum von <\/strong><a href=\"https:\/\/www.humanium.org\/de\/themenschwerpunkte\/kinderrechte\/\"><strong>Kindern<\/strong><\/a><strong> und sie hat im Laufe der Zeit verschiedene Formen angenommen. Die Kinderliteratur spielt eine wichtige Rolle bei der Entdeckung der \u00e4u\u00dferen und der inneren Welt von <\/strong><a href=\"https:\/\/www.humanium.org\/de\/themenschwerpunkte\/kinderrechte\/\"><strong>Kindern<\/strong><\/a><strong>, jedochstellt die fehlende Darstellung einiger ethnischer Gruppen auch eine gro\u00dfe Herausforderung dar, die noch lange nicht gel\u00f6st ist. Infolgedessen haben die Medien versucht, die L\u00fccke zu f\u00fcllen und sind dabei, den gleichen Stereotypen zu verfallen, die auch die Welt der Literatur gepr\u00e4gt haben. Dennoch gibt es einige Akteure, die einen Kulturwandel vorantreiben k\u00f6nnten.<\/strong><\/p>\n\n\n\n<h2 class=\"wp-block-heading\"><strong>Warum die Darstellung von Kindern so wichtig ist<\/strong><\/h2>\n\n\n\n<p>Kinder formen ihre Realit\u00e4t anhand von Modellen, die sie sich aus vielen Bausteinen zusammensetzen: Geschichten, Lieder, Filme, Schauspiele, Erfahrungen und viele andere Faktoren helfen ihnen, die Wirklichkeit in Form g\u00e4ngiger Muster zu kodieren und zu reproduzieren. Durch diese Elemente entdecken sie die Welt, in der sie leben, aberauch sich selbst.<\/p>\n\n\n\n<p>Vor allem Geschichten spielen eine wichtige Rolle bei der Repr\u00e4sentation von Kindern: Sie vermitteln Informationen und Muster, sie leiten den Leser bei der Entdeckung der realen und imagin\u00e4ren Welt an und sie \u00fcbermitteln Werte wie Freundschaft, Einf\u00fchlungsverm\u00f6gen, Mut, Zugeh\u00f6rigkeitsgef\u00fchl, Emotionen und Diversit\u00e4t, die f\u00fcr die Entwicklung und das Wachstum von Kindern wesentlich sind.<\/p>\n\n\n\n<p>Gleichzeitig wird das, was den Kindern fr\u00fcher durch Geschichten und B\u00fccher beigebracht wurde, heute durch Medieninhalte ersetzt, weshalb bei derRepr\u00e4sentation von Kindern beide Aspekte ber\u00fccksichtigt werden sollten: Literatur und Medien.<\/p>\n\n\n\n<p>Die Repr\u00e4sentation von Kindern in Literatur und Medien spielt eine wichtige Rolle f\u00fcr die Entwicklung und das Wachstum von Kindern, weil sie ihnen hilft, ihreLebensrealit\u00e4tzu verstehen sowie andere Kulturen zu entdeckenund Empathie und Respekt f\u00fcr kulturelle Unterschiede zu entwickeln. Die Darstellung von Kindern ist wichtig f\u00fcr die Entwicklung ihres Blickwinkels auf ihre eigene <a href=\"https:\/\/www.humanium.org\/de\/themenschwerpunkte\/focusdiskriminierung\/\">ethnische Gruppe<\/a> und andere(Rogers, 2021). In diesem Sinne hat die Darstellung von Kindern zwei Dimensionen: Einerseits unterst\u00fctzt sie die Entdeckung einer \u00e4u\u00dferen Dimension, andererseits liefert sie Anregungen f\u00fcr die Entdeckung der inneren Dimension.<\/p>\n\n\n\n<p>Doch was passiert, wenn Kinder keine Darstellung finden, mit der sie sich selbst und die Realit\u00e4t, in der sie leben, identifizieren k\u00f6nnen?<\/p>\n\n\n\n<h2 class=\"wp-block-heading\"><strong>Die Folgen einer mangelnden Repr\u00e4sentation<\/strong><\/h2>\n\n\n\n<blockquote class=\"wp-block-quote is-layout-flow wp-block-quote-is-layout-flow\"><p>\u201eKinder sind, vor allem in den ersten Jahren, wie kleine Schw\u00e4mme, die alle Informationen um sich herum aufsaugen und dann aktiv einen Sinn daraus machen.\u201c <\/p><cite>&#8211; Hunter, 2018<\/cite><\/blockquote>\n\n\n\n<p>Insofern kann sich die fehlende Darstellung der Realit\u00e4t, in der sie leben, auch langfristig und in vielerlei Hinsicht auf sie auswirken. So zeigt die Forschung, dass eine mangelnde Darstellung in den Medien zu negativen psychologischen Folgen f\u00fcr Personen mit unterrepr\u00e4sentierten oder negativ dargestellten <a href=\"https:\/\/www.humanium.org\/de\/recht-auf-identitat\/\">Identit\u00e4ten<\/a> f\u00fchren kann (Tukachinsky, Mastro, &amp; Yarchi, 2017). <\/p>\n\n\n\n<p>Die Konfrontation mit negativen Darstellungen der eigenen ethnischen Gruppe in den Medien kann das Selbstbewusstsein der Kinder untergraben, w\u00e4hrend qualitativ hochwertige Kindermedien positive ethnisch-rassische Einstellungen und Interaktionen f\u00f6rdern k\u00f6nnen (Rogers, 2021).<\/p>\n\n\n\n<p>Eine Studie \u00fcber die Auswirkungen des Fernsehens auf Kinder im Grundschulalter zeigt eine negative Korrelation zwischen der <a href=\"https:\/\/www.humanium.org\/de\/beeinflussen-bildschirme-die-aufmerksamkeitsspanne-von-kindern-das-verstaendnis-der-auswirkungen-der-bildschirmzeit-auf-die-kindliche-entwicklung\/\">Fernsehexposition<\/a> und einem geringeren Selbstwertgef\u00fchl bei schwarzen <a href=\"https:\/\/www.humanium.org\/de\/die-rechte-von-madchen\/\">M\u00e4dchen<\/a> und Jungen sowie wei\u00dfen M\u00e4dchen, betont aber auch eine positive Korrelation zwischen der Fernsehexposition und einem h\u00f6heren Selbstwertgef\u00fchl bei wei\u00dfen Jungen (Martins &amp; Harrison, 2012). <\/p>\n\n\n\n<p>Zu den gleichen Ergebnissen kommt eine Studie, die aufzeigt, wie die Identifikation mit beliebten Figuren mit den gleichen Identit\u00e4ten in den Mainstream-Medien zu einem h\u00f6heren Selbstwertgef\u00fchl in mehreren Dimensionen f\u00fchrt (Ward, 2004). Die wissenschaftliche Literatur \u00fcber die Auswirkungen auf das Wohlbefinden von Kindern unterstreicht die Bedeutung einer realistischen, diversen und integrativen Darstellung in den Kindermedien.<\/p>\n\n\n\n<p>Wenn Kinder sich selbst nicht so wahrnehmen, wie sie von den <a href=\"https:\/\/www.humanium.org\/de\/beeinflussen-bildschirme-die-aufmerksamkeitsspanne-von-kindern-das-verstaendnis-der-auswirkungen-der-bildschirmzeit-auf-die-kindliche-entwicklung\/\">Medien<\/a> oder der Literatur, die sie konsumieren, dargestellt werden, k\u00f6nnen sie sich unsichtbar, unwichtig (Levinson, 2020) oder weniger wichtig als andere f\u00fchlen. Die damit verbundenen Risiken h\u00e4ngen mit der Best\u00e4tigung eines einzigen, auf <a href=\"https:\/\/www.humanium.org\/de\/themenschwerpunkte\/focusdiskriminierung\/\">Stereotypen<\/a> basierenden Narrativs zusammen, das Individuendaran hindert, ihre Ziele und Tr\u00e4ume auf Grundlage ihrer eigenen pers\u00f6nlichen F\u00e4higkeiten und Bestrebungen zu erreichen. Und wenn Kinder sich selbst nicht als Architekten, Lehrer oder Ingenieure sehen, werden sie diese Berufe in der Zukunft vielleicht nicht wahrnehmen.<\/p>\n\n\n\n<p>Wenn Kinder nicht die M\u00f6glichkeit haben, Menschen mit ihrer Identit\u00e4t und ihren Merkmalen in einer positiven Art und Weise abgebildet zu sehen, m\u00fcssen sie sich wom\u00f6glich auf die Annahme verlassen, dass ihre <a href=\"https:\/\/www.humanium.org\/de\/recht-auf-identitat\/\">Identit\u00e4t<\/a> vollst\u00e4ndig von diesen Stereotypen repr\u00e4sentiert wird, die definieren, wer sie sind. Das \u201eProblem mit Stereotypen ist nicht die Tatsache, dass sie unwahr sind, sondern dass sie unvollst\u00e4ndig sind. Sie lassen eine Geschichte zur einzigen Geschichte werden.\u201c. Chimamanda Ngozi Adichie definiert dies als \u201edie Gefahr einer einzigen Geschichte\u201c(Adiche, 2019).<\/p>\n\n\n\n<h2 class=\"wp-block-heading\"><strong>Der aktuelle Stand in der Kinderliteratur<\/strong><\/h2>\n\n\n\n<p>Die Bekr\u00e4ftigung der Bedeutsamkeit der Darstellung von Kindern in der Literatur kann mit einem wichtigen Meilenstein in Verbindung gebracht werden, der auf das Jahr 1990 zur\u00fcckgeht. In diesem Jahr legte Rudine Sims Bishop die Metapher \u201eMirrors, Windows, and Sliding Glass Doors\u201c (Spiegel, Fenster und Glasschiebet\u00fcren) fest, um die Rolle der Kinderliteratur zu beschreiben. Nach Bishops Ansicht bieten Fensterb\u00fccher \u201eEinblicke in Welten, die real oder imagin\u00e4r sein k\u00f6nnen\u201c und [B\u00fccher] \u201esind auch Glasschiebet\u00fcren, durch die der Leser nur in seiner Fantasie hindurchgehen muss, um Teil der Welt zu werden, die der Autor geschaffen hat\u201c (1990).<\/p>\n\n\n\n<p>In Spiegelb\u00fcchern \u201ek\u00f6nnen wir unser eigenes Leben und unsere Erfahrungen als Teil der gr\u00f6\u00dferen menschlichen Erfahrung sehen\u201c, was \u2013 wie Bishop argumentiert \u2013 ein \u201eMittel zur Selbstbest\u00e4tigung\u201c ist (Bishop, 1990). In diesem Sinne kann die Kinderliteratur einen Spiegel f\u00fcr die Gesellschaft darstellen, indem sie sowohl die Realit\u00e4t widerspiegelt, in der wir leben, als auch \u201eprojiziert, wie wir unsere <a href=\"https:\/\/www.humanium.org\/de\/rechte-kindes\/\">Kinder<\/a> haben wollen\u201c (Dahlen, 2020).&nbsp;<\/p>\n\n\n\n<p>Seither hat die Repr\u00e4sentation von Kindern in der Literatur immer mehr an Bedeutung gewonnen und die Definition von \u201eRepr\u00e4sentation\u201c hat sich im Laufe der Zeit entsprechend der sich wandelnden Realit\u00e4t ver\u00e4ndert. Lange Zeit war die Welt der Kinderliteratur, wie es Nancy Larrick nannte, \u201e<a href=\"https:\/\/www.humanium.org\/de\/diskriminierung\/\">reinwei\u00df<\/a>\u201c (Larrick, 2020). Doch als Reaktion auf die mangelnde Repr\u00e4sentation traten im Laufe der Zeit immer mehr Figuren in die Kinderbuchszene ein, die verschiedene Ethnien repr\u00e4sentierten. <\/p>\n\n\n\n<p>Dies war m\u00f6glich dank der gestiegenen Nachfrage seitens der VerbraucherInnen, aber auch dank einer ganzen Generation von AutorInnen, die ohne Bezug zu einer solchen Diversit\u00e4t aufgewachsen sind und die zu einer Ver\u00e4nderung der Kultur beitragen wollten.<\/p>\n\n\n\n<p>Das Cooperative Children&#8217;s Book Center (CCBC) an der School of Education der University of Wisconsin-Madison hat den Anteil der Kinderb\u00fccher analysiert, die im Zeitraum von 1985 bis heute von und\/oder \u00fcber nicht-wei\u00dfe(n) Menschen geschrieben wurden. Zwischen 1985 und 2015 schwankte dieser Anteil der Kinderb\u00fccher zwischen 9 und 14 Prozent (Dahlen, 2020). <\/p>\n\n\n\n<p>Im Jahr 2016 erreichte der Prozentsatz von B\u00fcchern <em>\u00fcber <\/em><a href=\"https:\/\/www.humanium.org\/de\/diskriminierung\/\">nicht-wei\u00dfe Personen<\/a> 22\u00a0Prozent, aber dieser Anstieg der Repr\u00e4sentation zeigte auch eine Schattenseite: Viele wei\u00dfe Autoren schufen mehr farbige Figuren und Figuren mit uneindeutiger ethnischer Zugeh\u00f6rigkeit, z. B. mit brauner Hautfarbe, und f\u00f6rderten damit auch stereotype Figuren, die eine falsche Wahrnehmung der von ihnen repr\u00e4sentierten Ethnien beg\u00fcnstigten. Die Prozentzahl der B\u00fccher <em>von<\/em> nicht-wei\u00dfen Personen, die nur 13 Prozent betrug und damit deutlich niedriger war als die 22 Prozent <em>\u00fcber<\/em> nicht-wei\u00dfe Personen, unterstreicht diesen Befund.<\/p>\n\n\n\n<p>Zwischen 2018 und 2020 schwankte der Anteil der Kinderb\u00fccher, die <em>von<\/em> nicht-wei\u00dfen Personen geschrieben wurden, zwischen 23,79 (2018) und 28,56 Prozent (2020), w\u00e4hrend der Anteil von B\u00fcchern <em>\u00fcber<\/em> nicht-wei\u00dfe Personen zwischen 29,64 (2018) und 30,25 Prozent (2020) lag (Website des CCBC).<\/p>\n\n\n\n<p>Die CCBC-Statistiken zeigen einen langsamen Anstieg der Anzahl diverser B\u00fccher in den letzten zehn Jahren, mit drastischeren Ver\u00e4nderungen in den j\u00fcngeren Jahren. Laut einer Infografik von Lee &amp; Low (2018) stiegen die Zahlen zwischen 2013 und 2014 von 10 auf 14 Prozent, um dann 2015 auf 20 Prozent, 2016 auf 28 Prozent und 2017 auf 31 Prozent zu &#8222;springen&#8220; (Corrie, 2018). Diese Daten stellen einen positiven Trend dar, der jedoch noch weit von der Realit\u00e4t amerikanischer Kinder entfernt ist, in der die H\u00e4lfte der Kinder des Landes nicht-wei\u00df ist (Dahlen, 2020).<\/p>\n\n\n\n<p>Die Informationsgrafiken von Lee &amp; Low zeigen, dass die \u201eDiversit\u00e4tsl\u00fccke\u201c kein spezifisches Problem der Kinderliteratur, sondern ein Problem der Macht- und Medienbranche im Allgemeinen darstellt. Die Grafik von Lee&nbsp;&amp;&nbsp;Low aus dem Jahr 2018 verwendet die Daten des CCBC aus dem Jahr 2017 und zeigt, dass nur 7 Prozent bzw. 288 von 3700 untersuchten B\u00fcchern von Schwarzen, Latinx und indigenen Autoren geschrieben wurden (Corrie, 2018). Damit haben Literatur und Medien ein gemeinsames, von Macht geleitetes Element, das eine wahrheitsgetreue Darstellung der kindlichen Lebensrealit\u00e4t behindert.<\/p>\n\n\n\n<h2 class=\"wp-block-heading\"><strong>Die Rolle der Medien bei der Repr\u00e4sentation von Kindern<\/strong><\/h2>\n\n\n\n<figure class=\"wp-block-image size-large\"><img loading=\"lazy\" decoding=\"async\" width=\"1024\" height=\"683\" src=\"https:\/\/www.humanium.org\/de\/wp-content\/uploads\/2022\/03\/shutterstock_250881613-1024x683.jpg\" alt=\"\" class=\"wp-image-15635\" srcset=\"https:\/\/www.humanium.org\/de\/wp-content\/uploads\/2022\/03\/shutterstock_250881613-1024x683.jpg 1024w, https:\/\/www.humanium.org\/de\/wp-content\/uploads\/2022\/03\/shutterstock_250881613-300x200.jpg 300w, https:\/\/www.humanium.org\/de\/wp-content\/uploads\/2022\/03\/shutterstock_250881613-768x512.jpg 768w, https:\/\/www.humanium.org\/de\/wp-content\/uploads\/2022\/03\/shutterstock_250881613-1536x1024.jpg 1536w, https:\/\/www.humanium.org\/de\/wp-content\/uploads\/2022\/03\/shutterstock_250881613-2048x1365.jpg 2048w, https:\/\/www.humanium.org\/de\/wp-content\/uploads\/2022\/03\/shutterstock_250881613-830x553.jpg 830w, https:\/\/www.humanium.org\/de\/wp-content\/uploads\/2022\/03\/shutterstock_250881613-230x153.jpg 230w, https:\/\/www.humanium.org\/de\/wp-content\/uploads\/2022\/03\/shutterstock_250881613-350x233.jpg 350w, https:\/\/www.humanium.org\/de\/wp-content\/uploads\/2022\/03\/shutterstock_250881613-480x320.jpg 480w, https:\/\/www.humanium.org\/de\/wp-content\/uploads\/2022\/03\/shutterstock_250881613-272x182.jpg 272w\" sizes=\"auto, (max-width: 1024px) 100vw, 1024px\" \/><\/figure>\n\n\n\n<p>Medien spielen im <a href=\"https:\/\/www.humanium.org\/de\/recht-leben\/\">Leben<\/a> von Kindern und Jugendlichen eine Schl\u00fcsselrolle, die im Laufe der Zeit immer gr\u00f6\u00dfer geworden ist. Im Jahr 2019 verbrachten junge Menschen durchschnittlich zwei Stunden pro Tag vor dem Fernseher (Rideout, 2019) und durch die <a href=\"https:\/\/www.humanium.org\/de\/die-psychische-gesundheit-von-kindern-waehrend-der-pandemie-eine-besorgnis-erregende-realitaet\/\">Covid-19-Pandemie<\/a> hat die <a href=\"https:\/\/www.humanium.org\/de\/kinderrechte-und-digitale-technologien-die-privatsphaere-von-kindern-im-zeitalter-der-sozialen-medien-die-gefahren-des-sharenting\/\">Nutzung von Medieninhalten<\/a> aufgrund ihrer vielf\u00e4ltigen Einsatzm\u00f6glichkeiten zugenommen: Unterhaltung, Verbindung, <a href=\"https:\/\/www.humanium.org\/de\/recht-bildung-weltweit\/\">Bildung<\/a>, Kreativit\u00e4t und Verbindung mit der Au\u00dfenwelt (Rideout, 2021).<\/p>\n\n\n\n<p>Vor diesem Hintergrund ist es wichtig, die wesentlichstenAuswirkungen einer solchen fr\u00fchen und konstanten Medienexposition in Bezug auf die positiven oder negativen Auswirkungen der Darstellung von Kindern zu untersuchen. Einen wichtigen Beitrag zur Beantwortung dieser Frage liefert die Kultivierungstheorie, die besagt, dass die Medienexposition dazu beitr\u00e4gt, Gedanken, Wahrnehmungen und Verhaltensweisen zu formen und dass die Zuschauer die Annahmen und \u00dcberzeugungen der Medieninhalte als Realit\u00e4t annehmen (Gerbner &amp; Gross, 1976). <\/p>\n\n\n\n<p>Kinder sind besonders anf\u00e4llig f\u00fcr Medienbotschaften und nutzen das, was sie in den Medien sehen, um sich ein Bild von sich selbst und von anderen zu machen. Deshalb hat die Medienindustrie gro\u00dfen Einfluss auf die Sozialisierung und das Selbstkonzept junger Menschen (Levinson, 2020) und spielt eine wichtige Rolle bei der Darstellung von Kindern.\u00a0<\/p>\n\n\n\n<p>Ein interessanter Bericht \u00fcber nordamerikanische Fernsehinhalte f\u00fcr Kinder (bis 12 Jahre) verdeutlicht die wiederholte Verwendung von Stereotypen und die geringe \u00dcbereinstimmung mit der Realit\u00e4t, in der Kinder leben (Lemish &amp; Johnson, 2019). So waren beispielsweise 65 Prozent der Figuren wei\u00df, und <a href=\"https:\/\/www.humanium.org\/de\/die-rechte-von-madchen\/\">weibliche Figuren<\/a> waren h\u00e4ufiger nicht-wei\u00df oder rassisch uneindeutig als m\u00e4nnliche Figuren. Au\u00dferdem waren nur 38 Prozent der Figuren Frauen oder M\u00e4dchen, w\u00e4hrend fast 51 Prozent der US-Bev\u00f6lkerung weiblich sind.<\/p>\n\n\n\n<p>Dar\u00fcber hinaus war die Quote der weiblichen Charaktere, die Probleme mit Hilfe von Magie l\u00f6sten, doppelt so hoch wie die der m\u00e4nnlichen Charaktere, die Probleme eher mit Hilfe von Wissenschaft, Technologie, Ingenieurwesen und Mathematik (STEM) oder ihrer K\u00f6rperlichkeit l\u00f6sten (Levinson, 2020). Dar\u00fcber hinaus zeigte nur 1 Prozent der Figuren Anzeichen einer k\u00f6rperlichen <a href=\"https:\/\/www.humanium.org\/de\/kinder-mit-behinderung\/\">Behinderung<\/a> oder chronischen <a href=\"https:\/\/www.humanium.org\/de\/kinderkrankheiten\/\">Krankheit<\/a>, obwohl 20&nbsp;Prozent der Bev\u00f6lkerung mit einer Behinderung leben (Okoro et al., 2018). Au\u00dferdem wiesen nur 2 Prozent der Figuren einen niedrigeren sozio\u00f6konomischen Status auf, w\u00e4hrend etwa 20 Prozent der amerikanischen Kinder unterhalb der Armutsgrenze leben (NCCP).<\/p>\n\n\n\n<p>Der neueste Bericht von Common Sense, \u201eThe Inclusion Imperative: Why Media Representation Matters for Kids&#8216; Ethnic-Racial Development\u201c (Warum die Darstellung in den Medien f\u00fcr die ethnisch-rassische Entwicklung von Kindern wichtig ist), hebt die Unterrepr\u00e4sentation und die Stereotypisierung von People of Color in Film- und Fernsehrollen hervor (Rogers, 2021). <\/p>\n\n\n\n<p>Obwohl sie 18 Prozent der Bev\u00f6lkerung ausmachen, haben Latinx beispielsweise nur 5 Prozent der Sprechrollen in Filmen inne. Personen dunkler Hautfarbe werden in Sendungen, die vor allem von Kindern zwischen 2 und 13 Jahren gesehen werden, eher als <a href=\"https:\/\/www.humanium.org\/de\/themenschwerpunkte\/gewalt\/\">gewaltt\u00e4tig<\/a> dargestellt und Frauen aller ethnischen Gruppen treten in Programmen f\u00fcr Erwachsene eher in sexualisierten Rollen auf (Rogers, 2021). Nach Ansicht der <a href=\"https:\/\/www.humanium.org\/de\/familie-und-rechte-von-kindern\/\">Eltern<\/a> und Betreuer, die an der Studie beteiligt waren, werden wei\u00dfe Menschen in den von ihren Kindern gesehenen Medien h\u00e4ufig positiv dargestellt, w\u00e4hrend jeder Vierte der Ansicht ist, dass die Darstellung von Schwarzen, Hispanoamerikanern und LGBTQIA+ Menschen eher negativ ist (Rogers, 2021).<\/p>\n\n\n\n<p>Die oben genannten Studien zeigen, dass die Darstellung von Kindern in den Medien nicht die Realit\u00e4t widerspiegelt, in der sie leben, sondern im Gegenteil ein Narrativ f\u00f6rdert, das auf Stereotypen und vordefinierten Rollen beruht, mit denen sich Kinder wom\u00f6glich identifizieren. Auch hier besteht die Gefahr, dass die Medien eine \u201eeinzige Geschichte\u201c f\u00f6rdern (Adiche, 2019).<\/p>\n\n\n\n<h2 class=\"wp-block-heading\"><strong>Wer sind die Hauptakteure bei der Umsetzung eines Kulturwandels?<\/strong><\/h2>\n\n\n\n<p>Die F\u00f6rderung eines Kulturwandels in der Darstellung von Kindern in Literatur und Medien ist von entscheidender Bedeutung, um das <a href=\"https:\/\/www.humanium.org\/de\/themenschwerpunkte\/kinderrechte\/\">Recht der Kinder<\/a> auf &#8222;Entdeckung und Entwicklung ihrer Pers\u00f6nlichkeit, ihrer Begabungen und ihrer geistigen und k\u00f6rperlichen F\u00e4higkeiten in vollem Umfang&#8220; zu verwirklichen <a href=\"https:\/\/www.humanium.org\/de\/konvention\/\">(Artikel 29 (1), Buchstabe a) KRK).<\/a> Um dieses Ziel zu erreichen, spielen alle Beteiligten im <a href=\"https:\/\/www.humanium.org\/de\/recht-leben\/\">Leben<\/a> eines Kindes eine wichtige Rolle.<\/p>\n\n\n\n<p>Zun\u00e4chst einmal tragen Verleger und Bibliotheken zur Sache bei, indem sie entscheiden, welche B\u00fccher gedruckt und verkauft werden sollen. Auf diese Weise k\u00f6nnen sie die Auswahlm\u00f6glichkeiten der VerbraucherInnen beeinflussen. In einer globalisierten und vernetzten <a href=\"https:\/\/www.humanium.org\/de\/kinder-weltweit\/\">Welt<\/a> ist es immer einfacher, Zugang zu verschiedenen Informationsquellen zu haben, aber dies h\u00e4ngt auch von der Aufgeschlossenheit und dem Bewusstsein dieser Akteure f\u00fcr die Bedeutung der Darstellung von Kindern ab.&nbsp;<\/p>\n\n\n\n<p>In dieser Hinsicht haben auch die VerbraucherInnen die Macht, das Angebot auf dem Markt zu beeinflussen, sowohl was B\u00fccher als auch was Medieninhalte betrifft. Vor allem <a href=\"https:\/\/www.humanium.org\/de\/familie-und-rechte-von-kindern\/\">Eltern<\/a> achten immer mehr auf die Inhalte, die ihre Kinder konsumieren, und sie fordern die Medienschaffenden auf, Inhalte zu liefern, die die Vielfalt der Lebenswelt ihrer Kinder besser widerspiegeln (Rogers, 2021).&nbsp;<\/p>\n\n\n\n<p>Auch AutorInnen und K\u00fcnstlerInnen haben die M\u00f6glichkeit, die von ihnen produzierten Inhalte zu beeinflussen, um die Realit\u00e4t, in der Kinder leben, besser darzustellen und sie dank ihrer privilegierten Rolle zu inspirieren. Sie bieten \u201eFenster\u201c (Bishop, 1990) zur Au\u00dfenwelt und begleiten Kinder bei der Entdeckung der Welt und auch ihrer selbst.<\/p>\n\n\n\n<p>Und schlie\u00dflich sind die Kinder die Hauptakteure bei der F\u00f6rderung eines kulturellen Wandels, der die Lebenswirklichkeit der Kinder besser widerspiegelt und ihre <a href=\"https:\/\/www.humanium.org\/de\/recht-auf-identitat\/\">Identit\u00e4t<\/a>, ihre Bed\u00fcrfnisse, ihre Gedanken und ihre Bestrebungen st\u00e4rker respektiert. Der beste Weg, dieses Ziel zu erreichen, besteht in der Auseinandersetzung mit ihren Geschichten und darin, sich selbst in die Geschichten einzubringen, die sie sich ausdenken, denn jede einzelne Geschichte ist wichtig und muss erz\u00e4hlt werden.<\/p>\n\n\n\n<figure class=\"wp-block-image size-large\"><img loading=\"lazy\" decoding=\"async\" width=\"1024\" height=\"683\" src=\"https:\/\/www.humanium.org\/de\/wp-content\/uploads\/2022\/03\/shutterstock_1352058026-1024x683.jpg\" alt=\"\" class=\"wp-image-15636\" srcset=\"https:\/\/www.humanium.org\/de\/wp-content\/uploads\/2022\/03\/shutterstock_1352058026-1024x683.jpg 1024w, https:\/\/www.humanium.org\/de\/wp-content\/uploads\/2022\/03\/shutterstock_1352058026-300x200.jpg 300w, https:\/\/www.humanium.org\/de\/wp-content\/uploads\/2022\/03\/shutterstock_1352058026-768x512.jpg 768w, https:\/\/www.humanium.org\/de\/wp-content\/uploads\/2022\/03\/shutterstock_1352058026-1536x1024.jpg 1536w, https:\/\/www.humanium.org\/de\/wp-content\/uploads\/2022\/03\/shutterstock_1352058026-2048x1365.jpg 2048w, https:\/\/www.humanium.org\/de\/wp-content\/uploads\/2022\/03\/shutterstock_1352058026-830x553.jpg 830w, https:\/\/www.humanium.org\/de\/wp-content\/uploads\/2022\/03\/shutterstock_1352058026-230x153.jpg 230w, https:\/\/www.humanium.org\/de\/wp-content\/uploads\/2022\/03\/shutterstock_1352058026-350x233.jpg 350w, https:\/\/www.humanium.org\/de\/wp-content\/uploads\/2022\/03\/shutterstock_1352058026-480x320.jpg 480w, https:\/\/www.humanium.org\/de\/wp-content\/uploads\/2022\/03\/shutterstock_1352058026-272x182.jpg 272w\" sizes=\"auto, (max-width: 1024px) 100vw, 1024px\" \/><\/figure>\n\n\n\n<p><a href=\"https:\/\/www.humanium.org\/de\/prasentation-2\/\">Humanium<\/a> steht an vorderster Front, wenn es darum geht, die Diversit\u00e4t und die Einbeziehung aller Kinder zu f\u00f6rdern, damit ihre Stimmen geh\u00f6rt werden. Wir setzen uns f\u00fcr eine Welt ein, in der die Rechte von Kindern respektiert und gesch\u00fctzt werden, und wir arbeiten daran, dass Kinder aller Hintergr\u00fcnde, Geschlechter und Ethnien in den Medien und in der Literatur gleicherma\u00dfen vertreten sind. Erfahren Sie, wie Sie sich f\u00fcr die Rechte der Kinder einsetzen k\u00f6nnen, treten Sie unserer Gemeinschaft bei, <a href=\"https:\/\/www.humanium.org\/de\/teilnehmen-2\/volunteer\/\">beteiligen Sie sich an unserer Arbeit<\/a> und teilen Sie unsere Mission \u00fcber <a href=\"https:\/\/www.humanium.org\/de\/\">unsere Website<\/a>, <a href=\"https:\/\/www.facebook.com\/Humanium.Kinderrechte\">unsere Facebook-Seite<\/a> oder unseren Newsletter!<\/p>\n\n\n\n<p><em><strong>Geschrieben von Arianna Braga<\/strong><\/em>&nbsp;<a href=\"#_ftn1\"><strong><u><strong><u><sup>[1]<\/sup><\/u><\/strong><\/u><\/strong><\/a><\/p>\n\n\n\n<p><em><strong>\u00dcbersetzt von Karolina Hofman<\/strong><\/em><\/p>\n\n\n\n<p><em><strong>Korrektur gelesen von Jana Ruf<\/strong><\/em><\/p>\n\n\n\n<h4 class=\"wp-block-heading\"><strong>F\u00fcr mehr Informationen:<\/strong><\/h4>\n\n\n\n<p class=\"has-small-font-size\"><a href=\"https:\/\/ccbc.education.wisc.edu\/literature-resources\/ccbc-diversity-statistics\/books-by-about-poc-fnn\/\" target=\"_blank\" rel=\"noreferrer noopener\">Books by and\/or about Black, Indigenous and People of Color (All Years)<\/a><\/p>\n\n\n\n<p class=\"has-small-font-size\"><a href=\"https:\/\/blog.leeandlow.com\/2018\/05\/10\/the-diversity-gap-in-childrens-book-publishing-2018\/\" target=\"_blank\" rel=\"noreferrer noopener\">Lee &amp; Low\u2019s 2018 infographic<\/a><\/p>\n\n\n\n<h4 class=\"wp-block-heading\"><strong>Quellen:<\/strong><\/h4>\n\n\n\n<p class=\"has-small-font-size\">Adichie, C. (July, 2019). The danger of a single story. Retrieved from <a href=\"https:\/\/www.ted.com\/talks\/chimamanda_ngozi_adichie_the_danger_of_a_single_story?language=en\" target=\"_blank\" rel=\"noreferrer noopener\">https:\/\/www.ted.com\/talks\/chimamanda_ngozi_adichie_the_danger_of_a_single_story?language=en<\/a>, accessed on 16 February 2022.<\/p>\n\n\n\n<p class=\"has-small-font-size\">Convention on the rights of the child (1989) Treaty no. 27531. United Nations Treaty Series, 1577, pp. 3-178. Retrieved from <a href=\"https:\/\/treaties.un.org\/doc\/Treaties\/1990\/09\/19900902%2003-14%20AM\/Ch_IV_11p.pdf\" target=\"_blank\" rel=\"noreferrer noopener\">https:\/\/treaties.un.org\/doc\/Treaties\/1990\/09\/19900902%2003-14%20AM\/Ch_IV_11p.pdf<\/a>, accessed on 16 February 2022.<\/p>\n\n\n\n<p class=\"has-small-font-size\">Corrie, J. (10 May, 2018). The Diversity Gap in Children\u2019s Book Publishing, 2018. Retrieved from <a href=\"https:\/\/blog.leeandlow.com\/2018\/05\/10\/the-diversity-gap-in-childrens-book-publishing-2018\/\" target=\"_blank\" rel=\"noreferrer noopener\">https:\/\/blog.leeandlow.com\/2018\/05\/10\/the-diversity-gap-in-childrens-book-publishing-2018\/<\/a>, accessed on 15 February 2022.<\/p>\n\n\n\n<p class=\"has-small-font-size\">Dahlen S.P. (2020). \u201cWe Need Diverse Books\u201d: Diversity, Activism, and Children\u2019s Literature. In: op de Beeck N. (eds) Literary Cultures and Twenty-First-Century Childhoods. Literary Cultures and Childhoods. Palgrave Macmillan, Cham. Retrieved from <a href=\"https:\/\/doi.org\/10.1007\/978-3-030-32146-8_5\" target=\"_blank\" rel=\"noreferrer noopener\">https:\/\/doi.org\/10.1007\/978-3-030-32146-8_5<\/a>, accessed on 16 February 2022.<\/p>\n\n\n\n<p class=\"has-small-font-size\">Gerbner, G., Gross, L., (June, 1976). Living with Television: The Violence Profile,&nbsp;<em>Journal of Communication<\/em>, Volume 26, Issue 2, June 1976, Pages 172\u2013199. Retrieved from <a href=\"https:\/\/doi.org\/10.1111\/j.1460-2466.1976.tb01397.x\" target=\"_blank\" rel=\"noreferrer noopener\">https:\/\/doi.org\/10.1111\/j.1460-2466.1976.tb01397.x<\/a>, accessed on 17 February 2022.<\/p>\n\n\n\n<p class=\"has-small-font-size\">Hunter, E. (January 18, 2018). Children are like little sponges&#8216;: early learning can set them up for life. Retrieved from <a href=\"https:\/\/theirworld.org\/news\/early-learning-sets-up-young-children-for-life\" target=\"_blank\" rel=\"noreferrer noopener\">https:\/\/theirworld.org\/news\/early-learning-sets-up-young-children-for-life<\/a>, accessed on 16 February 2022.<\/p>\n\n\n\n<p class=\"has-small-font-size\">Huyck, D., Park Dahlen, S., Griffin, M. B. (September 14, 2016). Diversity in Children\u2019s Books 2015 infographic. Retrieved from <a href=\"https:\/\/readingspark.wordpress.com\/2016\/09\/14\/picture-this-reflecting-diversity-in-childrens-book-publishing\/\" target=\"_blank\" rel=\"noreferrer noopener\">https:\/\/readingspark.wordpress.com\/2016\/09\/14\/picture-this-reflecting-diversity-in-childrens-book-publishing\/<\/a>&nbsp;<\/p>\n\n\n\n<p class=\"has-small-font-size\">Huyck, D., Park Dahlen. (June&nbsp;19, 2019).&nbsp;Diversity in Children\u2019s Books 2018. Created in consultation with Edith Campbell, Molly Beth Griffin, K. T. Horning, Debbie Reese, Ebony Elizabeth Thomas, and Madeline Tyner. Retrieved from <a href=\"https:\/\/readingspark.wordpress.com\/2019\/06\/19\/picture-this-diversity-in-childrens-books-2018-infographic\/\" target=\"_blank\" rel=\"noreferrer noopener\">https:\/\/readingspark.wordpress.com\/2019\/06\/19\/picture-this-diversity-in-childrens-books-2018-infographic\/<\/a>, accessed on 15 February 2022.<\/p>\n\n\n\n<p class=\"has-small-font-size\">Larrick, N. (1965). The All-White World of Children&#8217;s Books. Retrieved from <a href=\"https:\/\/brichislitspot.files.wordpress.com\/2017\/08\/384larrick.pdf\" target=\"_blank\" rel=\"noreferrer noopener\">https:\/\/brichislitspot.files.wordpress.com\/2017\/08\/384larrick.pdf<\/a>, accessed on 15 February 2022.<\/p>\n\n\n\n<p class=\"has-small-font-size\">Levinson, J. (March 5, 202). Why Diversity in Children\u2019s Media is So Important. Retrieved from https:\/\/www.psychologyinaction.org\/psychology-in-action-1\/2020\/3\/5\/why-diversity-in-childrens-media-is-so-important, accessed on 16 February 2022.<\/p>\n\n\n\n<p class=\"has-small-font-size\">Martins, N., &amp; Harrison, K. (2012). Racial and Gender Differences in the Relationship Between Children\u2019s Television Use and Self-Esteem. <em>Communication Research<\/em>, <em>39<\/em>(3), 338\u2013357. <a href=\"https:\/\/doi.org\/10.1177\/0093650211401376\" target=\"_blank\" rel=\"noreferrer noopener\">https:\/\/doi.org\/10.1177\/0093650211401376<\/a>, accessed on 16 February 2022.<\/p>\n\n\n\n<p class=\"has-small-font-size\">NCCP | Child Poverty. (2019). Retrieved February 28, 2020, from http:\/\/www.nccp.org\/topics\/childpoverty.html, accessed on 16 February 2022.<\/p>\n\n\n\n<p class=\"has-small-font-size\">Okoro, C. A., Hollis, N. D., Cyrus, A. C., &amp; Griffin-Blake, S. (2018). Prevalence of Disabilities and Health Care Access by Disability Status and Type Among Adults \u2014 United States, 2016. <em>MMWR. Morbidity and Mortality Weekly Report<\/em>, <em>67<\/em>(32), 882\u2013887. Retrieved from <a href=\"https:\/\/doi.org\/10.15585\/mmwr.mm6732a3\" target=\"_blank\" rel=\"noreferrer noopener\">https:\/\/doi.org\/10.15585\/mmwr.mm6732a3<\/a>, accessed on 16 February 2022.<\/p>\n\n\n\n<p class=\"has-small-font-size\">Rideout, V., and Robb, M. B. (2019). The Common Sense census: Media use by tweens and teens, 2019. San Francisco, CA: Common Sense Media.<\/p>\n\n\n\n<p class=\"has-small-font-size\">Rideout, V. and Robb, M. B. (2021). The role of media during the pandemic: Connection, creativity, and learning for tweens and teens. San Francisco, CA: Common Sense.<\/p>\n\n\n\n<p class=\"has-small-font-size\">Rogers, O. (October 20, 2021). Why Representation Matters in Kids&#8216; Media [Blog Post]. Retrieved from <a href=\"https:\/\/www.commonsensemedia.org\/kids-action\/blog\/why-representation-matters-in-kids-media\" target=\"_blank\" rel=\"noreferrer noopener\">https:\/\/www.commonsensemedia.org\/kids-action\/blog\/why-representation-matters-in-kids-media#<\/a>, accessed on 16 February 2022.<\/p>\n\n\n\n<p class=\"has-small-font-size\">Rogers, O., Mastro, D., Robb, M. B., &amp; Peebles, A. (2021). The Inclusion Imperative: Why Media Representation Matters for Kids&#8216; Ethnic-Racial Development. San Francisco, CA: Common Sense<\/p>\n\n\n\n<p class=\"has-small-font-size\">Sims Bishop, R. (1990). \u201cMirrors, Windows, and Sliding Glass Doors.\u201d Perspectives: Choosing and Using Books for the Classroom, vol. 6, no. 3, 1990 summer.<\/p>\n\n\n\n<p class=\"has-small-font-size\">Statistics compiled by the Cooperative Children\u2019s Book Center, School of Education, University of Wisconsin-Madison:&nbsp;<a href=\"https:\/\/ccbc.education.wisc.edu\/literature-resources\/ccbc-diversity-statistics\/books-by-about-poc-fnn\/\" target=\"_blank\" rel=\"noreferrer noopener\">https:\/\/ccbc.education.wisc.edu\/literature-resources\/ccbc-diversity-statistics\/books-by-about-poc-fnn\/<\/a>, accessed on 15 February 2022.<\/p>\n\n\n\n<p class=\"has-small-font-size\">Tukachinsky, R., Mastro, D., &amp;Yarchi, M. (2017). The Effect of Prime Time Television Ethnic\/Racial Stereotypes on Latino and Black Americans: A Longitudinal National Level Study. <em>Journal of Broadcasting &amp; Electronic Media<\/em>, <em>61<\/em>(3), 538\u2013556. <a href=\"https:\/\/doi.org\/10.1080\/08838151.2017.1344669\" target=\"_blank\" rel=\"noreferrer noopener\">https:\/\/doi.org\/10.1080\/08838151.2017.1344669<\/a>, accessed on 16 February 2022.<\/p>\n\n\n\n<hr class=\"wp-block-separator\"\/>\n\n\n\n<p class=\"has-small-font-size\"><a href=\"#_ftnref1\">[1]<\/a> Ich m\u00f6chte mich auch bei Professor Sarah Park Dahlen bedanken, dessen wertvollenErkenntnisse und Anmerkungendiesen Artikel bereichert haben.&nbsp;<\/p>\n","protected":false},"excerpt":{"rendered":"<p>Die Repr\u00e4sentation von Kindern ist ein zentrales Thema f\u00fcr die Entwicklung und das Wachstum von Kindern und sie hat im Laufe der Zeit verschiedene Formen angenommen. Die Kinderliteratur spielt eine wichtige Rolle bei der Entdeckung der \u00e4u\u00dferen und der inneren Welt von Kindern, jedochstellt die fehlende Darstellung einiger ethnischer Gruppen auch eine gro\u00dfe Herausforderung dar, [&hellip;]<\/p>\n","protected":false},"author":53,"featured_media":15637,"comment_status":"closed","ping_status":"closed","sticky":false,"template":"","format":"standard","meta":{"footnotes":""},"categories":[13,163],"tags":[],"class_list":["post-15634","post","type-post","status-publish","format-standard","has-post-thumbnail","hentry","category-bildung","category-kinderrechte"],"yoast_head":"<!-- This site is optimized with the Yoast SEO plugin v26.5 - https:\/\/yoast.com\/wordpress\/plugins\/seo\/ -->\n<title>Die Wichtigkeit der Repr\u00e4sentation von Kindern in Literatur und Medien - Humanium<\/title>\n<meta name=\"description\" content=\"Die fehlende Darstellung einiger ethnischer Gruppen auch eine gro\u00dfe Herausforderung dar, die noch lange nicht gel\u00f6st ist.\" \/>\n<meta name=\"robots\" content=\"index, follow, max-snippet:-1, max-image-preview:large, max-video-preview:-1\" \/>\n<link rel=\"canonical\" href=\"https:\/\/www.humanium.org\/de\/die-wichtigkeit-der-repraesentation-von-kindern-in-literatur-und-medien\/\" \/>\n<meta property=\"og:locale\" content=\"de_DE\" \/>\n<meta property=\"og:type\" content=\"article\" \/>\n<meta property=\"og:title\" content=\"Die Wichtigkeit der Repr\u00e4sentation von Kindern in Literatur und Medien - Humanium\" \/>\n<meta property=\"og:description\" content=\"Die fehlende Darstellung einiger ethnischer Gruppen auch eine gro\u00dfe Herausforderung dar, die noch lange nicht gel\u00f6st ist.\" \/>\n<meta property=\"og:url\" content=\"https:\/\/www.humanium.org\/de\/die-wichtigkeit-der-repraesentation-von-kindern-in-literatur-und-medien\/\" \/>\n<meta property=\"og:site_name\" content=\"Humanium\" \/>\n<meta property=\"article:published_time\" content=\"2022-03-22T12:46:51+00:00\" \/>\n<meta property=\"article:modified_time\" content=\"2025-12-06T06:29:09+00:00\" \/>\n<meta property=\"og:image\" content=\"https:\/\/www.humanium.org\/de\/wp-content\/uploads\/2022\/03\/shutterstock_1918643366-scaled.jpg\" \/>\n\t<meta property=\"og:image:width\" content=\"2560\" \/>\n\t<meta property=\"og:image:height\" content=\"1414\" \/>\n\t<meta property=\"og:image:type\" content=\"image\/jpeg\" \/>\n<meta name=\"author\" content=\"Arianna Braga\" \/>\n<meta name=\"twitter:card\" content=\"summary_large_image\" \/>\n<meta name=\"twitter:label1\" content=\"Verfasst von\" \/>\n\t<meta name=\"twitter:data1\" content=\"Arianna Braga\" \/>\n\t<meta name=\"twitter:label2\" content=\"Gesch\u00e4tzte Lesezeit\" \/>\n\t<meta name=\"twitter:data2\" content=\"17\u00a0Minuten\" \/>\n<script type=\"application\/ld+json\" class=\"yoast-schema-graph\">{\"@context\":\"https:\/\/schema.org\",\"@graph\":[{\"@type\":\"WebPage\",\"@id\":\"https:\/\/www.humanium.org\/de\/die-wichtigkeit-der-repraesentation-von-kindern-in-literatur-und-medien\/\",\"url\":\"https:\/\/www.humanium.org\/de\/die-wichtigkeit-der-repraesentation-von-kindern-in-literatur-und-medien\/\",\"name\":\"Die Wichtigkeit der Repr\u00e4sentation von Kindern in Literatur und Medien - Humanium\",\"isPartOf\":{\"@id\":\"https:\/\/www.humanium.org\/de\/#website\"},\"primaryImageOfPage\":{\"@id\":\"https:\/\/www.humanium.org\/de\/die-wichtigkeit-der-repraesentation-von-kindern-in-literatur-und-medien\/#primaryimage\"},\"image\":{\"@id\":\"https:\/\/www.humanium.org\/de\/die-wichtigkeit-der-repraesentation-von-kindern-in-literatur-und-medien\/#primaryimage\"},\"thumbnailUrl\":\"https:\/\/www.humanium.org\/de\/wp-content\/uploads\/2022\/03\/shutterstock_1918643366-scaled.jpg\",\"datePublished\":\"2022-03-22T12:46:51+00:00\",\"dateModified\":\"2025-12-06T06:29:09+00:00\",\"author\":{\"@id\":\"https:\/\/www.humanium.org\/de\/#\/schema\/person\/4b6b7f9ab2a09652d1c4609b16152453\"},\"description\":\"Die fehlende Darstellung einiger ethnischer Gruppen auch eine gro\u00dfe Herausforderung dar, die noch lange nicht gel\u00f6st ist.\",\"breadcrumb\":{\"@id\":\"https:\/\/www.humanium.org\/de\/die-wichtigkeit-der-repraesentation-von-kindern-in-literatur-und-medien\/#breadcrumb\"},\"inLanguage\":\"de\",\"potentialAction\":[{\"@type\":\"ReadAction\",\"target\":[\"https:\/\/www.humanium.org\/de\/die-wichtigkeit-der-repraesentation-von-kindern-in-literatur-und-medien\/\"]}]},{\"@type\":\"ImageObject\",\"inLanguage\":\"de\",\"@id\":\"https:\/\/www.humanium.org\/de\/die-wichtigkeit-der-repraesentation-von-kindern-in-literatur-und-medien\/#primaryimage\",\"url\":\"https:\/\/www.humanium.org\/de\/wp-content\/uploads\/2022\/03\/shutterstock_1918643366-scaled.jpg\",\"contentUrl\":\"https:\/\/www.humanium.org\/de\/wp-content\/uploads\/2022\/03\/shutterstock_1918643366-scaled.jpg\",\"width\":2560,\"height\":1414},{\"@type\":\"BreadcrumbList\",\"@id\":\"https:\/\/www.humanium.org\/de\/die-wichtigkeit-der-repraesentation-von-kindern-in-literatur-und-medien\/#breadcrumb\",\"itemListElement\":[{\"@type\":\"ListItem\",\"position\":1,\"name\":\"Home\",\"item\":\"https:\/\/www.humanium.org\/de\/\"},{\"@type\":\"ListItem\",\"position\":2,\"name\":\"Die Wichtigkeit der Repr\u00e4sentation von Kindern in Literatur und Medien\"}]},{\"@type\":\"WebSite\",\"@id\":\"https:\/\/www.humanium.org\/de\/#website\",\"url\":\"https:\/\/www.humanium.org\/de\/\",\"name\":\"Humanium\",\"description\":\"Kinder zuerst!\",\"potentialAction\":[{\"@type\":\"SearchAction\",\"target\":{\"@type\":\"EntryPoint\",\"urlTemplate\":\"https:\/\/www.humanium.org\/de\/?s={search_term_string}\"},\"query-input\":{\"@type\":\"PropertyValueSpecification\",\"valueRequired\":true,\"valueName\":\"search_term_string\"}}],\"inLanguage\":\"de\"},{\"@type\":\"Person\",\"@id\":\"https:\/\/www.humanium.org\/de\/#\/schema\/person\/4b6b7f9ab2a09652d1c4609b16152453\",\"name\":\"Arianna Braga\",\"image\":{\"@type\":\"ImageObject\",\"inLanguage\":\"de\",\"@id\":\"https:\/\/www.humanium.org\/de\/#\/schema\/person\/image\/\",\"url\":\"https:\/\/secure.gravatar.com\/avatar\/c54a89988d1e47bbfb1d91ac489145c69c7743e3d0f49b16948f9cf6574a4056?s=96&d=mm&r=g\",\"contentUrl\":\"https:\/\/secure.gravatar.com\/avatar\/c54a89988d1e47bbfb1d91ac489145c69c7743e3d0f49b16948f9cf6574a4056?s=96&d=mm&r=g\",\"caption\":\"Arianna Braga\"},\"sameAs\":[\"https:\/\/www.linkedin.com\/in\/ariannabraga\/\"],\"url\":\"https:\/\/www.humanium.org\/de\/author\/autor_ariannabraga\/\"}]}<\/script>\n<!-- \/ Yoast SEO plugin. -->","yoast_head_json":{"title":"Die Wichtigkeit der Repr\u00e4sentation von Kindern in Literatur und Medien - Humanium","description":"Die fehlende Darstellung einiger ethnischer Gruppen auch eine gro\u00dfe Herausforderung dar, die noch lange nicht gel\u00f6st ist.","robots":{"index":"index","follow":"follow","max-snippet":"max-snippet:-1","max-image-preview":"max-image-preview:large","max-video-preview":"max-video-preview:-1"},"canonical":"https:\/\/www.humanium.org\/de\/die-wichtigkeit-der-repraesentation-von-kindern-in-literatur-und-medien\/","og_locale":"de_DE","og_type":"article","og_title":"Die Wichtigkeit der Repr\u00e4sentation von Kindern in Literatur und Medien - Humanium","og_description":"Die fehlende Darstellung einiger ethnischer Gruppen auch eine gro\u00dfe Herausforderung dar, die noch lange nicht gel\u00f6st ist.","og_url":"https:\/\/www.humanium.org\/de\/die-wichtigkeit-der-repraesentation-von-kindern-in-literatur-und-medien\/","og_site_name":"Humanium","article_published_time":"2022-03-22T12:46:51+00:00","article_modified_time":"2025-12-06T06:29:09+00:00","og_image":[{"width":2560,"height":1414,"url":"https:\/\/www.humanium.org\/de\/wp-content\/uploads\/2022\/03\/shutterstock_1918643366-scaled.jpg","type":"image\/jpeg"}],"author":"Arianna Braga","twitter_card":"summary_large_image","twitter_misc":{"Verfasst von":"Arianna Braga","Gesch\u00e4tzte Lesezeit":"17\u00a0Minuten"},"schema":{"@context":"https:\/\/schema.org","@graph":[{"@type":"WebPage","@id":"https:\/\/www.humanium.org\/de\/die-wichtigkeit-der-repraesentation-von-kindern-in-literatur-und-medien\/","url":"https:\/\/www.humanium.org\/de\/die-wichtigkeit-der-repraesentation-von-kindern-in-literatur-und-medien\/","name":"Die Wichtigkeit der Repr\u00e4sentation von Kindern in Literatur und Medien - Humanium","isPartOf":{"@id":"https:\/\/www.humanium.org\/de\/#website"},"primaryImageOfPage":{"@id":"https:\/\/www.humanium.org\/de\/die-wichtigkeit-der-repraesentation-von-kindern-in-literatur-und-medien\/#primaryimage"},"image":{"@id":"https:\/\/www.humanium.org\/de\/die-wichtigkeit-der-repraesentation-von-kindern-in-literatur-und-medien\/#primaryimage"},"thumbnailUrl":"https:\/\/www.humanium.org\/de\/wp-content\/uploads\/2022\/03\/shutterstock_1918643366-scaled.jpg","datePublished":"2022-03-22T12:46:51+00:00","dateModified":"2025-12-06T06:29:09+00:00","author":{"@id":"https:\/\/www.humanium.org\/de\/#\/schema\/person\/4b6b7f9ab2a09652d1c4609b16152453"},"description":"Die fehlende Darstellung einiger ethnischer Gruppen auch eine gro\u00dfe Herausforderung dar, die noch lange nicht gel\u00f6st ist.","breadcrumb":{"@id":"https:\/\/www.humanium.org\/de\/die-wichtigkeit-der-repraesentation-von-kindern-in-literatur-und-medien\/#breadcrumb"},"inLanguage":"de","potentialAction":[{"@type":"ReadAction","target":["https:\/\/www.humanium.org\/de\/die-wichtigkeit-der-repraesentation-von-kindern-in-literatur-und-medien\/"]}]},{"@type":"ImageObject","inLanguage":"de","@id":"https:\/\/www.humanium.org\/de\/die-wichtigkeit-der-repraesentation-von-kindern-in-literatur-und-medien\/#primaryimage","url":"https:\/\/www.humanium.org\/de\/wp-content\/uploads\/2022\/03\/shutterstock_1918643366-scaled.jpg","contentUrl":"https:\/\/www.humanium.org\/de\/wp-content\/uploads\/2022\/03\/shutterstock_1918643366-scaled.jpg","width":2560,"height":1414},{"@type":"BreadcrumbList","@id":"https:\/\/www.humanium.org\/de\/die-wichtigkeit-der-repraesentation-von-kindern-in-literatur-und-medien\/#breadcrumb","itemListElement":[{"@type":"ListItem","position":1,"name":"Home","item":"https:\/\/www.humanium.org\/de\/"},{"@type":"ListItem","position":2,"name":"Die Wichtigkeit der Repr\u00e4sentation von Kindern in Literatur und Medien"}]},{"@type":"WebSite","@id":"https:\/\/www.humanium.org\/de\/#website","url":"https:\/\/www.humanium.org\/de\/","name":"Humanium","description":"Kinder zuerst!","potentialAction":[{"@type":"SearchAction","target":{"@type":"EntryPoint","urlTemplate":"https:\/\/www.humanium.org\/de\/?s={search_term_string}"},"query-input":{"@type":"PropertyValueSpecification","valueRequired":true,"valueName":"search_term_string"}}],"inLanguage":"de"},{"@type":"Person","@id":"https:\/\/www.humanium.org\/de\/#\/schema\/person\/4b6b7f9ab2a09652d1c4609b16152453","name":"Arianna Braga","image":{"@type":"ImageObject","inLanguage":"de","@id":"https:\/\/www.humanium.org\/de\/#\/schema\/person\/image\/","url":"https:\/\/secure.gravatar.com\/avatar\/c54a89988d1e47bbfb1d91ac489145c69c7743e3d0f49b16948f9cf6574a4056?s=96&d=mm&r=g","contentUrl":"https:\/\/secure.gravatar.com\/avatar\/c54a89988d1e47bbfb1d91ac489145c69c7743e3d0f49b16948f9cf6574a4056?s=96&d=mm&r=g","caption":"Arianna Braga"},"sameAs":["https:\/\/www.linkedin.com\/in\/ariannabraga\/"],"url":"https:\/\/www.humanium.org\/de\/author\/autor_ariannabraga\/"}]}},"_links":{"self":[{"href":"https:\/\/www.humanium.org\/de\/wp-json\/wp\/v2\/posts\/15634","targetHints":{"allow":["GET"]}}],"collection":[{"href":"https:\/\/www.humanium.org\/de\/wp-json\/wp\/v2\/posts"}],"about":[{"href":"https:\/\/www.humanium.org\/de\/wp-json\/wp\/v2\/types\/post"}],"author":[{"embeddable":true,"href":"https:\/\/www.humanium.org\/de\/wp-json\/wp\/v2\/users\/53"}],"replies":[{"embeddable":true,"href":"https:\/\/www.humanium.org\/de\/wp-json\/wp\/v2\/comments?post=15634"}],"version-history":[{"count":9,"href":"https:\/\/www.humanium.org\/de\/wp-json\/wp\/v2\/posts\/15634\/revisions"}],"predecessor-version":[{"id":21132,"href":"https:\/\/www.humanium.org\/de\/wp-json\/wp\/v2\/posts\/15634\/revisions\/21132"}],"wp:featuredmedia":[{"embeddable":true,"href":"https:\/\/www.humanium.org\/de\/wp-json\/wp\/v2\/media\/15637"}],"wp:attachment":[{"href":"https:\/\/www.humanium.org\/de\/wp-json\/wp\/v2\/media?parent=15634"}],"wp:term":[{"taxonomy":"category","embeddable":true,"href":"https:\/\/www.humanium.org\/de\/wp-json\/wp\/v2\/categories?post=15634"},{"taxonomy":"post_tag","embeddable":true,"href":"https:\/\/www.humanium.org\/de\/wp-json\/wp\/v2\/tags?post=15634"}],"curies":[{"name":"wp","href":"https:\/\/api.w.org\/{rel}","templated":true}]}}