{"id":16096,"date":"2022-09-27T14:00:37","date_gmt":"2022-09-27T14:00:37","guid":{"rendered":"https:\/\/www.humanium.org\/de\/?p=16096"},"modified":"2025-12-06T06:28:35","modified_gmt":"2025-12-06T06:28:35","slug":"ein-afroamerikanisches-kind-im-modernen-amerika-grossziehen","status":"publish","type":"post","link":"https:\/\/www.humanium.org\/de\/ein-afroamerikanisches-kind-im-modernen-amerika-grossziehen\/","title":{"rendered":"Ein afroamerikanisches Kind im modernen Amerika gro\u00dfziehen"},"content":{"rendered":"\n<p><a href=\"https:\/\/www.humanium.org\/de\/vereinigten-staaten-von-amerika\/\"><strong>Afroamerikaner<\/strong><\/a><strong> machen derzeit 13 % der Bev\u00f6lkerung der Vereinigten Staaten aus. Das sind 42 Millionen Menschen, von denen 2,68 Millionen afroamerikanische Kinder im Alter von bis zu vier Jahren sind (Loyd M. C, 2021). Bedauerliche Ereignisse im Laufe der Geschichte sowie zahlreiche politische Ma\u00dfnahmen, die das Land durchgesetzt hat, haben das Leben <\/strong><a href=\"https:\/\/www.humanium.org\/de\/vereinigten-staaten-von-amerika\/\"><strong>afroamerikanischer Kinder<\/strong><\/a><strong> in den heutigen USA erheblich beeinflusst.&nbsp;<\/strong><\/p>\n\n\n\n<h2 class=\"wp-block-heading\"><a href=\"https:\/\/www.humanium.org\/de\/vereinigten-staaten-von-amerika\/\"><strong>Afroamerikanische<\/strong><\/a><strong> Familienstruktur in den USA<\/strong><\/h2>\n\n\n\n<p>Die Amerikaner haben im Laufe der Jahrhunderte Tausende von afroamerikanischen Einwanderern aufgenommen. Diese neuen Nationen haben dazu beigetragen, die kulturelle Landschaft zu diversifizieren und die Vorurteile in den Gemeinden abzubauen. Auf demselben Kontinent waren <a href=\"https:\/\/www.humanium.org\/de\/vereinigten-staaten-von-amerika\/\">afroamerikanische<\/a> Familien mehr als 240 Jahre lang Opfer der Sklaverei (Wickham D, 2014). <\/p>\n\n\n\n<p>Der strukturelle Rassismus hat jedoch auch heute noch negative Auswirkungen auf die Jugend. Das Bildungssystem in den USA bildet junge Amerikaner zu k\u00fcnftigen Weltb\u00fcrgern aus, die die Welt anf\u00fchren werden. Es liegt daher im Interesse aller, Minderheiten zu unterst\u00fctzen und ihnen das Gef\u00fchl zu geben, dass sie dazugeh\u00f6ren (Lloyd M C, 2021).<\/p>\n\n\n\n<p>Vor langer Zeit, im 17. Jahrhundert, arbeiteten afrikanische Sklaven auf Zucker- und Baumwollplantagen im S\u00fcden. Im n\u00e4chsten Jahrhundert wurde die Sklaverei abgeschafft, und schon bald buchten die meisten afroamerikanische Familien angesichts der ver\u00e4nderten wirtschaftlichen Bedingungen One-Way-Tickets in den Norden. Doch die Richtung dieses Stroms hat sich umgekehrt (Sisson C.K., 2014). Seit 2020 wandern die meisten afroamerikanischen Familien auf der Suche nach einem besseren Leben und gleichen Chancen wieder in den S\u00fcden des Landes. <\/p>\n\n\n\n<p>Der amerikanische Traum hat sich als T\u00e4uschung entpuppt, und sie haben Trost in einem langsameren Lebensstil gefunden. Das eigentliche Problem ist, dass afroamerikanische Kinder ihr <a href=\"https:\/\/www.humanium.org\/de\/recht-bildung-weltweit\/\">Recht auf Bildung<\/a> und <a href=\"https:\/\/www.humanium.org\/de\/recht-freiheit\/\">Meinungsfreiheit<\/a> nicht wahrnehmen k\u00f6nnen, sondern sich stattdessen auf die Flucht vor Unterdr\u00fcckung konzentrieren (UNICEF, n.d.).&nbsp;<\/p>\n\n\n\n<p>Die Unterst\u00fctzung durch die <a href=\"https:\/\/www.humanium.org\/de\/familie-und-rechte-von-kindern\/\">Familie<\/a> ist f\u00fcr die Kindererziehung von entscheidender Bedeutung. Ein Blick in die Vergangenheit zeigt, dass die Struktur der afroamerikanischen Familie in den 1960er Jahren zu zerfallen begann, als die traditionellen Rollen anfingen, sich zu ver\u00e4ndern. Heute, im 20. Jahrhundert, werden etwa 72 % der afroamerikanischen Kinder von alleinerziehenden M\u00fcttern geboren und erzogen, und die meisten V\u00e4ter verschwinden innerhalb weniger Jahre aus dem Leben der Kinder (Bodenner C, 2015). <\/p>\n\n\n\n<p>Das Aufwachsen in dysfunktionalen Familien hinterl\u00e4sst einen tiefen Eindruck bei Kindern. Afroamerikaner bilden hier keine Ausnahme, denn die hohe Kriminalit\u00e4tsrate steht in direktem Zusammenhang mit einem Aufwachsen unter ungesunden Bedingungen (Bodenner C, 2015).&nbsp;<\/p>\n\n\n\n<h2 class=\"wp-block-heading\"><strong>Rassische Ungleichheit in <\/strong><a href=\"https:\/\/www.humanium.org\/de\/die-entwicklung-im-kleinkindalter-grundstein-fuer-eine-durch-nachhaltigkeit-und-wohlstand-gepraegten-gesellschaft\/\"><strong>Vorschulen<\/strong><\/a><\/h2>\n\n\n\n<p>In den Vereinigten Staaten werden afroamerikanische Familien und ihre Kinder in den Bereichen <a href=\"https:\/\/www.humanium.org\/de\/recht-bildung-weltweit\/\">Bildung<\/a>, Besch\u00e4ftigung, Justiz und <a href=\"https:\/\/www.humanium.org\/de\/gesundheit\/\">Gesundheit<\/a> genau unter die Lupe genommen und kritisch be\u00e4ugt (Lloyd M C, 2021). Der Grund daf\u00fcr k\u00f6nnte darin liegen, dass afroamerikanische Kinder ungeachtet ihres jungen Alters und ihrer meist ung\u00fcnstigen sozio\u00f6konomischen Stellung immer noch als potenziell gef\u00e4hrlich wahrgenommen werden. Au\u00dferdem werden sie als minderwertig angesehen und es wird erwartet, dass sie Straftaten begehen, sobald sie erwachsen sind (Patton S, 2014).&nbsp;<\/p>\n\n\n\n<p>Eine Studie des Justizministeriums aus dem Jahr 2019 zeigt, dass mehr als 60 % der Kinder in den <a href=\"https:\/\/www.humanium.org\/de\/vereinigten-staaten-von-amerika\/\">USA<\/a> in irgendeiner Form Gewalt erlebt haben. Die traumatischen Erlebnisse hinterlassen oft langfristige Folgen, die die Kinder schon sehr fr\u00fch auf Misserfolge vorbereiten (Adetunji J, 2016). Es ist nicht verwunderlich, dass die meisten Kinder in der <a href=\"https:\/\/www.humanium.org\/de\/die-entwicklung-im-kleinkindalter-grundstein-fuer-eine-durch-nachhaltigkeit-und-wohlstand-gepraegten-gesellschaft\/\">Vorschule<\/a> zus\u00e4tzliche Unterst\u00fctzung ben\u00f6tigen, um ebendas zu verarbeiten. <\/p>\n\n\n\n<p>Afroamerikanische Kinder tragen eine noch gr\u00f6\u00dfere Last, da sie oft wegen ihrer Hautfarbe ausgegrenzt und bestraft werden. Von allen Kindern, die in den USA eine <a href=\"https:\/\/www.humanium.org\/de\/die-entwicklung-im-kleinkindalter-grundstein-fuer-eine-durch-nachhaltigkeit-und-wohlstand-gepraegten-gesellschaft\/\">Vorschule<\/a> besuchen, sind nur 18 % afroamerikanische Kinder, von denen wiederum etwa 50 % regelm\u00e4\u00dfig suspendiert werden. Bei ihren Altersgenossen wei\u00dfer Hautfarbe liegt diese Rate deutlich niedriger: Sie werden, wie der Gro\u00dfteil der Schule, nur in 25 % der F\u00e4lle bestraft (Adetunji J, 2016).<\/p>\n\n\n\n<figure class=\"wp-block-image size-large\"><img loading=\"lazy\" decoding=\"async\" width=\"1024\" height=\"683\" src=\"https:\/\/www.humanium.org\/de\/wp-content\/uploads\/2022\/09\/shutterstock_1389380342-1024x683.jpg\" alt=\"\" class=\"wp-image-16097\" srcset=\"https:\/\/www.humanium.org\/de\/wp-content\/uploads\/2022\/09\/shutterstock_1389380342-1024x683.jpg 1024w, https:\/\/www.humanium.org\/de\/wp-content\/uploads\/2022\/09\/shutterstock_1389380342-300x200.jpg 300w, https:\/\/www.humanium.org\/de\/wp-content\/uploads\/2022\/09\/shutterstock_1389380342-768x512.jpg 768w, https:\/\/www.humanium.org\/de\/wp-content\/uploads\/2022\/09\/shutterstock_1389380342-1536x1024.jpg 1536w, https:\/\/www.humanium.org\/de\/wp-content\/uploads\/2022\/09\/shutterstock_1389380342-2048x1365.jpg 2048w, https:\/\/www.humanium.org\/de\/wp-content\/uploads\/2022\/09\/shutterstock_1389380342-830x553.jpg 830w, https:\/\/www.humanium.org\/de\/wp-content\/uploads\/2022\/09\/shutterstock_1389380342-230x153.jpg 230w, https:\/\/www.humanium.org\/de\/wp-content\/uploads\/2022\/09\/shutterstock_1389380342-350x233.jpg 350w, https:\/\/www.humanium.org\/de\/wp-content\/uploads\/2022\/09\/shutterstock_1389380342-480x320.jpg 480w, https:\/\/www.humanium.org\/de\/wp-content\/uploads\/2022\/09\/shutterstock_1389380342-272x182.jpg 272w\" sizes=\"auto, (max-width: 1024px) 100vw, 1024px\" \/><\/figure>\n\n\n\n<p>Harte Disziplinarma\u00dfnahmen wie Suspendierungen und Schulverweise sind sinnlos, weil sie das Problem nicht an der Wurzel packen. Die meisten afroamerikanischen Kinder kommen aus <a href=\"https:\/\/www.humanium.org\/de\/kinderarmut\/\">armen<\/a> Familien, die keinen Zugang zu einer <a href=\"https:\/\/www.humanium.org\/de\/gesundheit\/\">Krankenversicherung<\/a> oder einem anst\u00e4ndigen Job haben, um ihre Angeh\u00f6rigen zu unterst\u00fctzen. In Anbetracht der Tatsache, dass <a href=\"https:\/\/www.humanium.org\/de\/vereinigten-staaten-von-amerika\/\">afroamerikanische Kinder<\/a> dreimal h\u00e4ufiger in <a href=\"https:\/\/www.humanium.org\/de\/kinderarmut\/\">Armut<\/a> leben als andere, sollten sie ein Recht auf Unterst\u00fctzung und Schutz haben, als zu schnell vorverurteilt zu werden (Adetunji J, 2016). <\/p>\n\n\n\n<p>Da jedes Kind das Recht auf <a href=\"https:\/\/www.humanium.org\/de\/diskriminierung\/\">Nichtdiskriminierung<\/a> und <a href=\"https:\/\/www.humanium.org\/de\/recht-schutz-weltweit\/\">Schutz<\/a> hat, stellt die Vorverurteilung afroamerikanischer Kinder und ihre Einstufung als unverantwortlich oder widerspenstig einen direkten Versto\u00df gegen die <a href=\"https:\/\/www.humanium.org\/de\/konvention\/\">Kinderrechtskonvention<\/a> dar (UNICEF, n.d.).<\/p>\n\n\n\n<h2 class=\"wp-block-heading\"><strong>Gef\u00e4hrdung des Rechts der afroamerikanischen Kinder auf Gesundheit<\/strong><\/h2>\n\n\n\n<p>Laut einer Untersuchung der <em>Centers for Disease Control<\/em> aus dem Jahr 2020 wurde best\u00e4tigt, dass <a href=\"https:\/\/www.humanium.org\/de\/vereinigten-staaten-von-amerika\/\">afroamerikanische Kinder <\/a>anf\u00e4lliger f\u00fcr<a href=\"https:\/\/www.humanium.org\/de\/gesundheit\/\"> Gesundheit<\/a>sprobleme und medizinische Komplikationen sind, insbesondere durch Viren wie Covid-19 (Hart M, 2020). Was k\u00f6nnte die Hauptursache f\u00fcr diese Diskrepanz sein? Die Antwort liegt in der ungerechten Behandlung afroamerikanischer Kinder, deren angeborenes <a href=\"https:\/\/www.humanium.org\/de\/recht-gesundheit-welt\/\">Recht auf Gesundheit<\/a> und <a href=\"https:\/\/www.humanium.org\/de\/gleicher-zugang-zu-informationen-fuer-alle-ein-fuer-allemal\/\">Zugang zu Informationen<\/a> ernsthaft konterkariert wird (UNICEF, n.d.).&nbsp;<\/p>\n\n\n\n<p>Afroamerikanische Familien k\u00e4mpfen bis heute darum, ihren Einwanderungsstatus zu kl\u00e4ren, um ihren Lebensunterhalt zu verdienen oder aus den staatlich gestellten Unterk\u00fcnften ausziehen zu k\u00f6nnen. Ihre ung\u00fcnstige sozio\u00f6konomische Situation ist neben chronischem Stress meist der Hauptgrund f\u00fcr die Entstehung von Krankheiten wie Diabetes oder Asthma, die sie weiter in Schulden, <a href=\"https:\/\/www.humanium.org\/de\/kinderarmut\/\">Armut<\/a> und Verzweiflung st\u00fcrzen (Hart M, 2020).<\/p>\n\n\n\n<h2 class=\"wp-block-heading\"><strong>Verbesserung des Lebens afroamerikanischer Kinder in den USA in der Zukunft<\/strong><\/h2>\n\n\n\n<p>Die Rassentrennung in der amerikanischen Gesellschaft ist seit vielen Jahren ein brennendes Thema. Zahlreiche Schulen arbeiten an Strategien, um Kindern der POC (people of colour) zu helfen, sich zu Hause zu f\u00fchlen, indem sie die Sch\u00fcler sowohl mental als auch finanziell unterst\u00fctzen. Einige Regierungen, die mit \u00e4hnlichen Problemen konfrontiert sind, haben vorgeschlagen, einen neuen Lehrplan einzuf\u00fchren, der alle \u00fcber die Rechte von Minderheiten aufkl\u00e4ren soll.&nbsp;<\/p>\n\n\n\n<p>Auch wenn die Kinder mehr denn je Menschen verschiedener Herkunft ausgesetzt sind, kann ein Schulprogramm vermutlich etwas bewirken, wenn es mit einem starken Aktionsplan entwickelt wird, der die Lehrer dazu bef\u00e4higt, \u00fcber dieses Thema aufzukl\u00e4ren (Mayor L, n.d.). Positive Schulerfahrungen scheinen eine der S\u00e4ulen zu sein, wie der ber\u00fchmte Sklavenbefreier Frederick Douglass zu sagen pflegte: \u201eEs ist einfacher, starke Kinder zu erziehen, als gebrochene Menschen zu reparieren&#8220; (Adetunji J, 2016).<\/p>\n\n\n\n<p>Positiv zu vermerken ist, dass sich die Dinge allm\u00e4hlich \u00e4ndern und die Situation nicht mehr ganz so schlimm ist. Die Regierung hat das Rassengef\u00e4lle bek\u00e4mpft, indem sie f\u00fcr Chancengleichheit sorgte und mehr afroamerikanische Arbeitnehmer im \u00f6ffentlichen Sektor einstellte. Im Gegenzug kommen die Besch\u00e4ftigten in den Genuss eines stabilen Einkommens und gesundheitlicher Anreize, die das Leben ihrer Familien, insbesondere der Kinder, verbessern. <\/p>\n\n\n\n<blockquote class=\"wp-block-quote is-layout-flow wp-block-quote-is-layout-flow\"><p>&#8222;Im Jahr 2019 sind fast die H\u00e4lfte aller afroamerikanischen Frauen &#8211; 48 Prozent &#8211; und mehr als ein F\u00fcnftel der afroamerikanischen M\u00e4nner &#8211; 21 Prozent &#8211; in den Bereichen Bildung, Gesundheit oder \u00f6ffentliche Verwaltung besch\u00e4ftigt.&#8220; <\/p><cite>&#8211; Madowitz M, 2020<\/cite><\/blockquote>\n\n\n\n<p>Wir bei Humanium unterst\u00fctzen das Recht auf Gesundheit und Schutz f\u00fcr alle Kinder aller Rassen. Menschen und Kinder <a href=\"https:\/\/www.humanium.org\/de\/afrika\/\">afrikanischer Abstammung<\/a> sind besonders anf\u00e4llig f\u00fcr <a href=\"https:\/\/www.humanium.org\/de\/diskriminierung\/\">Rassismus<\/a>, und genau deshalb konzentrieren wir unsere Bem\u00fchungen darauf, ganzen Gemeinschaften in einigen der am st\u00e4rksten unterentwickelten Regionen der Welt zu helfen. Unsere Teams haben zahlreiche Projekte in Afrika geleitet, wo wir uns weiterhin f\u00fcr eine Welt einsetzen, in der Kinder jeglicher Herkunft Zugang zu gleichen Chancen haben.&nbsp;<\/p>\n\n\n\n<figure class=\"wp-block-image size-large\"><img loading=\"lazy\" decoding=\"async\" width=\"1024\" height=\"683\" src=\"https:\/\/www.humanium.org\/de\/wp-content\/uploads\/2022\/09\/shutterstock_1934868941-1024x683.jpg\" alt=\"\" class=\"wp-image-16098\" srcset=\"https:\/\/www.humanium.org\/de\/wp-content\/uploads\/2022\/09\/shutterstock_1934868941-1024x683.jpg 1024w, https:\/\/www.humanium.org\/de\/wp-content\/uploads\/2022\/09\/shutterstock_1934868941-300x200.jpg 300w, https:\/\/www.humanium.org\/de\/wp-content\/uploads\/2022\/09\/shutterstock_1934868941-768x512.jpg 768w, https:\/\/www.humanium.org\/de\/wp-content\/uploads\/2022\/09\/shutterstock_1934868941-1536x1024.jpg 1536w, https:\/\/www.humanium.org\/de\/wp-content\/uploads\/2022\/09\/shutterstock_1934868941-2048x1365.jpg 2048w, https:\/\/www.humanium.org\/de\/wp-content\/uploads\/2022\/09\/shutterstock_1934868941-830x553.jpg 830w, https:\/\/www.humanium.org\/de\/wp-content\/uploads\/2022\/09\/shutterstock_1934868941-230x153.jpg 230w, https:\/\/www.humanium.org\/de\/wp-content\/uploads\/2022\/09\/shutterstock_1934868941-350x233.jpg 350w, https:\/\/www.humanium.org\/de\/wp-content\/uploads\/2022\/09\/shutterstock_1934868941-480x320.jpg 480w, https:\/\/www.humanium.org\/de\/wp-content\/uploads\/2022\/09\/shutterstock_1934868941-272x182.jpg 272w\" sizes=\"auto, (max-width: 1024px) 100vw, 1024px\" \/><\/figure>\n\n\n\n<p>Wenn Sie unsere Initiative und alles, was wir tun, um Kindern auf der ganzen Welt zu helfen, unterst\u00fctzen m\u00f6chten, ziehen Sie bitte in Erw\u00e4gung, eine <a href=\"https:\/\/www.humanium.org\/de\/pate-werden-2\/\">Patenschaft f\u00fcr ein Kind<\/a> zu \u00fcbernehmen, zu <a href=\"https:\/\/www.humanium.org\/de\/spenden\/\">spenden<\/a> oder als <a href=\"https:\/\/www.humanium.org\/de\/teilnehmen-2\/volunteer\/\">Ehrenamtlicher<\/a> mitzuarbeiten. Wir sind dankbar f\u00fcr Ihre Hilfe!<\/p>\n\n\n\n<p><em><strong>Verfasst von Lidija Misic<\/strong><\/em><\/p>\n\n\n\n<p><em><strong>\u00dcbersetzt von Katharina Wilhelm<\/strong><\/em><\/p>\n\n\n\n<p><em><strong>Korrektur gelesen von Carolyn Deloffre<\/strong><\/em><\/p>\n\n\n\n<h4 class=\"wp-block-heading\"><strong>Literaturverzeichnis:&nbsp;<\/strong><\/h4>\n\n\n\n<p class=\"has-small-font-size\">Adetunji Jo, Racial inequality starts early &#8211; in preschool, The Conversation (July 14, 2016). Retrieved from: https:\/\/theconversation.com\/racial-inequality-starts-early-in-preschool-61896, accessed on August 25, 2022.<\/p>\n\n\n\n<p class=\"has-small-font-size\">Bodenner Chris, The breakdown of the Black Family, The Atlantic (October 12, 2015). Retrieved from: <a href=\"https:\/\/www.theatlantic.com\/national\/archive\/2015\/10\/the-breakdown-of-the-black-family-contd\/626229\/\" target=\"_blank\" rel=\"noreferrer noopener\">https:\/\/www.theatlantic.com\/national\/archive\/2015\/10\/the-breakdown-of-the-black-family-contd\/626229\/<\/a>, accessed on August 25, 2022.<\/p>\n\n\n\n<p class=\"has-small-font-size\">Hart Marion, Why Covid-19 is Hitting Black and Hispanic Children Especially Hard, Forbes (August 31, 2020). Retrieved from: <a href=\"https:\/\/www.forbes.com\/sites\/unicefusa\/2020\/08\/31\/why-covid-19-is-hitting-black-and-hispanic-children-especially-hard\/?sh=350620233ba5\" target=\"_blank\" rel=\"noreferrer noopener\">https:\/\/www.forbes.com\/sites\/unicefusa\/2020\/08\/31\/why-covid-19-is-hitting-black-and-hispanic-children-especially-hard\/?sh=350620233ba5<\/a>, accessed on August 25, 2022.<\/p>\n\n\n\n<p class=\"has-small-font-size\">Madowitz Michael, Weller E. Christian, Price Anne, Public Work Provides Economic Security for Black Families and Communities, Center for American Progress (October 23, 2020). Retrieved from: <a href=\"https:\/\/www.americanprogress.org\/article\/public-work-provides-economic-security-black-families-communities\/\" target=\"_blank\" rel=\"noreferrer noopener\">https:\/\/www.americanprogress.org\/article\/public-work-provides-economic-security-black-families-communities\/<\/a>, accessed on August 29, 2022<\/p>\n\n\n\n<p class=\"has-small-font-size\">Mayor Lola, Black history: Can school curriculum help curb racism?BBC News (May 28, n.d.). Retrieved from: https:\/\/www.bbc.com\/news\/uk-wales-61554605, accessed on August 25, 2022.<\/p>\n\n\n\n<p class=\"has-small-font-size\">M. Loyd Chrishana, Alvira-Hammond Marta, Carlson Julianna, Loga Deja, Family, Economic, and Geographic Characteristic of Black Families with Children, Child Trends (March 5, 2021). Retrieved from <a href=\"https:\/\/www.childtrends.org\/publications\/family-economic-and-geographic-characteristics-of-black-families-with-children\" target=\"_blank\" rel=\"noreferrer noopener\">https:\/\/www.childtrends.org\/publications\/family-economic-and-geographic-characteristics-of-black-families-with-children<\/a>, accessed on August 25, 2022.<\/p>\n\n\n\n<p class=\"has-small-font-size\">Patton, Stacey, In America black children don\u2019t get to be children, The Washington Post (November 26, 2014). Retrieved from: <a href=\"https:\/\/www.washingtonpost.com\/opinions\/in-america-black-children-dont-get-to-be-children\/2014\/11\/26\/a9e24756-74ee-11e4-a755-e32227229e7b_story.html\" target=\"_blank\" rel=\"noreferrer noopener\">https:\/\/www.washingtonpost.com\/opinions\/in-america-black-children-dont-get-to-be-children\/2014\/11\/26\/a9e24756-74ee-11e4-a755-e32227229e7b_story.html<\/a>, accessed on August 25, 2022.<\/p>\n\n\n\n<p class=\"has-small-font-size\">Sisson Carmen K, Why African-Americans are moving back to the South, The Christian Science Monitor(March 16, 2014). Retrieved from: <a href=\"https:\/\/www.csmonitor.com\/USA\/Society\/2014\/0316\/Why-African-Americans-are-moving-back-to-the-South\" target=\"_blank\" rel=\"noreferrer noopener\">https:\/\/www.csmonitor.com\/USA\/Society\/2014\/0316\/Why-African-Americans-are-moving-back-to-the-South<\/a>, accessed on August 29, 2022.&nbsp;<\/p>\n\n\n\n<p class=\"has-small-font-size\">UNICEF, The Convention on the Rights of the Child: The children\u2019s version (n.d.).Retrieved from: <a href=\"https:\/\/www.unicef.org\/child-rights-convention\/convention-text-childrens-version\" target=\"_blank\" rel=\"noreferrer noopener\">https:\/\/www.unicef.org\/child-rights-convention\/convention-text-childrens-version<\/a>, accessed on August 25, 2022.<\/p>\n\n\n\n<p class=\"has-small-font-size\">Wickham DeWayne, Do you know when slavery began and ended? USATODAY (February 10, 2014), Retrieved from: https:\/\/www.usatoday.com\/story\/opinion\/2014\/02\/10\/black-history-slavery-dewayne-wickham-column\/5341129\/, accessed on August 25, 2022.<\/p>\n","protected":false},"excerpt":{"rendered":"<p>Afroamerikaner machen derzeit 13 % der Bev\u00f6lkerung der Vereinigten Staaten aus. Das sind 42 Millionen Menschen, von denen 2,68 Millionen afroamerikanische Kinder im Alter von bis zu vier Jahren sind (Loyd M. C, 2021). Bedauerliche Ereignisse im Laufe der Geschichte sowie zahlreiche politische Ma\u00dfnahmen, die das Land durchgesetzt hat, haben das Leben afroamerikanischer Kinder in [&hellip;]<\/p>\n","protected":false},"author":56,"featured_media":16100,"comment_status":"closed","ping_status":"closed","sticky":false,"template":"","format":"standard","meta":{"footnotes":""},"categories":[163,19],"tags":[],"class_list":["post-16096","post","type-post","status-publish","format-standard","has-post-thumbnail","hentry","category-kinderrechte","category-menschenrechte"],"yoast_head":"<!-- This site is optimized with the Yoast SEO plugin v26.5 - https:\/\/yoast.com\/wordpress\/plugins\/seo\/ -->\n<title>Ein afroamerikanisches Kind im modernen Amerika gro\u00dfziehen - Humanium<\/title>\n<meta name=\"description\" content=\"Der strukturelle Rassismus hat auch heute noch negative Auswirkungen auf die Jugend.\" \/>\n<meta name=\"robots\" content=\"index, follow, max-snippet:-1, max-image-preview:large, max-video-preview:-1\" \/>\n<link rel=\"canonical\" href=\"https:\/\/www.humanium.org\/de\/ein-afroamerikanisches-kind-im-modernen-amerika-grossziehen\/\" \/>\n<meta property=\"og:locale\" content=\"de_DE\" \/>\n<meta property=\"og:type\" content=\"article\" \/>\n<meta property=\"og:title\" content=\"Ein afroamerikanisches Kind im modernen Amerika gro\u00dfziehen - Humanium\" \/>\n<meta property=\"og:description\" content=\"Der strukturelle Rassismus hat auch heute noch negative Auswirkungen auf die Jugend.\" \/>\n<meta property=\"og:url\" content=\"https:\/\/www.humanium.org\/de\/ein-afroamerikanisches-kind-im-modernen-amerika-grossziehen\/\" \/>\n<meta property=\"og:site_name\" content=\"Humanium\" \/>\n<meta property=\"article:published_time\" content=\"2022-09-27T14:00:37+00:00\" \/>\n<meta property=\"article:modified_time\" content=\"2025-12-06T06:28:35+00:00\" \/>\n<meta property=\"og:image\" content=\"https:\/\/www.humanium.org\/de\/wp-content\/uploads\/2022\/09\/shutterstock_1902560470-scaled.jpg\" \/>\n\t<meta property=\"og:image:width\" content=\"2560\" \/>\n\t<meta property=\"og:image:height\" content=\"1707\" \/>\n\t<meta property=\"og:image:type\" content=\"image\/jpeg\" \/>\n<meta name=\"author\" content=\"Lidija Misic\" \/>\n<meta name=\"twitter:card\" content=\"summary_large_image\" \/>\n<meta name=\"twitter:label1\" content=\"Verfasst von\" \/>\n\t<meta name=\"twitter:data1\" content=\"Lidija Misic\" \/>\n\t<meta name=\"twitter:label2\" content=\"Gesch\u00e4tzte Lesezeit\" \/>\n\t<meta name=\"twitter:data2\" content=\"9\u00a0Minuten\" \/>\n<script type=\"application\/ld+json\" class=\"yoast-schema-graph\">{\"@context\":\"https:\/\/schema.org\",\"@graph\":[{\"@type\":\"WebPage\",\"@id\":\"https:\/\/www.humanium.org\/de\/ein-afroamerikanisches-kind-im-modernen-amerika-grossziehen\/\",\"url\":\"https:\/\/www.humanium.org\/de\/ein-afroamerikanisches-kind-im-modernen-amerika-grossziehen\/\",\"name\":\"Ein afroamerikanisches Kind im modernen Amerika gro\u00dfziehen - Humanium\",\"isPartOf\":{\"@id\":\"https:\/\/www.humanium.org\/de\/#website\"},\"primaryImageOfPage\":{\"@id\":\"https:\/\/www.humanium.org\/de\/ein-afroamerikanisches-kind-im-modernen-amerika-grossziehen\/#primaryimage\"},\"image\":{\"@id\":\"https:\/\/www.humanium.org\/de\/ein-afroamerikanisches-kind-im-modernen-amerika-grossziehen\/#primaryimage\"},\"thumbnailUrl\":\"https:\/\/www.humanium.org\/de\/wp-content\/uploads\/2022\/09\/shutterstock_1902560470-scaled.jpg\",\"datePublished\":\"2022-09-27T14:00:37+00:00\",\"dateModified\":\"2025-12-06T06:28:35+00:00\",\"author\":{\"@id\":\"https:\/\/www.humanium.org\/de\/#\/schema\/person\/a56e3d54a4708ab431cfcd94fada90de\"},\"description\":\"Der strukturelle Rassismus hat auch heute noch negative Auswirkungen auf die Jugend.\",\"breadcrumb\":{\"@id\":\"https:\/\/www.humanium.org\/de\/ein-afroamerikanisches-kind-im-modernen-amerika-grossziehen\/#breadcrumb\"},\"inLanguage\":\"de\",\"potentialAction\":[{\"@type\":\"ReadAction\",\"target\":[\"https:\/\/www.humanium.org\/de\/ein-afroamerikanisches-kind-im-modernen-amerika-grossziehen\/\"]}]},{\"@type\":\"ImageObject\",\"inLanguage\":\"de\",\"@id\":\"https:\/\/www.humanium.org\/de\/ein-afroamerikanisches-kind-im-modernen-amerika-grossziehen\/#primaryimage\",\"url\":\"https:\/\/www.humanium.org\/de\/wp-content\/uploads\/2022\/09\/shutterstock_1902560470-scaled.jpg\",\"contentUrl\":\"https:\/\/www.humanium.org\/de\/wp-content\/uploads\/2022\/09\/shutterstock_1902560470-scaled.jpg\",\"width\":2560,\"height\":1707},{\"@type\":\"BreadcrumbList\",\"@id\":\"https:\/\/www.humanium.org\/de\/ein-afroamerikanisches-kind-im-modernen-amerika-grossziehen\/#breadcrumb\",\"itemListElement\":[{\"@type\":\"ListItem\",\"position\":1,\"name\":\"Home\",\"item\":\"https:\/\/www.humanium.org\/de\/\"},{\"@type\":\"ListItem\",\"position\":2,\"name\":\"Ein afroamerikanisches Kind im modernen Amerika gro\u00dfziehen\"}]},{\"@type\":\"WebSite\",\"@id\":\"https:\/\/www.humanium.org\/de\/#website\",\"url\":\"https:\/\/www.humanium.org\/de\/\",\"name\":\"Humanium\",\"description\":\"Kinder zuerst!\",\"potentialAction\":[{\"@type\":\"SearchAction\",\"target\":{\"@type\":\"EntryPoint\",\"urlTemplate\":\"https:\/\/www.humanium.org\/de\/?s={search_term_string}\"},\"query-input\":{\"@type\":\"PropertyValueSpecification\",\"valueRequired\":true,\"valueName\":\"search_term_string\"}}],\"inLanguage\":\"de\"},{\"@type\":\"Person\",\"@id\":\"https:\/\/www.humanium.org\/de\/#\/schema\/person\/a56e3d54a4708ab431cfcd94fada90de\",\"name\":\"Lidija Misic\",\"image\":{\"@type\":\"ImageObject\",\"inLanguage\":\"de\",\"@id\":\"https:\/\/www.humanium.org\/de\/#\/schema\/person\/image\/\",\"url\":\"https:\/\/secure.gravatar.com\/avatar\/691df8ac4519726e8c2a1bcfae6266ac632c00f4d291f52209e06f8ff5be2bdd?s=96&d=mm&r=g\",\"contentUrl\":\"https:\/\/secure.gravatar.com\/avatar\/691df8ac4519726e8c2a1bcfae6266ac632c00f4d291f52209e06f8ff5be2bdd?s=96&d=mm&r=g\",\"caption\":\"Lidija Misic\"},\"sameAs\":[\"https:\/\/www.linkedin.com\/in\/lidija-misic-abb274202\/\"],\"url\":\"https:\/\/www.humanium.org\/de\/author\/autor_lidijamisic\/\"}]}<\/script>\n<!-- \/ Yoast SEO plugin. -->","yoast_head_json":{"title":"Ein afroamerikanisches Kind im modernen Amerika gro\u00dfziehen - Humanium","description":"Der strukturelle Rassismus hat auch heute noch negative Auswirkungen auf die Jugend.","robots":{"index":"index","follow":"follow","max-snippet":"max-snippet:-1","max-image-preview":"max-image-preview:large","max-video-preview":"max-video-preview:-1"},"canonical":"https:\/\/www.humanium.org\/de\/ein-afroamerikanisches-kind-im-modernen-amerika-grossziehen\/","og_locale":"de_DE","og_type":"article","og_title":"Ein afroamerikanisches Kind im modernen Amerika gro\u00dfziehen - Humanium","og_description":"Der strukturelle Rassismus hat auch heute noch negative Auswirkungen auf die Jugend.","og_url":"https:\/\/www.humanium.org\/de\/ein-afroamerikanisches-kind-im-modernen-amerika-grossziehen\/","og_site_name":"Humanium","article_published_time":"2022-09-27T14:00:37+00:00","article_modified_time":"2025-12-06T06:28:35+00:00","og_image":[{"width":2560,"height":1707,"url":"https:\/\/www.humanium.org\/de\/wp-content\/uploads\/2022\/09\/shutterstock_1902560470-scaled.jpg","type":"image\/jpeg"}],"author":"Lidija Misic","twitter_card":"summary_large_image","twitter_misc":{"Verfasst von":"Lidija Misic","Gesch\u00e4tzte Lesezeit":"9\u00a0Minuten"},"schema":{"@context":"https:\/\/schema.org","@graph":[{"@type":"WebPage","@id":"https:\/\/www.humanium.org\/de\/ein-afroamerikanisches-kind-im-modernen-amerika-grossziehen\/","url":"https:\/\/www.humanium.org\/de\/ein-afroamerikanisches-kind-im-modernen-amerika-grossziehen\/","name":"Ein afroamerikanisches Kind im modernen Amerika gro\u00dfziehen - Humanium","isPartOf":{"@id":"https:\/\/www.humanium.org\/de\/#website"},"primaryImageOfPage":{"@id":"https:\/\/www.humanium.org\/de\/ein-afroamerikanisches-kind-im-modernen-amerika-grossziehen\/#primaryimage"},"image":{"@id":"https:\/\/www.humanium.org\/de\/ein-afroamerikanisches-kind-im-modernen-amerika-grossziehen\/#primaryimage"},"thumbnailUrl":"https:\/\/www.humanium.org\/de\/wp-content\/uploads\/2022\/09\/shutterstock_1902560470-scaled.jpg","datePublished":"2022-09-27T14:00:37+00:00","dateModified":"2025-12-06T06:28:35+00:00","author":{"@id":"https:\/\/www.humanium.org\/de\/#\/schema\/person\/a56e3d54a4708ab431cfcd94fada90de"},"description":"Der strukturelle Rassismus hat auch heute noch negative Auswirkungen auf die Jugend.","breadcrumb":{"@id":"https:\/\/www.humanium.org\/de\/ein-afroamerikanisches-kind-im-modernen-amerika-grossziehen\/#breadcrumb"},"inLanguage":"de","potentialAction":[{"@type":"ReadAction","target":["https:\/\/www.humanium.org\/de\/ein-afroamerikanisches-kind-im-modernen-amerika-grossziehen\/"]}]},{"@type":"ImageObject","inLanguage":"de","@id":"https:\/\/www.humanium.org\/de\/ein-afroamerikanisches-kind-im-modernen-amerika-grossziehen\/#primaryimage","url":"https:\/\/www.humanium.org\/de\/wp-content\/uploads\/2022\/09\/shutterstock_1902560470-scaled.jpg","contentUrl":"https:\/\/www.humanium.org\/de\/wp-content\/uploads\/2022\/09\/shutterstock_1902560470-scaled.jpg","width":2560,"height":1707},{"@type":"BreadcrumbList","@id":"https:\/\/www.humanium.org\/de\/ein-afroamerikanisches-kind-im-modernen-amerika-grossziehen\/#breadcrumb","itemListElement":[{"@type":"ListItem","position":1,"name":"Home","item":"https:\/\/www.humanium.org\/de\/"},{"@type":"ListItem","position":2,"name":"Ein afroamerikanisches Kind im modernen Amerika gro\u00dfziehen"}]},{"@type":"WebSite","@id":"https:\/\/www.humanium.org\/de\/#website","url":"https:\/\/www.humanium.org\/de\/","name":"Humanium","description":"Kinder zuerst!","potentialAction":[{"@type":"SearchAction","target":{"@type":"EntryPoint","urlTemplate":"https:\/\/www.humanium.org\/de\/?s={search_term_string}"},"query-input":{"@type":"PropertyValueSpecification","valueRequired":true,"valueName":"search_term_string"}}],"inLanguage":"de"},{"@type":"Person","@id":"https:\/\/www.humanium.org\/de\/#\/schema\/person\/a56e3d54a4708ab431cfcd94fada90de","name":"Lidija Misic","image":{"@type":"ImageObject","inLanguage":"de","@id":"https:\/\/www.humanium.org\/de\/#\/schema\/person\/image\/","url":"https:\/\/secure.gravatar.com\/avatar\/691df8ac4519726e8c2a1bcfae6266ac632c00f4d291f52209e06f8ff5be2bdd?s=96&d=mm&r=g","contentUrl":"https:\/\/secure.gravatar.com\/avatar\/691df8ac4519726e8c2a1bcfae6266ac632c00f4d291f52209e06f8ff5be2bdd?s=96&d=mm&r=g","caption":"Lidija Misic"},"sameAs":["https:\/\/www.linkedin.com\/in\/lidija-misic-abb274202\/"],"url":"https:\/\/www.humanium.org\/de\/author\/autor_lidijamisic\/"}]}},"_links":{"self":[{"href":"https:\/\/www.humanium.org\/de\/wp-json\/wp\/v2\/posts\/16096","targetHints":{"allow":["GET"]}}],"collection":[{"href":"https:\/\/www.humanium.org\/de\/wp-json\/wp\/v2\/posts"}],"about":[{"href":"https:\/\/www.humanium.org\/de\/wp-json\/wp\/v2\/types\/post"}],"author":[{"embeddable":true,"href":"https:\/\/www.humanium.org\/de\/wp-json\/wp\/v2\/users\/56"}],"replies":[{"embeddable":true,"href":"https:\/\/www.humanium.org\/de\/wp-json\/wp\/v2\/comments?post=16096"}],"version-history":[{"count":8,"href":"https:\/\/www.humanium.org\/de\/wp-json\/wp\/v2\/posts\/16096\/revisions"}],"predecessor-version":[{"id":20952,"href":"https:\/\/www.humanium.org\/de\/wp-json\/wp\/v2\/posts\/16096\/revisions\/20952"}],"wp:featuredmedia":[{"embeddable":true,"href":"https:\/\/www.humanium.org\/de\/wp-json\/wp\/v2\/media\/16100"}],"wp:attachment":[{"href":"https:\/\/www.humanium.org\/de\/wp-json\/wp\/v2\/media?parent=16096"}],"wp:term":[{"taxonomy":"category","embeddable":true,"href":"https:\/\/www.humanium.org\/de\/wp-json\/wp\/v2\/categories?post=16096"},{"taxonomy":"post_tag","embeddable":true,"href":"https:\/\/www.humanium.org\/de\/wp-json\/wp\/v2\/tags?post=16096"}],"curies":[{"name":"wp","href":"https:\/\/api.w.org\/{rel}","templated":true}]}}