{"id":16312,"date":"2022-12-27T13:56:44","date_gmt":"2022-12-27T13:56:44","guid":{"rendered":"https:\/\/www.humanium.org\/de\/?p=16312"},"modified":"2025-12-06T06:33:01","modified_gmt":"2025-12-06T06:33:01","slug":"ein-weiteres-jahr-voller-herausforderungen-fuer-kinderrechte-weltweit","status":"publish","type":"post","link":"https:\/\/www.humanium.org\/de\/ein-weiteres-jahr-voller-herausforderungen-fuer-kinderrechte-weltweit\/","title":{"rendered":"Ein weiteres Jahr voller Herausforderungen f\u00fcr Kinderrechte weltweit"},"content":{"rendered":"\n<p><strong>Jedes Jahr stellt Menschen weltweit vor eine bestimmte Herausforderung, doch es ist eine besondere Herausforderung, wenn die von globalen Ereignissen Betroffenen <a href=\"https:\/\/www.humanium.org\/de\/rechte-kindes\/\">Kinder<\/a> sind. Leider war das Jahr 2022 in vielerlei Hinsicht nicht g\u00fcnstig f\u00fcr Kinder, und es bleibt nur zu hoffen, dass das neue Jahr mehr Stabilit\u00e4t bringen kann, insbesondere f\u00fcr die Kinder und ihre Familien, die in bewaffneten Konflikten leiden. W\u00e4hrend des gesamten Jahres hat sich Humanium daf\u00fcr eingesetzt, Kinder vor Gewalt und<a href=\"https:\/\/www.humanium.org\/de\/themenschwerpunkte\/ausbeutung\/\"> Ausbeutung<\/a> zu sch\u00fctzen und den Herausforderungen, die sich aus Covid-19,<a href=\"https:\/\/www.humanium.org\/de\/themenschwerpunkte\/umwelt\/klimakrise\/\"> dem Klimawandel,<\/a> und anhaltenden Konflikten ergeben, mit einem Menschenrechtsansatz zu begegnen.&nbsp;<\/strong><\/p>\n\n\n\n<h2 class=\"wp-block-heading\"><strong>Kinder inmitten des russischen Angriffskriegs auf die Ukraine<\/strong><\/h2>\n\n\n\n<p>Anfang Februar 2022 reichte das <a href=\"https:\/\/www.humanium.org\/de\/russland\/\">russische<\/a> Justizministerium eine Klage ein, um die Charitable Foundation Sphere (CF Sphere), eine wichtige Organisation zur Verteidigung der Rechte von LGBTQI+ Menschen in Russland, zu liquidieren (Lockshina, 2022). Zwei Monate sp\u00e4ter entschied ein Bezirksgericht in Sankt Petersburg, die Stiftung aufzul\u00f6sen. Infolgedessen legitimiert die befohlene Liquidierung der Organisation homophobe Handlungen weiterhin. Die Rechte von <a href=\"https:\/\/www.humanium.org\/de\/das-recht-der-kinder-auf-identitaet-sexuelle-orientierung-geschlechtsidentitaet-und-geschlechtsausdruck-sogie\/\">LGBTGI+<\/a> Menschen in ganz Russland sind derzeit besonders gef\u00e4hrdet.&nbsp;<\/p>\n\n\n\n<p>In Bezug auf Russland hatte das, was im Februar 2022 geschah, jedoch noch gr\u00f6\u00dfere Auswirkungen auf die Rechte der Kinder. Im gleichen Monat marschierten russische Streitkr\u00e4fte in die <a href=\"https:\/\/www.humanium.org\/de\/ukraine\/\">Ukraine<\/a> ein und leiteten damit eine gegen die ukrainischen Streitkr\u00e4fte und deren milit\u00e4rische Mittel und St\u00e4dte im gesamten Land gerichtete umfangreiche Land-, See- und Luftinvasion ein. Der anhaltende Konflikt in der<a href=\"https:\/\/www.humanium.org\/de\/ukraine\/\"> Ukraine<\/a> stellt immer noch eine unmittelbare und wachsende Bedrohung f\u00fcr das Leben und Wohlbefinden der 7,5 Millionen Kinder des Landes dar (UNICEF, 2022).&nbsp;<\/p>\n\n\n\n<figure class=\"wp-block-image size-large\"><img loading=\"lazy\" decoding=\"async\" width=\"1024\" height=\"647\" src=\"https:\/\/www.humanium.org\/de\/wp-content\/uploads\/2022\/12\/shutterstock_2095910923-1024x647.jpg\" alt=\"\" class=\"wp-image-16313\" srcset=\"https:\/\/www.humanium.org\/de\/wp-content\/uploads\/2022\/12\/shutterstock_2095910923-1024x647.jpg 1024w, https:\/\/www.humanium.org\/de\/wp-content\/uploads\/2022\/12\/shutterstock_2095910923-300x189.jpg 300w, https:\/\/www.humanium.org\/de\/wp-content\/uploads\/2022\/12\/shutterstock_2095910923-768x485.jpg 768w, https:\/\/www.humanium.org\/de\/wp-content\/uploads\/2022\/12\/shutterstock_2095910923-1536x970.jpg 1536w, https:\/\/www.humanium.org\/de\/wp-content\/uploads\/2022\/12\/shutterstock_2095910923-2048x1293.jpg 2048w, https:\/\/www.humanium.org\/de\/wp-content\/uploads\/2022\/12\/shutterstock_2095910923-830x524.jpg 830w, https:\/\/www.humanium.org\/de\/wp-content\/uploads\/2022\/12\/shutterstock_2095910923-230x145.jpg 230w, https:\/\/www.humanium.org\/de\/wp-content\/uploads\/2022\/12\/shutterstock_2095910923-350x221.jpg 350w, https:\/\/www.humanium.org\/de\/wp-content\/uploads\/2022\/12\/shutterstock_2095910923-480x303.jpg 480w\" sizes=\"auto, (max-width: 1024px) 100vw, 1024px\" \/><\/figure>\n\n\n\n<p>Kinder wurden <a href=\"https:\/\/www.humanium.org\/de\/recht-leben\/\">get\u00f6tet,<\/a> verwundet, und von der sie umgebenden, eskalierenden Gewalt schwer betroffen (Denton, 2022). Dar\u00fcber hinaus wurden Hunderttausende von Kindern und ihre Familien innerhalb des Landes <a href=\"https:\/\/www.humanium.org\/de\/vertriebene-kinder\/\">vertrieben<\/a> und mehr als zwei Millionen Fl\u00fcchtlinge auf der Suche nach Sicherheit aus dem Land geflohen \u2013 gro\u00dfenteils Frauen und <a href=\"https:\/\/www.humanium.org\/de\/rechte-kindes\/\">Kinder<\/a> (Council on Foreign Relations, 2022)<\/p>\n\n\n\n<h2 class=\"wp-block-heading\"><strong>Die Bedeutung des Rechts von Kindern auf Bildung in bewaffneten Konflikten<\/strong><\/h2>\n\n\n\n<p>Das Recht von Kindern auf<a href=\"https:\/\/www.humanium.org\/de\/recht-bildung-weltweit\/\"> Bildung<\/a> ist in den Artikel 28 und 29 der UN-<a href=\"https:\/\/www.humanium.org\/de\/konvention\/\">Kinderrechtskonvention<\/a> verankert. Dar\u00fcber hinaus ist das Recht auf Bildung genau der Gegenstand der Allgemeinen Bemerkungen XIII, die 1999 vom Ausschuss f\u00fcr wirtschaftliche, soziale und kulturelle Rechte mit dem Ziel angenommen wurde, Artikel 13 des Internationalen Pakts \u00fcber wirtschaftliche, soziale und kulturelle Rechte (ICESCR) auszulegen und zu erl\u00e4utern (UN-Menschenrechte (n.d))<\/p>\n\n\n\n<p>Weltweit werden Kinder aus verschiedenen Gr\u00fcnden der <a href=\"https:\/\/www.humanium.org\/de\/recht-bildung-weltweit\/\">Bildung<\/a> und des Lernens beraubt. Obwohl <a href=\"https:\/\/www.humanium.org\/de\/themenschwerpunkte\/armut\/\">Armut<\/a> nach wie vor eines der hartn\u00e4ckigsten Hindernisse ist, haben die Kinder, die von wirtschaftlicher Unsicherheit, politischer Instabilit\u00e4t, <a href=\"https:\/\/www.humanium.org\/de\/kindersoldaten\/\">bewaffneten Konflikten<\/a> oder <a href=\"https:\/\/www.humanium.org\/de\/umwelt\/\">Naturkatastrophen<\/a> betroffen werden, ebenso wie Kinder mit <a href=\"https:\/\/www.humanium.org\/de\/kinder-mit-behinderungen\/\">Behinderungen<\/a> oder aus ethnischen Minderheiten, eine geringere Chance, eine Schule zu besuchen.&nbsp;<\/p>\n\n\n\n<p>Dar\u00fcber hinaus wird <a href=\"https:\/\/www.humanium.org\/de\/recht-bildung-weltweit\/\">Bildung<\/a> h\u00e4ufig in <a href=\"https:\/\/www.humanium.org\/de\/kinder-in-kriegen\/\">bewaffneten Konflikten<\/a> nicht als genauso wichtig wie andere Rechte erachtet und oft vernachl\u00e4ssigt. Au\u00dferdem haben <a href=\"https:\/\/www.humanium.org\/de\/kinder-in-kriegen\/\">bewaffnete Konflikte<\/a> aus zahlreichen Gr\u00fcnden, wie Kriegsstress, Tod ihrer Eltern oder naher Verwandter, oder die langfristige Trennung von ihren<a href=\"https:\/\/www.humanium.org\/de\/familie-und-rechte-von-kindern\/\"> Familien<\/a>, <a href=\"https:\/\/www.humanium.org\/de\/die-mentale-gesundheit-von-kindern\/\">psychologische Auswirkungen<\/a> auf <a href=\"https:\/\/www.humanium.org\/de\/rechte-kindes\/\">Kinder.<\/a> <\/p>\n\n\n\n<p>Diese Situationen zerst\u00f6ren in kurzer Zeit das Leben, die Betreuung und Bildungseinrichtungen von Kindern und unterbrechen, verweigern und behindern schlie\u00dflich die Erf\u00fcllung des Rechts auf <a href=\"https:\/\/www.humanium.org\/de\/recht-bildung-weltweit\/\">Bildung<\/a> (British Institute of International and Comparative Law, 2020). Viele Kinder sind ebenfalls in hohem Ma\u00df Konflikten ausgesetzt oder nehmen sogar aktiv an <a href=\"https:\/\/www.humanium.org\/de\/kinder-in-kriegen\/\">Konflikten<\/a> teil. Es liegt auf der Hand, dass sie st\u00e4ndig unter <a href=\"https:\/\/www.humanium.org\/de\/humanium-setzt-sich-in-zusammenarbeit-mit-der-arbeitsgruppe-kinder-und-gewalt-fuer-die-bekaempfung-von-gewalt-gegen-kinder-ein\/\">Gewalt<\/a> leiden, entweder als Opfer oder als Zeugen.&nbsp;<\/p>\n\n\n\n<figure class=\"wp-block-image size-large\"><img loading=\"lazy\" decoding=\"async\" width=\"1024\" height=\"734\" src=\"https:\/\/www.humanium.org\/de\/wp-content\/uploads\/2022\/12\/shutterstock_1829115641-1024x734.jpg\" alt=\"\" class=\"wp-image-16314\" srcset=\"https:\/\/www.humanium.org\/de\/wp-content\/uploads\/2022\/12\/shutterstock_1829115641-1024x734.jpg 1024w, https:\/\/www.humanium.org\/de\/wp-content\/uploads\/2022\/12\/shutterstock_1829115641-300x215.jpg 300w, https:\/\/www.humanium.org\/de\/wp-content\/uploads\/2022\/12\/shutterstock_1829115641-768x550.jpg 768w, https:\/\/www.humanium.org\/de\/wp-content\/uploads\/2022\/12\/shutterstock_1829115641-1536x1101.jpg 1536w, https:\/\/www.humanium.org\/de\/wp-content\/uploads\/2022\/12\/shutterstock_1829115641-2048x1468.jpg 2048w, https:\/\/www.humanium.org\/de\/wp-content\/uploads\/2022\/12\/shutterstock_1829115641-830x595.jpg 830w, https:\/\/www.humanium.org\/de\/wp-content\/uploads\/2022\/12\/shutterstock_1829115641-230x165.jpg 230w, https:\/\/www.humanium.org\/de\/wp-content\/uploads\/2022\/12\/shutterstock_1829115641-350x251.jpg 350w, https:\/\/www.humanium.org\/de\/wp-content\/uploads\/2022\/12\/shutterstock_1829115641-480x344.jpg 480w\" sizes=\"auto, (max-width: 1024px) 100vw, 1024px\" \/><\/figure>\n\n\n\n<p>Trotzdem sollte Bildung in diesen Situationen als vorrangig betrachtet werden, da sie den Kindern viel mehr als nur das Recht auf Lernen bietet. In der Tat ist Bildung in Notlagen f\u00fcr das <a href=\"https:\/\/www.humanium.org\/de\/die-mentale-gesundheit-von-kindern\/\">psychologische<\/a> und physische Wohlbefinden und die Entwicklung der Kinder von gro\u00dfer Bedeutung. Weiterhin besteht der Zweck und der Vorteil von Bildungen in Notlagen darin, den <a href=\"https:\/\/www.humanium.org\/de\/rechte-kindes\/\">Kindern<\/a> den dringend ben\u00f6tigten <a href=\"https:\/\/www.humanium.org\/de\/das-recht-auf-schutz\/\">sozialen Schutz<\/a> zu bieten.&nbsp;<\/p>\n\n\n\n<h2 class=\"wp-block-heading\"><strong>Klimazerst\u00f6rung ist Kindermissbrauch<\/strong><\/h2>\n\n\n\n<p>Zus\u00e4tzlich zu den bewaffneten Konflikten, die Kinder bedrohen, ist dem Children\u2019s Climate Risk Index (CCRI) zufolge fast die H\u00e4lfte der Kinder weltweit auch einem hohen Risiko durch die negativen Auswirkungen des <a href=\"https:\/\/www.humanium.org\/de\/themenschwerpunkte\/umwelt\/klimakrise\/\">aktuellen Klimawandels<\/a> ausgesetzt (UNICEF, 2021). Trotz des globalen, nationalen, und regionalen Einsatz f\u00fcr den Umweltschutz, der durch eine Vielzahl von hochrangigen politischen Vertr\u00e4gen, Beschl\u00fcssen, Strategien, Vereinbarungen und Verpflichtungen erreicht wird, werden Kinder bei den Initiativen zur Bew\u00e4ltigung der Klimakrise immer noch vergessen.&nbsp;<\/p>\n\n\n\n<blockquote class=\"wp-block-quote is-layout-flow wp-block-quote-is-layout-flow\"><p>\u201eDie Klimakrise ist eine Krise der Kinderrechte.\u201c<\/p><cite>\u2013 UNICEF, 2021<\/cite><\/blockquote>\n\n\n\n<p>Die aktuellen Zahlen sehen ziemlich d\u00fcnnster aus. Auf globaler Ebene wird berichtet, eines von f\u00fcnf Kindern habe derzeit weltweit keinen Zugang zu Wasser oder nicht genug Wasser, um seine t\u00e4glichen Bed\u00fcrfnisse zu befriedigen. Es wird vermutet, 1 Milliarde Kinder sei durch die Auswirkungen des <a href=\"https:\/\/www.humanium.org\/de\/themenschwerpunkte\/umwelt\/klimakrise\/\">Klimawandels<\/a> extrem stark gef\u00e4hrdet. 820 Millionen (mehr als ein Drittel der Kinder weltweit) sind Hitzewellen, 400 Millionen (fast jedes sechste) von Wirbelst\u00fcrmen, 330 Millionen (jedes siebte) von \u00dcberschwemmungen von Fl\u00fcssen, 240 Millionen (jedes zehnte) von \u00dcberschwemmungen an den K\u00fcsten und 920 Millionen (mehr als ein Drittel) von Wasserknappheit stark betroffen (EAD, 2022).<\/p>\n\n\n\n<p>Au\u00dferdem wird in 20 Jahren jedes viertes Kind in Gebieten mit extremem Hochwasserstress leben (Child Rights Connec, 2022). Weiterhin werden<a href=\"https:\/\/www.humanium.org\/de\/themenschwerpunkte\/umwelt\/klimafluechtlingskinder\/\"> Kinder<\/a> immer h\u00e4ufiger Wetterereignissen wie verheerenden \u00dcberschwemmungen, Wirbelst\u00fcrmen, Luftverschmutzung, globaler Erw\u00e4rmung, extremen Wetterereignissen, W\u00fcstenbildung, Entwaldung, katastrophalen D\u00fcrren, Hitzewellen, Br\u00e4nden, St\u00fcrmen und den damit verbundenen Folgen ausgesetzt sein. Somit ist das Vers\u00e4umnis der Regierungen, den Klimawandel zu verringen und seine Sch\u00e4den abzumildern, eine Form der Gewalt gegen Kinder und kann daher als eine Form des <a href=\"https:\/\/www.humanium.org\/de\/misshandlung\/\">Kindesmissbrauchs<\/a> definiert werden.&nbsp;<\/p>\n\n\n\n<h2 class=\"wp-block-heading\"><strong>Humanium setzt sich weltweit f\u00fcr die Rechte der Kinder ein<\/strong><\/h2>\n\n\n\n<p>W\u00e4hrend des gesamten Jahres hat Humanium hart daran gearbeitet, die in der UN-<a href=\"https:\/\/www.humanium.org\/de\/konvention\/\">Kinderrechtkonvention<\/a> (CRC) anerkannten <a href=\"https:\/\/www.humanium.org\/de\/rechte-kindes\/\">Rechte<\/a> zu erf\u00fcllen. Gleich zu Beginn des Jahres legte Humanium dem Sonderberichterstatter Empfehlungen zu Menschenhandel, insbesondere dem Frauen- und Kinderhandel, vor. Dieser Antrag zielt darauf ab, den <a href=\"https:\/\/www.humanium.org\/de\/kinderhandel\/\">Menschenhandel<\/a> in der Landwirtschaft zu unterbinden, indem weitere Pr\u00e4ventions- und Schutzstrategien erl\u00e4utert und die inh\u00e4rente Anf\u00e4lligkeit der Kinder selbst ber\u00fccksichtigt wurden.&nbsp;<\/p>\n\n\n\n<p>Im M\u00e4rz 2022 nahm Humanium an einer wichtigen Nebenveranstaltung zur 49. Sitzung des Menschenrechtsrates teil. Ziel der Nebenveranstaltung, die von der Sonderbeauftragten des Generalsekret\u00e4rs f\u00fcr Gewalt gegen Kinder und den Mitgliedern der Child Rights Working Group on Children and Violence organisiert wurde, war es, das Engagement der Aktion\u00e4re f\u00fcr die Beendigung der Gewalt gegen Kinder zu st\u00e4rken, die durch die Auswirkungen des <a href=\"https:\/\/www.humanium.org\/de\/themenschwerpunkte\/umwelt\/klimakrise\/\">Klimawandels,<\/a> der Covid-19-Pandemie und Russlands Angriffskrieg in der Ukraine noch versch\u00e4rft wird.&nbsp;<\/p>\n\n\n\n<p>Im April f\u00fchrten wir in Zusammenarbeit mit unserem lokalen Partner, Hand in Hand Indien, drei <a href=\"https:\/\/www.facebook.com\/media\/set\/?set=a.5317641364966162&amp;type=3\">Humanium-Projekte<\/a> durch und hielten sieben weitere Workshops ab. Da Hand in Hand Indien mit finanzieller Unterst\u00fctzung anderer engagierter NRO auch andere Projekte durchf\u00fchrt, wurden dank der freundlichen Hilfe unseres Co-Trainers und Ausbilders Vicdan Merte aus Istanbul insgesamt 20 Workshops durchgef\u00fchrt.&nbsp;<\/p>\n\n\n\n<figure class=\"wp-block-image size-full\"><img loading=\"lazy\" decoding=\"async\" width=\"940\" height=\"788\" src=\"https:\/\/www.humanium.org\/de\/wp-content\/uploads\/2022\/12\/280321333_5316642348399397_1402011192425189114_n.jpeg\" alt=\"\" class=\"wp-image-16316\" srcset=\"https:\/\/www.humanium.org\/de\/wp-content\/uploads\/2022\/12\/280321333_5316642348399397_1402011192425189114_n.jpeg 940w, https:\/\/www.humanium.org\/de\/wp-content\/uploads\/2022\/12\/280321333_5316642348399397_1402011192425189114_n-300x251.jpeg 300w, https:\/\/www.humanium.org\/de\/wp-content\/uploads\/2022\/12\/280321333_5316642348399397_1402011192425189114_n-768x644.jpeg 768w, https:\/\/www.humanium.org\/de\/wp-content\/uploads\/2022\/12\/280321333_5316642348399397_1402011192425189114_n-830x696.jpeg 830w, https:\/\/www.humanium.org\/de\/wp-content\/uploads\/2022\/12\/280321333_5316642348399397_1402011192425189114_n-230x193.jpeg 230w, https:\/\/www.humanium.org\/de\/wp-content\/uploads\/2022\/12\/280321333_5316642348399397_1402011192425189114_n-350x293.jpeg 350w, https:\/\/www.humanium.org\/de\/wp-content\/uploads\/2022\/12\/280321333_5316642348399397_1402011192425189114_n-480x402.jpeg 480w\" sizes=\"auto, (max-width: 940px) 100vw, 940px\" \/><\/figure>\n\n\n\n<p>An unseren Workshops nahmen jeden Morgen 25 bis 30 Personen teil &#8211; Jugendliche, Lehrer oder Ausbilder f\u00fcr soziale und psychologische Entwicklung aus verschiedenen D\u00f6rfern in den indischen Bundesstaaten Tamil Nadu und Madhya Pradesh, in denen wir seit 15 Jahren mit unseren Projekten vertreten sind. Die Ausbilder, die wir bei unserem letzten Besuch im Jahr 2019 trafen, zeigten uns, wie sie unsere Techniken und Coaching-\u00dcbungen t\u00e4glich anwenden, um Gewalt zu bek\u00e4mpfen und Fortschritt und Entwicklung bei Kindern zu erreichen.&nbsp;<\/p>\n\n\n\n<blockquote class=\"wp-block-quote is-layout-flow wp-block-quote-is-layout-flow\"><p>&#8222;Wir haben eine wunderbare Zeit miteinander verbracht und eine gro\u00dfe Wirkung erzielt. Wir k\u00f6nnen es mit Freude und Ehrlichkeit sagen &#8211; wir kommen wieder!&#8220; <\/p><cite>&#8211; Arndt Soret, Mitbegr\u00fcnder und Direktor von Humanium<\/cite><\/blockquote>\n\n\n\n<h2 class=\"wp-block-heading\"><strong>Hoffnung auf ein friedliches neues Jahr<\/strong><\/h2>\n\n\n\n<p>Dar\u00fcber hinaus engagierte sich Humanium im Kampf gegen <a href=\"https:\/\/www.humanium.org\/de\/kinderarbeit-2\/\">Kinderarbeit<\/a> und <a href=\"https:\/\/www.humanium.org\/de\/kinderhandel\/\">Kinderhandel<\/a> und war aktiv an mehreren Projekten auf verschiedenen Ebenen beteiligt, die darauf abzielen, diese Praktiken zu beseitigen und die volle Achtung der Kinderrechte zu gew\u00e4hrleisten. Humanium war und ist in der Tat in enger Zusammenarbeit mit der Zivilgesellschaft engagiert, um starke Partnerschaften zur Umsetzung der Kinderrechte aufzubauen, und wir bem\u00fchen uns weiterhin, Empfehlungen und Vorschl\u00e4ge auf der Ebene der Vereinten Nationen einzubringen.&nbsp;<\/p>\n\n\n\n<figure class=\"wp-block-image size-large\"><img loading=\"lazy\" decoding=\"async\" width=\"1024\" height=\"683\" src=\"https:\/\/www.humanium.org\/de\/wp-content\/uploads\/2022\/12\/shutterstock_2208979847-1024x683.jpg\" alt=\"\" class=\"wp-image-16315\" srcset=\"https:\/\/www.humanium.org\/de\/wp-content\/uploads\/2022\/12\/shutterstock_2208979847-1024x683.jpg 1024w, https:\/\/www.humanium.org\/de\/wp-content\/uploads\/2022\/12\/shutterstock_2208979847-300x200.jpg 300w, https:\/\/www.humanium.org\/de\/wp-content\/uploads\/2022\/12\/shutterstock_2208979847-768x512.jpg 768w, https:\/\/www.humanium.org\/de\/wp-content\/uploads\/2022\/12\/shutterstock_2208979847-1536x1024.jpg 1536w, https:\/\/www.humanium.org\/de\/wp-content\/uploads\/2022\/12\/shutterstock_2208979847-2048x1365.jpg 2048w, https:\/\/www.humanium.org\/de\/wp-content\/uploads\/2022\/12\/shutterstock_2208979847-830x553.jpg 830w, https:\/\/www.humanium.org\/de\/wp-content\/uploads\/2022\/12\/shutterstock_2208979847-230x153.jpg 230w, https:\/\/www.humanium.org\/de\/wp-content\/uploads\/2022\/12\/shutterstock_2208979847-350x233.jpg 350w, https:\/\/www.humanium.org\/de\/wp-content\/uploads\/2022\/12\/shutterstock_2208979847-480x320.jpg 480w, https:\/\/www.humanium.org\/de\/wp-content\/uploads\/2022\/12\/shutterstock_2208979847-272x182.jpg 272w\" sizes=\"auto, (max-width: 1024px) 100vw, 1024px\" \/><\/figure>\n\n\n\n<p>Wir werden niemals aufh\u00f6ren, uns f\u00fcr eine Welt einzusetzen, in der Kinder von <a href=\"https:\/\/www.humanium.org\/de\/kinder-in-kriegen\/\">Bildung<\/a> und Fortschritt umgeben sind, anstatt von <a href=\"https:\/\/www.humanium.org\/de\/kinder-in-kriegen\/\">bewaffneten Konflikten<\/a> und Angst. Auch wenn wir mit Herausforderungen konfrontiert sind, werden wir weiterhin verschiedene Arten von Ausbildung anbieten, um Wachstum und friedliche Gemeinschaften zu erreichen, in denen jeder das gleiche Recht hat, egal ob Kind oder Erwachsener, und unabh\u00e4ngig von Geschlecht, Hautfarbe oder Nationalit\u00e4t. <strong>Wenn Sie uns bei unserer Arbeit unterst\u00fctzen m\u00f6chten, ziehen Sie bitte in Erw\u00e4gung, eine <a href=\"https:\/\/www.humanium.org\/de\/pate-werden-2\/\">Patenschaft f\u00fcr ein Kind<\/a> zu \u00fcbernehmen, eine <a href=\"https:\/\/www.humanium.org\/de\/spenden\/\">Spende<\/a> zu t\u00e4tigen oder im kommenden Jahr als <a href=\"https:\/\/www.humanium.org\/de\/teilnehmen-2\/volunteer\/\">Freiwilliger<\/a> mitzuarbeiten.<\/strong><\/p>\n\n\n\n<p class=\"has-text-align-center\"><strong><em>Im Namen des gesamten Humanium-Teams w\u00fcnsche ich Ihnen und Ihren Lieben ein sicheres, gl\u00fcckliches und erf\u00fcllendes neues Jahr!<\/em><\/strong><\/p>\n\n\n\n<p><em><strong>Geschrieben von Ivana Ka\u0107unko<\/strong><\/em><\/p>\n\n\n\n<p><em><strong>\u00dcbersetzt von Felix Lunn<\/strong><\/em><\/p>\n\n\n\n<p><em><strong>Korrigiert von Katrin Glatzer<\/strong><\/em><\/p>\n\n\n\n<h4 class=\"wp-block-heading\"><strong>Referenzen:&nbsp;<\/strong><\/h4>\n\n\n\n<p class=\"has-small-font-size\">British Institute of International and Comparative Law (2020). <em>Protecting Education in Insecurity and Armed Conflict, An International Law Handbook, second edition<\/em>. Retrieved from the British Institute of International and Comparative Law at <a href=\"https:\/\/www.right-to-education.org\/sites\/right-to-education.org\/files\/resource-attachments\/PEIC_BIICL_international_law_handbook_2020_en.pdf\" target=\"_blank\" rel=\"noreferrer noopener\">https:\/\/www.right-to-education.org\/sites\/right-to-education.org\/files\/resource-attachments\/PEIC_BIICL_international_law_handbook_2020_en.pdf<\/a>, accessed on November 24, 2022.&nbsp;<\/p>\n\n\n\n<p class=\"has-small-font-size\">Child Rights Connect (2022). <em>Saving the planet is saving children: Voices of Children for COP27 and beyond<\/em>. Retrieved from Child Rights Connect at <a href=\"https:\/\/childrightsconnect.org\/saving-the-planet-is-saving-children-voices-of-children-for-cop27-and-beyond\/\" target=\"_blank\" rel=\"noreferrer noopener\">https:\/\/childrightsconnect.org\/saving-the-planet-is-saving-children-voices-of-children-for-cop27-and-beyond\/<\/a>, accessed on November 24, 2022.<\/p>\n\n\n\n<p class=\"has-small-font-size\">Council on Foreign Relations (2022). <em>Conflict in Ukraine, Global Conflict Tracker<\/em>. Retrieved from the Council on Foreign Relations at <a href=\"https:\/\/www.cfr.org\/global-conflict-tracker\/conflict\/conflict-ukraine\" target=\"_blank\" rel=\"noreferrer noopener\">https:\/\/www.cfr.org\/global-conflict-tracker\/conflict\/conflict-ukraine<\/a>, accessed on November 24, 2022.<\/p>\n\n\n\n<p class=\"has-small-font-size\">Denton, J. W. (2022). <em>Ukraine crisis: What can business do for children and their families?<\/em> Retrieved from the International Chamber of Commerce at <a href=\"https:\/\/iccwbo.org\/publication\/ukraine-crisis-what-can-business-do-for-children-and-their-families\/\" target=\"_blank\" rel=\"noreferrer noopener\">https:\/\/iccwbo.org\/publication\/ukraine-crisis-what-can-business-do-for-children-and-their-families\/<\/a>, accessed on November 24, 2022.<\/p>\n\n\n\n<p class=\"has-small-font-size\">EEAS (2022). <em>The Climate Crisis: a Threat Multiplier for Violence against Children<\/em>. Retrieved from the Delegation of the European Union to the United Nations in New York at <a href=\"https:\/\/www.eeas.europa.eu\/delegations\/un-new-york\/climate-crisis-threat-multiplier-violence-against-children_en\" target=\"_blank\" rel=\"noreferrer noopener\">https:\/\/www.eeas.europa.eu\/delegations\/un-new-york\/climate-crisis-threat-multiplier-violence-against-children_en<\/a>, accessed on November 23, 2022.<\/p>\n\n\n\n<p class=\"has-small-font-size\">Lokshina, Tanya (2022). <em>Russian Government Seeks Closure of LGBT Rights Group<\/em>.&nbsp; Retrieved from Human Rights Watch at <a href=\"https:\/\/www.hrw.org\/news\/2022\/02\/09\/russian-government-seeks-closure-lgbt-rights-group\" target=\"_blank\" rel=\"noreferrer noopener\">https:\/\/www.hrw.org\/news\/2022\/02\/09\/russian-government-seeks-closure-lgbt-rights-group<\/a>, accessed on November 23, 2022.<\/p>\n\n\n\n<p class=\"has-small-font-size\"><a href=\"https:\/\/www.unicef.org\/media\/105536\/file\/UNICEF_climate%20crisis_child_rights_crisis-summary-FR.pdf\">UNICEF (2021). <em>The climate crisis is a child rights crisis.<\/em> Retrieved from UNICEF<\/a> at <a href=\"https:\/\/www.unicef.org\/media\/105376\/file\/UNICEF-climate-crisis-child-rights-crisis.pdf\" target=\"_blank\" rel=\"noreferrer noopener\">https:\/\/www.unicef.org\/media\/105376\/file\/UNICEF-climate-crisis-child-rights-crisis.pd<\/a>f, accessed on November 23, 2022.<\/p>\n\n\n\n<p class=\"has-small-font-size\">UNICEF (2022). <em>War in Ukraine: Support for children and families<\/em>. <a href=\"https:\/\/www.unicef.org\/media\/105536\/file\/UNICEF_climate%20crisis_child_rights_crisis-summary-FR.pdf\">Retrieved from<\/a> UNICEF at <a href=\"https:\/\/www.unicef.org\/emergencies\/conflict-ukraine-pose-immediate-threat-children\" target=\"_blank\" rel=\"noreferrer noopener\">https:\/\/www.unicef.org\/emergencies\/conflict-ukraine-pose-immediate-threat-children<\/a>, accessed on November 23, 2022.<\/p>\n\n\n\n<p class=\"has-small-font-size\">UN Human Rights (n.d.). <em>d) General Comment No. 13: The right to education (article 13) (1999)<\/em>. Retrieved from the Office of the High Commissioner for Human Rights (UN Human Rights) at <a href=\"https:\/\/www.ohchr.org\/en\/resources\/educators\/human-rights-education-training\/d-general-comment-no-13-right-education-article-13-1999#:~:text=For%20the%20most%20part%2C%20they,effectively%20in%20a%20free%20society%22%2C\" target=\"_blank\" rel=\"noreferrer noopener\">https:\/\/www.ohchr.org\/en\/resources\/educators\/human-rights-education-training\/d-general-comment-no-13-right-education-article-13-1999#:~:text=For%20the%20most%20part%2C%20they,effectively%20in%20a%20free%20society%22%2C<\/a>, accessed on November 23, 2022.<\/p>\n","protected":false},"excerpt":{"rendered":"<p>Jedes Jahr stellt Menschen weltweit vor eine bestimmte Herausforderung, doch es ist eine besondere Herausforderung, wenn die von globalen Ereignissen Betroffenen Kinder sind. Leider war das Jahr 2022 in vielerlei Hinsicht nicht g\u00fcnstig f\u00fcr Kinder, und es bleibt nur zu hoffen, dass das neue Jahr mehr Stabilit\u00e4t bringen kann, insbesondere f\u00fcr die Kinder und ihre [&hellip;]<\/p>\n","protected":false},"author":21,"featured_media":16317,"comment_status":"closed","ping_status":"closed","sticky":false,"template":"","format":"standard","meta":{"footnotes":""},"categories":[175,13,170,17,5,160,163,6,9],"tags":[],"class_list":["post-16312","post","type-post","status-publish","format-standard","has-post-thumbnail","hentry","category-ausbeutung","category-bildung","category-freiheit","category-frieden","category-gesundheit","category-gewalt","category-kinderrechte","category-leben-von-humanium","category-umwelt"],"yoast_head":"<!-- This site is optimized with the Yoast SEO plugin v26.5 - https:\/\/yoast.com\/wordpress\/plugins\/seo\/ -->\n<title>Ein weiteres Jahr voller Herausforderungen f\u00fcr Kinderrechte weltweit - Humanium<\/title>\n<meta name=\"description\" content=\"Humanium hat sich das ganze Jahr \u00fcber daf\u00fcr eingesetzt, dass Kinder vor Verletzungen ihrer Grundrechte gesch\u00fctzt werden.\" \/>\n<meta name=\"robots\" content=\"index, follow, max-snippet:-1, max-image-preview:large, max-video-preview:-1\" \/>\n<link rel=\"canonical\" href=\"https:\/\/www.humanium.org\/de\/ein-weiteres-jahr-voller-herausforderungen-fuer-kinderrechte-weltweit\/\" \/>\n<meta property=\"og:locale\" content=\"de_DE\" \/>\n<meta property=\"og:type\" content=\"article\" \/>\n<meta property=\"og:title\" content=\"Ein weiteres Jahr voller Herausforderungen f\u00fcr Kinderrechte weltweit - Humanium\" \/>\n<meta property=\"og:description\" content=\"Humanium hat sich das ganze Jahr \u00fcber daf\u00fcr eingesetzt, dass Kinder vor Verletzungen ihrer Grundrechte gesch\u00fctzt werden.\" \/>\n<meta property=\"og:url\" content=\"https:\/\/www.humanium.org\/de\/ein-weiteres-jahr-voller-herausforderungen-fuer-kinderrechte-weltweit\/\" \/>\n<meta property=\"og:site_name\" content=\"Humanium\" \/>\n<meta property=\"article:published_time\" content=\"2022-12-27T13:56:44+00:00\" \/>\n<meta property=\"article:modified_time\" content=\"2025-12-06T06:33:01+00:00\" \/>\n<meta property=\"og:image\" content=\"https:\/\/www.humanium.org\/de\/wp-content\/uploads\/2022\/12\/shutterstock_2182668129-scaled.jpg\" \/>\n\t<meta property=\"og:image:width\" content=\"2560\" \/>\n\t<meta property=\"og:image:height\" content=\"1709\" \/>\n\t<meta property=\"og:image:type\" content=\"image\/jpeg\" \/>\n<meta name=\"author\" content=\"Ivana Kacunko\" \/>\n<meta name=\"twitter:card\" content=\"summary_large_image\" \/>\n<meta name=\"twitter:label1\" content=\"Verfasst von\" \/>\n\t<meta name=\"twitter:data1\" content=\"Ivana Kacunko\" \/>\n\t<meta name=\"twitter:label2\" content=\"Gesch\u00e4tzte Lesezeit\" \/>\n\t<meta name=\"twitter:data2\" content=\"10\u00a0Minuten\" \/>\n<script type=\"application\/ld+json\" class=\"yoast-schema-graph\">{\"@context\":\"https:\/\/schema.org\",\"@graph\":[{\"@type\":\"WebPage\",\"@id\":\"https:\/\/www.humanium.org\/de\/ein-weiteres-jahr-voller-herausforderungen-fuer-kinderrechte-weltweit\/\",\"url\":\"https:\/\/www.humanium.org\/de\/ein-weiteres-jahr-voller-herausforderungen-fuer-kinderrechte-weltweit\/\",\"name\":\"Ein weiteres Jahr voller Herausforderungen f\u00fcr Kinderrechte weltweit - Humanium\",\"isPartOf\":{\"@id\":\"https:\/\/www.humanium.org\/de\/#website\"},\"primaryImageOfPage\":{\"@id\":\"https:\/\/www.humanium.org\/de\/ein-weiteres-jahr-voller-herausforderungen-fuer-kinderrechte-weltweit\/#primaryimage\"},\"image\":{\"@id\":\"https:\/\/www.humanium.org\/de\/ein-weiteres-jahr-voller-herausforderungen-fuer-kinderrechte-weltweit\/#primaryimage\"},\"thumbnailUrl\":\"https:\/\/www.humanium.org\/de\/wp-content\/uploads\/2022\/12\/shutterstock_2182668129-scaled.jpg\",\"datePublished\":\"2022-12-27T13:56:44+00:00\",\"dateModified\":\"2025-12-06T06:33:01+00:00\",\"author\":{\"@id\":\"https:\/\/www.humanium.org\/de\/#\/schema\/person\/2a567d6b78df2674947b78b21cdf8019\"},\"description\":\"Humanium hat sich das ganze Jahr \u00fcber daf\u00fcr eingesetzt, dass Kinder vor Verletzungen ihrer Grundrechte gesch\u00fctzt werden.\",\"breadcrumb\":{\"@id\":\"https:\/\/www.humanium.org\/de\/ein-weiteres-jahr-voller-herausforderungen-fuer-kinderrechte-weltweit\/#breadcrumb\"},\"inLanguage\":\"de\",\"potentialAction\":[{\"@type\":\"ReadAction\",\"target\":[\"https:\/\/www.humanium.org\/de\/ein-weiteres-jahr-voller-herausforderungen-fuer-kinderrechte-weltweit\/\"]}]},{\"@type\":\"ImageObject\",\"inLanguage\":\"de\",\"@id\":\"https:\/\/www.humanium.org\/de\/ein-weiteres-jahr-voller-herausforderungen-fuer-kinderrechte-weltweit\/#primaryimage\",\"url\":\"https:\/\/www.humanium.org\/de\/wp-content\/uploads\/2022\/12\/shutterstock_2182668129-scaled.jpg\",\"contentUrl\":\"https:\/\/www.humanium.org\/de\/wp-content\/uploads\/2022\/12\/shutterstock_2182668129-scaled.jpg\",\"width\":2560,\"height\":1709},{\"@type\":\"BreadcrumbList\",\"@id\":\"https:\/\/www.humanium.org\/de\/ein-weiteres-jahr-voller-herausforderungen-fuer-kinderrechte-weltweit\/#breadcrumb\",\"itemListElement\":[{\"@type\":\"ListItem\",\"position\":1,\"name\":\"Home\",\"item\":\"https:\/\/www.humanium.org\/de\/\"},{\"@type\":\"ListItem\",\"position\":2,\"name\":\"Ein weiteres Jahr voller Herausforderungen f\u00fcr Kinderrechte weltweit\"}]},{\"@type\":\"WebSite\",\"@id\":\"https:\/\/www.humanium.org\/de\/#website\",\"url\":\"https:\/\/www.humanium.org\/de\/\",\"name\":\"Humanium\",\"description\":\"Kinder zuerst!\",\"potentialAction\":[{\"@type\":\"SearchAction\",\"target\":{\"@type\":\"EntryPoint\",\"urlTemplate\":\"https:\/\/www.humanium.org\/de\/?s={search_term_string}\"},\"query-input\":{\"@type\":\"PropertyValueSpecification\",\"valueRequired\":true,\"valueName\":\"search_term_string\"}}],\"inLanguage\":\"de\"},{\"@type\":\"Person\",\"@id\":\"https:\/\/www.humanium.org\/de\/#\/schema\/person\/2a567d6b78df2674947b78b21cdf8019\",\"name\":\"Ivana Kacunko\",\"image\":{\"@type\":\"ImageObject\",\"inLanguage\":\"de\",\"@id\":\"https:\/\/www.humanium.org\/de\/#\/schema\/person\/image\/\",\"url\":\"https:\/\/secure.gravatar.com\/avatar\/742fb74b41932fd8f13d04dad50bea47f5e3de2a645c548d1b801c6f3aef77e6?s=96&d=mm&r=g\",\"contentUrl\":\"https:\/\/secure.gravatar.com\/avatar\/742fb74b41932fd8f13d04dad50bea47f5e3de2a645c548d1b801c6f3aef77e6?s=96&d=mm&r=g\",\"caption\":\"Ivana Kacunko\"},\"sameAs\":[\"https:\/\/www.linkedin.com\/in\/ivana-ka%C4%87unko-8934b692\/\"],\"url\":\"https:\/\/www.humanium.org\/de\/author\/ivana\/\"}]}<\/script>\n<!-- \/ Yoast SEO plugin. -->","yoast_head_json":{"title":"Ein weiteres Jahr voller Herausforderungen f\u00fcr Kinderrechte weltweit - Humanium","description":"Humanium hat sich das ganze Jahr \u00fcber daf\u00fcr eingesetzt, dass Kinder vor Verletzungen ihrer Grundrechte gesch\u00fctzt werden.","robots":{"index":"index","follow":"follow","max-snippet":"max-snippet:-1","max-image-preview":"max-image-preview:large","max-video-preview":"max-video-preview:-1"},"canonical":"https:\/\/www.humanium.org\/de\/ein-weiteres-jahr-voller-herausforderungen-fuer-kinderrechte-weltweit\/","og_locale":"de_DE","og_type":"article","og_title":"Ein weiteres Jahr voller Herausforderungen f\u00fcr Kinderrechte weltweit - Humanium","og_description":"Humanium hat sich das ganze Jahr \u00fcber daf\u00fcr eingesetzt, dass Kinder vor Verletzungen ihrer Grundrechte gesch\u00fctzt werden.","og_url":"https:\/\/www.humanium.org\/de\/ein-weiteres-jahr-voller-herausforderungen-fuer-kinderrechte-weltweit\/","og_site_name":"Humanium","article_published_time":"2022-12-27T13:56:44+00:00","article_modified_time":"2025-12-06T06:33:01+00:00","og_image":[{"width":2560,"height":1709,"url":"https:\/\/www.humanium.org\/de\/wp-content\/uploads\/2022\/12\/shutterstock_2182668129-scaled.jpg","type":"image\/jpeg"}],"author":"Ivana Kacunko","twitter_card":"summary_large_image","twitter_misc":{"Verfasst von":"Ivana Kacunko","Gesch\u00e4tzte Lesezeit":"10\u00a0Minuten"},"schema":{"@context":"https:\/\/schema.org","@graph":[{"@type":"WebPage","@id":"https:\/\/www.humanium.org\/de\/ein-weiteres-jahr-voller-herausforderungen-fuer-kinderrechte-weltweit\/","url":"https:\/\/www.humanium.org\/de\/ein-weiteres-jahr-voller-herausforderungen-fuer-kinderrechte-weltweit\/","name":"Ein weiteres Jahr voller Herausforderungen f\u00fcr Kinderrechte weltweit - Humanium","isPartOf":{"@id":"https:\/\/www.humanium.org\/de\/#website"},"primaryImageOfPage":{"@id":"https:\/\/www.humanium.org\/de\/ein-weiteres-jahr-voller-herausforderungen-fuer-kinderrechte-weltweit\/#primaryimage"},"image":{"@id":"https:\/\/www.humanium.org\/de\/ein-weiteres-jahr-voller-herausforderungen-fuer-kinderrechte-weltweit\/#primaryimage"},"thumbnailUrl":"https:\/\/www.humanium.org\/de\/wp-content\/uploads\/2022\/12\/shutterstock_2182668129-scaled.jpg","datePublished":"2022-12-27T13:56:44+00:00","dateModified":"2025-12-06T06:33:01+00:00","author":{"@id":"https:\/\/www.humanium.org\/de\/#\/schema\/person\/2a567d6b78df2674947b78b21cdf8019"},"description":"Humanium hat sich das ganze Jahr \u00fcber daf\u00fcr eingesetzt, dass Kinder vor Verletzungen ihrer Grundrechte gesch\u00fctzt werden.","breadcrumb":{"@id":"https:\/\/www.humanium.org\/de\/ein-weiteres-jahr-voller-herausforderungen-fuer-kinderrechte-weltweit\/#breadcrumb"},"inLanguage":"de","potentialAction":[{"@type":"ReadAction","target":["https:\/\/www.humanium.org\/de\/ein-weiteres-jahr-voller-herausforderungen-fuer-kinderrechte-weltweit\/"]}]},{"@type":"ImageObject","inLanguage":"de","@id":"https:\/\/www.humanium.org\/de\/ein-weiteres-jahr-voller-herausforderungen-fuer-kinderrechte-weltweit\/#primaryimage","url":"https:\/\/www.humanium.org\/de\/wp-content\/uploads\/2022\/12\/shutterstock_2182668129-scaled.jpg","contentUrl":"https:\/\/www.humanium.org\/de\/wp-content\/uploads\/2022\/12\/shutterstock_2182668129-scaled.jpg","width":2560,"height":1709},{"@type":"BreadcrumbList","@id":"https:\/\/www.humanium.org\/de\/ein-weiteres-jahr-voller-herausforderungen-fuer-kinderrechte-weltweit\/#breadcrumb","itemListElement":[{"@type":"ListItem","position":1,"name":"Home","item":"https:\/\/www.humanium.org\/de\/"},{"@type":"ListItem","position":2,"name":"Ein weiteres Jahr voller Herausforderungen f\u00fcr Kinderrechte weltweit"}]},{"@type":"WebSite","@id":"https:\/\/www.humanium.org\/de\/#website","url":"https:\/\/www.humanium.org\/de\/","name":"Humanium","description":"Kinder zuerst!","potentialAction":[{"@type":"SearchAction","target":{"@type":"EntryPoint","urlTemplate":"https:\/\/www.humanium.org\/de\/?s={search_term_string}"},"query-input":{"@type":"PropertyValueSpecification","valueRequired":true,"valueName":"search_term_string"}}],"inLanguage":"de"},{"@type":"Person","@id":"https:\/\/www.humanium.org\/de\/#\/schema\/person\/2a567d6b78df2674947b78b21cdf8019","name":"Ivana Kacunko","image":{"@type":"ImageObject","inLanguage":"de","@id":"https:\/\/www.humanium.org\/de\/#\/schema\/person\/image\/","url":"https:\/\/secure.gravatar.com\/avatar\/742fb74b41932fd8f13d04dad50bea47f5e3de2a645c548d1b801c6f3aef77e6?s=96&d=mm&r=g","contentUrl":"https:\/\/secure.gravatar.com\/avatar\/742fb74b41932fd8f13d04dad50bea47f5e3de2a645c548d1b801c6f3aef77e6?s=96&d=mm&r=g","caption":"Ivana Kacunko"},"sameAs":["https:\/\/www.linkedin.com\/in\/ivana-ka%C4%87unko-8934b692\/"],"url":"https:\/\/www.humanium.org\/de\/author\/ivana\/"}]}},"_links":{"self":[{"href":"https:\/\/www.humanium.org\/de\/wp-json\/wp\/v2\/posts\/16312","targetHints":{"allow":["GET"]}}],"collection":[{"href":"https:\/\/www.humanium.org\/de\/wp-json\/wp\/v2\/posts"}],"about":[{"href":"https:\/\/www.humanium.org\/de\/wp-json\/wp\/v2\/types\/post"}],"author":[{"embeddable":true,"href":"https:\/\/www.humanium.org\/de\/wp-json\/wp\/v2\/users\/21"}],"replies":[{"embeddable":true,"href":"https:\/\/www.humanium.org\/de\/wp-json\/wp\/v2\/comments?post=16312"}],"version-history":[{"count":9,"href":"https:\/\/www.humanium.org\/de\/wp-json\/wp\/v2\/posts\/16312\/revisions"}],"predecessor-version":[{"id":21238,"href":"https:\/\/www.humanium.org\/de\/wp-json\/wp\/v2\/posts\/16312\/revisions\/21238"}],"wp:featuredmedia":[{"embeddable":true,"href":"https:\/\/www.humanium.org\/de\/wp-json\/wp\/v2\/media\/16317"}],"wp:attachment":[{"href":"https:\/\/www.humanium.org\/de\/wp-json\/wp\/v2\/media?parent=16312"}],"wp:term":[{"taxonomy":"category","embeddable":true,"href":"https:\/\/www.humanium.org\/de\/wp-json\/wp\/v2\/categories?post=16312"},{"taxonomy":"post_tag","embeddable":true,"href":"https:\/\/www.humanium.org\/de\/wp-json\/wp\/v2\/tags?post=16312"}],"curies":[{"name":"wp","href":"https:\/\/api.w.org\/{rel}","templated":true}]}}