{"id":16434,"date":"2023-02-21T19:02:58","date_gmt":"2023-02-21T19:02:58","guid":{"rendered":"https:\/\/www.humanium.org\/de\/?p=16434"},"modified":"2025-12-06T06:29:12","modified_gmt":"2025-12-06T06:29:12","slug":"das-bestmoegliche-interesse-des-kindes-in-der-weltweiten-praxis","status":"publish","type":"post","link":"https:\/\/www.humanium.org\/de\/das-bestmoegliche-interesse-des-kindes-in-der-weltweiten-praxis\/","title":{"rendered":"<strong>Das bestm\u00f6gliche Interesse des Kindes in der weltweiten Praxis<\/strong>"},"content":{"rendered":"\n<p><strong>Der <a href=\"https:\/\/www.humanium.org\/de\/der-grundsatz-des-wohl-des-kindes\/\">Grundsatz des Kindeswohls<\/a> ist einer der vier allgemeinen Leitgrunds\u00e4tze zu den <a href=\"https:\/\/www.humanium.org\/de\/rechte-kindes\/\">Kinderrechten<\/a> (Recht auf <a href=\"https:\/\/www.humanium.org\/de\/themenschwerpunkte\/focusdiskriminierung\/\">Nichtdiskriminierung<\/a>, <a href=\"https:\/\/www.humanium.org\/en\/the-childs-best-interest\/#:~:text=The%2520principle%2520of%2520\">bestes Interesse<\/a>, <a href=\"https:\/\/www.humanium.org\/de\/recht-leben\/\">Recht auf Leben<\/a>, <a href=\"https:\/\/www.humanium.org\/de\/recht-leben\/\">\u00dcberleben<\/a> und <a href=\"https:\/\/www.humanium.org\/de\/erklarung-entwicklung\/\">Entwicklung<\/a>, <a href=\"https:\/\/www.humanium.org\/en\/the-principle-of-inclusion-and-participation\/\">Recht auf Partizipation<\/a> oder <a href=\"https:\/\/www.humanium.org\/de\/recht-freiheit\/\">Recht auf Meinungs\u00e4u\u00dferung<\/a>, die ber\u00fccksichtigt wird). Er steht in engem Zusammenhang mit Artikel 3 Absatz 1 des <a href=\"https:\/\/www.humanium.org\/de\/konvention\/\">\u00dcbereinkommens \u00fcber die Rechte des Kindes (KRK)<\/a> und Artikel 24 Absatz 1 der Charta der <a href=\"https:\/\/www.humanium.org\/de\/rechte-kindes\/\">Grundrechte<\/a> der Europ\u00e4ischen Union. <\/strong><\/p>\n\n\n\n<p><strong>Beide Instrumente r\u00e4umen <a href=\"https:\/\/www.humanium.org\/en\/the-childs-best-interest\/#:~:text=The%2520principle%2520of%2520\">Kindern das Recht<\/a> ein, dass ihr Wohl bewertet und bei allen sie betreffenden Ma\u00dfnahmen oder Entscheidungen ber\u00fccksichtigt wird, unabh\u00e4ngig davon, ob diese von \u00f6ffentlichen oder privaten Sozialeinrichtungen, Gerichten, Verwaltungsbeh\u00f6rden oder Gesetzgebungsorganen getroffen werden (Child Welfare Information Gateway, 2021).<\/strong><\/p>\n\n\n\n<h2 class=\"wp-block-heading\"><strong>Was versteht man unter dem besten Interesse des Kindes?<\/strong><strong><\/strong><\/h2>\n\n\n\n<p>Das <a href=\"https:\/\/www.humanium.org\/de\/der-grundsatz-des-wohl-des-kindes\/\">Wohl des Kindes<\/a> ist ein dreifaches Konzept, das ein materielles Recht, einen grundlegenden und auslegenden Rechtsgrundsatz und eine Verfahrensregel umfasst, die darauf abzielt, den vollen und wirksamen Genuss aller im <a href=\"https:\/\/www.humanium.org\/de\/konvention\/\">\u00dcbereinkommen der Vereinten Nationen \u00fcber die Rechte des Kindes (CRC)<\/a> anerkannten <a href=\"https:\/\/www.humanium.org\/de\/rechte-kindes\/\">Rechte<\/a> zu gew\u00e4hrleisten, und deren Hauptanliegen es ist, die ganzheitliche Entwicklung des Kindes sicherzustellen (EMN &#8211; Europ\u00e4isches Migrationsnetzwerk, 2021).<\/p>\n\n\n\n<p>Die ganzheitliche Entwicklung des <a href=\"https:\/\/www.humanium.org\/de\/rechte-kindes\/\">Kindes<\/a> bezieht sich auf das Wohlergehen des <a href=\"https:\/\/www.humanium.org\/de\/rechte-kindes\/\">Kindes<\/a> im weitesten Sinne, das grundlegende materielle, k\u00f6rperliche, erzieherische und emotionale Bed\u00fcrfnisse sowie das Bed\u00fcrfnis nach Zuneigung und Geborgenheit umfasst (EMN, 2021). <\/p>\n\n\n\n<p>Das Interesse an der Bewertung des <a href=\"https:\/\/www.humanium.org\/de\/rechte-kindes\/\">Kindes<\/a> ist ein einfaches und kontinuierliches Verfahren, das im Einzelfall durchgef\u00fchrt werden sollte, wenn Entscheidungen f\u00fcr ein einzelnes Kind getroffen werden m\u00fcssen, unter Ber\u00fccksichtigung der spezifischen Umst\u00e4nde jedes Kindes oder jeder Gruppe von <a href=\"https:\/\/www.humanium.org\/de\/rechte-kindes\/\">Kindern<\/a> durchgef\u00fchrt werden sollte und alle Elemente bewerten und abw\u00e4gen sollte, die f\u00fcr eine Entscheidung in einer bestimmten Situation f\u00fcr ein bestimmtes Kind oder eine Gruppe von Kindern erforderlich sind (UNHCR, 2006).<\/p>\n\n\n\n<figure class=\"wp-block-image size-large\"><img loading=\"lazy\" decoding=\"async\" width=\"1024\" height=\"683\" src=\"https:\/\/www.humanium.org\/de\/wp-content\/uploads\/2023\/02\/shutterstock_2036186198-1024x683.jpg\" alt=\"\" class=\"wp-image-16435\" srcset=\"https:\/\/www.humanium.org\/de\/wp-content\/uploads\/2023\/02\/shutterstock_2036186198-1024x683.jpg 1024w, https:\/\/www.humanium.org\/de\/wp-content\/uploads\/2023\/02\/shutterstock_2036186198-300x200.jpg 300w, https:\/\/www.humanium.org\/de\/wp-content\/uploads\/2023\/02\/shutterstock_2036186198-768x512.jpg 768w, https:\/\/www.humanium.org\/de\/wp-content\/uploads\/2023\/02\/shutterstock_2036186198-1536x1024.jpg 1536w, https:\/\/www.humanium.org\/de\/wp-content\/uploads\/2023\/02\/shutterstock_2036186198-2048x1365.jpg 2048w, https:\/\/www.humanium.org\/de\/wp-content\/uploads\/2023\/02\/shutterstock_2036186198-830x553.jpg 830w, https:\/\/www.humanium.org\/de\/wp-content\/uploads\/2023\/02\/shutterstock_2036186198-230x153.jpg 230w, https:\/\/www.humanium.org\/de\/wp-content\/uploads\/2023\/02\/shutterstock_2036186198-350x233.jpg 350w, https:\/\/www.humanium.org\/de\/wp-content\/uploads\/2023\/02\/shutterstock_2036186198-480x320.jpg 480w, https:\/\/www.humanium.org\/de\/wp-content\/uploads\/2023\/02\/shutterstock_2036186198-272x182.jpg 272w\" sizes=\"auto, (max-width: 1024px) 100vw, 1024px\" \/><\/figure>\n\n\n\n<p>In Artikel 3 des \u00dcbereinkommens \u00fcber die Rechte des Kindes (CRC) ist der Grundsatz des Kindeswohls verankert, d. h. er besagt, dass bei jedem Gesetz, jeder \u00f6ffentlichen oder privaten Initiative und in jeder problematischen Situation das Wohl des Kindes vorrangig zu ber\u00fccksichtigen ist. <\/p>\n\n\n\n<p>Konkret hei\u00dft es in Artikel 3 der CRC ausdr\u00fccklich: &#8222;Bei allen Ma\u00dfnahmen, die Kinder betreffen, unabh\u00e4ngig davon, ob sie von \u00f6ffentlichen oder privaten Einrichtungen der sozialen F\u00fcrsorge, Gerichten, Verwaltungsbeh\u00f6rden oder Gesetzgebungsorganen getroffen werden, muss das Wohl des Kindes eine vorrangige Erw\u00e4gung sein.&#8220; (Unicef, 2019).<\/p>\n\n\n\n<p>Die Bestimmung des <a href=\"https:\/\/www.humanium.org\/de\/der-grundsatz-des-wohl-des-kindes\/\">Kindeswohls<\/a> beschreibt daher einen formalen Prozess mit strengen Verfahrensgarantien, der dazu dient, das <a href=\"https:\/\/www.humanium.org\/de\/der-grundsatz-des-wohl-des-kindes\/\">Kindeswohl<\/a> f\u00fcr besonders wichtige Entscheidungen, die das <a href=\"https:\/\/www.humanium.org\/de\/rechte-kindes\/\">Kind<\/a> betreffen, zu bestimmen. Es sollte die angemessene Beteiligung von Kindern ohne Diskriminierung erleichtern, Entscheidungstr\u00e4ger mit einschl\u00e4gigen Fachkenntnissen einbeziehen und alle relevanten Faktoren abw\u00e4gen, um die beste Option zu bewerten (Europ\u00e4ische Kommission, 2022).<\/p>\n\n\n\n<h2 class=\"wp-block-heading\"><strong>Der Grundsatz des Kindeswohls in der Anwendung durch europ\u00e4ische Gerichte <\/strong><strong><\/strong><\/h2>\n\n\n\n<p>Innerhalb weniger Jahre nach seiner feierlichen Einf\u00fchrung wurde der Grundsatz des <a href=\"https:\/\/www.humanium.org\/de\/der-grundsatz-des-wohl-des-kindes\/\">Kindeswohls<\/a> in zahlreiche Konventionen und Dokumente zum Schutz von Kindern aufgenommen, sowohl auf internationaler Ebene als auch in den einzelnen Staaten, und seine Anwendung hat begonnen, die Entscheidungen von Gerichten in allen Breitengraden zu pr\u00e4gen (Unicef, 2019).<\/p>\n\n\n\n<p>Der Kontext, in dem das <a href=\"https:\/\/www.humanium.org\/de\/der-grundsatz-des-wohl-des-kindes\/\">Kindeswohl<\/a> eine gr\u00f6\u00dfere Akzeptanz gefunden hat und weniger unbestimmte Konnotationen annimmt, ist zweifelsohne derjenige, der mit der Rechtsprechung des Europ\u00e4ischen Gerichtshofs f\u00fcr <a href=\"https:\/\/www.humanium.org\/de\/rechte-kindes\/\">Menschenrechte<\/a> zusammenh\u00e4ngt. Angesichts des immer h\u00e4ufigeren R\u00fcckgriffs auf die stereotype Formel &#8222;<a href=\"https:\/\/www.humanium.org\/de\/der-grundsatz-des-wohl-des-kindes\/\">best interest of the child<\/a>&#8220; gab es jedoch im Laufe der Jahre eine Reihe von Gerichtsentscheidungen mit sehr widerspr\u00fcchlichen Auswirkungen (Portal des Europarats, 2021).<\/p>\n\n\n\n<p>Bei der Suche nach dem materiellen Inhalt dieses Konzepts in den verschiedenen Fachbereichen und an den verschiedenen geografischen Standorten zeigt sich, dass die Fragen, die sich ergeben haben, je nach Kontext sehr unterschiedlich sind.<\/p>\n\n\n\n<p>In <a href=\"https:\/\/www.humanium.org\/de\/europa-und-kaukasien\/\">Europa<\/a> wurde festgestellt, dass sich der Grundsatz vor allem in Bezug auf F\u00e4lle entwickelt hat, die Artikel 8 (eine Norm, die das Recht auf Privat- und Familienleben sch\u00fctzt) betreffen, und zwar in mindestens vier verschiedenen Zusammenh\u00e4ngen und insbesondere in Bezug auf das Recht des Kindes in F\u00e4llen von Adoption oder Pflegefamilien, auf das Recht des Kindes, seine Herkunft zu kennen, auf das Recht des ausl\u00e4ndischen Kindes und schlie\u00dflich auf das Recht des Kindes in F\u00e4llen von internationaler <a href=\"https:\/\/www.humanium.org\/en\/convention-on-the-civil-aspects-of-international-child-abduction\/\">Entf\u00fchrung<\/a> (Europaratsportal, 2021). Es ist jedoch interessant festzustellen, dass das <a href=\"https:\/\/www.humanium.org\/de\/der-grundsatz-des-wohl-des-kindes\/\">Wohl des Kindes<\/a> im europ\u00e4ischen Kontext je nach dem zu pr\u00fcfenden Fall auf unterschiedliche Weise abgelehnt wurde.<\/p>\n\n\n<div class=\"wp-block-image\">\n<figure class=\"alignleft size-large is-resized\"><img loading=\"lazy\" decoding=\"async\" src=\"https:\/\/www.humanium.org\/de\/wp-content\/uploads\/2023\/02\/shutterstock_1023017878-1024x683.jpg\" alt=\"\" class=\"wp-image-16436\" width=\"473\" height=\"316\" srcset=\"https:\/\/www.humanium.org\/de\/wp-content\/uploads\/2023\/02\/shutterstock_1023017878-1024x683.jpg 1024w, https:\/\/www.humanium.org\/de\/wp-content\/uploads\/2023\/02\/shutterstock_1023017878-300x200.jpg 300w, https:\/\/www.humanium.org\/de\/wp-content\/uploads\/2023\/02\/shutterstock_1023017878-768x512.jpg 768w, https:\/\/www.humanium.org\/de\/wp-content\/uploads\/2023\/02\/shutterstock_1023017878-1536x1024.jpg 1536w, https:\/\/www.humanium.org\/de\/wp-content\/uploads\/2023\/02\/shutterstock_1023017878-2048x1365.jpg 2048w, https:\/\/www.humanium.org\/de\/wp-content\/uploads\/2023\/02\/shutterstock_1023017878-830x553.jpg 830w, https:\/\/www.humanium.org\/de\/wp-content\/uploads\/2023\/02\/shutterstock_1023017878-230x153.jpg 230w, https:\/\/www.humanium.org\/de\/wp-content\/uploads\/2023\/02\/shutterstock_1023017878-350x233.jpg 350w, https:\/\/www.humanium.org\/de\/wp-content\/uploads\/2023\/02\/shutterstock_1023017878-480x320.jpg 480w, https:\/\/www.humanium.org\/de\/wp-content\/uploads\/2023\/02\/shutterstock_1023017878-272x182.jpg 272w\" sizes=\"auto, (max-width: 473px) 100vw, 473px\" \/><\/figure>\n<\/div>\n\n\n<p>Das bekannteste Beispiel in der Rechtsprechung der <a href=\"https:\/\/www.humanium.org\/de\/europa-und-kaukasien\/\">Europ\u00e4ischen Union<\/a> ist die Rechtssache Zarraga, in der es um einen Scheidungsantrag vor einem spanischen Gericht ging, bei dem beide Eltern das alleinige Sorgerecht f\u00fcr das Kind beantragten. Das Sorgerecht wurde dem Vater zugesprochen, der in <a href=\"https:\/\/www.humanium.org\/de\/spanien\/\">Spanien<\/a> lebte, mit der M\u00f6glichkeit, die Mutter in <a href=\"https:\/\/www.humanium.org\/de\/deutschland\/\">Deutschland<\/a> zu besuchen. Nach einem Urlaub in <a href=\"https:\/\/www.humanium.org\/de\/deutschland\/\">Deutschland<\/a> war das Kind nicht nach <a href=\"https:\/\/www.humanium.org\/de\/spanien\/\">Spanien<\/a> zur\u00fcckgekehrt; die Mutter machte geltend, dass das <a href=\"https:\/\/www.humanium.org\/de\/der-grundsatz-des-wohl-des-kindes\/\">Kindeswohl<\/a>, d. h. ihr Recht auf Anh\u00f6rung, verletzt worden sei, und beantragte deshalb, das Kind anzuh\u00f6ren, um die Sorgerechtsfrage neu zu bewerten.<\/p>\n\n\n\n<p>In Bezug auf den angeblichen Versto\u00df gegen Artikel 24 der Charta der Grundrechte der Europ\u00e4ischen Union, der das Recht des Kindes auf Anh\u00f6rung vorsieht, stellte der Gerichtshof von <a href=\"https:\/\/www.humanium.org\/de\/luxemburg\/\">Luxemburg<\/a> fest, dass es Sache des Richters ist, \u00fcber die R\u00fcckgabe von Kindern zu entscheiden Minderj\u00e4hrigen zu beurteilen, ob eine solche Anh\u00f6rung angemessen ist oder nicht.<\/p>\n\n\n\n<p>Obwohl es sich um ein Recht des Minderj\u00e4hrigen handelt, kann die Anh\u00f6rung daher nicht als absolute Verpflichtung angesehen werden, sondern muss vom Richter sorgf\u00e4ltig gepr\u00fcft werden. Der Richter entschied, dass das <a href=\"https:\/\/www.humanium.org\/de\/der-grundsatz-des-wohl-des-kindes\/\">Wohl des Kindes<\/a> am besten durch den gew\u00f6hnlichen Aufenthalt des Kindes, in diesem Fall <a href=\"https:\/\/www.humanium.org\/de\/spanien\/\">Spanien<\/a>, gesch\u00fctzt ist und das entf\u00fchrte Kind deshalb dorthin zur\u00fcckkehren sollte.<\/p>\n\n\n\n<h2 class=\"wp-block-heading\"><strong>Das Wohl des Kindes im lateinamerikanischen Kontext<\/strong><strong><\/strong><\/h2>\n\n\n\n<p>Im <a href=\"https:\/\/www.humanium.org\/de\/amerika\/\">lateinamerikanischen<\/a> Kontext erf\u00e4hrt der <a href=\"https:\/\/www.humanium.org\/de\/konvention\/\">Grundsatz<\/a> des <a href=\"https:\/\/www.humanium.org\/de\/rechte-kindes\/\">Kindeswohls<\/a> jedoch erst nach der Einf\u00fchrung der Opini\u00f3n Consultiva OC-17\/02 \u00fcber &#8222;Condici\u00f3n Juridica y Derechos Humanos del Ni\u00f1o&#8220; des Gerichtshofs von San Jos\u00e9 im Jahr 2002 eine bedeutende Entwicklung. <\/p>\n\n\n\n<p>Die Richter des Interamerikanischen Gerichtshofs beginnen daher, das Kriterium des &#8222;inter\u00e9s superi\u00f3r del ni\u00f1o&#8220; in Bezug auf F\u00e4lle von <a href=\"https:\/\/www.humanium.org\/de\/interamerikanisches-ubereinkommen-gegen-das-verschwindenlassen-von-menschen\/\">Verschwindenlassen<\/a> und <a href=\"https:\/\/www.humanium.org\/de\/infantizid\/\">Massenmord<\/a>, in Bezug auf das Ph\u00e4nomen institutionalisierter Gewaltpraktiken gegen bestimmte soziale Gruppen und erst k\u00fcrzlich in Bezug auf Adoptionsantr\u00e4ge von homosexuellen oder alleinstehenden Personen anzuwenden (Unicef, 2019).<\/p>\n\n\n\n<p>In <a href=\"https:\/\/www.humanium.org\/de\/amerika\/\">Lateinamerika<\/a> wird der Begriff des besten Interesses auch h\u00e4ufig im Zusammenhang mit Gesundheitsfragen verwendet. In diesem Zusammenhang ist ein Urteil in der Rechtssache &#8222;N.N. o D., v. s\/ protecci\u00f3n y guarda de personas&#8220; aus dem Jahr 2012 zu erw\u00e4hnen, in dem die Richter des Gerichtshofs das Profil des Rechts des Kindes auf <a href=\"https:\/\/www.humanium.org\/de\/gesundheit\/\">Gesundheit<\/a> im Hinblick auf die Weigerung der Eltern, ihr Kind zu den vorgeschriebenen medizinischen Impfungen gem\u00e4\u00df dem staatlichen Pflichtimpfungsplan zu bringen, analysierten.<\/p>\n\n\n\n<p>Die Richter des Gerichtshofs argumentierten, dass es m\u00f6glich und notwendig ist, angesichts der Weigerung eines Elternteils, sein Kind in den Impfplan aufzunehmen, zwingend zu handeln, und bekr\u00e4ftigten, dass die Aus\u00fcbung der elterlichen Verantwortung nicht absolut ist, da sie als Grenze gerade das Wohl des Kindes trifft.<\/p>\n\n\n\n<p>Nach der Kl\u00e4rung dieses Aspekts wiesen die Richter des Gerichtshofs auch darauf hin, dass das Recht der Familie auf Privatsph\u00e4re in einigen F\u00e4llen durch die Intervention des Staates eingeschr\u00e4nkt werden kann, der sich f\u00fcr das <a href=\"https:\/\/www.humanium.org\/de\/der-grundsatz-des-wohl-des-kindes\/\">Wohl des Kindes<\/a> einsetzt, das ein schutzbed\u00fcrftiges und verletzliches Subjekt ist, das durch eine Regelung gesch\u00fctzt wird, deren Hauptmerkmal darin besteht, seinem Interesse Vorrang vor allen anderen beteiligten Interessen einzur\u00e4umen.<\/p>\n\n\n\n<p>Daher konnte sowohl im <a href=\"https:\/\/www.humanium.org\/de\/europa-und-kaukasien\/\">europ\u00e4ischen<\/a> als auch im <a href=\"https:\/\/www.humanium.org\/de\/amerika\/\">lateinamerikanischen<\/a> Kontext beobachtet werden, wie das <a href=\"https:\/\/www.humanium.org\/de\/der-grundsatz-des-wohl-des-kindes\/\">Wohl des Kindes<\/a> auf unterschiedliche Art und Weise abgelehnt wird, um das Kind besser zu sch\u00fctzen und die Bed\u00fcrfnisse der konkreten Situation flexibler zu bewerten.<\/p>\n\n\n\n<h2 class=\"wp-block-heading\"><strong>Was kann noch getan werden, um das bestm\u00f6gliche Interesse des Kindes zu gew\u00e4hrleisten?<\/strong><strong><\/strong><\/h2>\n\n\n\n<p>Das Wohl des Kindes stellt eine herausragende Entwicklung in der Rechtsprechung zum Kinderschutz dar. Es ist jedoch noch viel zu tun, um die Rechtsvorschriften weltweit zu vereinheitlichen. Es m\u00fcssen alle Anstrengungen unternommen werden, um das System der Zusammenarbeit zwischen nationalen und internationalen Rechtsprechungen zu entwickeln oder weiter zu st\u00e4rken, da die Glaubw\u00fcrdigkeit und die Wirksamkeit der Systeme zum Schutz der Menschenrechte gerade auf dem Schutz der Schw\u00e4chsten unter uns allen beruht.<\/p>\n\n\n\n<p>Um den Grundsatz des Kindeswohls wirklich &#8222;wirksam&#8220; zu machen, m\u00fcssten die Staaten den Opfern von Verst\u00f6\u00dfen Genugtuung gew\u00e4hren, innerstaatliche Unregelm\u00e4\u00dfigkeiten beseitigen und die notwendigen Reformen durchf\u00fchren, um die nationale Ordnung mit der internationalen Ordnung in Einklang zu bringen.<\/p>\n\n\n\n<figure class=\"wp-block-image size-large\"><img loading=\"lazy\" decoding=\"async\" width=\"1024\" height=\"683\" src=\"https:\/\/www.humanium.org\/de\/wp-content\/uploads\/2023\/02\/shutterstock_1828690010-1024x683.jpg\" alt=\"\" class=\"wp-image-16438\" srcset=\"https:\/\/www.humanium.org\/de\/wp-content\/uploads\/2023\/02\/shutterstock_1828690010-1024x683.jpg 1024w, https:\/\/www.humanium.org\/de\/wp-content\/uploads\/2023\/02\/shutterstock_1828690010-300x200.jpg 300w, https:\/\/www.humanium.org\/de\/wp-content\/uploads\/2023\/02\/shutterstock_1828690010-768x513.jpg 768w, https:\/\/www.humanium.org\/de\/wp-content\/uploads\/2023\/02\/shutterstock_1828690010-1536x1025.jpg 1536w, https:\/\/www.humanium.org\/de\/wp-content\/uploads\/2023\/02\/shutterstock_1828690010-2048x1367.jpg 2048w, https:\/\/www.humanium.org\/de\/wp-content\/uploads\/2023\/02\/shutterstock_1828690010-830x554.jpg 830w, https:\/\/www.humanium.org\/de\/wp-content\/uploads\/2023\/02\/shutterstock_1828690010-230x154.jpg 230w, https:\/\/www.humanium.org\/de\/wp-content\/uploads\/2023\/02\/shutterstock_1828690010-350x234.jpg 350w, https:\/\/www.humanium.org\/de\/wp-content\/uploads\/2023\/02\/shutterstock_1828690010-480x320.jpg 480w, https:\/\/www.humanium.org\/de\/wp-content\/uploads\/2023\/02\/shutterstock_1828690010-272x182.jpg 272w\" sizes=\"auto, (max-width: 1024px) 100vw, 1024px\" \/><\/figure>\n\n\n\n<p>Dar\u00fcber hinaus k\u00f6nnen die Vereinten Nationen, die NRO und die Zivilgesellschaft zur Ausarbeitung von Leitlinien f\u00fcr die Gerichte beitragen, die bei den Verfahren zu beachten sind. Diese Leitlinien m\u00fcssen flexibel sein und den Ausgleich der unterschiedlichen Interessen ber\u00fccksichtigen. Die eigentliche Herausforderung besteht darin, eine Hierarchie zwischen den verschiedenen Rechten aufzustellen, und diese Aufgabe kann letztlich nur von den Gerichten wahrgenommen werden, die als einziger Schiedsrichter den konkreten Fall beurteilen k\u00f6nnen.<\/p>\n\n\n\n<p>Humanium ist stolz darauf, einen Beitrag zu einer Welt zu leisten, in der das <a href=\"https:\/\/www.humanium.org\/de\/der-grundsatz-des-wohl-des-kindes\/\">Wohl des Kindes<\/a> tats\u00e4chlich im Vordergrund steht. Humanium als Organisation arbeitet aktiv an Feldprojekten, die im Lichte des Kindeswohls entwickelt wurden. Dar\u00fcber hinaus hat Humanium durch seine Lobbyarbeit aktiv an mehreren Arbeitsgruppen teilgenommen, in denen das Wohl des Kindes bei Themen wie <a href=\"https:\/\/www.humanium.org\/de\/kinderarbeit-2\/\">Kinderarbeit<\/a> und <a href=\"https:\/\/www.humanium.org\/de\/kinderhandel\/\">Menschenhandel<\/a>, <a href=\"https:\/\/www.humanium.org\/de\/themenschwerpunkte\/umwelt\/klimakrise\/\">Umweltrechte<\/a>, <a href=\"https:\/\/www.humanium.org\/de\/recht-bildung-weltweit\/\">Bildung<\/a>, <a href=\"https:\/\/www.humanium.org\/de\/humanium-als-vorreiter-fuer-den-schutz-der-rechte-der-kinder-in-bewaffneten-konflikten\/\">bewaffnete Konflikte<\/a> usw. im Vordergrund stand.<\/p>\n\n\n\n<p>Wenn auch Sie zur Verwirklichung der <a href=\"https:\/\/www.humanium.org\/de\/verstehen\/\">Kinderrechte<\/a> in der ganzen Welt beitragen m\u00f6chten, k\u00f6nnen Sie <a href=\"https:\/\/www.humanium.org\/de\/spenden\/\">spenden<\/a>, Mitglied bei Humanium werden oder sich der Humanium-Gemeinschaft anschlie\u00dfen, indem Sie sich <a href=\"https:\/\/www.humanium.org\/de\/teilnehmen-2\/volunteer\/\">ehrenamtlich<\/a> engagieren.<\/p>\n\n\n\n<p><em><strong>Geschrieben von Federica Versea<\/strong><\/em><\/p>\n\n\n\n<p><em><strong>\u00dcbersetzt von Michael Aschenbrenner<\/strong><\/em><\/p>\n\n\n\n<p><em><strong>Korrektur gelesen von Hettie M-J<\/strong><\/em><\/p>\n\n\n\n<h4 class=\"wp-block-heading\"><strong>F\u00fcr weitere Informationen:<\/strong><\/h4>\n\n\n\n<p class=\"has-small-font-size\">Case C-491\/10 PPU, Zarraga, 22 December 2010, available at&nbsp;<a href=\"http:\/\/curia.europa.eu\/\" target=\"_blank\" rel=\"noreferrer noopener\">http:\/\/curia.europa.eu<\/a>.<\/p>\n\n\n\n<h4 class=\"wp-block-heading\"><strong>Referenzen<\/strong>:<\/h4>\n\n\n\n<p class=\"has-small-font-size\">Child Welfare Information Gateway. (2021).&nbsp;<em>Determining the Best Interests of the Child<\/em>. Taken from&nbsp;https:\/\/www.childwelfare.gov\/pubpdfs\/best_interest.pdf,&nbsp;accessed on January 18, 2023.<\/p>\n\n\n\n<p class=\"has-small-font-size\">Council of Europe Portal. (2021).&nbsp;<em>Newsroom on Children&#8217;s Rights New study on the protection of the best interests of the child in situations of parental separation<\/em>. Taken from Council of Europe Portal :&nbsp;<a href=\"https:\/\/www.coe.int\/en\/web\/children\/-\/new-study-on-the-protection-of-the-best-interests-of-the-child-in-situations-of-parental-separation\" target=\"_blank\" rel=\"noreferrer noopener\">https:\/\/www.coe.int\/en\/web\/children\/-\/new-study-on-the-protection-of-the-best-interests-of-the-child-in-situations-of-parental-separation<\/a>,&nbsp;accessed on January 19, 2023.<\/p>\n\n\n\n<p class=\"has-small-font-size\">EMN &#8211; European Migration Network. (2021).&nbsp;<em>Superiore interesse del minore<\/em>.&nbsp;Taken from Superiore interesse del minore:&nbsp;<a href=\"https:\/\/www.emnitalyncp.it\/definizione\/superiore-interesse-del-minore\/#:~:text=Il%20principio%20dell%27interesse%20superiore,che%20vengano%20prese%20in%20considerazione\" target=\"_blank\" rel=\"noreferrer noopener\">https:\/\/www.emnitalyncp.it\/definizione\/superiore-interesse-del-minore\/#:~:text=Il%20principio%20dell%27interesse%20superiore,che%20vengano%20prese%20in%20considerazione<\/a>,&nbsp;accessed on January 18, 2023.<\/p>\n\n\n\n<p class=\"has-small-font-size\">European Commission. (2022).&nbsp;<em>Best interests of the child (BIC)<\/em>. Taken from Migration and Home Affairs:&nbsp;https:\/\/home-affairs.ec.europa.eu\/networks\/european-migration-network-emn\/emn-asylum-and-migration-glossary\/glossary\/best-interests-child-bic_en,&nbsp;accessed on January 17, 2023.<\/p>\n\n\n\n<p class=\"has-small-font-size\">UNHCR. (2006).&nbsp;<em>UNHCR Guidelines on Formal Determination of the Best Interests of the Child&nbsp;<\/em>. Taken from UNHCR:&nbsp;<a href=\"https:\/\/www.unhcr.org\/en-my\/4ba09bb59.pdf\" target=\"_blank\" rel=\"noreferrer noopener\">https:\/\/www.unhcr.org\/en-my\/4ba09bb59.pdf<\/a>,&nbsp;accessed on January 18, 2023.<\/p>\n\n\n\n<p class=\"has-small-font-size\">Unicef. (2019).&nbsp;<em>Latin America and the Caribbean &#8211; 30 years after the adoption of the Convention on the Rights of the Child<\/em>. Taken from Unicef:&nbsp;<a href=\"https:\/\/www.unicef-irc.org\/publications\/117-child-rights-in-latin-america-from-irregular-situation-to-full-protection.html\" target=\"_blank\" rel=\"noreferrer noopener\">https:\/\/www.unicef-irc.org\/publications\/117-child-rights-in-latin-america-from-irregular-situation-to-full-protection.html<\/a>, accessed on January 19, 2023.<\/p>\n","protected":false},"excerpt":{"rendered":"<p>Der Grundsatz des Kindeswohls ist einer der vier allgemeinen Leitgrunds\u00e4tze zu den Kinderrechten (Recht auf Nichtdiskriminierung, bestes Interesse, Recht auf Leben, \u00dcberleben und Entwicklung, Recht auf Partizipation oder Recht auf Meinungs\u00e4u\u00dferung, die ber\u00fccksichtigt wird). Er steht in engem Zusammenhang mit Artikel 3 Absatz 1 des \u00dcbereinkommens \u00fcber die Rechte des Kindes (KRK) und Artikel 24 [&hellip;]<\/p>\n","protected":false},"author":35,"featured_media":16439,"comment_status":"closed","ping_status":"closed","sticky":false,"template":"","format":"standard","meta":{"footnotes":""},"categories":[13,170,163,19],"tags":[],"class_list":["post-16434","post","type-post","status-publish","format-standard","has-post-thumbnail","hentry","category-bildung","category-freiheit","category-kinderrechte","category-menschenrechte"],"yoast_head":"<!-- This site is optimized with the Yoast SEO plugin v26.5 - https:\/\/yoast.com\/wordpress\/plugins\/seo\/ -->\n<title>Das bestm\u00f6gliche Interesse des Kindes in der weltweiten Praxis - Humanium<\/title>\n<meta name=\"description\" content=\"Der Grundsatz des Kindeswohls ist einer der vier allgemeinen Leitgrunds\u00e4tze zu den Kinderrechten.\" \/>\n<meta name=\"robots\" content=\"index, follow, max-snippet:-1, max-image-preview:large, max-video-preview:-1\" \/>\n<link rel=\"canonical\" href=\"https:\/\/www.humanium.org\/de\/das-bestmoegliche-interesse-des-kindes-in-der-weltweiten-praxis\/\" \/>\n<meta property=\"og:locale\" content=\"de_DE\" \/>\n<meta property=\"og:type\" content=\"article\" \/>\n<meta property=\"og:title\" content=\"Das bestm\u00f6gliche Interesse des Kindes in der weltweiten Praxis - Humanium\" \/>\n<meta property=\"og:description\" content=\"Der Grundsatz des Kindeswohls ist einer der vier allgemeinen Leitgrunds\u00e4tze zu den Kinderrechten.\" \/>\n<meta property=\"og:url\" content=\"https:\/\/www.humanium.org\/de\/das-bestmoegliche-interesse-des-kindes-in-der-weltweiten-praxis\/\" \/>\n<meta property=\"og:site_name\" content=\"Humanium\" \/>\n<meta property=\"article:published_time\" content=\"2023-02-21T19:02:58+00:00\" \/>\n<meta property=\"article:modified_time\" content=\"2025-12-06T06:29:12+00:00\" \/>\n<meta property=\"og:image\" content=\"https:\/\/www.humanium.org\/de\/wp-content\/uploads\/2023\/02\/shutterstock_1663098004-scaled.jpg\" \/>\n\t<meta property=\"og:image:width\" content=\"2560\" \/>\n\t<meta property=\"og:image:height\" content=\"1707\" \/>\n\t<meta property=\"og:image:type\" content=\"image\/jpeg\" \/>\n<meta name=\"author\" content=\"Federica Versea\" \/>\n<meta name=\"twitter:card\" content=\"summary_large_image\" \/>\n<meta name=\"twitter:label1\" content=\"Verfasst von\" \/>\n\t<meta name=\"twitter:data1\" content=\"Federica Versea\" \/>\n\t<meta name=\"twitter:label2\" content=\"Gesch\u00e4tzte Lesezeit\" \/>\n\t<meta name=\"twitter:data2\" content=\"10\u00a0Minuten\" \/>\n<script type=\"application\/ld+json\" class=\"yoast-schema-graph\">{\"@context\":\"https:\/\/schema.org\",\"@graph\":[{\"@type\":\"WebPage\",\"@id\":\"https:\/\/www.humanium.org\/de\/das-bestmoegliche-interesse-des-kindes-in-der-weltweiten-praxis\/\",\"url\":\"https:\/\/www.humanium.org\/de\/das-bestmoegliche-interesse-des-kindes-in-der-weltweiten-praxis\/\",\"name\":\"Das bestm\u00f6gliche Interesse des Kindes in der weltweiten Praxis - Humanium\",\"isPartOf\":{\"@id\":\"https:\/\/www.humanium.org\/de\/#website\"},\"primaryImageOfPage\":{\"@id\":\"https:\/\/www.humanium.org\/de\/das-bestmoegliche-interesse-des-kindes-in-der-weltweiten-praxis\/#primaryimage\"},\"image\":{\"@id\":\"https:\/\/www.humanium.org\/de\/das-bestmoegliche-interesse-des-kindes-in-der-weltweiten-praxis\/#primaryimage\"},\"thumbnailUrl\":\"https:\/\/www.humanium.org\/de\/wp-content\/uploads\/2023\/02\/shutterstock_1663098004-scaled.jpg\",\"datePublished\":\"2023-02-21T19:02:58+00:00\",\"dateModified\":\"2025-12-06T06:29:12+00:00\",\"author\":{\"@id\":\"https:\/\/www.humanium.org\/de\/#\/schema\/person\/eb17e303e0f57eb89202b89f56a2d653\"},\"description\":\"Der Grundsatz des Kindeswohls ist einer der vier allgemeinen Leitgrunds\u00e4tze zu den Kinderrechten.\",\"breadcrumb\":{\"@id\":\"https:\/\/www.humanium.org\/de\/das-bestmoegliche-interesse-des-kindes-in-der-weltweiten-praxis\/#breadcrumb\"},\"inLanguage\":\"de\",\"potentialAction\":[{\"@type\":\"ReadAction\",\"target\":[\"https:\/\/www.humanium.org\/de\/das-bestmoegliche-interesse-des-kindes-in-der-weltweiten-praxis\/\"]}]},{\"@type\":\"ImageObject\",\"inLanguage\":\"de\",\"@id\":\"https:\/\/www.humanium.org\/de\/das-bestmoegliche-interesse-des-kindes-in-der-weltweiten-praxis\/#primaryimage\",\"url\":\"https:\/\/www.humanium.org\/de\/wp-content\/uploads\/2023\/02\/shutterstock_1663098004-scaled.jpg\",\"contentUrl\":\"https:\/\/www.humanium.org\/de\/wp-content\/uploads\/2023\/02\/shutterstock_1663098004-scaled.jpg\",\"width\":2560,\"height\":1707},{\"@type\":\"BreadcrumbList\",\"@id\":\"https:\/\/www.humanium.org\/de\/das-bestmoegliche-interesse-des-kindes-in-der-weltweiten-praxis\/#breadcrumb\",\"itemListElement\":[{\"@type\":\"ListItem\",\"position\":1,\"name\":\"Home\",\"item\":\"https:\/\/www.humanium.org\/de\/\"},{\"@type\":\"ListItem\",\"position\":2,\"name\":\"Das bestm\u00f6gliche Interesse des Kindes in der weltweiten Praxis\"}]},{\"@type\":\"WebSite\",\"@id\":\"https:\/\/www.humanium.org\/de\/#website\",\"url\":\"https:\/\/www.humanium.org\/de\/\",\"name\":\"Humanium\",\"description\":\"Kinder zuerst!\",\"potentialAction\":[{\"@type\":\"SearchAction\",\"target\":{\"@type\":\"EntryPoint\",\"urlTemplate\":\"https:\/\/www.humanium.org\/de\/?s={search_term_string}\"},\"query-input\":{\"@type\":\"PropertyValueSpecification\",\"valueRequired\":true,\"valueName\":\"search_term_string\"}}],\"inLanguage\":\"de\"},{\"@type\":\"Person\",\"@id\":\"https:\/\/www.humanium.org\/de\/#\/schema\/person\/eb17e303e0f57eb89202b89f56a2d653\",\"name\":\"Federica Versea\",\"image\":{\"@type\":\"ImageObject\",\"inLanguage\":\"de\",\"@id\":\"https:\/\/www.humanium.org\/de\/#\/schema\/person\/image\/\",\"url\":\"https:\/\/secure.gravatar.com\/avatar\/1e1890e2c1c195a1b0a69d6e566791d35f7bc8e8b35c66576fb1bc68ea9d51d9?s=96&d=mm&r=g\",\"contentUrl\":\"https:\/\/secure.gravatar.com\/avatar\/1e1890e2c1c195a1b0a69d6e566791d35f7bc8e8b35c66576fb1bc68ea9d51d9?s=96&d=mm&r=g\",\"caption\":\"Federica Versea\"},\"sameAs\":[\"https:\/\/www.linkedin.com\/in\/federica-versea-a579911a8\/\"],\"url\":\"https:\/\/www.humanium.org\/de\/author\/autor_federicaversea\/\"}]}<\/script>\n<!-- \/ Yoast SEO plugin. -->","yoast_head_json":{"title":"Das bestm\u00f6gliche Interesse des Kindes in der weltweiten Praxis - Humanium","description":"Der Grundsatz des Kindeswohls ist einer der vier allgemeinen Leitgrunds\u00e4tze zu den Kinderrechten.","robots":{"index":"index","follow":"follow","max-snippet":"max-snippet:-1","max-image-preview":"max-image-preview:large","max-video-preview":"max-video-preview:-1"},"canonical":"https:\/\/www.humanium.org\/de\/das-bestmoegliche-interesse-des-kindes-in-der-weltweiten-praxis\/","og_locale":"de_DE","og_type":"article","og_title":"Das bestm\u00f6gliche Interesse des Kindes in der weltweiten Praxis - Humanium","og_description":"Der Grundsatz des Kindeswohls ist einer der vier allgemeinen Leitgrunds\u00e4tze zu den Kinderrechten.","og_url":"https:\/\/www.humanium.org\/de\/das-bestmoegliche-interesse-des-kindes-in-der-weltweiten-praxis\/","og_site_name":"Humanium","article_published_time":"2023-02-21T19:02:58+00:00","article_modified_time":"2025-12-06T06:29:12+00:00","og_image":[{"width":2560,"height":1707,"url":"https:\/\/www.humanium.org\/de\/wp-content\/uploads\/2023\/02\/shutterstock_1663098004-scaled.jpg","type":"image\/jpeg"}],"author":"Federica Versea","twitter_card":"summary_large_image","twitter_misc":{"Verfasst von":"Federica Versea","Gesch\u00e4tzte Lesezeit":"10\u00a0Minuten"},"schema":{"@context":"https:\/\/schema.org","@graph":[{"@type":"WebPage","@id":"https:\/\/www.humanium.org\/de\/das-bestmoegliche-interesse-des-kindes-in-der-weltweiten-praxis\/","url":"https:\/\/www.humanium.org\/de\/das-bestmoegliche-interesse-des-kindes-in-der-weltweiten-praxis\/","name":"Das bestm\u00f6gliche Interesse des Kindes in der weltweiten Praxis - Humanium","isPartOf":{"@id":"https:\/\/www.humanium.org\/de\/#website"},"primaryImageOfPage":{"@id":"https:\/\/www.humanium.org\/de\/das-bestmoegliche-interesse-des-kindes-in-der-weltweiten-praxis\/#primaryimage"},"image":{"@id":"https:\/\/www.humanium.org\/de\/das-bestmoegliche-interesse-des-kindes-in-der-weltweiten-praxis\/#primaryimage"},"thumbnailUrl":"https:\/\/www.humanium.org\/de\/wp-content\/uploads\/2023\/02\/shutterstock_1663098004-scaled.jpg","datePublished":"2023-02-21T19:02:58+00:00","dateModified":"2025-12-06T06:29:12+00:00","author":{"@id":"https:\/\/www.humanium.org\/de\/#\/schema\/person\/eb17e303e0f57eb89202b89f56a2d653"},"description":"Der Grundsatz des Kindeswohls ist einer der vier allgemeinen Leitgrunds\u00e4tze zu den Kinderrechten.","breadcrumb":{"@id":"https:\/\/www.humanium.org\/de\/das-bestmoegliche-interesse-des-kindes-in-der-weltweiten-praxis\/#breadcrumb"},"inLanguage":"de","potentialAction":[{"@type":"ReadAction","target":["https:\/\/www.humanium.org\/de\/das-bestmoegliche-interesse-des-kindes-in-der-weltweiten-praxis\/"]}]},{"@type":"ImageObject","inLanguage":"de","@id":"https:\/\/www.humanium.org\/de\/das-bestmoegliche-interesse-des-kindes-in-der-weltweiten-praxis\/#primaryimage","url":"https:\/\/www.humanium.org\/de\/wp-content\/uploads\/2023\/02\/shutterstock_1663098004-scaled.jpg","contentUrl":"https:\/\/www.humanium.org\/de\/wp-content\/uploads\/2023\/02\/shutterstock_1663098004-scaled.jpg","width":2560,"height":1707},{"@type":"BreadcrumbList","@id":"https:\/\/www.humanium.org\/de\/das-bestmoegliche-interesse-des-kindes-in-der-weltweiten-praxis\/#breadcrumb","itemListElement":[{"@type":"ListItem","position":1,"name":"Home","item":"https:\/\/www.humanium.org\/de\/"},{"@type":"ListItem","position":2,"name":"Das bestm\u00f6gliche Interesse des Kindes in der weltweiten Praxis"}]},{"@type":"WebSite","@id":"https:\/\/www.humanium.org\/de\/#website","url":"https:\/\/www.humanium.org\/de\/","name":"Humanium","description":"Kinder zuerst!","potentialAction":[{"@type":"SearchAction","target":{"@type":"EntryPoint","urlTemplate":"https:\/\/www.humanium.org\/de\/?s={search_term_string}"},"query-input":{"@type":"PropertyValueSpecification","valueRequired":true,"valueName":"search_term_string"}}],"inLanguage":"de"},{"@type":"Person","@id":"https:\/\/www.humanium.org\/de\/#\/schema\/person\/eb17e303e0f57eb89202b89f56a2d653","name":"Federica Versea","image":{"@type":"ImageObject","inLanguage":"de","@id":"https:\/\/www.humanium.org\/de\/#\/schema\/person\/image\/","url":"https:\/\/secure.gravatar.com\/avatar\/1e1890e2c1c195a1b0a69d6e566791d35f7bc8e8b35c66576fb1bc68ea9d51d9?s=96&d=mm&r=g","contentUrl":"https:\/\/secure.gravatar.com\/avatar\/1e1890e2c1c195a1b0a69d6e566791d35f7bc8e8b35c66576fb1bc68ea9d51d9?s=96&d=mm&r=g","caption":"Federica Versea"},"sameAs":["https:\/\/www.linkedin.com\/in\/federica-versea-a579911a8\/"],"url":"https:\/\/www.humanium.org\/de\/author\/autor_federicaversea\/"}]}},"_links":{"self":[{"href":"https:\/\/www.humanium.org\/de\/wp-json\/wp\/v2\/posts\/16434","targetHints":{"allow":["GET"]}}],"collection":[{"href":"https:\/\/www.humanium.org\/de\/wp-json\/wp\/v2\/posts"}],"about":[{"href":"https:\/\/www.humanium.org\/de\/wp-json\/wp\/v2\/types\/post"}],"author":[{"embeddable":true,"href":"https:\/\/www.humanium.org\/de\/wp-json\/wp\/v2\/users\/35"}],"replies":[{"embeddable":true,"href":"https:\/\/www.humanium.org\/de\/wp-json\/wp\/v2\/comments?post=16434"}],"version-history":[{"count":9,"href":"https:\/\/www.humanium.org\/de\/wp-json\/wp\/v2\/posts\/16434\/revisions"}],"predecessor-version":[{"id":21148,"href":"https:\/\/www.humanium.org\/de\/wp-json\/wp\/v2\/posts\/16434\/revisions\/21148"}],"wp:featuredmedia":[{"embeddable":true,"href":"https:\/\/www.humanium.org\/de\/wp-json\/wp\/v2\/media\/16439"}],"wp:attachment":[{"href":"https:\/\/www.humanium.org\/de\/wp-json\/wp\/v2\/media?parent=16434"}],"wp:term":[{"taxonomy":"category","embeddable":true,"href":"https:\/\/www.humanium.org\/de\/wp-json\/wp\/v2\/categories?post=16434"},{"taxonomy":"post_tag","embeddable":true,"href":"https:\/\/www.humanium.org\/de\/wp-json\/wp\/v2\/tags?post=16434"}],"curies":[{"name":"wp","href":"https:\/\/api.w.org\/{rel}","templated":true}]}}