{"id":17191,"date":"2023-12-05T13:16:52","date_gmt":"2023-12-05T13:16:52","guid":{"rendered":"https:\/\/www.humanium.org\/de\/?p=17191"},"modified":"2023-12-05T13:16:53","modified_gmt":"2023-12-05T13:16:53","slug":"die-anhaltende-krise-in-nagorny-karabach-vom-konflikt-zerruettete-kindheiten","status":"publish","type":"post","link":"https:\/\/www.humanium.org\/de\/die-anhaltende-krise-in-nagorny-karabach-vom-konflikt-zerruettete-kindheiten\/","title":{"rendered":"Die anhaltende Krise in Nagorny Karabach: vom Konflikt zerr\u00fcttete Kindheiten"},"content":{"rendered":"\n<p><strong>Seit Beginn des 20. Jahrhunderts hat der Nagorny Karabach-Konflikt, der sich zu einem langwierigen und komplexen Konflikt um ein Gebiet zwischen Armenien und Aserbaidschan entwickelt hat, Generationen von in der Region aufwachsenden Kindern nachhaltig gepr\u00e4gt. Dieser andauernde Konflikt, der auf historische, kulturelle und politische Faktoren zur\u00fcckzuf\u00fchren ist, hat junge Menschen in eine Welt voller Unsicherheit, Vertreibung und oft auch Traumata gef\u00fchrt. In den Jahren 2020 und 2023 kam es in der Region zu einer erneuten Eskalation und die Herausforderung, die Normalit\u00e4t zu wahren und die Hoffnung auf ein normales Leben der Kinder aufrecht zu erhalten, wurde weiter erschwert.<\/strong><\/p>\n\n\n\n<h2 class=\"wp-block-heading\"><strong>Der Konflikt<\/strong><\/h2>\n\n\n\n<p>Die Urspr\u00fcnge des Konflikts k\u00f6nnen bis vor fast 100 Jahren zur\u00fcckverfolgt werden, jedoch war am Ende des 20. Jahrhunderts eine deutliche Eskalation zu sp\u00fcren. In den sp\u00e4ten 1980er Jahren f\u00fchrten die zunehmenden Spannungen zu einem Krieg, der von 1991 bis 1994 andauerte (Parliamentary Assembly of the Council of Europe, 2021). <\/p>\n\n\n\n<p>Den Berichten zufolge verloren von 1988 bis zum Ende des Kriegs ungef\u00e4hr 30.000 Menschen ihr Leben, und rund 1 Million Menschen mussten fl\u00fcchten oder wurden vertrieben. Je nach ethnischer Zugeh\u00f6rigkeit wurden sie entweder nach <a href=\"https:\/\/www.humanium.org\/de\/aserbaidschan\/\">Aserbaidschan<\/a> oder nach <a href=\"https:\/\/www.humanium.org\/de\/armenien\/\">Armenien<\/a> umgesiedelt (Droin et al, 2023).<\/p>\n\n\n\n<p>Die Kinder in der Region erlebten die Schrecken des <a href=\"https:\/\/www.humanium.org\/de\/kinder-in-kriegen\/\">Krieges<\/a> und auch als der Krieg offiziell vorbei war, mussten sie mit seinen schrecklichen Folgen fertig werden. Fast 30 Jahre nach dem Waffenstillstand von 1994 konnten viele von ihnen noch immer nicht in ihre Heimat zur\u00fcckkehren, und es gibt keinen Ort, an den sie zur\u00fcckkehren k\u00f6nnten. Einige von ihnen wurden weit entfernt von der Heimat ihrer Familien geboren und es ist gut m\u00f6glich, dass sie diese nie wieder sehen werden.<\/p>\n\n\n\n<p>In den darauffolgenden drei Jahrzehnten wuchsen diese Kinder in einem Klima auf, das weder als <a href=\"https:\/\/www.humanium.org\/de\/kinder-in-kriegen\/\">Krieg<\/a> noch als Frieden bezeichnet werden konnte. Diejenigen, deren Familien nach dem Waffenstillstand 1993\/94 nach Nagorny Karabach zur\u00fcckkehrten, lebten in Unsicherheit, gepr\u00e4gt von schlechten wirtschaftlichen Bedingungen, zerst\u00f6rter Infrastruktur und nicht von Minen befreiten L\u00e4ndereien (Parliamentary Assembly of the Council of Europe, 2021). Trotz der Erschwernisse ging ihr Leben weiter und viele von ihnen brachten ihre eigenen Kinder zur Welt.<\/p>\n\n\n\n<p>Im September 2020 brach der Konflikt jedoch erneut aus. W\u00e4hrend eines sechsw\u00f6chigen Krieges wurden mindestens 91.000 Menschen <a href=\"https:\/\/www.humanium.org\/de\/vertriebene-kinder\/\">vertrieben<\/a>, davon rund 88 % Frauen, Kinder und \u00e4ltere Menschen (UNHCR, n.d.). Viele dieser Menschen haben als Kinder die Schrecken des Krieges miterlebt und m\u00fcssen nun mit ansehen, wie ihre Kinder dasselbe durchmachen.<\/p>\n\n\n\n<h2 class=\"wp-block-heading\"><strong>Die Auswirkungen der Konflikte von 2020 und 2023 auf vertriebene Kinder<\/strong><\/h2>\n\n\n\n<p>Der <a href=\"https:\/\/www.humanium.org\/de\/kinder-in-kriegen\/\">Krieg<\/a> von 2020 kostete mindestens 146 Zivilisten das Leben, darunter mehrere Kinder (Amnesty International, 2021). Die \u00dcberlebenden wurden vertrieben, viele von ihnen fl\u00fcchteten nach Armenien und blieben auf unbestimmte Zeit dort. Der Anteil der Kinder unter den <a href=\"https:\/\/www.humanium.org\/de\/vertriebene-kinder\/\">Vertriebenen<\/a> macht zwischen 32 und 42 % aus (Parliamentary Assembly of the Council of Europe, 2021).&nbsp;<\/p>\n\n\n\n<p>Das t\u00e4gliche Leben derjenigen, die nirgendwohin zur\u00fcckkehren k\u00f6nnen, ist ein st\u00e4ndiger Kampf, um die provisorischen Unterk\u00fcnfte zu verlassen und ein Leben in einem neuen Umfeld aufzubauen. Die gr\u00f6\u00dften Schwierigkeiten auf dem Weg dorthin sind das Fehlen eines festen Wohnsitzes und eines Arbeitsplatzes f\u00fcr Erwachsene sowie die massive soziale und <a href=\"https:\/\/www.humanium.org\/de\/die-mentale-gesundheit-von-kindern\/\">psychologische<\/a> Belastung (Parliamentary Assembly of the Council of Europe, 2021).&nbsp;<\/p>\n\n\n\n<p>Der Ausbruch der COVID-19-Pandemie verschlimmerte die Situation noch zus\u00e4tzlich: es kam zu einem Gef\u00fchl der Isolation, Kinder konnten ihre <a href=\"https:\/\/www.humanium.org\/de\/recht-bildung-weltweit\/\">Ausbildung<\/a> in der Schule nicht fortsetzen und bekamen die Belastung wegen Unsicherheit und Traumata ihrer Familien stark zu sp\u00fcren. Die mit der Pandemie und dem Leben in Notunterk\u00fcnften verbundenen Gesundheitsrisiken stellten eine zus\u00e4tzliche Bedrohung dar.<\/p>\n\n\n\n<p>Nach dem Ende des Krieges im Jahr 2020 begann die R\u00fcckkehr der Vertriebenen nach Nagorny Karabach, darunter waren sowohl <a href=\"https:\/\/www.humanium.org\/de\/aserbaidschan\/\">aserbaidschanische<\/a> als auch die <a href=\"https:\/\/www.humanium.org\/de\/armenien\/\">armenische<\/a> B\u00fcrger. Ihre Bem\u00fchungen, ihr Leben wieder aufzubauen, wurden jedoch von der st\u00e4ndigen Angst vor neuen Eskalationen \u00fcberschattet.<\/p>\n\n\n\n<p>Diese Bef\u00fcrchtungen erwiesen sich als berechtigt, denn im September 2023 kam es zu einem erneuten Ausbruch der Feindseligkeiten, der zwar nur zwei Tage dauerte, aber eine massive Abwanderung aus Nagorny Karabach ausl\u00f6ste. Sch\u00e4tzungen zufolge haben bisher etwa 100\u2019000 Menschen das Gebiet verlassen, und es gibt keine Hinweise darauf, ob sie zur\u00fcckkehren werden oder nicht (UN News, 2023). Man sch\u00e4tzt, dass etwa 30 % dieser Menschen Kinder sind (ReliefWeb, 2023).<\/p>\n\n\n\n<h2 class=\"wp-block-heading\"><strong>Bildung als h\u00f6chste Priorit\u00e4t<\/strong><\/h2>\n\n\n\n<figure class=\"wp-block-image size-large\"><img loading=\"lazy\" decoding=\"async\" width=\"1024\" height=\"683\" src=\"https:\/\/www.humanium.org\/de\/wp-content\/uploads\/2023\/12\/shutterstock_1835038765-1024x683.jpg\" alt=\"\" class=\"wp-image-17194\" srcset=\"https:\/\/www.humanium.org\/de\/wp-content\/uploads\/2023\/12\/shutterstock_1835038765-1024x683.jpg 1024w, https:\/\/www.humanium.org\/de\/wp-content\/uploads\/2023\/12\/shutterstock_1835038765-300x200.jpg 300w, https:\/\/www.humanium.org\/de\/wp-content\/uploads\/2023\/12\/shutterstock_1835038765-768x512.jpg 768w, https:\/\/www.humanium.org\/de\/wp-content\/uploads\/2023\/12\/shutterstock_1835038765-1536x1024.jpg 1536w, https:\/\/www.humanium.org\/de\/wp-content\/uploads\/2023\/12\/shutterstock_1835038765-2048x1365.jpg 2048w, https:\/\/www.humanium.org\/de\/wp-content\/uploads\/2023\/12\/shutterstock_1835038765-830x553.jpg 830w, https:\/\/www.humanium.org\/de\/wp-content\/uploads\/2023\/12\/shutterstock_1835038765-230x153.jpg 230w, https:\/\/www.humanium.org\/de\/wp-content\/uploads\/2023\/12\/shutterstock_1835038765-350x233.jpg 350w, https:\/\/www.humanium.org\/de\/wp-content\/uploads\/2023\/12\/shutterstock_1835038765-480x320.jpg 480w, https:\/\/www.humanium.org\/de\/wp-content\/uploads\/2023\/12\/shutterstock_1835038765-272x182.jpg 272w\" sizes=\"auto, (max-width: 1024px) 100vw, 1024px\" \/><\/figure>\n\n\n\n<p>Der Konflikt von 2020 sowie der vorangegangene Krieg haben das Recht dieser Kinder auf <a href=\"https:\/\/www.humanium.org\/de\/recht-bildung-weltweit\/\">Bildung<\/a> stark beeintr\u00e4chtigt. Offiziellen Angaben zufolge wurden w\u00e4hrend des Krieges im Jahr 2020 71 Schulen auf armenischer und 54 auf aserbaidschanischer Seite besch\u00e4digt oder sogar ganz zerst\u00f6rt, ebenso wie Dutzende von Kinderg\u00e4rten, Kunstschulen, Sportschulen und Berufsschulen (Human Rights Watch, 2021).<\/p>\n\n\n\n<p>Au\u00dferdem wurden viele Schulen als Notunterk\u00fcnfte f\u00fcr die <a href=\"https:\/\/www.humanium.org\/de\/vertriebene-kinder\/\">Vertriebenen<\/a> genutzt, was ein zus\u00e4tzliches Hindernis f\u00fcr die Wiederer\u00f6ffnung von Schulen und anderen Bildungseinrichtungen nach dem Waffenstillstand im November 2020 darstellte. Ein Hindernis anderer Art war die Tatsache, dass viele Eltern aufgrund der h\u00e4ufigen Waffenstillstandsverletzungen und der N\u00e4he der milit\u00e4rischen Truppen der anderen Konfliktpartei einfach zu gro\u00dfe Angst hatten, ihre Kinder in die Schule zu schicken.<\/p>\n\n\n\n<p>Die Eskalation im September 2023 hat die Situation erneut versch\u00e4rft. Mehr als 21.000 Kinder im schulpflichtigen Alter flohen nach dem Konflikt nach Armenien, und einen Monat nach ihrem Exodus aus Nagorny Karabach wurden nur mehr zwei Drittel von ihnen in den nationalen Schulen in Armenien angemeldet. <\/p>\n\n\n\n<p>Einer von drei dieser vertriebenen jungen Menschen hat also immer noch keinen Zugang zu Bildung (ReliefWeb, 2023). Das Fehlen einer angemessenen Schulbildung schm\u00e4lert nicht nur ihr <a href=\"https:\/\/www.humanium.org\/de\/recht-bildung-weltweit\/\">Recht auf Bildung<\/a>, sondern bringt d\u00fcstere Zukunftsaussichten und fehlende Stabilit\u00e4t f\u00fcr die gesamte Region mit sich.<\/p>\n\n\n\n<h2 class=\"wp-block-heading\"><strong>Sofortige Erleichterung und Wegbereiter f\u00fcr eine bessere Zukunft<\/strong><\/h2>\n\n\n\n<p>Es ist daher von entscheidender Bedeutung, sich um die dringendsten Bed\u00fcrfnisse der Kinder zu k\u00fcmmern, die von der j\u00fcngsten Eskalation der Gewalt in Nagorny Karabach betroffen sind. Internationale humanit\u00e4re Organisationen sowie Einzelpersonen k\u00f6nnten dabei helfen, Grundbed\u00fcrfnisse zu decken z. B. in Form von <a href=\"https:\/\/www.humanium.org\/de\/recht-nahrung\/\">Lebensmitteln<\/a>, Medikamenten und Hygienepaketen. Der Schutz der k\u00f6rperlichen und geistigen Gesundheit ist ebenso wichtig wie die Suche nach dauerhaften Unterk\u00fcnften, damit die Kinder so normal wie m\u00f6glich leben k\u00f6nnen.<\/p>\n\n\n\n<p><a href=\"https:\/\/www.humanium.org\/de\/recht-bildung-weltweit\/\">Bildung<\/a> ist ein Schl\u00fcsselfaktor f\u00fcr eine bessere Zukunft in der Region, da sie junge Menschen mit dem Wissen und den F\u00e4higkeiten unterst\u00fctzt, die sie f\u00fcr den Wiederaufbau ihrer Gemeinschaften ben\u00f6tigen, und so die wirtschaftliche Stabilit\u00e4t und den sozialen Zusammenhalt f\u00f6rdert. Durch den Zugang zu qualitativ hochwertiger Bildung k\u00f6nnen Kinder aus Nagorny Karabach aller Ethnien den Kreislauf von Gewalt und Hoffnungslosigkeit durchbrechen und den Weg f\u00fcr eine friedlichere und gesicherte Zukunft ebnen.<\/p>\n\n\n\n<figure class=\"wp-block-image size-large\"><img loading=\"lazy\" decoding=\"async\" width=\"1024\" height=\"680\" src=\"https:\/\/www.humanium.org\/de\/wp-content\/uploads\/2023\/12\/shutterstock_1919450270-1024x680.jpg\" alt=\"\" class=\"wp-image-17192\" srcset=\"https:\/\/www.humanium.org\/de\/wp-content\/uploads\/2023\/12\/shutterstock_1919450270-1024x680.jpg 1024w, https:\/\/www.humanium.org\/de\/wp-content\/uploads\/2023\/12\/shutterstock_1919450270-300x199.jpg 300w, https:\/\/www.humanium.org\/de\/wp-content\/uploads\/2023\/12\/shutterstock_1919450270-768x510.jpg 768w, https:\/\/www.humanium.org\/de\/wp-content\/uploads\/2023\/12\/shutterstock_1919450270-1536x1020.jpg 1536w, https:\/\/www.humanium.org\/de\/wp-content\/uploads\/2023\/12\/shutterstock_1919450270-2048x1360.jpg 2048w, https:\/\/www.humanium.org\/de\/wp-content\/uploads\/2023\/12\/shutterstock_1919450270-830x551.jpg 830w, https:\/\/www.humanium.org\/de\/wp-content\/uploads\/2023\/12\/shutterstock_1919450270-230x153.jpg 230w, https:\/\/www.humanium.org\/de\/wp-content\/uploads\/2023\/12\/shutterstock_1919450270-350x232.jpg 350w, https:\/\/www.humanium.org\/de\/wp-content\/uploads\/2023\/12\/shutterstock_1919450270-480x319.jpg 480w, https:\/\/www.humanium.org\/de\/wp-content\/uploads\/2023\/12\/shutterstock_1919450270-272x182.jpg 272w\" sizes=\"auto, (max-width: 1024px) 100vw, 1024px\" \/><\/figure>\n\n\n\n<p>Wir von Humanium sind der festen \u00dcberzeugung, dass Kinder die Zukunft dieser Welt sind und dass sie es verdienen, in Frieden zu leben, unabh\u00e4ngig davon, welcher Ethnie sie angeh\u00f6ren. Humanium glaubt fest an eine Welt, in der die Grundrechte der Kinder respektiert und umgesetzt werden, und ist aktiv an Projekten beteiligt, die das <a href=\"https:\/\/www.humanium.org\/de\/die-mentale-gesundheit-von-kindern\/\">Wohlergehen von Kindern<\/a> auf der ganzen Welt f\u00f6rdern. Wenn Sie unsere Vision von einer sicheren Welt f\u00fcr Kinder teilen und einen wertvollen Beitrag zu unserem Engagement leisten wollen, k\u00f6nnen Sie uns Ihre <a href=\"https:\/\/www.humanium.org\/de\/spenden\/\">Spende<\/a> zukommen lassen, bei uns <a href=\"https:\/\/www.humanium.org\/de\/teilnehmen-2\/volunteer\/\">ehrenamtlich<\/a> mitarbeiten oder eine <a href=\"https:\/\/www.humanium.org\/de\/pate-werden-2\/\">Patenschaft<\/a> f\u00fcr ein Kind \u00fcbernehmen.&nbsp;<\/p>\n\n\n\n<p><em><strong>Geschrieben von Zeljka Mazinjanin<\/strong><\/em><\/p>\n\n\n\n<p><em><strong>\u00dcbersetzt von Helga Burgat<\/strong><\/em><\/p>\n\n\n\n<p><em><strong>Korrigiert von Katrin Glatzer<\/strong><\/em><\/p>\n\n\n\n<h4 class=\"wp-block-heading\"><strong>Bibliografie:<\/strong><\/h4>\n\n\n\n<p class=\"has-small-font-size\">Amnesty International (2021), Azerbaijan\/Armenia: Scores of civilians killed by indiscriminate use of weapons in conflict over Nagorno-Karabakh, Retrieved from Amnesty International, available at <a href=\"https:\/\/www.amnesty.org\/en\/latest\/press-release\/2021\/01\/azerbaijan-armenia-scores-of-civilians-killed-by-indiscriminate-use-of-weapons-in-conflict-over-nagorno-karabakh\/\" target=\"_blank\" rel=\"noreferrer noopener\">https:\/\/www.amnesty.org\/en\/latest\/press-release\/2021\/01\/azerbaijan-armenia-scores-of-civilians-killed-by-indiscriminate-use-of-weapons-in-conflict-over-nagorno-karabakh\/<\/a>, accessed on October 25, 2023.<\/p>\n\n\n\n<p class=\"has-small-font-size\">Droin et al (2023), A Renewed Nagorno-Karabakh Conflict: Reading Between the Front Lines. Retrieved from Center for Strategic and International Studies, available at <a href=\"https:\/\/www.csis.org\/analysis\/renewed-nagorno-karabakh-conflict-reading-between-front-lines\" target=\"_blank\" rel=\"noreferrer noopener\">https:\/\/www.csis.org\/analysis\/renewed-nagorno-karabakh-conflict-reading-between-front-lines<\/a>, accessed on October 25, 2023.<\/p>\n\n\n\n<p class=\"has-small-font-size\">Human Rights Watch (2021), Lessons of War: Attacks on Schools During the Nagorno-Karabakh War. Retrieved from Human Rights Watch, available at <a href=\"https:\/\/www.hrw.org\/news\/2021\/09\/08\/lessons-war\" target=\"_blank\" rel=\"noreferrer noopener\">https:\/\/www.hrw.org\/news\/2021\/09\/08\/lessons-war<\/a>, accessed on October 27, 2023.<\/p>\n\n\n\n<p class=\"has-small-font-size\">Parliamentary Assembly of the Council of Europe (2021), Humanitarian consequences of the conflict between Armenia and Azerbaijan. Retrieved from Parliamentary Assembly of the Council of Europe, available at <a href=\"https:\/\/assembly.coe.int\/nw\/xml\/XRef\/Xref-XML2HTML-en.asp?fileid=29401&amp;lang=en\" target=\"_blank\" rel=\"noreferrer noopener\">https:\/\/assembly.coe.int\/nw\/xml\/XRef\/Xref-XML2HTML-en.asp?fileid=29401&amp;lang=en<\/a>, accessed on October 25, 2023.<\/p>\n\n\n\n<p class=\"has-small-font-size\">ReliefWeb (2023), Over 26,000 children flee Nagorno-Karabakh and need urgent humanitarian assistance \u2013 Save the Children. Retrieved from ReliefWeb, available at <a href=\"https:\/\/reliefweb.int\/report\/armenia\/over-26000-children-flee-nagorno-karabakh-and-need-urgent-humanitarian-assistance-save-children\" target=\"_blank\" rel=\"noreferrer noopener\">https:\/\/reliefweb.int\/report\/armenia\/over-26000-children-flee-nagorno-karabakh-and-need-urgent-humanitarian-assistance-save-children<\/a>, accessed on October 27, 2023.<\/p>\n\n\n\n<p class=\"has-small-font-size\">ReliefWeb (2023), Two-thirds of refugee children in Armenia enrolled in school, efforts must now focus on expanding access to education for all children. Retrieved from ReliefWeb, available on <a href=\"https:\/\/reliefweb.int\/report\/armenia\/two-thirds-refugee-children-armenia-enrolled-school-efforts-must-now-focus-expanding-access-education-all-children\" target=\"_blank\" rel=\"noreferrer noopener\">https:\/\/reliefweb.int\/report\/armenia\/two-thirds-refugee-children-armenia-enrolled-school-efforts-must-now-focus-expanding-access-education-all-children<\/a>, accessed on November 4, 2023.<\/p>\n\n\n\n<p class=\"has-small-font-size\">UNHCR, n.d., Persons in a refugee-like situation. Retrieved from UNHCR, available at <a href=\"https:\/\/www.unhcr.org\/am\/en\/persons-in-refugee-like-situation\" target=\"_blank\" rel=\"noreferrer noopener\">https:\/\/www.unhcr.org\/am\/en\/persons-in-refugee-like-situation<\/a>, accessed on October 25, 2023.<\/p>\n\n\n\n<p class=\"has-small-font-size\">UN News (2023), UN Karabakh mission told \u2018sudden\u2019 exodus means as few as 50 ethnic Armenians may remain. Retrieved from United Nations, available at <a href=\"https:\/\/news.un.org\/en\/story\/2023\/10\/1141782\" target=\"_blank\" rel=\"noreferrer noopener\">https:\/\/news.un.org\/en\/story\/2023\/10\/1141782<\/a>, accessed on October 27, 2023.<\/p>\n","protected":false},"excerpt":{"rendered":"<p>Seit Beginn des 20. Jahrhunderts hat der Nagorny Karabach-Konflikt, der sich zu einem langwierigen und komplexen Konflikt um ein Gebiet zwischen Armenien und Aserbaidschan entwickelt hat, Generationen von in der Region aufwachsenden Kindern nachhaltig gepr\u00e4gt. Dieser andauernde Konflikt, der auf historische, kulturelle und politische Faktoren zur\u00fcckzuf\u00fchren ist, hat junge Menschen in eine Welt voller Unsicherheit, [&hellip;]<\/p>\n","protected":false},"author":62,"featured_media":17193,"comment_status":"closed","ping_status":"closed","sticky":false,"template":"","format":"standard","meta":{"footnotes":""},"categories":[13,163,19,9],"tags":[],"class_list":["post-17191","post","type-post","status-publish","format-standard","has-post-thumbnail","hentry","category-bildung","category-kinderrechte","category-menschenrechte","category-umwelt"],"yoast_head":"<!-- This site is optimized with the Yoast SEO plugin v26.5 - https:\/\/yoast.com\/wordpress\/plugins\/seo\/ -->\n<title>Die anhaltende Krise in Nagorny Karabach: vom Konflikt zerr\u00fcttete Kindheiten - Humanium<\/title>\n<meta name=\"description\" content=\"Der Konflikt um Berg-Karabach hat Generationen von Kindern, die in der Region aufwachsen, nachhaltig gepr\u00e4gt.\" \/>\n<meta name=\"robots\" content=\"index, follow, max-snippet:-1, max-image-preview:large, max-video-preview:-1\" \/>\n<link rel=\"canonical\" href=\"https:\/\/www.humanium.org\/de\/die-anhaltende-krise-in-nagorny-karabach-vom-konflikt-zerruettete-kindheiten\/\" \/>\n<meta property=\"og:locale\" content=\"de_DE\" \/>\n<meta property=\"og:type\" content=\"article\" \/>\n<meta property=\"og:title\" content=\"Die anhaltende Krise in Nagorny Karabach: vom Konflikt zerr\u00fcttete Kindheiten - Humanium\" \/>\n<meta property=\"og:description\" content=\"Der Konflikt um Berg-Karabach hat Generationen von Kindern, die in der Region aufwachsen, nachhaltig gepr\u00e4gt.\" \/>\n<meta property=\"og:url\" content=\"https:\/\/www.humanium.org\/de\/die-anhaltende-krise-in-nagorny-karabach-vom-konflikt-zerruettete-kindheiten\/\" \/>\n<meta property=\"og:site_name\" content=\"Humanium\" \/>\n<meta property=\"article:published_time\" content=\"2023-12-05T13:16:52+00:00\" \/>\n<meta property=\"article:modified_time\" content=\"2023-12-05T13:16:53+00:00\" \/>\n<meta property=\"og:image\" content=\"https:\/\/www.humanium.org\/de\/wp-content\/uploads\/2023\/12\/shutterstock_1839755677-scaled.jpg\" \/>\n\t<meta property=\"og:image:width\" content=\"2560\" \/>\n\t<meta property=\"og:image:height\" content=\"1531\" \/>\n\t<meta property=\"og:image:type\" content=\"image\/jpeg\" \/>\n<meta name=\"author\" content=\"Zeljka Mazinjanin\" \/>\n<meta name=\"twitter:card\" content=\"summary_large_image\" \/>\n<meta name=\"twitter:label1\" content=\"Verfasst von\" \/>\n\t<meta name=\"twitter:data1\" content=\"Zeljka Mazinjanin\" \/>\n\t<meta name=\"twitter:label2\" content=\"Gesch\u00e4tzte Lesezeit\" \/>\n\t<meta name=\"twitter:data2\" content=\"9\u00a0Minuten\" \/>\n<script type=\"application\/ld+json\" class=\"yoast-schema-graph\">{\"@context\":\"https:\/\/schema.org\",\"@graph\":[{\"@type\":\"WebPage\",\"@id\":\"https:\/\/www.humanium.org\/de\/die-anhaltende-krise-in-nagorny-karabach-vom-konflikt-zerruettete-kindheiten\/\",\"url\":\"https:\/\/www.humanium.org\/de\/die-anhaltende-krise-in-nagorny-karabach-vom-konflikt-zerruettete-kindheiten\/\",\"name\":\"Die anhaltende Krise in Nagorny Karabach: vom Konflikt zerr\u00fcttete Kindheiten - Humanium\",\"isPartOf\":{\"@id\":\"https:\/\/www.humanium.org\/de\/#website\"},\"primaryImageOfPage\":{\"@id\":\"https:\/\/www.humanium.org\/de\/die-anhaltende-krise-in-nagorny-karabach-vom-konflikt-zerruettete-kindheiten\/#primaryimage\"},\"image\":{\"@id\":\"https:\/\/www.humanium.org\/de\/die-anhaltende-krise-in-nagorny-karabach-vom-konflikt-zerruettete-kindheiten\/#primaryimage\"},\"thumbnailUrl\":\"https:\/\/www.humanium.org\/de\/wp-content\/uploads\/2023\/12\/shutterstock_1839755677-scaled.jpg\",\"datePublished\":\"2023-12-05T13:16:52+00:00\",\"dateModified\":\"2023-12-05T13:16:53+00:00\",\"author\":{\"@id\":\"https:\/\/www.humanium.org\/de\/#\/schema\/person\/00dce6e1426cf85e024e673ada1a4a0d\"},\"description\":\"Der Konflikt um Berg-Karabach hat Generationen von Kindern, die in der Region aufwachsen, nachhaltig gepr\u00e4gt.\",\"breadcrumb\":{\"@id\":\"https:\/\/www.humanium.org\/de\/die-anhaltende-krise-in-nagorny-karabach-vom-konflikt-zerruettete-kindheiten\/#breadcrumb\"},\"inLanguage\":\"de\",\"potentialAction\":[{\"@type\":\"ReadAction\",\"target\":[\"https:\/\/www.humanium.org\/de\/die-anhaltende-krise-in-nagorny-karabach-vom-konflikt-zerruettete-kindheiten\/\"]}]},{\"@type\":\"ImageObject\",\"inLanguage\":\"de\",\"@id\":\"https:\/\/www.humanium.org\/de\/die-anhaltende-krise-in-nagorny-karabach-vom-konflikt-zerruettete-kindheiten\/#primaryimage\",\"url\":\"https:\/\/www.humanium.org\/de\/wp-content\/uploads\/2023\/12\/shutterstock_1839755677-scaled.jpg\",\"contentUrl\":\"https:\/\/www.humanium.org\/de\/wp-content\/uploads\/2023\/12\/shutterstock_1839755677-scaled.jpg\",\"width\":2560,\"height\":1531},{\"@type\":\"BreadcrumbList\",\"@id\":\"https:\/\/www.humanium.org\/de\/die-anhaltende-krise-in-nagorny-karabach-vom-konflikt-zerruettete-kindheiten\/#breadcrumb\",\"itemListElement\":[{\"@type\":\"ListItem\",\"position\":1,\"name\":\"Home\",\"item\":\"https:\/\/www.humanium.org\/de\/\"},{\"@type\":\"ListItem\",\"position\":2,\"name\":\"Die anhaltende Krise in Nagorny Karabach: vom Konflikt zerr\u00fcttete Kindheiten\"}]},{\"@type\":\"WebSite\",\"@id\":\"https:\/\/www.humanium.org\/de\/#website\",\"url\":\"https:\/\/www.humanium.org\/de\/\",\"name\":\"Humanium\",\"description\":\"Kinder zuerst!\",\"potentialAction\":[{\"@type\":\"SearchAction\",\"target\":{\"@type\":\"EntryPoint\",\"urlTemplate\":\"https:\/\/www.humanium.org\/de\/?s={search_term_string}\"},\"query-input\":{\"@type\":\"PropertyValueSpecification\",\"valueRequired\":true,\"valueName\":\"search_term_string\"}}],\"inLanguage\":\"de\"},{\"@type\":\"Person\",\"@id\":\"https:\/\/www.humanium.org\/de\/#\/schema\/person\/00dce6e1426cf85e024e673ada1a4a0d\",\"name\":\"Zeljka Mazinjanin\",\"image\":{\"@type\":\"ImageObject\",\"inLanguage\":\"de\",\"@id\":\"https:\/\/www.humanium.org\/de\/#\/schema\/person\/image\/\",\"url\":\"https:\/\/secure.gravatar.com\/avatar\/41c54f866d18f72dbdba34486b963c77576f5cd9c0229712bb35fab505a006a4?s=96&d=mm&r=g\",\"contentUrl\":\"https:\/\/secure.gravatar.com\/avatar\/41c54f866d18f72dbdba34486b963c77576f5cd9c0229712bb35fab505a006a4?s=96&d=mm&r=g\",\"caption\":\"Zeljka Mazinjanin\"},\"sameAs\":[\"https:\/\/www.linkedin.com\/in\/%C5%BEeljka-mazinjanin-89208a146\/\"],\"url\":\"https:\/\/www.humanium.org\/de\/author\/autor_zeljkamazinjanin\/\"}]}<\/script>\n<!-- \/ Yoast SEO plugin. -->","yoast_head_json":{"title":"Die anhaltende Krise in Nagorny Karabach: vom Konflikt zerr\u00fcttete Kindheiten - Humanium","description":"Der Konflikt um Berg-Karabach hat Generationen von Kindern, die in der Region aufwachsen, nachhaltig gepr\u00e4gt.","robots":{"index":"index","follow":"follow","max-snippet":"max-snippet:-1","max-image-preview":"max-image-preview:large","max-video-preview":"max-video-preview:-1"},"canonical":"https:\/\/www.humanium.org\/de\/die-anhaltende-krise-in-nagorny-karabach-vom-konflikt-zerruettete-kindheiten\/","og_locale":"de_DE","og_type":"article","og_title":"Die anhaltende Krise in Nagorny Karabach: vom Konflikt zerr\u00fcttete Kindheiten - Humanium","og_description":"Der Konflikt um Berg-Karabach hat Generationen von Kindern, die in der Region aufwachsen, nachhaltig gepr\u00e4gt.","og_url":"https:\/\/www.humanium.org\/de\/die-anhaltende-krise-in-nagorny-karabach-vom-konflikt-zerruettete-kindheiten\/","og_site_name":"Humanium","article_published_time":"2023-12-05T13:16:52+00:00","article_modified_time":"2023-12-05T13:16:53+00:00","og_image":[{"width":2560,"height":1531,"url":"https:\/\/www.humanium.org\/de\/wp-content\/uploads\/2023\/12\/shutterstock_1839755677-scaled.jpg","type":"image\/jpeg"}],"author":"Zeljka Mazinjanin","twitter_card":"summary_large_image","twitter_misc":{"Verfasst von":"Zeljka Mazinjanin","Gesch\u00e4tzte Lesezeit":"9\u00a0Minuten"},"schema":{"@context":"https:\/\/schema.org","@graph":[{"@type":"WebPage","@id":"https:\/\/www.humanium.org\/de\/die-anhaltende-krise-in-nagorny-karabach-vom-konflikt-zerruettete-kindheiten\/","url":"https:\/\/www.humanium.org\/de\/die-anhaltende-krise-in-nagorny-karabach-vom-konflikt-zerruettete-kindheiten\/","name":"Die anhaltende Krise in Nagorny Karabach: vom Konflikt zerr\u00fcttete Kindheiten - Humanium","isPartOf":{"@id":"https:\/\/www.humanium.org\/de\/#website"},"primaryImageOfPage":{"@id":"https:\/\/www.humanium.org\/de\/die-anhaltende-krise-in-nagorny-karabach-vom-konflikt-zerruettete-kindheiten\/#primaryimage"},"image":{"@id":"https:\/\/www.humanium.org\/de\/die-anhaltende-krise-in-nagorny-karabach-vom-konflikt-zerruettete-kindheiten\/#primaryimage"},"thumbnailUrl":"https:\/\/www.humanium.org\/de\/wp-content\/uploads\/2023\/12\/shutterstock_1839755677-scaled.jpg","datePublished":"2023-12-05T13:16:52+00:00","dateModified":"2023-12-05T13:16:53+00:00","author":{"@id":"https:\/\/www.humanium.org\/de\/#\/schema\/person\/00dce6e1426cf85e024e673ada1a4a0d"},"description":"Der Konflikt um Berg-Karabach hat Generationen von Kindern, die in der Region aufwachsen, nachhaltig gepr\u00e4gt.","breadcrumb":{"@id":"https:\/\/www.humanium.org\/de\/die-anhaltende-krise-in-nagorny-karabach-vom-konflikt-zerruettete-kindheiten\/#breadcrumb"},"inLanguage":"de","potentialAction":[{"@type":"ReadAction","target":["https:\/\/www.humanium.org\/de\/die-anhaltende-krise-in-nagorny-karabach-vom-konflikt-zerruettete-kindheiten\/"]}]},{"@type":"ImageObject","inLanguage":"de","@id":"https:\/\/www.humanium.org\/de\/die-anhaltende-krise-in-nagorny-karabach-vom-konflikt-zerruettete-kindheiten\/#primaryimage","url":"https:\/\/www.humanium.org\/de\/wp-content\/uploads\/2023\/12\/shutterstock_1839755677-scaled.jpg","contentUrl":"https:\/\/www.humanium.org\/de\/wp-content\/uploads\/2023\/12\/shutterstock_1839755677-scaled.jpg","width":2560,"height":1531},{"@type":"BreadcrumbList","@id":"https:\/\/www.humanium.org\/de\/die-anhaltende-krise-in-nagorny-karabach-vom-konflikt-zerruettete-kindheiten\/#breadcrumb","itemListElement":[{"@type":"ListItem","position":1,"name":"Home","item":"https:\/\/www.humanium.org\/de\/"},{"@type":"ListItem","position":2,"name":"Die anhaltende Krise in Nagorny Karabach: vom Konflikt zerr\u00fcttete Kindheiten"}]},{"@type":"WebSite","@id":"https:\/\/www.humanium.org\/de\/#website","url":"https:\/\/www.humanium.org\/de\/","name":"Humanium","description":"Kinder zuerst!","potentialAction":[{"@type":"SearchAction","target":{"@type":"EntryPoint","urlTemplate":"https:\/\/www.humanium.org\/de\/?s={search_term_string}"},"query-input":{"@type":"PropertyValueSpecification","valueRequired":true,"valueName":"search_term_string"}}],"inLanguage":"de"},{"@type":"Person","@id":"https:\/\/www.humanium.org\/de\/#\/schema\/person\/00dce6e1426cf85e024e673ada1a4a0d","name":"Zeljka Mazinjanin","image":{"@type":"ImageObject","inLanguage":"de","@id":"https:\/\/www.humanium.org\/de\/#\/schema\/person\/image\/","url":"https:\/\/secure.gravatar.com\/avatar\/41c54f866d18f72dbdba34486b963c77576f5cd9c0229712bb35fab505a006a4?s=96&d=mm&r=g","contentUrl":"https:\/\/secure.gravatar.com\/avatar\/41c54f866d18f72dbdba34486b963c77576f5cd9c0229712bb35fab505a006a4?s=96&d=mm&r=g","caption":"Zeljka Mazinjanin"},"sameAs":["https:\/\/www.linkedin.com\/in\/%C5%BEeljka-mazinjanin-89208a146\/"],"url":"https:\/\/www.humanium.org\/de\/author\/autor_zeljkamazinjanin\/"}]}},"_links":{"self":[{"href":"https:\/\/www.humanium.org\/de\/wp-json\/wp\/v2\/posts\/17191","targetHints":{"allow":["GET"]}}],"collection":[{"href":"https:\/\/www.humanium.org\/de\/wp-json\/wp\/v2\/posts"}],"about":[{"href":"https:\/\/www.humanium.org\/de\/wp-json\/wp\/v2\/types\/post"}],"author":[{"embeddable":true,"href":"https:\/\/www.humanium.org\/de\/wp-json\/wp\/v2\/users\/62"}],"replies":[{"embeddable":true,"href":"https:\/\/www.humanium.org\/de\/wp-json\/wp\/v2\/comments?post=17191"}],"version-history":[{"count":2,"href":"https:\/\/www.humanium.org\/de\/wp-json\/wp\/v2\/posts\/17191\/revisions"}],"predecessor-version":[{"id":17197,"href":"https:\/\/www.humanium.org\/de\/wp-json\/wp\/v2\/posts\/17191\/revisions\/17197"}],"wp:featuredmedia":[{"embeddable":true,"href":"https:\/\/www.humanium.org\/de\/wp-json\/wp\/v2\/media\/17193"}],"wp:attachment":[{"href":"https:\/\/www.humanium.org\/de\/wp-json\/wp\/v2\/media?parent=17191"}],"wp:term":[{"taxonomy":"category","embeddable":true,"href":"https:\/\/www.humanium.org\/de\/wp-json\/wp\/v2\/categories?post=17191"},{"taxonomy":"post_tag","embeddable":true,"href":"https:\/\/www.humanium.org\/de\/wp-json\/wp\/v2\/tags?post=17191"}],"curies":[{"name":"wp","href":"https:\/\/api.w.org\/{rel}","templated":true}]}}