{"id":17217,"date":"2023-12-12T08:49:31","date_gmt":"2023-12-12T08:49:31","guid":{"rendered":"https:\/\/www.humanium.org\/de\/?p=17217"},"modified":"2023-12-12T08:49:34","modified_gmt":"2023-12-12T08:49:34","slug":"die-realitaet-der-kinderarmut-erkenntnisse-aus-vier-europaeischen-laendern","status":"publish","type":"post","link":"https:\/\/www.humanium.org\/de\/die-realitaet-der-kinderarmut-erkenntnisse-aus-vier-europaeischen-laendern\/","title":{"rendered":"Die Realit\u00e4t der Kinderarmut: Erkenntnisse aus vier europ\u00e4ischen L\u00e4ndern"},"content":{"rendered":"\n<p><strong>Einem aktuellen Bericht zufolge ist in <a href=\"https:\/\/www.humanium.org\/de\/europa-und-kaukasien\/\">Europa<\/a> jedes vierte Kind von Kinderarmut und sozialer Ausgrenzung bedroht. Die Pandemie und die darauffolgenden Lockdowns sowie die anhaltende Lebenshaltungskostenkrise haben die Ungleichheiten offengelegt, versch\u00e4rft und die Zahl der gef\u00e4hrdeten Kinder erh\u00f6ht. In diesem Zusammenhang haben Kinder aus vier europ\u00e4ischen L\u00e4ndern eine Definition von Armut vorgelegt, die \u201eGeldmangel\u201c und \u201eMangel an grundlegenden Ressourcen\u201c, aber auch \u201eTraurigkeit\u201c und \u201eAnomalie\u201c umfasst. Dieser Bericht beweist, dass Kinder die Experten f\u00fcr ihre Situation sind und dass sie in den sie betreffenden Angelegenheiten ber\u00fccksichtigt werden m\u00fcssen.<\/strong><\/p>\n\n\n\n<h2 class=\"wp-block-heading\"><strong>Die beunruhigende Wahrheit der Kinderarmut in Europa<\/strong><\/h2>\n\n\n\n<p>Nach den neuesten Daten von Eurostat f\u00fcr 2022 sind 24,7 Prozent (fast 20 Millionen) der Kinder in <a href=\"https:\/\/www.humanium.org\/de\/europa-und-kaukasien\/\">Europa<\/a> von Armut und sozialer Ausgrenzung bedroht (Eurochild, Oktober 2023). Im Vergleich zu 2021 ist dieser Anteil leicht um 0,3 Prozentpunkte gestiegen. Auf nationaler Ebene wurden im Jahr 2022 die h\u00f6chsten Werte in <a href=\"https:\/\/www.humanium.org\/de\/rumaenien\/\">Rum\u00e4nien<\/a> (41,5 Prozent), <a href=\"https:\/\/www.humanium.org\/de\/bulgarien\/\">Bulgarien<\/a> (33,9 Prozent) und Spanien (32,2 Prozent) gemeldet. Dagegen verzeichneten <a href=\"https:\/\/www.humanium.org\/de\/slowenien\/\">Slowenien<\/a> (10,3 Prozent), <a href=\"https:\/\/www.humanium.org\/de\/tschechien\/\">Tschechien<\/a> (13,4 Prozent) und <a href=\"https:\/\/www.humanium.org\/de\/daenemark\/\">D\u00e4nemark<\/a> (13,8 Prozent) die niedrigsten Anteile (Eurostat, 2023).&nbsp;<\/p>\n\n\n\n<p>Die Pandemie und die darauf folgenden Schlie\u00dfungen sowie die anhaltende Lebenshaltungskostenkrise haben Ungleichheiten offengelegt und versch\u00e4rft und viele Kinder und Familien, insbesondere aus sozial schwachen Schichten, tiefer in die <a href=\"https:\/\/www.humanium.org\/de\/themenschwerpunkte\/armut\/\">Armut<\/a> und in die soziale Ausgrenzung gest\u00fcrzt. Die negativen Auswirkungen von Armut auf die Gesundheit, die Bildung und die allgemeine Entwicklung und das Wohlergehen von Kindern k\u00f6nnen nicht hoch genug eingesch\u00e4tzt werden (Eurochild-Bericht, 2023).<\/p>\n\n\n\n<p>Unter diesen Voraussetzungen wurde in einem k\u00fcrzlich erschienenen Bericht versucht zu erfassen, wie Kinder Armut sehen und wie sie glauben, dass sie ihre Erfahrungen zu Hause, in der Schule, in ihrer Gemeinschaft und mit ihren Freunden beeinflusst. Der Bericht wurde dank der Beitr\u00e4ge von 203 Kindern aus vier L\u00e4ndern erstellt: Bulgarien, <a href=\"https:\/\/www.humanium.org\/de\/kroatien\/\">Kroatien<\/a>, <a href=\"https:\/\/www.humanium.org\/de\/estland\/\">Estland<\/a> und <a href=\"https:\/\/www.humanium.org\/de\/malta\/\">Malta<\/a>. <\/p>\n\n\n\n<p>Die Idee des Berichts war es, sich in die Lage der Kinder zu versetzen, die Dinge aus ihrer Perspektive zu sehen und sicherzustellen, dass ihre Stimmen geh\u00f6rt und von den Entscheidungstr\u00e4gern genutzt werden k\u00f6nnen, damit die von den Kindern gew\u00fcnschten Ver\u00e4nderungen Wirklichkeit werden k\u00f6nnen (Eurochild Report, 2023).<\/p>\n\n\n\n<h2 class=\"wp-block-heading\"><strong>Nationale Ansichten \u00fcber Kinderarmut: eine vergleichende Analyse<\/strong><\/h2>\n\n\n\n<p>Die von Eurostat untersuchten und in dieser Ausgabe vorgestellten L\u00e4nder &#8211; Bulgarien, Kroatien, Estland und Malta &#8211; spiegeln die Bandbreite der Kinderarmut in der <a href=\"https:\/\/www.humanium.org\/de\/europa-und-kaukasien\/\">Europ\u00e4ischen Union<\/a> (EU) wider. In Bulgarien sind 33 Prozent der Kinder (1,19 Millionen) von Armut oder sozialer Ausgrenzung bedroht. Dies liegt \u00fcber dem derzeitigen EU-Durchschnitt von 24,4 Prozent. Malta liegt mit 22,6 Prozent (82.130) nahe am EU-Durchschnitt, die niedrigsten Quoten in diesem Bericht weisen Kroatien mit 18,4 Prozent (691.849) und Estland mit 17,4 Prozent (258.227) auf.&nbsp;<\/p>\n\n\n\n<p>Die Befragungen von Kindern in den vier L\u00e4ndern spiegelten unterschiedliche Erfahrungen in verschiedenen sozio\u00f6konomischen Situationen wider. So konzentrierte sich die maltesische Fokusgruppe mehr auf die Rolle der Bildung bei der \u00dcberwindung der Stigmatisierung von (Kinder-)Armut, w\u00e4hrend die bulgarischen Kinder die Notwendigkeit innovativer Sensibilisierungsma\u00dfnahmen hervorhoben.<\/p>\n\n\n\n<p>Dar\u00fcber hinaus konzentrierte sich Kroatien auf die Bedeutung ausreichenden und erschwinglichen Wohnraums und f\u00f6rderte praktische L\u00f6sungen zur Armutsbek\u00e4mpfung, z. B. durch die F\u00f6rderung von Spendenkampagnen und kostenlosen Schulmahlzeiten. Die estnische Fokusgruppe schlie\u00dflich hob den wirtschaftlichen Aspekt der <a href=\"https:\/\/www.humanium.org\/de\/themenschwerpunkte\/armut\/\">Armut<\/a> hervor, indem sie die Notwendigkeit eines ausreichenden Mindesteinkommens f\u00fcr alle sowie einer gezielten finanziellen Unterst\u00fctzung f\u00fcr Familien in Armut, einschlie\u00dflich Kindergeld, betonte (Eurochild-Bericht, 2023).<\/p>\n\n\n\n<h2 class=\"wp-block-heading\"><strong>Wie definieren Kinder Armut?<\/strong><\/h2>\n\n\n\n<p>In der Welt der Erwachsenen kann Armut definiert werden als Menschen mit geringem Einkommen (armutsgef\u00e4hrdete Menschen &#8211; AROP), Menschen, die materiell oder sozial stark benachteiligt sind (von sozialer Ausgrenzung bedrohte Menschen &#8211; AROPE) oder Menschen, die in einem Haushalt mit sehr geringer Arbeitsintensit\u00e4t leben (AROPE, 2023). Zugleich haben Kinder eine andere Definition von Armut.&nbsp;<\/p>\n\n\n\n<p>In allen vier L\u00e4ndern war die h\u00e4ufigste Assoziation der Kinder bei der Diskussion des Begriffs \u201e<a href=\"https:\/\/www.humanium.org\/de\/themenschwerpunkte\/armut\/\">Armut<\/a>\u201c in erster Linie ein Mangel an Geld, gefolgt von einem Mangel an grundlegenden Ressourcen und Notwendigkeiten wie Wasser, Nahrung, Wohnung oder Unterkunft, Heizung und Strom. Diese Vorstellungen wurden begleitet von der Erw\u00e4hnung &#8222;harter Lebensbedingungen&#8220;, in denen die Kinder leben, und einer allgemeinen Schwierigkeit, das t\u00e4gliche Leben zu bew\u00e4ltigen (Eurochild-Bericht, 2023).<\/p>\n\n\n\n<blockquote class=\"wp-block-quote is-layout-flow wp-block-quote-is-layout-flow\">\n<p>\u201eArmut ist das Fehlen von etwas: Manche Menschen sind arm, weil sie keine Freunde haben, andere sind arm an Wissen und so weiter. Die meisten Menschen w\u00fcrden sagen, dass Menschen, die kein Geld haben, arm sind, aber Armut hat nicht nur mit unserem Einkommen zu tun.\u201c <\/p>\n<cite>&#8211; ein Kind aus Malta (Eurochild-Bericht, 2023)&nbsp;<\/cite><\/blockquote>\n\n\n\n<p>Der Mangel an etwas bezieht sich nicht nur auf materielle Dinge, sondern auch auf Wissen, Beziehungen und Gef\u00fchle. Zum Beispiel ist die Verbindung zwischen den Auswirkungen von Armut und dem emotionalen Aspekt sehr stark. Mehrere Kinder aus Kroatien und Estland best\u00e4tigten diesen Zusammenhang. <\/p>\n\n\n\n<p>Ein Kind aus Estland sagte, dass \u201earm sein\u201c bedeutet: \u201eArm zu sein bedeutet, dass man im Leben kein Gl\u00fcck hat&#8220;, und ein anderes Kind f\u00fcgte hinzu, dass &#8222;Armut eine Situation ist, in der man niemanden hat, der einem helfen kann\u201c. \u00c4hnliche Antworten kamen von mehreren Kindern in Kroatien, wobei zwei von ihnen mitteilten, dass der Begriff Armut f\u00fcr sie mit dem Fehlen einer Familie oder dem Gef\u00fchl der Traurigkeit verbunden ist (Eurochild Report, 2023).<\/p>\n\n\n\n<h2 class=\"wp-block-heading\"><strong>Was sind die Folgen von Armut f\u00fcr Kinder?<\/strong><\/h2>\n\n\n\n<figure class=\"wp-block-image size-large\"><img loading=\"lazy\" decoding=\"async\" width=\"1024\" height=\"683\" src=\"https:\/\/www.humanium.org\/de\/wp-content\/uploads\/2023\/12\/shutterstock_672417631-1024x683.jpg\" alt=\"\" class=\"wp-image-17219\" srcset=\"https:\/\/www.humanium.org\/de\/wp-content\/uploads\/2023\/12\/shutterstock_672417631-1024x683.jpg 1024w, https:\/\/www.humanium.org\/de\/wp-content\/uploads\/2023\/12\/shutterstock_672417631-300x200.jpg 300w, https:\/\/www.humanium.org\/de\/wp-content\/uploads\/2023\/12\/shutterstock_672417631-768x512.jpg 768w, https:\/\/www.humanium.org\/de\/wp-content\/uploads\/2023\/12\/shutterstock_672417631-1536x1024.jpg 1536w, https:\/\/www.humanium.org\/de\/wp-content\/uploads\/2023\/12\/shutterstock_672417631-2048x1365.jpg 2048w, https:\/\/www.humanium.org\/de\/wp-content\/uploads\/2023\/12\/shutterstock_672417631-830x553.jpg 830w, https:\/\/www.humanium.org\/de\/wp-content\/uploads\/2023\/12\/shutterstock_672417631-230x153.jpg 230w, https:\/\/www.humanium.org\/de\/wp-content\/uploads\/2023\/12\/shutterstock_672417631-350x233.jpg 350w, https:\/\/www.humanium.org\/de\/wp-content\/uploads\/2023\/12\/shutterstock_672417631-480x320.jpg 480w, https:\/\/www.humanium.org\/de\/wp-content\/uploads\/2023\/12\/shutterstock_672417631-272x182.jpg 272w\" sizes=\"auto, (max-width: 1024px) 100vw, 1024px\" \/><\/figure>\n\n\n\n<p>Auf die Frage nach den Auswirkungen auf Kinder und Jugendliche, die in <a href=\"https:\/\/www.humanium.org\/de\/themenschwerpunkte\/armut\/\">Armut<\/a> leben, war die h\u00e4ufigste Antwort, dass sie und ihre Familien nicht genug Geld haben, um Dinge wie Lebensmittel, Heizung, Strom oder Gas zu bezahlen (Eurochild Report, 2023). <\/p>\n\n\n\n<p>Der Mangel an materiellen Dingen ist eines der ersten greifbaren Elemente von Armut, die Kinder am st\u00e4rksten wahrnehmen, vor allem in der <a href=\"https:\/\/www.humanium.org\/de\/jugendsexualitat\/\">Pubert\u00e4t<\/a>, wenn die soziale Akzeptanz durch eine Gruppe Gleichaltriger auch beinhaltet, dass man sich genauso kleidet, spricht und verh\u00e4lt wie die anderen (Encyclopedia of Childrens Health, 2023). Kinder haben m\u00f6glicherweise nicht die finanziellen Mittel, um an denselben sozialen Aktivit\u00e4ten teilzunehmen, selbst an so einfachen wie dem \u201eAusgehen\u201c mit Gleichaltrigen, und aus diesem Grund k\u00f6nnten sie sich anders f\u00fchlen als die anderen Kinder (Eurochild Report, 2023).<\/p>\n\n\n\n<p>So war beispielsweise <a href=\"https:\/\/www.humanium.org\/de\/mobbing-in-der-schule\/\">Mobbing<\/a> und\/oder Ausgrenzung durch Gleichaltrige die am zweith\u00e4ufigsten genannte Auswirkung von Armut auf Kinder und diejenige, die die meisten Kommentare in den Diskussionen hervorrief, ebenso wie Bemerkungen \u00fcber die Auswirkungen von Mobbing auf die <a href=\"https:\/\/www.humanium.org\/de\/die-mentale-gesundheit-von-kindern\/\">psychische Gesundheit von Kindern<\/a>. Die h\u00e4ufigsten expliziten Antworten bezogen sich auf Gef\u00fchle der st\u00e4ndigen Sorge, Traurigkeit und Einsamkeit (Eurochild-Bericht, 2023).<\/p>\n\n\n\n<p>Dar\u00fcber hinaus zeigte die Befragung, dass sich die Kinder der langfristigen Auswirkungen von <a href=\"https:\/\/www.humanium.org\/de\/themenschwerpunkte\/armut\/\">Armut<\/a> bewusst sind und unter deren Folgen leiden. Eines der Kinder kommentierte dies wie folgt \u201e[Armut] hat schlechte Auswirkungen, weil die Kinder dann ihr Potenzial nicht entdecken k\u00f6nnen\u201c oder weil \u201esie sich nicht normal entwickeln k\u00f6nnen\u201c. Ein anderes Kind aus derselben Fokusgruppe f\u00fcgte hinzu, dass: \u201eKinder m\u00fcssen heutzutage lernen zu akzeptieren, dass man nicht alles im Leben haben kann\u201c &#8211; eine Aussage, die darauf hindeutet, dass Armutserfahrungen bei einigen Kindern zu geringeren Ambitionen f\u00fchren k\u00f6nnen (Eurochild-Bericht, 2023).<\/p>\n\n\n\n<h2 class=\"wp-block-heading\"><strong>Schule und Zuhause: Orte der Armut f\u00fcr Kinder&nbsp;<\/strong><\/h2>\n\n\n\n<p>Der Zusammenhang zwischen Armut und Kindern l\u00e4sst sich auch an einigen spezifischen Orten beobachten, und der Bericht konzentriert sich auf zwei Dimensionen, die Kinder betreffen: Schule und Zuhause.&nbsp;<\/p>\n\n\n\n<p>Was die <a href=\"https:\/\/www.humanium.org\/de\/recht-bildung-weltweit\/\">Schule<\/a> betrifft, so ist sie nicht nur ein zentraler Bestandteil der Sozialisierung eines Kindes und seiner Integration in die Gemeinschaft, sondern hat auch das Potenzial, ein m\u00e4chtiges Vehikel f\u00fcr die soziale Mobilit\u00e4t nach oben zu sein. Dennoch kann Kinderarmut auch als erhebliches Hindernis f\u00fcr Kinder empfunden werden, ihr Potenzial im <a href=\"https:\/\/www.humanium.org\/de\/wie-kann-sdg4-das-recht-der-kinder-auf-bildung-verbessern\/\">schulischen<\/a> Umfeld voll auszusch\u00f6pfen. Die Konsultation hat n\u00e4mlich gezeigt, dass Armut Kinder zur Zielscheibe von Mobbing und sozialer Ausgrenzung in der Schule machen kann (Eurochild-Bericht, 2023).<\/p>\n\n\n\n<p>Dar\u00fcber hinaus k\u00f6nnten versteckte Bildungskosten im Zusammenhang mit dem Kauf von Schreibwaren, Uniformen und B\u00fcchern den Zugang der Kinder zur Bildung behindern oder erschweren. So wurden beispielsweise finanzielle Probleme und Armut von Kindern in Malta und Estland als Faktoren genannt, die den Zugang der Kinder zum Online-Unterricht w\u00e4hrend der COVID-19-Pandemie und insbesondere w\u00e4hrend den Lockdowns behinderten (Eurochild-Bericht, 2023).&nbsp;<\/p>\n\n\n\n<p>Im <a href=\"https:\/\/www.humanium.org\/de\/haeusliche-gewalt-und-deren-folgen-fuer-kinder\/\">h\u00e4uslichen Umfeld<\/a> manifestiert sich die Armut ganz konkret. Kinder k\u00f6nnten es sich nicht leisten, in ihren Wohnungen zu bleiben, und w\u00fcrden entweder vertrieben oder gezwungen, umzuziehen, vielleicht sogar regelm\u00e4\u00dfig, oder ihre Lebensqualit\u00e4t w\u00fcrde sinken, da ihre Wohnungen in einem schlechteren Zustand w\u00e4ren, weil sie k\u00e4lter, feuchter oder ohne (warmes) flie\u00dfendes Wasser w\u00e4ren.<\/p>\n\n\n\n<p>Die Kinder berichteten auch, dass das Leben in Armut auch zu kleineren Unterk\u00fcnften f\u00fchren kann, was einen v\u00f6lligen Mangel an privaten R\u00e4umen und damit an Privatsph\u00e4re zur Folge hat. Dies \u201ekann oft zu einer sehr schlechten Atmosph\u00e4re f\u00fchren\u201c, so ein Kind aus Kroatien. In jeder L\u00e4nderkonsultationsgruppe bezeichneten die Kinder die Armut als etwas, das zu Spannungen im h\u00e4uslichen Umfeld, st\u00e4ndigen Streitereien und Wut der Kinder auf ihre Eltern beitragen kann (Eurochild-Bericht, 2023).&nbsp;<\/p>\n\n\n\n<h2 class=\"wp-block-heading\"><strong>Gemeinschaften als Schl\u00fcsselakteure bei der Bek\u00e4mpfung von Kinderarmut<\/strong><\/h2>\n\n\n\n<p>Die Gemeinschaft, in der Kinder aufwachsen, spielt eine grundlegende Rolle bei der Gestaltung ihrer Entwicklung und ihres Wohlbefindens. Gesunde Beziehungen in der Gemeinschaft k\u00f6nnen das Gef\u00fchl der Zugeh\u00f6rigkeit st\u00e4rken. Im Gegensatz dazu kann Isolation das Gef\u00fchl der Entfremdung verst\u00e4rken und das Identit\u00e4ts- und Selbstwertgef\u00fchl der Kinder beeintr\u00e4chtigen (Eurochild-Bericht, 2023).<\/p>\n\n\n\n<p>In diesem Sinne ist es wichtig, das Bewusstsein f\u00fcr die Ursachen von <a href=\"https:\/\/www.humanium.org\/de\/themenschwerpunkte\/armut\/\">Armut<\/a> auf allen Ebenen zu f\u00f6rdern und Chancen zu schaffen, um die Kluft zwischen Kindern, die in Armut leben, und anderen zu schlie\u00dfen. Alle Kinder sollten Zugang zu den gleichen Chancen haben, und sie alle haben das Recht, ihre Pers\u00f6nlichkeit, ihre Talente und ihre geistigen und k\u00f6rperlichen F\u00e4higkeiten voll zu entfalten (Artikel 29 des <a href=\"https:\/\/www.humanium.org\/de\/konvention\/\">\u00dcbereinkommens \u00fcber die Rechte des Kindes<\/a>) (CRC, 2023).&nbsp;<\/p>\n\n\n\n<p>Dar\u00fcber hinaus beweist der Bericht, wie wichtig die <a href=\"https:\/\/www.humanium.org\/de\/der-grundsatz-der-inklusion-und-mitbestimmung\/\">Beteiligung von Kindern<\/a> an politischen Diskussionen \u00fcber alle Aspekte ist, die sich auf das Leben von Kindern auswirken. Ihre Erfahrungen und Stimmen verdeutlichen, dass Kinder Experten f\u00fcr ihr eigenes Leben sind und dass niemand ihre Realit\u00e4t besser verstehen kann als sie selbst. Die politischen Entscheidungstr\u00e4ger und die Gemeinschaft als Ganzes m\u00fcssen Kinder in die \u00f6ffentliche Debatte \u00fcber sie betreffende Angelegenheiten einbeziehen und entsprechende Kan\u00e4le und Plattformen unterst\u00fctzen.&nbsp;<\/p>\n\n\n\n<blockquote class=\"wp-block-quote is-layout-flow wp-block-quote-is-layout-flow\">\n<p>\u201eDie Stimmen der Kinder sind bei der Entscheidungsfindung immer noch unterrepr\u00e4sentiert, insbesondere bei Diskussionen \u00fcber Kinderarmut. Mit unserem Bericht stellen wir die Perspektive der Kinder in den Mittelpunkt, denn niemand versteht die Lebenserfahrungen von Kindern besser als sie selbst.\u201c <\/p>\n<cite>&#8211; H.E. Marie-Louise Coleiro Preca, Eurochild-Pr\u00e4sidentin (Eurochild-Bericht, 2023)<\/cite><\/blockquote>\n\n\n\n<figure class=\"wp-block-image size-large\"><img loading=\"lazy\" decoding=\"async\" width=\"1024\" height=\"683\" src=\"https:\/\/www.humanium.org\/de\/wp-content\/uploads\/2023\/12\/shutterstock_515123947-1024x683.jpg\" alt=\"\" class=\"wp-image-17218\" srcset=\"https:\/\/www.humanium.org\/de\/wp-content\/uploads\/2023\/12\/shutterstock_515123947-1024x683.jpg 1024w, https:\/\/www.humanium.org\/de\/wp-content\/uploads\/2023\/12\/shutterstock_515123947-300x200.jpg 300w, https:\/\/www.humanium.org\/de\/wp-content\/uploads\/2023\/12\/shutterstock_515123947-768x512.jpg 768w, https:\/\/www.humanium.org\/de\/wp-content\/uploads\/2023\/12\/shutterstock_515123947-1536x1024.jpg 1536w, https:\/\/www.humanium.org\/de\/wp-content\/uploads\/2023\/12\/shutterstock_515123947-2048x1365.jpg 2048w, https:\/\/www.humanium.org\/de\/wp-content\/uploads\/2023\/12\/shutterstock_515123947-830x553.jpg 830w, https:\/\/www.humanium.org\/de\/wp-content\/uploads\/2023\/12\/shutterstock_515123947-230x153.jpg 230w, https:\/\/www.humanium.org\/de\/wp-content\/uploads\/2023\/12\/shutterstock_515123947-350x233.jpg 350w, https:\/\/www.humanium.org\/de\/wp-content\/uploads\/2023\/12\/shutterstock_515123947-480x320.jpg 480w, https:\/\/www.humanium.org\/de\/wp-content\/uploads\/2023\/12\/shutterstock_515123947-272x182.jpg 272w\" sizes=\"auto, (max-width: 1024px) 100vw, 1024px\" \/><\/figure>\n\n\n\n<p>In diesem Sinne setzt sich Humanium kontinuierlich f\u00fcr die Bek\u00e4mpfung der Ursachen von <a href=\"https:\/\/www.humanium.org\/de\/kinderarmut\/\">Kinderarmut<\/a> ein, indem es Projekte durchf\u00fchrt, die das Leben von unterprivilegierten Kindern weltweit verbessern sollen. Wenn Sie sich uns anschlie\u00dfen und unsere Arbeit unterst\u00fctzen m\u00f6chten, k\u00f6nnen Sie eine <a href=\"https:\/\/www.humanium.org\/de\/spenden\/\">Spende<\/a> t\u00e4tigen, eine <a href=\"https:\/\/www.humanium.org\/de\/pate-werden-2\/\">Patenschaft<\/a> \u00fcbernehmen oder sogar als <a href=\"https:\/\/www.humanium.org\/de\/teilnehmen-2\/volunteer\/\">Freiwilliger<\/a> t\u00e4tig werden.&nbsp;<\/p>\n\n\n\n<p><em><strong>Geschrieben von Arianna Braga&nbsp;<\/strong><\/em><\/p>\n\n\n\n<p><em><strong>\u00dcbersetzt von Mathilda Castel<\/strong><\/em><\/p>\n\n\n\n<p><em><strong>Korrektur gelesen von Marie Podewski<\/strong><\/em><\/p>\n\n\n\n<h4 class=\"wp-block-heading\"><strong>References:&nbsp;<\/strong><\/h4>\n\n\n\n<p class=\"has-small-font-size\">AROPE (2023). Glossary: At risk of poverty or social exclusion (AROPE). Retrieved from Eurostat at <a href=\"https:\/\/ec.europa.eu\/eurostat\/statistics-explained\/index.php?title=Glossary:At_risk_of_poverty_or_social_exclusion_(AROPE)\" target=\"_blank\" rel=\"noreferrer noopener\">https:\/\/ec.europa.eu\/eurostat\/statistics-explained\/index.php?title=Glossary:At_risk_of_poverty_or_social_exclusion_(AROPE)<\/a>, accessed on 10 November 2023.&nbsp;<\/p>\n\n\n\n<p class=\"has-small-font-size\">CRC (2023). Convention on the Rights of the Child. Retrieved from OHCHR at <a href=\"https:\/\/www.ohchr.org\/en\/instruments-mechanisms\/instruments\/convention-rights-child\" target=\"_blank\" rel=\"noreferrer noopener\">https:\/\/www.ohchr.org\/en\/instruments-mechanisms\/instruments\/convention-rights-child<\/a>, accessed on 10 November 2023.&nbsp;<\/p>\n\n\n\n<p class=\"has-small-font-size\">Encyclopedia of Children\u2019s Health (2023). Peer acceptance. Retrieved from Encyclopedia of Children\u2019s Health at <a href=\"http:\/\/www.healthofchildren.com\/P\/Peer-Acceptance.html\" target=\"_blank\" rel=\"noreferrer noopener\">http:\/\/www.healthofchildren.com\/P\/Peer-Acceptance.html<\/a>, accessed on 10 November 2023.&nbsp;<\/p>\n\n\n\n<p class=\"has-small-font-size\">Eurochild (October 2023). Poverty takes away the right to childhood. Retrieved from Eurochild at <a href=\"https:\/\/eurochild.org\/resource\/poverty-takes-away-the-right-to-childhood\/\" target=\"_blank\" rel=\"noreferrer noopener\">https:\/\/eurochild.org\/resource\/poverty-takes-away-the-right-to-childhood\/<\/a>, accessed on 10 November 2023.&nbsp;<\/p>\n\n\n\n<p class=\"has-small-font-size\">Eurostat (2023). 25% of children at risk of poverty or social exclusion in 2022. Retrieved from Eurostat at <a href=\"https:\/\/ec.europa.eu\/eurostat\/web\/products-eurostat-news\/-\/ddn-20230927-1\" target=\"_blank\" rel=\"noreferrer noopener\">https:\/\/ec.europa.eu\/eurostat\/web\/products-eurostat-news\/-\/ddn-20230927-1<\/a>, accessed on 10 November 2023.<\/p>\n","protected":false},"excerpt":{"rendered":"<p>Einem aktuellen Bericht zufolge ist in Europa jedes vierte Kind von Kinderarmut und sozialer Ausgrenzung bedroht. Die Pandemie und die darauffolgenden Lockdowns sowie die anhaltende Lebenshaltungskostenkrise haben die Ungleichheiten offengelegt, versch\u00e4rft und die Zahl der gef\u00e4hrdeten Kinder erh\u00f6ht. In diesem Zusammenhang haben Kinder aus vier europ\u00e4ischen L\u00e4ndern eine Definition von Armut vorgelegt, die \u201eGeldmangel\u201c und [&hellip;]<\/p>\n","protected":false},"author":53,"featured_media":17221,"comment_status":"closed","ping_status":"closed","sticky":false,"template":"","format":"standard","meta":{"footnotes":""},"categories":[173,13,163],"tags":[],"class_list":["post-17217","post","type-post","status-publish","format-standard","has-post-thumbnail","hentry","category-armut","category-bildung","category-kinderrechte"],"yoast_head":"<!-- This site is optimized with the Yoast SEO plugin v26.5 - https:\/\/yoast.com\/wordpress\/plugins\/seo\/ -->\n<title>Die Realit\u00e4t der Kinderarmut: Erkenntnisse aus vier europ\u00e4ischen L\u00e4ndern - Humanium<\/title>\n<meta name=\"description\" content=\"Einem aktuellen Bericht zufolge ist in Europa jedes vierte Kind von Kinderarmut und sozialer Ausgrenzung bedroht.\" \/>\n<meta name=\"robots\" content=\"index, follow, max-snippet:-1, max-image-preview:large, max-video-preview:-1\" \/>\n<link rel=\"canonical\" href=\"https:\/\/www.humanium.org\/de\/die-realitaet-der-kinderarmut-erkenntnisse-aus-vier-europaeischen-laendern\/\" \/>\n<meta property=\"og:locale\" content=\"de_DE\" \/>\n<meta property=\"og:type\" content=\"article\" \/>\n<meta property=\"og:title\" content=\"Die Realit\u00e4t der Kinderarmut: Erkenntnisse aus vier europ\u00e4ischen L\u00e4ndern - Humanium\" \/>\n<meta property=\"og:description\" content=\"Einem aktuellen Bericht zufolge ist in Europa jedes vierte Kind von Kinderarmut und sozialer Ausgrenzung bedroht.\" \/>\n<meta property=\"og:url\" content=\"https:\/\/www.humanium.org\/de\/die-realitaet-der-kinderarmut-erkenntnisse-aus-vier-europaeischen-laendern\/\" \/>\n<meta property=\"og:site_name\" content=\"Humanium\" \/>\n<meta property=\"article:published_time\" content=\"2023-12-12T08:49:31+00:00\" \/>\n<meta property=\"article:modified_time\" content=\"2023-12-12T08:49:34+00:00\" \/>\n<meta property=\"og:image\" content=\"https:\/\/www.humanium.org\/de\/wp-content\/uploads\/2023\/12\/shutterstock_515124046-scaled.jpg\" \/>\n\t<meta property=\"og:image:width\" content=\"2560\" \/>\n\t<meta property=\"og:image:height\" content=\"1707\" \/>\n\t<meta property=\"og:image:type\" content=\"image\/jpeg\" \/>\n<meta name=\"author\" content=\"Arianna Braga\" \/>\n<meta name=\"twitter:card\" content=\"summary_large_image\" \/>\n<meta name=\"twitter:label1\" content=\"Verfasst von\" \/>\n\t<meta name=\"twitter:data1\" content=\"Arianna Braga\" \/>\n\t<meta name=\"twitter:label2\" content=\"Gesch\u00e4tzte Lesezeit\" \/>\n\t<meta name=\"twitter:data2\" content=\"11\u00a0Minuten\" \/>\n<script type=\"application\/ld+json\" class=\"yoast-schema-graph\">{\"@context\":\"https:\/\/schema.org\",\"@graph\":[{\"@type\":\"WebPage\",\"@id\":\"https:\/\/www.humanium.org\/de\/die-realitaet-der-kinderarmut-erkenntnisse-aus-vier-europaeischen-laendern\/\",\"url\":\"https:\/\/www.humanium.org\/de\/die-realitaet-der-kinderarmut-erkenntnisse-aus-vier-europaeischen-laendern\/\",\"name\":\"Die Realit\u00e4t der Kinderarmut: Erkenntnisse aus vier europ\u00e4ischen L\u00e4ndern - Humanium\",\"isPartOf\":{\"@id\":\"https:\/\/www.humanium.org\/de\/#website\"},\"primaryImageOfPage\":{\"@id\":\"https:\/\/www.humanium.org\/de\/die-realitaet-der-kinderarmut-erkenntnisse-aus-vier-europaeischen-laendern\/#primaryimage\"},\"image\":{\"@id\":\"https:\/\/www.humanium.org\/de\/die-realitaet-der-kinderarmut-erkenntnisse-aus-vier-europaeischen-laendern\/#primaryimage\"},\"thumbnailUrl\":\"https:\/\/www.humanium.org\/de\/wp-content\/uploads\/2023\/12\/shutterstock_515124046-scaled.jpg\",\"datePublished\":\"2023-12-12T08:49:31+00:00\",\"dateModified\":\"2023-12-12T08:49:34+00:00\",\"author\":{\"@id\":\"https:\/\/www.humanium.org\/de\/#\/schema\/person\/4b6b7f9ab2a09652d1c4609b16152453\"},\"description\":\"Einem aktuellen Bericht zufolge ist in Europa jedes vierte Kind von Kinderarmut und sozialer Ausgrenzung bedroht.\",\"breadcrumb\":{\"@id\":\"https:\/\/www.humanium.org\/de\/die-realitaet-der-kinderarmut-erkenntnisse-aus-vier-europaeischen-laendern\/#breadcrumb\"},\"inLanguage\":\"de\",\"potentialAction\":[{\"@type\":\"ReadAction\",\"target\":[\"https:\/\/www.humanium.org\/de\/die-realitaet-der-kinderarmut-erkenntnisse-aus-vier-europaeischen-laendern\/\"]}]},{\"@type\":\"ImageObject\",\"inLanguage\":\"de\",\"@id\":\"https:\/\/www.humanium.org\/de\/die-realitaet-der-kinderarmut-erkenntnisse-aus-vier-europaeischen-laendern\/#primaryimage\",\"url\":\"https:\/\/www.humanium.org\/de\/wp-content\/uploads\/2023\/12\/shutterstock_515124046-scaled.jpg\",\"contentUrl\":\"https:\/\/www.humanium.org\/de\/wp-content\/uploads\/2023\/12\/shutterstock_515124046-scaled.jpg\",\"width\":2560,\"height\":1707},{\"@type\":\"BreadcrumbList\",\"@id\":\"https:\/\/www.humanium.org\/de\/die-realitaet-der-kinderarmut-erkenntnisse-aus-vier-europaeischen-laendern\/#breadcrumb\",\"itemListElement\":[{\"@type\":\"ListItem\",\"position\":1,\"name\":\"Home\",\"item\":\"https:\/\/www.humanium.org\/de\/\"},{\"@type\":\"ListItem\",\"position\":2,\"name\":\"Die Realit\u00e4t der Kinderarmut: Erkenntnisse aus vier europ\u00e4ischen L\u00e4ndern\"}]},{\"@type\":\"WebSite\",\"@id\":\"https:\/\/www.humanium.org\/de\/#website\",\"url\":\"https:\/\/www.humanium.org\/de\/\",\"name\":\"Humanium\",\"description\":\"Kinder zuerst!\",\"potentialAction\":[{\"@type\":\"SearchAction\",\"target\":{\"@type\":\"EntryPoint\",\"urlTemplate\":\"https:\/\/www.humanium.org\/de\/?s={search_term_string}\"},\"query-input\":{\"@type\":\"PropertyValueSpecification\",\"valueRequired\":true,\"valueName\":\"search_term_string\"}}],\"inLanguage\":\"de\"},{\"@type\":\"Person\",\"@id\":\"https:\/\/www.humanium.org\/de\/#\/schema\/person\/4b6b7f9ab2a09652d1c4609b16152453\",\"name\":\"Arianna Braga\",\"image\":{\"@type\":\"ImageObject\",\"inLanguage\":\"de\",\"@id\":\"https:\/\/www.humanium.org\/de\/#\/schema\/person\/image\/\",\"url\":\"https:\/\/secure.gravatar.com\/avatar\/c54a89988d1e47bbfb1d91ac489145c69c7743e3d0f49b16948f9cf6574a4056?s=96&d=mm&r=g\",\"contentUrl\":\"https:\/\/secure.gravatar.com\/avatar\/c54a89988d1e47bbfb1d91ac489145c69c7743e3d0f49b16948f9cf6574a4056?s=96&d=mm&r=g\",\"caption\":\"Arianna Braga\"},\"sameAs\":[\"https:\/\/www.linkedin.com\/in\/ariannabraga\/\"],\"url\":\"https:\/\/www.humanium.org\/de\/author\/autor_ariannabraga\/\"}]}<\/script>\n<!-- \/ Yoast SEO plugin. -->","yoast_head_json":{"title":"Die Realit\u00e4t der Kinderarmut: Erkenntnisse aus vier europ\u00e4ischen L\u00e4ndern - Humanium","description":"Einem aktuellen Bericht zufolge ist in Europa jedes vierte Kind von Kinderarmut und sozialer Ausgrenzung bedroht.","robots":{"index":"index","follow":"follow","max-snippet":"max-snippet:-1","max-image-preview":"max-image-preview:large","max-video-preview":"max-video-preview:-1"},"canonical":"https:\/\/www.humanium.org\/de\/die-realitaet-der-kinderarmut-erkenntnisse-aus-vier-europaeischen-laendern\/","og_locale":"de_DE","og_type":"article","og_title":"Die Realit\u00e4t der Kinderarmut: Erkenntnisse aus vier europ\u00e4ischen L\u00e4ndern - Humanium","og_description":"Einem aktuellen Bericht zufolge ist in Europa jedes vierte Kind von Kinderarmut und sozialer Ausgrenzung bedroht.","og_url":"https:\/\/www.humanium.org\/de\/die-realitaet-der-kinderarmut-erkenntnisse-aus-vier-europaeischen-laendern\/","og_site_name":"Humanium","article_published_time":"2023-12-12T08:49:31+00:00","article_modified_time":"2023-12-12T08:49:34+00:00","og_image":[{"width":2560,"height":1707,"url":"https:\/\/www.humanium.org\/de\/wp-content\/uploads\/2023\/12\/shutterstock_515124046-scaled.jpg","type":"image\/jpeg"}],"author":"Arianna Braga","twitter_card":"summary_large_image","twitter_misc":{"Verfasst von":"Arianna Braga","Gesch\u00e4tzte Lesezeit":"11\u00a0Minuten"},"schema":{"@context":"https:\/\/schema.org","@graph":[{"@type":"WebPage","@id":"https:\/\/www.humanium.org\/de\/die-realitaet-der-kinderarmut-erkenntnisse-aus-vier-europaeischen-laendern\/","url":"https:\/\/www.humanium.org\/de\/die-realitaet-der-kinderarmut-erkenntnisse-aus-vier-europaeischen-laendern\/","name":"Die Realit\u00e4t der Kinderarmut: Erkenntnisse aus vier europ\u00e4ischen L\u00e4ndern - Humanium","isPartOf":{"@id":"https:\/\/www.humanium.org\/de\/#website"},"primaryImageOfPage":{"@id":"https:\/\/www.humanium.org\/de\/die-realitaet-der-kinderarmut-erkenntnisse-aus-vier-europaeischen-laendern\/#primaryimage"},"image":{"@id":"https:\/\/www.humanium.org\/de\/die-realitaet-der-kinderarmut-erkenntnisse-aus-vier-europaeischen-laendern\/#primaryimage"},"thumbnailUrl":"https:\/\/www.humanium.org\/de\/wp-content\/uploads\/2023\/12\/shutterstock_515124046-scaled.jpg","datePublished":"2023-12-12T08:49:31+00:00","dateModified":"2023-12-12T08:49:34+00:00","author":{"@id":"https:\/\/www.humanium.org\/de\/#\/schema\/person\/4b6b7f9ab2a09652d1c4609b16152453"},"description":"Einem aktuellen Bericht zufolge ist in Europa jedes vierte Kind von Kinderarmut und sozialer Ausgrenzung bedroht.","breadcrumb":{"@id":"https:\/\/www.humanium.org\/de\/die-realitaet-der-kinderarmut-erkenntnisse-aus-vier-europaeischen-laendern\/#breadcrumb"},"inLanguage":"de","potentialAction":[{"@type":"ReadAction","target":["https:\/\/www.humanium.org\/de\/die-realitaet-der-kinderarmut-erkenntnisse-aus-vier-europaeischen-laendern\/"]}]},{"@type":"ImageObject","inLanguage":"de","@id":"https:\/\/www.humanium.org\/de\/die-realitaet-der-kinderarmut-erkenntnisse-aus-vier-europaeischen-laendern\/#primaryimage","url":"https:\/\/www.humanium.org\/de\/wp-content\/uploads\/2023\/12\/shutterstock_515124046-scaled.jpg","contentUrl":"https:\/\/www.humanium.org\/de\/wp-content\/uploads\/2023\/12\/shutterstock_515124046-scaled.jpg","width":2560,"height":1707},{"@type":"BreadcrumbList","@id":"https:\/\/www.humanium.org\/de\/die-realitaet-der-kinderarmut-erkenntnisse-aus-vier-europaeischen-laendern\/#breadcrumb","itemListElement":[{"@type":"ListItem","position":1,"name":"Home","item":"https:\/\/www.humanium.org\/de\/"},{"@type":"ListItem","position":2,"name":"Die Realit\u00e4t der Kinderarmut: Erkenntnisse aus vier europ\u00e4ischen L\u00e4ndern"}]},{"@type":"WebSite","@id":"https:\/\/www.humanium.org\/de\/#website","url":"https:\/\/www.humanium.org\/de\/","name":"Humanium","description":"Kinder zuerst!","potentialAction":[{"@type":"SearchAction","target":{"@type":"EntryPoint","urlTemplate":"https:\/\/www.humanium.org\/de\/?s={search_term_string}"},"query-input":{"@type":"PropertyValueSpecification","valueRequired":true,"valueName":"search_term_string"}}],"inLanguage":"de"},{"@type":"Person","@id":"https:\/\/www.humanium.org\/de\/#\/schema\/person\/4b6b7f9ab2a09652d1c4609b16152453","name":"Arianna Braga","image":{"@type":"ImageObject","inLanguage":"de","@id":"https:\/\/www.humanium.org\/de\/#\/schema\/person\/image\/","url":"https:\/\/secure.gravatar.com\/avatar\/c54a89988d1e47bbfb1d91ac489145c69c7743e3d0f49b16948f9cf6574a4056?s=96&d=mm&r=g","contentUrl":"https:\/\/secure.gravatar.com\/avatar\/c54a89988d1e47bbfb1d91ac489145c69c7743e3d0f49b16948f9cf6574a4056?s=96&d=mm&r=g","caption":"Arianna Braga"},"sameAs":["https:\/\/www.linkedin.com\/in\/ariannabraga\/"],"url":"https:\/\/www.humanium.org\/de\/author\/autor_ariannabraga\/"}]}},"_links":{"self":[{"href":"https:\/\/www.humanium.org\/de\/wp-json\/wp\/v2\/posts\/17217","targetHints":{"allow":["GET"]}}],"collection":[{"href":"https:\/\/www.humanium.org\/de\/wp-json\/wp\/v2\/posts"}],"about":[{"href":"https:\/\/www.humanium.org\/de\/wp-json\/wp\/v2\/types\/post"}],"author":[{"embeddable":true,"href":"https:\/\/www.humanium.org\/de\/wp-json\/wp\/v2\/users\/53"}],"replies":[{"embeddable":true,"href":"https:\/\/www.humanium.org\/de\/wp-json\/wp\/v2\/comments?post=17217"}],"version-history":[{"count":4,"href":"https:\/\/www.humanium.org\/de\/wp-json\/wp\/v2\/posts\/17217\/revisions"}],"predecessor-version":[{"id":17225,"href":"https:\/\/www.humanium.org\/de\/wp-json\/wp\/v2\/posts\/17217\/revisions\/17225"}],"wp:featuredmedia":[{"embeddable":true,"href":"https:\/\/www.humanium.org\/de\/wp-json\/wp\/v2\/media\/17221"}],"wp:attachment":[{"href":"https:\/\/www.humanium.org\/de\/wp-json\/wp\/v2\/media?parent=17217"}],"wp:term":[{"taxonomy":"category","embeddable":true,"href":"https:\/\/www.humanium.org\/de\/wp-json\/wp\/v2\/categories?post=17217"},{"taxonomy":"post_tag","embeddable":true,"href":"https:\/\/www.humanium.org\/de\/wp-json\/wp\/v2\/tags?post=17217"}],"curies":[{"name":"wp","href":"https:\/\/api.w.org\/{rel}","templated":true}]}}