{"id":17254,"date":"2023-12-26T14:16:26","date_gmt":"2023-12-26T14:16:26","guid":{"rendered":"https:\/\/www.humanium.org\/de\/?p=17254"},"modified":"2025-12-06T06:28:32","modified_gmt":"2025-12-06T06:28:32","slug":"eine-globale-perspektive-fuer-die-rechte-der-kinder-im-jahr-2023","status":"publish","type":"post","link":"https:\/\/www.humanium.org\/de\/eine-globale-perspektive-fuer-die-rechte-der-kinder-im-jahr-2023\/","title":{"rendered":"Eine globale Perspektive f\u00fcr die Rechte der Kinder im Jahr 2023"},"content":{"rendered":"\n<p><strong>Heutzutage sehen sich Millionen von Kindern mit anhaltenden Hindernissen konfrontiert, wenn sie ihre Grundrechte auf <\/strong><a href=\"https:\/\/www.humanium.org\/de\/recht-gesundheit-welt\/\"><strong>Gesundheitsversorgung<\/strong><\/a><strong>, <\/strong><a href=\"https:\/\/www.humanium.org\/de\/recht-bildung-weltweit\/\"><strong>Bildung<\/strong><\/a><strong> und <\/strong><a href=\"https:\/\/www.humanium.org\/de\/recht-schutz-weltweit\/\"><strong>Schutz<\/strong><\/a><strong> wahrnehmen wollen. \u00dcberschwemmungen, Erdbeben und Kriege sowie die Unt\u00e4tigkeit der Regierungen bei der Umsetzung wichtiger politischer Ma\u00dfnahmen haben die ohnehin schon katastrophalen Umst\u00e4nde, mit denen Kinder konfrontiert sind, noch weiter verschlimmert und ihre Verletzlichkeit noch verst\u00e4rkt. Die verheerenden Ereignisse im Jahr 2023 haben zu einer Vielzahl von Todesf\u00e4llen und zur <\/strong><a href=\"https:\/\/www.humanium.org\/de\/verschwundene-kinder\/\"><strong>Vertreibung<\/strong><\/a><strong> von Familien gef\u00fchrt und Hunderttausende von Kindern psychisch schwer traumatisiert.<\/strong><\/p>\n\n\n\n<h2 class=\"wp-block-heading\"><strong>In ganz <\/strong><a href=\"https:\/\/www.humanium.org\/de\/afrika\/\"><strong>Afrika<\/strong><\/a><strong>: Erdbeben in <\/strong><a href=\"https:\/\/www.humanium.org\/de\/marokko-und-westsahara\/\"><strong>Marokko<\/strong><\/a><strong>, \u00dcberschwemmungen in <\/strong><a href=\"https:\/\/www.humanium.org\/de\/libyen\/\"><strong>Libyen<\/strong><\/a><strong>, Krieg im <\/strong><a href=\"https:\/\/www.humanium.org\/de\/sudan\/\"><strong>Sudan<\/strong><\/a><strong><\/strong><\/h2>\n\n\n<div class=\"wp-block-image\">\n<figure class=\"alignright size-full is-resized\"><img loading=\"lazy\" decoding=\"async\" src=\"https:\/\/www.humanium.org\/de\/wp-content\/uploads\/2023\/12\/shutterstock_794165134-1024x683-1.jpg\" alt=\"\" class=\"wp-image-17257\" width=\"378\" height=\"252\" srcset=\"https:\/\/www.humanium.org\/de\/wp-content\/uploads\/2023\/12\/shutterstock_794165134-1024x683-1.jpg 1024w, https:\/\/www.humanium.org\/de\/wp-content\/uploads\/2023\/12\/shutterstock_794165134-1024x683-1-300x200.jpg 300w, https:\/\/www.humanium.org\/de\/wp-content\/uploads\/2023\/12\/shutterstock_794165134-1024x683-1-768x512.jpg 768w, https:\/\/www.humanium.org\/de\/wp-content\/uploads\/2023\/12\/shutterstock_794165134-1024x683-1-830x554.jpg 830w, https:\/\/www.humanium.org\/de\/wp-content\/uploads\/2023\/12\/shutterstock_794165134-1024x683-1-230x153.jpg 230w, https:\/\/www.humanium.org\/de\/wp-content\/uploads\/2023\/12\/shutterstock_794165134-1024x683-1-350x233.jpg 350w, https:\/\/www.humanium.org\/de\/wp-content\/uploads\/2023\/12\/shutterstock_794165134-1024x683-1-480x320.jpg 480w, https:\/\/www.humanium.org\/de\/wp-content\/uploads\/2023\/12\/shutterstock_794165134-1024x683-1-272x182.jpg 272w\" sizes=\"auto, (max-width: 378px) 100vw, 378px\" \/><\/figure>\n<\/div>\n\n\n<p>In <a href=\"https:\/\/www.humanium.org\/de\/afrika\/\">Afrika<\/a> sind die Bedingungen f\u00fcr Kinder oft auch ohne die zus\u00e4tzlichen Auswirkungen von Naturkatastrophen oder <a href=\"https:\/\/www.humanium.org\/de\/kinder-in-kriegen\/\">Kriegen<\/a> schwierig. \u00dcberall auf dem Kontinent k\u00e4mpfen Millionen von Kindern mit dem Zugang zu Grundbed\u00fcrfnissen, <a href=\"https:\/\/www.humanium.org\/de\/recht-bildung-weltweit\/\">Bildung<\/a> und <a href=\"https:\/\/www.humanium.org\/de\/recht-schutz-weltweit\/\">Schutz<\/a>. Probleme wie <a href=\"https:\/\/www.humanium.org\/de\/themenschwerpunkte\/armut\/\">Armut<\/a>, <a href=\"https:\/\/www.humanium.org\/de\/ernahrung-unterernahrung-und-mangelernahrung\/\">Unterern\u00e4hrung<\/a>, Mangel an <a href=\"https:\/\/www.humanium.org\/de\/recht-wasser\/\">sauberem Wasser<\/a> und eine unzureichende <a href=\"https:\/\/www.humanium.org\/de\/recht-gesundheit-welt\/\">Gesundheitsinfrastruktur<\/a> stellen seit Jahrzehnten erhebliche H\u00fcrden dar. Ereignisse wie die \u00dcberschwemmungen in Libyen, das Erdbeben in Marokko und der B\u00fcrgerkrieg im Sudan haben die ohnehin schon katastrophale Situation noch verschlimmert und die Verletzlichkeit der afrikanischen Kinder noch vergr\u00f6\u00dfert.<\/p>\n\n\n\n<p>Die verheerenden Auswirkungen des Tropensturms Daniel in <a href=\"https:\/\/www.humanium.org\/de\/libyen\/\">Libyen<\/a> haben die tiefgreifenden Folgen f\u00fcr Kinder besonders deutlich gemacht. Die \u00dcberschwemmungen f\u00fchrten zu einer weitreichenden Zerst\u00f6rung der Infrastruktur, zur <a href=\"https:\/\/www.humanium.org\/de\/vertriebene-kinder\/\">Vertreibung von Familien<\/a> und zu einem ersch\u00fctternden Verlust an Menschenleben mit \u00fcber 4.000 best\u00e4tigten Todesf\u00e4llen und Tausenden von Vermissten (ReliefWeb, 2023).<\/p>\n\n\n\n<p>Die rund 300 000 Kinder waren w\u00e4hrend und nach der Katastrophe akut gef\u00e4hrdet und waren physischen Gefahren und schweren psychischen Traumata ausgesetzt (Unicef, 2023).<\/p>\n\n\n\n<p>In Marokko forderte das Erdbeben \u00fcber 2.600 Tote und etwa 100.000 Kinder waren betroffen (UNICEF, 2023). Das Beben zerst\u00f6rte H\u00e4user, Schulen und medizinische Einrichtungen, vertrieb Familien und setzte sie harten Bedingungen aus. Diese Kinder brauchen immer noch Unterk\u00fcnfte, <a href=\"https:\/\/www.humanium.org\/de\/recht-wasser\/\">sauberes Wasser<\/a>, <a href=\"https:\/\/www.humanium.org\/de\/recht-gesundheit-welt\/\">medizinische Versorgung<\/a> und Ern\u00e4hrung sowie wichtige psychologische Unterst\u00fctzung.<\/p>\n\n\n\n<p>Der Absturz des <a href=\"https:\/\/www.humanium.org\/de\/sudan\/\">Sudan<\/a> in den <a href=\"https:\/\/www.humanium.org\/de\/kinder-in-kriegen\/\">B\u00fcrgerkrieg<\/a> hat die ohnehin schon schwere Krise noch weiter versch\u00e4rft und die Lebensbedingungen von Millionen Menschen verschlechtert. Zu den am h\u00e4rtesten Betroffenen geh\u00f6ren Kinder, die mit schwerwiegenden Rechtsverletzungen konfrontiert sind, darunter Todesf\u00e4lle, Rekrutierung durch bewaffnete Gruppen, unterbrochene Bildung, eingeschr\u00e4nkter Zugang zur Gesundheitsversorgung, <a href=\"https:\/\/www.humanium.org\/de\/ernahrung-unterernahrung-und-mangelernahrung\/\">Unterern\u00e4hrung<\/a> und Wasserknappheit. Der Konflikt hat zur Vertreibung von \u00fcber 1,4 Millionen Menschen gef\u00fchrt, von denen ein Gro\u00dfteil gef\u00e4hrdete Kinder sind (CNN, 2023).<\/p>\n\n\n\n<h2 class=\"wp-block-heading\"><a href=\"https:\/\/www.humanium.org\/de\/europa-und-kaukasien\/\"><strong>Europas<\/strong><\/a><strong> Krise: Schwachstellen bei der Unterbringung, dem Schutz und der Versorgung von <\/strong><a href=\"https:\/\/www.humanium.org\/de\/vertriebene-kinder\/\"><strong>Vertriebenen<\/strong><\/a><strong><\/strong><\/h2>\n\n\n\n<p>Trotz der Dringlichkeit des Themas wurden 2023 nur minimale Fortschritte in Bezug auf die Vers\u00e4umnisse einiger europ\u00e4ischer Staaten gegen\u00fcber Fl\u00fcchtlings- und Migrantenkindern erzielt. Der ukrainisch-russische Konflikt fordert weiterhin seinen Tribut von den Kindern, die Millionen <a href=\"https:\/\/www.humanium.org\/de\/ukraine\/\">ukrainischer Jugendlicher<\/a> vertreiben, wobei <a href=\"https:\/\/www.humanium.org\/de\/polen\/\">Polen<\/a> fast 40 % dieser jungen <a href=\"https:\/\/www.humanium.org\/de\/abkommen-uber-die-rechtsstellung-der-fluchtlinge\/\">Fl\u00fcchtlinge<\/a> aufnimmt (Notes from Poland &#8211; NFP, 2022).<\/p>\n\n\n\n<p>Im Jahr 2023 ist <a href=\"https:\/\/www.humanium.org\/de\/polen\/\">Polen<\/a> ein wichtiger Zufluchtsort f\u00fcr ukrainische Fl\u00fcchtlinge, die vor dem Konflikt fliehen, insbesondere f\u00fcr die vielen Kinder, die Sicherheit und Stabilit\u00e4t suchen. Die polnische Regierung und die B\u00fcrgerinnen und B\u00fcrger haben mit Unterst\u00fctzung reagiert, doch es gibt weiterhin Probleme bei der Bew\u00e4ltigung ihrer p\u00e4dagogischen und psychologischen Bed\u00fcrfnisse.<\/p>\n\n\n\n<p>Trotz lobenswerter Bem\u00fchungen ist ein gemeinsamer und nachhaltiger Ansatz unter Beteiligung von NRO, Regierungen und internationalen Organisationen unerl\u00e4sslich, um den Schutz und das Wohlergehen ukrainischer Fl\u00fcchtlingskinder in Polen weiterhin zu gew\u00e4hrleisten.<\/p>\n\n\n\n<p><a href=\"https:\/\/www.humanium.org\/de\/kindermigration\/\">Migrantenkinder<\/a> sind im <a href=\"https:\/\/www.humanium.org\/de\/belgien\/\">belgischen Staat<\/a> nach wie vor mit erheblichen Problemen konfrontiert, da sie entweder in <a href=\"https:\/\/www.humanium.org\/de\/inhaftierte-kinder\/\">Gewahrsam<\/a> oder in Aufnahmezentren untergebracht sind. Diese Bedingungen haben tiefgreifende Auswirkungen auf ihre Grundrechte auf Sicherheit, Bildung und Familienzusammenhalt. Die Nichteinhaltung der internationalen Verpflichtungen Belgiens, insbesondere in Bezug auf die Inhaftierung von Kindern, wirkt sich nachteilig auf deren Wohlergehen aus (Amnesty International, 2022).<\/p>\n\n\n\n<h2 class=\"wp-block-heading\"><a href=\"https:\/\/www.humanium.org\/de\/asien-pazifik\/\"><strong>Asiens<\/strong><\/a><strong> humanit\u00e4re Pr\u00fcfungen: Uigurische Kinder, Rohingya-Qualen, \u00dcberschwemmungen in <\/strong><a href=\"https:\/\/www.humanium.org\/de\/pakistan\/\"><strong>Pakistan<\/strong><\/a><strong><\/strong><\/h2>\n\n\n\n<p>Eine systematische Kampagne von Menschenrechtsverletzungen gegen die uigurische Bev\u00f6lkerung, einschlie\u00dflich der Kinder, begann vor einem Jahrzehnt, im Jahr 2013, auch wenn ihre Urspr\u00fcnge m\u00f6glicherweise noch weiter zur\u00fcckliegen. Trotz der Zeit, die verstrichen ist, gibt es keine Anzeichen f\u00fcr eine Verbesserung der Situation.<\/p>\n\n\n<div class=\"wp-block-image\">\n<figure class=\"alignleft size-full is-resized\"><img loading=\"lazy\" decoding=\"async\" src=\"https:\/\/www.humanium.org\/de\/wp-content\/uploads\/2023\/12\/shutterstock_1389175136-1024x683-1.jpg\" alt=\"\" class=\"wp-image-17256\" width=\"316\" height=\"211\" srcset=\"https:\/\/www.humanium.org\/de\/wp-content\/uploads\/2023\/12\/shutterstock_1389175136-1024x683-1.jpg 1024w, https:\/\/www.humanium.org\/de\/wp-content\/uploads\/2023\/12\/shutterstock_1389175136-1024x683-1-300x200.jpg 300w, https:\/\/www.humanium.org\/de\/wp-content\/uploads\/2023\/12\/shutterstock_1389175136-1024x683-1-768x512.jpg 768w, https:\/\/www.humanium.org\/de\/wp-content\/uploads\/2023\/12\/shutterstock_1389175136-1024x683-1-830x554.jpg 830w, https:\/\/www.humanium.org\/de\/wp-content\/uploads\/2023\/12\/shutterstock_1389175136-1024x683-1-230x153.jpg 230w, https:\/\/www.humanium.org\/de\/wp-content\/uploads\/2023\/12\/shutterstock_1389175136-1024x683-1-350x233.jpg 350w, https:\/\/www.humanium.org\/de\/wp-content\/uploads\/2023\/12\/shutterstock_1389175136-1024x683-1-480x320.jpg 480w, https:\/\/www.humanium.org\/de\/wp-content\/uploads\/2023\/12\/shutterstock_1389175136-1024x683-1-272x182.jpg 272w\" sizes=\"auto, (max-width: 316px) 100vw, 316px\" \/><\/figure>\n<\/div>\n\n\n<p>Die uigurischen Kinder, die zu dieser unterdr\u00fcckten Minderheit geh\u00f6ren, erleiden aufgrund dieser anhaltenden Krise weiterhin ein ersch\u00fctterndes Schicksal. Sie werden von ihren Familien zwangsgetrennt, indoktriniert und m\u00fcssen unter harten Lebensbedingungen in Haftanstalten leben. Ihre grundlegenden <a href=\"https:\/\/www.humanium.org\/de\/recht-bildung-weltweit\/\">Rechte auf Bildung<\/a> und <a href=\"https:\/\/www.humanium.org\/de\/recht-freiheit\/\">Freiheit<\/a> sind nach wie vor stark beeintr\u00e4chtigt, was mehr denn je dringende globale Aufmerksamkeit und Intervention erfordert.<\/p>\n\n\n\n<p>Auch die Situation der Rohingya-Kinder ist 2023 nach wie vor katastrophal, was auf eine Geschichte der Diskriminierung zur\u00fcckzuf\u00fchren ist, die bis ins Jahr 2017 zur\u00fcckreicht, als die Gewalt eskalierte (United Nations Office of the High Commissioner 2019). Als Staatenlose und Verfolgte in <a href=\"https:\/\/www.humanium.org\/de\/myanmar\/\">Myanmar<\/a> wurde den Rohingya die Staatsb\u00fcrgerschaft immer wieder verweigert, was sie auch heute noch f\u00fcr verschiedene Arten von <a href=\"https:\/\/www.humanium.org\/de\/misshandlung\/\">Missbrauch<\/a> anf\u00e4llig macht.<\/p>\n\n\n\n<p>Auf der Flucht nach <a href=\"https:\/\/www.humanium.org\/de\/kinder-in-bangladesch\/\">Bangladesch<\/a> finden sie sich in \u00fcberf\u00fcllten Fl\u00fcchtlingslagern wieder, wo sie unter unhygienischen Bedingungen leben, nur begrenzten Zugang zu Bildung und Gesundheitsversorgung haben und einem erh\u00f6hten Risiko von Krankheiten und <a href=\"https:\/\/www.humanium.org\/de\/themenschwerpunkte\/ausbeutung\/\">Ausbeutung<\/a> ausgesetzt sind. Trotz des internationalen Aufschreis und der Aufrufe zum Handeln bleibt die Lage der Rohingya-Kinder prek\u00e4r und erfordert sofortige Aufmerksamkeit und Intervention, um ihre Grundrechte und Sicherheit zu gew\u00e4hrleisten.<\/p>\n\n\n\n<p>Dar\u00fcber hinaus stehen Kinder in <a href=\"https:\/\/www.humanium.org\/de\/pakistan\/\">Pakistan<\/a>, die ohnehin schon durch Probleme wie <a href=\"https:\/\/www.humanium.org\/de\/themenschwerpunkte\/armut\/\">Armut<\/a> gef\u00e4hrdet sind, aufgrund der historischen \u00dcberschwemmungen vor noch gr\u00f6\u00dferen Herausforderungen. Diese \u00dcberschwemmungen haben ihre Anf\u00e4lligkeit f\u00fcr Missbrauch verst\u00e4rkt und sich negativ auf ihre psychische Gesundheit ausgewirkt. Obwohl es <a href=\"https:\/\/www.humanium.org\/de\/recht-schutz-weltweit\/\">Gesetze zum Schutz von Kindern<\/a> gibt, werden sie bis heute nur unzureichend umgesetzt, um vertriebenen Kindern wirksam zu helfen und ihre Rehabilitation zu erleichtern.<\/p>\n\n\n\n<h2 class=\"wp-block-heading\"><strong>Humaniums kontinuierliches und leidenschaftliches Eintreten f\u00fcr die Rechte der Kinder<\/strong><\/h2>\n\n\n\n<p>Dieses Jahr war eine unglaubliche Herausforderung f\u00fcr Millionen von Kindern weltweit, die nicht nur von vermeidbaren, von Menschen verursachten Konflikten betroffen waren, sondern auch von verheerenden Naturkatastrophen, die durch Ineffizienz und Korruption der Regierungen noch verschlimmert wurden. Um diese Probleme anzugehen, ist es wichtig, dass die L\u00e4nder auf nationaler und internationaler Ebene Druck aus\u00fcben, um Gesetze zum Schutz der Schw\u00e4chsten zu erlassen und die Einhaltung der <a href=\"https:\/\/www.humanium.org\/de\/rechte-kindes\/\">Kinderrechte<\/a> zu gew\u00e4hrleisten.<\/p>\n\n\n\n<p>Wir von Humanium konzentrieren uns darauf, das Bewusstsein zu sch\u00e4rfen und die internationale Gemeinschaft zum Handeln aufzufordern. Wir setzen uns unerm\u00fcdlich f\u00fcr eine Welt ein, in der Kinder von Bildung und Fortschritt umgeben sind und nicht von Armut und Angst. Trotz aller Widrigkeiten f\u00fchren wir weltweit verschiedene Projekte durch, um das Wachstum zu f\u00f6rdern und friedliche Gemeinschaften zu kultivieren.<\/p>\n\n\n\n<p>Wir setzen uns f\u00fcr die Gleichberechtigung aller Kinder ein, unabh\u00e4ngig von Alter, Geschlecht, Rasse oder Nationalit\u00e4t. Wenn Sie unsere Vision teilen und unsere Mission unterst\u00fctzen m\u00f6chten, ziehen Sie bitte in Erw\u00e4gung, eine <a href=\"https:\/\/www.humanium.org\/de\/pate-werden-2\/\">Patenschaft f\u00fcr ein Kind<\/a> zu \u00fcbernehmen, eine <a href=\"https:\/\/www.humanium.org\/de\/spenden\/\">Spende<\/a> zu machen oder im kommenden Jahr <a href=\"https:\/\/www.humanium.org\/de\/teilnehmen-2\/volunteer\/\">ehrenamtlich<\/a> zu arbeiten. Gemeinsam k\u00f6nnen wir uns f\u00fcr eine Welt einsetzen, in der die <a href=\"https:\/\/www.humanium.org\/de\/rechte-kindes\/\">Rechte eines jeden Kindes<\/a> geachtet und gesch\u00fctzt werden.<\/p>\n\n\n\n<figure class=\"wp-block-image size-full\"><img loading=\"lazy\" decoding=\"async\" width=\"1000\" height=\"666\" src=\"https:\/\/www.humanium.org\/de\/wp-content\/uploads\/2023\/12\/shutterstock_2348277725.jpg\" alt=\"\" class=\"wp-image-17255\" srcset=\"https:\/\/www.humanium.org\/de\/wp-content\/uploads\/2023\/12\/shutterstock_2348277725.jpg 1000w, https:\/\/www.humanium.org\/de\/wp-content\/uploads\/2023\/12\/shutterstock_2348277725-300x200.jpg 300w, https:\/\/www.humanium.org\/de\/wp-content\/uploads\/2023\/12\/shutterstock_2348277725-768x511.jpg 768w, https:\/\/www.humanium.org\/de\/wp-content\/uploads\/2023\/12\/shutterstock_2348277725-830x553.jpg 830w, https:\/\/www.humanium.org\/de\/wp-content\/uploads\/2023\/12\/shutterstock_2348277725-230x153.jpg 230w, https:\/\/www.humanium.org\/de\/wp-content\/uploads\/2023\/12\/shutterstock_2348277725-350x233.jpg 350w, https:\/\/www.humanium.org\/de\/wp-content\/uploads\/2023\/12\/shutterstock_2348277725-480x320.jpg 480w, https:\/\/www.humanium.org\/de\/wp-content\/uploads\/2023\/12\/shutterstock_2348277725-272x182.jpg 272w\" sizes=\"auto, (max-width: 1000px) 100vw, 1000px\" \/><\/figure>\n\n\n\n<p class=\"has-text-align-center\"><strong>Wir von Humanium w\u00fcnschen Ihnen und Ihren Lieben ein neues Jahr voller Sicherheit, Gl\u00fcck und der Verwirklichung Ihrer Tr\u00e4ume!<\/strong><\/p>\n\n\n\n<p><em><strong>Geschrieben von Lidija Misic<\/strong><\/em><\/p>\n\n\n\n<p><em><strong>\u00dcbersetzt von Michael Aschenbrenner<\/strong><\/em><\/p>\n\n\n\n<p><em><strong>Korrektur gelesen von Beate Dessewffy<\/strong><\/em><\/p>\n\n\n\n<h3 class=\"wp-block-heading\"><strong>Quellenverzeichnis:<\/strong><\/h3>\n\n\n\n<p class=\"has-small-font-size\">Amnesty International (2022), La Belgique condamn\u00e9e pour avoir d\u00e9t\u00e9nu des enfants migrants. Retrieved from Amnesty International at https:\/\/www.amnesty.be\/infos\/actualites\/article\/belgique-condamnee-detenu-enfants-migrants, accessed on November 27, 2023.<\/p>\n\n\n\n<p class=\"has-small-font-size\">CNN (2023), Nearly 1.4 million people displaced in Sudan since civil war erupted, UN report says. Retrieved from CNN at https:\/\/edition.cnn.com\/2023\/05\/28\/africa\/sudan-displaced-people-gender-violence-intl-hnk\/index.html, accessed on November 27, 2023.<\/p>\n\n\n\n<p class=\"has-small-font-size\">Notes from Poland (NFP) (2022), 200,000 Ukrainian refugee children face a steep learning curve at Polish schools. Retrieved from Notes From Poland at https:\/\/notesfrompoland.com\/2022\/05\/18\/200000-ukrainian-refugee-children-face-a-steep-learning-curve-at-polish-schools\/, accessed on November 27, 2023.<\/p>\n\n\n\n<p class=\"has-small-font-size\">ReliefWeb (2023), Libya Flood Response Situation Report (11 October 2023). Retrieved from ReliefWeb at https:\/\/reliefweb.int\/report\/libya\/libya-flood-response-situation-report-11-october-2023, accessed on November 27, 2023.<\/p>\n\n\n\n<p class=\"has-small-font-size\">UNICEF (2023), At least 100,000 children affected by Morocco earthquake. Retrieved from UNICEF at https:\/\/www.unicef.org\/press-releases\/least-100000-children-affected-morocco-earthquake, accessed on November 27, 2023.<\/p>\n\n\n\n<p class=\"has-small-font-size\">Unicef (2023), Nearly 300,000 children affected in Libya after Storm Daniel devastates entire communities. Retrieved from Unicef at https:\/\/www.unicef.org\/mena\/press-releases\/nearly-300000-children-affected-libya-after-storm-daniel-devastates-entire, accessed on November 27, 2023.<\/p>\n\n\n\n<p class=\"has-small-font-size\">United Nations Office of the High Commissioner (2019). Press release \u2013 Myanmar\u2019s Rohingya Persecuted, Living under Threat of Genocide, UN Experts Say. Retrieved from United Nations Office of the High Commissionner at https:\/\/www.ohchr.org\/en\/press-releases\/2019\/09\/myanmars-rohingya-persecuted-living-under-threat-genocide-un-experts-say?LangID=E&amp;NewsID=24991, accessed on November 27, 2023.<\/p>\n","protected":false},"excerpt":{"rendered":"<p>Heutzutage sehen sich Millionen von Kindern mit anhaltenden Hindernissen konfrontiert, wenn sie ihre Grundrechte auf Gesundheitsversorgung, Bildung und Schutz wahrnehmen wollen. \u00dcberschwemmungen, Erdbeben und Kriege sowie die Unt\u00e4tigkeit der Regierungen bei der Umsetzung wichtiger politischer Ma\u00dfnahmen haben die ohnehin schon katastrophalen Umst\u00e4nde, mit denen Kinder konfrontiert sind, noch weiter verschlimmert und ihre Verletzlichkeit noch verst\u00e4rkt. [&hellip;]<\/p>\n","protected":false},"author":56,"featured_media":17258,"comment_status":"closed","ping_status":"closed","sticky":false,"template":"","format":"standard","meta":{"footnotes":""},"categories":[173,13,159,170,17,5,160,163],"tags":[],"class_list":["post-17254","post","type-post","status-publish","format-standard","has-post-thumbnail","hentry","category-armut","category-bildung","category-fluchtlinge","category-freiheit","category-frieden","category-gesundheit","category-gewalt","category-kinderrechte"],"yoast_head":"<!-- This site is optimized with the Yoast SEO plugin v26.5 - https:\/\/yoast.com\/wordpress\/plugins\/seo\/ -->\n<title>Eine globale Perspektive f\u00fcr die Rechte der Kinder im Jahr 2023 - Humanium<\/title>\n<meta name=\"description\" content=\"Die Ereignisse im Jahr 2023 haben zu Todesf\u00e4llen, zur Vertreibung von Familien und zu Traumata bei Hunderttausenden Kindern gef\u00fchrt.\" \/>\n<meta name=\"robots\" content=\"index, follow, max-snippet:-1, max-image-preview:large, max-video-preview:-1\" \/>\n<link rel=\"canonical\" href=\"https:\/\/www.humanium.org\/de\/eine-globale-perspektive-fuer-die-rechte-der-kinder-im-jahr-2023\/\" \/>\n<meta property=\"og:locale\" content=\"de_DE\" \/>\n<meta property=\"og:type\" content=\"article\" \/>\n<meta property=\"og:title\" content=\"Eine globale Perspektive f\u00fcr die Rechte der Kinder im Jahr 2023 - Humanium\" \/>\n<meta property=\"og:description\" content=\"Die Ereignisse im Jahr 2023 haben zu Todesf\u00e4llen, zur Vertreibung von Familien und zu Traumata bei Hunderttausenden Kindern gef\u00fchrt.\" \/>\n<meta property=\"og:url\" content=\"https:\/\/www.humanium.org\/de\/eine-globale-perspektive-fuer-die-rechte-der-kinder-im-jahr-2023\/\" \/>\n<meta property=\"og:site_name\" content=\"Humanium\" \/>\n<meta property=\"article:published_time\" content=\"2023-12-26T14:16:26+00:00\" \/>\n<meta property=\"article:modified_time\" content=\"2025-12-06T06:28:32+00:00\" \/>\n<meta property=\"og:image\" content=\"https:\/\/www.humanium.org\/de\/wp-content\/uploads\/2023\/12\/shutterstock_2373542953.jpg\" \/>\n\t<meta property=\"og:image:width\" content=\"1000\" \/>\n\t<meta property=\"og:image:height\" content=\"582\" \/>\n\t<meta property=\"og:image:type\" content=\"image\/jpeg\" \/>\n<meta name=\"author\" content=\"Lidija Misic\" \/>\n<meta name=\"twitter:card\" content=\"summary_large_image\" \/>\n<meta name=\"twitter:label1\" content=\"Verfasst von\" \/>\n\t<meta name=\"twitter:data1\" content=\"Lidija Misic\" \/>\n\t<meta name=\"twitter:label2\" content=\"Gesch\u00e4tzte Lesezeit\" \/>\n\t<meta name=\"twitter:data2\" content=\"8\u00a0Minuten\" \/>\n<script type=\"application\/ld+json\" class=\"yoast-schema-graph\">{\"@context\":\"https:\/\/schema.org\",\"@graph\":[{\"@type\":\"WebPage\",\"@id\":\"https:\/\/www.humanium.org\/de\/eine-globale-perspektive-fuer-die-rechte-der-kinder-im-jahr-2023\/\",\"url\":\"https:\/\/www.humanium.org\/de\/eine-globale-perspektive-fuer-die-rechte-der-kinder-im-jahr-2023\/\",\"name\":\"Eine globale Perspektive f\u00fcr die Rechte der Kinder im Jahr 2023 - Humanium\",\"isPartOf\":{\"@id\":\"https:\/\/www.humanium.org\/de\/#website\"},\"primaryImageOfPage\":{\"@id\":\"https:\/\/www.humanium.org\/de\/eine-globale-perspektive-fuer-die-rechte-der-kinder-im-jahr-2023\/#primaryimage\"},\"image\":{\"@id\":\"https:\/\/www.humanium.org\/de\/eine-globale-perspektive-fuer-die-rechte-der-kinder-im-jahr-2023\/#primaryimage\"},\"thumbnailUrl\":\"https:\/\/www.humanium.org\/de\/wp-content\/uploads\/2023\/12\/shutterstock_2373542953.jpg\",\"datePublished\":\"2023-12-26T14:16:26+00:00\",\"dateModified\":\"2025-12-06T06:28:32+00:00\",\"author\":{\"@id\":\"https:\/\/www.humanium.org\/de\/#\/schema\/person\/a56e3d54a4708ab431cfcd94fada90de\"},\"description\":\"Die Ereignisse im Jahr 2023 haben zu Todesf\u00e4llen, zur Vertreibung von Familien und zu Traumata bei Hunderttausenden Kindern gef\u00fchrt.\",\"breadcrumb\":{\"@id\":\"https:\/\/www.humanium.org\/de\/eine-globale-perspektive-fuer-die-rechte-der-kinder-im-jahr-2023\/#breadcrumb\"},\"inLanguage\":\"de\",\"potentialAction\":[{\"@type\":\"ReadAction\",\"target\":[\"https:\/\/www.humanium.org\/de\/eine-globale-perspektive-fuer-die-rechte-der-kinder-im-jahr-2023\/\"]}]},{\"@type\":\"ImageObject\",\"inLanguage\":\"de\",\"@id\":\"https:\/\/www.humanium.org\/de\/eine-globale-perspektive-fuer-die-rechte-der-kinder-im-jahr-2023\/#primaryimage\",\"url\":\"https:\/\/www.humanium.org\/de\/wp-content\/uploads\/2023\/12\/shutterstock_2373542953.jpg\",\"contentUrl\":\"https:\/\/www.humanium.org\/de\/wp-content\/uploads\/2023\/12\/shutterstock_2373542953.jpg\",\"width\":1000,\"height\":582},{\"@type\":\"BreadcrumbList\",\"@id\":\"https:\/\/www.humanium.org\/de\/eine-globale-perspektive-fuer-die-rechte-der-kinder-im-jahr-2023\/#breadcrumb\",\"itemListElement\":[{\"@type\":\"ListItem\",\"position\":1,\"name\":\"Home\",\"item\":\"https:\/\/www.humanium.org\/de\/\"},{\"@type\":\"ListItem\",\"position\":2,\"name\":\"Eine globale Perspektive f\u00fcr die Rechte der Kinder im Jahr 2023\"}]},{\"@type\":\"WebSite\",\"@id\":\"https:\/\/www.humanium.org\/de\/#website\",\"url\":\"https:\/\/www.humanium.org\/de\/\",\"name\":\"Humanium\",\"description\":\"Kinder zuerst!\",\"potentialAction\":[{\"@type\":\"SearchAction\",\"target\":{\"@type\":\"EntryPoint\",\"urlTemplate\":\"https:\/\/www.humanium.org\/de\/?s={search_term_string}\"},\"query-input\":{\"@type\":\"PropertyValueSpecification\",\"valueRequired\":true,\"valueName\":\"search_term_string\"}}],\"inLanguage\":\"de\"},{\"@type\":\"Person\",\"@id\":\"https:\/\/www.humanium.org\/de\/#\/schema\/person\/a56e3d54a4708ab431cfcd94fada90de\",\"name\":\"Lidija Misic\",\"image\":{\"@type\":\"ImageObject\",\"inLanguage\":\"de\",\"@id\":\"https:\/\/www.humanium.org\/de\/#\/schema\/person\/image\/\",\"url\":\"https:\/\/secure.gravatar.com\/avatar\/691df8ac4519726e8c2a1bcfae6266ac632c00f4d291f52209e06f8ff5be2bdd?s=96&d=mm&r=g\",\"contentUrl\":\"https:\/\/secure.gravatar.com\/avatar\/691df8ac4519726e8c2a1bcfae6266ac632c00f4d291f52209e06f8ff5be2bdd?s=96&d=mm&r=g\",\"caption\":\"Lidija Misic\"},\"sameAs\":[\"https:\/\/www.linkedin.com\/in\/lidija-misic-abb274202\/\"],\"url\":\"https:\/\/www.humanium.org\/de\/author\/autor_lidijamisic\/\"}]}<\/script>\n<!-- \/ Yoast SEO plugin. -->","yoast_head_json":{"title":"Eine globale Perspektive f\u00fcr die Rechte der Kinder im Jahr 2023 - Humanium","description":"Die Ereignisse im Jahr 2023 haben zu Todesf\u00e4llen, zur Vertreibung von Familien und zu Traumata bei Hunderttausenden Kindern gef\u00fchrt.","robots":{"index":"index","follow":"follow","max-snippet":"max-snippet:-1","max-image-preview":"max-image-preview:large","max-video-preview":"max-video-preview:-1"},"canonical":"https:\/\/www.humanium.org\/de\/eine-globale-perspektive-fuer-die-rechte-der-kinder-im-jahr-2023\/","og_locale":"de_DE","og_type":"article","og_title":"Eine globale Perspektive f\u00fcr die Rechte der Kinder im Jahr 2023 - Humanium","og_description":"Die Ereignisse im Jahr 2023 haben zu Todesf\u00e4llen, zur Vertreibung von Familien und zu Traumata bei Hunderttausenden Kindern gef\u00fchrt.","og_url":"https:\/\/www.humanium.org\/de\/eine-globale-perspektive-fuer-die-rechte-der-kinder-im-jahr-2023\/","og_site_name":"Humanium","article_published_time":"2023-12-26T14:16:26+00:00","article_modified_time":"2025-12-06T06:28:32+00:00","og_image":[{"width":1000,"height":582,"url":"https:\/\/www.humanium.org\/de\/wp-content\/uploads\/2023\/12\/shutterstock_2373542953.jpg","type":"image\/jpeg"}],"author":"Lidija Misic","twitter_card":"summary_large_image","twitter_misc":{"Verfasst von":"Lidija Misic","Gesch\u00e4tzte Lesezeit":"8\u00a0Minuten"},"schema":{"@context":"https:\/\/schema.org","@graph":[{"@type":"WebPage","@id":"https:\/\/www.humanium.org\/de\/eine-globale-perspektive-fuer-die-rechte-der-kinder-im-jahr-2023\/","url":"https:\/\/www.humanium.org\/de\/eine-globale-perspektive-fuer-die-rechte-der-kinder-im-jahr-2023\/","name":"Eine globale Perspektive f\u00fcr die Rechte der Kinder im Jahr 2023 - Humanium","isPartOf":{"@id":"https:\/\/www.humanium.org\/de\/#website"},"primaryImageOfPage":{"@id":"https:\/\/www.humanium.org\/de\/eine-globale-perspektive-fuer-die-rechte-der-kinder-im-jahr-2023\/#primaryimage"},"image":{"@id":"https:\/\/www.humanium.org\/de\/eine-globale-perspektive-fuer-die-rechte-der-kinder-im-jahr-2023\/#primaryimage"},"thumbnailUrl":"https:\/\/www.humanium.org\/de\/wp-content\/uploads\/2023\/12\/shutterstock_2373542953.jpg","datePublished":"2023-12-26T14:16:26+00:00","dateModified":"2025-12-06T06:28:32+00:00","author":{"@id":"https:\/\/www.humanium.org\/de\/#\/schema\/person\/a56e3d54a4708ab431cfcd94fada90de"},"description":"Die Ereignisse im Jahr 2023 haben zu Todesf\u00e4llen, zur Vertreibung von Familien und zu Traumata bei Hunderttausenden Kindern gef\u00fchrt.","breadcrumb":{"@id":"https:\/\/www.humanium.org\/de\/eine-globale-perspektive-fuer-die-rechte-der-kinder-im-jahr-2023\/#breadcrumb"},"inLanguage":"de","potentialAction":[{"@type":"ReadAction","target":["https:\/\/www.humanium.org\/de\/eine-globale-perspektive-fuer-die-rechte-der-kinder-im-jahr-2023\/"]}]},{"@type":"ImageObject","inLanguage":"de","@id":"https:\/\/www.humanium.org\/de\/eine-globale-perspektive-fuer-die-rechte-der-kinder-im-jahr-2023\/#primaryimage","url":"https:\/\/www.humanium.org\/de\/wp-content\/uploads\/2023\/12\/shutterstock_2373542953.jpg","contentUrl":"https:\/\/www.humanium.org\/de\/wp-content\/uploads\/2023\/12\/shutterstock_2373542953.jpg","width":1000,"height":582},{"@type":"BreadcrumbList","@id":"https:\/\/www.humanium.org\/de\/eine-globale-perspektive-fuer-die-rechte-der-kinder-im-jahr-2023\/#breadcrumb","itemListElement":[{"@type":"ListItem","position":1,"name":"Home","item":"https:\/\/www.humanium.org\/de\/"},{"@type":"ListItem","position":2,"name":"Eine globale Perspektive f\u00fcr die Rechte der Kinder im Jahr 2023"}]},{"@type":"WebSite","@id":"https:\/\/www.humanium.org\/de\/#website","url":"https:\/\/www.humanium.org\/de\/","name":"Humanium","description":"Kinder zuerst!","potentialAction":[{"@type":"SearchAction","target":{"@type":"EntryPoint","urlTemplate":"https:\/\/www.humanium.org\/de\/?s={search_term_string}"},"query-input":{"@type":"PropertyValueSpecification","valueRequired":true,"valueName":"search_term_string"}}],"inLanguage":"de"},{"@type":"Person","@id":"https:\/\/www.humanium.org\/de\/#\/schema\/person\/a56e3d54a4708ab431cfcd94fada90de","name":"Lidija Misic","image":{"@type":"ImageObject","inLanguage":"de","@id":"https:\/\/www.humanium.org\/de\/#\/schema\/person\/image\/","url":"https:\/\/secure.gravatar.com\/avatar\/691df8ac4519726e8c2a1bcfae6266ac632c00f4d291f52209e06f8ff5be2bdd?s=96&d=mm&r=g","contentUrl":"https:\/\/secure.gravatar.com\/avatar\/691df8ac4519726e8c2a1bcfae6266ac632c00f4d291f52209e06f8ff5be2bdd?s=96&d=mm&r=g","caption":"Lidija Misic"},"sameAs":["https:\/\/www.linkedin.com\/in\/lidija-misic-abb274202\/"],"url":"https:\/\/www.humanium.org\/de\/author\/autor_lidijamisic\/"}]}},"_links":{"self":[{"href":"https:\/\/www.humanium.org\/de\/wp-json\/wp\/v2\/posts\/17254","targetHints":{"allow":["GET"]}}],"collection":[{"href":"https:\/\/www.humanium.org\/de\/wp-json\/wp\/v2\/posts"}],"about":[{"href":"https:\/\/www.humanium.org\/de\/wp-json\/wp\/v2\/types\/post"}],"author":[{"embeddable":true,"href":"https:\/\/www.humanium.org\/de\/wp-json\/wp\/v2\/users\/56"}],"replies":[{"embeddable":true,"href":"https:\/\/www.humanium.org\/de\/wp-json\/wp\/v2\/comments?post=17254"}],"version-history":[{"count":6,"href":"https:\/\/www.humanium.org\/de\/wp-json\/wp\/v2\/posts\/17254\/revisions"}],"predecessor-version":[{"id":20944,"href":"https:\/\/www.humanium.org\/de\/wp-json\/wp\/v2\/posts\/17254\/revisions\/20944"}],"wp:featuredmedia":[{"embeddable":true,"href":"https:\/\/www.humanium.org\/de\/wp-json\/wp\/v2\/media\/17258"}],"wp:attachment":[{"href":"https:\/\/www.humanium.org\/de\/wp-json\/wp\/v2\/media?parent=17254"}],"wp:term":[{"taxonomy":"category","embeddable":true,"href":"https:\/\/www.humanium.org\/de\/wp-json\/wp\/v2\/categories?post=17254"},{"taxonomy":"post_tag","embeddable":true,"href":"https:\/\/www.humanium.org\/de\/wp-json\/wp\/v2\/tags?post=17254"}],"curies":[{"name":"wp","href":"https:\/\/api.w.org\/{rel}","templated":true}]}}