{"id":17345,"date":"2024-01-23T18:31:27","date_gmt":"2024-01-23T18:31:27","guid":{"rendered":"https:\/\/www.humanium.org\/de\/?p=17345"},"modified":"2025-12-05T18:14:31","modified_gmt":"2025-12-05T18:14:31","slug":"kritik-an-schwedischen-behoerden-wegen-trennung-von-fluechtlingsfamilien","status":"publish","type":"post","link":"https:\/\/www.humanium.org\/de\/kritik-an-schwedischen-behoerden-wegen-trennung-von-fluechtlingsfamilien\/","title":{"rendered":"Kritik an schwedischen Beh\u00f6rden wegen Trennung von Fl\u00fcchtlingsfamilien"},"content":{"rendered":"\n<p><strong>Der andauernde <\/strong><a href=\"https:\/\/www.humanium.org\/de\/kinder-in-kriegen\/\"><strong>B\u00fcrgerkrieg<\/strong><\/a><strong> in Syrien f\u00fchrte global zu einer weitreichenden <\/strong><a href=\"https:\/\/www.humanium.org\/de\/vertriebene-kinder\/\"><strong>Vertreibung<\/strong><\/a><strong>. Dies hat gro\u00dfe Auswirkungen auf <\/strong><a href=\"https:\/\/www.humanium.org\/de\/schweden\/\"><strong>Schweden<\/strong><\/a><strong>, da das Land eine betr\u00e4chtliche Zahl an <\/strong><a href=\"https:\/\/www.humanium.org\/de\/abkommen-uber-die-rechtsstellung-der-fluchtlinge\/\"><strong>Gefl\u00fcchteten<\/strong><\/a><strong> aus Syrien aufnimmt. Wegen l\u00e4nger andauernder <\/strong><a href=\"https:\/\/www.humanium.org\/de\/familie-und-rechte-von-kindern\/\"><strong>Familientrennung<\/strong><\/a><strong>en durch die sozialen Dienste bestehen jedoch Bedenken hinsichtlich der Einhaltung der <\/strong><a href=\"https:\/\/www.humanium.org\/de\/konvention\/\"><strong>UN-Kinderrechtskonvention<\/strong><\/a><strong>durch <\/strong><a href=\"https:\/\/www.humanium.org\/de\/schweden\/\"><strong>Schweden<\/strong><\/a>.<strong> Diese Situation stellt die Regulierungen zur schnellen Familienzusammenf\u00fchrung in Frage und wirft humanit\u00e4re Bedenken hinsichtlich der Einhaltung der Menschenrechte der Familien der <\/strong><a href=\"https:\/\/www.humanium.org\/de\/abkommen-uber-die-rechtsstellung-der-fluchtlinge\/\"><strong>Gefl\u00fcchteten<\/strong><\/a><strong> und des <\/strong><a href=\"https:\/\/www.humanium.org\/de\/die-mentale-gesundheit-von-kindern\/\"><strong>Wohlergehens ihrer Kinder<\/strong><\/a><strong> auf.<\/strong><\/p>\n\n\n\n<h2 class=\"wp-block-heading\"><strong>Die Auswirkungen des <\/strong><a href=\"https:\/\/www.humanium.org\/de\/kinder-in-kriegen\/\"><strong>B\u00fcrgerkriegs<\/strong><\/a><strong> in Syrien auf <\/strong><a href=\"https:\/\/www.humanium.org\/de\/schweden\/\"><strong>Schweden<\/strong><\/a><\/h2>\n\n\n\n<p>Der <a href=\"https:\/\/www.humanium.org\/de\/kinder-in-kriegen\/\">B\u00fcrgerkrieg<\/a> in Syrien dauert nun schon 13 Jahre an und hat eine beispiellose <a href=\"https:\/\/www.humanium.org\/de\/vertriebene-kinder\/\">Vertreibungskrise<\/a> ausgel\u00f6st: Weltweit sind mehr als 65 Millionen Menschen durch die unerbittlichen Wirren des Konflikts und des Krieges geflohen. Diese Krise hat tiefgreifende humanit\u00e4re Konsequenzen: Unz\u00e4hlige Familien und Gemeinschaften wurden vertrieben und suchen fern ihrer Heimat Sicherheit und Zuflucht (UNCHR, 2023).<\/p>\n\n\n\n<p>Au\u00dferdem verschlimmerte sich diese ernste Lage im Februar 2023 noch durch die verheerenden Erdbeben. Laut Sch\u00e4tzungen waren 8,8 Millionen Einwohner der <a href=\"https:\/\/www.humanium.org\/de\/syrien\/\">Arabischen Republik Syrien<\/a> davon betroffen. H\u00e4user und lebenswichtige Infrastruktur wurden weitreichend zerst\u00f6rt. Dies verschlechterte die ohnehin schon schwierige Situation der von den Wirren des Konflikts und der <a href=\"https:\/\/www.humanium.org\/de\/vertriebene-kinder\/\">Vertreibung<\/a> betroffenen Menschen weiter (UNCHR, 2023).<\/p>\n\n\n\n<p>Inmitten dieses komplexen Szenarios ist <a href=\"https:\/\/www.humanium.org\/de\/schweden\/\">Schweden<\/a> von dieser humanit\u00e4ren Notlage stark betroffen. Zwischen 2010 und 2018 machten <a href=\"https:\/\/www.humanium.org\/de\/abkommen-uber-die-rechtsstellung-der-fluchtlinge\/\">Gefl\u00fcchtete<\/a> aus Syrien 40% der Asylantr\u00e4ge in Schweden aus (Wessels J, 2023). Durch den deutlichen Anstieg der <a href=\"https:\/\/www.humanium.org\/de\/abkommen-uber-die-rechtsstellung-der-fluchtlinge\/\">Gefl\u00fcchtetenzahlen<\/a> lebten bis zum Jahr 2018 185.991 <a href=\"https:\/\/www.humanium.org\/de\/syrien\/\">Menschen, die in Syrien geboren sind<\/a>, in Schweden. Diese hohe Zahl verdeutlicht ihre Position als eine der gr\u00f6\u00dften Gruppen von Neuank\u00f6mmlingen (Balikci Z, 2020).<\/p>\n\n\n\n<h2 class=\"wp-block-heading\"><a href=\"https:\/\/www.humanium.org\/de\/familie-und-rechte-von-kindern\/\"><strong>Familientrennung<\/strong><\/a><strong> <\/strong><strong>bei<\/strong> <a href=\"https:\/\/www.humanium.org\/de\/abkommen-uber-die-rechtsstellung-der-fluchtlinge\/\"><strong>Gefl\u00fcchteten<\/strong><\/a> <strong>enth\u00fcllt<\/strong><\/h2>\n\n\n\n<p>Von <a href=\"https:\/\/www.humanium.org\/de\/schweden\/\">Schweden<\/a> als einem der Unterzeichnerl\u00e4nder der <a href=\"https:\/\/www.humanium.org\/en\/convention\/\">UN-Kinderrechtskonvention<\/a> wird erwartet, dass es die Interessen von Kindern ungeachtet ihrer Staatsangeh\u00f6rigkeit \u2013 ob schwedische Staatsangeh\u00f6rige, Menschen mit befristeter Aufenthaltserlaubnis oder Asylwerber \u2013 in den Vordergrund stellt. <\/p>\n\n\n\n<p>Neben dem <a href=\"https:\/\/www.humanium.org\/de\/recht-bildung-weltweit\/\">Zugang zu Bildung<\/a> und <a href=\"https:\/\/www.humanium.org\/de\/das-recht-auf-gesundheit\/\">Gesundheitsleistungen<\/a> sollten Kinder Anspruch auf <a href=\"https:\/\/www.humanium.org\/de\/familie-und-rechte-von-kindern\/\">Familieneinheit<\/a> haben. Kommunale Unterst\u00fctzungsdienste d\u00fcrfen nur eingreifen, wenn die Eltern ihren Verantwortlichkeiten nicht nachkommen k\u00f6nnen oder ein Risiko f\u00fcr das <a href=\"https:\/\/www.humanium.org\/de\/die-mentale-gesundheit-von-kindern\/\">Wohlergehen des Kindes<\/a> darstellen (Migrationsverket, 2023).<\/p>\n\n\n\n<p>Es wurden jedoch Bedenken ge\u00e4u\u00dfert, ob soziale Dienste sich an das Gesetz halten. Durch das Meldesystem f\u00fcr Kindesmisshandlung in <a href=\"https:\/\/www.humanium.org\/de\/schweden\/\">Schweden<\/a> kann jede Einzelperson oder Einrichtung einen Verdacht an die Sozialdienste melden, was zu langwierigen Untersuchungen f\u00fchrt. Diese Untersuchungen k\u00f6nnen durch Beschwerden von Dritten oder Familienmitgliedern ausgel\u00f6st werden (Muhammad H. L. A. et al.).&nbsp;<\/p>\n\n\n\n<p>W\u00e4hrend der Untersuchungen <a href=\"https:\/\/www.humanium.org\/de\/familientrennungen-der-us-grenze\/\">trennen die Sozialdienste in Schweden M\u00fctter und Kinder<\/a>, manchmal \u00fcber einen l\u00e4ngeren Zeitraum. Berichten zufolge schaffen die Unterst\u00fctzungsdienste sogar Anreize f\u00fcr die Kinder, sich von ihren Familien fernzuhalten. Trotz der Regularien zur schnellen Zusammenf\u00fchrung von Kindern mit ihren Familien geschieht das nur bei einem von zehn Kindern. Die Mehrheit lebt bis zum 18. Lebensjahr getrennt von der Familie (Muhammad H. L. A. et al.).&nbsp;<\/p>\n\n\n\n<figure class=\"wp-block-image size-large\"><img loading=\"lazy\" decoding=\"async\" width=\"1024\" height=\"720\" src=\"https:\/\/www.humanium.org\/de\/wp-content\/uploads\/2024\/01\/shutterstock_200304518-1024x720.jpg\" alt=\"\" class=\"wp-image-17347\" srcset=\"https:\/\/www.humanium.org\/de\/wp-content\/uploads\/2024\/01\/shutterstock_200304518-1024x720.jpg 1024w, https:\/\/www.humanium.org\/de\/wp-content\/uploads\/2024\/01\/shutterstock_200304518-300x211.jpg 300w, https:\/\/www.humanium.org\/de\/wp-content\/uploads\/2024\/01\/shutterstock_200304518-768x540.jpg 768w, https:\/\/www.humanium.org\/de\/wp-content\/uploads\/2024\/01\/shutterstock_200304518-1536x1079.jpg 1536w, https:\/\/www.humanium.org\/de\/wp-content\/uploads\/2024\/01\/shutterstock_200304518-2048x1439.jpg 2048w, https:\/\/www.humanium.org\/de\/wp-content\/uploads\/2024\/01\/shutterstock_200304518-830x583.jpg 830w, https:\/\/www.humanium.org\/de\/wp-content\/uploads\/2024\/01\/shutterstock_200304518-230x162.jpg 230w, https:\/\/www.humanium.org\/de\/wp-content\/uploads\/2024\/01\/shutterstock_200304518-350x246.jpg 350w, https:\/\/www.humanium.org\/de\/wp-content\/uploads\/2024\/01\/shutterstock_200304518-480x337.jpg 480w\" sizes=\"auto, (max-width: 1024px) 100vw, 1024px\" \/><\/figure>\n\n\n\n<h2 class=\"wp-block-heading\"><strong>Die Konsequenzen von Gesetzen gegen k\u00f6rperliche Bestrafung bei Kindern<\/strong><\/h2>\n\n\n\n<p>In <a href=\"https:\/\/www.humanium.org\/de\/syrien\/\">Syrien<\/a> ist k\u00f6rperliche Bestrafung durch Gerichtsbeschluss verboten, aber in allen anderen Situationen, vor allem im h\u00e4uslichen Bereich, ist sie erlaubt (Owen S, 2016). Im Gegensatz dazu d\u00fcrfen Eltern in <a href=\"https:\/\/www.humanium.org\/de\/schweden\/\">Schweden<\/a> ihre Kinder nicht <a href=\"https:\/\/www.humanium.org\/de\/misshandlung\/\">k\u00f6rperlich bestrafen<\/a>. Dieses Gesetz wurde 1979 eingef\u00fchrt. Damit ist Schweden das erste Land, in dem k\u00f6rperliche Bestrafung komplett verboten ist (End Corporal Punishment, 2020).&nbsp;<\/p>\n\n\n\n<p>Wenn ein Elternteil in Schweden gegen dieses Gesetz verst\u00f6\u00dft, k\u00f6nnte dies eine Gef\u00e4ngnisstrafe nach sich ziehen. Das betroffene Kind wird jedoch nicht von seiner Familie oder von seinen Verwandten getrennt (End Corporal Punishment, 2020). Dies verdeutlicht die Gratwanderung zwischen dem Durchsetzen von rechtlichen Konsequenzen f\u00fcr bestimmte Handlungen und dem Ziel, die <a href=\"https:\/\/www.humanium.org\/de\/familie-und-rechte-von-kindern\/\">Familieneinheit<\/a> m\u00f6glichst zu bewahren und eine Trennung nur in absoluten Notf\u00e4llen zu genehmigen, wie es die Grunds\u00e4tze der Sozialarbeit und der Kinderf\u00fcrsorge fordern. (Chak M. F, 2022).<\/p>\n\n\n\n<p>Des weiteren wurden F\u00e4lle bekannt, bei denen Babys sofort nach der Geburt aus dem Krankenhaus geholt wurden, und F\u00e4lle, bei denen Kinder w\u00e4hrend des Unterrichts gewaltsam aus den Schulen geholt und dann unter die Aufsicht eines Sozialarbeiters oder einer Sozialarbeiterin gestellt wurden, ohne die Eltern zu benachrichtigen. Die Sozialarbeiterin oder der Sozialarbeiter schicken diese Kinder in andere Gemeinden, bis sie eine Pflegefamilie f\u00fcr sie gefunden haben, und halten die Identit\u00e4t und den Standort der Pflegefamilie bewusst vor den Eltern geheim (Uddin R, 2022).<\/p>\n\n\n\n<p>Manche Kinder sind vor ihren Pflegefamilien gefl\u00fcchtet, um zu ihren biologischen Familien zur\u00fcckzukehren, und wurden dabei von schwedischen privaten Sicherheitskr\u00e4ften misshandelt und festgenommen (Daldorph B, 2015). Zus\u00e4tzlich wurden mindestens zwei F\u00e4lle&nbsp; gemeldet, in denen <a href=\"https:\/\/www.humanium.org\/de\/syrien\/\">syrische Kinder<\/a> <a href=\"https:\/\/www.humanium.org\/de\/familientrennungen-der-us-grenze\/\">gewaltsam von ihren Familien getrennt wurden<\/a> und sich das Leben nahmen, weil sie nicht in der Lage waren, Berufung einzulegen oder nach Hause zur\u00fcckzukehren (Chak M F, 2022).<\/p>\n\n\n\n<p>Diese besorgniserregenden Vorkommnisse aus dem wirklichen Leben unterstreichen die tiefe emotionale Ersch\u00fctterung und die negativen Folgen, die Kinder erleben, wenn sie <a href=\"https:\/\/www.humanium.org\/de\/familientrennungen-der-us-grenze\/\">gewaltsam von ihren Familien getrennt werden<\/a>, und bekr\u00e4ftigen die Haltung gegen solche Praktiken, die vom Kinderrechtsausschuss der Vereinten Nationen bef\u00fcrwortet und durch wissenschaftliche Beweise und Erkenntnisse der Sozialarbeit gest\u00fctzt wird (Chak M. F, 2022).<\/p>\n\n\n\n<h2 class=\"wp-block-heading\"><strong>Reaktionen in Schweden auf Familientrennungen<\/strong><\/h2>\n\n\n\n<p>Der Nationale Rat f\u00fcr soziale Angelegenheiten hat bereits eine Kampagne gestartet, um das Bewusstsein f\u00fcr dieses Thema auf kommunaler Ebene zu st\u00e4rken. In Zusammenarbeit mit den Schulen zielt die Kampagne darauf ab, neu angekommene <a href=\"https:\/\/www.humanium.org\/de\/abkommen-uber-die-rechtsstellung-der-fluchtlinge\/\">gefl\u00fcchtete Kinder<\/a> unter Ber\u00fccksichtigung verschiedener wirtschaftlicher, sozialer, ethnischer und kultureller Faktoren unterzubringen. <\/p>\n\n\n\n<p>Um diese Bem\u00fchungen weiter zu verst\u00e4rken, ist es jedoch unerl\u00e4sslich die Unterst\u00fctzungsprogramme zu intensivieren, wobei der Schwerpunkt auf der Aufkl\u00e4rung der Neuank\u00f6mmlinge \u00fcber ihre Rechte, Verantwortlichkeiten und die schwedischen Gesetze, vor allem im Bereich der Kinderf\u00fcrsorge, liegen sollte (Basem S, 2022).<\/p>\n\n\n\n<p>Die Organisation Human Rights Watch r\u00e4t <a href=\"https:\/\/www.humanium.org\/de\/schweden\/\">Schweden<\/a> dringend davon ab, <a href=\"https:\/\/www.humanium.org\/de\/familientrennungen-der-us-grenze\/\">Kinder von ihren M\u00fcttern zu trennen<\/a>, es sei denn, es ist f\u00fcr das <a href=\"https:\/\/www.humanium.org\/de\/die-mentale-gesundheit-von-kindern\/\">Wohlergehen des Kindes<\/a> unerl\u00e4sslich. Es wird empfohlen, den direkten Kontakt zwischen dem Kind und weiteren Familienmitgliedern zu f\u00f6rdern, inklusive beaufsichtiger Besuche, und sie in Entscheidungen \u00fcber die Betreuung des Kindes einzubeziehen (Human Rights Watch, 2022). <\/p>\n\n\n\n<p>Au\u00dferdem ist es entscheidend, dass die Eltern umfassend \u00fcber den Prozess informiert sind und durch klare Anweisungen wissen, wie sie Einspruch gegen Entscheidungen einlegen k\u00f6nnen. Sie sollten durchg\u00e4ngig \u00fcber den Aufenthaltsort ihrer Kinder informiert werden und die Gewissheit haben, dass ihre Kinder in Sicherheit sind <a href=\"https:\/\/www.humanium.org\/de\/die-mentale-gesundheit-von-kindern\/\">und es ihnen gut geht<\/a>.<\/p>\n\n\n\n<p>Wenn die Trennung der Kinder von ihren M\u00fcttern unvermeidlich ist und eine erweiterte famili\u00e4re Betreuung nicht m\u00f6glich ist, ist es wichtig, proaktiv eine langfristige Unterbringung nach der R\u00fcckkehr zu planen, um unn\u00f6tige Wechsel von Pflegefamilie zu Pflegefamilie und emotionalen Stress f\u00fcr die Kinder zu minimieren (Human Rights Watch, 2022).<\/p>\n\n\n\n<figure class=\"wp-block-image size-large\"><img loading=\"lazy\" decoding=\"async\" width=\"1024\" height=\"681\" src=\"https:\/\/www.humanium.org\/de\/wp-content\/uploads\/2024\/01\/shutterstock_335990606-1024x681.jpg\" alt=\"\" class=\"wp-image-17346\" srcset=\"https:\/\/www.humanium.org\/de\/wp-content\/uploads\/2024\/01\/shutterstock_335990606-1024x681.jpg 1024w, https:\/\/www.humanium.org\/de\/wp-content\/uploads\/2024\/01\/shutterstock_335990606-300x200.jpg 300w, https:\/\/www.humanium.org\/de\/wp-content\/uploads\/2024\/01\/shutterstock_335990606-768x511.jpg 768w, https:\/\/www.humanium.org\/de\/wp-content\/uploads\/2024\/01\/shutterstock_335990606-1536x1022.jpg 1536w, https:\/\/www.humanium.org\/de\/wp-content\/uploads\/2024\/01\/shutterstock_335990606-2048x1363.jpg 2048w, https:\/\/www.humanium.org\/de\/wp-content\/uploads\/2024\/01\/shutterstock_335990606-830x552.jpg 830w, https:\/\/www.humanium.org\/de\/wp-content\/uploads\/2024\/01\/shutterstock_335990606-230x153.jpg 230w, https:\/\/www.humanium.org\/de\/wp-content\/uploads\/2024\/01\/shutterstock_335990606-350x233.jpg 350w, https:\/\/www.humanium.org\/de\/wp-content\/uploads\/2024\/01\/shutterstock_335990606-480x319.jpg 480w, https:\/\/www.humanium.org\/de\/wp-content\/uploads\/2024\/01\/shutterstock_335990606-272x182.jpg 272w\" sizes=\"auto, (max-width: 1024px) 100vw, 1024px\" \/><\/figure>\n\n\n\n<p>Wir von&nbsp; Humanium setzen uns f\u00fcr die <a href=\"https:\/\/www.humanium.org\/de\/rechte-kindes\/\">Rechte jedes Kindes<\/a> ein, vor allem in Krisensituationen wie dem <a href=\"https:\/\/www.humanium.org\/de\/kinder-in-kriegen\/\">B\u00fcrgerkrieg<\/a> in Syrien, der schreckliche Auswirkungen auf Millionen von Familien hatte. Sie k\u00f6nnen dazu beitragen, indem Sie <a href=\"https:\/\/www.humanium.org\/de\/pate-werden-2\/\">Pate f\u00fcr ein Kind werden<\/a>, <a href=\"https:\/\/www.humanium.org\/de\/spenden\/\">spenden<\/a> oder uns <a href=\"https:\/\/www.humanium.org\/de\/teilnehmen-2\/volunteer\/\">ehrenamtlich<\/a> unterst\u00fctzen. Sorgen Sie gemeinsam mit uns daf\u00fcr, dass jedes Kind, unabh\u00e4ngig von seinen Lebensumst\u00e4nden, die F\u00fcrsorge erh\u00e4lt, die es verdient.<\/p>\n\n\n\n<p><em><strong>Geschrieben von Lidija Misic<\/strong><\/em><\/p>\n\n\n\n<p><em><strong>\u00dcbersetzt von Katharina Haas<\/strong><\/em><\/p>\n\n\n\n<p><em><strong>Korrektur gelesen von Beate Dessewffy<\/strong><\/em><\/p>\n\n\n\n<h4 class=\"wp-block-heading\"><strong>Quellenverzeichnis:<\/strong><\/h4>\n\n\n\n<p class=\"has-small-font-size\">Balikci Zana (2020), Identity and sense of belonging among Syrian refugees in Sweden. Retrieved from Malmo University, International Migration, and Ethnic Relations Master Programme at <a href=\"https:\/\/www.diva-portal.org\/smash\/get\/diva2:1481918\/FULLTEXT01.pdf\" target=\"_blank\" rel=\"noreferrer noopener\">https:\/\/www.diva-portal.org\/smash\/get\/diva2:1481918\/FULLTEXT01.pdf<\/a>. Accessed on December 26, 2023.<\/p>\n\n\n\n<p class=\"has-small-font-size\">Basem Sarhan (2022), Sweden: Taking Syrian children away from parents for protection? Retrieved from Brussels Morning at <a href=\"https:\/\/brusselsmorning.com\/sweden-taking-syrian-children-away-from-parents-for-protection\/21363\/\" target=\"_blank\" rel=\"noreferrer noopener\">https:\/\/brusselsmorning.com\/sweden-taking-syrian-children-away-from-parents-for-protection\/21363\/<\/a>. Accessed on December 26, 2023.<\/p>\n\n\n\n<p class=\"has-small-font-size\">Brenna Daldorph (2015), Video shows Swedish security guards &#8218;assaulting&#8216; a child. Retrieved from The Observers France 24 at <a href=\"https:\/\/observers.france24.com\/en\/20150211-video-sweden-guard-boy-malmo-security\" target=\"_blank\" rel=\"noreferrer noopener\">https:\/\/observers.france24.com\/en\/20150211-video-sweden-guard-boy-malmo-security<\/a>. Accessed on December 26, 2023.<\/p>\n\n\n\n<p class=\"has-small-font-size\">End Corporal Punishment (2020), Corporal punishment of children in Sweden. Retrieved from End Corporal Punishment at <a href=\"http:\/\/www.endcorporalpunishment.org\/wp-content\/uploads\/country-reports\/Sweden.pdf\" target=\"_blank\" rel=\"noreferrer noopener\">http:\/\/www.endcorporalpunishment.org\/wp-content\/uploads\/country-reports\/Sweden.pdf<\/a>. Accessed on December 26, 2023.<\/p>\n\n\n\n<p class=\"has-small-font-size\">Chak Mujahid Farhan (2022), Stealing Innocence: The Theft of Refugee Children in Sweden. Retrieved from Politics Today at <a href=\"https:\/\/politicstoday.org\/stealing-innocence-the-theft-of-refugee-children-in-sweden\/\" target=\"_blank\" rel=\"noreferrer noopener\">https:\/\/politicstoday.org\/stealing-innocence-the-theft-of-refugee-children-in-sweden\/<\/a>. Accessed on December 26, 2023.<\/p>\n\n\n\n<p class=\"has-small-font-size\">Human Rights Watch (2022), Sweden: Submission to the UN Committee on the Rights of the Child. Retrieved from HRW at <a href=\"https:\/\/www.hrw.org\/news\/2022\/12\/16\/sweden-submission-un-committee-rights-child\" target=\"_blank\" rel=\"noreferrer noopener\">https:\/\/www.hrw.org\/news\/2022\/12\/16\/sweden-submission-un-committee-rights-child<\/a>. Accessed on December 26, 2023.<\/p>\n\n\n\n<p class=\"has-small-font-size\">Migrationsverket (2023), Children in the asylum process. Retrieved from Migrationsverket at https:\/\/www.migrationsverket.se\/English\/Private-individuals\/Protection-and-asylum-in-Sweden\/Applying-for-asylum\/Children-in-the-asylum-process.html. Accessed on December 26, 2023.<\/p>\n\n\n\n<p class=\"has-small-font-size\">Muhammad Haj Latif Abdul et al. (2019), Sweden: Taking Syrian Children away from their Families. Retrieved from The Syrian Investigative Reporting for Accountability Journalism (SIRAJ) at <a href=\"https:\/\/sirajsy.net\/sweden-taking-syrian-children-away-from-their-families\/\" target=\"_blank\" rel=\"noreferrer noopener\">https:\/\/sirajsy.net\/sweden-taking-syrian-children-away-from-their-families\/<\/a>. Accessed on December 26, 2023.<\/p>\n\n\n\n<p class=\"has-small-font-size\">Owen Sharon (2016), Corporal punishment of children in the Syrian Arab Republic: Briefing for the Universal Periodic Review, 26th session, 2016. Retrieved from OHCHR at <a href=\"https:\/\/www.ohchr.org\/en\/stories\/2013\/01\/ending-corporal-punishment-children\" target=\"_blank\" rel=\"noreferrer noopener\">https:\/\/www.ohchr.org\/en\/stories\/2013\/01\/ending-corporal-punishment-children<\/a>. Accessed on December 26, 2023.<\/p>\n\n\n\n<p class=\"has-small-font-size\">Uddin Rayhan (2022), Sweden: Syrian parents plead to be reunited with children taken by authorities. Retrieved from Middle East Eye at <a href=\"https:\/\/www.middleeasteye.net\/news\/sweden-syrian-parents-children-plead-reunited\" target=\"_blank\" rel=\"noreferrer noopener\">https:\/\/www.middleeasteye.net\/news\/sweden-syrian-parents-children-plead-reunited<\/a>. Accessed on December 26, 2023.<\/p>\n\n\n\n<p class=\"has-small-font-size\">UNCHR (2023), Syria situation. Retrieved from UNCHR at <a href=\"https:\/\/reporting.unhcr.org\/operational\/situations\/syria-situation\" target=\"_blank\" rel=\"noreferrer noopener\">https:\/\/reporting.unhcr.org\/operational\/situations\/syria-situation<\/a>. Accessed on December 26, 2023.<\/p>\n\n\n\n<p class=\"has-small-font-size\">Wessels Josepha (2023), &#8222;But you do not &#8218;look&#8216; Syrian?&#8220; Experiences of Syrians in urban areas of Sweden. Retrieved from Social Institutions Political Governance &amp; Integration at <a href=\"https:\/\/www.gu.se\/sites\/default\/files\/2023-03\/Wessels%20Working%20Paper%20No.%204%202023.pdf\" target=\"_blank\" rel=\"noreferrer noopener\">https:\/\/www.gu.se\/sites\/default\/files\/2023-03\/Wessels%20Working%20Paper%20No.%204%202023.pdf<\/a>. Accessed on December 26, 2023.<\/p>\n","protected":false},"excerpt":{"rendered":"<p>Der andauernde B\u00fcrgerkrieg in Syrien f\u00fchrte global zu einer weitreichenden Vertreibung. Dies hat gro\u00dfe Auswirkungen auf Schweden, da das Land eine betr\u00e4chtliche Zahl an Gefl\u00fcchteten aus Syrien aufnimmt. Wegen l\u00e4nger andauernder Familientrennungen durch die sozialen Dienste bestehen jedoch Bedenken hinsichtlich der Einhaltung der UN-Kinderrechtskonventiondurch Schweden. Diese Situation stellt die Regulierungen zur schnellen Familienzusammenf\u00fchrung in Frage [&hellip;]<\/p>\n","protected":false},"author":56,"featured_media":17352,"comment_status":"closed","ping_status":"closed","sticky":false,"template":"","format":"standard","meta":{"footnotes":""},"categories":[175,163,19,172,178],"tags":[],"class_list":["post-17345","post","type-post","status-publish","format-standard","has-post-thumbnail","hentry","category-ausbeutung","category-kinderrechte","category-menschenrechte","category-migranten","category-migration"],"yoast_head":"<!-- This site is optimized with the Yoast SEO plugin v26.5 - https:\/\/yoast.com\/wordpress\/plugins\/seo\/ -->\n<title>Kritik an schwedischen Beh\u00f6rden wegen Trennung von Fl\u00fcchtlingsfamilien - Humanium<\/title>\n<meta name=\"description\" content=\"Der andauernde B\u00fcrgerkrieg in Syrien f\u00fchrte global zu einer weitreichenden Vertreibung und hat gro\u00dfe Auswirkungen auf Schweden.\" \/>\n<meta name=\"robots\" content=\"index, follow, max-snippet:-1, max-image-preview:large, max-video-preview:-1\" \/>\n<link rel=\"canonical\" href=\"https:\/\/www.humanium.org\/de\/kritik-an-schwedischen-behoerden-wegen-trennung-von-fluechtlingsfamilien\/\" \/>\n<meta property=\"og:locale\" content=\"de_DE\" \/>\n<meta property=\"og:type\" content=\"article\" \/>\n<meta property=\"og:title\" content=\"Kritik an schwedischen Beh\u00f6rden wegen Trennung von Fl\u00fcchtlingsfamilien - Humanium\" \/>\n<meta property=\"og:description\" content=\"Der andauernde B\u00fcrgerkrieg in Syrien f\u00fchrte global zu einer weitreichenden Vertreibung und hat gro\u00dfe Auswirkungen auf Schweden.\" \/>\n<meta property=\"og:url\" content=\"https:\/\/www.humanium.org\/de\/kritik-an-schwedischen-behoerden-wegen-trennung-von-fluechtlingsfamilien\/\" \/>\n<meta property=\"og:site_name\" content=\"Humanium\" \/>\n<meta property=\"article:published_time\" content=\"2024-01-23T18:31:27+00:00\" \/>\n<meta property=\"article:modified_time\" content=\"2025-12-05T18:14:31+00:00\" \/>\n<meta property=\"og:image\" content=\"https:\/\/www.humanium.org\/de\/wp-content\/uploads\/2024\/01\/shutterstock_1702616413-scaled.jpg\" \/>\n\t<meta property=\"og:image:width\" content=\"2560\" \/>\n\t<meta property=\"og:image:height\" content=\"1710\" \/>\n\t<meta property=\"og:image:type\" content=\"image\/jpeg\" \/>\n<meta name=\"author\" content=\"Lidija Misic\" \/>\n<meta name=\"twitter:card\" content=\"summary_large_image\" \/>\n<meta name=\"twitter:label1\" content=\"Verfasst von\" \/>\n\t<meta name=\"twitter:data1\" content=\"Lidija Misic\" \/>\n\t<meta name=\"twitter:label2\" content=\"Gesch\u00e4tzte Lesezeit\" \/>\n\t<meta name=\"twitter:data2\" content=\"9\u00a0Minuten\" \/>\n<script type=\"application\/ld+json\" class=\"yoast-schema-graph\">{\"@context\":\"https:\/\/schema.org\",\"@graph\":[{\"@type\":\"WebPage\",\"@id\":\"https:\/\/www.humanium.org\/de\/kritik-an-schwedischen-behoerden-wegen-trennung-von-fluechtlingsfamilien\/\",\"url\":\"https:\/\/www.humanium.org\/de\/kritik-an-schwedischen-behoerden-wegen-trennung-von-fluechtlingsfamilien\/\",\"name\":\"Kritik an schwedischen Beh\u00f6rden wegen Trennung von Fl\u00fcchtlingsfamilien - Humanium\",\"isPartOf\":{\"@id\":\"https:\/\/www.humanium.org\/de\/#website\"},\"primaryImageOfPage\":{\"@id\":\"https:\/\/www.humanium.org\/de\/kritik-an-schwedischen-behoerden-wegen-trennung-von-fluechtlingsfamilien\/#primaryimage\"},\"image\":{\"@id\":\"https:\/\/www.humanium.org\/de\/kritik-an-schwedischen-behoerden-wegen-trennung-von-fluechtlingsfamilien\/#primaryimage\"},\"thumbnailUrl\":\"https:\/\/www.humanium.org\/de\/wp-content\/uploads\/2024\/01\/shutterstock_1702616413-scaled.jpg\",\"datePublished\":\"2024-01-23T18:31:27+00:00\",\"dateModified\":\"2025-12-05T18:14:31+00:00\",\"author\":{\"@id\":\"https:\/\/www.humanium.org\/de\/#\/schema\/person\/a56e3d54a4708ab431cfcd94fada90de\"},\"description\":\"Der andauernde B\u00fcrgerkrieg in Syrien f\u00fchrte global zu einer weitreichenden Vertreibung und hat gro\u00dfe Auswirkungen auf Schweden.\",\"breadcrumb\":{\"@id\":\"https:\/\/www.humanium.org\/de\/kritik-an-schwedischen-behoerden-wegen-trennung-von-fluechtlingsfamilien\/#breadcrumb\"},\"inLanguage\":\"de\",\"potentialAction\":[{\"@type\":\"ReadAction\",\"target\":[\"https:\/\/www.humanium.org\/de\/kritik-an-schwedischen-behoerden-wegen-trennung-von-fluechtlingsfamilien\/\"]}]},{\"@type\":\"ImageObject\",\"inLanguage\":\"de\",\"@id\":\"https:\/\/www.humanium.org\/de\/kritik-an-schwedischen-behoerden-wegen-trennung-von-fluechtlingsfamilien\/#primaryimage\",\"url\":\"https:\/\/www.humanium.org\/de\/wp-content\/uploads\/2024\/01\/shutterstock_1702616413-scaled.jpg\",\"contentUrl\":\"https:\/\/www.humanium.org\/de\/wp-content\/uploads\/2024\/01\/shutterstock_1702616413-scaled.jpg\",\"width\":2560,\"height\":1710},{\"@type\":\"BreadcrumbList\",\"@id\":\"https:\/\/www.humanium.org\/de\/kritik-an-schwedischen-behoerden-wegen-trennung-von-fluechtlingsfamilien\/#breadcrumb\",\"itemListElement\":[{\"@type\":\"ListItem\",\"position\":1,\"name\":\"Home\",\"item\":\"https:\/\/www.humanium.org\/de\/\"},{\"@type\":\"ListItem\",\"position\":2,\"name\":\"Kritik an schwedischen Beh\u00f6rden wegen Trennung von Fl\u00fcchtlingsfamilien\"}]},{\"@type\":\"WebSite\",\"@id\":\"https:\/\/www.humanium.org\/de\/#website\",\"url\":\"https:\/\/www.humanium.org\/de\/\",\"name\":\"Humanium\",\"description\":\"Kinder zuerst!\",\"potentialAction\":[{\"@type\":\"SearchAction\",\"target\":{\"@type\":\"EntryPoint\",\"urlTemplate\":\"https:\/\/www.humanium.org\/de\/?s={search_term_string}\"},\"query-input\":{\"@type\":\"PropertyValueSpecification\",\"valueRequired\":true,\"valueName\":\"search_term_string\"}}],\"inLanguage\":\"de\"},{\"@type\":\"Person\",\"@id\":\"https:\/\/www.humanium.org\/de\/#\/schema\/person\/a56e3d54a4708ab431cfcd94fada90de\",\"name\":\"Lidija Misic\",\"image\":{\"@type\":\"ImageObject\",\"inLanguage\":\"de\",\"@id\":\"https:\/\/www.humanium.org\/de\/#\/schema\/person\/image\/\",\"url\":\"https:\/\/secure.gravatar.com\/avatar\/691df8ac4519726e8c2a1bcfae6266ac632c00f4d291f52209e06f8ff5be2bdd?s=96&d=mm&r=g\",\"contentUrl\":\"https:\/\/secure.gravatar.com\/avatar\/691df8ac4519726e8c2a1bcfae6266ac632c00f4d291f52209e06f8ff5be2bdd?s=96&d=mm&r=g\",\"caption\":\"Lidija Misic\"},\"sameAs\":[\"https:\/\/www.linkedin.com\/in\/lidija-misic-abb274202\/\"],\"url\":\"https:\/\/www.humanium.org\/de\/author\/autor_lidijamisic\/\"}]}<\/script>\n<!-- \/ Yoast SEO plugin. -->","yoast_head_json":{"title":"Kritik an schwedischen Beh\u00f6rden wegen Trennung von Fl\u00fcchtlingsfamilien - Humanium","description":"Der andauernde B\u00fcrgerkrieg in Syrien f\u00fchrte global zu einer weitreichenden Vertreibung und hat gro\u00dfe Auswirkungen auf Schweden.","robots":{"index":"index","follow":"follow","max-snippet":"max-snippet:-1","max-image-preview":"max-image-preview:large","max-video-preview":"max-video-preview:-1"},"canonical":"https:\/\/www.humanium.org\/de\/kritik-an-schwedischen-behoerden-wegen-trennung-von-fluechtlingsfamilien\/","og_locale":"de_DE","og_type":"article","og_title":"Kritik an schwedischen Beh\u00f6rden wegen Trennung von Fl\u00fcchtlingsfamilien - Humanium","og_description":"Der andauernde B\u00fcrgerkrieg in Syrien f\u00fchrte global zu einer weitreichenden Vertreibung und hat gro\u00dfe Auswirkungen auf Schweden.","og_url":"https:\/\/www.humanium.org\/de\/kritik-an-schwedischen-behoerden-wegen-trennung-von-fluechtlingsfamilien\/","og_site_name":"Humanium","article_published_time":"2024-01-23T18:31:27+00:00","article_modified_time":"2025-12-05T18:14:31+00:00","og_image":[{"width":2560,"height":1710,"url":"https:\/\/www.humanium.org\/de\/wp-content\/uploads\/2024\/01\/shutterstock_1702616413-scaled.jpg","type":"image\/jpeg"}],"author":"Lidija Misic","twitter_card":"summary_large_image","twitter_misc":{"Verfasst von":"Lidija Misic","Gesch\u00e4tzte Lesezeit":"9\u00a0Minuten"},"schema":{"@context":"https:\/\/schema.org","@graph":[{"@type":"WebPage","@id":"https:\/\/www.humanium.org\/de\/kritik-an-schwedischen-behoerden-wegen-trennung-von-fluechtlingsfamilien\/","url":"https:\/\/www.humanium.org\/de\/kritik-an-schwedischen-behoerden-wegen-trennung-von-fluechtlingsfamilien\/","name":"Kritik an schwedischen Beh\u00f6rden wegen Trennung von Fl\u00fcchtlingsfamilien - Humanium","isPartOf":{"@id":"https:\/\/www.humanium.org\/de\/#website"},"primaryImageOfPage":{"@id":"https:\/\/www.humanium.org\/de\/kritik-an-schwedischen-behoerden-wegen-trennung-von-fluechtlingsfamilien\/#primaryimage"},"image":{"@id":"https:\/\/www.humanium.org\/de\/kritik-an-schwedischen-behoerden-wegen-trennung-von-fluechtlingsfamilien\/#primaryimage"},"thumbnailUrl":"https:\/\/www.humanium.org\/de\/wp-content\/uploads\/2024\/01\/shutterstock_1702616413-scaled.jpg","datePublished":"2024-01-23T18:31:27+00:00","dateModified":"2025-12-05T18:14:31+00:00","author":{"@id":"https:\/\/www.humanium.org\/de\/#\/schema\/person\/a56e3d54a4708ab431cfcd94fada90de"},"description":"Der andauernde B\u00fcrgerkrieg in Syrien f\u00fchrte global zu einer weitreichenden Vertreibung und hat gro\u00dfe Auswirkungen auf Schweden.","breadcrumb":{"@id":"https:\/\/www.humanium.org\/de\/kritik-an-schwedischen-behoerden-wegen-trennung-von-fluechtlingsfamilien\/#breadcrumb"},"inLanguage":"de","potentialAction":[{"@type":"ReadAction","target":["https:\/\/www.humanium.org\/de\/kritik-an-schwedischen-behoerden-wegen-trennung-von-fluechtlingsfamilien\/"]}]},{"@type":"ImageObject","inLanguage":"de","@id":"https:\/\/www.humanium.org\/de\/kritik-an-schwedischen-behoerden-wegen-trennung-von-fluechtlingsfamilien\/#primaryimage","url":"https:\/\/www.humanium.org\/de\/wp-content\/uploads\/2024\/01\/shutterstock_1702616413-scaled.jpg","contentUrl":"https:\/\/www.humanium.org\/de\/wp-content\/uploads\/2024\/01\/shutterstock_1702616413-scaled.jpg","width":2560,"height":1710},{"@type":"BreadcrumbList","@id":"https:\/\/www.humanium.org\/de\/kritik-an-schwedischen-behoerden-wegen-trennung-von-fluechtlingsfamilien\/#breadcrumb","itemListElement":[{"@type":"ListItem","position":1,"name":"Home","item":"https:\/\/www.humanium.org\/de\/"},{"@type":"ListItem","position":2,"name":"Kritik an schwedischen Beh\u00f6rden wegen Trennung von Fl\u00fcchtlingsfamilien"}]},{"@type":"WebSite","@id":"https:\/\/www.humanium.org\/de\/#website","url":"https:\/\/www.humanium.org\/de\/","name":"Humanium","description":"Kinder zuerst!","potentialAction":[{"@type":"SearchAction","target":{"@type":"EntryPoint","urlTemplate":"https:\/\/www.humanium.org\/de\/?s={search_term_string}"},"query-input":{"@type":"PropertyValueSpecification","valueRequired":true,"valueName":"search_term_string"}}],"inLanguage":"de"},{"@type":"Person","@id":"https:\/\/www.humanium.org\/de\/#\/schema\/person\/a56e3d54a4708ab431cfcd94fada90de","name":"Lidija Misic","image":{"@type":"ImageObject","inLanguage":"de","@id":"https:\/\/www.humanium.org\/de\/#\/schema\/person\/image\/","url":"https:\/\/secure.gravatar.com\/avatar\/691df8ac4519726e8c2a1bcfae6266ac632c00f4d291f52209e06f8ff5be2bdd?s=96&d=mm&r=g","contentUrl":"https:\/\/secure.gravatar.com\/avatar\/691df8ac4519726e8c2a1bcfae6266ac632c00f4d291f52209e06f8ff5be2bdd?s=96&d=mm&r=g","caption":"Lidija Misic"},"sameAs":["https:\/\/www.linkedin.com\/in\/lidija-misic-abb274202\/"],"url":"https:\/\/www.humanium.org\/de\/author\/autor_lidijamisic\/"}]}},"_links":{"self":[{"href":"https:\/\/www.humanium.org\/de\/wp-json\/wp\/v2\/posts\/17345","targetHints":{"allow":["GET"]}}],"collection":[{"href":"https:\/\/www.humanium.org\/de\/wp-json\/wp\/v2\/posts"}],"about":[{"href":"https:\/\/www.humanium.org\/de\/wp-json\/wp\/v2\/types\/post"}],"author":[{"embeddable":true,"href":"https:\/\/www.humanium.org\/de\/wp-json\/wp\/v2\/users\/56"}],"replies":[{"embeddable":true,"href":"https:\/\/www.humanium.org\/de\/wp-json\/wp\/v2\/comments?post=17345"}],"version-history":[{"count":3,"href":"https:\/\/www.humanium.org\/de\/wp-json\/wp\/v2\/posts\/17345\/revisions"}],"predecessor-version":[{"id":20222,"href":"https:\/\/www.humanium.org\/de\/wp-json\/wp\/v2\/posts\/17345\/revisions\/20222"}],"wp:featuredmedia":[{"embeddable":true,"href":"https:\/\/www.humanium.org\/de\/wp-json\/wp\/v2\/media\/17352"}],"wp:attachment":[{"href":"https:\/\/www.humanium.org\/de\/wp-json\/wp\/v2\/media?parent=17345"}],"wp:term":[{"taxonomy":"category","embeddable":true,"href":"https:\/\/www.humanium.org\/de\/wp-json\/wp\/v2\/categories?post=17345"},{"taxonomy":"post_tag","embeddable":true,"href":"https:\/\/www.humanium.org\/de\/wp-json\/wp\/v2\/tags?post=17345"}],"curies":[{"name":"wp","href":"https:\/\/api.w.org\/{rel}","templated":true}]}}