{"id":17594,"date":"2024-04-23T13:02:23","date_gmt":"2024-04-23T13:02:23","guid":{"rendered":"https:\/\/www.humanium.org\/de\/?p=17594"},"modified":"2025-12-06T06:28:54","modified_gmt":"2025-12-06T06:28:54","slug":"ausuferung-der-krise-in-der-sahelzone-den-leidgeprueften-kindern-fehlt-es-an-unterstuetzung-und-schutz","status":"publish","type":"post","link":"https:\/\/www.humanium.org\/de\/ausuferung-der-krise-in-der-sahelzone-den-leidgeprueften-kindern-fehlt-es-an-unterstuetzung-und-schutz\/","title":{"rendered":"Ausuferung\u00a0 der Krise in der Sahelzone: Den leidgepr\u00fcften Kindern fehlt es an Unterst\u00fctzung und Schutz"},"content":{"rendered":"\n<p><strong>Die Thematik von&nbsp; Konflikten, Terrorismus und der Verletzung von Kinderrechten ist angesichts der Ereignisse, die in den letzten Jahren in der Sahelzone stattgefunden haben, leider nicht neu. Aufgrund der den Konflikten innewohnenden <\/strong><a href=\"https:\/\/www.humanium.org\/de\/misshandlung\/\"><strong>Gewalt<\/strong><\/a><strong>, der gro\u00dfen Migrationsstr\u00f6me und der dringenden humanit\u00e4ren Bed\u00fcrfnisse werden den Kindern ihre <\/strong><a href=\"https:\/\/www.humanium.org\/de\/verstehen\/\"><strong>Grundrechte<\/strong><\/a><strong> und der Schutz vor den sie bedrohenden Gefahren, vorenthalten. Die Kinder in der Sahelzone m\u00fcssen bekommen, was ihnen verwehrt wird: Zugang zu lebensnotwendigen Dienstleistungen und die M\u00f6glichkeit, alle ihre Rechte in Anspruch zu nehmen, genauso wie alle anderen Kinder auf der Welt.<\/strong><\/p>\n\n\n\n<h2 class=\"wp-block-heading\"><strong>Die Sicherheitslage und die Konflikte in der Sahelzone&nbsp;<\/strong><\/h2>\n\n\n\n<p>Die Sahelzone stellt &#8222;den \u00dcbergangsraum dar, der im Norden die Sahara-W\u00fcste und im S\u00fcden die Sudan-Zone trennt&#8220;. Dabei handelt es sich um eine afrikanische Region, die 10 L\u00e4nder umfasst: Burkina Faso, Kamerun, Gambia, Guinea, Mali, Mauretanien, Niger, Nigeria, Senegal und Tschad. (Oxfam Frankreich, 2022).&nbsp;<\/p>\n\n\n\n<p>Die Sahelzone ist zwar reich an menschlichem Ressourcen und Entwicklungsm\u00f6glichkeiten, doch sieht sie sich leider auch einer multidimensionalen Krise gegen\u00fcber. Tats\u00e4chlich werden zahlreiche Krisen und <a href=\"https:\/\/www.humanium.org\/de\/kinder-in-kriegen\/\">Konflikte<\/a> in der Region durch die tiefgreifenden Ungerechtigkeiten angeheizt, die bestimmte Bev\u00f6lkerungsschichten innerhalb der Region trennen: politische Krisen, Zwangsumsiedlungen, humanit\u00e4re, wirtschaftliche, \u00f6kologische, <a href=\"https:\/\/www.humanium.org\/de\/themenschwerpunkte\/umwelt\/klimakrise\/\">klimatische<\/a>, ern\u00e4hrungs- und sicherheitspolitische Krisen. (Oxfam Frankreich, 2022).&nbsp;<\/p>\n\n\n\n<p>Es handelt sich um nichtstaatliche bewaffnete Gruppen, die gro\u00df angelegte Angriffe auf zivile und milit\u00e4rische Ziele ver\u00fcben und sich um die Kontrolle und den Einfluss auf Gebiete und den Zugang zu Ressourcen bek\u00e4mpfen. Gewaltt\u00e4tige extremistische Gruppen und Terrorismus zielen ganz spezifisch \u201eh\u00e4ufig auf Grenzgebiete ab, insbesondere auf das Dreil\u00e4ndereck von <a href=\"https:\/\/www.humanium.org\/de\/burkina-faso\/\">Burkina Faso<\/a>, <a href=\"https:\/\/www.humanium.org\/de\/mali\/\">Mali<\/a> und <a href=\"https:\/\/www.humanium.org\/de\/niger\/\">Niger<\/a>, die Region Liptako-Gourma&#8220;. (UN Info, 2023).&nbsp;<\/p>\n\n\n\n<h2 class=\"wp-block-heading\"><strong>Kinder sind am st\u00e4rksten von der zunehmenden Migration betroffen&nbsp;<\/strong><\/h2>\n\n\n\n<p>Die zentrale Sahelzone, die unter anderem Burkina Faso, Mali, Mauretanien und Niger umfasst, leidet unter&nbsp; einer schweren humanit\u00e4ren und Schutzkrise, die bereits Millionen von Menschen, darunter viele Kinder, dazu gezwungen hat, ihre Heimat zu verlassen. (UNHCR, 2023). Dies wird hier anhand von Schl\u00fcsselzahlen bez\u00fcglich der&nbsp; betroffenen L\u00e4nder veranschaulicht:&nbsp;<\/p>\n\n\n\n<ul class=\"wp-block-list\">\n<li><a href=\"https:\/\/www.humanium.org\/de\/elfenbeinkuste\/\">Elfenbeink\u00fcste<\/a>: 37.685 Ank\u00fcnfte, darunter 10.867 Kinder im schulpflichtigen Alter.&nbsp;<\/li>\n\n\n\n<li><a href=\"https:\/\/www.humanium.org\/de\/ghana\/\">Ghana<\/a>: 15.000 Ank\u00f6mmlinge, haupts\u00e4chlich aus Burkina Faso, darunter 1.416 Kinder.&nbsp;<\/li>\n\n\n\n<li><a href=\"https:\/\/www.humanium.org\/de\/togo\/\">Togo<\/a>: 18.429 Binnenvertriebene, darunter 9.030 Kinder.<\/li>\n\n\n\n<li><a href=\"https:\/\/www.humanium.org\/de\/benin\/\">Benin<\/a>: 23.533 Binnenvertriebene, darunter 14.120 Kinder. (UNICEF, 2024).<\/li>\n<\/ul>\n\n\n\n<p>Insgesamt sind laut UNICEF 994.000 der 1,6 Millionen Fl\u00fcchtlinge und&nbsp; Vertriebenen, die in Aufnahmeeinrichtungen untergebracht sind, Kinder. (UNICEF, 2024).<\/p>\n\n\n\n<h2 class=\"wp-block-heading\"><strong>Die humanit\u00e4ren Bed\u00fcrfnisse der Kinder in der Sahelzone&nbsp;<\/strong><\/h2>\n\n\n\n<figure class=\"wp-block-image size-large\"><img loading=\"lazy\" decoding=\"async\" width=\"1024\" height=\"683\" src=\"https:\/\/www.humanium.org\/de\/wp-content\/uploads\/2024\/04\/shutterstock_792363595-1024x683.jpg\" alt=\"\" class=\"wp-image-17596\" srcset=\"https:\/\/www.humanium.org\/de\/wp-content\/uploads\/2024\/04\/shutterstock_792363595-1024x683.jpg 1024w, https:\/\/www.humanium.org\/de\/wp-content\/uploads\/2024\/04\/shutterstock_792363595-300x200.jpg 300w, https:\/\/www.humanium.org\/de\/wp-content\/uploads\/2024\/04\/shutterstock_792363595-768x512.jpg 768w, https:\/\/www.humanium.org\/de\/wp-content\/uploads\/2024\/04\/shutterstock_792363595-1536x1024.jpg 1536w, https:\/\/www.humanium.org\/de\/wp-content\/uploads\/2024\/04\/shutterstock_792363595-2048x1365.jpg 2048w, https:\/\/www.humanium.org\/de\/wp-content\/uploads\/2024\/04\/shutterstock_792363595-830x553.jpg 830w, https:\/\/www.humanium.org\/de\/wp-content\/uploads\/2024\/04\/shutterstock_792363595-230x153.jpg 230w, https:\/\/www.humanium.org\/de\/wp-content\/uploads\/2024\/04\/shutterstock_792363595-350x233.jpg 350w, https:\/\/www.humanium.org\/de\/wp-content\/uploads\/2024\/04\/shutterstock_792363595-480x320.jpg 480w, https:\/\/www.humanium.org\/de\/wp-content\/uploads\/2024\/04\/shutterstock_792363595-272x182.jpg 272w\" sizes=\"auto, (max-width: 1024px) 100vw, 1024px\" \/><\/figure>\n\n\n\n<p>Aufgrund der h\u00e4ufigen grenz\u00fcberschreitenden und innerstaatlichen Vertreibung von Menschen, insbesondere wegen der <a href=\"https:\/\/www.humanium.org\/de\/kinder-in-kriegen\/\">Konflikte<\/a> in der Sahelzone, werden die ohnehin schon schwachen sozialen Dienste in den Bereichen Gesundheit, Ern\u00e4hrung und Bildung auf eine harte Probe gestellt, und der Zugang zu lebenswichtigen Ressourcen wie Nahrung, Trinkwasser und Wohnraum, die ebenfalls bereits stark eingeschr\u00e4nkt sind, ist \u00e4u\u00dferst problematisch. (UNICEF, 2024). Sch\u00e4tzungsweise sind etwa 46,7 Millionen Kinder in Westafrika mit fehlenden lebensnotwendigen humanit\u00e4ren Bed\u00fcrfnissen konfrontiert. (UNICEF, 2023).<\/p>\n\n\n\n<h3 class=\"wp-block-heading\">Ern\u00e4hrungsbedarf&nbsp;<\/h3>\n\n\n\n<p>Die Raten von <a href=\"https:\/\/www.humanium.org\/de\/recht-nahrung\/\">Unterern\u00e4hrung<\/a> und Wachstumsst\u00f6rungen bei Kindern unter f\u00fcnf Jahren in der Sahelzone geh\u00f6ren zu den h\u00f6chsten der Welt. (United Nations Development Programme, 2024). Die Folgen von Unterern\u00e4hrung und Hunger bedrohen mehr als 4 Millionen Kinder unter f\u00fcnf Jahren, was 35% der Gesamtbev\u00f6lkerung unter f\u00fcnf Jahren entspricht. (Save the Children, 2022).<\/p>\n\n\n\n<p>In Mali, Niger und Burkina Faso werden <a href=\"https:\/\/www.humanium.org\/de\/themenschwerpunkte\/umwelt\/klimakrise\/\">Klimawandel<\/a>, Konflikte und die durch die Pandemie verursachte steigende Armut zu einer folgenschweren Zeit zwischen Ernte und Pflanzung f\u00fchren, wodurch die Versorgung mit Grundnahrungsmitteln gef\u00e4hrdet wird und betroffene Familien ihre t\u00e4glichen Mahlzeiten noch weiter einschr\u00e4nken m\u00fcssen. (Save the Children, 2022).<\/p>\n\n\n\n<h3 class=\"wp-block-heading\">Bedarf an Zugang zu Bildung<\/h3>\n\n\n\n<p>Aufgrund der Zunahme der <a href=\"https:\/\/www.humanium.org\/de\/misshandlung\/\">Gewalt<\/a> in der Sahelzone, insbesondere in Burkina Faso, Niger und Mali, wurden fast 7.800 Grundschulen geschlossen, was einem Anstieg der Schlie\u00dfungen um 20% im letzten Jahr entspricht. Im Juni 2023 erhielten folglich etwa 1,4 Millionen Kinder nicht mehr die <a href=\"https:\/\/www.humanium.org\/de\/recht-bildung-weltweit\/\">Bildung<\/a> und F\u00e4higkeiten, die sie ben\u00f6tigen, um als Erwachsene am Leben ihrer Gemeinschaft teilzunehmen. (Save the Children, 2023).&nbsp;<\/p>\n\n\n\n<p>Unter diesen Bedingungen gehen Kinder und Jugendliche nicht zur Schule und sind dadurch der Gefahr von <a href=\"https:\/\/www.humanium.org\/de\/kinderarbeit-2\/\">Ausbeutung<\/a>, Kinderheirat und Migration ausgesetzt. Dies gilt insbesondere f\u00fcr&nbsp; unbegleitete und von ihren Familien <a href=\"https:\/\/www.humanium.org\/de\/vertriebene-kinder\/\">getrennte<\/a> Kinder sowie f\u00fcr geschlechtsspezifische Gewalt, von der M\u00e4dchen \u00fcberproportional betroffen sind. (UNICEF, 2024). Dar\u00fcber hinaus wurden in allen drei L\u00e4ndern Schulen geschlossen, um die Ausbreitung der Pandemie zu bremsen, wodurch die Bildung von etwa 13 Millionen Kindern, die vor\u00fcbergehend nicht zur Schule gehen konnten, unterbrochen wurde. (Save the Children, 2020).&nbsp;<\/p>\n\n\n\n<h3 class=\"wp-block-heading\">Gesundheitliche Bed\u00fcrfnisse&nbsp;<\/h3>\n\n\n\n<p>Die Gesundheitsindikatoren in der Sahelzone geh\u00f6ren zu den schlechtesten der Welt. Die Region weist mit 856 Todesf\u00e4llen pro 100.000 Lebendgeburten eine der h\u00f6chsten M\u00fcttersterblichkeitsraten der Welt auf, was auf den unzureichenden Zugang zur Gesundheitsversorgung f\u00fcr M\u00fctter und zur Fortpflanzungsmedizin sowie auf die hohe Pr\u00e4valenz von <a href=\"https:\/\/www.humanium.org\/de\/kinderheirat\/\">Fr\u00fchehen<\/a> zur\u00fcckzuf\u00fchren ist. <\/p>\n\n\n\n<p>Bewaffnete Angriffe auf Zivilisten und \u00f6ffentliche Infrastrukturen, einschlie\u00dflich Gesundheitseinrichtungen und Schulen, in Verbindung mit D\u00fcrre, Bodenverschlechterung und unberechenbarem Klima versch\u00e4rfen die Notlage von Millionen Menschen in der Sahelzone. (World Health Organization, 2022).<\/p>\n\n\n\n<p>Kinder in der Sahelzone leiden unter einem eklatanten Mangel an <a href=\"https:\/\/www.humanium.org\/de\/recht-wasser\/\">Wasser<\/a>, sanit\u00e4ren Einrichtungen und Hygiene. Die Unterst\u00fctzung der Grundversorgung verlangt nach l\u00e4ngerfristigen, nachhaltigen L\u00f6sungen, die diesen gef\u00e4hrdeten Gemeinschaften zugutekommen, insbesondere den Kindern, deren Gesundheit und Wohlergehen davon abh\u00e4ngen. (UNICEF, 2024).&nbsp;<\/p>\n\n\n\n<h2 class=\"wp-block-heading\"><strong>Kinder erfordern zus\u00e4tzliche Wachsamkeit und Schutz<\/strong><\/h2>\n\n\n\n<p>Der <a href=\"https:\/\/www.humanium.org\/de\/kinder-in-kriegen\/\">Konflikthintergrund<\/a> in der Sahelzone, Migration, Unterern\u00e4hrung, Schulabbruch, Mangel an Wasser, Hygiene und Gesundheitsversorgung&nbsp; \u2013&nbsp; das ist die Abw\u00e4rtsspirale, der Kinder in der Sahelzone tagt\u00e4glich ausgesetzt sind.<\/p>\n\n\n\n<p>Auch der Klimawandel stellt eine zunehmende Bedrohung f\u00fcr die Sahelzone dar, da steigende Temperaturen, der Meeresspiegel und schwankende Niederschlagsmuster sich negativ auf die Lebensgrundlagen, die Ern\u00e4hrungssicherheit, die Gesundheit und das Wirtschaftswachstum auswirken und zu weiteren Konflikten f\u00fchren k\u00f6nnen. (United Nations Development Programme, 2024). Zu allem \u00dcberfluss ist der Mangel an Finanzmitteln weiterhin ein gro\u00dfes Hindernis f\u00fcr die humanit\u00e4re Hilfe in der Region. (UNICEF, 2023).<\/p>\n\n\n\n<p>Um das Wohlergehen und den kontinuierlichen <a href=\"https:\/\/www.humanium.org\/de\/das-recht-auf-schutz\/\">Schutz<\/a> von Kindern zu gew\u00e4hrleisten, m\u00fcssen folgende Ma\u00dfnahmen von der internationalen Gemeinschaft vor Ort und den wichtigsten staatlichen Akteuren in den Sahel-L\u00e4ndern umgesetzt werden:&nbsp;<\/p>\n\n\n\n<ul class=\"wp-block-list\">\n<li>Einf\u00fchrung der f\u00fcr Kinder lebensnotwendigen Pflege und Verabreichung von Impfungen,&nbsp; insbesondere gegen Masern und <a href=\"https:\/\/www.humanium.org\/de\/kindersterblichkeit\/\">Malaria<\/a> (Malaria Consortium, 2015);&nbsp;<\/li>\n\n\n\n<li>Behandlung von schwerer <a href=\"https:\/\/www.humanium.org\/de\/kinderkrankheiten\/\">Auszehrung<\/a> bei Kindern im Alter von 6 bis 59 Monaten;<\/li>\n\n\n\n<li>Gew\u00e4hrleistung des Zugangs zu Wasser in ausreichender Menge und Qualit\u00e4t f\u00fcr den Verbrauch und den h\u00e4uslichen Bedarf (UNICEF, 2023);<\/li>\n\n\n\n<li>Bereitstellung eines Notfall-Bildungsprogramms, das Kinderschutz, psychische Gesundheit und psychosoziale Unterst\u00fctzung integriert (Save the Children, 2022);<\/li>\n\n\n\n<li>Erf\u00fcllung der grundlegenden moralischen und rechtlichen Verpflichtungen gegen\u00fcber Kindern gem\u00e4\u00df dem humanit\u00e4ren V\u00f6lkerrecht und den Menschenrechten durch die Konfliktparteien, d.h. Schulen vor milit\u00e4rischer Nutzung sch\u00fctzen, Verbot von Nahrungsentzug als Kriegswaffe, keine Behinderung des Zugangs zu Gesundheitsdiensten und sauberem Wasser (Save the Children, 2020).&nbsp;<\/li>\n<\/ul>\n\n\n\n<p>Aufgrund der ernsten Lage in einigen L\u00e4ndern der Sahelzone ist es dringend erforderlich, humanit\u00e4re Nothilfe f\u00fcr die folgenden L\u00e4nder zu leisten:&nbsp;<\/p>\n\n\n\n<ul class=\"wp-block-list\">\n<li>Burkina Faso, aufgrund der seit 2019 versch\u00e4rften multidimensionalen humanit\u00e4ren Krise;&nbsp;<\/li>\n<\/ul>\n\n\n\n<ul class=\"wp-block-list\">\n<li>Kamerun, aufgrund komplexer und vielschichtiger Krisen wie bewaffneten Konflikten und <a href=\"https:\/\/www.humanium.org\/de\/misshandlung\/\">Gewalt<\/a> ben\u00f6tigen 2,5 Millionen Kinder dringend humanit\u00e4re Hilfe;<\/li>\n\n\n\n<li>Mali, wo mehr als 40% der Bev\u00f6lkerung einen wachsenden und beispiellosen humanit\u00e4ren Bedarf haben;<\/li>\n\n\n\n<li>Niger, dessen Kinder weiterhin mit anhaltenden bewaffneten Konflikten, Klimakatastrophen, Ern\u00e4hrungsnotf\u00e4llen und Epidemien konfrontiert sind;<\/li>\n\n\n\n<li>Nigeria, dessen bewaffneter Konflikt weiterhin das Leben und die Zukunftsaussichten von 60% der Kinder beeintr\u00e4chtigt (UNICEF, 2023).<\/li>\n<\/ul>\n\n\n\n<figure class=\"wp-block-image size-large\"><img loading=\"lazy\" decoding=\"async\" width=\"1024\" height=\"683\" src=\"https:\/\/www.humanium.org\/de\/wp-content\/uploads\/2024\/04\/shutterstock_2136757035-1024x683.jpg\" alt=\"\" class=\"wp-image-17595\" srcset=\"https:\/\/www.humanium.org\/de\/wp-content\/uploads\/2024\/04\/shutterstock_2136757035-1024x683.jpg 1024w, https:\/\/www.humanium.org\/de\/wp-content\/uploads\/2024\/04\/shutterstock_2136757035-300x200.jpg 300w, https:\/\/www.humanium.org\/de\/wp-content\/uploads\/2024\/04\/shutterstock_2136757035-768x512.jpg 768w, https:\/\/www.humanium.org\/de\/wp-content\/uploads\/2024\/04\/shutterstock_2136757035-1536x1024.jpg 1536w, https:\/\/www.humanium.org\/de\/wp-content\/uploads\/2024\/04\/shutterstock_2136757035-2048x1365.jpg 2048w, https:\/\/www.humanium.org\/de\/wp-content\/uploads\/2024\/04\/shutterstock_2136757035-830x553.jpg 830w, https:\/\/www.humanium.org\/de\/wp-content\/uploads\/2024\/04\/shutterstock_2136757035-230x153.jpg 230w, https:\/\/www.humanium.org\/de\/wp-content\/uploads\/2024\/04\/shutterstock_2136757035-350x233.jpg 350w, https:\/\/www.humanium.org\/de\/wp-content\/uploads\/2024\/04\/shutterstock_2136757035-480x320.jpg 480w, https:\/\/www.humanium.org\/de\/wp-content\/uploads\/2024\/04\/shutterstock_2136757035-272x182.jpg 272w\" sizes=\"auto, (max-width: 1024px) 100vw, 1024px\" \/><\/figure>\n\n\n\n<p>Humanium bem\u00fcht sich durch seine eigenen Projekte, eine Welt zu schaffen, in der die Rechte der Kinder auf <a href=\"https:\/\/www.humanium.org\/de\/recht-bildung-weltweit\/\">Bildung<\/a> und <a href=\"https:\/\/www.humanium.org\/de\/das-recht-auf-gesundheit\/\">Gesundheit<\/a> immer respektiert werden. Wenn Sie Humaniums unterst\u00fctzen m\u00f6chten, k\u00f6nnen Sie dies durch eine <a href=\"https:\/\/www.humanium.org\/de\/spenden\/\">Spende<\/a>, <a href=\"https:\/\/www.humanium.org\/de\/teilnehmen-2\/volunteer\/\">ehrenamtliche<\/a> T\u00e4tigkeit oder eine Mitgliedschaft tun.<\/p>\n\n\n\n<p><em><strong>Verfasst von Mo\u00efra Phu\u00f6ng Van de Po\u00ebl<\/strong><\/em><\/p>\n\n\n\n<p><em><strong>\u00dcbersetzt von Margit Bertling<\/strong><\/em><\/p>\n\n\n\n<p><em><strong>Korrektur gelesen von Beate Dessewffy<\/strong><\/em><\/p>\n\n\n\n<h4 class=\"wp-block-heading\"><strong>Quellenverzeichnis:&nbsp;<\/strong><\/h4>\n\n\n\n<p class=\"has-small-font-size\">Malaria Consortium (2015, septembre 16). Urgent political support needed to protect the Sahel&#8217;s 25 million children. Extrait de Malaria Consortium \u00e0 <a href=\"https:\/\/www.malariaconsortium.org\/news-centre\/video-urgent-political-support-needed-to-protect-the-sahels-25-million-children-politics-home.htm\" target=\"_blank\" rel=\"noreferrer noopener\">https:\/\/www.malariaconsortium.org\/news-centre\/video-urgent-political-support-needed-to-protect-the-sahels-25-million-children-politics-home.htm<\/a>, consult\u00e9 en mars 2024.&nbsp;<\/p>\n\n\n\n<p class=\"has-small-font-size\">ONU Info (2023, mai 16). La situation s\u00e9curitaire au Sahel reste tr\u00e8s pr\u00e9occupante, pr\u00e9vient l\u2019ONU. Extrait d\u2019ONU Info \u00e0 <a href=\"https:\/\/news.un.org\/fr\/story\/2023\/05\/1135207\" target=\"_blank\" rel=\"noreferrer noopener\">https:\/\/news.un.org\/fr\/story\/2023\/05\/1135207<\/a>, consult\u00e9 en mars 2024.<\/p>\n\n\n\n<p class=\"has-small-font-size\">Oxfam France (2022, mai 10). A la d\u00e9couverte du Sahel, la porte entre deux Afriques. Extrait d\u2019Oxfam France \u00e0 <a href=\"https:\/\/www.oxfamfrance.org\/financement-du-developpement\/qu-est-ce-que-le-sahel\/\" target=\"_blank\" rel=\"noreferrer noopener\">https:\/\/www.oxfamfrance.org\/financement-du-developpement\/qu-est-ce-que-le-sahel\/<\/a>, consult\u00e9 en mars 2024.<\/p>\n\n\n\n<p class=\"has-small-font-size\">Save the Children (2022, mai 12). More than 1 in 3 children under five at risk of starvation in Central Sahel. Extrait de Save the Children \u00e0 <a href=\"https:\/\/www.savethechildren.net\/news\/more-1-3-children-under-five-risk-starvation-central-sahel\" target=\"_blank\" rel=\"noreferrer noopener\">https:\/\/www.savethechildren.net\/news\/more-1-3-children-under-five-risk-starvation-central-sahel<\/a>, consult\u00e9 en mars 2024.<\/p>\n\n\n\n<p class=\"has-small-font-size\">Save the Children (2022, octobre 10). Sahel : mental health is vital to children in conflict. Extrait de Save the Children \u00e0 <a href=\"https:\/\/mali.savethechildren.net\/news\/sahel-mental-health-vital-children-conflict\" target=\"_blank\" rel=\"noreferrer noopener\">https:\/\/mali.savethechildren.net\/news\/sahel-mental-health-vital-children-conflict<\/a>, consult\u00e9 en mars 2024.<\/p>\n\n\n\n<p class=\"has-small-font-size\">Save the Children (2023, septembre 8). Sahel schools closures increase by 20% in past year, with 200.000 more children out of class. Extrait de Save the Children \u00e0 <a href=\"https:\/\/www.savethechildren.net\/news\/sahel-school-closures-increase-20-past-year-200000-more-children-out-class\" target=\"_blank\" rel=\"noreferrer noopener\">https:\/\/www.savethechildren.net\/news\/sahel-school-closures-increase-20-past-year-200000-more-children-out-class<\/a>, consult\u00e9 en mars 2024.<\/p>\n\n\n\n<p class=\"has-small-font-size\">Save the Children (2020, october). The Central Sahel &#8211; A children&#8217;s crisis<em>.<\/em> Extrait de Save the Children \u00e0 <a href=\"https:\/\/resourcecentre.savethechildren.net\/pdf\/sahel_brief_3.pdf\/\" target=\"_blank\" rel=\"noreferrer noopener\">https:\/\/resourcecentre.savethechildren.net\/pdf\/sahel_brief_3.pdf\/<\/a>, consult\u00e9 en mars 2024.<\/p>\n\n\n\n<p class=\"has-small-font-size\">The World Bank (2024, janvier 4). Enhancing Food and Nutrition Security in the Sahel and Horn of Africa. Extrait de The World Bank \u00e0 <a href=\"https:\/\/www.worldbank.org\/en\/results\/2024\/01\/04\/enhancing-food-and-nutrition-security-in-the-sahel-and-horn-of-afe-africa\" target=\"_blank\" rel=\"noreferrer noopener\">https:\/\/www.worldbank.org\/en\/results\/2024\/01\/04\/enhancing-food-and-nutrition-security-in-the-sahel-and-horn-of-afe-africa<\/a>, consult\u00e9 en mars 2024.<\/p>\n\n\n\n<p class=\"has-small-font-size\">UNHCR (2023). Sahel situation. Extrait d\u2019 UNHCR \u00e0 <a href=\"https:\/\/reporting.unhcr.org\/operational\/situations\/sahel-situation\" target=\"_blank\" rel=\"noreferrer noopener\">https:\/\/reporting.unhcr.org\/operational\/situations\/sahel-situation<\/a>, consult\u00e9 en mars 2024.<\/p>\n\n\n\n<p class=\"has-small-font-size\">UNICEF (2023, mars 17). 10 million children in extreme jeopardy in central Sahel as insecurity seeps into neighbouring countries. Extrait d\u2019UNICEF \u00e0 <a href=\"https:\/\/www.unicef.org\/press-releases\/10-million-children-extreme-jeopardy-central-sahel-insecurity-seeps-neighbouring\" target=\"_blank\" rel=\"noreferrer noopener\">https:\/\/www.unicef.org\/press-releases\/10-million-children-extreme-jeopardy-central-sahel-insecurity-seeps-neighbouring<\/a>, consult\u00e9 en mars 2024.<\/p>\n\n\n\n<p class=\"has-small-font-size\">UNICEF (2023, d\u00e9cembre 22). 46.7 million children at risk of malnutrition, displacement, poor health &amp; learning loss in West and Central Africa due to conflict and displacement<em>.<\/em> Extrait d\u2019UNICEF \u00e0 <a href=\"https:\/\/reliefweb.int\/report\/burkina-faso\/467-million-children-risk-malnutrition-displacement-poor-health-learning-loss-west-and-central-africa-due-conflict-and-displacement\">https:\/\/reliefweb.int\/report\/<\/a><a href=\"https:\/\/reliefweb.int\/report\/burkina-faso\/467-million-children-risk-malnutrition-displacement-poor-health-learning-loss-west-and-central-africa-due-conflict-and-displacement\" target=\"_blank\" rel=\"noreferrer noopener\">burkina-faso\/467-million-children-risk-malnutrition-displacement-poor-health-learning-loss-west-and-central-africa-due-conflict-and-displacement<\/a>, consult\u00e9 en mars 2024.<\/p>\n\n\n\n<p class=\"has-small-font-size\">UNICEF (2024). Response in coastal countries linked to central Sahel crisis spillover<em>.<\/em> Extrait d\u2019UNICEF \u00e0 <a href=\"https:\/\/www.unicef.org\/media\/149891\/file\/2024-HAC-Sahel-Crisis-Spillover.pdf\" target=\"_blank\" rel=\"noreferrer noopener\">https:\/\/www.unicef.org\/media\/149891\/file\/2024-HAC-Sahel-Crisis-Spillover.pdf<\/a>, consult\u00e9 en mars 2024.<\/p>\n\n\n\n<p class=\"has-small-font-size\">United Nations Development Programme (2024, janvier). Sahel Human Development Report 2023<em>.<\/em> Extrait d\u2019 United Nations Development Programme \u00e0 <a href=\"https:\/\/www.undp.org\/sites\/g\/files\/zskgke326\/files\/2024-02\/undp-hdr-sahel-report-eng_web_0_1.pdf\" target=\"_blank\" rel=\"noreferrer noopener\">https:\/\/www.undp.org\/sites\/g\/files\/zskgke326\/files\/2024-02\/undp-hdr-sahel-report-eng_web_0_1.pdf<\/a>, consult\u00e9 en mars 2024.<\/p>\n\n\n\n<p class=\"has-small-font-size\">World Health Organization (2022, avril 29). WHO releases more than US$ 8 million for the Sahel\u2019s humanitarian response. Extrait de World Health Organization \u00e0 <a href=\"https:\/\/www.afro.who.int\/news\/who-releases-more-us-8-million-sahels-humanitarian-response\" target=\"_blank\" rel=\"noreferrer noopener\">https:\/\/www.afro.who.int\/news\/who-releases-more-us-8-million-sahels-humanitarian-response<\/a>, consult\u00e9 en mars 2024.<\/p>\n","protected":false},"excerpt":{"rendered":"<p>Die Thematik von&nbsp; Konflikten, Terrorismus und der Verletzung von Kinderrechten ist angesichts der Ereignisse, die in den letzten Jahren in der Sahelzone stattgefunden haben, leider nicht neu. Aufgrund der den Konflikten innewohnenden Gewalt, der gro\u00dfen Migrationsstr\u00f6me und der dringenden humanit\u00e4ren Bed\u00fcrfnisse werden den Kindern ihre Grundrechte und der Schutz vor den sie bedrohenden Gefahren, vorenthalten. [&hellip;]<\/p>\n","protected":false},"author":59,"featured_media":17597,"comment_status":"closed","ping_status":"closed","sticky":false,"template":"","format":"standard","meta":{"footnotes":""},"categories":[175,13,5,160,163,19,9],"tags":[],"class_list":["post-17594","post","type-post","status-publish","format-standard","has-post-thumbnail","hentry","category-ausbeutung","category-bildung","category-gesundheit","category-gewalt","category-kinderrechte","category-menschenrechte","category-umwelt"],"yoast_head":"<!-- This site is optimized with the Yoast SEO plugin v26.5 - https:\/\/yoast.com\/wordpress\/plugins\/seo\/ -->\n<title>Ausuferung\u00a0 der Krise in der Sahelzone: Den leidgepr\u00fcften Kindern fehlt es an Unterst\u00fctzung und Schutz - Humanium<\/title>\n<meta name=\"description\" content=\"Konflikte, Terrorismus und die Verletzung der Rechte von Kindern haben in den letzten Jahren in der Sahelzone weiter zugenommen.\" \/>\n<meta name=\"robots\" content=\"index, follow, max-snippet:-1, max-image-preview:large, max-video-preview:-1\" \/>\n<link rel=\"canonical\" href=\"https:\/\/www.humanium.org\/de\/ausuferung-der-krise-in-der-sahelzone-den-leidgeprueften-kindern-fehlt-es-an-unterstuetzung-und-schutz\/\" \/>\n<meta property=\"og:locale\" content=\"de_DE\" \/>\n<meta property=\"og:type\" content=\"article\" \/>\n<meta property=\"og:title\" content=\"Ausuferung\u00a0 der Krise in der Sahelzone: Den leidgepr\u00fcften Kindern fehlt es an Unterst\u00fctzung und Schutz - Humanium\" \/>\n<meta property=\"og:description\" content=\"Konflikte, Terrorismus und die Verletzung der Rechte von Kindern haben in den letzten Jahren in der Sahelzone weiter zugenommen.\" \/>\n<meta property=\"og:url\" content=\"https:\/\/www.humanium.org\/de\/ausuferung-der-krise-in-der-sahelzone-den-leidgeprueften-kindern-fehlt-es-an-unterstuetzung-und-schutz\/\" \/>\n<meta property=\"og:site_name\" content=\"Humanium\" \/>\n<meta property=\"article:published_time\" content=\"2024-04-23T13:02:23+00:00\" \/>\n<meta property=\"article:modified_time\" content=\"2025-12-06T06:28:54+00:00\" \/>\n<meta property=\"og:image\" content=\"https:\/\/www.humanium.org\/de\/wp-content\/uploads\/2024\/04\/shutterstock_58973365-scaled.jpg\" \/>\n\t<meta property=\"og:image:width\" content=\"2560\" \/>\n\t<meta property=\"og:image:height\" content=\"1674\" \/>\n\t<meta property=\"og:image:type\" content=\"image\/jpeg\" \/>\n<meta name=\"author\" content=\"Mo\u00efra Van de Po\u00ebl\" \/>\n<meta name=\"twitter:card\" content=\"summary_large_image\" \/>\n<meta name=\"twitter:label1\" content=\"Verfasst von\" \/>\n\t<meta name=\"twitter:data1\" content=\"Mo\u00efra Van de Po\u00ebl\" \/>\n\t<meta name=\"twitter:label2\" content=\"Gesch\u00e4tzte Lesezeit\" \/>\n\t<meta name=\"twitter:data2\" content=\"10\u00a0Minuten\" \/>\n<script type=\"application\/ld+json\" class=\"yoast-schema-graph\">{\"@context\":\"https:\/\/schema.org\",\"@graph\":[{\"@type\":\"WebPage\",\"@id\":\"https:\/\/www.humanium.org\/de\/ausuferung-der-krise-in-der-sahelzone-den-leidgeprueften-kindern-fehlt-es-an-unterstuetzung-und-schutz\/\",\"url\":\"https:\/\/www.humanium.org\/de\/ausuferung-der-krise-in-der-sahelzone-den-leidgeprueften-kindern-fehlt-es-an-unterstuetzung-und-schutz\/\",\"name\":\"Ausuferung\u00a0 der Krise in der Sahelzone: Den leidgepr\u00fcften Kindern fehlt es an Unterst\u00fctzung und Schutz - Humanium\",\"isPartOf\":{\"@id\":\"https:\/\/www.humanium.org\/de\/#website\"},\"primaryImageOfPage\":{\"@id\":\"https:\/\/www.humanium.org\/de\/ausuferung-der-krise-in-der-sahelzone-den-leidgeprueften-kindern-fehlt-es-an-unterstuetzung-und-schutz\/#primaryimage\"},\"image\":{\"@id\":\"https:\/\/www.humanium.org\/de\/ausuferung-der-krise-in-der-sahelzone-den-leidgeprueften-kindern-fehlt-es-an-unterstuetzung-und-schutz\/#primaryimage\"},\"thumbnailUrl\":\"https:\/\/www.humanium.org\/de\/wp-content\/uploads\/2024\/04\/shutterstock_58973365-scaled.jpg\",\"datePublished\":\"2024-04-23T13:02:23+00:00\",\"dateModified\":\"2025-12-06T06:28:54+00:00\",\"author\":{\"@id\":\"https:\/\/www.humanium.org\/de\/#\/schema\/person\/eeb224c689e1e13181ecd5706510fa04\"},\"description\":\"Konflikte, Terrorismus und die Verletzung der Rechte von Kindern haben in den letzten Jahren in der Sahelzone weiter zugenommen.\",\"breadcrumb\":{\"@id\":\"https:\/\/www.humanium.org\/de\/ausuferung-der-krise-in-der-sahelzone-den-leidgeprueften-kindern-fehlt-es-an-unterstuetzung-und-schutz\/#breadcrumb\"},\"inLanguage\":\"de\",\"potentialAction\":[{\"@type\":\"ReadAction\",\"target\":[\"https:\/\/www.humanium.org\/de\/ausuferung-der-krise-in-der-sahelzone-den-leidgeprueften-kindern-fehlt-es-an-unterstuetzung-und-schutz\/\"]}]},{\"@type\":\"ImageObject\",\"inLanguage\":\"de\",\"@id\":\"https:\/\/www.humanium.org\/de\/ausuferung-der-krise-in-der-sahelzone-den-leidgeprueften-kindern-fehlt-es-an-unterstuetzung-und-schutz\/#primaryimage\",\"url\":\"https:\/\/www.humanium.org\/de\/wp-content\/uploads\/2024\/04\/shutterstock_58973365-scaled.jpg\",\"contentUrl\":\"https:\/\/www.humanium.org\/de\/wp-content\/uploads\/2024\/04\/shutterstock_58973365-scaled.jpg\",\"width\":2560,\"height\":1674},{\"@type\":\"BreadcrumbList\",\"@id\":\"https:\/\/www.humanium.org\/de\/ausuferung-der-krise-in-der-sahelzone-den-leidgeprueften-kindern-fehlt-es-an-unterstuetzung-und-schutz\/#breadcrumb\",\"itemListElement\":[{\"@type\":\"ListItem\",\"position\":1,\"name\":\"Home\",\"item\":\"https:\/\/www.humanium.org\/de\/\"},{\"@type\":\"ListItem\",\"position\":2,\"name\":\"Ausuferung\u00a0 der Krise in der Sahelzone: Den leidgepr\u00fcften Kindern fehlt es an Unterst\u00fctzung und Schutz\"}]},{\"@type\":\"WebSite\",\"@id\":\"https:\/\/www.humanium.org\/de\/#website\",\"url\":\"https:\/\/www.humanium.org\/de\/\",\"name\":\"Humanium\",\"description\":\"Kinder zuerst!\",\"potentialAction\":[{\"@type\":\"SearchAction\",\"target\":{\"@type\":\"EntryPoint\",\"urlTemplate\":\"https:\/\/www.humanium.org\/de\/?s={search_term_string}\"},\"query-input\":{\"@type\":\"PropertyValueSpecification\",\"valueRequired\":true,\"valueName\":\"search_term_string\"}}],\"inLanguage\":\"de\"},{\"@type\":\"Person\",\"@id\":\"https:\/\/www.humanium.org\/de\/#\/schema\/person\/eeb224c689e1e13181ecd5706510fa04\",\"name\":\"Mo\u00efra Van de Po\u00ebl\",\"image\":{\"@type\":\"ImageObject\",\"inLanguage\":\"de\",\"@id\":\"https:\/\/www.humanium.org\/de\/#\/schema\/person\/image\/\",\"url\":\"https:\/\/secure.gravatar.com\/avatar\/daad11ae4313438c55d8231d6c521dda901fda2ae85e80de3691cb8a7a3835e3?s=96&d=mm&r=g\",\"contentUrl\":\"https:\/\/secure.gravatar.com\/avatar\/daad11ae4313438c55d8231d6c521dda901fda2ae85e80de3691cb8a7a3835e3?s=96&d=mm&r=g\",\"caption\":\"Mo\u00efra Van de Po\u00ebl\"},\"sameAs\":[\"https:\/\/www.linkedin.com\/in\/mo%C3%AFra-van-de-po%C3%ABl-54436015a\/\"],\"url\":\"https:\/\/www.humanium.org\/de\/author\/autor_moiravandepoel\/\"}]}<\/script>\n<!-- \/ Yoast SEO plugin. -->","yoast_head_json":{"title":"Ausuferung\u00a0 der Krise in der Sahelzone: Den leidgepr\u00fcften Kindern fehlt es an Unterst\u00fctzung und Schutz - Humanium","description":"Konflikte, Terrorismus und die Verletzung der Rechte von Kindern haben in den letzten Jahren in der Sahelzone weiter zugenommen.","robots":{"index":"index","follow":"follow","max-snippet":"max-snippet:-1","max-image-preview":"max-image-preview:large","max-video-preview":"max-video-preview:-1"},"canonical":"https:\/\/www.humanium.org\/de\/ausuferung-der-krise-in-der-sahelzone-den-leidgeprueften-kindern-fehlt-es-an-unterstuetzung-und-schutz\/","og_locale":"de_DE","og_type":"article","og_title":"Ausuferung\u00a0 der Krise in der Sahelzone: Den leidgepr\u00fcften Kindern fehlt es an Unterst\u00fctzung und Schutz - Humanium","og_description":"Konflikte, Terrorismus und die Verletzung der Rechte von Kindern haben in den letzten Jahren in der Sahelzone weiter zugenommen.","og_url":"https:\/\/www.humanium.org\/de\/ausuferung-der-krise-in-der-sahelzone-den-leidgeprueften-kindern-fehlt-es-an-unterstuetzung-und-schutz\/","og_site_name":"Humanium","article_published_time":"2024-04-23T13:02:23+00:00","article_modified_time":"2025-12-06T06:28:54+00:00","og_image":[{"width":2560,"height":1674,"url":"https:\/\/www.humanium.org\/de\/wp-content\/uploads\/2024\/04\/shutterstock_58973365-scaled.jpg","type":"image\/jpeg"}],"author":"Mo\u00efra Van de Po\u00ebl","twitter_card":"summary_large_image","twitter_misc":{"Verfasst von":"Mo\u00efra Van de Po\u00ebl","Gesch\u00e4tzte Lesezeit":"10\u00a0Minuten"},"schema":{"@context":"https:\/\/schema.org","@graph":[{"@type":"WebPage","@id":"https:\/\/www.humanium.org\/de\/ausuferung-der-krise-in-der-sahelzone-den-leidgeprueften-kindern-fehlt-es-an-unterstuetzung-und-schutz\/","url":"https:\/\/www.humanium.org\/de\/ausuferung-der-krise-in-der-sahelzone-den-leidgeprueften-kindern-fehlt-es-an-unterstuetzung-und-schutz\/","name":"Ausuferung\u00a0 der Krise in der Sahelzone: Den leidgepr\u00fcften Kindern fehlt es an Unterst\u00fctzung und Schutz - Humanium","isPartOf":{"@id":"https:\/\/www.humanium.org\/de\/#website"},"primaryImageOfPage":{"@id":"https:\/\/www.humanium.org\/de\/ausuferung-der-krise-in-der-sahelzone-den-leidgeprueften-kindern-fehlt-es-an-unterstuetzung-und-schutz\/#primaryimage"},"image":{"@id":"https:\/\/www.humanium.org\/de\/ausuferung-der-krise-in-der-sahelzone-den-leidgeprueften-kindern-fehlt-es-an-unterstuetzung-und-schutz\/#primaryimage"},"thumbnailUrl":"https:\/\/www.humanium.org\/de\/wp-content\/uploads\/2024\/04\/shutterstock_58973365-scaled.jpg","datePublished":"2024-04-23T13:02:23+00:00","dateModified":"2025-12-06T06:28:54+00:00","author":{"@id":"https:\/\/www.humanium.org\/de\/#\/schema\/person\/eeb224c689e1e13181ecd5706510fa04"},"description":"Konflikte, Terrorismus und die Verletzung der Rechte von Kindern haben in den letzten Jahren in der Sahelzone weiter zugenommen.","breadcrumb":{"@id":"https:\/\/www.humanium.org\/de\/ausuferung-der-krise-in-der-sahelzone-den-leidgeprueften-kindern-fehlt-es-an-unterstuetzung-und-schutz\/#breadcrumb"},"inLanguage":"de","potentialAction":[{"@type":"ReadAction","target":["https:\/\/www.humanium.org\/de\/ausuferung-der-krise-in-der-sahelzone-den-leidgeprueften-kindern-fehlt-es-an-unterstuetzung-und-schutz\/"]}]},{"@type":"ImageObject","inLanguage":"de","@id":"https:\/\/www.humanium.org\/de\/ausuferung-der-krise-in-der-sahelzone-den-leidgeprueften-kindern-fehlt-es-an-unterstuetzung-und-schutz\/#primaryimage","url":"https:\/\/www.humanium.org\/de\/wp-content\/uploads\/2024\/04\/shutterstock_58973365-scaled.jpg","contentUrl":"https:\/\/www.humanium.org\/de\/wp-content\/uploads\/2024\/04\/shutterstock_58973365-scaled.jpg","width":2560,"height":1674},{"@type":"BreadcrumbList","@id":"https:\/\/www.humanium.org\/de\/ausuferung-der-krise-in-der-sahelzone-den-leidgeprueften-kindern-fehlt-es-an-unterstuetzung-und-schutz\/#breadcrumb","itemListElement":[{"@type":"ListItem","position":1,"name":"Home","item":"https:\/\/www.humanium.org\/de\/"},{"@type":"ListItem","position":2,"name":"Ausuferung\u00a0 der Krise in der Sahelzone: Den leidgepr\u00fcften Kindern fehlt es an Unterst\u00fctzung und Schutz"}]},{"@type":"WebSite","@id":"https:\/\/www.humanium.org\/de\/#website","url":"https:\/\/www.humanium.org\/de\/","name":"Humanium","description":"Kinder zuerst!","potentialAction":[{"@type":"SearchAction","target":{"@type":"EntryPoint","urlTemplate":"https:\/\/www.humanium.org\/de\/?s={search_term_string}"},"query-input":{"@type":"PropertyValueSpecification","valueRequired":true,"valueName":"search_term_string"}}],"inLanguage":"de"},{"@type":"Person","@id":"https:\/\/www.humanium.org\/de\/#\/schema\/person\/eeb224c689e1e13181ecd5706510fa04","name":"Mo\u00efra Van de Po\u00ebl","image":{"@type":"ImageObject","inLanguage":"de","@id":"https:\/\/www.humanium.org\/de\/#\/schema\/person\/image\/","url":"https:\/\/secure.gravatar.com\/avatar\/daad11ae4313438c55d8231d6c521dda901fda2ae85e80de3691cb8a7a3835e3?s=96&d=mm&r=g","contentUrl":"https:\/\/secure.gravatar.com\/avatar\/daad11ae4313438c55d8231d6c521dda901fda2ae85e80de3691cb8a7a3835e3?s=96&d=mm&r=g","caption":"Mo\u00efra Van de Po\u00ebl"},"sameAs":["https:\/\/www.linkedin.com\/in\/mo%C3%AFra-van-de-po%C3%ABl-54436015a\/"],"url":"https:\/\/www.humanium.org\/de\/author\/autor_moiravandepoel\/"}]}},"_links":{"self":[{"href":"https:\/\/www.humanium.org\/de\/wp-json\/wp\/v2\/posts\/17594","targetHints":{"allow":["GET"]}}],"collection":[{"href":"https:\/\/www.humanium.org\/de\/wp-json\/wp\/v2\/posts"}],"about":[{"href":"https:\/\/www.humanium.org\/de\/wp-json\/wp\/v2\/types\/post"}],"author":[{"embeddable":true,"href":"https:\/\/www.humanium.org\/de\/wp-json\/wp\/v2\/users\/59"}],"replies":[{"embeddable":true,"href":"https:\/\/www.humanium.org\/de\/wp-json\/wp\/v2\/comments?post=17594"}],"version-history":[{"count":3,"href":"https:\/\/www.humanium.org\/de\/wp-json\/wp\/v2\/posts\/17594\/revisions"}],"predecessor-version":[{"id":21064,"href":"https:\/\/www.humanium.org\/de\/wp-json\/wp\/v2\/posts\/17594\/revisions\/21064"}],"wp:featuredmedia":[{"embeddable":true,"href":"https:\/\/www.humanium.org\/de\/wp-json\/wp\/v2\/media\/17597"}],"wp:attachment":[{"href":"https:\/\/www.humanium.org\/de\/wp-json\/wp\/v2\/media?parent=17594"}],"wp:term":[{"taxonomy":"category","embeddable":true,"href":"https:\/\/www.humanium.org\/de\/wp-json\/wp\/v2\/categories?post=17594"},{"taxonomy":"post_tag","embeddable":true,"href":"https:\/\/www.humanium.org\/de\/wp-json\/wp\/v2\/tags?post=17594"}],"curies":[{"name":"wp","href":"https:\/\/api.w.org\/{rel}","templated":true}]}}