{"id":18536,"date":"2025-04-08T19:30:47","date_gmt":"2025-04-08T19:30:47","guid":{"rendered":"https:\/\/www.humanium.org\/de\/?p=18536"},"modified":"2025-12-06T06:29:00","modified_gmt":"2025-12-06T06:29:00","slug":"die-erschreckenden-auswirkungen-von-messerkriminalitaet-auf-jugendliche-im-vereinigten-koenigreich","status":"publish","type":"post","link":"https:\/\/www.humanium.org\/de\/die-erschreckenden-auswirkungen-von-messerkriminalitaet-auf-jugendliche-im-vereinigten-koenigreich\/","title":{"rendered":"Die erschreckenden Auswirkungen von Messerkriminalit\u00e4t auf Jugendliche in England und Wales"},"content":{"rendered":"\n<p><strong>In den letzten zehn Jahren hat die Kriminalit\u00e4t mit Messern in England und Wales<\/strong> <strong>in alarmierendem Ma\u00dfe zugenommen. Angetrieben von einer zugrundeliegenden, wachsenden Epidemie schwerer Jugendgewalt und beg\u00fcnstigt durch fortgesetzte M\u00e4ngel in Gesetzgebung und Politik, ist dieses Verbrechen zu einem der gr\u00f6\u00dften Risiken f\u00fcr die Sicherheit von Kindern geworden. Obwohl die j\u00fcngsten Entwicklungen auf eine positive Entwicklung der nationalen Ma\u00dfnahmen hindeuten, sind gr\u00f6\u00dfere Anstrengungen erforderlich, um sicherzustellen, dass die Ma\u00dfnahmen dem <\/strong><a href=\"https:\/\/www.humanium.org\/de\/der-grundsatz-des-wohl-des-kindes\/\"><strong>Wohl der Kinder<\/strong><\/a><strong> Vorrang einr\u00e4umen und ihre angeborene Verletzlichkeit anerkennen.&nbsp;<\/strong><\/p>\n\n\n\n<h2 class=\"wp-block-heading\"><strong>Das Ausma\u00df der Krise&nbsp;<\/strong><\/h2>\n\n\n\n<p>Im Jahr 2024 meldete das Office for National Statistics (ONS) f\u00fcr England und Wales landesweit \u00fcber 55.000 Vorf\u00e4lle von Straftaten mit Messereinsatz &#8211; ein Anstieg um 4 % gegen\u00fcber dem Vorjahr und um 80 % gegen\u00fcber den Zahlen von vor zehn Jahren (Office for National Statistics, 2025). In dieser Zahl sind \u00fcber 260 Morde in <a href=\"https:\/\/www.humanium.org\/de\/vereinigteskonigreich\/\">England<\/a> und Wales enthalten, bei denen ein Messer oder ein scharfes Instrument zum Einsatz kam, und weitere 3.735 Einweisungen in NHS-Krankenh\u00e4user aufgrund von Angriffen mit einem scharfen Gegenstand (Office for National Statistics, 2025).&nbsp;<\/p>\n\n\n\n<p>Obwohl die mit Messern ver\u00fcbten Straftaten geografisch weit gestreut sind, ereignen sich die meisten Vorf\u00e4lle in Ballungsgebieten: Auf den Gro\u00dfraum London, die West Midlands und den Gro\u00dfraum Manchester entf\u00e4llt fast die H\u00e4lfte aller F\u00e4lle in England und Wales (Office for National Statistics, 2025).<\/p>\n\n\n\n<h2 class=\"wp-block-heading\"><strong>Gef\u00e4hrdete junge Menschen<\/strong><\/h2>\n\n\n\n<p>Kinder und Jugendliche unter 25 Jahren sind eine der am st\u00e4rksten betroffenen Bev\u00f6lkerungsgruppen. Im Jahr 2022-23 wurden 42 junge Menschen im Alter von 16-19 Jahren Opfer von T\u00f6tungsdelikten mit einem Messer (His Majesty&#8217;s Inspectorate of Probation, 2024). Im letzten Jahr, 2024, wurden 57 Personen unter 25 Jahren mit einem Messer oder einem scharfen Gegenstand ermordet (Office for National Statistics, 2025).<\/p>\n\n\n\n<figure class=\"wp-block-image size-large\"><img loading=\"lazy\" decoding=\"async\" width=\"1024\" height=\"676\" src=\"https:\/\/www.humanium.org\/de\/wp-content\/uploads\/2025\/04\/shutterstock_421952542-1024x676.jpg\" alt=\"\" class=\"wp-image-18537\" srcset=\"https:\/\/www.humanium.org\/de\/wp-content\/uploads\/2025\/04\/shutterstock_421952542-1024x676.jpg 1024w, https:\/\/www.humanium.org\/de\/wp-content\/uploads\/2025\/04\/shutterstock_421952542-300x198.jpg 300w, https:\/\/www.humanium.org\/de\/wp-content\/uploads\/2025\/04\/shutterstock_421952542-768x507.jpg 768w, https:\/\/www.humanium.org\/de\/wp-content\/uploads\/2025\/04\/shutterstock_421952542-1536x1014.jpg 1536w, https:\/\/www.humanium.org\/de\/wp-content\/uploads\/2025\/04\/shutterstock_421952542-2048x1352.jpg 2048w, https:\/\/www.humanium.org\/de\/wp-content\/uploads\/2025\/04\/shutterstock_421952542-830x548.jpg 830w, https:\/\/www.humanium.org\/de\/wp-content\/uploads\/2025\/04\/shutterstock_421952542-230x152.jpg 230w, https:\/\/www.humanium.org\/de\/wp-content\/uploads\/2025\/04\/shutterstock_421952542-350x231.jpg 350w, https:\/\/www.humanium.org\/de\/wp-content\/uploads\/2025\/04\/shutterstock_421952542-480x317.jpg 480w\" sizes=\"auto, (max-width: 1024px) 100vw, 1024px\" \/><\/figure>\n\n\n\n<p>Umfassendere Untersuchungen zu den Ursachen von Vorf\u00e4llen mit Messern in jugendlichen Gemeinschaften zeigen eine Epidemie schwerer <a href=\"https:\/\/www.humanium.org\/de\/themenschwerpunkte\/gewalt\/\">Jugendgewalt<\/a>, von der sowohl junge Menschen, die regelm\u00e4\u00dfig in Gewalttaten verwickelt sind, als auch andere, indirekt, betroffen sind (His Majesty&#8217;s Inspectorate of Probation, 2024). <\/p>\n\n\n\n<p>Schwere Jugendgewalt bezieht sich auf Handlungen, die schwere oder gravierende K\u00f6rperverletzungen verursachen, oder auf Straftaten, die mit Waffen begangen werden und an denen Opfer bis zu 19 Jahren beteiligt sind. Es gibt Hinweise darauf, dass ganze Gemeinden von schwerer Jugendgewalt heimgesucht werden, die unter den Jugendlichen gro\u00dfe Angst verbreitet (His Majesty&#8217;s Inspectorate of Probation, 2024).<\/p>\n\n\n\n<p>Eine im Jahr 2023 durchgef\u00fchrte Umfrage unter fast 8000 Kindern in England und Wales zeigte ein \u00e4hnliches Ausma\u00df an gesellschaftlicher Instabilit\u00e4t: 25 % aller Befragten waren entweder T\u00e4ter oder Opfer von Gewalt (His Majesty&#8217;s Inspectorate of Probation, 2024). Fast die H\u00e4lfte derselben Befragten gab an, im Jahr 2023 Zeuge von Gewalt geworden zu sein (His Majesty&#8217;s Inspectorate of Probation, 2024).<\/p>\n\n\n\n<p>Schwere Jugendgewalt steht nachweislich auch in engem Zusammenhang mit anderen Formen der Sch\u00e4digung und Ausbeutung und \u00fcberschneidet sich mit \u201eCounty Lines\u201c &#8211; dem organisierten kriminellen Handel mit illegalen Drogen in England und Wales &#8211; und der kriminellen Ausbeutung von Kindern (His Majesty&#8217;s Inspectorate of Probation, 2024). In einer nationalen Landschaft, in der die Strafverfolgungsbeh\u00f6rden angesichts des anhaltenden Anstiegs der Kriminalit\u00e4t mit zunehmenden Ressourcenproblemen konfrontiert sind, besteht die Gefahr, dass die Polizeikr\u00e4fte von der Menge und dem Ausma\u00df der Gewalttaten \u00fcberrollt werden.<\/p>\n\n\n\n<h2 class=\"wp-block-heading\"><strong>L\u00fccken in der Reaktion<\/strong><\/h2>\n\n\n\n<p>Die nationalen Ma\u00dfnahmen zur Bek\u00e4mpfung der Messerkriminalit\u00e4t waren nicht in der Lage, die Ursachen f\u00fcr schwere <a href=\"https:\/\/www.humanium.org\/de\/themenschwerpunkte\/gewalt\/\">Jugendgewalt<\/a> umfassend zu bek\u00e4mpfen oder die Verbreitung und Zug\u00e4nglichkeit gef\u00e4hrlicher Waffen einzud\u00e4mmen. Letztere werden h\u00e4ufig mit Macheten oder so genannten \u201eZombiemessern\u201c ver\u00fcbt, d. h. mit verzierten und ausgekl\u00fcgelten Waffen, die von Zombie-Horrorfilmen inspiriert sind. Die Bem\u00fchungen um ein Verbot dieser Waffen haben sich als unwirksam erwiesen.&nbsp;<\/p>\n\n\n\n<p>Die vom Office for National Statistics Centre for Crime and Justice erhobenen Daten ergaben, dass zwischen April 2023 und M\u00e4rz 2024 von 262 Straftaten, die mit einem scharfen Gegenstand, 109 Straftaten mit einem K\u00fcchenmesser, 18 mit einer Machete, 13 mit einem Rambo-\/Kampfmesser und 4 mit einem Zombiemesser ver\u00fcbt wurden; die \u00fcbrigen scharfen Instrumente waren \u00c4xte, Schnappmesser, Jagdmesser, Sperrmesser, Schwerter und andere scharfe Instrumente (Office for Office for National Statistics Centre for Crime and Justice, 2025).<\/p>\n\n\n\n<p>Ein 2016 verh\u00e4ngtes Verbot des Verkaufs von Zombiemessern wurde durch eine L\u00fccke in der Rechtsvorschrift untergraben, die es den H\u00e4ndlern erm\u00f6glichte, die Werkzeuge neu zu kategorisieren, indem sie \u201ebedrohliche Inschriften von den Klingen entfernten\u201c und sie damit legal machten (Musa-Eiggie, 2025). Das Fehlen umfassender Rechtsvorschriften in Verbindung mit einem Mangel an opferfreundlichen Mechanismen f\u00fcr die Offenlegung und Abgabe von Waffen an die Strafverfolgungsbeh\u00f6rden hat dazu beigetragen, dass Messer weiterhin auf der Stra\u00dfe verkauft werden.&nbsp;<\/p>\n\n\n\n<p>Auf breiterer Ebene haben Studien festgestellt, dass es auf nationaler Ebene nicht gelungen ist, lokale Schutzpartnerschaften in den Kontext schwerer Jugendgewalt zu integrieren (His Majesty&#8217;s Inspectorate of Probation, 2024). Anstatt Kinder &#8211; ob T\u00e4ter oder nicht &#8211; als Opfer zu behandeln, hat die bisherige Reaktion der Regierung den Familien und Gemeinden wenig Anleitung gegeben, wie sie das Problem in ihrem lokalen Umfeld angehen k\u00f6nnen (His Majesty&#8217;s Inspectorate of Probation, 2024).<\/p>\n\n\n\n<p>Die bestehenden <a href=\"https:\/\/www.humanium.org\/de\/das-recht-auf-schutz\/\">Kinderschutzmechanismen<\/a> konzentrieren sich zu sehr auf Risiken innerhalb der Familie und weniger auf solche au\u00dferhalb des Hauses (His Majesty&#8217;s Inspectorate of Probation, 2024). Infolgedessen fallen einige Kinder, die in schwere Jugendgewalt verwickelt oder davon betroffen sind, nicht in den Geltungsbereich der nationalen Schutzma\u00dfnahmen und erhalten keine formalisierte Unterst\u00fctzung.&nbsp;<\/p>\n\n\n\n<p>Dar\u00fcber hinaus sind Kinder von den meisten Entscheidungsfindungsprozessen in Bezug auf die Politik und Strategie im m Bereich der mit Messern begangenen Straftaten isoliert worden. Wenn ihre Ansichten nicht vorrangig ber\u00fccksichtigt und in die nationalen Ma\u00dfnahmen einbezogen werden, besteht die Gefahr, dass die wichtigsten Ursachen der Gewalt \u00fcbersehen werden und &#8211; was entscheidend ist &#8211; einige der besonderen Merkmale, die die Gef\u00e4hrdung erh\u00f6hen, nicht erkannt werden (His Majesty&#8217;s Inspectorate of Probation, 2024).&nbsp;<\/p>\n\n\n\n<p>Obwohl Messergewaltkriminalit\u00e4t nicht diskriminierend ist, \u00fcberschneiden sich einige der ihr zugrunde liegenden Triebkr\u00e4fte mit gr\u00f6\u00dferen Ungerechtigkeiten im <a href=\"https:\/\/www.humanium.org\/de\/was-ist-gerechtigkeit\/\">Strafrechtssystem<\/a> (Popham, 2024). So sind beispielsweise Kinder mit einem bestimmten ethnischen und rassischen Hintergrund nicht nur h\u00e4ufiger von Schulausschl\u00fcssen betroffen und haben h\u00e4ufiger mit dem Strafrechtssystem zu tun, sondern werden auch unverh\u00e4ltnism\u00e4\u00dfig h\u00e4ufig von den Strafverfolgungsbeh\u00f6rden verh\u00f6rt und einer Leibesvisitation unterzogen (His Majesty&#8217;s Inspectorate of Probation, 2024).<\/p>\n\n\n\n<p>Studien aus den Jahren 2022-23 zeigen, dass schwarze Kinder in England und Wales im Vergleich zur nationalen Bev\u00f6lkerungsverteilung mehr als sechsmal so h\u00e4ufig ermordet und \u201edoppelt so h\u00e4ufig verhaftet\u201c werden (His Majesty&#8217;s Inspectorate of Probation, 2024). Wenn die politischen Entscheidungstr\u00e4ger diese zugrundeliegenden Ungleichheiten nicht ber\u00fccksichtigen und direkt angehen, laufen sie Gefahr, Ma\u00dfnahmen umzusetzen, die den am st\u00e4rksten gef\u00e4hrdeten Gemeinschaften keine Priorit\u00e4t einr\u00e4umen.<\/p>\n\n\n\n<h2 class=\"wp-block-heading\"><strong>Wege in die Zukunft&nbsp;<\/strong><\/h2>\n\n\n\n<p>Die in den letzten zwei Jahren erfolgten Ver\u00e4nderungen in der Politik und der Strafverfolgung geben Anlass zu Optimismus, was die Priorisierung der mit Messern begangenen Straftaten angeht. Auf gesetzgeberischer Ebene wird die Crime and Policing Bill der Regierung das bestehende Schlupfloch f\u00fcr Zombiemesser und Samuraischwerter schlie\u00dfen und neuartige Sanktionen f\u00fcr Tech-Unternehmen vorsehen, die den Verkauf von verbotenen Messern auf ihren Plattformen zulassen (Nevett, 2024).&nbsp;<\/p>\n\n\n\n<p>Der Gesetzentwurf verpflichtet Einzelh\u00e4ndler au\u00dferdem, verd\u00e4chtige Messerk\u00e4ufe zu melden, strengere Ausweiskontrollen f\u00fcr K\u00e4ufer vorzuschreiben und im Laufe der Zeit an einem Lizenzierungssystem zur Registrierung und Verfolgung von Messerk\u00e4ufen teilzunehmen (Green &amp; Bridge, 2025). Auf Anregung des Nationalen Rates der Polizeichefs (National Police Chief&#8217;s Council, NPCC) sieht der Gesetzentwurf auch h\u00f6here Haftstrafen f\u00fcr die Weitergabe von Waffen an Kinder und einen neuen Straftatbestand des \u201eBesitzes mit gewaltt\u00e4tiger Absicht\u201c vor, um potenzielle Straft\u00e4ter st\u00e4rker abzuschrecken (Green &amp; Bridge, 2025).&nbsp;<\/p>\n\n\n\n<p>Ende 2024 ermutigte und erm\u00f6glichte die Regierung legalen Messerbesitzern, ihre Waffen ohne Strafverfolgung bei der Polizei abzugeben (Musa-Eiggie, 2025). Als Reaktion auf die Forderung nach wirksameren beh\u00f6rden\u00fcbergreifenden Partnerschaften zu diesem Thema hat der Premierminister k\u00fcrzlich eine sektor\u00fcbergreifende Koalition zur Bek\u00e4mpfung der Messerkriminalit\u00e4t ins Leben gerufen.<\/p>\n\n\n\n<p>Diese Partnerschaft umfasst die Regierung, die Opfer und ihre Familien, Technologieunternehmen, lokale Basisorganisationen und Partner des \u00f6ffentlichen Dienstes &#8211; <a href=\"https:\/\/www.humanium.org\/de\/das-recht-auf-gesundheit\/\">Gesundheit<\/a>, <a href=\"https:\/\/www.humanium.org\/de\/recht-bildung-weltweit\/\">Bildung<\/a> und Strafverfolgung (Home Office, 2024).&nbsp;<\/p>\n\n\n\n<p>Vor Ort hat sich die Regierung verpflichtet, die Bem\u00fchungen zur Verbesserung der \u00f6ffentlichen Sicherheit zu f\u00f6rdern und in sie zu investieren. F\u00fcr die nationalen Polizeikr\u00e4fte wurden als Reaktion auf die gravierenden Kapazit\u00e4tsprobleme 13.000 zus\u00e4tzliche Beamte zugesagt (Nevett, 2024). Im Rahmen der \u201eSerious Violence Duty\u201c (Pflicht zur Bek\u00e4mpfung von schwerer Gewalt), die 2023 eingef\u00fchrt wurde, hat die Regierung au\u00dferdem die Stadtverwaltungen und lokalen Beh\u00f6rden aufgefordert, routinem\u00e4\u00dfig Informationen \u00fcber schwere Gewalt auszutauschen und Strategien zu entwickeln, die die Ursachen bek\u00e4mpfen (His Majesty&#8217;s Inspectorate of Probation, 2024).<\/p>\n\n\n\n<figure class=\"wp-block-image size-large\"><img loading=\"lazy\" decoding=\"async\" width=\"1024\" height=\"683\" src=\"https:\/\/www.humanium.org\/de\/wp-content\/uploads\/2025\/04\/shutterstock_2107153184-1024x683.jpg\" alt=\"\" class=\"wp-image-18538\" srcset=\"https:\/\/www.humanium.org\/de\/wp-content\/uploads\/2025\/04\/shutterstock_2107153184-1024x683.jpg 1024w, https:\/\/www.humanium.org\/de\/wp-content\/uploads\/2025\/04\/shutterstock_2107153184-300x200.jpg 300w, https:\/\/www.humanium.org\/de\/wp-content\/uploads\/2025\/04\/shutterstock_2107153184-768x512.jpg 768w, https:\/\/www.humanium.org\/de\/wp-content\/uploads\/2025\/04\/shutterstock_2107153184-1536x1025.jpg 1536w, https:\/\/www.humanium.org\/de\/wp-content\/uploads\/2025\/04\/shutterstock_2107153184-2048x1366.jpg 2048w, https:\/\/www.humanium.org\/de\/wp-content\/uploads\/2025\/04\/shutterstock_2107153184-830x554.jpg 830w, https:\/\/www.humanium.org\/de\/wp-content\/uploads\/2025\/04\/shutterstock_2107153184-230x153.jpg 230w, https:\/\/www.humanium.org\/de\/wp-content\/uploads\/2025\/04\/shutterstock_2107153184-350x233.jpg 350w, https:\/\/www.humanium.org\/de\/wp-content\/uploads\/2025\/04\/shutterstock_2107153184-480x320.jpg 480w, https:\/\/www.humanium.org\/de\/wp-content\/uploads\/2025\/04\/shutterstock_2107153184-272x182.jpg 272w\" sizes=\"auto, (max-width: 1024px) 100vw, 1024px\" \/><\/figure>\n\n\n\n<p>Humanium setzt sich f\u00fcr eine Welt ein, in der die Rechte von Kindern in allen Situationen, in denen sie betroffen sind, universell und wirksam geachtet, gesch\u00fctzt und durchgesetzt werden. Sie k\u00f6nnen dazu beitragen, das Bewusstsein f\u00fcr die Belange von Kindern in der Welt zu sch\u00e4rfen, indem Sie Humanium unterst\u00fctzen &#8211; durch eine <a href=\"https:\/\/www.humanium.org\/de\/pate-werden-2\/\">Patenschaft f\u00fcr ein Kind<\/a>, <a href=\"https:\/\/www.humanium.org\/de\/spenden\/\">eine Spende<\/a>, eine Mitgliedschaft oder einen <a href=\"https:\/\/www.humanium.org\/de\/teilnehmen-2\/volunteer\/\">Freiwilligendienst<\/a>.<\/p>\n\n\n\n<p><em><strong>Geschrieben von Vanessa Cezarita Cordeiro<\/strong><\/em><\/p>\n\n\n\n<p><em><strong>\u00dcbersetzt von Michael Aschenbrenner<\/strong><\/em><\/p>\n\n\n\n<p><em><strong>Korrektur gelesen von Marie Podewski<\/strong><\/em><\/p>\n\n\n\n<h4 class=\"wp-block-heading\"><strong>Referenzen:<\/strong><\/h4>\n\n\n\n<p class=\"has-small-font-size\">Adams, Richard. (2024, November 20). <a href=\"https:\/\/www.theguardian.com\/uk-news\/2024\/nov\/20\/knife-blighting-the-lives-of-too-many-children-in-england-warn-inspectors\" target=\"_blank\" rel=\"noreferrer noopener\">\u201cKnife crime \u2018blighting the lives of too many children\u2019 in England, warns inspectors.\u201d<\/a> Retrieved from The Guardian, accessed on 25 February 2025.&nbsp;<\/p>\n\n\n\n<p class=\"has-small-font-size\">Green, R. &amp; Bridge, R. (2025, 19 February). <a href=\"https:\/\/www.bbc.co.uk\/news\/articles\/c4g0ldgvnx3o#:~:text=A%20new%20offence%20of%20%22possession,scheme%20for%20online%20knife%20sellers\" target=\"_blank\" rel=\"noreferrer noopener\">\u201cNew knife laws will make difference, says victim\u2019s sister.\u201d<\/a> Retrieved from BBC News, accessed on 25 February 2025.&nbsp;<\/p>\n\n\n\n<p class=\"has-small-font-size\">His Majesty\u2019s Inspectorate of Probation. (2024, November 20). <a href=\"https:\/\/www.gov.uk\/government\/publications\/multi-agency-responses-to-serious-youth-violence-working-together-to-support-and-protect-children\/multi-agency-responses-to-serious-youth-violence-working-together-to-support-and-protect-children\">\u201cMulti-agency responses to serious youth violence: working together to support and protect <\/a><a href=\"https:\/\/www.gov.uk\/government\/publications\/multi-agency-responses-to-serious-youth-violence-working-together-to-support-and-protect-children\/multi-agency-responses-to-serious-youth-violence-working-together-to-support-and-protect-children\" target=\"_blank\" rel=\"noreferrer noopener\">children<\/a><a href=\"https:\/\/www.gov.uk\/government\/publications\/multi-agency-responses-to-serious-youth-violence-working-together-to-support-and-protect-children\/multi-agency-responses-to-serious-youth-violence-working-together-to-support-and-protect-children\">.\u201d<\/a> Retrieved from His Majesty\u2019s Inspectorate of Probation, accessed on 25 February 2025.&nbsp;<\/p>\n\n\n\n<p class=\"has-small-font-size\">Home Office. (2024, 9 September). <a href=\"https:\/\/www.gov.uk\/government\/news\/government-to-launch-new-coalition-to-tackle-knife-crime\" target=\"_blank\" rel=\"noreferrer noopener\">\u201cGovernment to launch new coalition to tackle knife crime.\u201d<\/a> Retrieved from Home Office, accessed on 25 February 2025.&nbsp;<\/p>\n\n\n\n<p class=\"has-small-font-size\">Musa-Eiggie, L. (2025, January 30). <a href=\"https:\/\/youthendowmentfund.org.uk\/four-months-on-zombie-knife-ban-has-it-made-a-difference\/\" target=\"_blank\" rel=\"noreferrer noopener\">\u201cFour months on: Zombie knife ban \u2013 has it made a difference?\u201d<\/a> Retrieved from Youth Endowment Fund, accessed on 1 March 2025.<\/p>\n\n\n\n<p class=\"has-small-font-size\">Nevett, J. (2024, September 24). <a href=\"https:\/\/www.bbc.co.uk\/news\/articles\/c3e9vv3jzzxo\" target=\"_blank\" rel=\"noreferrer noopener\">\u201cLabour on a mission to halve knife crime, Cooper says.\u201d<\/a> Retrieved from BBC News, accessed on 28 February 2025.&nbsp;<\/p>\n\n\n\n<p class=\"has-small-font-size\">Office for National Statistics. (2025, January 30). <a href=\"https:\/\/www.ons.gov.uk\/peoplepopulationandcommunity\/crimeandjustice\/bulletins\/crimeinenglandandwales\/yearendingseptember2024\" target=\"_blank\" rel=\"noreferrer noopener\">\u201cCrime in England and Wales: year ending September 2024.\u201d<\/a> Retrieved from Office for National Statistics, accessed on 28 February 2025.&nbsp;<\/p>\n\n\n\n<p class=\"has-small-font-size\">Office for National Statistics Centre for Crime and Justice. (2025, February 6). <a href=\"https:\/\/www.ons.gov.uk\/peoplepopulationandcommunity\/crimeandjustice\/datasets\/appendixtableshomicideinenglandandwales\" target=\"_blank\" rel=\"noreferrer noopener\">\u201cHomicide in England and Wales: year ending March 2024 \u2013 appendix tables.\u201d<\/a> Retrieved from Office for National Statistics, accessed on 10 March 2025.&nbsp;<\/p>\n\n\n\n<p class=\"has-small-font-size\">Popham, Dr. C. (2024, May 23). <a href=\"https:\/\/youthendowmentfund.org.uk\/behind-the-knife-crime-statistics-understanding-children-who-carry-weapons\/\" target=\"_blank\" rel=\"noreferrer noopener\">\u201cBehind the knife crime statistics: understanding children who carry weapons.\u201d<\/a> Retrieved from Youth Endowment Fund, accessed on 1 March 2025.&nbsp;<\/p>\n\n\n\n<p class=\"has-small-font-size\">Walker, G. &amp; Sandeman, G. <a href=\"https:\/\/www.bbc.co.uk\/news\/articles\/c1jgz1ld7lno\" target=\"_blank\" rel=\"noreferrer noopener\">\u201cIdris Elba on stabbing crisis: \u2018not all kitchen knives need a point on them.\u2019\u201d<\/a> Retrieved from BBC News, accessed on 25 February 2025.<\/p>\n","protected":false},"excerpt":{"rendered":"<p>In den letzten zehn Jahren hat die Kriminalit\u00e4t mit Messern in England und Wales in alarmierendem Ma\u00dfe zugenommen. Angetrieben von einer zugrundeliegenden, wachsenden Epidemie schwerer Jugendgewalt und beg\u00fcnstigt durch fortgesetzte M\u00e4ngel in Gesetzgebung und Politik, ist dieses Verbrechen zu einem der gr\u00f6\u00dften Risiken f\u00fcr die Sicherheit von Kindern geworden. Obwohl die j\u00fcngsten Entwicklungen auf eine [&hellip;]<\/p>\n","protected":false},"author":39,"featured_media":18539,"comment_status":"closed","ping_status":"closed","sticky":false,"template":"","format":"standard","meta":{"footnotes":""},"categories":[160,163],"tags":[],"class_list":["post-18536","post","type-post","status-publish","format-standard","has-post-thumbnail","hentry","category-gewalt","category-kinderrechte"],"yoast_head":"<!-- This site is optimized with the Yoast SEO plugin v26.5 - https:\/\/yoast.com\/wordpress\/plugins\/seo\/ -->\n<title>Die erschreckenden Auswirkungen von Messerkriminalit\u00e4t auf Jugendliche in England und Wales - Humanium<\/title>\n<meta name=\"description\" content=\"In den letzten zehn Jahren hat die Kriminalit\u00e4t mit Messern in England und Wales in alarmierendem Ma\u00dfe zugenommen.\" \/>\n<meta name=\"robots\" content=\"index, follow, max-snippet:-1, max-image-preview:large, max-video-preview:-1\" \/>\n<link rel=\"canonical\" href=\"https:\/\/www.humanium.org\/de\/die-erschreckenden-auswirkungen-von-messerkriminalitaet-auf-jugendliche-im-vereinigten-koenigreich\/\" \/>\n<meta property=\"og:locale\" content=\"de_DE\" \/>\n<meta property=\"og:type\" content=\"article\" \/>\n<meta property=\"og:title\" content=\"Die erschreckenden Auswirkungen von Messerkriminalit\u00e4t auf Jugendliche in England und Wales - Humanium\" \/>\n<meta property=\"og:description\" content=\"In den letzten zehn Jahren hat die Kriminalit\u00e4t mit Messern in England und Wales in alarmierendem Ma\u00dfe zugenommen.\" \/>\n<meta property=\"og:url\" content=\"https:\/\/www.humanium.org\/de\/die-erschreckenden-auswirkungen-von-messerkriminalitaet-auf-jugendliche-im-vereinigten-koenigreich\/\" \/>\n<meta property=\"og:site_name\" content=\"Humanium\" \/>\n<meta property=\"article:published_time\" content=\"2025-04-08T19:30:47+00:00\" \/>\n<meta property=\"article:modified_time\" content=\"2025-12-06T06:29:00+00:00\" \/>\n<meta property=\"og:image\" content=\"https:\/\/www.humanium.org\/de\/wp-content\/uploads\/2025\/04\/shutterstock_2569706187-scaled.jpg\" \/>\n\t<meta property=\"og:image:width\" content=\"2560\" \/>\n\t<meta property=\"og:image:height\" content=\"1536\" \/>\n\t<meta property=\"og:image:type\" content=\"image\/jpeg\" \/>\n<meta name=\"author\" content=\"Vanessa Cezarita Cordeiro\" \/>\n<meta name=\"twitter:card\" content=\"summary_large_image\" \/>\n<meta name=\"twitter:label1\" content=\"Verfasst von\" \/>\n\t<meta name=\"twitter:data1\" content=\"Vanessa Cezarita Cordeiro\" \/>\n\t<meta name=\"twitter:label2\" content=\"Gesch\u00e4tzte Lesezeit\" \/>\n\t<meta name=\"twitter:data2\" content=\"11\u00a0Minuten\" \/>\n<script type=\"application\/ld+json\" class=\"yoast-schema-graph\">{\"@context\":\"https:\/\/schema.org\",\"@graph\":[{\"@type\":\"WebPage\",\"@id\":\"https:\/\/www.humanium.org\/de\/die-erschreckenden-auswirkungen-von-messerkriminalitaet-auf-jugendliche-im-vereinigten-koenigreich\/\",\"url\":\"https:\/\/www.humanium.org\/de\/die-erschreckenden-auswirkungen-von-messerkriminalitaet-auf-jugendliche-im-vereinigten-koenigreich\/\",\"name\":\"Die erschreckenden Auswirkungen von Messerkriminalit\u00e4t auf Jugendliche in England und Wales - Humanium\",\"isPartOf\":{\"@id\":\"https:\/\/www.humanium.org\/de\/#website\"},\"primaryImageOfPage\":{\"@id\":\"https:\/\/www.humanium.org\/de\/die-erschreckenden-auswirkungen-von-messerkriminalitaet-auf-jugendliche-im-vereinigten-koenigreich\/#primaryimage\"},\"image\":{\"@id\":\"https:\/\/www.humanium.org\/de\/die-erschreckenden-auswirkungen-von-messerkriminalitaet-auf-jugendliche-im-vereinigten-koenigreich\/#primaryimage\"},\"thumbnailUrl\":\"https:\/\/www.humanium.org\/de\/wp-content\/uploads\/2025\/04\/shutterstock_2569706187-scaled.jpg\",\"datePublished\":\"2025-04-08T19:30:47+00:00\",\"dateModified\":\"2025-12-06T06:29:00+00:00\",\"author\":{\"@id\":\"https:\/\/www.humanium.org\/de\/#\/schema\/person\/93ecc3e4286f4c7f7632c71aaf1c8078\"},\"description\":\"In den letzten zehn Jahren hat die Kriminalit\u00e4t mit Messern in England und Wales in alarmierendem Ma\u00dfe zugenommen.\",\"breadcrumb\":{\"@id\":\"https:\/\/www.humanium.org\/de\/die-erschreckenden-auswirkungen-von-messerkriminalitaet-auf-jugendliche-im-vereinigten-koenigreich\/#breadcrumb\"},\"inLanguage\":\"de\",\"potentialAction\":[{\"@type\":\"ReadAction\",\"target\":[\"https:\/\/www.humanium.org\/de\/die-erschreckenden-auswirkungen-von-messerkriminalitaet-auf-jugendliche-im-vereinigten-koenigreich\/\"]}]},{\"@type\":\"ImageObject\",\"inLanguage\":\"de\",\"@id\":\"https:\/\/www.humanium.org\/de\/die-erschreckenden-auswirkungen-von-messerkriminalitaet-auf-jugendliche-im-vereinigten-koenigreich\/#primaryimage\",\"url\":\"https:\/\/www.humanium.org\/de\/wp-content\/uploads\/2025\/04\/shutterstock_2569706187-scaled.jpg\",\"contentUrl\":\"https:\/\/www.humanium.org\/de\/wp-content\/uploads\/2025\/04\/shutterstock_2569706187-scaled.jpg\",\"width\":2560,\"height\":1536},{\"@type\":\"BreadcrumbList\",\"@id\":\"https:\/\/www.humanium.org\/de\/die-erschreckenden-auswirkungen-von-messerkriminalitaet-auf-jugendliche-im-vereinigten-koenigreich\/#breadcrumb\",\"itemListElement\":[{\"@type\":\"ListItem\",\"position\":1,\"name\":\"Home\",\"item\":\"https:\/\/www.humanium.org\/de\/\"},{\"@type\":\"ListItem\",\"position\":2,\"name\":\"Die erschreckenden Auswirkungen von Messerkriminalit\u00e4t auf Jugendliche in England und Wales\"}]},{\"@type\":\"WebSite\",\"@id\":\"https:\/\/www.humanium.org\/de\/#website\",\"url\":\"https:\/\/www.humanium.org\/de\/\",\"name\":\"Humanium\",\"description\":\"Kinder zuerst!\",\"potentialAction\":[{\"@type\":\"SearchAction\",\"target\":{\"@type\":\"EntryPoint\",\"urlTemplate\":\"https:\/\/www.humanium.org\/de\/?s={search_term_string}\"},\"query-input\":{\"@type\":\"PropertyValueSpecification\",\"valueRequired\":true,\"valueName\":\"search_term_string\"}}],\"inLanguage\":\"de\"},{\"@type\":\"Person\",\"@id\":\"https:\/\/www.humanium.org\/de\/#\/schema\/person\/93ecc3e4286f4c7f7632c71aaf1c8078\",\"name\":\"Vanessa Cezarita Cordeiro\",\"image\":{\"@type\":\"ImageObject\",\"inLanguage\":\"de\",\"@id\":\"https:\/\/www.humanium.org\/de\/#\/schema\/person\/image\/\",\"url\":\"https:\/\/secure.gravatar.com\/avatar\/0559163422e9f090cc60171463e5a5933678243c9f96d5af50a11619682439d4?s=96&d=mm&r=g\",\"contentUrl\":\"https:\/\/secure.gravatar.com\/avatar\/0559163422e9f090cc60171463e5a5933678243c9f96d5af50a11619682439d4?s=96&d=mm&r=g\",\"caption\":\"Vanessa Cezarita Cordeiro\"},\"sameAs\":[\"https:\/\/www.linkedin.com\/in\/vanessa-cezarita-cordeiro-5655aa123\/\"],\"url\":\"https:\/\/www.humanium.org\/de\/author\/autor_vanessacezaritacordeiro\/\"}]}<\/script>\n<!-- \/ Yoast SEO plugin. -->","yoast_head_json":{"title":"Die erschreckenden Auswirkungen von Messerkriminalit\u00e4t auf Jugendliche in England und Wales - Humanium","description":"In den letzten zehn Jahren hat die Kriminalit\u00e4t mit Messern in England und Wales in alarmierendem Ma\u00dfe zugenommen.","robots":{"index":"index","follow":"follow","max-snippet":"max-snippet:-1","max-image-preview":"max-image-preview:large","max-video-preview":"max-video-preview:-1"},"canonical":"https:\/\/www.humanium.org\/de\/die-erschreckenden-auswirkungen-von-messerkriminalitaet-auf-jugendliche-im-vereinigten-koenigreich\/","og_locale":"de_DE","og_type":"article","og_title":"Die erschreckenden Auswirkungen von Messerkriminalit\u00e4t auf Jugendliche in England und Wales - Humanium","og_description":"In den letzten zehn Jahren hat die Kriminalit\u00e4t mit Messern in England und Wales in alarmierendem Ma\u00dfe zugenommen.","og_url":"https:\/\/www.humanium.org\/de\/die-erschreckenden-auswirkungen-von-messerkriminalitaet-auf-jugendliche-im-vereinigten-koenigreich\/","og_site_name":"Humanium","article_published_time":"2025-04-08T19:30:47+00:00","article_modified_time":"2025-12-06T06:29:00+00:00","og_image":[{"width":2560,"height":1536,"url":"https:\/\/www.humanium.org\/de\/wp-content\/uploads\/2025\/04\/shutterstock_2569706187-scaled.jpg","type":"image\/jpeg"}],"author":"Vanessa Cezarita Cordeiro","twitter_card":"summary_large_image","twitter_misc":{"Verfasst von":"Vanessa Cezarita Cordeiro","Gesch\u00e4tzte Lesezeit":"11\u00a0Minuten"},"schema":{"@context":"https:\/\/schema.org","@graph":[{"@type":"WebPage","@id":"https:\/\/www.humanium.org\/de\/die-erschreckenden-auswirkungen-von-messerkriminalitaet-auf-jugendliche-im-vereinigten-koenigreich\/","url":"https:\/\/www.humanium.org\/de\/die-erschreckenden-auswirkungen-von-messerkriminalitaet-auf-jugendliche-im-vereinigten-koenigreich\/","name":"Die erschreckenden Auswirkungen von Messerkriminalit\u00e4t auf Jugendliche in England und Wales - Humanium","isPartOf":{"@id":"https:\/\/www.humanium.org\/de\/#website"},"primaryImageOfPage":{"@id":"https:\/\/www.humanium.org\/de\/die-erschreckenden-auswirkungen-von-messerkriminalitaet-auf-jugendliche-im-vereinigten-koenigreich\/#primaryimage"},"image":{"@id":"https:\/\/www.humanium.org\/de\/die-erschreckenden-auswirkungen-von-messerkriminalitaet-auf-jugendliche-im-vereinigten-koenigreich\/#primaryimage"},"thumbnailUrl":"https:\/\/www.humanium.org\/de\/wp-content\/uploads\/2025\/04\/shutterstock_2569706187-scaled.jpg","datePublished":"2025-04-08T19:30:47+00:00","dateModified":"2025-12-06T06:29:00+00:00","author":{"@id":"https:\/\/www.humanium.org\/de\/#\/schema\/person\/93ecc3e4286f4c7f7632c71aaf1c8078"},"description":"In den letzten zehn Jahren hat die Kriminalit\u00e4t mit Messern in England und Wales in alarmierendem Ma\u00dfe zugenommen.","breadcrumb":{"@id":"https:\/\/www.humanium.org\/de\/die-erschreckenden-auswirkungen-von-messerkriminalitaet-auf-jugendliche-im-vereinigten-koenigreich\/#breadcrumb"},"inLanguage":"de","potentialAction":[{"@type":"ReadAction","target":["https:\/\/www.humanium.org\/de\/die-erschreckenden-auswirkungen-von-messerkriminalitaet-auf-jugendliche-im-vereinigten-koenigreich\/"]}]},{"@type":"ImageObject","inLanguage":"de","@id":"https:\/\/www.humanium.org\/de\/die-erschreckenden-auswirkungen-von-messerkriminalitaet-auf-jugendliche-im-vereinigten-koenigreich\/#primaryimage","url":"https:\/\/www.humanium.org\/de\/wp-content\/uploads\/2025\/04\/shutterstock_2569706187-scaled.jpg","contentUrl":"https:\/\/www.humanium.org\/de\/wp-content\/uploads\/2025\/04\/shutterstock_2569706187-scaled.jpg","width":2560,"height":1536},{"@type":"BreadcrumbList","@id":"https:\/\/www.humanium.org\/de\/die-erschreckenden-auswirkungen-von-messerkriminalitaet-auf-jugendliche-im-vereinigten-koenigreich\/#breadcrumb","itemListElement":[{"@type":"ListItem","position":1,"name":"Home","item":"https:\/\/www.humanium.org\/de\/"},{"@type":"ListItem","position":2,"name":"Die erschreckenden Auswirkungen von Messerkriminalit\u00e4t auf Jugendliche in England und Wales"}]},{"@type":"WebSite","@id":"https:\/\/www.humanium.org\/de\/#website","url":"https:\/\/www.humanium.org\/de\/","name":"Humanium","description":"Kinder zuerst!","potentialAction":[{"@type":"SearchAction","target":{"@type":"EntryPoint","urlTemplate":"https:\/\/www.humanium.org\/de\/?s={search_term_string}"},"query-input":{"@type":"PropertyValueSpecification","valueRequired":true,"valueName":"search_term_string"}}],"inLanguage":"de"},{"@type":"Person","@id":"https:\/\/www.humanium.org\/de\/#\/schema\/person\/93ecc3e4286f4c7f7632c71aaf1c8078","name":"Vanessa Cezarita Cordeiro","image":{"@type":"ImageObject","inLanguage":"de","@id":"https:\/\/www.humanium.org\/de\/#\/schema\/person\/image\/","url":"https:\/\/secure.gravatar.com\/avatar\/0559163422e9f090cc60171463e5a5933678243c9f96d5af50a11619682439d4?s=96&d=mm&r=g","contentUrl":"https:\/\/secure.gravatar.com\/avatar\/0559163422e9f090cc60171463e5a5933678243c9f96d5af50a11619682439d4?s=96&d=mm&r=g","caption":"Vanessa Cezarita Cordeiro"},"sameAs":["https:\/\/www.linkedin.com\/in\/vanessa-cezarita-cordeiro-5655aa123\/"],"url":"https:\/\/www.humanium.org\/de\/author\/autor_vanessacezaritacordeiro\/"}]}},"_links":{"self":[{"href":"https:\/\/www.humanium.org\/de\/wp-json\/wp\/v2\/posts\/18536","targetHints":{"allow":["GET"]}}],"collection":[{"href":"https:\/\/www.humanium.org\/de\/wp-json\/wp\/v2\/posts"}],"about":[{"href":"https:\/\/www.humanium.org\/de\/wp-json\/wp\/v2\/types\/post"}],"author":[{"embeddable":true,"href":"https:\/\/www.humanium.org\/de\/wp-json\/wp\/v2\/users\/39"}],"replies":[{"embeddable":true,"href":"https:\/\/www.humanium.org\/de\/wp-json\/wp\/v2\/comments?post=18536"}],"version-history":[{"count":5,"href":"https:\/\/www.humanium.org\/de\/wp-json\/wp\/v2\/posts\/18536\/revisions"}],"predecessor-version":[{"id":21091,"href":"https:\/\/www.humanium.org\/de\/wp-json\/wp\/v2\/posts\/18536\/revisions\/21091"}],"wp:featuredmedia":[{"embeddable":true,"href":"https:\/\/www.humanium.org\/de\/wp-json\/wp\/v2\/media\/18539"}],"wp:attachment":[{"href":"https:\/\/www.humanium.org\/de\/wp-json\/wp\/v2\/media?parent=18536"}],"wp:term":[{"taxonomy":"category","embeddable":true,"href":"https:\/\/www.humanium.org\/de\/wp-json\/wp\/v2\/categories?post=18536"},{"taxonomy":"post_tag","embeddable":true,"href":"https:\/\/www.humanium.org\/de\/wp-json\/wp\/v2\/tags?post=18536"}],"curies":[{"name":"wp","href":"https:\/\/api.w.org\/{rel}","templated":true}]}}