{"id":7399,"date":"2016-12-09T17:18:52","date_gmt":"2016-12-09T17:18:52","guid":{"rendered":"http:\/\/www.humanium.org\/de\/?p=7399"},"modified":"2017-10-04T08:18:21","modified_gmt":"2017-10-04T08:18:21","slug":"migrantenkinder-aus-mittelamerika","status":"publish","type":"post","link":"https:\/\/www.humanium.org\/de\/migrantenkinder-aus-mittelamerika\/","title":{"rendered":"EINE GEF\u00c4HRLICHE REISE: DIE UNBEGLEITETEN KINDERFL\u00dcCHTLINGE AUS ZENTRALAMERIKA"},"content":{"rendered":"<p>&nbsp;<\/p>\n<p>Zwischen Oktober 2013 und August 2015 erreichten <strong>102 327 unbegleitete Kinder<\/strong> aus Mittelamerika (76 572 aus dem &#8222;N\u00f6rdlichen Dreieck&#8220; und 25 755 aus Mexiko) die US-Grenze zu Mexiko (Sarah Pierce, Migration Policy Institute, 2015). Auf den Anstieg der Fl\u00fcchtlinge reagierten die USA und Mexiko mit der Versch\u00e4rfung polizeilicher und juristischer Ma\u00dfnahmen, was die Abschiebung vieler asylberechtigter Minderj\u00e4hriger bedeutete.<\/p>\n<p>Alleine im ersten Halbjahr 2016 erreichten 26 000 unbegleitete Kinder die Grenze (UNICEF, 2016). Die Zahlen zeigen, dass das Problem weiterhin besteht und, dass effektive Strategien zum Fl\u00fcchtlingsschutz in den Herkunftsl\u00e4ndern sowie im Zielland noch umgesetzt werden m\u00fcssen.<\/p>\n<p><strong>Warum machen sich Kinder auf den Weg in den Norden? <\/strong><\/p>\n<p>Die meisten Kinder kommen aus El Salvador, Guatemala und Honduras, dem sogenannten mittelamerikanischen &#8222;N\u00f6rdlichen Dreieck&#8220;. Es ist eine der gewaltt\u00e4tigsten Regionen der Welt (UNICEF, 2016). Sie fl\u00fcchten aus schwierigen Verh\u00e4ltnissen, vor Gewalt und bitterer Armut<\/p>\n<p><a href=\"https:\/\/www.humanium.org\/de\/wp-content\/uploads\/2016\/12\/Photo.jpg\"><img loading=\"lazy\" decoding=\"async\" class=\"size-medium wp-image-7400 alignleft\" src=\"https:\/\/www.humanium.org\/de\/wp-content\/uploads\/2016\/12\/Photo-300x201.jpg\" alt=\"\" width=\"300\" height=\"201\" srcset=\"https:\/\/www.humanium.org\/de\/wp-content\/uploads\/2016\/12\/Photo-300x201.jpg 300w, https:\/\/www.humanium.org\/de\/wp-content\/uploads\/2016\/12\/Photo-230x154.jpg 230w, https:\/\/www.humanium.org\/de\/wp-content\/uploads\/2016\/12\/Photo-350x235.jpg 350w, https:\/\/www.humanium.org\/de\/wp-content\/uploads\/2016\/12\/Photo-480x322.jpg 480w, https:\/\/www.humanium.org\/de\/wp-content\/uploads\/2016\/12\/Photo-272x182.jpg 272w, https:\/\/www.humanium.org\/de\/wp-content\/uploads\/2016\/12\/Photo.jpg 500w\" sizes=\"auto, (max-width: 300px) 100vw, 300px\" \/><\/a><\/p>\n<p>Viele der Kinder und Jugendlichen auf dem Weg in den Norden fliehen vor den sogenannten &#8222;Maras&#8220;, lateinamerikanischer Banden, die in den 70ern in Kalifornien, USA gegr\u00fcndet wurden. Diese Banden vergr\u00f6\u00dferten sich als in den 80ern zahlreiche Mittelamerikaner vor den in ihren Heimatl\u00e4ndern herrschenden B\u00fcrgerkriegen, in die USA fl\u00fcchteten. Nach Beendung der B\u00fcrgerkriege in El Salvador, Guatemala und Honduras, veranlassten die Vereinigten Staaten eine Massenabschiebung von Bandenmitgliedern in ihre mittelamerikanischen Heimatl\u00e4nder, ohne angemessene Strategien zur Wiedereingliederung der Betroffenen in die Gesellschaft zu haben. Das Ergebnis war eine St\u00e4rkung und Ausbreitung solcher Banden, die gegeneinander um die Kontrolle \u00fcber Stadtgebiete und dem Drogen- und Waffenhandel k\u00e4mpften und die Auftragsmorde und Erpressungen ausf\u00fchrten (Rivera. 2011). Sie rekrutieren Minderj\u00e4hrige, die in diesen Banden einen Ausweg aus der t\u00e4glichen Armut und Ungewissheit sehen. Andere wiederum werden unter Todesdrohungen zur Mitgliedschaft gezwungen. Die Mitglieder dieser Banden sind zwischen 9 und 25 Jahren alt (Rivera, 2011).<\/p>\n<p>Au\u00dferdem begeben sich die Minderj\u00e4hrigen auf diese Reise um extremer Armut, mangelnder Bildung und Arbeitslosigkeit zu entkommen. Vorkommnisse wie Kindesmissbrauch und h\u00e4usliche Gewalt sind in diesen L\u00e4ndern an der Tagesordnung und verschlimmern die Situation der Kinder weiter. Um \u00e4hnlichem Elend zu entkommen, reisen andere Fl\u00fcchtlinge zu Verwandten, die schon in den Vereinigten Staaten leben (UNICEF, 2016). Angesichts dieser Lage glauben die Kinder, dass sie am Ende dieser Reise der &#8222;American Dream&#8220; erwartet.<\/p>\n<p><strong>Der Weg in den Norden: eine gef\u00e4hrliche Reise <\/strong><\/p>\n<p><a href=\"https:\/\/www.humanium.org\/de\/wp-content\/uploads\/2016\/12\/shutterstock_396192478.jpg\"><img loading=\"lazy\" decoding=\"async\" class=\"size-medium wp-image-7401 aligncenter\" src=\"https:\/\/www.humanium.org\/de\/wp-content\/uploads\/2016\/12\/shutterstock_396192478-240x300.jpg\" alt=\"\" width=\"240\" height=\"300\" srcset=\"https:\/\/www.humanium.org\/de\/wp-content\/uploads\/2016\/12\/shutterstock_396192478-240x300.jpg 240w, https:\/\/www.humanium.org\/de\/wp-content\/uploads\/2016\/12\/shutterstock_396192478-230x288.jpg 230w, https:\/\/www.humanium.org\/de\/wp-content\/uploads\/2016\/12\/shutterstock_396192478-350x438.jpg 350w, https:\/\/www.humanium.org\/de\/wp-content\/uploads\/2016\/12\/shutterstock_396192478.jpg 400w\" sizes=\"auto, (max-width: 240px) 100vw, 240px\" \/><\/a><\/p>\n<p>Die Reise in die Vereinigten Staaten, auch <strong>der Weg in den Norden<\/strong> genannt, ist besonders f\u00fcr Kinder ohne Begleitung voller Gefahren. Zus\u00e4tzlich zu den schweren Reisebedingungen, wie stundenlanges Gehen; beschwerliche Fahrten mit Zug, Schiff und Lastwagen; hohen Temperaturen und Nahrungsmangel, kommt noch, dass diese Jungen und M\u00e4dchen oft Opfer von k\u00f6rperlichem und sexuellem Missbrauch, Kinderhandel, Entf\u00fchrung und Erpressung werden. Diese Verbrechen werden nicht nur von Menschenh\u00e4ndlern ver\u00fcbt, sondern auch von dem Netzwerk der Drogen- und Waffenh\u00e4ndler entlang der Migrationsroute. Sie machen sich die Schutzlosigkeit der Minderj\u00e4hrigen zunutze und zwingen sie Drogen und Waffen mit in den Norden zu nehmen (UNHCR, 2014).<\/p>\n<p>Allerdings erreichen nicht alle Minderj\u00e4hrigen die sich auf den Weg machen die Vereinigten Staaten. Viele werden aus Mexiko ausgewiesen, wo ihr Asylantrag nicht bearbeitet wird und nur Wenigen wird Schutz gew\u00e4hrt. Im Jahr 2015 bekamen weniger als 1% der in Mexiko eingetroffenen Kinder internationalen Schutz (UNICEF, 2016). In vielen anderen F\u00e4llen verschwinden oder sterben Kinder auf der Strecke.<\/p>\n<p><strong>Eine unzureichende Reaktion zur Probleml\u00f6sung im Grenzgebiet<\/strong><\/p>\n<p>Zum einen hat die Ankunft der minderj\u00e4hrigen Fl\u00fcchtlinge die Grenzen der US-amerikanischen Einwanderungspolitik offenbart. Die Bearbeitung von Asylantr\u00e4gen und Gew\u00e4hrung von Schutz dauert sehr lange und beweist die Unf\u00e4higkeit (oder den Widerwillen), die n\u00f6tigen, nach internationalem Recht obligatorischen Verfahren durchzuf\u00fchren. In einigen F\u00e4llen m\u00fcssen die unbegleiteten Kinder fast zwei Jahre auf einen Termin mit einem Vertreter der Einwanderungsbeh\u00f6rde warten, der dann entscheidet, ob das Kind als Fl\u00fcchtling anerkannt oder abgeschoben wird. Andere Kinder wiederum kennen die Verfahren nicht, und ohne die Hilfe eines Anwalts verringern sich die Chancen auf eine Aufenthaltsgenehmigung f\u00fcr die USA (Marc R. Rosenblum, MPI, 2015).\u00a0 Laut des Migration Policy Institute (MPI), wurden in den Jahren von 2010 bis 2014 rund 40 000 Kinder aus Zentralamerika wieder in ihre Herkunftsl\u00e4nder ausgewiesen (Dominguez &amp; Victoria Rietig, MPI, 2015). Dabei k\u00f6nnte die Zahl, aufgrund der statistischen Inkonsistenz was Migrationsdaten betrifft, noch h\u00f6her liegen.<\/p>\n<p>Zum anderen sahen die Regierungen der USA und Mexikos die L\u00f6sung des Problems in einem verst\u00e4rkten Polizeiaufgebot an der Grenze. Diese Strategie f\u00fchrte zur Errichtung von Auffanglagern die den Kindern nur unzureichende Erstversorgung und Schutz bieten (Marc R. Rosenblum, MPI, 2015). Die Strategie f\u00fchrte zudem zu massenhaften Abschiebungen und Inhaftierungen, die einen Anstieg der Verletzungen des Asylrechts, auch das der unbegleiteten Kinder, mit sich zogen (Ximena Suarez et al., 2016).<\/p>\n<p><strong>Der richtige Weg: Einige Empfehlungen <\/strong><\/p>\n<p>Kinder und Jugendliche, die sich mit der Hoffnung auf ein besseres Leben auf den Weg in die Vereinigten Staaten machen, erleben immer wieder Angriffe auf\u00a0 und Verst\u00f6\u00dfe gegen ihr Recht auf Leben, \u00dcberleben und Schutz. Im Anbetracht dieser Tatsache, muss den Fl\u00fcchtlingen w\u00e4hrend der ganzen Reise ein effektiver und v\u00f6lliger Schutz gew\u00e4hrleistet werden.<\/p>\n<p>Um die Fluchtwelle zu stoppen, m\u00fcssen zuerst die Herkunftsl\u00e4nder imstande sein den Menschen dort die grundlegenden Dienstleistungen zu erbringen und deren Sicherheit zu gew\u00e4hrleisten. Als N\u00e4chstes m\u00fcssen die zust\u00e4ndigen Beh\u00f6rden effektiv gegen den Menschenhandel vorgehen: Es ist unbedingt erforderlich, dass die Beh\u00f6rden jegliche Vergehen gegen die Kinder auf dem Weg in den Norden und alle anderen Fl\u00fcchtlinge verfolgen. Ebenfalls muss die Migrations- und Asylpolitik des Durchgang- und Ziellandes alles m\u00f6gliche tun, um diesen Kindern den n\u00f6tigen internationalen Schutz zu bieten.\u00a0\u00a0 Zu guter Letzt muss die Errichtung von Auffanglager unbedingt vermieden werden und die Regierungen sollten Alternativen zur Versorgung und zum Schutz Minderj\u00e4hriger finden.<\/p>\n<table style=\"height: 61px;\" width=\"639\">\n<tbody style=\"background: #f9f9f9;\">\n<tr>\n<td>\n<div style=\"float: left; width: 50%;\">Written by\u00a0: Paula Trujillo Gonzalez<\/div>\n<div style=\"float: left; width: 50%;\">Translated by\u00a0: Birgit Puttock<\/div>\n<div style=\"float: right; width: 50%;\">Proofread by :\u00a0Sylvia Riewendt<\/div>\n<\/td>\n<\/tr>\n<\/tbody>\n<\/table>\n<p><a><\/a><\/p>\n<p>&nbsp;<\/p>\n<p>&nbsp;<\/p>\n<p>Sarah Pierce. Unaccompanied Child Migrants in U.S. Communities, Immigration Court, and Schools. Migration Policy Institute -MPI. \u00a0Washington, D.C. October 2015. <a href=\"http:\/\/www.migrationpolicy.org\/research\/unaccompanied-child-migrants-us-communities-immigration-court-and-schools\">http:\/\/www.migrationpolicy.org\/research\/unaccompanied-child-migrants-us-communities-immigration-court-and-schools<\/a><\/p>\n<p>Marc R. Rosenblum. Unaccompanied Child Migration to the United States: The Tension between Protection and Prevention. Migration Policy Institute \u2013 MPI. Washington, D.C, April 2015. <a href=\"http:\/\/www.migrationpolicy.org\/research\/unaccompanied-child-migration-united-states-tension-between-protection-and-prevention\">http:\/\/www.migrationpolicy.org\/research\/unaccompanied-child-migration-united-states-tension-between-protection-and-prevention<\/a><\/p>\n<p>Lic. Julio Rivera Claveira. Las Maras: el fen\u00f3meno criminal del S. XXI. \u00a0Ensayo, 2011. <a href=\"http:\/\/www.galileo.edu\/ies\/files\/2011\/04\/LAS-MARAS.-El-Fen%C3%B3meno-criminal-del-siglo-XXI.-Ensayo.pdf\">http:\/\/www.galileo.edu\/ies\/files\/2011\/04\/LAS-MARAS.-El-Fen%C3%B3meno-criminal-de<\/a><\/p>\n<p>Ximena Su\u00e1rez, Jos\u00e9 Knippen, and Maureen Meyer. A TRAIL OF IMPUNITY: Thousands of Migrants in Transit Face Abuses amid Mexico\u2019s Crackdown. by WOLA, Fundar: Centro de An\u00e1lisis e Investigaci\u00f3n, la Casa del Migrante \u201cFrontera con Justicia\u201d. \u00a0September, 2016. https:\/\/www.wola.org\/analysis\/a-trail-of-impunity\/<a href=\"http:\/\/www.galileo.edu\/ies\/files\/2011\/04\/LAS-MARAS.-El-Fen%C3%B3meno-criminal-del-siglo-XXI.-Ensayo.pdf\">l-siglo-XXI.-Ensayo.pdf<\/a><\/p>\n<p>Rodrigo Dominguez Villegas and Victoria Rietig. Migrants Deported from the United States and Mexico to the Northern Triangle: A Statistical and Socio Economic Profile, Migration Policy Institute \u2013 MPI. Washington, D.C, \u00a0September, 2015 <a href=\"http:\/\/www.migrationpolicy.org\/research\/migrants-deported-united-states-and-mexico-northern-triangle-statistical-and-socioeconomic\">http:\/\/www.migrationpolicy.org\/research\/migrants-deported-united-states-and-mexico-northern-triangle-statistical-and-socioeconomic<\/a><\/p>\n<p>UNICEF. La infancia en peligro. Sue\u00f1os rotos: el peligroso viaje de los ni\u00f1os centroamericanos a los Estados Unidos. August, 2016. \u00a0https:\/\/www.unicef.org\/honduras\/sue_os_rotos.pdf<\/p>\n<p>ACNUR. Arrancados de ra\u00edz. Causas que originan el desplazamiento transfronterizo de ni\u00f1os, ni\u00f1as y adolescentes no acompa\u00f1ados y\/o separados de Centroam\u00e9rica y su necesidad de protecci\u00f3n internacional. August 2014. <a href=\"http:\/\/www.acnur.org\/fileadmin\/scripts\/doc.php?file=fileadmin\/Documentos\/Publicaciones\/2014\/9828\">http:\/\/www.acnur.org\/fileadmin\/scripts\/doc.php?file=fileadmin\/Documentos\/Publicaciones\/2014\/9828<\/a><\/p>\n<p>Human Rights Watch. US: Children Face Deportation Without Lawyers International Law Requires Legal Counsel for Child Migrants. March 2014. https:\/\/www.hrw.org\/news\/2016\/03\/14\/us-children-face-deportation-without-lawyers<\/p>\n<p>&nbsp;<\/p>\n","protected":false},"excerpt":{"rendered":"<p>&nbsp; Zwischen Oktober 2013 und August 2015 erreichten 102 327 unbegleitete Kinder aus Mittelamerika (76 572 aus dem &#8222;N\u00f6rdlichen Dreieck&#8220; und 25 755 aus Mexiko) die US-Grenze zu Mexiko (Sarah Pierce, Migration Policy Institute, 2015). Auf den Anstieg der Fl\u00fcchtlinge reagierten die USA und Mexiko mit der Versch\u00e4rfung polizeilicher und juristischer Ma\u00dfnahmen, was die Abschiebung [&hellip;]<\/p>\n","protected":false},"author":1,"featured_media":0,"comment_status":"closed","ping_status":"closed","sticky":false,"template":"","format":"standard","meta":{"footnotes":""},"categories":[8],"tags":[],"class_list":["post-7399","post","type-post","status-publish","format-standard","hentry","category-allgemein"],"yoast_head":"<!-- This site is optimized with the Yoast SEO plugin v26.5 - https:\/\/yoast.com\/wordpress\/plugins\/seo\/ -->\n<title>EINE GEF\u00c4HRLICHE REISE: DIE UNBEGLEITETEN KINDERFL\u00dcCHTLINGE AUS ZENTRALAMERIKA - Humanium<\/title>\n<meta name=\"robots\" content=\"index, follow, max-snippet:-1, max-image-preview:large, max-video-preview:-1\" \/>\n<link rel=\"canonical\" href=\"https:\/\/www.humanium.org\/de\/migrantenkinder-aus-mittelamerika\/\" \/>\n<meta property=\"og:locale\" content=\"de_DE\" \/>\n<meta property=\"og:type\" content=\"article\" \/>\n<meta property=\"og:title\" content=\"EINE GEF\u00c4HRLICHE REISE: DIE UNBEGLEITETEN KINDERFL\u00dcCHTLINGE AUS ZENTRALAMERIKA - Humanium\" \/>\n<meta property=\"og:description\" content=\"&nbsp; Zwischen Oktober 2013 und August 2015 erreichten 102 327 unbegleitete Kinder aus Mittelamerika (76 572 aus dem &#8222;N\u00f6rdlichen Dreieck&#8220; und 25 755 aus Mexiko) die US-Grenze zu Mexiko (Sarah Pierce, Migration Policy Institute, 2015). Auf den Anstieg der Fl\u00fcchtlinge reagierten die USA und Mexiko mit der Versch\u00e4rfung polizeilicher und juristischer Ma\u00dfnahmen, was die Abschiebung [&hellip;]\" \/>\n<meta property=\"og:url\" content=\"https:\/\/www.humanium.org\/de\/migrantenkinder-aus-mittelamerika\/\" \/>\n<meta property=\"og:site_name\" content=\"Humanium\" \/>\n<meta property=\"article:published_time\" content=\"2016-12-09T17:18:52+00:00\" \/>\n<meta property=\"article:modified_time\" content=\"2017-10-04T08:18:21+00:00\" \/>\n<meta property=\"og:image\" content=\"https:\/\/www.humanium.org\/de\/wp-content\/uploads\/2016\/12\/Photo-300x201.jpg\" \/>\n<meta name=\"author\" content=\"Olivier\" \/>\n<meta name=\"twitter:card\" content=\"summary_large_image\" \/>\n<meta name=\"twitter:label1\" content=\"Verfasst von\" \/>\n\t<meta name=\"twitter:data1\" content=\"Olivier\" \/>\n\t<meta name=\"twitter:label2\" content=\"Gesch\u00e4tzte Lesezeit\" \/>\n\t<meta name=\"twitter:data2\" content=\"6\u00a0Minuten\" \/>\n<script type=\"application\/ld+json\" class=\"yoast-schema-graph\">{\"@context\":\"https:\/\/schema.org\",\"@graph\":[{\"@type\":\"WebPage\",\"@id\":\"https:\/\/www.humanium.org\/de\/migrantenkinder-aus-mittelamerika\/\",\"url\":\"https:\/\/www.humanium.org\/de\/migrantenkinder-aus-mittelamerika\/\",\"name\":\"EINE GEF\u00c4HRLICHE REISE: DIE UNBEGLEITETEN KINDERFL\u00dcCHTLINGE AUS ZENTRALAMERIKA - Humanium\",\"isPartOf\":{\"@id\":\"https:\/\/www.humanium.org\/de\/#website\"},\"primaryImageOfPage\":{\"@id\":\"https:\/\/www.humanium.org\/de\/migrantenkinder-aus-mittelamerika\/#primaryimage\"},\"image\":{\"@id\":\"https:\/\/www.humanium.org\/de\/migrantenkinder-aus-mittelamerika\/#primaryimage\"},\"thumbnailUrl\":\"https:\/\/www.humanium.org\/de\/wp-content\/uploads\/2016\/12\/Photo-300x201.jpg\",\"datePublished\":\"2016-12-09T17:18:52+00:00\",\"dateModified\":\"2017-10-04T08:18:21+00:00\",\"author\":{\"@id\":\"https:\/\/www.humanium.org\/de\/#\/schema\/person\/69f7dbf111d176ec1840aea9080dee58\"},\"breadcrumb\":{\"@id\":\"https:\/\/www.humanium.org\/de\/migrantenkinder-aus-mittelamerika\/#breadcrumb\"},\"inLanguage\":\"de\",\"potentialAction\":[{\"@type\":\"ReadAction\",\"target\":[\"https:\/\/www.humanium.org\/de\/migrantenkinder-aus-mittelamerika\/\"]}]},{\"@type\":\"ImageObject\",\"inLanguage\":\"de\",\"@id\":\"https:\/\/www.humanium.org\/de\/migrantenkinder-aus-mittelamerika\/#primaryimage\",\"url\":\"https:\/\/www.humanium.org\/de\/wp-content\/uploads\/2016\/12\/Photo.jpg\",\"contentUrl\":\"https:\/\/www.humanium.org\/de\/wp-content\/uploads\/2016\/12\/Photo.jpg\",\"width\":500,\"height\":335},{\"@type\":\"BreadcrumbList\",\"@id\":\"https:\/\/www.humanium.org\/de\/migrantenkinder-aus-mittelamerika\/#breadcrumb\",\"itemListElement\":[{\"@type\":\"ListItem\",\"position\":1,\"name\":\"Home\",\"item\":\"https:\/\/www.humanium.org\/de\/\"},{\"@type\":\"ListItem\",\"position\":2,\"name\":\"EINE GEF\u00c4HRLICHE REISE: DIE UNBEGLEITETEN KINDERFL\u00dcCHTLINGE AUS ZENTRALAMERIKA\"}]},{\"@type\":\"WebSite\",\"@id\":\"https:\/\/www.humanium.org\/de\/#website\",\"url\":\"https:\/\/www.humanium.org\/de\/\",\"name\":\"Humanium\",\"description\":\"Kinder zuerst!\",\"potentialAction\":[{\"@type\":\"SearchAction\",\"target\":{\"@type\":\"EntryPoint\",\"urlTemplate\":\"https:\/\/www.humanium.org\/de\/?s={search_term_string}\"},\"query-input\":{\"@type\":\"PropertyValueSpecification\",\"valueRequired\":true,\"valueName\":\"search_term_string\"}}],\"inLanguage\":\"de\"},{\"@type\":\"Person\",\"@id\":\"https:\/\/www.humanium.org\/de\/#\/schema\/person\/69f7dbf111d176ec1840aea9080dee58\",\"name\":\"Olivier\",\"image\":{\"@type\":\"ImageObject\",\"inLanguage\":\"de\",\"@id\":\"https:\/\/www.humanium.org\/de\/#\/schema\/person\/image\/\",\"url\":\"https:\/\/secure.gravatar.com\/avatar\/945a9bb4662b83cabc6e1483b64823d58adf8c47dcbb3a834cd5df54a5f60495?s=96&d=mm&r=g\",\"contentUrl\":\"https:\/\/secure.gravatar.com\/avatar\/945a9bb4662b83cabc6e1483b64823d58adf8c47dcbb3a834cd5df54a5f60495?s=96&d=mm&r=g\",\"caption\":\"Olivier\"},\"url\":\"https:\/\/www.humanium.org\/de\/author\/olivier\/\"}]}<\/script>\n<!-- \/ Yoast SEO plugin. -->","yoast_head_json":{"title":"EINE GEF\u00c4HRLICHE REISE: DIE UNBEGLEITETEN KINDERFL\u00dcCHTLINGE AUS ZENTRALAMERIKA - Humanium","robots":{"index":"index","follow":"follow","max-snippet":"max-snippet:-1","max-image-preview":"max-image-preview:large","max-video-preview":"max-video-preview:-1"},"canonical":"https:\/\/www.humanium.org\/de\/migrantenkinder-aus-mittelamerika\/","og_locale":"de_DE","og_type":"article","og_title":"EINE GEF\u00c4HRLICHE REISE: DIE UNBEGLEITETEN KINDERFL\u00dcCHTLINGE AUS ZENTRALAMERIKA - Humanium","og_description":"&nbsp; Zwischen Oktober 2013 und August 2015 erreichten 102 327 unbegleitete Kinder aus Mittelamerika (76 572 aus dem &#8222;N\u00f6rdlichen Dreieck&#8220; und 25 755 aus Mexiko) die US-Grenze zu Mexiko (Sarah Pierce, Migration Policy Institute, 2015). Auf den Anstieg der Fl\u00fcchtlinge reagierten die USA und Mexiko mit der Versch\u00e4rfung polizeilicher und juristischer Ma\u00dfnahmen, was die Abschiebung [&hellip;]","og_url":"https:\/\/www.humanium.org\/de\/migrantenkinder-aus-mittelamerika\/","og_site_name":"Humanium","article_published_time":"2016-12-09T17:18:52+00:00","article_modified_time":"2017-10-04T08:18:21+00:00","og_image":[{"url":"https:\/\/www.humanium.org\/de\/wp-content\/uploads\/2016\/12\/Photo-300x201.jpg","type":"","width":"","height":""}],"author":"Olivier","twitter_card":"summary_large_image","twitter_misc":{"Verfasst von":"Olivier","Gesch\u00e4tzte Lesezeit":"6\u00a0Minuten"},"schema":{"@context":"https:\/\/schema.org","@graph":[{"@type":"WebPage","@id":"https:\/\/www.humanium.org\/de\/migrantenkinder-aus-mittelamerika\/","url":"https:\/\/www.humanium.org\/de\/migrantenkinder-aus-mittelamerika\/","name":"EINE GEF\u00c4HRLICHE REISE: DIE UNBEGLEITETEN KINDERFL\u00dcCHTLINGE AUS ZENTRALAMERIKA - Humanium","isPartOf":{"@id":"https:\/\/www.humanium.org\/de\/#website"},"primaryImageOfPage":{"@id":"https:\/\/www.humanium.org\/de\/migrantenkinder-aus-mittelamerika\/#primaryimage"},"image":{"@id":"https:\/\/www.humanium.org\/de\/migrantenkinder-aus-mittelamerika\/#primaryimage"},"thumbnailUrl":"https:\/\/www.humanium.org\/de\/wp-content\/uploads\/2016\/12\/Photo-300x201.jpg","datePublished":"2016-12-09T17:18:52+00:00","dateModified":"2017-10-04T08:18:21+00:00","author":{"@id":"https:\/\/www.humanium.org\/de\/#\/schema\/person\/69f7dbf111d176ec1840aea9080dee58"},"breadcrumb":{"@id":"https:\/\/www.humanium.org\/de\/migrantenkinder-aus-mittelamerika\/#breadcrumb"},"inLanguage":"de","potentialAction":[{"@type":"ReadAction","target":["https:\/\/www.humanium.org\/de\/migrantenkinder-aus-mittelamerika\/"]}]},{"@type":"ImageObject","inLanguage":"de","@id":"https:\/\/www.humanium.org\/de\/migrantenkinder-aus-mittelamerika\/#primaryimage","url":"https:\/\/www.humanium.org\/de\/wp-content\/uploads\/2016\/12\/Photo.jpg","contentUrl":"https:\/\/www.humanium.org\/de\/wp-content\/uploads\/2016\/12\/Photo.jpg","width":500,"height":335},{"@type":"BreadcrumbList","@id":"https:\/\/www.humanium.org\/de\/migrantenkinder-aus-mittelamerika\/#breadcrumb","itemListElement":[{"@type":"ListItem","position":1,"name":"Home","item":"https:\/\/www.humanium.org\/de\/"},{"@type":"ListItem","position":2,"name":"EINE GEF\u00c4HRLICHE REISE: DIE UNBEGLEITETEN KINDERFL\u00dcCHTLINGE AUS ZENTRALAMERIKA"}]},{"@type":"WebSite","@id":"https:\/\/www.humanium.org\/de\/#website","url":"https:\/\/www.humanium.org\/de\/","name":"Humanium","description":"Kinder zuerst!","potentialAction":[{"@type":"SearchAction","target":{"@type":"EntryPoint","urlTemplate":"https:\/\/www.humanium.org\/de\/?s={search_term_string}"},"query-input":{"@type":"PropertyValueSpecification","valueRequired":true,"valueName":"search_term_string"}}],"inLanguage":"de"},{"@type":"Person","@id":"https:\/\/www.humanium.org\/de\/#\/schema\/person\/69f7dbf111d176ec1840aea9080dee58","name":"Olivier","image":{"@type":"ImageObject","inLanguage":"de","@id":"https:\/\/www.humanium.org\/de\/#\/schema\/person\/image\/","url":"https:\/\/secure.gravatar.com\/avatar\/945a9bb4662b83cabc6e1483b64823d58adf8c47dcbb3a834cd5df54a5f60495?s=96&d=mm&r=g","contentUrl":"https:\/\/secure.gravatar.com\/avatar\/945a9bb4662b83cabc6e1483b64823d58adf8c47dcbb3a834cd5df54a5f60495?s=96&d=mm&r=g","caption":"Olivier"},"url":"https:\/\/www.humanium.org\/de\/author\/olivier\/"}]}},"_links":{"self":[{"href":"https:\/\/www.humanium.org\/de\/wp-json\/wp\/v2\/posts\/7399","targetHints":{"allow":["GET"]}}],"collection":[{"href":"https:\/\/www.humanium.org\/de\/wp-json\/wp\/v2\/posts"}],"about":[{"href":"https:\/\/www.humanium.org\/de\/wp-json\/wp\/v2\/types\/post"}],"author":[{"embeddable":true,"href":"https:\/\/www.humanium.org\/de\/wp-json\/wp\/v2\/users\/1"}],"replies":[{"embeddable":true,"href":"https:\/\/www.humanium.org\/de\/wp-json\/wp\/v2\/comments?post=7399"}],"version-history":[{"count":1,"href":"https:\/\/www.humanium.org\/de\/wp-json\/wp\/v2\/posts\/7399\/revisions"}],"predecessor-version":[{"id":10012,"href":"https:\/\/www.humanium.org\/de\/wp-json\/wp\/v2\/posts\/7399\/revisions\/10012"}],"wp:attachment":[{"href":"https:\/\/www.humanium.org\/de\/wp-json\/wp\/v2\/media?parent=7399"}],"wp:term":[{"taxonomy":"category","embeddable":true,"href":"https:\/\/www.humanium.org\/de\/wp-json\/wp\/v2\/categories?post=7399"},{"taxonomy":"post_tag","embeddable":true,"href":"https:\/\/www.humanium.org\/de\/wp-json\/wp\/v2\/tags?post=7399"}],"curies":[{"name":"wp","href":"https:\/\/api.w.org\/{rel}","templated":true}]}}