{"id":31046,"date":"2019-12-01T20:10:13","date_gmt":"2019-12-01T20:10:13","guid":{"rendered":"https:\/\/www.humanium.org\/en\/?p=31046"},"modified":"2025-12-13T20:44:04","modified_gmt":"2025-12-13T20:44:04","slug":"international-day-for-the-abolition-of-slavery-the-fight-is-not-over","status":"publish","type":"post","link":"https:\/\/www.humanium.org\/en\/international-day-for-the-abolition-of-slavery-the-fight-is-not-over\/","title":{"rendered":"International Day for the Abolition of Slavery \u2013 The fight is not over"},"content":{"rendered":"\n<p><strong>Slavery didn\u2019t disappear with the end of the slave trade \u2013 it currently affects more than 40 million people around the world and takes a range of forms. Slavery primarily threatens all people considered to be vulnerable, and children are unfortunately part of this group. The fight for freedom isn\u2019t going to stop any time soon.<\/strong><\/p>\n\n\n\n<p>A burning sun rises, the air humid and sweltering. Suffering under the intensity of its rays, Africans \u2013 ripped from their native land \u2013 bend their backs in the sugar cane fields of the New World. That\u2019s the image that naturally comes to mind when you hear about slavery. And the reason for that is the estimated 12-15 million Africans who were deported as part of the sugar triangle that connected Europe, Africa and the Americas (Succab-Goldman, 2011). <\/p>\n\n\n\n<p>These men and women were exchanged for commercial goods thanks to their value as a labour force. Africans had a reputation for being better able to bear the difficult climatic conditions of the Caribbean, especially in sugar cane fields (Succab-Goldman, 2011). For practical reasons, these human beings became beasts of burden. Europeans were undoubtedly responsible for this slave trafficking, including the Swiss people who became rich from the slave trade (Pavillon, 2019), and yet African tribes were not exempt from blame, as some of them captured people from other ethnic groups to sell them to European slavers. <\/p>\n\n\n\n<figure class=\"wp-block-image size-large\"><img loading=\"lazy\" decoding=\"async\" width=\"1000\" height=\"698\" src=\"https:\/\/www.humanium.org\/en\/wp-content\/uploads\/2019\/12\/shutterstock_218073364.jpg\" alt=\"\" class=\"wp-image-31048\" srcset=\"https:\/\/www.humanium.org\/en\/wp-content\/uploads\/2019\/12\/shutterstock_218073364.jpg 1000w, https:\/\/www.humanium.org\/en\/wp-content\/uploads\/2019\/12\/shutterstock_218073364-300x209.jpg 300w, https:\/\/www.humanium.org\/en\/wp-content\/uploads\/2019\/12\/shutterstock_218073364-768x536.jpg 768w, https:\/\/www.humanium.org\/en\/wp-content\/uploads\/2019\/12\/shutterstock_218073364-830x579.jpg 830w, https:\/\/www.humanium.org\/en\/wp-content\/uploads\/2019\/12\/shutterstock_218073364-230x161.jpg 230w, https:\/\/www.humanium.org\/en\/wp-content\/uploads\/2019\/12\/shutterstock_218073364-350x244.jpg 350w, https:\/\/www.humanium.org\/en\/wp-content\/uploads\/2019\/12\/shutterstock_218073364-480x335.jpg 480w\" sizes=\"auto, (max-width: 1000px) 100vw, 1000px\" \/><\/figure>\n\n\n\n<p>The French essayist and historian Tidiane Diakit\u00e9, who is of Malian origin, goes so far as to say that \u201cwithout the active and deliberate involvement of Africans themselves, the Atlantic slave trade would not have existed to the same extent or for the same duration\u201d (Thibault, n.d.). <\/p>\n\n\n\n<p>It is an age that we now consider bygone \u2013 part of the colonial past. And we think this because the exploitation of African slaves in the Americas disappeared with the rise of abolitionist movements. These were inspired and supported by Enlightenment schools of thought (Funes, 2019; Cnaudin, 2019). <\/p>\n\n\n\n<p>Montesquieu, Rousseau and Voltaire contributed a number of satirical texts on slavery to Diderot\u2019s <em>Encyclop\u00e9die<\/em> (Funes, 2019). Anti-slavery campaigns, bolstered by the French Revolution and by slave insurrections in the colonies (Funes, 2019) resulted in the first decrees abolishing slavery. Denmark was the first country to officially abolish the slave trade in 1792, followed by France and Great Britain in 1794 and 1807 respectively (Cnaudin, 2019). <\/p>\n\n\n\n<p>But these were only the first steps in a long process. The reintroduction of slavery by Napoleon in 1802 (Cnaudin, 2019) and the American Civil War (1861-1865) \u2013 triggered by the slave-owning southern states\u2019 opposition to the abolitionist northern states that supported President Lincoln (La guerre de S\u00e9cession [The American Civil War], 2017) \u2013 are proof enough of the difficulties that separate decrees from action.<\/p>\n\n\n\n<p>These early milestones are fundamental, but they did not eradicate slavery, as it continues to exist even now in multiple forms. This fact is the very reason why <strong>the International Day for the Abolition of Slavery <\/strong>\u2013 marked on <strong>2 December<\/strong> \u2013 exists. This day, which commemorates the United Nations General Assembly\u2019s adoption of the Convention for the Suppression of the Traffic in Persons and of the Exploitation of the Prostitution of Others on 2 December 1949, has the primary aim of drawing attention to the topic and thus encouraging the fight against contemporary forms of servitude (International Day for the Abolition of Slavery, n.d.). <\/p>\n\n\n\n<p>Today, any exploitative situation that a person is unable to refuse or leave due to threats, violence, or other forms of restrictions is considered to be slavery (International Day for the Abolition of Slavery, n.d.). Modern slavery affects over 40 million people worldwide and primarily takes the form of forced labour, debt servitude, forced marriage, human trafficking, sexual exploitation and forced recruitment of children for armed conflicts (International Day for the Abolition of Slavery, n.d.). <\/p>\n\n\n\n<div class=\"wp-block-image\"><figure class=\"alignleft size-large is-resized\"><img loading=\"lazy\" decoding=\"async\" src=\"https:\/\/www.humanium.org\/en\/wp-content\/uploads\/2019\/12\/shutterstock_1164660169.jpg\" alt=\"\" class=\"wp-image-31050\" width=\"350\" height=\"232\" srcset=\"https:\/\/www.humanium.org\/en\/wp-content\/uploads\/2019\/12\/shutterstock_1164660169.jpg 1000w, https:\/\/www.humanium.org\/en\/wp-content\/uploads\/2019\/12\/shutterstock_1164660169-300x200.jpg 300w, https:\/\/www.humanium.org\/en\/wp-content\/uploads\/2019\/12\/shutterstock_1164660169-768x512.jpg 768w, https:\/\/www.humanium.org\/en\/wp-content\/uploads\/2019\/12\/shutterstock_1164660169-230x153.jpg 230w, https:\/\/www.humanium.org\/en\/wp-content\/uploads\/2019\/12\/shutterstock_1164660169-350x233.jpg 350w, https:\/\/www.humanium.org\/en\/wp-content\/uploads\/2019\/12\/shutterstock_1164660169-480x320.jpg 480w\" sizes=\"auto, (max-width: 350px) 100vw, 350px\" \/><\/figure><\/div>\n\n\n\n<p>Above all, slavery threatens people considered to be vulnerable, whether for ethnic, social or economic reasons, but women and girls are most affected (International Day for the Abolition of Slavery, n.d.). It would be a pointless and tedious exercise to list all the attacks on freedom and dignity that slavery entail \u2013 they are so numerous. However, it is nonetheless important to denounce such practices with a quick overview. Representing a quarter of modern slaves, children are particularly affected by slavery (International Day for the Abolition of Slavery, n.d.). <\/p>\n\n\n\n<p>Children are primarily used in agriculture, animal husbandry, forest operations and fishing (Child Labour in Agriculture, n.d.), such as the child slaves of Lake Volta in Ghana (Grandcl\u00e9ment &amp; Roguez, 2006). These children are under the control of their master, and very often are not able to flee. This forced labour is generally accompanied by mistreatment such as lack of food and sleep as well as corporal punishment (Grandcl\u00e9ment &amp; Roguez, 2006). But it is also possible to be born a slave. <\/p>\n\n\n\n<p>In Afghanistan, entire families can be reduced to slavery because of a vicious cycle of debt (Mathieux, 2014). Children and parents alike perform back-breaking labour such as brick-making, 11 hours a day, six days a week, and are entirely resigned to doing so (Mathieux, 2014). Slavery becomes a yoke passed down from generation to generation. All over the world, there is no lower age limit for child slaves, who are sometimes put to work from as young as three years old (Mathieux, 2014).<\/p>\n\n\n\n<div class=\"wp-block-image\"><figure class=\"alignright size-large is-resized\"><img loading=\"lazy\" decoding=\"async\" src=\"https:\/\/www.humanium.org\/en\/wp-content\/uploads\/2019\/12\/shutterstock_73199407.jpg\" alt=\"\" class=\"wp-image-31052\" width=\"325\" height=\"217\" srcset=\"https:\/\/www.humanium.org\/en\/wp-content\/uploads\/2019\/12\/shutterstock_73199407.jpg 1000w, https:\/\/www.humanium.org\/en\/wp-content\/uploads\/2019\/12\/shutterstock_73199407-300x201.jpg 300w, https:\/\/www.humanium.org\/en\/wp-content\/uploads\/2019\/12\/shutterstock_73199407-768x514.jpg 768w, https:\/\/www.humanium.org\/en\/wp-content\/uploads\/2019\/12\/shutterstock_73199407-830x555.jpg 830w, https:\/\/www.humanium.org\/en\/wp-content\/uploads\/2019\/12\/shutterstock_73199407-230x154.jpg 230w, https:\/\/www.humanium.org\/en\/wp-content\/uploads\/2019\/12\/shutterstock_73199407-350x234.jpg 350w, https:\/\/www.humanium.org\/en\/wp-content\/uploads\/2019\/12\/shutterstock_73199407-480x321.jpg 480w, https:\/\/www.humanium.org\/en\/wp-content\/uploads\/2019\/12\/shutterstock_73199407-272x182.jpg 272w\" sizes=\"auto, (max-width: 325px) 100vw, 325px\" \/><\/figure><\/div>\n\n\n\n<p>Children are not only used as unskilled labour but are also essential assets for dangerous work such as illegal mining operations, whether in underground pools in Africa (Charbit, 2019) or in narrow wells in underwater mines in the Philippines (Human Rights Watch, 2015). In some conflicts, children are forcibly recruited by government armies or rebel groups as fighters, cooks or messengers (Enfants soldats [Child soldiers], n.d.). <\/p>\n\n\n\n<p>Although they take part in the conflict, the people commonly referred to as child soldiers are victims first and foremost as they are forced to act against their will (Enfants soldats, n.d.). Living in a violent environment, they are reduced to servitude and are abused and exploited \u2013 when they are not killed (Enfants soldats, n.d.). According to Unicef, 250,000 children worldwide are victims of such a situation (Unicef France, 2012).<\/p>\n\n\n\n<p>Girls, while also at risk of the same treatment as boys, are exposed to other types of slavery. Forced marriage often makes girls their husbands\u2019 slaves. In Nigeria, girls aged 12-13 are sold by their mothers for around \u20ac100 to middle-aged men (Herz, 2019). In many cases, the young bride is raped and assaulted and becomes her husband\u2019s domestic slave (Herz, 2019). Furthermore, women and girls are particularly affected by sexual exploitation; they represent 99% of victims of the sex \u2018industry\u2019 (International Day for the Abolition of Slavery, n.d.). <\/p>\n\n\n\n<p>In addition, the violence that women living in slavery face can be extreme, even in agriculture. In India, it was recently discovered that sugar cane producers force a proportion of their workforce to undergo hysterectomies (Menon, 2019). By preventing their employees from becoming pregnant, the landowner then sees a productivity gain. It is clear that women are still all too often reduced to sexual property or machinery.<\/p>\n\n\n\n<figure class=\"wp-block-image size-large\"><img loading=\"lazy\" decoding=\"async\" width=\"1000\" height=\"667\" src=\"https:\/\/www.humanium.org\/en\/wp-content\/uploads\/2019\/12\/shutterstock_1339549538-2.jpg\" alt=\"\" class=\"wp-image-31057\" srcset=\"https:\/\/www.humanium.org\/en\/wp-content\/uploads\/2019\/12\/shutterstock_1339549538-2.jpg 1000w, https:\/\/www.humanium.org\/en\/wp-content\/uploads\/2019\/12\/shutterstock_1339549538-2-300x200.jpg 300w, https:\/\/www.humanium.org\/en\/wp-content\/uploads\/2019\/12\/shutterstock_1339549538-2-768x512.jpg 768w, https:\/\/www.humanium.org\/en\/wp-content\/uploads\/2019\/12\/shutterstock_1339549538-2-830x554.jpg 830w, https:\/\/www.humanium.org\/en\/wp-content\/uploads\/2019\/12\/shutterstock_1339549538-2-230x153.jpg 230w, https:\/\/www.humanium.org\/en\/wp-content\/uploads\/2019\/12\/shutterstock_1339549538-2-350x233.jpg 350w, https:\/\/www.humanium.org\/en\/wp-content\/uploads\/2019\/12\/shutterstock_1339549538-2-480x320.jpg 480w, https:\/\/www.humanium.org\/en\/wp-content\/uploads\/2019\/12\/shutterstock_1339549538-2-272x182.jpg 272w\" sizes=\"auto, (max-width: 1000px) 100vw, 1000px\" \/><\/figure>\n\n\n\n<p>While we tend to talk about what happens in developing countries that experience high levels of social inequality, slavery is also present in European societies. In fact, we\u2019re involved in slavery around the world through the purchases we make (RTS, 2012). One approach is to boycott products manufactured using slavery, which puts pressure on multinationals (RTS, 2012). <\/p>\n\n\n\n<p>However, a mass boycott could have harmful consequences, particularly on the children who would lose their job, would no longer be able to help their family survive, and would run the risk of finding themselves in vulnerable situations that push them to accept more dangerous and even less regulated work (RTS, 2012). But how can this scourge be brought to an end? <\/p>\n\n\n\n<div class=\"wp-block-image\"><figure class=\"alignright size-large is-resized\"><img loading=\"lazy\" decoding=\"async\" src=\"https:\/\/www.humanium.org\/en\/wp-content\/uploads\/2019\/12\/shutterstock_1121386508-1.jpg\" alt=\"\" class=\"wp-image-31053\" width=\"299\" height=\"199\" srcset=\"https:\/\/www.humanium.org\/en\/wp-content\/uploads\/2019\/12\/shutterstock_1121386508-1.jpg 1000w, https:\/\/www.humanium.org\/en\/wp-content\/uploads\/2019\/12\/shutterstock_1121386508-1-300x200.jpg 300w, https:\/\/www.humanium.org\/en\/wp-content\/uploads\/2019\/12\/shutterstock_1121386508-1-768x512.jpg 768w, https:\/\/www.humanium.org\/en\/wp-content\/uploads\/2019\/12\/shutterstock_1121386508-1-830x554.jpg 830w, https:\/\/www.humanium.org\/en\/wp-content\/uploads\/2019\/12\/shutterstock_1121386508-1-230x153.jpg 230w, https:\/\/www.humanium.org\/en\/wp-content\/uploads\/2019\/12\/shutterstock_1121386508-1-350x233.jpg 350w, https:\/\/www.humanium.org\/en\/wp-content\/uploads\/2019\/12\/shutterstock_1121386508-1-480x320.jpg 480w, https:\/\/www.humanium.org\/en\/wp-content\/uploads\/2019\/12\/shutterstock_1121386508-1-272x182.jpg 272w\" sizes=\"auto, (max-width: 299px) 100vw, 299px\" \/><\/figure><\/div>\n\n\n\n<p>Firstly, by remembering that the root cause of slavery is not globalisation but poverty (RTS, 2012). Secondly, multinationals are anything but the only parties responsible for slavery. Government involvement in the fight against slavery is reducing, leading private organisations to take up the slack (RTS, 2012). <\/p>\n\n\n\n<p>The United Nations, the International Labour Organization (ILO), the World Health Organization (WHO), Unicef and a number of other NGOs have set themselves the task of working to eradicate forced labour (RTS, 2012). The Fair Labour Association performs investigations and tracks commercial goods with the aim of finding out who produces them and under what conditions, and then creates corrective action plans (RTS, 2012). <\/p>\n\n\n\n<p>The organisation works with companies and agricultural producers to improve their efficiency and their yield, thus avoiding the negative economic impact of transitioning to work that respects human rights (RTS, 2012). In particular, it strives to remove children from work, enable them to receive an education, and improve their families\u2019 socioeconomic situation (RTS, 2012). <\/p>\n\n\n\n<p>Humanium, which works to ensure that children\u2019s rights are recognised and respected, is also involved in efforts to combat child labour, in particular by promoting education and creating rehabilitation centres for child labourers (India). However, while the reduction in child labour in industry and factories is welcome, it persists in agriculture and mining.<\/p>\n\n\n\n<p>Throughout history, there have been\nslaves in some form of servitude. Humans, not content simply to own property,\nare tempted to expand their ownership to cover their fellow people. While\nsocioeconomic conditions may encourage servitude, it is important not to forget\nthat human nature is at the root of all abuses. Underneath the concrete action\nthat is being taken, it is ultimately a revolution within humanity itself that\nis taking place.<\/p>\n\n\n\n<p>Projects run by Humanium: https:\/\/www.humanium.org\/en\/projects-3\/<\/p>\n\n\n\n<p>Support Humanium\u2019s activities: <a href=\"https:\/\/www.humanium.org\/en\/donation\/\">https:\/\/www.humanium.org\/en\/donation\/<\/a><\/p>\n\n\n\n<p>Sponsor a child: <a href=\"https:\/\/www.humanium.org\/en\/child-sponsorship\/\">https:\/\/www.humanium.org\/en\/child-sponsorship\/<\/a><\/p>\n\n\n\n<p>Become a member: https:\/\/www.humanium.org\/en\/participate\/member\/<\/p>\n\n\n\n<p><em><strong>Written by Alexis Baron<\/strong><\/em><\/p>\n\n\n\n<p><strong><em>Translated by Garen Gent-Randall <\/em><\/strong><\/p>\n\n\n\n<p><strong><em>Proofread by Alexandria Harris <\/em><\/strong><\/p>\n\n\n\n<h3 class=\"wp-block-heading\">Bibliography<\/h3>\n\n\n\n<p>Charbit, Y. (2019, 4\nSeptember). <em>L\u2019exploitation des enfants\ndans les mines aujourd\u2019hui<\/em>. Accessed on 8 November 2019 from Bon pour la\nt\u00eate:\nhttps:\/\/bonpourlatete.com\/actuel\/l-exploitation-des-enfants-dans-les-mines-aujourd-hui<\/p>\n\n\n\n<p><em>Child\nLabour in Agriculture<\/em>. (n.d.).\nAccessed on 8 November 2019, from the Food and Agriculture Organization:\nhttp:\/\/www.fao.org\/childlabouragriculture\/en\/<\/p>\n\n\n\n<p>Cnaudin. (2019, 27 April). <em>L&#8217;abolition de l&#8217;esclavage en France et dans\nle monde<\/em>. Accessed on 6 November 2019 from Histoire pour Tous: https:\/\/www.histoire-pour-tous.fr\/dossiers\/4118-labolition-de-lesclavage-et-de-la-traite.html<\/p>\n\n\n\n<p><em>Enfants\nsoldats. [Child soldiers<\/em>.]\n(n.d.). Accessed on 13 November 2019 from Unicef:\nhttps:\/\/www.unicef.fr\/dossier\/enfants-soldats<\/p>\n\n\n\n<p>Fr\u00e8re, C. (2018, 17 May). <em>Les Vidom\u00e9gons du B\u00e9nin, une enfance bafou\u00e9e<\/em>.\nAccessed on 8 November 2019 from La\nLibre Afrique:\nhttps:\/\/afrique.lalibre.be\/19209\/les-vidomegons-du-benin-une-enfance-bafouee\/<\/p>\n\n\n\n<p>Funes, N. (2019, 4 February). <em>Comment la France a aboli une premi\u00e8re fois\nl&#8217;esclavage<\/em>. Accessed on 6\nNovember 2019 from L&#8217;OBS:\nhttps:\/\/www.nouvelobs.com\/histoire\/20190204.OBS9565\/comment-la-france-a-aboli-une-premiere-fois-l-esclavage.html<\/p>\n\n\n\n<p>Grandcl\u00e9ment, D., &amp;\nRoguez, J. (2006). <em>Les petits esclaves du\nlac Volta &#8211; Thalassa<\/em>. Accessed\non 8 November 2019 from YouTube: https:\/\/www.youtube.com\/watch?v=b8PAjG8RU9Y<\/p>\n\n\n\n<p>Herz, V. (2019, 6 September). <em>Nigeria : l\u2019esclavage des jeunes filles,\nsous couvert de &#8220;Money Marriage&#8221;<\/em>. Accessed on 14 November 2019 from France24:\nhttps:\/\/www.france24.com\/fr\/20190906-actuelles-nigeria-money-marriage-esclavage-filles-france-viols-histoire-famille-bolivie-fem<\/p>\n\n\n\n<p>Human Rights Watch. (2015, 29 September). <em>Philippines: Children risk death for gold<\/em>.\nAccessed on 8 November 2019 from Human Rights Watch:\nhttps:\/\/www.hrw.org\/video-photos\/video\/2015\/09\/29\/philippines-children-risk-death-gold<\/p>\n\n\n\n<p><em>International\nDay for the Abolition of Slavery<\/em>.\n(n.d.). Accessed on 7 November 2019 from the United Nations:\nhttps:\/\/www.un.org\/en\/events\/slaveryabolitionday\/background.shtml<\/p>\n\n\n\n<p><em>La guerre de S\u00e9cession<\/em>. (2017, 6 June). Accessed on 7 November 2019 from L&#8217;Histoire:\nhttps:\/\/www.lhistoire.fr\/carte\/la-guerre-de-s%C3%A9cession-1861-1865<\/p>\n\n\n\n<p>Mathieux, L. (2014, 6 January). <em>Reportage &#8211; Afghanistan<\/em>. Accessed on 8\nNovember 2019 from Lib\u00e9ration: https:\/\/www.liberation.fr\/planete\/2014\/01\/06\/je-ferai-des-briques-toute-ma-vie_970919<\/p>\n\n\n\n<p>Menon, M. (2019, 18 June). <em>Violences faites aux femmes. En Inde, des\nablations de l\u2019ut\u00e9rus forc\u00e9es<\/em>. (Firstpost-Bombay,\npublisher) Accessed on 14 November 2019 from Courrier International: https:\/\/www.courrierinternational.com\/article\/violences-faites-aux-femmes-en-inde-des-ablations-de-luterus-forcees<\/p>\n\n\n\n<p>Pavillon, O. (2019, January).\nDes Suisses au coeur de la traite n\u00e9gri\u00e8re. <em>Pass\u00e9\nSimple &#8211; Mensuel romand d&#8217;histoire et d&#8217;arch\u00e9ologie<\/em>(41). Accessed on 6\nNovember 2019<\/p>\n\n\n\n<p>RTS. (2012, 27 May).\nG\u00e9opolitis. <em>Esclavage des enfants:\ncomment y mettre fin?<\/em> Accessed\non 14 November 2019 from\nhttps:\/\/pages.rts.ch\/emissions\/geopolitis\/3929732-esclavage-des-enfants-comment-y-mettre-fin-.html<\/p>\n\n\n\n<p>Succab-Goldman, C. (2011). Une\nhistoire de l&#8217;outre-mer. France.\nAccessed on 6 November 2019 from https:\/\/www.dailymotion.com\/video\/x2b8sl9<\/p>\n\n\n\n<p>Thibault. (n.d.). <em>Les partenaires africains de la traite\nn\u00e9gri\u00e8re atlantique<\/em>. Accessed\non 6 November 2019 from Philisto: https:\/\/www.philisto.fr\/article-92-partenaires-africains-de-traite-negriere-atlantique.html<\/p>\n\n\n\n<p>Unicef France. (2012). Child soldiers. Accessed\non 13 November 2019<\/p>\n","protected":false},"excerpt":{"rendered":"<p>Slavery didn\u2019t disappear with the end of the slave trade \u2013 it currently affects more than 40 million people around the world and takes a range of forms. Slavery primarily threatens all people considered to be vulnerable, and children are unfortunately part of this group. The fight for freedom isn\u2019t going to stop any time [&hellip;]<\/p>\n","protected":false},"author":28,"featured_media":31047,"comment_status":"closed","ping_status":"closed","sticky":false,"template":"","format":"standard","meta":{"footnotes":""},"categories":[152,144],"tags":[],"class_list":["post-31046","post","type-post","status-publish","format-standard","has-post-thumbnail","hentry","category-childrens-rights","category-violence"],"yoast_head":"<!-- This site is optimized with the Yoast SEO plugin v26.5 - https:\/\/yoast.com\/wordpress\/plugins\/seo\/ -->\n<title>International Day for the Abolition of Slavery \u2013 The fight is not over - Humanium<\/title>\n<meta name=\"robots\" content=\"index, follow, max-snippet:-1, max-image-preview:large, max-video-preview:-1\" \/>\n<link rel=\"canonical\" href=\"https:\/\/www.humanium.org\/en\/international-day-for-the-abolition-of-slavery-the-fight-is-not-over\/\" \/>\n<meta property=\"og:locale\" content=\"en_GB\" \/>\n<meta property=\"og:type\" content=\"article\" \/>\n<meta property=\"og:title\" content=\"International Day for the Abolition of Slavery \u2013 The fight is not over - Humanium\" \/>\n<meta property=\"og:description\" content=\"Slavery didn\u2019t disappear with the end of the slave trade \u2013 it currently affects more than 40 million people around the world and takes a range of forms. Slavery primarily threatens all people considered to be vulnerable, and children are unfortunately part of this group. The fight for freedom isn\u2019t going to stop any time [&hellip;]\" \/>\n<meta property=\"og:url\" content=\"https:\/\/www.humanium.org\/en\/international-day-for-the-abolition-of-slavery-the-fight-is-not-over\/\" \/>\n<meta property=\"og:site_name\" content=\"Humanium\" \/>\n<meta property=\"article:published_time\" content=\"2019-12-01T20:10:13+00:00\" \/>\n<meta property=\"article:modified_time\" content=\"2025-12-13T20:44:04+00:00\" \/>\n<meta property=\"og:image\" content=\"https:\/\/www.humanium.org\/en\/wp-content\/uploads\/2019\/12\/shutterstock_638952217.jpg\" \/>\n\t<meta property=\"og:image:width\" content=\"1000\" \/>\n\t<meta property=\"og:image:height\" content=\"765\" \/>\n\t<meta property=\"og:image:type\" content=\"image\/jpeg\" \/>\n<meta name=\"author\" content=\"Alexis Baron\" \/>\n<meta name=\"twitter:card\" content=\"summary_large_image\" \/>\n<meta name=\"twitter:label1\" content=\"Written by\" \/>\n\t<meta name=\"twitter:data1\" content=\"Alexis Baron\" \/>\n\t<meta name=\"twitter:label2\" content=\"Estimated reading time\" \/>\n\t<meta name=\"twitter:data2\" content=\"10 minutes\" \/>\n<script type=\"application\/ld+json\" class=\"yoast-schema-graph\">{\"@context\":\"https:\/\/schema.org\",\"@graph\":[{\"@type\":\"WebPage\",\"@id\":\"https:\/\/www.humanium.org\/en\/international-day-for-the-abolition-of-slavery-the-fight-is-not-over\/\",\"url\":\"https:\/\/www.humanium.org\/en\/international-day-for-the-abolition-of-slavery-the-fight-is-not-over\/\",\"name\":\"International Day for the Abolition of Slavery \u2013 The fight is not over - Humanium\",\"isPartOf\":{\"@id\":\"https:\/\/www.humanium.org\/en\/#website\"},\"primaryImageOfPage\":{\"@id\":\"https:\/\/www.humanium.org\/en\/international-day-for-the-abolition-of-slavery-the-fight-is-not-over\/#primaryimage\"},\"image\":{\"@id\":\"https:\/\/www.humanium.org\/en\/international-day-for-the-abolition-of-slavery-the-fight-is-not-over\/#primaryimage\"},\"thumbnailUrl\":\"https:\/\/www.humanium.org\/en\/wp-content\/uploads\/2019\/12\/shutterstock_638952217.jpg\",\"datePublished\":\"2019-12-01T20:10:13+00:00\",\"dateModified\":\"2025-12-13T20:44:04+00:00\",\"author\":{\"@id\":\"https:\/\/www.humanium.org\/en\/#\/schema\/person\/b5a2aecde60feb35c2970d18d65d9707\"},\"breadcrumb\":{\"@id\":\"https:\/\/www.humanium.org\/en\/international-day-for-the-abolition-of-slavery-the-fight-is-not-over\/#breadcrumb\"},\"inLanguage\":\"en-GB\",\"potentialAction\":[{\"@type\":\"ReadAction\",\"target\":[\"https:\/\/www.humanium.org\/en\/international-day-for-the-abolition-of-slavery-the-fight-is-not-over\/\"]}]},{\"@type\":\"ImageObject\",\"inLanguage\":\"en-GB\",\"@id\":\"https:\/\/www.humanium.org\/en\/international-day-for-the-abolition-of-slavery-the-fight-is-not-over\/#primaryimage\",\"url\":\"https:\/\/www.humanium.org\/en\/wp-content\/uploads\/2019\/12\/shutterstock_638952217.jpg\",\"contentUrl\":\"https:\/\/www.humanium.org\/en\/wp-content\/uploads\/2019\/12\/shutterstock_638952217.jpg\",\"width\":1000,\"height\":765},{\"@type\":\"BreadcrumbList\",\"@id\":\"https:\/\/www.humanium.org\/en\/international-day-for-the-abolition-of-slavery-the-fight-is-not-over\/#breadcrumb\",\"itemListElement\":[{\"@type\":\"ListItem\",\"position\":1,\"name\":\"Home\",\"item\":\"https:\/\/www.humanium.org\/en\/\"},{\"@type\":\"ListItem\",\"position\":2,\"name\":\"International Day for the Abolition of Slavery \u2013 The fight is not over\"}]},{\"@type\":\"WebSite\",\"@id\":\"https:\/\/www.humanium.org\/en\/#website\",\"url\":\"https:\/\/www.humanium.org\/en\/\",\"name\":\"Humanium\",\"description\":\"Children first!\",\"potentialAction\":[{\"@type\":\"SearchAction\",\"target\":{\"@type\":\"EntryPoint\",\"urlTemplate\":\"https:\/\/www.humanium.org\/en\/?s={search_term_string}\"},\"query-input\":{\"@type\":\"PropertyValueSpecification\",\"valueRequired\":true,\"valueName\":\"search_term_string\"}}],\"inLanguage\":\"en-GB\"},{\"@type\":\"Person\",\"@id\":\"https:\/\/www.humanium.org\/en\/#\/schema\/person\/b5a2aecde60feb35c2970d18d65d9707\",\"name\":\"Alexis Baron\",\"image\":{\"@type\":\"ImageObject\",\"inLanguage\":\"en-GB\",\"@id\":\"https:\/\/www.humanium.org\/en\/#\/schema\/person\/image\/\",\"url\":\"https:\/\/secure.gravatar.com\/avatar\/a2644de86a1d678a05ceaf8e58025f8a35211ccf34697036496dadd6de0f3de6?s=96&d=mm&r=g\",\"contentUrl\":\"https:\/\/secure.gravatar.com\/avatar\/a2644de86a1d678a05ceaf8e58025f8a35211ccf34697036496dadd6de0f3de6?s=96&d=mm&r=g\",\"caption\":\"Alexis Baron\"},\"sameAs\":[\"https:\/\/www.linkedin.com\/in\/alexis-baron-ing\/\"],\"url\":\"https:\/\/www.humanium.org\/en\/author\/author_alexisbaron\/\"}]}<\/script>\n<!-- \/ Yoast SEO plugin. -->","yoast_head_json":{"title":"International Day for the Abolition of Slavery \u2013 The fight is not over - Humanium","robots":{"index":"index","follow":"follow","max-snippet":"max-snippet:-1","max-image-preview":"max-image-preview:large","max-video-preview":"max-video-preview:-1"},"canonical":"https:\/\/www.humanium.org\/en\/international-day-for-the-abolition-of-slavery-the-fight-is-not-over\/","og_locale":"en_GB","og_type":"article","og_title":"International Day for the Abolition of Slavery \u2013 The fight is not over - Humanium","og_description":"Slavery didn\u2019t disappear with the end of the slave trade \u2013 it currently affects more than 40 million people around the world and takes a range of forms. Slavery primarily threatens all people considered to be vulnerable, and children are unfortunately part of this group. The fight for freedom isn\u2019t going to stop any time [&hellip;]","og_url":"https:\/\/www.humanium.org\/en\/international-day-for-the-abolition-of-slavery-the-fight-is-not-over\/","og_site_name":"Humanium","article_published_time":"2019-12-01T20:10:13+00:00","article_modified_time":"2025-12-13T20:44:04+00:00","og_image":[{"width":1000,"height":765,"url":"https:\/\/www.humanium.org\/en\/wp-content\/uploads\/2019\/12\/shutterstock_638952217.jpg","type":"image\/jpeg"}],"author":"Alexis Baron","twitter_card":"summary_large_image","twitter_misc":{"Written by":"Alexis Baron","Estimated reading time":"10 minutes"},"schema":{"@context":"https:\/\/schema.org","@graph":[{"@type":"WebPage","@id":"https:\/\/www.humanium.org\/en\/international-day-for-the-abolition-of-slavery-the-fight-is-not-over\/","url":"https:\/\/www.humanium.org\/en\/international-day-for-the-abolition-of-slavery-the-fight-is-not-over\/","name":"International Day for the Abolition of Slavery \u2013 The fight is not over - Humanium","isPartOf":{"@id":"https:\/\/www.humanium.org\/en\/#website"},"primaryImageOfPage":{"@id":"https:\/\/www.humanium.org\/en\/international-day-for-the-abolition-of-slavery-the-fight-is-not-over\/#primaryimage"},"image":{"@id":"https:\/\/www.humanium.org\/en\/international-day-for-the-abolition-of-slavery-the-fight-is-not-over\/#primaryimage"},"thumbnailUrl":"https:\/\/www.humanium.org\/en\/wp-content\/uploads\/2019\/12\/shutterstock_638952217.jpg","datePublished":"2019-12-01T20:10:13+00:00","dateModified":"2025-12-13T20:44:04+00:00","author":{"@id":"https:\/\/www.humanium.org\/en\/#\/schema\/person\/b5a2aecde60feb35c2970d18d65d9707"},"breadcrumb":{"@id":"https:\/\/www.humanium.org\/en\/international-day-for-the-abolition-of-slavery-the-fight-is-not-over\/#breadcrumb"},"inLanguage":"en-GB","potentialAction":[{"@type":"ReadAction","target":["https:\/\/www.humanium.org\/en\/international-day-for-the-abolition-of-slavery-the-fight-is-not-over\/"]}]},{"@type":"ImageObject","inLanguage":"en-GB","@id":"https:\/\/www.humanium.org\/en\/international-day-for-the-abolition-of-slavery-the-fight-is-not-over\/#primaryimage","url":"https:\/\/www.humanium.org\/en\/wp-content\/uploads\/2019\/12\/shutterstock_638952217.jpg","contentUrl":"https:\/\/www.humanium.org\/en\/wp-content\/uploads\/2019\/12\/shutterstock_638952217.jpg","width":1000,"height":765},{"@type":"BreadcrumbList","@id":"https:\/\/www.humanium.org\/en\/international-day-for-the-abolition-of-slavery-the-fight-is-not-over\/#breadcrumb","itemListElement":[{"@type":"ListItem","position":1,"name":"Home","item":"https:\/\/www.humanium.org\/en\/"},{"@type":"ListItem","position":2,"name":"International Day for the Abolition of Slavery \u2013 The fight is not over"}]},{"@type":"WebSite","@id":"https:\/\/www.humanium.org\/en\/#website","url":"https:\/\/www.humanium.org\/en\/","name":"Humanium","description":"Children first!","potentialAction":[{"@type":"SearchAction","target":{"@type":"EntryPoint","urlTemplate":"https:\/\/www.humanium.org\/en\/?s={search_term_string}"},"query-input":{"@type":"PropertyValueSpecification","valueRequired":true,"valueName":"search_term_string"}}],"inLanguage":"en-GB"},{"@type":"Person","@id":"https:\/\/www.humanium.org\/en\/#\/schema\/person\/b5a2aecde60feb35c2970d18d65d9707","name":"Alexis Baron","image":{"@type":"ImageObject","inLanguage":"en-GB","@id":"https:\/\/www.humanium.org\/en\/#\/schema\/person\/image\/","url":"https:\/\/secure.gravatar.com\/avatar\/a2644de86a1d678a05ceaf8e58025f8a35211ccf34697036496dadd6de0f3de6?s=96&d=mm&r=g","contentUrl":"https:\/\/secure.gravatar.com\/avatar\/a2644de86a1d678a05ceaf8e58025f8a35211ccf34697036496dadd6de0f3de6?s=96&d=mm&r=g","caption":"Alexis Baron"},"sameAs":["https:\/\/www.linkedin.com\/in\/alexis-baron-ing\/"],"url":"https:\/\/www.humanium.org\/en\/author\/author_alexisbaron\/"}]}},"_links":{"self":[{"href":"https:\/\/www.humanium.org\/en\/wp-json\/wp\/v2\/posts\/31046","targetHints":{"allow":["GET"]}}],"collection":[{"href":"https:\/\/www.humanium.org\/en\/wp-json\/wp\/v2\/posts"}],"about":[{"href":"https:\/\/www.humanium.org\/en\/wp-json\/wp\/v2\/types\/post"}],"author":[{"embeddable":true,"href":"https:\/\/www.humanium.org\/en\/wp-json\/wp\/v2\/users\/28"}],"replies":[{"embeddable":true,"href":"https:\/\/www.humanium.org\/en\/wp-json\/wp\/v2\/comments?post=31046"}],"version-history":[{"count":10,"href":"https:\/\/www.humanium.org\/en\/wp-json\/wp\/v2\/posts\/31046\/revisions"}],"predecessor-version":[{"id":88156,"href":"https:\/\/www.humanium.org\/en\/wp-json\/wp\/v2\/posts\/31046\/revisions\/88156"}],"wp:featuredmedia":[{"embeddable":true,"href":"https:\/\/www.humanium.org\/en\/wp-json\/wp\/v2\/media\/31047"}],"wp:attachment":[{"href":"https:\/\/www.humanium.org\/en\/wp-json\/wp\/v2\/media?parent=31046"}],"wp:term":[{"taxonomy":"category","embeddable":true,"href":"https:\/\/www.humanium.org\/en\/wp-json\/wp\/v2\/categories?post=31046"},{"taxonomy":"post_tag","embeddable":true,"href":"https:\/\/www.humanium.org\/en\/wp-json\/wp\/v2\/tags?post=31046"}],"curies":[{"name":"wp","href":"https:\/\/api.w.org\/{rel}","templated":true}]}}