{"id":62386,"date":"2023-05-16T12:04:50","date_gmt":"2023-05-16T12:04:50","guid":{"rendered":"https:\/\/www.humanium.org\/en\/?p=62386"},"modified":"2025-12-14T04:39:03","modified_gmt":"2025-12-14T04:39:03","slug":"an-ethnic-elimination-in-china-the-abhorrent-fate-of-the-uyghur-children","status":"publish","type":"post","link":"https:\/\/www.humanium.org\/en\/an-ethnic-elimination-in-china-the-abhorrent-fate-of-the-uyghur-children\/","title":{"rendered":"<strong>An ethnic elimination in China: the abhorrent fate of the Uyghur children<\/strong>"},"content":{"rendered":"\n<p><strong>Continuously outcasted due to their <\/strong><strong>ethnicity<\/strong><strong> and <\/strong><a href=\"https:\/\/www.humanium.org\/en\/children-and-religions\/\"><strong>religion<\/strong><\/a><strong>, the Uyghurs are now being heavily monitored, forcibly <\/strong><a href=\"https:\/\/www.humanium.org\/en\/detained-children\/\"><strong>detained<\/strong><\/a><strong>, <\/strong><a href=\"https:\/\/www.humanium.org\/en\/abuse\/\"><strong>mistreated<\/strong><\/a><strong>, <\/strong><a href=\"https:\/\/www.humanium.org\/en\/abuse\/\"><strong>tortured<\/strong><\/a><strong> and <\/strong><strong>persecuted<\/strong><strong> on the simple account that they belong to a <\/strong><a href=\"https:\/\/www.humanium.org\/en\/children-and-religions\/\"><strong>Muslim<\/strong><\/a><strong> minority<\/strong><strong> in <\/strong><a href=\"https:\/\/www.humanium.org\/en\/china\/\"><strong>China<\/strong><\/a><strong>. One of the most vulnerable victims of <\/strong><a href=\"https:\/\/www.humanium.org\/en\/china\/\"><strong>China<\/strong><\/a><strong>\u2019s enacted <\/strong><strong>ethnic <\/strong><a href=\"https:\/\/www.humanium.org\/en\/abuse\/\"><strong>violence<\/strong><\/a><strong> is the Uyghur children. Separated from their <\/strong><a href=\"https:\/\/www.humanium.org\/en\/family-and-childrensrights\/\"><strong>families<\/strong><\/a><strong> and relatives, and <\/strong><a href=\"https:\/\/www.humanium.org\/en\/detained-children\/\"><strong>sent to state-run institutions<\/strong><\/a><strong>, the Uyghurs children are experiencing egregious human rights violations, ranging from brainwashing to physical and mental <\/strong><a href=\"https:\/\/www.humanium.org\/en\/abuse\/\"><strong>mistreatment<\/strong><\/a><strong> and <\/strong><strong>persecution<\/strong><strong>.&nbsp;<\/strong><\/p>\n\n\n\n<h2 class=\"wp-block-heading\"><strong>The Uyghurs &#8211; an <\/strong><strong>ethnic<\/strong><strong> <\/strong><strong>minority<\/strong><strong> in <\/strong><a href=\"https:\/\/www.humanium.org\/en\/china\/\"><strong>China<\/strong><\/a><\/h2>\n\n\n\n<p>The Uyghurs, also called \u2018<em>Weiwu\u2019er<\/em>\u2019 or \u2018<em>Uygur\u2019<\/em>, are a <a href=\"https:\/\/www.humanium.org\/en\/children-and-religions\/\">Muslim<\/a> and Turkic-speaking minority living essentially in northwestern&nbsp;<a href=\"https:\/\/www.humanium.org\/en\/china\/\">China<\/a>, in the&nbsp;Xinjiang Uyghur Autonomous Region more specifically (Britannica, 2023). Around 10,000,000 Uyghurs can be found in <a href=\"https:\/\/www.humanium.org\/en\/china\/\">China<\/a>, and \u201ca&nbsp;combined&nbsp;total of at least 300,000 in&nbsp;Uzbekistan,&nbsp;Kazakhstan, and&nbsp;Kyrgyzstan&nbsp;in the early 21st century\u201d (Britannica, 2023). The Uyghur language belongs to the Turkic group of&nbsp;Altaic languages, and the Uyghurs are among the \u201coldest Turkic-speaking peoples of&nbsp;Central Asia\u201d (Britannica, 2023).&nbsp;<\/p>\n\n\n\n<h2 class=\"wp-block-heading\"><a href=\"https:\/\/www.humanium.org\/en\/china\/\"><strong>China<\/strong><\/a><strong>\u2019s <\/strong><a href=\"https:\/\/www.humanium.org\/en\/nondiscrimination\/\"><strong>discriminatory<\/strong><\/a><strong> policies against the Uyghur <\/strong><strong>minority<\/strong><\/h2>\n\n\n\n<p>The <a href=\"https:\/\/www.humanium.org\/en\/detained-children\/\">detention<\/a> and killing of the Uyghur minority by <a href=\"https:\/\/www.humanium.org\/en\/china\/\">Chinese<\/a> officials is unfortunately not news to the world. This has been occurring intensively, reportedly since 2017 (Council on Foreign Relations, 2022). And beyond the above-mentioned <a href=\"https:\/\/www.humanium.org\/en\/detained-children\/\">detentions<\/a> and killings, the Uyghur minority of <a href=\"https:\/\/www.humanium.org\/en\/china\/\">China<\/a> has been subjected to \u201cintense surveillance, forced <a href=\"https:\/\/www.humanium.org\/en\/child-labour\/\">labour<\/a>, and involuntary sterilizations, among other rights <a href=\"https:\/\/www.humanium.org\/en\/abuse\/\">abuses<\/a>\u201d (Council on Foreign Relations, 2022). The travelling documents of the Uyghurs were also confiscated from them and their children, forcing them to stay on <a href=\"https:\/\/www.humanium.org\/en\/china\/\">Chinese<\/a> territory (CNN, 2021).<\/p>\n\n\n\n<p>The official reason <a href=\"https:\/\/www.humanium.org\/en\/china\/\">China<\/a> is providing to justify targeting the Uyghurs is related to their concern that the \u201cUyghurs hold extremist and separatist ideas\u201d and they have forced the Uyghurs into the state-camps \u201cas a way of eliminating threats to <a href=\"https:\/\/www.humanium.org\/en\/china\/\">China<\/a>\u2019s territorial integrity, government, and population\u201d (Council on Foreign Relations, 2022).&nbsp;<\/p>\n\n\n\n<p><a href=\"https:\/\/www.humanium.org\/en\/china\/\">China<\/a> is associating the Uyghurs with separatism, extremism and terrorism (Global Risk Insights, 2016). Simply because the Uyghurs speak a different language and practice a <a href=\"https:\/\/www.humanium.org\/en\/children-and-religions\/\">religion<\/a>, <a href=\"https:\/\/www.humanium.org\/en\/china\/\">China<\/a> labelled them as a threat because of the current President Xi Jinping\u2019s policies to conform all <a href=\"https:\/\/www.humanium.org\/en\/china\/\">Chinese<\/a> citizens to \u201cthe officially atheist party\u2019s doctrines and the majority Han-Chinese society\u2019s customs\u201d (Council on Foreign Relations, 2022).&nbsp;<\/p>\n\n\n\n<figure class=\"wp-block-image size-large\"><img loading=\"lazy\" decoding=\"async\" width=\"1024\" height=\"576\" src=\"https:\/\/www.humanium.org\/en\/wp-content\/uploads\/2023\/05\/shutterstock_2281728381-1-1024x576.jpg\" alt=\"\" class=\"wp-image-62388\" srcset=\"https:\/\/www.humanium.org\/en\/wp-content\/uploads\/2023\/05\/shutterstock_2281728381-1-1024x576.jpg 1024w, https:\/\/www.humanium.org\/en\/wp-content\/uploads\/2023\/05\/shutterstock_2281728381-1-300x169.jpg 300w, https:\/\/www.humanium.org\/en\/wp-content\/uploads\/2023\/05\/shutterstock_2281728381-1-768x432.jpg 768w, https:\/\/www.humanium.org\/en\/wp-content\/uploads\/2023\/05\/shutterstock_2281728381-1-1536x864.jpg 1536w, https:\/\/www.humanium.org\/en\/wp-content\/uploads\/2023\/05\/shutterstock_2281728381-1-2048x1152.jpg 2048w, https:\/\/www.humanium.org\/en\/wp-content\/uploads\/2023\/05\/shutterstock_2281728381-1-830x467.jpg 830w, https:\/\/www.humanium.org\/en\/wp-content\/uploads\/2023\/05\/shutterstock_2281728381-1-230x129.jpg 230w, https:\/\/www.humanium.org\/en\/wp-content\/uploads\/2023\/05\/shutterstock_2281728381-1-350x197.jpg 350w, https:\/\/www.humanium.org\/en\/wp-content\/uploads\/2023\/05\/shutterstock_2281728381-1-480x270.jpg 480w\" sizes=\"auto, (max-width: 1024px) 100vw, 1024px\" \/><\/figure>\n\n\n\n<p>The <a href=\"https:\/\/www.humanium.org\/en\/children-and-religions\/\">religion<\/a> practiced by the Uyghurs is highly regulated by <a href=\"https:\/\/www.humanium.org\/en\/china\/\">China<\/a> in a \u201cdetailed, intrusive and particularly controlling manner\u201d (Office of the High Commissioner for Human Rights, 2022). <a href=\"https:\/\/www.humanium.org\/en\/children-and-religions\/\">Religious activities<\/a> are strictly prohibited in \u201cstate institutions, schools of national education, public institutions and other places\u201d and children are not allowed either to participate in any <a href=\"https:\/\/www.humanium.org\/en\/children-and-religions\/\">religious activities<\/a> (Office of the High Commissioner for Human Rights, 2022). The right to choose one\u2019s <a href=\"https:\/\/www.humanium.org\/en\/children-and-religions\/\">religion<\/a> and the right to practice such <a href=\"https:\/\/www.humanium.org\/en\/children-and-religions\/\">religion<\/a> freely is blatantly violated by <a href=\"https:\/\/www.humanium.org\/en\/china\/\">China<\/a>.&nbsp;<\/p>\n\n\n\n<p>These <a href=\"https:\/\/www.humanium.org\/en\/children-and-religions\/\">religion<\/a>-controlled policies, taken together with the various atrocious human rights violations committed by <a href=\"https:\/\/www.humanium.org\/en\/china\/\">China<\/a>, represent what the Uyghurs and their children suffer from, as a minority in <a href=\"https:\/\/www.humanium.org\/en\/china\/\">China<\/a>. And to this day, the <a href=\"https:\/\/www.humanium.org\/en\/china\/\">Chinese<\/a> government has \u201cconsistently denied allegations of any <a href=\"https:\/\/www.humanium.org\/en\/nondiscrimination\/\">discrimination<\/a> against the Uyghur and other predominantly <a href=\"https:\/\/www.humanium.org\/en\/children-and-religions\/\">Muslim<\/a> minorities\u201d living in the Xinjiang Uyghur Autonomous Region (Office of the High Commissioner for Human Rights, 2022).&nbsp;<\/p>\n\n\n\n<h2 class=\"wp-block-heading\"><a href=\"https:\/\/www.humanium.org\/en\/china\/\"><strong>China<\/strong><\/a><strong>\u2019s enacted <\/strong><strong>ethnic<\/strong><strong> <\/strong><a href=\"https:\/\/www.humanium.org\/en\/abuse\/\"><strong>violence<\/strong><\/a><\/h2>\n\n\n\n<p>The policies adopted by <a href=\"https:\/\/www.humanium.org\/en\/china\/\">China<\/a> targeting and constant surveillance of the Uyghur minority, taken together with <a href=\"https:\/\/www.humanium.org\/en\/china\/\">China<\/a>\u2019s will to eradicate the ethnic practices contravening President Xi Jinping\u2019s will to conform all <a href=\"https:\/\/www.humanium.org\/en\/china\/\">Chinese<\/a> citizens to his doctrines, have unfolded a wave of <a href=\"https:\/\/www.humanium.org\/en\/abuse\/\">violence<\/a> and human rights violations committed against the Uyghur minority. This has led to, from 2018 onwards, many Uyghurs being forcibly sent to \u201cVocational Education and Training Centres\u201d (\u2018VETCs\u2019), where they are heavily guarded and are not allowed to speak their own ethnic language or practice their <a href=\"https:\/\/www.humanium.org\/en\/children-and-religions\/\">religion <\/a>&nbsp;(Office of the High Commissioner for Human Rights, 2022).&nbsp;<\/p>\n\n\n\n<p>They are beaten with batons, \u201cincluding electric batons while strapped\u201d, subjected to \u201cinterrogation with water being poured in their faces\u201d, are put in \u201cprolonged solitary confinement\u201d, and \u201cbeing forced to sit motionless on small stools for prolonged periods of time\u201d (Office of the High Commissioner for Human Rights, 2022).&nbsp;<\/p>\n\n\n\n<p>Furthermore, and alarmingly, there are accounts recounted by former <a href=\"https:\/\/www.humanium.org\/en\/detained-children\/\">detained<\/a> Uyghur women that they had been raped by <a href=\"https:\/\/www.humanium.org\/en\/china\/\">Chinese<\/a> officials outside of their dormitories and \u201cforced by (<em>Chinese<\/em>) guards to perform oral sex in the context of an interrogation and various forms of sexual humiliation, including forced nudity\u201d (Office of the High Commissioner for Human Rights, 2022).&nbsp;<\/p>\n\n\n\n<p>Moreover, the detained Uyghurs are forced to work within the VETCs as part of the \u201cgraduation process\u201d, without any possibility of refusal, \u201cfor fear of being kept longer at the facilities\u201d (Office of the High Commissioner for Human Rights, 2022). This occurs either during the placements of the Uyghurs in the VETCs, or as part of the <a href=\"https:\/\/www.humanium.org\/en\/child-labour\/\">labour<\/a> placements in Xinjiang and in other parts of <a href=\"https:\/\/www.humanium.org\/en\/china\/\">China<\/a>, \u201cknown as \u2018surplus <a href=\"https:\/\/www.humanium.org\/en\/child-labour\/\">labour<\/a>\u2019 and \u2018<a href=\"https:\/\/www.humanium.org\/en\/child-labour\/\">labour<\/a> transfer\u2019 schemes\u201d (Office of the High Commissioner for Human Rights, 2022).&nbsp;<\/p>\n\n\n\n<h2 class=\"wp-block-heading\"><strong>The abuse suffered by the Uyghur children<\/strong><\/h2>\n\n\n\n<p><a href=\"https:\/\/www.humanium.org\/en\/china\/\">Chinese<\/a> policies and enacted ethnic <a href=\"https:\/\/www.humanium.org\/en\/abuse\/\">violence<\/a> have had and still have a deep impact on Uyghur <a href=\"https:\/\/www.humanium.org\/en\/family-and-childrensrights\/\">families<\/a> in general. The widespread arbitrary deprivation of the Uyghurs has led to many <a href=\"https:\/\/www.humanium.org\/en\/family-and-childrensrights\/\">families<\/a> being forcibly separated and unaware of the <a href=\"https:\/\/www.humanium.org\/en\/missing-children\/\">whereabouts of their children<\/a> (Office of the High Commissioner for Human Rights, 2022). Furthermore, the Uyghur children are utmost at risk given that the <a href=\"https:\/\/www.humanium.org\/en\/china\/\">Chinese<\/a> government is trying to eradicate any trace of the Uyghur ethnic minority and its distinct identity, by directly targeting its younger generation (News 18, 2020).<\/p>\n\n\n\n<p>After their parents were forcibly sent to VETCs or working facilities, many Uyghur children were sent to <a href=\"https:\/\/www.humanium.org\/en\/china\/\">Chinese<\/a> boarding schools in Xinjiang and some children were alternatively sent to state-run orphanages in Xinjiang (NPR, 2022; Georgetown Journal &amp; International Affairs, 2021). They are being forcibly taught Mandarin at boarding schools and orphanages, and any child that would speak in Uyghur would be severely punished (NPR, 2022).&nbsp;<\/p>\n\n\n\n<p>In addition, by 2019, it was found that around 880,500 children were forced to live in these boarding facilities (The Guardian, 2020). The <a href=\"https:\/\/www.humanium.org\/en\/china\/\">Chinese<\/a> government is purposely making these children \u2018orphans\u2019 by forcibly separating them from their parents, \u201cthus allowing the state to assume a parental role\u201d and therefore successfully breaking the family ties amongst the Uyghur minority (Melanson, 2022). Many parents nowadays cannot account for the whereabouts of their relatives and their children (Amnesty International, 2021).&nbsp;<\/p>\n\n\n\n<h2 class=\"wp-block-heading\"><strong>The well-deserved truth and freedom for the Uyghurs<\/strong><\/h2>\n\n\n\n<p>What the international community has come to know about the Uyghurs\u2019 hardship in <a href=\"https:\/\/www.humanium.org\/en\/china\/\">China<\/a> is already abhorrent. What the international community still ignores, however, due to <a href=\"https:\/\/www.humanium.org\/en\/china\/\">China<\/a>\u2019s constant denial and covering up of its crimes, can be even more worrisome.&nbsp;<\/p>\n\n\n\n<p>For this reason, Humanium calls on the <a href=\"https:\/\/www.humanium.org\/en\/china\/\">Chinese<\/a> government to release all Uyghurs and its children who were <a href=\"https:\/\/www.humanium.org\/en\/detained-children\/\">arbitrarily deprived of their liberty<\/a> in Xinjiang (Office of the High Commissioner for Human Rights, 2022). Humanium further calls onto the <a href=\"https:\/\/www.humanium.org\/en\/china\/\">Chinese<\/a> government, and the international community, to duly investigate all allegations of human rights violations that occurred in the VETCs, <a href=\"https:\/\/www.humanium.org\/en\/orphans\/\">orphanages<\/a> and <a href=\"https:\/\/www.humanium.org\/en\/detained-children\/\">boarding schools<\/a>, which includes allegations of <a href=\"https:\/\/www.humanium.org\/en\/abuse\/\">torture<\/a>, sexual <a href=\"https:\/\/www.humanium.org\/en\/abuse\/\">violence<\/a>, <a href=\"https:\/\/www.humanium.org\/en\/abuse\/\">ill-treatment<\/a> and reports of deaths in custody (Office of the High Commissioner for Human Rights, 2022). Finally, Humanium calls on the <a href=\"https:\/\/www.humanium.org\/en\/china\/\">Chinese<\/a> government to release all its retained information on separated Uyghur <a href=\"https:\/\/www.humanium.org\/en\/family-and-childrensrights\/\">families<\/a> in order for them to be reunited, at last.&nbsp;<\/p>\n\n\n\n<figure class=\"wp-block-image size-large\"><img loading=\"lazy\" decoding=\"async\" width=\"1024\" height=\"771\" src=\"https:\/\/www.humanium.org\/en\/wp-content\/uploads\/2023\/05\/shutterstock_225430006-1024x771.jpg\" alt=\"\" class=\"wp-image-62389\" srcset=\"https:\/\/www.humanium.org\/en\/wp-content\/uploads\/2023\/05\/shutterstock_225430006-1024x771.jpg 1024w, https:\/\/www.humanium.org\/en\/wp-content\/uploads\/2023\/05\/shutterstock_225430006-300x226.jpg 300w, https:\/\/www.humanium.org\/en\/wp-content\/uploads\/2023\/05\/shutterstock_225430006-768x579.jpg 768w, https:\/\/www.humanium.org\/en\/wp-content\/uploads\/2023\/05\/shutterstock_225430006-1536x1157.jpg 1536w, https:\/\/www.humanium.org\/en\/wp-content\/uploads\/2023\/05\/shutterstock_225430006-2048x1543.jpg 2048w, https:\/\/www.humanium.org\/en\/wp-content\/uploads\/2023\/05\/shutterstock_225430006-830x625.jpg 830w, https:\/\/www.humanium.org\/en\/wp-content\/uploads\/2023\/05\/shutterstock_225430006-230x173.jpg 230w, https:\/\/www.humanium.org\/en\/wp-content\/uploads\/2023\/05\/shutterstock_225430006-350x264.jpg 350w, https:\/\/www.humanium.org\/en\/wp-content\/uploads\/2023\/05\/shutterstock_225430006-480x362.jpg 480w\" sizes=\"auto, (max-width: 1024px) 100vw, 1024px\" \/><\/figure>\n\n\n\n<p>Humanium remains committed to safeguarding children\u2019s human rights, including their <a href=\"https:\/\/www.humanium.org\/en\/fundamental-rights\/freedom\/\">rights to freedom<\/a>, <a href=\"https:\/\/www.humanium.org\/en\/protection\/\">protection<\/a> and <a href=\"https:\/\/www.humanium.org\/en\/family-and-childrensrights\/\">a family<\/a>. If you want to contribute to Humanium\u2019s cause, please consider making a&nbsp;<a href=\"https:\/\/www.humanium.org\/en\/donation\/\">donation<\/a>,&nbsp;<a href=\"https:\/\/www.humanium.org\/en\/participate\/volunteer\/\">volunteering<\/a>&nbsp;or becoming a&nbsp;member.<\/p>\n\n\n\n<p><em><strong>Written by Mo\u00efra Phu\u00f6ng Van de Po\u00ebl<\/strong><\/em><\/p>\n\n\n\n<h4 class=\"wp-block-heading\">Bibliography:&nbsp;<\/h4>\n\n\n\n<p class=\"has-small-font-size\">Amnesty International. (2021, March 19). China: Parents of missing Uyghur children describe horror of family separation. Retrieved from Amnesty International at <a href=\"https:\/\/www.amnesty.org.au\/china-parents-of-missing-uyghur-children-describe-horror-of-family-separation\/\" target=\"_blank\" rel=\"noreferrer noopener\">https:\/\/www.amnesty.org.au\/china-parents-of-missing-uyghur-children-describe-horror-of-family-separation\/<\/a>, accessed in April 2023.<\/p>\n\n\n\n<p class=\"has-small-font-size\">Britannica. (2023, March 7). Peoples of Asia &#8211; Uyghur people. Retrieved from Britannica at&nbsp; <a href=\"https:\/\/www.britannica.com\/topic\/Uyghur\" target=\"_blank\" rel=\"noreferrer noopener\">https:\/\/www.britannica.com\/topic\/Uyghur<\/a>, accessed in March 2023.<\/p>\n\n\n\n<p class=\"has-small-font-size\">CNN. (2021, March 25). Beijing\u2019s crackdown in Xinjiang has separated thousands of children from their parents, new report claims. CNN found two of them. Retrieved from CNN at <a href=\"https:\/\/edition.cnn.com\/2021\/03\/18\/china\/xinjiang-uyghur-families-china-amnesty-report-exclusive-dst-intl-hnk\/index.html\" target=\"_blank\" rel=\"noreferrer noopener\">https:\/\/edition.cnn.com\/2021\/03\/18\/china\/xinjiang-uyghur-families-china-amnesty-report-exclusive-dst-intl-hnk\/index.html<\/a>, accessed in March 2023.&nbsp;<\/p>\n\n\n\n<p class=\"has-small-font-size\">Center for Strategic &amp; International Studies. (2019, October). Connecting the Dots in Xinjiang: Forced Labor, Forced Assimilation, and Western Supply Chains<em>.<\/em> Retrieved from Center for Strategic &amp; International Studies at <a href=\"https:\/\/csis-website-prod.s3.amazonaws.com\/s3fs-public\/publication\/Lehr_ConnectingDotsXinjiang_interior_v3_FULL_WEB.pdf\" target=\"_blank\" rel=\"noreferrer noopener\">https:\/\/csis-website-prod.s3.amazonaws.com\/s3fs-public\/publication\/Lehr_ConnectingDotsXinjiang_interior_v3_FULL_WEB.pdf<\/a>, accessed in March 2023.<\/p>\n\n\n\n<p class=\"has-small-font-size\">Council on Foreign Relations. (2022, September 22). China\u2019s Repression of Uyghurs in Xinjiang. Retrieved from Council on Foreign Relations at <a href=\"https:\/\/www.cfr.org\/backgrounder\/china-xinjiang-uyghurs-muslims-repression-genocide-human-rights\" target=\"_blank\" rel=\"noreferrer noopener\">https:\/\/www.cfr.org\/backgrounder\/china-xinjiang-uyghurs-muslims-repression-genocide-human-rights<\/a>, accessed in March 2023.<\/p>\n\n\n\n<p class=\"has-small-font-size\">Georgetown Journal &amp; International Affairs. (2021, August 17). The Uyghur Genocide through the Lens of the Child. Retrieved from Georgetown Journal &amp; International Affairs at <a href=\"https:\/\/gjia.georgetown.edu\/2021\/08\/17\/the-uyghur-genocide-through-the-lens-of-the-child\/#:~:text=Uyghur%20children%20whose%20parents%20are,identities%20and%20praise%20the%20CCP\" target=\"_blank\" rel=\"noreferrer noopener\">https:\/\/gjia.georgetown.edu\/2021\/08\/17\/the-uyghur-genocide-through-the-lens-of-the-child\/#:~:text=Uyghur%20children%20whose%20parents%20are,identities%20and%20praise%20the%20CCP<\/a>, accessed in March 2023.<\/p>\n\n\n\n<p class=\"has-small-font-size\">Global Risk Insights. (2016, October 3). Special Report: Who are the Uyghurs and why do they scare China? Retrieved from Global Risk Insights at https:\/\/globalriskinsights.com\/2016\/10\/uyghurs-scare-china\/, accessed in March 2023.<\/p>\n\n\n\n<p class=\"has-small-font-size\">Melanson, M.-\u00c8. (2022). Pathways to Statelessness and Parent-Child Separation among Uyghurs in Turkey<em>.<\/em> Retrieved from McGill University at <a href=\"https:\/\/bettercarenetwork.org\/sites\/default\/files\/2022-10\/73-article_text-208-2-10-20220919.pdf\" target=\"_blank\" rel=\"noreferrer noopener\">https:\/\/bettercarenetwork.org\/sites\/default\/files\/2022-10\/73-article_text-208-2-10-20220919.pdf<\/a>, accessed in April 2023.<\/p>\n\n\n\n<p class=\"has-small-font-size\">NPR. (2022, February 3). Uyghur kids recall physical and mental torment at Chinese boarding schools in Xinjiang. Retrieved from NPR at <a href=\"https:\/\/www.npr.org\/2022\/02\/03\/1073793823\/china-uyghur-children-xinjiang-boarding-school\" target=\"_blank\" rel=\"noreferrer noopener\">https:\/\/www.npr.org\/2022\/02\/03\/1073793823\/china-uyghur-children-xinjiang-boarding-school<\/a>, accessed in March 2023.<\/p>\n\n\n\n<p class=\"has-small-font-size\">News 18. (2020, July 18). Horrors Beyond Comprehension: Disappearing Uyghur Children. Retrieved from News 18 at <a href=\"https:\/\/www.news18.com\/news\/opinion\/horrors-beyond-comprehension-disappearing-uyghur-children-2722915.html\" target=\"_blank\" rel=\"noreferrer noopener\">https:\/\/www.news18.com\/news\/opinion\/horrors-beyond-comprehension-disappearing-uyghur-children-2722915.html<\/a>, accessed in March 2023.<\/p>\n\n\n\n<p class=\"has-small-font-size\">Office of the High Commissioner for Human Rights. (2022, August 31). OHCHR Assessment of human rights concerns in the Xinjiang Uyghur Autonomous Region, People\u2019s Republic of China. Retrieved from Office of the High Commissioner for Human Rights at <a href=\"https:\/\/reliefweb.int\/report\/china\/ohchr-assessment-human-rights-concerns-xinjiang-uyghur-autonomous-region-peoples-republic-china?gclid=Cj0KCQjw8e-gBhD0ARIsAJiDsaVDiZmY5jXO8IpWNn_1RlQOy1sdmHUmYoyYNpNjOZqleedRzXo8D2IaAvNhEALw_wcB\" target=\"_blank\" rel=\"noreferrer noopener\">https:\/\/reliefweb.int\/report\/china\/ohchr-assessment-human-rights-concerns-xinjiang-uyghur-autonomous-region-peoples-republic-china?gclid=Cj0KCQjw8e-gBhD0ARIsAJiDsaVDiZmY5jXO8IpWNn_1RlQOy1sdmHUmYoyYNpNjOZqleedRzXo8D2IaAvNhEALw_wcB<\/a>, accessed in March 2023.<\/p>\n\n\n\n<p class=\"has-small-font-size\">The Guardian. (2020, October 16). Chinese detention \u2018leaving thousands of Uighur children without parents\u2019. Retrieved from The Guardian at <a href=\"https:\/\/www.theguardian.com\/world\/2020\/oct\/16\/thousands-of-uighur-children-orphaned-by-chinese-detention-papers-show\" target=\"_blank\" rel=\"noreferrer noopener\">https:\/\/www.theguardian.com\/world\/2020\/oct\/16\/thousands-of-uighur-children-orphaned-by-chinese-detention-papers-show<\/a>, accessed in March 2023.<\/p>\n","protected":false},"excerpt":{"rendered":"<p>Continuously outcasted due to their ethnicity and religion, the Uyghurs are now being heavily monitored, forcibly detained, mistreated, tortured and persecuted on the simple account that they belong to a Muslim minority in China. One of the most vulnerable victims of China\u2019s enacted ethnic violence is the Uyghur children. Separated from their families and relatives, [&hellip;]<\/p>\n","protected":false},"author":60,"featured_media":62392,"comment_status":"closed","ping_status":"closed","sticky":false,"template":"","format":"standard","meta":{"footnotes":""},"categories":[152,164,11,144],"tags":[],"class_list":["post-62386","post","type-post","status-publish","format-standard","has-post-thumbnail","hentry","category-childrens-rights","category-exploitation","category-human-rights-programmes","category-violence"],"yoast_head":"<!-- This site is optimized with the Yoast SEO plugin v26.5 - https:\/\/yoast.com\/wordpress\/plugins\/seo\/ -->\n<title>An ethnic elimination in China: the abhorrent fate of the Uyghur children - Humanium<\/title>\n<meta name=\"description\" content=\"One of the most vulnerable victims of China\u2019s ethnic violence and human rights violations are the Uyghur children.\" \/>\n<meta name=\"robots\" content=\"index, follow, max-snippet:-1, max-image-preview:large, max-video-preview:-1\" \/>\n<link rel=\"canonical\" href=\"https:\/\/www.humanium.org\/en\/an-ethnic-elimination-in-china-the-abhorrent-fate-of-the-uyghur-children\/\" \/>\n<meta property=\"og:locale\" content=\"en_GB\" \/>\n<meta property=\"og:type\" content=\"article\" \/>\n<meta property=\"og:title\" content=\"An ethnic elimination in China: the abhorrent fate of the Uyghur children - Humanium\" \/>\n<meta property=\"og:description\" content=\"One of the most vulnerable victims of China\u2019s ethnic violence and human rights violations are the Uyghur children.\" \/>\n<meta property=\"og:url\" content=\"https:\/\/www.humanium.org\/en\/an-ethnic-elimination-in-china-the-abhorrent-fate-of-the-uyghur-children\/\" \/>\n<meta property=\"og:site_name\" content=\"Humanium\" \/>\n<meta property=\"article:published_time\" content=\"2023-05-16T12:04:50+00:00\" \/>\n<meta property=\"article:modified_time\" content=\"2025-12-14T04:39:03+00:00\" \/>\n<meta property=\"og:image\" content=\"https:\/\/www.humanium.org\/en\/wp-content\/uploads\/2023\/05\/shutterstock_1389175136-scaled.jpg\" \/>\n\t<meta property=\"og:image:width\" content=\"2560\" \/>\n\t<meta property=\"og:image:height\" content=\"1707\" \/>\n\t<meta property=\"og:image:type\" content=\"image\/jpeg\" \/>\n<meta name=\"author\" content=\"Mo\u00efra Van de Po\u00ebl\" \/>\n<meta name=\"twitter:card\" content=\"summary_large_image\" \/>\n<meta name=\"twitter:label1\" content=\"Written by\" \/>\n\t<meta name=\"twitter:data1\" content=\"Mo\u00efra Van de Po\u00ebl\" \/>\n\t<meta name=\"twitter:label2\" content=\"Estimated reading time\" \/>\n\t<meta name=\"twitter:data2\" content=\"8 minutes\" \/>\n<script type=\"application\/ld+json\" class=\"yoast-schema-graph\">{\"@context\":\"https:\/\/schema.org\",\"@graph\":[{\"@type\":\"WebPage\",\"@id\":\"https:\/\/www.humanium.org\/en\/an-ethnic-elimination-in-china-the-abhorrent-fate-of-the-uyghur-children\/\",\"url\":\"https:\/\/www.humanium.org\/en\/an-ethnic-elimination-in-china-the-abhorrent-fate-of-the-uyghur-children\/\",\"name\":\"An ethnic elimination in China: the abhorrent fate of the Uyghur children - Humanium\",\"isPartOf\":{\"@id\":\"https:\/\/www.humanium.org\/en\/#website\"},\"primaryImageOfPage\":{\"@id\":\"https:\/\/www.humanium.org\/en\/an-ethnic-elimination-in-china-the-abhorrent-fate-of-the-uyghur-children\/#primaryimage\"},\"image\":{\"@id\":\"https:\/\/www.humanium.org\/en\/an-ethnic-elimination-in-china-the-abhorrent-fate-of-the-uyghur-children\/#primaryimage\"},\"thumbnailUrl\":\"https:\/\/www.humanium.org\/en\/wp-content\/uploads\/2023\/05\/shutterstock_1389175136-scaled.jpg\",\"datePublished\":\"2023-05-16T12:04:50+00:00\",\"dateModified\":\"2025-12-14T04:39:03+00:00\",\"author\":{\"@id\":\"https:\/\/www.humanium.org\/en\/#\/schema\/person\/2b8bc87ee8fed43829beeefb6cbe127f\"},\"description\":\"One of the most vulnerable victims of China\u2019s ethnic violence and human rights violations are the Uyghur children.\",\"breadcrumb\":{\"@id\":\"https:\/\/www.humanium.org\/en\/an-ethnic-elimination-in-china-the-abhorrent-fate-of-the-uyghur-children\/#breadcrumb\"},\"inLanguage\":\"en-GB\",\"potentialAction\":[{\"@type\":\"ReadAction\",\"target\":[\"https:\/\/www.humanium.org\/en\/an-ethnic-elimination-in-china-the-abhorrent-fate-of-the-uyghur-children\/\"]}]},{\"@type\":\"ImageObject\",\"inLanguage\":\"en-GB\",\"@id\":\"https:\/\/www.humanium.org\/en\/an-ethnic-elimination-in-china-the-abhorrent-fate-of-the-uyghur-children\/#primaryimage\",\"url\":\"https:\/\/www.humanium.org\/en\/wp-content\/uploads\/2023\/05\/shutterstock_1389175136-scaled.jpg\",\"contentUrl\":\"https:\/\/www.humanium.org\/en\/wp-content\/uploads\/2023\/05\/shutterstock_1389175136-scaled.jpg\",\"width\":2560,\"height\":1707},{\"@type\":\"BreadcrumbList\",\"@id\":\"https:\/\/www.humanium.org\/en\/an-ethnic-elimination-in-china-the-abhorrent-fate-of-the-uyghur-children\/#breadcrumb\",\"itemListElement\":[{\"@type\":\"ListItem\",\"position\":1,\"name\":\"Home\",\"item\":\"https:\/\/www.humanium.org\/en\/\"},{\"@type\":\"ListItem\",\"position\":2,\"name\":\"An ethnic elimination in China: the abhorrent fate of the Uyghur children\"}]},{\"@type\":\"WebSite\",\"@id\":\"https:\/\/www.humanium.org\/en\/#website\",\"url\":\"https:\/\/www.humanium.org\/en\/\",\"name\":\"Humanium\",\"description\":\"Children first!\",\"potentialAction\":[{\"@type\":\"SearchAction\",\"target\":{\"@type\":\"EntryPoint\",\"urlTemplate\":\"https:\/\/www.humanium.org\/en\/?s={search_term_string}\"},\"query-input\":{\"@type\":\"PropertyValueSpecification\",\"valueRequired\":true,\"valueName\":\"search_term_string\"}}],\"inLanguage\":\"en-GB\"},{\"@type\":\"Person\",\"@id\":\"https:\/\/www.humanium.org\/en\/#\/schema\/person\/2b8bc87ee8fed43829beeefb6cbe127f\",\"name\":\"Mo\u00efra Van de Po\u00ebl\",\"image\":{\"@type\":\"ImageObject\",\"inLanguage\":\"en-GB\",\"@id\":\"https:\/\/www.humanium.org\/en\/#\/schema\/person\/image\/\",\"url\":\"https:\/\/secure.gravatar.com\/avatar\/9314888b731700d7d49fb97f9c46590e3a61ce033afa7233487b6e09567e642d?s=96&d=mm&r=g\",\"contentUrl\":\"https:\/\/secure.gravatar.com\/avatar\/9314888b731700d7d49fb97f9c46590e3a61ce033afa7233487b6e09567e642d?s=96&d=mm&r=g\",\"caption\":\"Mo\u00efra Van de Po\u00ebl\"},\"sameAs\":[\"https:\/\/www.linkedin.com\/in\/mo%C3%AFra-van-de-po%C3%ABl-54436015a\/\"],\"url\":\"https:\/\/www.humanium.org\/en\/author\/author_moiravandepoel\/\"}]}<\/script>\n<!-- \/ Yoast SEO plugin. -->","yoast_head_json":{"title":"An ethnic elimination in China: the abhorrent fate of the Uyghur children - Humanium","description":"One of the most vulnerable victims of China\u2019s ethnic violence and human rights violations are the Uyghur children.","robots":{"index":"index","follow":"follow","max-snippet":"max-snippet:-1","max-image-preview":"max-image-preview:large","max-video-preview":"max-video-preview:-1"},"canonical":"https:\/\/www.humanium.org\/en\/an-ethnic-elimination-in-china-the-abhorrent-fate-of-the-uyghur-children\/","og_locale":"en_GB","og_type":"article","og_title":"An ethnic elimination in China: the abhorrent fate of the Uyghur children - Humanium","og_description":"One of the most vulnerable victims of China\u2019s ethnic violence and human rights violations are the Uyghur children.","og_url":"https:\/\/www.humanium.org\/en\/an-ethnic-elimination-in-china-the-abhorrent-fate-of-the-uyghur-children\/","og_site_name":"Humanium","article_published_time":"2023-05-16T12:04:50+00:00","article_modified_time":"2025-12-14T04:39:03+00:00","og_image":[{"width":2560,"height":1707,"url":"https:\/\/www.humanium.org\/en\/wp-content\/uploads\/2023\/05\/shutterstock_1389175136-scaled.jpg","type":"image\/jpeg"}],"author":"Mo\u00efra Van de Po\u00ebl","twitter_card":"summary_large_image","twitter_misc":{"Written by":"Mo\u00efra Van de Po\u00ebl","Estimated reading time":"8 minutes"},"schema":{"@context":"https:\/\/schema.org","@graph":[{"@type":"WebPage","@id":"https:\/\/www.humanium.org\/en\/an-ethnic-elimination-in-china-the-abhorrent-fate-of-the-uyghur-children\/","url":"https:\/\/www.humanium.org\/en\/an-ethnic-elimination-in-china-the-abhorrent-fate-of-the-uyghur-children\/","name":"An ethnic elimination in China: the abhorrent fate of the Uyghur children - Humanium","isPartOf":{"@id":"https:\/\/www.humanium.org\/en\/#website"},"primaryImageOfPage":{"@id":"https:\/\/www.humanium.org\/en\/an-ethnic-elimination-in-china-the-abhorrent-fate-of-the-uyghur-children\/#primaryimage"},"image":{"@id":"https:\/\/www.humanium.org\/en\/an-ethnic-elimination-in-china-the-abhorrent-fate-of-the-uyghur-children\/#primaryimage"},"thumbnailUrl":"https:\/\/www.humanium.org\/en\/wp-content\/uploads\/2023\/05\/shutterstock_1389175136-scaled.jpg","datePublished":"2023-05-16T12:04:50+00:00","dateModified":"2025-12-14T04:39:03+00:00","author":{"@id":"https:\/\/www.humanium.org\/en\/#\/schema\/person\/2b8bc87ee8fed43829beeefb6cbe127f"},"description":"One of the most vulnerable victims of China\u2019s ethnic violence and human rights violations are the Uyghur children.","breadcrumb":{"@id":"https:\/\/www.humanium.org\/en\/an-ethnic-elimination-in-china-the-abhorrent-fate-of-the-uyghur-children\/#breadcrumb"},"inLanguage":"en-GB","potentialAction":[{"@type":"ReadAction","target":["https:\/\/www.humanium.org\/en\/an-ethnic-elimination-in-china-the-abhorrent-fate-of-the-uyghur-children\/"]}]},{"@type":"ImageObject","inLanguage":"en-GB","@id":"https:\/\/www.humanium.org\/en\/an-ethnic-elimination-in-china-the-abhorrent-fate-of-the-uyghur-children\/#primaryimage","url":"https:\/\/www.humanium.org\/en\/wp-content\/uploads\/2023\/05\/shutterstock_1389175136-scaled.jpg","contentUrl":"https:\/\/www.humanium.org\/en\/wp-content\/uploads\/2023\/05\/shutterstock_1389175136-scaled.jpg","width":2560,"height":1707},{"@type":"BreadcrumbList","@id":"https:\/\/www.humanium.org\/en\/an-ethnic-elimination-in-china-the-abhorrent-fate-of-the-uyghur-children\/#breadcrumb","itemListElement":[{"@type":"ListItem","position":1,"name":"Home","item":"https:\/\/www.humanium.org\/en\/"},{"@type":"ListItem","position":2,"name":"An ethnic elimination in China: the abhorrent fate of the Uyghur children"}]},{"@type":"WebSite","@id":"https:\/\/www.humanium.org\/en\/#website","url":"https:\/\/www.humanium.org\/en\/","name":"Humanium","description":"Children first!","potentialAction":[{"@type":"SearchAction","target":{"@type":"EntryPoint","urlTemplate":"https:\/\/www.humanium.org\/en\/?s={search_term_string}"},"query-input":{"@type":"PropertyValueSpecification","valueRequired":true,"valueName":"search_term_string"}}],"inLanguage":"en-GB"},{"@type":"Person","@id":"https:\/\/www.humanium.org\/en\/#\/schema\/person\/2b8bc87ee8fed43829beeefb6cbe127f","name":"Mo\u00efra Van de Po\u00ebl","image":{"@type":"ImageObject","inLanguage":"en-GB","@id":"https:\/\/www.humanium.org\/en\/#\/schema\/person\/image\/","url":"https:\/\/secure.gravatar.com\/avatar\/9314888b731700d7d49fb97f9c46590e3a61ce033afa7233487b6e09567e642d?s=96&d=mm&r=g","contentUrl":"https:\/\/secure.gravatar.com\/avatar\/9314888b731700d7d49fb97f9c46590e3a61ce033afa7233487b6e09567e642d?s=96&d=mm&r=g","caption":"Mo\u00efra Van de Po\u00ebl"},"sameAs":["https:\/\/www.linkedin.com\/in\/mo%C3%AFra-van-de-po%C3%ABl-54436015a\/"],"url":"https:\/\/www.humanium.org\/en\/author\/author_moiravandepoel\/"}]}},"_links":{"self":[{"href":"https:\/\/www.humanium.org\/en\/wp-json\/wp\/v2\/posts\/62386","targetHints":{"allow":["GET"]}}],"collection":[{"href":"https:\/\/www.humanium.org\/en\/wp-json\/wp\/v2\/posts"}],"about":[{"href":"https:\/\/www.humanium.org\/en\/wp-json\/wp\/v2\/types\/post"}],"author":[{"embeddable":true,"href":"https:\/\/www.humanium.org\/en\/wp-json\/wp\/v2\/users\/60"}],"replies":[{"embeddable":true,"href":"https:\/\/www.humanium.org\/en\/wp-json\/wp\/v2\/comments?post=62386"}],"version-history":[{"count":10,"href":"https:\/\/www.humanium.org\/en\/wp-json\/wp\/v2\/posts\/62386\/revisions"}],"predecessor-version":[{"id":88423,"href":"https:\/\/www.humanium.org\/en\/wp-json\/wp\/v2\/posts\/62386\/revisions\/88423"}],"wp:featuredmedia":[{"embeddable":true,"href":"https:\/\/www.humanium.org\/en\/wp-json\/wp\/v2\/media\/62392"}],"wp:attachment":[{"href":"https:\/\/www.humanium.org\/en\/wp-json\/wp\/v2\/media?parent=62386"}],"wp:term":[{"taxonomy":"category","embeddable":true,"href":"https:\/\/www.humanium.org\/en\/wp-json\/wp\/v2\/categories?post=62386"},{"taxonomy":"post_tag","embeddable":true,"href":"https:\/\/www.humanium.org\/en\/wp-json\/wp\/v2\/tags?post=62386"}],"curies":[{"name":"wp","href":"https:\/\/api.w.org\/{rel}","templated":true}]}}