{"id":10671,"date":"2017-04-17T08:00:24","date_gmt":"2017-04-17T08:00:24","guid":{"rendered":"https:\/\/www.humanium.gives\/es\/?p=10671"},"modified":"2025-12-13T21:31:11","modified_gmt":"2025-12-13T21:31:11","slug":"italia-tragedia-tras-tragedia-los-menores-no-acompanados","status":"publish","type":"post","link":"https:\/\/www.humanium.org\/es\/italia-tragedia-tras-tragedia-los-menores-no-acompanados\/","title":{"rendered":"ITALIA, TRAGEDIA TRAS TRAGEDIA: LOS MENORES NO ACOMPA\u00d1ADOS"},"content":{"rendered":"<p><span style=\"font-weight: 400;\">En 2016, de los 20000 ni\u00f1os migrantes no acompa\u00f1ados que llegaron a <a href=\"https:\/\/www.humanium.org\/es\/europa-caucaso\/italia\/\">Italia<\/a> 6000 desparecieron de los radares de las autoridades italianas (Repubblica, 2016). Se trata sobre todo de menores eritreos, somal\u00edes y egipcios, de 10 a 16 a\u00f1os. Lamentablemente, Italia no encuentra soluciones eficaces para este grave problema.<\/span><\/p>\n<p><b>Una llegada dif\u00edcil a Italia para los menores<\/b><\/p>\n<p><span style=\"font-weight: 400;\">Cuando los menores llegan a <a href=\"https:\/\/www.humanium.org\/fr\/wp-content\/uploads\/2017\/04\/shutterstock_314211323.jpg\"><img loading=\"lazy\" decoding=\"async\" class=\"alignleft size-medium wp-image-38187\" src=\"https:\/\/www.humanium.org\/fr\/wp-content\/uploads\/2017\/04\/shutterstock_314211323-300x200.jpg\" alt=\"\" width=\"300\" height=\"200\" \/><\/a>Italia, encuentran una situaci\u00f3n muy diferente a la esperada, pues numerosos obst\u00e1culos aparecen frente a ellos. En primer lugar, se encuentran en centros de acogida a menudo insalubres y hacinados (Rodini, 2017). Luego, por su condici\u00f3n precaria y la irregularidad de su situaci\u00f3n en el territorio, no pueden estudiar ni trabajar para reembolsar el viaje a las personas que pagaron su traves\u00eda por el mar Mediterr\u00e1neo. Adem\u00e1s de eso, los procedimientos para la reagrupaci\u00f3n familiar son largos y complejos. Es por estas razones que un gran n\u00famero de menores (en 2016, \u00a16000 menores de 16 a\u00f1os!) decidieron huir de los centros y se volvieron migrantes clandestinos (Save the children, 2017).<\/span><\/p>\n<p><span style=\"font-weight: 400;\">Viven en la calle, posiblemente con adultos de la misma nacionalidad, si tienen suerte, ayudados por voluntarios de asociaciones que trabajan en la zona. La mayor\u00eda de ellos tratar\u00e1n de encontrar dinero para salir de Italia y reunirse con miembros de la familia en otro pa\u00eds europeo o, simplemente, presentar una solicitud de asilo en otro pa\u00eds diferente.<\/span><\/p>\n<p><b>La gran vulnerabilidad de los menores no acompa\u00f1ados<\/b><\/p>\n<p><span style=\"font-weight: 400;\">Es necesario comprender <a href=\"https:\/\/www.humanium.org\/fr\/wp-content\/uploads\/2017\/04\/shutterstock_565583509.jpg\"><img loading=\"lazy\" decoding=\"async\" class=\"alignright size-medium wp-image-38188\" src=\"https:\/\/www.humanium.org\/fr\/wp-content\/uploads\/2017\/04\/shutterstock_565583509-300x200.jpg\" alt=\"\" width=\"300\" height=\"200\" \/><\/a>que esos menores son vulnerables a causa de problemas psicol\u00f3gicos, de salud o dificultades de aprendizaje. Pero todos, de la misma manera, est\u00e1n a merced de los traficantes de personas que pueden f\u00e1cilmente manipularlos (Repubblica, 2016). Se trata de una explotaci\u00f3n clandestina y generalizada, en la mayor\u00eda de casos con abuso sexual infantil<\/span><\/p>\n<p><span style=\"font-weight: 400;\">Al final, la suerte de los menores, su supervivencia, su viaje por Europa, se reduce a un asunto de dinero. En el mejor de los casos, son los padres o la familia quienes env\u00edan el dinero necesario para continuar el viaje por Italia y m\u00e1s all\u00e1 de sus fronteras. En otros casos, estos menores tratan de ganar dinero mediante el trabajo no declarado, actividades de delincuencia com\u00fan, tr\u00e1fico de drogas y prostituci\u00f3n (Repubblica, 2016).<\/span><\/p>\n<p><b>La insuficiencia del sistema legislativo italiano<\/b><\/p>\n<p><span style=\"font-weight: 400;\">La primera causa de esta situaci\u00f3n desesperada es la falta de una ley espec\u00edfica para proteger a los menores migrantes. Actualmente, las normas en vigor en Italia son, por una parte la Convenci\u00f3n de Nueva York sobre los Derechos del Ni\u00f1o de 1989, seg\u00fan la cual los menores no acompa\u00f1ados tienen, sin embargo, derecho a un permiso de residencia. Por otra parte, el decreto legislativo 268\/1998 sobre la inmigraci\u00f3n, que establece una disciplina general sobre ese tema. <a href=\"https:\/\/www.humanium.org\/fr\/wp-content\/uploads\/2017\/04\/syrian-1682296_640.jpg\"><img loading=\"lazy\" decoding=\"async\" class=\"alignleft size-medium wp-image-38189\" src=\"https:\/\/www.humanium.org\/fr\/wp-content\/uploads\/2017\/04\/syrian-1682296_640-300x169.jpg\" alt=\"\" width=\"300\" height=\"169\" \/><\/a>Estas medidas no son suficientes para hacer frente a este problema (Camilli, 2017), puesto que ninguno de los dos prescribe soluciones para los menores migrantes que salen del sistema de acogida.<\/span><\/p>\n<p><span style=\"font-weight: 400;\">El proyecto de ley Zampa, que introduce una regla espec\u00edfica para la tutela de los <a href=\"https:\/\/www.humanium.org\/es\/ninos-desplazados\/\">menores migrantes<\/a>,  deber\u00eda remediar esos problemas. Pero este proyecto de ley est\u00e1 en espera de aprobaci\u00f3n por el Parlamento desde 2013, \u00a1casi 4 a\u00f1os! Su contenido se puede resumir en cinco puntos:<br \/>\n1.\tUn procedimiento uniforme a nivel nacional para verificar la edad e identificar a los menores<br \/>\n2.\tUn sistema estructurado de acogida en Italia con estructuras organizadas<br \/>\n3.\tEl respeto del inter\u00e9s superior del menor<br \/>\n4.\tEl derecho a la educaci\u00f3n y a la salud<br \/>\n5.\tEl derecho a una ayuda jur\u00eddica y a ser escuchado en los procedimientos judiciales y administrativos en los que est\u00e9n implicados. (Save the children, 2017).<br \/>\n\u00bfCu\u00e1nto tiempo habr\u00e1 que esperar para que entre en vigor?<\/span><\/p>\n<p><b>Las ONG recurren a las autoridades nacionales e internacionales<\/b><\/p>\n<p><span style=\"font-weight: 400;\">Cansada de esta desastrosa situaci\u00f3n, Oxfam pide a las autoridades italianas y europeas intervenir r\u00e1pidamente para garantizar a esos menores alojamientos adaptados y el apoyo adecuado que necesitan para tener una vida digna (Oxfam Italia, n.d), posici\u00f3n que tambi\u00e9n es apoyada por Save the children (Save the children, 2017). \u00a1Esperamos que su llamamiento sea escuchado!<\/span><\/p>\n<table style=\"height: 61px;\" width=\"639\">\n<tbody style=\"background: #f9f9f9;\">\n<tr>\n<td>\n<div style=\"float: left; width: 50%;\">Ecrito por : Francesca Corsetti<\/div>\n<div style=\"float: left; width: 50%;\">Traducido por : Rosa Castrill\u00f3n<\/div>\n<div style=\"float: left; width: 50%;\">Revisado par : Nuria Esc\u00e1mez<\/div>\n<\/td>\n<\/tr>\n<\/tbody>\n<\/table>\n<p><a><\/a><\/p>\n<p>&nbsp;<\/p>\n<p>&nbsp;<\/p>\n<p>Camilli, A. (2017, 02 13). Consultado el 03 3, 2017, sur internazionale.it: <a href=\"http:\/\/www.internazionale.it\/notizie\/annalisa-camilli\/2017\/02\/13\/migranti-minori-non-accompagnati-legge-zampa\">http:\/\/www.internazionale.it\/notizie\/annalisa-camilli\/2017\/02\/13\/migranti-minori-non-accompagnati-legge-zampa<\/a><\/p>\n<p>Oxfam Italia. (n.d). Consultado el 02 11, 2017, sur oxfamitalia.org: <a href=\"https:\/\/www.oxfamitalia.org\/ogni-giorno-28-bambini-scompaiono-dal-sistema-di-accoglienza-italiano\/\">https:\/\/www.oxfamitalia.org\/ogni-giorno-28-bambini-scompaiono-dal-sistema-di-accoglienza-italiano\/<\/a><\/p>\n<p>Repubblica. (2016, 10 26). Consultado el 02 10, 2017, sur Repubblica.it: <a href=\"http:\/\/www.repubblica.it\/esteri\/2016\/10\/26\/news\/migranti_minori_inchiesta_lena_repubblica_el_pais_welt_le_soir_die_welt-150581936\/\">http:\/\/www.repubblica.it\/esteri\/2016\/10\/26\/news\/migranti_minori_inchiesta_lena_repubblica_el_pais_welt_le_soir_die_welt-150581936\/\/<\/a><\/p>\n<p>Rodini, G. (2017, 01 4). Consultado el 03 3, 2017, sur ilfattoquotidiano.it: <a href=\"http:\/\/www.ilfattoquotidiano.it\/2017\/01\/04\/centri-daccoglienza-il-racconto-in-italia-condizioni-disastrose-la-struttura-di-cona-una-delle-peggiori\/3294706\/\">http:\/\/www.ilfattoquotidiano.it\/2017\/01\/04\/centri-daccoglienza-il-racconto-in-italia-condizioni-disastrose-la-struttura-di-cona-una-delle-peggiori\/3294706\/<\/a><\/em><\/p>\n<p>Save the children. (2017, 02 10). Consultado el 02 10, 2017, sur savethechildren.it: <a href=\"https:\/\/www.savethechildren.it\/blog-notizie\/minori-migranti-cosa-si-intende-quando-si-parla-di-vie-sicure \">https:\/\/www.savethechildren.it\/blog-notizie\/minori-migranti-cosa-si-intende-quando-si-parla-di-vie-sicure<\/a><\/p>\n","protected":false},"excerpt":{"rendered":"<p>En 2016, de los 20000 ni\u00f1os migrantes no acompa\u00f1ados que llegaron a Italia 6000 desparecieron de los radares de las autoridades italianas (Repubblica, 2016). Se trata sobre todo de menores eritreos, somal\u00edes y egipcios, de 10 a 16 a\u00f1os. Lamentablemente, Italia no encuentra soluciones eficaces para este grave problema. Una llegada dif\u00edcil a Italia para [&hellip;]<\/p>\n","protected":false},"author":1,"featured_media":0,"comment_status":"closed","ping_status":"closed","sticky":false,"template":"","format":"standard","meta":{"footnotes":""},"categories":[144],"tags":[],"class_list":["post-10671","post","type-post","status-publish","format-standard","hentry","category-refugiados"],"yoast_head":"<!-- This site is optimized with the Yoast SEO plugin v26.5 - https:\/\/yoast.com\/wordpress\/plugins\/seo\/ -->\n<title>ITALIA, TRAGEDIA TRAS TRAGEDIA: LOS MENORES NO ACOMPA\u00d1ADOS - Humanium<\/title>\n<meta name=\"robots\" content=\"index, follow, max-snippet:-1, max-image-preview:large, max-video-preview:-1\" \/>\n<link rel=\"canonical\" href=\"https:\/\/www.humanium.org\/es\/italia-tragedia-tras-tragedia-los-menores-no-acompanados\/\" \/>\n<meta property=\"og:locale\" content=\"es_ES\" \/>\n<meta property=\"og:type\" content=\"article\" \/>\n<meta property=\"og:title\" content=\"ITALIA, TRAGEDIA TRAS TRAGEDIA: LOS MENORES NO ACOMPA\u00d1ADOS - Humanium\" \/>\n<meta property=\"og:description\" content=\"En 2016, de los 20000 ni\u00f1os migrantes no acompa\u00f1ados que llegaron a Italia 6000 desparecieron de los radares de las autoridades italianas (Repubblica, 2016). Se trata sobre todo de menores eritreos, somal\u00edes y egipcios, de 10 a 16 a\u00f1os. Lamentablemente, Italia no encuentra soluciones eficaces para este grave problema. Una llegada dif\u00edcil a Italia para [&hellip;]\" \/>\n<meta property=\"og:url\" content=\"https:\/\/www.humanium.org\/es\/italia-tragedia-tras-tragedia-los-menores-no-acompanados\/\" \/>\n<meta property=\"og:site_name\" content=\"Humanium\" \/>\n<meta property=\"article:published_time\" content=\"2017-04-17T08:00:24+00:00\" \/>\n<meta property=\"article:modified_time\" content=\"2025-12-13T21:31:11+00:00\" \/>\n<meta name=\"author\" content=\"Olivier\" \/>\n<meta name=\"twitter:card\" content=\"summary_large_image\" \/>\n<meta name=\"twitter:label1\" content=\"Escrito por\" \/>\n\t<meta name=\"twitter:data1\" content=\"Olivier\" \/>\n\t<meta name=\"twitter:label2\" content=\"Tiempo de lectura\" \/>\n\t<meta name=\"twitter:data2\" content=\"4 minutos\" \/>\n<script type=\"application\/ld+json\" class=\"yoast-schema-graph\">{\"@context\":\"https:\/\/schema.org\",\"@graph\":[{\"@type\":\"WebPage\",\"@id\":\"https:\/\/www.humanium.org\/es\/italia-tragedia-tras-tragedia-los-menores-no-acompanados\/\",\"url\":\"https:\/\/www.humanium.org\/es\/italia-tragedia-tras-tragedia-los-menores-no-acompanados\/\",\"name\":\"ITALIA, TRAGEDIA TRAS TRAGEDIA: LOS MENORES NO ACOMPA\u00d1ADOS - Humanium\",\"isPartOf\":{\"@id\":\"https:\/\/www.humanium.org\/es\/#website\"},\"primaryImageOfPage\":{\"@id\":\"https:\/\/www.humanium.org\/es\/italia-tragedia-tras-tragedia-los-menores-no-acompanados\/#primaryimage\"},\"image\":{\"@id\":\"https:\/\/www.humanium.org\/es\/italia-tragedia-tras-tragedia-los-menores-no-acompanados\/#primaryimage\"},\"thumbnailUrl\":\"https:\/\/www.humanium.org\/fr\/wp-content\/uploads\/2017\/04\/shutterstock_314211323-300x200.jpg\",\"datePublished\":\"2017-04-17T08:00:24+00:00\",\"dateModified\":\"2025-12-13T21:31:11+00:00\",\"author\":{\"@id\":\"https:\/\/www.humanium.org\/es\/#\/schema\/person\/a7bc4047fa1a59491b84b14abef018a7\"},\"breadcrumb\":{\"@id\":\"https:\/\/www.humanium.org\/es\/italia-tragedia-tras-tragedia-los-menores-no-acompanados\/#breadcrumb\"},\"inLanguage\":\"es\",\"potentialAction\":[{\"@type\":\"ReadAction\",\"target\":[\"https:\/\/www.humanium.org\/es\/italia-tragedia-tras-tragedia-los-menores-no-acompanados\/\"]}]},{\"@type\":\"ImageObject\",\"inLanguage\":\"es\",\"@id\":\"https:\/\/www.humanium.org\/es\/italia-tragedia-tras-tragedia-los-menores-no-acompanados\/#primaryimage\",\"url\":\"https:\/\/www.humanium.org\/fr\/wp-content\/uploads\/2017\/04\/shutterstock_314211323-300x200.jpg\",\"contentUrl\":\"https:\/\/www.humanium.org\/fr\/wp-content\/uploads\/2017\/04\/shutterstock_314211323-300x200.jpg\"},{\"@type\":\"BreadcrumbList\",\"@id\":\"https:\/\/www.humanium.org\/es\/italia-tragedia-tras-tragedia-los-menores-no-acompanados\/#breadcrumb\",\"itemListElement\":[{\"@type\":\"ListItem\",\"position\":1,\"name\":\"Home\",\"item\":\"https:\/\/www.humanium.org\/es\/\"},{\"@type\":\"ListItem\",\"position\":2,\"name\":\"ITALIA, TRAGEDIA TRAS TRAGEDIA: LOS MENORES NO ACOMPA\u00d1ADOS\"}]},{\"@type\":\"WebSite\",\"@id\":\"https:\/\/www.humanium.org\/es\/#website\",\"url\":\"https:\/\/www.humanium.org\/es\/\",\"name\":\"Humanium\",\"description\":\"\u00a1Los ni\u00f1os primero!\",\"potentialAction\":[{\"@type\":\"SearchAction\",\"target\":{\"@type\":\"EntryPoint\",\"urlTemplate\":\"https:\/\/www.humanium.org\/es\/?s={search_term_string}\"},\"query-input\":{\"@type\":\"PropertyValueSpecification\",\"valueRequired\":true,\"valueName\":\"search_term_string\"}}],\"inLanguage\":\"es\"},{\"@type\":\"Person\",\"@id\":\"https:\/\/www.humanium.org\/es\/#\/schema\/person\/a7bc4047fa1a59491b84b14abef018a7\",\"name\":\"Olivier\",\"image\":{\"@type\":\"ImageObject\",\"inLanguage\":\"es\",\"@id\":\"https:\/\/www.humanium.org\/es\/#\/schema\/person\/image\/\",\"url\":\"https:\/\/secure.gravatar.com\/avatar\/945a9bb4662b83cabc6e1483b64823d58adf8c47dcbb3a834cd5df54a5f60495?s=96&d=mm&r=g\",\"contentUrl\":\"https:\/\/secure.gravatar.com\/avatar\/945a9bb4662b83cabc6e1483b64823d58adf8c47dcbb3a834cd5df54a5f60495?s=96&d=mm&r=g\",\"caption\":\"Olivier\"},\"url\":\"https:\/\/www.humanium.org\/es\/author\/olivier\/\"}]}<\/script>\n<!-- \/ Yoast SEO plugin. -->","yoast_head_json":{"title":"ITALIA, TRAGEDIA TRAS TRAGEDIA: LOS MENORES NO ACOMPA\u00d1ADOS - Humanium","robots":{"index":"index","follow":"follow","max-snippet":"max-snippet:-1","max-image-preview":"max-image-preview:large","max-video-preview":"max-video-preview:-1"},"canonical":"https:\/\/www.humanium.org\/es\/italia-tragedia-tras-tragedia-los-menores-no-acompanados\/","og_locale":"es_ES","og_type":"article","og_title":"ITALIA, TRAGEDIA TRAS TRAGEDIA: LOS MENORES NO ACOMPA\u00d1ADOS - Humanium","og_description":"En 2016, de los 20000 ni\u00f1os migrantes no acompa\u00f1ados que llegaron a Italia 6000 desparecieron de los radares de las autoridades italianas (Repubblica, 2016). Se trata sobre todo de menores eritreos, somal\u00edes y egipcios, de 10 a 16 a\u00f1os. Lamentablemente, Italia no encuentra soluciones eficaces para este grave problema. Una llegada dif\u00edcil a Italia para [&hellip;]","og_url":"https:\/\/www.humanium.org\/es\/italia-tragedia-tras-tragedia-los-menores-no-acompanados\/","og_site_name":"Humanium","article_published_time":"2017-04-17T08:00:24+00:00","article_modified_time":"2025-12-13T21:31:11+00:00","author":"Olivier","twitter_card":"summary_large_image","twitter_misc":{"Escrito por":"Olivier","Tiempo de lectura":"4 minutos"},"schema":{"@context":"https:\/\/schema.org","@graph":[{"@type":"WebPage","@id":"https:\/\/www.humanium.org\/es\/italia-tragedia-tras-tragedia-los-menores-no-acompanados\/","url":"https:\/\/www.humanium.org\/es\/italia-tragedia-tras-tragedia-los-menores-no-acompanados\/","name":"ITALIA, TRAGEDIA TRAS TRAGEDIA: LOS MENORES NO ACOMPA\u00d1ADOS - Humanium","isPartOf":{"@id":"https:\/\/www.humanium.org\/es\/#website"},"primaryImageOfPage":{"@id":"https:\/\/www.humanium.org\/es\/italia-tragedia-tras-tragedia-los-menores-no-acompanados\/#primaryimage"},"image":{"@id":"https:\/\/www.humanium.org\/es\/italia-tragedia-tras-tragedia-los-menores-no-acompanados\/#primaryimage"},"thumbnailUrl":"https:\/\/www.humanium.org\/fr\/wp-content\/uploads\/2017\/04\/shutterstock_314211323-300x200.jpg","datePublished":"2017-04-17T08:00:24+00:00","dateModified":"2025-12-13T21:31:11+00:00","author":{"@id":"https:\/\/www.humanium.org\/es\/#\/schema\/person\/a7bc4047fa1a59491b84b14abef018a7"},"breadcrumb":{"@id":"https:\/\/www.humanium.org\/es\/italia-tragedia-tras-tragedia-los-menores-no-acompanados\/#breadcrumb"},"inLanguage":"es","potentialAction":[{"@type":"ReadAction","target":["https:\/\/www.humanium.org\/es\/italia-tragedia-tras-tragedia-los-menores-no-acompanados\/"]}]},{"@type":"ImageObject","inLanguage":"es","@id":"https:\/\/www.humanium.org\/es\/italia-tragedia-tras-tragedia-los-menores-no-acompanados\/#primaryimage","url":"https:\/\/www.humanium.org\/fr\/wp-content\/uploads\/2017\/04\/shutterstock_314211323-300x200.jpg","contentUrl":"https:\/\/www.humanium.org\/fr\/wp-content\/uploads\/2017\/04\/shutterstock_314211323-300x200.jpg"},{"@type":"BreadcrumbList","@id":"https:\/\/www.humanium.org\/es\/italia-tragedia-tras-tragedia-los-menores-no-acompanados\/#breadcrumb","itemListElement":[{"@type":"ListItem","position":1,"name":"Home","item":"https:\/\/www.humanium.org\/es\/"},{"@type":"ListItem","position":2,"name":"ITALIA, TRAGEDIA TRAS TRAGEDIA: LOS MENORES NO ACOMPA\u00d1ADOS"}]},{"@type":"WebSite","@id":"https:\/\/www.humanium.org\/es\/#website","url":"https:\/\/www.humanium.org\/es\/","name":"Humanium","description":"\u00a1Los ni\u00f1os primero!","potentialAction":[{"@type":"SearchAction","target":{"@type":"EntryPoint","urlTemplate":"https:\/\/www.humanium.org\/es\/?s={search_term_string}"},"query-input":{"@type":"PropertyValueSpecification","valueRequired":true,"valueName":"search_term_string"}}],"inLanguage":"es"},{"@type":"Person","@id":"https:\/\/www.humanium.org\/es\/#\/schema\/person\/a7bc4047fa1a59491b84b14abef018a7","name":"Olivier","image":{"@type":"ImageObject","inLanguage":"es","@id":"https:\/\/www.humanium.org\/es\/#\/schema\/person\/image\/","url":"https:\/\/secure.gravatar.com\/avatar\/945a9bb4662b83cabc6e1483b64823d58adf8c47dcbb3a834cd5df54a5f60495?s=96&d=mm&r=g","contentUrl":"https:\/\/secure.gravatar.com\/avatar\/945a9bb4662b83cabc6e1483b64823d58adf8c47dcbb3a834cd5df54a5f60495?s=96&d=mm&r=g","caption":"Olivier"},"url":"https:\/\/www.humanium.org\/es\/author\/olivier\/"}]}},"_links":{"self":[{"href":"https:\/\/www.humanium.org\/es\/wp-json\/wp\/v2\/posts\/10671","targetHints":{"allow":["GET"]}}],"collection":[{"href":"https:\/\/www.humanium.org\/es\/wp-json\/wp\/v2\/posts"}],"about":[{"href":"https:\/\/www.humanium.org\/es\/wp-json\/wp\/v2\/types\/post"}],"author":[{"embeddable":true,"href":"https:\/\/www.humanium.org\/es\/wp-json\/wp\/v2\/users\/1"}],"replies":[{"embeddable":true,"href":"https:\/\/www.humanium.org\/es\/wp-json\/wp\/v2\/comments?post=10671"}],"version-history":[{"count":2,"href":"https:\/\/www.humanium.org\/es\/wp-json\/wp\/v2\/posts\/10671\/revisions"}],"predecessor-version":[{"id":21409,"href":"https:\/\/www.humanium.org\/es\/wp-json\/wp\/v2\/posts\/10671\/revisions\/21409"}],"wp:attachment":[{"href":"https:\/\/www.humanium.org\/es\/wp-json\/wp\/v2\/media?parent=10671"}],"wp:term":[{"taxonomy":"category","embeddable":true,"href":"https:\/\/www.humanium.org\/es\/wp-json\/wp\/v2\/categories?post=10671"},{"taxonomy":"post_tag","embeddable":true,"href":"https:\/\/www.humanium.org\/es\/wp-json\/wp\/v2\/tags?post=10671"}],"curies":[{"name":"wp","href":"https:\/\/api.w.org\/{rel}","templated":true}]}}