{"id":10679,"date":"2017-03-15T08:00:28","date_gmt":"2017-03-15T08:00:28","guid":{"rendered":"https:\/\/www.humanium.gives\/es\/?p=10679"},"modified":"2025-12-13T21:31:12","modified_gmt":"2025-12-13T21:31:12","slug":"los-ninos-y-ninas-victimas-de-ataques-quimicos-en-alepo","status":"publish","type":"post","link":"https:\/\/www.humanium.org\/es\/los-ninos-y-ninas-victimas-de-ataques-quimicos-en-alepo\/","title":{"rendered":"Los ni\u00f1os y ni\u00f1as v\u00edctimas de ataques qu\u00edmicos en Alepo"},"content":{"rendered":"<p><strong>La violaci\u00f3n de los derechos humanos y del derecho humanitario internacional empeora en Siria. Tras casi seis a\u00f1os de guerra, los ni\u00f1os y ni\u00f1as est\u00e1n al l\u00edmite de sus fuerzas: duermen entre las ruinas, pasan fr\u00edo y hambre y son testigos de lo inconcebible. Todos los ni\u00f1os y ni\u00f1as de Alepo sufren da\u00f1os psicol\u00f3gicos debido a los violentos cr\u00edmenes que empa\u00f1an de sangre esta gran ciudad del norte de Siria. Los ni\u00f1os y ni\u00f1as tambi\u00e9n son v\u00edctimas de los bombardeos indiscriminados contra la poblaci\u00f3n civil. La guerra, las bombas y los ataques qu\u00edmicos son parte de su d\u00eda a d\u00eda. Seg\u00fan un informe reciente de Human Rights Watch, se habr\u00eda perpetrado un nuevo ataque qu\u00edmico en la ciudad de Alepo en noviembre de 2016, matando a, al menos, nueve civiles, entre ellos a cuatro ni\u00f1os, y dejando alrededor de 200 heridos (HRW, 2017).<\/strong><\/p>\n<h2><a href=\"https:\/\/www.humanium.org\/es\/wp-content\/uploads\/2017\/03\/15768572.jpg\"><img loading=\"lazy\" decoding=\"async\" class=\"alignnone size-full wp-image-9596\" src=\"https:\/\/www.humanium.org\/es\/wp-content\/uploads\/2017\/03\/15768572.jpg\" alt=\"\" width=\"819\" height=\"613\" \/><\/a><\/h2>\n<h2><strong>Situaciones insostenibles y recurrentes<\/strong><\/h2>\n<p><strong>\u00a0<\/strong>Durante siglos, Alepo ha sido una de las ciudades m\u00e1s grandes de Siria, con una poblaci\u00f3n de 2,1 millones de habitantes en 2004, casi tanto como Damasco, la capital (Durand y Dagorn, 2016). Sin embargo, cinco a\u00f1os despu\u00e9s del movimiento de protesta de 2011 ante el cual el r\u00e9gimen de Bashar al-Asad respondi\u00f3 con las armas, la guerra ha devastado la ciudad. Seg\u00fan la organizaci\u00f3n de protecci\u00f3n civil de los cascos blancos, solo los ataques a\u00e9reos rusos a la ciudad de Alepo en 2016 han matado a 1207 civiles, de los cuales 380 eran ni\u00f1os (Radio-Canada, Agence France-Presse y Reuters, 2016).<\/p>\n<p>Human Rights Watch (HRW) ha realizado un informe acusando al gobierno sirio y a sus aliados de haber lanzado al menos ocho ataques qu\u00edmicos de gas cloro contra los barrios residenciales del este de la ciudad de Alepo para retomar el control, entre los meses de noviembre y diciembre de 2016, tras un periodo de relativa calma (HRW, 2017). La ofensiva continu\u00f3 hasta el 13 de diciembre, fecha en la que las partes han acordado un alto el fuego, afirm\u00f3 Human Rights Watch (2017).<\/p>\n<p>Estos ataques han causado la muerte de nueve civiles, entre los cuales se encuentran cuatro ni\u00f1os, as\u00ed como varios heridos (Ibid). Uno de los ataques m\u00e1s mort\u00edferos golpe\u00f3 el barrio de Al-Sakhour el 20 de noviembre, matando a seis miembros de la misma familia (HRW, 2017).<\/p>\n<p><a href=\"https:\/\/www.humanium.org\/es\/wp-content\/uploads\/2017\/03\/15768596.jpg\"><img loading=\"lazy\" decoding=\"async\" class=\"wp-image-9597 size-medium alignright\" src=\"https:\/\/www.humanium.org\/es\/wp-content\/uploads\/2017\/03\/15768596-300x225.jpg\" alt=\"\" width=\"300\" height=\"225\" \/><\/a>Seg\u00fan un agente de seguridad presente en el lugar, \u00ablas personas v\u00edctimas del ataque experimentaban dificultades para respirar, tos\u00edan violentamente, ten\u00edan nauseas, algunas se desmayaban, a otras les sal\u00eda espuma por la boca, declar\u00f3 un primer interviniente tras muchos ataques. Los ni\u00f1os y ni\u00f1as son los m\u00e1s gravemente afectados por los productos qu\u00edmicos\u2026 Inhalan los olores y se ahogan\u00bb (HRW, 2017).<\/p>\n<p>Los miembros del Consejo de Seguridad de la ONU, entre ellos Rusia, han condenado el empleo de cualquier sustancia qu\u00edmica t\u00f3xico, incluido el cloro, como arma en Siria, recalcando que los responsables deber\u00e1n rendir cuentas. El 7 de agosto de 2015, el Consejo de Seguridad adopt\u00f3 por unanimidad la Resoluci\u00f3n 2235 en la que se establece la investigaci\u00f3n para \u00abidentificar en la mayor medida posible a las personas, entidades, grupos o gobiernos que hayan empleado sustancias qu\u00edmicas como arma, incluido el cloro o cualquier otra sustancia qu\u00edmica t\u00f3xica, en la Rep\u00fablica \u00c1rabe Siria o que hayan organizado o patrocinado su empleo\u00bb (HRW, 2017).<\/p>\n<h2><strong>Alepo en el coraz\u00f3n de una cat\u00e1strofe humanitaria<\/strong><\/h2>\n<p><strong><a href=\"https:\/\/www.humanium.org\/es\/wp-content\/uploads\/2017\/03\/15768600.jpg\"><img loading=\"lazy\" decoding=\"async\" class=\"size-medium wp-image-9598 alignleft\" src=\"https:\/\/www.humanium.org\/es\/wp-content\/uploads\/2017\/03\/15768600-300x225.jpg\" alt=\"\" width=\"300\" height=\"225\" \/><\/a>\u00a0<\/strong>La desesperanza reina en Alepo. Los ni\u00f1os y ni\u00f1as padecen da\u00f1os ps\u00edquicos debido a los violentos cr\u00edmenes que empa\u00f1an de sangre esta gran ciudad del norte de Siria, donde el r\u00e9gimen y los rebeldes libran una guerra sin piedad. \u00abTodos los ni\u00f1os y ni\u00f1as de Alepo sufren. Todos est\u00e1n traumatizados\u00bb, declar\u00f3 a AFP Radoslaw Rzehak, director de la oficina del Fondo de las Naciones Unidas para la Infancia (AFP, 2016).<\/p>\n<p>Las vidas destrozadas por un conflicto del que no son responsables, pero del que pagan el precio sufriendo malnutrici\u00f3n, deshidrataci\u00f3n y desplazamientos forzados, sin poder acceder a una educaci\u00f3n ni a unos cuidados m\u00e9dicos adecuados en el marco de una verdadera crisis humanitaria.Nada justifica tantos ataques a ni\u00f1os y ni\u00f1as y tanta falta de respeto por la vida humana.<\/p>\n<h2><strong>Los granos de esperanza<\/strong><\/h2>\n<p>Alepo ha sufrido una destrucci\u00f3n incalculable que se ha dirigido tanto a su poblaci\u00f3n como a su historia. El barrio Este de Alepo est\u00e1 ahora en manos del ej\u00e9rcito sirio y los antiguos habitantes retoman gradualmente sus antiguas vidas.<\/p>\n<p><a href=\"https:\/\/www.humanium.org\/es\/wp-content\/uploads\/2017\/03\/15768570.jpg\"><img loading=\"lazy\" decoding=\"async\" class=\"size-medium wp-image-9599 aligncenter\" src=\"https:\/\/www.humanium.org\/es\/wp-content\/uploads\/2017\/03\/15768570-300x225.jpg\" alt=\"\" width=\"300\" height=\"225\" \/><\/a><\/p>\n<p>El pasado 23 de febrero, se llev\u00f3 a cabo en Ginebra una sesi\u00f3n extraordinaria del Consejo de los Derechos del Hombre de las Naciones Unidas sobre la situaci\u00f3n en Siria con el fin de terminar con los ataques ilegales, de garantizar el acceso a la ayuda humanitaria as\u00ed como a una ruta segura para los civiles que huyen del pa\u00eds y, adem\u00e1s, para defender los derechos de los detenidos y garantizar la justicia y la reforma de la seguridad (Human Rights Watch, 2017).<\/p>\n<p>Actualmente, 59 pa\u00edses han aprobado y se han comprometido a aprobar el compromiso pol\u00edtico internacional conocido como la Declaraci\u00f3n sobre Escuelas Seguras. Con la aprobaci\u00f3n de la Declaraci\u00f3n, los pa\u00edses se comprometen a restablecer el acceso a la educaci\u00f3n cuando las escuelas sean bombardeadas, quemadas y destruidas durante conflictos armados, y se comprometen a garantizar la seguridad de los estudiantes, de los profesores y de la escuela. Estos pa\u00edses est\u00e1n de acuerdo en impedir la violencia y, para ello, se comprometieron a investigar y perseguir los cr\u00edmenes de guerra que afecten a la integridad de las escuelas y a reducir al m\u00ednimo el uso de las escuelas con fines militares para que no se conviertan en blancos de ataque (Human Rights Watch, 2017).<\/p>\n<p>Humanium tambi\u00e9n est\u00e1 comprometido con el respeto de los derechos de los ni\u00f1os y ni\u00f1as en todo el mundo. Apoyamos el desarrollo sostenible y equitativo, centr\u00e1ndonos en un enfoque global que gire en torno a la cooperaci\u00f3n, a la participaci\u00f3n y a la autonom\u00eda de las personas m\u00e1s vulnerables. Actualmente, estamos valorando diferentes opciones para colaborar con una ONG siria con vistas a ofrecer apoyo a los ni\u00f1os y ni\u00f1as de Siria. Asimismo, se contemplan otras opciones de asociaci\u00f3n con la ONU.<\/p>\n<table style=\"height: 90px;\" width=\"776\">\n<tbody style=\"background: #f9f9f9;\">\n<tr>\n<td>\n<div style=\"float: left; width: 50%;\">Ecrito por : Mahaliana RAJAONARIVO<\/div>\n<div style=\"float: left; width: 50%;\">Traducido por : Gonzalo Silla Gozalvo.<\/div>\n<div style=\"float: right; width: 50%;\">Revisado por :\u00a0Elena Parral Rodr\u00edguez,Gina Montoya Urbano.<\/div>\n<\/td>\n<\/tr>\n<\/tbody>\n<\/table>\n<p><a><\/a><\/p>\n<p>AFP. (2016, D\u00e9cembre 12). <em>\u00abTous les enfants d&#8217;Alep sont traumatis\u00e9s\u00bb, selon l&#8217;Unicef<\/em>. R\u00e9cup\u00e9r\u00e9 sur Le Parisien: http:\/\/www.leparisien.fr\/laparisienne\/sante\/tous-les-enfants-d-alep-sont-traumatises-selon-l-unicef-12-12-2016-6446382.php<\/p>\n<p>Durand, A.-A., &amp; Dagorn, G. (2016, D\u00e9cembre 15). <em>Syrie : \u00e0 quoi ressemblait la ville d\u2019Alep avant la guerre ?<\/em> R\u00e9cup\u00e9r\u00e9 sur Le Monde: http:\/\/www.lemonde.fr\/les-decodeurs\/article\/2016\/12\/15\/a-quoi-ressemblait-la-ville-d-alep-avant-la-guerre_5049471_4355770.html<\/p>\n<p>HRW. (2017, F\u00e9vrier 21). <em>La France et le Canada sont les 58\u00e8me et 59\u00e8me pays \u00e0 approuver la D\u00e9claration sur la s\u00e9curit\u00e9 dans les \u00e9coles<\/em>. R\u00e9cup\u00e9r\u00e9 sur Human Rights Watch : https:\/\/www.hrw.org\/fr\/news\/2017\/02\/21\/la-france-et-le-canada-sont-les-58eme-et-59eme-pays-approuver-la-declaration-sur-la<\/p>\n<p>HRW. (2017, F\u00e9vrier 13). <em>Syrie : Des attaques chimiques ont \u00e9t\u00e9 men\u00e9es de mani\u00e8re coordonn\u00e9e contre Alep<\/em>. R\u00e9cup\u00e9r\u00e9 sur Human Rights Watch: https:\/\/www.hrw.org\/fr\/news\/2017\/02\/13\/syrie-des-attaques-chimiques-ont-ete-menees-de-maniere-coordonnee-contre-alep<\/p>\n<p>HRW. (2017, F\u00e9vrier 21). <em>Syrie : Faire des droits humains une priorit\u00e9 des pourparlers de Gen\u00e8ve<\/em>. R\u00e9cup\u00e9r\u00e9 sur Human Rights Watch: https:\/\/www.hrw.org\/fr\/news\/2017\/02\/21\/syrie-faire-des-droits-humains-une-priorite-des-pourparlers-de-geneve<\/p>\n<p>Radio-Canada &amp; Agence France-Presse &amp; Reuters. (2016, D\u00e9cembre 15). <em>Premi\u00e8res \u00e9vacuations \u00e0 Alep-Est<\/em>. R\u00e9cup\u00e9r\u00e9 sur radio-canada.ca: http:\/\/ici.radio-canada.ca\/nouvelle\/1006033\/cessez-le-feu-alep-syrie-guerre-evacuation-treve<\/p>\n","protected":false},"excerpt":{"rendered":"<p>La violaci\u00f3n de los derechos humanos y del derecho humanitario internacional empeora en Siria. Tras casi seis a\u00f1os de guerra, los ni\u00f1os y ni\u00f1as est\u00e1n al l\u00edmite de sus fuerzas: duermen entre las ruinas, pasan fr\u00edo y hambre y son testigos de lo inconcebible. Todos los ni\u00f1os y ni\u00f1as de Alepo sufren da\u00f1os psicol\u00f3gicos debido [&hellip;]<\/p>\n","protected":false},"author":1,"featured_media":0,"comment_status":"closed","ping_status":"closed","sticky":false,"template":"","format":"standard","meta":{"footnotes":""},"categories":[1],"tags":[],"class_list":["post-10679","post","type-post","status-publish","format-standard","hentry","category-uncategorized"],"yoast_head":"<!-- This site is optimized with the Yoast SEO plugin v26.5 - https:\/\/yoast.com\/wordpress\/plugins\/seo\/ -->\n<title>Los ni\u00f1os y ni\u00f1as v\u00edctimas de ataques qu\u00edmicos en Alepo - Humanium<\/title>\n<meta name=\"robots\" content=\"index, follow, max-snippet:-1, max-image-preview:large, max-video-preview:-1\" \/>\n<link rel=\"canonical\" href=\"https:\/\/www.humanium.org\/es\/los-ninos-y-ninas-victimas-de-ataques-quimicos-en-alepo\/\" \/>\n<meta property=\"og:locale\" content=\"es_ES\" \/>\n<meta property=\"og:type\" content=\"article\" \/>\n<meta property=\"og:title\" content=\"Los ni\u00f1os y ni\u00f1as v\u00edctimas de ataques qu\u00edmicos en Alepo - Humanium\" \/>\n<meta property=\"og:description\" content=\"La violaci\u00f3n de los derechos humanos y del derecho humanitario internacional empeora en Siria. Tras casi seis a\u00f1os de guerra, los ni\u00f1os y ni\u00f1as est\u00e1n al l\u00edmite de sus fuerzas: duermen entre las ruinas, pasan fr\u00edo y hambre y son testigos de lo inconcebible. Todos los ni\u00f1os y ni\u00f1as de Alepo sufren da\u00f1os psicol\u00f3gicos debido [&hellip;]\" \/>\n<meta property=\"og:url\" content=\"https:\/\/www.humanium.org\/es\/los-ninos-y-ninas-victimas-de-ataques-quimicos-en-alepo\/\" \/>\n<meta property=\"og:site_name\" content=\"Humanium\" \/>\n<meta property=\"article:published_time\" content=\"2017-03-15T08:00:28+00:00\" \/>\n<meta property=\"article:modified_time\" content=\"2025-12-13T21:31:12+00:00\" \/>\n<meta name=\"author\" content=\"Olivier\" \/>\n<meta name=\"twitter:card\" content=\"summary_large_image\" \/>\n<meta name=\"twitter:label1\" content=\"Escrito por\" \/>\n\t<meta name=\"twitter:data1\" content=\"Olivier\" \/>\n\t<meta name=\"twitter:label2\" content=\"Tiempo de lectura\" \/>\n\t<meta name=\"twitter:data2\" content=\"6 minutos\" \/>\n<script type=\"application\/ld+json\" class=\"yoast-schema-graph\">{\"@context\":\"https:\/\/schema.org\",\"@graph\":[{\"@type\":\"WebPage\",\"@id\":\"https:\/\/www.humanium.org\/es\/los-ninos-y-ninas-victimas-de-ataques-quimicos-en-alepo\/\",\"url\":\"https:\/\/www.humanium.org\/es\/los-ninos-y-ninas-victimas-de-ataques-quimicos-en-alepo\/\",\"name\":\"Los ni\u00f1os y ni\u00f1as v\u00edctimas de ataques qu\u00edmicos en Alepo - Humanium\",\"isPartOf\":{\"@id\":\"https:\/\/www.humanium.org\/es\/#website\"},\"primaryImageOfPage\":{\"@id\":\"https:\/\/www.humanium.org\/es\/los-ninos-y-ninas-victimas-de-ataques-quimicos-en-alepo\/#primaryimage\"},\"image\":{\"@id\":\"https:\/\/www.humanium.org\/es\/los-ninos-y-ninas-victimas-de-ataques-quimicos-en-alepo\/#primaryimage\"},\"thumbnailUrl\":\"https:\/\/www.humanium.org\/es\/wp-content\/uploads\/2017\/03\/15768572.jpg\",\"datePublished\":\"2017-03-15T08:00:28+00:00\",\"dateModified\":\"2025-12-13T21:31:12+00:00\",\"author\":{\"@id\":\"https:\/\/www.humanium.org\/es\/#\/schema\/person\/a7bc4047fa1a59491b84b14abef018a7\"},\"breadcrumb\":{\"@id\":\"https:\/\/www.humanium.org\/es\/los-ninos-y-ninas-victimas-de-ataques-quimicos-en-alepo\/#breadcrumb\"},\"inLanguage\":\"es\",\"potentialAction\":[{\"@type\":\"ReadAction\",\"target\":[\"https:\/\/www.humanium.org\/es\/los-ninos-y-ninas-victimas-de-ataques-quimicos-en-alepo\/\"]}]},{\"@type\":\"ImageObject\",\"inLanguage\":\"es\",\"@id\":\"https:\/\/www.humanium.org\/es\/los-ninos-y-ninas-victimas-de-ataques-quimicos-en-alepo\/#primaryimage\",\"url\":\"https:\/\/www.humanium.org\/es\/wp-content\/uploads\/2017\/03\/15768572.jpg\",\"contentUrl\":\"https:\/\/www.humanium.org\/es\/wp-content\/uploads\/2017\/03\/15768572.jpg\"},{\"@type\":\"BreadcrumbList\",\"@id\":\"https:\/\/www.humanium.org\/es\/los-ninos-y-ninas-victimas-de-ataques-quimicos-en-alepo\/#breadcrumb\",\"itemListElement\":[{\"@type\":\"ListItem\",\"position\":1,\"name\":\"Home\",\"item\":\"https:\/\/www.humanium.org\/es\/\"},{\"@type\":\"ListItem\",\"position\":2,\"name\":\"Los ni\u00f1os y ni\u00f1as v\u00edctimas de ataques qu\u00edmicos en Alepo\"}]},{\"@type\":\"WebSite\",\"@id\":\"https:\/\/www.humanium.org\/es\/#website\",\"url\":\"https:\/\/www.humanium.org\/es\/\",\"name\":\"Humanium\",\"description\":\"\u00a1Los ni\u00f1os primero!\",\"potentialAction\":[{\"@type\":\"SearchAction\",\"target\":{\"@type\":\"EntryPoint\",\"urlTemplate\":\"https:\/\/www.humanium.org\/es\/?s={search_term_string}\"},\"query-input\":{\"@type\":\"PropertyValueSpecification\",\"valueRequired\":true,\"valueName\":\"search_term_string\"}}],\"inLanguage\":\"es\"},{\"@type\":\"Person\",\"@id\":\"https:\/\/www.humanium.org\/es\/#\/schema\/person\/a7bc4047fa1a59491b84b14abef018a7\",\"name\":\"Olivier\",\"image\":{\"@type\":\"ImageObject\",\"inLanguage\":\"es\",\"@id\":\"https:\/\/www.humanium.org\/es\/#\/schema\/person\/image\/\",\"url\":\"https:\/\/secure.gravatar.com\/avatar\/945a9bb4662b83cabc6e1483b64823d58adf8c47dcbb3a834cd5df54a5f60495?s=96&d=mm&r=g\",\"contentUrl\":\"https:\/\/secure.gravatar.com\/avatar\/945a9bb4662b83cabc6e1483b64823d58adf8c47dcbb3a834cd5df54a5f60495?s=96&d=mm&r=g\",\"caption\":\"Olivier\"},\"url\":\"https:\/\/www.humanium.org\/es\/author\/olivier\/\"}]}<\/script>\n<!-- \/ Yoast SEO plugin. -->","yoast_head_json":{"title":"Los ni\u00f1os y ni\u00f1as v\u00edctimas de ataques qu\u00edmicos en Alepo - Humanium","robots":{"index":"index","follow":"follow","max-snippet":"max-snippet:-1","max-image-preview":"max-image-preview:large","max-video-preview":"max-video-preview:-1"},"canonical":"https:\/\/www.humanium.org\/es\/los-ninos-y-ninas-victimas-de-ataques-quimicos-en-alepo\/","og_locale":"es_ES","og_type":"article","og_title":"Los ni\u00f1os y ni\u00f1as v\u00edctimas de ataques qu\u00edmicos en Alepo - Humanium","og_description":"La violaci\u00f3n de los derechos humanos y del derecho humanitario internacional empeora en Siria. Tras casi seis a\u00f1os de guerra, los ni\u00f1os y ni\u00f1as est\u00e1n al l\u00edmite de sus fuerzas: duermen entre las ruinas, pasan fr\u00edo y hambre y son testigos de lo inconcebible. Todos los ni\u00f1os y ni\u00f1as de Alepo sufren da\u00f1os psicol\u00f3gicos debido [&hellip;]","og_url":"https:\/\/www.humanium.org\/es\/los-ninos-y-ninas-victimas-de-ataques-quimicos-en-alepo\/","og_site_name":"Humanium","article_published_time":"2017-03-15T08:00:28+00:00","article_modified_time":"2025-12-13T21:31:12+00:00","author":"Olivier","twitter_card":"summary_large_image","twitter_misc":{"Escrito por":"Olivier","Tiempo de lectura":"6 minutos"},"schema":{"@context":"https:\/\/schema.org","@graph":[{"@type":"WebPage","@id":"https:\/\/www.humanium.org\/es\/los-ninos-y-ninas-victimas-de-ataques-quimicos-en-alepo\/","url":"https:\/\/www.humanium.org\/es\/los-ninos-y-ninas-victimas-de-ataques-quimicos-en-alepo\/","name":"Los ni\u00f1os y ni\u00f1as v\u00edctimas de ataques qu\u00edmicos en Alepo - Humanium","isPartOf":{"@id":"https:\/\/www.humanium.org\/es\/#website"},"primaryImageOfPage":{"@id":"https:\/\/www.humanium.org\/es\/los-ninos-y-ninas-victimas-de-ataques-quimicos-en-alepo\/#primaryimage"},"image":{"@id":"https:\/\/www.humanium.org\/es\/los-ninos-y-ninas-victimas-de-ataques-quimicos-en-alepo\/#primaryimage"},"thumbnailUrl":"https:\/\/www.humanium.org\/es\/wp-content\/uploads\/2017\/03\/15768572.jpg","datePublished":"2017-03-15T08:00:28+00:00","dateModified":"2025-12-13T21:31:12+00:00","author":{"@id":"https:\/\/www.humanium.org\/es\/#\/schema\/person\/a7bc4047fa1a59491b84b14abef018a7"},"breadcrumb":{"@id":"https:\/\/www.humanium.org\/es\/los-ninos-y-ninas-victimas-de-ataques-quimicos-en-alepo\/#breadcrumb"},"inLanguage":"es","potentialAction":[{"@type":"ReadAction","target":["https:\/\/www.humanium.org\/es\/los-ninos-y-ninas-victimas-de-ataques-quimicos-en-alepo\/"]}]},{"@type":"ImageObject","inLanguage":"es","@id":"https:\/\/www.humanium.org\/es\/los-ninos-y-ninas-victimas-de-ataques-quimicos-en-alepo\/#primaryimage","url":"https:\/\/www.humanium.org\/es\/wp-content\/uploads\/2017\/03\/15768572.jpg","contentUrl":"https:\/\/www.humanium.org\/es\/wp-content\/uploads\/2017\/03\/15768572.jpg"},{"@type":"BreadcrumbList","@id":"https:\/\/www.humanium.org\/es\/los-ninos-y-ninas-victimas-de-ataques-quimicos-en-alepo\/#breadcrumb","itemListElement":[{"@type":"ListItem","position":1,"name":"Home","item":"https:\/\/www.humanium.org\/es\/"},{"@type":"ListItem","position":2,"name":"Los ni\u00f1os y ni\u00f1as v\u00edctimas de ataques qu\u00edmicos en Alepo"}]},{"@type":"WebSite","@id":"https:\/\/www.humanium.org\/es\/#website","url":"https:\/\/www.humanium.org\/es\/","name":"Humanium","description":"\u00a1Los ni\u00f1os primero!","potentialAction":[{"@type":"SearchAction","target":{"@type":"EntryPoint","urlTemplate":"https:\/\/www.humanium.org\/es\/?s={search_term_string}"},"query-input":{"@type":"PropertyValueSpecification","valueRequired":true,"valueName":"search_term_string"}}],"inLanguage":"es"},{"@type":"Person","@id":"https:\/\/www.humanium.org\/es\/#\/schema\/person\/a7bc4047fa1a59491b84b14abef018a7","name":"Olivier","image":{"@type":"ImageObject","inLanguage":"es","@id":"https:\/\/www.humanium.org\/es\/#\/schema\/person\/image\/","url":"https:\/\/secure.gravatar.com\/avatar\/945a9bb4662b83cabc6e1483b64823d58adf8c47dcbb3a834cd5df54a5f60495?s=96&d=mm&r=g","contentUrl":"https:\/\/secure.gravatar.com\/avatar\/945a9bb4662b83cabc6e1483b64823d58adf8c47dcbb3a834cd5df54a5f60495?s=96&d=mm&r=g","caption":"Olivier"},"url":"https:\/\/www.humanium.org\/es\/author\/olivier\/"}]}},"_links":{"self":[{"href":"https:\/\/www.humanium.org\/es\/wp-json\/wp\/v2\/posts\/10679","targetHints":{"allow":["GET"]}}],"collection":[{"href":"https:\/\/www.humanium.org\/es\/wp-json\/wp\/v2\/posts"}],"about":[{"href":"https:\/\/www.humanium.org\/es\/wp-json\/wp\/v2\/types\/post"}],"author":[{"embeddable":true,"href":"https:\/\/www.humanium.org\/es\/wp-json\/wp\/v2\/users\/1"}],"replies":[{"embeddable":true,"href":"https:\/\/www.humanium.org\/es\/wp-json\/wp\/v2\/comments?post=10679"}],"version-history":[{"count":2,"href":"https:\/\/www.humanium.org\/es\/wp-json\/wp\/v2\/posts\/10679\/revisions"}],"predecessor-version":[{"id":21413,"href":"https:\/\/www.humanium.org\/es\/wp-json\/wp\/v2\/posts\/10679\/revisions\/21413"}],"wp:attachment":[{"href":"https:\/\/www.humanium.org\/es\/wp-json\/wp\/v2\/media?parent=10679"}],"wp:term":[{"taxonomy":"category","embeddable":true,"href":"https:\/\/www.humanium.org\/es\/wp-json\/wp\/v2\/categories?post=10679"},{"taxonomy":"post_tag","embeddable":true,"href":"https:\/\/www.humanium.org\/es\/wp-json\/wp\/v2\/tags?post=10679"}],"curies":[{"name":"wp","href":"https:\/\/api.w.org\/{rel}","templated":true}]}}