{"id":10928,"date":"2017-07-05T20:11:16","date_gmt":"2017-07-05T20:11:16","guid":{"rendered":"https:\/\/www.humanium.gives\/es\/?p=10928"},"modified":"2025-12-13T21:32:37","modified_gmt":"2025-12-13T21:32:37","slug":"registro-de-nacimientos-en-senegal-con-frecuencia-un-derecho-del-nino-a-menudo-ignorado-del-nino","status":"publish","type":"post","link":"https:\/\/www.humanium.org\/es\/registro-de-nacimientos-en-senegal-con-frecuencia-un-derecho-del-nino-a-menudo-ignorado-del-nino\/","title":{"rendered":"Registro de nacimientos en Senegal: con frecuencia, un derecho del ni\u00f1o a menudo ignorado del ni\u00f1o"},"content":{"rendered":"<p><span style=\"font-weight: 400;\">El registro despu\u00e9s del nacimientos es uno de los derechos de los ni\u00f1os del ni\u00f1o y a sus padres les corresponde respetarlo. En efecto, seg\u00fan las disposiciones del art\u00edculo 51 del C\u00f3digo senegal\u00e9s de la familia: senegalesa, \u00ab\u201cTodo nacimiento debe ser registrado ante el funcionario del registro civil en un plazo no superior a un mes (\u2026)\u00bb\u201d (Extra\u00eddo del C\u00f3digo senegal\u00e9s de la familia senegalesa, Secci\u00f3n 2, 1972). Lo parad\u00f3jico de esta esta legislaci\u00f3n es que miles de ni\u00f1os, al momento de ir \u00a0a la escuela, no cuentan con un acta del registro civil puesto que no fueron inscritos despu\u00e9s del nacimiento.\u00a0<\/span><span style=\"font-weight: 400;\">Tambi\u00e9n sucede que algunos ni\u00f1os son v\u00edctimas de estafadores que se hacen pasar por funcionarios del registro civil para asignar un n\u00famero falso de inscripci\u00f3n a cambio de cierta cantidad de dinero (aAfricatime). Por lo tanto, algunos de estos ni\u00f1os no logran siquiera matricularse en la escuela, y otros, aunque se matriculan, se ven obligados a abandonarla y no pueden presentarse a los ex\u00e1menes ya que no disponen de ning\u00fan documento legal que les permita preparar una solicitud de examen.<\/span><\/p>\n<p><span style=\"font-weight: 400;\">Adem\u00e1s de verse privados de su derecho a una identidad civil por medio del registro de la inscripci\u00f3n despu\u00e9s del nacimiento, estos ni\u00f1os pierden su derecho a la educaci\u00f3n y al de recibir una formaci\u00f3n. Evidentemente, esta situaci\u00f3n compromete la responsabilidad de los padres que \u00a0omiten el registro del nacimiento de sus hijos, y la del Estado que deber\u00eda reunir todas las condiciones necesarias para restablecer los derechos de estos ni\u00f1os en situaci\u00f3n de ilegalidad.<\/span><\/p>\n<h2>El registro del nacimiento: un derecho de los ni\u00f1os<\/h2>\n<p>El registro del nacimiento debe realizarlo \u00ab\u00abel padre o la madre, un abuelo o un pariente\u00a0<a href=\"https:\/\/www.humanium.org\/es\/wp-content\/uploads\/2017\/07\/shutterstock_375038782.jpg\"><img loading=\"lazy\" decoding=\"async\" class=\"size-medium wp-image-9696 alignleft\" src=\"https:\/\/www.humanium.org\/es\/wp-content\/uploads\/2017\/07\/shutterstock_375038782-300x200.jpg\" alt=\"\" width=\"300\" height=\"200\" \/><\/a>cercano, el m\u00e9dico, la partera, la matrona o cualquier otra persona que haya asistido al nacimiento o incluso, (\u2026) la persona en cuyo hogar ha tenido lugar el nacimiento\u00bb\u201d (Art\u00edculo 51 del C\u00f3digo senegal\u00e9s de la familia senegalesa). El registro puede ser efectuado igualmente por el representante del barrio, el dirigente del pueblo o el procurador de la Rep\u00fablica.<\/p>\n<p><span style=\"font-weight: 400;\">Independientemente del momento en el que la persona decida inscribir al ni\u00f1o, la ley siempre dispone de un procedimiento desarrollado para tal efecto (inscripci\u00f3n normal, inscripci\u00f3n fuera de plazo tard\u00edo o sentencia de autorizaci\u00f3n de inscripci\u00f3n en el registro civil). Pese a estas disposiciones, el problema de los ni\u00f1os no inscritos en el registro civil persiste. Seg\u00fan los datos estad\u00edsticos de la Agencia Nacional de las Estad\u00edsticas y de la Demograf\u00eda de Senegal (Ministerio de Econom\u00eda, Finanzas y Planificaci\u00f3n , 2015), cerca de una cuarta parte de los ni\u00f1os (23,8\u00a0%) entre 1 y 9 a\u00f1os no tiene ni acta de nacimiento ni sentencia complementaria. \u00ab\u201cEn un a\u00f1o, el 25,6\u00a0% de los nacimientos no se han sido inscrito en el registro civil\u201d\u00bb (APS, 2015).<\/span><\/p>\n<p><span style=\"font-weight: 400;\">Esta situaci\u00f3n es el resultado de la negligencia de las personas que tienen el deber de inscribir al ni\u00f1o y, en particular, de los padres . Sin embargo, esto se debe en gran parte a la ignorancia de estos padres, muchos de los cuales no tienen tampoco actas de nacimiento, principalmente aquellos residentes en las zonas rurales (APS, 2015) donde son frecuentes el analfabetismo y la falta de informaci\u00f3n (BA, 2015).<\/span><\/p>\n<p><span style=\"font-weight: 400;\">As\u00ed pues, estos ni\u00f1os se ven privados de todas las ventajas relacionadas con su identificaci\u00f3n, entre las que se encuentran las ventajas financieras de la instituci\u00f3n familiar o la atenci\u00f3n hospitalaria gratuita para ni\u00f1os menores de 5 a\u00f1os.<\/span><\/p>\n<h2>La no inscripci\u00f3nEl no registro en el estadoregistro civil: un freno a la educaci\u00f3n de los ni\u00f1os<\/h2>\n<p>El problema de los ni\u00f1os sin acta de nacimiento constituye un freno en su educaci\u00f3n. De<a href=\"https:\/\/www.humanium.org\/es\/wp-content\/uploads\/2017\/07\/shutterstock_248853220.jpg\"><img loading=\"lazy\" decoding=\"async\" class=\"size-medium wp-image-9697 alignleft\" src=\"https:\/\/www.humanium.org\/es\/wp-content\/uploads\/2017\/07\/shutterstock_248853220-300x200.jpg\" alt=\"\" width=\"300\" height=\"200\" \/><\/a>\u00a0hecho, la matr\u00edcula en una escuela se efect\u00faa presentando un acta de nacimiento. No obstante, los ni\u00f1os que no est\u00e1n inscritos no cuentan con ninguna. De este modo, estos \u00faltimos, incluso si son aceptados en la escuela por su buena fe, no podr\u00e1n presentarse a los ex\u00e1menes de fin de ciclo. As\u00ed pues, las escuelas se encuentran con muchos candidatos al examen excluidos por no tener un documento de identidad (Ndiaye, 2016). Seg\u00fan el Director de Ex\u00e1menes y Concursos, \u201c\u00ab34\u00a0670 candidatos al Cfee (Certificado de fin de estudios b\u00e1sicosde ense\u00f1anza b\u00e1sica) y al Bfem (T\u00edtulo de fin de estudios de ense\u00f1anza media) no cuentan con el acta del registro civil en 2016, frente a los 53\u00a0240 de 2015\u201d (Dieng, 2016). Por lo tanto, si estos miles de candidatos no logran obtener un acta de nacimiento antes de presentarse a estos ex\u00e1menes de fin de curso, se ven obligados a asistir el siguiente a\u00f1o acad\u00e9mico para presentarse a los ex\u00e1menes.<\/p>\n<p><span style=\"font-weight: 400;\">En ciertas escuelas de educaci\u00f3n primaria, los directores est\u00e1n obligados a ayudar a estos estudiantes a iniciar un proceso judicial para obtener una autorizaci\u00f3n de inscripci\u00f3n ante un tribunal o en tener la oportunidad de una audiencia for\u00e1nea organizada de manera peri\u00f3dica por el Estado. Esta intervenci\u00f3n de los docentes permite que ciertos estudiantes se beneficien de una sentencia fallo declarativo de nacimiento y, de esta manera, puedan permanecer en la escuela. Ante la falta de tal intervenci\u00f3n y la negligencia de los padres, el ni\u00f1o termina, con frecuencia, por abandonar la escuela (Dabo, 2015).<\/span><\/p>\n<p><a href=\"https:\/\/www.humanium.org\/es\/wp-content\/uploads\/2017\/07\/shutterstock_41379493.jpg\"><img loading=\"lazy\" decoding=\"async\" class=\"size-medium wp-image-9698 aligncenter\" src=\"https:\/\/www.humanium.org\/es\/wp-content\/uploads\/2017\/07\/shutterstock_41379493-300x200.jpg\" alt=\"\" width=\"300\" height=\"200\" \/><\/a><\/p>\n<h2>Para las redes sociales:<\/h2>\n<p><span style=\"font-weight: 400;\">La inscripci\u00f3n del nacimiento es un derecho de todos. Sin embargo, muchos nacimientos se quedan sin registrar. En Senegal, son miles las v\u00edctimas de esta negligencia. Conoce m\u00e1s sobre la complejidad de este problema y las nefastas consecuencias que \u00e9ste puede generar para los ni\u00f1os.<\/span><\/p>\n<p>&nbsp;<\/p>\n<table style=\"height: 61px;\" width=\"639\">\n<tbody style=\"background: #f9f9f9;\">\n<tr>\n<td>\n<div style=\"float: left; width: 50%;\">Escrito por : Khady Ngom<\/div>\n<div style=\"float: left; width: 50%;\">Traducido por : Jorge G\u00f3mez<\/div>\n<div style=\"float: left; width: 50%;\"><\/div>\n<div style=\"float: left; width: 50%;\">\n<p>Revisado por : Elena Parral Rodr\u00edguez<\/p>\n<div class=\"waffle-data-validation-cell-wrapper\"><\/div>\n<\/div>\n<\/td>\n<\/tr>\n<\/tbody>\n<\/table>\n<p>&nbsp;<\/p>\n<p><a><\/a><\/p>\n<p>&nbsp;<\/p>\n<p>&nbsp;<\/p>\n<p>&nbsp;<\/p>\n<p><b>Fatou, S., (01\/07\/13) Etat-civil au S\u00e9n\u00e9gal\u00a0: Dans le labyrinthe des faussaires, consultado en africatime.com\u00a0:\u00a0<\/b><b>http:\/\/fr.africatime.com\/senegal\/articles\/etat-civil-au-senegal-dans-le-labyrinthe-des-faussaires<\/b><\/p>\n<p><span style=\"font-weight: 400;\">Dabo, B., (1\/07\/2015) S\u00e9n\u00e9gal\u00a0: La probl\u00e9matique de l&#8217;\u00e9tat-civil en milieu scolaire, consultado en allafrica.com:\u00a0<\/span><a href=\"http:\/\/fr.allafrica.com\/stories\/201507011702.html\"><span style=\"font-weight: 400;\">http:\/\/fr.allafrica.com\/stories\/201507011702.html<\/span><\/a><\/p>\n<p><span style=\"font-weight: 400;\">Ndiaye, I., (13\/10\/2016) Enregistrement \u00e0 l\u2019\u00e9tat civil\u00a0: L\u2019acte de naissance, facteur d\u2019exclusion des \u00e9l\u00e8ves de CM2, consultado en lesoleil.sn:\u00a0<\/span><span style=\"font-weight: 400;\">http:\/\/www.lesoleil.sn\/actualites\/item\/56443-enregistrement-a-l-etat-civil-l-acte-de-naissance-facteur-d-exclusion-des-eleves-de-cm2.html<\/span><\/p>\n<p><span style=\"font-weight: 400;\">APS, (2\/06\/2015) R\u00e9gularisation des \u00e9l\u00e8ves sans acte de naissance, consultado en seneweb.com:\u00a0<\/span><span style=\"font-weight: 400;\">http:\/\/www.seneweb.com\/news\/Societe\/regularisation-des-eleves-sans-acte-de-n_n_183987.html<\/span><\/p>\n<p>ADIE, (n.d.) Enregistrer une reconnaissance d\u2019enfant, consultado en servicepublic.gouv.sn:<\/p>\n<p><span style=\"font-weight: 400;\">http:\/\/www.servicepublic.gouv.sn\/index.php\/demarche_administrative\/demarche\/1\/327<\/span><\/p>\n<p><span style=\"font-weight: 400;\">FragmentoExtracto del C\u00f3digo senegalense de la familia senegalense, Ssecci\u00f3n 2 (12\/06\/1972). Primer p\u00e1rrafo. Sobre las actas de nacimiento, consultado en:\u00a0<\/span><a href=\"http:\/\/www.cape.gouv.sn\/IMG\/pdf\/extraits_code_de_la_famille.pdf\"><span style=\"font-weight: 400;\">http:\/\/www.cape.gouv.sn\/IMG\/pdf\/extraits_code_de_la_famille.pdf<\/span><\/a><\/p>\n<p><span style=\"font-weight: 400;\">Dieng, M. S., (3\/06\/2016) 34 670 candidats aux examens sans pi\u00e8ce d\u2019\u00e9tat civil, consultado en:\u00a0<\/span><a href=\"http:\/\/www.seneweb.com\/news\/Societe\/34-670-candidats-aux-examens-sans-piece-_n_184074.html\"><span style=\"font-weight: 400;\">http:\/\/www.seneweb.com\/news\/Societe\/34-670-candidats-aux-examens-sans-piece-_n_184074.html<\/span><\/a><\/p>\n<p><span style=\"font-weight: 400;\">Ba, M., (18\/11\/2015) Modernisation de l\u2019Etat civil au S\u00e9n\u00e9gal &#8211; Un satisf\u00e9cit mitig\u00e9, consultado en rewmi.com:\u00a0<\/span><span style=\"font-weight: 400;\">http:\/\/www.rewmi.com\/modernisation-de-letat-civil-au-senegal-un-satisfecit-mitige.html<\/span><\/p>\n<p><span style=\"font-weight: 400;\">Ministerio de Econom\u00eda, Finanzas y Planificaci\u00f3n de Senegal, (2015) L\u2019enregistrement des faits d\u2019\u00e9tat civil au S\u00e9n\u00e9gal\u00a0: mariages, naissances et d\u00e9c\u00e8s, consultado en:\u00a0<\/span><a href=\"http:\/\/www.ansd.sn\/ressources\/publications\/RAPPORT ETAT CIVIL DEC 2015-BECPD.pdf\"><span style=\"font-weight: 400;\">http:\/\/www.ansd.sn\/ressources\/publications\/RAPPORT%20ETAT%20CIVIL%20DEC%202015-BECPD.pdf<\/span><\/a><\/p>\n","protected":false},"excerpt":{"rendered":"<p>El registro despu\u00e9s del nacimientos es uno de los derechos de los ni\u00f1os del ni\u00f1o y a sus padres les corresponde respetarlo. En efecto, seg\u00fan las disposiciones del art\u00edculo 51 del C\u00f3digo senegal\u00e9s de la familia: senegalesa, \u00ab\u201cTodo nacimiento debe ser registrado ante el funcionario del registro civil en un plazo no superior a un [&hellip;]<\/p>\n","protected":false},"author":1,"featured_media":10977,"comment_status":"closed","ping_status":"closed","sticky":false,"template":"","format":"standard","meta":{"footnotes":""},"categories":[1],"tags":[],"class_list":["post-10928","post","type-post","status-publish","format-standard","has-post-thumbnail","hentry","category-uncategorized"],"yoast_head":"<!-- This site is optimized with the Yoast SEO plugin v26.5 - https:\/\/yoast.com\/wordpress\/plugins\/seo\/ -->\n<title>Registro de nacimientos en Senegal: con frecuencia, un derecho del ni\u00f1o a menudo ignorado del ni\u00f1o - Humanium<\/title>\n<meta name=\"robots\" content=\"index, follow, max-snippet:-1, max-image-preview:large, max-video-preview:-1\" \/>\n<link rel=\"canonical\" href=\"https:\/\/www.humanium.org\/es\/registro-de-nacimientos-en-senegal-con-frecuencia-un-derecho-del-nino-a-menudo-ignorado-del-nino\/\" \/>\n<meta property=\"og:locale\" content=\"es_ES\" \/>\n<meta property=\"og:type\" content=\"article\" \/>\n<meta property=\"og:title\" content=\"Registro de nacimientos en Senegal: con frecuencia, un derecho del ni\u00f1o a menudo ignorado del ni\u00f1o - Humanium\" \/>\n<meta property=\"og:description\" content=\"El registro despu\u00e9s del nacimientos es uno de los derechos de los ni\u00f1os del ni\u00f1o y a sus padres les corresponde respetarlo. En efecto, seg\u00fan las disposiciones del art\u00edculo 51 del C\u00f3digo senegal\u00e9s de la familia: senegalesa, \u00ab\u201cTodo nacimiento debe ser registrado ante el funcionario del registro civil en un plazo no superior a un [&hellip;]\" \/>\n<meta property=\"og:url\" content=\"https:\/\/www.humanium.org\/es\/registro-de-nacimientos-en-senegal-con-frecuencia-un-derecho-del-nino-a-menudo-ignorado-del-nino\/\" \/>\n<meta property=\"og:site_name\" content=\"Humanium\" \/>\n<meta property=\"article:published_time\" content=\"2017-07-05T20:11:16+00:00\" \/>\n<meta property=\"article:modified_time\" content=\"2025-12-13T21:32:37+00:00\" \/>\n<meta property=\"og:image\" content=\"https:\/\/www.humanium.org\/es\/wp-content\/uploads\/2017\/07\/shutterstock_649571188.jpg\" \/>\n\t<meta property=\"og:image:width\" content=\"1000\" \/>\n\t<meta property=\"og:image:height\" content=\"666\" \/>\n\t<meta property=\"og:image:type\" content=\"image\/jpeg\" \/>\n<meta name=\"author\" content=\"Olivier\" \/>\n<meta name=\"twitter:card\" content=\"summary_large_image\" \/>\n<meta name=\"twitter:label1\" content=\"Escrito por\" \/>\n\t<meta name=\"twitter:data1\" content=\"Olivier\" \/>\n\t<meta name=\"twitter:label2\" content=\"Tiempo de lectura\" \/>\n\t<meta name=\"twitter:data2\" content=\"6 minutos\" \/>\n<script type=\"application\/ld+json\" class=\"yoast-schema-graph\">{\"@context\":\"https:\/\/schema.org\",\"@graph\":[{\"@type\":\"WebPage\",\"@id\":\"https:\/\/www.humanium.org\/es\/registro-de-nacimientos-en-senegal-con-frecuencia-un-derecho-del-nino-a-menudo-ignorado-del-nino\/\",\"url\":\"https:\/\/www.humanium.org\/es\/registro-de-nacimientos-en-senegal-con-frecuencia-un-derecho-del-nino-a-menudo-ignorado-del-nino\/\",\"name\":\"Registro de nacimientos en Senegal: con frecuencia, un derecho del ni\u00f1o a menudo ignorado del ni\u00f1o - Humanium\",\"isPartOf\":{\"@id\":\"https:\/\/www.humanium.org\/es\/#website\"},\"primaryImageOfPage\":{\"@id\":\"https:\/\/www.humanium.org\/es\/registro-de-nacimientos-en-senegal-con-frecuencia-un-derecho-del-nino-a-menudo-ignorado-del-nino\/#primaryimage\"},\"image\":{\"@id\":\"https:\/\/www.humanium.org\/es\/registro-de-nacimientos-en-senegal-con-frecuencia-un-derecho-del-nino-a-menudo-ignorado-del-nino\/#primaryimage\"},\"thumbnailUrl\":\"https:\/\/www.humanium.org\/es\/wp-content\/uploads\/2017\/07\/shutterstock_649571188.jpg\",\"datePublished\":\"2017-07-05T20:11:16+00:00\",\"dateModified\":\"2025-12-13T21:32:37+00:00\",\"author\":{\"@id\":\"https:\/\/www.humanium.org\/es\/#\/schema\/person\/a7bc4047fa1a59491b84b14abef018a7\"},\"breadcrumb\":{\"@id\":\"https:\/\/www.humanium.org\/es\/registro-de-nacimientos-en-senegal-con-frecuencia-un-derecho-del-nino-a-menudo-ignorado-del-nino\/#breadcrumb\"},\"inLanguage\":\"es\",\"potentialAction\":[{\"@type\":\"ReadAction\",\"target\":[\"https:\/\/www.humanium.org\/es\/registro-de-nacimientos-en-senegal-con-frecuencia-un-derecho-del-nino-a-menudo-ignorado-del-nino\/\"]}]},{\"@type\":\"ImageObject\",\"inLanguage\":\"es\",\"@id\":\"https:\/\/www.humanium.org\/es\/registro-de-nacimientos-en-senegal-con-frecuencia-un-derecho-del-nino-a-menudo-ignorado-del-nino\/#primaryimage\",\"url\":\"https:\/\/www.humanium.org\/es\/wp-content\/uploads\/2017\/07\/shutterstock_649571188.jpg\",\"contentUrl\":\"https:\/\/www.humanium.org\/es\/wp-content\/uploads\/2017\/07\/shutterstock_649571188.jpg\",\"width\":1000,\"height\":666},{\"@type\":\"BreadcrumbList\",\"@id\":\"https:\/\/www.humanium.org\/es\/registro-de-nacimientos-en-senegal-con-frecuencia-un-derecho-del-nino-a-menudo-ignorado-del-nino\/#breadcrumb\",\"itemListElement\":[{\"@type\":\"ListItem\",\"position\":1,\"name\":\"Home\",\"item\":\"https:\/\/www.humanium.org\/es\/\"},{\"@type\":\"ListItem\",\"position\":2,\"name\":\"Registro de nacimientos en Senegal: con frecuencia, un derecho del ni\u00f1o a menudo ignorado del ni\u00f1o\"}]},{\"@type\":\"WebSite\",\"@id\":\"https:\/\/www.humanium.org\/es\/#website\",\"url\":\"https:\/\/www.humanium.org\/es\/\",\"name\":\"Humanium\",\"description\":\"\u00a1Los ni\u00f1os primero!\",\"potentialAction\":[{\"@type\":\"SearchAction\",\"target\":{\"@type\":\"EntryPoint\",\"urlTemplate\":\"https:\/\/www.humanium.org\/es\/?s={search_term_string}\"},\"query-input\":{\"@type\":\"PropertyValueSpecification\",\"valueRequired\":true,\"valueName\":\"search_term_string\"}}],\"inLanguage\":\"es\"},{\"@type\":\"Person\",\"@id\":\"https:\/\/www.humanium.org\/es\/#\/schema\/person\/a7bc4047fa1a59491b84b14abef018a7\",\"name\":\"Olivier\",\"image\":{\"@type\":\"ImageObject\",\"inLanguage\":\"es\",\"@id\":\"https:\/\/www.humanium.org\/es\/#\/schema\/person\/image\/\",\"url\":\"https:\/\/secure.gravatar.com\/avatar\/945a9bb4662b83cabc6e1483b64823d58adf8c47dcbb3a834cd5df54a5f60495?s=96&d=mm&r=g\",\"contentUrl\":\"https:\/\/secure.gravatar.com\/avatar\/945a9bb4662b83cabc6e1483b64823d58adf8c47dcbb3a834cd5df54a5f60495?s=96&d=mm&r=g\",\"caption\":\"Olivier\"},\"url\":\"https:\/\/www.humanium.org\/es\/author\/olivier\/\"}]}<\/script>\n<!-- \/ Yoast SEO plugin. -->","yoast_head_json":{"title":"Registro de nacimientos en Senegal: con frecuencia, un derecho del ni\u00f1o a menudo ignorado del ni\u00f1o - Humanium","robots":{"index":"index","follow":"follow","max-snippet":"max-snippet:-1","max-image-preview":"max-image-preview:large","max-video-preview":"max-video-preview:-1"},"canonical":"https:\/\/www.humanium.org\/es\/registro-de-nacimientos-en-senegal-con-frecuencia-un-derecho-del-nino-a-menudo-ignorado-del-nino\/","og_locale":"es_ES","og_type":"article","og_title":"Registro de nacimientos en Senegal: con frecuencia, un derecho del ni\u00f1o a menudo ignorado del ni\u00f1o - Humanium","og_description":"El registro despu\u00e9s del nacimientos es uno de los derechos de los ni\u00f1os del ni\u00f1o y a sus padres les corresponde respetarlo. En efecto, seg\u00fan las disposiciones del art\u00edculo 51 del C\u00f3digo senegal\u00e9s de la familia: senegalesa, \u00ab\u201cTodo nacimiento debe ser registrado ante el funcionario del registro civil en un plazo no superior a un [&hellip;]","og_url":"https:\/\/www.humanium.org\/es\/registro-de-nacimientos-en-senegal-con-frecuencia-un-derecho-del-nino-a-menudo-ignorado-del-nino\/","og_site_name":"Humanium","article_published_time":"2017-07-05T20:11:16+00:00","article_modified_time":"2025-12-13T21:32:37+00:00","og_image":[{"width":1000,"height":666,"url":"https:\/\/www.humanium.org\/es\/wp-content\/uploads\/2017\/07\/shutterstock_649571188.jpg","type":"image\/jpeg"}],"author":"Olivier","twitter_card":"summary_large_image","twitter_misc":{"Escrito por":"Olivier","Tiempo de lectura":"6 minutos"},"schema":{"@context":"https:\/\/schema.org","@graph":[{"@type":"WebPage","@id":"https:\/\/www.humanium.org\/es\/registro-de-nacimientos-en-senegal-con-frecuencia-un-derecho-del-nino-a-menudo-ignorado-del-nino\/","url":"https:\/\/www.humanium.org\/es\/registro-de-nacimientos-en-senegal-con-frecuencia-un-derecho-del-nino-a-menudo-ignorado-del-nino\/","name":"Registro de nacimientos en Senegal: con frecuencia, un derecho del ni\u00f1o a menudo ignorado del ni\u00f1o - Humanium","isPartOf":{"@id":"https:\/\/www.humanium.org\/es\/#website"},"primaryImageOfPage":{"@id":"https:\/\/www.humanium.org\/es\/registro-de-nacimientos-en-senegal-con-frecuencia-un-derecho-del-nino-a-menudo-ignorado-del-nino\/#primaryimage"},"image":{"@id":"https:\/\/www.humanium.org\/es\/registro-de-nacimientos-en-senegal-con-frecuencia-un-derecho-del-nino-a-menudo-ignorado-del-nino\/#primaryimage"},"thumbnailUrl":"https:\/\/www.humanium.org\/es\/wp-content\/uploads\/2017\/07\/shutterstock_649571188.jpg","datePublished":"2017-07-05T20:11:16+00:00","dateModified":"2025-12-13T21:32:37+00:00","author":{"@id":"https:\/\/www.humanium.org\/es\/#\/schema\/person\/a7bc4047fa1a59491b84b14abef018a7"},"breadcrumb":{"@id":"https:\/\/www.humanium.org\/es\/registro-de-nacimientos-en-senegal-con-frecuencia-un-derecho-del-nino-a-menudo-ignorado-del-nino\/#breadcrumb"},"inLanguage":"es","potentialAction":[{"@type":"ReadAction","target":["https:\/\/www.humanium.org\/es\/registro-de-nacimientos-en-senegal-con-frecuencia-un-derecho-del-nino-a-menudo-ignorado-del-nino\/"]}]},{"@type":"ImageObject","inLanguage":"es","@id":"https:\/\/www.humanium.org\/es\/registro-de-nacimientos-en-senegal-con-frecuencia-un-derecho-del-nino-a-menudo-ignorado-del-nino\/#primaryimage","url":"https:\/\/www.humanium.org\/es\/wp-content\/uploads\/2017\/07\/shutterstock_649571188.jpg","contentUrl":"https:\/\/www.humanium.org\/es\/wp-content\/uploads\/2017\/07\/shutterstock_649571188.jpg","width":1000,"height":666},{"@type":"BreadcrumbList","@id":"https:\/\/www.humanium.org\/es\/registro-de-nacimientos-en-senegal-con-frecuencia-un-derecho-del-nino-a-menudo-ignorado-del-nino\/#breadcrumb","itemListElement":[{"@type":"ListItem","position":1,"name":"Home","item":"https:\/\/www.humanium.org\/es\/"},{"@type":"ListItem","position":2,"name":"Registro de nacimientos en Senegal: con frecuencia, un derecho del ni\u00f1o a menudo ignorado del ni\u00f1o"}]},{"@type":"WebSite","@id":"https:\/\/www.humanium.org\/es\/#website","url":"https:\/\/www.humanium.org\/es\/","name":"Humanium","description":"\u00a1Los ni\u00f1os primero!","potentialAction":[{"@type":"SearchAction","target":{"@type":"EntryPoint","urlTemplate":"https:\/\/www.humanium.org\/es\/?s={search_term_string}"},"query-input":{"@type":"PropertyValueSpecification","valueRequired":true,"valueName":"search_term_string"}}],"inLanguage":"es"},{"@type":"Person","@id":"https:\/\/www.humanium.org\/es\/#\/schema\/person\/a7bc4047fa1a59491b84b14abef018a7","name":"Olivier","image":{"@type":"ImageObject","inLanguage":"es","@id":"https:\/\/www.humanium.org\/es\/#\/schema\/person\/image\/","url":"https:\/\/secure.gravatar.com\/avatar\/945a9bb4662b83cabc6e1483b64823d58adf8c47dcbb3a834cd5df54a5f60495?s=96&d=mm&r=g","contentUrl":"https:\/\/secure.gravatar.com\/avatar\/945a9bb4662b83cabc6e1483b64823d58adf8c47dcbb3a834cd5df54a5f60495?s=96&d=mm&r=g","caption":"Olivier"},"url":"https:\/\/www.humanium.org\/es\/author\/olivier\/"}]}},"_links":{"self":[{"href":"https:\/\/www.humanium.org\/es\/wp-json\/wp\/v2\/posts\/10928","targetHints":{"allow":["GET"]}}],"collection":[{"href":"https:\/\/www.humanium.org\/es\/wp-json\/wp\/v2\/posts"}],"about":[{"href":"https:\/\/www.humanium.org\/es\/wp-json\/wp\/v2\/types\/post"}],"author":[{"embeddable":true,"href":"https:\/\/www.humanium.org\/es\/wp-json\/wp\/v2\/users\/1"}],"replies":[{"embeddable":true,"href":"https:\/\/www.humanium.org\/es\/wp-json\/wp\/v2\/comments?post=10928"}],"version-history":[{"count":7,"href":"https:\/\/www.humanium.org\/es\/wp-json\/wp\/v2\/posts\/10928\/revisions"}],"predecessor-version":[{"id":21469,"href":"https:\/\/www.humanium.org\/es\/wp-json\/wp\/v2\/posts\/10928\/revisions\/21469"}],"wp:featuredmedia":[{"embeddable":true,"href":"https:\/\/www.humanium.org\/es\/wp-json\/wp\/v2\/media\/10977"}],"wp:attachment":[{"href":"https:\/\/www.humanium.org\/es\/wp-json\/wp\/v2\/media?parent=10928"}],"wp:term":[{"taxonomy":"category","embeddable":true,"href":"https:\/\/www.humanium.org\/es\/wp-json\/wp\/v2\/categories?post=10928"},{"taxonomy":"post_tag","embeddable":true,"href":"https:\/\/www.humanium.org\/es\/wp-json\/wp\/v2\/tags?post=10928"}],"curies":[{"name":"wp","href":"https:\/\/api.w.org\/{rel}","templated":true}]}}