{"id":11313,"date":"2017-09-05T00:00:14","date_gmt":"2017-09-05T00:00:14","guid":{"rendered":"https:\/\/www.humanium.org\/es\/?p=11313"},"modified":"2025-12-13T21:32:39","modified_gmt":"2025-12-13T21:32:39","slug":"desaparicion-de-ninos-en-benin","status":"publish","type":"post","link":"https:\/\/www.humanium.org\/es\/desaparicion-de-ninos-en-benin\/","title":{"rendered":"Desaparici\u00f3n de ni\u00f1os en Benin"},"content":{"rendered":"<h3>Introducci\u00f3n<\/h3>\n<p><b><br \/>\n<span style=\"color: #ea7600;\"><strong>La\u00a0protecci\u00f3n de los ni\u00f1os\u00a0y la realizaci\u00f3n de\u00a0sus derechos son los principales\u00a0retos para\u00a0los pa\u00edses africanos.\u00a0Adem\u00e1s de los problemas \u00a0recurrentes como el matrimonio infantil y la circuncisi\u00f3n femenina, se est\u00e1 incrementando tambi\u00e9n el problema de las desapariciones de ni\u00f1os en pa\u00edses como Ben\u00edn. \u00bfC\u00f3mo se muestra el problema\u00a0y cu\u00e1les son sus\u00a0causas?<\/strong><\/span><\/b><\/p>\n<p>&nbsp;<\/p>\n<h3>Ni\u00f1os desaparecidos en Ben\u00edn: La psicosis y las causas de este fen\u00f3meno<\/h3>\n<p><span style=\"font-weight: 400;\">Durante varios meses, la gente ha visto con impotencia el dram\u00e1tico aumento de un nuevo fen\u00f3meno: el secuestro y la desaparici\u00f3n de ni\u00f1os.\u00a0\u00bfCu\u00e1ntos ni\u00f1os han desaparecido hasta la fecha?\u00a0Es dif\u00edcil de decir cuando sabemos que no todos los casos se dan a conocer.\u00a0Desde el caso de la chica de 17 a\u00f1os, una aprendiz de peluquer\u00eda que fue brutalmente asesinada en las afueras de Cotonou<\/span><span style=\"font-weight: 400;\"> al caso reciente de un joven de 14 a\u00f1os de d\u00e9cimo grado, \u00a0que fue secuestrado y luego asesinado, son muchos los ejemplos.\u00a0Este fen\u00f3meno es m\u00e1s frecuente en el sur del pa\u00eds y en las ciudades y suburbios de la capital econ\u00f3mica de Cotonou.\u00a0Sin embargo, est\u00e1 presente en todas partes en todo el territorio nacional.\u00a0Esta situaci\u00f3n inspir\u00f3 una manifestaci\u00f3n por parte de los defensores de los derechos del ni\u00f1o y la redacci\u00f3n de una petici\u00f3n nacional para crear conciencia sobre el tema (Adeossi, 2016).\u00a0Tambi\u00e9n el Comit\u00e9 de Enlace de las Organizaciones Sociales para la Defensa de los Derechos del Ni\u00f1o (CLOSE) ha comenzado a evaluar \u00a0la situaci\u00f3n.<\/span><\/p>\n<p>&nbsp;<\/p>\n<h3>Ind\u00edce de delincuentes cibern\u00e9ticos<\/h3>\n<p><span style=\"font-weight: 400;\">El aumento de los secuestros y desaparici\u00f3nes de ni\u00f1os en Ben\u00edn se presenta en un contexto de aumento de la delincuencia inform\u00e1tica en el pa\u00eds<\/span><b>.\u00a0 <\/b><span style=\"font-weight: 400;\">Los estafadores en internet, en la b\u00fasqueda de dinero f\u00e1cil combinan sus acciones con pr\u00e1cticas ocultas en las que hacen uso de sangre humana (Djogbenou, 2017).\u00a0Para cometer sus crimenes contra los ciudadanos pac\u00edficos del mundo, los ciberdelincuentes tienen una estatuilla de una deidad llamada \u00abKenninsi\u00bb.\u00a0Esta les permite llevar a cabo sus estafas en internet sin preocupaciones. El \u00fanico requisito ser\u00eda ofrecer sangre humana a esta deidad.\u00a0As\u00ed, los ciberdelincuentes que poseen esta deidad demon\u00edaca deben ofrecerle sangre humana al menos una vez al a\u00f1o. Tan pronto como empieza el per\u00edodo de la ofrenda a la deidad, observamos la desaparici\u00f3n de ni\u00f1os y adultos.\u00a0La sangre de estas v\u00edctimas se ofrece a la deidad que, a cambio, permitir\u00eda que estos estafadores tuvieran \u00e9xito en sus cr\u00edmenes de internet y que por lo tanto, obtuvieran dinero.\u00a0Las v\u00edctimas son elegidas tanto en las ciudades como en los pueblos.\u00a0Las v\u00edctimas preferidas de los ciberdelincuentes\u00a0 son los ni\u00f1os, ya que est\u00e1n indefensos y es f\u00e1cil secuestrarlos, aunque los adultos tambi\u00e9n son v\u00edctimas de este fen\u00f3meno.<\/span><\/p>\n<p>&nbsp;<\/p>\n<h3>El temor de un modo de operaci\u00f3n<\/h3>\n<p><span style=\"font-weight: 400;\">Los secuestrados casi siempre pierden sus vidas y sus cuerpos se presentan drenados de sangre y con uno o m\u00e1s \u00f3rganos mutilados.\u00a0Estas im\u00e1genes son insoportables\u00a0(Djogbenou, 2017).\u00a0La sacralidad de la vida humana, incluso la de las vidas de ni\u00f1os, pierden su valor y la sociedad presencia con impotencia este esqu\u00edvo fen\u00f3meno.<\/span><\/p>\n<p>&nbsp;<\/p>\n<h3>La necesidad de reaccionar<\/h3>\n<p><span style=\"font-weight: 400;\">El n\u00famero y la barbarie de las im\u00e1genes en las redes sociales y medios de comunicaci\u00f3n refuerzan el temor dentro de las familias y\u00a0de la comunidad.\u00a0Todo el mundo pregunta qui\u00e9n ser\u00e1 el siguiente. La amenaza es colectiva. As\u00ed debe ser tambi\u00e9n la reacci\u00f3n.<\/span><\/p>\n<p><span style=\"font-weight: 400;\">Ante esta situaci\u00f3n, las autoridades piden a las familias que est\u00e9n atentas y que la gente denuncie a los individuos sospechosos en sus barrios.\u00a0El enfoque de seguridad del pa\u00eds est\u00e1 tambi\u00e9n siendo reformado, y ha incluido la \u00abPolic\u00eda comunitaria\u00bb, que aspira \u00a0a hacer a cada ciudadano un testigo activo (Fundaci\u00f3n Hanns Seidel Ben\u00edn, 2015).\u00a0Nadie sabe cu\u00e1ntas personas y ni\u00f1os ser\u00e1n v\u00edctimas de esta situaci\u00f3n en el futuro, as\u00ed que tenemos que actuar ahora. Cada segundo cuenta.<\/span><\/p>\n<p>&nbsp;<\/p>\n<p><b>Bibliograf\u00eda<\/b><\/p>\n<p><span style=\"font-weight: 400;\">ADEOSSI, R. (09 diciembre 2016): Solicitaci\u00f3n para la movilizaci\u00f3n contra la desaparici\u00f3n de los ni\u00f1os benignos. Disponible en Petitionduweb<\/span><\/p>\n<p><span style=\"font-weight: 400;\">DJOGBENOU, E. (06 marzo 2017), Delito cibern\u00e9tico: t\u00e1ndem j\u00f3venes y dignatarios del culto vodoun para delitos de sangre. Consultado en Ben\u00edn web TV<\/span><\/p>\n<p>Fundaci\u00f3n HANNS Seidel (2015), Ben\u00edn est\u00e1 comprometido con una pol\u00edtica de proximidad. Consultado sobre la Fundaci\u00f3n Hanns Seidel Ben\u00edn<\/p>\n<p>&nbsp;<\/p>\n<p>Escrito por Patrice Affo<\/p>\n<p>Traducido por J. M. McBirnie<\/p>\n<p>Revisado por Tania Rama L\u00f3pez<\/p>\n<p>&nbsp;<\/p>\n","protected":false},"excerpt":{"rendered":"<p>Introducci\u00f3n La\u00a0protecci\u00f3n de los ni\u00f1os\u00a0y la realizaci\u00f3n de\u00a0sus derechos son los principales\u00a0retos para\u00a0los pa\u00edses africanos.\u00a0Adem\u00e1s de los problemas \u00a0recurrentes como el matrimonio infantil y la circuncisi\u00f3n femenina, se est\u00e1 incrementando tambi\u00e9n el problema de las desapariciones de ni\u00f1os en pa\u00edses como Ben\u00edn. \u00bfC\u00f3mo se muestra el problema\u00a0y cu\u00e1les son sus\u00a0causas? &nbsp; Ni\u00f1os desaparecidos en Ben\u00edn: [&hellip;]<\/p>\n","protected":false},"author":1,"featured_media":11314,"comment_status":"closed","ping_status":"closed","sticky":false,"template":"","format":"standard","meta":{"footnotes":""},"categories":[1],"tags":[],"class_list":["post-11313","post","type-post","status-publish","format-standard","has-post-thumbnail","hentry","category-uncategorized"],"yoast_head":"<!-- This site is optimized with the Yoast SEO plugin v26.5 - https:\/\/yoast.com\/wordpress\/plugins\/seo\/ -->\n<title>Desaparici\u00f3n de ni\u00f1os en Benin - Humanium<\/title>\n<meta name=\"robots\" content=\"index, follow, max-snippet:-1, max-image-preview:large, max-video-preview:-1\" \/>\n<link rel=\"canonical\" href=\"https:\/\/www.humanium.org\/es\/desaparicion-de-ninos-en-benin\/\" \/>\n<meta property=\"og:locale\" content=\"es_ES\" \/>\n<meta property=\"og:type\" content=\"article\" \/>\n<meta property=\"og:title\" content=\"Desaparici\u00f3n de ni\u00f1os en Benin - Humanium\" \/>\n<meta property=\"og:description\" content=\"Introducci\u00f3n La\u00a0protecci\u00f3n de los ni\u00f1os\u00a0y la realizaci\u00f3n de\u00a0sus derechos son los principales\u00a0retos para\u00a0los pa\u00edses africanos.\u00a0Adem\u00e1s de los problemas \u00a0recurrentes como el matrimonio infantil y la circuncisi\u00f3n femenina, se est\u00e1 incrementando tambi\u00e9n el problema de las desapariciones de ni\u00f1os en pa\u00edses como Ben\u00edn. \u00bfC\u00f3mo se muestra el problema\u00a0y cu\u00e1les son sus\u00a0causas? &nbsp; Ni\u00f1os desaparecidos en Ben\u00edn: [&hellip;]\" \/>\n<meta property=\"og:url\" content=\"https:\/\/www.humanium.org\/es\/desaparicion-de-ninos-en-benin\/\" \/>\n<meta property=\"og:site_name\" content=\"Humanium\" \/>\n<meta property=\"article:published_time\" content=\"2017-09-05T00:00:14+00:00\" \/>\n<meta property=\"article:modified_time\" content=\"2025-12-13T21:32:39+00:00\" \/>\n<meta property=\"og:image\" content=\"https:\/\/www.humanium.org\/es\/wp-content\/uploads\/2017\/09\/shutterstock_592446479-1024x682.jpg\" \/>\n\t<meta property=\"og:image:width\" content=\"1024\" \/>\n\t<meta property=\"og:image:height\" content=\"682\" \/>\n\t<meta property=\"og:image:type\" content=\"image\/jpeg\" \/>\n<meta name=\"author\" content=\"Olivier\" \/>\n<meta name=\"twitter:card\" content=\"summary_large_image\" \/>\n<meta name=\"twitter:label1\" content=\"Escrito por\" \/>\n\t<meta name=\"twitter:data1\" content=\"Olivier\" \/>\n\t<meta name=\"twitter:label2\" content=\"Tiempo de lectura\" \/>\n\t<meta name=\"twitter:data2\" content=\"4 minutos\" \/>\n<script type=\"application\/ld+json\" class=\"yoast-schema-graph\">{\"@context\":\"https:\/\/schema.org\",\"@graph\":[{\"@type\":\"WebPage\",\"@id\":\"https:\/\/www.humanium.org\/es\/desaparicion-de-ninos-en-benin\/\",\"url\":\"https:\/\/www.humanium.org\/es\/desaparicion-de-ninos-en-benin\/\",\"name\":\"Desaparici\u00f3n de ni\u00f1os en Benin - Humanium\",\"isPartOf\":{\"@id\":\"https:\/\/www.humanium.org\/es\/#website\"},\"primaryImageOfPage\":{\"@id\":\"https:\/\/www.humanium.org\/es\/desaparicion-de-ninos-en-benin\/#primaryimage\"},\"image\":{\"@id\":\"https:\/\/www.humanium.org\/es\/desaparicion-de-ninos-en-benin\/#primaryimage\"},\"thumbnailUrl\":\"https:\/\/www.humanium.org\/es\/wp-content\/uploads\/2017\/09\/shutterstock_592446479.jpg\",\"datePublished\":\"2017-09-05T00:00:14+00:00\",\"dateModified\":\"2025-12-13T21:32:39+00:00\",\"author\":{\"@id\":\"https:\/\/www.humanium.org\/es\/#\/schema\/person\/a7bc4047fa1a59491b84b14abef018a7\"},\"breadcrumb\":{\"@id\":\"https:\/\/www.humanium.org\/es\/desaparicion-de-ninos-en-benin\/#breadcrumb\"},\"inLanguage\":\"es\",\"potentialAction\":[{\"@type\":\"ReadAction\",\"target\":[\"https:\/\/www.humanium.org\/es\/desaparicion-de-ninos-en-benin\/\"]}]},{\"@type\":\"ImageObject\",\"inLanguage\":\"es\",\"@id\":\"https:\/\/www.humanium.org\/es\/desaparicion-de-ninos-en-benin\/#primaryimage\",\"url\":\"https:\/\/www.humanium.org\/es\/wp-content\/uploads\/2017\/09\/shutterstock_592446479.jpg\",\"contentUrl\":\"https:\/\/www.humanium.org\/es\/wp-content\/uploads\/2017\/09\/shutterstock_592446479.jpg\",\"width\":4928,\"height\":3280},{\"@type\":\"BreadcrumbList\",\"@id\":\"https:\/\/www.humanium.org\/es\/desaparicion-de-ninos-en-benin\/#breadcrumb\",\"itemListElement\":[{\"@type\":\"ListItem\",\"position\":1,\"name\":\"Home\",\"item\":\"https:\/\/www.humanium.org\/es\/\"},{\"@type\":\"ListItem\",\"position\":2,\"name\":\"Desaparici\u00f3n de ni\u00f1os en Benin\"}]},{\"@type\":\"WebSite\",\"@id\":\"https:\/\/www.humanium.org\/es\/#website\",\"url\":\"https:\/\/www.humanium.org\/es\/\",\"name\":\"Humanium\",\"description\":\"\u00a1Los ni\u00f1os primero!\",\"potentialAction\":[{\"@type\":\"SearchAction\",\"target\":{\"@type\":\"EntryPoint\",\"urlTemplate\":\"https:\/\/www.humanium.org\/es\/?s={search_term_string}\"},\"query-input\":{\"@type\":\"PropertyValueSpecification\",\"valueRequired\":true,\"valueName\":\"search_term_string\"}}],\"inLanguage\":\"es\"},{\"@type\":\"Person\",\"@id\":\"https:\/\/www.humanium.org\/es\/#\/schema\/person\/a7bc4047fa1a59491b84b14abef018a7\",\"name\":\"Olivier\",\"image\":{\"@type\":\"ImageObject\",\"inLanguage\":\"es\",\"@id\":\"https:\/\/www.humanium.org\/es\/#\/schema\/person\/image\/\",\"url\":\"https:\/\/secure.gravatar.com\/avatar\/945a9bb4662b83cabc6e1483b64823d58adf8c47dcbb3a834cd5df54a5f60495?s=96&d=mm&r=g\",\"contentUrl\":\"https:\/\/secure.gravatar.com\/avatar\/945a9bb4662b83cabc6e1483b64823d58adf8c47dcbb3a834cd5df54a5f60495?s=96&d=mm&r=g\",\"caption\":\"Olivier\"},\"url\":\"https:\/\/www.humanium.org\/es\/author\/olivier\/\"}]}<\/script>\n<!-- \/ Yoast SEO plugin. -->","yoast_head_json":{"title":"Desaparici\u00f3n de ni\u00f1os en Benin - Humanium","robots":{"index":"index","follow":"follow","max-snippet":"max-snippet:-1","max-image-preview":"max-image-preview:large","max-video-preview":"max-video-preview:-1"},"canonical":"https:\/\/www.humanium.org\/es\/desaparicion-de-ninos-en-benin\/","og_locale":"es_ES","og_type":"article","og_title":"Desaparici\u00f3n de ni\u00f1os en Benin - Humanium","og_description":"Introducci\u00f3n La\u00a0protecci\u00f3n de los ni\u00f1os\u00a0y la realizaci\u00f3n de\u00a0sus derechos son los principales\u00a0retos para\u00a0los pa\u00edses africanos.\u00a0Adem\u00e1s de los problemas \u00a0recurrentes como el matrimonio infantil y la circuncisi\u00f3n femenina, se est\u00e1 incrementando tambi\u00e9n el problema de las desapariciones de ni\u00f1os en pa\u00edses como Ben\u00edn. \u00bfC\u00f3mo se muestra el problema\u00a0y cu\u00e1les son sus\u00a0causas? &nbsp; Ni\u00f1os desaparecidos en Ben\u00edn: [&hellip;]","og_url":"https:\/\/www.humanium.org\/es\/desaparicion-de-ninos-en-benin\/","og_site_name":"Humanium","article_published_time":"2017-09-05T00:00:14+00:00","article_modified_time":"2025-12-13T21:32:39+00:00","og_image":[{"width":1024,"height":682,"url":"https:\/\/www.humanium.org\/es\/wp-content\/uploads\/2017\/09\/shutterstock_592446479-1024x682.jpg","type":"image\/jpeg"}],"author":"Olivier","twitter_card":"summary_large_image","twitter_misc":{"Escrito por":"Olivier","Tiempo de lectura":"4 minutos"},"schema":{"@context":"https:\/\/schema.org","@graph":[{"@type":"WebPage","@id":"https:\/\/www.humanium.org\/es\/desaparicion-de-ninos-en-benin\/","url":"https:\/\/www.humanium.org\/es\/desaparicion-de-ninos-en-benin\/","name":"Desaparici\u00f3n de ni\u00f1os en Benin - Humanium","isPartOf":{"@id":"https:\/\/www.humanium.org\/es\/#website"},"primaryImageOfPage":{"@id":"https:\/\/www.humanium.org\/es\/desaparicion-de-ninos-en-benin\/#primaryimage"},"image":{"@id":"https:\/\/www.humanium.org\/es\/desaparicion-de-ninos-en-benin\/#primaryimage"},"thumbnailUrl":"https:\/\/www.humanium.org\/es\/wp-content\/uploads\/2017\/09\/shutterstock_592446479.jpg","datePublished":"2017-09-05T00:00:14+00:00","dateModified":"2025-12-13T21:32:39+00:00","author":{"@id":"https:\/\/www.humanium.org\/es\/#\/schema\/person\/a7bc4047fa1a59491b84b14abef018a7"},"breadcrumb":{"@id":"https:\/\/www.humanium.org\/es\/desaparicion-de-ninos-en-benin\/#breadcrumb"},"inLanguage":"es","potentialAction":[{"@type":"ReadAction","target":["https:\/\/www.humanium.org\/es\/desaparicion-de-ninos-en-benin\/"]}]},{"@type":"ImageObject","inLanguage":"es","@id":"https:\/\/www.humanium.org\/es\/desaparicion-de-ninos-en-benin\/#primaryimage","url":"https:\/\/www.humanium.org\/es\/wp-content\/uploads\/2017\/09\/shutterstock_592446479.jpg","contentUrl":"https:\/\/www.humanium.org\/es\/wp-content\/uploads\/2017\/09\/shutterstock_592446479.jpg","width":4928,"height":3280},{"@type":"BreadcrumbList","@id":"https:\/\/www.humanium.org\/es\/desaparicion-de-ninos-en-benin\/#breadcrumb","itemListElement":[{"@type":"ListItem","position":1,"name":"Home","item":"https:\/\/www.humanium.org\/es\/"},{"@type":"ListItem","position":2,"name":"Desaparici\u00f3n de ni\u00f1os en Benin"}]},{"@type":"WebSite","@id":"https:\/\/www.humanium.org\/es\/#website","url":"https:\/\/www.humanium.org\/es\/","name":"Humanium","description":"\u00a1Los ni\u00f1os primero!","potentialAction":[{"@type":"SearchAction","target":{"@type":"EntryPoint","urlTemplate":"https:\/\/www.humanium.org\/es\/?s={search_term_string}"},"query-input":{"@type":"PropertyValueSpecification","valueRequired":true,"valueName":"search_term_string"}}],"inLanguage":"es"},{"@type":"Person","@id":"https:\/\/www.humanium.org\/es\/#\/schema\/person\/a7bc4047fa1a59491b84b14abef018a7","name":"Olivier","image":{"@type":"ImageObject","inLanguage":"es","@id":"https:\/\/www.humanium.org\/es\/#\/schema\/person\/image\/","url":"https:\/\/secure.gravatar.com\/avatar\/945a9bb4662b83cabc6e1483b64823d58adf8c47dcbb3a834cd5df54a5f60495?s=96&d=mm&r=g","contentUrl":"https:\/\/secure.gravatar.com\/avatar\/945a9bb4662b83cabc6e1483b64823d58adf8c47dcbb3a834cd5df54a5f60495?s=96&d=mm&r=g","caption":"Olivier"},"url":"https:\/\/www.humanium.org\/es\/author\/olivier\/"}]}},"_links":{"self":[{"href":"https:\/\/www.humanium.org\/es\/wp-json\/wp\/v2\/posts\/11313","targetHints":{"allow":["GET"]}}],"collection":[{"href":"https:\/\/www.humanium.org\/es\/wp-json\/wp\/v2\/posts"}],"about":[{"href":"https:\/\/www.humanium.org\/es\/wp-json\/wp\/v2\/types\/post"}],"author":[{"embeddable":true,"href":"https:\/\/www.humanium.org\/es\/wp-json\/wp\/v2\/users\/1"}],"replies":[{"embeddable":true,"href":"https:\/\/www.humanium.org\/es\/wp-json\/wp\/v2\/comments?post=11313"}],"version-history":[{"count":8,"href":"https:\/\/www.humanium.org\/es\/wp-json\/wp\/v2\/posts\/11313\/revisions"}],"predecessor-version":[{"id":21485,"href":"https:\/\/www.humanium.org\/es\/wp-json\/wp\/v2\/posts\/11313\/revisions\/21485"}],"wp:featuredmedia":[{"embeddable":true,"href":"https:\/\/www.humanium.org\/es\/wp-json\/wp\/v2\/media\/11314"}],"wp:attachment":[{"href":"https:\/\/www.humanium.org\/es\/wp-json\/wp\/v2\/media?parent=11313"}],"wp:term":[{"taxonomy":"category","embeddable":true,"href":"https:\/\/www.humanium.org\/es\/wp-json\/wp\/v2\/categories?post=11313"},{"taxonomy":"post_tag","embeddable":true,"href":"https:\/\/www.humanium.org\/es\/wp-json\/wp\/v2\/tags?post=11313"}],"curies":[{"name":"wp","href":"https:\/\/api.w.org\/{rel}","templated":true}]}}