{"id":11838,"date":"2017-11-14T00:00:40","date_gmt":"2017-11-14T00:00:40","guid":{"rendered":"https:\/\/www.humanium.org\/es\/?p=11838"},"modified":"2017-11-10T06:09:18","modified_gmt":"2017-11-10T06:09:18","slug":"la-destruccion-del-medio-ambiente-tambien-erosiona-los-derechos-los-ninos","status":"publish","type":"post","link":"https:\/\/www.humanium.org\/es\/la-destruccion-del-medio-ambiente-tambien-erosiona-los-derechos-los-ninos\/","title":{"rendered":"La destrucci\u00f3n del medio ambiente tambi\u00e9n erosiona los derechos de los ni\u00f1os"},"content":{"rendered":"<p><strong><span style=\"color: #ea7600;\">Combatir las consecuencias de la destrucci\u00f3n del medio ambiente es un prerrequisito para que todos los ni\u00f1os puedan desarrollarse de acuerdo a sus derechos intr\u00ednsecos. La inestabilidad medioambiental no solo afecta a las presentes generaciones, sino que tambi\u00e9n pone en peligro a los ni\u00f1os que formar\u00e1n parte de nuestro mundo en el futuro.<\/span><\/strong><\/p>\n<p>&nbsp;<\/p>\n<h3>Existe un crucial equilibrio entre las necesidades sociales y las capacidades de la naturaleza<\/h3>\n<p>&nbsp;<\/p>\n<p><span style=\"font-weight: 400;\">Si continuamos agotando y contaminando los recursos naturales, nunca lograremos alcanzar un equilibrio entre las necesidades sociales existentes y la capacidad de nuestro entorno de ser, tanto un h\u00e1bitat humano adecuado, como un proveedor vital de numerosos objetivos sociales.<\/span><\/p>\n<p><span style=\"font-weight: 400;\">La escasez de agua dulce y la degradaci\u00f3n, la contaminaci\u00f3n del aire como consecuencia de la actividad industrial y la superpoblaci\u00f3n, as\u00ed como las amenazas generalizadas a nuestro ecosistema y a las especies que lo habitan, son tan solo unos pocos indicadores de esta presi\u00f3n en el medio ambiente.<\/span><\/p>\n<p><span style=\"font-weight: 400;\">Un enfoque irresponsable del deterioro de las condiciones de vida, que amenace las vidas y la salud de las personas, conducir\u00e1 a una situaci\u00f3n en la que todo aspecto fundamental del desarrollo humano est\u00e9 en peligro y expuesto a los desaf\u00edos y limitaciones de un medio ambiente profundamente transformado.<\/span><\/p>\n<p><span style=\"font-weight: 400;\">La mala gesti\u00f3n de los recursos naturales y el grave deterioro del medio ambiente siempre se han debido a intentos del ser humano por moldear el mundo. Sin embargo, nuestra capacidad de provocar cambios da\u00f1inos e irreversibles parece ser un riesgo relativamente nuevo, y el equilibrio entre nuestras necesidades y los recursos disponibles est\u00e1 en juego.<\/span><\/p>\n<p>&nbsp;<\/p>\n<h3>\u00bfPor qu\u00e9 es esta cuesti\u00f3n especialmente importante para los derechos de los ni\u00f1os?<\/h3>\n<p><b><br \/>\n<\/b><span style=\"font-weight: 400;\">Aunque hay muchas disputas en cuanto a si el derecho a un medio ambiente seguro deber\u00eda definirse como un derecho humano fundamental, el respeto y la protecci\u00f3n de los valores en que se sustenta est\u00e1n, sin duda, estrechamente relacionados con los derechos humanos a la vida y a la salud. La contaminaci\u00f3n de recursos naturales como el aire, el agua y el suelo afectan especialmente a los ni\u00f1os, cuyos derechos fundamentales a una buena salud y un crecimiento adecuado se ven vulnerados por influencias que se encuentran fuera de su alcance y comprensi\u00f3n.<\/span><\/p>\n<p><span style=\"font-weight: 400;\">Ning\u00fan ni\u00f1o deber\u00eda sufrir las da\u00f1inas perturbaciones provocadas por la actividad humana o por la ausencia de condiciones sanitarias adecuadas, y el acceso ininterrumpido a agua potable y comida sin contaminar debe respetarse en toda circunstancia.<\/span><\/p>\n<p><span style=\"font-weight: 400;\">Puesto que algunas formas de destrucci\u00f3n medioambiental podr\u00edan volverse pronto irreversibles, la negligencia de las generaciones previas puede poner en peligro el desarrollo de ni\u00f1os que todav\u00eda no han nacido.<\/span><\/p>\n<p><span style=\"font-weight: 400;\">Por desgracia, la transformaci\u00f3n de nuestro entorno natural ya se ha convertido en una cuesti\u00f3n intergeneracional, y la influencia humana perjudicial no se puede mejorar significativamente en una sola generaci\u00f3n.<\/span><\/p>\n<p><span style=\"font-weight: 400;\">Por otro lado, la protecci\u00f3n de los derechos de los ni\u00f1os tambi\u00e9n podr\u00eda definirse como una cuesti\u00f3n intergeneracional, ya que el desarrollo de un ni\u00f1o es inimaginable sin el apoyo y la asistencia de las generaciones previas.<\/span><\/p>\n<p><span style=\"font-weight: 400;\">Combatir la degradaci\u00f3n medioambiental tiene el potencial de ser el elemento de apoyo de mayor alcance e influencia. No cabe duda de que la actitud responsable de las generaciones actuales en cuanto a la contaminaci\u00f3n y el calentamiento global afectar\u00e1 positivamente a las generaciones venideras.<\/span><\/p>\n<p><span style=\"font-weight: 400;\">Todo ni\u00f1o deber\u00eda disfrutar y desarrollarse en un entorno que no haya quedado gravemente da\u00f1ado y degradado a causa de la apat\u00eda de las generaciones anteriores o las necesidades y objetivos que estas establecieron.<\/span><\/p>\n<p><span style=\"font-weight: 400;\">Afortunadamente, nuestra generaci\u00f3n cuenta con un amplio acceso a recursos naturales renovables, como la energ\u00eda solar, e\u00f3lica e hidr\u00e1ulica, y su explotaci\u00f3n a gran escala es la \u00fanica manera de crear una atm\u00f3sfera adecuada para los derechos y necesidades de todos los ni\u00f1os.<\/span><\/p>\n<p><span style=\"font-weight: 400;\">En pocas palabras, el desarrollo completo del potencial de los ni\u00f1os no debe verse limitado por los da\u00f1os colaterales evitables de la explotaci\u00f3n de los recursos naturales.<\/span><\/p>\n<p>&nbsp;<\/p>\n<hr \/>\n<p><span style=\"font-weight: 400;\">Escrito por <strong>Goran Batinica <\/strong><\/span><\/p>\n<p><span style=\"font-weight: 400;\">Traducido por <strong>Laura Ibarrola Izquierdo<\/strong><\/span><\/p>\n<p><span style=\"font-weight: 400;\">Revisado por <strong>Victoria Clavijo<\/strong><\/span><\/p>\n<p>&nbsp;<\/p>\n<p>&nbsp;<\/p>\n<p>&nbsp;<\/p>\n","protected":false},"excerpt":{"rendered":"<p>Combatir las consecuencias de la destrucci\u00f3n del medio ambiente es un prerrequisito para que todos los ni\u00f1os puedan desarrollarse de acuerdo a sus derechos intr\u00ednsecos. La inestabilidad medioambiental no solo afecta a las presentes generaciones, sino que tambi\u00e9n pone en peligro a los ni\u00f1os que formar\u00e1n parte de nuestro mundo en el futuro. &nbsp; Existe [&hellip;]<\/p>\n","protected":false},"author":1,"featured_media":11839,"comment_status":"closed","ping_status":"closed","sticky":false,"template":"","format":"standard","meta":{"footnotes":""},"categories":[1],"tags":[],"class_list":["post-11838","post","type-post","status-publish","format-standard","has-post-thumbnail","hentry","category-uncategorized"],"yoast_head":"<!-- This site is optimized with the Yoast SEO plugin v26.5 - https:\/\/yoast.com\/wordpress\/plugins\/seo\/ -->\n<title>La destrucci\u00f3n del medio ambiente tambi\u00e9n erosiona los derechos de los ni\u00f1os - Humanium<\/title>\n<meta name=\"robots\" content=\"index, follow, max-snippet:-1, max-image-preview:large, max-video-preview:-1\" \/>\n<link rel=\"canonical\" href=\"https:\/\/www.humanium.org\/es\/la-destruccion-del-medio-ambiente-tambien-erosiona-los-derechos-los-ninos\/\" \/>\n<meta property=\"og:locale\" content=\"es_ES\" \/>\n<meta property=\"og:type\" content=\"article\" \/>\n<meta property=\"og:title\" content=\"La destrucci\u00f3n del medio ambiente tambi\u00e9n erosiona los derechos de los ni\u00f1os - Humanium\" \/>\n<meta property=\"og:description\" content=\"Combatir las consecuencias de la destrucci\u00f3n del medio ambiente es un prerrequisito para que todos los ni\u00f1os puedan desarrollarse de acuerdo a sus derechos intr\u00ednsecos. La inestabilidad medioambiental no solo afecta a las presentes generaciones, sino que tambi\u00e9n pone en peligro a los ni\u00f1os que formar\u00e1n parte de nuestro mundo en el futuro. &nbsp; Existe [&hellip;]\" \/>\n<meta property=\"og:url\" content=\"https:\/\/www.humanium.org\/es\/la-destruccion-del-medio-ambiente-tambien-erosiona-los-derechos-los-ninos\/\" \/>\n<meta property=\"og:site_name\" content=\"Humanium\" \/>\n<meta property=\"article:published_time\" content=\"2017-11-14T00:00:40+00:00\" \/>\n<meta property=\"og:image\" content=\"https:\/\/www.humanium.org\/es\/wp-content\/uploads\/2017\/11\/shutterstock_314958764.jpg\" \/>\n\t<meta property=\"og:image:width\" content=\"1000\" \/>\n\t<meta property=\"og:image:height\" content=\"667\" \/>\n\t<meta property=\"og:image:type\" content=\"image\/jpeg\" \/>\n<meta name=\"author\" content=\"Olivier\" \/>\n<meta name=\"twitter:card\" content=\"summary_large_image\" \/>\n<meta name=\"twitter:label1\" content=\"Escrito por\" \/>\n\t<meta name=\"twitter:data1\" content=\"Olivier\" \/>\n\t<meta name=\"twitter:label2\" content=\"Tiempo de lectura\" \/>\n\t<meta name=\"twitter:data2\" content=\"4 minutos\" \/>\n<script type=\"application\/ld+json\" class=\"yoast-schema-graph\">{\"@context\":\"https:\/\/schema.org\",\"@graph\":[{\"@type\":\"WebPage\",\"@id\":\"https:\/\/www.humanium.org\/es\/la-destruccion-del-medio-ambiente-tambien-erosiona-los-derechos-los-ninos\/\",\"url\":\"https:\/\/www.humanium.org\/es\/la-destruccion-del-medio-ambiente-tambien-erosiona-los-derechos-los-ninos\/\",\"name\":\"La destrucci\u00f3n del medio ambiente tambi\u00e9n erosiona los derechos de los ni\u00f1os - Humanium\",\"isPartOf\":{\"@id\":\"https:\/\/www.humanium.org\/es\/#website\"},\"primaryImageOfPage\":{\"@id\":\"https:\/\/www.humanium.org\/es\/la-destruccion-del-medio-ambiente-tambien-erosiona-los-derechos-los-ninos\/#primaryimage\"},\"image\":{\"@id\":\"https:\/\/www.humanium.org\/es\/la-destruccion-del-medio-ambiente-tambien-erosiona-los-derechos-los-ninos\/#primaryimage\"},\"thumbnailUrl\":\"https:\/\/www.humanium.org\/es\/wp-content\/uploads\/2017\/11\/shutterstock_314958764.jpg\",\"datePublished\":\"2017-11-14T00:00:40+00:00\",\"author\":{\"@id\":\"https:\/\/www.humanium.org\/es\/#\/schema\/person\/a7bc4047fa1a59491b84b14abef018a7\"},\"breadcrumb\":{\"@id\":\"https:\/\/www.humanium.org\/es\/la-destruccion-del-medio-ambiente-tambien-erosiona-los-derechos-los-ninos\/#breadcrumb\"},\"inLanguage\":\"es\",\"potentialAction\":[{\"@type\":\"ReadAction\",\"target\":[\"https:\/\/www.humanium.org\/es\/la-destruccion-del-medio-ambiente-tambien-erosiona-los-derechos-los-ninos\/\"]}]},{\"@type\":\"ImageObject\",\"inLanguage\":\"es\",\"@id\":\"https:\/\/www.humanium.org\/es\/la-destruccion-del-medio-ambiente-tambien-erosiona-los-derechos-los-ninos\/#primaryimage\",\"url\":\"https:\/\/www.humanium.org\/es\/wp-content\/uploads\/2017\/11\/shutterstock_314958764.jpg\",\"contentUrl\":\"https:\/\/www.humanium.org\/es\/wp-content\/uploads\/2017\/11\/shutterstock_314958764.jpg\",\"width\":1000,\"height\":667},{\"@type\":\"BreadcrumbList\",\"@id\":\"https:\/\/www.humanium.org\/es\/la-destruccion-del-medio-ambiente-tambien-erosiona-los-derechos-los-ninos\/#breadcrumb\",\"itemListElement\":[{\"@type\":\"ListItem\",\"position\":1,\"name\":\"Home\",\"item\":\"https:\/\/www.humanium.org\/es\/\"},{\"@type\":\"ListItem\",\"position\":2,\"name\":\"La destrucci\u00f3n del medio ambiente tambi\u00e9n erosiona los derechos de los ni\u00f1os\"}]},{\"@type\":\"WebSite\",\"@id\":\"https:\/\/www.humanium.org\/es\/#website\",\"url\":\"https:\/\/www.humanium.org\/es\/\",\"name\":\"Humanium\",\"description\":\"\u00a1Los ni\u00f1os primero!\",\"potentialAction\":[{\"@type\":\"SearchAction\",\"target\":{\"@type\":\"EntryPoint\",\"urlTemplate\":\"https:\/\/www.humanium.org\/es\/?s={search_term_string}\"},\"query-input\":{\"@type\":\"PropertyValueSpecification\",\"valueRequired\":true,\"valueName\":\"search_term_string\"}}],\"inLanguage\":\"es\"},{\"@type\":\"Person\",\"@id\":\"https:\/\/www.humanium.org\/es\/#\/schema\/person\/a7bc4047fa1a59491b84b14abef018a7\",\"name\":\"Olivier\",\"image\":{\"@type\":\"ImageObject\",\"inLanguage\":\"es\",\"@id\":\"https:\/\/www.humanium.org\/es\/#\/schema\/person\/image\/\",\"url\":\"https:\/\/secure.gravatar.com\/avatar\/945a9bb4662b83cabc6e1483b64823d58adf8c47dcbb3a834cd5df54a5f60495?s=96&d=mm&r=g\",\"contentUrl\":\"https:\/\/secure.gravatar.com\/avatar\/945a9bb4662b83cabc6e1483b64823d58adf8c47dcbb3a834cd5df54a5f60495?s=96&d=mm&r=g\",\"caption\":\"Olivier\"},\"url\":\"https:\/\/www.humanium.org\/es\/author\/olivier\/\"}]}<\/script>\n<!-- \/ Yoast SEO plugin. -->","yoast_head_json":{"title":"La destrucci\u00f3n del medio ambiente tambi\u00e9n erosiona los derechos de los ni\u00f1os - Humanium","robots":{"index":"index","follow":"follow","max-snippet":"max-snippet:-1","max-image-preview":"max-image-preview:large","max-video-preview":"max-video-preview:-1"},"canonical":"https:\/\/www.humanium.org\/es\/la-destruccion-del-medio-ambiente-tambien-erosiona-los-derechos-los-ninos\/","og_locale":"es_ES","og_type":"article","og_title":"La destrucci\u00f3n del medio ambiente tambi\u00e9n erosiona los derechos de los ni\u00f1os - Humanium","og_description":"Combatir las consecuencias de la destrucci\u00f3n del medio ambiente es un prerrequisito para que todos los ni\u00f1os puedan desarrollarse de acuerdo a sus derechos intr\u00ednsecos. La inestabilidad medioambiental no solo afecta a las presentes generaciones, sino que tambi\u00e9n pone en peligro a los ni\u00f1os que formar\u00e1n parte de nuestro mundo en el futuro. &nbsp; Existe [&hellip;]","og_url":"https:\/\/www.humanium.org\/es\/la-destruccion-del-medio-ambiente-tambien-erosiona-los-derechos-los-ninos\/","og_site_name":"Humanium","article_published_time":"2017-11-14T00:00:40+00:00","og_image":[{"width":1000,"height":667,"url":"https:\/\/www.humanium.org\/es\/wp-content\/uploads\/2017\/11\/shutterstock_314958764.jpg","type":"image\/jpeg"}],"author":"Olivier","twitter_card":"summary_large_image","twitter_misc":{"Escrito por":"Olivier","Tiempo de lectura":"4 minutos"},"schema":{"@context":"https:\/\/schema.org","@graph":[{"@type":"WebPage","@id":"https:\/\/www.humanium.org\/es\/la-destruccion-del-medio-ambiente-tambien-erosiona-los-derechos-los-ninos\/","url":"https:\/\/www.humanium.org\/es\/la-destruccion-del-medio-ambiente-tambien-erosiona-los-derechos-los-ninos\/","name":"La destrucci\u00f3n del medio ambiente tambi\u00e9n erosiona los derechos de los ni\u00f1os - Humanium","isPartOf":{"@id":"https:\/\/www.humanium.org\/es\/#website"},"primaryImageOfPage":{"@id":"https:\/\/www.humanium.org\/es\/la-destruccion-del-medio-ambiente-tambien-erosiona-los-derechos-los-ninos\/#primaryimage"},"image":{"@id":"https:\/\/www.humanium.org\/es\/la-destruccion-del-medio-ambiente-tambien-erosiona-los-derechos-los-ninos\/#primaryimage"},"thumbnailUrl":"https:\/\/www.humanium.org\/es\/wp-content\/uploads\/2017\/11\/shutterstock_314958764.jpg","datePublished":"2017-11-14T00:00:40+00:00","author":{"@id":"https:\/\/www.humanium.org\/es\/#\/schema\/person\/a7bc4047fa1a59491b84b14abef018a7"},"breadcrumb":{"@id":"https:\/\/www.humanium.org\/es\/la-destruccion-del-medio-ambiente-tambien-erosiona-los-derechos-los-ninos\/#breadcrumb"},"inLanguage":"es","potentialAction":[{"@type":"ReadAction","target":["https:\/\/www.humanium.org\/es\/la-destruccion-del-medio-ambiente-tambien-erosiona-los-derechos-los-ninos\/"]}]},{"@type":"ImageObject","inLanguage":"es","@id":"https:\/\/www.humanium.org\/es\/la-destruccion-del-medio-ambiente-tambien-erosiona-los-derechos-los-ninos\/#primaryimage","url":"https:\/\/www.humanium.org\/es\/wp-content\/uploads\/2017\/11\/shutterstock_314958764.jpg","contentUrl":"https:\/\/www.humanium.org\/es\/wp-content\/uploads\/2017\/11\/shutterstock_314958764.jpg","width":1000,"height":667},{"@type":"BreadcrumbList","@id":"https:\/\/www.humanium.org\/es\/la-destruccion-del-medio-ambiente-tambien-erosiona-los-derechos-los-ninos\/#breadcrumb","itemListElement":[{"@type":"ListItem","position":1,"name":"Home","item":"https:\/\/www.humanium.org\/es\/"},{"@type":"ListItem","position":2,"name":"La destrucci\u00f3n del medio ambiente tambi\u00e9n erosiona los derechos de los ni\u00f1os"}]},{"@type":"WebSite","@id":"https:\/\/www.humanium.org\/es\/#website","url":"https:\/\/www.humanium.org\/es\/","name":"Humanium","description":"\u00a1Los ni\u00f1os primero!","potentialAction":[{"@type":"SearchAction","target":{"@type":"EntryPoint","urlTemplate":"https:\/\/www.humanium.org\/es\/?s={search_term_string}"},"query-input":{"@type":"PropertyValueSpecification","valueRequired":true,"valueName":"search_term_string"}}],"inLanguage":"es"},{"@type":"Person","@id":"https:\/\/www.humanium.org\/es\/#\/schema\/person\/a7bc4047fa1a59491b84b14abef018a7","name":"Olivier","image":{"@type":"ImageObject","inLanguage":"es","@id":"https:\/\/www.humanium.org\/es\/#\/schema\/person\/image\/","url":"https:\/\/secure.gravatar.com\/avatar\/945a9bb4662b83cabc6e1483b64823d58adf8c47dcbb3a834cd5df54a5f60495?s=96&d=mm&r=g","contentUrl":"https:\/\/secure.gravatar.com\/avatar\/945a9bb4662b83cabc6e1483b64823d58adf8c47dcbb3a834cd5df54a5f60495?s=96&d=mm&r=g","caption":"Olivier"},"url":"https:\/\/www.humanium.org\/es\/author\/olivier\/"}]}},"_links":{"self":[{"href":"https:\/\/www.humanium.org\/es\/wp-json\/wp\/v2\/posts\/11838","targetHints":{"allow":["GET"]}}],"collection":[{"href":"https:\/\/www.humanium.org\/es\/wp-json\/wp\/v2\/posts"}],"about":[{"href":"https:\/\/www.humanium.org\/es\/wp-json\/wp\/v2\/types\/post"}],"author":[{"embeddable":true,"href":"https:\/\/www.humanium.org\/es\/wp-json\/wp\/v2\/users\/1"}],"replies":[{"embeddable":true,"href":"https:\/\/www.humanium.org\/es\/wp-json\/wp\/v2\/comments?post=11838"}],"version-history":[{"count":1,"href":"https:\/\/www.humanium.org\/es\/wp-json\/wp\/v2\/posts\/11838\/revisions"}],"predecessor-version":[{"id":11840,"href":"https:\/\/www.humanium.org\/es\/wp-json\/wp\/v2\/posts\/11838\/revisions\/11840"}],"wp:featuredmedia":[{"embeddable":true,"href":"https:\/\/www.humanium.org\/es\/wp-json\/wp\/v2\/media\/11839"}],"wp:attachment":[{"href":"https:\/\/www.humanium.org\/es\/wp-json\/wp\/v2\/media?parent=11838"}],"wp:term":[{"taxonomy":"category","embeddable":true,"href":"https:\/\/www.humanium.org\/es\/wp-json\/wp\/v2\/categories?post=11838"},{"taxonomy":"post_tag","embeddable":true,"href":"https:\/\/www.humanium.org\/es\/wp-json\/wp\/v2\/tags?post=11838"}],"curies":[{"name":"wp","href":"https:\/\/api.w.org\/{rel}","templated":true}]}}