{"id":12203,"date":"2018-10-25T01:13:47","date_gmt":"2018-10-25T01:13:47","guid":{"rendered":"https:\/\/www.humanium.org\/es\/?p=12203"},"modified":"2018-10-25T01:13:47","modified_gmt":"2018-10-25T01:13:47","slug":"ninos-victimas-violencia-brasil","status":"publish","type":"post","link":"https:\/\/www.humanium.org\/es\/ninos-victimas-violencia-brasil\/","title":{"rendered":"Los ni\u00f1os: las principales v\u00edctimas de la violencia y el crimen en Brasil"},"content":{"rendered":"<p><strong>Menores en las calles, sin ropa en el fr\u00edo o calor, pidiendo dinero para poder comprar comida. Esta es una imagen t\u00edpica de Latinoam\u00e9rica y en Brasil se ha vuelto la m\u00e1s visible de los \u00faltimos a\u00f1os. El \u00a0informe \u201cEscenario de la Infancia y la Adolescencia en Brasil\u201d publicado por la ONG Fundaci\u00f3n Abrinq muestra que m\u00e1s del 40% de los ni\u00f1os vive en pobreza, de los cuales 5,8 millones viven en extrema miseria y 4 millones m\u00e1s en <i>favelas <\/i>(barrios en situaciones de emergencia). \u00a0Casi un 70% de los ni\u00f1os de 0 hasta 3 a\u00f1os de edad no tienen acceso a guarder\u00edas p\u00fablicas o privadas; y 1,6 millones de estudiantes entre 15 y 17 a\u00f1os abandonan la escuela. <\/strong><\/p>\n<p><span style=\"font-weight: 400;\"> La pobreza y la violencia familiar acompa\u00f1an estos n\u00fameros alarmantes de la ni\u00f1ez, dej\u00e1ndolos \u00a0en una situaci\u00f3n de vulnerabilidad extrema cuando se trata de violencia. El 70% de los j\u00f3venes asesinados son negros, pobres, y generalmente viven en la periferia. Muchos de ellos a corta edad ya han consumido inhalantes, marihuana, coca\u00edna y otras drogas <\/span>(Revista Panamericana de Salud P\u00fablica).<\/p>\n<p>&nbsp;<\/p>\n<h2>La lucha contra la corrupci\u00f3n<\/h2>\n<p><span style=\"font-weight: 400;\">Brasil actualmente vive una profunda crisis a nivel pol\u00edtico, econ\u00f3mico y social. La situaci\u00f3n se agrav\u00f3 cuando los partidos opositores solicitaron al <\/span>Congreso de Brasil<span style=\"font-weight: 400;\"> que se iniciara un juicio pol\u00edtico a la ex presidenta<\/span> Dilma Rousseff.<span style=\"font-weight: 400;\"> Las acusaciones contra la mandataria incluyeron presuntas violaciones a las leyes fiscales del pa\u00eds y la manipulaci\u00f3n de las finanzas p\u00fablicas para beneficiar su reelecci\u00f3n en 2014. La crisis se traslad\u00f3 entonces a las calles, donde miles de personas manifiestan a diario el descontento pol\u00edtico y econ\u00f3mico que atraviesa el pa\u00eds. Con una moneda inestable y n\u00fameros alarmantes que dejan en evidencia una creciente desigualdad social, la pobreza no es el \u00fanico problema con el cual lidiar en Brasil.<\/span><\/p>\n<p>&nbsp;<\/p>\n<h2>Persecuci\u00f3n violenta<\/h2>\n<p><img loading=\"lazy\" decoding=\"async\" class=\"alignnone size-full wp-image-12201 aligncenter\" src=\"https:\/\/www.humanium.org\/es\/wp-content\/uploads\/2018\/10\/Brazil-2.png\" alt=\"\" width=\"648\" height=\"487\" srcset=\"https:\/\/www.humanium.org\/es\/wp-content\/uploads\/2018\/10\/Brazil-2.png 648w, https:\/\/www.humanium.org\/es\/wp-content\/uploads\/2018\/10\/Brazil-2-300x225.png 300w, https:\/\/www.humanium.org\/es\/wp-content\/uploads\/2018\/10\/Brazil-2-230x173.png 230w, https:\/\/www.humanium.org\/es\/wp-content\/uploads\/2018\/10\/Brazil-2-350x263.png 350w, https:\/\/www.humanium.org\/es\/wp-content\/uploads\/2018\/10\/Brazil-2-480x361.png 480w\" sizes=\"auto, (max-width: 648px) 100vw, 648px\" \/><\/p>\n<p>&nbsp;<\/p>\n<p><span style=\"font-weight: 400;\">En este contexto de crisis se da el fen\u00f3meno conocido como \u201c<\/span>limpieza social\u201d, <span style=\"font-weight: 400;\">que<\/span> <span style=\"font-weight: 400;\">se refiere a <\/span>homicidios en lugares p\u00fablicos con v\u00edctimas golpeadas o asesinadas en las calles<span style=\"font-weight: 400;\">. Grupos policiales simplemente entran en una comunidad en los veh\u00edculos llamados <\/span><span style=\"font-weight: 400;\">\u201c<\/span>caveir\u00e3o\u201d <span style=\"font-weight: 400;\">y abren fuego. Este tipo de acciones son denominadas<\/span> \u201cesfuerzos en contra de las clases marginales\u201d<span style=\"font-weight: 400;\">. Este fen\u00f3meno encuentra sus causas en factores econ\u00f3micos y sociales. <\/span><span style=\"font-weight: 400;\">Desde enero de este a\u00f1o ha aumentado un 39% el crimen por parte de las<\/span> \u201cbrigadas policiales de la muerte\u201d<span style=\"font-weight: 400;\"> en uno de los per\u00edodos m\u00e1s sangrientos de Brasil. <\/span><\/p>\n<p><span style=\"font-weight: 400;\">Los menores brasile\u00f1os adem\u00e1s son v\u00edctimas de violencia sexual. Seg\u00fan la OMS entre 50.000 y 100.000 ni\u00f1os est\u00e1n afectados por el VIH <\/span>(UNICEF, 2018).<span style=\"font-weight: 400;\"> Sus atacantes en su mayor\u00eda son narcotraficantes y polic\u00edas en el contexto de <\/span>\u201climpieza social\u201d <span style=\"font-weight: 400;\">y del que resultan cuatro y hasta cinco ni\u00f1os asesinados diariamente, dos de ellos solo en R\u00edo de Janeiro <\/span>(Revista Panamericana de Salud P\u00fablica, 2018). <span style=\"font-weight: 400;\">De hecho, en el mes de junio, la polic\u00eda militar sin anunciarlo, \u201cabri\u00f3 fuego\u201d en el barrio <\/span><i><span style=\"font-weight: 400;\">Mar\u00e9 <\/span><\/i><span style=\"font-weight: 400;\">(R\u00edo de Janeiro) donde fue impactado<\/span><i><span style=\"font-weight: 400;\"> Marcos Ven\u00edcio Da Silva<\/span><\/i><span style=\"font-weight: 400;\"> de 14 a\u00f1os. Antes de morir, el peque\u00f1o Marcos pregunt\u00f3 a su madre, <\/span>\u201csi la polic\u00eda no vio que \u00e9l vest\u00eda con su uniforme de la escuela\u201d.<\/p>\n<p>&nbsp;<\/p>\n<h2>Tantos muertos como en una Guerra<\/h2>\n<p><span style=\"font-weight: 400;\">Seg\u00fan datos del <\/span>F\u00f3rum Brasile\u00f1o de Seguridad P\u00fablica <span style=\"font-weight: 400;\">s\u00f3lo en 2017 se registraron 63.880 homicidios, lo que representa 175 v\u00edctimas por d\u00eda, 7 por cada hora. Si bien en ciertos estados se han logrado disminuir las estad\u00edsticas, el aumento de los cr\u00edmenes se concentra en 12 estados empobrecidos en el norte y nordeste del pa\u00eds. Puede decirse que gran n\u00famero de los asesinatos se debe a acciones dise\u00f1adas para acabar con la criminalidad en las <\/span><i><span style=\"font-weight: 400;\">favelas<\/span><\/i><span style=\"font-weight: 400;\">.<\/span><\/p>\n<p><span style=\"font-weight: 400;\">El esfuerzo gubernamental para combatir la pobreza, la violencia y el crimen, hasta ahora ha sido escaso e insuficiente. Seg\u00fan el <\/span>Banco Mundial<span style=\"font-weight: 400;\">, Brasil tiene el producto nacional bruto m\u00e1s alto de Am\u00e9rica Latina (US$ 2 009 per c\u00e1pita), su econom\u00eda es la d\u00e9cima del mundo en importancia, y de la m\u00e1s desequilibradas a nivel mundial. El gobierno ha invertido en internados y rehabilitaci\u00f3n para los ni\u00f1os, pero a su vez ha dado mayor autoridad a la polic\u00eda militar para abrir fuego ante cualquier situaci\u00f3n. <\/span><\/p>\n<p><span style=\"font-weight: 400;\">Mientras la desigualdad social aumenta, la vida de muchos ni\u00f1os contin\u00faa en peligro. El futuro de los m\u00e1s peque\u00f1os en Brasil es incierto, donde el hambre, el narcotr\u00e1fico, la violencia y el abuso conducen al crimen o a la muerte. <\/span><\/p>\n<p>&nbsp;<\/p>\n<p><span style=\"font-weight: 400;\">Humanium trabaja arduamente hace ya 10 a\u00f1os para poner fin a la violencia y al maltrato en contra de los ni\u00f1os, sensibilizando tanto a adultos como a menores para juntos concretar los derechos de los m\u00e1s indefensos de la sociedad. <\/span><\/p>\n<p><span style=\"font-weight: 400;\">\u00a1Visita nuestra p\u00e1gina web <\/span><a href=\"https:\/\/www.humanium.org\/es\/\" target=\"_blank\" rel=\"noopener\"><span style=\"font-weight: 400;\">https:\/\/www.humanium.org\/es\/<\/span><\/a> <span style=\"font-weight: 400;\">para aprender m\u00e1s sobre los derechos de los ni\u00f1os y nuestros proyectos, para contactar con el equipo de Humanium y para involucrarte, a nuestro lado, con el fin de mejorar la vida de miles de ni\u00f1os de todo el mundo!<\/span><\/p>\n<p>&nbsp;<\/p>\n<p><em><span style=\"font-weight: 400;\">Escrito por: Eliana Lescano<\/span><\/em><\/p>\n<p>&nbsp;<\/p>\n<p><strong>Fuentes <\/strong><\/p>\n<p><span style=\"font-weight: 400;\"> Informe Escenario de la Infancia y la Adolescencia en Brasil (2018) publicado por la Fundaci\u00f3n Abrinq <\/span><\/p>\n<p><span style=\"font-weight: 400;\">Organizaci\u00f3n Panamericana de Salud P\u00fablica. (2018) en Revista Panamericana de Salud P\u00fablica. Disponible en <\/span><span style=\"font-weight: 400;\">https:\/\/scielosp.org\/pdf\/rpsp\/1999.v5n4-5\/305-306\/es<\/span><\/p>\n<p><span style=\"font-weight: 400;\">UNICEF. (2018). Disponible en \u00a0<\/span><span style=\"font-weight: 400;\">https:\/\/www.unicef.org\/spanish\/infobycountry\/brazil_74426.html<\/span><\/p>\n<p><span style=\"font-weight: 400;\">F\u00f3rum Brasile\u00f1o de Salud P\u00fablica <\/span><\/p>\n<p><span style=\"font-weight: 400;\">C\u00e9sar Mu\u00f1oz. (2018). Publicado el 7 de agosto de 2018 disponible en Human Rights Watch <\/span><span style=\"font-weight: 400;\">https:\/\/www.hrw.org\/news\/2018\/08\/16\/police-killings-are-out-control-rio-de-janeiro<\/span><\/p>\n<p><span style=\"font-weight: 400;\">Banco Mundial. (2018).<\/span> <span style=\"font-weight: 400;\">https:\/\/datos.bancomundial.org\/indicator\/NY.GDP.MKTP.PP.CD<\/span><\/p>\n<p><span style=\"font-weight: 400;\">Organizaci\u00f3n Mundial de la Salud. (2018). Disponible en <\/span><span style=\"font-weight: 400;\">http:\/\/www.who.int\/countries\/bra\/es\/<\/span><\/p>\n<p><span style=\"font-weight: 400;\">Foto (2017). <\/span><i><span style=\"font-weight: 400;\">Varios ni\u00f1os de la Rocinha observan el ajetreo en las calles<\/span><\/i><span style=\"font-weight: 400;\">. Reuters. Recuperado en <\/span><span style=\"font-weight: 400;\">https:\/\/www.elespanol.com\/mundo\/america\/20171024\/256725308_0.html<\/span><\/p>\n<p><span style=\"font-weight: 400;\">Foto (2017). <\/span><i><span style=\"font-weight: 400;\">Polic\u00eda militar de Brasil<\/span><\/i><span style=\"font-weight: 400;\">. Noticia publicada en Alerta digital. Recuperada en <\/span><span style=\"font-weight: 400;\">http:\/\/www.alertadigital.com\/2017\/08\/29\/la-imparable-ola-de-violencia-en-brasil-100-policias-muertos-en-lo-que-va-de-2017\/<\/span><\/p>\n<p><span style=\"font-weight: 400;\">Wilding Polly. (2010).<\/span><i><span style=\"font-weight: 400;\"> \u201cNueva Violencia: silenciando las experiencias de las mujeres en las favelas de Brasil\u201d.<\/span><\/i><span style=\"font-weight: 400;\"> Diario de estudios latinoamericanos\u201d publicado en Noviembre de 2010. <\/span><\/p>\n","protected":false},"excerpt":{"rendered":"<p>Menores en las calles, sin ropa en el fr\u00edo o calor, pidiendo dinero para poder comprar comida. Esta es una imagen t\u00edpica de Latinoam\u00e9rica y en Brasil se ha vuelto la m\u00e1s visible de los \u00faltimos a\u00f1os. El \u00a0informe \u201cEscenario de la Infancia y la Adolescencia en Brasil\u201d publicado por la ONG Fundaci\u00f3n Abrinq muestra [&hellip;]<\/p>\n","protected":false},"author":1,"featured_media":12202,"comment_status":"closed","ping_status":"closed","sticky":false,"template":"","format":"standard","meta":{"footnotes":""},"categories":[148,145],"tags":[],"class_list":["post-12203","post","type-post","status-publish","format-standard","has-post-thumbnail","hentry","category-derechos-del-nino","category-violencia"],"yoast_head":"<!-- This site is optimized with the Yoast SEO plugin v26.5 - https:\/\/yoast.com\/wordpress\/plugins\/seo\/ -->\n<title>Los ni\u00f1os: las principales v\u00edctimas de la violencia y el crimen en Brasil - Humanium<\/title>\n<meta name=\"description\" content=\"El \u00a0informe \u201cEscenario de la Infancia y la Adolescencia en Brasil\u201d publicado por la ONG Fundaci\u00f3n Abrinq muestra que m\u00e1s del 40% de los ni\u00f1os vive en pobreza, de los cuales 5,8 millones viven en extrema miseria y 4 millones m\u00e1s en favelas.\" \/>\n<meta name=\"robots\" content=\"index, follow, max-snippet:-1, max-image-preview:large, max-video-preview:-1\" \/>\n<link rel=\"canonical\" href=\"https:\/\/www.humanium.org\/es\/ninos-victimas-violencia-brasil\/\" \/>\n<meta property=\"og:locale\" content=\"es_ES\" \/>\n<meta property=\"og:type\" content=\"article\" \/>\n<meta property=\"og:title\" content=\"Los ni\u00f1os: las principales v\u00edctimas de la violencia y el crimen en Brasil - Humanium\" \/>\n<meta property=\"og:description\" content=\"El \u00a0informe \u201cEscenario de la Infancia y la Adolescencia en Brasil\u201d publicado por la ONG Fundaci\u00f3n Abrinq muestra que m\u00e1s del 40% de los ni\u00f1os vive en pobreza, de los cuales 5,8 millones viven en extrema miseria y 4 millones m\u00e1s en favelas.\" \/>\n<meta property=\"og:url\" content=\"https:\/\/www.humanium.org\/es\/ninos-victimas-violencia-brasil\/\" \/>\n<meta property=\"og:site_name\" content=\"Humanium\" \/>\n<meta property=\"article:published_time\" content=\"2018-10-25T01:13:47+00:00\" \/>\n<meta property=\"og:image\" content=\"https:\/\/www.humanium.org\/es\/wp-content\/uploads\/2018\/10\/Brazil-1.png\" \/>\n\t<meta property=\"og:image:width\" content=\"851\" \/>\n\t<meta property=\"og:image:height\" content=\"639\" \/>\n\t<meta property=\"og:image:type\" content=\"image\/png\" \/>\n<meta name=\"author\" content=\"Olivier\" \/>\n<meta name=\"twitter:card\" content=\"summary_large_image\" \/>\n<meta name=\"twitter:label1\" content=\"Escrito por\" \/>\n\t<meta name=\"twitter:data1\" content=\"Olivier\" \/>\n\t<meta name=\"twitter:label2\" content=\"Tiempo de lectura\" \/>\n\t<meta name=\"twitter:data2\" content=\"5 minutos\" \/>\n<script type=\"application\/ld+json\" class=\"yoast-schema-graph\">{\"@context\":\"https:\/\/schema.org\",\"@graph\":[{\"@type\":\"WebPage\",\"@id\":\"https:\/\/www.humanium.org\/es\/ninos-victimas-violencia-brasil\/\",\"url\":\"https:\/\/www.humanium.org\/es\/ninos-victimas-violencia-brasil\/\",\"name\":\"Los ni\u00f1os: las principales v\u00edctimas de la violencia y el crimen en Brasil - Humanium\",\"isPartOf\":{\"@id\":\"https:\/\/www.humanium.org\/es\/#website\"},\"primaryImageOfPage\":{\"@id\":\"https:\/\/www.humanium.org\/es\/ninos-victimas-violencia-brasil\/#primaryimage\"},\"image\":{\"@id\":\"https:\/\/www.humanium.org\/es\/ninos-victimas-violencia-brasil\/#primaryimage\"},\"thumbnailUrl\":\"https:\/\/www.humanium.org\/es\/wp-content\/uploads\/2018\/10\/Brazil-1.png\",\"datePublished\":\"2018-10-25T01:13:47+00:00\",\"author\":{\"@id\":\"https:\/\/www.humanium.org\/es\/#\/schema\/person\/a7bc4047fa1a59491b84b14abef018a7\"},\"description\":\"El \u00a0informe \u201cEscenario de la Infancia y la Adolescencia en Brasil\u201d publicado por la ONG Fundaci\u00f3n Abrinq muestra que m\u00e1s del 40% de los ni\u00f1os vive en pobreza, de los cuales 5,8 millones viven en extrema miseria y 4 millones m\u00e1s en favelas.\",\"breadcrumb\":{\"@id\":\"https:\/\/www.humanium.org\/es\/ninos-victimas-violencia-brasil\/#breadcrumb\"},\"inLanguage\":\"es\",\"potentialAction\":[{\"@type\":\"ReadAction\",\"target\":[\"https:\/\/www.humanium.org\/es\/ninos-victimas-violencia-brasil\/\"]}]},{\"@type\":\"ImageObject\",\"inLanguage\":\"es\",\"@id\":\"https:\/\/www.humanium.org\/es\/ninos-victimas-violencia-brasil\/#primaryimage\",\"url\":\"https:\/\/www.humanium.org\/es\/wp-content\/uploads\/2018\/10\/Brazil-1.png\",\"contentUrl\":\"https:\/\/www.humanium.org\/es\/wp-content\/uploads\/2018\/10\/Brazil-1.png\",\"width\":851,\"height\":639},{\"@type\":\"BreadcrumbList\",\"@id\":\"https:\/\/www.humanium.org\/es\/ninos-victimas-violencia-brasil\/#breadcrumb\",\"itemListElement\":[{\"@type\":\"ListItem\",\"position\":1,\"name\":\"Home\",\"item\":\"https:\/\/www.humanium.org\/es\/\"},{\"@type\":\"ListItem\",\"position\":2,\"name\":\"Los ni\u00f1os: las principales v\u00edctimas de la violencia y el crimen en Brasil\"}]},{\"@type\":\"WebSite\",\"@id\":\"https:\/\/www.humanium.org\/es\/#website\",\"url\":\"https:\/\/www.humanium.org\/es\/\",\"name\":\"Humanium\",\"description\":\"\u00a1Los ni\u00f1os primero!\",\"potentialAction\":[{\"@type\":\"SearchAction\",\"target\":{\"@type\":\"EntryPoint\",\"urlTemplate\":\"https:\/\/www.humanium.org\/es\/?s={search_term_string}\"},\"query-input\":{\"@type\":\"PropertyValueSpecification\",\"valueRequired\":true,\"valueName\":\"search_term_string\"}}],\"inLanguage\":\"es\"},{\"@type\":\"Person\",\"@id\":\"https:\/\/www.humanium.org\/es\/#\/schema\/person\/a7bc4047fa1a59491b84b14abef018a7\",\"name\":\"Olivier\",\"image\":{\"@type\":\"ImageObject\",\"inLanguage\":\"es\",\"@id\":\"https:\/\/www.humanium.org\/es\/#\/schema\/person\/image\/\",\"url\":\"https:\/\/secure.gravatar.com\/avatar\/945a9bb4662b83cabc6e1483b64823d58adf8c47dcbb3a834cd5df54a5f60495?s=96&d=mm&r=g\",\"contentUrl\":\"https:\/\/secure.gravatar.com\/avatar\/945a9bb4662b83cabc6e1483b64823d58adf8c47dcbb3a834cd5df54a5f60495?s=96&d=mm&r=g\",\"caption\":\"Olivier\"},\"url\":\"https:\/\/www.humanium.org\/es\/author\/olivier\/\"}]}<\/script>\n<!-- \/ Yoast SEO plugin. -->","yoast_head_json":{"title":"Los ni\u00f1os: las principales v\u00edctimas de la violencia y el crimen en Brasil - Humanium","description":"El \u00a0informe \u201cEscenario de la Infancia y la Adolescencia en Brasil\u201d publicado por la ONG Fundaci\u00f3n Abrinq muestra que m\u00e1s del 40% de los ni\u00f1os vive en pobreza, de los cuales 5,8 millones viven en extrema miseria y 4 millones m\u00e1s en favelas.","robots":{"index":"index","follow":"follow","max-snippet":"max-snippet:-1","max-image-preview":"max-image-preview:large","max-video-preview":"max-video-preview:-1"},"canonical":"https:\/\/www.humanium.org\/es\/ninos-victimas-violencia-brasil\/","og_locale":"es_ES","og_type":"article","og_title":"Los ni\u00f1os: las principales v\u00edctimas de la violencia y el crimen en Brasil - Humanium","og_description":"El \u00a0informe \u201cEscenario de la Infancia y la Adolescencia en Brasil\u201d publicado por la ONG Fundaci\u00f3n Abrinq muestra que m\u00e1s del 40% de los ni\u00f1os vive en pobreza, de los cuales 5,8 millones viven en extrema miseria y 4 millones m\u00e1s en favelas.","og_url":"https:\/\/www.humanium.org\/es\/ninos-victimas-violencia-brasil\/","og_site_name":"Humanium","article_published_time":"2018-10-25T01:13:47+00:00","og_image":[{"width":851,"height":639,"url":"https:\/\/www.humanium.org\/es\/wp-content\/uploads\/2018\/10\/Brazil-1.png","type":"image\/png"}],"author":"Olivier","twitter_card":"summary_large_image","twitter_misc":{"Escrito por":"Olivier","Tiempo de lectura":"5 minutos"},"schema":{"@context":"https:\/\/schema.org","@graph":[{"@type":"WebPage","@id":"https:\/\/www.humanium.org\/es\/ninos-victimas-violencia-brasil\/","url":"https:\/\/www.humanium.org\/es\/ninos-victimas-violencia-brasil\/","name":"Los ni\u00f1os: las principales v\u00edctimas de la violencia y el crimen en Brasil - Humanium","isPartOf":{"@id":"https:\/\/www.humanium.org\/es\/#website"},"primaryImageOfPage":{"@id":"https:\/\/www.humanium.org\/es\/ninos-victimas-violencia-brasil\/#primaryimage"},"image":{"@id":"https:\/\/www.humanium.org\/es\/ninos-victimas-violencia-brasil\/#primaryimage"},"thumbnailUrl":"https:\/\/www.humanium.org\/es\/wp-content\/uploads\/2018\/10\/Brazil-1.png","datePublished":"2018-10-25T01:13:47+00:00","author":{"@id":"https:\/\/www.humanium.org\/es\/#\/schema\/person\/a7bc4047fa1a59491b84b14abef018a7"},"description":"El \u00a0informe \u201cEscenario de la Infancia y la Adolescencia en Brasil\u201d publicado por la ONG Fundaci\u00f3n Abrinq muestra que m\u00e1s del 40% de los ni\u00f1os vive en pobreza, de los cuales 5,8 millones viven en extrema miseria y 4 millones m\u00e1s en favelas.","breadcrumb":{"@id":"https:\/\/www.humanium.org\/es\/ninos-victimas-violencia-brasil\/#breadcrumb"},"inLanguage":"es","potentialAction":[{"@type":"ReadAction","target":["https:\/\/www.humanium.org\/es\/ninos-victimas-violencia-brasil\/"]}]},{"@type":"ImageObject","inLanguage":"es","@id":"https:\/\/www.humanium.org\/es\/ninos-victimas-violencia-brasil\/#primaryimage","url":"https:\/\/www.humanium.org\/es\/wp-content\/uploads\/2018\/10\/Brazil-1.png","contentUrl":"https:\/\/www.humanium.org\/es\/wp-content\/uploads\/2018\/10\/Brazil-1.png","width":851,"height":639},{"@type":"BreadcrumbList","@id":"https:\/\/www.humanium.org\/es\/ninos-victimas-violencia-brasil\/#breadcrumb","itemListElement":[{"@type":"ListItem","position":1,"name":"Home","item":"https:\/\/www.humanium.org\/es\/"},{"@type":"ListItem","position":2,"name":"Los ni\u00f1os: las principales v\u00edctimas de la violencia y el crimen en Brasil"}]},{"@type":"WebSite","@id":"https:\/\/www.humanium.org\/es\/#website","url":"https:\/\/www.humanium.org\/es\/","name":"Humanium","description":"\u00a1Los ni\u00f1os primero!","potentialAction":[{"@type":"SearchAction","target":{"@type":"EntryPoint","urlTemplate":"https:\/\/www.humanium.org\/es\/?s={search_term_string}"},"query-input":{"@type":"PropertyValueSpecification","valueRequired":true,"valueName":"search_term_string"}}],"inLanguage":"es"},{"@type":"Person","@id":"https:\/\/www.humanium.org\/es\/#\/schema\/person\/a7bc4047fa1a59491b84b14abef018a7","name":"Olivier","image":{"@type":"ImageObject","inLanguage":"es","@id":"https:\/\/www.humanium.org\/es\/#\/schema\/person\/image\/","url":"https:\/\/secure.gravatar.com\/avatar\/945a9bb4662b83cabc6e1483b64823d58adf8c47dcbb3a834cd5df54a5f60495?s=96&d=mm&r=g","contentUrl":"https:\/\/secure.gravatar.com\/avatar\/945a9bb4662b83cabc6e1483b64823d58adf8c47dcbb3a834cd5df54a5f60495?s=96&d=mm&r=g","caption":"Olivier"},"url":"https:\/\/www.humanium.org\/es\/author\/olivier\/"}]}},"_links":{"self":[{"href":"https:\/\/www.humanium.org\/es\/wp-json\/wp\/v2\/posts\/12203","targetHints":{"allow":["GET"]}}],"collection":[{"href":"https:\/\/www.humanium.org\/es\/wp-json\/wp\/v2\/posts"}],"about":[{"href":"https:\/\/www.humanium.org\/es\/wp-json\/wp\/v2\/types\/post"}],"author":[{"embeddable":true,"href":"https:\/\/www.humanium.org\/es\/wp-json\/wp\/v2\/users\/1"}],"replies":[{"embeddable":true,"href":"https:\/\/www.humanium.org\/es\/wp-json\/wp\/v2\/comments?post=12203"}],"version-history":[{"count":1,"href":"https:\/\/www.humanium.org\/es\/wp-json\/wp\/v2\/posts\/12203\/revisions"}],"predecessor-version":[{"id":12204,"href":"https:\/\/www.humanium.org\/es\/wp-json\/wp\/v2\/posts\/12203\/revisions\/12204"}],"wp:featuredmedia":[{"embeddable":true,"href":"https:\/\/www.humanium.org\/es\/wp-json\/wp\/v2\/media\/12202"}],"wp:attachment":[{"href":"https:\/\/www.humanium.org\/es\/wp-json\/wp\/v2\/media?parent=12203"}],"wp:term":[{"taxonomy":"category","embeddable":true,"href":"https:\/\/www.humanium.org\/es\/wp-json\/wp\/v2\/categories?post=12203"},{"taxonomy":"post_tag","embeddable":true,"href":"https:\/\/www.humanium.org\/es\/wp-json\/wp\/v2\/tags?post=12203"}],"curies":[{"name":"wp","href":"https:\/\/api.w.org\/{rel}","templated":true}]}}