{"id":12671,"date":"2019-05-08T00:01:12","date_gmt":"2019-05-08T00:01:12","guid":{"rendered":"https:\/\/www.humanium.org\/es\/?p=12671"},"modified":"2019-05-07T18:37:14","modified_gmt":"2019-05-07T18:37:14","slug":"cancer","status":"publish","type":"post","link":"https:\/\/www.humanium.org\/es\/cancer\/","title":{"rendered":"El c\u00e1ncer: una dif\u00edcil crisis de salud en los pa\u00edses en desarrollo"},"content":{"rendered":"<h2><b>El r\u00e1pido aumento de la mortalidad por c\u00e1ncer en los pa\u00edses en desarrollo<\/b><\/h2>\n<p><span style=\"font-weight: 400;\">El c\u00e1ncer es un problema de <\/span><span style=\"color: #00a3e0;\"><a style=\"color: #00a3e0;\" href=\"https:\/\/www.humanium.org\/es\/salud\/\" target=\"_blank\" rel=\"noopener\"><span style=\"font-weight: 400;\">salud<\/span><\/a><\/span><span style=\"font-weight: 400;\"> mundial que afecta a todas las comunidades en el mundo sin importar religi\u00f3n, raza o edad. Sin embargo, los estudios recientes han se\u00f1alado algunas diferencias importantes en la prevalencia del c\u00e1ncer en los pa\u00edses en desarrollo. Mientras que las preocupaciones m\u00e1s comunes en los <\/span><span style=\"color: #00a3e0;\"><a style=\"color: #00a3e0;\" href=\"https:\/\/www.humanium.org\/es\/pobreza\/\" target=\"_blank\" rel=\"noopener\"><span style=\"font-weight: 400;\">pa\u00edses en desarrollo<\/span><\/a><\/span><span style=\"font-weight: 400;\"> son las enfermedades infecciosas y la desnutrici\u00f3n, el c\u00e1ncer ha adquirido importancia en las \u00faltimas dos d\u00e9cadas y es responsable por una tasa m\u00e1s elevada de mortalidad (Organizaci\u00f3n Mundial de la Salud, 2002). De hecho, el c\u00e1ncer se ha convertido en la segunda causa principal de muerte en todo el mundo, superando la tasa de mortalidad del <\/span><span style=\"color: #00a3e0;\"><a style=\"color: #00a3e0;\" href=\"https:\/\/www.humanium.org\/es\/ninos-sida\/\" target=\"_blank\" rel=\"noopener\"><span style=\"font-weight: 400;\">VIH<\/span><\/a><\/span><span style=\"font-weight: 400;\">, la tuberculosis y la malaria juntos (Sociedad Americana Contra el C\u00e1ncer, 2011). A pesar de representar un problema de salud mundial, el c\u00e1ncer ha cobrado la mayor cantidad de v\u00edctimas en los pa\u00edses en desarrollo, donde los pacientes son m\u00e1s propensos a morir a causa de c\u00e1ncer en comparaci\u00f3n con los pa\u00edses desarrollados. Se estima que, en el pr\u00f3ximo a\u00f1o, los casos de c\u00e1ncer se duplicar\u00e1n en 20 millones al a\u00f1o y, en su mayor parte, surgir\u00e1n en los pa\u00edses en desarrollo (Murray y L\u00f3pez, 1996). La diferencia ya es apreciable; con m\u00e1s de la mitad de los 10 millones de nuevos casos anuales que ocurren en los pa\u00edses en desarrollo, lo que representa un total estimado de 7 millones de individuos. Una observaci\u00f3n incluso m\u00e1s alarmante muestra que un estimado del 75\u00a0% de esos 7 millones de pacientes han llegado a la fase incurable de la enfermedad (Chan, 2010). En algunos pa\u00edses, como <\/span><span style=\"color: #00a3e0;\"><a style=\"color: #00a3e0;\" href=\"https:\/\/www.humanium.org\/es\/uganda\/\" target=\"_blank\" rel=\"noopener\"><span style=\"font-weight: 400;\">Uganda<\/span><\/a><\/span><span style=\"font-weight: 400;\">, una persona que padece c\u00e1ncer ve que su esperanza de vida se reduce a menos de 5 a\u00f1os (Gondos; Brenner; Wabinga y Parkin, 2005). Por consiguiente, es claro que el c\u00e1ncer se ha propagado en todo el mundo, pero, sobre todo, la carga de morbilidad ha pasado r\u00e1pidamente a pa\u00edses de ingresos bajos y medios.<\/span><\/p>\n<p>&nbsp;<\/p>\n<h2><b>\u00bfCu\u00e1l es la causa de esto? El cambio de riesgos y desaf\u00edos<\/b><\/h2>\n<p><span style=\"font-weight: 400;\">Hay una gran cantidad de factores que entran en juego cuando se considera el aspecto epid\u00e9mico del c\u00e1ncer y se precisa que solo uno podr\u00eda ser un error al considerar la diferencia en estilos de vida \u00fanicamente en los pa\u00edses en desarrollo. Si bien algunos culpan la expansi\u00f3n de los h\u00e1bitos occidentales, como el tabaco, siendo este uno de las causas m\u00e1s comunes y evitables de c\u00e1ncer en el mundo, otros consideran que el envejecimiento acelerado de la poblaci\u00f3n mundial es un factor de riesgo. No obstante, uno de los factores de riesgo m\u00e1s recurrentes y preocupantes del c\u00e1ncer en los pa\u00edses en desarrollo es la presencia dominante de enfermedades infecciosas que incrementan en gran manera la probabilidad de no solo tener c\u00e1ncer, sino tambi\u00e9n morir a causa de \u00e9l. En los pa\u00edses en desarrollo, las infecciones son responsables de 1 de cada 4 muertes por c\u00e1ncer, con el ejemplo del virus del papiloma humano como causa principal del c\u00e1ncer de cuello de \u00fatero y que juega un papel en el c\u00e1ncer de est\u00f3mago o con la hepatitis B y C, que a menudo causan c\u00e1ncer de h\u00edgado (Pisani; Parkin, Mu\u00f1oz, Ferlay, 1997). Sin embargo, esta infecci\u00f3n relacionada con el c\u00e1ncer no llegar\u00eda a tener un impacto tan grande si se optimizaran la prevenci\u00f3n y la detecci\u00f3n. De hecho, el c\u00e1ncer de cuello de \u00fatero es detectable y curable antes del desarrollo de la enfermedad, aunque es la causa m\u00e1s com\u00fan de muertes relacionadas con c\u00e1ncer. La prevenci\u00f3n del c\u00e1ncer es relativamente inexistente en los pa\u00edses en desarrollo, la detecci\u00f3n y el cribado son poco comunes y, en consecuencia, cuando los pacientes finalmente van a un examen m\u00e9dico es a menudo demasiado tarde para llevar a cabo un tratamiento que sea efectivo. La prevenci\u00f3n, la detecci\u00f3n temprana y el acceso a terapias adecuadas contra el c\u00e1ncer son factores que llevan a una disminuci\u00f3n estable de causas relacionadas con el c\u00e1ncer en los pa\u00edses ricos. De hecho, es importante se\u00f1alar que a pesar de que representa m\u00e1s del 80\u00a0% de la poblaci\u00f3n mundial, los pa\u00edses en desarrollo solo dan cuenta de un tercio de las instalaciones de radioterapia en todo el mundo, con m\u00e1s de 30 pa\u00edses en desarrollo que no presentan ni una sola m\u00e1quina de radioterapia. En algunas \u00e1reas, las posibilidades de supervivencia al c\u00e1ncer solo alcanzan el 20\u00a0% debido al arduo y costoso acceso al sistema de salud (Chan, 2010). Estos pa\u00edses que cuentan con un ingreso bajo tienen una gran carencia de recursos econ\u00f3micos, instalaciones, personal, tecnolog\u00eda o entrenamiento para hacer frente a la incidencia del c\u00e1ncer y, por ende, sufren como resultado de su estatus socioecon\u00f3mico. Estas alarmantes estad\u00edsticas revelan una verdadera desigualdad entre las sociedades desarrolladas y en v\u00edas de desarrollo, pero tambi\u00e9n representan un llamado urgente a la acci\u00f3n. <\/span><\/p>\n<p>&nbsp;<\/p>\n<h2><b>Un llamado a la acci\u00f3n<\/b><\/h2>\n<p><span style=\"font-weight: 400;\">Una disminuci\u00f3n en la mortalidad por c\u00e1ncer en los pa\u00edses en desarrollo dista mucho de ser una meta poca realista. A pesar de la aparente y sombr\u00eda perspectiva del tratamiento para el c\u00e1ncer en los pa\u00edses con un ingreso bajo y medio, existen muchas razones para mantener la esperanza de ver alg\u00fan d\u00eda una disminuci\u00f3n en la incidencia del c\u00e1ncer. Una de esas razones es la curva que toma la tasa de mortalidad por c\u00e1ncer en los pa\u00edses desarrollados, lo que nos tranquiliza respecto al car\u00e1cter evitable de esta enfermedad. De hecho, con el estado actual del conocimiento cient\u00edfico, se pueden prevenir m\u00e1s de un tercio de los 10 millones de casos de c\u00e1ncer nuevos al a\u00f1o (Rehman; Buttar; Irfan-ul-Haq Khawaja; Rizwan-ul-Haq Khawaja, 2009). Adem\u00e1s, se han dise\u00f1ado una cantidad de m\u00e9todos con miras a afrontar el c\u00e1ncer de manera apropiada, con los recursos adecuados y el entrenamiento necesario; los pa\u00edses en desarrollo podr\u00edan abordar el otro tercio de los casos nuevos (Rehman; Buttar; Irfan-ul-Haq Khawaja; Rizwan-ul-Haq Khawaja, 2009). Finalmente, una clara introducci\u00f3n a los cuidados paliativos dentro de los pa\u00edses en desarrollo podr\u00eda representar un impacto importante sobre el c\u00e1ncer en fase avanzada gracias al incremento de la duraci\u00f3n y las oportunidades de curaci\u00f3n al tiempo que se reduce el nivel de sufrimiento de los pacientes (Rehman; Buttar; Irfan-ul-Haq Khawaja; Rizwan-ul-Haq Khawaja, 2009). La transmisi\u00f3n del conocimiento es esencial para revertir la tendencia a la mortalidad por c\u00e1ncer, pero tal transmisi\u00f3n no ser\u00e1 efectiva por s\u00ed misma. Hay una gran necesidad de una cooperaci\u00f3n econ\u00f3mica junto con un fuerte inter\u00e9s pol\u00edtico y amplios recursos humanos, de modo que se sensibilice a toda la poblaci\u00f3n sobre los factores de riesgo del c\u00e1ncer, se facilite el acceso a las instalaciones m\u00e9dicas, se construyan nuevas infraestructuras, se desarrolle un entrenamiento innovador y redes de mentores, y se adquieran medicamentos contra el c\u00e1ncer. Si no se toman acciones, el n\u00famero de v\u00edctimas aumentar\u00e1 a 9 millones de personas en estos pa\u00edses.<\/span><\/p>\n<p>&nbsp;<\/p>\n<p><span style=\"font-weight: 400;\">En Humanium, luchamos por un mundo donde se respeten, se protejan y se hagan cumplir los derechos de todos y cada uno. \u00a0Por ello, es fundamental para nosotros crear conciencia sobre esta dif\u00edcil crisis de salud, ya que defendemos, por medio de nuestro trabajo, los valores y el compromiso, que no se defina ninguna vida en virtud de su estatus socioecon\u00f3mico o por su ubicaci\u00f3n geogr\u00e1fica en el mundo. Visita nuestro sitio web <\/span><a href=\"https:\/\/www.humanium.org\/es\/\" target=\"_blank\" rel=\"noopener\"><span style=\"font-weight: 400;\">https:\/\/www.humanium.org\/es\/<\/span><\/a><span style=\"font-weight: 400;\"> para saber m\u00e1s acerca de nuestro trabajo, para ponerte en contacto con el equipo de Humanium y para acompa\u00f1arnos a mejorar la vida de miles de ni\u00f1os en todo el mundo.<\/span><\/p>\n<p>&nbsp;<\/p>\n<p><strong><i>Escrito por Maureen Fauconnier<\/i><\/strong><br \/>\n<strong><i>Traducido por Felipe Ch\u00e1vez<\/i><\/strong><\/p>\n<p>&nbsp;<\/p>\n<p>Referencias<\/p>\n<p><span style=\"font-weight: 400;\">World Health Organisation, \u201cNational cancer control programmes\u201d, 2002 [Online]<\/span> <span style=\"font-weight: 400;\">https:\/\/www.who.int\/cancer\/publications\/nccp2002\/en\/<\/span><\/p>\n<p><span style=\"font-weight: 400;\">American Cancer Society \u201dGlobal cancer facts and figures\u201d 2011 <\/span><span style=\"font-weight: 400;\">[Online]<\/span><span style=\"font-weight: 400;\">\u00a0<\/span><span style=\"font-weight: 400;\">http:\/\/www.cancer.org\/acs\/groups\/content\/@epidemiologysurveilance\/documents\/document\/acspc\u2013027766.pdf<\/span><\/p>\n<p><span style=\"font-weight: 400;\">Murray CJL, Lopez AD \u201d<\/span><span style=\"font-weight: 400;\">The global burden of disease: a comprehensive assessment of mortality and disability from diseases, injuries, and risk factors in 1990 and projected to 2020\u00a0<\/span><span style=\"font-weight: 400;\">\u201d 1996 <\/span><span style=\"font-weight: 400;\">[Online]<\/span><span style=\"font-weight: 400;\">\u00a0 <\/span><span style=\"font-weight: 400;\">https:\/\/apps.who.int\/iris\/bitstream\/handle\/10665\/41864\/0965546608_eng.pdf?sequence=1&amp;isAllowed=y<\/span><\/p>\n<p><span style=\"font-weight: 400;\">International Atomic Energy Agency, \u201cA \u00a0Silent Crisis: Cancer Treatment in Developing Countries\u201d, 2003 [Online] <\/span><span style=\"font-weight: 400;\">http:\/\/screening.iarc.fr\/doc\/treatingcancer.pdf<\/span><\/p>\n<p><span style=\"font-weight: 400;\">Chan M, \u201cCancer in developing countries: facing the challenge\u201d, 2010 [Online]<\/span><span style=\"font-weight: 400;\">https:\/\/www.who.int\/dg\/speeches\/2010\/iaea_forum_20100921\/en\/<\/span><\/p>\n<p><span style=\"font-weight: 400;\">Gondos A, Brenner H, Wabinga H, Parkin DM, \u201cCancer survival in Kampala, Uganda.\u201d 2005 [Online]<\/span> <span style=\"font-weight: 400;\">https:\/\/www.ncbi.nlm.nih.gov\/pubmed\/15827554<\/span><\/p>\n<p><span style=\"font-weight: 400;\">Pisani P, Parkin DM, Mu\u00f1oz N, Ferlay J, \u201cCancer and infection: estimates of the attributable fraction in 1990\u201d 1997 [Online] <\/span><span style=\"font-weight: 400;\">http:\/\/cebp.aacrjournals.org\/content\/6\/6\/387.short<\/span><\/p>\n<p><span style=\"font-weight: 400;\">Jones S B, \u201cCancer in the developing world: a call to action\u201d 1999 [Online] <\/span><span style=\"font-weight: 400;\">https:\/\/www.ncbi.nlm.nih.gov\/pmc\/articles\/PMC1116392\/<\/span><\/p>\n<p><span style=\"font-weight: 400;\">Rehman, Buttar, Irfan-ul-Haq Khawaja, Rizwan-ul-Haq Khawaja, \u201cAn Impending Cancer Crisis in Developing Countries: Are We Ready for the Challenge?\u201d 2009 [Online] <\/span><span style=\"font-weight: 400;\">http:\/\/journal.waocp.org\/article_24999_e9bd524ec556581ee0235e1cd88fbd84.pdf<\/span><\/p>\n","protected":false},"excerpt":{"rendered":"<p>El r\u00e1pido aumento de la mortalidad por c\u00e1ncer en los pa\u00edses en desarrollo El c\u00e1ncer es un problema de salud mundial que afecta a todas las comunidades en el mundo sin importar religi\u00f3n, raza o edad. Sin embargo, los estudios recientes han se\u00f1alado algunas diferencias importantes en la prevalencia del c\u00e1ncer en los pa\u00edses en [&hellip;]<\/p>\n","protected":false},"author":1,"featured_media":0,"comment_status":"closed","ping_status":"closed","sticky":false,"template":"","format":"standard","meta":{"footnotes":""},"categories":[8],"tags":[],"class_list":["post-12671","post","type-post","status-publish","format-standard","hentry","category-salud"],"yoast_head":"<!-- This site is optimized with the Yoast SEO plugin v26.5 - https:\/\/yoast.com\/wordpress\/plugins\/seo\/ -->\n<title>El c\u00e1ncer: una dif\u00edcil crisis de salud en los pa\u00edses en desarrollo - Humanium<\/title>\n<meta name=\"description\" content=\"El c\u00e1ncer es un problema de salud mundial que afecta a todas las comunidades en el mundo sin importar religi\u00f3n, raza o edad. Sin embargo, los estudios recientes han se\u00f1alado algunas diferencias importantes en la prevalencia del c\u00e1ncer en los pa\u00edses en desarrollo.\" \/>\n<meta name=\"robots\" content=\"index, follow, max-snippet:-1, max-image-preview:large, max-video-preview:-1\" \/>\n<link rel=\"canonical\" href=\"https:\/\/www.humanium.org\/es\/cancer\/\" \/>\n<meta property=\"og:locale\" content=\"es_ES\" \/>\n<meta property=\"og:type\" content=\"article\" \/>\n<meta property=\"og:title\" content=\"El c\u00e1ncer: una dif\u00edcil crisis de salud en los pa\u00edses en desarrollo - Humanium\" \/>\n<meta property=\"og:description\" content=\"El c\u00e1ncer es un problema de salud mundial que afecta a todas las comunidades en el mundo sin importar religi\u00f3n, raza o edad. Sin embargo, los estudios recientes han se\u00f1alado algunas diferencias importantes en la prevalencia del c\u00e1ncer en los pa\u00edses en desarrollo.\" \/>\n<meta property=\"og:url\" content=\"https:\/\/www.humanium.org\/es\/cancer\/\" \/>\n<meta property=\"og:site_name\" content=\"Humanium\" \/>\n<meta property=\"article:published_time\" content=\"2019-05-08T00:01:12+00:00\" \/>\n<meta property=\"og:image\" content=\"https:\/\/www.humanium.org\/es\/wp-content\/uploads\/2019\/05\/shutterstock_1246441468-1024x683.png\" \/>\n\t<meta property=\"og:image:width\" content=\"1024\" \/>\n\t<meta property=\"og:image:height\" content=\"683\" \/>\n\t<meta property=\"og:image:type\" content=\"image\/png\" \/>\n<meta name=\"author\" content=\"Olivier\" \/>\n<meta name=\"twitter:card\" content=\"summary_large_image\" \/>\n<meta name=\"twitter:label1\" content=\"Escrito por\" \/>\n\t<meta name=\"twitter:data1\" content=\"Olivier\" \/>\n\t<meta name=\"twitter:label2\" content=\"Tiempo de lectura\" \/>\n\t<meta name=\"twitter:data2\" content=\"8 minutos\" \/>\n<script type=\"application\/ld+json\" class=\"yoast-schema-graph\">{\"@context\":\"https:\/\/schema.org\",\"@graph\":[{\"@type\":\"WebPage\",\"@id\":\"https:\/\/www.humanium.org\/es\/cancer\/\",\"url\":\"https:\/\/www.humanium.org\/es\/cancer\/\",\"name\":\"El c\u00e1ncer: una dif\u00edcil crisis de salud en los pa\u00edses en desarrollo - Humanium\",\"isPartOf\":{\"@id\":\"https:\/\/www.humanium.org\/es\/#website\"},\"datePublished\":\"2019-05-08T00:01:12+00:00\",\"author\":{\"@id\":\"https:\/\/www.humanium.org\/es\/#\/schema\/person\/a7bc4047fa1a59491b84b14abef018a7\"},\"description\":\"El c\u00e1ncer es un problema de salud mundial que afecta a todas las comunidades en el mundo sin importar religi\u00f3n, raza o edad. Sin embargo, los estudios recientes han se\u00f1alado algunas diferencias importantes en la prevalencia del c\u00e1ncer en los pa\u00edses en desarrollo.\",\"breadcrumb\":{\"@id\":\"https:\/\/www.humanium.org\/es\/cancer\/#breadcrumb\"},\"inLanguage\":\"es\",\"potentialAction\":[{\"@type\":\"ReadAction\",\"target\":[\"https:\/\/www.humanium.org\/es\/cancer\/\"]}]},{\"@type\":\"BreadcrumbList\",\"@id\":\"https:\/\/www.humanium.org\/es\/cancer\/#breadcrumb\",\"itemListElement\":[{\"@type\":\"ListItem\",\"position\":1,\"name\":\"Home\",\"item\":\"https:\/\/www.humanium.org\/es\/\"},{\"@type\":\"ListItem\",\"position\":2,\"name\":\"El c\u00e1ncer: una dif\u00edcil crisis de salud en los pa\u00edses en desarrollo\"}]},{\"@type\":\"WebSite\",\"@id\":\"https:\/\/www.humanium.org\/es\/#website\",\"url\":\"https:\/\/www.humanium.org\/es\/\",\"name\":\"Humanium\",\"description\":\"\u00a1Los ni\u00f1os primero!\",\"potentialAction\":[{\"@type\":\"SearchAction\",\"target\":{\"@type\":\"EntryPoint\",\"urlTemplate\":\"https:\/\/www.humanium.org\/es\/?s={search_term_string}\"},\"query-input\":{\"@type\":\"PropertyValueSpecification\",\"valueRequired\":true,\"valueName\":\"search_term_string\"}}],\"inLanguage\":\"es\"},{\"@type\":\"Person\",\"@id\":\"https:\/\/www.humanium.org\/es\/#\/schema\/person\/a7bc4047fa1a59491b84b14abef018a7\",\"name\":\"Olivier\",\"image\":{\"@type\":\"ImageObject\",\"inLanguage\":\"es\",\"@id\":\"https:\/\/www.humanium.org\/es\/#\/schema\/person\/image\/\",\"url\":\"https:\/\/secure.gravatar.com\/avatar\/945a9bb4662b83cabc6e1483b64823d58adf8c47dcbb3a834cd5df54a5f60495?s=96&d=mm&r=g\",\"contentUrl\":\"https:\/\/secure.gravatar.com\/avatar\/945a9bb4662b83cabc6e1483b64823d58adf8c47dcbb3a834cd5df54a5f60495?s=96&d=mm&r=g\",\"caption\":\"Olivier\"},\"url\":\"https:\/\/www.humanium.org\/es\/author\/olivier\/\"}]}<\/script>\n<!-- \/ Yoast SEO plugin. -->","yoast_head_json":{"title":"El c\u00e1ncer: una dif\u00edcil crisis de salud en los pa\u00edses en desarrollo - Humanium","description":"El c\u00e1ncer es un problema de salud mundial que afecta a todas las comunidades en el mundo sin importar religi\u00f3n, raza o edad. Sin embargo, los estudios recientes han se\u00f1alado algunas diferencias importantes en la prevalencia del c\u00e1ncer en los pa\u00edses en desarrollo.","robots":{"index":"index","follow":"follow","max-snippet":"max-snippet:-1","max-image-preview":"max-image-preview:large","max-video-preview":"max-video-preview:-1"},"canonical":"https:\/\/www.humanium.org\/es\/cancer\/","og_locale":"es_ES","og_type":"article","og_title":"El c\u00e1ncer: una dif\u00edcil crisis de salud en los pa\u00edses en desarrollo - Humanium","og_description":"El c\u00e1ncer es un problema de salud mundial que afecta a todas las comunidades en el mundo sin importar religi\u00f3n, raza o edad. Sin embargo, los estudios recientes han se\u00f1alado algunas diferencias importantes en la prevalencia del c\u00e1ncer en los pa\u00edses en desarrollo.","og_url":"https:\/\/www.humanium.org\/es\/cancer\/","og_site_name":"Humanium","article_published_time":"2019-05-08T00:01:12+00:00","og_image":[{"width":1024,"height":683,"url":"https:\/\/www.humanium.org\/es\/wp-content\/uploads\/2019\/05\/shutterstock_1246441468-1024x683.png","type":"image\/png"}],"author":"Olivier","twitter_card":"summary_large_image","twitter_misc":{"Escrito por":"Olivier","Tiempo de lectura":"8 minutos"},"schema":{"@context":"https:\/\/schema.org","@graph":[{"@type":"WebPage","@id":"https:\/\/www.humanium.org\/es\/cancer\/","url":"https:\/\/www.humanium.org\/es\/cancer\/","name":"El c\u00e1ncer: una dif\u00edcil crisis de salud en los pa\u00edses en desarrollo - Humanium","isPartOf":{"@id":"https:\/\/www.humanium.org\/es\/#website"},"datePublished":"2019-05-08T00:01:12+00:00","author":{"@id":"https:\/\/www.humanium.org\/es\/#\/schema\/person\/a7bc4047fa1a59491b84b14abef018a7"},"description":"El c\u00e1ncer es un problema de salud mundial que afecta a todas las comunidades en el mundo sin importar religi\u00f3n, raza o edad. Sin embargo, los estudios recientes han se\u00f1alado algunas diferencias importantes en la prevalencia del c\u00e1ncer en los pa\u00edses en desarrollo.","breadcrumb":{"@id":"https:\/\/www.humanium.org\/es\/cancer\/#breadcrumb"},"inLanguage":"es","potentialAction":[{"@type":"ReadAction","target":["https:\/\/www.humanium.org\/es\/cancer\/"]}]},{"@type":"BreadcrumbList","@id":"https:\/\/www.humanium.org\/es\/cancer\/#breadcrumb","itemListElement":[{"@type":"ListItem","position":1,"name":"Home","item":"https:\/\/www.humanium.org\/es\/"},{"@type":"ListItem","position":2,"name":"El c\u00e1ncer: una dif\u00edcil crisis de salud en los pa\u00edses en desarrollo"}]},{"@type":"WebSite","@id":"https:\/\/www.humanium.org\/es\/#website","url":"https:\/\/www.humanium.org\/es\/","name":"Humanium","description":"\u00a1Los ni\u00f1os primero!","potentialAction":[{"@type":"SearchAction","target":{"@type":"EntryPoint","urlTemplate":"https:\/\/www.humanium.org\/es\/?s={search_term_string}"},"query-input":{"@type":"PropertyValueSpecification","valueRequired":true,"valueName":"search_term_string"}}],"inLanguage":"es"},{"@type":"Person","@id":"https:\/\/www.humanium.org\/es\/#\/schema\/person\/a7bc4047fa1a59491b84b14abef018a7","name":"Olivier","image":{"@type":"ImageObject","inLanguage":"es","@id":"https:\/\/www.humanium.org\/es\/#\/schema\/person\/image\/","url":"https:\/\/secure.gravatar.com\/avatar\/945a9bb4662b83cabc6e1483b64823d58adf8c47dcbb3a834cd5df54a5f60495?s=96&d=mm&r=g","contentUrl":"https:\/\/secure.gravatar.com\/avatar\/945a9bb4662b83cabc6e1483b64823d58adf8c47dcbb3a834cd5df54a5f60495?s=96&d=mm&r=g","caption":"Olivier"},"url":"https:\/\/www.humanium.org\/es\/author\/olivier\/"}]}},"_links":{"self":[{"href":"https:\/\/www.humanium.org\/es\/wp-json\/wp\/v2\/posts\/12671","targetHints":{"allow":["GET"]}}],"collection":[{"href":"https:\/\/www.humanium.org\/es\/wp-json\/wp\/v2\/posts"}],"about":[{"href":"https:\/\/www.humanium.org\/es\/wp-json\/wp\/v2\/types\/post"}],"author":[{"embeddable":true,"href":"https:\/\/www.humanium.org\/es\/wp-json\/wp\/v2\/users\/1"}],"replies":[{"embeddable":true,"href":"https:\/\/www.humanium.org\/es\/wp-json\/wp\/v2\/comments?post=12671"}],"version-history":[{"count":1,"href":"https:\/\/www.humanium.org\/es\/wp-json\/wp\/v2\/posts\/12671\/revisions"}],"predecessor-version":[{"id":12672,"href":"https:\/\/www.humanium.org\/es\/wp-json\/wp\/v2\/posts\/12671\/revisions\/12672"}],"wp:attachment":[{"href":"https:\/\/www.humanium.org\/es\/wp-json\/wp\/v2\/media?parent=12671"}],"wp:term":[{"taxonomy":"category","embeddable":true,"href":"https:\/\/www.humanium.org\/es\/wp-json\/wp\/v2\/categories?post=12671"},{"taxonomy":"post_tag","embeddable":true,"href":"https:\/\/www.humanium.org\/es\/wp-json\/wp\/v2\/tags?post=12671"}],"curies":[{"name":"wp","href":"https:\/\/api.w.org\/{rel}","templated":true}]}}