{"id":12733,"date":"2019-06-05T00:01:01","date_gmt":"2019-06-05T00:01:01","guid":{"rendered":"https:\/\/www.humanium.org\/es\/?p=12733"},"modified":"2019-06-04T22:40:13","modified_gmt":"2019-06-04T22:40:13","slug":"dia-internacional-ninos-victimas-agresion","status":"publish","type":"post","link":"https:\/\/www.humanium.org\/es\/dia-internacional-ninos-victimas-agresion\/","title":{"rendered":"D\u00eda Internacional de los Ni\u00f1os V\u00edctimas Inocentes de Agresi\u00f3n, 4 de junio"},"content":{"rendered":"<p><strong>El prop\u00f3sito del d\u00eda es reconocer el dolor que sufren los ni\u00f1os en todo el mundo que son v\u00edctimas de maltratos f\u00edsicos, mentales y emocionales. Este d\u00eda tambi\u00e9n reafirma el compromiso de las Naciones Unidas de proteger los derechos del ni\u00f1o. Su trabajo est\u00e1 guiado por la \u00a0Convenci\u00f3n sobre los Derechos del Ni\u00f1o (CDN) (Naciones Unidas, 2019).<\/strong><\/p>\n<p><strong>Ha llegado el momento de que la gente de todo el mundo sea consciente del impacto de la monstruosidad del abuso, en todas sus formas, sobre la infancia. Tambi\u00e9n ha llegado el momento de que organizaciones e individuos aprendan de o tomen parte en las campa\u00f1as de concienciaci\u00f3n centradas en la protecci\u00f3n de los derechos de la infancia (Naciones Unidas, 2012).<\/strong><\/p>\n<p>&nbsp;<\/p>\n<h2><b>Antecedentes<\/b><\/h2>\n<p><span style=\"font-weight: 400;\">El 19 de agosto de 1982, en su per\u00edodo extraordinario de sesiones de emergencia sobre la cuesti\u00f3n de Palestina, la Asamblea General, \u00abconsternada ante el gran n\u00famero de ni\u00f1os palestinos y libaneses que han sido v\u00edctimas inocentes de los actos de agresi\u00f3n de Israel\u00bb, decidi\u00f3 conmemorar, el 4 de junio de cada a\u00f1o, el D\u00eda Internacional de los ni\u00f1os v\u00edctimas inocentes de la agresi\u00f3n (resoluci\u00f3n ES-7\/8) (Naciones Unidas, 2019).<\/span><\/p>\n<p><span style=\"font-weight: 400;\">En 1997, la Asamblea General aprob\u00f3 la Resoluci\u00f3n 51\/77 sobre los Derechos del Ni\u00f1o, que marc\u00f3 un hito en los esfuerzos por mejorar la protecci\u00f3n de los ni\u00f1os en situaciones de conflicto (Naciones Unidas, 2019).<\/span><\/p>\n<p><span style=\"font-weight: 400;\">En los \u00faltimos a\u00f1os, el n\u00famero de violaciones perpetradas contra la infancia ha aumentado en muchas zonas en conflicto. Se necesita hacer m\u00e1s para proteger a los 250 millones de ni\u00f1os que viven en pa\u00edses y zonas afectadas por los conflictos, incluyendo su protecci\u00f3n contra los ataques de extremistas violentos. Tambi\u00e9n es necesario promover el derecho internacional humanitario y los derechos humanos y garantizar la rendici\u00f3n de cuentas (Naciones Unidas, 2019).<\/span><\/p>\n<p><span style=\"font-weight: 400;\">La Agenda para el Desarrollo Sostenible de 2030 nos proporciona el plan maestro universal para asegurar un mejor futuro para los ni\u00f1os. La nueva agenda mundial de desarrollo sostenible \u00a0incluy\u00f3 por primera vez una meta espec\u00edfica (16.2) centrada en <\/span><b>poner fin a todas las formas de violencia contra los ni\u00f1os<\/b><span style=\"font-weight: 400;\">.<\/span><\/p>\n<p><span style=\"font-weight: 400;\">Las seis violaciones m\u00e1s comunes son aquellas en las que los ni\u00f1os son v\u00edctimas del reclutamiento como soldados, el homicidio, la violencia sexual, el secuestro, los ataques contra escuelas y hospitales, as\u00ed como la ausencia de ayuda humanitaria (Naciones Unidas, 2019).<\/span><\/p>\n<p><span style=\"font-weight: 400;\">Los conflictos en la Rep\u00fablica Democr\u00e1tica del Congo (RDC), Yemen y Siria muestran signos similares de exposici\u00f3n de la infancia a un entorno hostil. La violencia ha afectado profundamente las vidas de estos ni\u00f1os y ni\u00f1as y, en consecuencia, est\u00e1n siendo privados de sus derechos, contemplados por la CDN. Es necesario avanzar para asegurar que la infancia no se ve expuesta a la violencia.<\/span><\/p>\n<p>&nbsp;<\/p>\n<h2><b>Objetivo 16: Promover sociedades justas, pac\u00edficas e inclusivas<\/b><\/h2>\n<p><span style=\"font-weight: 400;\">Las amenazas de homicidio internacional, la violencia contra la infancia, la trata de personas y la violencia sexual, son temas importantes que deben ser abordados para crear sociedades pac\u00edficas e inclusivas con el fin de alcanzar un desarrollo sostenible. Allanan el camino para la provisi\u00f3n de acceso a la justicia para todos y para la construcci\u00f3n de instituciones efectivas y responsables en todos los niveles (Naciones Unidas, 2019).<\/span><\/p>\n<p><span style=\"font-weight: 400;\">Para hacer frente a estos desaf\u00edos y construir sociedades m\u00e1s pac\u00edficas e inclusivas, es necesario que se establezcan reglamentaciones m\u00e1s eficientes y transparentes, y presupuestos gubernamentales integrales y realistas. Uno de los primeros pasos a la protecci\u00f3n de los derechos individuales es la<\/span><b> implementaci\u00f3n del registro mundial de nacimientos<\/b><span style=\"font-weight: 400;\"> y la creaci\u00f3n de <\/span><b>instituciones nacionales de derechos humanos m\u00e1s independientes en todo el mundo<\/b><span style=\"font-weight: 400;\"> (Naciones Unidas, 2019).<\/span><\/p>\n<p>&nbsp;<\/p>\n<h2><b>Datos y cifras<\/b><\/h2>\n<ul>\n<li><span style=\"font-weight: 400;\">Entre las instituciones m\u00e1s afectadas por la corrupci\u00f3n se encuentran el poder judicial y la polic\u00eda<\/span><\/li>\n<li><span style=\"font-weight: 400;\">La corrupci\u00f3n, el soborno, el robo y la evasi\u00f3n impositiva cuestan alrededor de US $ 1,26 billones para los pa\u00edses en desarrollo por a\u00f1o; esta cantidad de dinero podr\u00eda usarse para ayudar a aquellos que viven con menos de $ 1.25 al d\u00eda por encima de $ 1.25 durante al menos seis a\u00f1os<\/span><\/li>\n<li><span style=\"font-weight: 400;\">Se ha registrado el nacimiento del 73% de los ni\u00f1os menores de 5 a\u00f1os, pero solo el 46% del \u00c1frica subsahariana ha registrado su nacimiento<\/span><\/li>\n<li><span style=\"font-weight: 400;\">Aproximadamente 28.5 millones de ni\u00f1os en edad escolar primaria que no asisten a la escuela viven en \u00e1reas afectadas por conflictos<\/span><\/li>\n<li><span style=\"font-weight: 400;\">El estado de derecho y el desarrollo tienen una interrelaci\u00f3n significativa y se refuerzan mutuamente, por lo que es esencial para el desarrollo sostenible a nivel nacional e internacional <\/span><span style=\"font-weight: 400;\">(Naciones Unidas, 2019).<\/span><\/li>\n<\/ul>\n<p>&nbsp;<\/p>\n<h2><b>Violencia contra la infancia<\/b><\/h2>\n<ul>\n<li style=\"font-weight: 400;\"><span style=\"font-weight: 400;\">La violencia contra la infancia afecta a m\u00e1s de mil millones de ni\u00f1os en todo el mundo y cuesta a las sociedades hasta US $7 trillones cada a\u00f1o.<\/span><\/li>\n<li style=\"font-weight: 400;\"><span style=\"font-weight: 400;\">El 50% de los ni\u00f1os y ni\u00f1as del mundo sufren violencia cada a\u00f1o.<\/span><\/li>\n<li style=\"font-weight: 400;\"><span style=\"font-weight: 400;\">Cada 5 minutos, en alg\u00fan lugar del mundo, un ni\u00f1o muere violentamente.<\/span><\/li>\n<li style=\"font-weight: 400;\"><span style=\"font-weight: 400;\">1 de cada 10 ni\u00f1os padece abusos sexuales antes de cumplir los 18 a\u00f1os.<\/span><\/li>\n<li style=\"font-weight: 400;\"><span style=\"font-weight: 400;\">9 de cada 10 ni\u00f1os viven en pa\u00edses donde el castigo corporal no est\u00e1 totalmente prohibido, dejando a 732 millones de ni\u00f1os y ni\u00f1as sin protecci\u00f3n legal.<\/span><\/li>\n<li style=\"font-weight: 400;\"><span style=\"font-weight: 400;\">Cualquier ni\u00f1o o ni\u00f1a puede ser v\u00edctima de violencia online. <\/span><\/li>\n<li style=\"font-weight: 400;\"><span style=\"font-weight: 400;\">246 millones de ni\u00f1os y ni\u00f1as se ven afectados, a nivel mundial, por la violencia relacionada con la escuela.<\/span><\/li>\n<li style=\"font-weight: 400;\"><span style=\"font-weight: 400;\">1 de cada 3 estudiantes han sufrido acoso infringido por sus compa\u00f1eros de la escuela en el \u00faltimo mes, y por lo menos 1 de cada 10 ni\u00f1os y ni\u00f1as han padecido acoso por internet (Naciones Unidas, 2019).<\/span><\/li>\n<\/ul>\n<p>&nbsp;<\/p>\n<h2><b>Objetivo 16. Metas<\/b><\/h2>\n<ul>\n<li><b>16.1<\/b><span style=\"font-weight: 400;\">\u00a0<\/span><b>Reducir significativamente todas las formas de violencia<\/b><span style=\"font-weight: 400;\"> y las correspondientes tasas de mortalidad en todo el mundo<\/span><\/li>\n<li><b>16.2<\/b><span style=\"font-weight: 400;\">\u00a0<\/span><b>Poner fin al maltrato<\/b><span style=\"font-weight: 400;\">, la explotaci\u00f3n, la trata y <\/span><b>todas las formas de violencia<\/b><span style=\"font-weight: 400;\"> y tortura contra los ni\u00f1os<\/span><\/li>\n<li><b>16.3<\/b><span style=\"font-weight: 400;\">\u00a0<\/span><b>Promover el estado de derecho<\/b><span style=\"font-weight: 400;\"> en los planos nacional e internacional y <\/span><b>garantizar la igualdad de acceso<\/b> <b>a la justicia <\/b><span style=\"font-weight: 400;\">para todos<\/span><\/li>\n<li><b>16.4<\/b><span style=\"font-weight: 400;\">\u00a0De aqu\u00ed a 2030, reducir significativamente las corrientes financieras y de armas il\u00edcitas, fortalecer la recuperaci\u00f3n y devoluci\u00f3n de los activos robados y <\/span><b>luchar contra todas las formas de delincuencia organizada<\/b><\/li>\n<li><b>16.5<\/b><span style=\"font-weight: 400;\">\u00a0<\/span><b>Reducir<\/b><span style=\"font-weight: 400;\"> considerablemente <\/span><b>la corrupci\u00f3n y el soborno<\/b><span style=\"font-weight: 400;\"> en todas sus formas<\/span><\/li>\n<li><b>16.6<\/b><span style=\"font-weight: 400;\">\u00a0Crear a todos los niveles instituciones <\/span><b>eficaces y transparentes que rindan cuentas<\/b><\/li>\n<li><b>16.7<\/b><span style=\"font-weight: 400;\">\u00a0Garantizar la adopci\u00f3n en todos los niveles de decisiones <\/span><b>inclusivas, participativas y representativas que respondan a las necesidades<\/b><\/li>\n<li><b>16.8<\/b><span style=\"font-weight: 400;\">\u00a0<\/span><b>Ampliar y fortalecer la participaci\u00f3n de los pa\u00edses en desarrollo<\/b><span style=\"font-weight: 400;\"> en las instituciones de gobernanza mundial<\/span><\/li>\n<li><b>16.9<\/b><span style=\"font-weight: 400;\">\u00a0De aqu\u00ed a 2030, proporcionar acceso a una <\/span><b>identidad jur\u00eddica para todos, en particular mediante el registro de nacimientos<\/b><\/li>\n<li><b>16.10<\/b><span style=\"font-weight: 400;\">\u00a0Garantizar el <\/span><b>acceso p\u00fablico a la informaci\u00f3n<\/b><span style=\"font-weight: 400;\"> y <\/span><b>proteger<\/b> <b>las libertades fundamentales<\/b><span style=\"font-weight: 400;\">, de conformidad con las leyes nacionales y los acuerdos internacionales<\/span><\/li>\n<li><b>16.a<\/b><span style=\"font-weight: 400;\">\u00a0<\/span><b>Fortalecer las instituciones nacionales pertinentes<\/b><span style=\"font-weight: 400;\">, incluso mediante la <\/span><b>cooperaci\u00f3n internacional<\/b><span style=\"font-weight: 400;\">, para crear a todos los niveles, particularmente en los pa\u00edses en desarrollo, la capacidad de prevenir la violencia y combatir el terrorismo y la delincuencia<\/span><\/li>\n<li><b>16.b<\/b><span style=\"font-weight: 400;\">\u00a0<\/span><b>Promover y aplicar leyes y pol\u00edticas no discriminatorias<\/b><span style=\"font-weight: 400;\"> en favor del desarrollo sostenible (Naciones Unidas, 2019)<\/span><\/li>\n<\/ul>\n<p>&nbsp;<\/p>\n<h2><b>\u00bfC\u00f3mo participar?<\/b><\/h2>\n<p><span style=\"font-weight: 400;\">Conciencia a tu comunidad sobre las realidades de la violencia y la importancia de que las sociedades sean pac\u00edficas y justas e identifica c\u00f3mo puedes aplicar los ODS en tu vida diaria.<\/span><\/p>\n<p><span style=\"font-weight: 400;\">Ejerce tu derecho a exigir a los representantes pol\u00edticos elegidos que rindan cuentas. Ejerce tu derecho a la libertad de expresi\u00f3n y comparte tu opini\u00f3n con tus representantes electos.<\/span><\/p>\n<p><span style=\"font-weight: 400;\">S\u00e9 el cambio \u2013 promueve la inclusi\u00f3n y el respeto por las personas de diferentes procedencias, or\u00edgenes \u00e9tnicos, g\u00e9nero, orientaci\u00f3n sexual, o diferentes opiniones. Juntos podemos ayudar a mejorar las condiciones de vida y la dignidad de todo el mundo (Naciones Unidas, 2019).<\/span><\/p>\n<p>&nbsp;<\/p>\n<p><strong><i>Escrito por Igi Nderi<\/i><\/strong><br \/>\n<strong><i>Traducido por Esperanza Escalona<\/i><\/strong><\/p>\n<p>&nbsp;<\/p>\n<p><span style=\"font-weight: 400;\">Referencias<\/span><\/p>\n<p><span style=\"font-weight: 400;\">United Nations . (2012, June 3). <\/span><i><span style=\"font-weight: 400;\">International Day of Innocent Children Victims of Aggression (4 June)<\/span><\/i><span style=\"font-weight: 400;\">. Retrieved from United Nations Regional Information Centre for Western Europe (UNRIC): https:\/\/www.unric.org\/en\/latest-un-buzz\/27571-international-day-of-innocent-children-victims-of-aggression-4-june<\/span><\/p>\n<p><span style=\"font-weight: 400;\">United Nations . (2019, May 13). <\/span><i><span style=\"font-weight: 400;\">Background International Day of Innocent Children Victims of Aggression 4 June<\/span><\/i><span style=\"font-weight: 400;\">. Retrieved from United Nations Organisation: https:\/\/www.un.org\/en\/events\/childvictimday\/background.shtml<\/span><\/p>\n<p><span style=\"font-weight: 400;\">United Nations . (2019, May 13). <\/span><i><span style=\"font-weight: 400;\">Peace, justice and strong institutions &#8211; United Nations Sustainable Development<\/span><\/i><span style=\"font-weight: 400;\">. Retrieved from United Nations Sustainable Development: https:\/\/www.un.org\/sustainabledevelopment\/peace-justice\/<\/span><\/p>\n<p><span style=\"font-weight: 400;\">United Nations. (2019, May 13th). <\/span><i><span style=\"font-weight: 400;\">Home International Day of Innocent Children Victims of Aggression 4th June <\/span><\/i><span style=\"font-weight: 400;\">. Retrieved from United Nations Organisation: https:\/\/www.un.org\/en\/events\/childvictimday\/<\/span><\/p>\n<p><span style=\"font-weight: 400;\">United Nations. (2019, May 13). <\/span><i><span style=\"font-weight: 400;\">Why it Matters: Peace, Justice and Strong Institutions <\/span><\/i><span style=\"font-weight: 400;\">. Retrieved from United Nations Sustainable Development Goals: https:\/\/www.un.org\/sustainabledevelopment\/wp-content\/uploads\/2018\/09\/Goal-16.pdf<\/span><\/p>\n<p>&nbsp;<\/p>\n","protected":false},"excerpt":{"rendered":"<p>El prop\u00f3sito del d\u00eda es reconocer el dolor que sufren los ni\u00f1os en todo el mundo que son v\u00edctimas de maltratos f\u00edsicos, mentales y emocionales. Este d\u00eda tambi\u00e9n reafirma el compromiso de las Naciones Unidas de proteger los derechos del ni\u00f1o. Su trabajo est\u00e1 guiado por la \u00a0Convenci\u00f3n sobre los Derechos del Ni\u00f1o (CDN) (Naciones [&hellip;]<\/p>\n","protected":false},"author":1,"featured_media":0,"comment_status":"closed","ping_status":"closed","sticky":false,"template":"","format":"standard","meta":{"footnotes":""},"categories":[148,145],"tags":[],"class_list":["post-12733","post","type-post","status-publish","format-standard","hentry","category-derechos-del-nino","category-violencia"],"yoast_head":"<!-- This site is optimized with the Yoast SEO plugin v26.5 - https:\/\/yoast.com\/wordpress\/plugins\/seo\/ -->\n<title>D\u00eda Internacional de los Ni\u00f1os V\u00edctimas Inocentes de Agresi\u00f3n, 4 de junio - Humanium<\/title>\n<meta name=\"description\" content=\"El prop\u00f3sito del d\u00eda es reconocer el dolor que sufren los ni\u00f1os en todo el mundo que son v\u00edctimas de maltratos f\u00edsicos, mentales y emocionales. Este d\u00eda tambi\u00e9n reafirma el compromiso de las Naciones Unidas de proteger los derechos del ni\u00f1o. Su trabajo est\u00e1 guiado por la \u00a0Convenci\u00f3n sobre los Derechos del Ni\u00f1o.\" \/>\n<meta name=\"robots\" content=\"index, follow, max-snippet:-1, max-image-preview:large, max-video-preview:-1\" \/>\n<link rel=\"canonical\" href=\"https:\/\/www.humanium.org\/es\/dia-internacional-ninos-victimas-agresion\/\" \/>\n<meta property=\"og:locale\" content=\"es_ES\" \/>\n<meta property=\"og:type\" content=\"article\" \/>\n<meta property=\"og:title\" content=\"D\u00eda Internacional de los Ni\u00f1os V\u00edctimas Inocentes de Agresi\u00f3n, 4 de junio - Humanium\" \/>\n<meta property=\"og:description\" content=\"El prop\u00f3sito del d\u00eda es reconocer el dolor que sufren los ni\u00f1os en todo el mundo que son v\u00edctimas de maltratos f\u00edsicos, mentales y emocionales. Este d\u00eda tambi\u00e9n reafirma el compromiso de las Naciones Unidas de proteger los derechos del ni\u00f1o. Su trabajo est\u00e1 guiado por la \u00a0Convenci\u00f3n sobre los Derechos del Ni\u00f1o.\" \/>\n<meta property=\"og:url\" content=\"https:\/\/www.humanium.org\/es\/dia-internacional-ninos-victimas-agresion\/\" \/>\n<meta property=\"og:site_name\" content=\"Humanium\" \/>\n<meta property=\"article:published_time\" content=\"2019-06-05T00:01:01+00:00\" \/>\n<meta property=\"og:image\" content=\"https:\/\/www.humanium.org\/es\/wp-content\/uploads\/2019\/06\/shutterstock_692367886-1024x683.jpg\" \/>\n\t<meta property=\"og:image:width\" content=\"1024\" \/>\n\t<meta property=\"og:image:height\" content=\"683\" \/>\n\t<meta property=\"og:image:type\" content=\"image\/jpeg\" \/>\n<meta name=\"author\" content=\"Olivier\" \/>\n<meta name=\"twitter:card\" content=\"summary_large_image\" \/>\n<meta name=\"twitter:label1\" content=\"Escrito por\" \/>\n\t<meta name=\"twitter:data1\" content=\"Olivier\" \/>\n\t<meta name=\"twitter:label2\" content=\"Tiempo de lectura\" \/>\n\t<meta name=\"twitter:data2\" content=\"7 minutos\" \/>\n<script type=\"application\/ld+json\" class=\"yoast-schema-graph\">{\"@context\":\"https:\/\/schema.org\",\"@graph\":[{\"@type\":\"WebPage\",\"@id\":\"https:\/\/www.humanium.org\/es\/dia-internacional-ninos-victimas-agresion\/\",\"url\":\"https:\/\/www.humanium.org\/es\/dia-internacional-ninos-victimas-agresion\/\",\"name\":\"D\u00eda Internacional de los Ni\u00f1os V\u00edctimas Inocentes de Agresi\u00f3n, 4 de junio - Humanium\",\"isPartOf\":{\"@id\":\"https:\/\/www.humanium.org\/es\/#website\"},\"datePublished\":\"2019-06-05T00:01:01+00:00\",\"author\":{\"@id\":\"https:\/\/www.humanium.org\/es\/#\/schema\/person\/a7bc4047fa1a59491b84b14abef018a7\"},\"description\":\"El prop\u00f3sito del d\u00eda es reconocer el dolor que sufren los ni\u00f1os en todo el mundo que son v\u00edctimas de maltratos f\u00edsicos, mentales y emocionales. Este d\u00eda tambi\u00e9n reafirma el compromiso de las Naciones Unidas de proteger los derechos del ni\u00f1o. Su trabajo est\u00e1 guiado por la \u00a0Convenci\u00f3n sobre los Derechos del Ni\u00f1o.\",\"breadcrumb\":{\"@id\":\"https:\/\/www.humanium.org\/es\/dia-internacional-ninos-victimas-agresion\/#breadcrumb\"},\"inLanguage\":\"es\",\"potentialAction\":[{\"@type\":\"ReadAction\",\"target\":[\"https:\/\/www.humanium.org\/es\/dia-internacional-ninos-victimas-agresion\/\"]}]},{\"@type\":\"BreadcrumbList\",\"@id\":\"https:\/\/www.humanium.org\/es\/dia-internacional-ninos-victimas-agresion\/#breadcrumb\",\"itemListElement\":[{\"@type\":\"ListItem\",\"position\":1,\"name\":\"Home\",\"item\":\"https:\/\/www.humanium.org\/es\/\"},{\"@type\":\"ListItem\",\"position\":2,\"name\":\"D\u00eda Internacional de los Ni\u00f1os V\u00edctimas Inocentes de Agresi\u00f3n, 4 de junio\"}]},{\"@type\":\"WebSite\",\"@id\":\"https:\/\/www.humanium.org\/es\/#website\",\"url\":\"https:\/\/www.humanium.org\/es\/\",\"name\":\"Humanium\",\"description\":\"\u00a1Los ni\u00f1os primero!\",\"potentialAction\":[{\"@type\":\"SearchAction\",\"target\":{\"@type\":\"EntryPoint\",\"urlTemplate\":\"https:\/\/www.humanium.org\/es\/?s={search_term_string}\"},\"query-input\":{\"@type\":\"PropertyValueSpecification\",\"valueRequired\":true,\"valueName\":\"search_term_string\"}}],\"inLanguage\":\"es\"},{\"@type\":\"Person\",\"@id\":\"https:\/\/www.humanium.org\/es\/#\/schema\/person\/a7bc4047fa1a59491b84b14abef018a7\",\"name\":\"Olivier\",\"image\":{\"@type\":\"ImageObject\",\"inLanguage\":\"es\",\"@id\":\"https:\/\/www.humanium.org\/es\/#\/schema\/person\/image\/\",\"url\":\"https:\/\/secure.gravatar.com\/avatar\/945a9bb4662b83cabc6e1483b64823d58adf8c47dcbb3a834cd5df54a5f60495?s=96&d=mm&r=g\",\"contentUrl\":\"https:\/\/secure.gravatar.com\/avatar\/945a9bb4662b83cabc6e1483b64823d58adf8c47dcbb3a834cd5df54a5f60495?s=96&d=mm&r=g\",\"caption\":\"Olivier\"},\"url\":\"https:\/\/www.humanium.org\/es\/author\/olivier\/\"}]}<\/script>\n<!-- \/ Yoast SEO plugin. -->","yoast_head_json":{"title":"D\u00eda Internacional de los Ni\u00f1os V\u00edctimas Inocentes de Agresi\u00f3n, 4 de junio - Humanium","description":"El prop\u00f3sito del d\u00eda es reconocer el dolor que sufren los ni\u00f1os en todo el mundo que son v\u00edctimas de maltratos f\u00edsicos, mentales y emocionales. Este d\u00eda tambi\u00e9n reafirma el compromiso de las Naciones Unidas de proteger los derechos del ni\u00f1o. Su trabajo est\u00e1 guiado por la \u00a0Convenci\u00f3n sobre los Derechos del Ni\u00f1o.","robots":{"index":"index","follow":"follow","max-snippet":"max-snippet:-1","max-image-preview":"max-image-preview:large","max-video-preview":"max-video-preview:-1"},"canonical":"https:\/\/www.humanium.org\/es\/dia-internacional-ninos-victimas-agresion\/","og_locale":"es_ES","og_type":"article","og_title":"D\u00eda Internacional de los Ni\u00f1os V\u00edctimas Inocentes de Agresi\u00f3n, 4 de junio - Humanium","og_description":"El prop\u00f3sito del d\u00eda es reconocer el dolor que sufren los ni\u00f1os en todo el mundo que son v\u00edctimas de maltratos f\u00edsicos, mentales y emocionales. Este d\u00eda tambi\u00e9n reafirma el compromiso de las Naciones Unidas de proteger los derechos del ni\u00f1o. Su trabajo est\u00e1 guiado por la \u00a0Convenci\u00f3n sobre los Derechos del Ni\u00f1o.","og_url":"https:\/\/www.humanium.org\/es\/dia-internacional-ninos-victimas-agresion\/","og_site_name":"Humanium","article_published_time":"2019-06-05T00:01:01+00:00","og_image":[{"width":1024,"height":683,"url":"https:\/\/www.humanium.org\/es\/wp-content\/uploads\/2019\/06\/shutterstock_692367886-1024x683.jpg","type":"image\/jpeg"}],"author":"Olivier","twitter_card":"summary_large_image","twitter_misc":{"Escrito por":"Olivier","Tiempo de lectura":"7 minutos"},"schema":{"@context":"https:\/\/schema.org","@graph":[{"@type":"WebPage","@id":"https:\/\/www.humanium.org\/es\/dia-internacional-ninos-victimas-agresion\/","url":"https:\/\/www.humanium.org\/es\/dia-internacional-ninos-victimas-agresion\/","name":"D\u00eda Internacional de los Ni\u00f1os V\u00edctimas Inocentes de Agresi\u00f3n, 4 de junio - Humanium","isPartOf":{"@id":"https:\/\/www.humanium.org\/es\/#website"},"datePublished":"2019-06-05T00:01:01+00:00","author":{"@id":"https:\/\/www.humanium.org\/es\/#\/schema\/person\/a7bc4047fa1a59491b84b14abef018a7"},"description":"El prop\u00f3sito del d\u00eda es reconocer el dolor que sufren los ni\u00f1os en todo el mundo que son v\u00edctimas de maltratos f\u00edsicos, mentales y emocionales. Este d\u00eda tambi\u00e9n reafirma el compromiso de las Naciones Unidas de proteger los derechos del ni\u00f1o. Su trabajo est\u00e1 guiado por la \u00a0Convenci\u00f3n sobre los Derechos del Ni\u00f1o.","breadcrumb":{"@id":"https:\/\/www.humanium.org\/es\/dia-internacional-ninos-victimas-agresion\/#breadcrumb"},"inLanguage":"es","potentialAction":[{"@type":"ReadAction","target":["https:\/\/www.humanium.org\/es\/dia-internacional-ninos-victimas-agresion\/"]}]},{"@type":"BreadcrumbList","@id":"https:\/\/www.humanium.org\/es\/dia-internacional-ninos-victimas-agresion\/#breadcrumb","itemListElement":[{"@type":"ListItem","position":1,"name":"Home","item":"https:\/\/www.humanium.org\/es\/"},{"@type":"ListItem","position":2,"name":"D\u00eda Internacional de los Ni\u00f1os V\u00edctimas Inocentes de Agresi\u00f3n, 4 de junio"}]},{"@type":"WebSite","@id":"https:\/\/www.humanium.org\/es\/#website","url":"https:\/\/www.humanium.org\/es\/","name":"Humanium","description":"\u00a1Los ni\u00f1os primero!","potentialAction":[{"@type":"SearchAction","target":{"@type":"EntryPoint","urlTemplate":"https:\/\/www.humanium.org\/es\/?s={search_term_string}"},"query-input":{"@type":"PropertyValueSpecification","valueRequired":true,"valueName":"search_term_string"}}],"inLanguage":"es"},{"@type":"Person","@id":"https:\/\/www.humanium.org\/es\/#\/schema\/person\/a7bc4047fa1a59491b84b14abef018a7","name":"Olivier","image":{"@type":"ImageObject","inLanguage":"es","@id":"https:\/\/www.humanium.org\/es\/#\/schema\/person\/image\/","url":"https:\/\/secure.gravatar.com\/avatar\/945a9bb4662b83cabc6e1483b64823d58adf8c47dcbb3a834cd5df54a5f60495?s=96&d=mm&r=g","contentUrl":"https:\/\/secure.gravatar.com\/avatar\/945a9bb4662b83cabc6e1483b64823d58adf8c47dcbb3a834cd5df54a5f60495?s=96&d=mm&r=g","caption":"Olivier"},"url":"https:\/\/www.humanium.org\/es\/author\/olivier\/"}]}},"_links":{"self":[{"href":"https:\/\/www.humanium.org\/es\/wp-json\/wp\/v2\/posts\/12733","targetHints":{"allow":["GET"]}}],"collection":[{"href":"https:\/\/www.humanium.org\/es\/wp-json\/wp\/v2\/posts"}],"about":[{"href":"https:\/\/www.humanium.org\/es\/wp-json\/wp\/v2\/types\/post"}],"author":[{"embeddable":true,"href":"https:\/\/www.humanium.org\/es\/wp-json\/wp\/v2\/users\/1"}],"replies":[{"embeddable":true,"href":"https:\/\/www.humanium.org\/es\/wp-json\/wp\/v2\/comments?post=12733"}],"version-history":[{"count":1,"href":"https:\/\/www.humanium.org\/es\/wp-json\/wp\/v2\/posts\/12733\/revisions"}],"predecessor-version":[{"id":12734,"href":"https:\/\/www.humanium.org\/es\/wp-json\/wp\/v2\/posts\/12733\/revisions\/12734"}],"wp:attachment":[{"href":"https:\/\/www.humanium.org\/es\/wp-json\/wp\/v2\/media?parent=12733"}],"wp:term":[{"taxonomy":"category","embeddable":true,"href":"https:\/\/www.humanium.org\/es\/wp-json\/wp\/v2\/categories?post=12733"},{"taxonomy":"post_tag","embeddable":true,"href":"https:\/\/www.humanium.org\/es\/wp-json\/wp\/v2\/tags?post=12733"}],"curies":[{"name":"wp","href":"https:\/\/api.w.org\/{rel}","templated":true}]}}