{"id":12904,"date":"2019-08-22T18:47:37","date_gmt":"2019-08-22T18:47:37","guid":{"rendered":"https:\/\/www.humanium.org\/es\/?p=12904"},"modified":"2019-10-12T17:54:09","modified_gmt":"2019-10-12T17:54:09","slug":"justicia-para-murtaja-qureiris","status":"publish","type":"post","link":"https:\/\/www.humanium.org\/es\/justicia-para-murtaja-qureiris\/","title":{"rendered":"Justicia para Murtaja Qureiris"},"content":{"rendered":"\n<p>Murtaja Qureiris, ahora con 18 a\u00f1os, enfrenta la pena de muerte por participar en una serie de protestas pac\u00edficas cuando ten\u00eda 10 a\u00f1os de edad. Fue arrestado en septiembre de 2014 cuando ten\u00eda 13 a\u00f1os por su participaci\u00f3n en las protestas en bicicleta junto con un grupo de j\u00f3venes en la provincia oriental de Qatif, <a href=\"https:\/\/www.humanium.org\/es\/arabia-saudita\/\">Arabia Saudita<\/a>. Este art\u00edculo revelar\u00e1 los hechos relativos al arresto de Murtaja Qureiris y las condiciones a las que se le ha sometido, las leyes nacionales e internacionales vigentes en cuesti\u00f3n y el claro conflicto de leyes en Arabia Saudita, la forma como Arabia Saudita puede rectificar su roto sistema legal, y hacer un llamado a la acci\u00f3n con el fin de detener el asesinato arbitrario de Murtaja Qureiris.<\/p>\n\n\n\n<p>\u00abEs terrible el hecho de que Murtaja Qureiris se enfrente a una ejecuci\u00f3n por delitos que incluyen la participaci\u00f3n en protestas cuando solo ten\u00eda 10 a\u00f1os\u00bb, dijo Lynn Maalouf, directora de investigaci\u00f3n sobre Medio Oriente en Amnist\u00eda Internacional (Amnist\u00eda Internacional, 2019).<\/p>\n\n\n\n<h2 class=\"wp-block-heading\">Hechos<\/h2>\n\n\n\n<p>CNN public\u00f3 videos del Sr. Qureiris liderando una multitud de otros ni\u00f1os en una protesta en bicicleta en 2011. Ten\u00eda entonces 10 a\u00f1os de edad. Fue el cenit de las revueltas de la Primavera \u00c1rabe, que arrasaron con <a href=\"https:\/\/www.humanium.org\/es\/oriente-medio-africa-norte\/\">Oriente Medio y el norte de \u00c1frica<\/a>, y el momento en el que las protestas hab\u00edan sumido en gran parte la provincia oriental chiita de Arabia Saudita. Estas a menudo terminaban en derramamiento de sangre o en arrestos masivos. (Specia, 2019)<\/p>\n\n\n\n<p>El grupo hac\u00eda un llamado para reclamar m\u00e1s\nderechos para la minor\u00eda chiita de Arabia Saudita. Se trat\u00f3 de una de las\nmuchas expresiones de disidencia pol\u00edtica por parte de los musulmanes chiitas\nen toda Arabia Saudita durante la Primavera \u00c1rabe. (Loomes, 2019)<\/p>\n\n\n\n<p>Seg\u00fan la Organizaci\u00f3n Europea Saudita para los\nDerechos Humanos (ESOHR, por sus siglas en ingl\u00e9s), los trabajadores de King\nFahd Causeway lo hab\u00edan arrestado el 20 de septiembre de 2014 cuando iba con\nsus familiares a despedir a su padre, que sal\u00eda de viaje. No hubo citaciones\nprevias, y un empleado de King Fahd simplemente mencion\u00f3 que era buscado por la\nMabahith, sin explicar las justificaciones legales o mostrar una orden de\narresto. (Organizaci\u00f3n Europea Saudita para los Derechos Humanos, 2019)<\/p>\n\n\n\n<figure class=\"wp-block-image\"><img loading=\"lazy\" decoding=\"async\" width=\"1000\" height=\"667\" src=\"https:\/\/www.humanium.org\/es\/wp-content\/uploads\/2019\/08\/shutterstock_1259252725.jpg\" alt=\"\" class=\"wp-image-12909\" srcset=\"https:\/\/www.humanium.org\/es\/wp-content\/uploads\/2019\/08\/shutterstock_1259252725.jpg 1000w, https:\/\/www.humanium.org\/es\/wp-content\/uploads\/2019\/08\/shutterstock_1259252725-300x200.jpg 300w, https:\/\/www.humanium.org\/es\/wp-content\/uploads\/2019\/08\/shutterstock_1259252725-768x512.jpg 768w, https:\/\/www.humanium.org\/es\/wp-content\/uploads\/2019\/08\/shutterstock_1259252725-830x554.jpg 830w, https:\/\/www.humanium.org\/es\/wp-content\/uploads\/2019\/08\/shutterstock_1259252725-230x153.jpg 230w, https:\/\/www.humanium.org\/es\/wp-content\/uploads\/2019\/08\/shutterstock_1259252725-350x233.jpg 350w, https:\/\/www.humanium.org\/es\/wp-content\/uploads\/2019\/08\/shutterstock_1259252725-480x320.jpg 480w, https:\/\/www.humanium.org\/es\/wp-content\/uploads\/2019\/08\/shutterstock_1259252725-272x182.jpg 272w\" sizes=\"auto, (max-width: 1000px) 100vw, 1000px\" \/><\/figure>\n\n\n\n<p>A lo largo del periodo de investigaci\u00f3n, los\ninterrogadores sometieron a Murtaja a coerci\u00f3n y a enga\u00f1os. Permaneci\u00f3 un mes\nen aislamiento, durante el cual fue torturado y golpeado y tambi\u00e9n se le\nprometi\u00f3 en repetidas ocasiones que ser\u00eda liberado si cooperaba con la\ninvestigaci\u00f3n y admit\u00eda los cargos en su contra. Los centros de observaci\u00f3n no\nse consideran un lugar seguro para los ni\u00f1os, ya que all\u00ed se practica la\ntortura y el trato cruel y degradante, as\u00ed como tambi\u00e9n se ha denunciado que\nlos empleados perpetran cr\u00edmenes sexuales contra los ni\u00f1os. (Organizaci\u00f3n\nEuropea Saudita para los Derechos Humanos, 2019)<\/p>\n\n\n\n<p>En mayo de 2017, luego de que Arabia Saudita\nprometiera su liberaci\u00f3n, Murtaja fue transferido a la famosa prisi\u00f3n para\nadultos Mabahith, a pesar de solo tener 16 a\u00f1os en ese momento. Las prisiones\nde Mabahith son conocidas en Arabia Saudita por recurrir constantemente a la\ntortura y al trato inhumano. (Organizaci\u00f3n Europea Saudita para los Derechos\nHumanos, 2019)<\/p>\n\n\n\n<p>Murtaja ha sido privado de la mayor\u00eda de sus\nderechos fundamentales. En particular, se le neg\u00f3 por completo el acceso a cualquier\napoyo legal o consejer\u00eda durante casi cuatro a\u00f1os luego de su arresto y no se\nle permiti\u00f3 hacerlo hasta despu\u00e9s de que su juicio iniciara. Durante su primera\naudiencia en agosto de 2018, el fiscal general lo acus\u00f3 de m\u00faltiples cargos.\nAlgunos de estos ten\u00edan que ver con su participaci\u00f3n en las demostraciones y\nformas de protesta, como gritar exigencias de derechos o expresar opiniones\npol\u00edticas, y otros que conciernen a cargos m\u00e1s amplios como provocar conflictos\nsectarios, terrorismo y motines. (Organizaci\u00f3n Europea Saudita para los\nDerechos Humanos, 2019)<\/p>\n\n\n\n<h2 class=\"wp-block-heading\">Ley nacional e internacional<\/h2>\n\n\n\n<ul class=\"wp-block-list\"><li>La ley de responsabilidad penal en Arabia Saudita no es clara, pero, en 2016, el Gobierno anunci\u00f3 al <a href=\"https:\/\/www.humanium.org\/es\/que-como\/\">Comit\u00e9 de los Derechos del Ni\u00f1o<\/a> que se hab\u00eda aumentado a los 12 a\u00f1os de edad. (Muhammad Darwish, 2019)<\/li><li>Arabia Saudita anteriormente hab\u00eda comunicado a las Naciones Unidas que no impone la pena de muerte a prisioneros condenados por cr\u00edmenes antes de la edad de responsabilidad penal. (Muhammad Darwish, 2019)<\/li><li>De acuerdo con Human Rights Watch, el sistema de justicia penal de Arabia Saudita carece de un derecho penal codificado y concede a los fiscales y jueces amplia discreci\u00f3n al acusar y sentenciar individuos por cr\u00edmenes mal definidos. Esto promueve los resultados arbitrarios y contraviene las normas internacionales y el debido proceso, y cuyo impacto se agrava, pues Arabia Saudita ejerce la pena de muerte u otras formas de castigo f\u00edsico. (Human Rights Watch, 2008)<\/li><li>Los ni\u00f1os menores de 12 a\u00f1os tambi\u00e9n pueden ser sometidos a arresto y a acusaciones, ya que las nuevas normas anunciadas en 2006 y que aumentan la edad de responsabilidad penal de siete a doce a\u00f1os para los chicos no parecen estar bien difundida o aplicada. Las reglamentaciones que rigen a las chicas en conflicto con la ley no establecen una edad m\u00ednima de responsabilidad penal. (Human Rights Watch, 2008)<\/li><li>Para los ni\u00f1os que tienen conflictos con la ley, Arabia Saudita cuenta con los tribunales juveniles y los centros de detenci\u00f3n, pero no con una legislaci\u00f3n amplia o un marco para definir la manera como se deben tratar estos ni\u00f1os. Esto significa que sufren bajo un sistema que, en \u00faltima instancia, falla al defender los derechos de todos los ni\u00f1os para protegerlos del abuso, a los malos tratos y al debido proceso. (Human Rights Watch, 2008)<\/li><li>El derecho internacional proh\u00edbe terminantemente el empleo de la pena de muerte por delitos cometidos por personas menores de 18 a\u00f1os de edad. (Amnist\u00eda Internacional, 2019)<\/li><\/ul>\n\n\n\n<p>Adem\u00e1s de las d\u00e9biles leyes nacionales, Arabia Saudita viola <a href=\"https:\/\/www.humanium.org\/es\/convencion-adaptada\/\">la Convenci\u00f3n sobre los Derechos del Ni\u00f1o<\/a> (UNCRC 1989), los art\u00edculos principales que se quebrantan son: <\/p>\n\n\n\n<ul class=\"wp-block-list\"><li>Art\u00edculo 1 un ni\u00f1o es cualquier ser humano menor de 18 a\u00f1os de edad; <\/li><li>art\u00edculo 6 derecho a la vida; <\/li><li>art\u00edculo 13 derecho a la libertad de expresi\u00f3n; <\/li><li>art\u00edculo 15 derecho a la libertad de asociaci\u00f3n y a la libertad de reuni\u00f3n pac\u00edfica: <\/li><li>art\u00edculo 19 proteger al ni\u00f1o de toda forma de <a href=\"https:\/\/www.humanium.org\/es\/violencia\/\">violencia<\/a>;<\/li><li>art\u00edculo 21 mejores intereses del ni\u00f1o;<\/li><li>art\u00edculo 27 derecho a un nivel de vida adecuado para el desarrollo mental, f\u00edsico, moral, espiritual y social del ni\u00f1o; y<\/li><li>art\u00edculo 40 derecho a que todo ni\u00f1o declarado culpable sea tratado de manera consistente con la promoci\u00f3n del sentido de dignidad y valor del ni\u00f1o (Asamblea General de las Naciones Unidas, 1989).<\/li><\/ul>\n\n\n\n<figure class=\"wp-block-image\"><img loading=\"lazy\" decoding=\"async\" width=\"1000\" height=\"647\" src=\"https:\/\/www.humanium.org\/es\/wp-content\/uploads\/2019\/08\/shutterstock_792334951.jpg\" alt=\"\" class=\"wp-image-12910\" srcset=\"https:\/\/www.humanium.org\/es\/wp-content\/uploads\/2019\/08\/shutterstock_792334951.jpg 1000w, https:\/\/www.humanium.org\/es\/wp-content\/uploads\/2019\/08\/shutterstock_792334951-300x194.jpg 300w, https:\/\/www.humanium.org\/es\/wp-content\/uploads\/2019\/08\/shutterstock_792334951-768x497.jpg 768w, https:\/\/www.humanium.org\/es\/wp-content\/uploads\/2019\/08\/shutterstock_792334951-830x537.jpg 830w, https:\/\/www.humanium.org\/es\/wp-content\/uploads\/2019\/08\/shutterstock_792334951-230x149.jpg 230w, https:\/\/www.humanium.org\/es\/wp-content\/uploads\/2019\/08\/shutterstock_792334951-350x226.jpg 350w, https:\/\/www.humanium.org\/es\/wp-content\/uploads\/2019\/08\/shutterstock_792334951-480x311.jpg 480w\" sizes=\"auto, (max-width: 1000px) 100vw, 1000px\" \/><\/figure>\n\n\n\n<p>Asimismo, Arabia Saudita es signataria de la\nConvenci\u00f3n contra la tortura y otros tratos o penas crueles, inhumanas o\ndegradantes (UNCAT, 1984), y ha incumplido varias obligaciones bajo el tratado\nmencionado, a saber: <\/p>\n\n\n\n<ul class=\"wp-block-list\"><li>El art\u00edculo 2 (1) proh\u00edbe la tortura y\nexige que las partes tomen las medidas pertinentes para prevenirla en cualquier\nterritorio bajo su jurisdicci\u00f3n. \u00abEsta prohibici\u00f3n es absoluta e irrevocable.\nNo existe circunstancia excepcional alguna\u00bb.<\/li><li>El art\u00edculo 16 (1) exige a las partes\nprevenir \u00abotros actos de trato cruel, inhumano o degradante o castigo que no\nconstituya tortura, como se defini\u00f3 en el art\u00edculo 1\u00bb en cualquier territorio\nbajo su jurisdicci\u00f3n (Asamblea General de las Naciones Unidas, 1984).<\/li><\/ul>\n\n\n\n<h2 class=\"wp-block-heading\"><strong>El camino por delante<\/strong><\/h2>\n\n\n\n<p>Los representantes del pa\u00eds tambi\u00e9n afirmaron que\nArabia Saudita deber\u00eda adherirse a los principales tratados de derechos\nhumanos, incluyendo el Pacto Internacional de Derechos Civiles y Pol\u00edticos\n(ICCPR, 1966) y al Pacto Internacional de Derechos Econ\u00f3micos, Sociales y\nCulturales (ICESCR, 1966), que, junto con la Declaraci\u00f3n Universal de los\nDerechos Humanos conforman la Carta Internacional de Derechos Humanos. Arabia\nSaudita es uno de los pocos pa\u00edses en el mundo que no ha firmado o ratificado\nestos tratados, aunque los representantes saud\u00edes han afirmado desde 2009 que\nesa ratificaci\u00f3n se est\u00e1 estudiando. (Human Rights Watch, 2018)<\/p>\n\n\n\n<p>&nbsp;\u201cEl mundo\ndeber\u00eda provechar esta oportunidad para pedir justicia por los abusos a los\nderechos y las pr\u00e1cticas perjudiciales por parte de Arabia Saudita, muchas de\nlas cuales han estado presentes durante d\u00e9cadas\u00bb, dijo Michael Page, subdirector\nde Oriente Pr\u00f3ximo de Human Rights Watch. (Human Rights Watch, 2018)<\/p>\n\n\n\n<figure class=\"wp-block-image\"><img loading=\"lazy\" decoding=\"async\" width=\"1024\" height=\"640\" src=\"https:\/\/www.humanium.org\/es\/wp-content\/uploads\/2019\/08\/shutterstock_1120416656-1024x640.jpg\" alt=\"\" class=\"wp-image-12911\" srcset=\"https:\/\/www.humanium.org\/es\/wp-content\/uploads\/2019\/08\/shutterstock_1120416656-1024x640.jpg 1024w, https:\/\/www.humanium.org\/es\/wp-content\/uploads\/2019\/08\/shutterstock_1120416656-300x188.jpg 300w, https:\/\/www.humanium.org\/es\/wp-content\/uploads\/2019\/08\/shutterstock_1120416656-768x480.jpg 768w, https:\/\/www.humanium.org\/es\/wp-content\/uploads\/2019\/08\/shutterstock_1120416656-830x519.jpg 830w, https:\/\/www.humanium.org\/es\/wp-content\/uploads\/2019\/08\/shutterstock_1120416656-230x144.jpg 230w, https:\/\/www.humanium.org\/es\/wp-content\/uploads\/2019\/08\/shutterstock_1120416656-350x219.jpg 350w, https:\/\/www.humanium.org\/es\/wp-content\/uploads\/2019\/08\/shutterstock_1120416656-480x300.jpg 480w\" sizes=\"auto, (max-width: 1024px) 100vw, 1024px\" \/><\/figure>\n\n\n\n<h2 class=\"wp-block-heading\"><strong>Un llamado a actuar<\/strong><\/h2>\n\n\n\n<p>Durante mucho tiempo, el Gobierno de Arabia Saudita\nha violado continuamente los derechos humanos a pesar de ser signataria de unos\npocos tratados internacionales que claramente el Gobierno no ha respetado.\nAdem\u00e1s, el Gobierno debe responsabilizarse de sus actos atroces. Esto se puede\nlograr por medio de la condena universal por parte de la comunidad\ninternacional y fuertes sanciones de las principales organizaciones, como la\nONU. Dicho esto, se requiere que la misma acci\u00f3n asegure que la vida de Murtaja\nQureiris no se pierda. En Humanium, mostramos nuestra solidaridad con Murtaja\nporque realmente creemos que se le debe garantizar seguridad a todos los ni\u00f1os\ny j\u00f3venes contra la violencia y la negligencia, y que se deben satisfacer sus\nnecesidades, incluyendo las del agua, alimentaci\u00f3n, seguridad e higiene. El\nbienestar y los mejores intereses de un menor deben ser factores determinantes\ne importantes en las investigaciones.<\/p>\n\n\n\n<p><em><strong>Escrito por Igi Nderi\u00a0<br>Traducido por Felipe Chavez <\/strong><\/em><\/p>\n\n\n\n<h2 class=\"wp-block-heading\">Art\u00edculos citados<\/h2>\n\n\n\n<p>Amnesty International. (2019,\nJune 7). <em>Saudi Arabia: Authorities must\nnot resort to use of death penalty against protester arrested aged 13<\/em>.\nRetrieved from Amnesty International:\nhttps:\/\/www.amnesty.org\/en\/latest\/news\/2019\/06\/saudi-arabia-authorities-must-not-resort-to-use-of-death-penalty-against-protester-arrested-aged-13\/<\/p>\n\n\n\n<p>European Saudi Organisation\nfor Human Rights. (2019, June 7). <em>Saudi\nArabia wants to crucify minor Murtaja Qureiris for charges dating back to when\nhe was 11<\/em>. Retrieved from European Saudi Organisation for Human Rights\nReports: https:\/\/www.esohr.org\/en\/?p=2347<\/p>\n\n\n\n<p>Human Rights Watch . (2008,\nMarch 24). <em>Adults Before Their\nTime-Children in Saudi Arabia&#8217;s Criminal Justice System<\/em>. Retrieved from\nHuman Rights Watch:\nhttps:\/\/www.hrw.org\/report\/2008\/03\/24\/adults-their-time\/children-saudi-arabias-criminal-justice-system<\/p>\n\n\n\n<p>Human Rights Watch. (2018,\nNovember 15). <em>Saudi Arabia: Rights Abuses\nUnder Scrutiny<\/em>. Retrieved from Human Rights Watch:\nhttps:\/\/www.hrw.org\/news\/2018\/11\/15\/saudi-arabia-rights-abuses-under-scrutiny<\/p>\n\n\n\n<p>Loomes, P. (2019, June 10). <em>Saudi teen faces beheading and crucifixion\nfor protesting as a child<\/em>. Retrieved from News.com.au\/ Middle East:\nhttps:\/\/www.news.com.au\/world\/middle-east\/saudi-teen-faces-beheading-and-crucifixion-for-protesting-as-a-child\/news-story\/22eee06fb2be1938e39ddbab9cbea8b0<\/p>\n\n\n\n<p>Muhammad Darwish, T. Q. (2019,\nJune 7). <em>He was arrested at 13. Now Saudi\nArabia wants to execute him<\/em>. Retrieved from CNN, Exclusive Report:\nhttps:\/\/edition.cnn.com\/interactive\/2019\/06\/middleeast\/saudi-teen-death-penalty-intl\/<\/p>\n\n\n\n<p>Specia, M. (2019, June 11). <em>Eighteen-year-old Murtaja Qureiris is facing\nthe death penalty, after being held for more than four years.<\/em> Retrieved\nfrom SBS News:\nhttps:\/\/www.sbs.com.au\/news\/murtaja-qureiris-saudi-teen-facing-death-penalty-for-protesting-when-he-was-10<\/p>\n\n\n\n<p>Specia, M. (2019, June 9). <em>Saudi Teenager Faces Death Sentence for Acts\nWhen He Was 10<\/em>. Retrieved from The New York Times:\nhttps:\/\/www.nytimes.com\/2019\/06\/09\/world\/middleeast\/saudi-teenager-death-sentence.html<\/p>\n\n\n\n<p>UN General Assembly . (1989,\nNovember 20). <em>Convention on the Rights of\nthe Child<\/em>. Retrieved from United Nations Treaty Series:\nhttps:\/\/www.unicef.org\/sites\/default\/files\/2019-04\/UN-Convention-Rights-Child-text.pdf<\/p>\n\n\n\n<p>UN General Assembly. (1984,\nDecember 10). <em>Convention against Torture\nand Other Cruel, Inhuman or Degrading Treatment or Punishment<\/em>. Retrieved\nfrom United Nations Treaty Series:\nhttps:\/\/www.refworld.org\/docid\/3ae6b3a94.html<\/p>\n\n\n\n<p>United Nations Human Rights\nOffice of the High Commissioner. (2019, October 29). <em>UN experts call on Saudi Arabia to halt death sentences on children<\/em>.\nRetrieved from United Nations Human Rights Office of the High Commissioner:\nhttps:\/\/www.ohchr.org\/EN\/NewsEvents\/Pages\/DisplayNews.aspx?NewsID=23795&amp;LangID=E<\/p>\n","protected":false},"excerpt":{"rendered":"<p>Murtaja Qureiris, ahora con 18 a\u00f1os, enfrenta la pena de muerte por participar en una serie de protestas pac\u00edficas cuando ten\u00eda 10 a\u00f1os de edad. Fue arrestado en septiembre de 2014 cuando ten\u00eda 13 a\u00f1os por su participaci\u00f3n en las protestas en bicicleta junto con un grupo de j\u00f3venes en la provincia oriental de Qatif, [&hellip;]<\/p>\n","protected":false},"author":40,"featured_media":12908,"comment_status":"closed","ping_status":"closed","sticky":false,"template":"","format":"standard","meta":{"footnotes":""},"categories":[148,3,145],"tags":[],"class_list":["post-12904","post","type-post","status-publish","format-standard","has-post-thumbnail","hentry","category-derechos-del-nino","category-derechos-humanos","category-violencia"],"yoast_head":"<!-- This site is optimized with the Yoast SEO plugin v26.5 - https:\/\/yoast.com\/wordpress\/plugins\/seo\/ -->\n<title>Justicia para Murtaja Qureiris - Humanium<\/title>\n<meta name=\"description\" content=\"Murtaja Qureiris, ahora con 18 a\u00f1os, enfrenta la pena de muerte por participar en una serie de protestas pac\u00edficas cuando ten\u00eda 10 a\u00f1os de edad. Fue arrestado en septiembre de 2014 cuando ten\u00eda 13 a\u00f1os.\" \/>\n<meta name=\"robots\" content=\"index, follow, max-snippet:-1, max-image-preview:large, max-video-preview:-1\" \/>\n<link rel=\"canonical\" href=\"https:\/\/www.humanium.org\/es\/justicia-para-murtaja-qureiris\/\" \/>\n<meta property=\"og:locale\" content=\"es_ES\" \/>\n<meta property=\"og:type\" content=\"article\" \/>\n<meta property=\"og:title\" content=\"Justicia para Murtaja Qureiris - Humanium\" \/>\n<meta property=\"og:description\" content=\"Murtaja Qureiris, ahora con 18 a\u00f1os, enfrenta la pena de muerte por participar en una serie de protestas pac\u00edficas cuando ten\u00eda 10 a\u00f1os de edad. Fue arrestado en septiembre de 2014 cuando ten\u00eda 13 a\u00f1os.\" \/>\n<meta property=\"og:url\" content=\"https:\/\/www.humanium.org\/es\/justicia-para-murtaja-qureiris\/\" \/>\n<meta property=\"og:site_name\" content=\"Humanium\" \/>\n<meta property=\"article:published_time\" content=\"2019-08-22T18:47:37+00:00\" \/>\n<meta property=\"article:modified_time\" content=\"2019-10-12T17:54:09+00:00\" \/>\n<meta property=\"og:image\" content=\"https:\/\/www.humanium.org\/es\/wp-content\/uploads\/2019\/08\/shutterstock_1101469415-1-1024x683.jpg\" \/>\n\t<meta property=\"og:image:width\" content=\"1024\" \/>\n\t<meta property=\"og:image:height\" content=\"683\" \/>\n\t<meta property=\"og:image:type\" content=\"image\/jpeg\" \/>\n<meta name=\"author\" content=\"Igi Nderi\" \/>\n<meta name=\"twitter:card\" content=\"summary_large_image\" \/>\n<meta name=\"twitter:label1\" content=\"Escrito por\" \/>\n\t<meta name=\"twitter:data1\" content=\"Igi Nderi\" \/>\n\t<meta name=\"twitter:label2\" content=\"Tiempo de lectura\" \/>\n\t<meta name=\"twitter:data2\" content=\"10 minutos\" \/>\n<script type=\"application\/ld+json\" class=\"yoast-schema-graph\">{\"@context\":\"https:\/\/schema.org\",\"@graph\":[{\"@type\":\"WebPage\",\"@id\":\"https:\/\/www.humanium.org\/es\/justicia-para-murtaja-qureiris\/\",\"url\":\"https:\/\/www.humanium.org\/es\/justicia-para-murtaja-qureiris\/\",\"name\":\"Justicia para Murtaja Qureiris - Humanium\",\"isPartOf\":{\"@id\":\"https:\/\/www.humanium.org\/es\/#website\"},\"primaryImageOfPage\":{\"@id\":\"https:\/\/www.humanium.org\/es\/justicia-para-murtaja-qureiris\/#primaryimage\"},\"image\":{\"@id\":\"https:\/\/www.humanium.org\/es\/justicia-para-murtaja-qureiris\/#primaryimage\"},\"thumbnailUrl\":\"https:\/\/www.humanium.org\/es\/wp-content\/uploads\/2019\/08\/shutterstock_1101469415-1.jpg\",\"datePublished\":\"2019-08-22T18:47:37+00:00\",\"dateModified\":\"2019-10-12T17:54:09+00:00\",\"author\":{\"@id\":\"https:\/\/www.humanium.org\/es\/#\/schema\/person\/e6d1b7ad7025b91145cf4c0f76dce889\"},\"description\":\"Murtaja Qureiris, ahora con 18 a\u00f1os, enfrenta la pena de muerte por participar en una serie de protestas pac\u00edficas cuando ten\u00eda 10 a\u00f1os de edad. Fue arrestado en septiembre de 2014 cuando ten\u00eda 13 a\u00f1os.\",\"breadcrumb\":{\"@id\":\"https:\/\/www.humanium.org\/es\/justicia-para-murtaja-qureiris\/#breadcrumb\"},\"inLanguage\":\"es\",\"potentialAction\":[{\"@type\":\"ReadAction\",\"target\":[\"https:\/\/www.humanium.org\/es\/justicia-para-murtaja-qureiris\/\"]}]},{\"@type\":\"ImageObject\",\"inLanguage\":\"es\",\"@id\":\"https:\/\/www.humanium.org\/es\/justicia-para-murtaja-qureiris\/#primaryimage\",\"url\":\"https:\/\/www.humanium.org\/es\/wp-content\/uploads\/2019\/08\/shutterstock_1101469415-1.jpg\",\"contentUrl\":\"https:\/\/www.humanium.org\/es\/wp-content\/uploads\/2019\/08\/shutterstock_1101469415-1.jpg\",\"width\":5760,\"height\":3840},{\"@type\":\"BreadcrumbList\",\"@id\":\"https:\/\/www.humanium.org\/es\/justicia-para-murtaja-qureiris\/#breadcrumb\",\"itemListElement\":[{\"@type\":\"ListItem\",\"position\":1,\"name\":\"Home\",\"item\":\"https:\/\/www.humanium.org\/es\/\"},{\"@type\":\"ListItem\",\"position\":2,\"name\":\"Justicia para Murtaja Qureiris\"}]},{\"@type\":\"WebSite\",\"@id\":\"https:\/\/www.humanium.org\/es\/#website\",\"url\":\"https:\/\/www.humanium.org\/es\/\",\"name\":\"Humanium\",\"description\":\"\u00a1Los ni\u00f1os primero!\",\"potentialAction\":[{\"@type\":\"SearchAction\",\"target\":{\"@type\":\"EntryPoint\",\"urlTemplate\":\"https:\/\/www.humanium.org\/es\/?s={search_term_string}\"},\"query-input\":{\"@type\":\"PropertyValueSpecification\",\"valueRequired\":true,\"valueName\":\"search_term_string\"}}],\"inLanguage\":\"es\"},{\"@type\":\"Person\",\"@id\":\"https:\/\/www.humanium.org\/es\/#\/schema\/person\/e6d1b7ad7025b91145cf4c0f76dce889\",\"name\":\"Igi Nderi\",\"image\":{\"@type\":\"ImageObject\",\"inLanguage\":\"es\",\"@id\":\"https:\/\/www.humanium.org\/es\/#\/schema\/person\/image\/\",\"url\":\"https:\/\/secure.gravatar.com\/avatar\/c3555d8ec155dec16444525aa87bd13c55196bb158a681c4dc0d3e1b62260922?s=96&d=mm&r=g\",\"contentUrl\":\"https:\/\/secure.gravatar.com\/avatar\/c3555d8ec155dec16444525aa87bd13c55196bb158a681c4dc0d3e1b62260922?s=96&d=mm&r=g\",\"caption\":\"Igi Nderi\"},\"sameAs\":[\"https:\/\/www.linkedin.com\/in\/igi-nderi-012149115\/\"],\"url\":\"https:\/\/www.humanium.org\/es\/author\/igi\/\"}]}<\/script>\n<!-- \/ Yoast SEO plugin. -->","yoast_head_json":{"title":"Justicia para Murtaja Qureiris - Humanium","description":"Murtaja Qureiris, ahora con 18 a\u00f1os, enfrenta la pena de muerte por participar en una serie de protestas pac\u00edficas cuando ten\u00eda 10 a\u00f1os de edad. Fue arrestado en septiembre de 2014 cuando ten\u00eda 13 a\u00f1os.","robots":{"index":"index","follow":"follow","max-snippet":"max-snippet:-1","max-image-preview":"max-image-preview:large","max-video-preview":"max-video-preview:-1"},"canonical":"https:\/\/www.humanium.org\/es\/justicia-para-murtaja-qureiris\/","og_locale":"es_ES","og_type":"article","og_title":"Justicia para Murtaja Qureiris - Humanium","og_description":"Murtaja Qureiris, ahora con 18 a\u00f1os, enfrenta la pena de muerte por participar en una serie de protestas pac\u00edficas cuando ten\u00eda 10 a\u00f1os de edad. Fue arrestado en septiembre de 2014 cuando ten\u00eda 13 a\u00f1os.","og_url":"https:\/\/www.humanium.org\/es\/justicia-para-murtaja-qureiris\/","og_site_name":"Humanium","article_published_time":"2019-08-22T18:47:37+00:00","article_modified_time":"2019-10-12T17:54:09+00:00","og_image":[{"width":1024,"height":683,"url":"https:\/\/www.humanium.org\/es\/wp-content\/uploads\/2019\/08\/shutterstock_1101469415-1-1024x683.jpg","type":"image\/jpeg"}],"author":"Igi Nderi","twitter_card":"summary_large_image","twitter_misc":{"Escrito por":"Igi Nderi","Tiempo de lectura":"10 minutos"},"schema":{"@context":"https:\/\/schema.org","@graph":[{"@type":"WebPage","@id":"https:\/\/www.humanium.org\/es\/justicia-para-murtaja-qureiris\/","url":"https:\/\/www.humanium.org\/es\/justicia-para-murtaja-qureiris\/","name":"Justicia para Murtaja Qureiris - Humanium","isPartOf":{"@id":"https:\/\/www.humanium.org\/es\/#website"},"primaryImageOfPage":{"@id":"https:\/\/www.humanium.org\/es\/justicia-para-murtaja-qureiris\/#primaryimage"},"image":{"@id":"https:\/\/www.humanium.org\/es\/justicia-para-murtaja-qureiris\/#primaryimage"},"thumbnailUrl":"https:\/\/www.humanium.org\/es\/wp-content\/uploads\/2019\/08\/shutterstock_1101469415-1.jpg","datePublished":"2019-08-22T18:47:37+00:00","dateModified":"2019-10-12T17:54:09+00:00","author":{"@id":"https:\/\/www.humanium.org\/es\/#\/schema\/person\/e6d1b7ad7025b91145cf4c0f76dce889"},"description":"Murtaja Qureiris, ahora con 18 a\u00f1os, enfrenta la pena de muerte por participar en una serie de protestas pac\u00edficas cuando ten\u00eda 10 a\u00f1os de edad. Fue arrestado en septiembre de 2014 cuando ten\u00eda 13 a\u00f1os.","breadcrumb":{"@id":"https:\/\/www.humanium.org\/es\/justicia-para-murtaja-qureiris\/#breadcrumb"},"inLanguage":"es","potentialAction":[{"@type":"ReadAction","target":["https:\/\/www.humanium.org\/es\/justicia-para-murtaja-qureiris\/"]}]},{"@type":"ImageObject","inLanguage":"es","@id":"https:\/\/www.humanium.org\/es\/justicia-para-murtaja-qureiris\/#primaryimage","url":"https:\/\/www.humanium.org\/es\/wp-content\/uploads\/2019\/08\/shutterstock_1101469415-1.jpg","contentUrl":"https:\/\/www.humanium.org\/es\/wp-content\/uploads\/2019\/08\/shutterstock_1101469415-1.jpg","width":5760,"height":3840},{"@type":"BreadcrumbList","@id":"https:\/\/www.humanium.org\/es\/justicia-para-murtaja-qureiris\/#breadcrumb","itemListElement":[{"@type":"ListItem","position":1,"name":"Home","item":"https:\/\/www.humanium.org\/es\/"},{"@type":"ListItem","position":2,"name":"Justicia para Murtaja Qureiris"}]},{"@type":"WebSite","@id":"https:\/\/www.humanium.org\/es\/#website","url":"https:\/\/www.humanium.org\/es\/","name":"Humanium","description":"\u00a1Los ni\u00f1os primero!","potentialAction":[{"@type":"SearchAction","target":{"@type":"EntryPoint","urlTemplate":"https:\/\/www.humanium.org\/es\/?s={search_term_string}"},"query-input":{"@type":"PropertyValueSpecification","valueRequired":true,"valueName":"search_term_string"}}],"inLanguage":"es"},{"@type":"Person","@id":"https:\/\/www.humanium.org\/es\/#\/schema\/person\/e6d1b7ad7025b91145cf4c0f76dce889","name":"Igi Nderi","image":{"@type":"ImageObject","inLanguage":"es","@id":"https:\/\/www.humanium.org\/es\/#\/schema\/person\/image\/","url":"https:\/\/secure.gravatar.com\/avatar\/c3555d8ec155dec16444525aa87bd13c55196bb158a681c4dc0d3e1b62260922?s=96&d=mm&r=g","contentUrl":"https:\/\/secure.gravatar.com\/avatar\/c3555d8ec155dec16444525aa87bd13c55196bb158a681c4dc0d3e1b62260922?s=96&d=mm&r=g","caption":"Igi Nderi"},"sameAs":["https:\/\/www.linkedin.com\/in\/igi-nderi-012149115\/"],"url":"https:\/\/www.humanium.org\/es\/author\/igi\/"}]}},"_links":{"self":[{"href":"https:\/\/www.humanium.org\/es\/wp-json\/wp\/v2\/posts\/12904","targetHints":{"allow":["GET"]}}],"collection":[{"href":"https:\/\/www.humanium.org\/es\/wp-json\/wp\/v2\/posts"}],"about":[{"href":"https:\/\/www.humanium.org\/es\/wp-json\/wp\/v2\/types\/post"}],"author":[{"embeddable":true,"href":"https:\/\/www.humanium.org\/es\/wp-json\/wp\/v2\/users\/40"}],"replies":[{"embeddable":true,"href":"https:\/\/www.humanium.org\/es\/wp-json\/wp\/v2\/comments?post=12904"}],"version-history":[{"count":6,"href":"https:\/\/www.humanium.org\/es\/wp-json\/wp\/v2\/posts\/12904\/revisions"}],"predecessor-version":[{"id":13117,"href":"https:\/\/www.humanium.org\/es\/wp-json\/wp\/v2\/posts\/12904\/revisions\/13117"}],"wp:featuredmedia":[{"embeddable":true,"href":"https:\/\/www.humanium.org\/es\/wp-json\/wp\/v2\/media\/12908"}],"wp:attachment":[{"href":"https:\/\/www.humanium.org\/es\/wp-json\/wp\/v2\/media?parent=12904"}],"wp:term":[{"taxonomy":"category","embeddable":true,"href":"https:\/\/www.humanium.org\/es\/wp-json\/wp\/v2\/categories?post=12904"},{"taxonomy":"post_tag","embeddable":true,"href":"https:\/\/www.humanium.org\/es\/wp-json\/wp\/v2\/tags?post=12904"}],"curies":[{"name":"wp","href":"https:\/\/api.w.org\/{rel}","templated":true}]}}