{"id":12922,"date":"2019-08-29T20:14:10","date_gmt":"2019-08-29T20:14:10","guid":{"rendered":"https:\/\/www.humanium.org\/es\/?p=12922"},"modified":"2025-12-13T21:34:20","modified_gmt":"2025-12-13T21:34:20","slug":"en-busca-de-respuestas-aun-queda-un-gran-trabajo-de-derechos-humanos-por-hacer-frente-a-la-desaparicion-forzada","status":"publish","type":"post","link":"https:\/\/www.humanium.org\/es\/en-busca-de-respuestas-aun-queda-un-gran-trabajo-de-derechos-humanos-por-hacer-frente-a-la-desaparicion-forzada\/","title":{"rendered":"En busca de respuestas: a\u00fan queda un gran trabajo de derechos humanos por hacer frente a la desaparici\u00f3n forzada"},"content":{"rendered":"\n<p><strong>Algunas personas buscan sus familias durante todas sus vidas. Ellos mismos desaparecen en la b\u00fasqueda. Esta terrible violaci\u00f3n sucede junto con abusos de tortura; confesiones obtenidas mediante coacci\u00f3n, agresi\u00f3n sexual y asesinatos; e inflige un tormento inimaginable a sus v\u00edctimas y sobrevivientes.<\/strong><\/p>\n\n\n\n<h2 class=\"wp-block-heading\"><strong>\u00bfQu\u00e9 es la desaparici\u00f3n forzada?<\/strong><\/h2>\n\n\n\n<p><em>\u201cLa desaparici\u00f3n forzada es el secuestro\nde una persona con el consentimiento del gobierno seguida por la negativa de\ndivulgar la suerte o el paradero de la persona\u00bb (Naciones Unidas, 1993).\nEl D\u00eda Internacional de las V\u00edctimas de Desapariciones Forzadas, que las\nNaciones Unidas celebran cada 30 de agosto, es un d\u00eda para sensibilizar y\nconmemorar.<\/em>&nbsp; <\/p>\n\n\n\n<p>Esto es lo que parece un arresto de un\nindividuo por parte de agentes del estado sin dar una orden, derechos, cargos\nni alguna explicaci\u00f3n. No se proporciona ninguna informaci\u00f3n en absoluto. La\npersona es raptada por dichos actores y nunca se la vuelve a ver. <\/p>\n\n\n\n<p>La desaparici\u00f3n forzada se utiliza como una herramienta de opresi\u00f3n sistem\u00e1tica a las comunidades consideradas como disidencias pol\u00edticas. El efecto domin\u00f3 se propaga a los familiares, pues, con frecuencia, se promulga la desaparici\u00f3n forzada como una represalia contra los seres queridos de los individuos buscados.<\/p>\n\n\n\n<h2 class=\"wp-block-heading\"><strong>\u00bfD\u00f3nde tiene lugar la desaparici\u00f3n forzada?<\/strong><\/h2>\n\n\n\n<p>La desaparici\u00f3n forzada sucede en todo el mundo. Esta tiene lugar en todos los continentes, siendo algunos Estados de Am\u00e9rica Latina, como El Salvador, Argentina y Per\u00fa los m\u00e1s particularmente afectados. En 2014, el Grupo de Trabajo de las Naciones Unidas sobre las Desapariciones Forzadas tuvo 24 250 casos reportados como no resueltos en 88 estados (Naciones Unidas, 2014). <\/p>\n\n\n\n<p>Otro ejemplo es Colombia, donde se registran 150 000 desapariciones forzadas entre 1986 y 2017. Un estudio m\u00e1s amplio mostr\u00f3 que hasta 80 000 personas (casi 50 % de los desaparecidos) actualmente siguen perdidos en Colombia, y se teme que hayan sido asesinados durante el conflicto armado. No obstante, no se conocer\u00e1 la verdadera cifra. A menudo, no es claro qui\u00e9n caus\u00f3 la desaparici\u00f3n de estas v\u00edctimas y por qu\u00e9 (Colombia Reports, 2019).<\/p>\n\n\n\n<h2 class=\"wp-block-heading\"><strong>La palabra del derecho internacional<\/strong><\/h2>\n\n\n\n<p>La piedra angular del derecho internacional sobre la desaparici\u00f3n forzada es la Convenci\u00f3n Internacional para la protecci\u00f3n de todas las Personas contra las Desapariciones Forzadas, que reafirma la ilegalidad, irrevocable y extensiva, de la desaparici\u00f3n forzada sin excepci\u00f3n alguna (Naciones Unidas, 2019). Sin embargo, desafortunadamente, solo 59 estados han ratificado esta convenci\u00f3n hasta la fecha (Tratados de la ONU, 2019). <\/p>\n\n\n\n<p>Los otros mecanismos legales incluyen a aquellos como la Convenci\u00f3n Interamericana sobre Desaparici\u00f3n Forzada de Personas y el Estatuto de Roma de la Corte Penal Internacional. El Estatuto, al igual que la Convenci\u00f3n, declara que la desaparici\u00f3n forzada es un crimen contra la humanidad.<\/p>\n\n\n\n<p>Uno de los elementos que hace que la desaparici\u00f3n forzada sea tan peligrosa es que esta toma a sus v\u00edctimas fuera del estado de derecho y de los mecanismos legales, priv\u00e1ndolos, por lo tanto, de sus derechos y de su existencia como individuos sujetos a la ley. La desaparici\u00f3n ilegal sancionada por el estado no le deja a los individuos ning\u00fan recurso para lograr justicia ni ning\u00fan acceso a la protecci\u00f3n, a la compensaci\u00f3n o a la reparaci\u00f3n.<\/p>\n\n\n\n<p>La desaparici\u00f3n forzada tiende a violar los derechos econ\u00f3micos, sociales y culturales, al igual que se encuentra en contravenci\u00f3n con varios derechos humanos recogidos en el coraz\u00f3n de las normas de derecho internacional convencional y consuetudinario. Estos incluyen el derecho al reconocimiento como persona, el derecho a la libertad y a la seguridad, el derecho a la no ser sometido a tortura o a cualquier castigo o trato cruel, inhumano o degradante; el derecho a la vida, el derecho a la identidad, el derecho a un juicio justo a a garant\u00edas procesales. Esto constituye un crimen contra la humanidad (Naciones Unidas, 2019). <\/p>\n\n\n\n<h2 class=\"wp-block-heading\"><strong>Las consecuencias para la familia, las comunidades y los corazones<\/strong><\/h2>\n\n\n\n<p>La desaparici\u00f3n forzada de un ni\u00f1o o uno de sus padres es una violaci\u00f3n grave a los derechos del ni\u00f1o, recogidos en la <a href=\"https:\/\/www.humanium.org\/es\/convencion-adaptada\/\">Convenci\u00f3n Sobre los Derechos del Ni\u00f1o<\/a>. Quienes son v\u00edctimas de la desaparici\u00f3n forzada sufren a causa de vivir con constante miedo en sus vidas. A menudo se les tortura o son asesinados. En las raras ocasiones que se libera a una v\u00edctima del cautiverio, perduran las consecuencias psicol\u00f3gicas y f\u00edsicas a largo plazo de la brutalidad deshumanizante que muchas veces deben soportar.<\/p>\n\n\n\n<figure class=\"wp-block-image\"><img loading=\"lazy\" decoding=\"async\" width=\"1024\" height=\"671\" src=\"https:\/\/www.humanium.org\/es\/wp-content\/uploads\/2019\/08\/shutterstock_554636533-1024x671.jpg\" alt=\"\" class=\"wp-image-12924\" srcset=\"https:\/\/www.humanium.org\/es\/wp-content\/uploads\/2019\/08\/shutterstock_554636533-1024x671.jpg 1024w, https:\/\/www.humanium.org\/es\/wp-content\/uploads\/2019\/08\/shutterstock_554636533-300x197.jpg 300w, https:\/\/www.humanium.org\/es\/wp-content\/uploads\/2019\/08\/shutterstock_554636533-768x503.jpg 768w, https:\/\/www.humanium.org\/es\/wp-content\/uploads\/2019\/08\/shutterstock_554636533-830x544.jpg 830w, https:\/\/www.humanium.org\/es\/wp-content\/uploads\/2019\/08\/shutterstock_554636533-230x151.jpg 230w, https:\/\/www.humanium.org\/es\/wp-content\/uploads\/2019\/08\/shutterstock_554636533-350x229.jpg 350w, https:\/\/www.humanium.org\/es\/wp-content\/uploads\/2019\/08\/shutterstock_554636533-480x314.jpg 480w\" sizes=\"auto, (max-width: 1024px) 100vw, 1024px\" \/><figcaption>El 12 de enero de 2017, los miembros de la Sociedad Civil protestan contra la desaparici\u00f3n forzada de los activistas sociales, en Kirachi, Pakist\u00e1n.<\/figcaption><\/figure>\n\n\n\n<p>Se han perdido innumerables vidas sin\nrecibir respuestas en cuanto a la suerte de los seres queridos desaparecidos.\nEl \u00abcierre\u00bb puede ser en gran manera complicado o imposible de\nlograr. Algunos psic\u00f3logos recomiendan a las familias enterrar objetos que eran\nimportantes para el ser querido desaparecido con el fin de permitirles empezar\nun proceso de duelo. (Mart\u00edn Beristain, 2010). <\/p>\n\n\n\n<p>Las familias y los amigos est\u00e1n hechos\npara sufrir una angustia mental infinita, a veces pasando sus vidas sin conocer\nnunca el destino de sus seres queridos, si est\u00e1 vivo o muerto, en las\ncondiciones en las que se encuentra, el tratamiento al que est\u00e1n sometidos o\nd\u00f3nde est\u00e1n. Adem\u00e1s del tormento, a menudo los mismos familiares son\nconscientes del alto riesgo de ser forzados a desaparecer. Es posible que el\nbuscar la verdad los ponga en m\u00e1s peligro dado que pueden convertirse en el\nblanco de represalias y forzar tambi\u00e9n su desaparici\u00f3n, creando as\u00ed un c\u00edrculo\nvicioso. <\/p>\n\n\n\n<p>Asimismo, la persona desaparecida a menudo\nes el sustentados principal de su unidad familiar, lo que lleva repercusiones\nmateriales y econ\u00f3micas considerables por su ausencia. Las mujeres tienden a\nlas m\u00e1s afectadas por las dificultades econ\u00f3micas que se crean como\nconsecuencia de la desaparici\u00f3n y est\u00e1n en la \u00abprimera l\u00ednea de lucha para\nresolver la desaparici\u00f3n de los miembros de su familia\u00bb (Naciones Unidas,\n2019).&nbsp; Es de gran dificultad para\nacceder a una ayuda, compensaci\u00f3n y servicio, incluyendo la pensi\u00f3n, cuando la\nb\u00fasqueda misma del ser querido incurre en costos significantes y la carencia de\nun certificado de defunci\u00f3n o cualquier prueba concreta o conclusi\u00f3n en cuanto\nal destino del familiar. <\/p>\n\n\n\n<p>Tomar la decisi\u00f3n de declarar muerto a un\nfamiliar, incluso luego de muchos a\u00f1os (ya sea una necesidad econ\u00f3mica o no) a\nveces es bastante doloroso. El familiar puede sentirse como si ellos mismos son\nquienes \u00abasesinar\u00e1n a su ser querido en su mente\u00bb (Mart\u00edn Beristain,\n2010). Algunos pa\u00edses, como Argentina y Chile, emiten certificados para quienes\nfueron obligados a desaparecer, lo que les permite reclamar una compensaci\u00f3n;\nsin embargo, incluso estos pueden ser complicados, lentos y costosos de obtener\ny pueden requerir un certificado de defunci\u00f3n como requisito (Comisi\u00f3n de\nDerechos Humanos de la ONU, 1998).<\/p>\n\n\n\n<p>La pr\u00e1ctica de la desaparici\u00f3n forzada fracciona y afecta gravemente a las comunidades, la cual a menudo se militariza contra grandes grupos de personas como mecanismo para difundir el miedo. El sentimiento de inseguridad, miedo e inestabilidad se disipa en todas las comunidades y en los alrededores de las sociedades como una gran perturbaci\u00f3n y diseminaci\u00f3n del terror. <\/p>\n\n\n\n<h2 class=\"wp-block-heading\"><strong>Humanium condena la desaparici\u00f3n forzada<\/strong><\/h2>\n\n\n\n<p>En <a href=\"https:\/\/www.humanium.org\/es\/presentacion-humanium\/\">Humanium<\/a>, aborrecemos la desaparici\u00f3n forzada y todo lo que esta representa. Por medio del trabajo en colaboraci\u00f3n con los asociados locales, como \u00bb<a href=\"https:\/\/www.hihindia.org\/\">Hand in Hand India<\/a>\u00bb y \u00ab<a href=\"https:\/\/www.avsi.org\/en\/\">Avsi<\/a>\u00bb en Ruanda, esperamos contribuir a la protecci\u00f3n de los ni\u00f1os afectados por la gran vulnerabilidad que representa tan violaci\u00f3n de sus derechos.&nbsp; Con el 30.\u00b0 aniversario de la pr\u00f3xima <a href=\"https:\/\/www.humanium.org\/es\/convencion-adaptada\/\">Convenci\u00f3n <\/a>referente a los derechos del ni\u00f1o, en Humanium reiteraremos nuestro compromiso con la promoci\u00f3n de los derechos del ni\u00f1os, mientras que se aprovecha la oportunidad para subrayar algunos fen\u00f3menos, tales como la desaparici\u00f3n forzada, que demuestra la importancia de dicho trabajo. Al mismo tiempo, reconocemos cu\u00e1n extenso es el camino que debemos recorrer.<\/p>\n\n\n\n<p>Si conoces a un\nni\u00f1o a un joven que se encuentre afectado por la desaparici\u00f3n forzada o cuyos\nderechos han sido violados, no dudes en ponerte en contacto con la l\u00ednea de\nayuda de Humanium, donde nos esforzamos al m\u00e1ximo por ofrecer una gu\u00eda y una\nconsejer\u00eda personalizada. El socio m\u00e1s cercano a Humanium, Alliance des Avocats\npour les Droits de l\u2019Homme (AADH), trabaja con nosotros en los casos de\nderechos del ni\u00f1o que llegan a la l\u00ednea de ayuda, junto con otros abogados\ndecididos en el mundo con quienes Humanium est\u00e1 conectado.<\/p>\n\n\n\n<p><em><strong>Escrito por Josie Thum<br>Traducido por Felipe Chavez<\/strong><\/em><\/p>\n\n\n\n<h2 class=\"wp-block-heading\"><strong>Bibliograf\u00eda<\/strong><\/h2>\n\n\n\n<p>Amnesty\nInternational, \u2018Enforced Disappearance\u2019 (2019), available at: https:\/\/www.amnesty.org\/en\/what-we-do\/disappearances\/,\nRetrieved 07 August 2019.<\/p>\n\n\n\n<p>Carlos Mart\u00edn Beristain, <em>Manual sobre\nperspectiva psicosocial en la investigaci\u00f3n de derechos humanos (Bilbao:\nUniversidad de Pa\u00eds Vasco, 2010). <\/em><\/p>\n\n\n\n<p><em>Colombia Reports, \u2018Forced Disappearances\u2019 (2019),\navailable at: <\/em><a href=\"https:\/\/colombiareports.com\/forced-disappearances-statistics\/\"><em>https:\/\/colombiareports.com\/forced-disappearances-statistics\/<\/em><\/a><em>, Retrieved 06 August\n2019.<\/em><\/p>\n\n\n\n<p>Human\nRights Watch, \u2018Families Beg for Answers on the International Day of the Victims\nof Enforced Disappearances\u2019 (2018), available at: <a href=\"https:\/\/www.hrw.org\/news\/2018\/08\/27\/families-beg-answers-international-day-victims-enforced-disappearances\">https:\/\/www.hrw.org\/news\/2018\/08\/27\/families-beg-answers-international-day-victims-enforced-disappearances<\/a>,\nRetrieved 07 August 2019.<\/p>\n\n\n\n<p>Forbes,\n\u2018The International Day of the Victims of Enforced Disappearances\u2019 (2018),\navailable at: <a href=\"https:\/\/www.forbes.com\/sites\/ewelinaochab\/2018\/08\/29\/the-international-day-of-the-victims-of-enforced-disappearances\/#4be267b0b42e\">https:\/\/www.forbes.com\/sites\/ewelinaochab\/2018\/08\/29\/the-international-day-of-the-victims-of-enforced-disappearances\/#4be267b0b42e<\/a>,\nRetrieved 08 August 2019.<\/p>\n\n\n\n<p>OHCRH,\n\u2018International Convention for the Protection of All Persons from Enforced\nDisappearance\u2019 (2006), available at: <a href=\"https:\/\/www.ohchr.org\/EN\/HRBodies\/CED\/Pages\/ConventionCED.aspx\">https:\/\/www.ohchr.org\/EN\/HRBodies\/CED\/Pages\/ConventionCED.aspx<\/a>,\nRetrieved 08 August 2019. <\/p>\n\n\n\n<p>OCHCRH,\n\u2018Working Group on Enforced or Involuntary Disappearances\u2019 (2019), available at:\n<a href=\"https:\/\/www.ohchr.org\/en\/issues\/disappearances\/pages\/disappearancesindex.aspx\">https:\/\/www.ohchr.org\/en\/issues\/disappearances\/pages\/disappearancesindex.aspx<\/a>,\nRetrieved 07 August 2019.<\/p>\n\n\n\n<p>OCHRH,\n\u2018Enforced or Involuntary Disappearances\u2019 (2009), available at: <a href=\"https:\/\/www.ohchr.org\/Documents\/Publications\/FactSheet6Rev3.pdf\">https:\/\/www.ohchr.org\/Documents\/Publications\/FactSheet6Rev3.pdf<\/a>,\nRetrieved 07 August 2019.<\/p>\n\n\n\n<p>Priya\nPillali, \u2018Enforced Disappearances: A Global Scourge, Increasingly Under the\nRadar\u2019 (2019), available at: <a href=\"http:\/\/opiniojuris.org\/2019\/05\/31\/enforced-disappearances-a-global-scourge-increasingly-under-the-radar\/\">http:\/\/opiniojuris.org\/2019\/05\/31\/enforced-disappearances-a-global-scourge-increasingly-under-the-radar\/<\/a>,\nRetrieved 08 August 2019.<\/p>\n\n\n\n<p>UN\nCommittee on Human Rights, \u2018Report of the Working Group on Enforced or\nVoluntary Disappearances\u2019 (1998), available at: <a href=\"https:\/\/www.refworld.org\/docid\/3b00f53bc.html\">https:\/\/www.refworld.org\/docid\/3b00f53bc.html<\/a>,\nRetrieved 06 August 2019. <\/p>\n\n\n\n<p>United\nNations, \u2018International Day of the Victims of Enforced Disappearances 30\nAugust\u2019 (2019), available at: <a href=\"https:\/\/www.un.org\/en\/events\/disappearancesday\/index.shtml\">https:\/\/www.un.org\/en\/events\/disappearancesday\/index.shtml<\/a>,\nRetrieved 06 August 2019.<\/p>\n","protected":false},"excerpt":{"rendered":"<p>Algunas personas buscan sus familias durante todas sus vidas. Ellos mismos desaparecen en la b\u00fasqueda. Esta terrible violaci\u00f3n sucede junto con abusos de tortura; confesiones obtenidas mediante coacci\u00f3n, agresi\u00f3n sexual y asesinatos; e inflige un tormento inimaginable a sus v\u00edctimas y sobrevivientes. \u00bfQu\u00e9 es la desaparici\u00f3n forzada? \u201cLa desaparici\u00f3n forzada es el secuestro de una [&hellip;]<\/p>\n","protected":false},"author":1,"featured_media":12923,"comment_status":"closed","ping_status":"closed","sticky":false,"template":"","format":"standard","meta":{"footnotes":""},"categories":[148,3,145],"tags":[],"class_list":["post-12922","post","type-post","status-publish","format-standard","has-post-thumbnail","hentry","category-derechos-del-nino","category-derechos-humanos","category-violencia"],"yoast_head":"<!-- This site is optimized with the Yoast SEO plugin v26.5 - https:\/\/yoast.com\/wordpress\/plugins\/seo\/ -->\n<title>En busca de respuestas: a\u00fan queda un gran trabajo de derechos humanos por hacer frente a la desaparici\u00f3n forzada - Humanium<\/title>\n<meta name=\"description\" content=\"Algunas personas buscan sus familias durante todas sus vidas. Ellos mismos desaparecen en la b\u00fasqueda. Esta terrible violaci\u00f3n sucede junto con abusos de tortura; confesiones obtenidas mediante coacci\u00f3n, agresi\u00f3n sexual y asesinatos; e inflige un tormento inimaginable a sus v\u00edctimas y sobrevivientes.\" \/>\n<meta name=\"robots\" content=\"index, follow, max-snippet:-1, max-image-preview:large, max-video-preview:-1\" \/>\n<link rel=\"canonical\" href=\"https:\/\/www.humanium.org\/es\/en-busca-de-respuestas-aun-queda-un-gran-trabajo-de-derechos-humanos-por-hacer-frente-a-la-desaparicion-forzada\/\" \/>\n<meta property=\"og:locale\" content=\"es_ES\" \/>\n<meta property=\"og:type\" content=\"article\" \/>\n<meta property=\"og:title\" content=\"En busca de respuestas: a\u00fan queda un gran trabajo de derechos humanos por hacer frente a la desaparici\u00f3n forzada - Humanium\" \/>\n<meta property=\"og:description\" content=\"Algunas personas buscan sus familias durante todas sus vidas. Ellos mismos desaparecen en la b\u00fasqueda. Esta terrible violaci\u00f3n sucede junto con abusos de tortura; confesiones obtenidas mediante coacci\u00f3n, agresi\u00f3n sexual y asesinatos; e inflige un tormento inimaginable a sus v\u00edctimas y sobrevivientes.\" \/>\n<meta property=\"og:url\" content=\"https:\/\/www.humanium.org\/es\/en-busca-de-respuestas-aun-queda-un-gran-trabajo-de-derechos-humanos-por-hacer-frente-a-la-desaparicion-forzada\/\" \/>\n<meta property=\"og:site_name\" content=\"Humanium\" \/>\n<meta property=\"article:published_time\" content=\"2019-08-29T20:14:10+00:00\" \/>\n<meta property=\"article:modified_time\" content=\"2025-12-13T21:34:20+00:00\" \/>\n<meta property=\"og:image\" content=\"https:\/\/www.humanium.org\/es\/wp-content\/uploads\/2019\/08\/shutterstock_1162461397.jpg\" \/>\n\t<meta property=\"og:image:width\" content=\"3000\" \/>\n\t<meta property=\"og:image:height\" content=\"2262\" \/>\n\t<meta property=\"og:image:type\" content=\"image\/jpeg\" \/>\n<meta name=\"author\" content=\"Olivier\" \/>\n<meta name=\"twitter:card\" content=\"summary_large_image\" \/>\n<meta name=\"twitter:label1\" content=\"Escrito por\" \/>\n\t<meta name=\"twitter:data1\" content=\"Olivier\" \/>\n\t<meta name=\"twitter:label2\" content=\"Tiempo de lectura\" \/>\n\t<meta name=\"twitter:data2\" content=\"9 minutos\" \/>\n<script type=\"application\/ld+json\" class=\"yoast-schema-graph\">{\"@context\":\"https:\/\/schema.org\",\"@graph\":[{\"@type\":\"WebPage\",\"@id\":\"https:\/\/www.humanium.org\/es\/en-busca-de-respuestas-aun-queda-un-gran-trabajo-de-derechos-humanos-por-hacer-frente-a-la-desaparicion-forzada\/\",\"url\":\"https:\/\/www.humanium.org\/es\/en-busca-de-respuestas-aun-queda-un-gran-trabajo-de-derechos-humanos-por-hacer-frente-a-la-desaparicion-forzada\/\",\"name\":\"En busca de respuestas: a\u00fan queda un gran trabajo de derechos humanos por hacer frente a la desaparici\u00f3n forzada - Humanium\",\"isPartOf\":{\"@id\":\"https:\/\/www.humanium.org\/es\/#website\"},\"primaryImageOfPage\":{\"@id\":\"https:\/\/www.humanium.org\/es\/en-busca-de-respuestas-aun-queda-un-gran-trabajo-de-derechos-humanos-por-hacer-frente-a-la-desaparicion-forzada\/#primaryimage\"},\"image\":{\"@id\":\"https:\/\/www.humanium.org\/es\/en-busca-de-respuestas-aun-queda-un-gran-trabajo-de-derechos-humanos-por-hacer-frente-a-la-desaparicion-forzada\/#primaryimage\"},\"thumbnailUrl\":\"https:\/\/www.humanium.org\/es\/wp-content\/uploads\/2019\/08\/shutterstock_1162461397.jpg\",\"datePublished\":\"2019-08-29T20:14:10+00:00\",\"dateModified\":\"2025-12-13T21:34:20+00:00\",\"author\":{\"@id\":\"https:\/\/www.humanium.org\/es\/#\/schema\/person\/a7bc4047fa1a59491b84b14abef018a7\"},\"description\":\"Algunas personas buscan sus familias durante todas sus vidas. Ellos mismos desaparecen en la b\u00fasqueda. Esta terrible violaci\u00f3n sucede junto con abusos de tortura; confesiones obtenidas mediante coacci\u00f3n, agresi\u00f3n sexual y asesinatos; e inflige un tormento inimaginable a sus v\u00edctimas y sobrevivientes.\",\"breadcrumb\":{\"@id\":\"https:\/\/www.humanium.org\/es\/en-busca-de-respuestas-aun-queda-un-gran-trabajo-de-derechos-humanos-por-hacer-frente-a-la-desaparicion-forzada\/#breadcrumb\"},\"inLanguage\":\"es\",\"potentialAction\":[{\"@type\":\"ReadAction\",\"target\":[\"https:\/\/www.humanium.org\/es\/en-busca-de-respuestas-aun-queda-un-gran-trabajo-de-derechos-humanos-por-hacer-frente-a-la-desaparicion-forzada\/\"]}]},{\"@type\":\"ImageObject\",\"inLanguage\":\"es\",\"@id\":\"https:\/\/www.humanium.org\/es\/en-busca-de-respuestas-aun-queda-un-gran-trabajo-de-derechos-humanos-por-hacer-frente-a-la-desaparicion-forzada\/#primaryimage\",\"url\":\"https:\/\/www.humanium.org\/es\/wp-content\/uploads\/2019\/08\/shutterstock_1162461397.jpg\",\"contentUrl\":\"https:\/\/www.humanium.org\/es\/wp-content\/uploads\/2019\/08\/shutterstock_1162461397.jpg\",\"width\":3000,\"height\":2262},{\"@type\":\"BreadcrumbList\",\"@id\":\"https:\/\/www.humanium.org\/es\/en-busca-de-respuestas-aun-queda-un-gran-trabajo-de-derechos-humanos-por-hacer-frente-a-la-desaparicion-forzada\/#breadcrumb\",\"itemListElement\":[{\"@type\":\"ListItem\",\"position\":1,\"name\":\"Home\",\"item\":\"https:\/\/www.humanium.org\/es\/\"},{\"@type\":\"ListItem\",\"position\":2,\"name\":\"En busca de respuestas: a\u00fan queda un gran trabajo de derechos humanos por hacer frente a la desaparici\u00f3n forzada\"}]},{\"@type\":\"WebSite\",\"@id\":\"https:\/\/www.humanium.org\/es\/#website\",\"url\":\"https:\/\/www.humanium.org\/es\/\",\"name\":\"Humanium\",\"description\":\"\u00a1Los ni\u00f1os primero!\",\"potentialAction\":[{\"@type\":\"SearchAction\",\"target\":{\"@type\":\"EntryPoint\",\"urlTemplate\":\"https:\/\/www.humanium.org\/es\/?s={search_term_string}\"},\"query-input\":{\"@type\":\"PropertyValueSpecification\",\"valueRequired\":true,\"valueName\":\"search_term_string\"}}],\"inLanguage\":\"es\"},{\"@type\":\"Person\",\"@id\":\"https:\/\/www.humanium.org\/es\/#\/schema\/person\/a7bc4047fa1a59491b84b14abef018a7\",\"name\":\"Olivier\",\"image\":{\"@type\":\"ImageObject\",\"inLanguage\":\"es\",\"@id\":\"https:\/\/www.humanium.org\/es\/#\/schema\/person\/image\/\",\"url\":\"https:\/\/secure.gravatar.com\/avatar\/945a9bb4662b83cabc6e1483b64823d58adf8c47dcbb3a834cd5df54a5f60495?s=96&d=mm&r=g\",\"contentUrl\":\"https:\/\/secure.gravatar.com\/avatar\/945a9bb4662b83cabc6e1483b64823d58adf8c47dcbb3a834cd5df54a5f60495?s=96&d=mm&r=g\",\"caption\":\"Olivier\"},\"url\":\"https:\/\/www.humanium.org\/es\/author\/olivier\/\"}]}<\/script>\n<!-- \/ Yoast SEO plugin. -->","yoast_head_json":{"title":"En busca de respuestas: a\u00fan queda un gran trabajo de derechos humanos por hacer frente a la desaparici\u00f3n forzada - Humanium","description":"Algunas personas buscan sus familias durante todas sus vidas. Ellos mismos desaparecen en la b\u00fasqueda. Esta terrible violaci\u00f3n sucede junto con abusos de tortura; confesiones obtenidas mediante coacci\u00f3n, agresi\u00f3n sexual y asesinatos; e inflige un tormento inimaginable a sus v\u00edctimas y sobrevivientes.","robots":{"index":"index","follow":"follow","max-snippet":"max-snippet:-1","max-image-preview":"max-image-preview:large","max-video-preview":"max-video-preview:-1"},"canonical":"https:\/\/www.humanium.org\/es\/en-busca-de-respuestas-aun-queda-un-gran-trabajo-de-derechos-humanos-por-hacer-frente-a-la-desaparicion-forzada\/","og_locale":"es_ES","og_type":"article","og_title":"En busca de respuestas: a\u00fan queda un gran trabajo de derechos humanos por hacer frente a la desaparici\u00f3n forzada - Humanium","og_description":"Algunas personas buscan sus familias durante todas sus vidas. Ellos mismos desaparecen en la b\u00fasqueda. Esta terrible violaci\u00f3n sucede junto con abusos de tortura; confesiones obtenidas mediante coacci\u00f3n, agresi\u00f3n sexual y asesinatos; e inflige un tormento inimaginable a sus v\u00edctimas y sobrevivientes.","og_url":"https:\/\/www.humanium.org\/es\/en-busca-de-respuestas-aun-queda-un-gran-trabajo-de-derechos-humanos-por-hacer-frente-a-la-desaparicion-forzada\/","og_site_name":"Humanium","article_published_time":"2019-08-29T20:14:10+00:00","article_modified_time":"2025-12-13T21:34:20+00:00","og_image":[{"width":3000,"height":2262,"url":"https:\/\/www.humanium.org\/es\/wp-content\/uploads\/2019\/08\/shutterstock_1162461397.jpg","type":"image\/jpeg"}],"author":"Olivier","twitter_card":"summary_large_image","twitter_misc":{"Escrito por":"Olivier","Tiempo de lectura":"9 minutos"},"schema":{"@context":"https:\/\/schema.org","@graph":[{"@type":"WebPage","@id":"https:\/\/www.humanium.org\/es\/en-busca-de-respuestas-aun-queda-un-gran-trabajo-de-derechos-humanos-por-hacer-frente-a-la-desaparicion-forzada\/","url":"https:\/\/www.humanium.org\/es\/en-busca-de-respuestas-aun-queda-un-gran-trabajo-de-derechos-humanos-por-hacer-frente-a-la-desaparicion-forzada\/","name":"En busca de respuestas: a\u00fan queda un gran trabajo de derechos humanos por hacer frente a la desaparici\u00f3n forzada - Humanium","isPartOf":{"@id":"https:\/\/www.humanium.org\/es\/#website"},"primaryImageOfPage":{"@id":"https:\/\/www.humanium.org\/es\/en-busca-de-respuestas-aun-queda-un-gran-trabajo-de-derechos-humanos-por-hacer-frente-a-la-desaparicion-forzada\/#primaryimage"},"image":{"@id":"https:\/\/www.humanium.org\/es\/en-busca-de-respuestas-aun-queda-un-gran-trabajo-de-derechos-humanos-por-hacer-frente-a-la-desaparicion-forzada\/#primaryimage"},"thumbnailUrl":"https:\/\/www.humanium.org\/es\/wp-content\/uploads\/2019\/08\/shutterstock_1162461397.jpg","datePublished":"2019-08-29T20:14:10+00:00","dateModified":"2025-12-13T21:34:20+00:00","author":{"@id":"https:\/\/www.humanium.org\/es\/#\/schema\/person\/a7bc4047fa1a59491b84b14abef018a7"},"description":"Algunas personas buscan sus familias durante todas sus vidas. Ellos mismos desaparecen en la b\u00fasqueda. Esta terrible violaci\u00f3n sucede junto con abusos de tortura; confesiones obtenidas mediante coacci\u00f3n, agresi\u00f3n sexual y asesinatos; e inflige un tormento inimaginable a sus v\u00edctimas y sobrevivientes.","breadcrumb":{"@id":"https:\/\/www.humanium.org\/es\/en-busca-de-respuestas-aun-queda-un-gran-trabajo-de-derechos-humanos-por-hacer-frente-a-la-desaparicion-forzada\/#breadcrumb"},"inLanguage":"es","potentialAction":[{"@type":"ReadAction","target":["https:\/\/www.humanium.org\/es\/en-busca-de-respuestas-aun-queda-un-gran-trabajo-de-derechos-humanos-por-hacer-frente-a-la-desaparicion-forzada\/"]}]},{"@type":"ImageObject","inLanguage":"es","@id":"https:\/\/www.humanium.org\/es\/en-busca-de-respuestas-aun-queda-un-gran-trabajo-de-derechos-humanos-por-hacer-frente-a-la-desaparicion-forzada\/#primaryimage","url":"https:\/\/www.humanium.org\/es\/wp-content\/uploads\/2019\/08\/shutterstock_1162461397.jpg","contentUrl":"https:\/\/www.humanium.org\/es\/wp-content\/uploads\/2019\/08\/shutterstock_1162461397.jpg","width":3000,"height":2262},{"@type":"BreadcrumbList","@id":"https:\/\/www.humanium.org\/es\/en-busca-de-respuestas-aun-queda-un-gran-trabajo-de-derechos-humanos-por-hacer-frente-a-la-desaparicion-forzada\/#breadcrumb","itemListElement":[{"@type":"ListItem","position":1,"name":"Home","item":"https:\/\/www.humanium.org\/es\/"},{"@type":"ListItem","position":2,"name":"En busca de respuestas: a\u00fan queda un gran trabajo de derechos humanos por hacer frente a la desaparici\u00f3n forzada"}]},{"@type":"WebSite","@id":"https:\/\/www.humanium.org\/es\/#website","url":"https:\/\/www.humanium.org\/es\/","name":"Humanium","description":"\u00a1Los ni\u00f1os primero!","potentialAction":[{"@type":"SearchAction","target":{"@type":"EntryPoint","urlTemplate":"https:\/\/www.humanium.org\/es\/?s={search_term_string}"},"query-input":{"@type":"PropertyValueSpecification","valueRequired":true,"valueName":"search_term_string"}}],"inLanguage":"es"},{"@type":"Person","@id":"https:\/\/www.humanium.org\/es\/#\/schema\/person\/a7bc4047fa1a59491b84b14abef018a7","name":"Olivier","image":{"@type":"ImageObject","inLanguage":"es","@id":"https:\/\/www.humanium.org\/es\/#\/schema\/person\/image\/","url":"https:\/\/secure.gravatar.com\/avatar\/945a9bb4662b83cabc6e1483b64823d58adf8c47dcbb3a834cd5df54a5f60495?s=96&d=mm&r=g","contentUrl":"https:\/\/secure.gravatar.com\/avatar\/945a9bb4662b83cabc6e1483b64823d58adf8c47dcbb3a834cd5df54a5f60495?s=96&d=mm&r=g","caption":"Olivier"},"url":"https:\/\/www.humanium.org\/es\/author\/olivier\/"}]}},"_links":{"self":[{"href":"https:\/\/www.humanium.org\/es\/wp-json\/wp\/v2\/posts\/12922","targetHints":{"allow":["GET"]}}],"collection":[{"href":"https:\/\/www.humanium.org\/es\/wp-json\/wp\/v2\/posts"}],"about":[{"href":"https:\/\/www.humanium.org\/es\/wp-json\/wp\/v2\/types\/post"}],"author":[{"embeddable":true,"href":"https:\/\/www.humanium.org\/es\/wp-json\/wp\/v2\/users\/1"}],"replies":[{"embeddable":true,"href":"https:\/\/www.humanium.org\/es\/wp-json\/wp\/v2\/comments?post=12922"}],"version-history":[{"count":4,"href":"https:\/\/www.humanium.org\/es\/wp-json\/wp\/v2\/posts\/12922\/revisions"}],"predecessor-version":[{"id":21576,"href":"https:\/\/www.humanium.org\/es\/wp-json\/wp\/v2\/posts\/12922\/revisions\/21576"}],"wp:featuredmedia":[{"embeddable":true,"href":"https:\/\/www.humanium.org\/es\/wp-json\/wp\/v2\/media\/12923"}],"wp:attachment":[{"href":"https:\/\/www.humanium.org\/es\/wp-json\/wp\/v2\/media?parent=12922"}],"wp:term":[{"taxonomy":"category","embeddable":true,"href":"https:\/\/www.humanium.org\/es\/wp-json\/wp\/v2\/categories?post=12922"},{"taxonomy":"post_tag","embeddable":true,"href":"https:\/\/www.humanium.org\/es\/wp-json\/wp\/v2\/tags?post=12922"}],"curies":[{"name":"wp","href":"https:\/\/api.w.org\/{rel}","templated":true}]}}