{"id":12975,"date":"2019-09-09T08:01:32","date_gmt":"2019-09-09T08:01:32","guid":{"rendered":"https:\/\/www.humanium.org\/es\/?p=12975"},"modified":"2025-12-13T21:34:20","modified_gmt":"2025-12-13T21:34:20","slug":"como-podemos-ayudar-a-los-jovenes-vulnerables-en-el-dia-mundial-de-la-prevencion-del-suicidio","status":"publish","type":"post","link":"https:\/\/www.humanium.org\/es\/como-podemos-ayudar-a-los-jovenes-vulnerables-en-el-dia-mundial-de-la-prevencion-del-suicidio\/","title":{"rendered":"\u00bfC\u00f3mo Podemos ayudar a los j\u00f3venes vulnerables en el D\u00eda Mundial de la Prevenci\u00f3n del Suicidio?"},"content":{"rendered":"\n<p><strong>\u00a1En Humanium nos esforzamos por fortalecer las\ncomunidades locales donde viven estos j\u00f3venes proporcionando protecci\u00f3n y desarrollo\npara cada joven a nivel individual y grupal!<\/strong><\/p>\n\n\n\n<h2 class=\"wp-block-heading\"><strong>El suicidio a nivel global<\/strong><\/h2>\n\n\n\n<p>Cada cuarenta segundos, una persona se quita la vida. En un a\u00f1o suman 800.000 seres humanos. Y por cada <a href=\"https:\/\/www.humanium.org\/es\/suicidio-infantil\/\">suicidio <\/a>que se comete, hay 135 personas que sufren un duelo intenso o que han sido afectadas. Adem\u00e1s, por cada suicidio, hay 25 personas que est\u00e1n llevando a cabo un intento de suicidio, y muchas m\u00e1s personas est\u00e1n pensando seriamente en el suicidio. (International Association for Suicide Prevention, n.d.) A nivel global, el suicidio representa un 1.4% de todas las muertes siendo la quinceava causa de muerte. (Bilsen, 2018) &nbsp;Estas s\u00f3lo son estad\u00edsticas, pero detr\u00e1s de cada porcentaje existe una persona con sus memorias y vida. Para poder ayudar, las organizaciones por todo el mundo est\u00e1n buscando m\u00e9todos de prevenci\u00f3n del suicidio as\u00ed como fomentando que crezca un activismo de concientizaci\u00f3n. El D\u00eda Mundial de la Prevenci\u00f3n del Suicidio, el 10 de septiembre, ya viene pronto. Es el d\u00eda en el cual hay un \u00e9nfasis en que crezca la conciencia sobre c\u00f3mo prevenir el suicidio. Es un d\u00eda de conmemoraci\u00f3n y tambi\u00e9n de concientizaci\u00f3n, la AIPS tiene como objetivo ayudar a la gente que necesita apoyo psicol\u00f3gico. (Asociaci\u00f3n Internacional de la Prevenci\u00f3n del Suicidio n.d)<\/p>\n\n\n\n<figure class=\"wp-block-image\"><img loading=\"lazy\" decoding=\"async\" width=\"1000\" height=\"667\" src=\"https:\/\/www.humanium.org\/es\/wp-content\/uploads\/2019\/09\/shutterstock_470409893.jpg\" alt=\"\" class=\"wp-image-12977\" srcset=\"https:\/\/www.humanium.org\/es\/wp-content\/uploads\/2019\/09\/shutterstock_470409893.jpg 1000w, https:\/\/www.humanium.org\/es\/wp-content\/uploads\/2019\/09\/shutterstock_470409893-300x200.jpg 300w, https:\/\/www.humanium.org\/es\/wp-content\/uploads\/2019\/09\/shutterstock_470409893-768x512.jpg 768w, https:\/\/www.humanium.org\/es\/wp-content\/uploads\/2019\/09\/shutterstock_470409893-830x554.jpg 830w, https:\/\/www.humanium.org\/es\/wp-content\/uploads\/2019\/09\/shutterstock_470409893-230x153.jpg 230w, https:\/\/www.humanium.org\/es\/wp-content\/uploads\/2019\/09\/shutterstock_470409893-350x233.jpg 350w, https:\/\/www.humanium.org\/es\/wp-content\/uploads\/2019\/09\/shutterstock_470409893-480x320.jpg 480w, https:\/\/www.humanium.org\/es\/wp-content\/uploads\/2019\/09\/shutterstock_470409893-272x182.jpg 272w\" sizes=\"auto, (max-width: 1000px) 100vw, 1000px\" \/><\/figure>\n\n\n\n<h2 class=\"wp-block-heading\"><strong>AIPS y DMPS<\/strong><\/h2>\n\n\n\n<p>La Asociaci\u00f3n Internacional\nde la Prevenci\u00f3n del Suicidio se especializa en \u201cprevenir el comportamiento\nsuicida, aleviar sus efectos y proporcionar un foro para acad\u00e9micos,\nprofesionales de la salud mental, especialistas en casos de crisis, voluntarios\ny sobrevivientes del suicidio.\u201d (AIPS, n.d.)&nbsp;\nEn el a\u00f1o 2003 crearon el primer DMPS (D\u00eda Mundial de la Prevenci\u00f3n del\nSuicidio) respaldado por la Organizaci\u00f3n Mundial de la Salud (OMS). (McKenna,\n2017) &nbsp;Al ser reconocido por la OMS, se\nhan celebrado m\u00e1s de 300 actividades en m\u00e1s de 70 pa\u00edses en los \u00faltimos a\u00f1os\nseg\u00fan informes recibidos por la AIPS. (WHO, n.d.) Para el d\u00eda de la prevenci\u00f3n\nanual del suicidio del 2019, la AIPS est\u00e1 organizando el Proyecto de ir en\nbicicleta alrededor del mundo as\u00ed se anima a los participantes a ir en\nbicicleta a un buen n\u00famero de lugares &nbsp;en&nbsp; el\nmundo y a la vez, se fomenta la concientizaci\u00f3n sobre la prevenci\u00f3n del\nsuicidio. Asimismo, se invita a los participantes a que enciendan una vela\ncerca de una ventana a las 8 de la tarde en ese d\u00eda, es la actividad Enciende\nuna vela (IASP, n.d.).<\/p>\n\n\n\n<h2 class=\"wp-block-heading\"><strong>El suicidio y los j\u00f3venes<\/strong> <\/h2>\n\n\n\n<p>En cuanto a la\nedad, el suicidio afecta m\u00e1s a la gente mayor que a los j\u00f3venes, pero es\ntodav\u00eda una de las causas principales de muerte de j\u00f3venes y adolescentes. A\nnivel global<a>,<\/a> el suicidio es la segunda causa de\nmuerte en el rango entre 15 y 29 a\u00f1os. (Bilsen, 2018) &nbsp;Seg\u00fan &nbsp;los\ndatos obtenidos, el suicidio incluso comienza a la edad de 5 a\u00f1os. De acuerdo a\nla investigaci\u00f3n de la Organizaci\u00f3n Mundial de la Salud (OMS): \u201cSon los pa\u00edses\nde renta baja y media los que cargan con el mayor peso del suicidio a nivel\nmundial con una estimaci\u00f3n del 75% de todos los suicidios ocurridos.\u201d (WHO,\n2014) A trav\u00e9s de los a\u00f1os, el porcentaje de suicidios no ha disminu\u00eddo sino\nque ha ido aumentando progresivamente. (Bilsen, 2018) Como consecuencia, el\naumento de suicidios juveniles ha tra\u00eddo efectos adversos psicosociales y\nsocioecon\u00f3micos en sus comunidades. <\/p>\n\n\n\n<p>De hecho, esta problem\u00e1tica ha provocado que se involucre los servicios de salud mental p\u00fablica&nbsp; a trav\u00e9s de medidas de prevenci\u00f3n efectivas, pero todav\u00eda hay trabajo por hacer. El suicidio en la gente joven puede surgir despu\u00e9s de que llegan a un cierto nivel de desesperaci\u00f3n, inseguridad, estr\u00e9s y una sensaci\u00f3n de p\u00e9rdida del control. (Bilsen, 2018) Los j\u00f3venes pueden sentirse desesperados al estar afectados por relaciones familiares negativas, amistades o escuelas estrictas. De hecho, en un 50% de casos de suicidio juvenil, ha habido factores familiares. Hay muchos otros factores que pueden conducir a que los j\u00f3venes tengan pensamientos suicidas como desajustes alimenticios y psicol\u00f3gicos, condiciones econ\u00f3micas, eventos espec\u00edficos de sus vidas, intentos anteriores de suicidio e imitaci\u00f3n a trav\u00e9s del contagio (influenciados por un modelo a seguir). (Bilsen, 2018) La gran cantidad de factores hace que sea dif\u00edcil encontrar una prevenci\u00f3n universal del suicidio, pero hay formas establecidas a trav\u00e9s de las cuales los doctores y psic\u00f3logos pueden trabajar para ayudar a los j\u00f3venes y adolescentes que lo necesiten.<\/p>\n\n\n\n<figure class=\"wp-block-image\"><img loading=\"lazy\" decoding=\"async\" width=\"1000\" height=\"667\" src=\"https:\/\/www.humanium.org\/es\/wp-content\/uploads\/2019\/09\/shutterstock_230620183.jpg\" alt=\"\" class=\"wp-image-12978\" srcset=\"https:\/\/www.humanium.org\/es\/wp-content\/uploads\/2019\/09\/shutterstock_230620183.jpg 1000w, https:\/\/www.humanium.org\/es\/wp-content\/uploads\/2019\/09\/shutterstock_230620183-300x200.jpg 300w, https:\/\/www.humanium.org\/es\/wp-content\/uploads\/2019\/09\/shutterstock_230620183-768x512.jpg 768w, https:\/\/www.humanium.org\/es\/wp-content\/uploads\/2019\/09\/shutterstock_230620183-830x554.jpg 830w, https:\/\/www.humanium.org\/es\/wp-content\/uploads\/2019\/09\/shutterstock_230620183-230x153.jpg 230w, https:\/\/www.humanium.org\/es\/wp-content\/uploads\/2019\/09\/shutterstock_230620183-350x233.jpg 350w, https:\/\/www.humanium.org\/es\/wp-content\/uploads\/2019\/09\/shutterstock_230620183-480x320.jpg 480w, https:\/\/www.humanium.org\/es\/wp-content\/uploads\/2019\/09\/shutterstock_230620183-272x182.jpg 272w\" sizes=\"auto, (max-width: 1000px) 100vw, 1000px\" \/><\/figure>\n\n\n\n<h2 class=\"wp-block-heading\"><strong>Las soluciones- formas de prevenci\u00f3n<\/strong><\/h2>\n\n\n\n<p>Para aleviar algo de su estr\u00e9s, es imperativo que los j\u00f3venes y\nadolescentes reciban apoyos con recursos como por ejemplo: \u201c una situaci\u00f3n de\nvida estable, relaciones de amistad estrechas, un marco estructural y recursos\necon\u00f3micos.\u201d &nbsp;(Bilsen, 2018) &nbsp;Por supuesto, no son f\u00e1ciles de conseguir y por\nello es tan importante que los j\u00f3venes y adolescentes que lo necesiten puedan\nrecibir apoyo psicol\u00f3gico de psiquiatras y psic\u00f3logos titulados para que tengan\nuna persona en la que poder confiar.<\/p>\n\n\n\n<p>Como lo explica\nla OMS, muchos suicidios se producen impulsivamente. (WHO, 2014) &nbsp;Pasan de pensamientos suicidas a acciones\nsuicidas que ocurren con frecuencia de forma espont\u00e1nea y repentina. El suicidio\n&#8211; no se puede negar- es una batalla interna en la que se puede pensar durante\nmucho tiempo, pero se puede resolver instintivamente. Tambi\u00e9n hay muchas\nrazones que llevan a que la gente act\u00fae, pero tambi\u00e9n hay muchas maneras de\nprevenirlas. (Bilsen, 2018)<\/p>\n\n\n\n<h2 class=\"wp-block-heading\"><strong>El 10 de Septiembre, dialoguemos <\/strong><\/h2>\n\n\n\n<p>El 10 de Septiembre es un d\u00eda importante de concientizaci\u00f3n sobre las numerosas formas de prevenci\u00f3n. Tambi\u00e9n es un d\u00eda importante para quienes est\u00e1n pas\u00e1ndolo mal para que descubran que no est\u00e1n solos, que hay formas de obtener ayuda. Se recomienda por muchas fuentes que se hable con otra persona cuando se tengan pensamientos suicidas. Por ejemplo, en <a href=\"https:\/\/spunout.ie\/\">SpunOut<\/a>, una p\u00e1gina web interactiva sobre <a href=\"https:\/\/www.humanium.org\/es\/salud\/\">salud <\/a>creada por gente joven para gente joven, . (McKenna, 2017) &nbsp;&nbsp;El DMPS es tambi\u00e9n un d\u00eda en el cual se invita a la gente a que ayuden a aquellos que est\u00e1n pas\u00e1ndolo mal haci\u00e9ndoles preguntas sencillas como por ejemplo: \u201cNo pareces el mismo \u00faltimamente, \u00bfva todo bien?\u201d (McKenna, 2017) Hablar sobre lo que les sucede es un gran paso para sentirse mejor ya que permite que los j\u00f3venes tengan acceso a recursos sobre salud psicol\u00f3gica.<\/p>\n\n\n\n<figure class=\"wp-block-image\"><img loading=\"lazy\" decoding=\"async\" width=\"1000\" height=\"667\" src=\"https:\/\/www.humanium.org\/es\/wp-content\/uploads\/2019\/09\/shutterstock_1155348268.jpg\" alt=\"\" class=\"wp-image-12979\" srcset=\"https:\/\/www.humanium.org\/es\/wp-content\/uploads\/2019\/09\/shutterstock_1155348268.jpg 1000w, https:\/\/www.humanium.org\/es\/wp-content\/uploads\/2019\/09\/shutterstock_1155348268-300x200.jpg 300w, https:\/\/www.humanium.org\/es\/wp-content\/uploads\/2019\/09\/shutterstock_1155348268-768x512.jpg 768w, https:\/\/www.humanium.org\/es\/wp-content\/uploads\/2019\/09\/shutterstock_1155348268-830x554.jpg 830w, https:\/\/www.humanium.org\/es\/wp-content\/uploads\/2019\/09\/shutterstock_1155348268-230x153.jpg 230w, https:\/\/www.humanium.org\/es\/wp-content\/uploads\/2019\/09\/shutterstock_1155348268-350x233.jpg 350w, https:\/\/www.humanium.org\/es\/wp-content\/uploads\/2019\/09\/shutterstock_1155348268-480x320.jpg 480w, https:\/\/www.humanium.org\/es\/wp-content\/uploads\/2019\/09\/shutterstock_1155348268-272x182.jpg 272w\" sizes=\"auto, (max-width: 1000px) 100vw, 1000px\" \/><\/figure>\n\n\n\n<p>En <strong><a href=\"https:\/\/www.humanium.org\/es\/\">Humanium <\/a><\/strong>nuestros proyectos, para que los participantes se impliquen, se llevan a cabo con la ayuda de psic\u00f3logos, mentores personales, gestores de liderazgo titulados, terapeutas de experimentaci\u00f3n som\u00e1tica. A trav\u00e9s de nuestra metodolog\u00eda, les damos una voz a aquellos que est\u00e1n pas\u00e1ndolo mal, para motivarlos a que se abran a la bella aventura de la vida humana. Creemos que la comunicaci\u00f3n es crucial para el desarrollo humano, especialmente durante momentos de crisis. Por ello alentamos a quienes est\u00e1n pas\u00e1ndolo mal a nivel emocional a que hablen con sus colegas, sus familiares y amigos, sus maestros y con cualquier persona que sea cercana para que as\u00ed reciban el apoyo que necesitan. \u00a1Unidos somos fuertes!<\/p>\n\n\n\n<p><strong><em>Escrito por<\/em><\/strong><em> Leah Benque<\/em><\/p>\n\n\n\n<p><strong><em>Traducido por <\/em><\/strong><em>Mar\u00eda Guadalupe Su\u00e1rez<\/em><\/p>\n\n\n\n<h2 class=\"wp-block-heading\">Fuentes<\/h2>\n\n\n\n<p>Bilsen,\nJohan (2018, October 30), \u201cSuicide and Youth: Risk Factors,\u201d <em>Front Psychiatry<\/em>. Retrieved from US\nNational Library of Medicine National Institutes of Health: <a href=\"https:\/\/www.ncbi.nlm.nih.gov\/pmc\/articles\/PMC6218408\/\">https:\/\/www.ncbi.nlm.nih.gov\/pmc\/articles\/PMC6218408\/<\/a><\/p>\n\n\n\n<p>International\nAssociation for Suicide Prevention. (n.d.), \u201cWorld Suicide Prevention Day\n(WSPD) 2019,\u201d IASP. Retrieved from World Suicide Prevention Day #WSPD: <a href=\"https:\/\/www.iasp.info\/wspd2019\/\">https:\/\/www.iasp.info\/wspd2019\/<\/a><\/p>\n\n\n\n<p>International\nAssociation for Suicide Prevention. (n.d.), \u201cWorld Suicide Prevention Day:\nWorking Together to Prevent Suicide September 10, 2019,\u201d International\nAssociation for Suicide Prevention. Retrieved from WSPD Brochure: <a href=\"https:\/\/www.iasp.info\/wspd\/pdf\/2019\/2019_wspd_brochure.pdf\">https:\/\/www.iasp.info\/wspd\/pdf\/2019\/2019_wspd_brochure.pdf<\/a><\/p>\n\n\n\n<p>McKenna,\nOis\u00ecn (2017, September 8), \u201cWorld Suicide Prevention Day 2017,\u201d SpunOut.\nRetrieved from SpunOut News: <a href=\"https:\/\/spunout.ie\/news\/article\/world-suicide-prevention-day-2017\">https:\/\/spunout.ie\/news\/article\/world-suicide-prevention-day-2017<\/a><\/p>\n\n\n\n<p>World\nHealth Organization (n.d.), \u201cWorld Suicide Prevention Day,\u201d WHO. Retrieved from\nWHO Newsroom: <a href=\"https:\/\/www.who.int\/news-room\/events\/detail\/2019\/09\/10\/default-calendar\/world-suicide-prevention-day-(wspd)\">https:\/\/www.who.int\/news-room\/events\/detail\/2019\/09\/10\/default-calendar\/world-suicide-prevention-day-(wspd)<\/a><\/p>\n\n\n\n<p>World\nhealth Organization (2014), \u201cPreventing Suicide: A Global Imperative,\u201d WHO.\nRetrieved from WHO Mental Health: https:\/\/www.who.int\/mental_health\/suicide-prevention\/world_report_2014\/en\/<\/p>\n","protected":false},"excerpt":{"rendered":"<p>\u00a1En Humanium nos esforzamos por fortalecer las comunidades locales donde viven estos j\u00f3venes proporcionando protecci\u00f3n y desarrollo para cada joven a nivel individual y grupal! El suicidio a nivel global Cada cuarenta segundos, una persona se quita la vida. En un a\u00f1o suman 800.000 seres humanos. Y por cada suicidio que se comete, hay 135 [&hellip;]<\/p>\n","protected":false},"author":22,"featured_media":14564,"comment_status":"closed","ping_status":"closed","sticky":false,"template":"","format":"standard","meta":{"footnotes":""},"categories":[148],"tags":[],"class_list":["post-12975","post","type-post","status-publish","format-standard","has-post-thumbnail","hentry","category-derechos-del-nino"],"yoast_head":"<!-- This site is optimized with the Yoast SEO plugin v26.5 - https:\/\/yoast.com\/wordpress\/plugins\/seo\/ -->\n<title>\u00bfC\u00f3mo Podemos ayudar a los j\u00f3venes vulnerables en el D\u00eda Mundial de la Prevenci\u00f3n del Suicidio? - Humanium<\/title>\n<meta name=\"description\" content=\"Cada cuarenta segundos, una persona se quita la vida. El D\u00eda Mundial de la Prevenci\u00f3n del Suicidio, el 10 de septiembre, es el d\u00eda en el cual hay un \u00e9nfasis en que crezca la conciencia sobre c\u00f3mo prevenir el suicidio.\" \/>\n<meta name=\"robots\" content=\"index, follow, max-snippet:-1, max-image-preview:large, max-video-preview:-1\" \/>\n<link rel=\"canonical\" href=\"https:\/\/www.humanium.org\/es\/como-podemos-ayudar-a-los-jovenes-vulnerables-en-el-dia-mundial-de-la-prevencion-del-suicidio\/\" \/>\n<meta property=\"og:locale\" content=\"es_ES\" \/>\n<meta property=\"og:type\" content=\"article\" \/>\n<meta property=\"og:title\" content=\"\u00bfC\u00f3mo Podemos ayudar a los j\u00f3venes vulnerables en el D\u00eda Mundial de la Prevenci\u00f3n del Suicidio? - Humanium\" \/>\n<meta property=\"og:description\" content=\"Cada cuarenta segundos, una persona se quita la vida. El D\u00eda Mundial de la Prevenci\u00f3n del Suicidio, el 10 de septiembre, es el d\u00eda en el cual hay un \u00e9nfasis en que crezca la conciencia sobre c\u00f3mo prevenir el suicidio.\" \/>\n<meta property=\"og:url\" content=\"https:\/\/www.humanium.org\/es\/como-podemos-ayudar-a-los-jovenes-vulnerables-en-el-dia-mundial-de-la-prevencion-del-suicidio\/\" \/>\n<meta property=\"og:site_name\" content=\"Humanium\" \/>\n<meta property=\"article:published_time\" content=\"2019-09-09T08:01:32+00:00\" \/>\n<meta property=\"article:modified_time\" content=\"2025-12-13T21:34:20+00:00\" \/>\n<meta property=\"og:image\" content=\"https:\/\/www.humanium.org\/es\/wp-content\/uploads\/2019\/09\/shutterstock_1140282473-scaled.jpg\" \/>\n\t<meta property=\"og:image:width\" content=\"2560\" \/>\n\t<meta property=\"og:image:height\" content=\"1707\" \/>\n\t<meta property=\"og:image:type\" content=\"image\/jpeg\" \/>\n<meta name=\"author\" content=\"Leah Benque\" \/>\n<meta name=\"twitter:card\" content=\"summary_large_image\" \/>\n<meta name=\"twitter:label1\" content=\"Escrito por\" \/>\n\t<meta name=\"twitter:data1\" content=\"Leah Benque\" \/>\n\t<meta name=\"twitter:label2\" content=\"Tiempo de lectura\" \/>\n\t<meta name=\"twitter:data2\" content=\"7 minutos\" \/>\n<script type=\"application\/ld+json\" class=\"yoast-schema-graph\">{\"@context\":\"https:\/\/schema.org\",\"@graph\":[{\"@type\":\"WebPage\",\"@id\":\"https:\/\/www.humanium.org\/es\/como-podemos-ayudar-a-los-jovenes-vulnerables-en-el-dia-mundial-de-la-prevencion-del-suicidio\/\",\"url\":\"https:\/\/www.humanium.org\/es\/como-podemos-ayudar-a-los-jovenes-vulnerables-en-el-dia-mundial-de-la-prevencion-del-suicidio\/\",\"name\":\"\u00bfC\u00f3mo Podemos ayudar a los j\u00f3venes vulnerables en el D\u00eda Mundial de la Prevenci\u00f3n del Suicidio? - Humanium\",\"isPartOf\":{\"@id\":\"https:\/\/www.humanium.org\/es\/#website\"},\"primaryImageOfPage\":{\"@id\":\"https:\/\/www.humanium.org\/es\/como-podemos-ayudar-a-los-jovenes-vulnerables-en-el-dia-mundial-de-la-prevencion-del-suicidio\/#primaryimage\"},\"image\":{\"@id\":\"https:\/\/www.humanium.org\/es\/como-podemos-ayudar-a-los-jovenes-vulnerables-en-el-dia-mundial-de-la-prevencion-del-suicidio\/#primaryimage\"},\"thumbnailUrl\":\"https:\/\/www.humanium.org\/es\/wp-content\/uploads\/2019\/09\/shutterstock_1140282473-scaled.jpg\",\"datePublished\":\"2019-09-09T08:01:32+00:00\",\"dateModified\":\"2025-12-13T21:34:20+00:00\",\"author\":{\"@id\":\"https:\/\/www.humanium.org\/es\/#\/schema\/person\/4f4506be7848997f3ed75caa5003d747\"},\"description\":\"Cada cuarenta segundos, una persona se quita la vida. El D\u00eda Mundial de la Prevenci\u00f3n del Suicidio, el 10 de septiembre, es el d\u00eda en el cual hay un \u00e9nfasis en que crezca la conciencia sobre c\u00f3mo prevenir el suicidio.\",\"breadcrumb\":{\"@id\":\"https:\/\/www.humanium.org\/es\/como-podemos-ayudar-a-los-jovenes-vulnerables-en-el-dia-mundial-de-la-prevencion-del-suicidio\/#breadcrumb\"},\"inLanguage\":\"es\",\"potentialAction\":[{\"@type\":\"ReadAction\",\"target\":[\"https:\/\/www.humanium.org\/es\/como-podemos-ayudar-a-los-jovenes-vulnerables-en-el-dia-mundial-de-la-prevencion-del-suicidio\/\"]}]},{\"@type\":\"ImageObject\",\"inLanguage\":\"es\",\"@id\":\"https:\/\/www.humanium.org\/es\/como-podemos-ayudar-a-los-jovenes-vulnerables-en-el-dia-mundial-de-la-prevencion-del-suicidio\/#primaryimage\",\"url\":\"https:\/\/www.humanium.org\/es\/wp-content\/uploads\/2019\/09\/shutterstock_1140282473-scaled.jpg\",\"contentUrl\":\"https:\/\/www.humanium.org\/es\/wp-content\/uploads\/2019\/09\/shutterstock_1140282473-scaled.jpg\",\"width\":2560,\"height\":1707},{\"@type\":\"BreadcrumbList\",\"@id\":\"https:\/\/www.humanium.org\/es\/como-podemos-ayudar-a-los-jovenes-vulnerables-en-el-dia-mundial-de-la-prevencion-del-suicidio\/#breadcrumb\",\"itemListElement\":[{\"@type\":\"ListItem\",\"position\":1,\"name\":\"Home\",\"item\":\"https:\/\/www.humanium.org\/es\/\"},{\"@type\":\"ListItem\",\"position\":2,\"name\":\"\u00bfC\u00f3mo Podemos ayudar a los j\u00f3venes vulnerables en el D\u00eda Mundial de la Prevenci\u00f3n del Suicidio?\"}]},{\"@type\":\"WebSite\",\"@id\":\"https:\/\/www.humanium.org\/es\/#website\",\"url\":\"https:\/\/www.humanium.org\/es\/\",\"name\":\"Humanium\",\"description\":\"\u00a1Los ni\u00f1os primero!\",\"potentialAction\":[{\"@type\":\"SearchAction\",\"target\":{\"@type\":\"EntryPoint\",\"urlTemplate\":\"https:\/\/www.humanium.org\/es\/?s={search_term_string}\"},\"query-input\":{\"@type\":\"PropertyValueSpecification\",\"valueRequired\":true,\"valueName\":\"search_term_string\"}}],\"inLanguage\":\"es\"},{\"@type\":\"Person\",\"@id\":\"https:\/\/www.humanium.org\/es\/#\/schema\/person\/4f4506be7848997f3ed75caa5003d747\",\"name\":\"Leah Benque\",\"image\":{\"@type\":\"ImageObject\",\"inLanguage\":\"es\",\"@id\":\"https:\/\/www.humanium.org\/es\/#\/schema\/person\/image\/\",\"url\":\"https:\/\/secure.gravatar.com\/avatar\/421c1d4cf470c86ca3ed445ed217f10e90c9854813b49f6c1d6e842122c12de0?s=96&d=mm&r=g\",\"contentUrl\":\"https:\/\/secure.gravatar.com\/avatar\/421c1d4cf470c86ca3ed445ed217f10e90c9854813b49f6c1d6e842122c12de0?s=96&d=mm&r=g\",\"caption\":\"Leah Benque\"},\"sameAs\":[\"https:\/\/www.linkedin.com\/in\/leah-benque-64875392\/\"],\"url\":\"https:\/\/www.humanium.org\/es\/author\/autor_leahbenque\/\"}]}<\/script>\n<!-- \/ Yoast SEO plugin. -->","yoast_head_json":{"title":"\u00bfC\u00f3mo Podemos ayudar a los j\u00f3venes vulnerables en el D\u00eda Mundial de la Prevenci\u00f3n del Suicidio? - Humanium","description":"Cada cuarenta segundos, una persona se quita la vida. El D\u00eda Mundial de la Prevenci\u00f3n del Suicidio, el 10 de septiembre, es el d\u00eda en el cual hay un \u00e9nfasis en que crezca la conciencia sobre c\u00f3mo prevenir el suicidio.","robots":{"index":"index","follow":"follow","max-snippet":"max-snippet:-1","max-image-preview":"max-image-preview:large","max-video-preview":"max-video-preview:-1"},"canonical":"https:\/\/www.humanium.org\/es\/como-podemos-ayudar-a-los-jovenes-vulnerables-en-el-dia-mundial-de-la-prevencion-del-suicidio\/","og_locale":"es_ES","og_type":"article","og_title":"\u00bfC\u00f3mo Podemos ayudar a los j\u00f3venes vulnerables en el D\u00eda Mundial de la Prevenci\u00f3n del Suicidio? - Humanium","og_description":"Cada cuarenta segundos, una persona se quita la vida. El D\u00eda Mundial de la Prevenci\u00f3n del Suicidio, el 10 de septiembre, es el d\u00eda en el cual hay un \u00e9nfasis en que crezca la conciencia sobre c\u00f3mo prevenir el suicidio.","og_url":"https:\/\/www.humanium.org\/es\/como-podemos-ayudar-a-los-jovenes-vulnerables-en-el-dia-mundial-de-la-prevencion-del-suicidio\/","og_site_name":"Humanium","article_published_time":"2019-09-09T08:01:32+00:00","article_modified_time":"2025-12-13T21:34:20+00:00","og_image":[{"width":2560,"height":1707,"url":"https:\/\/www.humanium.org\/es\/wp-content\/uploads\/2019\/09\/shutterstock_1140282473-scaled.jpg","type":"image\/jpeg"}],"author":"Leah Benque","twitter_card":"summary_large_image","twitter_misc":{"Escrito por":"Leah Benque","Tiempo de lectura":"7 minutos"},"schema":{"@context":"https:\/\/schema.org","@graph":[{"@type":"WebPage","@id":"https:\/\/www.humanium.org\/es\/como-podemos-ayudar-a-los-jovenes-vulnerables-en-el-dia-mundial-de-la-prevencion-del-suicidio\/","url":"https:\/\/www.humanium.org\/es\/como-podemos-ayudar-a-los-jovenes-vulnerables-en-el-dia-mundial-de-la-prevencion-del-suicidio\/","name":"\u00bfC\u00f3mo Podemos ayudar a los j\u00f3venes vulnerables en el D\u00eda Mundial de la Prevenci\u00f3n del Suicidio? - Humanium","isPartOf":{"@id":"https:\/\/www.humanium.org\/es\/#website"},"primaryImageOfPage":{"@id":"https:\/\/www.humanium.org\/es\/como-podemos-ayudar-a-los-jovenes-vulnerables-en-el-dia-mundial-de-la-prevencion-del-suicidio\/#primaryimage"},"image":{"@id":"https:\/\/www.humanium.org\/es\/como-podemos-ayudar-a-los-jovenes-vulnerables-en-el-dia-mundial-de-la-prevencion-del-suicidio\/#primaryimage"},"thumbnailUrl":"https:\/\/www.humanium.org\/es\/wp-content\/uploads\/2019\/09\/shutterstock_1140282473-scaled.jpg","datePublished":"2019-09-09T08:01:32+00:00","dateModified":"2025-12-13T21:34:20+00:00","author":{"@id":"https:\/\/www.humanium.org\/es\/#\/schema\/person\/4f4506be7848997f3ed75caa5003d747"},"description":"Cada cuarenta segundos, una persona se quita la vida. El D\u00eda Mundial de la Prevenci\u00f3n del Suicidio, el 10 de septiembre, es el d\u00eda en el cual hay un \u00e9nfasis en que crezca la conciencia sobre c\u00f3mo prevenir el suicidio.","breadcrumb":{"@id":"https:\/\/www.humanium.org\/es\/como-podemos-ayudar-a-los-jovenes-vulnerables-en-el-dia-mundial-de-la-prevencion-del-suicidio\/#breadcrumb"},"inLanguage":"es","potentialAction":[{"@type":"ReadAction","target":["https:\/\/www.humanium.org\/es\/como-podemos-ayudar-a-los-jovenes-vulnerables-en-el-dia-mundial-de-la-prevencion-del-suicidio\/"]}]},{"@type":"ImageObject","inLanguage":"es","@id":"https:\/\/www.humanium.org\/es\/como-podemos-ayudar-a-los-jovenes-vulnerables-en-el-dia-mundial-de-la-prevencion-del-suicidio\/#primaryimage","url":"https:\/\/www.humanium.org\/es\/wp-content\/uploads\/2019\/09\/shutterstock_1140282473-scaled.jpg","contentUrl":"https:\/\/www.humanium.org\/es\/wp-content\/uploads\/2019\/09\/shutterstock_1140282473-scaled.jpg","width":2560,"height":1707},{"@type":"BreadcrumbList","@id":"https:\/\/www.humanium.org\/es\/como-podemos-ayudar-a-los-jovenes-vulnerables-en-el-dia-mundial-de-la-prevencion-del-suicidio\/#breadcrumb","itemListElement":[{"@type":"ListItem","position":1,"name":"Home","item":"https:\/\/www.humanium.org\/es\/"},{"@type":"ListItem","position":2,"name":"\u00bfC\u00f3mo Podemos ayudar a los j\u00f3venes vulnerables en el D\u00eda Mundial de la Prevenci\u00f3n del Suicidio?"}]},{"@type":"WebSite","@id":"https:\/\/www.humanium.org\/es\/#website","url":"https:\/\/www.humanium.org\/es\/","name":"Humanium","description":"\u00a1Los ni\u00f1os primero!","potentialAction":[{"@type":"SearchAction","target":{"@type":"EntryPoint","urlTemplate":"https:\/\/www.humanium.org\/es\/?s={search_term_string}"},"query-input":{"@type":"PropertyValueSpecification","valueRequired":true,"valueName":"search_term_string"}}],"inLanguage":"es"},{"@type":"Person","@id":"https:\/\/www.humanium.org\/es\/#\/schema\/person\/4f4506be7848997f3ed75caa5003d747","name":"Leah Benque","image":{"@type":"ImageObject","inLanguage":"es","@id":"https:\/\/www.humanium.org\/es\/#\/schema\/person\/image\/","url":"https:\/\/secure.gravatar.com\/avatar\/421c1d4cf470c86ca3ed445ed217f10e90c9854813b49f6c1d6e842122c12de0?s=96&d=mm&r=g","contentUrl":"https:\/\/secure.gravatar.com\/avatar\/421c1d4cf470c86ca3ed445ed217f10e90c9854813b49f6c1d6e842122c12de0?s=96&d=mm&r=g","caption":"Leah Benque"},"sameAs":["https:\/\/www.linkedin.com\/in\/leah-benque-64875392\/"],"url":"https:\/\/www.humanium.org\/es\/author\/autor_leahbenque\/"}]}},"_links":{"self":[{"href":"https:\/\/www.humanium.org\/es\/wp-json\/wp\/v2\/posts\/12975","targetHints":{"allow":["GET"]}}],"collection":[{"href":"https:\/\/www.humanium.org\/es\/wp-json\/wp\/v2\/posts"}],"about":[{"href":"https:\/\/www.humanium.org\/es\/wp-json\/wp\/v2\/types\/post"}],"author":[{"embeddable":true,"href":"https:\/\/www.humanium.org\/es\/wp-json\/wp\/v2\/users\/22"}],"replies":[{"embeddable":true,"href":"https:\/\/www.humanium.org\/es\/wp-json\/wp\/v2\/comments?post=12975"}],"version-history":[{"count":4,"href":"https:\/\/www.humanium.org\/es\/wp-json\/wp\/v2\/posts\/12975\/revisions"}],"predecessor-version":[{"id":21581,"href":"https:\/\/www.humanium.org\/es\/wp-json\/wp\/v2\/posts\/12975\/revisions\/21581"}],"wp:featuredmedia":[{"embeddable":true,"href":"https:\/\/www.humanium.org\/es\/wp-json\/wp\/v2\/media\/14564"}],"wp:attachment":[{"href":"https:\/\/www.humanium.org\/es\/wp-json\/wp\/v2\/media?parent=12975"}],"wp:term":[{"taxonomy":"category","embeddable":true,"href":"https:\/\/www.humanium.org\/es\/wp-json\/wp\/v2\/categories?post=12975"},{"taxonomy":"post_tag","embeddable":true,"href":"https:\/\/www.humanium.org\/es\/wp-json\/wp\/v2\/tags?post=12975"}],"curies":[{"name":"wp","href":"https:\/\/api.w.org\/{rel}","templated":true}]}}