{"id":13018,"date":"2019-09-19T07:35:05","date_gmt":"2019-09-19T07:35:05","guid":{"rendered":"https:\/\/www.humanium.org\/es\/?p=13018"},"modified":"2025-12-13T21:23:31","modified_gmt":"2025-12-13T21:23:31","slug":"el-dia-mundial-de-la-paz-2019-llama-a-la-accion-por-el-cambio-climatico","status":"publish","type":"post","link":"https:\/\/www.humanium.org\/es\/el-dia-mundial-de-la-paz-2019-llama-a-la-accion-por-el-cambio-climatico\/","title":{"rendered":"El D\u00eda Mundial de la Paz 2019 llama a la acci\u00f3n por el cambio clim\u00e1tico"},"content":{"rendered":"\n<p><strong>El 21 de Septiembre que ser\u00e1 el D\u00eda Internacional de la Paz tiene el\ntema \u201cEl cambio clim\u00e1tico por la paz\u201d cuyo objetivo consiste en promover la paz\nen todo el mundo como plataforma sobre la importancia de combatir el cambio\nclim\u00e1tico en el 20vo. aniversario ambiental tras la resoluci\u00f3n de la ONU con el\nPrograma de Acci\u00f3n sobre la Cultura de la Paz.<\/strong><\/p>\n\n\n\n<h2 class=\"wp-block-heading\"><strong>Resumen del D\u00eda Mundial de\nla Paz<\/strong><\/h2>\n\n\n\n<blockquote class=\"wp-block-quote is-layout-flow wp-block-quote-is-layout-flow\"><p><em>\u201cEs posible alcanzar nuestros objetivos, pero necesitamos tomar decisiones, tener compromiso pol\u00edtico y pol\u00edticas transformativas que nos permitan todav\u00eda vivir en paz con nuestro propio clima.\u201d <\/em><\/p><cite>Secretario General Ant\u00f3nio Guterres, (Naciones Unidas, 15 de Mayo del 2019)<\/cite><\/blockquote>\n\n\n\n<p>Conocido como el D\u00eda Mundial de la Paz, el\nD\u00eda Internacional de la Paz se centra en <strong>fortalecer las ideas sobre la paz\nalrededor del mundo. <\/strong>Este a\u00f1o se enfoca en el cambio clim\u00e1tico demandando\nque se cumpla el objetivo 13 del Desarrollo Sustentable. Este objetivo estipula\nque disminuyan las emisiones de gases de efecto invernadero, se construya\nresiliencia y mejore <strong>la educaci\u00f3n sobre el cambio &nbsp;clim\u00e1tico<\/strong> as\u00ed como soluciones ecol\u00f3gicas,\npor ejemplo, energ\u00edas renovables y tecnolog\u00edas limpias. (Naciones Unidas, 2019)<\/p>\n\n\n\n<p>La Cumbre sobre Cambio Clim\u00e1tico de las\nNaciones Unidas convocada para el 23 de Septiembre se centrar\u00e1 en los planes\npara acelerar La Implementaci\u00f3n del Acuerdo de Par\u00eds. Fundamentalmente, se\ncolocar\u00e1 el escrutinio de la Cumbre de la ONU en los sectores industriales que\ncausan la mayor\u00eda de las emisiones de gases de efecto invernadero.<\/p>\n\n\n\n<p>Este a\u00f1o, la propuesta del D\u00eda Mundial de\nla Paz reconoce <strong>el v\u00ednculo integral entre el medioambiente y los derechos\nhumanos. <\/strong>El objetivo consiste en consolidar el bienestar de nuestro planeta\njunto al bienestar de todas sus especies fomentando la acci\u00f3n pol\u00edtica y un\ndesarrollo global responsable que favorezca la sostenibilidad del\nmedioambiente.<\/p>\n\n\n\n<h2 class=\"wp-block-heading\"><strong>Los j\u00f3venes son piezas clave para la paz<\/strong><\/h2>\n\n\n\n<p>Los ni\u00f1os y los j\u00f3venes son participantes\nclaves para la paz y la protecci\u00f3n del medioambiente. Los j\u00f3venes juegan un\npapel central en el crecimiento de la concientizaci\u00f3n; para que se apoyen\nenerg\u00edas renovables, se adopten pr\u00e1cticas respetuosas con el medioambiente, se\npromuevan formas de vida sustentables y se realicen programas educativos\n(Naciones Unidas, 2019).<\/p>\n\n\n\n<p>Este a\u00f1o, <strong>la Celebraci\u00f3n Estudiantil se <a href=\"http:\/\/webtv.un.org\/\">transmitir\u00e1 en vivo<\/a> el 20 de Septiembre<\/strong> desde la Sede Central de las Naciones Unidas. Los j\u00f3venes expondr\u00e1n sus proyectos e iniciativas para combatir el cambio clim\u00e1tico, expresar\u00e1n la fuerza de muchos j\u00f3venes que siguen dando pasos prometedores que mitiguen y prevengan los desastres en el medioambiente (Naciones Unidas, 2019).<\/p>\n\n\n\n<p>Los ni\u00f1os son el futuro de la paz y de la protecci\u00f3n medioambiental. El bienestar de nuestro planeta est\u00e1 en sus manos y debemos de trabajar con todas nuestras fuerzas para <strong>empoderar y facilitar que los j\u00f3venes <\/strong>se entreguen al m\u00e1ximo por la paz y la sostenibilidad.<\/p>\n\n\n\n<figure class=\"wp-block-image\"><img loading=\"lazy\" decoding=\"async\" width=\"1024\" height=\"683\" src=\"https:\/\/www.humanium.org\/es\/wp-content\/uploads\/2019\/09\/bbbb-1024x683.jpg\" alt=\"\" class=\"wp-image-13020\" srcset=\"https:\/\/www.humanium.org\/es\/wp-content\/uploads\/2019\/09\/bbbb-1024x683.jpg 1024w, https:\/\/www.humanium.org\/es\/wp-content\/uploads\/2019\/09\/bbbb-300x200.jpg 300w, https:\/\/www.humanium.org\/es\/wp-content\/uploads\/2019\/09\/bbbb-768x512.jpg 768w, https:\/\/www.humanium.org\/es\/wp-content\/uploads\/2019\/09\/bbbb-830x553.jpg 830w, https:\/\/www.humanium.org\/es\/wp-content\/uploads\/2019\/09\/bbbb-230x153.jpg 230w, https:\/\/www.humanium.org\/es\/wp-content\/uploads\/2019\/09\/bbbb-350x233.jpg 350w, https:\/\/www.humanium.org\/es\/wp-content\/uploads\/2019\/09\/bbbb-480x320.jpg 480w, https:\/\/www.humanium.org\/es\/wp-content\/uploads\/2019\/09\/bbbb-272x182.jpg 272w\" sizes=\"auto, (max-width: 1024px) 100vw, 1024px\" \/><\/figure>\n\n\n\n<h2 class=\"wp-block-heading\"><strong>Humanium apoya el Cambio\nClim\u00e1tico por y para la paz<\/strong><\/h2>\n\n\n\n<p>Es una responsabilidad crucial proteger a nuestro planeta tierra para las pr\u00f3ximas generaciones. Humanium est\u00e1 comprometido para trabajar por un futuro sostenible as\u00ed como por el desarrollo sostenible que es uno de los principios fundamentales de nuestro estatuto \u00e9tico que representa un elemento esencial de nuestra actitud hacia los esfuerzos humanitarios que realizamos a cada paso. Damos prioridad al desarrollo socioecon\u00f3mico que respeta a los seres humanos y a la naturaleza tanto en este momento como para las futuras generaciones (Por favor, lee nuestra <a href=\"https:\/\/www.humanium.org\/es\/guia-planeta-mas-verde-para-ninos\/\">Gu\u00eda para Ni\u00f1os por un Planeta m\u00e1s Verde: Orientaci\u00f3n Parental<\/a>).<\/p>\n\n\n\n<p>Actualmente, los proyectos de Humanium para fomentar los <a href=\"https:\/\/www.humanium.org\/es\/convencion-adaptada\/\">derechos de los ni\u00f1os<\/a> se encuentran en <a href=\"https:\/\/www.humanium.org\/es\/ruanda\/\">Rwanda <\/a>con el socio local <a href=\"https:\/\/www.avsi.org\/en\/\">AVSI<\/a> y en la <a href=\"https:\/\/www.humanium.org\/es\/india\/\">India<\/a>, en Madhya Pradesh, en colaboraci\u00f3n con <a href=\"https:\/\/www.hihindia.org\/\">Hand in Hand India<\/a>. En Madhya Pradesh, estamos ayudando a construir un <strong>Centro Residencial de Entrenamiento Especial para 50 ni\u00f1as <\/strong>que est\u00e1n en riesgo de caer en trabajos forzados. Nos da much\u00edsimo gusto anunciar que el centro ya est\u00e1 abierto y funcionando con \u00e9xito, asimismo 30 ni\u00f1as m\u00e1s ser\u00e1n acogidas en las pr\u00f3ximas semanas. <\/p>\n\n\n\n<p>T\u00fa puedes participar en los proyectos actuales de Humanium y as\u00ed <strong>contribuir para que se logren con plenitud los Derechos de los Ni\u00f1os <\/strong>en todo el mundo por medio de una <a href=\"https:\/\/www.humanium.org\/es\/donacion\/\">donaci\u00f3n <\/a>o haci\u00e9ndote socio de Humanium.<\/p>\n\n\n\n<p><strong>Resumen de datos sobre el Cambio Clim\u00e1tico (<\/strong>OMM, 2018)<\/p>\n\n\n\n<ul class=\"wp-block-list\"><li>M\u00e1s de 2 millones de personas han sido desplazadas por el clima y desastres vinculados al clima.<\/li><li>M\u00e1s de 35 millones de personas son afectadas por inundaciones.<\/li><li>Casi 62 millones de personas son afectadas por cat\u00e1strofes naturales y condiciones climatol\u00f3gicas extremas.<\/li><li>821 millones de personas est\u00e1n desnutridos en parte por la sequ\u00eda.<\/li><li>Desplazamientos internos: el 32% se vinculan a inundaciones y el 29% a sequ\u00edas.<\/li><li>M\u00e1s de 1600 muertes se vinculan a olas de calor e incendios forestales.<\/li><\/ul>\n\n\n\n<h2 class=\"wp-block-heading\"><strong>La paz depende de la protecci\u00f3n clim\u00e1tica<\/strong><\/h2>\n\n\n\n<p>El D\u00eda Mundial de la Paz en el 2019 es un\nmomento crucial que nos recuerda que el concepto de la paz debe evolucionar. La\npaz ya no se puede s\u00f3lo considerar como la ausencia de conflictos. La paz es\nmucho m\u00e1s que la falta de guerras. Al comprender que la paz es la consecuci\u00f3n\nde la seguridad y <strong>del bienestar de todo nuestro planeta<\/strong> as\u00ed como de\ntodas sus especies, esto nos inclina a <strong>actuar de forma m\u00e1s en\u00e9rgica<\/strong>, con\nm\u00e1s ah\u00ednco puesto que confrontamos graves desaf\u00edos globales.<\/p>\n\n\n\n<p>En Humanium nos alegramos de celebrar el\nD\u00eda Mundial de la Paz y en esta ocasi\u00f3n, motivamos a todo el mundo a que se\ncomprometa con los esfuerzos imperativos y urgentes que se est\u00e1n realizando en\ntodo el mundo para proteger al planeta y a todos los que dependemos de \u00e9l.<\/p>\n\n\n\n<blockquote class=\"wp-block-quote is-layout-flow wp-block-quote-is-layout-flow\"><p>\u201c<em>Hasta que no nos centremos en lo que necesitamos hacer en lugar de lo que es pol\u00edticamente posible, no habr\u00e1 esperanza. No podemos resolver la crisis sin tratarla como crisis. Necesitamos mantener los combustibles f\u00f3siles en el subsuelo y nos tenemos que centrar en la igualdad. Y si las soluciones desde dentro del sistema son tan imposibles de encontrar, quiz\u00e1s debemos cambiar el sistema en s\u00ed mismo.\u201d <\/em><\/p><cite>(Greta Thunberg, 2018).<\/cite><\/blockquote>\n\n\n\n<figure class=\"wp-block-image\"><img loading=\"lazy\" decoding=\"async\" width=\"1000\" height=\"667\" src=\"https:\/\/www.humanium.org\/es\/wp-content\/uploads\/2019\/09\/cccc-1.jpg\" alt=\"\" class=\"wp-image-13024\" srcset=\"https:\/\/www.humanium.org\/es\/wp-content\/uploads\/2019\/09\/cccc-1.jpg 1000w, https:\/\/www.humanium.org\/es\/wp-content\/uploads\/2019\/09\/cccc-1-300x200.jpg 300w, https:\/\/www.humanium.org\/es\/wp-content\/uploads\/2019\/09\/cccc-1-768x512.jpg 768w, https:\/\/www.humanium.org\/es\/wp-content\/uploads\/2019\/09\/cccc-1-830x554.jpg 830w, https:\/\/www.humanium.org\/es\/wp-content\/uploads\/2019\/09\/cccc-1-230x153.jpg 230w, https:\/\/www.humanium.org\/es\/wp-content\/uploads\/2019\/09\/cccc-1-350x233.jpg 350w, https:\/\/www.humanium.org\/es\/wp-content\/uploads\/2019\/09\/cccc-1-480x320.jpg 480w, https:\/\/www.humanium.org\/es\/wp-content\/uploads\/2019\/09\/cccc-1-272x182.jpg 272w\" sizes=\"auto, (max-width: 1000px) 100vw, 1000px\" \/><\/figure>\n\n\n\n<p><strong><em>Escrito por Josie Thum<\/em><\/strong><\/p>\n\n\n\n<p><strong><em>Traducido por Mar\u00eda Guadalupe Su\u00e1rez<\/em><\/strong><\/p>\n\n\n\n<h2 class=\"wp-block-heading\"><strong>Citas<\/strong><\/h2>\n\n\n\n<p>Positive News, \u2018The\n16-year-old climate hero: five inspiring quotes by Greta Thunberg\u2019 (2019), obtenidas\nen:<\/p>\n\n\n\n<p>&lt;<a href=\"https:\/\/www.positive.news\/environment\/the-16-year-old-climate-hero-five-inspiring-quotes-by-greta-thunberg\/\">https:\/\/www.positive.news\/environment\/the-16-year-old-climate-hero-five-inspiring-quotes-by-greta-thunberg\/<\/a>&gt;, Acceso el &nbsp;31 de Agosto de 2019.<\/p>\n\n\n\n<p>United Nations, \u201953\/243 B.\nProgramme of Action on a Culture of Peace\u2019 (2019), Obtenida en: &lt;<a href=\"http:\/\/www.un-documents.net\/a53r243b.htm\">http:\/\/www.un-documents.net\/a53r243b.htm<\/a>&gt;, Acceso el 31 de Agosto del 2019.<\/p>\n\n\n\n<p>United Nations, \u2018International Day of Peace\u2019\n(2019), Obtenida en: &lt;<a href=\"https:\/\/internationaldayofpeace.org\">https:\/\/internationaldayofpeace.org<\/a>&gt;,\nAcceso el 31 de Agosto del 2019.<\/p>\n\n\n\n<p>United Nations, \u2018International Day of Peace 21 September\u2019 (2019), Obtenida en: &lt;<a href=\"https:\/\/www.un.org\/en\/events\/peaceday\/\">https:\/\/www.un.org\/en\/events\/peaceday\/<\/a>&gt;, Acceso el 31 de Agosto del 2019.<\/p>\n\n\n\n<p>World Meteorological Organisation (2018) quoted in United Nations, \u2018State of the Climate in 2018 shows accelerating climate change impacts: Report\u2019 (2019), Obtenida en: &lt;<a href=\"https:\/\/www.un.org\/sustainabledevelopment\/blog\/2019\/03\/state-of-the-climate-in-2018-shows-accelerating-climate-change-impacts\/\">https:\/\/www.un.org\/sustainabledevelopment\/blog\/2019\/03\/state-of-the-climate-in-2018-shows-accelerating-climate-change-impacts\/<\/a>&gt;, Acceso el 31 de Agosto del 2019.<\/p>\n","protected":false},"excerpt":{"rendered":"<p>El 21 de Septiembre que ser\u00e1 el D\u00eda Internacional de la Paz tiene el tema \u201cEl cambio clim\u00e1tico por la paz\u201d cuyo objetivo consiste en promover la paz en todo el mundo como plataforma sobre la importancia de combatir el cambio clim\u00e1tico en el 20vo. aniversario ambiental tras la resoluci\u00f3n de la ONU con el [&hellip;]<\/p>\n","protected":false},"author":1,"featured_media":13022,"comment_status":"closed","ping_status":"closed","sticky":false,"template":"","format":"standard","meta":{"footnotes":""},"categories":[6,149,8],"tags":[],"class_list":["post-13018","post","type-post","status-publish","format-standard","has-post-thumbnail","hentry","category-medioambiente","category-paz","category-salud"],"yoast_head":"<!-- This site is optimized with the Yoast SEO plugin v26.5 - https:\/\/yoast.com\/wordpress\/plugins\/seo\/ -->\n<title>El D\u00eda Mundial de la Paz 2019 llama a la acci\u00f3n por el cambio clim\u00e1tico - Humanium<\/title>\n<meta name=\"description\" content=\"El 21 de Septiembre que ser\u00e1 el D\u00eda Internacional de la Paz tiene el tema \u201cEl cambio clim\u00e1tico por la paz\u201d cuyo objetivo consiste en promover la paz en todo el mundo como plataforma sobre la importancia de combatir el cambio clim\u00e1tico en el 20vo. aniversario ambiental tras la resoluci\u00f3n de la ONU con el Programa de Acci\u00f3n sobre la Cultura de la Paz.\" \/>\n<meta name=\"robots\" content=\"index, follow, max-snippet:-1, max-image-preview:large, max-video-preview:-1\" \/>\n<link rel=\"canonical\" href=\"https:\/\/www.humanium.org\/es\/el-dia-mundial-de-la-paz-2019-llama-a-la-accion-por-el-cambio-climatico\/\" \/>\n<meta property=\"og:locale\" content=\"es_ES\" \/>\n<meta property=\"og:type\" content=\"article\" \/>\n<meta property=\"og:title\" content=\"El D\u00eda Mundial de la Paz 2019 llama a la acci\u00f3n por el cambio clim\u00e1tico - Humanium\" \/>\n<meta property=\"og:description\" content=\"El 21 de Septiembre que ser\u00e1 el D\u00eda Internacional de la Paz tiene el tema \u201cEl cambio clim\u00e1tico por la paz\u201d cuyo objetivo consiste en promover la paz en todo el mundo como plataforma sobre la importancia de combatir el cambio clim\u00e1tico en el 20vo. aniversario ambiental tras la resoluci\u00f3n de la ONU con el Programa de Acci\u00f3n sobre la Cultura de la Paz.\" \/>\n<meta property=\"og:url\" content=\"https:\/\/www.humanium.org\/es\/el-dia-mundial-de-la-paz-2019-llama-a-la-accion-por-el-cambio-climatico\/\" \/>\n<meta property=\"og:site_name\" content=\"Humanium\" \/>\n<meta property=\"article:published_time\" content=\"2019-09-19T07:35:05+00:00\" \/>\n<meta property=\"article:modified_time\" content=\"2025-12-13T21:23:31+00:00\" \/>\n<meta property=\"og:image\" content=\"https:\/\/www.humanium.org\/es\/wp-content\/uploads\/2019\/09\/aaaaa-e1568741466155.jpg\" \/>\n\t<meta property=\"og:image:width\" content=\"1000\" \/>\n\t<meta property=\"og:image:height\" content=\"1000\" \/>\n\t<meta property=\"og:image:type\" content=\"image\/jpeg\" \/>\n<meta name=\"author\" content=\"Olivier\" \/>\n<meta name=\"twitter:card\" content=\"summary_large_image\" \/>\n<meta name=\"twitter:label1\" content=\"Escrito por\" \/>\n\t<meta name=\"twitter:data1\" content=\"Olivier\" \/>\n\t<meta name=\"twitter:label2\" content=\"Tiempo de lectura\" \/>\n\t<meta name=\"twitter:data2\" content=\"6 minutos\" \/>\n<script type=\"application\/ld+json\" class=\"yoast-schema-graph\">{\"@context\":\"https:\/\/schema.org\",\"@graph\":[{\"@type\":\"WebPage\",\"@id\":\"https:\/\/www.humanium.org\/es\/el-dia-mundial-de-la-paz-2019-llama-a-la-accion-por-el-cambio-climatico\/\",\"url\":\"https:\/\/www.humanium.org\/es\/el-dia-mundial-de-la-paz-2019-llama-a-la-accion-por-el-cambio-climatico\/\",\"name\":\"El D\u00eda Mundial de la Paz 2019 llama a la acci\u00f3n por el cambio clim\u00e1tico - Humanium\",\"isPartOf\":{\"@id\":\"https:\/\/www.humanium.org\/es\/#website\"},\"primaryImageOfPage\":{\"@id\":\"https:\/\/www.humanium.org\/es\/el-dia-mundial-de-la-paz-2019-llama-a-la-accion-por-el-cambio-climatico\/#primaryimage\"},\"image\":{\"@id\":\"https:\/\/www.humanium.org\/es\/el-dia-mundial-de-la-paz-2019-llama-a-la-accion-por-el-cambio-climatico\/#primaryimage\"},\"thumbnailUrl\":\"https:\/\/www.humanium.org\/es\/wp-content\/uploads\/2019\/09\/aaaaa-e1568741466155.jpg\",\"datePublished\":\"2019-09-19T07:35:05+00:00\",\"dateModified\":\"2025-12-13T21:23:31+00:00\",\"author\":{\"@id\":\"https:\/\/www.humanium.org\/es\/#\/schema\/person\/a7bc4047fa1a59491b84b14abef018a7\"},\"description\":\"El 21 de Septiembre que ser\u00e1 el D\u00eda Internacional de la Paz tiene el tema \u201cEl cambio clim\u00e1tico por la paz\u201d cuyo objetivo consiste en promover la paz en todo el mundo como plataforma sobre la importancia de combatir el cambio clim\u00e1tico en el 20vo. aniversario ambiental tras la resoluci\u00f3n de la ONU con el Programa de Acci\u00f3n sobre la Cultura de la Paz.\",\"breadcrumb\":{\"@id\":\"https:\/\/www.humanium.org\/es\/el-dia-mundial-de-la-paz-2019-llama-a-la-accion-por-el-cambio-climatico\/#breadcrumb\"},\"inLanguage\":\"es\",\"potentialAction\":[{\"@type\":\"ReadAction\",\"target\":[\"https:\/\/www.humanium.org\/es\/el-dia-mundial-de-la-paz-2019-llama-a-la-accion-por-el-cambio-climatico\/\"]}]},{\"@type\":\"ImageObject\",\"inLanguage\":\"es\",\"@id\":\"https:\/\/www.humanium.org\/es\/el-dia-mundial-de-la-paz-2019-llama-a-la-accion-por-el-cambio-climatico\/#primaryimage\",\"url\":\"https:\/\/www.humanium.org\/es\/wp-content\/uploads\/2019\/09\/aaaaa-e1568741466155.jpg\",\"contentUrl\":\"https:\/\/www.humanium.org\/es\/wp-content\/uploads\/2019\/09\/aaaaa-e1568741466155.jpg\",\"width\":1000,\"height\":1000},{\"@type\":\"BreadcrumbList\",\"@id\":\"https:\/\/www.humanium.org\/es\/el-dia-mundial-de-la-paz-2019-llama-a-la-accion-por-el-cambio-climatico\/#breadcrumb\",\"itemListElement\":[{\"@type\":\"ListItem\",\"position\":1,\"name\":\"Home\",\"item\":\"https:\/\/www.humanium.org\/es\/\"},{\"@type\":\"ListItem\",\"position\":2,\"name\":\"El D\u00eda Mundial de la Paz 2019 llama a la acci\u00f3n por el cambio clim\u00e1tico\"}]},{\"@type\":\"WebSite\",\"@id\":\"https:\/\/www.humanium.org\/es\/#website\",\"url\":\"https:\/\/www.humanium.org\/es\/\",\"name\":\"Humanium\",\"description\":\"\u00a1Los ni\u00f1os primero!\",\"potentialAction\":[{\"@type\":\"SearchAction\",\"target\":{\"@type\":\"EntryPoint\",\"urlTemplate\":\"https:\/\/www.humanium.org\/es\/?s={search_term_string}\"},\"query-input\":{\"@type\":\"PropertyValueSpecification\",\"valueRequired\":true,\"valueName\":\"search_term_string\"}}],\"inLanguage\":\"es\"},{\"@type\":\"Person\",\"@id\":\"https:\/\/www.humanium.org\/es\/#\/schema\/person\/a7bc4047fa1a59491b84b14abef018a7\",\"name\":\"Olivier\",\"image\":{\"@type\":\"ImageObject\",\"inLanguage\":\"es\",\"@id\":\"https:\/\/www.humanium.org\/es\/#\/schema\/person\/image\/\",\"url\":\"https:\/\/secure.gravatar.com\/avatar\/945a9bb4662b83cabc6e1483b64823d58adf8c47dcbb3a834cd5df54a5f60495?s=96&d=mm&r=g\",\"contentUrl\":\"https:\/\/secure.gravatar.com\/avatar\/945a9bb4662b83cabc6e1483b64823d58adf8c47dcbb3a834cd5df54a5f60495?s=96&d=mm&r=g\",\"caption\":\"Olivier\"},\"url\":\"https:\/\/www.humanium.org\/es\/author\/olivier\/\"}]}<\/script>\n<!-- \/ Yoast SEO plugin. -->","yoast_head_json":{"title":"El D\u00eda Mundial de la Paz 2019 llama a la acci\u00f3n por el cambio clim\u00e1tico - Humanium","description":"El 21 de Septiembre que ser\u00e1 el D\u00eda Internacional de la Paz tiene el tema \u201cEl cambio clim\u00e1tico por la paz\u201d cuyo objetivo consiste en promover la paz en todo el mundo como plataforma sobre la importancia de combatir el cambio clim\u00e1tico en el 20vo. aniversario ambiental tras la resoluci\u00f3n de la ONU con el Programa de Acci\u00f3n sobre la Cultura de la Paz.","robots":{"index":"index","follow":"follow","max-snippet":"max-snippet:-1","max-image-preview":"max-image-preview:large","max-video-preview":"max-video-preview:-1"},"canonical":"https:\/\/www.humanium.org\/es\/el-dia-mundial-de-la-paz-2019-llama-a-la-accion-por-el-cambio-climatico\/","og_locale":"es_ES","og_type":"article","og_title":"El D\u00eda Mundial de la Paz 2019 llama a la acci\u00f3n por el cambio clim\u00e1tico - Humanium","og_description":"El 21 de Septiembre que ser\u00e1 el D\u00eda Internacional de la Paz tiene el tema \u201cEl cambio clim\u00e1tico por la paz\u201d cuyo objetivo consiste en promover la paz en todo el mundo como plataforma sobre la importancia de combatir el cambio clim\u00e1tico en el 20vo. aniversario ambiental tras la resoluci\u00f3n de la ONU con el Programa de Acci\u00f3n sobre la Cultura de la Paz.","og_url":"https:\/\/www.humanium.org\/es\/el-dia-mundial-de-la-paz-2019-llama-a-la-accion-por-el-cambio-climatico\/","og_site_name":"Humanium","article_published_time":"2019-09-19T07:35:05+00:00","article_modified_time":"2025-12-13T21:23:31+00:00","og_image":[{"width":1000,"height":1000,"url":"https:\/\/www.humanium.org\/es\/wp-content\/uploads\/2019\/09\/aaaaa-e1568741466155.jpg","type":"image\/jpeg"}],"author":"Olivier","twitter_card":"summary_large_image","twitter_misc":{"Escrito por":"Olivier","Tiempo de lectura":"6 minutos"},"schema":{"@context":"https:\/\/schema.org","@graph":[{"@type":"WebPage","@id":"https:\/\/www.humanium.org\/es\/el-dia-mundial-de-la-paz-2019-llama-a-la-accion-por-el-cambio-climatico\/","url":"https:\/\/www.humanium.org\/es\/el-dia-mundial-de-la-paz-2019-llama-a-la-accion-por-el-cambio-climatico\/","name":"El D\u00eda Mundial de la Paz 2019 llama a la acci\u00f3n por el cambio clim\u00e1tico - Humanium","isPartOf":{"@id":"https:\/\/www.humanium.org\/es\/#website"},"primaryImageOfPage":{"@id":"https:\/\/www.humanium.org\/es\/el-dia-mundial-de-la-paz-2019-llama-a-la-accion-por-el-cambio-climatico\/#primaryimage"},"image":{"@id":"https:\/\/www.humanium.org\/es\/el-dia-mundial-de-la-paz-2019-llama-a-la-accion-por-el-cambio-climatico\/#primaryimage"},"thumbnailUrl":"https:\/\/www.humanium.org\/es\/wp-content\/uploads\/2019\/09\/aaaaa-e1568741466155.jpg","datePublished":"2019-09-19T07:35:05+00:00","dateModified":"2025-12-13T21:23:31+00:00","author":{"@id":"https:\/\/www.humanium.org\/es\/#\/schema\/person\/a7bc4047fa1a59491b84b14abef018a7"},"description":"El 21 de Septiembre que ser\u00e1 el D\u00eda Internacional de la Paz tiene el tema \u201cEl cambio clim\u00e1tico por la paz\u201d cuyo objetivo consiste en promover la paz en todo el mundo como plataforma sobre la importancia de combatir el cambio clim\u00e1tico en el 20vo. aniversario ambiental tras la resoluci\u00f3n de la ONU con el Programa de Acci\u00f3n sobre la Cultura de la Paz.","breadcrumb":{"@id":"https:\/\/www.humanium.org\/es\/el-dia-mundial-de-la-paz-2019-llama-a-la-accion-por-el-cambio-climatico\/#breadcrumb"},"inLanguage":"es","potentialAction":[{"@type":"ReadAction","target":["https:\/\/www.humanium.org\/es\/el-dia-mundial-de-la-paz-2019-llama-a-la-accion-por-el-cambio-climatico\/"]}]},{"@type":"ImageObject","inLanguage":"es","@id":"https:\/\/www.humanium.org\/es\/el-dia-mundial-de-la-paz-2019-llama-a-la-accion-por-el-cambio-climatico\/#primaryimage","url":"https:\/\/www.humanium.org\/es\/wp-content\/uploads\/2019\/09\/aaaaa-e1568741466155.jpg","contentUrl":"https:\/\/www.humanium.org\/es\/wp-content\/uploads\/2019\/09\/aaaaa-e1568741466155.jpg","width":1000,"height":1000},{"@type":"BreadcrumbList","@id":"https:\/\/www.humanium.org\/es\/el-dia-mundial-de-la-paz-2019-llama-a-la-accion-por-el-cambio-climatico\/#breadcrumb","itemListElement":[{"@type":"ListItem","position":1,"name":"Home","item":"https:\/\/www.humanium.org\/es\/"},{"@type":"ListItem","position":2,"name":"El D\u00eda Mundial de la Paz 2019 llama a la acci\u00f3n por el cambio clim\u00e1tico"}]},{"@type":"WebSite","@id":"https:\/\/www.humanium.org\/es\/#website","url":"https:\/\/www.humanium.org\/es\/","name":"Humanium","description":"\u00a1Los ni\u00f1os primero!","potentialAction":[{"@type":"SearchAction","target":{"@type":"EntryPoint","urlTemplate":"https:\/\/www.humanium.org\/es\/?s={search_term_string}"},"query-input":{"@type":"PropertyValueSpecification","valueRequired":true,"valueName":"search_term_string"}}],"inLanguage":"es"},{"@type":"Person","@id":"https:\/\/www.humanium.org\/es\/#\/schema\/person\/a7bc4047fa1a59491b84b14abef018a7","name":"Olivier","image":{"@type":"ImageObject","inLanguage":"es","@id":"https:\/\/www.humanium.org\/es\/#\/schema\/person\/image\/","url":"https:\/\/secure.gravatar.com\/avatar\/945a9bb4662b83cabc6e1483b64823d58adf8c47dcbb3a834cd5df54a5f60495?s=96&d=mm&r=g","contentUrl":"https:\/\/secure.gravatar.com\/avatar\/945a9bb4662b83cabc6e1483b64823d58adf8c47dcbb3a834cd5df54a5f60495?s=96&d=mm&r=g","caption":"Olivier"},"url":"https:\/\/www.humanium.org\/es\/author\/olivier\/"}]}},"_links":{"self":[{"href":"https:\/\/www.humanium.org\/es\/wp-json\/wp\/v2\/posts\/13018","targetHints":{"allow":["GET"]}}],"collection":[{"href":"https:\/\/www.humanium.org\/es\/wp-json\/wp\/v2\/posts"}],"about":[{"href":"https:\/\/www.humanium.org\/es\/wp-json\/wp\/v2\/types\/post"}],"author":[{"embeddable":true,"href":"https:\/\/www.humanium.org\/es\/wp-json\/wp\/v2\/users\/1"}],"replies":[{"embeddable":true,"href":"https:\/\/www.humanium.org\/es\/wp-json\/wp\/v2\/comments?post=13018"}],"version-history":[{"count":9,"href":"https:\/\/www.humanium.org\/es\/wp-json\/wp\/v2\/posts\/13018\/revisions"}],"predecessor-version":[{"id":21330,"href":"https:\/\/www.humanium.org\/es\/wp-json\/wp\/v2\/posts\/13018\/revisions\/21330"}],"wp:featuredmedia":[{"embeddable":true,"href":"https:\/\/www.humanium.org\/es\/wp-json\/wp\/v2\/media\/13022"}],"wp:attachment":[{"href":"https:\/\/www.humanium.org\/es\/wp-json\/wp\/v2\/media?parent=13018"}],"wp:term":[{"taxonomy":"category","embeddable":true,"href":"https:\/\/www.humanium.org\/es\/wp-json\/wp\/v2\/categories?post=13018"},{"taxonomy":"post_tag","embeddable":true,"href":"https:\/\/www.humanium.org\/es\/wp-json\/wp\/v2\/tags?post=13018"}],"curies":[{"name":"wp","href":"https:\/\/api.w.org\/{rel}","templated":true}]}}