{"id":13711,"date":"2020-04-07T17:55:26","date_gmt":"2020-04-07T17:55:26","guid":{"rendered":"https:\/\/www.humanium.org\/es\/?p=13711"},"modified":"2025-12-13T21:36:24","modified_gmt":"2025-12-13T21:36:24","slug":"salud-para-el-nino-con-el-nino","status":"publish","type":"post","link":"https:\/\/www.humanium.org\/es\/salud-para-el-nino-con-el-nino\/","title":{"rendered":"Salud para el ni\u00f1o, \u00a1con el ni\u00f1o!"},"content":{"rendered":"\n<p><strong><a href=\"https:\/\/www.humanium.org\/es\/convencion\/\">La Convenci\u00f3n sobre los Derechos del Ni\u00f1o de las Naciones Unidas (CDNNU)<\/a> adoptada en 1989 y ratificada por todos los Estados miembros, menos los Estados Unidos, se preocupa por los derechos infantiles. Fue concebida para cubrir todos los aspectos de la vida de los ni\u00f1os (UNICEF).<\/strong><\/p>\n\n\n\n<p><strong><a href=\"https:\/\/www.humanium.org\/es\/convencion-texto\/\">El Art\u00edculo 24<\/a> se concentra en <a href=\"https:\/\/www.humanium.org\/es\/derecho-salud\/\">el derecho a la salud.<\/a><\/strong><\/p>\n\n\n\n<blockquote class=\"wp-block-quote is-layout-flow wp-block-quote-is-layout-flow\"><p>\u201cLos Estados miembros reconocen el derecho del ni\u00f1o de gozar de la salud de la m\u00e1s alta calidad y de instituciones para el tratamiento y rehabilitaci\u00f3n de enfermedades. Los Estados miembros deben esforzarse por garantizar que ning\u00fan ni\u00f1o sea privado de su derecho al acceso a tales servicios de salud\u201d. <\/p><\/blockquote>\n\n\n\n<p>M\u00e1s all\u00e1 del derecho a la salud, sin embargo, la CDNNU tambi\u00e9n enfatiza el derecho de los ni\u00f1os a la informaci\u00f3n&nbsp; sobre su salud: <\/p>\n\n\n\n<blockquote class=\"wp-block-quote is-layout-flow wp-block-quote-is-layout-flow\"><p>\u201cPara garantizar que todos los segmentos de la sociedad, en particular los padres y los ni\u00f1os, est\u00e9n informados, tengan acceso a la educaci\u00f3n y sean apoyados en el empleo de los conocimientos b\u00e1sicos sobre la salud y ls alimentaci\u00f3n de los ni\u00f1os\u201d.<\/p><cite>(UNICEF)<\/cite><\/blockquote>\n\n\n\n<p><a href=\"https:\/\/www.humanium.org\/es\/derechos-ninos\/\">Los ni\u00f1os <\/a>tienen mucho que decir sobre su salud. Los ex\u00e1menes m\u00e9dicos pueden ser una experiencia atemorizante para los ni\u00f1os. Igualmente, los hospitales pueden ser lugares inc\u00f3modos para ellos, especialmente para los m\u00e1s peque\u00f1os si no reciben la visita y asistencia de sus padres. En el siglo XX, especialistas en psicolog\u00eda y salud infantil en el&nbsp; Reino Unido y en los Estados Unidos investigaron los s\u00edntomas en los ni\u00f1os de separaci\u00f3n, p\u00e9rdida y reclusi\u00f3n en hospitales, y finalmente enfatizaron la importancia de la presencia de los padres en los hospitales. <\/p>\n\n\n\n<figure class=\"wp-block-image size-large\"><img loading=\"lazy\" decoding=\"async\" width=\"1024\" height=\"683\" src=\"https:\/\/www.humanium.org\/es\/wp-content\/uploads\/2020\/03\/shutterstock_117741340-1024x683.jpg\" alt=\"\" class=\"wp-image-13712\" srcset=\"https:\/\/www.humanium.org\/es\/wp-content\/uploads\/2020\/03\/shutterstock_117741340-1024x683.jpg 1024w, https:\/\/www.humanium.org\/es\/wp-content\/uploads\/2020\/03\/shutterstock_117741340-300x200.jpg 300w, https:\/\/www.humanium.org\/es\/wp-content\/uploads\/2020\/03\/shutterstock_117741340-768x512.jpg 768w, https:\/\/www.humanium.org\/es\/wp-content\/uploads\/2020\/03\/shutterstock_117741340-1536x1024.jpg 1536w, https:\/\/www.humanium.org\/es\/wp-content\/uploads\/2020\/03\/shutterstock_117741340-2048x1365.jpg 2048w, https:\/\/www.humanium.org\/es\/wp-content\/uploads\/2020\/03\/shutterstock_117741340-830x553.jpg 830w, https:\/\/www.humanium.org\/es\/wp-content\/uploads\/2020\/03\/shutterstock_117741340-230x153.jpg 230w, https:\/\/www.humanium.org\/es\/wp-content\/uploads\/2020\/03\/shutterstock_117741340-350x233.jpg 350w, https:\/\/www.humanium.org\/es\/wp-content\/uploads\/2020\/03\/shutterstock_117741340-480x320.jpg 480w, https:\/\/www.humanium.org\/es\/wp-content\/uploads\/2020\/03\/shutterstock_117741340-272x182.jpg 272w\" sizes=\"auto, (max-width: 1024px) 100vw, 1024px\" \/><\/figure>\n\n\n\n<p>La investigaci\u00f3n tuvo un impacto mucho mayor en <a href=\"https:\/\/www.humanium.org\/es\/reino-unido\/\">el Reino Unido<\/a> y <a href=\"https:\/\/www.humanium.org\/es\/australia\/\">Australia<\/a> en el sector de salud infantil, particularmente despu\u00e9s de la publicaci\u00f3n del informe Platt (Platt Report) en 1959 en el Reino Unido, el cual describ\u00eda las terribles condiciones de los ni\u00f1os hospitalizados. Desde entonces, tanto en el Reino Unido como en los Estados Unidos los centros de salud centrados en la familia han sido priorizados (Shields, L., y Nixon, J., 1998).<\/p>\n\n\n\n<p>La CDNNU sigue este m\u00e9todo al mismo tiempo que reafirma el derecho de los ni\u00f1os a tener su propio conocimiento sobre la salud sin la interferencia de la informaci\u00f3n proveniente de sus padres (o cuidadores). Los m\u00e9todos de atenci\u00f3n m\u00e1s efectivos son aquellos que toman en cuenta <a href=\"https:\/\/www.humanium.org\/es\/derecho-proteccion\/\">el bienestar emocional del ni\u00f1o<\/a> y que hacen algo m\u00e1s por sus necesidades de salud (UNICEF).<\/p>\n\n\n\n<p>La Organizaci\u00f3n Mundial de la Salud (O.M.S.) hace mucho \u00e9nfasis en la importancia de que el ni\u00f1o discuta sobre su salud. En su publicaci\u00f3n de 2018 \u201cEst\u00e1ndares para mejorar la calidad del cuidado del ni\u00f1o y el adolescente en las instituciones de salud\u201d, inform\u00f3 sobre la efectividad de la comunicaci\u00f3n y participaci\u00f3n de ni\u00f1o en asuntos relacionados con la salud. Estos m\u00e9todos aseguran el respeto al consentimiento del ni\u00f1o a la par que se permite el desarrollo &nbsp;\u201cdel aprendizaje y la autonom\u00eda progresiva\u201d del ni\u00f1o. Con estos m\u00e9todos la O.M.S. espera crear \u201cuna atenci\u00f3n m\u00e9dica centrada en el ni\u00f1o y su familia\u201d. &nbsp;<\/p>\n\n\n\n<div class=\"wp-block-image\"><figure class=\"alignright size-large is-resized\"><img loading=\"lazy\" decoding=\"async\" src=\"https:\/\/www.humanium.org\/es\/wp-content\/uploads\/2020\/03\/shutterstock_228370108-1024x682.jpg\" alt=\"\" class=\"wp-image-13714\" width=\"375\" height=\"249\" srcset=\"https:\/\/www.humanium.org\/es\/wp-content\/uploads\/2020\/03\/shutterstock_228370108-1024x682.jpg 1024w, https:\/\/www.humanium.org\/es\/wp-content\/uploads\/2020\/03\/shutterstock_228370108-300x200.jpg 300w, https:\/\/www.humanium.org\/es\/wp-content\/uploads\/2020\/03\/shutterstock_228370108-768x512.jpg 768w, https:\/\/www.humanium.org\/es\/wp-content\/uploads\/2020\/03\/shutterstock_228370108-1536x1024.jpg 1536w, https:\/\/www.humanium.org\/es\/wp-content\/uploads\/2020\/03\/shutterstock_228370108-2048x1365.jpg 2048w, https:\/\/www.humanium.org\/es\/wp-content\/uploads\/2020\/03\/shutterstock_228370108-830x553.jpg 830w, https:\/\/www.humanium.org\/es\/wp-content\/uploads\/2020\/03\/shutterstock_228370108-230x153.jpg 230w, https:\/\/www.humanium.org\/es\/wp-content\/uploads\/2020\/03\/shutterstock_228370108-350x233.jpg 350w, https:\/\/www.humanium.org\/es\/wp-content\/uploads\/2020\/03\/shutterstock_228370108-480x320.jpg 480w, https:\/\/www.humanium.org\/es\/wp-content\/uploads\/2020\/03\/shutterstock_228370108-272x182.jpg 272w\" sizes=\"auto, (max-width: 375px) 100vw, 375px\" \/><\/figure><\/div>\n\n\n\n<p>Imelda Coyne, escritora y enfermera en Trinity College Dublin, argument\u00f3 sobre el cambio de atenci\u00f3n centrada en la familia a centrada en el ni\u00f1o, separando ambos tipos y estando a favor de esta \u00faltima porque fortalece la perspectiva del ni\u00f1o, viendo al ni\u00f1o como \u201c un agente activo exponiendo sus propias experiencias y deseos para que sean respetados y negociados\u201d. (Coyne, I., Hallstr\u00f6m, I., y &nbsp;S\u00f6derb\u00e4ck, 2016). Estas consideraciones ayudan a alcanzar el est\u00e1ndar que la CDNNU ha establecido para <a href=\"https:\/\/www.humanium.org\/es\/definicion\/\">los derechos de los ni\u00f1os.<\/a> <\/p>\n\n\n\n<p>Las organizaciones no gubernamentales (O.N.G.) que trabajan con ni\u00f1os son alentadas a poner en pr\u00e1ctica estos m\u00e9todos. Nuestro enfoque en Humanium est\u00e1 centrado en el ni\u00f1o. Ayudando al ni\u00f1o, trabajando con \u00e9l mientras nos comunicamos, nuestro objetivo final es empoderar al ni\u00f1o para que cumpla sus objetivos dentro de su comunidad. Como trabajamos en varios pa\u00edses, nuestra meta es que los ni\u00f1os descubran sus capacidades. <\/p>\n\n\n\n<p>M\u00e1s importante a\u00fan, creemos en un enfoque participativo, estimulando el desarrollo aut\u00f3nomo y sostenible. Creemos que estas caracter\u00edsticas son fundamentales&nbsp; para el desarrollo del crecimiento del ni\u00f1o. Nosotros tomamos en cuenta estos m\u00e9todos en nuestros proyectos relacionados con la salud. Por ejemplo, en India, hemos trabajado con muchas poblaciones desde 2008, mejorando las condiciones de vida de los ni\u00f1os por medio de ex\u00e1menes de salud relacionados con <a href=\"https:\/\/www.humanium.org\/es\/derecho-alimentacion\/\">la malnutrici\u00f3n<\/a>, <a href=\"https:\/\/www.humanium.org\/es\/pobreza\/\">la pobreza<\/a> y <a href=\"https:\/\/www.humanium.org\/es\/derecho-agua\/\">las aguas contaminadas. <\/a><\/p>\n\n\n\n<div class=\"wp-block-image\"><figure class=\"alignleft size-large is-resized\"><img loading=\"lazy\" decoding=\"async\" src=\"https:\/\/www.humanium.org\/es\/wp-content\/uploads\/2020\/03\/shutterstock_1474280507-1024x696.jpg\" alt=\"\" class=\"wp-image-13715\" width=\"368\" height=\"250\" srcset=\"https:\/\/www.humanium.org\/es\/wp-content\/uploads\/2020\/03\/shutterstock_1474280507-1024x696.jpg 1024w, https:\/\/www.humanium.org\/es\/wp-content\/uploads\/2020\/03\/shutterstock_1474280507-300x204.jpg 300w, https:\/\/www.humanium.org\/es\/wp-content\/uploads\/2020\/03\/shutterstock_1474280507-768x522.jpg 768w, https:\/\/www.humanium.org\/es\/wp-content\/uploads\/2020\/03\/shutterstock_1474280507-1536x1043.jpg 1536w, https:\/\/www.humanium.org\/es\/wp-content\/uploads\/2020\/03\/shutterstock_1474280507-2048x1391.jpg 2048w, https:\/\/www.humanium.org\/es\/wp-content\/uploads\/2020\/03\/shutterstock_1474280507-830x564.jpg 830w, https:\/\/www.humanium.org\/es\/wp-content\/uploads\/2020\/03\/shutterstock_1474280507-230x156.jpg 230w, https:\/\/www.humanium.org\/es\/wp-content\/uploads\/2020\/03\/shutterstock_1474280507-350x238.jpg 350w, https:\/\/www.humanium.org\/es\/wp-content\/uploads\/2020\/03\/shutterstock_1474280507-480x326.jpg 480w\" sizes=\"auto, (max-width: 368px) 100vw, 368px\" \/><\/figure><\/div>\n\n\n\n<p>Nuestros proyectos han promovido el desarrollo sostenible a largo plazo con el objetivo&nbsp; de erradicar <a href=\"https:\/\/www.humanium.org\/es\/trabajo-infantil\/\">el trabajo infantil<\/a> y mejorar las condiciones de aquellos ni\u00f1os m\u00e1s afectados. En Perumbakkam, Tamil Nadu, creamos campos de salud para mejorar el acceso a la salud de los ni\u00f1os, centr\u00e1ndonos en la anemia y la malnutrici\u00f3n, las cuales afectan la vida de los ni\u00f1os. Igualmente, en Azakusamudram, trabajamos en un proyecto por el desarrollo sostenible, enfoc\u00e1ndonos en proveer a los ni\u00f1os un mejor acceso &nbsp;a la salud b\u00e1sica y principios de higiene. <\/p>\n\n\n\n<p>Gracias a estas medidas, los m\u00e9dicos visitan a los beb\u00e9s y ni\u00f1os para mejorar su salud. M\u00e1s recientemente, desde 2015, hemos estado trabajando en Ruanda con adultos para tratar los traumas que experimentaron en su infancia durante el genocidio. Con sesiones de talleres, apuntamos a establecer <a href=\"https:\/\/www.humanium.org\/es\/derecho-proteccion\/\">una mejor protecci\u00f3n de los ni\u00f1os<\/a>, deteniendo el ciclo de <a href=\"https:\/\/www.humanium.org\/es\/violencia\/\">la violencia<\/a> y garantizando una familia en paz para las futuras generaciones. <\/p>\n\n\n\n<p>Al trabajar con ni\u00f1os, reconocemos la importancia de la identificaci\u00f3n de las prioridades y necesidades de los ni\u00f1os desde su perspectiva. \u00a1La comunicaci\u00f3n es la clave! \u00a1Tambi\u00e9n la participaci\u00f3n! En <a href=\"https:\/\/www.humanium.org\/es\/\">Humanium<\/a>, estos son los m\u00e9todos que nos ayudan a hacer realidad los derechos de los ni\u00f1os. <\/p>\n\n\n\n<p><strong><em>Escrito\npor Leah Benque<\/em><\/strong><\/p>\n\n\n\n<p><strong><em>Traducido\npor Ingrid H. Garrido<\/em><\/strong><\/p>\n\n\n\n<h3 class=\"wp-block-heading\"><strong>Bibliograf\u00eda<\/strong><\/h3>\n\n\n\n<p class=\"has-small-font-size\"><a href=\"https:\/\/journals.sagepub.com\/doi\/full\/10.1177\/1367493516642744#articleCitationDownloadContainer\" target=\"_blank\" rel=\"noreferrer noopener\" aria-label=\" (opens in a new tab)\">Coyne, I., Hallstr\u00f6m, I., and S\u00f6derb\u00e4ck, M. (2016, December). \u201cReframing the focus from a family-centred to a child-centred care approach for children\u2019s healthcare,\u201d <em>Journal of Child Health Care<\/em>, 20(4), 494\u2013502<\/a>. <\/p>\n\n\n\n<p class=\"has-small-font-size\"><a href=\"https:\/\/www.ncbi.nlm.nih.gov\/pubmed\/9644334\" target=\"_blank\" rel=\"noreferrer noopener\" aria-label=\" (opens in a new tab)\">Shields, L., and Nixon, J. (1998, April), \u201c\u00bbI want my mummy\u00bb. Changes in the care of children in hospital.,\u201d Collegian 5(2), 16-23.<\/a> <\/p>\n\n\n\n<p class=\"has-small-font-size\"><a href=\"https:\/\/www.unicef.org.uk\/what-we-do\/un-convention-child-rights\/\" target=\"_blank\" rel=\"noreferrer noopener\" aria-label=\" (opens in a new tab)\">UNICEF. (n.d.), \u201cHOW WE PROTECT CHILDREN&#8217;S RIGHTS WITH THE UN CONVENTION ON THE RIGHTS OF THE CHILD,\u201d UNICEF UK.<\/a><\/p>\n\n\n\n<p class=\"has-small-font-size\"><a href=\"https:\/\/apps.who.int\/iris\/bitstream\/handle\/10665\/272346\/9789241565554-eng.pdf?ua=1\" target=\"_blank\" rel=\"noreferrer noopener\" aria-label=\" (opens in a new tab)\">World Health Organization. (2018), \u201cStandards for improving the quality of care for children and young adolescents in health facilities,\u201d World Health Organization<\/a>. <\/p>\n","protected":false},"excerpt":{"rendered":"<p>La Convenci\u00f3n sobre los Derechos del Ni\u00f1o de las Naciones Unidas (CDNNU) adoptada en 1989 y ratificada por todos los Estados miembros, menos los Estados Unidos, se preocupa por los derechos infantiles. Fue concebida para cubrir todos los aspectos de la vida de los ni\u00f1os (UNICEF). El Art\u00edculo 24 se concentra en el derecho a [&hellip;]<\/p>\n","protected":false},"author":22,"featured_media":13713,"comment_status":"closed","ping_status":"closed","sticky":false,"template":"","format":"standard","meta":{"footnotes":""},"categories":[148,8],"tags":[],"class_list":["post-13711","post","type-post","status-publish","format-standard","has-post-thumbnail","hentry","category-derechos-del-nino","category-salud"],"yoast_head":"<!-- This site is optimized with the Yoast SEO plugin v26.5 - https:\/\/yoast.com\/wordpress\/plugins\/seo\/ -->\n<title>Salud para el ni\u00f1o, \u00a1con el ni\u00f1o! - Humanium<\/title>\n<meta name=\"description\" content=\"La Convenci\u00f3n sobre los Derechos del Ni\u00f1o de las Naciones Unidas (CDNNU) adoptada en 1989 y ratificada por todos los Estados miembros, menos los Estados Unidos, se preocupa por los derechos infantiles. Fue concebida para cubrir todos los aspectos de la vida de los ni\u00f1os.\" \/>\n<meta name=\"robots\" content=\"index, follow, max-snippet:-1, max-image-preview:large, max-video-preview:-1\" \/>\n<link rel=\"canonical\" href=\"https:\/\/www.humanium.org\/es\/salud-para-el-nino-con-el-nino\/\" \/>\n<meta property=\"og:locale\" content=\"es_ES\" \/>\n<meta property=\"og:type\" content=\"article\" \/>\n<meta property=\"og:title\" content=\"Salud para el ni\u00f1o, \u00a1con el ni\u00f1o! - Humanium\" \/>\n<meta property=\"og:description\" content=\"La Convenci\u00f3n sobre los Derechos del Ni\u00f1o de las Naciones Unidas (CDNNU) adoptada en 1989 y ratificada por todos los Estados miembros, menos los Estados Unidos, se preocupa por los derechos infantiles. Fue concebida para cubrir todos los aspectos de la vida de los ni\u00f1os.\" \/>\n<meta property=\"og:url\" content=\"https:\/\/www.humanium.org\/es\/salud-para-el-nino-con-el-nino\/\" \/>\n<meta property=\"og:site_name\" content=\"Humanium\" \/>\n<meta property=\"article:published_time\" content=\"2020-04-07T17:55:26+00:00\" \/>\n<meta property=\"article:modified_time\" content=\"2025-12-13T21:36:24+00:00\" \/>\n<meta property=\"og:image\" content=\"https:\/\/www.humanium.org\/es\/wp-content\/uploads\/2020\/03\/shutterstock_81178216-scaled.jpg\" \/>\n\t<meta property=\"og:image:width\" content=\"2560\" \/>\n\t<meta property=\"og:image:height\" content=\"1707\" \/>\n\t<meta property=\"og:image:type\" content=\"image\/jpeg\" \/>\n<meta name=\"author\" content=\"Leah Benque\" \/>\n<meta name=\"twitter:card\" content=\"summary_large_image\" \/>\n<meta name=\"twitter:label1\" content=\"Escrito por\" \/>\n\t<meta name=\"twitter:data1\" content=\"Leah Benque\" \/>\n\t<meta name=\"twitter:label2\" content=\"Tiempo de lectura\" \/>\n\t<meta name=\"twitter:data2\" content=\"6 minutos\" \/>\n<script type=\"application\/ld+json\" class=\"yoast-schema-graph\">{\"@context\":\"https:\/\/schema.org\",\"@graph\":[{\"@type\":\"WebPage\",\"@id\":\"https:\/\/www.humanium.org\/es\/salud-para-el-nino-con-el-nino\/\",\"url\":\"https:\/\/www.humanium.org\/es\/salud-para-el-nino-con-el-nino\/\",\"name\":\"Salud para el ni\u00f1o, \u00a1con el ni\u00f1o! - Humanium\",\"isPartOf\":{\"@id\":\"https:\/\/www.humanium.org\/es\/#website\"},\"primaryImageOfPage\":{\"@id\":\"https:\/\/www.humanium.org\/es\/salud-para-el-nino-con-el-nino\/#primaryimage\"},\"image\":{\"@id\":\"https:\/\/www.humanium.org\/es\/salud-para-el-nino-con-el-nino\/#primaryimage\"},\"thumbnailUrl\":\"https:\/\/www.humanium.org\/es\/wp-content\/uploads\/2020\/03\/shutterstock_81178216-scaled.jpg\",\"datePublished\":\"2020-04-07T17:55:26+00:00\",\"dateModified\":\"2025-12-13T21:36:24+00:00\",\"author\":{\"@id\":\"https:\/\/www.humanium.org\/es\/#\/schema\/person\/4f4506be7848997f3ed75caa5003d747\"},\"description\":\"La Convenci\u00f3n sobre los Derechos del Ni\u00f1o de las Naciones Unidas (CDNNU) adoptada en 1989 y ratificada por todos los Estados miembros, menos los Estados Unidos, se preocupa por los derechos infantiles. Fue concebida para cubrir todos los aspectos de la vida de los ni\u00f1os.\",\"breadcrumb\":{\"@id\":\"https:\/\/www.humanium.org\/es\/salud-para-el-nino-con-el-nino\/#breadcrumb\"},\"inLanguage\":\"es\",\"potentialAction\":[{\"@type\":\"ReadAction\",\"target\":[\"https:\/\/www.humanium.org\/es\/salud-para-el-nino-con-el-nino\/\"]}]},{\"@type\":\"ImageObject\",\"inLanguage\":\"es\",\"@id\":\"https:\/\/www.humanium.org\/es\/salud-para-el-nino-con-el-nino\/#primaryimage\",\"url\":\"https:\/\/www.humanium.org\/es\/wp-content\/uploads\/2020\/03\/shutterstock_81178216-scaled.jpg\",\"contentUrl\":\"https:\/\/www.humanium.org\/es\/wp-content\/uploads\/2020\/03\/shutterstock_81178216-scaled.jpg\",\"width\":2560,\"height\":1707},{\"@type\":\"BreadcrumbList\",\"@id\":\"https:\/\/www.humanium.org\/es\/salud-para-el-nino-con-el-nino\/#breadcrumb\",\"itemListElement\":[{\"@type\":\"ListItem\",\"position\":1,\"name\":\"Home\",\"item\":\"https:\/\/www.humanium.org\/es\/\"},{\"@type\":\"ListItem\",\"position\":2,\"name\":\"Salud para el ni\u00f1o, \u00a1con el ni\u00f1o!\"}]},{\"@type\":\"WebSite\",\"@id\":\"https:\/\/www.humanium.org\/es\/#website\",\"url\":\"https:\/\/www.humanium.org\/es\/\",\"name\":\"Humanium\",\"description\":\"\u00a1Los ni\u00f1os primero!\",\"potentialAction\":[{\"@type\":\"SearchAction\",\"target\":{\"@type\":\"EntryPoint\",\"urlTemplate\":\"https:\/\/www.humanium.org\/es\/?s={search_term_string}\"},\"query-input\":{\"@type\":\"PropertyValueSpecification\",\"valueRequired\":true,\"valueName\":\"search_term_string\"}}],\"inLanguage\":\"es\"},{\"@type\":\"Person\",\"@id\":\"https:\/\/www.humanium.org\/es\/#\/schema\/person\/4f4506be7848997f3ed75caa5003d747\",\"name\":\"Leah Benque\",\"image\":{\"@type\":\"ImageObject\",\"inLanguage\":\"es\",\"@id\":\"https:\/\/www.humanium.org\/es\/#\/schema\/person\/image\/\",\"url\":\"https:\/\/secure.gravatar.com\/avatar\/421c1d4cf470c86ca3ed445ed217f10e90c9854813b49f6c1d6e842122c12de0?s=96&d=mm&r=g\",\"contentUrl\":\"https:\/\/secure.gravatar.com\/avatar\/421c1d4cf470c86ca3ed445ed217f10e90c9854813b49f6c1d6e842122c12de0?s=96&d=mm&r=g\",\"caption\":\"Leah Benque\"},\"sameAs\":[\"https:\/\/www.linkedin.com\/in\/leah-benque-64875392\/\"],\"url\":\"https:\/\/www.humanium.org\/es\/author\/autor_leahbenque\/\"}]}<\/script>\n<!-- \/ Yoast SEO plugin. -->","yoast_head_json":{"title":"Salud para el ni\u00f1o, \u00a1con el ni\u00f1o! - Humanium","description":"La Convenci\u00f3n sobre los Derechos del Ni\u00f1o de las Naciones Unidas (CDNNU) adoptada en 1989 y ratificada por todos los Estados miembros, menos los Estados Unidos, se preocupa por los derechos infantiles. Fue concebida para cubrir todos los aspectos de la vida de los ni\u00f1os.","robots":{"index":"index","follow":"follow","max-snippet":"max-snippet:-1","max-image-preview":"max-image-preview:large","max-video-preview":"max-video-preview:-1"},"canonical":"https:\/\/www.humanium.org\/es\/salud-para-el-nino-con-el-nino\/","og_locale":"es_ES","og_type":"article","og_title":"Salud para el ni\u00f1o, \u00a1con el ni\u00f1o! - Humanium","og_description":"La Convenci\u00f3n sobre los Derechos del Ni\u00f1o de las Naciones Unidas (CDNNU) adoptada en 1989 y ratificada por todos los Estados miembros, menos los Estados Unidos, se preocupa por los derechos infantiles. Fue concebida para cubrir todos los aspectos de la vida de los ni\u00f1os.","og_url":"https:\/\/www.humanium.org\/es\/salud-para-el-nino-con-el-nino\/","og_site_name":"Humanium","article_published_time":"2020-04-07T17:55:26+00:00","article_modified_time":"2025-12-13T21:36:24+00:00","og_image":[{"width":2560,"height":1707,"url":"https:\/\/www.humanium.org\/es\/wp-content\/uploads\/2020\/03\/shutterstock_81178216-scaled.jpg","type":"image\/jpeg"}],"author":"Leah Benque","twitter_card":"summary_large_image","twitter_misc":{"Escrito por":"Leah Benque","Tiempo de lectura":"6 minutos"},"schema":{"@context":"https:\/\/schema.org","@graph":[{"@type":"WebPage","@id":"https:\/\/www.humanium.org\/es\/salud-para-el-nino-con-el-nino\/","url":"https:\/\/www.humanium.org\/es\/salud-para-el-nino-con-el-nino\/","name":"Salud para el ni\u00f1o, \u00a1con el ni\u00f1o! - Humanium","isPartOf":{"@id":"https:\/\/www.humanium.org\/es\/#website"},"primaryImageOfPage":{"@id":"https:\/\/www.humanium.org\/es\/salud-para-el-nino-con-el-nino\/#primaryimage"},"image":{"@id":"https:\/\/www.humanium.org\/es\/salud-para-el-nino-con-el-nino\/#primaryimage"},"thumbnailUrl":"https:\/\/www.humanium.org\/es\/wp-content\/uploads\/2020\/03\/shutterstock_81178216-scaled.jpg","datePublished":"2020-04-07T17:55:26+00:00","dateModified":"2025-12-13T21:36:24+00:00","author":{"@id":"https:\/\/www.humanium.org\/es\/#\/schema\/person\/4f4506be7848997f3ed75caa5003d747"},"description":"La Convenci\u00f3n sobre los Derechos del Ni\u00f1o de las Naciones Unidas (CDNNU) adoptada en 1989 y ratificada por todos los Estados miembros, menos los Estados Unidos, se preocupa por los derechos infantiles. Fue concebida para cubrir todos los aspectos de la vida de los ni\u00f1os.","breadcrumb":{"@id":"https:\/\/www.humanium.org\/es\/salud-para-el-nino-con-el-nino\/#breadcrumb"},"inLanguage":"es","potentialAction":[{"@type":"ReadAction","target":["https:\/\/www.humanium.org\/es\/salud-para-el-nino-con-el-nino\/"]}]},{"@type":"ImageObject","inLanguage":"es","@id":"https:\/\/www.humanium.org\/es\/salud-para-el-nino-con-el-nino\/#primaryimage","url":"https:\/\/www.humanium.org\/es\/wp-content\/uploads\/2020\/03\/shutterstock_81178216-scaled.jpg","contentUrl":"https:\/\/www.humanium.org\/es\/wp-content\/uploads\/2020\/03\/shutterstock_81178216-scaled.jpg","width":2560,"height":1707},{"@type":"BreadcrumbList","@id":"https:\/\/www.humanium.org\/es\/salud-para-el-nino-con-el-nino\/#breadcrumb","itemListElement":[{"@type":"ListItem","position":1,"name":"Home","item":"https:\/\/www.humanium.org\/es\/"},{"@type":"ListItem","position":2,"name":"Salud para el ni\u00f1o, \u00a1con el ni\u00f1o!"}]},{"@type":"WebSite","@id":"https:\/\/www.humanium.org\/es\/#website","url":"https:\/\/www.humanium.org\/es\/","name":"Humanium","description":"\u00a1Los ni\u00f1os primero!","potentialAction":[{"@type":"SearchAction","target":{"@type":"EntryPoint","urlTemplate":"https:\/\/www.humanium.org\/es\/?s={search_term_string}"},"query-input":{"@type":"PropertyValueSpecification","valueRequired":true,"valueName":"search_term_string"}}],"inLanguage":"es"},{"@type":"Person","@id":"https:\/\/www.humanium.org\/es\/#\/schema\/person\/4f4506be7848997f3ed75caa5003d747","name":"Leah Benque","image":{"@type":"ImageObject","inLanguage":"es","@id":"https:\/\/www.humanium.org\/es\/#\/schema\/person\/image\/","url":"https:\/\/secure.gravatar.com\/avatar\/421c1d4cf470c86ca3ed445ed217f10e90c9854813b49f6c1d6e842122c12de0?s=96&d=mm&r=g","contentUrl":"https:\/\/secure.gravatar.com\/avatar\/421c1d4cf470c86ca3ed445ed217f10e90c9854813b49f6c1d6e842122c12de0?s=96&d=mm&r=g","caption":"Leah Benque"},"sameAs":["https:\/\/www.linkedin.com\/in\/leah-benque-64875392\/"],"url":"https:\/\/www.humanium.org\/es\/author\/autor_leahbenque\/"}]}},"_links":{"self":[{"href":"https:\/\/www.humanium.org\/es\/wp-json\/wp\/v2\/posts\/13711","targetHints":{"allow":["GET"]}}],"collection":[{"href":"https:\/\/www.humanium.org\/es\/wp-json\/wp\/v2\/posts"}],"about":[{"href":"https:\/\/www.humanium.org\/es\/wp-json\/wp\/v2\/types\/post"}],"author":[{"embeddable":true,"href":"https:\/\/www.humanium.org\/es\/wp-json\/wp\/v2\/users\/22"}],"replies":[{"embeddable":true,"href":"https:\/\/www.humanium.org\/es\/wp-json\/wp\/v2\/comments?post=13711"}],"version-history":[{"count":11,"href":"https:\/\/www.humanium.org\/es\/wp-json\/wp\/v2\/posts\/13711\/revisions"}],"predecessor-version":[{"id":21628,"href":"https:\/\/www.humanium.org\/es\/wp-json\/wp\/v2\/posts\/13711\/revisions\/21628"}],"wp:featuredmedia":[{"embeddable":true,"href":"https:\/\/www.humanium.org\/es\/wp-json\/wp\/v2\/media\/13713"}],"wp:attachment":[{"href":"https:\/\/www.humanium.org\/es\/wp-json\/wp\/v2\/media?parent=13711"}],"wp:term":[{"taxonomy":"category","embeddable":true,"href":"https:\/\/www.humanium.org\/es\/wp-json\/wp\/v2\/categories?post=13711"},{"taxonomy":"post_tag","embeddable":true,"href":"https:\/\/www.humanium.org\/es\/wp-json\/wp\/v2\/tags?post=13711"}],"curies":[{"name":"wp","href":"https:\/\/api.w.org\/{rel}","templated":true}]}}