{"id":14783,"date":"2020-10-27T20:04:17","date_gmt":"2020-10-27T20:04:17","guid":{"rendered":"https:\/\/www.humanium.org\/es\/?p=14783"},"modified":"2025-12-13T21:38:08","modified_gmt":"2025-12-13T21:38:08","slug":"humanium-se-une-al-llamado-mundial-para-el-derecho-a-un-medio-ambiente-saludable","status":"publish","type":"post","link":"https:\/\/www.humanium.org\/es\/humanium-se-une-al-llamado-mundial-para-el-derecho-a-un-medio-ambiente-saludable\/","title":{"rendered":"Humanium se une al llamado mundial para el derecho a un medio ambiente saludable"},"content":{"rendered":"\n<p><strong>Casi 1000 organizaciones han llamado a las naciones del mundo a reconocer el derecho internacional por un medio ambiente saludable para todos. Humanium ha participado en el llamado extraordinario de la sociedad civil que publicamos con mucho orgullo a continuaci\u00f3n.<\/strong><\/p>\n\n\n\n<p>En septiembre del 2020, Humanium uni\u00f3 fuerzas con casi 1000 organizaciones pertenecientes a sociedades civiles, con el fin de endorsar una declaraci\u00f3n conjunta de la sociedad civil en la que se pide a los Estados el reconocimiento inmediato del derecho a un medio ambiente saludable. La declaraci\u00f3n fue entregada al <a href=\"https:\/\/www.humanium.org\/es\/los-derechos-de-los-ninos-mencionados-en-las-naciones-unidas\/\">Consejo de los Derechos Humanos de las Naciones Unidas<\/a> durante su sesi\u00f3n n\u00famero 45 y ha animado a los gobiernos de <a href=\"https:\/\/www.humanium.org\/es\/costa-rica-2\/\">Costa Rica<\/a>, las <a href=\"https:\/\/www.humanium.org\/es\/maldivas\/\">Maldivas<\/a>, <a href=\"https:\/\/www.humanium.org\/es\/marruecos-y-el-sahara-occidental\/\">Marruecos<\/a>, <a href=\"https:\/\/www.humanium.org\/es\/eslovenia\/\">Eslovenia<\/a> y <a href=\"https:\/\/www.humanium.org\/es\/suiza\/\">Suiza<\/a> a entregar una declaraci\u00f3n conjunta anunciando su compromiso de allanar el camino para el reconocimiento del derecho a un medio ambiente saludable.<\/p>\n\n\n\n<p>La Declaraci\u00f3n fue emitida como una iniciativa del grupo de Trabajo sobre los Derechos del Ni\u00f1o y del Medio Ambiente de la ONG \u201cChild Right Connect\u201d. Como miembro del Grupo de Trabajo, Humanium estuvo encantada de ayudar a dar forma y a ejecutar la declaraci\u00f3n final.&nbsp; Tras el \u00e9xito de la convocatoria mundial, se celebr\u00f3 una conferencia de prensa, a la que tambi\u00e9n asisti\u00f3 Humanium. Los oradores fueron David Boyd, Relator especial de las Naciones Unidas sobre Derechos Humanos y del Medio Ambiente, Saher Rashid Baig, defensora de la Juventud por el clima, los oc\u00e9anos y los derechos humanos, y Catalina Devendras-Augilar, embajadora de Costa Rica ante la ONU en Ginebra.<\/p>\n\n\n\n<div class=\"wp-block-image\"><figure class=\"alignleft size-large is-resized\"><img loading=\"lazy\" decoding=\"async\" src=\"https:\/\/www.humanium.org\/es\/wp-content\/uploads\/2020\/10\/Picture-2-2.png\" alt=\"\" class=\"wp-image-14785\" width=\"378\" height=\"211\" srcset=\"https:\/\/www.humanium.org\/es\/wp-content\/uploads\/2020\/10\/Picture-2-2.png 408w, https:\/\/www.humanium.org\/es\/wp-content\/uploads\/2020\/10\/Picture-2-2-300x168.png 300w, https:\/\/www.humanium.org\/es\/wp-content\/uploads\/2020\/10\/Picture-2-2-230x129.png 230w, https:\/\/www.humanium.org\/es\/wp-content\/uploads\/2020\/10\/Picture-2-2-350x196.png 350w\" sizes=\"auto, (max-width: 378px) 100vw, 378px\" \/><\/figure><\/div>\n\n\n\n<p>En la conferencia de prensa, al tiempo que se coment\u00f3 el gran llamamiento por parte de la Sociedad civil por el derecho de un medio ambiente saludable, el Relator Espacial, David Boyd hizo hincapi\u00e9 en la importancia de que \u00e9ste sea un derecho universal, reconocido por todas las personas en el planeta. Continu\u00f3 subrayando que la \u2018responsabilidad<em>\u2019<\/em> era la cuesti\u00f3n clave y que el reconocimiento del derecho a un medio ambiente saludable permitir\u00eda a los gobiernos rendir cuentas por sus acciones.<\/p>\n\n\n\n<div class=\"wp-block-image\"><figure class=\"alignright size-large is-resized\"><img loading=\"lazy\" decoding=\"async\" src=\"https:\/\/www.humanium.org\/es\/wp-content\/uploads\/2020\/10\/Picture-3-1.png\" alt=\"\" class=\"wp-image-14786\" width=\"396\" height=\"219\" srcset=\"https:\/\/www.humanium.org\/es\/wp-content\/uploads\/2020\/10\/Picture-3-1.png 424w, https:\/\/www.humanium.org\/es\/wp-content\/uploads\/2020\/10\/Picture-3-1-300x166.png 300w, https:\/\/www.humanium.org\/es\/wp-content\/uploads\/2020\/10\/Picture-3-1-230x127.png 230w, https:\/\/www.humanium.org\/es\/wp-content\/uploads\/2020\/10\/Picture-3-1-350x193.png 350w\" sizes=\"auto, (max-width: 396px) 100vw, 396px\" \/><\/figure><\/div>\n\n\n\n<p>Catalina Devendras-Augilar enfatiz\u00f3 la necesidad de una acci\u00f3n colectiva multilateral, mencionando que <a href=\"https:\/\/www.humanium.org\/es\/costa-rica-2\/\">Costa Rica<\/a> lidera la Coalici\u00f3n de Alta Ambici\u00f3n por la Naturaleza (HAC). Sigui\u00f3, subrayando que nos quedan un m\u00e1ximo de 10 a\u00f1os para poder revertir el da\u00f1o de la crisis clim\u00e1tica y destac\u00f3 la importancia de integrar los derechos medio ambientales en las estrategias de recuperaci\u00f3n de la<a href=\"https:\/\/www.humanium.org\/es\/guia-contra-el-coronavirus-en-5-pasos-para-ninos\/\"> COVID-19<\/a>, haciendo referencia a informes que reportan que la poluci\u00f3n atmosf\u00e9rica aument\u00f3 los riesgo de infecci\u00f3n y calific\u00e1ndola como una \u201ctriste oportunidad de construir mejor\u201d.<\/p>\n\n\n\n<div class=\"wp-block-image\"><figure class=\"alignleft size-large\"><img loading=\"lazy\" decoding=\"async\" width=\"290\" height=\"264\" src=\"https:\/\/www.humanium.org\/es\/wp-content\/uploads\/2020\/10\/Picture-4-2.png\" alt=\"\" class=\"wp-image-14787\" srcset=\"https:\/\/www.humanium.org\/es\/wp-content\/uploads\/2020\/10\/Picture-4-2.png 290w, https:\/\/www.humanium.org\/es\/wp-content\/uploads\/2020\/10\/Picture-4-2-230x209.png 230w\" sizes=\"auto, (max-width: 290px) 100vw, 290px\" \/><\/figure><\/div>\n\n\n\n<p>Saher Rashid Baig, defensora del clima juvenil, hizo enfatiz\u00f3 poderosamente el aspecto humano de la emergencia clim\u00e1tica y la devastaci\u00f3n que causa a millones de <a href=\"https:\/\/www.humanium.org\/es\/ninos-desplazados\/\">ni\u00f1os y refugiados<\/a>. Pidi\u00f3 un sistema transparente que centre las voces y <a href=\"https:\/\/www.humanium.org\/es\/derecho-libertad\/\">participaci\u00f3n<\/a> de los ni\u00f1os en los procesos de decisi\u00f3n, al tiempo que subraya la importancia del acceso a una educaci\u00f3n de calidad para lograrlo. Utiliz\u00f3 el ejemplo de su pa\u00eds <a href=\"https:\/\/www.humanium.org\/es\/pakistan\/?fbclid=IwAR0j2UCjUpAtYrgXnsbSc1rqWdcfBxT_Z6RLZSoEnjdM3b4y3BGyEgkEl7w\">Pakist\u00e1n<\/a> para subrayarlo. Humanium se sinti\u00f3 honrada de escuchar a los tres oradores y de haber participado en el lanzamiento de este llamado mundial por parte de la sociedad civil por el derecho a un medio ambiente saludable.&nbsp;&nbsp;<\/p>\n\n\n\n<p><strong><em>Considera contribuir en el cumplimiento de los <u><a href=\"https:\/\/www.humanium.org\/es\/derechos\/\">derechos de los ni\u00f1os<\/a><\/u> en el mundo, participando en los esfuerzos que realiza Humanium para proteger estos derechos. Puedes hacer una <a href=\"https:\/\/www.humanium.org\/es\/donacion\/\">donaci\u00f3n<\/a>, convertirte en miembro de Humanium o unirte a la Comunidad Humanium como <a href=\"https:\/\/www.humanium.org\/es\/voluntariado\/\">voluntario<\/a>. Estamos trabajando para que este mundo sea un lugar mejor.<\/em><\/strong><\/p>\n\n\n\n<p><strong><em>Escrito por Josie Thum<\/em><\/strong><\/p>\n\n\n\n<p><em><strong>Traducido por Eva Fernandez<\/strong><\/em><\/p>\n\n\n\n<h3 class=\"wp-block-heading\">A continuaci\u00f3n, puedes leer la declaraci\u00f3n en su totalidad:<\/h3>\n\n\n\n<hr class=\"wp-block-separator\"\/>\n\n\n\n<h4 class=\"wp-block-heading\">\u00a1AHORA ES EL MOMENTO!<\/h4>\n\n\n\n<p><strong>Llamado global urgente al Consejo de Derechos Humanos de Naciones Unidas para que reconozca el derecho al ambiente seguro, limpio, sano y sostenible<\/strong><\/p>\n\n\n\n<p>\u25cf Excelencia. Sra. Elisabeth TICHY-FISSLBERGER, Representante Permanente de Austria ante la Oficina de Naciones Unidas en Ginebra, presidenta del Consejo de Derechos Humanos de Naciones Unidas<br>\u25cf Excelencias, Representantes Permanentes de los miembros del Consejo de Derechos Humanos de Naciones Unidas<br>\u25cf Excelencias, Representantes Permanentes ante la Oficina de Naciones Unidas en Ginebra<\/p>\n\n\n\n<p class=\"has-text-align-right\"><strong>Ginebra, 10 de septiembre de 2020<\/strong><\/p>\n\n\n\n<p>Excelencias:<\/p>\n\n\n\n<ol class=\"wp-block-list\"><li>Nosotras, organizaciones de la sociedad civil, movimientos sociales, comunidades locales y pueblos ind\u00edgenas que firmamos esta carta, nos complacemos en presentarles el llamado dirigido al Consejo de Derechos Humanos para reconocer, sin demora, el derecho humano de todas las personas a un ambiente seguro, limpio, sano y sostenible.<\/li><\/ol>\n\n\n\n<ol class=\"wp-block-list\" start=\"2\"><li><strong>Un ambiente sano es esencial para la vida y la dignidad humana. El aire que respiramos, el agua que bebemos, los alimentos que comemos y el clima habitable que disfrutamos, dependen de ecosistemas sanos, diversos, \u00edntegros y funcionales. El reconocimiento global de este derecho es un asunto de m\u00e1xima urgencia ante la crisis ambiental global que actualmente viola y amenaza los derechos humanos de miles de millones de personas en nuestro planeta. Como todos y todas sabemos, en un planeta muerto no existen derechos humanos.<\/strong><\/li><\/ol>\n\n\n\n<p><strong>La Evidencia Cient\u00edfica Sobre la Crisis Ambiental es Innegable<\/strong><\/p>\n\n\n\n<ol class=\"wp-block-list\" start=\"3\"><li>Durante d\u00e9cadas, ha habido consenso cient\u00edfico sobre el estado cr\u00edtico del ambiente y sus consecuencias para la vida humana y el futuro de la vida sobre la Tierra. Las cinco evaluaciones previas del Grupo Intergubernamental de Expertos sobre el Cambio Clim\u00e1tico (IPCC) aportaron evidencia sobre la magnitud de la crisis clim\u00e1tica y sus amenazas m\u00e1s significativas. La evaluaci\u00f3n global realizada por la Plataforma Intergubernamental Cient\u00edfico-normativa sobre Diversidad Biol\u00f3gica y Servicios Ecosist\u00e9micos (IPBES) observ\u00f3 que \u00abla naturaleza en la mayor parte del planeta ha sido alterada considerablemente por m\u00faltiples factores humanos, y la gran mayor\u00eda de los indicadores de los ecosistemas y la biodiversidad muestran un r\u00e1pido declive\u00bbi, y que \u00abla mayor\u00eda de las contribuciones de la naturaleza a las personas no son reemplazables en su totalidad, y algunas son irreemplazables\u00bb.ii<\/li><\/ol>\n\n\n\n<ol class=\"wp-block-list\" start=\"4\"><li>Ante dichas tendencias, la comunidad cient\u00edfica ha destacado los tipos de acciones que deben implementarse, haciendo hincapi\u00e9 en la necesidad urgente de realizar cambios transformadores,<br>r\u00e1pidos y de gran alcance. Estas acciones incluyen reemplazar los combustibles f\u00f3siles con energ\u00edas renovables; eliminar la pobreza y reducir las desigualdades iii; gestionar racionalmente productos qu\u00edmicos, eliminando residuos y la contaminaci\u00f3n, fomentando la sostenibilidad iv; y ampliar la protecci\u00f3n de la biodiversidad y de ecosistemas saludables. Es importante resaltar que estas acciones deben garantizar el goce de los derechos humanos, los territorios y los medios de vida de los pueblos ind\u00edgenas y de todas las dem\u00e1s comunidades que viven sosteniblemente en \u00e1reas de conservaci\u00f3n v. La \u00abnaturaleza\u00bb, como nos recuerda el IPBES, \u00abpuede ser conservada, restaurada y empleada de manera sostenible, sin dejar de cumplir simult\u00e1neamente con otras metas globales sociales, por medio de esfuerzos urgentes y concertados que fomenten el cambio transformador\u00bb.vi<\/li><\/ol>\n\n\n\n<p><strong>La Pandemia del COVID-19 Demuestra la Urgencia<\/strong><\/p>\n\n\n\n<ol class=\"wp-block-list\" start=\"5\"><li>La actual pandemia del COVID-19 se genera en un marco de enfermedades zoon\u00f3ticas transmitidas por vectores cada vez m\u00e1s frecuentes, y est\u00e1 teniendo efectos devastadores en la realizaci\u00f3n de todos los derechos humanos en el mundo. Existe una evidencia clara entre la degradaci\u00f3n ambiental a gran escala y la alteraci\u00f3n de los ecosistemas naturales inducida por los seres humanos, y su v\u00ednculo estrecho con la aparici\u00f3n de estas enfermedades que, con mayor frecuencia, son transmitidas de animales a humanos. Para evitar otras cat\u00e1strofes similares o peores, y asegurar una recuperaci\u00f3n justa y equitativa en concordancia con el llamado de la Secretar\u00eda General de la ONU para \u00abReconstruir Mejor\u00bb,vii los Estados deben reconocer, respetar, proteger y satisfacer el derecho humano de todas las personas a disfrutar de un ambiente seguro, limpio, sano y sostenible.<\/li><\/ol>\n\n\n\n<p><strong>Amplio Reconocimiento del Derecho al Ambiente Sano<\/strong><\/p>\n\n\n\n<ol class=\"wp-block-list\" start=\"6\"><li><strong>Una mayor\u00eda considerable de pa\u00edses ya ha incorporado el derecho al ambiente sano en su Constituci\u00f3n y sus leyes viii. Los sistemas regionales tambi\u00e9n lo reconocen expresamente y han desarrollado una creciente jurisprudencia para su implementaci\u00f3n y aplicaci\u00f3n. Hace m\u00e1s de dos a\u00f1os, el Relator Especial sobre los derechos humanos y el ambiente present\u00f3 los Principios Marco de Derechos Humanos y Ambiente al Consejo de Derechos Humanos ix ilustrando las bases y la amplia aceptaci\u00f3n del derecho al ambiente sano en todo el mundo. Este amplio desarrollo demuestra que ahora es el momento para reconocer este derecho universalmente.<\/strong><\/li><\/ol>\n\n\n\n<p><strong>El Reconocimiento de Este Derecho es Necesario Ahora<\/strong><\/p>\n\n\n\n<ol class=\"wp-block-list\" start=\"7\"><li><strong>El momento hist\u00f3rico y urgente en el que vivimos requiere que el Consejo de Derechos Humanos de la ONU formalice, sin mayor demora, el reconocimiento del derecho a un ambiente<br>seguro, limpio, sano y sostenible. La dignidad de todas las personas, tanto individual y colectivamente, como sustantiva y procedimentalmente, debe protegerse de la degradaci\u00f3n<br>natural y antropog\u00e9nica del ambiente, al igual que de los impactos del cambio clim\u00e1tico. Los derechos humanos tambi\u00e9n deben garantizarse a medida que nos enfrentamos a nuevos desaf\u00edos ambientales, incluyendo riesgos sist\u00e9micos, degradaciones irreversibles, p\u00e9rdidas ambientales irremplazables y da\u00f1os irreparables, incluso cuando persista la incertidumbre. Estos retos ahora, deben tenerse en cuenta en la implementaci\u00f3n de los derechos humanos. El derecho a un ambiente sano asegura la interdependencia e indivisibilidad de los derechos humanos y su relevancia para las realidades ambientales. Los enfoques fragmentados no alcanzan resultados.<\/strong><\/li><\/ol>\n\n\n\n<ol class=\"wp-block-list\" start=\"8\"><li>El amplio reconocimiento del derecho al ambiente sano refleja un desarrollo y una aceptaci\u00f3n legal en curso. Por ejemplo, un instrumento regional vinculante reconoce las dimensiones individual<br>y colectiva de este derecho x. Esta pluralidad en los desarrollos legales refleja c\u00f3mo la protecci\u00f3n de los derechos humanos est\u00e1 evolucionando y se ha fortalecido respecto a problemas ambientales. Al describirlo como el derecho a un ambiente limpio, seguro, sano y sostenible, el Consejo de Derechos Humanos de la ONU construir\u00e1 sobre este desarrollo y proporcionar\u00e1 una base com\u00fan entre los<br>Estados que facilitar\u00e1 el intercambio de experiencias y aclarar\u00e1 las obligaciones derivadas del derecho ambiental y de los derechos humanos.<\/li><\/ol>\n\n\n\n<ol class=\"wp-block-list\" start=\"9\"><li>Los derechos humanos y el derecho ambiental internacional comparten principios fundamentales. Ambos reconocen el principio de \u00abno hacer da\u00f1o\u00bb. Ambos reconocen los principios de acceso a la informaci\u00f3n y de participaci\u00f3n p\u00fablica en el desarrollo e implementaci\u00f3n de pol\u00edticas. Ambos aplican el principio de equidad intergeneracional. Ambos exigen la protecci\u00f3n de los recursos<br>naturales y de los ecosistemas de los cuales depende la garant\u00eda y el pleno disfrute de los derechos humanos de las generaciones presentes y futuras, as\u00ed como el cumplimiento de los Objetivos de Desarrollo Sostenible. Todo esto se ver\u00e1 reforzado con el reconocimiento universal del derecho al ambiente sano.<\/li><\/ol>\n\n\n\n<p><strong>Fortalecimiento de la Justicia, las Pol\u00edticas y el Desempe\u00f1o Ambiental<\/strong><\/p>\n\n\n\n<ol class=\"wp-block-list\" start=\"10\"><li>Llenando lo que se ha convertido en una laguna en la arquitectura del derecho internacional de los derechos humanos, el reconocimiento del derecho al ambiente seguro, limpio, sano y sostenible por parte del Consejo de Derechos Humanos desempe\u00f1ar\u00e1 un rol esencial en la concreci\u00f3n de la justicia ambiental para comunidades expuestas a la degradaci\u00f3n ambiental, sus peligros y amenazas. Reconocer este derecho crear\u00e1 las bases para fortalecer las pol\u00edticas y la legislaci\u00f3n ambiental de los Estados, proporcionando mayor apoyo y legitimaci\u00f3n para su desempe\u00f1o en materia ambiental. Investigaciones xi han evidenciado que el reconocimiento de este derecho se refleja en una mejor calidad del aire, un mayor acceso al agua potable y alimentaci\u00f3n m\u00e1s diversa y saludable, al igual que en una reducci\u00f3n de las emisiones de gases de efecto invernadero, todo lo cual es necesario para garantizar el disfrute de los derechos humanos. Adem\u00e1s, tal como el Relator Especial de derechos humanos y ambiente afirma, \u00abun clima seguro es un elemento fundamental del derecho a un ambiente sano y resulta absolutamente esencial para la vida y el bienestar de los seres humanos\u00bb.xii El reconocimiento de este derecho por parte del Consejo de Derechos Humanos resaltar\u00e1 la necesidad urgente de una acci\u00f3n clim\u00e1tica efectiva.<\/li><\/ol>\n\n\n\n<p><strong>Un Derecho Ya Reconocido para Pueblos Ind\u00edgenas, Campesinos, Campesinas y Otras Personas Trabajadoras en Zonas Rurales<\/strong><\/p>\n\n\n\n<ol class=\"wp-block-list\" start=\"11\"><li>Por muchos a\u00f1os, pueblos ind\u00edgenas de todo el mundo han llamado la atenci\u00f3n acerca del nivel de degradaci\u00f3n ambiental y las consecuencias de un desarrollo insostenible, que han sufrido<br>desproporcionada e injustificadamente. Estos pueblos han luchado por modelos sociales y econ\u00f3micos que se centren en el bienestar de las personas y del planeta. El Consejo de Derechos Humanos seguido de la Asamblea General de las Naciones Unidas, ha reconocido la relaci\u00f3n especial que existe entre las comunidades ind\u00edgenas y \u00e9tnicas con su territorio y el ambiente. En el art\u00edculo 29 de la Declaraci\u00f3n de las Naciones Unidas sobre los Derechos de los Pueblos Ind\u00edgenas se establece que: \u00abLas comunidades ind\u00edgenas tienen el derecho a la conservaci\u00f3n y protecci\u00f3n del ambiente y la capacidad productiva de sus tierras, recursos y territorios\u00bb xiii.<\/li><\/ol>\n\n\n\n<ol class=\"wp-block-list\" start=\"12\"><li>Para los y las campesinas, y trabajadoras y trabajadores agr\u00edcolas, el Consejo de Derechos Humanos de la ONU, seguido por la Asamblea General de la ONU en 2018, tambi\u00e9n reconoci\u00f3 el derecho a un ambiente sano en el art\u00edculo 18 de la Declaraci\u00f3n de la ONU sobre los Derechos de los Campesinos y Otras Personas que Trabajan en Zonas Rurales: \u00abLos campesinos y otras personas que trabajan en las zonas rurales tienen derecho a la conservaci\u00f3n y protecci\u00f3n del medio ambiente y de la capacidad productiva de sus tierras, as\u00ed como de los recursos que utilizan y gestionan\u00bbxiv. Al volver este derecho universal se extender\u00e1 a todas las personas y contribuir\u00e1 a reducir la presi\u00f3n sobre los ecosistemas de los que dependen. Adem\u00e1s, mejorar\u00e1 la capacidad de los pueblos ind\u00edgenas y de las comunidades locales y rurales a identificar soluciones para la recuperaci\u00f3n ambiental y la protecci\u00f3n de la integridad de los ecosistemas naturales en consonancia con los derechos humanos xv.<\/li><\/ol>\n\n\n\n<p><strong>Mayor Protecci\u00f3n y Empoderamiento de Personas Particularmente Afectadas<\/strong><\/p>\n\n\n\n<ol class=\"wp-block-list\" start=\"13\"><li>El Consejo de Derechos Humanos ha reconocido claramentexvi que la igualdad entre los g\u00e9neros y el empoderamiento de las mujeres y las ni\u00f1as son importantes para la salvaguardia del ambiente, dada la funci\u00f3n que desempe\u00f1an las mujeres y las ni\u00f1as como administradoras de los recursos naturales y agentes de cambio. Con frecuencia, ellas se enfrentan a mayores riesgos y cargas<br>derivadas de la degradaci\u00f3n ambiental y del cambio clim\u00e1tico, como consecuencia de las desigualdades de g\u00e9nero preexistentes y de las formas de discriminaci\u00f3n interseccionalxvii, y porque, entre otras razones, la mayor\u00eda de ellas dependen de los recursos naturales para su subsistencia. Las mujeres y las ni\u00f1as desempe\u00f1an un papel fundamental en la respuesta a los problemas ambientales y<br>a la crisis clim\u00e1tica, en particular con su \u00e9tica del cuidado, su conocimiento de los recursos renovables y su liderazgo en las pr\u00e1cticas sostenibles. La igualdad entre los g\u00e9neros y el papel de las mujeres y de las ni\u00f1as se ver\u00e1n reforzados por el reconocimiento universal de este derecho.<\/li><\/ol>\n\n\n\n<ol class=\"wp-block-list\" start=\"14\"><li>El Consejo de Derechos Humanos tambi\u00e9n ha subrayado xviii que debe garantizarse a los y las defensoras de derechos humanos del ambiente un entorno seguro y propicio para llevar a cabo su<br>trabajo, \u00aben reconocimiento de su importante papel de apoyo a los Estados para que cumplan con sus obligaciones\u00bbxix. Reconocer universalmente este derecho reforzar\u00e1, a\u00fan m\u00e1s, la legitimidad de sus<br>esfuerzos y destacar\u00e1 el papel esencial que desempe\u00f1an para garantizar que los Estados protejan eficazmente el ambiente, respetando, protegiendo y cumpliendo con todos los derechos humanos. Tambi\u00e9n instar\u00e1 a que los Estados protejan a quienes defienden los derechos humanos ambientales de ni\u00f1os y ni\u00f1as, j\u00f3venes y adultos de los elevados y preocupantes niveles de ataques y amenazas.<\/li><\/ol>\n\n\n\n<ol class=\"wp-block-list\" start=\"15\"><li>Los ni\u00f1os y las ni\u00f1as son particularmente vulnerables a los da\u00f1os ambientales. Aproximadamente m\u00e1s de una cuarta parte de las muertes anuales de menores de cinco a\u00f1os -1.7 de 5.9 millones- son atribuibles a causas ambientales que en su mayor\u00eda son prevenibles. Otros millones de ni\u00f1os y ni\u00f1as m\u00e1s sufren anualmente impactos irreversibles para toda su vida. La actual movilizaci\u00f3n global dirigida por ni\u00f1os, ni\u00f1as y j\u00f3venes por el ambiente y contra los crecientes<br>impactos de la crisis clim\u00e1tica, est\u00e1 desafiando a todos los gobiernos para que cumplan con los compromisos asumidos y garanticen que las nuevas generaciones puedan disfrutar de un entorno natural equivalente al que generaciones pasadas han gozado.<\/li><\/ol>\n\n\n\n<ol class=\"wp-block-list\" start=\"16\"><li>Como ha reconocido el Consejo de Derechos Humanos xx, las consecuencias de los da\u00f1os ambientales son percibidas con mayor agudeza por poblaciones en situaci\u00f3n de vulnerabilidad. Cada d\u00eda m\u00e1s y m\u00e1s personas sufren por los impactos de la degradaci\u00f3n ambiental incluyendo ni\u00f1os, ni\u00f1as y j\u00f3venes, personas mayores, mujeres, LGBTQI +, personas con discapacidades, pueblos ind\u00edgenas<br>y comunidades locales, comunidades afrodescendientes, minor\u00edas, campesinos y campesinas, comunidades pesqueras, trabajadores y trabajadoras agr\u00edcolas, trabajadores y trabajadoras, personas<br>que viven en pobreza, detenidos y detenidas, personas en territorios ocupados, personas migrantes, personas refugiadas y desplazadas. El reconocimiento universal del derecho a un ambiente seguro,<br>limpio, sano y sostenible reforzar\u00e1 el papel de las personas en situaci\u00f3n de vulnerabilidad como titulares de derechos y como agentes de cambio en asuntos ambientales.<\/li><\/ol>\n\n\n\n<p><strong>Fortaleciendo la Cooperaci\u00f3n Internacional<\/strong><\/p>\n\n\n\n<ol class=\"wp-block-list\" start=\"17\"><li>La cooperaci\u00f3n internacional es fundamental para abordar las consecuencias de la degradaci\u00f3n ambiental y de la crisis clim\u00e1tica. El reconocimiento universal del derecho al ambiente sano proporcionar\u00e1 el marco necesario para fortalecer la cooperaci\u00f3n internacional, incluyendo el fomento de una mayor asistencia t\u00e9cnica y la creaci\u00f3n de capacidades t\u00e9cnicas en asuntos ambientales. Este reconocimiento proporcionar\u00e1 orientaci\u00f3n y consolidar\u00e1 un terreno com\u00fan para enfrentar los impactos globales consecuentes de los problemas ambientales. Tambi\u00e9n, fortalecer\u00e1 las iniciativas existentes para garantizar que se reconozca la responsabilidad de las empresas<br>transnacionales y otras empresas por los da\u00f1os ambientales que hayan causado.<\/li><\/ol>\n\n\n\n<p><strong>Un Derecho que Ya Debe Volverse Universal<\/strong><\/p>\n\n\n\n<ol class=\"wp-block-list\" start=\"18\"><li><strong>Como \u00f3rgano intergubernamental de derechos humanos preeminente, con el mandato de fortalecer la promoci\u00f3n y protecci\u00f3n de los derechos humanos en todo el mundo y de prevenir y abordar las violaciones de derechos humanos, el Consejo de Derechos Humanos tiene la responsabilidad \u00fanica de abordar y prevenir con urgencia las graves amenazas a los derechos humanos causadas por la degradaci\u00f3n ambiental. Por ello, y en consonancia con el papel esencial del Consejo en el desarrollo normativo, instamos a todos los Estados a que apoyen la r\u00e1pida aprobaci\u00f3n de resoluciones en el Consejo de Derechos Humanos para que se reconozca que todas las personas tenemos el derecho a disfrutar de un ambiente seguro, limpio, sano y sostenible.<\/strong><\/li><\/ol>\n\n\n\n<p class=\"has-small-font-size\">i Evaluaci\u00f3n de IPBES (2019). Resumen para los responsables de formular pol\u00edticas del informe de evaluaci\u00f3n de la evaluaci\u00f3n metodol\u00f3gica de hip\u00f3tesis y modelos de la diversidad biol\u00f3gica y los servicios de los ecosistemas. S. D\u00edaz, J. Settele, E. S. Brond\u00edzio E.S., H. T. Ngo, M. Gu\u00e8ze, J. Agard, A. Arneth, P. Balvanera, K. A. Brauman, S. H. M. Butchart, K. M. A. Chan, L. A. Garibaldi, K. Ichii, J. Liu, S. M. Subramanian, G. F. Midgley, P. Miloslavich, Z. Moln\u00e1r, D. Obura, A. Pfaff, S. Polasky, A. Purvis, J. Razzaque, B. Reyers, R. Roy Chowdhury, Y. J. Shin, I. J. Visseren-Hamakers, K. J. Willis y C. N. Zayas (eds.). Secretar\u00eda IPBES, Bonn, Alemania, p. 11, A4.<\/p>\n\n\n\n<p class=\"has-small-font-size\">ii Idem, p. 10, A1<\/p>\n\n\n\n<p class=\"has-small-font-size\">iii Roy, J., P. Tschakert, H. Waisman, S. Abdul Halim, P. Antwi-Agyei, P. Dasgupta, B. Hayward, M. Kanninen, D. Liverman, C. Okereke, P.F. Pinho, K. Riahi y A.G. Suarez Rodr\u00edguez (2018) Desarrollo sostenible, la erradicaci\u00f3n de la pobreza y la disminuci\u00f3n de las desigualdades. En: Calentamiento global de 1.5\u00b0C Informe especial del IPCC sobre los impactos del calentamiento global de 1.5 \u00baC con respecto a los niveles preindustriales y las trayectorias correspondientes que deber\u00edan seguir las emisiones mundiales de gases de efecto invernadero, en el contexto del reforzamiento de la respuesta mundial a la amenaza del cambio clim\u00e1tico, el desarrollo sostenible y los esfuerzos por erradicar la pobreza. Masson-Delmotte, V., P. Zhai, H.-O. P\u00f6rtner, D. Roberts, J. Skea, P.R. Shukla, A. Pirani, W.<br>Moufouma-Okia, C. P\u00e9an, R. Pidcock, S. Connors, J.B.R. Matthews, Y. Chen, X. Zhou, M.I. Gomis, E. Lonnoy, T. Maycock, M. Tignor y T. Waterfield (eds.).<\/p>\n\n\n\n<p class=\"has-small-font-size\">iv Programa de las Naciones Unidas para el Medio Ambiente (2019) Perspectivas de los productos qu\u00edmicos a nivel mundial II: de las herencias a las soluciones innovadoras: aplicaci\u00f3n de la Agenda 2030 para el Desarrollo Sostenible; Programa de las Naciones Unidas para el Medio Ambiente (2013) Perspectivas de los productos qu\u00edmicos<br>a nivel mundial.<\/p>\n\n\n\n<p class=\"has-small-font-size\">v IPBES (2019): Informe de la Evaluaci\u00f3n Global de biodiversidad y servicios ecosist\u00e9micos de la Plataforma Intergubernamental Cient\u00edfico-Normativa sobre Diversidad Biol\u00f3gica y Servicios de los Ecosistemas. E. S. Brondizio, J. Settele, S. D\u00edaz y H. T. Ngo (editores). Secretar\u00eda IPBES, Bonn, Alemania: Cap\u00edtulos 2 y 3.<\/p>\n\n\n\n<p class=\"has-small-font-size\">vi Evaluaci\u00f3n de IPBES (2019). Resumen para los responsables de formular pol\u00edticas del informe de evaluaci\u00f3n de la evaluaci\u00f3n metodol\u00f3gica de hip\u00f3tesis y modelos de la diversidad biol\u00f3gica y los servicios de los ecosistemas: p. 16, D<\/p>\n\n\n\n<p class=\"has-small-font-size\">vii Secretario General de la ONU, Ant\u00f3nio Guterres, \u00abEn la b\u00fasqueda de un \u00abreconstruir mejor\u00bb desde la crisis actual, trabajemos juntos por preservar la biodiversidad para que podamos lograr nuestros Objetivos de Desarrollo Sostenible. As\u00ed es como protegeremos la salud y el bienestar de las generaciones venideras\u00bb, 22 de mayo de 2020. El Reconstruir<br>Mejor es una aproximaci\u00f3n a la recuperaci\u00f3n pos-desastres que busca incrementar la resiliencia de las naciones y comunidades para enfrentar futuros rimpactos y desastres. Fue definido por primera vez por las Naciones Unidas en Marco de Sendai para la Reducci\u00f3n del Riesgo de Desastres 2015-2030, acordado en la Tercera Conferencia Mundial Sobre Reducci\u00f3n de Riesgo de Desastres, del 14 al 18 de en marzo de 2015, en Sendai, Jap\u00f3n y adoptado por la Asamblea General de la ONU el 3 de junio de 2015.<\/p>\n\n\n\n<p class=\"has-small-font-size\">viii David Boyd, Relator Especial sobre la cuesti\u00f3n de las obligaciones de derechos humanos relacionadas con el disfrute de un medio ambiente sin riesgos, limpio, saludable y sostenible (2019) Derecho a un medio ambiente saludable: buenas pr\u00e1cticas, 30 de diciembre de 2019, Ginebra, A\/HRC\/43\/53 parag 11, 12, 13.<\/p>\n\n\n\n<p class=\"has-small-font-size\">ix J. Knox, Relator Especial sobre la cuesti\u00f3n de las obligaciones de derechos humanos relacionadas con el disfrute de un medio ambiente sin riesgos, limpio, saludable y sostenible (2018) Reporte al Consejo de Derechos Humanos: Principios marco sobre derechos humanos y medio ambiente, 24 de enero de 2018, Ginebra A\/HRC\/37\/59.<\/p>\n\n\n\n<p class=\"has-small-font-size\">x Opini\u00f3n Consultiva OC-23\/17 de la Corte Interamericana de Derechos Humanos<\/p>\n\n\n\n<p class=\"has-small-font-size\">xi David Boyd, Relator Especial sobre la cuesti\u00f3n de las obligaciones de derechos humanos relacionadas con el disfrute de un medio ambiente sin riesgos, limpio, saludable y sostenible (2020) Buenas pr\u00e1cticas de los Estados en los planos nacional y regional respecto de las obligaciones de derechos humanos relacionadas con el medio ambiente, 23 de<br>enero de 2020, Ginebra, A\/HRC\/43\/54.<\/p>\n\n\n\n<p class=\"has-small-font-size\">xii David Boyd, Relator Especial sobre la cuesti\u00f3n de las obligaciones de derechos humanos relacionadas con el disfrute de un medio ambiente sin riesgos, limpio, saludable y sostenible (2019) Informe sobre Clima Seguro, 15 de julio de 2019, Ginebra, A\/74\/161.<\/p>\n\n\n\n<p class=\"has-small-font-size\">xiii Asamblea General de las Naciones Unidas (2007). Declaraci\u00f3n de las Naciones Unidas sobre los Derechos de los Pueblos Ind\u00edgenas. Adoptada por la Asamblea General el 13 de septiembre de 2007, Nueva York, A\/RES\/61\/295: Art\u00edculo 29.<\/p>\n\n\n\n<p class=\"has-small-font-size\">xiv Asamblea General de las Naciones Unidas (2018). Declaraci\u00f3n de las Naciones Unidas sobre los Derechos de los Campesinos y de Otras Personas que Trabajan en las Zonas Rurales. Adoptada por la Asamblea General el 17 de diciembre de 2018, Nueva York, A\/RES\/73\/165: Art\u00edculo 18.<\/p>\n\n\n\n<p class=\"has-small-font-size\">xv P. McElwee, \u00c1. Fern\u00e1ndez\u2010Llamazares, Y. Aumeeruddy\u2010Thomas, D. Babai, P. Bates, K. Galvin, M. Gu\u00e8ze, J. Liu, Z. Moln\u00e1r, H. T. Ngo, V. Reyes\u2010Garc\u00eda, R. Roy Chowdhury, A. Samakov, U. Babu Shrestha, S. D\u00edaz, E. S. Brond\u00edzio. Working with Indigenous and local knowledge (ILK) in large\u2010scale ecological assessments: Reviewing the experience of the IPBES Global Assessment. Revista de Ecolog\u00eda Aplicada, 2020.<\/p>\n\n\n\n<p class=\"has-small-font-size\">xvi Consejo de Derechos Humanos de las Naciones Unidas (2019) Resoluci\u00f3n 40\/11. Reconocimiento de la contribuci\u00f3n que hacen los defensores de los derechos humanos relacionados con el medio ambiente al disfrute de los derechos humanos, la protecci\u00f3n del medio ambiente y el desarrollo sostenible, 2 de abril 2019, Ginebra, A\/HRC\/RES\/40\/11.<\/p>\n\n\n\n<p class=\"has-small-font-size\">xvii Ver Comit\u00e9 para la Eliminaci\u00f3n de la Discriminaci\u00f3n contra la Mujer, Recomendaci\u00f3n General N\u00fam. 37 sobre \u00ablas dimensiones de g\u00e9nero de la reducci\u00f3n del riesgo de desastres en el contexto del cambio clim\u00e1tico\u00bb (2018).<\/p>\n\n\n\n<p class=\"has-small-font-size\">xviii Consejo de Derechos Humanos de las Naciones Unidas (2019) Resoluci\u00f3n 40\/11. Reconocimiento de la contribuci\u00f3n que hacen los defensores de los derechos humanos relacionados con el medio ambiente al disfrute de los derechos humanos, la protecci\u00f3n del medio ambiente y el desarrollo sostenible, 2 de abril 2019, Ginebra, A\/HRC\/RES\/40\/11<\/p>\n\n\n\n<p class=\"has-small-font-size\">xix Idem<\/p>\n\n\n\n<p class=\"has-small-font-size\">xx Idem<\/p>\n","protected":false},"excerpt":{"rendered":"<p>Casi 1000 organizaciones han llamado a las naciones del mundo a reconocer el derecho internacional por un medio ambiente saludable para todos. Humanium ha participado en el llamado extraordinario de la sociedad civil que publicamos con mucho orgullo a continuaci\u00f3n. En septiembre del 2020, Humanium uni\u00f3 fuerzas con casi 1000 organizaciones pertenecientes a sociedades civiles, [&hellip;]<\/p>\n","protected":false},"author":1,"featured_media":14784,"comment_status":"closed","ping_status":"closed","sticky":false,"template":"","format":"standard","meta":{"footnotes":""},"categories":[148,155,6,8],"tags":[],"class_list":["post-14783","post","type-post","status-publish","format-standard","has-post-thumbnail","hentry","category-derechos-del-nino","category-libertad","category-medioambiente","category-salud"],"yoast_head":"<!-- This site is optimized with the Yoast SEO plugin v26.5 - https:\/\/yoast.com\/wordpress\/plugins\/seo\/ -->\n<title>Humanium se une al llamado mundial para el derecho a un medio ambiente saludable - Humanium<\/title>\n<meta name=\"description\" content=\"Casi 1000 organizaciones han llamado a las naciones del mundo a reconocer el derecho internacional por un medio ambiente saludable.\" \/>\n<meta name=\"robots\" content=\"index, follow, max-snippet:-1, max-image-preview:large, max-video-preview:-1\" \/>\n<link rel=\"canonical\" href=\"https:\/\/www.humanium.org\/es\/humanium-se-une-al-llamado-mundial-para-el-derecho-a-un-medio-ambiente-saludable\/\" \/>\n<meta property=\"og:locale\" content=\"es_ES\" \/>\n<meta property=\"og:type\" content=\"article\" \/>\n<meta property=\"og:title\" content=\"Humanium se une al llamado mundial para el derecho a un medio ambiente saludable - Humanium\" \/>\n<meta property=\"og:description\" content=\"Casi 1000 organizaciones han llamado a las naciones del mundo a reconocer el derecho internacional por un medio ambiente saludable.\" \/>\n<meta property=\"og:url\" content=\"https:\/\/www.humanium.org\/es\/humanium-se-une-al-llamado-mundial-para-el-derecho-a-un-medio-ambiente-saludable\/\" \/>\n<meta property=\"og:site_name\" content=\"Humanium\" \/>\n<meta property=\"article:published_time\" content=\"2020-10-27T20:04:17+00:00\" \/>\n<meta property=\"article:modified_time\" content=\"2025-12-13T21:38:08+00:00\" \/>\n<meta property=\"og:image\" content=\"https:\/\/www.humanium.org\/es\/wp-content\/uploads\/2020\/10\/Picture-1-2.png\" \/>\n\t<meta property=\"og:image:width\" content=\"762\" \/>\n\t<meta property=\"og:image:height\" content=\"508\" \/>\n\t<meta property=\"og:image:type\" content=\"image\/png\" \/>\n<meta name=\"author\" content=\"Olivier\" \/>\n<meta name=\"twitter:card\" content=\"summary_large_image\" \/>\n<meta name=\"twitter:label1\" content=\"Escrito por\" \/>\n\t<meta name=\"twitter:data1\" content=\"Olivier\" \/>\n\t<meta name=\"twitter:label2\" content=\"Tiempo de lectura\" \/>\n\t<meta name=\"twitter:data2\" content=\"21 minutos\" \/>\n<script type=\"application\/ld+json\" class=\"yoast-schema-graph\">{\"@context\":\"https:\/\/schema.org\",\"@graph\":[{\"@type\":\"WebPage\",\"@id\":\"https:\/\/www.humanium.org\/es\/humanium-se-une-al-llamado-mundial-para-el-derecho-a-un-medio-ambiente-saludable\/\",\"url\":\"https:\/\/www.humanium.org\/es\/humanium-se-une-al-llamado-mundial-para-el-derecho-a-un-medio-ambiente-saludable\/\",\"name\":\"Humanium se une al llamado mundial para el derecho a un medio ambiente saludable - Humanium\",\"isPartOf\":{\"@id\":\"https:\/\/www.humanium.org\/es\/#website\"},\"primaryImageOfPage\":{\"@id\":\"https:\/\/www.humanium.org\/es\/humanium-se-une-al-llamado-mundial-para-el-derecho-a-un-medio-ambiente-saludable\/#primaryimage\"},\"image\":{\"@id\":\"https:\/\/www.humanium.org\/es\/humanium-se-une-al-llamado-mundial-para-el-derecho-a-un-medio-ambiente-saludable\/#primaryimage\"},\"thumbnailUrl\":\"https:\/\/www.humanium.org\/es\/wp-content\/uploads\/2020\/10\/Picture-1-2.png\",\"datePublished\":\"2020-10-27T20:04:17+00:00\",\"dateModified\":\"2025-12-13T21:38:08+00:00\",\"author\":{\"@id\":\"https:\/\/www.humanium.org\/es\/#\/schema\/person\/a7bc4047fa1a59491b84b14abef018a7\"},\"description\":\"Casi 1000 organizaciones han llamado a las naciones del mundo a reconocer el derecho internacional por un medio ambiente saludable.\",\"breadcrumb\":{\"@id\":\"https:\/\/www.humanium.org\/es\/humanium-se-une-al-llamado-mundial-para-el-derecho-a-un-medio-ambiente-saludable\/#breadcrumb\"},\"inLanguage\":\"es\",\"potentialAction\":[{\"@type\":\"ReadAction\",\"target\":[\"https:\/\/www.humanium.org\/es\/humanium-se-une-al-llamado-mundial-para-el-derecho-a-un-medio-ambiente-saludable\/\"]}]},{\"@type\":\"ImageObject\",\"inLanguage\":\"es\",\"@id\":\"https:\/\/www.humanium.org\/es\/humanium-se-une-al-llamado-mundial-para-el-derecho-a-un-medio-ambiente-saludable\/#primaryimage\",\"url\":\"https:\/\/www.humanium.org\/es\/wp-content\/uploads\/2020\/10\/Picture-1-2.png\",\"contentUrl\":\"https:\/\/www.humanium.org\/es\/wp-content\/uploads\/2020\/10\/Picture-1-2.png\",\"width\":762,\"height\":508},{\"@type\":\"BreadcrumbList\",\"@id\":\"https:\/\/www.humanium.org\/es\/humanium-se-une-al-llamado-mundial-para-el-derecho-a-un-medio-ambiente-saludable\/#breadcrumb\",\"itemListElement\":[{\"@type\":\"ListItem\",\"position\":1,\"name\":\"Home\",\"item\":\"https:\/\/www.humanium.org\/es\/\"},{\"@type\":\"ListItem\",\"position\":2,\"name\":\"Humanium se une al llamado mundial para el derecho a un medio ambiente saludable\"}]},{\"@type\":\"WebSite\",\"@id\":\"https:\/\/www.humanium.org\/es\/#website\",\"url\":\"https:\/\/www.humanium.org\/es\/\",\"name\":\"Humanium\",\"description\":\"\u00a1Los ni\u00f1os primero!\",\"potentialAction\":[{\"@type\":\"SearchAction\",\"target\":{\"@type\":\"EntryPoint\",\"urlTemplate\":\"https:\/\/www.humanium.org\/es\/?s={search_term_string}\"},\"query-input\":{\"@type\":\"PropertyValueSpecification\",\"valueRequired\":true,\"valueName\":\"search_term_string\"}}],\"inLanguage\":\"es\"},{\"@type\":\"Person\",\"@id\":\"https:\/\/www.humanium.org\/es\/#\/schema\/person\/a7bc4047fa1a59491b84b14abef018a7\",\"name\":\"Olivier\",\"image\":{\"@type\":\"ImageObject\",\"inLanguage\":\"es\",\"@id\":\"https:\/\/www.humanium.org\/es\/#\/schema\/person\/image\/\",\"url\":\"https:\/\/secure.gravatar.com\/avatar\/945a9bb4662b83cabc6e1483b64823d58adf8c47dcbb3a834cd5df54a5f60495?s=96&d=mm&r=g\",\"contentUrl\":\"https:\/\/secure.gravatar.com\/avatar\/945a9bb4662b83cabc6e1483b64823d58adf8c47dcbb3a834cd5df54a5f60495?s=96&d=mm&r=g\",\"caption\":\"Olivier\"},\"url\":\"https:\/\/www.humanium.org\/es\/author\/olivier\/\"}]}<\/script>\n<!-- \/ Yoast SEO plugin. -->","yoast_head_json":{"title":"Humanium se une al llamado mundial para el derecho a un medio ambiente saludable - Humanium","description":"Casi 1000 organizaciones han llamado a las naciones del mundo a reconocer el derecho internacional por un medio ambiente saludable.","robots":{"index":"index","follow":"follow","max-snippet":"max-snippet:-1","max-image-preview":"max-image-preview:large","max-video-preview":"max-video-preview:-1"},"canonical":"https:\/\/www.humanium.org\/es\/humanium-se-une-al-llamado-mundial-para-el-derecho-a-un-medio-ambiente-saludable\/","og_locale":"es_ES","og_type":"article","og_title":"Humanium se une al llamado mundial para el derecho a un medio ambiente saludable - Humanium","og_description":"Casi 1000 organizaciones han llamado a las naciones del mundo a reconocer el derecho internacional por un medio ambiente saludable.","og_url":"https:\/\/www.humanium.org\/es\/humanium-se-une-al-llamado-mundial-para-el-derecho-a-un-medio-ambiente-saludable\/","og_site_name":"Humanium","article_published_time":"2020-10-27T20:04:17+00:00","article_modified_time":"2025-12-13T21:38:08+00:00","og_image":[{"width":762,"height":508,"url":"https:\/\/www.humanium.org\/es\/wp-content\/uploads\/2020\/10\/Picture-1-2.png","type":"image\/png"}],"author":"Olivier","twitter_card":"summary_large_image","twitter_misc":{"Escrito por":"Olivier","Tiempo de lectura":"21 minutos"},"schema":{"@context":"https:\/\/schema.org","@graph":[{"@type":"WebPage","@id":"https:\/\/www.humanium.org\/es\/humanium-se-une-al-llamado-mundial-para-el-derecho-a-un-medio-ambiente-saludable\/","url":"https:\/\/www.humanium.org\/es\/humanium-se-une-al-llamado-mundial-para-el-derecho-a-un-medio-ambiente-saludable\/","name":"Humanium se une al llamado mundial para el derecho a un medio ambiente saludable - Humanium","isPartOf":{"@id":"https:\/\/www.humanium.org\/es\/#website"},"primaryImageOfPage":{"@id":"https:\/\/www.humanium.org\/es\/humanium-se-une-al-llamado-mundial-para-el-derecho-a-un-medio-ambiente-saludable\/#primaryimage"},"image":{"@id":"https:\/\/www.humanium.org\/es\/humanium-se-une-al-llamado-mundial-para-el-derecho-a-un-medio-ambiente-saludable\/#primaryimage"},"thumbnailUrl":"https:\/\/www.humanium.org\/es\/wp-content\/uploads\/2020\/10\/Picture-1-2.png","datePublished":"2020-10-27T20:04:17+00:00","dateModified":"2025-12-13T21:38:08+00:00","author":{"@id":"https:\/\/www.humanium.org\/es\/#\/schema\/person\/a7bc4047fa1a59491b84b14abef018a7"},"description":"Casi 1000 organizaciones han llamado a las naciones del mundo a reconocer el derecho internacional por un medio ambiente saludable.","breadcrumb":{"@id":"https:\/\/www.humanium.org\/es\/humanium-se-une-al-llamado-mundial-para-el-derecho-a-un-medio-ambiente-saludable\/#breadcrumb"},"inLanguage":"es","potentialAction":[{"@type":"ReadAction","target":["https:\/\/www.humanium.org\/es\/humanium-se-une-al-llamado-mundial-para-el-derecho-a-un-medio-ambiente-saludable\/"]}]},{"@type":"ImageObject","inLanguage":"es","@id":"https:\/\/www.humanium.org\/es\/humanium-se-une-al-llamado-mundial-para-el-derecho-a-un-medio-ambiente-saludable\/#primaryimage","url":"https:\/\/www.humanium.org\/es\/wp-content\/uploads\/2020\/10\/Picture-1-2.png","contentUrl":"https:\/\/www.humanium.org\/es\/wp-content\/uploads\/2020\/10\/Picture-1-2.png","width":762,"height":508},{"@type":"BreadcrumbList","@id":"https:\/\/www.humanium.org\/es\/humanium-se-une-al-llamado-mundial-para-el-derecho-a-un-medio-ambiente-saludable\/#breadcrumb","itemListElement":[{"@type":"ListItem","position":1,"name":"Home","item":"https:\/\/www.humanium.org\/es\/"},{"@type":"ListItem","position":2,"name":"Humanium se une al llamado mundial para el derecho a un medio ambiente saludable"}]},{"@type":"WebSite","@id":"https:\/\/www.humanium.org\/es\/#website","url":"https:\/\/www.humanium.org\/es\/","name":"Humanium","description":"\u00a1Los ni\u00f1os primero!","potentialAction":[{"@type":"SearchAction","target":{"@type":"EntryPoint","urlTemplate":"https:\/\/www.humanium.org\/es\/?s={search_term_string}"},"query-input":{"@type":"PropertyValueSpecification","valueRequired":true,"valueName":"search_term_string"}}],"inLanguage":"es"},{"@type":"Person","@id":"https:\/\/www.humanium.org\/es\/#\/schema\/person\/a7bc4047fa1a59491b84b14abef018a7","name":"Olivier","image":{"@type":"ImageObject","inLanguage":"es","@id":"https:\/\/www.humanium.org\/es\/#\/schema\/person\/image\/","url":"https:\/\/secure.gravatar.com\/avatar\/945a9bb4662b83cabc6e1483b64823d58adf8c47dcbb3a834cd5df54a5f60495?s=96&d=mm&r=g","contentUrl":"https:\/\/secure.gravatar.com\/avatar\/945a9bb4662b83cabc6e1483b64823d58adf8c47dcbb3a834cd5df54a5f60495?s=96&d=mm&r=g","caption":"Olivier"},"url":"https:\/\/www.humanium.org\/es\/author\/olivier\/"}]}},"_links":{"self":[{"href":"https:\/\/www.humanium.org\/es\/wp-json\/wp\/v2\/posts\/14783","targetHints":{"allow":["GET"]}}],"collection":[{"href":"https:\/\/www.humanium.org\/es\/wp-json\/wp\/v2\/posts"}],"about":[{"href":"https:\/\/www.humanium.org\/es\/wp-json\/wp\/v2\/types\/post"}],"author":[{"embeddable":true,"href":"https:\/\/www.humanium.org\/es\/wp-json\/wp\/v2\/users\/1"}],"replies":[{"embeddable":true,"href":"https:\/\/www.humanium.org\/es\/wp-json\/wp\/v2\/comments?post=14783"}],"version-history":[{"count":15,"href":"https:\/\/www.humanium.org\/es\/wp-json\/wp\/v2\/posts\/14783\/revisions"}],"predecessor-version":[{"id":21659,"href":"https:\/\/www.humanium.org\/es\/wp-json\/wp\/v2\/posts\/14783\/revisions\/21659"}],"wp:featuredmedia":[{"embeddable":true,"href":"https:\/\/www.humanium.org\/es\/wp-json\/wp\/v2\/media\/14784"}],"wp:attachment":[{"href":"https:\/\/www.humanium.org\/es\/wp-json\/wp\/v2\/media?parent=14783"}],"wp:term":[{"taxonomy":"category","embeddable":true,"href":"https:\/\/www.humanium.org\/es\/wp-json\/wp\/v2\/categories?post=14783"},{"taxonomy":"post_tag","embeddable":true,"href":"https:\/\/www.humanium.org\/es\/wp-json\/wp\/v2\/tags?post=14783"}],"curies":[{"name":"wp","href":"https:\/\/api.w.org\/{rel}","templated":true}]}}