{"id":15402,"date":"2021-03-23T07:39:19","date_gmt":"2021-03-23T07:39:19","guid":{"rendered":"https:\/\/www.humanium.org\/es\/?p=15402"},"modified":"2025-12-13T21:40:35","modified_gmt":"2025-12-13T21:40:35","slug":"el-ano-para-la-eliminacion-del-trabajo-infantil","status":"publish","type":"post","link":"https:\/\/www.humanium.org\/es\/el-ano-para-la-eliminacion-del-trabajo-infantil\/","title":{"rendered":"El A\u00f1o para la Eliminaci\u00f3n del Trabajo Infantil"},"content":{"rendered":"\n<p><strong>La Organizaci\u00f3n Internacional del Trabajo (OIT) ha marcado 2021 como el A\u00f1o Internacional para la Eliminaci\u00f3n del Trabajo Infantil, con el objetivo de fomentar acciones legislativas y pol\u00edticas que erradiquen la lacra del trabajo infantil en todo el mundo. Sin embargo, a menos que se dise\u00f1en mecanismos adecuados para mitigar el descenso de los salarios del trabajo infantil, es probable que la prohibici\u00f3n del <\/strong><a href=\"https:\/\/www.humanium.org\/es\/enfoques-tematicos\/explotacion\/trabajo-infantil\/\"><strong>trabajo infantil<\/strong><\/a><strong> resulte indeseable en los pa\u00edses pobres para muchas familias durante la recuperaci\u00f3n de Covid-19.<\/strong><\/p>\n\n\n\n<p>La Organizaci\u00f3n Internacional del Trabajo (OIT) define el <a href=\"https:\/\/www.humanium.org\/es\/enfoques-tematicos\/explotacion\/trabajo-infantil\/\">trabajo infantil<\/a> como una violaci\u00f3n flagrante de los derechos del ni\u00f1o, tal y como se estipula en el art\u00edculo 32 de la <a href=\"https:\/\/www.humanium.org\/es\/convencion\/\">Convenci\u00f3n sobre los Derechos del Ni\u00f1o<\/a>, <em>especificando que es \u00bb trabajo que es peligroso y prejudicial para el bienestar f\u00edsico, mental o moral del ni\u00f1o; interfiere con su escolarizaci\u00f3n puesto que: les priva de la posibilidad de asistir a clases; les obliga a abandonar la escuela de forma prematura, o les exige combinar el estudio con un trabajo pesado y que insume mucho tiempo\u201d<\/em>. Adem\u00e1s, define el trabajo infantil como <em>\u00abtodo trabajo que priva a los ni\u00f1os de su ni\u00f1ez, su potencial y su dignidad\u201d<\/em> (OIT).<\/p>\n\n\n\n<h2 class=\"wp-block-heading\">Trabajo infantil y Covid-19<\/h2>\n\n\n\n<p>En la \u00faltima d\u00e9cada se han logrado importantes avances gracias a la movilizaci\u00f3n internacional. Se ha producido un descenso del 38% en el <a href=\"https:\/\/www.humanium.org\/es\/enfoques-tematicos\/explotacion\/trabajo-infantil\/\">trabajo infantil<\/a> a nivel mundial; sin embargo, 152 millones de ni\u00f1os siguen trabajando (UNICEF , 2020) y la pandemia del Covid-19 no solo ha agravado significativamente esta situaci\u00f3n, sino que amenaza con deshacer a\u00f1os de logros en la lucha contra el <a href=\"https:\/\/www.humanium.org\/es\/enfoques-tematicos\/explotacion\/trabajo-infantil\/\">trabajo infantil<\/a> (OIT, 2021). De hecho, como ocurre en la mayor\u00eda de las crisis, los m\u00e1s vulnerables de la sociedad son los que m\u00e1s sufren el impacto.<\/p>\n\n\n\n<figure class=\"wp-block-image size-large\"><img loading=\"lazy\" decoding=\"async\" width=\"1024\" height=\"683\" src=\"https:\/\/www.humanium.org\/es\/wp-content\/uploads\/2021\/03\/shutterstock_227139100-1024x683.jpg\" alt=\"\" class=\"wp-image-15405\" srcset=\"https:\/\/www.humanium.org\/es\/wp-content\/uploads\/2021\/03\/shutterstock_227139100-1024x683.jpg 1024w, https:\/\/www.humanium.org\/es\/wp-content\/uploads\/2021\/03\/shutterstock_227139100-300x200.jpg 300w, https:\/\/www.humanium.org\/es\/wp-content\/uploads\/2021\/03\/shutterstock_227139100-768x512.jpg 768w, https:\/\/www.humanium.org\/es\/wp-content\/uploads\/2021\/03\/shutterstock_227139100-1536x1024.jpg 1536w, https:\/\/www.humanium.org\/es\/wp-content\/uploads\/2021\/03\/shutterstock_227139100-2048x1365.jpg 2048w, https:\/\/www.humanium.org\/es\/wp-content\/uploads\/2021\/03\/shutterstock_227139100-830x553.jpg 830w, https:\/\/www.humanium.org\/es\/wp-content\/uploads\/2021\/03\/shutterstock_227139100-230x153.jpg 230w, https:\/\/www.humanium.org\/es\/wp-content\/uploads\/2021\/03\/shutterstock_227139100-350x233.jpg 350w, https:\/\/www.humanium.org\/es\/wp-content\/uploads\/2021\/03\/shutterstock_227139100-480x320.jpg 480w, https:\/\/www.humanium.org\/es\/wp-content\/uploads\/2021\/03\/shutterstock_227139100-272x182.jpg 272w\" sizes=\"auto, (max-width: 1024px) 100vw, 1024px\" \/><\/figure>\n\n\n\n<p>Se ha demostrado que un punto porcentual de aumento de la <a href=\"https:\/\/www.humanium.org\/es\/enfoques-tematicos\/pobreza\/\">pobreza<\/a> provoca al menos un aumento del +0,7% del <a href=\"https:\/\/www.humanium.org\/es\/enfoques-tematicos\/explotacion\/trabajo-infantil\/\">trabajo infantil<\/a> en determinados pa\u00edses (UNICEF, 2021). En tiempos de crisis, el <a href=\"https:\/\/www.humanium.org\/es\/enfoques-tematicos\/explotacion\/trabajo-infantil\/\">trabajo infantil<\/a> se convierte en un mecanismo de supervivencia para muchas familias y ni\u00f1os, especialmente los de comunidades pobres que corren un riesgo especial de <a href=\"https:\/\/www.humanium.org\/es\/enfoques-tematicos\/explotacion\/\">explotaci\u00f3n<\/a> cuando los padres se hunden en la <a href=\"https:\/\/www.humanium.org\/es\/enfoques-tematicos\/pobreza\/\">pobreza<\/a>. Algunos pueden sentirse obligados a enviar a sus hijos al mercado laboral, mientras que otros que buscan empleo corren el riesgo de ser v\u00edctimas de trata para realizar trabajos forzosos (Foro Mundial de la Infancia, 2020).<\/p>\n\n\n\n<p>Adem\u00e1s, cada vez hay m\u00e1s pruebas de que el trabajo infantil aumenta con el cierre de las escuelas, afectando a m\u00e1s de mil millones de estudiantes en 130 pa\u00edses durante la pandemia (Il Sole 24 Ore, 2021). Cuando las escuelas vuelvan a abrirse, no todos los padres podr\u00e1n permitirse enviar a sus hijos a la escuela. En consecuencia, las <a href=\"https:\/\/www.humanium.org\/es\/enfoques-tematicos\/discriminacion\/derechos-ninas\/\">disparidades de g\u00e9nero<\/a> pueden aumentar, y las ni\u00f1as son especialmente vulnerables a la <a href=\"https:\/\/www.humanium.org\/es\/enfoques-tematicos\/explotacion\/\">explotaci\u00f3n<\/a> en la agricultura y el trabajo dom\u00e9stico. De hecho, dado que garantizar la continuidad de la educaci\u00f3n es a\u00fan m\u00e1s importante en tiempos de crisis, la UE est\u00e1 ayudando a que los ni\u00f1os vuelvan a la escuela y tengan la oportunidad de un futuro mejor. En concreto, la UE apoya a los pa\u00edses para que refuercen y ampl\u00eden sus reg\u00edmenes de protecci\u00f3n social a fin de ayudar a los m\u00e1s vulnerables a hacer frente al Covid-19.<\/p>\n\n\n\n<p>De hecho, el riesgo de trabajo infantil es alto cuando los miembros de la familia trabajan en la econom\u00eda sumergida, tienen unos ingresos bajos y no seguros y no tienen acceso a las prestaciones de desempleo, al seguro m\u00e9dico ni a ninguna otra forma de protecci\u00f3n social. Adem\u00e1s, durante el cierre de las escuelas por el Covid-19, la UE puso en marcha un proyecto denominado \u00abProyecto CLEAR Cotton\u00bb que fomentaba la reintegraci\u00f3n de los ni\u00f1os trabajadores en la escuela, supervisaba su situaci\u00f3n y formaba a los profesores en medidas sanitarias, estableciendo tutoriales tambi\u00e9n para los ni\u00f1os, para reducir el riesgo de contagio (Comisi\u00f3n Europea, 2020).<\/p>\n\n\n\n<h2 class=\"wp-block-heading\">El A\u00f1o Internacional para la Eliminaci\u00f3n del Trabajo Infantil<\/h2>\n\n\n\n<p>La proclamaci\u00f3n de 2021 como A\u00f1o Internacional de la Eliminaci\u00f3n del Trabajo Infantil fue aprobada por unanimidad en una resoluci\u00f3n de la Asamblea General de la ONU en 2019. Uno de los principales prop\u00f3sitos de la iniciativa es instar a los gobiernos a implementar todas las medidas necesarias para alcanzar el Objetivo 8.7 de los Objetivos de Desarrollo Sostenible de las Naciones Unidas.<\/p>\n\n\n\n<p>Este \u00faltimo pide a los Estados miembros que adopten medidas inmediatas y eficaces para erradicar el trabajo forzoso, poner fin a la esclavitud moderna y a la <a href=\"https:\/\/www.humanium.org\/es\/enfoques-tematicos\/explotacion\/trata-ninos\/\">trata de seres humanos<\/a>, garantizar la prohibici\u00f3n y la eliminaci\u00f3n de las peores formas de <a href=\"https:\/\/www.humanium.org\/es\/enfoques-tematicos\/explotacion\/trabajo-infantil\/\">trabajo infantil<\/a> (incluido el reclutamiento y la utilizaci\u00f3n de ni\u00f1os soldados) y acabar con el <a href=\"https:\/\/www.humanium.org\/es\/enfoques-tematicos\/explotacion\/trabajo-infantil\/\">trabajo infantil<\/a> en todas sus formas para 2025. Este A\u00f1o Internacional, repleto de acciones, sentar\u00e1 las bases para la V Conferencia Mundial sobre el Trabajo Infantil que se celebrar\u00e1 en Sud\u00e1frica en 2022, en la que las partes interesadas compartir\u00e1n sus experiencias y asumir\u00e1n nuevos compromisos para poner fin al <a href=\"https:\/\/www.humanium.org\/es\/enfoques-tematicos\/explotacion\/trabajo-infantil\/\">trabajo infantil<\/a> en todas sus formas para 2025.<\/p>\n\n\n\n<h2 class=\"wp-block-heading\">Las posibles consecuencias de un objetivo poco realista<\/h2>\n\n\n\n<div class=\"wp-block-image\"><figure class=\"alignright size-large is-resized\"><img loading=\"lazy\" decoding=\"async\" src=\"https:\/\/www.humanium.org\/es\/wp-content\/uploads\/2021\/03\/shutterstock_1075538627-1024x683.jpg\" alt=\"\" class=\"wp-image-15407\" width=\"428\" height=\"285\" srcset=\"https:\/\/www.humanium.org\/es\/wp-content\/uploads\/2021\/03\/shutterstock_1075538627-1024x683.jpg 1024w, https:\/\/www.humanium.org\/es\/wp-content\/uploads\/2021\/03\/shutterstock_1075538627-300x200.jpg 300w, https:\/\/www.humanium.org\/es\/wp-content\/uploads\/2021\/03\/shutterstock_1075538627-768x512.jpg 768w, https:\/\/www.humanium.org\/es\/wp-content\/uploads\/2021\/03\/shutterstock_1075538627-1536x1024.jpg 1536w, https:\/\/www.humanium.org\/es\/wp-content\/uploads\/2021\/03\/shutterstock_1075538627-2048x1365.jpg 2048w, https:\/\/www.humanium.org\/es\/wp-content\/uploads\/2021\/03\/shutterstock_1075538627-830x553.jpg 830w, https:\/\/www.humanium.org\/es\/wp-content\/uploads\/2021\/03\/shutterstock_1075538627-230x153.jpg 230w, https:\/\/www.humanium.org\/es\/wp-content\/uploads\/2021\/03\/shutterstock_1075538627-350x233.jpg 350w, https:\/\/www.humanium.org\/es\/wp-content\/uploads\/2021\/03\/shutterstock_1075538627-480x320.jpg 480w, https:\/\/www.humanium.org\/es\/wp-content\/uploads\/2021\/03\/shutterstock_1075538627-272x182.jpg 272w\" sizes=\"auto, (max-width: 428px) 100vw, 428px\" \/><\/figure><\/div>\n\n\n\n<p>Aunque es intuitivo y moralmente convincente que hay que eliminar las peores formas de <a href=\"https:\/\/www.humanium.org\/es\/enfoques-tematicos\/explotacion\/trabajo-infantil\/\">trabajo infantil<\/a>, es poco probable que prohibir todas las formas de <a href=\"https:\/\/www.humanium.org\/es\/enfoques-tematicos\/explotacion\/trabajo-infantil\/\">trabajo infantil<\/a> en los pa\u00edses pobres mejore el bienestar y puede ir en detrimento de la acumulaci\u00f3n de capital humano. De hecho, el <a href=\"https:\/\/www.humanium.org\/es\/enfoques-tematicos\/explotacion\/trabajo-infantil\/\">trabajo infantil<\/a> no es ni mucho menos excepcional en muchas partes del mundo. El <a href=\"https:\/\/www.humanium.org\/es\/enfoques-tematicos\/explotacion\/trabajo-infantil\/\">trabajo infantil<\/a> se concentra en los pa\u00edses m\u00e1s pobres del mundo, donde alrededor del 25% de los ni\u00f1os realizan trabajos de explotaci\u00f3n. En el <a href=\"https:\/\/www.humanium.org\/es\/africa\/\">\u00c1frica<\/a> subsahariana, donde se encuentran 27 de los 28 pa\u00edses con menores ingresos del mundo, hay m\u00e1s ni\u00f1os trabajadores que en cualquier otro pa\u00eds (UNICEF, 2020). El <a href=\"https:\/\/www.humanium.org\/es\/enfoques-tematicos\/explotacion\/trabajo-infantil\/\">trabajo infantil<\/a> tambi\u00e9n es com\u00fan en contextos fr\u00e1giles en los que hay inseguridad o conflictos armados, como <a href=\"https:\/\/www.bing.com\/search?q=libia+humanium&amp;cvid=72d2a60020cc4bf69114d09fd5db202e&amp;FORM=ANAB01&amp;PC=HCTS\">Libia<\/a>, el <a href=\"https:\/\/www.humanium.org\/es\/republica-del-congo\/\">Congo<\/a> y, actualmente, la regi\u00f3n de Tigray, en el norte de <a href=\"https:\/\/www.humanium.org\/es\/etiopia\/\">Etiop\u00eda<\/a>.<\/p>\n\n\n\n<p>La cuesti\u00f3n es que proteger los derechos de los ni\u00f1os trabajadores en lugar de prohibir el <a href=\"https:\/\/www.humanium.org\/es\/enfoques-tematicos\/explotacion\/trabajo-infantil\/\">trabajo infantil<\/a> ser\u00eda un objetivo m\u00e1s realista y factible, aparte de un verdadero enfoque basado en evidencias. De hecho, para las familias con ingresos de subsistencia que no pueden depender de una red de seguridad social, una prohibici\u00f3n aplicada eficazmente puede ser devastadora (Forbes, 2019). Estas familias deben resignarse a una <a href=\"https:\/\/www.humanium.org\/es\/enfoques-tematicos\/pobreza\/\">pobreza<\/a> absoluta o ganar dinero con actividades que no se ven afectadas por la prohibici\u00f3n. En cualquiera de los casos, son los ni\u00f1os los que soportan la p\u00e9rdida de dicha prohibici\u00f3n (The Guardian, 2015).<\/p>\n\n\n\n<p>As\u00ed como es un hecho que las peores formas de <a href=\"https:\/\/www.humanium.org\/es\/enfoques-tematicos\/explotacion\/trabajo-infantil\/\">trabajo infantil<\/a> deben ser prohibidas, tambi\u00e9n es cierto que cualquier prohibici\u00f3n debe ofrecer alternativas: nuevas fuentes de ingresos para los padres, servicios para las familias, t\u00e9cnicas agr\u00edcolas innovadoras para garantizar la seguridad alimentaria y escuelas accesibles para los ni\u00f1os (Forbes, 2019). Una prohibici\u00f3n sin las alternativas necesarias es ingenua, y los programas que abordan la <a href=\"https:\/\/www.humanium.org\/es\/enfoques-tematicos\/pobreza\/\">pobreza<\/a> mientras ignoran la realidad actual del <a href=\"https:\/\/www.humanium.org\/es\/enfoques-tematicos\/explotacion\/trabajo-infantil\/\">trabajo infantil<\/a> son miopes.&nbsp; De hecho, como ha declarado el profesor Tatek Abebe, catedr\u00e1tico de Estudios sobre la Infancia en la universidad noruega de Ciencia y Tecnolog\u00eda de Trondheim, \u00ab<em>eliminar el <\/em><a href=\"https:\/\/www.humanium.org\/es\/enfoques-tematicos\/explotacion\/trabajo-infantil\/\"><em>trabajo infantil<\/em><\/a><em> como resoluci\u00f3n sin abordar los problemas estructurales fundamentales de la <\/em><a href=\"https:\/\/www.humanium.org\/es\/enfoques-tematicos\/pobreza\/\"><em>pobreza<\/em><\/a><em> y la desigualdad no tendr\u00e1 \u00e9xito<\/em>\u00bb (Reuters, 2021).<\/p>\n\n\n\n<h2 class=\"wp-block-heading\">\u00bfQu\u00e9 se puede hacer?<\/h2>\n\n\n\n<p>La Organizaci\u00f3n Internacional del Trabajo (OIT) y UNICEF han publicado un informe: \u00abLa COVID-19 y el trabajo infantil: un per\u00edodo de crisis, una oportunidad para actuar\u00bb, en el que aportan varias propuestas para contrarrestar dicha prohibici\u00f3n, y que son: mayor protecci\u00f3n social, facilitar el acceso al cr\u00e9dito por parte de las familias pobres, promover el trabajo decente entre los adultos, medidas de recuperaci\u00f3n escolar, incluida la eliminaci\u00f3n de las tasas de matr\u00edcula, m\u00e1s recursos para las inspecciones en el lugar de trabajo y la mejora legislativa.<\/p>\n\n\n\n<p>A pesar de ello, a menudo se piensa que esto no es suficiente y que el sistema internacional deber\u00eda centrarse en el bienestar de los ni\u00f1os en vez de en la eliminaci\u00f3n del <a href=\"https:\/\/www.humanium.org\/es\/enfoques-tematicos\/explotacion\/trabajo-infantil\/\">trabajo infantil<\/a>. De hecho, hay una carta abierta de m\u00e1s de 100 expertos que piden a la ONU, a UNICEF y al Comit\u00e9 de la CDN, como principales supervisores de la CDN, junto con la OIT, que faciliten un di\u00e1logo m\u00e1s inclusivo entre los gobiernos, las agencias de la ONU, los donantes, las ONGs, los investigadores y los propios ni\u00f1os trabajadores (Open Democracy, 2021). Antes de aspirar a eliminar toda forma de <a href=\"https:\/\/www.humanium.org\/es\/enfoques-tematicos\/explotacion\/trabajo-infantil\/\">trabajo infantil<\/a>, hay todo un sistema econ\u00f3mico mundial que revisar para poder abarcar todas las fragilidades y din\u00e1micas de las familias.<\/p>\n\n\n\n<figure class=\"wp-block-image size-large\"><img loading=\"lazy\" decoding=\"async\" width=\"1024\" height=\"683\" src=\"https:\/\/www.humanium.org\/es\/wp-content\/uploads\/2021\/03\/shutterstock_1177653883-1024x683.jpg\" alt=\"\" class=\"wp-image-15410\" srcset=\"https:\/\/www.humanium.org\/es\/wp-content\/uploads\/2021\/03\/shutterstock_1177653883-1024x683.jpg 1024w, https:\/\/www.humanium.org\/es\/wp-content\/uploads\/2021\/03\/shutterstock_1177653883-300x200.jpg 300w, https:\/\/www.humanium.org\/es\/wp-content\/uploads\/2021\/03\/shutterstock_1177653883-768x512.jpg 768w, https:\/\/www.humanium.org\/es\/wp-content\/uploads\/2021\/03\/shutterstock_1177653883-1536x1024.jpg 1536w, https:\/\/www.humanium.org\/es\/wp-content\/uploads\/2021\/03\/shutterstock_1177653883-2048x1366.jpg 2048w, https:\/\/www.humanium.org\/es\/wp-content\/uploads\/2021\/03\/shutterstock_1177653883-830x553.jpg 830w, https:\/\/www.humanium.org\/es\/wp-content\/uploads\/2021\/03\/shutterstock_1177653883-230x153.jpg 230w, https:\/\/www.humanium.org\/es\/wp-content\/uploads\/2021\/03\/shutterstock_1177653883-350x233.jpg 350w, https:\/\/www.humanium.org\/es\/wp-content\/uploads\/2021\/03\/shutterstock_1177653883-480x320.jpg 480w, https:\/\/www.humanium.org\/es\/wp-content\/uploads\/2021\/03\/shutterstock_1177653883-272x182.jpg 272w\" sizes=\"auto, (max-width: 1024px) 100vw, 1024px\" \/><\/figure>\n\n\n\n<p>Humanium, como organizaci\u00f3n, trabaja activamente en proyectos destinados a eliminar el trabajo infantil. En colaboraci\u00f3n con Hand in Hand India, Humanium se ha propuesto acabar con el trabajo infantil a trav\u00e9s de la educaci\u00f3n, ofreciendo a los antiguos ni\u00f1os trabajadores del Centro Residencial de Formaci\u00f3n Especial de Madhya Pradesh (<a href=\"https:\/\/www.humanium.org\/es\/india\/\">India<\/a>) un apoyo educativo, f\u00edsico, mental y emocional a medida y, en \u00faltima instancia, reintegr\u00e1ndolos en las escuelas p\u00fablicas. Si desea apoyar a Humanium en su labor, por favor, considere la posibilidad de hacerse socio, <a href=\"https:\/\/www.humanium.org\/es\/apadrinar-a-un-nino\/\">apadrinar a un ni\u00f1o<\/a> o <a href=\"https:\/\/www.humanium.org\/es\/donacion\/\">hacer una donaci\u00f3n<\/a>.<\/p>\n\n\n\n<p><em><strong>Escrito por Federica Versea<\/strong><\/em><\/p>\n\n\n\n<p><strong><em>Traducido por Alba Montes Reguero<\/em><\/strong><\/p>\n\n\n\n<h4 class=\"wp-block-heading\"><strong>Bibliograf\u00eda<\/strong>:<\/h4>\n\n\n\n<p class=\"has-small-font-size\">European Commission. (2020). <em>International Partnerships<\/em>. Retrieved from European Commission.<\/p>\n\n\n\n<p class=\"has-small-font-size\"><a href=\"https:\/\/www.forbes.com\/sites\/forbesnonprofitcouncil\/2019\/07\/29\/why-cant-we-ban-child-labor-knee-jerk-solutions-wont-work\/\">Forbes. (2019). <em>Why Can&#8217;t We Ban Child Labor? Knee-Jerk Solutions Won&#8217;t Work<\/em>. Retrieved from Forbes.<\/a><\/p>\n\n\n\n<p class=\"has-small-font-size\"><a href=\"https:\/\/www.globalchildforum.org\/blog\/covid-19-and-child-labor\/\">Global Child Forum. (2020). <em>Covid-19 and child labor<\/em>. Retrieved from Global Child Forum.<\/a><\/p>\n\n\n\n<p class=\"has-small-font-size\"><a href=\"https:\/\/www.ilsole24ore.com\/art\/la-pandemia-peggiora-sfruttamento-lavoro-minorile-ADX108W\">Il Sole 24 Ore. (2021). <em>La denuncia di Ilo-Unicef nella Giornata contro il lavoro minorile.<\/em> Retrieved from Il Sole 24 Ore.<\/a><\/p>\n\n\n\n<p class=\"has-small-font-size\"><a href=\"https:\/\/www.opendemocracy.net\/en\/beyond-trafficking-and-slavery\/open-letter-change-course-international-year-elimination-child-labour\/\">Open Democracy. (2021). <em>Open letter: change course on the International Year for the Elimination of Child Labour<\/em>. Retrieved from Open Democracy.<\/a><\/p>\n\n\n\n<p class=\"has-small-font-size\"><a href=\"https:\/\/www.reuters.com\/\">Reuters. (2021). <em>U.N. goal to end child labour by 2025 deemed impractical, out of touch<\/em>. Retrieved from Reuters.<\/a><\/p>\n\n\n\n<p class=\"has-small-font-size\"><a href=\"https:\/\/www.unicef.org\/protection\/child-labour\">UNICEF. (2020). <em>Child labour<\/em>. Retrieved for UNICEF.<\/a><\/p>\n","protected":false},"excerpt":{"rendered":"<p>La Organizaci\u00f3n Internacional del Trabajo (OIT) ha marcado 2021 como el A\u00f1o Internacional para la Eliminaci\u00f3n del Trabajo Infantil, con el objetivo de fomentar acciones legislativas y pol\u00edticas que erradiquen la lacra del trabajo infantil en todo el mundo. Sin embargo, a menos que se dise\u00f1en mecanismos adecuados para mitigar el descenso de los salarios [&hellip;]<\/p>\n","protected":false},"author":35,"featured_media":15404,"comment_status":"closed","ping_status":"closed","sticky":false,"template":"","format":"standard","meta":{"footnotes":""},"categories":[148,159,155,157,160],"tags":[],"class_list":["post-15402","post","type-post","status-publish","format-standard","has-post-thumbnail","hentry","category-derechos-del-nino","category-explotacion","category-libertad","category-pobreza","category-trabajo-infantil"],"yoast_head":"<!-- This site is optimized with the Yoast SEO plugin v26.5 - https:\/\/yoast.com\/wordpress\/plugins\/seo\/ -->\n<title>El A\u00f1o para la Eliminaci\u00f3n del Trabajo Infantil - Humanium<\/title>\n<meta name=\"description\" content=\"La OIT ha marcado 2021 como el A\u00f1o Internacional para la Eliminaci\u00f3n del Trabajo Infantil, con el objetivo de eliminarlo en todo el mundo.\" \/>\n<meta name=\"robots\" content=\"index, follow, max-snippet:-1, max-image-preview:large, max-video-preview:-1\" \/>\n<link rel=\"canonical\" href=\"https:\/\/www.humanium.org\/es\/el-ano-para-la-eliminacion-del-trabajo-infantil\/\" \/>\n<meta property=\"og:locale\" content=\"es_ES\" \/>\n<meta property=\"og:type\" content=\"article\" \/>\n<meta property=\"og:title\" content=\"El A\u00f1o para la Eliminaci\u00f3n del Trabajo Infantil - Humanium\" \/>\n<meta property=\"og:description\" content=\"La OIT ha marcado 2021 como el A\u00f1o Internacional para la Eliminaci\u00f3n del Trabajo Infantil, con el objetivo de eliminarlo en todo el mundo.\" \/>\n<meta property=\"og:url\" content=\"https:\/\/www.humanium.org\/es\/el-ano-para-la-eliminacion-del-trabajo-infantil\/\" \/>\n<meta property=\"og:site_name\" content=\"Humanium\" \/>\n<meta property=\"article:published_time\" content=\"2021-03-23T07:39:19+00:00\" \/>\n<meta property=\"article:modified_time\" content=\"2025-12-13T21:40:35+00:00\" \/>\n<meta property=\"og:image\" content=\"https:\/\/www.humanium.org\/es\/wp-content\/uploads\/2021\/03\/shutterstock_1091176100-scaled.jpg\" \/>\n\t<meta property=\"og:image:width\" content=\"2560\" \/>\n\t<meta property=\"og:image:height\" content=\"1707\" \/>\n\t<meta property=\"og:image:type\" content=\"image\/jpeg\" \/>\n<meta name=\"author\" content=\"Federica Versea\" \/>\n<meta name=\"twitter:card\" content=\"summary_large_image\" \/>\n<meta name=\"twitter:label1\" content=\"Escrito por\" \/>\n\t<meta name=\"twitter:data1\" content=\"Federica Versea\" \/>\n\t<meta name=\"twitter:label2\" content=\"Tiempo de lectura\" \/>\n\t<meta name=\"twitter:data2\" content=\"8 minutos\" \/>\n<script type=\"application\/ld+json\" class=\"yoast-schema-graph\">{\"@context\":\"https:\/\/schema.org\",\"@graph\":[{\"@type\":\"WebPage\",\"@id\":\"https:\/\/www.humanium.org\/es\/el-ano-para-la-eliminacion-del-trabajo-infantil\/\",\"url\":\"https:\/\/www.humanium.org\/es\/el-ano-para-la-eliminacion-del-trabajo-infantil\/\",\"name\":\"El A\u00f1o para la Eliminaci\u00f3n del Trabajo Infantil - Humanium\",\"isPartOf\":{\"@id\":\"https:\/\/www.humanium.org\/es\/#website\"},\"primaryImageOfPage\":{\"@id\":\"https:\/\/www.humanium.org\/es\/el-ano-para-la-eliminacion-del-trabajo-infantil\/#primaryimage\"},\"image\":{\"@id\":\"https:\/\/www.humanium.org\/es\/el-ano-para-la-eliminacion-del-trabajo-infantil\/#primaryimage\"},\"thumbnailUrl\":\"https:\/\/www.humanium.org\/es\/wp-content\/uploads\/2021\/03\/shutterstock_1091176100-scaled.jpg\",\"datePublished\":\"2021-03-23T07:39:19+00:00\",\"dateModified\":\"2025-12-13T21:40:35+00:00\",\"author\":{\"@id\":\"https:\/\/www.humanium.org\/es\/#\/schema\/person\/0bd9569f30ff720425ca1a3a8a68cad9\"},\"description\":\"La OIT ha marcado 2021 como el A\u00f1o Internacional para la Eliminaci\u00f3n del Trabajo Infantil, con el objetivo de eliminarlo en todo el mundo.\",\"breadcrumb\":{\"@id\":\"https:\/\/www.humanium.org\/es\/el-ano-para-la-eliminacion-del-trabajo-infantil\/#breadcrumb\"},\"inLanguage\":\"es\",\"potentialAction\":[{\"@type\":\"ReadAction\",\"target\":[\"https:\/\/www.humanium.org\/es\/el-ano-para-la-eliminacion-del-trabajo-infantil\/\"]}]},{\"@type\":\"ImageObject\",\"inLanguage\":\"es\",\"@id\":\"https:\/\/www.humanium.org\/es\/el-ano-para-la-eliminacion-del-trabajo-infantil\/#primaryimage\",\"url\":\"https:\/\/www.humanium.org\/es\/wp-content\/uploads\/2021\/03\/shutterstock_1091176100-scaled.jpg\",\"contentUrl\":\"https:\/\/www.humanium.org\/es\/wp-content\/uploads\/2021\/03\/shutterstock_1091176100-scaled.jpg\",\"width\":2560,\"height\":1707},{\"@type\":\"BreadcrumbList\",\"@id\":\"https:\/\/www.humanium.org\/es\/el-ano-para-la-eliminacion-del-trabajo-infantil\/#breadcrumb\",\"itemListElement\":[{\"@type\":\"ListItem\",\"position\":1,\"name\":\"Home\",\"item\":\"https:\/\/www.humanium.org\/es\/\"},{\"@type\":\"ListItem\",\"position\":2,\"name\":\"El A\u00f1o para la Eliminaci\u00f3n del Trabajo Infantil\"}]},{\"@type\":\"WebSite\",\"@id\":\"https:\/\/www.humanium.org\/es\/#website\",\"url\":\"https:\/\/www.humanium.org\/es\/\",\"name\":\"Humanium\",\"description\":\"\u00a1Los ni\u00f1os primero!\",\"potentialAction\":[{\"@type\":\"SearchAction\",\"target\":{\"@type\":\"EntryPoint\",\"urlTemplate\":\"https:\/\/www.humanium.org\/es\/?s={search_term_string}\"},\"query-input\":{\"@type\":\"PropertyValueSpecification\",\"valueRequired\":true,\"valueName\":\"search_term_string\"}}],\"inLanguage\":\"es\"},{\"@type\":\"Person\",\"@id\":\"https:\/\/www.humanium.org\/es\/#\/schema\/person\/0bd9569f30ff720425ca1a3a8a68cad9\",\"name\":\"Federica Versea\",\"image\":{\"@type\":\"ImageObject\",\"inLanguage\":\"es\",\"@id\":\"https:\/\/www.humanium.org\/es\/#\/schema\/person\/image\/\",\"url\":\"https:\/\/secure.gravatar.com\/avatar\/1e1890e2c1c195a1b0a69d6e566791d35f7bc8e8b35c66576fb1bc68ea9d51d9?s=96&d=mm&r=g\",\"contentUrl\":\"https:\/\/secure.gravatar.com\/avatar\/1e1890e2c1c195a1b0a69d6e566791d35f7bc8e8b35c66576fb1bc68ea9d51d9?s=96&d=mm&r=g\",\"caption\":\"Federica Versea\"},\"sameAs\":[\"https:\/\/www.linkedin.com\/in\/federica-versea-a579911a8\/\"],\"url\":\"https:\/\/www.humanium.org\/es\/author\/autor_federicaversea\/\"}]}<\/script>\n<!-- \/ Yoast SEO plugin. -->","yoast_head_json":{"title":"El A\u00f1o para la Eliminaci\u00f3n del Trabajo Infantil - Humanium","description":"La OIT ha marcado 2021 como el A\u00f1o Internacional para la Eliminaci\u00f3n del Trabajo Infantil, con el objetivo de eliminarlo en todo el mundo.","robots":{"index":"index","follow":"follow","max-snippet":"max-snippet:-1","max-image-preview":"max-image-preview:large","max-video-preview":"max-video-preview:-1"},"canonical":"https:\/\/www.humanium.org\/es\/el-ano-para-la-eliminacion-del-trabajo-infantil\/","og_locale":"es_ES","og_type":"article","og_title":"El A\u00f1o para la Eliminaci\u00f3n del Trabajo Infantil - Humanium","og_description":"La OIT ha marcado 2021 como el A\u00f1o Internacional para la Eliminaci\u00f3n del Trabajo Infantil, con el objetivo de eliminarlo en todo el mundo.","og_url":"https:\/\/www.humanium.org\/es\/el-ano-para-la-eliminacion-del-trabajo-infantil\/","og_site_name":"Humanium","article_published_time":"2021-03-23T07:39:19+00:00","article_modified_time":"2025-12-13T21:40:35+00:00","og_image":[{"width":2560,"height":1707,"url":"https:\/\/www.humanium.org\/es\/wp-content\/uploads\/2021\/03\/shutterstock_1091176100-scaled.jpg","type":"image\/jpeg"}],"author":"Federica Versea","twitter_card":"summary_large_image","twitter_misc":{"Escrito por":"Federica Versea","Tiempo de lectura":"8 minutos"},"schema":{"@context":"https:\/\/schema.org","@graph":[{"@type":"WebPage","@id":"https:\/\/www.humanium.org\/es\/el-ano-para-la-eliminacion-del-trabajo-infantil\/","url":"https:\/\/www.humanium.org\/es\/el-ano-para-la-eliminacion-del-trabajo-infantil\/","name":"El A\u00f1o para la Eliminaci\u00f3n del Trabajo Infantil - Humanium","isPartOf":{"@id":"https:\/\/www.humanium.org\/es\/#website"},"primaryImageOfPage":{"@id":"https:\/\/www.humanium.org\/es\/el-ano-para-la-eliminacion-del-trabajo-infantil\/#primaryimage"},"image":{"@id":"https:\/\/www.humanium.org\/es\/el-ano-para-la-eliminacion-del-trabajo-infantil\/#primaryimage"},"thumbnailUrl":"https:\/\/www.humanium.org\/es\/wp-content\/uploads\/2021\/03\/shutterstock_1091176100-scaled.jpg","datePublished":"2021-03-23T07:39:19+00:00","dateModified":"2025-12-13T21:40:35+00:00","author":{"@id":"https:\/\/www.humanium.org\/es\/#\/schema\/person\/0bd9569f30ff720425ca1a3a8a68cad9"},"description":"La OIT ha marcado 2021 como el A\u00f1o Internacional para la Eliminaci\u00f3n del Trabajo Infantil, con el objetivo de eliminarlo en todo el mundo.","breadcrumb":{"@id":"https:\/\/www.humanium.org\/es\/el-ano-para-la-eliminacion-del-trabajo-infantil\/#breadcrumb"},"inLanguage":"es","potentialAction":[{"@type":"ReadAction","target":["https:\/\/www.humanium.org\/es\/el-ano-para-la-eliminacion-del-trabajo-infantil\/"]}]},{"@type":"ImageObject","inLanguage":"es","@id":"https:\/\/www.humanium.org\/es\/el-ano-para-la-eliminacion-del-trabajo-infantil\/#primaryimage","url":"https:\/\/www.humanium.org\/es\/wp-content\/uploads\/2021\/03\/shutterstock_1091176100-scaled.jpg","contentUrl":"https:\/\/www.humanium.org\/es\/wp-content\/uploads\/2021\/03\/shutterstock_1091176100-scaled.jpg","width":2560,"height":1707},{"@type":"BreadcrumbList","@id":"https:\/\/www.humanium.org\/es\/el-ano-para-la-eliminacion-del-trabajo-infantil\/#breadcrumb","itemListElement":[{"@type":"ListItem","position":1,"name":"Home","item":"https:\/\/www.humanium.org\/es\/"},{"@type":"ListItem","position":2,"name":"El A\u00f1o para la Eliminaci\u00f3n del Trabajo Infantil"}]},{"@type":"WebSite","@id":"https:\/\/www.humanium.org\/es\/#website","url":"https:\/\/www.humanium.org\/es\/","name":"Humanium","description":"\u00a1Los ni\u00f1os primero!","potentialAction":[{"@type":"SearchAction","target":{"@type":"EntryPoint","urlTemplate":"https:\/\/www.humanium.org\/es\/?s={search_term_string}"},"query-input":{"@type":"PropertyValueSpecification","valueRequired":true,"valueName":"search_term_string"}}],"inLanguage":"es"},{"@type":"Person","@id":"https:\/\/www.humanium.org\/es\/#\/schema\/person\/0bd9569f30ff720425ca1a3a8a68cad9","name":"Federica Versea","image":{"@type":"ImageObject","inLanguage":"es","@id":"https:\/\/www.humanium.org\/es\/#\/schema\/person\/image\/","url":"https:\/\/secure.gravatar.com\/avatar\/1e1890e2c1c195a1b0a69d6e566791d35f7bc8e8b35c66576fb1bc68ea9d51d9?s=96&d=mm&r=g","contentUrl":"https:\/\/secure.gravatar.com\/avatar\/1e1890e2c1c195a1b0a69d6e566791d35f7bc8e8b35c66576fb1bc68ea9d51d9?s=96&d=mm&r=g","caption":"Federica Versea"},"sameAs":["https:\/\/www.linkedin.com\/in\/federica-versea-a579911a8\/"],"url":"https:\/\/www.humanium.org\/es\/author\/autor_federicaversea\/"}]}},"_links":{"self":[{"href":"https:\/\/www.humanium.org\/es\/wp-json\/wp\/v2\/posts\/15402","targetHints":{"allow":["GET"]}}],"collection":[{"href":"https:\/\/www.humanium.org\/es\/wp-json\/wp\/v2\/posts"}],"about":[{"href":"https:\/\/www.humanium.org\/es\/wp-json\/wp\/v2\/types\/post"}],"author":[{"embeddable":true,"href":"https:\/\/www.humanium.org\/es\/wp-json\/wp\/v2\/users\/35"}],"replies":[{"embeddable":true,"href":"https:\/\/www.humanium.org\/es\/wp-json\/wp\/v2\/comments?post=15402"}],"version-history":[{"count":10,"href":"https:\/\/www.humanium.org\/es\/wp-json\/wp\/v2\/posts\/15402\/revisions"}],"predecessor-version":[{"id":21700,"href":"https:\/\/www.humanium.org\/es\/wp-json\/wp\/v2\/posts\/15402\/revisions\/21700"}],"wp:featuredmedia":[{"embeddable":true,"href":"https:\/\/www.humanium.org\/es\/wp-json\/wp\/v2\/media\/15404"}],"wp:attachment":[{"href":"https:\/\/www.humanium.org\/es\/wp-json\/wp\/v2\/media?parent=15402"}],"wp:term":[{"taxonomy":"category","embeddable":true,"href":"https:\/\/www.humanium.org\/es\/wp-json\/wp\/v2\/categories?post=15402"},{"taxonomy":"post_tag","embeddable":true,"href":"https:\/\/www.humanium.org\/es\/wp-json\/wp\/v2\/tags?post=15402"}],"curies":[{"name":"wp","href":"https:\/\/api.w.org\/{rel}","templated":true}]}}