{"id":15682,"date":"2021-05-18T12:19:05","date_gmt":"2021-05-18T12:19:05","guid":{"rendered":"https:\/\/www.humanium.org\/es\/?p=15682"},"modified":"2025-12-13T21:41:55","modified_gmt":"2025-12-13T21:41:55","slug":"humanium-facilita-una-consulta-con-ninos-con-vistas-a-una-resolucion-de-la-onu-sobre-ods","status":"publish","type":"post","link":"https:\/\/www.humanium.org\/es\/humanium-facilita-una-consulta-con-ninos-con-vistas-a-una-resolucion-de-la-onu-sobre-ods\/","title":{"rendered":"Humanium facilita una consulta con ni\u00f1os con vistas a una resoluci\u00f3n de la ONU sobre ODS"},"content":{"rendered":"\n<p><strong>Con motivo de la jornada anual sobre los<\/strong><a href=\"https:\/\/www.humanium.org\/es\/derechos-ninos\/\"><strong> <\/strong><strong>derechos del ni\u00f1o<\/strong><\/a><strong> (<\/strong><strong>Annual Day on the Rights of the Child, en ingl\u00e9s)<\/strong><strong> que se celebr\u00f3 el 1 de marzo, Humanium particip\u00f3 tanto como moderador y como miembro de trabajo sobre los Objetivos de Desarrollo Sostenible (ODS) para compilar la voz de los ni\u00f1os de todo el mundo. Esta labor ha sido posible gracias a Child\u2019s Rights Connect que a\u00fana numerosas organizaciones para concertar y dar coherencia al trabajo de grupo de las ONG en cuanto a los<\/strong><a href=\"https:\/\/www.humanium.org\/es\/derechos-ninos\/\"><strong> <\/strong><strong>derechos del ni\u00f1o<\/strong><\/a><strong>.&nbsp;<\/strong><\/p>\n\n\n\n<h2 class=\"wp-block-heading\"><strong>La voz indispensable de los ni\u00f1os<\/strong><\/h2>\n\n\n\n<p>Esta consulta se engloba dentro del largo proceso mediante el cual los ni\u00f1os de todo el mundo han informado al Consejo de los derechos del hombre de las Naciones Unidas sobre sus ideas y experiencias respecto a c\u00f3mo viven los temas presentes en los ODS: fin a la pobreza, desarrollo, cambio clim\u00e1tico, y tambi\u00e9n acceso a la justicia y otros temas.&nbsp;<\/p>\n\n\n\n<blockquote class=\"wp-block-quote is-layout-flow wp-block-quote-is-layout-flow\"><p>\u00abSomos nosotros los que entendemos los desaf\u00edos que nos encontramos, m\u00e1s que cualquier otra persona. Sin embargo, las decisiones que nos conciernen son tomadas sin nuestro consentimiento o implicaci\u00f3n, porque somos invisibles para todo el mundo.\u00bb<\/p><cite>&#8211; Juan <a href=\"https:\/\/www.humanium.org\/en\/wp-admin\/post.php?post=43477&amp;action=edit#_ftn1\">[1]<\/a>, uno de los ni\u00f1os que participan en la consulta<\/cite><\/blockquote>\n\n\n\n<p>Tanto las organizaciones como otros agentes han puesto en marcha los primeros talleres participativos con los ni\u00f1os que han versado sobre los ODS y las misiones de la ONU a este respecto, donde los ni\u00f1os han tenido la oportunidad de dar su opini\u00f3n sobre ciertos ODS y de realizar preguntas. Gracias a esto, han podido participar en consultas m\u00e1s restringidas en las que han podido reunirse con una delegada de las Naciones Unidas, que ha compilado todas las ideas y conversaciones.<\/p>\n\n\n\n<h2 class=\"wp-block-heading\"><strong>Una gran consulta<\/strong><\/h2>\n\n\n\n<p>Humanium tiene el honor de haber juntado a ni\u00f1os de muchos pa\u00edses de Am\u00e9rica durante sus consultas con una delegada de la ONU. Hemos moderado el evento para los ni\u00f1os de <a href=\"https:\/\/www.humanium.org\/es\/america\/\">Am\u00e9rica Latina<\/a> y les hemos dado la palabra, y han podido adem\u00e1s desarrollar su visi\u00f3n respecto a los ODS.<\/p>\n\n\n\n<blockquote class=\"wp-block-quote is-layout-flow wp-block-quote-is-layout-flow\"><p>\u00abCreo en m\u00ed. S\u00e9 que puedo hacer muchas cosas, pero el camino de una muchacha sin medios y aislada hasta convertirse en una muchacha fuerte, determinada y aut\u00f3noma ha sido largo. Ya no lloro, sino que hago cosas. Mis amigos y yo hemos hecho muchas cosas para mejorar nuestra vida aqu\u00ed. Hemos reparado nuestra escuela, que estaba muy deteriorada.\u00bb&nbsp;<\/p><cite>&#8211; Silvia, una de las ni\u00f1as que ha participado en la consulta<\/cite><\/blockquote>\n\n\n\n<p>Los ni\u00f1os han destacado muchas de las que son sus preocupaciones en relaci\u00f3n con el<a href=\"https:\/\/www.humanium.org\/es\/es-2020-un-ano-academico-perdido-el-impacto-de-covid-19-en-la-educacion-en-africa-oriental-un-estudio-de-caso-de-kenia\/\"> Covid-19<\/a>, al igual que su impacto sobre su<a href=\"https:\/\/www.humanium.org\/es\/derecho-educacion\/\"> educaci\u00f3n<\/a>, pero tambi\u00e9n sobre la econom\u00eda de su pa\u00eds.&nbsp; Han compartido mucho sobre la<a href=\"https:\/\/www.humanium.org\/es\/enfoques-tematicos\/pobreza\/\"> pobreza<\/a> y las discriminaciones que sufren en el d\u00eda a d\u00eda, las grandes cuestiones de la nutrici\u00f3n y la<a href=\"https:\/\/www.humanium.org\/es\/enfoques-tematicos\/salud\/mortalidad-infantil\/#:~:text=Pr%C3%A8s%20de%209%20millions%20d,infantile%20a%20pu%20%C3%AAtre%20enregistr%C3%A9e.\"> mortalidad infantil<\/a>. <\/p>\n\n\n\n<figure class=\"wp-block-image size-large\"><img loading=\"lazy\" decoding=\"async\" width=\"1024\" height=\"683\" src=\"https:\/\/www.humanium.org\/es\/wp-content\/uploads\/2021\/05\/shutterstock_659392882-1024x683.jpg\" alt=\"\" class=\"wp-image-15684\" srcset=\"https:\/\/www.humanium.org\/es\/wp-content\/uploads\/2021\/05\/shutterstock_659392882-1024x683.jpg 1024w, https:\/\/www.humanium.org\/es\/wp-content\/uploads\/2021\/05\/shutterstock_659392882-300x200.jpg 300w, https:\/\/www.humanium.org\/es\/wp-content\/uploads\/2021\/05\/shutterstock_659392882-768x512.jpg 768w, https:\/\/www.humanium.org\/es\/wp-content\/uploads\/2021\/05\/shutterstock_659392882-1536x1024.jpg 1536w, https:\/\/www.humanium.org\/es\/wp-content\/uploads\/2021\/05\/shutterstock_659392882-2048x1365.jpg 2048w, https:\/\/www.humanium.org\/es\/wp-content\/uploads\/2021\/05\/shutterstock_659392882-830x553.jpg 830w, https:\/\/www.humanium.org\/es\/wp-content\/uploads\/2021\/05\/shutterstock_659392882-230x153.jpg 230w, https:\/\/www.humanium.org\/es\/wp-content\/uploads\/2021\/05\/shutterstock_659392882-350x233.jpg 350w, https:\/\/www.humanium.org\/es\/wp-content\/uploads\/2021\/05\/shutterstock_659392882-480x320.jpg 480w, https:\/\/www.humanium.org\/es\/wp-content\/uploads\/2021\/05\/shutterstock_659392882-272x182.jpg 272w\" sizes=\"auto, (max-width: 1024px) 100vw, 1024px\" \/><\/figure>\n\n\n\n<p>El acceso a un sistema de<a href=\"https:\/\/www.humanium.org\/es\/enfoques-tematicos\/salud\/\"> salud<\/a> adecuado ha sonado con frecuencia, con tanta fuerza como el acceso a la <a href=\"https:\/\/www.humanium.org\/es\/derecho-educacion\/\">educaci\u00f3n<\/a> sexual y la lucha contra la<a href=\"https:\/\/www.humanium.org\/es\/enfoques-tematicos\/violencia\/\"> violencia<\/a> dom\u00e9stica. Todo esto sin olvidar los problemas de desarrollo que tanto preocupan a los ni\u00f1os entrevistados, no solo las <a href=\"https:\/\/www.humanium.org\/fr\/focus\/environnement\/urgence-climatique\/#:~:text=En%202019%2C%20l'UNICEF%20a,de%20moins%20de%20cinq%20ans.\">&nbsp;cuestiones clim\u00e1ticas<\/a> y las medidas urgentes que se deben tomar, sino tambi\u00e9n la corrupci\u00f3n en sus pa\u00edses y llegar a construir un Estado que se ocupe de sus ciudadanos, y en consecuencia de los ni\u00f1os.&nbsp;<\/p>\n\n\n\n<blockquote class=\"wp-block-quote is-layout-flow wp-block-quote-is-layout-flow\"><p>\u00abPienso que la preocupaci\u00f3n principal de los j\u00f3venes es el abuso de la polic\u00eda contra los j\u00f3venes de color. Lo vemos todos los d\u00edas en nuestras comunidades. Los j\u00f3venes de color la mayor parte del tiempo tienen miedo y muchos evitan las calles.\u00bb<\/p><cite>-Lucas, uno de los ni\u00f1os que participan en la consulta<\/cite><\/blockquote>\n\n\n\n<h2 class=\"wp-block-heading\"><strong>Un futuro m\u00e1s inclusivo<\/strong>&nbsp;<\/h2>\n\n\n\n<p>En total, se han realizado 17 consultas, con 449 de ni\u00f1os entre 6 y 17 a\u00f1os de al menos 25 pa\u00edses, repartidos en 5 regiones: desde el este de Asia hasta <a href=\"https:\/\/www.humanium.org\/es\/america\/\">Am\u00e9rica Latina<\/a>, pasando por el<a href=\"https:\/\/www.humanium.org\/es\/africa\/\"> \u00c1frica<\/a> subsahariana, <a href=\"https:\/\/www.humanium.org\/es\/europa-caucaso\/\">Europa<\/a> y finalmente<a href=\"https:\/\/www.humanium.org\/es\/oriente-medio-africa-norte\/\"> Oriente Medio.<\/a> El objetivo de estas participaciones ha sido dar voz a los ni\u00f1os a los que no se escucha mucho. Esta informaci\u00f3n ha sido recopilada al mismo tiempo para ser utilizada durante la jornada internacional de los<a href=\"https:\/\/www.humanium.org\/es\/derechos-ninos\/\"> derechos del ni\u00f1o<\/a>, pero tambi\u00e9n para la consecuci\u00f3n de estos eventos.<\/p>\n\n\n\n<blockquote class=\"wp-block-quote is-layout-flow wp-block-quote-is-layout-flow\"><p>&nbsp;\u00abDe aqu\u00ed a 2030, [los Estados] deber\u00edan velar por que todos los hombres y mujeres, y en especial los m\u00e1s pobres y vulnerables, tengan derechos iguales sobre los recursos econ\u00f3micos, adem\u00e1s de acceso a servicios b\u00e1sicos, a la propiedad y al control de las tierras y otras formas de propiedad, de patrimonio, de los recursos naturales, las nuevas tecnolog\u00edas y servicios financieros adecuados, entre los que se incluyen las microfinanzas.\u00bb<\/p><cite>&#8211; Maria, una de las ni\u00f1as que particip\u00f3 en la consulta<\/cite><\/blockquote>\n\n\n\n<figure class=\"wp-block-image size-large\"><img loading=\"lazy\" decoding=\"async\" width=\"1024\" height=\"597\" src=\"https:\/\/www.humanium.org\/es\/wp-content\/uploads\/2021\/05\/shutterstock_625121345-1024x597.jpg\" alt=\"\" class=\"wp-image-15685\" srcset=\"https:\/\/www.humanium.org\/es\/wp-content\/uploads\/2021\/05\/shutterstock_625121345-1024x597.jpg 1024w, https:\/\/www.humanium.org\/es\/wp-content\/uploads\/2021\/05\/shutterstock_625121345-300x175.jpg 300w, https:\/\/www.humanium.org\/es\/wp-content\/uploads\/2021\/05\/shutterstock_625121345-768x448.jpg 768w, https:\/\/www.humanium.org\/es\/wp-content\/uploads\/2021\/05\/shutterstock_625121345-1536x896.jpg 1536w, https:\/\/www.humanium.org\/es\/wp-content\/uploads\/2021\/05\/shutterstock_625121345-2048x1194.jpg 2048w, https:\/\/www.humanium.org\/es\/wp-content\/uploads\/2021\/05\/shutterstock_625121345-830x484.jpg 830w, https:\/\/www.humanium.org\/es\/wp-content\/uploads\/2021\/05\/shutterstock_625121345-230x134.jpg 230w, https:\/\/www.humanium.org\/es\/wp-content\/uploads\/2021\/05\/shutterstock_625121345-350x204.jpg 350w, https:\/\/www.humanium.org\/es\/wp-content\/uploads\/2021\/05\/shutterstock_625121345-480x280.jpg 480w\" sizes=\"auto, (max-width: 1024px) 100vw, 1024px\" \/><\/figure>\n\n\n\n<p>De hecho, despu\u00e9s de esta jornada anual, se celebrar\u00e1 el Foro Pol\u00edtico de Alto Nivel. Gracias a todos estos esfuerzos, se espera que la experiencia de los ni\u00f1os y su visi\u00f3n del mundo queden plasmados en la resoluci\u00f3n de la Asamblea General de las Naciones Unidas sobre los <a href=\"https:\/\/www.humanium.org\/es\/derechos-ninos\/\">derechos del ni\u00f1o<\/a><\/p>\n\n\n\n<p><strong><em>Escrito por Adrian Lakrichi<\/em><\/strong><\/p>\n\n\n\n<p><strong><em>Traducido por Nieves Carazo<\/em><\/strong><\/p>\n\n\n\n<hr class=\"wp-block-separator\"\/>\n\n\n\n<p class=\"has-small-font-size\"><a href=\"https:\/\/www.humanium.org\/en\/wp-admin\/post.php?post=43477&amp;action=edit#_ftnref1\">[1]<\/a> Se ha cambiado el nombre de los participantes por razones de confidencialidad\u00a0<\/p>\n","protected":false},"excerpt":{"rendered":"<p>Con motivo de la jornada anual sobre los derechos del ni\u00f1o (Annual Day on the Rights of the Child, en ingl\u00e9s) que se celebr\u00f3 el 1 de marzo, Humanium particip\u00f3 tanto como moderador y como miembro de trabajo sobre los Objetivos de Desarrollo Sostenible (ODS) para compilar la voz de los ni\u00f1os de todo el [&hellip;]<\/p>\n","protected":false},"author":38,"featured_media":15683,"comment_status":"closed","ping_status":"closed","sticky":false,"template":"","format":"standard","meta":{"footnotes":""},"categories":[148,5,155,8,9],"tags":[],"class_list":["post-15682","post","type-post","status-publish","format-standard","has-post-thumbnail","hentry","category-derechos-del-nino","category-educacion","category-libertad","category-salud","category-vida-de-la-asociacion"],"yoast_head":"<!-- This site is optimized with the Yoast SEO plugin v26.5 - https:\/\/yoast.com\/wordpress\/plugins\/seo\/ -->\n<title>Humanium facilita una consulta con ni\u00f1os con vistas a una resoluci\u00f3n de la ONU sobre ODS - Humanium<\/title>\n<meta name=\"description\" content=\"Durante el D\u00eda Anual de los Derechos del Ni\u00f1o, Humanium particip\u00f3 como facilitador de los ODS para las voces de los ni\u00f1os a nivel mundial.\" \/>\n<meta name=\"robots\" content=\"index, follow, max-snippet:-1, max-image-preview:large, max-video-preview:-1\" \/>\n<link rel=\"canonical\" href=\"https:\/\/www.humanium.org\/es\/humanium-facilita-una-consulta-con-ninos-con-vistas-a-una-resolucion-de-la-onu-sobre-ods\/\" \/>\n<meta property=\"og:locale\" content=\"es_ES\" \/>\n<meta property=\"og:type\" content=\"article\" \/>\n<meta property=\"og:title\" content=\"Humanium facilita una consulta con ni\u00f1os con vistas a una resoluci\u00f3n de la ONU sobre ODS - Humanium\" \/>\n<meta property=\"og:description\" content=\"Durante el D\u00eda Anual de los Derechos del Ni\u00f1o, Humanium particip\u00f3 como facilitador de los ODS para las voces de los ni\u00f1os a nivel mundial.\" \/>\n<meta property=\"og:url\" content=\"https:\/\/www.humanium.org\/es\/humanium-facilita-una-consulta-con-ninos-con-vistas-a-una-resolucion-de-la-onu-sobre-ods\/\" \/>\n<meta property=\"og:site_name\" content=\"Humanium\" \/>\n<meta property=\"article:published_time\" content=\"2021-05-18T12:19:05+00:00\" \/>\n<meta property=\"article:modified_time\" content=\"2025-12-13T21:41:55+00:00\" \/>\n<meta property=\"og:image\" content=\"https:\/\/www.humanium.org\/es\/wp-content\/uploads\/2021\/05\/shutterstock_124451224-scaled.jpg\" \/>\n\t<meta property=\"og:image:width\" content=\"2560\" \/>\n\t<meta property=\"og:image:height\" content=\"1607\" \/>\n\t<meta property=\"og:image:type\" content=\"image\/jpeg\" \/>\n<meta name=\"author\" content=\"Adrian Lakrichi\" \/>\n<meta name=\"twitter:card\" content=\"summary_large_image\" \/>\n<meta name=\"twitter:label1\" content=\"Escrito por\" \/>\n\t<meta name=\"twitter:data1\" content=\"Adrian Lakrichi\" \/>\n\t<meta name=\"twitter:label2\" content=\"Tiempo de lectura\" \/>\n\t<meta name=\"twitter:data2\" content=\"5 minutos\" \/>\n<script type=\"application\/ld+json\" class=\"yoast-schema-graph\">{\"@context\":\"https:\/\/schema.org\",\"@graph\":[{\"@type\":\"WebPage\",\"@id\":\"https:\/\/www.humanium.org\/es\/humanium-facilita-una-consulta-con-ninos-con-vistas-a-una-resolucion-de-la-onu-sobre-ods\/\",\"url\":\"https:\/\/www.humanium.org\/es\/humanium-facilita-una-consulta-con-ninos-con-vistas-a-una-resolucion-de-la-onu-sobre-ods\/\",\"name\":\"Humanium facilita una consulta con ni\u00f1os con vistas a una resoluci\u00f3n de la ONU sobre ODS - Humanium\",\"isPartOf\":{\"@id\":\"https:\/\/www.humanium.org\/es\/#website\"},\"primaryImageOfPage\":{\"@id\":\"https:\/\/www.humanium.org\/es\/humanium-facilita-una-consulta-con-ninos-con-vistas-a-una-resolucion-de-la-onu-sobre-ods\/#primaryimage\"},\"image\":{\"@id\":\"https:\/\/www.humanium.org\/es\/humanium-facilita-una-consulta-con-ninos-con-vistas-a-una-resolucion-de-la-onu-sobre-ods\/#primaryimage\"},\"thumbnailUrl\":\"https:\/\/www.humanium.org\/es\/wp-content\/uploads\/2021\/05\/shutterstock_124451224-scaled.jpg\",\"datePublished\":\"2021-05-18T12:19:05+00:00\",\"dateModified\":\"2025-12-13T21:41:55+00:00\",\"author\":{\"@id\":\"https:\/\/www.humanium.org\/es\/#\/schema\/person\/49a9ba1848df5ad169be65f16e510013\"},\"description\":\"Durante el D\u00eda Anual de los Derechos del Ni\u00f1o, Humanium particip\u00f3 como facilitador de los ODS para las voces de los ni\u00f1os a nivel mundial.\",\"breadcrumb\":{\"@id\":\"https:\/\/www.humanium.org\/es\/humanium-facilita-una-consulta-con-ninos-con-vistas-a-una-resolucion-de-la-onu-sobre-ods\/#breadcrumb\"},\"inLanguage\":\"es\",\"potentialAction\":[{\"@type\":\"ReadAction\",\"target\":[\"https:\/\/www.humanium.org\/es\/humanium-facilita-una-consulta-con-ninos-con-vistas-a-una-resolucion-de-la-onu-sobre-ods\/\"]}]},{\"@type\":\"ImageObject\",\"inLanguage\":\"es\",\"@id\":\"https:\/\/www.humanium.org\/es\/humanium-facilita-una-consulta-con-ninos-con-vistas-a-una-resolucion-de-la-onu-sobre-ods\/#primaryimage\",\"url\":\"https:\/\/www.humanium.org\/es\/wp-content\/uploads\/2021\/05\/shutterstock_124451224-scaled.jpg\",\"contentUrl\":\"https:\/\/www.humanium.org\/es\/wp-content\/uploads\/2021\/05\/shutterstock_124451224-scaled.jpg\",\"width\":2560,\"height\":1607},{\"@type\":\"BreadcrumbList\",\"@id\":\"https:\/\/www.humanium.org\/es\/humanium-facilita-una-consulta-con-ninos-con-vistas-a-una-resolucion-de-la-onu-sobre-ods\/#breadcrumb\",\"itemListElement\":[{\"@type\":\"ListItem\",\"position\":1,\"name\":\"Home\",\"item\":\"https:\/\/www.humanium.org\/es\/\"},{\"@type\":\"ListItem\",\"position\":2,\"name\":\"Humanium facilita una consulta con ni\u00f1os con vistas a una resoluci\u00f3n de la ONU sobre ODS\"}]},{\"@type\":\"WebSite\",\"@id\":\"https:\/\/www.humanium.org\/es\/#website\",\"url\":\"https:\/\/www.humanium.org\/es\/\",\"name\":\"Humanium\",\"description\":\"\u00a1Los ni\u00f1os primero!\",\"potentialAction\":[{\"@type\":\"SearchAction\",\"target\":{\"@type\":\"EntryPoint\",\"urlTemplate\":\"https:\/\/www.humanium.org\/es\/?s={search_term_string}\"},\"query-input\":{\"@type\":\"PropertyValueSpecification\",\"valueRequired\":true,\"valueName\":\"search_term_string\"}}],\"inLanguage\":\"es\"},{\"@type\":\"Person\",\"@id\":\"https:\/\/www.humanium.org\/es\/#\/schema\/person\/49a9ba1848df5ad169be65f16e510013\",\"name\":\"Adrian Lakrichi\",\"image\":{\"@type\":\"ImageObject\",\"inLanguage\":\"es\",\"@id\":\"https:\/\/www.humanium.org\/es\/#\/schema\/person\/image\/\",\"url\":\"https:\/\/secure.gravatar.com\/avatar\/bffc298c71591582c0303c1fc0f0506562df59d8f8c825a31583a55ef0a65b11?s=96&d=mm&r=g\",\"contentUrl\":\"https:\/\/secure.gravatar.com\/avatar\/bffc298c71591582c0303c1fc0f0506562df59d8f8c825a31583a55ef0a65b11?s=96&d=mm&r=g\",\"caption\":\"Adrian Lakrichi\"},\"sameAs\":[\"https:\/\/www.linkedin.com\/in\/adrian-lakrichi-9220131a1\/\"],\"url\":\"https:\/\/www.humanium.org\/es\/author\/autor_adrianlakrichi\/\"}]}<\/script>\n<!-- \/ Yoast SEO plugin. -->","yoast_head_json":{"title":"Humanium facilita una consulta con ni\u00f1os con vistas a una resoluci\u00f3n de la ONU sobre ODS - Humanium","description":"Durante el D\u00eda Anual de los Derechos del Ni\u00f1o, Humanium particip\u00f3 como facilitador de los ODS para las voces de los ni\u00f1os a nivel mundial.","robots":{"index":"index","follow":"follow","max-snippet":"max-snippet:-1","max-image-preview":"max-image-preview:large","max-video-preview":"max-video-preview:-1"},"canonical":"https:\/\/www.humanium.org\/es\/humanium-facilita-una-consulta-con-ninos-con-vistas-a-una-resolucion-de-la-onu-sobre-ods\/","og_locale":"es_ES","og_type":"article","og_title":"Humanium facilita una consulta con ni\u00f1os con vistas a una resoluci\u00f3n de la ONU sobre ODS - Humanium","og_description":"Durante el D\u00eda Anual de los Derechos del Ni\u00f1o, Humanium particip\u00f3 como facilitador de los ODS para las voces de los ni\u00f1os a nivel mundial.","og_url":"https:\/\/www.humanium.org\/es\/humanium-facilita-una-consulta-con-ninos-con-vistas-a-una-resolucion-de-la-onu-sobre-ods\/","og_site_name":"Humanium","article_published_time":"2021-05-18T12:19:05+00:00","article_modified_time":"2025-12-13T21:41:55+00:00","og_image":[{"width":2560,"height":1607,"url":"https:\/\/www.humanium.org\/es\/wp-content\/uploads\/2021\/05\/shutterstock_124451224-scaled.jpg","type":"image\/jpeg"}],"author":"Adrian Lakrichi","twitter_card":"summary_large_image","twitter_misc":{"Escrito por":"Adrian Lakrichi","Tiempo de lectura":"5 minutos"},"schema":{"@context":"https:\/\/schema.org","@graph":[{"@type":"WebPage","@id":"https:\/\/www.humanium.org\/es\/humanium-facilita-una-consulta-con-ninos-con-vistas-a-una-resolucion-de-la-onu-sobre-ods\/","url":"https:\/\/www.humanium.org\/es\/humanium-facilita-una-consulta-con-ninos-con-vistas-a-una-resolucion-de-la-onu-sobre-ods\/","name":"Humanium facilita una consulta con ni\u00f1os con vistas a una resoluci\u00f3n de la ONU sobre ODS - Humanium","isPartOf":{"@id":"https:\/\/www.humanium.org\/es\/#website"},"primaryImageOfPage":{"@id":"https:\/\/www.humanium.org\/es\/humanium-facilita-una-consulta-con-ninos-con-vistas-a-una-resolucion-de-la-onu-sobre-ods\/#primaryimage"},"image":{"@id":"https:\/\/www.humanium.org\/es\/humanium-facilita-una-consulta-con-ninos-con-vistas-a-una-resolucion-de-la-onu-sobre-ods\/#primaryimage"},"thumbnailUrl":"https:\/\/www.humanium.org\/es\/wp-content\/uploads\/2021\/05\/shutterstock_124451224-scaled.jpg","datePublished":"2021-05-18T12:19:05+00:00","dateModified":"2025-12-13T21:41:55+00:00","author":{"@id":"https:\/\/www.humanium.org\/es\/#\/schema\/person\/49a9ba1848df5ad169be65f16e510013"},"description":"Durante el D\u00eda Anual de los Derechos del Ni\u00f1o, Humanium particip\u00f3 como facilitador de los ODS para las voces de los ni\u00f1os a nivel mundial.","breadcrumb":{"@id":"https:\/\/www.humanium.org\/es\/humanium-facilita-una-consulta-con-ninos-con-vistas-a-una-resolucion-de-la-onu-sobre-ods\/#breadcrumb"},"inLanguage":"es","potentialAction":[{"@type":"ReadAction","target":["https:\/\/www.humanium.org\/es\/humanium-facilita-una-consulta-con-ninos-con-vistas-a-una-resolucion-de-la-onu-sobre-ods\/"]}]},{"@type":"ImageObject","inLanguage":"es","@id":"https:\/\/www.humanium.org\/es\/humanium-facilita-una-consulta-con-ninos-con-vistas-a-una-resolucion-de-la-onu-sobre-ods\/#primaryimage","url":"https:\/\/www.humanium.org\/es\/wp-content\/uploads\/2021\/05\/shutterstock_124451224-scaled.jpg","contentUrl":"https:\/\/www.humanium.org\/es\/wp-content\/uploads\/2021\/05\/shutterstock_124451224-scaled.jpg","width":2560,"height":1607},{"@type":"BreadcrumbList","@id":"https:\/\/www.humanium.org\/es\/humanium-facilita-una-consulta-con-ninos-con-vistas-a-una-resolucion-de-la-onu-sobre-ods\/#breadcrumb","itemListElement":[{"@type":"ListItem","position":1,"name":"Home","item":"https:\/\/www.humanium.org\/es\/"},{"@type":"ListItem","position":2,"name":"Humanium facilita una consulta con ni\u00f1os con vistas a una resoluci\u00f3n de la ONU sobre ODS"}]},{"@type":"WebSite","@id":"https:\/\/www.humanium.org\/es\/#website","url":"https:\/\/www.humanium.org\/es\/","name":"Humanium","description":"\u00a1Los ni\u00f1os primero!","potentialAction":[{"@type":"SearchAction","target":{"@type":"EntryPoint","urlTemplate":"https:\/\/www.humanium.org\/es\/?s={search_term_string}"},"query-input":{"@type":"PropertyValueSpecification","valueRequired":true,"valueName":"search_term_string"}}],"inLanguage":"es"},{"@type":"Person","@id":"https:\/\/www.humanium.org\/es\/#\/schema\/person\/49a9ba1848df5ad169be65f16e510013","name":"Adrian Lakrichi","image":{"@type":"ImageObject","inLanguage":"es","@id":"https:\/\/www.humanium.org\/es\/#\/schema\/person\/image\/","url":"https:\/\/secure.gravatar.com\/avatar\/bffc298c71591582c0303c1fc0f0506562df59d8f8c825a31583a55ef0a65b11?s=96&d=mm&r=g","contentUrl":"https:\/\/secure.gravatar.com\/avatar\/bffc298c71591582c0303c1fc0f0506562df59d8f8c825a31583a55ef0a65b11?s=96&d=mm&r=g","caption":"Adrian Lakrichi"},"sameAs":["https:\/\/www.linkedin.com\/in\/adrian-lakrichi-9220131a1\/"],"url":"https:\/\/www.humanium.org\/es\/author\/autor_adrianlakrichi\/"}]}},"_links":{"self":[{"href":"https:\/\/www.humanium.org\/es\/wp-json\/wp\/v2\/posts\/15682","targetHints":{"allow":["GET"]}}],"collection":[{"href":"https:\/\/www.humanium.org\/es\/wp-json\/wp\/v2\/posts"}],"about":[{"href":"https:\/\/www.humanium.org\/es\/wp-json\/wp\/v2\/types\/post"}],"author":[{"embeddable":true,"href":"https:\/\/www.humanium.org\/es\/wp-json\/wp\/v2\/users\/38"}],"replies":[{"embeddable":true,"href":"https:\/\/www.humanium.org\/es\/wp-json\/wp\/v2\/comments?post=15682"}],"version-history":[{"count":5,"href":"https:\/\/www.humanium.org\/es\/wp-json\/wp\/v2\/posts\/15682\/revisions"}],"predecessor-version":[{"id":21711,"href":"https:\/\/www.humanium.org\/es\/wp-json\/wp\/v2\/posts\/15682\/revisions\/21711"}],"wp:featuredmedia":[{"embeddable":true,"href":"https:\/\/www.humanium.org\/es\/wp-json\/wp\/v2\/media\/15683"}],"wp:attachment":[{"href":"https:\/\/www.humanium.org\/es\/wp-json\/wp\/v2\/media?parent=15682"}],"wp:term":[{"taxonomy":"category","embeddable":true,"href":"https:\/\/www.humanium.org\/es\/wp-json\/wp\/v2\/categories?post=15682"},{"taxonomy":"post_tag","embeddable":true,"href":"https:\/\/www.humanium.org\/es\/wp-json\/wp\/v2\/tags?post=15682"}],"curies":[{"name":"wp","href":"https:\/\/api.w.org\/{rel}","templated":true}]}}