{"id":15828,"date":"2021-06-22T16:46:32","date_gmt":"2021-06-22T16:46:32","guid":{"rendered":"https:\/\/www.humanium.org\/es\/?p=15828"},"modified":"2021-06-22T16:49:27","modified_gmt":"2021-06-22T16:49:27","slug":"un-fallo-historico-por-los-derechos-ambientales-en-ecuador","status":"publish","type":"post","link":"https:\/\/www.humanium.org\/es\/un-fallo-historico-por-los-derechos-ambientales-en-ecuador\/","title":{"rendered":"Un fallo hist\u00f3rico por los derechos ambientales en Ecuador"},"content":{"rendered":"\n<p><strong>Nueve ni\u00f1as de la Amazonia <\/strong><a href=\"https:\/\/www.humanium.org\/es\/ecuador\/\"><strong>Ecuatoriana<\/strong><\/a><strong> y sus respectivas comunidades de origen ganaron su recurso ante la Corte Provincial de Justicia de Sucumb\u00edos, en la que hab\u00edan solicitado al Estado de <\/strong><a href=\"https:\/\/www.humanium.org\/es\/ecuador\/\"><strong>Ecuador<\/strong><\/a><strong> asumir sus responsabilidades ambientales para prohibir la pr\u00e1ctica de la quema de gas y brindar reparaci\u00f3n a miles de comunidades locales e ind\u00edgenas afectadas. Este es sin duda un fallo hist\u00f3rico para los derechos ambientales, que requiere la responsabilidad de las compa\u00f1\u00edas petroleras por el impacto al medio ambiente y la <\/strong><a href=\"https:\/\/www.humanium.org\/es\/derecho-salud\/\"><strong>salud<\/strong><\/a><strong> de sus actividades.<\/strong><\/p>\n\n\n\n<h2 class=\"wp-block-heading\"><strong>Ambiente saludable \u2013 un derecho y un privilegio<\/strong><\/h2>\n\n\n\n<p>El <a href=\"https:\/\/www.humanium.org\/es\/enfoques-tematicos\/ambiente\/derechos-medioambientales\/\">derecho a vivir en un ambiente saludable y limpio<\/a>, el <a href=\"https:\/\/www.humanium.org\/es\/derecho-salud\/\">derecho a la salud<\/a>, el derecho al <a href=\"https:\/\/www.humanium.org\/es\/derecho-agua\/\">agua<\/a> y el derecho a la <a href=\"https:\/\/www.humanium.org\/es\/derecho-alimentacion\/\">alimentaci\u00f3n<\/a> son derechos humanos esenciales, que a\u00fan no est\u00e1n plenamente garantizados en el mundo, lo que expone a las personas y comunidades enteras de nuestro planeta a graves problemas sociales, ambientales e <a href=\"https:\/\/www.humanium.org\/es\/enfoques-tematicos\/ambiente\/emergencia-climatica\/\">injusticias clim\u00e1ticas<\/a>.<\/p>\n\n\n\n<p>En la Amazonia <a href=\"https:\/\/www.humanium.org\/es\/ecuador\/\">Ecuatoriana<\/a>, por ejemplo, la gente ha estado luchando durante mucho tiempo contra la \u00abquema de gas\u00bb, una pr\u00e1ctica vinculada a la industria petrolera que durante d\u00e9cadas ha estado trastocando el delicado y complejo ecosistema local y est\u00e1 socavando r\u00e1pidamente el bienestar y la <a href=\"https:\/\/www.humanium.org\/es\/derecho-salud\/\">salud<\/a> de la gente que habita esas extraordinarias tierras (World Rainforest Movement, 2019).<\/p>\n\n\n\n<figure class=\"wp-block-image size-large\"><img loading=\"lazy\" decoding=\"async\" width=\"1024\" height=\"681\" src=\"https:\/\/www.humanium.org\/es\/wp-content\/uploads\/2021\/06\/shutterstock_655707079-1024x681.jpg\" alt=\"\" class=\"wp-image-15830\" srcset=\"https:\/\/www.humanium.org\/es\/wp-content\/uploads\/2021\/06\/shutterstock_655707079-1024x681.jpg 1024w, https:\/\/www.humanium.org\/es\/wp-content\/uploads\/2021\/06\/shutterstock_655707079-300x199.jpg 300w, https:\/\/www.humanium.org\/es\/wp-content\/uploads\/2021\/06\/shutterstock_655707079-768x511.jpg 768w, https:\/\/www.humanium.org\/es\/wp-content\/uploads\/2021\/06\/shutterstock_655707079-1536x1021.jpg 1536w, https:\/\/www.humanium.org\/es\/wp-content\/uploads\/2021\/06\/shutterstock_655707079-2048x1361.jpg 2048w, https:\/\/www.humanium.org\/es\/wp-content\/uploads\/2021\/06\/shutterstock_655707079-830x552.jpg 830w, https:\/\/www.humanium.org\/es\/wp-content\/uploads\/2021\/06\/shutterstock_655707079-230x153.jpg 230w, https:\/\/www.humanium.org\/es\/wp-content\/uploads\/2021\/06\/shutterstock_655707079-350x233.jpg 350w, https:\/\/www.humanium.org\/es\/wp-content\/uploads\/2021\/06\/shutterstock_655707079-480x319.jpg 480w, https:\/\/www.humanium.org\/es\/wp-content\/uploads\/2021\/06\/shutterstock_655707079-272x182.jpg 272w\" sizes=\"auto, (max-width: 1024px) 100vw, 1024px\" \/><\/figure>\n\n\n\n<p>Se ha quemado el gas natural que se escapa de los pozos de petr\u00f3leo como subproducto del petr\u00f3leo a una temperatura promedio de 400\u00b0 Celsius (750\u00b0 Fahrenheit) las 24 horas del d\u00eda, todo el a\u00f1o y en \u00e1reas residenciales sin protecci\u00f3n para las familias expuestas, una pr\u00e1ctica establecida en la Amazonia <a href=\"https:\/\/www.humanium.org\/es\/ecuador\/\">Ecuatoriana<\/a> desde 1967, cuando Chevron-Texaco empezaron a perforar el primer petr\u00f3leo con valor comercial (Earth.org, 2021).&nbsp;<\/p>\n\n\n\n<p>Los altos niveles de contaminaci\u00f3n del aire, el suelo y el agua est\u00e1n directamente relacionados con la alta tasa de incidencia de c\u00e1ncer, malformaciones, abortos espont\u00e1neos y muertes entre la poblaci\u00f3n que vive cerca de m\u00e1s de 447 torres petroleras que operan en esa vasta \u00e1rea (Amazon Frontlines, 2021).&nbsp; Pablo Fajardo, uno de los abogados que representa a las ni\u00f1as y a la Uni\u00f3n de la Gente Afectada por Texaco (UDAPT), ha dicho que la UDAPT y la Cl\u00ednica Ambiental pasaron dos a\u00f1os recopilando registros de casos de c\u00e1ncer en Sucumb\u00edos y Orellana. Documentaron 251 casos de este tipo, y las mujeres representan el 71% de ellos (Earth.org, 2021).<\/p>\n\n\n\n<h2 class=\"wp-block-heading\"><strong>Una victoria hist\u00f3rica para la naturaleza y la comunidad ecuatoriana<\/strong><\/h2>\n\n\n\n<blockquote class=\"wp-block-quote is-layout-flow wp-block-quote-is-layout-flow\"><p><em>\u201cEstoy muy feliz porque, finalmente, se ha hecho justicia. Vamos a restaurar la naturaleza, para todos los ni\u00f1os enfermos, para la gente, para los padres que han luchado por mantenerse sanos, por las familias que tambi\u00e9n han seguido luchando, aunque s\u00f3lo sea por sembrar algunas cosechas, por las familias que viven debajo las llamaradas y han tenido que abandonar su tierra.\u201d<\/em><\/p><cite>&#8211; Leonela Moncayo, 10 a\u00f1os<\/cite><\/blockquote>\n\n\n\n<div class=\"wp-block-image is-style-default\"><figure class=\"alignright size-large is-resized\"><img loading=\"lazy\" decoding=\"async\" src=\"https:\/\/www.humanium.org\/es\/wp-content\/uploads\/2021\/06\/shutterstock_111898520-1024x681.jpg\" alt=\"\" class=\"wp-image-15837\" width=\"416\" height=\"276\" srcset=\"https:\/\/www.humanium.org\/es\/wp-content\/uploads\/2021\/06\/shutterstock_111898520-1024x681.jpg 1024w, https:\/\/www.humanium.org\/es\/wp-content\/uploads\/2021\/06\/shutterstock_111898520-300x200.jpg 300w, https:\/\/www.humanium.org\/es\/wp-content\/uploads\/2021\/06\/shutterstock_111898520-768x511.jpg 768w, https:\/\/www.humanium.org\/es\/wp-content\/uploads\/2021\/06\/shutterstock_111898520-1536x1022.jpg 1536w, https:\/\/www.humanium.org\/es\/wp-content\/uploads\/2021\/06\/shutterstock_111898520-2048x1363.jpg 2048w, https:\/\/www.humanium.org\/es\/wp-content\/uploads\/2021\/06\/shutterstock_111898520-830x552.jpg 830w, https:\/\/www.humanium.org\/es\/wp-content\/uploads\/2021\/06\/shutterstock_111898520-230x153.jpg 230w, https:\/\/www.humanium.org\/es\/wp-content\/uploads\/2021\/06\/shutterstock_111898520-350x233.jpg 350w, https:\/\/www.humanium.org\/es\/wp-content\/uploads\/2021\/06\/shutterstock_111898520-480x319.jpg 480w\" sizes=\"auto, (max-width: 416px) 100vw, 416px\" \/><\/figure><\/div>\n\n\n\n<p>El 26 de enero de 2021, nueve ni\u00f1as <a href=\"https:\/\/www.humanium.org\/es\/ecuador\/\">Ecuatorianas<\/a>, Leonela Moncayo, Rosa Valladolid, Skarlett Naranjo, Jamileth Jurado, Denisse Nu\u00f1ez, Dannya Bravo, Mishell Mora, Jeyner Tejena y Kerly Herrera, y sus respectivas comunidades de origen, ganaron el recurso de apelaci\u00f3n interpuesto el 20 de Febrero de 2020 ante la Corte Provincial de Justicia de Sucumb\u00edos, en el cual solicitaron al Estado de <a href=\"https:\/\/www.humanium.org\/es\/ecuador\/\">Ecuador<\/a> &#8211; formalmente el Ministerio de Energ\u00eda y Recursos Naturales No Renovables y el Ministerio de Medio Ambiente y Recursos H\u00eddricos- para asumir sus responsabilidades ambientales, prohibir la pr\u00e1ctica criminal de \u00abquema de gas\u00bb y cerrar todas las torres de petr\u00f3leo existentes (Mongabay, 2021).<\/p>\n\n\n\n<p>El caso legal sobre la quema de gas en <a href=\"https:\/\/www.humanium.org\/es\/ecuador\/\">Ecuador<\/a> fue tra\u00eddo por las nueve ni\u00f1as a trav\u00e9s de una colaboraci\u00f3n de varias organizaciones de la sociedad civil, incluyendo UDAPT y la Cl\u00ednica Ambiental, entre otras, formando la Alianza Ecuatoriana por los Derechos Humanos, tales como Acci\u00f3n Ecol\u00f3gica y Amazon Frontlines, entre otras (Amazon Frontlines, 2021).<\/p>\n\n\n\n<p>De acuerdo con la sentencia relevante, el Estado <a href=\"https:\/\/www.humanium.org\/es\/ecuador\/\">Ecuatoriano<\/a> ha ignorado el derecho de los demandantes a vivir en un <a href=\"https:\/\/www.humanium.org\/es\/enfoques-tematicos\/ambiente\/derechos-medioambientales\/\">medio ambiente sano y ecol\u00f3gicamente equilibrado<\/a> y ha violado tambi\u00e9n su <a href=\"https:\/\/www.humanium.org\/es\/derecho-salud\/\">derecho a la salud<\/a> debido a la incapacidad (o falta de voluntad) de las autoridades estatales para promover el uso de tecnolog\u00edas \u00ablimpias\u00bb y \/ o fuentes de energ\u00eda renovables y no contaminantes.<\/p>\n\n\n\n<p>Adem\u00e1s, el fallo tambi\u00e9n ha reconocido que <a href=\"https:\/\/www.humanium.org\/es\/ecuador\/\">Ecuador<\/a> ha violado sistem\u00e1ticamente sus obligaciones internacionales en materia de <a href=\"https:\/\/www.humanium.org\/es\/enfoques-tematicos\/ambiente\/emergencia-climatica\/\">cambio clim\u00e1tico<\/a>, y sus compromisos nacionales de reducir las emisiones de CO<sub>2<\/sub> a la atm\u00f3sfera. De hecho, estos disminuir\u00edan en un 24% si las 447 torres petroleras dejaran de operar. (UNDP, 2021). Alternativamente, el gas natural podr\u00eda usarse para uso dom\u00e9stico o para la generaci\u00f3n de energ\u00eda para alimentar las instalaciones petroleras locales. <\/p>\n\n\n\n<p>Esto lo devolver\u00eda al proceso y evitar\u00eda su combusti\u00f3n. Estas soluciones ser\u00e1n adoptables cuando la industria petrolera recurra a nuevos est\u00e1ndares y procedimientos innovadores y sostenibles (UNFCCC, 2021). Para las comunidades locales y para todo el pa\u00eds, esta es una victoria hist\u00f3rica, que ha allanado el camino para una serie de procesos de reparaci\u00f3n e indemnizaci\u00f3n por los da\u00f1os causados a las v\u00edctimas involucradas.&nbsp;<\/p>\n\n\n\n<h2 class=\"wp-block-heading\"><strong>El derecho a la salud debe prevalecer sobre la econom\u00eda<\/strong><\/h2>\n\n\n\n<p>La industria petrolera del pa\u00eds y, en particular, la prestigiosa petrolera estatal <em>Petroamazonas<\/em>, ahora debe dar cuenta de sus acciones y sus consecuencias da\u00f1inas en las provincias de Sucumb\u00edos y Orellana. Despu\u00e9s de exhortar al Estado <a href=\"https:\/\/www.humanium.org\/es\/ecuador\/\">Ecuatoriano<\/a> a respetar y no deslegitimar la referida sentencia y aplicar de inmediato sus disposiciones para el bien com\u00fan, evitando ceder a los intereses miopes de las empresas y la econom\u00eda, Pablo Fajardo, ha enfatizado que \u201clos intereses <em>econ\u00f3micos no pueden prevalecer sobre la vida y la naturaleza\u201d <\/em>(The Ecologist, 2020)<em>.&nbsp;<\/em><\/p>\n\n\n\n<blockquote class=\"wp-block-quote is-layout-flow wp-block-quote-is-layout-flow\"><p>\u201c<em>Estas ni\u00f1as que hoy son peticionarias podr\u00edan ma\u00f1ana ser v\u00edctimas de c\u00e1ncer.<\/em>\u201d<\/p><cite>&#8211; Pablo Fajardo<\/cite><\/blockquote>\n\n\n\n<p>En las mismas horas del fallo, otra noticia esperada por los movimientos ambientalistas en la Amazonia <a href=\"https:\/\/www.humanium.org\/es\/ecuador\/\">Ecuatoriana<\/a> finalmente lleg\u00f3. Tres bancos europeos, BNP Paribas, Credit Suisse e ING, anunciaron el lunes que en respuesta a las cr\u00edticas ambientales dejar\u00e1n de financiar el comercio de petr\u00f3leo de la regi\u00f3n amaz\u00f3nica de <a href=\"https:\/\/www.humanium.org\/es\/ecuador\/\">Ecuador<\/a> (Aljazeera, 2021). Las dos principales ONGs que abogan por este cambio de pol\u00edtica son Amazon Watch y Stand.earth.&nbsp;<\/p>\n\n\n\n<p>Los \u00faltimos meses han visto un gran paso adelante en el reconocimiento de los derechos ambientales y han reafirmado cu\u00e1n crucial es el trabajo de las ONG y los activistas ambientales infantiles en todo el mundo en la formulaci\u00f3n de pol\u00edticas. Su compromiso tendr\u00e1 efectos importantes en la mejora de la vida de comunidades enteras de personas, que finalmente pueden esperar un futuro mejor en el que sus derechos puedan finalmente ser reconocidos.&nbsp;<\/p>\n\n\n\n<h2 class=\"wp-block-heading\"><strong>Los esfuerzos de Humanium para asegurar un medio ambiente saludable<\/strong><\/h2>\n\n\n\n<p>Como organizaci\u00f3n, Humanium ha reconocido la importancia de los <a href=\"https:\/\/www.humanium.org\/es\/enfoques-tematicos\/ambiente\/derechos-medioambientales\/\">derechos ambientales de los ni\u00f1os<\/a> y est\u00e1 trabajando arduamente para crear un mundo en el que esos derechos se respeten y se cumplan. Humanium ha firmado una <a href=\"https:\/\/www.humanium.org\/es\/humanium-firma-una-declaracion-conjunta-para-la-realizacion-del-derecho-de-los-ninos-a-un-medio-ambiente-saludable\/\">Declaraci\u00f3n conjunta sobre la realizaci\u00f3n del derecho del ni\u00f1o a un medio ambiente sano<\/a> junto con m\u00e1s de 80 organizaciones en todo el mundo.&nbsp;<\/p>\n\n\n\n<p>La declaraci\u00f3n conjunta llama la atenci\u00f3n sobre la especial vulnerabilidad de la salud y el bienestar de los ni\u00f1os a los da\u00f1os ambientales. Los signatarios pidieron a los Estados miembros de la ONU que tomen acciones concretas para reconocer formal y universalmente el derecho a un medio ambiente saludable lo antes posible y para garantizar que los ni\u00f1os puedan vivir una vida digna, saludable y satisfactoria.<\/p>\n\n\n\n<figure class=\"wp-block-image size-large is-style-default\"><img loading=\"lazy\" decoding=\"async\" width=\"1024\" height=\"683\" src=\"https:\/\/www.humanium.org\/es\/wp-content\/uploads\/2021\/06\/shutterstock_1115620724-1024x683.jpg\" alt=\"\" class=\"wp-image-15838\" srcset=\"https:\/\/www.humanium.org\/es\/wp-content\/uploads\/2021\/06\/shutterstock_1115620724-1024x683.jpg 1024w, https:\/\/www.humanium.org\/es\/wp-content\/uploads\/2021\/06\/shutterstock_1115620724-300x200.jpg 300w, https:\/\/www.humanium.org\/es\/wp-content\/uploads\/2021\/06\/shutterstock_1115620724-768x512.jpg 768w, https:\/\/www.humanium.org\/es\/wp-content\/uploads\/2021\/06\/shutterstock_1115620724-1536x1024.jpg 1536w, https:\/\/www.humanium.org\/es\/wp-content\/uploads\/2021\/06\/shutterstock_1115620724-2048x1365.jpg 2048w, https:\/\/www.humanium.org\/es\/wp-content\/uploads\/2021\/06\/shutterstock_1115620724-830x553.jpg 830w, https:\/\/www.humanium.org\/es\/wp-content\/uploads\/2021\/06\/shutterstock_1115620724-230x153.jpg 230w, https:\/\/www.humanium.org\/es\/wp-content\/uploads\/2021\/06\/shutterstock_1115620724-350x233.jpg 350w, https:\/\/www.humanium.org\/es\/wp-content\/uploads\/2021\/06\/shutterstock_1115620724-480x320.jpg 480w, https:\/\/www.humanium.org\/es\/wp-content\/uploads\/2021\/06\/shutterstock_1115620724-272x182.jpg 272w\" sizes=\"auto, (max-width: 1024px) 100vw, 1024px\" \/><\/figure>\n\n\n\n<p>Si usted quiere contribuir al cumplimiento de&nbsp;<a href=\"https:\/\/www.humanium.org\/es\/derechos\/\">los derechos medioambientales de los ni\u00f1os<\/a> alrededor del mundo, considere apoyar los esfuerzos en curso Humanium haciendo una <a href=\"https:\/\/www.humanium.org\/es\/donacion\/\">donaci\u00f3n<\/a>, haci\u00e9ndose <a href=\"https:\/\/www.humanium.org\/es\/\">miembro<\/a>&nbsp;de Humanium o unirse a la comunidad de Humanium y convertirse en voluntario. \u00a1Juntos hagamos del mundo un lugar mejor, m\u00e1s seguro y m\u00e1s saludable para los ni\u00f1os!<\/p>\n\n\n\n<p><strong><em>Escrito por Federica Versea<\/em><\/strong><\/p>\n\n\n\n<p><strong><em>Traducido por Gabriela Pacheco M\u00fajica<\/em><\/strong><\/p>\n\n\n\n<h4 class=\"wp-block-heading\"><strong>Referencias<\/strong>:&nbsp;<\/h4>\n\n\n\n<p class=\"has-small-font-size\"><a href=\"https:\/\/www.aljazeera.com\/economy\/2021\/1\/25\/hold-3-european-banks-stop-funding-trade-of-ecuadorian-amazon-oil\" target=\"_blank\" rel=\"noreferrer noopener\">Aljazeera. (2021). <em>Ecuadorian Amazon: Three European banks stop funding trade of oil<\/em>.<\/a> <\/p>\n\n\n\n<p class=\"has-small-font-size\"><a href=\"https:\/\/www.amazonfrontlines.org\/chronicles\/amazon-lawsuit-gas-flaring\/\" target=\"_blank\" rel=\"noreferrer noopener\">Amazon Frontlines. (2021). <em>Ruling heralds a major climate victory and is set to shutdown oil industry&#8217;s gas flaring and bring reparations to thousands of affected local and Indigenous communities<\/em>.<\/a> <\/p>\n\n\n\n<p class=\"has-small-font-size\"><a href=\"https:\/\/earth.org\/ecuador-ends-gas-flaring\/\" target=\"_blank\" rel=\"noreferrer noopener\">Earth.org. (2021). <em>Ecuador Court Orders End to Gas Flaring By Oil Industry in Amazon<\/em>.<\/a> <\/p>\n\n\n\n<p class=\"has-small-font-size\"><a href=\"https:\/\/news.mongabay.com\/2021\/03\/ecuador-court-orders-end-to-gas-flaring-by-oil-industry-in-amazon\/#:~:text=26%2C%202021%2C%20a%20court%20in,provinces%20of%20Sucumb%C3%ADos%20and%20Orellana.&amp;text=The%20burning%20of%20natural%20gas,the%20health%20of%20local%20communities.\" target=\"_blank\" rel=\"noreferrer noopener\">Mongabay. (2021). <em>Ecuador court orders end to gas flaring by oil industry in Amazon<\/em>.<\/a> <\/p>\n\n\n\n<p class=\"has-small-font-size\"><a href=\"https:\/\/theecologist.org\/2020\/apr\/09\/ecuadorian-children-bring-case-against-government\" target=\"_blank\" rel=\"noreferrer noopener\">The Ecologist. (2020). <em>Ecuadorian children bring case against government<\/em>.<\/a> <\/p>\n\n\n\n<p class=\"has-small-font-size\"><a href=\"https:\/\/www.ndcs.undp.org\/content\/ndc-support-programme\/en\/home\/our-work\/geographic\/latin-america-and-caribbean\/Ecuador.html\" target=\"_blank\" rel=\"noreferrer noopener\">UNDP. (2021). <em>ECUADOR<\/em>. Retrieved from GLOBAL NDC Support Programme<\/a> <\/p>\n\n\n\n<p class=\"has-small-font-size\"><a href=\"https:\/\/wrm.org.uy\/articles-from-the-wrm-bulletin\/section1\/oil-forests-and-climate-change\/\" target=\"_blank\" rel=\"noreferrer noopener\">World Rainforest Movement. (2019). <em>Oil, Forests and Climate Change<\/em>.<\/a> <\/p>\n","protected":false},"excerpt":{"rendered":"<p>Nueve ni\u00f1as de la Amazonia Ecuatoriana y sus respectivas comunidades de origen ganaron su recurso ante la Corte Provincial de Justicia de Sucumb\u00edos, en la que hab\u00edan solicitado al Estado de Ecuador asumir sus responsabilidades ambientales para prohibir la pr\u00e1ctica de la quema de gas y brindar reparaci\u00f3n a miles de comunidades locales e ind\u00edgenas [&hellip;]<\/p>\n","protected":false},"author":35,"featured_media":15831,"comment_status":"closed","ping_status":"closed","sticky":false,"template":"","format":"standard","meta":{"footnotes":""},"categories":[148,6,8],"tags":[],"class_list":["post-15828","post","type-post","status-publish","format-standard","has-post-thumbnail","hentry","category-derechos-del-nino","category-medioambiente","category-salud"],"yoast_head":"<!-- This site is optimized with the Yoast SEO plugin v26.5 - https:\/\/yoast.com\/wordpress\/plugins\/seo\/ -->\n<title>Un fallo hist\u00f3rico por los derechos ambientales en Ecuador - Humanium<\/title>\n<meta name=\"description\" content=\"Nueve ni\u00f1as ganaron su recurso ante la Corte Provincial de Justicia, lo que es una sentencia hist\u00f3rica para los derechos medioambientales.\" \/>\n<meta name=\"robots\" content=\"index, follow, max-snippet:-1, max-image-preview:large, max-video-preview:-1\" \/>\n<link rel=\"canonical\" href=\"https:\/\/www.humanium.org\/es\/un-fallo-historico-por-los-derechos-ambientales-en-ecuador\/\" \/>\n<meta property=\"og:locale\" content=\"es_ES\" \/>\n<meta property=\"og:type\" content=\"article\" \/>\n<meta property=\"og:title\" content=\"Un fallo hist\u00f3rico por los derechos ambientales en Ecuador - Humanium\" \/>\n<meta property=\"og:description\" content=\"Nueve ni\u00f1as ganaron su recurso ante la Corte Provincial de Justicia, lo que es una sentencia hist\u00f3rica para los derechos medioambientales.\" \/>\n<meta property=\"og:url\" content=\"https:\/\/www.humanium.org\/es\/un-fallo-historico-por-los-derechos-ambientales-en-ecuador\/\" \/>\n<meta property=\"og:site_name\" content=\"Humanium\" \/>\n<meta property=\"article:published_time\" content=\"2021-06-22T16:46:32+00:00\" \/>\n<meta property=\"article:modified_time\" content=\"2021-06-22T16:49:27+00:00\" \/>\n<meta property=\"og:image\" content=\"https:\/\/www.humanium.org\/es\/wp-content\/uploads\/2021\/06\/shutterstock_1341782549-scaled.jpg\" \/>\n\t<meta property=\"og:image:width\" content=\"2560\" \/>\n\t<meta property=\"og:image:height\" content=\"1707\" \/>\n\t<meta property=\"og:image:type\" content=\"image\/jpeg\" \/>\n<meta name=\"author\" content=\"Federica Versea\" \/>\n<meta name=\"twitter:card\" content=\"summary_large_image\" \/>\n<meta name=\"twitter:label1\" content=\"Escrito por\" \/>\n\t<meta name=\"twitter:data1\" content=\"Federica Versea\" \/>\n\t<meta name=\"twitter:label2\" content=\"Tiempo de lectura\" \/>\n\t<meta name=\"twitter:data2\" content=\"7 minutos\" \/>\n<script type=\"application\/ld+json\" class=\"yoast-schema-graph\">{\"@context\":\"https:\/\/schema.org\",\"@graph\":[{\"@type\":\"WebPage\",\"@id\":\"https:\/\/www.humanium.org\/es\/un-fallo-historico-por-los-derechos-ambientales-en-ecuador\/\",\"url\":\"https:\/\/www.humanium.org\/es\/un-fallo-historico-por-los-derechos-ambientales-en-ecuador\/\",\"name\":\"Un fallo hist\u00f3rico por los derechos ambientales en Ecuador - Humanium\",\"isPartOf\":{\"@id\":\"https:\/\/www.humanium.org\/es\/#website\"},\"primaryImageOfPage\":{\"@id\":\"https:\/\/www.humanium.org\/es\/un-fallo-historico-por-los-derechos-ambientales-en-ecuador\/#primaryimage\"},\"image\":{\"@id\":\"https:\/\/www.humanium.org\/es\/un-fallo-historico-por-los-derechos-ambientales-en-ecuador\/#primaryimage\"},\"thumbnailUrl\":\"https:\/\/www.humanium.org\/es\/wp-content\/uploads\/2021\/06\/shutterstock_1341782549-scaled.jpg\",\"datePublished\":\"2021-06-22T16:46:32+00:00\",\"dateModified\":\"2021-06-22T16:49:27+00:00\",\"author\":{\"@id\":\"https:\/\/www.humanium.org\/es\/#\/schema\/person\/0bd9569f30ff720425ca1a3a8a68cad9\"},\"description\":\"Nueve ni\u00f1as ganaron su recurso ante la Corte Provincial de Justicia, lo que es una sentencia hist\u00f3rica para los derechos medioambientales.\",\"breadcrumb\":{\"@id\":\"https:\/\/www.humanium.org\/es\/un-fallo-historico-por-los-derechos-ambientales-en-ecuador\/#breadcrumb\"},\"inLanguage\":\"es\",\"potentialAction\":[{\"@type\":\"ReadAction\",\"target\":[\"https:\/\/www.humanium.org\/es\/un-fallo-historico-por-los-derechos-ambientales-en-ecuador\/\"]}]},{\"@type\":\"ImageObject\",\"inLanguage\":\"es\",\"@id\":\"https:\/\/www.humanium.org\/es\/un-fallo-historico-por-los-derechos-ambientales-en-ecuador\/#primaryimage\",\"url\":\"https:\/\/www.humanium.org\/es\/wp-content\/uploads\/2021\/06\/shutterstock_1341782549-scaled.jpg\",\"contentUrl\":\"https:\/\/www.humanium.org\/es\/wp-content\/uploads\/2021\/06\/shutterstock_1341782549-scaled.jpg\",\"width\":2560,\"height\":1707},{\"@type\":\"BreadcrumbList\",\"@id\":\"https:\/\/www.humanium.org\/es\/un-fallo-historico-por-los-derechos-ambientales-en-ecuador\/#breadcrumb\",\"itemListElement\":[{\"@type\":\"ListItem\",\"position\":1,\"name\":\"Home\",\"item\":\"https:\/\/www.humanium.org\/es\/\"},{\"@type\":\"ListItem\",\"position\":2,\"name\":\"Un fallo hist\u00f3rico por los derechos ambientales en Ecuador\"}]},{\"@type\":\"WebSite\",\"@id\":\"https:\/\/www.humanium.org\/es\/#website\",\"url\":\"https:\/\/www.humanium.org\/es\/\",\"name\":\"Humanium\",\"description\":\"\u00a1Los ni\u00f1os primero!\",\"potentialAction\":[{\"@type\":\"SearchAction\",\"target\":{\"@type\":\"EntryPoint\",\"urlTemplate\":\"https:\/\/www.humanium.org\/es\/?s={search_term_string}\"},\"query-input\":{\"@type\":\"PropertyValueSpecification\",\"valueRequired\":true,\"valueName\":\"search_term_string\"}}],\"inLanguage\":\"es\"},{\"@type\":\"Person\",\"@id\":\"https:\/\/www.humanium.org\/es\/#\/schema\/person\/0bd9569f30ff720425ca1a3a8a68cad9\",\"name\":\"Federica Versea\",\"image\":{\"@type\":\"ImageObject\",\"inLanguage\":\"es\",\"@id\":\"https:\/\/www.humanium.org\/es\/#\/schema\/person\/image\/\",\"url\":\"https:\/\/secure.gravatar.com\/avatar\/1e1890e2c1c195a1b0a69d6e566791d35f7bc8e8b35c66576fb1bc68ea9d51d9?s=96&d=mm&r=g\",\"contentUrl\":\"https:\/\/secure.gravatar.com\/avatar\/1e1890e2c1c195a1b0a69d6e566791d35f7bc8e8b35c66576fb1bc68ea9d51d9?s=96&d=mm&r=g\",\"caption\":\"Federica Versea\"},\"sameAs\":[\"https:\/\/www.linkedin.com\/in\/federica-versea-a579911a8\/\"],\"url\":\"https:\/\/www.humanium.org\/es\/author\/autor_federicaversea\/\"}]}<\/script>\n<!-- \/ Yoast SEO plugin. -->","yoast_head_json":{"title":"Un fallo hist\u00f3rico por los derechos ambientales en Ecuador - Humanium","description":"Nueve ni\u00f1as ganaron su recurso ante la Corte Provincial de Justicia, lo que es una sentencia hist\u00f3rica para los derechos medioambientales.","robots":{"index":"index","follow":"follow","max-snippet":"max-snippet:-1","max-image-preview":"max-image-preview:large","max-video-preview":"max-video-preview:-1"},"canonical":"https:\/\/www.humanium.org\/es\/un-fallo-historico-por-los-derechos-ambientales-en-ecuador\/","og_locale":"es_ES","og_type":"article","og_title":"Un fallo hist\u00f3rico por los derechos ambientales en Ecuador - Humanium","og_description":"Nueve ni\u00f1as ganaron su recurso ante la Corte Provincial de Justicia, lo que es una sentencia hist\u00f3rica para los derechos medioambientales.","og_url":"https:\/\/www.humanium.org\/es\/un-fallo-historico-por-los-derechos-ambientales-en-ecuador\/","og_site_name":"Humanium","article_published_time":"2021-06-22T16:46:32+00:00","article_modified_time":"2021-06-22T16:49:27+00:00","og_image":[{"width":2560,"height":1707,"url":"https:\/\/www.humanium.org\/es\/wp-content\/uploads\/2021\/06\/shutterstock_1341782549-scaled.jpg","type":"image\/jpeg"}],"author":"Federica Versea","twitter_card":"summary_large_image","twitter_misc":{"Escrito por":"Federica Versea","Tiempo de lectura":"7 minutos"},"schema":{"@context":"https:\/\/schema.org","@graph":[{"@type":"WebPage","@id":"https:\/\/www.humanium.org\/es\/un-fallo-historico-por-los-derechos-ambientales-en-ecuador\/","url":"https:\/\/www.humanium.org\/es\/un-fallo-historico-por-los-derechos-ambientales-en-ecuador\/","name":"Un fallo hist\u00f3rico por los derechos ambientales en Ecuador - Humanium","isPartOf":{"@id":"https:\/\/www.humanium.org\/es\/#website"},"primaryImageOfPage":{"@id":"https:\/\/www.humanium.org\/es\/un-fallo-historico-por-los-derechos-ambientales-en-ecuador\/#primaryimage"},"image":{"@id":"https:\/\/www.humanium.org\/es\/un-fallo-historico-por-los-derechos-ambientales-en-ecuador\/#primaryimage"},"thumbnailUrl":"https:\/\/www.humanium.org\/es\/wp-content\/uploads\/2021\/06\/shutterstock_1341782549-scaled.jpg","datePublished":"2021-06-22T16:46:32+00:00","dateModified":"2021-06-22T16:49:27+00:00","author":{"@id":"https:\/\/www.humanium.org\/es\/#\/schema\/person\/0bd9569f30ff720425ca1a3a8a68cad9"},"description":"Nueve ni\u00f1as ganaron su recurso ante la Corte Provincial de Justicia, lo que es una sentencia hist\u00f3rica para los derechos medioambientales.","breadcrumb":{"@id":"https:\/\/www.humanium.org\/es\/un-fallo-historico-por-los-derechos-ambientales-en-ecuador\/#breadcrumb"},"inLanguage":"es","potentialAction":[{"@type":"ReadAction","target":["https:\/\/www.humanium.org\/es\/un-fallo-historico-por-los-derechos-ambientales-en-ecuador\/"]}]},{"@type":"ImageObject","inLanguage":"es","@id":"https:\/\/www.humanium.org\/es\/un-fallo-historico-por-los-derechos-ambientales-en-ecuador\/#primaryimage","url":"https:\/\/www.humanium.org\/es\/wp-content\/uploads\/2021\/06\/shutterstock_1341782549-scaled.jpg","contentUrl":"https:\/\/www.humanium.org\/es\/wp-content\/uploads\/2021\/06\/shutterstock_1341782549-scaled.jpg","width":2560,"height":1707},{"@type":"BreadcrumbList","@id":"https:\/\/www.humanium.org\/es\/un-fallo-historico-por-los-derechos-ambientales-en-ecuador\/#breadcrumb","itemListElement":[{"@type":"ListItem","position":1,"name":"Home","item":"https:\/\/www.humanium.org\/es\/"},{"@type":"ListItem","position":2,"name":"Un fallo hist\u00f3rico por los derechos ambientales en Ecuador"}]},{"@type":"WebSite","@id":"https:\/\/www.humanium.org\/es\/#website","url":"https:\/\/www.humanium.org\/es\/","name":"Humanium","description":"\u00a1Los ni\u00f1os primero!","potentialAction":[{"@type":"SearchAction","target":{"@type":"EntryPoint","urlTemplate":"https:\/\/www.humanium.org\/es\/?s={search_term_string}"},"query-input":{"@type":"PropertyValueSpecification","valueRequired":true,"valueName":"search_term_string"}}],"inLanguage":"es"},{"@type":"Person","@id":"https:\/\/www.humanium.org\/es\/#\/schema\/person\/0bd9569f30ff720425ca1a3a8a68cad9","name":"Federica Versea","image":{"@type":"ImageObject","inLanguage":"es","@id":"https:\/\/www.humanium.org\/es\/#\/schema\/person\/image\/","url":"https:\/\/secure.gravatar.com\/avatar\/1e1890e2c1c195a1b0a69d6e566791d35f7bc8e8b35c66576fb1bc68ea9d51d9?s=96&d=mm&r=g","contentUrl":"https:\/\/secure.gravatar.com\/avatar\/1e1890e2c1c195a1b0a69d6e566791d35f7bc8e8b35c66576fb1bc68ea9d51d9?s=96&d=mm&r=g","caption":"Federica Versea"},"sameAs":["https:\/\/www.linkedin.com\/in\/federica-versea-a579911a8\/"],"url":"https:\/\/www.humanium.org\/es\/author\/autor_federicaversea\/"}]}},"_links":{"self":[{"href":"https:\/\/www.humanium.org\/es\/wp-json\/wp\/v2\/posts\/15828","targetHints":{"allow":["GET"]}}],"collection":[{"href":"https:\/\/www.humanium.org\/es\/wp-json\/wp\/v2\/posts"}],"about":[{"href":"https:\/\/www.humanium.org\/es\/wp-json\/wp\/v2\/types\/post"}],"author":[{"embeddable":true,"href":"https:\/\/www.humanium.org\/es\/wp-json\/wp\/v2\/users\/35"}],"replies":[{"embeddable":true,"href":"https:\/\/www.humanium.org\/es\/wp-json\/wp\/v2\/comments?post=15828"}],"version-history":[{"count":5,"href":"https:\/\/www.humanium.org\/es\/wp-json\/wp\/v2\/posts\/15828\/revisions"}],"predecessor-version":[{"id":15841,"href":"https:\/\/www.humanium.org\/es\/wp-json\/wp\/v2\/posts\/15828\/revisions\/15841"}],"wp:featuredmedia":[{"embeddable":true,"href":"https:\/\/www.humanium.org\/es\/wp-json\/wp\/v2\/media\/15831"}],"wp:attachment":[{"href":"https:\/\/www.humanium.org\/es\/wp-json\/wp\/v2\/media?parent=15828"}],"wp:term":[{"taxonomy":"category","embeddable":true,"href":"https:\/\/www.humanium.org\/es\/wp-json\/wp\/v2\/categories?post=15828"},{"taxonomy":"post_tag","embeddable":true,"href":"https:\/\/www.humanium.org\/es\/wp-json\/wp\/v2\/tags?post=15828"}],"curies":[{"name":"wp","href":"https:\/\/api.w.org\/{rel}","templated":true}]}}