{"id":16024,"date":"2021-08-10T07:37:27","date_gmt":"2021-08-10T07:37:27","guid":{"rendered":"https:\/\/www.humanium.org\/es\/?p=16024"},"modified":"2025-12-13T21:37:25","modified_gmt":"2025-12-13T21:37:25","slug":"covid-19-y-violencia-sexual-contra-los-ninos-relacionada-con-conflictos-armados","status":"publish","type":"post","link":"https:\/\/www.humanium.org\/es\/covid-19-y-violencia-sexual-contra-los-ninos-relacionada-con-conflictos-armados\/","title":{"rendered":"COVID-19 y violencia sexual contra los ni\u00f1os relacionada con conflictos armados"},"content":{"rendered":"\n<p><strong>Con\u00a0ocasi\u00f3n de la 7\u00aa celebraci\u00f3n oficial del D\u00eda Internacional para la Eliminaci\u00f3n de la Violencia Sexual en Conflictos, la Representante Especial del Secretario General para los Ni\u00f1os y Conflictos Armados,<\/strong> <a href=\"https:\/\/www.humanium.org\/es\/humanium-participa-en-las-conversaciones-sobre-la-situacion-de-los-ninos-en-tiempos-de-conflicto-con-virginia-gamba\/\"><strong>Virginia Gamba<\/strong><\/a>, <strong>abord\u00f3 el asunto de la violencia sexual contra ni\u00f1os y ni\u00f1as relacionada con conflictos armados en el contexto de la pandemia de <\/strong><a href=\"https:\/\/www.humanium.org\/es\/guia-contra-el-coronavirus-en-5-pasos-para-ninos\/\"><strong>COVID-19<\/strong><\/a><strong>, resaltando la alarmante situaci\u00f3n de los ni\u00f1os y ni\u00f1as nacidos de violaciones. En efecto, como puede verse en el Informe 2020 que fue publicado recientemente, luego de la emergencia por Coronavirus hubo un incremento dr\u00e1stico en la cantidad de casos verificados de violencia sexual contra ni\u00f1os y ni\u00f1as en <\/strong><a href=\"https:\/\/www.humanium.org\/es\/enfoques-tematicos\/violencia\/ninos-guerra\/\"><strong>conflictos armados<\/strong><\/a><strong>.\u00a0<\/strong><\/p>\n\n\n\n<h2 class=\"wp-block-heading\"><strong>D\u00eda Internacional para la Eliminaci\u00f3n de la Violencia Sexual en Conflictos Armados<\/strong><\/h2>\n\n\n\n<p>El d\u00eda s\u00e1bado 19 de junio de 2021 celebramos el D\u00eda Internacional para la Eliminaci\u00f3n de la Violencia Sexual en Conflictos Armados. Esta fecha fue elegida en 2015 (AGNU, 2015) para conmemorar el <a href=\"https:\/\/www.humanium.org\/es\/erradicando-la-violencia-sexual\/\">d\u00eda<\/a> en el que el Consejo de Seguridad de la ONU denunci\u00f3 formalmente las violaciones y otras formas de violencia sexual como \u201cuna t\u00e1ctica de guerra y un impedimento para la construcci\u00f3n de la paz\u201d (CSNU, 2008). <\/p>\n\n\n\n<p>La Oficina de la RESG contra la Violencia Sexual en Conflictos, junto con la Oficina de la RESG sobre&nbsp; la Infancia&nbsp; y Conflictos Armados y la Misi\u00f3n Permanente de Argentina ante las Naciones Unidas, organizaron en forma conjunta un evento virtual en honor a los supervivientes de violencia sexual en conflictos armados y a aquellos que trabajan para apoyar a las v\u00edctimas y poner fin a semejantes atrocidades. <\/p>\n\n\n\n<p>El foco estuvo puesto en estrategias para abordar <a href=\"https:\/\/www.humanium.org\/es\/derechos-ninos\/\">derechos<\/a> y necesidades espec\u00edficas de los supervivientes, en particular ante la crisis sanitaria, y c\u00f3mo abordar el asunto de la violencia relacionada con conflictos en los planes de respuesta y recuperaci\u00f3n a la COVID-19.<\/p>\n\n\n\n<h2 class=\"wp-block-heading\"><strong>La angustiante situaci\u00f3n en 2020<\/strong><\/h2>\n\n\n\n<p><a href=\"https:\/\/www.humanium.org\/es\/enfoques-tematicos\/explotacion\/explotacion-sexual-infantil\/\">Las violaciones y violencia sexual<\/a> contra ni\u00f1os y ni\u00f1as es una de las seis graves violaciones de derechos monitoreadas por la ONU a trav\u00e9s de los Equipos de Tareas de los Pa\u00edses para el Seguimiento e Informaci\u00f3n (CTFMRs por sus siglas en ingl\u00e9s) como parte del Mecanismo de Seguimiento e Informaci\u00f3n (MRM) establecido en 2005 (CSNU, 2005). En 2019 hubo 735 casos de violencia sexual en las 19 situaciones abarcadas por el programa de la Representante Especial (ORESG-NCA, 2021).<\/p>\n\n\n\n<p> En 2020 estas cifras se incrementaron en un 70%, y un 98% de las v\u00edctimas fueron <a href=\"https:\/\/www.humanium.org\/es\/enfoques-tematicos\/discriminacion\/derechos-ninas\/\">ni\u00f1as<\/a> (CSNU, 2021). En efecto, la pandemia de COVID-19 ha generado una serie de <a href=\"https:\/\/www.humanium.org\/es\/que-ha-significado-el-2020-para-los-derechos-de-los-ninos\/\">consecuencias en ni\u00f1os y ni\u00f1as<\/a> en conflictos armados con un incremento en violaciones reales, ha reducido la imputabilidad y el castigo, ha debilitado el seguimiento y la denuncia tambi\u00e9n el cese de la prestaci\u00f3n de servicios a supervivientes.&nbsp;<\/p>\n\n\n\n<p>A pesar del llamado de la comunidad internacional a una tregua global, desde el comienzo de la pandemia han empezado nuevos conflictos y aquellos ya existentes se han exacerbado. En 2020 los casos de abusos graves alcanzaron los 26.500, esto incluye <a href=\"https:\/\/www.humanium.org\/es\/enfoques-tematicos\/violencia\/ninos-soldado\/\">reclutamiento<\/a> y <a href=\"https:\/\/www.humanium.org\/es\/enfoques-tematicos\/violencia\/ninos-guerra\/\">utilizaci\u00f3n<\/a>, mutilaci\u00f3n y asesinato, violaci\u00f3n y otras formas de violencia sexual, ataques en escuelas y hospitales y denegaci\u00f3n de acceso a la ayuda humanitaria (CSNU, 2021). Los secuestros, reclutamiento y uso de ni\u00f1os y ni\u00f1as por partes en conflicto tambi\u00e9n se incrementaron luego del cierre de las escuelas y la crisis econ\u00f3mica. <\/p>\n\n\n\n<figure class=\"wp-block-image size-large\"><img loading=\"lazy\" decoding=\"async\" width=\"1024\" height=\"683\" src=\"https:\/\/www.humanium.org\/es\/wp-content\/uploads\/2021\/08\/shutterstock_1385973686-1024x683.jpg\" alt=\"\" class=\"wp-image-16030\" srcset=\"https:\/\/www.humanium.org\/es\/wp-content\/uploads\/2021\/08\/shutterstock_1385973686-1024x683.jpg 1024w, https:\/\/www.humanium.org\/es\/wp-content\/uploads\/2021\/08\/shutterstock_1385973686-300x200.jpg 300w, https:\/\/www.humanium.org\/es\/wp-content\/uploads\/2021\/08\/shutterstock_1385973686-768x512.jpg 768w, https:\/\/www.humanium.org\/es\/wp-content\/uploads\/2021\/08\/shutterstock_1385973686-1536x1024.jpg 1536w, https:\/\/www.humanium.org\/es\/wp-content\/uploads\/2021\/08\/shutterstock_1385973686-2048x1365.jpg 2048w, https:\/\/www.humanium.org\/es\/wp-content\/uploads\/2021\/08\/shutterstock_1385973686-830x553.jpg 830w, https:\/\/www.humanium.org\/es\/wp-content\/uploads\/2021\/08\/shutterstock_1385973686-230x153.jpg 230w, https:\/\/www.humanium.org\/es\/wp-content\/uploads\/2021\/08\/shutterstock_1385973686-350x233.jpg 350w, https:\/\/www.humanium.org\/es\/wp-content\/uploads\/2021\/08\/shutterstock_1385973686-480x320.jpg 480w, https:\/\/www.humanium.org\/es\/wp-content\/uploads\/2021\/08\/shutterstock_1385973686-272x182.jpg 272w\" sizes=\"auto, (max-width: 1024px) 100vw, 1024px\" \/><\/figure>\n\n\n\n<p>El Informe 2020 del Secretario General afirmaba que estas violaciones no afectan a ni\u00f1os y ni\u00f1as de la misma manera: mientras que los ni\u00f1os son m\u00e1s propensos a ser reclutados y usados en los conflictos armados (85% de los casos), las ni\u00f1as est\u00e1n m\u00e1s expuestas a violaciones y otras formas de violencia sexual (CSNU, 2021). Esta conclusi\u00f3n apoya la observaci\u00f3n de Gamba sobre la necesidad de medidas espec\u00edficas seg\u00fan el g\u00e9nero tanto para la prevenci\u00f3n como para la provisi\u00f3n de servicios a los supervivientes.&nbsp;<\/p>\n\n\n\n<h2 class=\"wp-block-heading\"><strong>Violencia sexual en los conflictos armados (VSC) en el contexto de la pandemia por COVID-19<\/strong><\/h2>\n\n\n\n<p>Seg\u00fan un estudio reciente de la ONU, factores como la suspensi\u00f3n de servicios m\u00e9dicos, psicosociales y legales, la reducci\u00f3n de la movilidad y el aumento del aislamiento, han incrementado la exposici\u00f3n de ni\u00f1os y ni\u00f1as en situaciones de conflictos armados a violaciones y otras formas de violencia sexual (ORESG-NCA, 2021). De hecho, en el marco de la emergencia sanitaria, las organizaciones internacionales pospusieron compromisos y actividades sobre el terreno, lo que incluye Planes de Acci\u00f3n y acuerdos con partes en conflicto. Se cerraron centros de acogida, los establecimientos redujeron sus capacidades y hubo retrasos en investigaciones y <a href=\"https:\/\/www.humanium.org\/es\/familia-derecho-nino\/\">reunificaciones familiares<\/a>.&nbsp;&nbsp;<\/p>\n\n\n\n<p>La ausencia de servicios, junto con la estigmatizaci\u00f3n, normas culturales, miedo al castigo, medidas de confinamiento y preocupaciones en materia de seguridad, tambi\u00e9n impidieron que v\u00edctimas de violencia sexual denunciaran y buscaran apoyo. En cuanto al seguimiento, a pesar de que la mayor parte de los CTFMRs fueron capaces de adaptarse y retomar su trabajo al cabo de unos pocos meses del comienzo de la emergencia sanitaria, los abusos de car\u00e1cter m\u00e1s delicado como la violencia sexual, se volvieron dif\u00edciles de monitorear de forma remota, por ende la verificaci\u00f3n de casos contin\u00faa siendo retrospectiva (ORESG-NCA, 2021).<\/p>\n\n\n\n<p>Otra repercusi\u00f3n de la emergencia sanitaria es la creciente dificultad de imputar la responsabilidad a los autores de violaciones y otras formas de violencia sexual. De hecho, el Secretario General Ant\u00f3nio Guterres destac\u00f3 la necesidad de promover medidas para alentar a los supervivientes a \u201cacercarse con toda seguridad y buscar resarcimiento\u201d (Noticias ONU, 2021).<\/p>\n\n\n\n<p>La violencia sexual en entornos deconflictos armados ya es un fen\u00f3meno poco denunciado. Con las recientes alteraciones en servicios, seguimiento e informes, poder asegurar un entorno seguro y un mecanismo de castigo eficiente se ha vuelto incluso m\u00e1s importante a efectos de proteger a los m\u00e1s vulnerables y poner fin a la cultura de la impunidad.&nbsp;<\/p>\n\n\n\n<h2 class=\"wp-block-heading\"><strong>Falta de apoyo a los ni\u00f1os nacidos de violaciones<\/strong><\/h2>\n\n\n\n<p>En el evento virtual del D\u00eda Internacional para la Eliminaci\u00f3n de la Violencia Sexual en Conflictos Armados, Virginia Gamba tambi\u00e9n expres\u00f3 una especial preocupaci\u00f3n por la situaci\u00f3n de ni\u00f1os y ni\u00f1as nacidos de violaciones en conflictos armados (Noticias ONU, 2021). Ella tambi\u00e9n confirm\u00f3 el compromiso del Secretario General de elaborar un informe espec\u00edfico sobre el asunto en el transcurso del presente a\u00f1o. En efecto, a pesar de ser reconocidos por la comunidad internacional como v\u00edctimas de violencia sexual en entornos de conflictos armados, los ni\u00f1os y ni\u00f1as nacidos de violaciones en tiempos de guerra carecen de un marco jur\u00eddico global capaz de protegerlos adecuadamente.&nbsp;&nbsp;<\/p>\n\n\n\n<p>Esta cuesti\u00f3n a menudo es pasada por alto, sin embargo los ni\u00f1os y ni\u00f1as nacidos de violencia sexual son \u201cvictimizados por partida doble: son v\u00edctimas del conflicto y privados de las acciones que podr\u00edan ayudar en su recuperaci\u00f3n\u201d (ORESG-NCA, 2020), seg\u00fan dijo Gamba en la 44va Sesi\u00f3n del Consejo de Derechos Humanos. Estos ni\u00f1os y ni\u00f1as padecen las consecuencias del conflicto desde el nacimiento hasta la adultez debido a la estigmatizaci\u00f3n y persecuci\u00f3n. <\/p>\n\n\n\n<p>Por ejemplo, en muchos pa\u00edses africanos como <a href=\"https:\/\/www.humanium.org\/es\/ruanda\/\">Ruanda<\/a> y la Rep\u00fablica Democr\u00e1tica del Congo, el concepto de <a href=\"https:\/\/www.humanium.org\/es\/derecho-identidad\/\">identidad<\/a> es entrelazado con el de comunidad (especialmente en el caso de grupos minoritarios) y los derechos ciudadanos son heredados a trav\u00e9s del padre (Obbo, 2020). En consecuencia, los <a href=\"https:\/\/www.humanium.org\/es\/derecho-vida\/\">nacimientos<\/a> de ni\u00f1os y ni\u00f1as fruto de violaciones en tiempos de guerra pueden no ser registrados; pueden ser humillados y aislados de la comunidad por estigma, privados del acceso a la <a href=\"https:\/\/www.humanium.org\/en\/right-to-education\/\">educaci\u00f3n<\/a> e incluso sufrir violencia f\u00edsica (Hall, 2018).<\/p>\n\n\n\n<p>Esta no es m\u00e1s que otra de las graves consecuencias de la violencia sexual en entornos de conflictos armados, que es con frecuencia convertida en arma, y las implicaciones derivadas van mucho m\u00e1s all\u00e1 del fin de la disputa. En el intento de proteger a los ni\u00f1os y ni\u00f1as, en particular aquellos nacidos de violaciones en tiempos de guerra, Virginia Gamba destac\u00f3 la necesidad de fortalecer los mecanismos de rendici\u00f3n de cuentas y los servicios esenciales, entre ellos el seguimiento e informaci\u00f3n, a trav\u00e9s de la provisi\u00f3n de recursos humanos y financieros suficientes (Noticias ONU, 2021)<\/p>\n\n\n\n<h2 class=\"wp-block-heading\"><strong>Una oportunidad de \u00abreconstruir mejor\u00bb<\/strong><\/h2>\n\n\n\n<p>A pesar de las inquietantes cifras que hemos visto, se ha progresado en el \u00faltimo a\u00f1o con avances en di\u00e1logos entre la ONU y partes en conflicto, 35 nuevos compromisos alcanzados, 12.643 ni\u00f1os y ni\u00f1as liberados y Planes de Acci\u00f3n firmados en Myanmar y Sudan del Sur (Noticias ONU, 2021). Adem\u00e1s, como hemos mencionado, los equipos de tareas de seguimiento e informaci\u00f3n han logrado adaptarse y continuar con su misi\u00f3n de ofrecer ayuda a supervivientes.&nbsp;<\/p>\n\n\n\n<p>Como el t\u00edtulo del evento por el D\u00eda Internacional de la Eliminaci\u00f3n de la Violencia Sexual en Conflictos Armados dice \u201cReconstruir mejor: Apoyo a supervivientes de violencia sexual relacionada con conflictos armados en el contexto de recuperaci\u00f3n de la pandemia\u201d, la pandemia y los planes de recuperaci\u00f3n que est\u00e1n siendo conceptualizados e implementados a nivel mundial brindan una oportunidad de contrarrestar resueltamente problemas como la violencia sexual relacionada con conflictos armados, especialmente contra ni\u00f1os y ni\u00f1as (ORESG-NCA, 2021).<\/p>\n\n\n\n<p>Para poder hacerlo, es crucial incluir a los supervivientes en los esfuerzos de respuesta a la pandemia, ayudar a los ni\u00f1os y ni\u00f1as que buscan resarcimiento, y proveer servicios integrales y espec\u00edficos seg\u00fan edad y g\u00e9nero. Al mismo tiempo, los recursos deber\u00edan ser reforzados para fortalecer el seguimiento y las organizaciones e instalaciones de prestaci\u00f3n de servicios. Virginia Gamba concluy\u00f3: \u201cesta es una oportunidad para detenerse y reflexionar sobre el sufrimiento que estamos causando a nuestros ni\u00f1os y ni\u00f1as, que son nuestro futuro\u201d (Noticias ONU, 2021).<\/p>\n\n\n\n<figure class=\"wp-block-image size-large\"><img loading=\"lazy\" decoding=\"async\" width=\"1024\" height=\"681\" src=\"https:\/\/www.humanium.org\/es\/wp-content\/uploads\/2021\/08\/shutterstock_160256126-1024x681.jpg\" alt=\"\" class=\"wp-image-16025\" srcset=\"https:\/\/www.humanium.org\/es\/wp-content\/uploads\/2021\/08\/shutterstock_160256126-1024x681.jpg 1024w, https:\/\/www.humanium.org\/es\/wp-content\/uploads\/2021\/08\/shutterstock_160256126-300x200.jpg 300w, https:\/\/www.humanium.org\/es\/wp-content\/uploads\/2021\/08\/shutterstock_160256126-768x511.jpg 768w, https:\/\/www.humanium.org\/es\/wp-content\/uploads\/2021\/08\/shutterstock_160256126-1536x1022.jpg 1536w, https:\/\/www.humanium.org\/es\/wp-content\/uploads\/2021\/08\/shutterstock_160256126-2048x1363.jpg 2048w, https:\/\/www.humanium.org\/es\/wp-content\/uploads\/2021\/08\/shutterstock_160256126-830x552.jpg 830w, https:\/\/www.humanium.org\/es\/wp-content\/uploads\/2021\/08\/shutterstock_160256126-230x153.jpg 230w, https:\/\/www.humanium.org\/es\/wp-content\/uploads\/2021\/08\/shutterstock_160256126-350x233.jpg 350w, https:\/\/www.humanium.org\/es\/wp-content\/uploads\/2021\/08\/shutterstock_160256126-480x319.jpg 480w, https:\/\/www.humanium.org\/es\/wp-content\/uploads\/2021\/08\/shutterstock_160256126-272x182.jpg 272w\" sizes=\"auto, (max-width: 1024px) 100vw, 1024px\" \/><\/figure>\n\n\n\n<p><a href=\"https:\/\/www.humanium.org\/es\">Humanium<\/a> se ha comprometido a proteger los <a href=\"https:\/\/www.humanium.org\/es\/derechos-ninos\/\">derechos de ni\u00f1os y ni\u00f1as<\/a> y est\u00e1 orgulloso de continuar sus esfuerzos como parte de varios grupos de trabajo y, junto con sus organizaciones aliadas, proteger a todos los ni\u00f1os y ni\u00f1as de la violencia, lo que incluye a abusos relacionados con&nbsp; conflictos armados. Si te gustar\u00eda participar en la labor de Humanium hacia el cumplimiento de los derechos de los ni\u00f1os y ni\u00f1as alrededor del mundo, suscr\u00edbete a nuestro <a href=\"https:\/\/www.humanium.org\/es\">newsletter<\/a> y hazte socio.<strong>&nbsp;<\/strong><\/p>\n\n\n\n<p><strong><em>Escrito por Chiara Baruta<\/em><\/strong><\/p>\n\n\n\n<p><strong><em>Traducido por Mar\u00eda Eugenia Lodeiro<\/em><\/strong><\/p>\n\n\n\n<p><strong><em>Revisado por Esperanza Escalona<\/em><\/strong><\/p>\n\n\n\n<h4 class=\"wp-block-heading\"><strong>Bibliograf\u00eda:<\/strong><\/h4>\n\n\n\n<p class=\"has-small-font-size\"><a href=\"https:\/\/news.trust.org\/item\/20180618153627-9inu2\/\" target=\"_blank\" rel=\"noreferrer noopener\">Hall, E. (2018, Jun 19). <em>Shamed into silence: The forgotten children born of rape in war<\/em>. From Thomson Reuters Foundation News<\/a><\/p>\n\n\n\n<p class=\"has-small-font-size\"><a href=\"https:\/\/blogs.lse.ac.uk\/wps\/2020\/12\/09\/hidden-survivors-of-conflict-related-sexual-violence-children-born-of-wartime-rape\/\" target=\"_blank\" rel=\"noreferrer noopener\">Obbo, C. (2020, Dec 9). <em>Hidden survivors of conflict related sexual violence: children born of wartime rape<\/em>. From LSE<\/a><\/p>\n\n\n\n<p class=\"has-small-font-size\"><a href=\"https:\/\/childrenandarmedconflict.un.org\/wp-content\/uploads\/2021\/05\/Impact-of-the-COVID-19-pandemic-on-violations-against-children-in-situations-of-armed-conflict-1.pdf\" target=\"_blank\" rel=\"noreferrer noopener\">OSRSG CAC. (2021, Apr). <em>Impact of the COVID-19 pandemic on violations against children in situations of armed conflict.<\/em> Geneva: United Nations.<\/a> <\/p>\n\n\n\n<p class=\"has-small-font-size\"><a href=\"https:\/\/reliefweb.int\/report\/world\/statement-event-commemorate-7th-official-observance-international-day-elimination\" target=\"_blank\" rel=\"noreferrer noopener\">OSRSG CAC. (2021, Jun 17). <em>Statement: Event to commemorate the 7th official observance of the International Day for the Elimination of Sexual Violence in Conflict<\/em>. From Reliefweb<\/a><\/p>\n\n\n\n<p class=\"has-small-font-size\"><a href=\"https:\/\/reliefweb.int\/report\/world\/44th-session-human-rights-council-statement-ms-virginia-gamba-srsg-children-and-armed\" target=\"_blank\" rel=\"noreferrer noopener\">OSRSG CAC. (2020, Jul 2). <em>44th Session of the Human Rights Council: Statement by Ms. Virginia Gamba, SRSG for Children and Armed Conflict<\/em>. From Reliefweb<\/a><\/p>\n\n\n\n<p class=\"has-small-font-size\"><a href=\"https:\/\/www.un.org\/ga\/search\/view_doc.asp?symbol=S\/RES\/1612%20%282005%29&amp;Lang=E&amp;Area=UNDOC\" target=\"_blank\" rel=\"noreferrer noopener\">UNSC. (2005, Jul 26). <em>Res 1612 (2005).<\/em> Geneva: United Nations.<\/a> <\/p>\n\n\n\n<p class=\"has-small-font-size\"><a href=\"https:\/\/undocs.org\/S\/RES\/1820(2008)\" target=\"_blank\" rel=\"noreferrer noopener\">UNSC. (2008, Jun 19). <em>Res 1820 (2008).<\/em> Geneva: United Nations.<\/a> <\/p>\n\n\n\n<p class=\"has-small-font-size\"><a href=\"https:\/\/undocs.org\/A\/RES\/69\/293\" target=\"_blank\" rel=\"noreferrer noopener\">UNGA. (2015, Jul 13). <em>Res 69\/293 International Day for the Elimination of Sexual Violence in Conflict.<\/em> Geneva: United Nations.<\/a> <\/p>\n\n\n\n<p class=\"has-small-font-size\"><a href=\"https:\/\/www.un.org\/ga\/search\/view_doc.asp?symbol=S\/2021\/437&amp;Lang=E&amp;Area=UNDOC\" target=\"_blank\" rel=\"noreferrer noopener\">UNSC. (2021, May 6). <em>Children and armed conflict Report of the Secretary-General.<\/em> Geneva: United Nations.<\/a> <\/p>\n\n\n\n<p class=\"has-small-font-size\"><a href=\"https:\/\/news.un.org\/en\/story\/2021\/06\/1094232\" target=\"_blank\" rel=\"noreferrer noopener\">UN News. (2021, Jun 17). <em>Guterres: Bring crimes of sexual violence in conflict out of \u2018the shadows\u2019, punish perpetrators<\/em>. From UN News<\/a><\/p>\n\n\n\n<p class=\"has-small-font-size\"><a href=\"https:\/\/news.un.org\/en\/story\/2021\/06\/1094392\" target=\"_blank\" rel=\"noreferrer noopener\">UN News. (2021, Jun 21). <em>Grave violations against children in conflict \u2018alarmingly high\u2019, latest UN report reveals<\/em>. From UN News<\/a><\/p>\n","protected":false},"excerpt":{"rendered":"<p>Con\u00a0ocasi\u00f3n de la 7\u00aa celebraci\u00f3n oficial del D\u00eda Internacional para la Eliminaci\u00f3n de la Violencia Sexual en Conflictos, la Representante Especial del Secretario General para los Ni\u00f1os y Conflictos Armados, Virginia Gamba, abord\u00f3 el asunto de la violencia sexual contra ni\u00f1os y ni\u00f1as relacionada con conflictos armados en el contexto de la pandemia de COVID-19, [&hellip;]<\/p>\n","protected":false},"author":47,"featured_media":16029,"comment_status":"closed","ping_status":"closed","sticky":false,"template":"","format":"standard","meta":{"footnotes":""},"categories":[148,159,145],"tags":[],"class_list":["post-16024","post","type-post","status-publish","format-standard","has-post-thumbnail","hentry","category-derechos-del-nino","category-explotacion","category-violencia"],"yoast_head":"<!-- This site is optimized with the Yoast SEO plugin v26.5 - https:\/\/yoast.com\/wordpress\/plugins\/seo\/ -->\n<title>COVID-19 y violencia sexual contra los ni\u00f1os relacionada con conflictos armados - Humanium<\/title>\n<meta name=\"description\" content=\"Tras la emergencia por el Coronavirus, se produjo un aumento de los casos de violencia sexual contra los ni\u00f1os en los conflictos armados.\" \/>\n<meta name=\"robots\" content=\"index, follow, max-snippet:-1, max-image-preview:large, max-video-preview:-1\" \/>\n<link rel=\"canonical\" href=\"https:\/\/www.humanium.org\/es\/covid-19-y-violencia-sexual-contra-los-ninos-relacionada-con-conflictos-armados\/\" \/>\n<meta property=\"og:locale\" content=\"es_ES\" \/>\n<meta property=\"og:type\" content=\"article\" \/>\n<meta property=\"og:title\" content=\"COVID-19 y violencia sexual contra los ni\u00f1os relacionada con conflictos armados - Humanium\" \/>\n<meta property=\"og:description\" content=\"Tras la emergencia por el Coronavirus, se produjo un aumento de los casos de violencia sexual contra los ni\u00f1os en los conflictos armados.\" \/>\n<meta property=\"og:url\" content=\"https:\/\/www.humanium.org\/es\/covid-19-y-violencia-sexual-contra-los-ninos-relacionada-con-conflictos-armados\/\" \/>\n<meta property=\"og:site_name\" content=\"Humanium\" \/>\n<meta property=\"article:published_time\" content=\"2021-08-10T07:37:27+00:00\" \/>\n<meta property=\"article:modified_time\" content=\"2025-12-13T21:37:25+00:00\" \/>\n<meta property=\"og:image\" content=\"https:\/\/www.humanium.org\/es\/wp-content\/uploads\/2021\/08\/shutterstock_324407744-scaled.jpg\" \/>\n\t<meta property=\"og:image:width\" content=\"2560\" \/>\n\t<meta property=\"og:image:height\" content=\"1707\" \/>\n\t<meta property=\"og:image:type\" content=\"image\/jpeg\" \/>\n<meta name=\"author\" content=\"Chiara Baruta\" \/>\n<meta name=\"twitter:card\" content=\"summary_large_image\" \/>\n<meta name=\"twitter:label1\" content=\"Escrito por\" \/>\n\t<meta name=\"twitter:data1\" content=\"Chiara Baruta\" \/>\n\t<meta name=\"twitter:label2\" content=\"Tiempo de lectura\" \/>\n\t<meta name=\"twitter:data2\" content=\"9 minutos\" \/>\n<script type=\"application\/ld+json\" class=\"yoast-schema-graph\">{\"@context\":\"https:\/\/schema.org\",\"@graph\":[{\"@type\":\"WebPage\",\"@id\":\"https:\/\/www.humanium.org\/es\/covid-19-y-violencia-sexual-contra-los-ninos-relacionada-con-conflictos-armados\/\",\"url\":\"https:\/\/www.humanium.org\/es\/covid-19-y-violencia-sexual-contra-los-ninos-relacionada-con-conflictos-armados\/\",\"name\":\"COVID-19 y violencia sexual contra los ni\u00f1os relacionada con conflictos armados - Humanium\",\"isPartOf\":{\"@id\":\"https:\/\/www.humanium.org\/es\/#website\"},\"primaryImageOfPage\":{\"@id\":\"https:\/\/www.humanium.org\/es\/covid-19-y-violencia-sexual-contra-los-ninos-relacionada-con-conflictos-armados\/#primaryimage\"},\"image\":{\"@id\":\"https:\/\/www.humanium.org\/es\/covid-19-y-violencia-sexual-contra-los-ninos-relacionada-con-conflictos-armados\/#primaryimage\"},\"thumbnailUrl\":\"https:\/\/www.humanium.org\/es\/wp-content\/uploads\/2021\/08\/shutterstock_324407744-scaled.jpg\",\"datePublished\":\"2021-08-10T07:37:27+00:00\",\"dateModified\":\"2025-12-13T21:37:25+00:00\",\"author\":{\"@id\":\"https:\/\/www.humanium.org\/es\/#\/schema\/person\/e2a1a6c5ab950463d45678e0ddb06893\"},\"description\":\"Tras la emergencia por el Coronavirus, se produjo un aumento de los casos de violencia sexual contra los ni\u00f1os en los conflictos armados.\",\"breadcrumb\":{\"@id\":\"https:\/\/www.humanium.org\/es\/covid-19-y-violencia-sexual-contra-los-ninos-relacionada-con-conflictos-armados\/#breadcrumb\"},\"inLanguage\":\"es\",\"potentialAction\":[{\"@type\":\"ReadAction\",\"target\":[\"https:\/\/www.humanium.org\/es\/covid-19-y-violencia-sexual-contra-los-ninos-relacionada-con-conflictos-armados\/\"]}]},{\"@type\":\"ImageObject\",\"inLanguage\":\"es\",\"@id\":\"https:\/\/www.humanium.org\/es\/covid-19-y-violencia-sexual-contra-los-ninos-relacionada-con-conflictos-armados\/#primaryimage\",\"url\":\"https:\/\/www.humanium.org\/es\/wp-content\/uploads\/2021\/08\/shutterstock_324407744-scaled.jpg\",\"contentUrl\":\"https:\/\/www.humanium.org\/es\/wp-content\/uploads\/2021\/08\/shutterstock_324407744-scaled.jpg\",\"width\":2560,\"height\":1707},{\"@type\":\"BreadcrumbList\",\"@id\":\"https:\/\/www.humanium.org\/es\/covid-19-y-violencia-sexual-contra-los-ninos-relacionada-con-conflictos-armados\/#breadcrumb\",\"itemListElement\":[{\"@type\":\"ListItem\",\"position\":1,\"name\":\"Home\",\"item\":\"https:\/\/www.humanium.org\/es\/\"},{\"@type\":\"ListItem\",\"position\":2,\"name\":\"COVID-19 y violencia sexual contra los ni\u00f1os relacionada con conflictos armados\"}]},{\"@type\":\"WebSite\",\"@id\":\"https:\/\/www.humanium.org\/es\/#website\",\"url\":\"https:\/\/www.humanium.org\/es\/\",\"name\":\"Humanium\",\"description\":\"\u00a1Los ni\u00f1os primero!\",\"potentialAction\":[{\"@type\":\"SearchAction\",\"target\":{\"@type\":\"EntryPoint\",\"urlTemplate\":\"https:\/\/www.humanium.org\/es\/?s={search_term_string}\"},\"query-input\":{\"@type\":\"PropertyValueSpecification\",\"valueRequired\":true,\"valueName\":\"search_term_string\"}}],\"inLanguage\":\"es\"},{\"@type\":\"Person\",\"@id\":\"https:\/\/www.humanium.org\/es\/#\/schema\/person\/e2a1a6c5ab950463d45678e0ddb06893\",\"name\":\"Chiara Baruta\",\"image\":{\"@type\":\"ImageObject\",\"inLanguage\":\"es\",\"@id\":\"https:\/\/www.humanium.org\/es\/#\/schema\/person\/image\/\",\"url\":\"https:\/\/secure.gravatar.com\/avatar\/1bdcc27c0a8a0f74da4446af1a6bd41c16e3b22177c1934ad407b967c9e39d96?s=96&d=mm&r=g\",\"contentUrl\":\"https:\/\/secure.gravatar.com\/avatar\/1bdcc27c0a8a0f74da4446af1a6bd41c16e3b22177c1934ad407b967c9e39d96?s=96&d=mm&r=g\",\"caption\":\"Chiara Baruta\"},\"sameAs\":[\"https:\/\/www.linkedin.com\/in\/chiarabaruta\/\"],\"url\":\"https:\/\/www.humanium.org\/es\/author\/autor_chiarabaruta\/\"}]}<\/script>\n<!-- \/ Yoast SEO plugin. -->","yoast_head_json":{"title":"COVID-19 y violencia sexual contra los ni\u00f1os relacionada con conflictos armados - Humanium","description":"Tras la emergencia por el Coronavirus, se produjo un aumento de los casos de violencia sexual contra los ni\u00f1os en los conflictos armados.","robots":{"index":"index","follow":"follow","max-snippet":"max-snippet:-1","max-image-preview":"max-image-preview:large","max-video-preview":"max-video-preview:-1"},"canonical":"https:\/\/www.humanium.org\/es\/covid-19-y-violencia-sexual-contra-los-ninos-relacionada-con-conflictos-armados\/","og_locale":"es_ES","og_type":"article","og_title":"COVID-19 y violencia sexual contra los ni\u00f1os relacionada con conflictos armados - Humanium","og_description":"Tras la emergencia por el Coronavirus, se produjo un aumento de los casos de violencia sexual contra los ni\u00f1os en los conflictos armados.","og_url":"https:\/\/www.humanium.org\/es\/covid-19-y-violencia-sexual-contra-los-ninos-relacionada-con-conflictos-armados\/","og_site_name":"Humanium","article_published_time":"2021-08-10T07:37:27+00:00","article_modified_time":"2025-12-13T21:37:25+00:00","og_image":[{"width":2560,"height":1707,"url":"https:\/\/www.humanium.org\/es\/wp-content\/uploads\/2021\/08\/shutterstock_324407744-scaled.jpg","type":"image\/jpeg"}],"author":"Chiara Baruta","twitter_card":"summary_large_image","twitter_misc":{"Escrito por":"Chiara Baruta","Tiempo de lectura":"9 minutos"},"schema":{"@context":"https:\/\/schema.org","@graph":[{"@type":"WebPage","@id":"https:\/\/www.humanium.org\/es\/covid-19-y-violencia-sexual-contra-los-ninos-relacionada-con-conflictos-armados\/","url":"https:\/\/www.humanium.org\/es\/covid-19-y-violencia-sexual-contra-los-ninos-relacionada-con-conflictos-armados\/","name":"COVID-19 y violencia sexual contra los ni\u00f1os relacionada con conflictos armados - Humanium","isPartOf":{"@id":"https:\/\/www.humanium.org\/es\/#website"},"primaryImageOfPage":{"@id":"https:\/\/www.humanium.org\/es\/covid-19-y-violencia-sexual-contra-los-ninos-relacionada-con-conflictos-armados\/#primaryimage"},"image":{"@id":"https:\/\/www.humanium.org\/es\/covid-19-y-violencia-sexual-contra-los-ninos-relacionada-con-conflictos-armados\/#primaryimage"},"thumbnailUrl":"https:\/\/www.humanium.org\/es\/wp-content\/uploads\/2021\/08\/shutterstock_324407744-scaled.jpg","datePublished":"2021-08-10T07:37:27+00:00","dateModified":"2025-12-13T21:37:25+00:00","author":{"@id":"https:\/\/www.humanium.org\/es\/#\/schema\/person\/e2a1a6c5ab950463d45678e0ddb06893"},"description":"Tras la emergencia por el Coronavirus, se produjo un aumento de los casos de violencia sexual contra los ni\u00f1os en los conflictos armados.","breadcrumb":{"@id":"https:\/\/www.humanium.org\/es\/covid-19-y-violencia-sexual-contra-los-ninos-relacionada-con-conflictos-armados\/#breadcrumb"},"inLanguage":"es","potentialAction":[{"@type":"ReadAction","target":["https:\/\/www.humanium.org\/es\/covid-19-y-violencia-sexual-contra-los-ninos-relacionada-con-conflictos-armados\/"]}]},{"@type":"ImageObject","inLanguage":"es","@id":"https:\/\/www.humanium.org\/es\/covid-19-y-violencia-sexual-contra-los-ninos-relacionada-con-conflictos-armados\/#primaryimage","url":"https:\/\/www.humanium.org\/es\/wp-content\/uploads\/2021\/08\/shutterstock_324407744-scaled.jpg","contentUrl":"https:\/\/www.humanium.org\/es\/wp-content\/uploads\/2021\/08\/shutterstock_324407744-scaled.jpg","width":2560,"height":1707},{"@type":"BreadcrumbList","@id":"https:\/\/www.humanium.org\/es\/covid-19-y-violencia-sexual-contra-los-ninos-relacionada-con-conflictos-armados\/#breadcrumb","itemListElement":[{"@type":"ListItem","position":1,"name":"Home","item":"https:\/\/www.humanium.org\/es\/"},{"@type":"ListItem","position":2,"name":"COVID-19 y violencia sexual contra los ni\u00f1os relacionada con conflictos armados"}]},{"@type":"WebSite","@id":"https:\/\/www.humanium.org\/es\/#website","url":"https:\/\/www.humanium.org\/es\/","name":"Humanium","description":"\u00a1Los ni\u00f1os primero!","potentialAction":[{"@type":"SearchAction","target":{"@type":"EntryPoint","urlTemplate":"https:\/\/www.humanium.org\/es\/?s={search_term_string}"},"query-input":{"@type":"PropertyValueSpecification","valueRequired":true,"valueName":"search_term_string"}}],"inLanguage":"es"},{"@type":"Person","@id":"https:\/\/www.humanium.org\/es\/#\/schema\/person\/e2a1a6c5ab950463d45678e0ddb06893","name":"Chiara Baruta","image":{"@type":"ImageObject","inLanguage":"es","@id":"https:\/\/www.humanium.org\/es\/#\/schema\/person\/image\/","url":"https:\/\/secure.gravatar.com\/avatar\/1bdcc27c0a8a0f74da4446af1a6bd41c16e3b22177c1934ad407b967c9e39d96?s=96&d=mm&r=g","contentUrl":"https:\/\/secure.gravatar.com\/avatar\/1bdcc27c0a8a0f74da4446af1a6bd41c16e3b22177c1934ad407b967c9e39d96?s=96&d=mm&r=g","caption":"Chiara Baruta"},"sameAs":["https:\/\/www.linkedin.com\/in\/chiarabaruta\/"],"url":"https:\/\/www.humanium.org\/es\/author\/autor_chiarabaruta\/"}]}},"_links":{"self":[{"href":"https:\/\/www.humanium.org\/es\/wp-json\/wp\/v2\/posts\/16024","targetHints":{"allow":["GET"]}}],"collection":[{"href":"https:\/\/www.humanium.org\/es\/wp-json\/wp\/v2\/posts"}],"about":[{"href":"https:\/\/www.humanium.org\/es\/wp-json\/wp\/v2\/types\/post"}],"author":[{"embeddable":true,"href":"https:\/\/www.humanium.org\/es\/wp-json\/wp\/v2\/users\/47"}],"replies":[{"embeddable":true,"href":"https:\/\/www.humanium.org\/es\/wp-json\/wp\/v2\/comments?post=16024"}],"version-history":[{"count":6,"href":"https:\/\/www.humanium.org\/es\/wp-json\/wp\/v2\/posts\/16024\/revisions"}],"predecessor-version":[{"id":21643,"href":"https:\/\/www.humanium.org\/es\/wp-json\/wp\/v2\/posts\/16024\/revisions\/21643"}],"wp:featuredmedia":[{"embeddable":true,"href":"https:\/\/www.humanium.org\/es\/wp-json\/wp\/v2\/media\/16029"}],"wp:attachment":[{"href":"https:\/\/www.humanium.org\/es\/wp-json\/wp\/v2\/media?parent=16024"}],"wp:term":[{"taxonomy":"category","embeddable":true,"href":"https:\/\/www.humanium.org\/es\/wp-json\/wp\/v2\/categories?post=16024"},{"taxonomy":"post_tag","embeddable":true,"href":"https:\/\/www.humanium.org\/es\/wp-json\/wp\/v2\/tags?post=16024"}],"curies":[{"name":"wp","href":"https:\/\/api.w.org\/{rel}","templated":true}]}}