{"id":16129,"date":"2021-09-07T11:49:39","date_gmt":"2021-09-07T11:49:39","guid":{"rendered":"https:\/\/www.humanium.org\/es\/?p=16129"},"modified":"2021-09-07T11:49:40","modified_gmt":"2021-09-07T11:49:40","slug":"la-importancia-del-acceso-equitativo-de-los-ninos-a-la-justicia","status":"publish","type":"post","link":"https:\/\/www.humanium.org\/es\/la-importancia-del-acceso-equitativo-de-los-ninos-a-la-justicia\/","title":{"rendered":"La importancia del acceso equitativo de los ni\u00f1os a la justicia"},"content":{"rendered":"\n<p><strong>El 13 de julio de 2021, se llev\u00f3 a cabo un evento paralelo en el Foro Pol\u00edtico de Alto Nivel (HLPF) en Nueva York, en donde se trat\u00f3 el tema del acceso a la justicia con expertos y ni\u00f1os. Durante este evento, organizado en particular por Child Rights Connect, se discutieron algunos de los principales desaf\u00edos en el <\/strong><a href=\"https:\/\/www.humanium.org\/es\/acceso-de-los-ninos-a-la-justicia\/\"><strong>acceso a la justicia<\/strong><\/a><strong> de los menores.<\/strong><\/p>\n\n\n\n<p><strong>Mikko Otani, presidente del <\/strong><a href=\"https:\/\/www.humanium.org\/es\/que-como\/\"><strong>Comit\u00e9 Internacional de los Derechos del Ni\u00f1o<\/strong><\/a><strong>, presenta el debate facilitado por Genevi\u00e8ve Boutin. Siguen despu\u00e9s los activistas Yujin Kim y Dohyeon Kim quienes discuten de su contribuci\u00f3n a la justicia ambiental en Corea del Sur. Y finalmente, tres ponentes de diferentes pa\u00edses y organizaciones presentan sus actividades en apoyo al <\/strong><a href=\"https:\/\/www.humanium.org\/es\/acceso-de-los-ninos-a-la-justicia\/\"><strong>acceso a la justicia<\/strong><\/a><strong> para los ni\u00f1os.<\/strong><\/p>\n\n\n\n<h2 class=\"wp-block-heading\"><strong>El ni\u00f1o como titular de derechos<\/strong><\/h2>\n\n\n\n<p>A lo largo de este evento, se enfatiz\u00f3 en la importancia del derecho fundamental de <a href=\"https:\/\/www.humanium.org\/es\/acceso-de-los-ninos-a-la-justicia\/\">acceso a la justicia<\/a>, ya que es un verdadero pilar de los derechos de los ni\u00f1os con derecho a un <a href=\"https:\/\/www.humanium.org\/es\/derechos-humanos-1948\/\">recurso efectivo<\/a>. Estos derechos, que son cruciales para los adultos, lo son igualmente para los ni\u00f1os. <\/p>\n\n\n\n<p>De hecho, mientras que los adultos ya enfrentan grandes desaf\u00edos relacionados con el <a href=\"https:\/\/www.humanium.org\/es\/acceso-de-los-ninos-a-la-justicia\/\">acceso a la justicia<\/a>, los ni\u00f1os enfrentan un doble problema. Comparten las dificultades ya encontradas por los adultos, adem\u00e1s de las que implican ser un ni\u00f1o en la sociedad, es decir, una gran dependencia econ\u00f3mica que dificulta el <a href=\"https:\/\/www.humanium.org\/es\/acceso-de-los-ninos-a-la-justicia\/\">acceso a la justicia<\/a>, el hecho de ser tratados como personas sin conocimientos, carentes de capacidad y, finalmente, expuestos a afrontar una gran falta de autonom\u00eda.&nbsp;<\/p>\n\n\n\n<p>Por tanto, el <a href=\"https:\/\/www.humanium.org\/es\/acceso-de-los-ninos-a-la-justicia\/\">acceso a la justicia<\/a> es fundamental para todos los ni\u00f1os, y el derecho a un <a href=\"https:\/\/www.humanium.org\/es\/derechos-humanos-1948\/\">recurso efectivo<\/a> otorga a los ni\u00f1os la verdadera calidad de sujetos de derecho, como titulares de derechos, m\u00e1s all\u00e1 de los derechos parentales.&nbsp;<\/p>\n\n\n\n<h2 class=\"wp-block-heading\"><strong>Acceso a la justicia m\u00e1s all\u00e1 de los procedimientos<\/strong><\/h2>\n\n\n\n<p>En 2020, dos j\u00f3venes activistas <a href=\"https:\/\/www.humanium.org\/es\/corea-del-sur\/\">surcoreanos<\/a> llamados Yuijin Kim y Dohyeon Kim presentaron una apelaci\u00f3n ante el Tribunal Constitucional de su pa\u00eds desafiando la inacci\u00f3n de su gobierno en el <a href=\"https:\/\/www.humanium.org\/es\/enfoques-tematicos\/ambiente\/emergencia-climatica\/\">tema clim\u00e1tico<\/a>. Para muchos j\u00f3venes de todo el mundo, ser parte de la pol\u00edtica es casi imposible o inimaginable. <\/p>\n\n\n\n<p>Gracias a casos como este, se abren nuevas puertas para la <a href=\"https:\/\/www.humanium.org\/es\/principio-de-inclusion-y-participacion\/\">participaci\u00f3n<\/a> de los ni\u00f1os en la vida judicial y pol\u00edtica. En el caso de una apelaci\u00f3n <a href=\"https:\/\/www.humanium.org\/es\/enfoques-tematicos\/ambiente\/emergencia-climatica\/\">clim\u00e1tica<\/a> constitucional, los adolescentes pueden participar y ver la oportunidad como una experiencia \u00fanica de empoderamiento. Dohyeon Kim describe que su relaci\u00f3n con la ley era bastante vaga antes de la apelaci\u00f3n y este conocimiento muy abstracto.<\/p>\n\n\n\n<blockquote class=\"wp-block-quote is-layout-flow wp-block-quote-is-layout-flow\"><p>\u201cLos ni\u00f1os necesitan herramientas para protegerse.\u201d <\/p><cite>&#8211; Dohyeon Kim, un joven activista ambiental en <a href=\"https:\/\/www.humanium.org\/es\/corea-del-sur\/\">Corea del Sur<\/a>.<\/cite><\/blockquote>\n\n\n\n<p>Para algunos de estos j\u00f3venes, tan importante como <a href=\"https:\/\/www.humanium.org\/es\/acceso-de-los-ninos-a-la-justicia\/\">el acceso a la justicia<\/a> a nivel procesal, a\u00fan existe el acceso a la justicia moral. El acceso a la ley por parte de los j\u00f3venes sigue siendo excepcional en muchos pa\u00edses, no solo por la dificultad del lenguaje que utiliza la justicia, sino tambi\u00e9n porque socialmente hay presi\u00f3n para que los ni\u00f1os no se ocupen de estos aspectos. <\/p>\n\n\n\n<figure class=\"wp-block-image size-large\"><img loading=\"lazy\" decoding=\"async\" width=\"1024\" height=\"597\" src=\"https:\/\/www.humanium.org\/es\/wp-content\/uploads\/2021\/09\/shutterstock_1202759764-1024x597.jpg\" alt=\"\" class=\"wp-image-16131\" srcset=\"https:\/\/www.humanium.org\/es\/wp-content\/uploads\/2021\/09\/shutterstock_1202759764-1024x597.jpg 1024w, https:\/\/www.humanium.org\/es\/wp-content\/uploads\/2021\/09\/shutterstock_1202759764-300x175.jpg 300w, https:\/\/www.humanium.org\/es\/wp-content\/uploads\/2021\/09\/shutterstock_1202759764-768x448.jpg 768w, https:\/\/www.humanium.org\/es\/wp-content\/uploads\/2021\/09\/shutterstock_1202759764-1536x896.jpg 1536w, https:\/\/www.humanium.org\/es\/wp-content\/uploads\/2021\/09\/shutterstock_1202759764-2048x1194.jpg 2048w, https:\/\/www.humanium.org\/es\/wp-content\/uploads\/2021\/09\/shutterstock_1202759764-830x484.jpg 830w, https:\/\/www.humanium.org\/es\/wp-content\/uploads\/2021\/09\/shutterstock_1202759764-230x134.jpg 230w, https:\/\/www.humanium.org\/es\/wp-content\/uploads\/2021\/09\/shutterstock_1202759764-350x204.jpg 350w, https:\/\/www.humanium.org\/es\/wp-content\/uploads\/2021\/09\/shutterstock_1202759764-480x280.jpg 480w\" sizes=\"auto, (max-width: 1024px) 100vw, 1024px\" \/><\/figure>\n\n\n\n<p>La vida en sociedad. As\u00ed, muchos j\u00f3venes activistas como Yuijin Kim y Dohyeon Kim exigen que la ley sea una herramienta de reclamo, como persona titular de estos derechos, y ya no simplemente como un sujeto de derechos a proteger, porque los ni\u00f1os tambi\u00e9n tienen la capacidad de protegerse a si mismos.<\/p>\n\n\n\n<h2 class=\"wp-block-heading\"><strong>La sociedad civil en apoyo de los derechos del ni\u00f1o&nbsp;<\/strong><\/h2>\n\n\n\n<p>En todo el mundo, personas, asociaciones y otros actores luchan por un mejor acceso a la justicia para los ni\u00f1os. Durante el evento HLPF, tres personalidades discutieron su compromiso.<\/p>\n\n\n\n<p>En <a href=\"https:\/\/www.humanium.org\/es\/ecuador\/\">Ecuador<\/a>, Amparo Pe\u00f1aherrera y la <em>Federaci\u00f3n de Mujeres de Sucumbios<\/em> luchan contra la contenci\u00f3n de la <a href=\"https:\/\/www.humanium.org\/es\/erradicando-la-violencia-sexual\/\">violencia sexual<\/a> contra menores y j\u00f3venes, especialmente los adolescentes j\u00f3venes. La federaci\u00f3n lucha contra la <a href=\"https:\/\/www.humanium.org\/es\/enfoques-tematicos\/violencia\/\">violencia<\/a> transgeneracional, en particular con respecto a la <a href=\"https:\/\/www.humanium.org\/es\/erradicando-la-violencia-sexual\/\">violencia sexual<\/a>. <\/p>\n\n\n\n<p>Tambi\u00e9n brinda apoyo psicol\u00f3gico, albergues y un apoyo legal que puede recorrer todo el proceso judicial. A menudo, estos ni\u00f1os indefensos, as\u00ed como aislados de sus familias, encuentran muy dif\u00edcil acceder a un <a href=\"https:\/\/www.humanium.org\/es\/derechos-humanos-1948\/\">recurso eficaz<\/a>.<\/p>\n\n\n\n<p>En <a href=\"https:\/\/www.humanium.org\/es\/bulgaria\/\">Bulgaria<\/a>, la abogada Aneta Genova destaca muchos desaf\u00edos. Si bien el <a href=\"https:\/\/www.humanium.org\/es\/acceso-de-los-ninos-a-la-justicia\/\">acceso a la justicia<\/a> es dif\u00edcil para los menores, se agregan factores agravantes. Los ni\u00f1os con <a href=\"https:\/\/www.humanium.org\/es\/enfoques-tematicos\/discriminacion\/ninos-discapacitados\/\">discapacidad<\/a> est\u00e1n sujetos a una gran exclusi\u00f3n. Considerado que no debe asistir a los juicios en su inter\u00e9s superior, estos ni\u00f1os a veces no son escuchados directamente por los tribunales. Se trata de graves violaciones al derecho de <a href=\"https:\/\/www.humanium.org\/es\/acceso-de-los-ninos-a-la-justicia\/\">acceso a la justicia<\/a>; pues corresponde a los procedimientos legales adaptarse a las personas para crear condiciones m\u00e1s favorables y justas.<\/p>\n\n\n\n<p>En <a href=\"https:\/\/www.humanium.org\/es\/grecia\/\">Grecia<\/a>, Theoni Koufonikolakou \u2013 como Defensora del Pueblo \u2013 es responsable de la protecci\u00f3n de los ni\u00f1os. Hace un recordatorio de que el derecho a la <a href=\"https:\/\/www.humanium.org\/es\/principio-de-inclusion-y-participacion\/\">participaci\u00f3n<\/a> casi nunca se realiza y que el derecho a la representaci\u00f3n social est\u00e1 consagrado en la <a href=\"https:\/\/www.humanium.org\/es\/convencion-texto\/\">Convenci\u00f3n Internacional sobre los Derechos del Ni\u00f1o<\/a> (CDN). As\u00ed que todav\u00eda tiene mucho trabajo por hacer en todos los estados. En su trabajo, es responsable de recibir las quejas de los ni\u00f1os, pero tambi\u00e9n de asegurarse de que se desarrollen sin problemas.&nbsp;<\/p>\n\n\n\n<p>En los \u00faltimos a\u00f1os ha observado que dentro de las instituciones (privadas y p\u00fablicas) relacionadas con la <a href=\"https:\/\/www.humanium.org\/es\/derecho-proteccion\/\">protecci\u00f3n de los ni\u00f1os<\/a>, existe una falta de formaci\u00f3n adecuada de los profesionales. Por ejemplo, existen problemas estructurales relacionados con la identificaci\u00f3n de la <a href=\"https:\/\/www.humanium.org\/es\/enfoques-tematicos\/violencia\/\">violencia<\/a> contra los ni\u00f1os. En los <a href=\"https:\/\/www.humanium.org\/es\/los-ninos-en-los-campos-de-refugiados-griegos\/\">campos de refugiados<\/a>, su trabajo requiere m\u00e1s esfuerzo, es necesario crear una relaci\u00f3n de confianza con los ni\u00f1os y la barrera del idioma tambi\u00e9n puede resultar un desaf\u00edo.<\/p>\n\n\n\n<p>Los participantes coinciden en que a\u00fan quedan muchos retos por superar y que las soluciones radican principalmente en el deseo de incluir m\u00e1s a los ni\u00f1os. Pero tambi\u00e9n hay avances muy positivos tanto a nivel nacional como internacional, especialmente con respecto a la ratificaci\u00f3n del Protocolo Facultativo de la Convenci\u00f3n sobre los Derechos del Ni\u00f1o en cu\u00e1nto al Procedimiento de Comunicaciones (OPCP) en sus siglas en ingl\u00e9s. Otorga a los ni\u00f1os el derecho de apelar a nivel internacional cuando los tribunales nacionales no reconocen adecuadamente una violaci\u00f3n de sus derechos.<\/p>\n\n\n\n<figure class=\"wp-block-image size-large\"><img loading=\"lazy\" decoding=\"async\" width=\"1024\" height=\"683\" src=\"https:\/\/www.humanium.org\/es\/wp-content\/uploads\/2021\/09\/shutterstock_1751900189-1024x683.jpg\" alt=\"\" class=\"wp-image-16130\" srcset=\"https:\/\/www.humanium.org\/es\/wp-content\/uploads\/2021\/09\/shutterstock_1751900189-1024x683.jpg 1024w, https:\/\/www.humanium.org\/es\/wp-content\/uploads\/2021\/09\/shutterstock_1751900189-300x200.jpg 300w, https:\/\/www.humanium.org\/es\/wp-content\/uploads\/2021\/09\/shutterstock_1751900189-768x513.jpg 768w, https:\/\/www.humanium.org\/es\/wp-content\/uploads\/2021\/09\/shutterstock_1751900189-1536x1025.jpg 1536w, https:\/\/www.humanium.org\/es\/wp-content\/uploads\/2021\/09\/shutterstock_1751900189-2048x1367.jpg 2048w, https:\/\/www.humanium.org\/es\/wp-content\/uploads\/2021\/09\/shutterstock_1751900189-830x554.jpg 830w, https:\/\/www.humanium.org\/es\/wp-content\/uploads\/2021\/09\/shutterstock_1751900189-230x153.jpg 230w, https:\/\/www.humanium.org\/es\/wp-content\/uploads\/2021\/09\/shutterstock_1751900189-350x234.jpg 350w, https:\/\/www.humanium.org\/es\/wp-content\/uploads\/2021\/09\/shutterstock_1751900189-480x320.jpg 480w, https:\/\/www.humanium.org\/es\/wp-content\/uploads\/2021\/09\/shutterstock_1751900189-272x182.jpg 272w\" sizes=\"auto, (max-width: 1024px) 100vw, 1024px\" \/><\/figure>\n\n\n\n<p><strong>Humanium fomenta y apoya todas las iniciativas destinadas a mejorar la vida diaria de los ni\u00f1os de todo el mundo. El<\/strong><strong> <\/strong><a href=\"https:\/\/www.humanium.org\/es\/acceso-de-los-ninos-a-la-justicia\/\"><strong>acceso a la justicia<\/strong><\/a><strong> <\/strong><strong>y un<\/strong><strong> <\/strong><a href=\"https:\/\/www.humanium.org\/es\/derechos-humanos-1948\/\"><strong>recurso efectivo<\/strong><\/a><strong> <\/strong><strong>son derechos fundamentales esenciales para el estado de derecho. Como parte de estas actividades de promoci\u00f3n, Humanium participa en grupos de trabajo sobre la implementaci\u00f3n de los<\/strong><strong> <\/strong><a href=\"https:\/\/www.humanium.org\/es\/humanium-facilita-una-consulta-con-ninos-con-vistas-a-una-resolucion-de-la-onu-sobre-ods\/\"><strong>Objetivos de Desarrollo Sostenible<\/strong><\/a><strong> <\/strong><strong>(ODS), en particular con respecto al ODS 16 relativo a \u00abpaz, justicia e instituciones s\u00f3lidas\u00bb.<\/strong><\/p>\n\n\n\n<p><strong><em>Escrito por Adrian Lakrichi&nbsp;<\/em><\/strong><\/p>\n\n\n\n<p><strong><em>Traducido por Khalid Aada<\/em><\/strong><\/p>\n","protected":false},"excerpt":{"rendered":"<p>El 13 de julio de 2021, se llev\u00f3 a cabo un evento paralelo en el Foro Pol\u00edtico de Alto Nivel (HLPF) en Nueva York, en donde se trat\u00f3 el tema del acceso a la justicia con expertos y ni\u00f1os. Durante este evento, organizado en particular por Child Rights Connect, se discutieron algunos de los principales [&hellip;]<\/p>\n","protected":false},"author":38,"featured_media":16132,"comment_status":"closed","ping_status":"closed","sticky":false,"template":"","format":"standard","meta":{"footnotes":""},"categories":[148,3,159],"tags":[],"class_list":["post-16129","post","type-post","status-publish","format-standard","has-post-thumbnail","hentry","category-derechos-del-nino","category-derechos-humanos","category-explotacion"],"yoast_head":"<!-- This site is optimized with the Yoast SEO plugin v26.5 - https:\/\/yoast.com\/wordpress\/plugins\/seo\/ -->\n<title>La importancia del acceso equitativo de los ni\u00f1os a la justicia - Humanium<\/title>\n<meta name=\"description\" content=\"El 13 de julio de 2021, se llev\u00f3 a cabo un evento en el Foro Pol\u00edtico de Alto Nivel en Nueva York discutiendo el acceso a la justicia con expertos y ni\u00f1os.\" \/>\n<meta name=\"robots\" content=\"index, follow, max-snippet:-1, max-image-preview:large, max-video-preview:-1\" \/>\n<link rel=\"canonical\" href=\"https:\/\/www.humanium.org\/es\/la-importancia-del-acceso-equitativo-de-los-ninos-a-la-justicia\/\" \/>\n<meta property=\"og:locale\" content=\"es_ES\" \/>\n<meta property=\"og:type\" content=\"article\" \/>\n<meta property=\"og:title\" content=\"La importancia del acceso equitativo de los ni\u00f1os a la justicia - Humanium\" \/>\n<meta property=\"og:description\" content=\"El 13 de julio de 2021, se llev\u00f3 a cabo un evento en el Foro Pol\u00edtico de Alto Nivel en Nueva York discutiendo el acceso a la justicia con expertos y ni\u00f1os.\" \/>\n<meta property=\"og:url\" content=\"https:\/\/www.humanium.org\/es\/la-importancia-del-acceso-equitativo-de-los-ninos-a-la-justicia\/\" \/>\n<meta property=\"og:site_name\" content=\"Humanium\" \/>\n<meta property=\"article:published_time\" content=\"2021-09-07T11:49:39+00:00\" \/>\n<meta property=\"article:modified_time\" content=\"2021-09-07T11:49:40+00:00\" \/>\n<meta property=\"og:image\" content=\"https:\/\/www.humanium.org\/es\/wp-content\/uploads\/2021\/09\/shutterstock_210027721-scaled.jpg\" \/>\n\t<meta property=\"og:image:width\" content=\"2560\" \/>\n\t<meta property=\"og:image:height\" content=\"1709\" \/>\n\t<meta property=\"og:image:type\" content=\"image\/jpeg\" \/>\n<meta name=\"author\" content=\"Adrian Lakrichi\" \/>\n<meta name=\"twitter:card\" content=\"summary_large_image\" \/>\n<meta name=\"twitter:label1\" content=\"Escrito por\" \/>\n\t<meta name=\"twitter:data1\" content=\"Adrian Lakrichi\" \/>\n\t<meta name=\"twitter:label2\" content=\"Tiempo de lectura\" \/>\n\t<meta name=\"twitter:data2\" content=\"6 minutos\" \/>\n<script type=\"application\/ld+json\" class=\"yoast-schema-graph\">{\"@context\":\"https:\/\/schema.org\",\"@graph\":[{\"@type\":\"WebPage\",\"@id\":\"https:\/\/www.humanium.org\/es\/la-importancia-del-acceso-equitativo-de-los-ninos-a-la-justicia\/\",\"url\":\"https:\/\/www.humanium.org\/es\/la-importancia-del-acceso-equitativo-de-los-ninos-a-la-justicia\/\",\"name\":\"La importancia del acceso equitativo de los ni\u00f1os a la justicia - Humanium\",\"isPartOf\":{\"@id\":\"https:\/\/www.humanium.org\/es\/#website\"},\"primaryImageOfPage\":{\"@id\":\"https:\/\/www.humanium.org\/es\/la-importancia-del-acceso-equitativo-de-los-ninos-a-la-justicia\/#primaryimage\"},\"image\":{\"@id\":\"https:\/\/www.humanium.org\/es\/la-importancia-del-acceso-equitativo-de-los-ninos-a-la-justicia\/#primaryimage\"},\"thumbnailUrl\":\"https:\/\/www.humanium.org\/es\/wp-content\/uploads\/2021\/09\/shutterstock_210027721-scaled.jpg\",\"datePublished\":\"2021-09-07T11:49:39+00:00\",\"dateModified\":\"2021-09-07T11:49:40+00:00\",\"author\":{\"@id\":\"https:\/\/www.humanium.org\/es\/#\/schema\/person\/49a9ba1848df5ad169be65f16e510013\"},\"description\":\"El 13 de julio de 2021, se llev\u00f3 a cabo un evento en el Foro Pol\u00edtico de Alto Nivel en Nueva York discutiendo el acceso a la justicia con expertos y ni\u00f1os.\",\"breadcrumb\":{\"@id\":\"https:\/\/www.humanium.org\/es\/la-importancia-del-acceso-equitativo-de-los-ninos-a-la-justicia\/#breadcrumb\"},\"inLanguage\":\"es\",\"potentialAction\":[{\"@type\":\"ReadAction\",\"target\":[\"https:\/\/www.humanium.org\/es\/la-importancia-del-acceso-equitativo-de-los-ninos-a-la-justicia\/\"]}]},{\"@type\":\"ImageObject\",\"inLanguage\":\"es\",\"@id\":\"https:\/\/www.humanium.org\/es\/la-importancia-del-acceso-equitativo-de-los-ninos-a-la-justicia\/#primaryimage\",\"url\":\"https:\/\/www.humanium.org\/es\/wp-content\/uploads\/2021\/09\/shutterstock_210027721-scaled.jpg\",\"contentUrl\":\"https:\/\/www.humanium.org\/es\/wp-content\/uploads\/2021\/09\/shutterstock_210027721-scaled.jpg\",\"width\":2560,\"height\":1709},{\"@type\":\"BreadcrumbList\",\"@id\":\"https:\/\/www.humanium.org\/es\/la-importancia-del-acceso-equitativo-de-los-ninos-a-la-justicia\/#breadcrumb\",\"itemListElement\":[{\"@type\":\"ListItem\",\"position\":1,\"name\":\"Home\",\"item\":\"https:\/\/www.humanium.org\/es\/\"},{\"@type\":\"ListItem\",\"position\":2,\"name\":\"La importancia del acceso equitativo de los ni\u00f1os a la justicia\"}]},{\"@type\":\"WebSite\",\"@id\":\"https:\/\/www.humanium.org\/es\/#website\",\"url\":\"https:\/\/www.humanium.org\/es\/\",\"name\":\"Humanium\",\"description\":\"\u00a1Los ni\u00f1os primero!\",\"potentialAction\":[{\"@type\":\"SearchAction\",\"target\":{\"@type\":\"EntryPoint\",\"urlTemplate\":\"https:\/\/www.humanium.org\/es\/?s={search_term_string}\"},\"query-input\":{\"@type\":\"PropertyValueSpecification\",\"valueRequired\":true,\"valueName\":\"search_term_string\"}}],\"inLanguage\":\"es\"},{\"@type\":\"Person\",\"@id\":\"https:\/\/www.humanium.org\/es\/#\/schema\/person\/49a9ba1848df5ad169be65f16e510013\",\"name\":\"Adrian Lakrichi\",\"image\":{\"@type\":\"ImageObject\",\"inLanguage\":\"es\",\"@id\":\"https:\/\/www.humanium.org\/es\/#\/schema\/person\/image\/\",\"url\":\"https:\/\/secure.gravatar.com\/avatar\/bffc298c71591582c0303c1fc0f0506562df59d8f8c825a31583a55ef0a65b11?s=96&d=mm&r=g\",\"contentUrl\":\"https:\/\/secure.gravatar.com\/avatar\/bffc298c71591582c0303c1fc0f0506562df59d8f8c825a31583a55ef0a65b11?s=96&d=mm&r=g\",\"caption\":\"Adrian Lakrichi\"},\"sameAs\":[\"https:\/\/www.linkedin.com\/in\/adrian-lakrichi-9220131a1\/\"],\"url\":\"https:\/\/www.humanium.org\/es\/author\/autor_adrianlakrichi\/\"}]}<\/script>\n<!-- \/ Yoast SEO plugin. -->","yoast_head_json":{"title":"La importancia del acceso equitativo de los ni\u00f1os a la justicia - Humanium","description":"El 13 de julio de 2021, se llev\u00f3 a cabo un evento en el Foro Pol\u00edtico de Alto Nivel en Nueva York discutiendo el acceso a la justicia con expertos y ni\u00f1os.","robots":{"index":"index","follow":"follow","max-snippet":"max-snippet:-1","max-image-preview":"max-image-preview:large","max-video-preview":"max-video-preview:-1"},"canonical":"https:\/\/www.humanium.org\/es\/la-importancia-del-acceso-equitativo-de-los-ninos-a-la-justicia\/","og_locale":"es_ES","og_type":"article","og_title":"La importancia del acceso equitativo de los ni\u00f1os a la justicia - Humanium","og_description":"El 13 de julio de 2021, se llev\u00f3 a cabo un evento en el Foro Pol\u00edtico de Alto Nivel en Nueva York discutiendo el acceso a la justicia con expertos y ni\u00f1os.","og_url":"https:\/\/www.humanium.org\/es\/la-importancia-del-acceso-equitativo-de-los-ninos-a-la-justicia\/","og_site_name":"Humanium","article_published_time":"2021-09-07T11:49:39+00:00","article_modified_time":"2021-09-07T11:49:40+00:00","og_image":[{"width":2560,"height":1709,"url":"https:\/\/www.humanium.org\/es\/wp-content\/uploads\/2021\/09\/shutterstock_210027721-scaled.jpg","type":"image\/jpeg"}],"author":"Adrian Lakrichi","twitter_card":"summary_large_image","twitter_misc":{"Escrito por":"Adrian Lakrichi","Tiempo de lectura":"6 minutos"},"schema":{"@context":"https:\/\/schema.org","@graph":[{"@type":"WebPage","@id":"https:\/\/www.humanium.org\/es\/la-importancia-del-acceso-equitativo-de-los-ninos-a-la-justicia\/","url":"https:\/\/www.humanium.org\/es\/la-importancia-del-acceso-equitativo-de-los-ninos-a-la-justicia\/","name":"La importancia del acceso equitativo de los ni\u00f1os a la justicia - Humanium","isPartOf":{"@id":"https:\/\/www.humanium.org\/es\/#website"},"primaryImageOfPage":{"@id":"https:\/\/www.humanium.org\/es\/la-importancia-del-acceso-equitativo-de-los-ninos-a-la-justicia\/#primaryimage"},"image":{"@id":"https:\/\/www.humanium.org\/es\/la-importancia-del-acceso-equitativo-de-los-ninos-a-la-justicia\/#primaryimage"},"thumbnailUrl":"https:\/\/www.humanium.org\/es\/wp-content\/uploads\/2021\/09\/shutterstock_210027721-scaled.jpg","datePublished":"2021-09-07T11:49:39+00:00","dateModified":"2021-09-07T11:49:40+00:00","author":{"@id":"https:\/\/www.humanium.org\/es\/#\/schema\/person\/49a9ba1848df5ad169be65f16e510013"},"description":"El 13 de julio de 2021, se llev\u00f3 a cabo un evento en el Foro Pol\u00edtico de Alto Nivel en Nueva York discutiendo el acceso a la justicia con expertos y ni\u00f1os.","breadcrumb":{"@id":"https:\/\/www.humanium.org\/es\/la-importancia-del-acceso-equitativo-de-los-ninos-a-la-justicia\/#breadcrumb"},"inLanguage":"es","potentialAction":[{"@type":"ReadAction","target":["https:\/\/www.humanium.org\/es\/la-importancia-del-acceso-equitativo-de-los-ninos-a-la-justicia\/"]}]},{"@type":"ImageObject","inLanguage":"es","@id":"https:\/\/www.humanium.org\/es\/la-importancia-del-acceso-equitativo-de-los-ninos-a-la-justicia\/#primaryimage","url":"https:\/\/www.humanium.org\/es\/wp-content\/uploads\/2021\/09\/shutterstock_210027721-scaled.jpg","contentUrl":"https:\/\/www.humanium.org\/es\/wp-content\/uploads\/2021\/09\/shutterstock_210027721-scaled.jpg","width":2560,"height":1709},{"@type":"BreadcrumbList","@id":"https:\/\/www.humanium.org\/es\/la-importancia-del-acceso-equitativo-de-los-ninos-a-la-justicia\/#breadcrumb","itemListElement":[{"@type":"ListItem","position":1,"name":"Home","item":"https:\/\/www.humanium.org\/es\/"},{"@type":"ListItem","position":2,"name":"La importancia del acceso equitativo de los ni\u00f1os a la justicia"}]},{"@type":"WebSite","@id":"https:\/\/www.humanium.org\/es\/#website","url":"https:\/\/www.humanium.org\/es\/","name":"Humanium","description":"\u00a1Los ni\u00f1os primero!","potentialAction":[{"@type":"SearchAction","target":{"@type":"EntryPoint","urlTemplate":"https:\/\/www.humanium.org\/es\/?s={search_term_string}"},"query-input":{"@type":"PropertyValueSpecification","valueRequired":true,"valueName":"search_term_string"}}],"inLanguage":"es"},{"@type":"Person","@id":"https:\/\/www.humanium.org\/es\/#\/schema\/person\/49a9ba1848df5ad169be65f16e510013","name":"Adrian Lakrichi","image":{"@type":"ImageObject","inLanguage":"es","@id":"https:\/\/www.humanium.org\/es\/#\/schema\/person\/image\/","url":"https:\/\/secure.gravatar.com\/avatar\/bffc298c71591582c0303c1fc0f0506562df59d8f8c825a31583a55ef0a65b11?s=96&d=mm&r=g","contentUrl":"https:\/\/secure.gravatar.com\/avatar\/bffc298c71591582c0303c1fc0f0506562df59d8f8c825a31583a55ef0a65b11?s=96&d=mm&r=g","caption":"Adrian Lakrichi"},"sameAs":["https:\/\/www.linkedin.com\/in\/adrian-lakrichi-9220131a1\/"],"url":"https:\/\/www.humanium.org\/es\/author\/autor_adrianlakrichi\/"}]}},"_links":{"self":[{"href":"https:\/\/www.humanium.org\/es\/wp-json\/wp\/v2\/posts\/16129","targetHints":{"allow":["GET"]}}],"collection":[{"href":"https:\/\/www.humanium.org\/es\/wp-json\/wp\/v2\/posts"}],"about":[{"href":"https:\/\/www.humanium.org\/es\/wp-json\/wp\/v2\/types\/post"}],"author":[{"embeddable":true,"href":"https:\/\/www.humanium.org\/es\/wp-json\/wp\/v2\/users\/38"}],"replies":[{"embeddable":true,"href":"https:\/\/www.humanium.org\/es\/wp-json\/wp\/v2\/comments?post=16129"}],"version-history":[{"count":3,"href":"https:\/\/www.humanium.org\/es\/wp-json\/wp\/v2\/posts\/16129\/revisions"}],"predecessor-version":[{"id":16136,"href":"https:\/\/www.humanium.org\/es\/wp-json\/wp\/v2\/posts\/16129\/revisions\/16136"}],"wp:featuredmedia":[{"embeddable":true,"href":"https:\/\/www.humanium.org\/es\/wp-json\/wp\/v2\/media\/16132"}],"wp:attachment":[{"href":"https:\/\/www.humanium.org\/es\/wp-json\/wp\/v2\/media?parent=16129"}],"wp:term":[{"taxonomy":"category","embeddable":true,"href":"https:\/\/www.humanium.org\/es\/wp-json\/wp\/v2\/categories?post=16129"},{"taxonomy":"post_tag","embeddable":true,"href":"https:\/\/www.humanium.org\/es\/wp-json\/wp\/v2\/tags?post=16129"}],"curies":[{"name":"wp","href":"https:\/\/api.w.org\/{rel}","templated":true}]}}