{"id":16142,"date":"2021-09-14T16:58:45","date_gmt":"2021-09-14T16:58:45","guid":{"rendered":"https:\/\/www.humanium.org\/es\/?p=16142"},"modified":"2025-12-13T21:44:40","modified_gmt":"2025-12-13T21:44:40","slug":"la-grave-amenaza-a-los-derechos-del-nino-bajo-el-regimen-taliban","status":"publish","type":"post","link":"https:\/\/www.humanium.org\/es\/la-grave-amenaza-a-los-derechos-del-nino-bajo-el-regimen-taliban\/","title":{"rendered":"La grave amenaza a los derechos del ni\u00f1o bajo el r\u00e9gimen talib\u00e1n"},"content":{"rendered":"\n<p><strong>Con la retirada de <\/strong><a href=\"https:\/\/www.humanium.org\/es\/afganistan\/\"><strong>Afganist\u00e1n<\/strong><\/a><strong> de parte de las tropas de la Organizaci\u00f3n del Tratado del Atl\u00e1ntico Norte (OTAN), los talibanes lanzaron una ofensiva sobre numerosos frentes para reconquistar los territorios a lo largo del pa\u00eds. Los militares afganos superados perdieron cada vez m\u00e1s territorios hasta que el 15 de agosto de 2021 los talibanes conquistaron Kabul sin gran esfuerzo. El presidente de <\/strong><a href=\"https:\/\/www.humanium.org\/es\/afganistan\/\"><strong>Afganist\u00e1n<\/strong><\/a><strong>, Ashraf Ghani, que anteriormente contaba con el respaldo militar de los <\/strong><a href=\"https:\/\/www.humanium.org\/es\/estados-unidos\/\"><strong>Estados Unidos<\/strong><\/a><strong>, abandon\u00f3 entonces el pa\u00eds para evitar que cayera en una guerra (Le Parisien, 2021). La toma del poder en Kabul por parte de los talibanes es hoy en d\u00eda una amenaza para los <\/strong><a href=\"https:\/\/www.humanium.org\/es\/derechos-ninos\/\"><strong>derechos de los ni\u00f1os<\/strong><\/a><strong> y en concreto para las<\/strong><a href=\"https:\/\/www.humanium.org\/es\/enfoques-tematicos\/discriminacion\/derechos-ninas\/#:~:text=Dans%20de%20nombreux%20pays%2C%20les,mineures%20et%20de%20sexe%20f%C3%A9minin.\"><strong> j\u00f3venes<\/strong><\/a><strong> afganas.&nbsp;<\/strong><\/p>\n\n\n\n<h2 class=\"wp-block-heading\"><strong>A d\u00eda de hoy, \u00bfqu\u00e9 futuro les espera a las ni\u00f1as y a las mujeres?<\/strong><\/h2>\n\n\n\n<h3 class=\"wp-block-heading\"><strong>La situaci\u00f3n se agrava&nbsp;<\/strong><\/h3>\n\n\n\n<p>Seg\u00fan un informe de <a href=\"https:\/\/www.humanium.org\/fr\/tag\/unicef\/\">UNICEF<\/a> de 2016, en Afganist\u00e1n hab\u00eda cerca de 9 millones de ni\u00f1os escolarizados, de los cuales un 39% eran ni\u00f1as (UNICEF, 2016). El trato que se reserva a las mujeres, pero tambi\u00e9n la aplicaci\u00f3n de las rigurosas leyes isl\u00e1micas, evidentemente hacen temer todo lo que rodea la toma de poder de los talibanes, lo que se refleja en los <a href=\"https:\/\/www.humanium.org\/es\/enfoques-tematicos\/aislamiento-desarraigo\/ninos-desplazados\/\">desplazamientos internos<\/a> que se han producido. De hecho, en estos \u00faltimos meses, m\u00e1s de 550.000 personas se han desplazado dentro del pa\u00eds. <\/p>\n\n\n\n<p>De ellas, 250.000 han abandonado muy recientemente su hogar, huyendo de la represi\u00f3n de los talibanes, y de ah\u00ed, cerca del 80% son mujeres y ni\u00f1os (France 24, 2021). Desde principios del a\u00f1o 2021, la muerte de civiles ha aumentado en el pa\u00eds. A d\u00eda de hoy, es un 50% mayor que en otros a\u00f1os. Hay m\u00e1s muertes entre mujeres y ni\u00f1os desde comienzos de 2021 que las que se han producido desde 2009 (UNAMA, 2021).&nbsp;<\/p>\n\n\n\n<h3 class=\"wp-block-heading\"><strong>Discriminaci\u00f3n y violencia hacia las ni\u00f1as<\/strong><\/h3>\n\n\n\n<p>Incluso antes del regreso de los talibanes al poder, los derechos de las ni\u00f1as se ve\u00edan burlados. Las ni\u00f1as sufren discriminaci\u00f3n por raz\u00f3n de g\u00e9nero a lo largo y ancho de Afganist\u00e1n, sobre todo en las zonas controladas por los talibanes. A menudo son v\u00edctimas de violencia y castigos corporales. Desconf\u00edan de las autoridades por miedo a las represalias, y por esto no se se\u00f1alan las exacciones. De hecho, los c\u00edrculos familiares ejercen tambi\u00e9n tanta presi\u00f3n como los agentes del Estado (Amnist\u00eda Internacional, 2020).&nbsp;<\/p>\n\n\n\n<figure class=\"wp-block-image size-large\"><img loading=\"lazy\" decoding=\"async\" width=\"1024\" height=\"683\" src=\"https:\/\/www.humanium.org\/es\/wp-content\/uploads\/2021\/09\/shutterstock_2025653795-1024x683.jpg\" alt=\"\" class=\"wp-image-16144\" srcset=\"https:\/\/www.humanium.org\/es\/wp-content\/uploads\/2021\/09\/shutterstock_2025653795-1024x683.jpg 1024w, https:\/\/www.humanium.org\/es\/wp-content\/uploads\/2021\/09\/shutterstock_2025653795-300x200.jpg 300w, https:\/\/www.humanium.org\/es\/wp-content\/uploads\/2021\/09\/shutterstock_2025653795-768x512.jpg 768w, https:\/\/www.humanium.org\/es\/wp-content\/uploads\/2021\/09\/shutterstock_2025653795-1536x1024.jpg 1536w, https:\/\/www.humanium.org\/es\/wp-content\/uploads\/2021\/09\/shutterstock_2025653795-2048x1365.jpg 2048w, https:\/\/www.humanium.org\/es\/wp-content\/uploads\/2021\/09\/shutterstock_2025653795-830x553.jpg 830w, https:\/\/www.humanium.org\/es\/wp-content\/uploads\/2021\/09\/shutterstock_2025653795-230x153.jpg 230w, https:\/\/www.humanium.org\/es\/wp-content\/uploads\/2021\/09\/shutterstock_2025653795-350x233.jpg 350w, https:\/\/www.humanium.org\/es\/wp-content\/uploads\/2021\/09\/shutterstock_2025653795-480x320.jpg 480w, https:\/\/www.humanium.org\/es\/wp-content\/uploads\/2021\/09\/shutterstock_2025653795-272x182.jpg 272w\" sizes=\"auto, (max-width: 1024px) 100vw, 1024px\" \/><\/figure>\n\n\n\n<p>En lo que se refiere a los ni\u00f1os, muchos probablemente est\u00e9n llamados a convertirse en ni\u00f1os soldado, pero no hay fuentes fiables al respecto. Seg\u00fan Human Rights Watch, en 2015 casi 100 ni\u00f1os hab\u00edan sido enviados a luchar con los talibanes (Ouest France, 2016).&nbsp;<\/p>\n\n\n\n<h3 class=\"wp-block-heading\"><strong>Los matrimonios forzados o la esclavitud sexual<\/strong><\/h3>\n\n\n\n<p>El ofrecimiento de esposas se ve tambi\u00e9n como una estrategia para atraer militantes. Estos <a href=\"https:\/\/www.humanium.org\/es\/enfoques-tematicos\/practicas-culturales\/matrimonio-infantil\/\">matrimonios forzados<\/a> son actos de <a href=\"https:\/\/www.humanium.org\/es\/enfoques-tematicos\/explotacion\/explotacion-sexual-infantil\/#:~:text=Qu'est%20ce%20que%20l,d'un%20plaisir%20personnel%20%C2%BB.\">esclavitud sexual<\/a>, contrarios al <a href=\"https:\/\/www.humanium.org\/es\/convencion-texto\/\">derecho internacional<\/a>, como crimen de guerra y <a href=\"https:\/\/www.humanium.org\/es\/facultativo-conflictos-armados-2000\/\">crimen contra la humanidad,<\/a> seg\u00fan el art\u00edculo 27 de la Convenci\u00f3n de Ginebra. <\/p>\n\n\n\n<p>Mientras los talibanes dirigieron el pa\u00eds a finales de los a\u00f1os 90, la aplicaci\u00f3n de la ley shar\u00eda se puso en marcha y as\u00ed una visi\u00f3n muy estricta de las leyes isl\u00e1micas permiti\u00f3 realizar ejecuciones p\u00fablicas, incluso la lapidaci\u00f3n de mujeres acusadas de adulterio. En 2008, el Consejo de Seguridad de las Naciones Unidas adopt\u00f3 la resoluci\u00f3n 1820, declarando: \u201cLa violaci\u00f3n y otras formas de <a href=\"https:\/\/www.humanium.org\/fr\/abolir-la-violence-sexuelle\/\">violencia sexual<\/a> pueden constituir un crimen de guerra, un crimen contra la humanidad\u201d. (Naciones Unidas, 2009)&nbsp;<\/p>\n\n\n\n<p>Ya en julio de 2021, mientras los l\u00edderes talibanes tomaban el control de muchas provincias, entre las que destacaban las provincias de Badakhshan y Takhar, se orden\u00f3 a los religiosos de estas localidades que facilitaran una lista de ni\u00f1as de m\u00e1s de 15 a\u00f1os y de viudas de menos de 45 a\u00f1os para casarlas con los combatientes (Vrinda Narain, 2021). <\/p>\n\n\n\n<p>Seg\u00fan las cifras de UNICEF, los hechos que se sucedieron antes de la llegada de los talibanes a Kabul ya eran inquietantes. En 2017, los <a href=\"https:\/\/www.humanium.org\/es\/enfoques-tematicos\/practicas-culturales\/matrimonio-infantil\/\">matrimonios forzados<\/a> afectaban al 58% de los afganos, de los cuales 35% ten\u00edan menos de 18 a\u00f1os (BBC, 2018).&nbsp;<\/p>\n\n\n\n<h2 class=\"wp-block-heading\"><strong>\u00bfQu\u00e9 derechos adquiridos van a perdurar?&nbsp;<\/strong><\/h2>\n\n\n\n<p>La situaci\u00f3n es particularmente dram\u00e1tica para las mujeres que hayan adquirido derechos a lo largo del tiempo y que ejercen puestos de responsabilidad. Su futuro es incierto y surge mucha preocupaci\u00f3n sobre su seguridad. Las mujeres afganas est\u00e1n presentes en la vida p\u00fablica y trabajan como doctoras, profesoras en las escuelas, en la administraci\u00f3n o incluso como abogadas o periodistas (Nicole TRIAN). <\/p>\n\n\n\n<p>En 2014, la <a href=\"https:\/\/www.humanium.org\/es\/el-ano-para-la-eliminacion-del-trabajo-infantil\/\">Organizaci\u00f3n Internacional del Trabajo<\/a> estimaba que el 19% de la poblaci\u00f3n activa correspond\u00eda a mujeres. En el mismo a\u00f1o, el 25% del parlamento afgano estaba formado por mujeres, por ejemplo (Marie Claire, 2021) .&nbsp;<\/p>\n\n\n\n<p>Los talibanes contin\u00faan afirmando que las mujeres podr\u00e1n continuar teniendo <a href=\"https:\/\/www.humanium.org\/es\/declaracion-1959\/\">los mismos derechos<\/a> que los hombres, de acuerdo con las leyes isl\u00e1micas y podr\u00e1n por lo tanto seguir estudiando (AP, 2021).&nbsp;<\/p>\n\n\n\n<p>Muchas de las mujeres ya han perdido su empleo por estar en desacuerdo con el discurso oficial. El futuro de los estudiantes se ve tambi\u00e9n comprometido. \u00bfQu\u00e9 se decidir\u00e1 con el tiempo? \u00bfQu\u00e9 ser\u00e1 respetado? El acceso a internet, por ejemplo, se ha vuelto esencial para los j\u00f3venes. \u00bfPodr\u00e1n continuar benefici\u00e1ndose de \u00e9l? Hay tambi\u00e9n voces optimistas que recuerdan que lo impedir\u00e1n, que los millones de j\u00f3venes educados no bajar\u00e1n los brazos y ayudar\u00e1n a que los j\u00f3venes que tengan dificultades tengan una <a href=\"https:\/\/www.humanium.org\/es\/derecho-educacion\/\">educaci\u00f3n<\/a> (France24, 2021).&nbsp;<\/p>\n\n\n\n<h2 class=\"wp-block-heading\"><strong>Falsas promesas en detrimento de los derechos del ni\u00f1o<\/strong><\/h2>\n\n\n\n<p>A pesar de ello, muchos expertos llaman a no dejarse enga\u00f1ar por las promesas de los talibanes. De hecho, muchos otros ejemplos demuestran que se trata de una cuesti\u00f3n ret\u00f3rica para complacer a la comunidad internacional a la hora de instaurar y consolidar el Emirato isl\u00e1mico de <a href=\"https:\/\/www.humanium.org\/es\/afganistan\/\">Afganist\u00e1n<\/a> (Le Parisien, 2021).&nbsp;<\/p>\n\n\n\n<p>En los \u00faltimos a\u00f1os y en los \u00faltimos meses, a medida que han ido haci\u00e9ndose con el territorio, los talibanes han cerrado las escuelas para ni\u00f1as de todas las edades (HRW, 2021). En el sur de <a href=\"https:\/\/www.humanium.org\/es\/afganistan\/\">Afganist\u00e1n<\/a>, en Kandahar, muchas mujeres que trabajaban en bancos fueron enviadas a sus casas y remplazadas r\u00e1pidamente por hombres de sus familias. <\/p>\n\n\n\n<p>Seg\u00fan Nassim Majidi, investigadora y codirectora del centro Samuel Hall, hoy en d\u00eda las mujeres han desaparecido ya del espacio p\u00fablico, y afirma que las im\u00e1genes divulgadas por los medios lo prueban. Esta marcha atr\u00e1s va a ser extremadamente complicada para un pa\u00eds en el que cerca del 70% de la poblaci\u00f3n tiene menos de 30 a\u00f1os (Marie Claire, 2021).&nbsp;<\/p>\n\n\n\n<p>La vuelta de los talibanes al poder en <a href=\"https:\/\/www.humanium.org\/es\/afganistan\/\">Afganist\u00e1n<\/a> es un mal presagio para los <a href=\"https:\/\/www.humanium.org\/es\/derechos-ninos\/\">derechos de los ni\u00f1os<\/a>, de las <a href=\"https:\/\/www.humanium.org\/es\/enfoques-tematicos\/discriminacion\/derechos-ninas\/#:~:text=Dans%20de%20nombreux%20pays%2C%20les,mineures%20et%20de%20sexe%20f%C3%A9minin.\">j\u00f3venes<\/a> y de las mujeres, al igual que para su futuro. La ONU ha declarado que los derechos de las mujeres ser\u00e1n la \u00abl\u00ednea roja\u00bb que no debe traspasar el r\u00e9gimen talib\u00e1n (20 minutes, 2021). Todos los d\u00edas millones de personas intenta huir por aire o a trav\u00e9s de otros estados vecinos.&nbsp;<\/p>\n\n\n\n<h2 class=\"wp-block-heading\"><strong>\u00bfQu\u00e9 podemos hacer?<\/strong><\/h2>\n\n\n\n<p><strong>Humanium est\u00e1 muy preocupada por la situaci\u00f3n <\/strong><a href=\"https:\/\/www.humanium.org\/es\/derechos-ninos\/\"><strong>de los derechos del ni\u00f1o<\/strong><\/a><strong> en <\/strong><a href=\"https:\/\/www.humanium.org\/es\/afganistan\/\"><strong>Afganist\u00e1n<\/strong><\/a><strong>, y pide a la comunidad internacional que supervise las posibles exacciones contra los <\/strong><a href=\"https:\/\/www.humanium.org\/es\/enfoques-tematicos\/discriminacion\/derechos-ninas\/\"><strong>derechos de los j\u00f3venes<\/strong><\/a><strong> afganos.&nbsp;<\/strong><\/p>\n\n\n\n<figure class=\"wp-block-image size-large\"><img loading=\"lazy\" decoding=\"async\" width=\"1024\" height=\"708\" src=\"https:\/\/www.humanium.org\/es\/wp-content\/uploads\/2021\/09\/shutterstock_1144641578-1024x708.jpg\" alt=\"\" class=\"wp-image-16154\" srcset=\"https:\/\/www.humanium.org\/es\/wp-content\/uploads\/2021\/09\/shutterstock_1144641578-1024x708.jpg 1024w, https:\/\/www.humanium.org\/es\/wp-content\/uploads\/2021\/09\/shutterstock_1144641578-300x207.jpg 300w, https:\/\/www.humanium.org\/es\/wp-content\/uploads\/2021\/09\/shutterstock_1144641578-768x531.jpg 768w, https:\/\/www.humanium.org\/es\/wp-content\/uploads\/2021\/09\/shutterstock_1144641578-1536x1062.jpg 1536w, https:\/\/www.humanium.org\/es\/wp-content\/uploads\/2021\/09\/shutterstock_1144641578-2048x1416.jpg 2048w, https:\/\/www.humanium.org\/es\/wp-content\/uploads\/2021\/09\/shutterstock_1144641578-830x574.jpg 830w, https:\/\/www.humanium.org\/es\/wp-content\/uploads\/2021\/09\/shutterstock_1144641578-230x159.jpg 230w, https:\/\/www.humanium.org\/es\/wp-content\/uploads\/2021\/09\/shutterstock_1144641578-350x242.jpg 350w, https:\/\/www.humanium.org\/es\/wp-content\/uploads\/2021\/09\/shutterstock_1144641578-480x332.jpg 480w\" sizes=\"auto, (max-width: 1024px) 100vw, 1024px\" \/><\/figure>\n\n\n\n<p><strong>Humanium os anima a comprometeros con los <\/strong><a href=\"https:\/\/www.humanium.org\/es\/derechos-ninos\/\"><strong>derechos de los ni\u00f1os<\/strong><\/a><strong> en <\/strong><a href=\"https:\/\/www.humanium.org\/es\/afganistan\/\"><strong>Afganist\u00e1n<\/strong><\/a><strong>. <\/strong><strong>Pod\u00e9is contribuir a los derechos de<\/strong><a href=\"https:\/\/www.humanium.org\/es\/enfoques-tematicos\/discriminacion\/derechos-ninas\/\"><strong> los j\u00f3venes<\/strong><\/a><strong> afganos inform\u00e1ndoos en vuestra comunidad o ciudad sobre las acciones que se llevan a cabo, haciendo donaciones o participando en acciones de beneficencia para aliviar los ya considerables esfuerzos que realizan las ONG all\u00ed y en el extranjero.&nbsp;<\/strong><\/p>\n\n\n\n<p><strong><em>Escrito por Adrian Lakrichi<\/em><\/strong><\/p>\n\n\n\n<p><strong><em>Traducido por <\/em><\/strong><strong><em>Nieves Carazo<\/em><\/strong><\/p>\n\n\n\n<h4 class=\"wp-block-heading\"><strong>Bibliograf\u00eda:<\/strong><\/h4>\n\n\n\n<p class=\"has-small-font-size\"><a href=\"https:\/\/www.20minutes.fr\/monde\/3108207-20210824-afghanistan-onu-previent-talibans-traitement-femmes-ligne-rouge\" target=\"_blank\" rel=\"noreferrer noopener\">20 minutes (24 aout, 2021). <em>Afghanistan : L&#8217;ONU pr\u00e9vient les talibans que le traitement des femmes est une \u00abligne rouge\u00bb. <\/em>&nbsp;20 minutes.<\/a>&nbsp;&nbsp;<\/p>\n\n\n\n<p class=\"has-small-font-size\"><a href=\"https:\/\/www.amnesty.org\/fr\/location\/asia-and-the-pacific\/south-asia\/afghanistan\/report-afghanistan\/\" target=\"_blank\" rel=\"noreferrer noopener\">Amnesty International (2020). <em>Afghanistan 2020. <\/em>Amnesty International<\/a>. <\/p>\n\n\n\n<p class=\"has-small-font-size\"><a href=\"https:\/\/www.hrw.org\/news\/2021\/08\/17\/fragility-womens-rights-afghanistan\" target=\"_blank\" rel=\"noreferrer noopener\">Barr, H. (17 ao\u00fbt, 2021). <em>The Fragility of Women&#8217;s Rights in Afghanistan<\/em>. Human Rights Watch.<\/a> <\/p>\n\n\n\n<p class=\"has-small-font-size\"><a href=\"http:\/\/www.adequations.org\/IMG\/article_PDF\/article_a889.pdf\" target=\"_blank\" rel=\"noreferrer noopener\">Conseil de S\u00e9curit\u00e9 des Nations Unies (13 janvier 2009). <em>R\u00e9solution 1820 des Nations unies. <\/em>Organisation des Nations Unies.<\/a> <\/p>\n\n\n\n<p class=\"has-small-font-size\"><a href=\"https:\/\/www.leparisien.fr\/international\/afghanistan-ce-que-lon-sait-de-larrivee-des-talibans-a-kaboul-15-08-2021-2UJ7M72YYVH6XBKLHIDZPQ7CSM.php\" target=\"_blank\" rel=\"noreferrer noopener\">Descamps, L. (15 ao\u00fbt, 2021). <em>Afghanistan : ce que l\u2019on sait de la prise de pouvoir des talibans \u00e0 Kaboul<\/em>. Le Parisien.<\/a> &nbsp;&nbsp;<\/p>\n\n\n\n<p class=\"has-small-font-size\"><a href=\"https:\/\/www.hrw.org\/fr\/news\/2017\/10\/17\/afghanistan-entraves-leducation-des-filles\" target=\"_blank\" rel=\"noreferrer noopener\">Human Rights Watch (17 octobre, 2017 ). <em>Afghanistan : Entraves \u00e0 l\u2019\u00e9ducation des filles L\u2019ins\u00e9curit\u00e9, l\u2019inaction du gouvernement et le d\u00e9sengagement des donateurs freinent des avanc\u00e9es indispensables<\/em>. Human Rights Watch.<\/a> <\/p>\n\n\n\n<p class=\"has-small-font-size\">L\u2019express. (18 ao\u00fbt, 2021). <em>Afghanistan: des filles retournent \u00e0 l&#8217;\u00e9cole \u00e0 H\u00e9rat, sous le r\u00e9gime taliban. <\/em>L\u2019express. &nbsp;<\/p>\n\n\n\n<p class=\"has-small-font-size\"><a href=\"https:\/\/www.midilibre.fr\/2021\/08\/17\/burqa-obligatoire-mariages-forces-quel-avenir-pour-les-femmes-en-afghanistan-avec-le-retour-des-talibans-9736097.php\" target=\"_blank\" rel=\"noreferrer noopener\">Midi Libre (17 ao\u00fbt, 2021). <em>Burqa obligatoire, mariages forc\u00e9s&#8230; quel avenir pour les femmes en Afghanistan avec le retour des talibans ?<\/em>. Midi Libre.<\/a> <\/p>\n\n\n\n<p class=\"has-small-font-size\"><a href=\"https:\/\/www.ouest-france.fr\/terrorisme\/human-rights-watch-des-enfants-soldats-dans-les-rangs-des-talibans-4041447\" target=\"_blank\" rel=\"noreferrer noopener\">Ouest France (17 f\u00e9vrier, 2016). <em>Human Rights Watch : des enfants soldats dans les rangs des talibans<\/em>. Midi Libre.<\/a> <\/p>\n\n\n\n<p class=\"has-small-font-size\"><a href=\"https:\/\/theconversation.com\/the-world-must-not-look-away-as-the-taliban-sexually-enslaves-women-and-girls-165426\" target=\"_blank\" rel=\"noreferrer noopener\">Narain, V. (15 ao\u00fbt, 2021). <em>The world must not look away as the Taliban sexually enslaves women and girls<\/em>. The Conversation. <\/a>&nbsp;&nbsp;<\/p>\n\n\n\n<p class=\"has-small-font-size\"><a href=\"https:\/\/www.unicef.org\/media\/50086\/file\/UNICEF_SOWC_2016_FR.pdf\" target=\"_blank\" rel=\"noreferrer noopener\">UNICEF (2016). <em>LA SITUATION DES ENFANTS DANS LE MONDE 2016: L&#8217;\u00e9galit\u00e9 des chances pour chaque enfant<\/em>. Organisation des Nations Unis.<\/a> &nbsp;&nbsp;&nbsp;&nbsp;<\/p>\n\n\n\n<p class=\"has-small-font-size\"><a href=\"https:\/\/unama.unmissions.org\/sites\/default\/files\/unama_poc_midyear_report_2021_26_july.pdf\" target=\"_blank\" rel=\"noreferrer noopener\">UNAMA (26 juillet, 2021). <em>AFGHANISTAN PROTECTION OF CIVILIANS IN ARMED CONFLICT MIDYEAR UPDATE: 1 JANUARY TO 30 JUNE 2021<\/em>. Organisation des Nations Unies.<\/a> <\/p>\n\n\n\n<p class=\"has-small-font-size\"><a href=\"https:\/\/apnews.com\/article\/afghanistan-taliban-kabul-1d4b052ccef113adc8dc94f965ff23c7\" target=\"_blank\" rel=\"noreferrer noopener\">Seir, A. Faiez, R. Gannon, K and Krauss J. (18 Aout, 2021). <em>Taliban vow to respect women, despite history of oppression<\/em>. Associated Press.<\/a> <\/p>\n\n\n\n<p class=\"has-small-font-size\"><a href=\"https:\/\/www.france24.com\/en\/asia-pacific\/20210814-afghan-women-girls-fear-return-to-dark-days-as-taliban-poised-to-take-kabul\" target=\"_blank\" rel=\"noreferrer noopener\">Trian, N. (14 aout, 2021). <em>Afghan women, girls fear return to \u2018dark days\u2019 as Taliban enter Kabul. <\/em>France 24.<\/a> <\/p>\n\n\n\n<p class=\"has-small-font-size\"><a href=\"https:\/\/www.bbc.com\/afrique\/monde-48121091\" target=\"_blank\" rel=\"noreferrer noopener\">Yasini, I. (1 mai 2019). <em>Nous avons accept\u00e9 3 500 $ pour marier notre fille de cinq ans<\/em>.&nbsp; BBC.<\/a> <\/p>\n\n\n\n<p class=\"has-small-font-size\"><a href=\"https:\/\/www.marieclaire.fr\/retour-des-talibans-en-afghanistan-ce-qui-attend-les-femmes,1379636.asp\" target=\"_blank\" rel=\"noreferrer noopener\">Weiss, P. (18 ao\u00fbt, 2021). <em>Retour des talibans en Afghanistan : ce qui attend les femmes<\/em>. Marie Claire. <\/a><\/p>\n","protected":false},"excerpt":{"rendered":"<p>Con la retirada de Afganist\u00e1n de parte de las tropas de la Organizaci\u00f3n del Tratado del Atl\u00e1ntico Norte (OTAN), los talibanes lanzaron una ofensiva sobre numerosos frentes para reconquistar los territorios a lo largo del pa\u00eds. Los militares afganos superados perdieron cada vez m\u00e1s territorios hasta que el 15 de agosto de 2021 los talibanes [&hellip;]<\/p>\n","protected":false},"author":38,"featured_media":16145,"comment_status":"closed","ping_status":"closed","sticky":false,"template":"","format":"standard","meta":{"footnotes":""},"categories":[148,3,159,155,157,144,145],"tags":[],"class_list":["post-16142","post","type-post","status-publish","format-standard","has-post-thumbnail","hentry","category-derechos-del-nino","category-derechos-humanos","category-explotacion","category-libertad","category-pobreza","category-refugiados","category-violencia"],"yoast_head":"<!-- This site is optimized with the Yoast SEO plugin v26.5 - https:\/\/yoast.com\/wordpress\/plugins\/seo\/ -->\n<title>La grave amenaza a los derechos del ni\u00f1o bajo el r\u00e9gimen talib\u00e1n - Humanium<\/title>\n<meta name=\"description\" content=\"La toma del poder en Kabul por el parte de los talibanes es hoy en d\u00eda una amenaza para los derechos de los ni\u00f1os y para las j\u00f3venes afganas.\" \/>\n<meta name=\"robots\" content=\"index, follow, max-snippet:-1, max-image-preview:large, max-video-preview:-1\" \/>\n<link rel=\"canonical\" href=\"https:\/\/www.humanium.org\/es\/la-grave-amenaza-a-los-derechos-del-nino-bajo-el-regimen-taliban\/\" \/>\n<meta property=\"og:locale\" content=\"es_ES\" \/>\n<meta property=\"og:type\" content=\"article\" \/>\n<meta property=\"og:title\" content=\"La grave amenaza a los derechos del ni\u00f1o bajo el r\u00e9gimen talib\u00e1n - Humanium\" \/>\n<meta property=\"og:description\" content=\"La toma del poder en Kabul por el parte de los talibanes es hoy en d\u00eda una amenaza para los derechos de los ni\u00f1os y para las j\u00f3venes afganas.\" \/>\n<meta property=\"og:url\" content=\"https:\/\/www.humanium.org\/es\/la-grave-amenaza-a-los-derechos-del-nino-bajo-el-regimen-taliban\/\" \/>\n<meta property=\"og:site_name\" content=\"Humanium\" \/>\n<meta property=\"article:published_time\" content=\"2021-09-14T16:58:45+00:00\" \/>\n<meta property=\"article:modified_time\" content=\"2025-12-13T21:44:40+00:00\" \/>\n<meta property=\"og:image\" content=\"https:\/\/www.humanium.org\/es\/wp-content\/uploads\/2021\/09\/shutterstock_2025653747-scaled.jpg\" \/>\n\t<meta property=\"og:image:width\" content=\"2560\" \/>\n\t<meta property=\"og:image:height\" content=\"1707\" \/>\n\t<meta property=\"og:image:type\" content=\"image\/jpeg\" \/>\n<meta name=\"author\" content=\"Adrian Lakrichi\" \/>\n<meta name=\"twitter:card\" content=\"summary_large_image\" \/>\n<meta name=\"twitter:label1\" content=\"Escrito por\" \/>\n\t<meta name=\"twitter:data1\" content=\"Adrian Lakrichi\" \/>\n\t<meta name=\"twitter:label2\" content=\"Tiempo de lectura\" \/>\n\t<meta name=\"twitter:data2\" content=\"8 minutos\" \/>\n<script type=\"application\/ld+json\" class=\"yoast-schema-graph\">{\"@context\":\"https:\/\/schema.org\",\"@graph\":[{\"@type\":\"WebPage\",\"@id\":\"https:\/\/www.humanium.org\/es\/la-grave-amenaza-a-los-derechos-del-nino-bajo-el-regimen-taliban\/\",\"url\":\"https:\/\/www.humanium.org\/es\/la-grave-amenaza-a-los-derechos-del-nino-bajo-el-regimen-taliban\/\",\"name\":\"La grave amenaza a los derechos del ni\u00f1o bajo el r\u00e9gimen talib\u00e1n - Humanium\",\"isPartOf\":{\"@id\":\"https:\/\/www.humanium.org\/es\/#website\"},\"primaryImageOfPage\":{\"@id\":\"https:\/\/www.humanium.org\/es\/la-grave-amenaza-a-los-derechos-del-nino-bajo-el-regimen-taliban\/#primaryimage\"},\"image\":{\"@id\":\"https:\/\/www.humanium.org\/es\/la-grave-amenaza-a-los-derechos-del-nino-bajo-el-regimen-taliban\/#primaryimage\"},\"thumbnailUrl\":\"https:\/\/www.humanium.org\/es\/wp-content\/uploads\/2021\/09\/shutterstock_2025653747-scaled.jpg\",\"datePublished\":\"2021-09-14T16:58:45+00:00\",\"dateModified\":\"2025-12-13T21:44:40+00:00\",\"author\":{\"@id\":\"https:\/\/www.humanium.org\/es\/#\/schema\/person\/49a9ba1848df5ad169be65f16e510013\"},\"description\":\"La toma del poder en Kabul por el parte de los talibanes es hoy en d\u00eda una amenaza para los derechos de los ni\u00f1os y para las j\u00f3venes afganas.\",\"breadcrumb\":{\"@id\":\"https:\/\/www.humanium.org\/es\/la-grave-amenaza-a-los-derechos-del-nino-bajo-el-regimen-taliban\/#breadcrumb\"},\"inLanguage\":\"es\",\"potentialAction\":[{\"@type\":\"ReadAction\",\"target\":[\"https:\/\/www.humanium.org\/es\/la-grave-amenaza-a-los-derechos-del-nino-bajo-el-regimen-taliban\/\"]}]},{\"@type\":\"ImageObject\",\"inLanguage\":\"es\",\"@id\":\"https:\/\/www.humanium.org\/es\/la-grave-amenaza-a-los-derechos-del-nino-bajo-el-regimen-taliban\/#primaryimage\",\"url\":\"https:\/\/www.humanium.org\/es\/wp-content\/uploads\/2021\/09\/shutterstock_2025653747-scaled.jpg\",\"contentUrl\":\"https:\/\/www.humanium.org\/es\/wp-content\/uploads\/2021\/09\/shutterstock_2025653747-scaled.jpg\",\"width\":2560,\"height\":1707},{\"@type\":\"BreadcrumbList\",\"@id\":\"https:\/\/www.humanium.org\/es\/la-grave-amenaza-a-los-derechos-del-nino-bajo-el-regimen-taliban\/#breadcrumb\",\"itemListElement\":[{\"@type\":\"ListItem\",\"position\":1,\"name\":\"Home\",\"item\":\"https:\/\/www.humanium.org\/es\/\"},{\"@type\":\"ListItem\",\"position\":2,\"name\":\"La grave amenaza a los derechos del ni\u00f1o bajo el r\u00e9gimen talib\u00e1n\"}]},{\"@type\":\"WebSite\",\"@id\":\"https:\/\/www.humanium.org\/es\/#website\",\"url\":\"https:\/\/www.humanium.org\/es\/\",\"name\":\"Humanium\",\"description\":\"\u00a1Los ni\u00f1os primero!\",\"potentialAction\":[{\"@type\":\"SearchAction\",\"target\":{\"@type\":\"EntryPoint\",\"urlTemplate\":\"https:\/\/www.humanium.org\/es\/?s={search_term_string}\"},\"query-input\":{\"@type\":\"PropertyValueSpecification\",\"valueRequired\":true,\"valueName\":\"search_term_string\"}}],\"inLanguage\":\"es\"},{\"@type\":\"Person\",\"@id\":\"https:\/\/www.humanium.org\/es\/#\/schema\/person\/49a9ba1848df5ad169be65f16e510013\",\"name\":\"Adrian Lakrichi\",\"image\":{\"@type\":\"ImageObject\",\"inLanguage\":\"es\",\"@id\":\"https:\/\/www.humanium.org\/es\/#\/schema\/person\/image\/\",\"url\":\"https:\/\/secure.gravatar.com\/avatar\/bffc298c71591582c0303c1fc0f0506562df59d8f8c825a31583a55ef0a65b11?s=96&d=mm&r=g\",\"contentUrl\":\"https:\/\/secure.gravatar.com\/avatar\/bffc298c71591582c0303c1fc0f0506562df59d8f8c825a31583a55ef0a65b11?s=96&d=mm&r=g\",\"caption\":\"Adrian Lakrichi\"},\"sameAs\":[\"https:\/\/www.linkedin.com\/in\/adrian-lakrichi-9220131a1\/\"],\"url\":\"https:\/\/www.humanium.org\/es\/author\/autor_adrianlakrichi\/\"}]}<\/script>\n<!-- \/ Yoast SEO plugin. -->","yoast_head_json":{"title":"La grave amenaza a los derechos del ni\u00f1o bajo el r\u00e9gimen talib\u00e1n - Humanium","description":"La toma del poder en Kabul por el parte de los talibanes es hoy en d\u00eda una amenaza para los derechos de los ni\u00f1os y para las j\u00f3venes afganas.","robots":{"index":"index","follow":"follow","max-snippet":"max-snippet:-1","max-image-preview":"max-image-preview:large","max-video-preview":"max-video-preview:-1"},"canonical":"https:\/\/www.humanium.org\/es\/la-grave-amenaza-a-los-derechos-del-nino-bajo-el-regimen-taliban\/","og_locale":"es_ES","og_type":"article","og_title":"La grave amenaza a los derechos del ni\u00f1o bajo el r\u00e9gimen talib\u00e1n - Humanium","og_description":"La toma del poder en Kabul por el parte de los talibanes es hoy en d\u00eda una amenaza para los derechos de los ni\u00f1os y para las j\u00f3venes afganas.","og_url":"https:\/\/www.humanium.org\/es\/la-grave-amenaza-a-los-derechos-del-nino-bajo-el-regimen-taliban\/","og_site_name":"Humanium","article_published_time":"2021-09-14T16:58:45+00:00","article_modified_time":"2025-12-13T21:44:40+00:00","og_image":[{"width":2560,"height":1707,"url":"https:\/\/www.humanium.org\/es\/wp-content\/uploads\/2021\/09\/shutterstock_2025653747-scaled.jpg","type":"image\/jpeg"}],"author":"Adrian Lakrichi","twitter_card":"summary_large_image","twitter_misc":{"Escrito por":"Adrian Lakrichi","Tiempo de lectura":"8 minutos"},"schema":{"@context":"https:\/\/schema.org","@graph":[{"@type":"WebPage","@id":"https:\/\/www.humanium.org\/es\/la-grave-amenaza-a-los-derechos-del-nino-bajo-el-regimen-taliban\/","url":"https:\/\/www.humanium.org\/es\/la-grave-amenaza-a-los-derechos-del-nino-bajo-el-regimen-taliban\/","name":"La grave amenaza a los derechos del ni\u00f1o bajo el r\u00e9gimen talib\u00e1n - Humanium","isPartOf":{"@id":"https:\/\/www.humanium.org\/es\/#website"},"primaryImageOfPage":{"@id":"https:\/\/www.humanium.org\/es\/la-grave-amenaza-a-los-derechos-del-nino-bajo-el-regimen-taliban\/#primaryimage"},"image":{"@id":"https:\/\/www.humanium.org\/es\/la-grave-amenaza-a-los-derechos-del-nino-bajo-el-regimen-taliban\/#primaryimage"},"thumbnailUrl":"https:\/\/www.humanium.org\/es\/wp-content\/uploads\/2021\/09\/shutterstock_2025653747-scaled.jpg","datePublished":"2021-09-14T16:58:45+00:00","dateModified":"2025-12-13T21:44:40+00:00","author":{"@id":"https:\/\/www.humanium.org\/es\/#\/schema\/person\/49a9ba1848df5ad169be65f16e510013"},"description":"La toma del poder en Kabul por el parte de los talibanes es hoy en d\u00eda una amenaza para los derechos de los ni\u00f1os y para las j\u00f3venes afganas.","breadcrumb":{"@id":"https:\/\/www.humanium.org\/es\/la-grave-amenaza-a-los-derechos-del-nino-bajo-el-regimen-taliban\/#breadcrumb"},"inLanguage":"es","potentialAction":[{"@type":"ReadAction","target":["https:\/\/www.humanium.org\/es\/la-grave-amenaza-a-los-derechos-del-nino-bajo-el-regimen-taliban\/"]}]},{"@type":"ImageObject","inLanguage":"es","@id":"https:\/\/www.humanium.org\/es\/la-grave-amenaza-a-los-derechos-del-nino-bajo-el-regimen-taliban\/#primaryimage","url":"https:\/\/www.humanium.org\/es\/wp-content\/uploads\/2021\/09\/shutterstock_2025653747-scaled.jpg","contentUrl":"https:\/\/www.humanium.org\/es\/wp-content\/uploads\/2021\/09\/shutterstock_2025653747-scaled.jpg","width":2560,"height":1707},{"@type":"BreadcrumbList","@id":"https:\/\/www.humanium.org\/es\/la-grave-amenaza-a-los-derechos-del-nino-bajo-el-regimen-taliban\/#breadcrumb","itemListElement":[{"@type":"ListItem","position":1,"name":"Home","item":"https:\/\/www.humanium.org\/es\/"},{"@type":"ListItem","position":2,"name":"La grave amenaza a los derechos del ni\u00f1o bajo el r\u00e9gimen talib\u00e1n"}]},{"@type":"WebSite","@id":"https:\/\/www.humanium.org\/es\/#website","url":"https:\/\/www.humanium.org\/es\/","name":"Humanium","description":"\u00a1Los ni\u00f1os primero!","potentialAction":[{"@type":"SearchAction","target":{"@type":"EntryPoint","urlTemplate":"https:\/\/www.humanium.org\/es\/?s={search_term_string}"},"query-input":{"@type":"PropertyValueSpecification","valueRequired":true,"valueName":"search_term_string"}}],"inLanguage":"es"},{"@type":"Person","@id":"https:\/\/www.humanium.org\/es\/#\/schema\/person\/49a9ba1848df5ad169be65f16e510013","name":"Adrian Lakrichi","image":{"@type":"ImageObject","inLanguage":"es","@id":"https:\/\/www.humanium.org\/es\/#\/schema\/person\/image\/","url":"https:\/\/secure.gravatar.com\/avatar\/bffc298c71591582c0303c1fc0f0506562df59d8f8c825a31583a55ef0a65b11?s=96&d=mm&r=g","contentUrl":"https:\/\/secure.gravatar.com\/avatar\/bffc298c71591582c0303c1fc0f0506562df59d8f8c825a31583a55ef0a65b11?s=96&d=mm&r=g","caption":"Adrian Lakrichi"},"sameAs":["https:\/\/www.linkedin.com\/in\/adrian-lakrichi-9220131a1\/"],"url":"https:\/\/www.humanium.org\/es\/author\/autor_adrianlakrichi\/"}]}},"_links":{"self":[{"href":"https:\/\/www.humanium.org\/es\/wp-json\/wp\/v2\/posts\/16142","targetHints":{"allow":["GET"]}}],"collection":[{"href":"https:\/\/www.humanium.org\/es\/wp-json\/wp\/v2\/posts"}],"about":[{"href":"https:\/\/www.humanium.org\/es\/wp-json\/wp\/v2\/types\/post"}],"author":[{"embeddable":true,"href":"https:\/\/www.humanium.org\/es\/wp-json\/wp\/v2\/users\/38"}],"replies":[{"embeddable":true,"href":"https:\/\/www.humanium.org\/es\/wp-json\/wp\/v2\/comments?post=16142"}],"version-history":[{"count":5,"href":"https:\/\/www.humanium.org\/es\/wp-json\/wp\/v2\/posts\/16142\/revisions"}],"predecessor-version":[{"id":21732,"href":"https:\/\/www.humanium.org\/es\/wp-json\/wp\/v2\/posts\/16142\/revisions\/21732"}],"wp:featuredmedia":[{"embeddable":true,"href":"https:\/\/www.humanium.org\/es\/wp-json\/wp\/v2\/media\/16145"}],"wp:attachment":[{"href":"https:\/\/www.humanium.org\/es\/wp-json\/wp\/v2\/media?parent=16142"}],"wp:term":[{"taxonomy":"category","embeddable":true,"href":"https:\/\/www.humanium.org\/es\/wp-json\/wp\/v2\/categories?post=16142"},{"taxonomy":"post_tag","embeddable":true,"href":"https:\/\/www.humanium.org\/es\/wp-json\/wp\/v2\/tags?post=16142"}],"curies":[{"name":"wp","href":"https:\/\/api.w.org\/{rel}","templated":true}]}}