{"id":16424,"date":"2021-11-23T08:52:53","date_gmt":"2021-11-23T08:52:53","guid":{"rendered":"https:\/\/www.humanium.org\/es\/?p=16424"},"modified":"2025-12-13T21:45:12","modified_gmt":"2025-12-13T21:45:12","slug":"dia-de-debate-general-2021-derechos-de-los-ninos-y-ninas-y-cuidado-alternativo","status":"publish","type":"post","link":"https:\/\/www.humanium.org\/es\/dia-de-debate-general-2021-derechos-de-los-ninos-y-ninas-y-cuidado-alternativo\/","title":{"rendered":"D\u00eda de Debate General 2021: Derechos de los ni\u00f1os y ni\u00f1as y cuidado alternativo"},"content":{"rendered":"\n<p><strong>El 16 y 17 de septiembre, durante la octog\u00e9sima octava&nbsp; sesi\u00f3n de las Naciones Unidas, el <\/strong><strong>Comit\u00e9 de los Derechos del Ni\u00f1o <\/strong><strong>fue anfitri\u00f3n del d\u00eda de discusi\u00f3n general acerca de los derechos de los ni\u00f1os y ni\u00f1as y cuidado alternativo. A grandes rasgos, todos los ni\u00f1os y ni\u00f1as tienen derecho a vivir en un hogar que los proteja, apoye y cuide y que promueva un desarrollo saludable (Council of Europe, 2021). Este derecho inalienable se extiende m\u00e1s all\u00e1 de los padres o familiares biol\u00f3gicos del ni\u00f1o o la ni\u00f1a y hacia los estados responsables de proporcionar&nbsp; cuidado alternativo (Council of Europe, 2021).&nbsp; <\/strong>&nbsp;<\/p>\n\n\n\n<p><strong>Los ni\u00f1os y ni\u00f1as que viven en cuidado alternativo pueden enfrentarse a mayores riesgos de abuso y maltrato debido a su aislamiento lejos de sus familias (Council of Europe, 2021). Esta negligencia puede llevar a m\u00e1s desaf\u00edos durante su <\/strong><a href=\"https:\/\/www.humanium.org\/es\/el-desarrollo-de-la-primera-infancia-la-base-de-una-sociedad-duradera-y-prospera\/\"><strong>desarrollo<\/strong><\/a><strong>, como relaciones inestables y violencia (Council of Europe, 2021). A pesar de que las evidencias sugieren que los ambientes similares a los de la familia son beneficiosos para los ni\u00f1os y ni\u00f1as en cuidado alternativo, muchos pa\u00edses se aceleran a institucionalizar a los ni\u00f1os y ni\u00f1as a expensas de su bienestar (Council of Europe, 2021). El COVID-19 ha exacerbado este desaf\u00edo, los estados alrededor del mundo se ven forzados a poner en pausa las reformas institucionales debido a los riesgos rivales (Hope and Homes for Children, 2021).&nbsp; <\/strong>&nbsp;<\/p>\n\n\n\n<h2 class=\"wp-block-heading\"><strong>La importancia del d\u00eda de discusi\u00f3n general <\/strong>&nbsp;<\/h2>\n\n\n\n<p>El Comit\u00e9 de los Derechos del Ni\u00f1o de las Naciones Unidas dedica dos d\u00edas de sus sesiones ordinarias a una sesi\u00f3n de discusi\u00f3n general sobre&nbsp; un tema relevante o secci\u00f3n de la Convenci\u00f3n sobre los Derechos del Ni\u00f1o <a href=\"https:\/\/www.humanium.org\/es\/convencion-texto\/\">convenci\u00f3n sobre los derechos del ni\u00f1o<\/a> de las Naciones Unidas. Estos d\u00edas se programan una vez cada dos a\u00f1os y buscan mejorar los conocimientos acerca de un tema concreto&nbsp; y mantener discusiones p\u00fablicas para estimular conversaciones (UN Committee on the Rights of the Child, 2021). Este d\u00eda lleva a un examen profundo del estado de los cuidados alternativos,&nbsp; de forma global y, espec\u00edficamente en cuanto a los que conciernen tendencias como la separaci\u00f3n innecesaria de los ni\u00f1os y sus familias (UN Committee on the Rights of the Child, 2021).&nbsp;&nbsp;&nbsp;<\/p>\n\n\n\n<figure class=\"wp-block-image size-large is-style-default\"><img loading=\"lazy\" decoding=\"async\" width=\"1024\" height=\"683\" src=\"https:\/\/www.humanium.org\/es\/wp-content\/uploads\/2021\/11\/shutterstock_303194174-1024x683.jpg\" alt=\"\" class=\"wp-image-16431\" srcset=\"https:\/\/www.humanium.org\/es\/wp-content\/uploads\/2021\/11\/shutterstock_303194174-1024x683.jpg 1024w, https:\/\/www.humanium.org\/es\/wp-content\/uploads\/2021\/11\/shutterstock_303194174-300x200.jpg 300w, https:\/\/www.humanium.org\/es\/wp-content\/uploads\/2021\/11\/shutterstock_303194174-768x512.jpg 768w, https:\/\/www.humanium.org\/es\/wp-content\/uploads\/2021\/11\/shutterstock_303194174-1536x1024.jpg 1536w, https:\/\/www.humanium.org\/es\/wp-content\/uploads\/2021\/11\/shutterstock_303194174-2048x1365.jpg 2048w, https:\/\/www.humanium.org\/es\/wp-content\/uploads\/2021\/11\/shutterstock_303194174-830x553.jpg 830w, https:\/\/www.humanium.org\/es\/wp-content\/uploads\/2021\/11\/shutterstock_303194174-230x153.jpg 230w, https:\/\/www.humanium.org\/es\/wp-content\/uploads\/2021\/11\/shutterstock_303194174-350x233.jpg 350w, https:\/\/www.humanium.org\/es\/wp-content\/uploads\/2021\/11\/shutterstock_303194174-480x320.jpg 480w, https:\/\/www.humanium.org\/es\/wp-content\/uploads\/2021\/11\/shutterstock_303194174-272x182.jpg 272w\" sizes=\"auto, (max-width: 1024px) 100vw, 1024px\" \/><\/figure>\n\n\n\n<p>Dicho&nbsp;d\u00eda enfatiza la importancia de las metas de desarrollo sostenible y en particular, su compromiso con \u201cno dejar a nadie atr\u00e1s\u201d (UN Committee on the Rights of the Child, 2021). Los ni\u00f1os que no poseen cuidado familiar son frecuentemente privados de los servicios b\u00e1sicos y oportunidades (UN Committee on the rights of the child, 2021). Este desaf\u00edo est\u00e1 entrelazado con otras metas de desarrollo sostenible, incluyendo la eliminaci\u00f3n de la <a href=\"https:\/\/www.humanium.org\/es\/enfoques-tematicos\/pobreza\/\">pobreza<\/a> (meta 1), la promoci\u00f3n de una vida saludable (meta 3), y el acceso a una <a href=\"https:\/\/www.humanium.org\/es\/derecho-educacion\/\">educaci\u00f3n<\/a> de alta calidad (meta 4), entre otras (UN Committee on the Rights of the Child, 2021).&nbsp;&nbsp;&nbsp;<\/p>\n\n\n\n<h2 class=\"wp-block-heading\"><strong>Contexto <\/strong>&nbsp;<\/h2>\n\n\n\n<p>El d\u00eda de la discusi\u00f3n general respondi\u00f3 a las tendencias globales que conllevan la institucionalizaci\u00f3n de los ni\u00f1os&nbsp; en cuidado alternativo. Los ni\u00f1os y ni\u00f1as son situados en estos ambientes por una variedad de razones relacionadas a su pasado y su contexto social (UN Committee on the Rights of the Child, 2021). <\/p>\n\n\n\n<p>Por este motivo, es necesario que dichos ambientes de cuidados alternativos reconozcan que los <a href=\"https:\/\/www.humanium.org\/es\/definicion\/\">ni\u00f1os y ni\u00f1as<\/a> a su cuidado no son un grupo homog\u00e9neo y que presentan una variedad de desaf\u00edos \u00fanicos. Las instituciones deben tratar a cada individuo con dignidad en particular y reconociendo que las soluciones de cuidado deben respetar la individualidad de cada ni\u00f1o y sus necesidades particulares (UN Committee on the Rights of the Child, 2021).&nbsp;&nbsp;&nbsp;<\/p>\n\n\n\n<h2 class=\"wp-block-heading\"><strong>El impacto del COVID-19&nbsp; <\/strong>&nbsp;<\/h2>\n\n\n\n<p>EL COVID-19 ha exacerbado dram\u00e1ticamente la situaci\u00f3n de&nbsp; los ni\u00f1os y familias m\u00e1s vulnerables, ejerciendo mayor presi\u00f3n en los sistemas de protecci\u00f3n financieros que ya enfrentaban dificultades (Hope and Homes for Children, 2021). Las instituciones alrededor del mundo han sido forzadas a aceptar el cuidado de m\u00e1s ni\u00f1os &#8211; y fracturar m\u00e1s familias &#8211; debido al aumento de la pobreza y la <a href=\"https:\/\/www.humanium.org\/es\/enfoques-tematicos\/aislamiento-desarraigo\/ninos-huerfanos\/\">orfandad<\/a> global (Hope and Homes for Children, 2021) EL COVID-19 tambi\u00e9n ha forzado el env\u00edo de multitudes de ni\u00f1os a sus hogares desde los orfanatos sin la preparaci\u00f3n adecuada, forz\u00e1ndolos a entrar en cuidado residencial con la crisis inmediata (Hope and Homes for Children, 2021).&nbsp;&nbsp;<\/p>\n\n\n\n<p>Estas medidas temporales son peligrosas para los ni\u00f1os con desaf\u00edos preexistentes en particular. Los ni\u00f1os con <a href=\"https:\/\/www.humanium.org\/es\/infancia-con-discapacidades\/\">discapacidades,<\/a> minor\u00edas \u00e9tnicas y aquellos con necesidades individuales particulares, son direccionados a sistemas que no est\u00e1n en la posici\u00f3n de cumplir sus requerimientos (Hope and Homes for Children, 2021).&nbsp;&nbsp;&nbsp;<\/p>\n\n\n\n<p>Durante las etapas tempranas de la pandemia, muchos pa\u00edses no identificaron a los trabajadores sociales y oficiales de <a href=\"https:\/\/www.humanium.org\/es\/derecho-proteccion\/\">protecci\u00f3n<\/a> infantil como trabajadores \u201cclave\u201d llevando al&nbsp; movimiento y acceso restringido a ni\u00f1os en necesidad. Tambi\u00e9n tambi\u00e9n se vio un declive en la proporci\u00f3n ni\u00f1o-cuidador alrededor del mundo (Hope and Homes for Children, 2021).<\/p>\n\n\n\n<p>M\u00e1s all\u00e1 de los efectos secundarios del COVID-19, la pandemia en s\u00ed ha tenido un efecto directo en los ni\u00f1os y sus carreras. Los informes&nbsp;globales indican que los cierres repentinos de las instituciones debido al COVID-19 han forzado a que los ni\u00f1os sean removidos de ambientes para inhibir la transmisi\u00f3n de la pandemia (Hope and Homes for Children, 2021). Los ni\u00f1os y ni\u00f1as vulnerables tambi\u00e9n han tenido que lidiar con los efectos mentales de la pandemia, desarrollando mecanismos de defensa en el proceso (Hope and Homes for Children, 2021).&nbsp;&nbsp;&nbsp;<\/p>\n\n\n\n<h2 class=\"wp-block-heading\"><strong>Ejemplos globales&nbsp; <\/strong>&nbsp;<\/h2>\n\n\n\n<p>Ejemplos de todas partes del mundo apuntan a que los ni\u00f1os vulnerables est\u00e1n siendo ubicados en situaciones precarias. Se estima que alrededor de seis millones de ni\u00f1os viven en instituciones de cuidado (Human Rights Watch, 2021). Los ni\u00f1os con <a href=\"https:\/\/www.humanium.org\/es\/infancia-con-discapacidades\/\">discapacidades<\/a> en particular enfrentan mayor riesgo al maltrato, tal como demuestran datos de <a href=\"https:\/\/www.humanium.org\/es\/brasil\/\">Brasil<\/a>, <a href=\"https:\/\/www.humanium.org\/es\/serbia\/\">Serbia<\/a> y <a href=\"https:\/\/www.humanium.org\/es\/kazajstan\/\">Kazajst\u00e1n<\/a> que indican que no es inusual que la mayor\u00eda de ni\u00f1os en instituciones tengan <a href=\"https:\/\/www.humanium.org\/es\/infancia-con-discapacidades\/\">discapacidades<\/a> (Human Rights Watch, 2021).&nbsp;&nbsp;&nbsp;<\/p>\n\n\n\n<div class=\"wp-block-image\"><figure class=\"alignright size-large is-resized\"><img loading=\"lazy\" decoding=\"async\" src=\"https:\/\/www.humanium.org\/es\/wp-content\/uploads\/2021\/11\/shutterstock_410370175-1024x683.jpg\" alt=\"\" class=\"wp-image-16425\" width=\"407\" height=\"272\" srcset=\"https:\/\/www.humanium.org\/es\/wp-content\/uploads\/2021\/11\/shutterstock_410370175-1024x683.jpg 1024w, https:\/\/www.humanium.org\/es\/wp-content\/uploads\/2021\/11\/shutterstock_410370175-300x200.jpg 300w, https:\/\/www.humanium.org\/es\/wp-content\/uploads\/2021\/11\/shutterstock_410370175-768x513.jpg 768w, https:\/\/www.humanium.org\/es\/wp-content\/uploads\/2021\/11\/shutterstock_410370175-1536x1025.jpg 1536w, https:\/\/www.humanium.org\/es\/wp-content\/uploads\/2021\/11\/shutterstock_410370175-2048x1367.jpg 2048w, https:\/\/www.humanium.org\/es\/wp-content\/uploads\/2021\/11\/shutterstock_410370175-830x554.jpg 830w, https:\/\/www.humanium.org\/es\/wp-content\/uploads\/2021\/11\/shutterstock_410370175-230x154.jpg 230w, https:\/\/www.humanium.org\/es\/wp-content\/uploads\/2021\/11\/shutterstock_410370175-350x234.jpg 350w, https:\/\/www.humanium.org\/es\/wp-content\/uploads\/2021\/11\/shutterstock_410370175-480x320.jpg 480w, https:\/\/www.humanium.org\/es\/wp-content\/uploads\/2021\/11\/shutterstock_410370175-272x182.jpg 272w\" sizes=\"auto, (max-width: 407px) 100vw, 407px\" \/><\/figure><\/div>\n\n\n\n<p>En <a href=\"https:\/\/www.humanium.org\/es\/grecia\/\">Grecia<\/a>, grandes cantidades de migrantes sin acompa\u00f1antes son ubicados frecuentemente en centros de detenci\u00f3n bajo custodia antes de ser situados en albergues (Human Rights Watch, 2021). De acuerdo con&nbsp; las normas y est\u00e1ndares internacionales de derechos humanos, el detenimiento relacionado a la inmigraci\u00f3n va en contra al beneficio de los ni\u00f1os debido al riesgo que conlleva (Human Rights Watch, 2021). En respuesta, el pa\u00eds ha optado por eliminar la custodia de los ni\u00f1os en 2020, , pero la transici\u00f3n hacia&nbsp; el cumplimiento de&nbsp; este objetivo est\u00e1 tomando tiempo y ha dejado a algunos ni\u00f1os atrapados en estos sistemas.&nbsp;&nbsp;&nbsp;<\/p>\n\n\n\n<p>De manera similar, los ni\u00f1os migrantes en <a href=\"https:\/\/www.humanium.org\/es\/estados-unidos\/\">Estados Unidos<\/a> han experimentado maltrato a manos de las autoridades nacionales. Una orden del Centro de Control y Prevenci\u00f3n de Enfermedades (CDC) provocada por el COVID-19 en el 2020 habilit\u00f3 a los agentes de fronteras a expulsar a miles de migrantes sin un procedimiento adecuado (Human Rights Watch, 2021). Adem\u00e1s, 845,000 expulsiones ocurrieron entre octubre del 2020 y mayo del 2021, llevando a que grandes vol\u00famenes de ni\u00f1os sin acompa\u00f1amiento fueran forzados a vivir en campamentos ad hoc con exceso de poblaci\u00f3n durante la pandemia (Human Rights Watch, 2021).&nbsp;&nbsp;&nbsp;<\/p>\n\n\n\n<p>La situaci\u00f3n en la frontera de <a href=\"https:\/\/www.humanium.org\/es\/canada\/\">Canad\u00e1<\/a> es similar.&nbsp; Human Rights Watch denuncia que ni\u00f1os en casos de inmigraci\u00f3n contin\u00faan siendo detenidos sin l\u00edmite en instalaciones precarias que suponen una amenaza para sus derechos (Human Rights Watch, 2021). Adem\u00e1s de los desaf\u00edos f\u00edsicos relacionados con su ambiente, estos ni\u00f1os se enfrentan a serias violaciones a su privacidad, a un acceso limitado a servicios de salud y son despojados de oportunidades de educaci\u00f3n (Human Rights Watch, 2021).&nbsp;&nbsp;&nbsp;<\/p>\n\n\n\n<h2 class=\"wp-block-heading\"><strong>Salvaguardando los derechos de los ni\u00f1os: gu\u00edas internacionales <\/strong>&nbsp;&nbsp;<\/h2>\n\n\n\n<p>El pre\u00e1mbulo del Comit\u00e9 de los&nbsp; Derechos del Ni\u00f1o dedica p\u00e1rrafos espec\u00edficos a resaltar la importancia de la familia y la comunidad para el \u201cdesarrollo arm\u00f3nico\u201d de la personalidad del ni\u00f1o o ni\u00f1a (UN Committee on the Rights of the Child, 2021). La convenci\u00f3n va mas all\u00e1, expl\u00edcitamente <a href=\"https:\/\/www.humanium.org\/es\/derecho-proteccion\/\">protegiendo<\/a> el derecho de los ni\u00f1os a la <a href=\"https:\/\/www.humanium.org\/es\/principio-de-no-discriminacion\/\">no-discriminaci\u00f3n<\/a> (articulo 2) y a tener sus <a href=\"https:\/\/www.humanium.org\/es\/principio-del-interes-superior-del-nino\/\">mejores intereses<\/a> en consideraci\u00f3n (articulo 3) (UN Committee on the Rights of the Child, 2021).&nbsp;&nbsp;&nbsp;<\/p>\n\n\n\n<p>Espec\u00edficamente, una serie de art\u00edculos&nbsp; reafirma el derecho de los ni\u00f1os a ser cuidados por sus padres tanto como sea posible (<a href=\"https:\/\/www.humanium.org\/es\/convencion-texto\/\">art\u00edculo 7<\/a>) , as\u00ed como su derecho a crecer en un ambiente familiar, dando prioridad a las comunidades de los&nbsp; ni\u00f1os, sus padres y parientes allegados (<a href=\"https:\/\/www.humanium.org\/es\/convencion-texto\/\">art\u00edculo 18<\/a>). Cuando el cuidado alternativo sea necesario, los art\u00edculos 20 y 21 indican&nbsp; que todas las decisiones acerca del cuidado del ni\u00f1o o ni\u00f1a deben tomarse de acuerdo a sus intereses (UN Committee on the Rights of the Child, 2021).&nbsp;&nbsp;&nbsp;<\/p>\n\n\n\n<p>En cuanto a los ni\u00f1os con alg\u00fan tipo de discapacidad, la Convenci\u00f3n de los Derechos de las Personas con Discapacidades (CRPD) defiende\u00a0 los principios universales de: no discriminaci\u00f3n (art\u00edculo 3); <a href=\"https:\/\/www.humanium.org\/es\/principio-del-interes-superior-del-nino\/\">los mejores intereses del ni\u00f1o o ni\u00f1a<\/a> (art\u00edculo 7); el <a href=\"https:\/\/www.humanium.org\/es\/derecho-identidad\/\">derecho a la identidad<\/a> (art\u00edculo 18); el derecho a una vida en comunidad y as\u00ed mismo, a una vida independiente (articulo 19); y el derecho inalienable a una vida familiar (articulo 23). Juntas, estas provisiones previenen la discriminaci\u00f3n de los ni\u00f1os con discapacidades y trabajan para asegurar que son capaces de vivir su vida con normalidad.<\/p>\n\n\n\n<h2 class=\"wp-block-heading\"><strong>Siguientes pasos para el beneficio de los ni\u00f1os y ni\u00f1as&nbsp; <\/strong>&nbsp;<\/h2>\n\n\n\n<p>M\u00e1s all\u00e1 de implementar marcos y gu\u00edas internacionales relevantes, los pa\u00edses deben trabajar proactivamente para abordar la ra\u00edz del problema de la separaci\u00f3n de los ni\u00f1os&nbsp;de&nbsp;sus familias (Hope and Homes for Children, 2021). Intervenciones guiadas por la comunidad que aboguen por la estructuraci\u00f3n de apoyo local e intervenciones guiadas reducir\u00e1n el n\u00famero de ni\u00f1os y ni\u00f1as que se ven forzados hacia el cuidado en instituciones. <\/p>\n\n\n\n<p>Los fondos existentes deber\u00edan ser redireccionados lejos de las instituciones arcaicas y&nbsp;destinarse a favor del l apoyo a la familia (Hope and Homes for Children, 2021). Esta medida beneficiar\u00e1 doblemente; mantendr\u00e1&nbsp; a los ni\u00f1os en sus comunidades y descaconsejar\u00e1&nbsp;el uso del <a href=\"https:\/\/www.humanium.org\/es\/fin-del-turismo-de-orfanato-en-kenia\/\">turismo de orfanatos<\/a> y voluntariado (Hope and Homes for Children, 2021).&nbsp;&nbsp;&nbsp;<\/p>\n\n\n\n<p>Los ni\u00f1os en instituciones podr\u00edan convertirse en v\u00edctimas de la esclavitud moderna y el <a href=\"https:\/\/www.humanium.org\/es\/enfoques-tematicos\/explotacion\/trata-ninos\/\">trafico infantil,<\/a> debido a su posici\u00f3n vulnerable y expuesta (Hope and Homes for Children, 2021). En particular, los estados deben trabajar para poner fin a las detenciones migratorias de ni\u00f1os y trabajar para acomodar a ni\u00f1os sin acompa\u00f1amiento con otros miembros familiares en lugar de &nbsp; en una instituci\u00f3n de cuidado (Human Rights Watch, 2021). \u00danicamente a trav\u00e9s de la desinstitucionalizaci\u00f3n se&nbsp; estar\u00e1 velando por <a href=\"https:\/\/www.humanium.org\/es\/principio-del-interes-superior-del-nino\/\">mejores intereses<\/a> de los ni\u00f1os y ni\u00f1as.&nbsp;&nbsp;&nbsp;<\/p>\n\n\n\n<figure class=\"wp-block-image size-large\"><img loading=\"lazy\" decoding=\"async\" width=\"1024\" height=\"683\" src=\"https:\/\/www.humanium.org\/es\/wp-content\/uploads\/2021\/11\/shutterstock_1841156296-1024x683.jpg\" alt=\"\" class=\"wp-image-16430\" srcset=\"https:\/\/www.humanium.org\/es\/wp-content\/uploads\/2021\/11\/shutterstock_1841156296-1024x683.jpg 1024w, https:\/\/www.humanium.org\/es\/wp-content\/uploads\/2021\/11\/shutterstock_1841156296-300x200.jpg 300w, https:\/\/www.humanium.org\/es\/wp-content\/uploads\/2021\/11\/shutterstock_1841156296-768x512.jpg 768w, https:\/\/www.humanium.org\/es\/wp-content\/uploads\/2021\/11\/shutterstock_1841156296-1536x1024.jpg 1536w, https:\/\/www.humanium.org\/es\/wp-content\/uploads\/2021\/11\/shutterstock_1841156296-2048x1365.jpg 2048w, https:\/\/www.humanium.org\/es\/wp-content\/uploads\/2021\/11\/shutterstock_1841156296-830x553.jpg 830w, https:\/\/www.humanium.org\/es\/wp-content\/uploads\/2021\/11\/shutterstock_1841156296-230x153.jpg 230w, https:\/\/www.humanium.org\/es\/wp-content\/uploads\/2021\/11\/shutterstock_1841156296-350x233.jpg 350w, https:\/\/www.humanium.org\/es\/wp-content\/uploads\/2021\/11\/shutterstock_1841156296-480x320.jpg 480w, https:\/\/www.humanium.org\/es\/wp-content\/uploads\/2021\/11\/shutterstock_1841156296-272x182.jpg 272w\" sizes=\"auto, (max-width: 1024px) 100vw, 1024px\" \/><\/figure>\n\n\n\n<p>Humanium siempre ha abogado por un mundo en donde los derechos de los ni\u00f1os y ni\u00f1as sean respetados y protegidos, y donde ning\u00fan ni\u00f1o deber\u00eda sufrir los efectos del <a href=\"https:\/\/www.humanium.org\/es\/enfoques-tematicos\/practicas-culturales\/matrimonio-infantil\/\">matrimonio infantil<\/a>. Descubre c\u00f3mo puedes colaborar para mantener&nbsp; los derechos de los ni\u00f1os y ni\u00f1as, \u00a1\u00fanete a nuestra comunidad, <a href=\"https:\/\/www.humanium.org\/es\/voluntariado\/\">interact\u00faa con nuestro trabajo<\/a> y difunde el mensaje a trav\u00e9s de nuestro <a href=\"https:\/\/www.humanium.org\/es\/\">sitio web<\/a>, p\u00e1gina de <a href=\"https:\/\/www.facebook.com\/Humanium.Derechos.del.Nino\/\">Facebook<\/a> o nuestro <a href=\"https:\/\/humanium.us6.list-manage.com\/subscribe?u=a73a87b9127de4e8ff90fc276&amp;id=6efcab0140\">bolet\u00edn<\/a>!&nbsp;<\/p>\n\n\n\n<p><em><strong>Escrito por Vanessa Cezarita Cordeiro&nbsp;&nbsp;<\/strong><\/em><\/p>\n\n\n\n<p><em><strong>Traducido por Juliana Parra Soacha<\/strong><\/em><\/p>\n\n\n\n<p><em><strong>Revisado por Laura Espa\u00f1a Ladr\u00f3n<\/strong><\/em><\/p>\n\n\n\n<h4 class=\"wp-block-heading\"><strong>Para m\u00e1s informaci\u00f3n:<\/strong><\/h4>\n\n\n\n<p class=\"has-small-font-size\"><a href=\"https:\/\/rm.coe.int\/CoERMPublicCommonSearchServices\/DisplayDCTMContent?documentId=090000168046ce9a\" target=\"_blank\" rel=\"noreferrer noopener\">Children and young people in care&nbsp;<\/a><\/p>\n\n\n\n<p class=\"has-small-font-size\"><a href=\"https:\/\/rm.coe.int\/CoERMPublicCommonSearchServices\/DisplayDCTMContent?documentId=090000168046ccea\" target=\"_blank\" rel=\"noreferrer noopener\">Council of Europe&#8217;s recommendation on children\u2019s rights and social services friendly to children and families&nbsp;<\/a><\/p>\n\n\n\n<p class=\"has-small-font-size\"><a href=\"https:\/\/resourcecentre.savethechildren.net\/node\/5416\/pdf\/5416.pdf\" target=\"_blank\" rel=\"noreferrer noopener\">Guidelines for the alternative care of children&nbsp;<\/a><\/p>\n\n\n\n<p class=\"has-small-font-size\"><a href=\"https:\/\/rm.coe.int\/CoERMPublicCommonSearchServices\/DisplayDCTMContent?documentId=090000168046ce31\" target=\"_blank\" rel=\"noreferrer noopener\">Rights of children in institutions<\/a>&nbsp;<\/p>\n\n\n\n<p class=\"has-small-font-size\"><a href=\"https:\/\/rm.coe.int\/CoERMPublicCommonSearchServices\/DisplayDCTMContent?documentId=090000168046ceaf\" target=\"_blank\" rel=\"noreferrer noopener\">Securing children\u2019s rights: A guide for professionals working in alternative care&nbsp;<\/a><\/p>\n\n\n\n<h4 class=\"wp-block-heading\"><strong>Referencias:&nbsp;<\/strong><\/h4>\n\n\n\n<p class=\"has-small-font-size\"><a href=\"https:\/\/rm.coe.int\/draft-programme-regional-discussion-children-s-rights-and-alternative-\/1680a2917e\" target=\"_blank\" rel=\"noreferrer noopener\">Council of Europe. (2021, June 1). \u201cRegional discussion on children\u2019s rights and alternative care Council of Europe\u2019s contribution to the UNCRC day of general discussion 2021.\u201d Retrieved from Council of Europe, accessed 19 October 2021.&nbsp;<\/a><\/p>\n\n\n\n<p class=\"has-small-font-size\">Hope and Homes for Children. (2021, June 29). \u201cWritten submission from Hope and Homes for Children to the UN Convention on the Rights of the Child Day of General Discussion: \u00abChildren\u2019s Rights and Alternative Care.\u00bb Retrieved from Hope and Homes for Children, accessed 19 October 2021.&nbsp;<\/p>\n\n\n\n<p class=\"has-small-font-size\"><a href=\"https:\/\/www.hrw.org\/news\/2021\/06\/30\/childrens-rights-and-alternative-care\" target=\"_blank\" rel=\"noreferrer noopener\">Human Rights Watch. (2021, June 30). \u201cChildren\u2019s rights and alternative care submission to the Committee on the Rights of the Child regarding children\u2019s rights and alternative care.\u201d Retrieved from Human Rights Watch, accessed 19 October 2021.&nbsp;<\/a><\/p>\n\n\n\n<p class=\"has-small-font-size\"><a href=\"https:\/\/www.ohchr.org\/Documents\/HRBodies\/CRC\/Discussions\/2020\/ConceptNote_EN.docx\" target=\"_blank\" rel=\"noreferrer noopener\">UN Committee on the Rights of the Child. (n.d). \u201cConcept Note: 2021 Day of General Discussion Children\u2019s Rights and Alternative Care.\u201d Retrieved from United Nations Human Rights Office of the High Commissioner, accessed on 19 October 2021.&nbsp;<\/a><\/p>\n","protected":false},"excerpt":{"rendered":"<p>El 16 y 17 de septiembre, durante la octog\u00e9sima octava&nbsp; sesi\u00f3n de las Naciones Unidas, el Comit\u00e9 de los Derechos del Ni\u00f1o fue anfitri\u00f3n del d\u00eda de discusi\u00f3n general acerca de los derechos de los ni\u00f1os y ni\u00f1as y cuidado alternativo. A grandes rasgos, todos los ni\u00f1os y ni\u00f1as tienen derecho a vivir en un [&hellip;]<\/p>\n","protected":false},"author":39,"featured_media":16427,"comment_status":"closed","ping_status":"closed","sticky":false,"template":"","format":"standard","meta":{"footnotes":""},"categories":[148,161,144],"tags":[],"class_list":["post-16424","post","type-post","status-publish","format-standard","has-post-thumbnail","hentry","category-derechos-del-nino","category-migracion","category-refugiados"],"yoast_head":"<!-- This site is optimized with the Yoast SEO plugin v26.5 - https:\/\/yoast.com\/wordpress\/plugins\/seo\/ -->\n<title>D\u00eda de Debate General 2021: Derechos de los ni\u00f1os y ni\u00f1as y cuidado alternativo - Humanium<\/title>\n<meta name=\"description\" content=\"En septiembre, el Comit\u00e9 de los Derechos del Ni\u00f1o fue anfitri\u00f3n del d\u00eda de discusi\u00f3n general acerca de los derechos de los ni\u00f1os y ni\u00f1as.\" \/>\n<meta name=\"robots\" content=\"index, follow, max-snippet:-1, max-image-preview:large, max-video-preview:-1\" \/>\n<link rel=\"canonical\" href=\"https:\/\/www.humanium.org\/es\/dia-de-debate-general-2021-derechos-de-los-ninos-y-ninas-y-cuidado-alternativo\/\" \/>\n<meta property=\"og:locale\" content=\"es_ES\" \/>\n<meta property=\"og:type\" content=\"article\" \/>\n<meta property=\"og:title\" content=\"D\u00eda de Debate General 2021: Derechos de los ni\u00f1os y ni\u00f1as y cuidado alternativo - Humanium\" \/>\n<meta property=\"og:description\" content=\"En septiembre, el Comit\u00e9 de los Derechos del Ni\u00f1o fue anfitri\u00f3n del d\u00eda de discusi\u00f3n general acerca de los derechos de los ni\u00f1os y ni\u00f1as.\" \/>\n<meta property=\"og:url\" content=\"https:\/\/www.humanium.org\/es\/dia-de-debate-general-2021-derechos-de-los-ninos-y-ninas-y-cuidado-alternativo\/\" \/>\n<meta property=\"og:site_name\" content=\"Humanium\" \/>\n<meta property=\"article:published_time\" content=\"2021-11-23T08:52:53+00:00\" \/>\n<meta property=\"article:modified_time\" content=\"2025-12-13T21:45:12+00:00\" \/>\n<meta property=\"og:image\" content=\"https:\/\/www.humanium.org\/es\/wp-content\/uploads\/2021\/11\/shutterstock_1884133858-scaled.jpg\" \/>\n\t<meta property=\"og:image:width\" content=\"2560\" \/>\n\t<meta property=\"og:image:height\" content=\"1707\" \/>\n\t<meta property=\"og:image:type\" content=\"image\/jpeg\" \/>\n<meta name=\"author\" content=\"Vanessa Cezarita Cordeiro\" \/>\n<meta name=\"twitter:card\" content=\"summary_large_image\" \/>\n<meta name=\"twitter:label1\" content=\"Escrito por\" \/>\n\t<meta name=\"twitter:data1\" content=\"Vanessa Cezarita Cordeiro\" \/>\n\t<meta name=\"twitter:label2\" content=\"Tiempo de lectura\" \/>\n\t<meta name=\"twitter:data2\" content=\"10 minutos\" \/>\n<script type=\"application\/ld+json\" class=\"yoast-schema-graph\">{\"@context\":\"https:\/\/schema.org\",\"@graph\":[{\"@type\":\"WebPage\",\"@id\":\"https:\/\/www.humanium.org\/es\/dia-de-debate-general-2021-derechos-de-los-ninos-y-ninas-y-cuidado-alternativo\/\",\"url\":\"https:\/\/www.humanium.org\/es\/dia-de-debate-general-2021-derechos-de-los-ninos-y-ninas-y-cuidado-alternativo\/\",\"name\":\"D\u00eda de Debate General 2021: Derechos de los ni\u00f1os y ni\u00f1as y cuidado alternativo - Humanium\",\"isPartOf\":{\"@id\":\"https:\/\/www.humanium.org\/es\/#website\"},\"primaryImageOfPage\":{\"@id\":\"https:\/\/www.humanium.org\/es\/dia-de-debate-general-2021-derechos-de-los-ninos-y-ninas-y-cuidado-alternativo\/#primaryimage\"},\"image\":{\"@id\":\"https:\/\/www.humanium.org\/es\/dia-de-debate-general-2021-derechos-de-los-ninos-y-ninas-y-cuidado-alternativo\/#primaryimage\"},\"thumbnailUrl\":\"https:\/\/www.humanium.org\/es\/wp-content\/uploads\/2021\/11\/shutterstock_1884133858-scaled.jpg\",\"datePublished\":\"2021-11-23T08:52:53+00:00\",\"dateModified\":\"2025-12-13T21:45:12+00:00\",\"author\":{\"@id\":\"https:\/\/www.humanium.org\/es\/#\/schema\/person\/e72db8a951d9d04534a379fdd4d3e059\"},\"description\":\"En septiembre, el Comit\u00e9 de los Derechos del Ni\u00f1o fue anfitri\u00f3n del d\u00eda de discusi\u00f3n general acerca de los derechos de los ni\u00f1os y ni\u00f1as.\",\"breadcrumb\":{\"@id\":\"https:\/\/www.humanium.org\/es\/dia-de-debate-general-2021-derechos-de-los-ninos-y-ninas-y-cuidado-alternativo\/#breadcrumb\"},\"inLanguage\":\"es\",\"potentialAction\":[{\"@type\":\"ReadAction\",\"target\":[\"https:\/\/www.humanium.org\/es\/dia-de-debate-general-2021-derechos-de-los-ninos-y-ninas-y-cuidado-alternativo\/\"]}]},{\"@type\":\"ImageObject\",\"inLanguage\":\"es\",\"@id\":\"https:\/\/www.humanium.org\/es\/dia-de-debate-general-2021-derechos-de-los-ninos-y-ninas-y-cuidado-alternativo\/#primaryimage\",\"url\":\"https:\/\/www.humanium.org\/es\/wp-content\/uploads\/2021\/11\/shutterstock_1884133858-scaled.jpg\",\"contentUrl\":\"https:\/\/www.humanium.org\/es\/wp-content\/uploads\/2021\/11\/shutterstock_1884133858-scaled.jpg\",\"width\":2560,\"height\":1707},{\"@type\":\"BreadcrumbList\",\"@id\":\"https:\/\/www.humanium.org\/es\/dia-de-debate-general-2021-derechos-de-los-ninos-y-ninas-y-cuidado-alternativo\/#breadcrumb\",\"itemListElement\":[{\"@type\":\"ListItem\",\"position\":1,\"name\":\"Home\",\"item\":\"https:\/\/www.humanium.org\/es\/\"},{\"@type\":\"ListItem\",\"position\":2,\"name\":\"D\u00eda de Debate General 2021: Derechos de los ni\u00f1os y ni\u00f1as y cuidado alternativo\"}]},{\"@type\":\"WebSite\",\"@id\":\"https:\/\/www.humanium.org\/es\/#website\",\"url\":\"https:\/\/www.humanium.org\/es\/\",\"name\":\"Humanium\",\"description\":\"\u00a1Los ni\u00f1os primero!\",\"potentialAction\":[{\"@type\":\"SearchAction\",\"target\":{\"@type\":\"EntryPoint\",\"urlTemplate\":\"https:\/\/www.humanium.org\/es\/?s={search_term_string}\"},\"query-input\":{\"@type\":\"PropertyValueSpecification\",\"valueRequired\":true,\"valueName\":\"search_term_string\"}}],\"inLanguage\":\"es\"},{\"@type\":\"Person\",\"@id\":\"https:\/\/www.humanium.org\/es\/#\/schema\/person\/e72db8a951d9d04534a379fdd4d3e059\",\"name\":\"Vanessa Cezarita Cordeiro\",\"image\":{\"@type\":\"ImageObject\",\"inLanguage\":\"es\",\"@id\":\"https:\/\/www.humanium.org\/es\/#\/schema\/person\/image\/\",\"url\":\"https:\/\/secure.gravatar.com\/avatar\/0559163422e9f090cc60171463e5a5933678243c9f96d5af50a11619682439d4?s=96&d=mm&r=g\",\"contentUrl\":\"https:\/\/secure.gravatar.com\/avatar\/0559163422e9f090cc60171463e5a5933678243c9f96d5af50a11619682439d4?s=96&d=mm&r=g\",\"caption\":\"Vanessa Cezarita Cordeiro\"},\"sameAs\":[\"https:\/\/www.linkedin.com\/in\/vanessa-cezarita-cordeiro-5655aa123\/\"],\"url\":\"https:\/\/www.humanium.org\/es\/author\/autor_vanessacezaritacordeiro\/\"}]}<\/script>\n<!-- \/ Yoast SEO plugin. -->","yoast_head_json":{"title":"D\u00eda de Debate General 2021: Derechos de los ni\u00f1os y ni\u00f1as y cuidado alternativo - Humanium","description":"En septiembre, el Comit\u00e9 de los Derechos del Ni\u00f1o fue anfitri\u00f3n del d\u00eda de discusi\u00f3n general acerca de los derechos de los ni\u00f1os y ni\u00f1as.","robots":{"index":"index","follow":"follow","max-snippet":"max-snippet:-1","max-image-preview":"max-image-preview:large","max-video-preview":"max-video-preview:-1"},"canonical":"https:\/\/www.humanium.org\/es\/dia-de-debate-general-2021-derechos-de-los-ninos-y-ninas-y-cuidado-alternativo\/","og_locale":"es_ES","og_type":"article","og_title":"D\u00eda de Debate General 2021: Derechos de los ni\u00f1os y ni\u00f1as y cuidado alternativo - Humanium","og_description":"En septiembre, el Comit\u00e9 de los Derechos del Ni\u00f1o fue anfitri\u00f3n del d\u00eda de discusi\u00f3n general acerca de los derechos de los ni\u00f1os y ni\u00f1as.","og_url":"https:\/\/www.humanium.org\/es\/dia-de-debate-general-2021-derechos-de-los-ninos-y-ninas-y-cuidado-alternativo\/","og_site_name":"Humanium","article_published_time":"2021-11-23T08:52:53+00:00","article_modified_time":"2025-12-13T21:45:12+00:00","og_image":[{"width":2560,"height":1707,"url":"https:\/\/www.humanium.org\/es\/wp-content\/uploads\/2021\/11\/shutterstock_1884133858-scaled.jpg","type":"image\/jpeg"}],"author":"Vanessa Cezarita Cordeiro","twitter_card":"summary_large_image","twitter_misc":{"Escrito por":"Vanessa Cezarita Cordeiro","Tiempo de lectura":"10 minutos"},"schema":{"@context":"https:\/\/schema.org","@graph":[{"@type":"WebPage","@id":"https:\/\/www.humanium.org\/es\/dia-de-debate-general-2021-derechos-de-los-ninos-y-ninas-y-cuidado-alternativo\/","url":"https:\/\/www.humanium.org\/es\/dia-de-debate-general-2021-derechos-de-los-ninos-y-ninas-y-cuidado-alternativo\/","name":"D\u00eda de Debate General 2021: Derechos de los ni\u00f1os y ni\u00f1as y cuidado alternativo - Humanium","isPartOf":{"@id":"https:\/\/www.humanium.org\/es\/#website"},"primaryImageOfPage":{"@id":"https:\/\/www.humanium.org\/es\/dia-de-debate-general-2021-derechos-de-los-ninos-y-ninas-y-cuidado-alternativo\/#primaryimage"},"image":{"@id":"https:\/\/www.humanium.org\/es\/dia-de-debate-general-2021-derechos-de-los-ninos-y-ninas-y-cuidado-alternativo\/#primaryimage"},"thumbnailUrl":"https:\/\/www.humanium.org\/es\/wp-content\/uploads\/2021\/11\/shutterstock_1884133858-scaled.jpg","datePublished":"2021-11-23T08:52:53+00:00","dateModified":"2025-12-13T21:45:12+00:00","author":{"@id":"https:\/\/www.humanium.org\/es\/#\/schema\/person\/e72db8a951d9d04534a379fdd4d3e059"},"description":"En septiembre, el Comit\u00e9 de los Derechos del Ni\u00f1o fue anfitri\u00f3n del d\u00eda de discusi\u00f3n general acerca de los derechos de los ni\u00f1os y ni\u00f1as.","breadcrumb":{"@id":"https:\/\/www.humanium.org\/es\/dia-de-debate-general-2021-derechos-de-los-ninos-y-ninas-y-cuidado-alternativo\/#breadcrumb"},"inLanguage":"es","potentialAction":[{"@type":"ReadAction","target":["https:\/\/www.humanium.org\/es\/dia-de-debate-general-2021-derechos-de-los-ninos-y-ninas-y-cuidado-alternativo\/"]}]},{"@type":"ImageObject","inLanguage":"es","@id":"https:\/\/www.humanium.org\/es\/dia-de-debate-general-2021-derechos-de-los-ninos-y-ninas-y-cuidado-alternativo\/#primaryimage","url":"https:\/\/www.humanium.org\/es\/wp-content\/uploads\/2021\/11\/shutterstock_1884133858-scaled.jpg","contentUrl":"https:\/\/www.humanium.org\/es\/wp-content\/uploads\/2021\/11\/shutterstock_1884133858-scaled.jpg","width":2560,"height":1707},{"@type":"BreadcrumbList","@id":"https:\/\/www.humanium.org\/es\/dia-de-debate-general-2021-derechos-de-los-ninos-y-ninas-y-cuidado-alternativo\/#breadcrumb","itemListElement":[{"@type":"ListItem","position":1,"name":"Home","item":"https:\/\/www.humanium.org\/es\/"},{"@type":"ListItem","position":2,"name":"D\u00eda de Debate General 2021: Derechos de los ni\u00f1os y ni\u00f1as y cuidado alternativo"}]},{"@type":"WebSite","@id":"https:\/\/www.humanium.org\/es\/#website","url":"https:\/\/www.humanium.org\/es\/","name":"Humanium","description":"\u00a1Los ni\u00f1os primero!","potentialAction":[{"@type":"SearchAction","target":{"@type":"EntryPoint","urlTemplate":"https:\/\/www.humanium.org\/es\/?s={search_term_string}"},"query-input":{"@type":"PropertyValueSpecification","valueRequired":true,"valueName":"search_term_string"}}],"inLanguage":"es"},{"@type":"Person","@id":"https:\/\/www.humanium.org\/es\/#\/schema\/person\/e72db8a951d9d04534a379fdd4d3e059","name":"Vanessa Cezarita Cordeiro","image":{"@type":"ImageObject","inLanguage":"es","@id":"https:\/\/www.humanium.org\/es\/#\/schema\/person\/image\/","url":"https:\/\/secure.gravatar.com\/avatar\/0559163422e9f090cc60171463e5a5933678243c9f96d5af50a11619682439d4?s=96&d=mm&r=g","contentUrl":"https:\/\/secure.gravatar.com\/avatar\/0559163422e9f090cc60171463e5a5933678243c9f96d5af50a11619682439d4?s=96&d=mm&r=g","caption":"Vanessa Cezarita Cordeiro"},"sameAs":["https:\/\/www.linkedin.com\/in\/vanessa-cezarita-cordeiro-5655aa123\/"],"url":"https:\/\/www.humanium.org\/es\/author\/autor_vanessacezaritacordeiro\/"}]}},"_links":{"self":[{"href":"https:\/\/www.humanium.org\/es\/wp-json\/wp\/v2\/posts\/16424","targetHints":{"allow":["GET"]}}],"collection":[{"href":"https:\/\/www.humanium.org\/es\/wp-json\/wp\/v2\/posts"}],"about":[{"href":"https:\/\/www.humanium.org\/es\/wp-json\/wp\/v2\/types\/post"}],"author":[{"embeddable":true,"href":"https:\/\/www.humanium.org\/es\/wp-json\/wp\/v2\/users\/39"}],"replies":[{"embeddable":true,"href":"https:\/\/www.humanium.org\/es\/wp-json\/wp\/v2\/comments?post=16424"}],"version-history":[{"count":7,"href":"https:\/\/www.humanium.org\/es\/wp-json\/wp\/v2\/posts\/16424\/revisions"}],"predecessor-version":[{"id":21839,"href":"https:\/\/www.humanium.org\/es\/wp-json\/wp\/v2\/posts\/16424\/revisions\/21839"}],"wp:featuredmedia":[{"embeddable":true,"href":"https:\/\/www.humanium.org\/es\/wp-json\/wp\/v2\/media\/16427"}],"wp:attachment":[{"href":"https:\/\/www.humanium.org\/es\/wp-json\/wp\/v2\/media?parent=16424"}],"wp:term":[{"taxonomy":"category","embeddable":true,"href":"https:\/\/www.humanium.org\/es\/wp-json\/wp\/v2\/categories?post=16424"},{"taxonomy":"post_tag","embeddable":true,"href":"https:\/\/www.humanium.org\/es\/wp-json\/wp\/v2\/tags?post=16424"}],"curies":[{"name":"wp","href":"https:\/\/api.w.org\/{rel}","templated":true}]}}